{"id":94227,"date":"2019-10-27T00:00:00","date_gmt":"2019-10-27T02:00:00","guid":{"rendered":"http:\/\/pre.boxrepsol.com\/sin-categorizar\/remontada-alonso-lopez-interrumpida-una-sancion\/"},"modified":"2024-04-25T07:05:21","modified_gmt":"2024-04-25T09:05:21","slug":"remontada-alonso-lopez-interrumpida-una-sancion","status":"publish","type":"post","link":"https:\/\/www.boxrepsol.com\/es\/motogp\/remontada-alonso-lopez-interrumpida-una-sancion\/","title":{"rendered":"Remontada de Alonso L\u00f3pez, interrumpida por una sanci\u00f3n"},"content":{"rendered":"<p>Gran salida de <strong>Alonso L\u00f3pez<\/strong>, que part\u00eda trig\u00e9simo y era vigesimoprimero tras el primer giro.<\/p>\n<p>Und\u00e9cimo pasadas once vueltas,<strong> ha llegado a ponerse primero tres giros despu\u00e9s<\/strong>, hasta que se ha tocado con un rival en la vuelta 18 cuando rodaba en el grupo de cabeza y ha sido sancionado.<\/p>\n<p><strong>Al cumplir la \u201clong lap\u201d de penalizaci\u00f3n<\/strong>, ha tenido que repetirla por pisar la zona de pintura verde y ha terminado finalmente decimotercero.<\/p>\n<p><strong>Sergio Garc\u00eda<\/strong> tambi\u00e9n ha realizado un buen inicio de carrera, completando el primer giro en decimosexta plaza y situ\u00e1ndose entre los diez primeros dos vueltas despu\u00e9s.<\/p>\n<p>Sin embargo, tras un error que le ha hecho ceder varias posiciones, en la vuelta 14 ha perdido la adherencia del neum\u00e1tico delantero y se ha ca\u00eddo.<\/p>\n<p>                <!-- Imagen relacionada --><br \/>\n        <img loading=\"lazy\" decoding=\"async\" width=\"404\" height=\"336\" src=\"https:\/\/bxrepsol.s3.eu-west-1.amazonaws.com\/static\/2022\/08\/29090639\/Marquez-en-Australia-2019.jpg\" alt=\"\" \/><br \/>\n                <!-- Categor\u00eda --><br \/>\n            MotoGP<br \/>\n        <!-- T\u00edtulo --><br \/>\n        <a href=\"https:\/\/www.boxrepsol.com\/es\/motogp\/fuerte-viento-obliga-cancelar-la-sesion-clasificacion-motogp\/\"><\/p>\n<h3>El fuerte viento obliga a cancelar la sesi\u00f3n de clasificaci\u00f3n de MotoG&#8230;<\/h3>\n<p>        <\/a><br \/>\n                    <!-- Fecha --><br \/>\n            hace 1 hora        <\/p>\n<h2>GP de Australia 2019- Carrera Moto3 &#8211; Declaraciones de los pilotos<\/h2>\n<p><strong>Alonso L\u00f3pez<\/strong><\/p>\n<p><em><strong>Ayer tuve una ca\u00edda en la clasificaci\u00f3n y eso ha hecho que tuviera que salir pen\u00faltimo. <\/strong> He cogido un buen ritmo y he podido empezar a adelantar pilotos, hasta situarme primero. He adelantado 29 plazas y por esa parte estoy muy contento, y tambi\u00e9n por el ritmo que he conseguido hacer en carrera. En la parte final he tenido un incidente con un piloto, al que he tirado sin querer y al que ya he ido a pedir disculpas.<\/p>\n<p><strong>La penalizaci\u00f3n ha sido merecida<\/strong>, pero luego la he tenido que repetir, por pisar la zona verde. Me quedo con la remontada que he hecho y con el ritmo que ten\u00eda en el warm-up y en la carrera. Me siento muy c\u00f3modo con la moto y llega Malasia, que es un circuito que me gusta mucho.<\/em><\/p>\n<hr\/>\n<p><strong>Sergio Garc\u00eda<\/strong><\/p>\n<p><em><strong>La salida ha sido buena y he ganado varias posiciones,<\/strong> pero he tenido que arriesgar mucho para adelantar en las primeras vueltas y, como consecuencia, los neum\u00e1ticos se han desgastado bastante. Me costaba mantenerme en la trazada, por lo que me era complicado superar a otros pilotos. Entonces he cometido un error que me ha hecho perder varias plazas. <\/p>\n<p>He intentado remontar de nuevo, pero no he podido evitar irme al suelo en la curva 6. En general, ha sido un gran premio positivo y ahora ya toca pensar en la pr\u00f3xima carrera, en Malasia, donde buscaremos seguir mejorando.<\/em><\/p>\n","protected":false},"excerpt":{"rendered":"<p>El piloto Repsol de Moto3 part\u00eda pen\u00faltimo y ha llegado a liderar la carrera, pero se ha tocado con un rival y ha sido sancionado. Sergio Garc\u00eda ha tenido una ca\u00edda a media carrera<\/p>\n","protected":false},"author":43146,"featured_media":63005,"comment_status":"open","ping_status":"open","sticky":false,"template":"","format":"standard","meta":{"footnotes":""},"categories":[4],"tags":[139],"class_list":["post-94227","post","type-post","status-publish","format-standard","hentry","category-motogp","tag-motogp-australia"],"yoast_head":"<!-- This site is optimized with the Yoast SEO plugin v27.3 - https:\/\/yoast.com\/product\/yoast-seo-wordpress\/ -->\n<title>GP de Australia - Carrera Moto3 - Remontada de Alonso L\u00f3pez, interrumpida por una sanci\u00f3n<\/title>\n<meta name=\"description\" content=\"El piloto Repsol de Moto3 part\u00eda pen\u00faltimo y ha llegado a liderar la carrera, pero se ha tocado con un rival y ha sido sancionado.\" \/>\n<link rel=\"canonical\" href=\"https:\/\/www.boxrepsol.com\/es\/motogp\/remontada-alonso-lopez-interrumpida-una-sancion\/\" \/>\n<meta property=\"og:locale\" content=\"es_ES\" \/>\n<meta property=\"og:type\" content=\"article\" \/>\n<meta property=\"og:title\" content=\"GP de Australia - Carrera Moto3 - Remontada de Alonso L\u00f3pez, interrumpida por una sanci\u00f3n\" \/>\n<meta property=\"og:description\" content=\"El piloto Repsol de Moto3 part\u00eda pen\u00faltimo y ha llegado a liderar la carrera, pero se ha tocado con un rival y ha sido sancionado.\" \/>\n<meta property=\"og:url\" content=\"https:\/\/www.boxrepsol.com\/es\/motogp\/remontada-alonso-lopez-interrumpida-una-sancion\/\" \/>\n<meta property=\"og:site_name\" content=\"Box Repsol\" \/>\n<meta property=\"article:publisher\" content=\"https:\/\/www.facebook.com\/BoxRepsol\" \/>\n<meta property=\"article:author\" content=\"https:\/\/www.facebook.com\/BoxRepsol\/\" \/>\n<meta property=\"article:published_time\" content=\"2019-10-27T02:00:00+00:00\" \/>\n<meta property=\"article:modified_time\" content=\"2024-04-25T09:05:21+00:00\" \/>\n<meta property=\"og:image\" content=\"https:\/\/bxrepsol.s3.eu-west-1.amazonaws.com\/static\/2022\/08\/29090641\/Pilotos-de-Moto3-en-el-GP-de-Australia.jpg\" \/>\n\t<meta property=\"og:image:width\" content=\"1280\" \/>\n\t<meta property=\"og:image:height\" content=\"600\" \/>\n\t<meta property=\"og:image:type\" content=\"image\/jpeg\" \/>\n<meta name=\"author\" content=\"Redacci\u00f3n Box Repsol\" \/>\n<meta name=\"twitter:card\" content=\"summary_large_image\" \/>\n<meta name=\"twitter:creator\" content=\"@https:\/\/twitter.com\/box_repsol\" \/>\n<meta name=\"twitter:site\" content=\"@box_repsol\" \/>\n<meta name=\"twitter:label1\" content=\"Written by\" \/>\n\t<meta name=\"twitter:data1\" content=\"Redacci\u00f3n Box Repsol\" \/>\n\t<meta name=\"twitter:label2\" content=\"Est. reading time\" \/>\n\t<meta name=\"twitter:data2\" content=\"2 minutos\" \/>\n<script type=\"application\/ld+json\" class=\"yoast-schema-graph\">{\"@context\":\"https:\\\/\\\/schema.org\",\"@graph\":[{\"@type\":\"Article\",\"@id\":\"https:\\\/\\\/www.boxrepsol.com\\\/es\\\/motogp\\\/remontada-alonso-lopez-interrumpida-una-sancion\\\/#article\",\"isPartOf\":{\"@id\":\"https:\\\/\\\/www.boxrepsol.com\\\/es\\\/motogp\\\/remontada-alonso-lopez-interrumpida-una-sancion\\\/\"},\"author\":{\"name\":\"Redacci\u00f3n Box Repsol\",\"@id\":\"https:\\\/\\\/www.boxrepsol.com\\\/es\\\/#\\\/schema\\\/person\\\/c5c2138f2cca251b0ad92b7086bb60b7\"},\"headline\":\"Remontada de Alonso L\u00f3pez, interrumpida por una sanci\u00f3n\",\"datePublished\":\"2019-10-27T02:00:00+00:00\",\"dateModified\":\"2024-04-25T09:05:21+00:00\",\"mainEntityOfPage\":{\"@id\":\"https:\\\/\\\/www.boxrepsol.com\\\/es\\\/motogp\\\/remontada-alonso-lopez-interrumpida-una-sancion\\\/\"},\"wordCount\":421,\"commentCount\":0,\"publisher\":{\"@id\":\"https:\\\/\\\/www.boxrepsol.com\\\/es\\\/#organization\"},\"image\":{\"@id\":\"https:\\\/\\\/www.boxrepsol.com\\\/es\\\/motogp\\\/remontada-alonso-lopez-interrumpida-una-sancion\\\/#primaryimage\"},\"thumbnailUrl\":\"https:\\\/\\\/bxrepsol.s3.eu-west-1.amazonaws.com\\\/static\\\/2022\\\/08\\\/29090641\\\/Pilotos-de-Moto3-en-el-GP-de-Australia.jpg\",\"keywords\":[\"MotoGP Australia\"],\"articleSection\":[\"MotoGP\"],\"inLanguage\":\"es\",\"potentialAction\":[{\"@type\":\"CommentAction\",\"name\":\"Comment\",\"target\":[\"https:\\\/\\\/www.boxrepsol.com\\\/es\\\/motogp\\\/remontada-alonso-lopez-interrumpida-una-sancion\\\/#respond\"]}]},{\"@type\":\"WebPage\",\"@id\":\"https:\\\/\\\/www.boxrepsol.com\\\/es\\\/motogp\\\/remontada-alonso-lopez-interrumpida-una-sancion\\\/\",\"url\":\"https:\\\/\\\/www.boxrepsol.com\\\/es\\\/motogp\\\/remontada-alonso-lopez-interrumpida-una-sancion\\\/\",\"name\":\"GP de Australia - Carrera Moto3 - Remontada de Alonso L\u00f3pez, interrumpida por una sanci\u00f3n\",\"isPartOf\":{\"@id\":\"https:\\\/\\\/www.boxrepsol.com\\\/es\\\/#website\"},\"primaryImageOfPage\":{\"@id\":\"https:\\\/\\\/www.boxrepsol.com\\\/es\\\/motogp\\\/remontada-alonso-lopez-interrumpida-una-sancion\\\/#primaryimage\"},\"image\":{\"@id\":\"https:\\\/\\\/www.boxrepsol.com\\\/es\\\/motogp\\\/remontada-alonso-lopez-interrumpida-una-sancion\\\/#primaryimage\"},\"thumbnailUrl\":\"https:\\\/\\\/bxrepsol.s3.eu-west-1.amazonaws.com\\\/static\\\/2022\\\/08\\\/29090641\\\/Pilotos-de-Moto3-en-el-GP-de-Australia.jpg\",\"datePublished\":\"2019-10-27T02:00:00+00:00\",\"dateModified\":\"2024-04-25T09:05:21+00:00\",\"description\":\"El piloto Repsol de Moto3 part\u00eda pen\u00faltimo y ha llegado a liderar la carrera, pero se ha tocado con un rival y ha sido sancionado.\",\"breadcrumb\":{\"@id\":\"https:\\\/\\\/www.boxrepsol.com\\\/es\\\/motogp\\\/remontada-alonso-lopez-interrumpida-una-sancion\\\/#breadcrumb\"},\"inLanguage\":\"es\",\"potentialAction\":[{\"@type\":\"ReadAction\",\"target\":[\"https:\\\/\\\/www.boxrepsol.com\\\/es\\\/motogp\\\/remontada-alonso-lopez-interrumpida-una-sancion\\\/\"]}]},{\"@type\":\"ImageObject\",\"inLanguage\":\"es\",\"@id\":\"https:\\\/\\\/www.boxrepsol.com\\\/es\\\/motogp\\\/remontada-alonso-lopez-interrumpida-una-sancion\\\/#primaryimage\",\"url\":\"https:\\\/\\\/bxrepsol.s3.eu-west-1.amazonaws.com\\\/static\\\/2022\\\/08\\\/29090641\\\/Pilotos-de-Moto3-en-el-GP-de-Australia.jpg\",\"contentUrl\":\"https:\\\/\\\/bxrepsol.s3.eu-west-1.amazonaws.com\\\/static\\\/2022\\\/08\\\/29090641\\\/Pilotos-de-Moto3-en-el-GP-de-Australia.jpg\",\"width\":1280,\"height\":600},{\"@type\":\"BreadcrumbList\",\"@id\":\"https:\\\/\\\/www.boxrepsol.com\\\/es\\\/motogp\\\/remontada-alonso-lopez-interrumpida-una-sancion\\\/#breadcrumb\",\"itemListElement\":[{\"@type\":\"ListItem\",\"position\":1,\"name\":\"Home\",\"item\":\"https:\\\/\\\/www.boxrepsol.com\\\/es\\\/\"},{\"@type\":\"ListItem\",\"position\":2,\"name\":\"Remontada de Alonso L\u00f3pez, interrumpida por una sanci\u00f3n\"}]},{\"@type\":\"WebSite\",\"@id\":\"https:\\\/\\\/www.boxrepsol.com\\\/es\\\/#website\",\"url\":\"https:\\\/\\\/www.boxrepsol.com\\\/es\\\/\",\"name\":\"Box Repsol\",\"description\":\"Box Repsol Site\",\"publisher\":{\"@id\":\"https:\\\/\\\/www.boxrepsol.com\\\/es\\\/#organization\"},\"potentialAction\":[{\"@type\":\"SearchAction\",\"target\":{\"@type\":\"EntryPoint\",\"urlTemplate\":\"https:\\\/\\\/www.boxrepsol.com\\\/es\\\/?s={search_term_string}\"},\"query-input\":{\"@type\":\"PropertyValueSpecification\",\"valueRequired\":true,\"valueName\":\"search_term_string\"}}],\"inLanguage\":\"es\"},{\"@type\":\"Organization\",\"@id\":\"https:\\\/\\\/www.boxrepsol.com\\\/es\\\/#organization\",\"name\":\"Box Repsol\",\"url\":\"https:\\\/\\\/www.boxrepsol.com\\\/es\\\/\",\"logo\":{\"@type\":\"ImageObject\",\"inLanguage\":\"es\",\"@id\":\"https:\\\/\\\/www.boxrepsol.com\\\/es\\\/#\\\/schema\\\/logo\\\/image\\\/\",\"url\":\"https:\\\/\\\/bxrepsol.s3.eu-west-1.amazonaws.com\\\/static\\\/2025\\\/07\\\/30083337\\\/favicon-96x96-1.png\",\"contentUrl\":\"https:\\\/\\\/bxrepsol.s3.eu-west-1.amazonaws.com\\\/static\\\/2025\\\/07\\\/30083337\\\/favicon-96x96-1.png\",\"width\":96,\"height\":96,\"caption\":\"Box Repsol\"},\"image\":{\"@id\":\"https:\\\/\\\/www.boxrepsol.com\\\/es\\\/#\\\/schema\\\/logo\\\/image\\\/\"},\"sameAs\":[\"https:\\\/\\\/www.facebook.com\\\/BoxRepsol\",\"https:\\\/\\\/x.com\\\/box_repsol\",\"http:\\\/\\\/instagram.com\\\/box_repsol\",\"https:\\\/\\\/www.youtube.com\\\/user\\\/RepsolCompeticion\",\"https:\\\/\\\/www.flickr.com\\\/photos\\\/box_repsol\\\/\"]},{\"@type\":\"Person\",\"@id\":\"https:\\\/\\\/www.boxrepsol.com\\\/es\\\/#\\\/schema\\\/person\\\/c5c2138f2cca251b0ad92b7086bb60b7\",\"name\":\"Redacci\u00f3n Box Repsol\",\"image\":{\"@type\":\"ImageObject\",\"inLanguage\":\"es\",\"@id\":\"https:\\\/\\\/secure.gravatar.com\\\/avatar\\\/adf7b77e38b4419baf32c7e9c21dde01f4e40df611f0978e3006fc4ba0aaab7e?s=96&d=mm&r=g\",\"url\":\"https:\\\/\\\/secure.gravatar.com\\\/avatar\\\/adf7b77e38b4419baf32c7e9c21dde01f4e40df611f0978e3006fc4ba0aaab7e?s=96&d=mm&r=g\",\"contentUrl\":\"https:\\\/\\\/secure.gravatar.com\\\/avatar\\\/adf7b77e38b4419baf32c7e9c21dde01f4e40df611f0978e3006fc4ba0aaab7e?s=96&d=mm&r=g\",\"caption\":\"Redacci\u00f3n Box Repsol\"},\"description\":\"Box Repsol lo forma un equipo de periodistas, community managers, dise\u00f1adores y fot\u00f3grafos con m\u00e1s de 20 a\u00f1os de experiencia en el mundo del motorsport. Hemos vivido el primer mundial de un espa\u00f1ol en la categor\u00eda reina de motociclismo con \u00c1lex Crivill\u00e9, estuvimos en las victorias de Pedrosa y los t\u00edtulos de M\u00e1rquez, acompa\u00f1amos en \u00c1frica a Nani Roma y Marc Coma en sus conquistas del Dakar y hemos vibrado con los t\u00edtulos de Toni Bou en Trial. Adem\u00e1s, en nuestro equipo contamos con expertos en el mundo de las dos y cuatro ruedas tanto de la calle y las carreteras, como de los circuitos. Periodistas que han trabajado en revistas y publicaciones para hacerte llegar desde rutas y consejos de mantenimiento, a curiosidades y trucos de pilotaje.\",\"sameAs\":[\"https:\\\/\\\/www.facebook.com\\\/BoxRepsol\\\/\",\"https:\\\/\\\/www.instagram.com\\\/box_repsol\\\/\",\"https:\\\/\\\/x.com\\\/https:\\\/\\\/twitter.com\\\/box_repsol\",\"https:\\\/\\\/www.youtube.com\\\/@Boxrepsol\"],\"url\":\"https:\\\/\\\/www.boxrepsol.com\\\/es\\\/author\\\/redaccion-box-repsol\\\/\"}]}<\/script>\n<!-- \/ Yoast SEO plugin. -->","yoast_head_json":{"title":"GP de Australia - Carrera Moto3 - Remontada de Alonso L\u00f3pez, interrumpida por una sanci\u00f3n","description":"El piloto Repsol de Moto3 part\u00eda pen\u00faltimo y ha llegado a liderar la carrera, pero se ha tocado con un rival y ha sido sancionado.","canonical":"https:\/\/www.boxrepsol.com\/es\/motogp\/remontada-alonso-lopez-interrumpida-una-sancion\/","og_locale":"es_ES","og_type":"article","og_title":"GP de Australia - Carrera Moto3 - Remontada de Alonso L\u00f3pez, interrumpida por una sanci\u00f3n","og_description":"El piloto Repsol de Moto3 part\u00eda pen\u00faltimo y ha llegado a liderar la carrera, pero se ha tocado con un rival y ha sido sancionado.","og_url":"https:\/\/www.boxrepsol.com\/es\/motogp\/remontada-alonso-lopez-interrumpida-una-sancion\/","og_site_name":"Box Repsol","article_publisher":"https:\/\/www.facebook.com\/BoxRepsol","article_author":"https:\/\/www.facebook.com\/BoxRepsol\/","article_published_time":"2019-10-27T02:00:00+00:00","article_modified_time":"2024-04-25T09:05:21+00:00","og_image":[{"width":1280,"height":600,"url":"https:\/\/bxrepsol.s3.eu-west-1.amazonaws.com\/static\/2022\/08\/29090641\/Pilotos-de-Moto3-en-el-GP-de-Australia.jpg","type":"image\/jpeg"}],"author":"Redacci\u00f3n Box Repsol","twitter_card":"summary_large_image","twitter_creator":"@https:\/\/twitter.com\/box_repsol","twitter_site":"@box_repsol","twitter_misc":{"Written by":"Redacci\u00f3n Box Repsol","Est. reading time":"2 minutos"},"schema":{"@context":"https:\/\/schema.org","@graph":[{"@type":"Article","@id":"https:\/\/www.boxrepsol.com\/es\/motogp\/remontada-alonso-lopez-interrumpida-una-sancion\/#article","isPartOf":{"@id":"https:\/\/www.boxrepsol.com\/es\/motogp\/remontada-alonso-lopez-interrumpida-una-sancion\/"},"author":{"name":"Redacci\u00f3n Box Repsol","@id":"https:\/\/www.boxrepsol.com\/es\/#\/schema\/person\/c5c2138f2cca251b0ad92b7086bb60b7"},"headline":"Remontada de Alonso L\u00f3pez, interrumpida por una sanci\u00f3n","datePublished":"2019-10-27T02:00:00+00:00","dateModified":"2024-04-25T09:05:21+00:00","mainEntityOfPage":{"@id":"https:\/\/www.boxrepsol.com\/es\/motogp\/remontada-alonso-lopez-interrumpida-una-sancion\/"},"wordCount":421,"commentCount":0,"publisher":{"@id":"https:\/\/www.boxrepsol.com\/es\/#organization"},"image":{"@id":"https:\/\/www.boxrepsol.com\/es\/motogp\/remontada-alonso-lopez-interrumpida-una-sancion\/#primaryimage"},"thumbnailUrl":"https:\/\/bxrepsol.s3.eu-west-1.amazonaws.com\/static\/2022\/08\/29090641\/Pilotos-de-Moto3-en-el-GP-de-Australia.jpg","keywords":["MotoGP Australia"],"articleSection":["MotoGP"],"inLanguage":"es","potentialAction":[{"@type":"CommentAction","name":"Comment","target":["https:\/\/www.boxrepsol.com\/es\/motogp\/remontada-alonso-lopez-interrumpida-una-sancion\/#respond"]}]},{"@type":"WebPage","@id":"https:\/\/www.boxrepsol.com\/es\/motogp\/remontada-alonso-lopez-interrumpida-una-sancion\/","url":"https:\/\/www.boxrepsol.com\/es\/motogp\/remontada-alonso-lopez-interrumpida-una-sancion\/","name":"GP de Australia - Carrera Moto3 - Remontada de Alonso L\u00f3pez, interrumpida por una sanci\u00f3n","isPartOf":{"@id":"https:\/\/www.boxrepsol.com\/es\/#website"},"primaryImageOfPage":{"@id":"https:\/\/www.boxrepsol.com\/es\/motogp\/remontada-alonso-lopez-interrumpida-una-sancion\/#primaryimage"},"image":{"@id":"https:\/\/www.boxrepsol.com\/es\/motogp\/remontada-alonso-lopez-interrumpida-una-sancion\/#primaryimage"},"thumbnailUrl":"https:\/\/bxrepsol.s3.eu-west-1.amazonaws.com\/static\/2022\/08\/29090641\/Pilotos-de-Moto3-en-el-GP-de-Australia.jpg","datePublished":"2019-10-27T02:00:00+00:00","dateModified":"2024-04-25T09:05:21+00:00","description":"El piloto Repsol de Moto3 part\u00eda pen\u00faltimo y ha llegado a liderar la carrera, pero se ha tocado con un rival y ha sido sancionado.","breadcrumb":{"@id":"https:\/\/www.boxrepsol.com\/es\/motogp\/remontada-alonso-lopez-interrumpida-una-sancion\/#breadcrumb"},"inLanguage":"es","potentialAction":[{"@type":"ReadAction","target":["https:\/\/www.boxrepsol.com\/es\/motogp\/remontada-alonso-lopez-interrumpida-una-sancion\/"]}]},{"@type":"ImageObject","inLanguage":"es","@id":"https:\/\/www.boxrepsol.com\/es\/motogp\/remontada-alonso-lopez-interrumpida-una-sancion\/#primaryimage","url":"https:\/\/bxrepsol.s3.eu-west-1.amazonaws.com\/static\/2022\/08\/29090641\/Pilotos-de-Moto3-en-el-GP-de-Australia.jpg","contentUrl":"https:\/\/bxrepsol.s3.eu-west-1.amazonaws.com\/static\/2022\/08\/29090641\/Pilotos-de-Moto3-en-el-GP-de-Australia.jpg","width":1280,"height":600},{"@type":"BreadcrumbList","@id":"https:\/\/www.boxrepsol.com\/es\/motogp\/remontada-alonso-lopez-interrumpida-una-sancion\/#breadcrumb","itemListElement":[{"@type":"ListItem","position":1,"name":"Home","item":"https:\/\/www.boxrepsol.com\/es\/"},{"@type":"ListItem","position":2,"name":"Remontada de Alonso L\u00f3pez, interrumpida por una sanci\u00f3n"}]},{"@type":"WebSite","@id":"https:\/\/www.boxrepsol.com\/es\/#website","url":"https:\/\/www.boxrepsol.com\/es\/","name":"Box Repsol","description":"Box Repsol Site","publisher":{"@id":"https:\/\/www.boxrepsol.com\/es\/#organization"},"potentialAction":[{"@type":"SearchAction","target":{"@type":"EntryPoint","urlTemplate":"https:\/\/www.boxrepsol.com\/es\/?s={search_term_string}"},"query-input":{"@type":"PropertyValueSpecification","valueRequired":true,"valueName":"search_term_string"}}],"inLanguage":"es"},{"@type":"Organization","@id":"https:\/\/www.boxrepsol.com\/es\/#organization","name":"Box Repsol","url":"https:\/\/www.boxrepsol.com\/es\/","logo":{"@type":"ImageObject","inLanguage":"es","@id":"https:\/\/www.boxrepsol.com\/es\/#\/schema\/logo\/image\/","url":"https:\/\/bxrepsol.s3.eu-west-1.amazonaws.com\/static\/2025\/07\/30083337\/favicon-96x96-1.png","contentUrl":"https:\/\/bxrepsol.s3.eu-west-1.amazonaws.com\/static\/2025\/07\/30083337\/favicon-96x96-1.png","width":96,"height":96,"caption":"Box Repsol"},"image":{"@id":"https:\/\/www.boxrepsol.com\/es\/#\/schema\/logo\/image\/"},"sameAs":["https:\/\/www.facebook.com\/BoxRepsol","https:\/\/x.com\/box_repsol","http:\/\/instagram.com\/box_repsol","https:\/\/www.youtube.com\/user\/RepsolCompeticion","https:\/\/www.flickr.com\/photos\/box_repsol\/"]},{"@type":"Person","@id":"https:\/\/www.boxrepsol.com\/es\/#\/schema\/person\/c5c2138f2cca251b0ad92b7086bb60b7","name":"Redacci\u00f3n Box Repsol","image":{"@type":"ImageObject","inLanguage":"es","@id":"https:\/\/secure.gravatar.com\/avatar\/adf7b77e38b4419baf32c7e9c21dde01f4e40df611f0978e3006fc4ba0aaab7e?s=96&d=mm&r=g","url":"https:\/\/secure.gravatar.com\/avatar\/adf7b77e38b4419baf32c7e9c21dde01f4e40df611f0978e3006fc4ba0aaab7e?s=96&d=mm&r=g","contentUrl":"https:\/\/secure.gravatar.com\/avatar\/adf7b77e38b4419baf32c7e9c21dde01f4e40df611f0978e3006fc4ba0aaab7e?s=96&d=mm&r=g","caption":"Redacci\u00f3n Box Repsol"},"description":"Box Repsol lo forma un equipo de periodistas, community managers, dise\u00f1adores y fot\u00f3grafos con m\u00e1s de 20 a\u00f1os de experiencia en el mundo del motorsport. Hemos vivido el primer mundial de un espa\u00f1ol en la categor\u00eda reina de motociclismo con \u00c1lex Crivill\u00e9, estuvimos en las victorias de Pedrosa y los t\u00edtulos de M\u00e1rquez, acompa\u00f1amos en \u00c1frica a Nani Roma y Marc Coma en sus conquistas del Dakar y hemos vibrado con los t\u00edtulos de Toni Bou en Trial. Adem\u00e1s, en nuestro equipo contamos con expertos en el mundo de las dos y cuatro ruedas tanto de la calle y las carreteras, como de los circuitos. Periodistas que han trabajado en revistas y publicaciones para hacerte llegar desde rutas y consejos de mantenimiento, a curiosidades y trucos de pilotaje.","sameAs":["https:\/\/www.facebook.com\/BoxRepsol\/","https:\/\/www.instagram.com\/box_repsol\/","https:\/\/x.com\/https:\/\/twitter.com\/box_repsol","https:\/\/www.youtube.com\/@Boxrepsol"],"url":"https:\/\/www.boxrepsol.com\/es\/author\/redaccion-box-repsol\/"}]}},"_links":{"self":[{"href":"https:\/\/www.boxrepsol.com\/es\/wp-json\/wp\/v2\/posts\/94227","targetHints":{"allow":["GET"]}}],"collection":[{"href":"https:\/\/www.boxrepsol.com\/es\/wp-json\/wp\/v2\/posts"}],"about":[{"href":"https:\/\/www.boxrepsol.com\/es\/wp-json\/wp\/v2\/types\/post"}],"author":[{"embeddable":true,"href":"https:\/\/www.boxrepsol.com\/es\/wp-json\/wp\/v2\/users\/43146"}],"replies":[{"embeddable":true,"href":"https:\/\/www.boxrepsol.com\/es\/wp-json\/wp\/v2\/comments?post=94227"}],"version-history":[{"count":1,"href":"https:\/\/www.boxrepsol.com\/es\/wp-json\/wp\/v2\/posts\/94227\/revisions"}],"predecessor-version":[{"id":94228,"href":"https:\/\/www.boxrepsol.com\/es\/wp-json\/wp\/v2\/posts\/94227\/revisions\/94228"}],"wp:featuredmedia":[{"embeddable":true,"href":"https:\/\/www.boxrepsol.com\/es\/wp-json\/wp\/v2\/media\/63005"}],"wp:attachment":[{"href":"https:\/\/www.boxrepsol.com\/es\/wp-json\/wp\/v2\/media?parent=94227"}],"wp:term":[{"taxonomy":"category","embeddable":true,"href":"https:\/\/www.boxrepsol.com\/es\/wp-json\/wp\/v2\/categories?post=94227"},{"taxonomy":"post_tag","embeddable":true,"href":"https:\/\/www.boxrepsol.com\/es\/wp-json\/wp\/v2\/tags?post=94227"}],"curies":[{"name":"wp","href":"https:\/\/api.w.org\/{rel}","templated":true}]}}