{"id":94221,"date":"2020-08-02T00:00:00","date_gmt":"2020-08-02T02:00:00","guid":{"rendered":"http:\/\/pre.boxrepsol.com\/sin-categorizar\/1990-ano-carlos-sainz-repsol-ganaron-mundial-rallys\/"},"modified":"2024-04-19T08:27:32","modified_gmt":"2024-04-19T10:27:32","slug":"1990-ano-carlos-sainz-repsol-ganaron-mundial-rallys","status":"publish","type":"post","link":"https:\/\/www.boxrepsol.com\/es\/de-leyenda\/1990-ano-carlos-sainz-repsol-ganaron-mundial-rallys\/","title":{"rendered":"1990, el a\u00f1o en el que Carlos Sainz y Repsol ganaron el Mundial de Rallys"},"content":{"rendered":"<figure class=\"wp-block-post-featured-image\"><img loading=\"lazy\" decoding=\"async\" width=\"1280\" height=\"600\" src=\"https:\/\/bxrepsol.s3.eu-west-1.amazonaws.com\/static\/2022\/08\/29090631\/00_CArlos_sainz_rally_nueva_zelanda_toyota_1990-1.jpg\" class=\"attachment-post-thumbnail size-post-thumbnail wp-post-image\" alt=\"Carlos Sainz y Luis Moya en el Toyota Celica\" style=\"object-fit:cover;\" srcset=\"https:\/\/bxrepsol.s3.eu-west-1.amazonaws.com\/static\/2022\/08\/29090631\/00_CArlos_sainz_rally_nueva_zelanda_toyota_1990-1.jpg 1280w, https:\/\/bxrepsol.s3.eu-west-1.amazonaws.com\/static\/2022\/08\/29090631\/00_CArlos_sainz_rally_nueva_zelanda_toyota_1990-1-300x141.jpg 300w, https:\/\/bxrepsol.s3.eu-west-1.amazonaws.com\/static\/2022\/08\/29090631\/00_CArlos_sainz_rally_nueva_zelanda_toyota_1990-1-1024x480.jpg 1024w, https:\/\/bxrepsol.s3.eu-west-1.amazonaws.com\/static\/2022\/08\/29090631\/00_CArlos_sainz_rally_nueva_zelanda_toyota_1990-1-768x360.jpg 768w\" sizes=\"auto, (max-width: 1280px) 100vw, 1280px\" \/><\/figure>\n\n\n<p>En 1990, Carlos Sainz era ya un piloto establecido en el Mundial, y <strong>sus resultados lo hab\u00edan llevado a encabezar el Toyota Team junto a su inseparable copiloto Luis Moya<\/strong>. Los otros dos coches de la casa estaban gobernados por Mikael Ericsson con Claes Billstam a su lado y la promesa alemana Armin Schwarz con Klaus Wicha. Tambi\u00e9n se cont\u00f3 para una prueba con el especialista Bjorn Waldegaard. Sus compa\u00f1eros de equipo del a\u00f1o anterior, Juha Kankkunen as\u00ed como Kenneth Eriksson, se pasaban a Lancia y Mitsubishi respectivamente, siendo ahora rivales.<\/p>\n\n\n\n<p><strong><div id=\"ez-toc-container\" class=\"ez-toc-v2_0_82_2 counter-hierarchy ez-toc-counter ez-toc-grey ez-toc-container-direction\">\n<div class=\"ez-toc-title-container\">\n<p class=\"ez-toc-title\" style=\"cursor:inherit\">\u00cdndice<\/p>\n<span class=\"ez-toc-title-toggle\"><a href=\"#\" class=\"ez-toc-pull-right ez-toc-btn ez-toc-btn-xs ez-toc-btn-default ez-toc-toggle\" aria-label=\"Toggle Table of Content\"><span class=\"ez-toc-js-icon-con\"><span class=\"\"><span class=\"eztoc-hide\" style=\"display:none;\">Toggle<\/span><span class=\"ez-toc-icon-toggle-span\"><svg style=\"fill: #999;color:#999\" xmlns=\"http:\/\/www.w3.org\/2000\/svg\" class=\"list-377408\" width=\"20px\" height=\"20px\" viewBox=\"0 0 24 24\" fill=\"none\"><path d=\"M6 6H4v2h2V6zm14 0H8v2h12V6zM4 11h2v2H4v-2zm16 0H8v2h12v-2zM4 16h2v2H4v-2zm16 0H8v2h12v-2z\" fill=\"currentColor\"><\/path><\/svg><svg style=\"fill: #999;color:#999\" class=\"arrow-unsorted-368013\" xmlns=\"http:\/\/www.w3.org\/2000\/svg\" width=\"10px\" height=\"10px\" viewBox=\"0 0 24 24\" version=\"1.2\" baseProfile=\"tiny\"><path d=\"M18.2 9.3l-6.2-6.3-6.2 6.3c-.2.2-.3.4-.3.7s.1.5.3.7c.2.2.4.3.7.3h11c.3 0 .5-.1.7-.3.2-.2.3-.5.3-.7s-.1-.5-.3-.7zM5.8 14.7l6.2 6.3 6.2-6.3c.2-.2.3-.5.3-.7s-.1-.5-.3-.7c-.2-.2-.4-.3-.7-.3h-11c-.3 0-.5.1-.7.3-.2.2-.3.5-.3.7s.1.5.3.7z\"\/><\/svg><\/span><\/span><\/span><\/a><\/span><\/div>\n<nav><ul class='ez-toc-list ez-toc-list-level-1 ' ><li class='ez-toc-page-1 ez-toc-heading-level-3'><a class=\"ez-toc-link ez-toc-heading-1\" href=\"https:\/\/www.boxrepsol.com\/es\/de-leyenda\/1990-ano-carlos-sainz-repsol-ganaron-mundial-rallys\/#Montecarlo\" >Montecarlo<\/a><\/li><li class='ez-toc-page-1 ez-toc-heading-level-3'><a class=\"ez-toc-link ez-toc-heading-2\" href=\"https:\/\/www.boxrepsol.com\/es\/de-leyenda\/1990-ano-carlos-sainz-repsol-ganaron-mundial-rallys\/#Rally_de_Portugal\" >Rally de Portugal<\/a><\/li><li class='ez-toc-page-1 ez-toc-heading-level-3'><a class=\"ez-toc-link ez-toc-heading-3\" href=\"https:\/\/www.boxrepsol.com\/es\/de-leyenda\/1990-ano-carlos-sainz-repsol-ganaron-mundial-rallys\/#Rally_Safari\" >Rally Safari<\/a><\/li><li class='ez-toc-page-1 ez-toc-heading-level-3'><a class=\"ez-toc-link ez-toc-heading-4\" href=\"https:\/\/www.boxrepsol.com\/es\/de-leyenda\/1990-ano-carlos-sainz-repsol-ganaron-mundial-rallys\/#Tour_de_Corse\" >Tour de Corse<\/a><\/li><li class='ez-toc-page-1 ez-toc-heading-level-3'><a class=\"ez-toc-link ez-toc-heading-5\" href=\"https:\/\/www.boxrepsol.com\/es\/de-leyenda\/1990-ano-carlos-sainz-repsol-ganaron-mundial-rallys\/#Rally_Acropolis\" >Rally Acr\u00f3polis<\/a><\/li><li class='ez-toc-page-1 ez-toc-heading-level-3'><a class=\"ez-toc-link ez-toc-heading-6\" href=\"https:\/\/www.boxrepsol.com\/es\/de-leyenda\/1990-ano-carlos-sainz-repsol-ganaron-mundial-rallys\/#Nueva_Zelanda\" >Nueva Zelanda<\/a><\/li><li class='ez-toc-page-1 ez-toc-heading-level-3'><a class=\"ez-toc-link ez-toc-heading-7\" href=\"https:\/\/www.boxrepsol.com\/es\/de-leyenda\/1990-ano-carlos-sainz-repsol-ganaron-mundial-rallys\/#Argentina\" >Argentina<\/a><\/li><li class='ez-toc-page-1 ez-toc-heading-level-3'><a class=\"ez-toc-link ez-toc-heading-8\" href=\"https:\/\/www.boxrepsol.com\/es\/de-leyenda\/1990-ano-carlos-sainz-repsol-ganaron-mundial-rallys\/#Rally_de_los_1000_Lagos\" >Rally de los 1000 Lagos<\/a><\/li><li class='ez-toc-page-1 ez-toc-heading-level-3'><a class=\"ez-toc-link ez-toc-heading-9\" href=\"https:\/\/www.boxrepsol.com\/es\/de-leyenda\/1990-ano-carlos-sainz-repsol-ganaron-mundial-rallys\/#Rally_de_Australia\" >Rally de Australia<\/a><\/li><li class='ez-toc-page-1 ez-toc-heading-level-3'><a class=\"ez-toc-link ez-toc-heading-10\" href=\"https:\/\/www.boxrepsol.com\/es\/de-leyenda\/1990-ano-carlos-sainz-repsol-ganaron-mundial-rallys\/#Sanremo\" >Sanremo<\/a><\/li><li class='ez-toc-page-1 ez-toc-heading-level-3'><a class=\"ez-toc-link ez-toc-heading-11\" href=\"https:\/\/www.boxrepsol.com\/es\/de-leyenda\/1990-ano-carlos-sainz-repsol-ganaron-mundial-rallys\/#Rally_RAC\" >Rally RAC<\/a><\/li><\/ul><\/nav><\/div>\n<\/strong><\/p>\n\n\n\n<p>Se disputaron <strong>11 pruebas<\/strong> en el que ser\u00eda el a\u00f1o del <strong>primer t\u00edtulo de Toyota y de Sainz<\/strong> con el apoyo de <strong>Repsol<\/strong>.<\/p>\n\n\n\n<h3 class=\"wp-block-heading\"><span class=\"ez-toc-section\" id=\"Montecarlo\"><\/span>Montecarlo<span class=\"ez-toc-section-end\"><\/span><\/h3>\n\n\n\n<p>Esta era una vez m\u00e1s la primera prueba del a\u00f1o. Durante el evento, las carreteras carecieron de nieve y los Toyota rend\u00edan extremadamente bien. Todo parec\u00eda pronosticar la victoria de Sainz quien<strong> lider\u00f3 en varios tramos y present\u00f3 batalla constante <\/strong>a los anteriores dominadores del asfalto monegasco.<\/p>\n\n\n\n<p>Sin embargo, los Lancia sufrieron una repentina mejora de rendimiento que decant\u00f3 la prueba a su favor, logrando Carlos eso s\u00ed, una prometedora segunda posici\u00f3n a 54 segundos del vencedor Didier Auriol. Sus compa\u00f1eros de Toyota Schwarz y Ericsson acababan en quinta y s\u00e9ptima posici\u00f3n. A pesar de escap\u00e1rsele la victoria al piloto Repsol, esto supon\u00eda un comienzo de temporada esperanzador.<\/p>\n\n\n\n<figure class=\"wp-block-image\"><img decoding=\"async\" src=\"https:\/\/bxrepsol.s3.eu-west-1.amazonaws.com\/static\/2022\/08\/05070420\/00_carlos_sainz_portugal_1990.jpg\" alt=\"\"\/><\/figure>\n\n\n\n<h3 class=\"wp-block-heading\"><span class=\"ez-toc-section\" id=\"Rally_de_Portugal\"><\/span>Rally de Portugal<span class=\"ez-toc-section-end\"><\/span><\/h3>\n\n\n\n<p>Tan solo Sainz y Schwarz participaron en esta prueba. Tras el triple abandono del a\u00f1o anterior, el rally de este a\u00f1o promet\u00eda un resultado diferente gracias a las mejoras realizadas en el Toyota. La mezcla de asfalto y grava, de las pistas portuguesas fue especialmente dura y pas\u00f3 factura a la mec\u00e1nica.<\/p>\n\n\n\n<p><strong>De los 108 participantes, tan solo 34 lograron acabar.<\/strong> La suerte no estuvo de parte del equipo tampoco en esta ocasi\u00f3n, ya que Schwarz abandonaba en el d\u00e9cimo tramo por una salida de pista y Sainz casi al final en el tramo 33 ve\u00eda como la caja de cambios del Celica dec\u00eda basta.<\/p>\n\n\n\n<h3 class=\"wp-block-heading\"><span class=\"ez-toc-section\" id=\"Rally_Safari\"><\/span>Rally Safari<span class=\"ez-toc-section-end\"><\/span><\/h3>\n\n\n\n<p>Lo ocurrido en este evento trajo esperanzas al equipo de lograr algo grande. Para esta prueba se cont\u00f3 con Bjorn Waldegaard, experto en este tipo de pruebas, en vez de Armin Schwarz.<strong> Los tres Toyota oficiales entraron el \u201cTop5\u201d<\/strong> con una magistral victoria de Bjorn,<strong> tercer puesto de Ericsson y cuarto de Sainz<\/strong>, quien no pudo competir con su propio coche, ya que no se contaba con su participaci\u00f3n. Sin embargo, <strong>el piloto espa\u00f1ol manej\u00f3 el veh\u00edculo de reserva de su compa\u00f1ero Waldegaard<\/strong> y cosech\u00f3 unos valiosos puntos para el campeonato.<\/p>\n\n\n\n<p><iframe loading=\"lazy\" src=\"https:\/\/www.youtube.com\/embed\/rAJkHfQXEZI\" allowfullscreen=\"allowfullscreen\" width=\"560\" height=\"315\" frameborder=\"0\"><\/iframe><\/p>\n\n\n\n<h3 class=\"wp-block-heading\"><span class=\"ez-toc-section\" id=\"Tour_de_Corse\"><\/span>Tour de Corse<span class=\"ez-toc-section-end\"><\/span><\/h3>\n\n\n\n<p>Al igual que en Montecarlo, la victoria se escap\u00f3 de las manos de Sainz tan solo por la fortuna del equipo Lancia.<strong> La segunda posici\u00f3n, a tan solo 36 segundos de Auriol, sab\u00eda a victoria <\/strong>y supon\u00eda otra inyecci\u00f3n de moral para el espa\u00f1ol.<\/p>\n\n\n\n<h3 class=\"wp-block-heading\"><span class=\"ez-toc-section\" id=\"Rally_Acropolis\"><\/span>Rally Acr\u00f3polis<span class=\"ez-toc-section-end\"><\/span><\/h3>\n\n\n\n<p>Fue en esta prueba donde se comenz\u00f3 a vislumbrar el posible t\u00edtulo de Sainz. Tras el triple abandono del equipo en 1989, el evento griego con sus pistas de grava se convirti\u00f3 en el lugar donde <strong>Sainz rubric\u00f3 su primera victoria en el Mundial de Rallys<\/strong>. Gracias a un pilotaje extraordinario y el mejorado rendimiento del Toyota, Carlos se colocaba como l\u00edder del Mundial con 5 puntos de ventaja.<\/p>\n\n\n\n<h3 class=\"wp-block-heading\"><span class=\"ez-toc-section\" id=\"Nueva_Zelanda\"><\/span>Nueva Zelanda<span class=\"ez-toc-section-end\"><\/span><\/h3>\n\n\n\n<p>Con la moral arriba tras su primer triunfo, Sainz volv\u00eda a dar toda una muestra de habilidad sobre un terreno de gravilla. Al presentarse como el \u00fanico piloto oficial de Toyota y sin la presencia de los Lancia oficiales, <strong>Sainz lograba su segunda victoria sin oposici\u00f3n<\/strong>, amasando un buen colch\u00f3n de puntos en el proceso.<\/p>\n\n\n\n<figure class=\"wp-block-image\"><img decoding=\"async\" src=\"https:\/\/bxrepsol.s3.eu-west-1.amazonaws.com\/static\/2022\/08\/05070421\/1990-Nueva-Zelanda-Sainz-copy-toyota.jpg\" alt=\"\"\/><figcaption class=\"wp-element-caption\"><em>Foto de Toyota<\/em><\/figcaption><\/figure>\n\n\n\n<h3 class=\"wp-block-heading\"><span class=\"ez-toc-section\" id=\"Argentina\"><\/span>Argentina<span class=\"ez-toc-section-end\"><\/span><\/h3>\n\n\n\n<p>El pa\u00eds andino ve\u00eda por primera vez a la marca japonesa circular por sus pistas y cerca estuvo de ver la victoria de Sainz. Lamentablemente un error con las notas causaba un vuelco del Celica. <strong>Por suerte, Carlos pudo continuar compitiendo<\/strong>, y dado que algunos de sus adversarios sufrieran tambi\u00e9n problemas mec\u00e1nicos, logr\u00f3 finalmente una segunda posici\u00f3n.<\/p>\n\n\n\n<h3 class=\"wp-block-heading\"><span class=\"ez-toc-section\" id=\"Rally_de_los_1000_Lagos\"><\/span>Rally de los 1000 Lagos<span class=\"ez-toc-section-end\"><\/span><\/h3>\n\n\n\n<p>Fue en este lugar d\u00f3nde la leyenda de Sainz quedar\u00eda marcada en la historia. Las complicadas pistas finlandesas, con velocidades medias de m\u00e1s de 100 Km\/h vieron volar a Carlos Sainz, quien hab\u00eda logrado aqu\u00ed su primer podio mundialista al a\u00f1o anterior. Entre el estupor de los pilotos y aficionados locales, <strong>Sainz lograba la victoria, siendo el primer piloto no n\u00f3rdico en conquistar este rally<\/strong>, gan\u00e1ndose el respeto y admiraci\u00f3n de todos los apasionados del motor.<\/p>\n\n\n\n<p><iframe loading=\"lazy\" src=\"https:\/\/www.youtube.com\/embed\/5E6mGwbs8t0\" allowfullscreen=\"allowfullscreen\" width=\"560\" height=\"315\" frameborder=\"0\"><\/iframe><\/p>\n\n\n\n<h3 class=\"wp-block-heading\"><span class=\"ez-toc-section\" id=\"Rally_de_Australia\"><\/span>Rally de Australia<span class=\"ez-toc-section-end\"><\/span><\/h3>\n\n\n\n<p>Sainz probaba por primera vez los tramos del rally de Australia, pero esto no era ning\u00fan h\u00e1ndicap para el piloto espa\u00f1ol, que<strong> tras los 570 Km de exigentes y polvorientas pistas acababa en segunda posici\u00f3n <\/strong>tras Kankkunen, dejando ya la puerta abierta a poder lograr el ansiado t\u00edtulo Mundial en la siguiente prueba.<\/p>\n\n\n\n<h3 class=\"wp-block-heading\"><span class=\"ez-toc-section\" id=\"Sanremo\"><\/span>Sanremo<span class=\"ez-toc-section-end\"><\/span><\/h3>\n\n\n\n<p>Sainz se jugaba el t\u00edtulo en un rally conocido por ser territorio Lancia. Los pilotos de la marca italiana estaban dispuestos a presentar la mejor de las batallas. <strong>Carlos, al igual que el a\u00f1o anterior, exprimi\u00f3 toda la caballer\u00eda del Toyota Celica GT-Four <\/strong>llegando a acariciar la victoria. Por desgracia, cuando rodaba al l\u00edmite para ampliar la ventaja con sus adversarios, un contratiempo le hac\u00eda perder posiciones.<\/p>\n\n\n\n<p>Gracias a su gran pilotaje durante el resto de la prueba, ten\u00eda la suficiente ventaja como para subirse a la tercera posici\u00f3n del podio,<strong> resultado m\u00e1s que suficiente para ganar su primer Mundial<\/strong> y el primero para Toyota.<\/p>\n\n\n\n<figure class=\"wp-block-image\"><img decoding=\"async\" src=\"https:\/\/bxrepsol.s3.eu-west-1.amazonaws.com\/static\/2022\/08\/05070422\/00_carlos_sainz_RAC_rally.jpg\" alt=\"\"\/><\/figure>\n\n\n\n<h3 class=\"wp-block-heading\"><span class=\"ez-toc-section\" id=\"Rally_RAC\"><\/span><a href=\"https:\/\/www.rally-maps.com\/RAC-Rally-1990\">Rally RAC<\/a><span class=\"ez-toc-section-end\"><\/span><\/h3>\n\n\n\n<p>Con el t\u00edtulo ya en el bolsillo, <strong>Carlos Sainz y Luis Moya pod\u00edan presionar sin miedo a sus rivales en la \u00faltima prueba del a\u00f1o en Gran Breta\u00f1a<\/strong>. Tras escap\u00e1rsele por los pelos la victoria en tierras brit\u00e1nicas el a\u00f1o anterior, en esta ocasi\u00f3n rompi\u00f3 la mala racha y obtuvo una impresionante victoria, acabando con el reinado de m\u00e1s de una d\u00e9cada de victorias de pilotos n\u00f3rdicos en este rally.<\/p>\n\n\n\n<p><\/p>\n","protected":false},"excerpt":{"rendered":"<p>Tras el gran resultado obtenido en 1989, el Toyota Team Europe volv\u00eda a la carga en 1990. Las mejoras en el Celica GT- four ST165 promet\u00edan darles ese extra necesario para desbancar a Lancia de las primeras posiciones y cambiar al fin el resultado del Mundial que llevaba 3 a\u00f1os seguidos en manos de la casa italiana.<\/p>\n","protected":false},"author":43146,"featured_media":62985,"comment_status":"open","ping_status":"open","sticky":false,"template":"","format":"standard","meta":{"footnotes":""},"categories":[164],"tags":[130,158],"class_list":["post-94221","post","type-post","status-publish","format-standard","hentry","category-de-leyenda","tag-otros-eventos-y-competiciones","tag-repsol"],"yoast_head":"<!-- This site is optimized with the Yoast SEO plugin v27.3 - https:\/\/yoast.com\/product\/yoast-seo-wordpress\/ -->\n<title>1990, el a\u00f1o en el que Carlos Sainz y Repsol ganaron el Mundial de Rallys - Box Repsol<\/title>\n<meta name=\"description\" content=\"Tras el gran resultado obtenido en 1989, Carlos Sainz y el Toyota Team Europe volv\u00eda a la carga en 1990.\" \/>\n<link rel=\"canonical\" href=\"https:\/\/www.boxrepsol.com\/es\/de-leyenda\/1990-ano-carlos-sainz-repsol-ganaron-mundial-rallys\/\" \/>\n<meta property=\"og:locale\" content=\"es_ES\" \/>\n<meta property=\"og:type\" content=\"article\" \/>\n<meta property=\"og:title\" content=\"1990, el a\u00f1o en el que Carlos Sainz y Repsol ganaron el Mundial de Rallys - Box Repsol\" \/>\n<meta property=\"og:description\" content=\"Tras el gran resultado obtenido en 1989, Carlos Sainz y el Toyota Team Europe volv\u00eda a la carga en 1990.\" \/>\n<meta property=\"og:url\" content=\"https:\/\/www.boxrepsol.com\/es\/de-leyenda\/1990-ano-carlos-sainz-repsol-ganaron-mundial-rallys\/\" \/>\n<meta property=\"og:site_name\" content=\"Box Repsol\" \/>\n<meta property=\"article:publisher\" content=\"https:\/\/www.facebook.com\/BoxRepsol\" \/>\n<meta property=\"article:author\" content=\"https:\/\/www.facebook.com\/BoxRepsol\/\" \/>\n<meta property=\"article:published_time\" content=\"2020-08-02T02:00:00+00:00\" \/>\n<meta property=\"article:modified_time\" content=\"2024-04-19T10:27:32+00:00\" \/>\n<meta property=\"og:image\" content=\"https:\/\/bxrepsol.s3.eu-west-1.amazonaws.com\/static\/2022\/08\/29090631\/00_CArlos_sainz_rally_nueva_zelanda_toyota_1990-1.jpg\" \/>\n\t<meta property=\"og:image:width\" content=\"1280\" \/>\n\t<meta property=\"og:image:height\" content=\"600\" \/>\n\t<meta property=\"og:image:type\" content=\"image\/jpeg\" \/>\n<meta name=\"author\" content=\"Redacci\u00f3n Box Repsol\" \/>\n<meta name=\"twitter:card\" content=\"summary_large_image\" \/>\n<meta name=\"twitter:creator\" content=\"@https:\/\/twitter.com\/box_repsol\" \/>\n<meta name=\"twitter:site\" content=\"@box_repsol\" \/>\n<meta name=\"twitter:label1\" content=\"Written by\" \/>\n\t<meta name=\"twitter:data1\" content=\"Redacci\u00f3n Box Repsol\" \/>\n\t<meta name=\"twitter:label2\" content=\"Est. reading time\" \/>\n\t<meta name=\"twitter:data2\" content=\"5 minutos\" \/>\n<script type=\"application\/ld+json\" class=\"yoast-schema-graph\">{\"@context\":\"https:\\\/\\\/schema.org\",\"@graph\":[{\"@type\":\"Article\",\"@id\":\"https:\\\/\\\/www.boxrepsol.com\\\/es\\\/de-leyenda\\\/1990-ano-carlos-sainz-repsol-ganaron-mundial-rallys\\\/#article\",\"isPartOf\":{\"@id\":\"https:\\\/\\\/www.boxrepsol.com\\\/es\\\/de-leyenda\\\/1990-ano-carlos-sainz-repsol-ganaron-mundial-rallys\\\/\"},\"author\":{\"name\":\"Redacci\u00f3n Box Repsol\",\"@id\":\"https:\\\/\\\/www.boxrepsol.com\\\/es\\\/#\\\/schema\\\/person\\\/c5c2138f2cca251b0ad92b7086bb60b7\"},\"headline\":\"1990, el a\u00f1o en el que Carlos Sainz y Repsol ganaron el Mundial de Rallys\",\"datePublished\":\"2020-08-02T02:00:00+00:00\",\"dateModified\":\"2024-04-19T10:27:32+00:00\",\"mainEntityOfPage\":{\"@id\":\"https:\\\/\\\/www.boxrepsol.com\\\/es\\\/de-leyenda\\\/1990-ano-carlos-sainz-repsol-ganaron-mundial-rallys\\\/\"},\"wordCount\":1057,\"commentCount\":0,\"publisher\":{\"@id\":\"https:\\\/\\\/www.boxrepsol.com\\\/es\\\/#organization\"},\"image\":{\"@id\":\"https:\\\/\\\/www.boxrepsol.com\\\/es\\\/de-leyenda\\\/1990-ano-carlos-sainz-repsol-ganaron-mundial-rallys\\\/#primaryimage\"},\"thumbnailUrl\":\"https:\\\/\\\/bxrepsol.s3.eu-west-1.amazonaws.com\\\/static\\\/2022\\\/08\\\/29090631\\\/00_CArlos_sainz_rally_nueva_zelanda_toyota_1990-1.jpg\",\"keywords\":[\"otros eventos y competiciones\",\"Repsol\"],\"articleSection\":[\"De leyenda\"],\"inLanguage\":\"es\",\"potentialAction\":[{\"@type\":\"CommentAction\",\"name\":\"Comment\",\"target\":[\"https:\\\/\\\/www.boxrepsol.com\\\/es\\\/de-leyenda\\\/1990-ano-carlos-sainz-repsol-ganaron-mundial-rallys\\\/#respond\"]}]},{\"@type\":\"WebPage\",\"@id\":\"https:\\\/\\\/www.boxrepsol.com\\\/es\\\/de-leyenda\\\/1990-ano-carlos-sainz-repsol-ganaron-mundial-rallys\\\/\",\"url\":\"https:\\\/\\\/www.boxrepsol.com\\\/es\\\/de-leyenda\\\/1990-ano-carlos-sainz-repsol-ganaron-mundial-rallys\\\/\",\"name\":\"1990, el a\u00f1o en el que Carlos Sainz y Repsol ganaron el Mundial de Rallys - Box Repsol\",\"isPartOf\":{\"@id\":\"https:\\\/\\\/www.boxrepsol.com\\\/es\\\/#website\"},\"primaryImageOfPage\":{\"@id\":\"https:\\\/\\\/www.boxrepsol.com\\\/es\\\/de-leyenda\\\/1990-ano-carlos-sainz-repsol-ganaron-mundial-rallys\\\/#primaryimage\"},\"image\":{\"@id\":\"https:\\\/\\\/www.boxrepsol.com\\\/es\\\/de-leyenda\\\/1990-ano-carlos-sainz-repsol-ganaron-mundial-rallys\\\/#primaryimage\"},\"thumbnailUrl\":\"https:\\\/\\\/bxrepsol.s3.eu-west-1.amazonaws.com\\\/static\\\/2022\\\/08\\\/29090631\\\/00_CArlos_sainz_rally_nueva_zelanda_toyota_1990-1.jpg\",\"datePublished\":\"2020-08-02T02:00:00+00:00\",\"dateModified\":\"2024-04-19T10:27:32+00:00\",\"description\":\"Tras el gran resultado obtenido en 1989, Carlos Sainz y el Toyota Team Europe volv\u00eda a la carga en 1990.\",\"breadcrumb\":{\"@id\":\"https:\\\/\\\/www.boxrepsol.com\\\/es\\\/de-leyenda\\\/1990-ano-carlos-sainz-repsol-ganaron-mundial-rallys\\\/#breadcrumb\"},\"inLanguage\":\"es\",\"potentialAction\":[{\"@type\":\"ReadAction\",\"target\":[\"https:\\\/\\\/www.boxrepsol.com\\\/es\\\/de-leyenda\\\/1990-ano-carlos-sainz-repsol-ganaron-mundial-rallys\\\/\"]}]},{\"@type\":\"ImageObject\",\"inLanguage\":\"es\",\"@id\":\"https:\\\/\\\/www.boxrepsol.com\\\/es\\\/de-leyenda\\\/1990-ano-carlos-sainz-repsol-ganaron-mundial-rallys\\\/#primaryimage\",\"url\":\"https:\\\/\\\/bxrepsol.s3.eu-west-1.amazonaws.com\\\/static\\\/2022\\\/08\\\/29090631\\\/00_CArlos_sainz_rally_nueva_zelanda_toyota_1990-1.jpg\",\"contentUrl\":\"https:\\\/\\\/bxrepsol.s3.eu-west-1.amazonaws.com\\\/static\\\/2022\\\/08\\\/29090631\\\/00_CArlos_sainz_rally_nueva_zelanda_toyota_1990-1.jpg\",\"width\":1280,\"height\":600,\"caption\":\"Carlos Sainz y Luis Moya en el Toyota Celica\"},{\"@type\":\"BreadcrumbList\",\"@id\":\"https:\\\/\\\/www.boxrepsol.com\\\/es\\\/de-leyenda\\\/1990-ano-carlos-sainz-repsol-ganaron-mundial-rallys\\\/#breadcrumb\",\"itemListElement\":[{\"@type\":\"ListItem\",\"position\":1,\"name\":\"Home\",\"item\":\"https:\\\/\\\/www.boxrepsol.com\\\/es\\\/\"},{\"@type\":\"ListItem\",\"position\":2,\"name\":\"1990, el a\u00f1o en el que Carlos Sainz y Repsol ganaron el Mundial de Rallys\"}]},{\"@type\":\"WebSite\",\"@id\":\"https:\\\/\\\/www.boxrepsol.com\\\/es\\\/#website\",\"url\":\"https:\\\/\\\/www.boxrepsol.com\\\/es\\\/\",\"name\":\"Box Repsol\",\"description\":\"Box Repsol Site\",\"publisher\":{\"@id\":\"https:\\\/\\\/www.boxrepsol.com\\\/es\\\/#organization\"},\"potentialAction\":[{\"@type\":\"SearchAction\",\"target\":{\"@type\":\"EntryPoint\",\"urlTemplate\":\"https:\\\/\\\/www.boxrepsol.com\\\/es\\\/?s={search_term_string}\"},\"query-input\":{\"@type\":\"PropertyValueSpecification\",\"valueRequired\":true,\"valueName\":\"search_term_string\"}}],\"inLanguage\":\"es\"},{\"@type\":\"Organization\",\"@id\":\"https:\\\/\\\/www.boxrepsol.com\\\/es\\\/#organization\",\"name\":\"Box Repsol\",\"url\":\"https:\\\/\\\/www.boxrepsol.com\\\/es\\\/\",\"logo\":{\"@type\":\"ImageObject\",\"inLanguage\":\"es\",\"@id\":\"https:\\\/\\\/www.boxrepsol.com\\\/es\\\/#\\\/schema\\\/logo\\\/image\\\/\",\"url\":\"https:\\\/\\\/bxrepsol.s3.eu-west-1.amazonaws.com\\\/static\\\/2025\\\/07\\\/30083337\\\/favicon-96x96-1.png\",\"contentUrl\":\"https:\\\/\\\/bxrepsol.s3.eu-west-1.amazonaws.com\\\/static\\\/2025\\\/07\\\/30083337\\\/favicon-96x96-1.png\",\"width\":96,\"height\":96,\"caption\":\"Box Repsol\"},\"image\":{\"@id\":\"https:\\\/\\\/www.boxrepsol.com\\\/es\\\/#\\\/schema\\\/logo\\\/image\\\/\"},\"sameAs\":[\"https:\\\/\\\/www.facebook.com\\\/BoxRepsol\",\"https:\\\/\\\/x.com\\\/box_repsol\",\"http:\\\/\\\/instagram.com\\\/box_repsol\",\"https:\\\/\\\/www.youtube.com\\\/user\\\/RepsolCompeticion\",\"https:\\\/\\\/www.flickr.com\\\/photos\\\/box_repsol\\\/\"]},{\"@type\":\"Person\",\"@id\":\"https:\\\/\\\/www.boxrepsol.com\\\/es\\\/#\\\/schema\\\/person\\\/c5c2138f2cca251b0ad92b7086bb60b7\",\"name\":\"Redacci\u00f3n Box Repsol\",\"image\":{\"@type\":\"ImageObject\",\"inLanguage\":\"es\",\"@id\":\"https:\\\/\\\/secure.gravatar.com\\\/avatar\\\/adf7b77e38b4419baf32c7e9c21dde01f4e40df611f0978e3006fc4ba0aaab7e?s=96&d=mm&r=g\",\"url\":\"https:\\\/\\\/secure.gravatar.com\\\/avatar\\\/adf7b77e38b4419baf32c7e9c21dde01f4e40df611f0978e3006fc4ba0aaab7e?s=96&d=mm&r=g\",\"contentUrl\":\"https:\\\/\\\/secure.gravatar.com\\\/avatar\\\/adf7b77e38b4419baf32c7e9c21dde01f4e40df611f0978e3006fc4ba0aaab7e?s=96&d=mm&r=g\",\"caption\":\"Redacci\u00f3n Box Repsol\"},\"description\":\"Box Repsol lo forma un equipo de periodistas, community managers, dise\u00f1adores y fot\u00f3grafos con m\u00e1s de 20 a\u00f1os de experiencia en el mundo del motorsport. Hemos vivido el primer mundial de un espa\u00f1ol en la categor\u00eda reina de motociclismo con \u00c1lex Crivill\u00e9, estuvimos en las victorias de Pedrosa y los t\u00edtulos de M\u00e1rquez, acompa\u00f1amos en \u00c1frica a Nani Roma y Marc Coma en sus conquistas del Dakar y hemos vibrado con los t\u00edtulos de Toni Bou en Trial. Adem\u00e1s, en nuestro equipo contamos con expertos en el mundo de las dos y cuatro ruedas tanto de la calle y las carreteras, como de los circuitos. Periodistas que han trabajado en revistas y publicaciones para hacerte llegar desde rutas y consejos de mantenimiento, a curiosidades y trucos de pilotaje.\",\"sameAs\":[\"https:\\\/\\\/www.facebook.com\\\/BoxRepsol\\\/\",\"https:\\\/\\\/www.instagram.com\\\/box_repsol\\\/\",\"https:\\\/\\\/x.com\\\/https:\\\/\\\/twitter.com\\\/box_repsol\",\"https:\\\/\\\/www.youtube.com\\\/@Boxrepsol\"],\"url\":\"https:\\\/\\\/www.boxrepsol.com\\\/es\\\/author\\\/redaccion-box-repsol\\\/\"}]}<\/script>\n<!-- \/ Yoast SEO plugin. -->","yoast_head_json":{"title":"1990, el a\u00f1o en el que Carlos Sainz y Repsol ganaron el Mundial de Rallys - Box Repsol","description":"Tras el gran resultado obtenido en 1989, Carlos Sainz y el Toyota Team Europe volv\u00eda a la carga en 1990.","canonical":"https:\/\/www.boxrepsol.com\/es\/de-leyenda\/1990-ano-carlos-sainz-repsol-ganaron-mundial-rallys\/","og_locale":"es_ES","og_type":"article","og_title":"1990, el a\u00f1o en el que Carlos Sainz y Repsol ganaron el Mundial de Rallys - Box Repsol","og_description":"Tras el gran resultado obtenido en 1989, Carlos Sainz y el Toyota Team Europe volv\u00eda a la carga en 1990.","og_url":"https:\/\/www.boxrepsol.com\/es\/de-leyenda\/1990-ano-carlos-sainz-repsol-ganaron-mundial-rallys\/","og_site_name":"Box Repsol","article_publisher":"https:\/\/www.facebook.com\/BoxRepsol","article_author":"https:\/\/www.facebook.com\/BoxRepsol\/","article_published_time":"2020-08-02T02:00:00+00:00","article_modified_time":"2024-04-19T10:27:32+00:00","og_image":[{"width":1280,"height":600,"url":"https:\/\/bxrepsol.s3.eu-west-1.amazonaws.com\/static\/2022\/08\/29090631\/00_CArlos_sainz_rally_nueva_zelanda_toyota_1990-1.jpg","type":"image\/jpeg"}],"author":"Redacci\u00f3n Box Repsol","twitter_card":"summary_large_image","twitter_creator":"@https:\/\/twitter.com\/box_repsol","twitter_site":"@box_repsol","twitter_misc":{"Written by":"Redacci\u00f3n Box Repsol","Est. reading time":"5 minutos"},"schema":{"@context":"https:\/\/schema.org","@graph":[{"@type":"Article","@id":"https:\/\/www.boxrepsol.com\/es\/de-leyenda\/1990-ano-carlos-sainz-repsol-ganaron-mundial-rallys\/#article","isPartOf":{"@id":"https:\/\/www.boxrepsol.com\/es\/de-leyenda\/1990-ano-carlos-sainz-repsol-ganaron-mundial-rallys\/"},"author":{"name":"Redacci\u00f3n Box Repsol","@id":"https:\/\/www.boxrepsol.com\/es\/#\/schema\/person\/c5c2138f2cca251b0ad92b7086bb60b7"},"headline":"1990, el a\u00f1o en el que Carlos Sainz y Repsol ganaron el Mundial de Rallys","datePublished":"2020-08-02T02:00:00+00:00","dateModified":"2024-04-19T10:27:32+00:00","mainEntityOfPage":{"@id":"https:\/\/www.boxrepsol.com\/es\/de-leyenda\/1990-ano-carlos-sainz-repsol-ganaron-mundial-rallys\/"},"wordCount":1057,"commentCount":0,"publisher":{"@id":"https:\/\/www.boxrepsol.com\/es\/#organization"},"image":{"@id":"https:\/\/www.boxrepsol.com\/es\/de-leyenda\/1990-ano-carlos-sainz-repsol-ganaron-mundial-rallys\/#primaryimage"},"thumbnailUrl":"https:\/\/bxrepsol.s3.eu-west-1.amazonaws.com\/static\/2022\/08\/29090631\/00_CArlos_sainz_rally_nueva_zelanda_toyota_1990-1.jpg","keywords":["otros eventos y competiciones","Repsol"],"articleSection":["De leyenda"],"inLanguage":"es","potentialAction":[{"@type":"CommentAction","name":"Comment","target":["https:\/\/www.boxrepsol.com\/es\/de-leyenda\/1990-ano-carlos-sainz-repsol-ganaron-mundial-rallys\/#respond"]}]},{"@type":"WebPage","@id":"https:\/\/www.boxrepsol.com\/es\/de-leyenda\/1990-ano-carlos-sainz-repsol-ganaron-mundial-rallys\/","url":"https:\/\/www.boxrepsol.com\/es\/de-leyenda\/1990-ano-carlos-sainz-repsol-ganaron-mundial-rallys\/","name":"1990, el a\u00f1o en el que Carlos Sainz y Repsol ganaron el Mundial de Rallys - Box Repsol","isPartOf":{"@id":"https:\/\/www.boxrepsol.com\/es\/#website"},"primaryImageOfPage":{"@id":"https:\/\/www.boxrepsol.com\/es\/de-leyenda\/1990-ano-carlos-sainz-repsol-ganaron-mundial-rallys\/#primaryimage"},"image":{"@id":"https:\/\/www.boxrepsol.com\/es\/de-leyenda\/1990-ano-carlos-sainz-repsol-ganaron-mundial-rallys\/#primaryimage"},"thumbnailUrl":"https:\/\/bxrepsol.s3.eu-west-1.amazonaws.com\/static\/2022\/08\/29090631\/00_CArlos_sainz_rally_nueva_zelanda_toyota_1990-1.jpg","datePublished":"2020-08-02T02:00:00+00:00","dateModified":"2024-04-19T10:27:32+00:00","description":"Tras el gran resultado obtenido en 1989, Carlos Sainz y el Toyota Team Europe volv\u00eda a la carga en 1990.","breadcrumb":{"@id":"https:\/\/www.boxrepsol.com\/es\/de-leyenda\/1990-ano-carlos-sainz-repsol-ganaron-mundial-rallys\/#breadcrumb"},"inLanguage":"es","potentialAction":[{"@type":"ReadAction","target":["https:\/\/www.boxrepsol.com\/es\/de-leyenda\/1990-ano-carlos-sainz-repsol-ganaron-mundial-rallys\/"]}]},{"@type":"ImageObject","inLanguage":"es","@id":"https:\/\/www.boxrepsol.com\/es\/de-leyenda\/1990-ano-carlos-sainz-repsol-ganaron-mundial-rallys\/#primaryimage","url":"https:\/\/bxrepsol.s3.eu-west-1.amazonaws.com\/static\/2022\/08\/29090631\/00_CArlos_sainz_rally_nueva_zelanda_toyota_1990-1.jpg","contentUrl":"https:\/\/bxrepsol.s3.eu-west-1.amazonaws.com\/static\/2022\/08\/29090631\/00_CArlos_sainz_rally_nueva_zelanda_toyota_1990-1.jpg","width":1280,"height":600,"caption":"Carlos Sainz y Luis Moya en el Toyota Celica"},{"@type":"BreadcrumbList","@id":"https:\/\/www.boxrepsol.com\/es\/de-leyenda\/1990-ano-carlos-sainz-repsol-ganaron-mundial-rallys\/#breadcrumb","itemListElement":[{"@type":"ListItem","position":1,"name":"Home","item":"https:\/\/www.boxrepsol.com\/es\/"},{"@type":"ListItem","position":2,"name":"1990, el a\u00f1o en el que Carlos Sainz y Repsol ganaron el Mundial de Rallys"}]},{"@type":"WebSite","@id":"https:\/\/www.boxrepsol.com\/es\/#website","url":"https:\/\/www.boxrepsol.com\/es\/","name":"Box Repsol","description":"Box Repsol Site","publisher":{"@id":"https:\/\/www.boxrepsol.com\/es\/#organization"},"potentialAction":[{"@type":"SearchAction","target":{"@type":"EntryPoint","urlTemplate":"https:\/\/www.boxrepsol.com\/es\/?s={search_term_string}"},"query-input":{"@type":"PropertyValueSpecification","valueRequired":true,"valueName":"search_term_string"}}],"inLanguage":"es"},{"@type":"Organization","@id":"https:\/\/www.boxrepsol.com\/es\/#organization","name":"Box Repsol","url":"https:\/\/www.boxrepsol.com\/es\/","logo":{"@type":"ImageObject","inLanguage":"es","@id":"https:\/\/www.boxrepsol.com\/es\/#\/schema\/logo\/image\/","url":"https:\/\/bxrepsol.s3.eu-west-1.amazonaws.com\/static\/2025\/07\/30083337\/favicon-96x96-1.png","contentUrl":"https:\/\/bxrepsol.s3.eu-west-1.amazonaws.com\/static\/2025\/07\/30083337\/favicon-96x96-1.png","width":96,"height":96,"caption":"Box Repsol"},"image":{"@id":"https:\/\/www.boxrepsol.com\/es\/#\/schema\/logo\/image\/"},"sameAs":["https:\/\/www.facebook.com\/BoxRepsol","https:\/\/x.com\/box_repsol","http:\/\/instagram.com\/box_repsol","https:\/\/www.youtube.com\/user\/RepsolCompeticion","https:\/\/www.flickr.com\/photos\/box_repsol\/"]},{"@type":"Person","@id":"https:\/\/www.boxrepsol.com\/es\/#\/schema\/person\/c5c2138f2cca251b0ad92b7086bb60b7","name":"Redacci\u00f3n Box Repsol","image":{"@type":"ImageObject","inLanguage":"es","@id":"https:\/\/secure.gravatar.com\/avatar\/adf7b77e38b4419baf32c7e9c21dde01f4e40df611f0978e3006fc4ba0aaab7e?s=96&d=mm&r=g","url":"https:\/\/secure.gravatar.com\/avatar\/adf7b77e38b4419baf32c7e9c21dde01f4e40df611f0978e3006fc4ba0aaab7e?s=96&d=mm&r=g","contentUrl":"https:\/\/secure.gravatar.com\/avatar\/adf7b77e38b4419baf32c7e9c21dde01f4e40df611f0978e3006fc4ba0aaab7e?s=96&d=mm&r=g","caption":"Redacci\u00f3n Box Repsol"},"description":"Box Repsol lo forma un equipo de periodistas, community managers, dise\u00f1adores y fot\u00f3grafos con m\u00e1s de 20 a\u00f1os de experiencia en el mundo del motorsport. Hemos vivido el primer mundial de un espa\u00f1ol en la categor\u00eda reina de motociclismo con \u00c1lex Crivill\u00e9, estuvimos en las victorias de Pedrosa y los t\u00edtulos de M\u00e1rquez, acompa\u00f1amos en \u00c1frica a Nani Roma y Marc Coma en sus conquistas del Dakar y hemos vibrado con los t\u00edtulos de Toni Bou en Trial. Adem\u00e1s, en nuestro equipo contamos con expertos en el mundo de las dos y cuatro ruedas tanto de la calle y las carreteras, como de los circuitos. Periodistas que han trabajado en revistas y publicaciones para hacerte llegar desde rutas y consejos de mantenimiento, a curiosidades y trucos de pilotaje.","sameAs":["https:\/\/www.facebook.com\/BoxRepsol\/","https:\/\/www.instagram.com\/box_repsol\/","https:\/\/x.com\/https:\/\/twitter.com\/box_repsol","https:\/\/www.youtube.com\/@Boxrepsol"],"url":"https:\/\/www.boxrepsol.com\/es\/author\/redaccion-box-repsol\/"}]}},"_links":{"self":[{"href":"https:\/\/www.boxrepsol.com\/es\/wp-json\/wp\/v2\/posts\/94221","targetHints":{"allow":["GET"]}}],"collection":[{"href":"https:\/\/www.boxrepsol.com\/es\/wp-json\/wp\/v2\/posts"}],"about":[{"href":"https:\/\/www.boxrepsol.com\/es\/wp-json\/wp\/v2\/types\/post"}],"author":[{"embeddable":true,"href":"https:\/\/www.boxrepsol.com\/es\/wp-json\/wp\/v2\/users\/43146"}],"replies":[{"embeddable":true,"href":"https:\/\/www.boxrepsol.com\/es\/wp-json\/wp\/v2\/comments?post=94221"}],"version-history":[{"count":10,"href":"https:\/\/www.boxrepsol.com\/es\/wp-json\/wp\/v2\/posts\/94221\/revisions"}],"predecessor-version":[{"id":114335,"href":"https:\/\/www.boxrepsol.com\/es\/wp-json\/wp\/v2\/posts\/94221\/revisions\/114335"}],"wp:featuredmedia":[{"embeddable":true,"href":"https:\/\/www.boxrepsol.com\/es\/wp-json\/wp\/v2\/media\/62985"}],"wp:attachment":[{"href":"https:\/\/www.boxrepsol.com\/es\/wp-json\/wp\/v2\/media?parent=94221"}],"wp:term":[{"taxonomy":"category","embeddable":true,"href":"https:\/\/www.boxrepsol.com\/es\/wp-json\/wp\/v2\/categories?post=94221"},{"taxonomy":"post_tag","embeddable":true,"href":"https:\/\/www.boxrepsol.com\/es\/wp-json\/wp\/v2\/tags?post=94221"}],"curies":[{"name":"wp","href":"https:\/\/api.w.org\/{rel}","templated":true}]}}