{"id":94206,"date":"2019-10-20T00:00:00","date_gmt":"2019-10-20T02:00:00","guid":{"rendered":"http:\/\/pre.boxrepsol.com\/sin-categorizar\/sergio-garcia-roza-podio-mejor-carrera-la-temporada\/"},"modified":"2024-04-25T07:11:37","modified_gmt":"2024-04-25T09:11:37","slug":"sergio-garcia-roza-podio-mejor-carrera-la-temporada","status":"publish","type":"post","link":"https:\/\/www.boxrepsol.com\/es\/motogp\/sergio-garcia-roza-podio-mejor-carrera-la-temporada\/","title":{"rendered":"Sergio Garc\u00eda roza el podio en su mejor carrera de la temporada"},"content":{"rendered":"<p>Partiendo desde la segunda fila, su mejor resultado del a\u00f1o en entrenamientos, <strong>Sergio Garc\u00eda<\/strong> ha permanecido toda la carrera en el grupo de cabeza, entre la segunda y la cuarta posici\u00f3n.<\/p>\n<p>Con el paso de las vueltas, el pelot\u00f3n de carrera se ha ido reduciendo y se ha llegado al \u00faltimo giro con cinco pilotos con opciones de podio, siendo finalmente Sergio quien <strong>ha cerrado el grupo, cruzando la meta a apenas 437 mil\u00e9simas del primero.<\/strong><\/p>\n<p><strong>Alonso L\u00f3pez<\/strong>, que sal\u00eda por primera vez en su carrera mundialista desde la primera fila de la parrilla, ha cedido terreno en los primeros giros, hasta estabilizarse en el segundo grupo y cruzando la meta en novena posici\u00f3n.<\/p>\n<p><strong>Ryusei Yamanaka<\/strong> ha vuelto a participar como piloto invitado en esta carrera y ha sumado un punto, tras terminar decimoquinto en un tercer grupo que luchaba desde la d\u00e9cima a la decimonovena posici\u00f3n.<\/p>\n<p>                <!-- Imagen relacionada --><br \/>\n        <img loading=\"lazy\" decoding=\"async\" width=\"404\" height=\"336\" src=\"https:\/\/bxrepsol.s3.eu-west-1.amazonaws.com\/static\/2022\/08\/29090552\/Marc-Marquez-en-Japon-2019.jpg\" alt=\"\" \/><br \/>\n                <!-- Categor\u00eda --><br \/>\n            MotoGP<br \/>\n        <!-- T\u00edtulo --><br \/>\n        <a href=\"https:\/\/www.boxrepsol.com\/es\/motogp\/qualifying-practice-motogp-japan\/\"><\/p>\n<h3>Primera \u2018pole\u2019 japonesa de Marc M\u00e1rquez en MotoGP<\/h3>\n<p>        <\/a><br \/>\n                    <!-- Fecha --><br \/>\n            hace 1 hora        <\/p>\n<h2>GP de Jap\u00f3n 2019 &#8211; Moto3 Carrera &#8211; Declaraciones de los pilotos<\/h2>\n<p><strong>Al\u00f3nso L\u00f3pez<\/strong><\/p>\n<p><em>No estoy muy contento, ya que <strong>creo que podr\u00eda haber logrado algo m\u00e1s<\/strong>. No he podido gestionar bien la carrera y he ido perdiendo terreno poco a poco; no consegu\u00eda adelantar posiciones. Al final me he quedado en el segundo grupo, algo m\u00e1s atr\u00e1s, y entonces he podido rodar bastante m\u00e1s c\u00f3modo hasta el final de la carrera. Hemos terminado entre los diez primeros, pero esta vez no estoy muy satisfecho. De todos modos, sirve para tener m\u00e1s puntos para el campeonato y para seguir evolucionando.<\/em><\/p>\n<hr \/>\n<p><strong>Sergio Garc\u00eda<\/strong><\/p>\n<p><em>Estoy muy contento, porque en general <strong>todo el fin de semana ha sido bueno<\/strong>. Ya en Tailandia logramos una buena puesta a punto que aqu\u00ed me ha permitido pilotar m\u00e1s c\u00f3modo desde el principio. Hoy sal\u00edamos delante, as\u00ed que he iniciado la carrera con el objetivo de dar el m\u00e1ximo y ver qu\u00e9 pasaba. Esperaba poder irme con el grupo y as\u00ed ha sido; he estado siempre entre la segunda y la cuarta posici\u00f3n.<strong> Es algo muy positivo, ya que es la primera vez esta temporada que estamos tan adelante<\/strong> y eso demuestra que estamos mejorando poco a poco.<\/em><\/p>\n<hr \/>\n<p><strong>Ryusei Yamanaka<\/strong><\/p>\n<p><em>Estoy muy contento con la carrera de hoy, porque<strong> he podido luchar por la d\u00e9cima posici\u00f3n<\/strong>, hasta que me he tocado con otro piloto y he tenido que cerrar el acelerador y me han adelantado. Si hubiera tenido un poco de suerte, podr\u00eda haber terminado tres posiciones m\u00e1s arriba, pero ha sido fant\u00e1stico. En la parte final <strong>ha habido una lucha incre\u00edble, con pilotos muy buenos, y me ha permitido ganar mucha experiencia<\/strong>. Mi moto era m\u00e1s lenta, pero me he centrado en mi trazada y en salir bien de las curvas, para acelerar lo antes posible y as\u00ed poder alcanzar los otros rivales. Me he visto fuerte en las frenadas y me he divertido mucho.<\/em><\/p>\n","protected":false},"excerpt":{"rendered":"<p>El piloto Repsol de Moto3 ha sido quinto, a cuatro d\u00e9cimas del vencedor, en su primera visita a Jap\u00f3n.<\/p>\n","protected":false},"author":43146,"featured_media":62920,"comment_status":"open","ping_status":"open","sticky":false,"template":"","format":"standard","meta":{"footnotes":""},"categories":[4],"tags":[140],"class_list":["post-94206","post","type-post","status-publish","format-standard","hentry","category-motogp","tag-motogp-japon"],"yoast_head":"<!-- This site is optimized with the Yoast SEO plugin v27.3 - https:\/\/yoast.com\/product\/yoast-seo-wordpress\/ -->\n<title>GP de Jap\u00f3n - Moto3 - Carrera - Sergio Garc\u00eda roza el podio en su mejor carrera de la temporada<\/title>\n<meta name=\"description\" content=\"El piloto Repsol de Moto3 ha sido quinto, a cuatro d\u00e9cimas del vencedor, en su primera visita a Jap\u00f3n.\" \/>\n<link rel=\"canonical\" href=\"https:\/\/www.boxrepsol.com\/es\/motogp\/sergio-garcia-roza-podio-mejor-carrera-la-temporada\/\" \/>\n<meta property=\"og:locale\" content=\"es_ES\" \/>\n<meta property=\"og:type\" content=\"article\" \/>\n<meta property=\"og:title\" content=\"GP de Jap\u00f3n - Moto3 - Carrera - Sergio Garc\u00eda roza el podio en su mejor carrera de la temporada\" \/>\n<meta property=\"og:description\" content=\"El piloto Repsol de Moto3 ha sido quinto, a cuatro d\u00e9cimas del vencedor, en su primera visita a Jap\u00f3n.\" \/>\n<meta property=\"og:url\" content=\"https:\/\/www.boxrepsol.com\/es\/motogp\/sergio-garcia-roza-podio-mejor-carrera-la-temporada\/\" \/>\n<meta property=\"og:site_name\" content=\"Box Repsol\" \/>\n<meta property=\"article:publisher\" content=\"https:\/\/www.facebook.com\/BoxRepsol\" \/>\n<meta property=\"article:author\" content=\"https:\/\/www.facebook.com\/BoxRepsol\/\" \/>\n<meta property=\"article:published_time\" content=\"2019-10-20T02:00:00+00:00\" \/>\n<meta property=\"article:modified_time\" content=\"2024-04-25T09:11:37+00:00\" \/>\n<meta property=\"og:image\" content=\"https:\/\/bxrepsol.s3.eu-west-1.amazonaws.com\/static\/2022\/08\/29090554\/Pilotos-de-Moto3-en-Japon-2019.jpg\" \/>\n\t<meta property=\"og:image:width\" content=\"1280\" \/>\n\t<meta property=\"og:image:height\" content=\"600\" \/>\n\t<meta property=\"og:image:type\" content=\"image\/jpeg\" \/>\n<meta name=\"author\" content=\"Redacci\u00f3n Box Repsol\" \/>\n<meta name=\"twitter:card\" content=\"summary_large_image\" \/>\n<meta name=\"twitter:creator\" content=\"@https:\/\/twitter.com\/box_repsol\" \/>\n<meta name=\"twitter:site\" content=\"@box_repsol\" \/>\n<meta name=\"twitter:label1\" content=\"Written by\" \/>\n\t<meta name=\"twitter:data1\" content=\"Redacci\u00f3n Box Repsol\" \/>\n\t<meta name=\"twitter:label2\" content=\"Est. reading time\" \/>\n\t<meta name=\"twitter:data2\" content=\"3 minutos\" \/>\n<script type=\"application\/ld+json\" class=\"yoast-schema-graph\">{\"@context\":\"https:\\\/\\\/schema.org\",\"@graph\":[{\"@type\":\"Article\",\"@id\":\"https:\\\/\\\/www.boxrepsol.com\\\/es\\\/motogp\\\/sergio-garcia-roza-podio-mejor-carrera-la-temporada\\\/#article\",\"isPartOf\":{\"@id\":\"https:\\\/\\\/www.boxrepsol.com\\\/es\\\/motogp\\\/sergio-garcia-roza-podio-mejor-carrera-la-temporada\\\/\"},\"author\":{\"name\":\"Redacci\u00f3n Box Repsol\",\"@id\":\"https:\\\/\\\/www.boxrepsol.com\\\/es\\\/#\\\/schema\\\/person\\\/c5c2138f2cca251b0ad92b7086bb60b7\"},\"headline\":\"Sergio Garc\u00eda roza el podio en su mejor carrera de la temporada\",\"datePublished\":\"2019-10-20T02:00:00+00:00\",\"dateModified\":\"2024-04-25T09:11:37+00:00\",\"mainEntityOfPage\":{\"@id\":\"https:\\\/\\\/www.boxrepsol.com\\\/es\\\/motogp\\\/sergio-garcia-roza-podio-mejor-carrera-la-temporada\\\/\"},\"wordCount\":523,\"commentCount\":0,\"publisher\":{\"@id\":\"https:\\\/\\\/www.boxrepsol.com\\\/es\\\/#organization\"},\"image\":{\"@id\":\"https:\\\/\\\/www.boxrepsol.com\\\/es\\\/motogp\\\/sergio-garcia-roza-podio-mejor-carrera-la-temporada\\\/#primaryimage\"},\"thumbnailUrl\":\"https:\\\/\\\/bxrepsol.s3.eu-west-1.amazonaws.com\\\/static\\\/2022\\\/08\\\/29090554\\\/Pilotos-de-Moto3-en-Japon-2019.jpg\",\"keywords\":[\"MotoGP Jap\u00f3n\"],\"articleSection\":[\"MotoGP\"],\"inLanguage\":\"es\",\"potentialAction\":[{\"@type\":\"CommentAction\",\"name\":\"Comment\",\"target\":[\"https:\\\/\\\/www.boxrepsol.com\\\/es\\\/motogp\\\/sergio-garcia-roza-podio-mejor-carrera-la-temporada\\\/#respond\"]}]},{\"@type\":\"WebPage\",\"@id\":\"https:\\\/\\\/www.boxrepsol.com\\\/es\\\/motogp\\\/sergio-garcia-roza-podio-mejor-carrera-la-temporada\\\/\",\"url\":\"https:\\\/\\\/www.boxrepsol.com\\\/es\\\/motogp\\\/sergio-garcia-roza-podio-mejor-carrera-la-temporada\\\/\",\"name\":\"GP de Jap\u00f3n - Moto3 - Carrera - Sergio Garc\u00eda roza el podio en su mejor carrera de la temporada\",\"isPartOf\":{\"@id\":\"https:\\\/\\\/www.boxrepsol.com\\\/es\\\/#website\"},\"primaryImageOfPage\":{\"@id\":\"https:\\\/\\\/www.boxrepsol.com\\\/es\\\/motogp\\\/sergio-garcia-roza-podio-mejor-carrera-la-temporada\\\/#primaryimage\"},\"image\":{\"@id\":\"https:\\\/\\\/www.boxrepsol.com\\\/es\\\/motogp\\\/sergio-garcia-roza-podio-mejor-carrera-la-temporada\\\/#primaryimage\"},\"thumbnailUrl\":\"https:\\\/\\\/bxrepsol.s3.eu-west-1.amazonaws.com\\\/static\\\/2022\\\/08\\\/29090554\\\/Pilotos-de-Moto3-en-Japon-2019.jpg\",\"datePublished\":\"2019-10-20T02:00:00+00:00\",\"dateModified\":\"2024-04-25T09:11:37+00:00\",\"description\":\"El piloto Repsol de Moto3 ha sido quinto, a cuatro d\u00e9cimas del vencedor, en su primera visita a Jap\u00f3n.\",\"breadcrumb\":{\"@id\":\"https:\\\/\\\/www.boxrepsol.com\\\/es\\\/motogp\\\/sergio-garcia-roza-podio-mejor-carrera-la-temporada\\\/#breadcrumb\"},\"inLanguage\":\"es\",\"potentialAction\":[{\"@type\":\"ReadAction\",\"target\":[\"https:\\\/\\\/www.boxrepsol.com\\\/es\\\/motogp\\\/sergio-garcia-roza-podio-mejor-carrera-la-temporada\\\/\"]}]},{\"@type\":\"ImageObject\",\"inLanguage\":\"es\",\"@id\":\"https:\\\/\\\/www.boxrepsol.com\\\/es\\\/motogp\\\/sergio-garcia-roza-podio-mejor-carrera-la-temporada\\\/#primaryimage\",\"url\":\"https:\\\/\\\/bxrepsol.s3.eu-west-1.amazonaws.com\\\/static\\\/2022\\\/08\\\/29090554\\\/Pilotos-de-Moto3-en-Japon-2019.jpg\",\"contentUrl\":\"https:\\\/\\\/bxrepsol.s3.eu-west-1.amazonaws.com\\\/static\\\/2022\\\/08\\\/29090554\\\/Pilotos-de-Moto3-en-Japon-2019.jpg\",\"width\":1280,\"height\":600,\"caption\":\"16 Japon GP 17, 18, 19 y 20 de octubre de 2019, circuito de Motegui, Jap\u00f3n\"},{\"@type\":\"BreadcrumbList\",\"@id\":\"https:\\\/\\\/www.boxrepsol.com\\\/es\\\/motogp\\\/sergio-garcia-roza-podio-mejor-carrera-la-temporada\\\/#breadcrumb\",\"itemListElement\":[{\"@type\":\"ListItem\",\"position\":1,\"name\":\"Home\",\"item\":\"https:\\\/\\\/www.boxrepsol.com\\\/es\\\/\"},{\"@type\":\"ListItem\",\"position\":2,\"name\":\"Sergio Garc\u00eda roza el podio en su mejor carrera de la temporada\"}]},{\"@type\":\"WebSite\",\"@id\":\"https:\\\/\\\/www.boxrepsol.com\\\/es\\\/#website\",\"url\":\"https:\\\/\\\/www.boxrepsol.com\\\/es\\\/\",\"name\":\"Box Repsol\",\"description\":\"Box Repsol Site\",\"publisher\":{\"@id\":\"https:\\\/\\\/www.boxrepsol.com\\\/es\\\/#organization\"},\"potentialAction\":[{\"@type\":\"SearchAction\",\"target\":{\"@type\":\"EntryPoint\",\"urlTemplate\":\"https:\\\/\\\/www.boxrepsol.com\\\/es\\\/?s={search_term_string}\"},\"query-input\":{\"@type\":\"PropertyValueSpecification\",\"valueRequired\":true,\"valueName\":\"search_term_string\"}}],\"inLanguage\":\"es\"},{\"@type\":\"Organization\",\"@id\":\"https:\\\/\\\/www.boxrepsol.com\\\/es\\\/#organization\",\"name\":\"Box Repsol\",\"url\":\"https:\\\/\\\/www.boxrepsol.com\\\/es\\\/\",\"logo\":{\"@type\":\"ImageObject\",\"inLanguage\":\"es\",\"@id\":\"https:\\\/\\\/www.boxrepsol.com\\\/es\\\/#\\\/schema\\\/logo\\\/image\\\/\",\"url\":\"https:\\\/\\\/bxrepsol.s3.eu-west-1.amazonaws.com\\\/static\\\/2025\\\/07\\\/30083337\\\/favicon-96x96-1.png\",\"contentUrl\":\"https:\\\/\\\/bxrepsol.s3.eu-west-1.amazonaws.com\\\/static\\\/2025\\\/07\\\/30083337\\\/favicon-96x96-1.png\",\"width\":96,\"height\":96,\"caption\":\"Box Repsol\"},\"image\":{\"@id\":\"https:\\\/\\\/www.boxrepsol.com\\\/es\\\/#\\\/schema\\\/logo\\\/image\\\/\"},\"sameAs\":[\"https:\\\/\\\/www.facebook.com\\\/BoxRepsol\",\"https:\\\/\\\/x.com\\\/box_repsol\",\"http:\\\/\\\/instagram.com\\\/box_repsol\",\"https:\\\/\\\/www.youtube.com\\\/user\\\/RepsolCompeticion\",\"https:\\\/\\\/www.flickr.com\\\/photos\\\/box_repsol\\\/\"]},{\"@type\":\"Person\",\"@id\":\"https:\\\/\\\/www.boxrepsol.com\\\/es\\\/#\\\/schema\\\/person\\\/c5c2138f2cca251b0ad92b7086bb60b7\",\"name\":\"Redacci\u00f3n Box Repsol\",\"image\":{\"@type\":\"ImageObject\",\"inLanguage\":\"es\",\"@id\":\"https:\\\/\\\/secure.gravatar.com\\\/avatar\\\/adf7b77e38b4419baf32c7e9c21dde01f4e40df611f0978e3006fc4ba0aaab7e?s=96&d=mm&r=g\",\"url\":\"https:\\\/\\\/secure.gravatar.com\\\/avatar\\\/adf7b77e38b4419baf32c7e9c21dde01f4e40df611f0978e3006fc4ba0aaab7e?s=96&d=mm&r=g\",\"contentUrl\":\"https:\\\/\\\/secure.gravatar.com\\\/avatar\\\/adf7b77e38b4419baf32c7e9c21dde01f4e40df611f0978e3006fc4ba0aaab7e?s=96&d=mm&r=g\",\"caption\":\"Redacci\u00f3n Box Repsol\"},\"description\":\"Box Repsol lo forma un equipo de periodistas, community managers, dise\u00f1adores y fot\u00f3grafos con m\u00e1s de 20 a\u00f1os de experiencia en el mundo del motorsport. Hemos vivido el primer mundial de un espa\u00f1ol en la categor\u00eda reina de motociclismo con \u00c1lex Crivill\u00e9, estuvimos en las victorias de Pedrosa y los t\u00edtulos de M\u00e1rquez, acompa\u00f1amos en \u00c1frica a Nani Roma y Marc Coma en sus conquistas del Dakar y hemos vibrado con los t\u00edtulos de Toni Bou en Trial. Adem\u00e1s, en nuestro equipo contamos con expertos en el mundo de las dos y cuatro ruedas tanto de la calle y las carreteras, como de los circuitos. Periodistas que han trabajado en revistas y publicaciones para hacerte llegar desde rutas y consejos de mantenimiento, a curiosidades y trucos de pilotaje.\",\"sameAs\":[\"https:\\\/\\\/www.facebook.com\\\/BoxRepsol\\\/\",\"https:\\\/\\\/www.instagram.com\\\/box_repsol\\\/\",\"https:\\\/\\\/x.com\\\/https:\\\/\\\/twitter.com\\\/box_repsol\",\"https:\\\/\\\/www.youtube.com\\\/@Boxrepsol\"],\"url\":\"https:\\\/\\\/www.boxrepsol.com\\\/es\\\/author\\\/redaccion-box-repsol\\\/\"}]}<\/script>\n<!-- \/ Yoast SEO plugin. -->","yoast_head_json":{"title":"GP de Jap\u00f3n - Moto3 - Carrera - Sergio Garc\u00eda roza el podio en su mejor carrera de la temporada","description":"El piloto Repsol de Moto3 ha sido quinto, a cuatro d\u00e9cimas del vencedor, en su primera visita a Jap\u00f3n.","canonical":"https:\/\/www.boxrepsol.com\/es\/motogp\/sergio-garcia-roza-podio-mejor-carrera-la-temporada\/","og_locale":"es_ES","og_type":"article","og_title":"GP de Jap\u00f3n - Moto3 - Carrera - Sergio Garc\u00eda roza el podio en su mejor carrera de la temporada","og_description":"El piloto Repsol de Moto3 ha sido quinto, a cuatro d\u00e9cimas del vencedor, en su primera visita a Jap\u00f3n.","og_url":"https:\/\/www.boxrepsol.com\/es\/motogp\/sergio-garcia-roza-podio-mejor-carrera-la-temporada\/","og_site_name":"Box Repsol","article_publisher":"https:\/\/www.facebook.com\/BoxRepsol","article_author":"https:\/\/www.facebook.com\/BoxRepsol\/","article_published_time":"2019-10-20T02:00:00+00:00","article_modified_time":"2024-04-25T09:11:37+00:00","og_image":[{"width":1280,"height":600,"url":"https:\/\/bxrepsol.s3.eu-west-1.amazonaws.com\/static\/2022\/08\/29090554\/Pilotos-de-Moto3-en-Japon-2019.jpg","type":"image\/jpeg"}],"author":"Redacci\u00f3n Box Repsol","twitter_card":"summary_large_image","twitter_creator":"@https:\/\/twitter.com\/box_repsol","twitter_site":"@box_repsol","twitter_misc":{"Written by":"Redacci\u00f3n Box Repsol","Est. reading time":"3 minutos"},"schema":{"@context":"https:\/\/schema.org","@graph":[{"@type":"Article","@id":"https:\/\/www.boxrepsol.com\/es\/motogp\/sergio-garcia-roza-podio-mejor-carrera-la-temporada\/#article","isPartOf":{"@id":"https:\/\/www.boxrepsol.com\/es\/motogp\/sergio-garcia-roza-podio-mejor-carrera-la-temporada\/"},"author":{"name":"Redacci\u00f3n Box Repsol","@id":"https:\/\/www.boxrepsol.com\/es\/#\/schema\/person\/c5c2138f2cca251b0ad92b7086bb60b7"},"headline":"Sergio Garc\u00eda roza el podio en su mejor carrera de la temporada","datePublished":"2019-10-20T02:00:00+00:00","dateModified":"2024-04-25T09:11:37+00:00","mainEntityOfPage":{"@id":"https:\/\/www.boxrepsol.com\/es\/motogp\/sergio-garcia-roza-podio-mejor-carrera-la-temporada\/"},"wordCount":523,"commentCount":0,"publisher":{"@id":"https:\/\/www.boxrepsol.com\/es\/#organization"},"image":{"@id":"https:\/\/www.boxrepsol.com\/es\/motogp\/sergio-garcia-roza-podio-mejor-carrera-la-temporada\/#primaryimage"},"thumbnailUrl":"https:\/\/bxrepsol.s3.eu-west-1.amazonaws.com\/static\/2022\/08\/29090554\/Pilotos-de-Moto3-en-Japon-2019.jpg","keywords":["MotoGP Jap\u00f3n"],"articleSection":["MotoGP"],"inLanguage":"es","potentialAction":[{"@type":"CommentAction","name":"Comment","target":["https:\/\/www.boxrepsol.com\/es\/motogp\/sergio-garcia-roza-podio-mejor-carrera-la-temporada\/#respond"]}]},{"@type":"WebPage","@id":"https:\/\/www.boxrepsol.com\/es\/motogp\/sergio-garcia-roza-podio-mejor-carrera-la-temporada\/","url":"https:\/\/www.boxrepsol.com\/es\/motogp\/sergio-garcia-roza-podio-mejor-carrera-la-temporada\/","name":"GP de Jap\u00f3n - Moto3 - Carrera - Sergio Garc\u00eda roza el podio en su mejor carrera de la temporada","isPartOf":{"@id":"https:\/\/www.boxrepsol.com\/es\/#website"},"primaryImageOfPage":{"@id":"https:\/\/www.boxrepsol.com\/es\/motogp\/sergio-garcia-roza-podio-mejor-carrera-la-temporada\/#primaryimage"},"image":{"@id":"https:\/\/www.boxrepsol.com\/es\/motogp\/sergio-garcia-roza-podio-mejor-carrera-la-temporada\/#primaryimage"},"thumbnailUrl":"https:\/\/bxrepsol.s3.eu-west-1.amazonaws.com\/static\/2022\/08\/29090554\/Pilotos-de-Moto3-en-Japon-2019.jpg","datePublished":"2019-10-20T02:00:00+00:00","dateModified":"2024-04-25T09:11:37+00:00","description":"El piloto Repsol de Moto3 ha sido quinto, a cuatro d\u00e9cimas del vencedor, en su primera visita a Jap\u00f3n.","breadcrumb":{"@id":"https:\/\/www.boxrepsol.com\/es\/motogp\/sergio-garcia-roza-podio-mejor-carrera-la-temporada\/#breadcrumb"},"inLanguage":"es","potentialAction":[{"@type":"ReadAction","target":["https:\/\/www.boxrepsol.com\/es\/motogp\/sergio-garcia-roza-podio-mejor-carrera-la-temporada\/"]}]},{"@type":"ImageObject","inLanguage":"es","@id":"https:\/\/www.boxrepsol.com\/es\/motogp\/sergio-garcia-roza-podio-mejor-carrera-la-temporada\/#primaryimage","url":"https:\/\/bxrepsol.s3.eu-west-1.amazonaws.com\/static\/2022\/08\/29090554\/Pilotos-de-Moto3-en-Japon-2019.jpg","contentUrl":"https:\/\/bxrepsol.s3.eu-west-1.amazonaws.com\/static\/2022\/08\/29090554\/Pilotos-de-Moto3-en-Japon-2019.jpg","width":1280,"height":600,"caption":"16 Japon GP 17, 18, 19 y 20 de octubre de 2019, circuito de Motegui, Jap\u00f3n"},{"@type":"BreadcrumbList","@id":"https:\/\/www.boxrepsol.com\/es\/motogp\/sergio-garcia-roza-podio-mejor-carrera-la-temporada\/#breadcrumb","itemListElement":[{"@type":"ListItem","position":1,"name":"Home","item":"https:\/\/www.boxrepsol.com\/es\/"},{"@type":"ListItem","position":2,"name":"Sergio Garc\u00eda roza el podio en su mejor carrera de la temporada"}]},{"@type":"WebSite","@id":"https:\/\/www.boxrepsol.com\/es\/#website","url":"https:\/\/www.boxrepsol.com\/es\/","name":"Box Repsol","description":"Box Repsol Site","publisher":{"@id":"https:\/\/www.boxrepsol.com\/es\/#organization"},"potentialAction":[{"@type":"SearchAction","target":{"@type":"EntryPoint","urlTemplate":"https:\/\/www.boxrepsol.com\/es\/?s={search_term_string}"},"query-input":{"@type":"PropertyValueSpecification","valueRequired":true,"valueName":"search_term_string"}}],"inLanguage":"es"},{"@type":"Organization","@id":"https:\/\/www.boxrepsol.com\/es\/#organization","name":"Box Repsol","url":"https:\/\/www.boxrepsol.com\/es\/","logo":{"@type":"ImageObject","inLanguage":"es","@id":"https:\/\/www.boxrepsol.com\/es\/#\/schema\/logo\/image\/","url":"https:\/\/bxrepsol.s3.eu-west-1.amazonaws.com\/static\/2025\/07\/30083337\/favicon-96x96-1.png","contentUrl":"https:\/\/bxrepsol.s3.eu-west-1.amazonaws.com\/static\/2025\/07\/30083337\/favicon-96x96-1.png","width":96,"height":96,"caption":"Box Repsol"},"image":{"@id":"https:\/\/www.boxrepsol.com\/es\/#\/schema\/logo\/image\/"},"sameAs":["https:\/\/www.facebook.com\/BoxRepsol","https:\/\/x.com\/box_repsol","http:\/\/instagram.com\/box_repsol","https:\/\/www.youtube.com\/user\/RepsolCompeticion","https:\/\/www.flickr.com\/photos\/box_repsol\/"]},{"@type":"Person","@id":"https:\/\/www.boxrepsol.com\/es\/#\/schema\/person\/c5c2138f2cca251b0ad92b7086bb60b7","name":"Redacci\u00f3n Box Repsol","image":{"@type":"ImageObject","inLanguage":"es","@id":"https:\/\/secure.gravatar.com\/avatar\/adf7b77e38b4419baf32c7e9c21dde01f4e40df611f0978e3006fc4ba0aaab7e?s=96&d=mm&r=g","url":"https:\/\/secure.gravatar.com\/avatar\/adf7b77e38b4419baf32c7e9c21dde01f4e40df611f0978e3006fc4ba0aaab7e?s=96&d=mm&r=g","contentUrl":"https:\/\/secure.gravatar.com\/avatar\/adf7b77e38b4419baf32c7e9c21dde01f4e40df611f0978e3006fc4ba0aaab7e?s=96&d=mm&r=g","caption":"Redacci\u00f3n Box Repsol"},"description":"Box Repsol lo forma un equipo de periodistas, community managers, dise\u00f1adores y fot\u00f3grafos con m\u00e1s de 20 a\u00f1os de experiencia en el mundo del motorsport. Hemos vivido el primer mundial de un espa\u00f1ol en la categor\u00eda reina de motociclismo con \u00c1lex Crivill\u00e9, estuvimos en las victorias de Pedrosa y los t\u00edtulos de M\u00e1rquez, acompa\u00f1amos en \u00c1frica a Nani Roma y Marc Coma en sus conquistas del Dakar y hemos vibrado con los t\u00edtulos de Toni Bou en Trial. Adem\u00e1s, en nuestro equipo contamos con expertos en el mundo de las dos y cuatro ruedas tanto de la calle y las carreteras, como de los circuitos. Periodistas que han trabajado en revistas y publicaciones para hacerte llegar desde rutas y consejos de mantenimiento, a curiosidades y trucos de pilotaje.","sameAs":["https:\/\/www.facebook.com\/BoxRepsol\/","https:\/\/www.instagram.com\/box_repsol\/","https:\/\/x.com\/https:\/\/twitter.com\/box_repsol","https:\/\/www.youtube.com\/@Boxrepsol"],"url":"https:\/\/www.boxrepsol.com\/es\/author\/redaccion-box-repsol\/"}]}},"_links":{"self":[{"href":"https:\/\/www.boxrepsol.com\/es\/wp-json\/wp\/v2\/posts\/94206","targetHints":{"allow":["GET"]}}],"collection":[{"href":"https:\/\/www.boxrepsol.com\/es\/wp-json\/wp\/v2\/posts"}],"about":[{"href":"https:\/\/www.boxrepsol.com\/es\/wp-json\/wp\/v2\/types\/post"}],"author":[{"embeddable":true,"href":"https:\/\/www.boxrepsol.com\/es\/wp-json\/wp\/v2\/users\/43146"}],"replies":[{"embeddable":true,"href":"https:\/\/www.boxrepsol.com\/es\/wp-json\/wp\/v2\/comments?post=94206"}],"version-history":[{"count":1,"href":"https:\/\/www.boxrepsol.com\/es\/wp-json\/wp\/v2\/posts\/94206\/revisions"}],"predecessor-version":[{"id":94207,"href":"https:\/\/www.boxrepsol.com\/es\/wp-json\/wp\/v2\/posts\/94206\/revisions\/94207"}],"wp:featuredmedia":[{"embeddable":true,"href":"https:\/\/www.boxrepsol.com\/es\/wp-json\/wp\/v2\/media\/62920"}],"wp:attachment":[{"href":"https:\/\/www.boxrepsol.com\/es\/wp-json\/wp\/v2\/media?parent=94206"}],"wp:term":[{"taxonomy":"category","embeddable":true,"href":"https:\/\/www.boxrepsol.com\/es\/wp-json\/wp\/v2\/categories?post=94206"},{"taxonomy":"post_tag","embeddable":true,"href":"https:\/\/www.boxrepsol.com\/es\/wp-json\/wp\/v2\/tags?post=94206"}],"curies":[{"name":"wp","href":"https:\/\/api.w.org\/{rel}","templated":true}]}}