{"id":94202,"date":"2019-10-18T00:00:00","date_gmt":"2019-10-18T02:00:00","guid":{"rendered":"http:\/\/pre.boxrepsol.com\/sin-categorizar\/marquez-tercero-primer-dia-motegi-lorenzo-decimoseptimo\/"},"modified":"2024-04-25T07:14:03","modified_gmt":"2024-04-25T09:14:03","slug":"marquez-tercero-primer-dia-motegi-lorenzo-decimoseptimo","status":"publish","type":"post","link":"https:\/\/www.boxrepsol.com\/es\/motogp\/marquez-tercero-primer-dia-motegi-lorenzo-decimoseptimo\/","title":{"rendered":"M\u00e1rquez es tercero el primer d\u00eda en Motegi, con Lorenzo, decimos\u00e9ptimo"},"content":{"rendered":"<p><strong>Marc M\u00e1rquez ha sido cuarto en el FP1 y tercero en el FP2<\/strong>, en dos sesiones que ha aprovechado para probar los neum\u00e1ticos, mejorando casi un segundo de una a otra tanda.<\/p>\n<p>Jorge Lorenzo, que ha seguido con su trabajo de puesta a punto y adaptaci\u00f3n a la Honda, ha terminado en decimonovena posici\u00f3n el primer entrenamiento y en decimos\u00e9ptima en el segundo, tras mejorar siete d\u00e9cimas.<\/p>\n<p><strong>La jornada de ma\u00f1ana estar\u00e1 condicionada por las fuertes lluvias<\/strong> que se han anunciado en la zona.<\/p>\n<p><!-- Imagen relacionada --><br \/>\n<img loading=\"lazy\" decoding=\"async\" src=\"https:\/\/bxrepsol.s3.eu-west-1.amazonaws.com\/static\/2022\/08\/05070337\/00_marc_marquez_motogp_celebracion_bandera-1.jpg\" alt=\"Marc M\u00e1rquez celebrando con la bandera roja en vuelta de victoria\" width=\"404\" height=\"336\" \/><br \/>\n<!-- Categor\u00eda --><br \/>\nMotoGP<br \/>\n<!-- T\u00edtulo --><\/p>\n<h3>M\u00e1rquez celebra el t\u00edtulo en casa de Honda<\/h3>\n<p><!-- Fecha --><br \/>\nhace 1 hora<\/p>\n<h2>Previa GP de Jap\u00f3n 2019 &#8211; Declaraciones de los pilotos<\/h2>\n<p><a href=\"https:\/\/twitter.com\/hashtag\/mm93?src=hash&amp;lang=es\">#MM93<\/a><\/p>\n<p><em><strong>Estoy contento de volver a subir a la moto despu\u00e9s de Tailandia.<\/strong> Hoy no ha sido el mejor d\u00eda para nosotros, porque nos han faltado algunas cosas, especialmente en el FP2, pero de todos modos estamos en una buena posici\u00f3n y cerca de los de delante.<\/em><\/p>\n<p><em><strong>De momento, nos estamos centrando en la carrera<\/strong> y analizando algunas ideas que hemos tenido para la geometr\u00eda de la moto. Todav\u00eda debemos entender los neum\u00e1ticos un poco m\u00e1s, as\u00ed que esperamos que ma\u00f1ana haga buen tiempo.<\/em><\/p>\n<hr \/>\n<p><a href=\"https:\/\/twitter.com\/hashtag\/jl99?src=hash&amp;lang=es\">#JL99<\/a><\/p>\n<p><em><strong>Hoy ha sido un d\u00eda positivo; quiz\u00e1s mi mejor entrenamiento desde que volv\u00ed de la lesi\u00f3n<\/strong>. Hemos cambiado una cosa de la moto que ya utilizamos al inicio de la temporada y hemos tenido un buen d\u00eda. <\/em><\/p>\n<p><em><strong>He mejorado mis sensaciones y mi velocidad<\/strong>; no ha sido para ganar un segundo, pero me he notado m\u00e1s c\u00f3modo y he podido ver avances en la pista. Nuestra posici\u00f3n final no es perfecta, porque no he podido aprovechar al m\u00e1ximo el neum\u00e1tico nuevo como lo hacen otros pilotos, aunque <strong>nuestro ritmo est\u00e1 m\u00e1s cerca de los de delante.<\/strong><\/em><\/p>\n<p>&nbsp;<\/p>\n<p>\u00a1Destacamos!<\/p>\n<h2>\u00a1Consigue premios con Pelouse Map!<\/h2>\n<p>\u00a1Celebra los <strong>50 a\u00f1os de Repsol<\/strong> en el mundo del motor! y podr\u00e1s conseguir una moto del Equipo Repsol<\/p>\n<p><img decoding=\"async\" src=\"https:\/\/bxrepsol.s3.eu-west-1.amazonaws.com\/static\/2022\/08\/05065829\/pelouse-map-dest-noticia-1.jpg\" alt=\"\u00a1\u00danete a Pelouse Map!\" \/><\/p>\n","protected":false},"excerpt":{"rendered":"<p>El Campe\u00f3n del Mundo de MotoGP 2019 ha mostrado un buen ritmo en las dos sesiones libres de hoy, en las que Jorge Lorenzo ha tenido su primer contacto en Motegi con la Honda.<\/p>\n","protected":false},"author":43146,"featured_media":62910,"comment_status":"open","ping_status":"open","sticky":false,"template":"","format":"standard","meta":{"footnotes":""},"categories":[4],"tags":[190,140],"class_list":["post-94202","post","type-post","status-publish","format-standard","hentry","category-motogp","tag-190","tag-motogp-japon"],"yoast_head":"<!-- This site is optimized with the Yoast SEO plugin v27.3 - https:\/\/yoast.com\/product\/yoast-seo-wordpress\/ -->\n<title>GP de Jap\u00f3n 2019 - M\u00e1rquez es tercero el primer d\u00eda en Motegi, con Lorenzo, decimos\u00e9ptimo<\/title>\n<meta name=\"description\" content=\"El Campe\u00f3n del Mundo de MotoGP 2019 ha mostrado un buen ritmo en las sesiones libres de hoy, en las que Lorenzo ha tenido contacto en Motegi con la Honda.\" \/>\n<link rel=\"canonical\" href=\"https:\/\/www.boxrepsol.com\/es\/motogp\/marquez-tercero-primer-dia-motegi-lorenzo-decimoseptimo\/\" \/>\n<meta property=\"og:locale\" content=\"es_ES\" \/>\n<meta property=\"og:type\" content=\"article\" \/>\n<meta property=\"og:title\" content=\"GP de Jap\u00f3n 2019 - M\u00e1rquez es tercero el primer d\u00eda en Motegi, con Lorenzo, decimos\u00e9ptimo\" \/>\n<meta property=\"og:description\" content=\"El Campe\u00f3n del Mundo de MotoGP 2019 ha mostrado un buen ritmo en las sesiones libres de hoy, en las que Lorenzo ha tenido contacto en Motegi con la Honda.\" \/>\n<meta property=\"og:url\" content=\"https:\/\/www.boxrepsol.com\/es\/motogp\/marquez-tercero-primer-dia-motegi-lorenzo-decimoseptimo\/\" \/>\n<meta property=\"og:site_name\" content=\"Box Repsol\" \/>\n<meta property=\"article:publisher\" content=\"https:\/\/www.facebook.com\/BoxRepsol\" \/>\n<meta property=\"article:author\" content=\"https:\/\/www.facebook.com\/BoxRepsol\/\" \/>\n<meta property=\"article:published_time\" content=\"2019-10-18T02:00:00+00:00\" \/>\n<meta property=\"article:modified_time\" content=\"2024-04-25T09:14:03+00:00\" \/>\n<meta property=\"og:image\" content=\"https:\/\/bxrepsol.s3.eu-west-1.amazonaws.com\/static\/2022\/08\/29090547\/marquez-en-japon.jpg\" \/>\n\t<meta property=\"og:image:width\" content=\"1280\" \/>\n\t<meta property=\"og:image:height\" content=\"600\" \/>\n\t<meta property=\"og:image:type\" content=\"image\/jpeg\" \/>\n<meta name=\"author\" content=\"Redacci\u00f3n Box Repsol\" \/>\n<meta name=\"twitter:card\" content=\"summary_large_image\" \/>\n<meta name=\"twitter:creator\" content=\"@https:\/\/twitter.com\/box_repsol\" \/>\n<meta name=\"twitter:site\" content=\"@box_repsol\" \/>\n<meta name=\"twitter:label1\" content=\"Written by\" \/>\n\t<meta name=\"twitter:data1\" content=\"Redacci\u00f3n Box Repsol\" \/>\n\t<meta name=\"twitter:label2\" content=\"Est. reading time\" \/>\n\t<meta name=\"twitter:data2\" content=\"2 minutos\" \/>\n<script type=\"application\/ld+json\" class=\"yoast-schema-graph\">{\"@context\":\"https:\\\/\\\/schema.org\",\"@graph\":[{\"@type\":\"Article\",\"@id\":\"https:\\\/\\\/www.boxrepsol.com\\\/es\\\/motogp\\\/marquez-tercero-primer-dia-motegi-lorenzo-decimoseptimo\\\/#article\",\"isPartOf\":{\"@id\":\"https:\\\/\\\/www.boxrepsol.com\\\/es\\\/motogp\\\/marquez-tercero-primer-dia-motegi-lorenzo-decimoseptimo\\\/\"},\"author\":{\"name\":\"Redacci\u00f3n Box Repsol\",\"@id\":\"https:\\\/\\\/www.boxrepsol.com\\\/es\\\/#\\\/schema\\\/person\\\/c5c2138f2cca251b0ad92b7086bb60b7\"},\"headline\":\"M\u00e1rquez es tercero el primer d\u00eda en Motegi, con Lorenzo, decimos\u00e9ptimo\",\"datePublished\":\"2019-10-18T02:00:00+00:00\",\"dateModified\":\"2024-04-25T09:14:03+00:00\",\"mainEntityOfPage\":{\"@id\":\"https:\\\/\\\/www.boxrepsol.com\\\/es\\\/motogp\\\/marquez-tercero-primer-dia-motegi-lorenzo-decimoseptimo\\\/\"},\"wordCount\":354,\"commentCount\":0,\"publisher\":{\"@id\":\"https:\\\/\\\/www.boxrepsol.com\\\/es\\\/#organization\"},\"image\":{\"@id\":\"https:\\\/\\\/www.boxrepsol.com\\\/es\\\/motogp\\\/marquez-tercero-primer-dia-motegi-lorenzo-decimoseptimo\\\/#primaryimage\"},\"thumbnailUrl\":\"https:\\\/\\\/bxrepsol.s3.eu-west-1.amazonaws.com\\\/static\\\/2022\\\/08\\\/29090547\\\/marquez-en-japon.jpg\",\"keywords\":[\"2019\",\"MotoGP Jap\u00f3n\"],\"articleSection\":[\"MotoGP\"],\"inLanguage\":\"es\",\"potentialAction\":[{\"@type\":\"CommentAction\",\"name\":\"Comment\",\"target\":[\"https:\\\/\\\/www.boxrepsol.com\\\/es\\\/motogp\\\/marquez-tercero-primer-dia-motegi-lorenzo-decimoseptimo\\\/#respond\"]}]},{\"@type\":\"WebPage\",\"@id\":\"https:\\\/\\\/www.boxrepsol.com\\\/es\\\/motogp\\\/marquez-tercero-primer-dia-motegi-lorenzo-decimoseptimo\\\/\",\"url\":\"https:\\\/\\\/www.boxrepsol.com\\\/es\\\/motogp\\\/marquez-tercero-primer-dia-motegi-lorenzo-decimoseptimo\\\/\",\"name\":\"GP de Jap\u00f3n 2019 - M\u00e1rquez es tercero el primer d\u00eda en Motegi, con Lorenzo, decimos\u00e9ptimo\",\"isPartOf\":{\"@id\":\"https:\\\/\\\/www.boxrepsol.com\\\/es\\\/#website\"},\"primaryImageOfPage\":{\"@id\":\"https:\\\/\\\/www.boxrepsol.com\\\/es\\\/motogp\\\/marquez-tercero-primer-dia-motegi-lorenzo-decimoseptimo\\\/#primaryimage\"},\"image\":{\"@id\":\"https:\\\/\\\/www.boxrepsol.com\\\/es\\\/motogp\\\/marquez-tercero-primer-dia-motegi-lorenzo-decimoseptimo\\\/#primaryimage\"},\"thumbnailUrl\":\"https:\\\/\\\/bxrepsol.s3.eu-west-1.amazonaws.com\\\/static\\\/2022\\\/08\\\/29090547\\\/marquez-en-japon.jpg\",\"datePublished\":\"2019-10-18T02:00:00+00:00\",\"dateModified\":\"2024-04-25T09:14:03+00:00\",\"description\":\"El Campe\u00f3n del Mundo de MotoGP 2019 ha mostrado un buen ritmo en las sesiones libres de hoy, en las que Lorenzo ha tenido contacto en Motegi con la Honda.\",\"breadcrumb\":{\"@id\":\"https:\\\/\\\/www.boxrepsol.com\\\/es\\\/motogp\\\/marquez-tercero-primer-dia-motegi-lorenzo-decimoseptimo\\\/#breadcrumb\"},\"inLanguage\":\"es\",\"potentialAction\":[{\"@type\":\"ReadAction\",\"target\":[\"https:\\\/\\\/www.boxrepsol.com\\\/es\\\/motogp\\\/marquez-tercero-primer-dia-motegi-lorenzo-decimoseptimo\\\/\"]}]},{\"@type\":\"ImageObject\",\"inLanguage\":\"es\",\"@id\":\"https:\\\/\\\/www.boxrepsol.com\\\/es\\\/motogp\\\/marquez-tercero-primer-dia-motegi-lorenzo-decimoseptimo\\\/#primaryimage\",\"url\":\"https:\\\/\\\/bxrepsol.s3.eu-west-1.amazonaws.com\\\/static\\\/2022\\\/08\\\/29090547\\\/marquez-en-japon.jpg\",\"contentUrl\":\"https:\\\/\\\/bxrepsol.s3.eu-west-1.amazonaws.com\\\/static\\\/2022\\\/08\\\/29090547\\\/marquez-en-japon.jpg\",\"width\":1280,\"height\":600,\"caption\":\"16 Japon GP 17, 18, 19 y 20 de octubre de 2019, circuito de Motegui, Jap\u00f3n\"},{\"@type\":\"BreadcrumbList\",\"@id\":\"https:\\\/\\\/www.boxrepsol.com\\\/es\\\/motogp\\\/marquez-tercero-primer-dia-motegi-lorenzo-decimoseptimo\\\/#breadcrumb\",\"itemListElement\":[{\"@type\":\"ListItem\",\"position\":1,\"name\":\"Home\",\"item\":\"https:\\\/\\\/www.boxrepsol.com\\\/es\\\/\"},{\"@type\":\"ListItem\",\"position\":2,\"name\":\"M\u00e1rquez es tercero el primer d\u00eda en Motegi, con Lorenzo, decimos\u00e9ptimo\"}]},{\"@type\":\"WebSite\",\"@id\":\"https:\\\/\\\/www.boxrepsol.com\\\/es\\\/#website\",\"url\":\"https:\\\/\\\/www.boxrepsol.com\\\/es\\\/\",\"name\":\"Box Repsol\",\"description\":\"Box Repsol Site\",\"publisher\":{\"@id\":\"https:\\\/\\\/www.boxrepsol.com\\\/es\\\/#organization\"},\"potentialAction\":[{\"@type\":\"SearchAction\",\"target\":{\"@type\":\"EntryPoint\",\"urlTemplate\":\"https:\\\/\\\/www.boxrepsol.com\\\/es\\\/?s={search_term_string}\"},\"query-input\":{\"@type\":\"PropertyValueSpecification\",\"valueRequired\":true,\"valueName\":\"search_term_string\"}}],\"inLanguage\":\"es\"},{\"@type\":\"Organization\",\"@id\":\"https:\\\/\\\/www.boxrepsol.com\\\/es\\\/#organization\",\"name\":\"Box Repsol\",\"url\":\"https:\\\/\\\/www.boxrepsol.com\\\/es\\\/\",\"logo\":{\"@type\":\"ImageObject\",\"inLanguage\":\"es\",\"@id\":\"https:\\\/\\\/www.boxrepsol.com\\\/es\\\/#\\\/schema\\\/logo\\\/image\\\/\",\"url\":\"https:\\\/\\\/bxrepsol.s3.eu-west-1.amazonaws.com\\\/static\\\/2025\\\/07\\\/30083337\\\/favicon-96x96-1.png\",\"contentUrl\":\"https:\\\/\\\/bxrepsol.s3.eu-west-1.amazonaws.com\\\/static\\\/2025\\\/07\\\/30083337\\\/favicon-96x96-1.png\",\"width\":96,\"height\":96,\"caption\":\"Box Repsol\"},\"image\":{\"@id\":\"https:\\\/\\\/www.boxrepsol.com\\\/es\\\/#\\\/schema\\\/logo\\\/image\\\/\"},\"sameAs\":[\"https:\\\/\\\/www.facebook.com\\\/BoxRepsol\",\"https:\\\/\\\/x.com\\\/box_repsol\",\"http:\\\/\\\/instagram.com\\\/box_repsol\",\"https:\\\/\\\/www.youtube.com\\\/user\\\/RepsolCompeticion\",\"https:\\\/\\\/www.flickr.com\\\/photos\\\/box_repsol\\\/\"]},{\"@type\":\"Person\",\"@id\":\"https:\\\/\\\/www.boxrepsol.com\\\/es\\\/#\\\/schema\\\/person\\\/c5c2138f2cca251b0ad92b7086bb60b7\",\"name\":\"Redacci\u00f3n Box Repsol\",\"image\":{\"@type\":\"ImageObject\",\"inLanguage\":\"es\",\"@id\":\"https:\\\/\\\/secure.gravatar.com\\\/avatar\\\/adf7b77e38b4419baf32c7e9c21dde01f4e40df611f0978e3006fc4ba0aaab7e?s=96&d=mm&r=g\",\"url\":\"https:\\\/\\\/secure.gravatar.com\\\/avatar\\\/adf7b77e38b4419baf32c7e9c21dde01f4e40df611f0978e3006fc4ba0aaab7e?s=96&d=mm&r=g\",\"contentUrl\":\"https:\\\/\\\/secure.gravatar.com\\\/avatar\\\/adf7b77e38b4419baf32c7e9c21dde01f4e40df611f0978e3006fc4ba0aaab7e?s=96&d=mm&r=g\",\"caption\":\"Redacci\u00f3n Box Repsol\"},\"description\":\"Box Repsol lo forma un equipo de periodistas, community managers, dise\u00f1adores y fot\u00f3grafos con m\u00e1s de 20 a\u00f1os de experiencia en el mundo del motorsport. Hemos vivido el primer mundial de un espa\u00f1ol en la categor\u00eda reina de motociclismo con \u00c1lex Crivill\u00e9, estuvimos en las victorias de Pedrosa y los t\u00edtulos de M\u00e1rquez, acompa\u00f1amos en \u00c1frica a Nani Roma y Marc Coma en sus conquistas del Dakar y hemos vibrado con los t\u00edtulos de Toni Bou en Trial. Adem\u00e1s, en nuestro equipo contamos con expertos en el mundo de las dos y cuatro ruedas tanto de la calle y las carreteras, como de los circuitos. Periodistas que han trabajado en revistas y publicaciones para hacerte llegar desde rutas y consejos de mantenimiento, a curiosidades y trucos de pilotaje.\",\"sameAs\":[\"https:\\\/\\\/www.facebook.com\\\/BoxRepsol\\\/\",\"https:\\\/\\\/www.instagram.com\\\/box_repsol\\\/\",\"https:\\\/\\\/x.com\\\/https:\\\/\\\/twitter.com\\\/box_repsol\",\"https:\\\/\\\/www.youtube.com\\\/@Boxrepsol\"],\"url\":\"https:\\\/\\\/www.boxrepsol.com\\\/es\\\/author\\\/redaccion-box-repsol\\\/\"}]}<\/script>\n<!-- \/ Yoast SEO plugin. -->","yoast_head_json":{"title":"GP de Jap\u00f3n 2019 - M\u00e1rquez es tercero el primer d\u00eda en Motegi, con Lorenzo, decimos\u00e9ptimo","description":"El Campe\u00f3n del Mundo de MotoGP 2019 ha mostrado un buen ritmo en las sesiones libres de hoy, en las que Lorenzo ha tenido contacto en Motegi con la Honda.","canonical":"https:\/\/www.boxrepsol.com\/es\/motogp\/marquez-tercero-primer-dia-motegi-lorenzo-decimoseptimo\/","og_locale":"es_ES","og_type":"article","og_title":"GP de Jap\u00f3n 2019 - M\u00e1rquez es tercero el primer d\u00eda en Motegi, con Lorenzo, decimos\u00e9ptimo","og_description":"El Campe\u00f3n del Mundo de MotoGP 2019 ha mostrado un buen ritmo en las sesiones libres de hoy, en las que Lorenzo ha tenido contacto en Motegi con la Honda.","og_url":"https:\/\/www.boxrepsol.com\/es\/motogp\/marquez-tercero-primer-dia-motegi-lorenzo-decimoseptimo\/","og_site_name":"Box Repsol","article_publisher":"https:\/\/www.facebook.com\/BoxRepsol","article_author":"https:\/\/www.facebook.com\/BoxRepsol\/","article_published_time":"2019-10-18T02:00:00+00:00","article_modified_time":"2024-04-25T09:14:03+00:00","og_image":[{"width":1280,"height":600,"url":"https:\/\/bxrepsol.s3.eu-west-1.amazonaws.com\/static\/2022\/08\/29090547\/marquez-en-japon.jpg","type":"image\/jpeg"}],"author":"Redacci\u00f3n Box Repsol","twitter_card":"summary_large_image","twitter_creator":"@https:\/\/twitter.com\/box_repsol","twitter_site":"@box_repsol","twitter_misc":{"Written by":"Redacci\u00f3n Box Repsol","Est. reading time":"2 minutos"},"schema":{"@context":"https:\/\/schema.org","@graph":[{"@type":"Article","@id":"https:\/\/www.boxrepsol.com\/es\/motogp\/marquez-tercero-primer-dia-motegi-lorenzo-decimoseptimo\/#article","isPartOf":{"@id":"https:\/\/www.boxrepsol.com\/es\/motogp\/marquez-tercero-primer-dia-motegi-lorenzo-decimoseptimo\/"},"author":{"name":"Redacci\u00f3n Box Repsol","@id":"https:\/\/www.boxrepsol.com\/es\/#\/schema\/person\/c5c2138f2cca251b0ad92b7086bb60b7"},"headline":"M\u00e1rquez es tercero el primer d\u00eda en Motegi, con Lorenzo, decimos\u00e9ptimo","datePublished":"2019-10-18T02:00:00+00:00","dateModified":"2024-04-25T09:14:03+00:00","mainEntityOfPage":{"@id":"https:\/\/www.boxrepsol.com\/es\/motogp\/marquez-tercero-primer-dia-motegi-lorenzo-decimoseptimo\/"},"wordCount":354,"commentCount":0,"publisher":{"@id":"https:\/\/www.boxrepsol.com\/es\/#organization"},"image":{"@id":"https:\/\/www.boxrepsol.com\/es\/motogp\/marquez-tercero-primer-dia-motegi-lorenzo-decimoseptimo\/#primaryimage"},"thumbnailUrl":"https:\/\/bxrepsol.s3.eu-west-1.amazonaws.com\/static\/2022\/08\/29090547\/marquez-en-japon.jpg","keywords":["2019","MotoGP Jap\u00f3n"],"articleSection":["MotoGP"],"inLanguage":"es","potentialAction":[{"@type":"CommentAction","name":"Comment","target":["https:\/\/www.boxrepsol.com\/es\/motogp\/marquez-tercero-primer-dia-motegi-lorenzo-decimoseptimo\/#respond"]}]},{"@type":"WebPage","@id":"https:\/\/www.boxrepsol.com\/es\/motogp\/marquez-tercero-primer-dia-motegi-lorenzo-decimoseptimo\/","url":"https:\/\/www.boxrepsol.com\/es\/motogp\/marquez-tercero-primer-dia-motegi-lorenzo-decimoseptimo\/","name":"GP de Jap\u00f3n 2019 - M\u00e1rquez es tercero el primer d\u00eda en Motegi, con Lorenzo, decimos\u00e9ptimo","isPartOf":{"@id":"https:\/\/www.boxrepsol.com\/es\/#website"},"primaryImageOfPage":{"@id":"https:\/\/www.boxrepsol.com\/es\/motogp\/marquez-tercero-primer-dia-motegi-lorenzo-decimoseptimo\/#primaryimage"},"image":{"@id":"https:\/\/www.boxrepsol.com\/es\/motogp\/marquez-tercero-primer-dia-motegi-lorenzo-decimoseptimo\/#primaryimage"},"thumbnailUrl":"https:\/\/bxrepsol.s3.eu-west-1.amazonaws.com\/static\/2022\/08\/29090547\/marquez-en-japon.jpg","datePublished":"2019-10-18T02:00:00+00:00","dateModified":"2024-04-25T09:14:03+00:00","description":"El Campe\u00f3n del Mundo de MotoGP 2019 ha mostrado un buen ritmo en las sesiones libres de hoy, en las que Lorenzo ha tenido contacto en Motegi con la Honda.","breadcrumb":{"@id":"https:\/\/www.boxrepsol.com\/es\/motogp\/marquez-tercero-primer-dia-motegi-lorenzo-decimoseptimo\/#breadcrumb"},"inLanguage":"es","potentialAction":[{"@type":"ReadAction","target":["https:\/\/www.boxrepsol.com\/es\/motogp\/marquez-tercero-primer-dia-motegi-lorenzo-decimoseptimo\/"]}]},{"@type":"ImageObject","inLanguage":"es","@id":"https:\/\/www.boxrepsol.com\/es\/motogp\/marquez-tercero-primer-dia-motegi-lorenzo-decimoseptimo\/#primaryimage","url":"https:\/\/bxrepsol.s3.eu-west-1.amazonaws.com\/static\/2022\/08\/29090547\/marquez-en-japon.jpg","contentUrl":"https:\/\/bxrepsol.s3.eu-west-1.amazonaws.com\/static\/2022\/08\/29090547\/marquez-en-japon.jpg","width":1280,"height":600,"caption":"16 Japon GP 17, 18, 19 y 20 de octubre de 2019, circuito de Motegui, Jap\u00f3n"},{"@type":"BreadcrumbList","@id":"https:\/\/www.boxrepsol.com\/es\/motogp\/marquez-tercero-primer-dia-motegi-lorenzo-decimoseptimo\/#breadcrumb","itemListElement":[{"@type":"ListItem","position":1,"name":"Home","item":"https:\/\/www.boxrepsol.com\/es\/"},{"@type":"ListItem","position":2,"name":"M\u00e1rquez es tercero el primer d\u00eda en Motegi, con Lorenzo, decimos\u00e9ptimo"}]},{"@type":"WebSite","@id":"https:\/\/www.boxrepsol.com\/es\/#website","url":"https:\/\/www.boxrepsol.com\/es\/","name":"Box Repsol","description":"Box Repsol Site","publisher":{"@id":"https:\/\/www.boxrepsol.com\/es\/#organization"},"potentialAction":[{"@type":"SearchAction","target":{"@type":"EntryPoint","urlTemplate":"https:\/\/www.boxrepsol.com\/es\/?s={search_term_string}"},"query-input":{"@type":"PropertyValueSpecification","valueRequired":true,"valueName":"search_term_string"}}],"inLanguage":"es"},{"@type":"Organization","@id":"https:\/\/www.boxrepsol.com\/es\/#organization","name":"Box Repsol","url":"https:\/\/www.boxrepsol.com\/es\/","logo":{"@type":"ImageObject","inLanguage":"es","@id":"https:\/\/www.boxrepsol.com\/es\/#\/schema\/logo\/image\/","url":"https:\/\/bxrepsol.s3.eu-west-1.amazonaws.com\/static\/2025\/07\/30083337\/favicon-96x96-1.png","contentUrl":"https:\/\/bxrepsol.s3.eu-west-1.amazonaws.com\/static\/2025\/07\/30083337\/favicon-96x96-1.png","width":96,"height":96,"caption":"Box Repsol"},"image":{"@id":"https:\/\/www.boxrepsol.com\/es\/#\/schema\/logo\/image\/"},"sameAs":["https:\/\/www.facebook.com\/BoxRepsol","https:\/\/x.com\/box_repsol","http:\/\/instagram.com\/box_repsol","https:\/\/www.youtube.com\/user\/RepsolCompeticion","https:\/\/www.flickr.com\/photos\/box_repsol\/"]},{"@type":"Person","@id":"https:\/\/www.boxrepsol.com\/es\/#\/schema\/person\/c5c2138f2cca251b0ad92b7086bb60b7","name":"Redacci\u00f3n Box Repsol","image":{"@type":"ImageObject","inLanguage":"es","@id":"https:\/\/secure.gravatar.com\/avatar\/adf7b77e38b4419baf32c7e9c21dde01f4e40df611f0978e3006fc4ba0aaab7e?s=96&d=mm&r=g","url":"https:\/\/secure.gravatar.com\/avatar\/adf7b77e38b4419baf32c7e9c21dde01f4e40df611f0978e3006fc4ba0aaab7e?s=96&d=mm&r=g","contentUrl":"https:\/\/secure.gravatar.com\/avatar\/adf7b77e38b4419baf32c7e9c21dde01f4e40df611f0978e3006fc4ba0aaab7e?s=96&d=mm&r=g","caption":"Redacci\u00f3n Box Repsol"},"description":"Box Repsol lo forma un equipo de periodistas, community managers, dise\u00f1adores y fot\u00f3grafos con m\u00e1s de 20 a\u00f1os de experiencia en el mundo del motorsport. Hemos vivido el primer mundial de un espa\u00f1ol en la categor\u00eda reina de motociclismo con \u00c1lex Crivill\u00e9, estuvimos en las victorias de Pedrosa y los t\u00edtulos de M\u00e1rquez, acompa\u00f1amos en \u00c1frica a Nani Roma y Marc Coma en sus conquistas del Dakar y hemos vibrado con los t\u00edtulos de Toni Bou en Trial. Adem\u00e1s, en nuestro equipo contamos con expertos en el mundo de las dos y cuatro ruedas tanto de la calle y las carreteras, como de los circuitos. Periodistas que han trabajado en revistas y publicaciones para hacerte llegar desde rutas y consejos de mantenimiento, a curiosidades y trucos de pilotaje.","sameAs":["https:\/\/www.facebook.com\/BoxRepsol\/","https:\/\/www.instagram.com\/box_repsol\/","https:\/\/x.com\/https:\/\/twitter.com\/box_repsol","https:\/\/www.youtube.com\/@Boxrepsol"],"url":"https:\/\/www.boxrepsol.com\/es\/author\/redaccion-box-repsol\/"}]}},"_links":{"self":[{"href":"https:\/\/www.boxrepsol.com\/es\/wp-json\/wp\/v2\/posts\/94202","targetHints":{"allow":["GET"]}}],"collection":[{"href":"https:\/\/www.boxrepsol.com\/es\/wp-json\/wp\/v2\/posts"}],"about":[{"href":"https:\/\/www.boxrepsol.com\/es\/wp-json\/wp\/v2\/types\/post"}],"author":[{"embeddable":true,"href":"https:\/\/www.boxrepsol.com\/es\/wp-json\/wp\/v2\/users\/43146"}],"replies":[{"embeddable":true,"href":"https:\/\/www.boxrepsol.com\/es\/wp-json\/wp\/v2\/comments?post=94202"}],"version-history":[{"count":1,"href":"https:\/\/www.boxrepsol.com\/es\/wp-json\/wp\/v2\/posts\/94202\/revisions"}],"predecessor-version":[{"id":94203,"href":"https:\/\/www.boxrepsol.com\/es\/wp-json\/wp\/v2\/posts\/94202\/revisions\/94203"}],"wp:featuredmedia":[{"embeddable":true,"href":"https:\/\/www.boxrepsol.com\/es\/wp-json\/wp\/v2\/media\/62910"}],"wp:attachment":[{"href":"https:\/\/www.boxrepsol.com\/es\/wp-json\/wp\/v2\/media?parent=94202"}],"wp:term":[{"taxonomy":"category","embeddable":true,"href":"https:\/\/www.boxrepsol.com\/es\/wp-json\/wp\/v2\/categories?post=94202"},{"taxonomy":"post_tag","embeddable":true,"href":"https:\/\/www.boxrepsol.com\/es\/wp-json\/wp\/v2\/tags?post=94202"}],"curies":[{"name":"wp","href":"https:\/\/api.w.org\/{rel}","templated":true}]}}