{"id":94194,"date":"2019-10-14T00:00:00","date_gmt":"2019-10-14T02:00:00","guid":{"rendered":"http:\/\/pre.boxrepsol.com\/sin-categorizar\/campeonato-europeo-moto2-corona-edgar-pons-albacete\/"},"modified":"2024-04-25T07:13:23","modified_gmt":"2024-04-25T09:13:23","slug":"campeonato-europeo-moto2-corona-edgar-pons-albacete","status":"publish","type":"post","link":"https:\/\/www.boxrepsol.com\/es\/sin-categorizar\/campeonato-europeo-moto2-corona-edgar-pons-albacete\/","title":{"rendered":"El Campeonato Europeo de Moto2 corona a Edgar Pons en Albacete"},"content":{"rendered":"<p><strong>Jeremy Alcoba <\/strong>se ha llevado el triunfo en la \u00fanica carrera del FIM Moto3 Junior Championship y <strong>aumenta su liderato con Tatay<\/strong> hasta 46 puntos, con solo 50 por disputarse. Holgado y Tatay han completado el podio.<\/p>\n<p>Partiendo desde la \u2018pole\u2019, <strong>Edgar Pons ha salido lanzado hacia la victoria en la primera carrera de Moto2<\/strong>, liderando de principio a fin para proclamase campe\u00f3n del Campeonato Europeo de Moto2 por segunda vez en su carrera deportiva.<\/p>\n<p>En la segunda manga de la categor\u00eda, <strong>H\u00e9ctor Garz\u00f3 se ha hecho con el primer triunfo del a\u00f1o en una prueba que ha tenido dos salidas.<\/strong> Pons se ha ido al suelo a dos vueltas para el final cuando peleaba por lograr su segunda victoria del d\u00eda.<\/p>\n<p>La carrera de la European Talent Cup (ETC) ha tenido un comienzo complicado, con una ca\u00edda m\u00faltiple en la primera vuelta que ha obligado a parar la prueba por bandera roja.<\/p>\n<p>En la segunda salida, con la carrera reducida a 12 vueltas, <strong>Jos\u00e9 Antonio Rueda ha logrado la primera victoria de la temporada<\/strong> \u2013 por delante de sus compa\u00f1eros de equipo Diogo Moreira y Adri\u00e1n Cruces \u2013 y aprieta todav\u00eda m\u00e1s la pelea por el subcampeonato.<\/p>\n<p>La pr\u00f3xima y \u00faltima cita de la temporada tendr\u00e1 lugar el <a href=\"https:\/\/www.boxrepsol.com\/es\/calendario-fim-cev-repsol-2019\/\">10 de noviembre en el Circuit Ricardo Tormo de Valencia<\/a>.<\/p>\n<p><a title=\"Marc M\u00e1rquez Campe\u00f3n del Mundo de MotoGP 2019\" href=\"https:\/\/www.boxrepsol.com\/es\/motogp\/marc-marquez-campeon-del-mundo-de-motogp-2019\/\" target=\"_self\" rel=\"noopener\"><\/p>\n<p>\n            \u00a1Destacamos!\n    <\/p>\n<h2>\n            Marc M\u00e1rquez Campe\u00f3n del Mundo de MotoGP 2019        <\/h2>\n<p>El piloto del equipo Repsol Honda suma su octavo t\u00edtulo mundial.<\/p>\n<p>        <img decoding=\"async\" src=\"https:\/\/bxrepsol.s3.eu-west-1.amazonaws.com\/static\/2022\/08\/29090325\/meme-Marc-eightball-600x315-1.jpg\" alt=\"Meme Marc 8ball\"><br \/>\n<\/a><\/p>\n<h3>JEREMY ALCOBA \u2013 GANADOR DE LA CARRERA DE MOTO3<\/h3>\n<p><em>Todo el mundo se pensaba que saldr\u00eda con el objetivo de tirar al m\u00e1ximo, pero no sab\u00edamos si el neum\u00e1tico blando iba a aguantar toda la carrera. He preferido mantener la calma y controlar a los rivales, antes que empujar desde el inicio y arriesgarme a que se desgastaran los neum\u00e1ticos. <\/p>\n<p>Cuando he visto que \u00e9ramos cinco pilotos, he intentado frenar el grupo y despu\u00e9s lanzar el ataque al final. Quiero dar las gracias al equipo, a los patrocinadores y a toda mi familia que ha venido a Albacete a apoyarme.<\/em><\/p>\n<hr\/>\n<h3>EDGAR PONS \u2013 GANADOR DE LA PRIMERA CARRERA DE MOTO2 Y CAMPE\u00d3N DE EUROPA DE MOTO2 2019<\/h3>\n<p><em>Estoy muy contento porque la temporada ha ido muy bien. Antes de la carrera sent\u00eda bastante presi\u00f3n, porque quer\u00eda cerrar el t\u00edtulo lo antes posible pero a la vez sab\u00eda que no nos la pod\u00edamos jugar. Ha sido un poco complicado, pero desde el principio me he sentido bien y he ido escap\u00e1ndome vuelta a vuelta. <\/p>\n<p>Quiero dar las gracias sobre todo al equipo, que desde el a\u00f1o pasado hemos estado trabajando mucho todos juntos. Esto solo me motiva todav\u00eda m\u00e1s para seguir trabajando, continuar creyendo en m\u00ed y seguir creciendo.<\/em><\/p>\n<hr\/>\n<h3>HECTOR GARZ\u00d3 \u2013 GANADOR DE LA SEGUNDA CARRERA DE MOTO2<\/h3>\n<p><em>Estoy muy contento. Al final ha salido el trabajo que hemos estado realizando durante todo el a\u00f1o. He ido toda la carrera al l\u00edmite intentando que Edgar no me pasara y al final lo he conseguido. Estoy muy feliz por mi equipo, ha sido fant\u00e1stico ver todo el esfuerzo reflejado en una carrera.<\/em><\/p>\n<hr\/>\n<h3>JOS\u00c9 ANTONIO RUEDA \u2013 GANADOR DE LA CARRERA DE LA EUROPEAN TALENT CUP<\/h3>\n<p><em>Ha sido una carrera muy dif\u00edcil. Me he podido escapar con dos pilotos, y desde el principio me he puesto primero y he ido tirando durante toda la prueba. Ha sido una carrera muy emocionante. Quiero agradecer especialmente al equipo, a mis padres y a toda mi familia.<\/em><\/p>\n","protected":false},"excerpt":{"rendered":"<p>El espa\u00f1ol se ha asegurado el t\u00edtulo con un triunfo en la primera de las cuatro carreras de la pen\u00faltima ronda del FIM CEV Repsol. Alcoba, Garz\u00f3 y Rueda se han llevado el resto de victorias.<\/p>\n","protected":false},"author":43146,"featured_media":62880,"comment_status":"open","ping_status":"open","sticky":false,"template":"","format":"standard","meta":{"footnotes":""},"categories":[1],"tags":[130],"class_list":["post-94194","post","type-post","status-publish","format-standard","hentry","category-sin-categorizar","tag-otros-eventos-y-competiciones"],"yoast_head":"<!-- This site is optimized with the Yoast SEO plugin v27.3 - https:\/\/yoast.com\/product\/yoast-seo-wordpress\/ -->\n<title>FIM CEV Repsol 2019 Albacete - El Campeonato Europeo de Moto2 corona a Edgar Pons en Albacete<\/title>\n<meta name=\"description\" content=\"El espa\u00f1ol se ha asegurado el t\u00edtulo con un triunfo en la primera de las cuatro carreras de la pen\u00faltima ronda del FIM CEV Repsol.\" \/>\n<link rel=\"canonical\" href=\"https:\/\/www.boxrepsol.com\/es\/sin-categorizar\/campeonato-europeo-moto2-corona-edgar-pons-albacete\/\" \/>\n<meta property=\"og:locale\" content=\"es_ES\" \/>\n<meta property=\"og:type\" content=\"article\" \/>\n<meta property=\"og:title\" content=\"FIM CEV Repsol 2019 Albacete - El Campeonato Europeo de Moto2 corona a Edgar Pons en Albacete\" \/>\n<meta property=\"og:description\" content=\"El espa\u00f1ol se ha asegurado el t\u00edtulo con un triunfo en la primera de las cuatro carreras de la pen\u00faltima ronda del FIM CEV Repsol.\" \/>\n<meta property=\"og:url\" content=\"https:\/\/www.boxrepsol.com\/es\/sin-categorizar\/campeonato-europeo-moto2-corona-edgar-pons-albacete\/\" \/>\n<meta property=\"og:site_name\" content=\"Box Repsol\" \/>\n<meta property=\"article:publisher\" content=\"https:\/\/www.facebook.com\/BoxRepsol\" \/>\n<meta property=\"article:author\" content=\"https:\/\/www.facebook.com\/BoxRepsol\/\" \/>\n<meta property=\"article:published_time\" content=\"2019-10-14T02:00:00+00:00\" \/>\n<meta property=\"article:modified_time\" content=\"2024-04-25T09:13:23+00:00\" \/>\n<meta property=\"og:image\" content=\"https:\/\/bxrepsol.s3.eu-west-1.amazonaws.com\/static\/2022\/08\/29090525\/00_fim_cev_repsol_moto2_campeon.jpg\" \/>\n\t<meta property=\"og:image:width\" content=\"1280\" \/>\n\t<meta property=\"og:image:height\" content=\"600\" \/>\n\t<meta property=\"og:image:type\" content=\"image\/jpeg\" \/>\n<meta name=\"author\" content=\"Redacci\u00f3n Box Repsol\" \/>\n<meta name=\"twitter:card\" content=\"summary_large_image\" \/>\n<meta name=\"twitter:creator\" content=\"@https:\/\/twitter.com\/box_repsol\" \/>\n<meta name=\"twitter:site\" content=\"@box_repsol\" \/>\n<meta name=\"twitter:label1\" content=\"Written by\" \/>\n\t<meta name=\"twitter:data1\" content=\"Redacci\u00f3n Box Repsol\" \/>\n\t<meta name=\"twitter:label2\" content=\"Est. reading time\" \/>\n\t<meta name=\"twitter:data2\" content=\"3 minutos\" \/>\n<script type=\"application\/ld+json\" class=\"yoast-schema-graph\">{\"@context\":\"https:\\\/\\\/schema.org\",\"@graph\":[{\"@type\":\"Article\",\"@id\":\"https:\\\/\\\/www.boxrepsol.com\\\/es\\\/sin-categorizar\\\/campeonato-europeo-moto2-corona-edgar-pons-albacete\\\/#article\",\"isPartOf\":{\"@id\":\"https:\\\/\\\/www.boxrepsol.com\\\/es\\\/sin-categorizar\\\/campeonato-europeo-moto2-corona-edgar-pons-albacete\\\/\"},\"author\":{\"name\":\"Redacci\u00f3n Box Repsol\",\"@id\":\"https:\\\/\\\/www.boxrepsol.com\\\/es\\\/#\\\/schema\\\/person\\\/c5c2138f2cca251b0ad92b7086bb60b7\"},\"headline\":\"El Campeonato Europeo de Moto2 corona a Edgar Pons en Albacete\",\"datePublished\":\"2019-10-14T02:00:00+00:00\",\"dateModified\":\"2024-04-25T09:13:23+00:00\",\"mainEntityOfPage\":{\"@id\":\"https:\\\/\\\/www.boxrepsol.com\\\/es\\\/sin-categorizar\\\/campeonato-europeo-moto2-corona-edgar-pons-albacete\\\/\"},\"wordCount\":606,\"commentCount\":0,\"publisher\":{\"@id\":\"https:\\\/\\\/www.boxrepsol.com\\\/es\\\/#organization\"},\"image\":{\"@id\":\"https:\\\/\\\/www.boxrepsol.com\\\/es\\\/sin-categorizar\\\/campeonato-europeo-moto2-corona-edgar-pons-albacete\\\/#primaryimage\"},\"thumbnailUrl\":\"https:\\\/\\\/bxrepsol.s3.eu-west-1.amazonaws.com\\\/static\\\/2022\\\/08\\\/29090525\\\/00_fim_cev_repsol_moto2_campeon.jpg\",\"keywords\":[\"otros eventos y competiciones\"],\"articleSection\":[\"Sin categorizar\"],\"inLanguage\":\"es\",\"potentialAction\":[{\"@type\":\"CommentAction\",\"name\":\"Comment\",\"target\":[\"https:\\\/\\\/www.boxrepsol.com\\\/es\\\/sin-categorizar\\\/campeonato-europeo-moto2-corona-edgar-pons-albacete\\\/#respond\"]}]},{\"@type\":\"WebPage\",\"@id\":\"https:\\\/\\\/www.boxrepsol.com\\\/es\\\/sin-categorizar\\\/campeonato-europeo-moto2-corona-edgar-pons-albacete\\\/\",\"url\":\"https:\\\/\\\/www.boxrepsol.com\\\/es\\\/sin-categorizar\\\/campeonato-europeo-moto2-corona-edgar-pons-albacete\\\/\",\"name\":\"FIM CEV Repsol 2019 Albacete - El Campeonato Europeo de Moto2 corona a Edgar Pons en Albacete\",\"isPartOf\":{\"@id\":\"https:\\\/\\\/www.boxrepsol.com\\\/es\\\/#website\"},\"primaryImageOfPage\":{\"@id\":\"https:\\\/\\\/www.boxrepsol.com\\\/es\\\/sin-categorizar\\\/campeonato-europeo-moto2-corona-edgar-pons-albacete\\\/#primaryimage\"},\"image\":{\"@id\":\"https:\\\/\\\/www.boxrepsol.com\\\/es\\\/sin-categorizar\\\/campeonato-europeo-moto2-corona-edgar-pons-albacete\\\/#primaryimage\"},\"thumbnailUrl\":\"https:\\\/\\\/bxrepsol.s3.eu-west-1.amazonaws.com\\\/static\\\/2022\\\/08\\\/29090525\\\/00_fim_cev_repsol_moto2_campeon.jpg\",\"datePublished\":\"2019-10-14T02:00:00+00:00\",\"dateModified\":\"2024-04-25T09:13:23+00:00\",\"description\":\"El espa\u00f1ol se ha asegurado el t\u00edtulo con un triunfo en la primera de las cuatro carreras de la pen\u00faltima ronda del FIM CEV Repsol.\",\"breadcrumb\":{\"@id\":\"https:\\\/\\\/www.boxrepsol.com\\\/es\\\/sin-categorizar\\\/campeonato-europeo-moto2-corona-edgar-pons-albacete\\\/#breadcrumb\"},\"inLanguage\":\"es\",\"potentialAction\":[{\"@type\":\"ReadAction\",\"target\":[\"https:\\\/\\\/www.boxrepsol.com\\\/es\\\/sin-categorizar\\\/campeonato-europeo-moto2-corona-edgar-pons-albacete\\\/\"]}]},{\"@type\":\"ImageObject\",\"inLanguage\":\"es\",\"@id\":\"https:\\\/\\\/www.boxrepsol.com\\\/es\\\/sin-categorizar\\\/campeonato-europeo-moto2-corona-edgar-pons-albacete\\\/#primaryimage\",\"url\":\"https:\\\/\\\/bxrepsol.s3.eu-west-1.amazonaws.com\\\/static\\\/2022\\\/08\\\/29090525\\\/00_fim_cev_repsol_moto2_campeon.jpg\",\"contentUrl\":\"https:\\\/\\\/bxrepsol.s3.eu-west-1.amazonaws.com\\\/static\\\/2022\\\/08\\\/29090525\\\/00_fim_cev_repsol_moto2_campeon.jpg\",\"width\":1280,\"height\":600,\"caption\":\"Edgar Pons celebrando su Campeonato de Europa\"},{\"@type\":\"BreadcrumbList\",\"@id\":\"https:\\\/\\\/www.boxrepsol.com\\\/es\\\/sin-categorizar\\\/campeonato-europeo-moto2-corona-edgar-pons-albacete\\\/#breadcrumb\",\"itemListElement\":[{\"@type\":\"ListItem\",\"position\":1,\"name\":\"Home\",\"item\":\"https:\\\/\\\/www.boxrepsol.com\\\/es\\\/\"},{\"@type\":\"ListItem\",\"position\":2,\"name\":\"El Campeonato Europeo de Moto2 corona a Edgar Pons en Albacete\"}]},{\"@type\":\"WebSite\",\"@id\":\"https:\\\/\\\/www.boxrepsol.com\\\/es\\\/#website\",\"url\":\"https:\\\/\\\/www.boxrepsol.com\\\/es\\\/\",\"name\":\"Box Repsol\",\"description\":\"Box Repsol Site\",\"publisher\":{\"@id\":\"https:\\\/\\\/www.boxrepsol.com\\\/es\\\/#organization\"},\"potentialAction\":[{\"@type\":\"SearchAction\",\"target\":{\"@type\":\"EntryPoint\",\"urlTemplate\":\"https:\\\/\\\/www.boxrepsol.com\\\/es\\\/?s={search_term_string}\"},\"query-input\":{\"@type\":\"PropertyValueSpecification\",\"valueRequired\":true,\"valueName\":\"search_term_string\"}}],\"inLanguage\":\"es\"},{\"@type\":\"Organization\",\"@id\":\"https:\\\/\\\/www.boxrepsol.com\\\/es\\\/#organization\",\"name\":\"Box Repsol\",\"url\":\"https:\\\/\\\/www.boxrepsol.com\\\/es\\\/\",\"logo\":{\"@type\":\"ImageObject\",\"inLanguage\":\"es\",\"@id\":\"https:\\\/\\\/www.boxrepsol.com\\\/es\\\/#\\\/schema\\\/logo\\\/image\\\/\",\"url\":\"https:\\\/\\\/bxrepsol.s3.eu-west-1.amazonaws.com\\\/static\\\/2025\\\/07\\\/30083337\\\/favicon-96x96-1.png\",\"contentUrl\":\"https:\\\/\\\/bxrepsol.s3.eu-west-1.amazonaws.com\\\/static\\\/2025\\\/07\\\/30083337\\\/favicon-96x96-1.png\",\"width\":96,\"height\":96,\"caption\":\"Box Repsol\"},\"image\":{\"@id\":\"https:\\\/\\\/www.boxrepsol.com\\\/es\\\/#\\\/schema\\\/logo\\\/image\\\/\"},\"sameAs\":[\"https:\\\/\\\/www.facebook.com\\\/BoxRepsol\",\"https:\\\/\\\/x.com\\\/box_repsol\",\"http:\\\/\\\/instagram.com\\\/box_repsol\",\"https:\\\/\\\/www.youtube.com\\\/user\\\/RepsolCompeticion\",\"https:\\\/\\\/www.flickr.com\\\/photos\\\/box_repsol\\\/\"]},{\"@type\":\"Person\",\"@id\":\"https:\\\/\\\/www.boxrepsol.com\\\/es\\\/#\\\/schema\\\/person\\\/c5c2138f2cca251b0ad92b7086bb60b7\",\"name\":\"Redacci\u00f3n Box Repsol\",\"image\":{\"@type\":\"ImageObject\",\"inLanguage\":\"es\",\"@id\":\"https:\\\/\\\/secure.gravatar.com\\\/avatar\\\/adf7b77e38b4419baf32c7e9c21dde01f4e40df611f0978e3006fc4ba0aaab7e?s=96&d=mm&r=g\",\"url\":\"https:\\\/\\\/secure.gravatar.com\\\/avatar\\\/adf7b77e38b4419baf32c7e9c21dde01f4e40df611f0978e3006fc4ba0aaab7e?s=96&d=mm&r=g\",\"contentUrl\":\"https:\\\/\\\/secure.gravatar.com\\\/avatar\\\/adf7b77e38b4419baf32c7e9c21dde01f4e40df611f0978e3006fc4ba0aaab7e?s=96&d=mm&r=g\",\"caption\":\"Redacci\u00f3n Box Repsol\"},\"description\":\"Box Repsol lo forma un equipo de periodistas, community managers, dise\u00f1adores y fot\u00f3grafos con m\u00e1s de 20 a\u00f1os de experiencia en el mundo del motorsport. Hemos vivido el primer mundial de un espa\u00f1ol en la categor\u00eda reina de motociclismo con \u00c1lex Crivill\u00e9, estuvimos en las victorias de Pedrosa y los t\u00edtulos de M\u00e1rquez, acompa\u00f1amos en \u00c1frica a Nani Roma y Marc Coma en sus conquistas del Dakar y hemos vibrado con los t\u00edtulos de Toni Bou en Trial. Adem\u00e1s, en nuestro equipo contamos con expertos en el mundo de las dos y cuatro ruedas tanto de la calle y las carreteras, como de los circuitos. Periodistas que han trabajado en revistas y publicaciones para hacerte llegar desde rutas y consejos de mantenimiento, a curiosidades y trucos de pilotaje.\",\"sameAs\":[\"https:\\\/\\\/www.facebook.com\\\/BoxRepsol\\\/\",\"https:\\\/\\\/www.instagram.com\\\/box_repsol\\\/\",\"https:\\\/\\\/x.com\\\/https:\\\/\\\/twitter.com\\\/box_repsol\",\"https:\\\/\\\/www.youtube.com\\\/@Boxrepsol\"],\"url\":\"https:\\\/\\\/www.boxrepsol.com\\\/es\\\/author\\\/redaccion-box-repsol\\\/\"}]}<\/script>\n<!-- \/ Yoast SEO plugin. -->","yoast_head_json":{"title":"FIM CEV Repsol 2019 Albacete - El Campeonato Europeo de Moto2 corona a Edgar Pons en Albacete","description":"El espa\u00f1ol se ha asegurado el t\u00edtulo con un triunfo en la primera de las cuatro carreras de la pen\u00faltima ronda del FIM CEV Repsol.","canonical":"https:\/\/www.boxrepsol.com\/es\/sin-categorizar\/campeonato-europeo-moto2-corona-edgar-pons-albacete\/","og_locale":"es_ES","og_type":"article","og_title":"FIM CEV Repsol 2019 Albacete - El Campeonato Europeo de Moto2 corona a Edgar Pons en Albacete","og_description":"El espa\u00f1ol se ha asegurado el t\u00edtulo con un triunfo en la primera de las cuatro carreras de la pen\u00faltima ronda del FIM CEV Repsol.","og_url":"https:\/\/www.boxrepsol.com\/es\/sin-categorizar\/campeonato-europeo-moto2-corona-edgar-pons-albacete\/","og_site_name":"Box Repsol","article_publisher":"https:\/\/www.facebook.com\/BoxRepsol","article_author":"https:\/\/www.facebook.com\/BoxRepsol\/","article_published_time":"2019-10-14T02:00:00+00:00","article_modified_time":"2024-04-25T09:13:23+00:00","og_image":[{"width":1280,"height":600,"url":"https:\/\/bxrepsol.s3.eu-west-1.amazonaws.com\/static\/2022\/08\/29090525\/00_fim_cev_repsol_moto2_campeon.jpg","type":"image\/jpeg"}],"author":"Redacci\u00f3n Box Repsol","twitter_card":"summary_large_image","twitter_creator":"@https:\/\/twitter.com\/box_repsol","twitter_site":"@box_repsol","twitter_misc":{"Written by":"Redacci\u00f3n Box Repsol","Est. reading time":"3 minutos"},"schema":{"@context":"https:\/\/schema.org","@graph":[{"@type":"Article","@id":"https:\/\/www.boxrepsol.com\/es\/sin-categorizar\/campeonato-europeo-moto2-corona-edgar-pons-albacete\/#article","isPartOf":{"@id":"https:\/\/www.boxrepsol.com\/es\/sin-categorizar\/campeonato-europeo-moto2-corona-edgar-pons-albacete\/"},"author":{"name":"Redacci\u00f3n Box Repsol","@id":"https:\/\/www.boxrepsol.com\/es\/#\/schema\/person\/c5c2138f2cca251b0ad92b7086bb60b7"},"headline":"El Campeonato Europeo de Moto2 corona a Edgar Pons en Albacete","datePublished":"2019-10-14T02:00:00+00:00","dateModified":"2024-04-25T09:13:23+00:00","mainEntityOfPage":{"@id":"https:\/\/www.boxrepsol.com\/es\/sin-categorizar\/campeonato-europeo-moto2-corona-edgar-pons-albacete\/"},"wordCount":606,"commentCount":0,"publisher":{"@id":"https:\/\/www.boxrepsol.com\/es\/#organization"},"image":{"@id":"https:\/\/www.boxrepsol.com\/es\/sin-categorizar\/campeonato-europeo-moto2-corona-edgar-pons-albacete\/#primaryimage"},"thumbnailUrl":"https:\/\/bxrepsol.s3.eu-west-1.amazonaws.com\/static\/2022\/08\/29090525\/00_fim_cev_repsol_moto2_campeon.jpg","keywords":["otros eventos y competiciones"],"articleSection":["Sin categorizar"],"inLanguage":"es","potentialAction":[{"@type":"CommentAction","name":"Comment","target":["https:\/\/www.boxrepsol.com\/es\/sin-categorizar\/campeonato-europeo-moto2-corona-edgar-pons-albacete\/#respond"]}]},{"@type":"WebPage","@id":"https:\/\/www.boxrepsol.com\/es\/sin-categorizar\/campeonato-europeo-moto2-corona-edgar-pons-albacete\/","url":"https:\/\/www.boxrepsol.com\/es\/sin-categorizar\/campeonato-europeo-moto2-corona-edgar-pons-albacete\/","name":"FIM CEV Repsol 2019 Albacete - El Campeonato Europeo de Moto2 corona a Edgar Pons en Albacete","isPartOf":{"@id":"https:\/\/www.boxrepsol.com\/es\/#website"},"primaryImageOfPage":{"@id":"https:\/\/www.boxrepsol.com\/es\/sin-categorizar\/campeonato-europeo-moto2-corona-edgar-pons-albacete\/#primaryimage"},"image":{"@id":"https:\/\/www.boxrepsol.com\/es\/sin-categorizar\/campeonato-europeo-moto2-corona-edgar-pons-albacete\/#primaryimage"},"thumbnailUrl":"https:\/\/bxrepsol.s3.eu-west-1.amazonaws.com\/static\/2022\/08\/29090525\/00_fim_cev_repsol_moto2_campeon.jpg","datePublished":"2019-10-14T02:00:00+00:00","dateModified":"2024-04-25T09:13:23+00:00","description":"El espa\u00f1ol se ha asegurado el t\u00edtulo con un triunfo en la primera de las cuatro carreras de la pen\u00faltima ronda del FIM CEV Repsol.","breadcrumb":{"@id":"https:\/\/www.boxrepsol.com\/es\/sin-categorizar\/campeonato-europeo-moto2-corona-edgar-pons-albacete\/#breadcrumb"},"inLanguage":"es","potentialAction":[{"@type":"ReadAction","target":["https:\/\/www.boxrepsol.com\/es\/sin-categorizar\/campeonato-europeo-moto2-corona-edgar-pons-albacete\/"]}]},{"@type":"ImageObject","inLanguage":"es","@id":"https:\/\/www.boxrepsol.com\/es\/sin-categorizar\/campeonato-europeo-moto2-corona-edgar-pons-albacete\/#primaryimage","url":"https:\/\/bxrepsol.s3.eu-west-1.amazonaws.com\/static\/2022\/08\/29090525\/00_fim_cev_repsol_moto2_campeon.jpg","contentUrl":"https:\/\/bxrepsol.s3.eu-west-1.amazonaws.com\/static\/2022\/08\/29090525\/00_fim_cev_repsol_moto2_campeon.jpg","width":1280,"height":600,"caption":"Edgar Pons celebrando su Campeonato de Europa"},{"@type":"BreadcrumbList","@id":"https:\/\/www.boxrepsol.com\/es\/sin-categorizar\/campeonato-europeo-moto2-corona-edgar-pons-albacete\/#breadcrumb","itemListElement":[{"@type":"ListItem","position":1,"name":"Home","item":"https:\/\/www.boxrepsol.com\/es\/"},{"@type":"ListItem","position":2,"name":"El Campeonato Europeo de Moto2 corona a Edgar Pons en Albacete"}]},{"@type":"WebSite","@id":"https:\/\/www.boxrepsol.com\/es\/#website","url":"https:\/\/www.boxrepsol.com\/es\/","name":"Box Repsol","description":"Box Repsol Site","publisher":{"@id":"https:\/\/www.boxrepsol.com\/es\/#organization"},"potentialAction":[{"@type":"SearchAction","target":{"@type":"EntryPoint","urlTemplate":"https:\/\/www.boxrepsol.com\/es\/?s={search_term_string}"},"query-input":{"@type":"PropertyValueSpecification","valueRequired":true,"valueName":"search_term_string"}}],"inLanguage":"es"},{"@type":"Organization","@id":"https:\/\/www.boxrepsol.com\/es\/#organization","name":"Box Repsol","url":"https:\/\/www.boxrepsol.com\/es\/","logo":{"@type":"ImageObject","inLanguage":"es","@id":"https:\/\/www.boxrepsol.com\/es\/#\/schema\/logo\/image\/","url":"https:\/\/bxrepsol.s3.eu-west-1.amazonaws.com\/static\/2025\/07\/30083337\/favicon-96x96-1.png","contentUrl":"https:\/\/bxrepsol.s3.eu-west-1.amazonaws.com\/static\/2025\/07\/30083337\/favicon-96x96-1.png","width":96,"height":96,"caption":"Box Repsol"},"image":{"@id":"https:\/\/www.boxrepsol.com\/es\/#\/schema\/logo\/image\/"},"sameAs":["https:\/\/www.facebook.com\/BoxRepsol","https:\/\/x.com\/box_repsol","http:\/\/instagram.com\/box_repsol","https:\/\/www.youtube.com\/user\/RepsolCompeticion","https:\/\/www.flickr.com\/photos\/box_repsol\/"]},{"@type":"Person","@id":"https:\/\/www.boxrepsol.com\/es\/#\/schema\/person\/c5c2138f2cca251b0ad92b7086bb60b7","name":"Redacci\u00f3n Box Repsol","image":{"@type":"ImageObject","inLanguage":"es","@id":"https:\/\/secure.gravatar.com\/avatar\/adf7b77e38b4419baf32c7e9c21dde01f4e40df611f0978e3006fc4ba0aaab7e?s=96&d=mm&r=g","url":"https:\/\/secure.gravatar.com\/avatar\/adf7b77e38b4419baf32c7e9c21dde01f4e40df611f0978e3006fc4ba0aaab7e?s=96&d=mm&r=g","contentUrl":"https:\/\/secure.gravatar.com\/avatar\/adf7b77e38b4419baf32c7e9c21dde01f4e40df611f0978e3006fc4ba0aaab7e?s=96&d=mm&r=g","caption":"Redacci\u00f3n Box Repsol"},"description":"Box Repsol lo forma un equipo de periodistas, community managers, dise\u00f1adores y fot\u00f3grafos con m\u00e1s de 20 a\u00f1os de experiencia en el mundo del motorsport. Hemos vivido el primer mundial de un espa\u00f1ol en la categor\u00eda reina de motociclismo con \u00c1lex Crivill\u00e9, estuvimos en las victorias de Pedrosa y los t\u00edtulos de M\u00e1rquez, acompa\u00f1amos en \u00c1frica a Nani Roma y Marc Coma en sus conquistas del Dakar y hemos vibrado con los t\u00edtulos de Toni Bou en Trial. Adem\u00e1s, en nuestro equipo contamos con expertos en el mundo de las dos y cuatro ruedas tanto de la calle y las carreteras, como de los circuitos. Periodistas que han trabajado en revistas y publicaciones para hacerte llegar desde rutas y consejos de mantenimiento, a curiosidades y trucos de pilotaje.","sameAs":["https:\/\/www.facebook.com\/BoxRepsol\/","https:\/\/www.instagram.com\/box_repsol\/","https:\/\/x.com\/https:\/\/twitter.com\/box_repsol","https:\/\/www.youtube.com\/@Boxrepsol"],"url":"https:\/\/www.boxrepsol.com\/es\/author\/redaccion-box-repsol\/"}]}},"_links":{"self":[{"href":"https:\/\/www.boxrepsol.com\/es\/wp-json\/wp\/v2\/posts\/94194","targetHints":{"allow":["GET"]}}],"collection":[{"href":"https:\/\/www.boxrepsol.com\/es\/wp-json\/wp\/v2\/posts"}],"about":[{"href":"https:\/\/www.boxrepsol.com\/es\/wp-json\/wp\/v2\/types\/post"}],"author":[{"embeddable":true,"href":"https:\/\/www.boxrepsol.com\/es\/wp-json\/wp\/v2\/users\/43146"}],"replies":[{"embeddable":true,"href":"https:\/\/www.boxrepsol.com\/es\/wp-json\/wp\/v2\/comments?post=94194"}],"version-history":[{"count":1,"href":"https:\/\/www.boxrepsol.com\/es\/wp-json\/wp\/v2\/posts\/94194\/revisions"}],"predecessor-version":[{"id":94195,"href":"https:\/\/www.boxrepsol.com\/es\/wp-json\/wp\/v2\/posts\/94194\/revisions\/94195"}],"wp:featuredmedia":[{"embeddable":true,"href":"https:\/\/www.boxrepsol.com\/es\/wp-json\/wp\/v2\/media\/62880"}],"wp:attachment":[{"href":"https:\/\/www.boxrepsol.com\/es\/wp-json\/wp\/v2\/media?parent=94194"}],"wp:term":[{"taxonomy":"category","embeddable":true,"href":"https:\/\/www.boxrepsol.com\/es\/wp-json\/wp\/v2\/categories?post=94194"},{"taxonomy":"post_tag","embeddable":true,"href":"https:\/\/www.boxrepsol.com\/es\/wp-json\/wp\/v2\/tags?post=94194"}],"curies":[{"name":"wp","href":"https:\/\/api.w.org\/{rel}","templated":true}]}}