{"id":94190,"date":"2019-10-10T00:00:00","date_gmt":"2019-10-10T02:00:00","guid":{"rendered":"http:\/\/pre.boxrepsol.com\/sin-categorizar\/desde-su-plato-preferido-a-su-cancion-favorita-como-ha-cambiado-marc-marquez-de-2010-a-2019\/"},"modified":"2024-04-25T07:13:01","modified_gmt":"2024-04-25T09:13:01","slug":"desde-su-plato-preferido-a-su-cancion-favorita-como-ha-cambiado-marc-marquez-de-2010-a-2019","status":"publish","type":"post","link":"https:\/\/www.boxrepsol.com\/es\/motogp\/desde-su-plato-preferido-a-su-cancion-favorita-como-ha-cambiado-marc-marquez-de-2010-a-2019\/","title":{"rendered":"Desde su plato preferido a su canci\u00f3n favorita, \u00bfc\u00f3mo ha cambiado Marc M\u00e1rquez de 2010 a 2019?"},"content":{"rendered":"<p>Desde que consiguiera su primer t\u00edtulo de Campe\u00f3n del Mundo en 125 c. c., la leyenda de Marc M\u00e1rquez no ha dejado de crecer. <strong>Fue en 2010 y ya contaba con el apoyo de Repsol cuando logr\u00f3 su primera victoria en el Mundial <\/strong>y empez\u00f3 a mostrar destellos del talento que le ha llevado a conseguir ocho campeonatos en diez temporadas. <\/p>\n<p>Fuera de la pista, tambi\u00e9n tuvo que cumplir con sus primeras entrevistas y lo hac\u00eda con una timidez que a d\u00eda de hoy, hace tiempo que ha dejado atr\u00e1s. Por aquel entonces, Box Repsol le someti\u00f3 a un r\u00e1pido cuestionario personal, para conocer algo m\u00e1s de ese piloto que empezaba a brillar en los circuitos de todo el mundo. <strong>Con el octavo t\u00edtulo reci\u00e9n conseguido, Marc M\u00e1rquez se ha enfrentado a aquellas mismas preguntas. \u00bfHabr\u00e1 cambiado mucho?<\/strong><\/p>\n<p><a title=\"Marc M\u00e1rquez Campe\u00f3n del Mundo de MotoGP 2019\" href=\"https:\/\/www.boxrepsol.com\/es\/motogp\/marc-marquez-campeon-del-mundo-de-motogp-2019\/\" target=\"_self\" rel=\"noopener\"><\/p>\n<p>\n            \u00a1Destacamos!\n    <\/p>\n<h2>\n            Marc M\u00e1rquez Campe\u00f3n del Mundo de MotoGP 2019        <\/h2>\n<p>El piloto del equipo Repsol Honda suma su octavo t\u00edtulo mundial.<\/p>\n<p>        <img decoding=\"async\" src=\"https:\/\/bxrepsol.s3.eu-west-1.amazonaws.com\/static\/2022\/08\/29090325\/meme-Marc-eightball-600x315-1.jpg\" alt=\"Meme Marc 8ball\"><br \/>\n<\/a><\/p>\n","protected":false},"excerpt":{"rendered":"<p>El piloto del equipo Repsol Honda ha respondido a las mismas preguntas que Box Repsol le hizo a un jovenc\u00edsimo Marc M\u00e1rquez en 2010<\/p>\n","protected":false},"author":43146,"featured_media":62872,"comment_status":"open","ping_status":"open","sticky":false,"template":"","format":"standard","meta":{"footnotes":""},"categories":[4],"tags":[6],"class_list":["post-94190","post","type-post","status-publish","format-standard","hentry","category-motogp","tag-marc-marquez"],"yoast_head":"<!-- This site is optimized with the Yoast SEO plugin v27.3 - https:\/\/yoast.com\/product\/yoast-seo-wordpress\/ -->\n<title>Desde su plato preferido a su canci\u00f3n favorita, \u00bfc\u00f3mo ha cambiado Marc M\u00e1rquez de 2010 a 2019? - Box Repsol<\/title>\n<meta name=\"description\" content=\"El piloto del equipo Repsol Honda ha respondido a las mismas preguntas que Box Repsol le hizo a un jovenc\u00edsimo Marc M\u00e1rquez en 2010\" \/>\n<link rel=\"canonical\" href=\"https:\/\/www.boxrepsol.com\/es\/motogp\/desde-su-plato-preferido-a-su-cancion-favorita-como-ha-cambiado-marc-marquez-de-2010-a-2019\/\" \/>\n<meta property=\"og:locale\" content=\"es_ES\" \/>\n<meta property=\"og:type\" content=\"article\" \/>\n<meta property=\"og:title\" content=\"Desde su plato preferido a su canci\u00f3n favorita, \u00bfc\u00f3mo ha cambiado Marc M\u00e1rquez de 2010 a 2019? - Box Repsol\" \/>\n<meta property=\"og:description\" content=\"El piloto del equipo Repsol Honda ha respondido a las mismas preguntas que Box Repsol le hizo a un jovenc\u00edsimo Marc M\u00e1rquez en 2010\" \/>\n<meta property=\"og:url\" content=\"https:\/\/www.boxrepsol.com\/es\/motogp\/desde-su-plato-preferido-a-su-cancion-favorita-como-ha-cambiado-marc-marquez-de-2010-a-2019\/\" \/>\n<meta property=\"og:site_name\" content=\"Box Repsol\" \/>\n<meta property=\"article:publisher\" content=\"https:\/\/www.facebook.com\/BoxRepsol\" \/>\n<meta property=\"article:author\" content=\"https:\/\/www.facebook.com\/BoxRepsol\/\" \/>\n<meta property=\"article:published_time\" content=\"2019-10-10T02:00:00+00:00\" \/>\n<meta property=\"article:modified_time\" content=\"2024-04-25T09:13:01+00:00\" \/>\n<meta property=\"og:image\" content=\"https:\/\/bxrepsol.s3.eu-west-1.amazonaws.com\/static\/2022\/08\/29090521\/00_marc_marquez_repsol_honda.jpg\" \/>\n\t<meta property=\"og:image:width\" content=\"1280\" \/>\n\t<meta property=\"og:image:height\" content=\"600\" \/>\n\t<meta property=\"og:image:type\" content=\"image\/jpeg\" \/>\n<meta name=\"author\" content=\"Redacci\u00f3n Box Repsol\" \/>\n<meta name=\"twitter:card\" content=\"summary_large_image\" \/>\n<meta name=\"twitter:creator\" content=\"@https:\/\/twitter.com\/box_repsol\" \/>\n<meta name=\"twitter:site\" content=\"@box_repsol\" \/>\n<meta name=\"twitter:label1\" content=\"Written by\" \/>\n\t<meta name=\"twitter:data1\" content=\"Redacci\u00f3n Box Repsol\" \/>\n\t<meta name=\"twitter:label2\" content=\"Est. reading time\" \/>\n\t<meta name=\"twitter:data2\" content=\"1 minuto\" \/>\n<script type=\"application\/ld+json\" class=\"yoast-schema-graph\">{\"@context\":\"https:\\\/\\\/schema.org\",\"@graph\":[{\"@type\":\"Article\",\"@id\":\"https:\\\/\\\/www.boxrepsol.com\\\/es\\\/motogp\\\/desde-su-plato-preferido-a-su-cancion-favorita-como-ha-cambiado-marc-marquez-de-2010-a-2019\\\/#article\",\"isPartOf\":{\"@id\":\"https:\\\/\\\/www.boxrepsol.com\\\/es\\\/motogp\\\/desde-su-plato-preferido-a-su-cancion-favorita-como-ha-cambiado-marc-marquez-de-2010-a-2019\\\/\"},\"author\":{\"name\":\"Redacci\u00f3n Box Repsol\",\"@id\":\"https:\\\/\\\/www.boxrepsol.com\\\/es\\\/#\\\/schema\\\/person\\\/c5c2138f2cca251b0ad92b7086bb60b7\"},\"headline\":\"Desde su plato preferido a su canci\u00f3n favorita, \u00bfc\u00f3mo ha cambiado Marc M\u00e1rquez de 2010 a 2019?\",\"datePublished\":\"2019-10-10T02:00:00+00:00\",\"dateModified\":\"2024-04-25T09:13:01+00:00\",\"mainEntityOfPage\":{\"@id\":\"https:\\\/\\\/www.boxrepsol.com\\\/es\\\/motogp\\\/desde-su-plato-preferido-a-su-cancion-favorita-como-ha-cambiado-marc-marquez-de-2010-a-2019\\\/\"},\"wordCount\":188,\"commentCount\":0,\"publisher\":{\"@id\":\"https:\\\/\\\/www.boxrepsol.com\\\/es\\\/#organization\"},\"image\":{\"@id\":\"https:\\\/\\\/www.boxrepsol.com\\\/es\\\/motogp\\\/desde-su-plato-preferido-a-su-cancion-favorita-como-ha-cambiado-marc-marquez-de-2010-a-2019\\\/#primaryimage\"},\"thumbnailUrl\":\"https:\\\/\\\/bxrepsol.s3.eu-west-1.amazonaws.com\\\/static\\\/2022\\\/08\\\/29090521\\\/00_marc_marquez_repsol_honda.jpg\",\"keywords\":[\"Marc M\u00e1rquez\"],\"articleSection\":[\"MotoGP\"],\"inLanguage\":\"es\",\"potentialAction\":[{\"@type\":\"CommentAction\",\"name\":\"Comment\",\"target\":[\"https:\\\/\\\/www.boxrepsol.com\\\/es\\\/motogp\\\/desde-su-plato-preferido-a-su-cancion-favorita-como-ha-cambiado-marc-marquez-de-2010-a-2019\\\/#respond\"]}]},{\"@type\":\"WebPage\",\"@id\":\"https:\\\/\\\/www.boxrepsol.com\\\/es\\\/motogp\\\/desde-su-plato-preferido-a-su-cancion-favorita-como-ha-cambiado-marc-marquez-de-2010-a-2019\\\/\",\"url\":\"https:\\\/\\\/www.boxrepsol.com\\\/es\\\/motogp\\\/desde-su-plato-preferido-a-su-cancion-favorita-como-ha-cambiado-marc-marquez-de-2010-a-2019\\\/\",\"name\":\"Desde su plato preferido a su canci\u00f3n favorita, \u00bfc\u00f3mo ha cambiado Marc M\u00e1rquez de 2010 a 2019? - Box Repsol\",\"isPartOf\":{\"@id\":\"https:\\\/\\\/www.boxrepsol.com\\\/es\\\/#website\"},\"primaryImageOfPage\":{\"@id\":\"https:\\\/\\\/www.boxrepsol.com\\\/es\\\/motogp\\\/desde-su-plato-preferido-a-su-cancion-favorita-como-ha-cambiado-marc-marquez-de-2010-a-2019\\\/#primaryimage\"},\"image\":{\"@id\":\"https:\\\/\\\/www.boxrepsol.com\\\/es\\\/motogp\\\/desde-su-plato-preferido-a-su-cancion-favorita-como-ha-cambiado-marc-marquez-de-2010-a-2019\\\/#primaryimage\"},\"thumbnailUrl\":\"https:\\\/\\\/bxrepsol.s3.eu-west-1.amazonaws.com\\\/static\\\/2022\\\/08\\\/29090521\\\/00_marc_marquez_repsol_honda.jpg\",\"datePublished\":\"2019-10-10T02:00:00+00:00\",\"dateModified\":\"2024-04-25T09:13:01+00:00\",\"description\":\"El piloto del equipo Repsol Honda ha respondido a las mismas preguntas que Box Repsol le hizo a un jovenc\u00edsimo Marc M\u00e1rquez en 2010\",\"breadcrumb\":{\"@id\":\"https:\\\/\\\/www.boxrepsol.com\\\/es\\\/motogp\\\/desde-su-plato-preferido-a-su-cancion-favorita-como-ha-cambiado-marc-marquez-de-2010-a-2019\\\/#breadcrumb\"},\"inLanguage\":\"es\",\"potentialAction\":[{\"@type\":\"ReadAction\",\"target\":[\"https:\\\/\\\/www.boxrepsol.com\\\/es\\\/motogp\\\/desde-su-plato-preferido-a-su-cancion-favorita-como-ha-cambiado-marc-marquez-de-2010-a-2019\\\/\"]}]},{\"@type\":\"ImageObject\",\"inLanguage\":\"es\",\"@id\":\"https:\\\/\\\/www.boxrepsol.com\\\/es\\\/motogp\\\/desde-su-plato-preferido-a-su-cancion-favorita-como-ha-cambiado-marc-marquez-de-2010-a-2019\\\/#primaryimage\",\"url\":\"https:\\\/\\\/bxrepsol.s3.eu-west-1.amazonaws.com\\\/static\\\/2022\\\/08\\\/29090521\\\/00_marc_marquez_repsol_honda.jpg\",\"contentUrl\":\"https:\\\/\\\/bxrepsol.s3.eu-west-1.amazonaws.com\\\/static\\\/2022\\\/08\\\/29090521\\\/00_marc_marquez_repsol_honda.jpg\",\"width\":1280,\"height\":600,\"caption\":\"Marc M\u00e1rquez se\u00f1ala a su yo de 2010 en una tablet\"},{\"@type\":\"BreadcrumbList\",\"@id\":\"https:\\\/\\\/www.boxrepsol.com\\\/es\\\/motogp\\\/desde-su-plato-preferido-a-su-cancion-favorita-como-ha-cambiado-marc-marquez-de-2010-a-2019\\\/#breadcrumb\",\"itemListElement\":[{\"@type\":\"ListItem\",\"position\":1,\"name\":\"Home\",\"item\":\"https:\\\/\\\/www.boxrepsol.com\\\/es\\\/\"},{\"@type\":\"ListItem\",\"position\":2,\"name\":\"Desde su plato preferido a su canci\u00f3n favorita, \u00bfc\u00f3mo ha cambiado Marc M\u00e1rquez de 2010 a 2019?\"}]},{\"@type\":\"WebSite\",\"@id\":\"https:\\\/\\\/www.boxrepsol.com\\\/es\\\/#website\",\"url\":\"https:\\\/\\\/www.boxrepsol.com\\\/es\\\/\",\"name\":\"Box Repsol\",\"description\":\"Box Repsol Site\",\"publisher\":{\"@id\":\"https:\\\/\\\/www.boxrepsol.com\\\/es\\\/#organization\"},\"potentialAction\":[{\"@type\":\"SearchAction\",\"target\":{\"@type\":\"EntryPoint\",\"urlTemplate\":\"https:\\\/\\\/www.boxrepsol.com\\\/es\\\/?s={search_term_string}\"},\"query-input\":{\"@type\":\"PropertyValueSpecification\",\"valueRequired\":true,\"valueName\":\"search_term_string\"}}],\"inLanguage\":\"es\"},{\"@type\":\"Organization\",\"@id\":\"https:\\\/\\\/www.boxrepsol.com\\\/es\\\/#organization\",\"name\":\"Box Repsol\",\"url\":\"https:\\\/\\\/www.boxrepsol.com\\\/es\\\/\",\"logo\":{\"@type\":\"ImageObject\",\"inLanguage\":\"es\",\"@id\":\"https:\\\/\\\/www.boxrepsol.com\\\/es\\\/#\\\/schema\\\/logo\\\/image\\\/\",\"url\":\"https:\\\/\\\/bxrepsol.s3.eu-west-1.amazonaws.com\\\/static\\\/2025\\\/07\\\/30083337\\\/favicon-96x96-1.png\",\"contentUrl\":\"https:\\\/\\\/bxrepsol.s3.eu-west-1.amazonaws.com\\\/static\\\/2025\\\/07\\\/30083337\\\/favicon-96x96-1.png\",\"width\":96,\"height\":96,\"caption\":\"Box Repsol\"},\"image\":{\"@id\":\"https:\\\/\\\/www.boxrepsol.com\\\/es\\\/#\\\/schema\\\/logo\\\/image\\\/\"},\"sameAs\":[\"https:\\\/\\\/www.facebook.com\\\/BoxRepsol\",\"https:\\\/\\\/x.com\\\/box_repsol\",\"http:\\\/\\\/instagram.com\\\/box_repsol\",\"https:\\\/\\\/www.youtube.com\\\/user\\\/RepsolCompeticion\",\"https:\\\/\\\/www.flickr.com\\\/photos\\\/box_repsol\\\/\"]},{\"@type\":\"Person\",\"@id\":\"https:\\\/\\\/www.boxrepsol.com\\\/es\\\/#\\\/schema\\\/person\\\/c5c2138f2cca251b0ad92b7086bb60b7\",\"name\":\"Redacci\u00f3n Box Repsol\",\"image\":{\"@type\":\"ImageObject\",\"inLanguage\":\"es\",\"@id\":\"https:\\\/\\\/secure.gravatar.com\\\/avatar\\\/adf7b77e38b4419baf32c7e9c21dde01f4e40df611f0978e3006fc4ba0aaab7e?s=96&d=mm&r=g\",\"url\":\"https:\\\/\\\/secure.gravatar.com\\\/avatar\\\/adf7b77e38b4419baf32c7e9c21dde01f4e40df611f0978e3006fc4ba0aaab7e?s=96&d=mm&r=g\",\"contentUrl\":\"https:\\\/\\\/secure.gravatar.com\\\/avatar\\\/adf7b77e38b4419baf32c7e9c21dde01f4e40df611f0978e3006fc4ba0aaab7e?s=96&d=mm&r=g\",\"caption\":\"Redacci\u00f3n Box Repsol\"},\"description\":\"Box Repsol lo forma un equipo de periodistas, community managers, dise\u00f1adores y fot\u00f3grafos con m\u00e1s de 20 a\u00f1os de experiencia en el mundo del motorsport. Hemos vivido el primer mundial de un espa\u00f1ol en la categor\u00eda reina de motociclismo con \u00c1lex Crivill\u00e9, estuvimos en las victorias de Pedrosa y los t\u00edtulos de M\u00e1rquez, acompa\u00f1amos en \u00c1frica a Nani Roma y Marc Coma en sus conquistas del Dakar y hemos vibrado con los t\u00edtulos de Toni Bou en Trial. Adem\u00e1s, en nuestro equipo contamos con expertos en el mundo de las dos y cuatro ruedas tanto de la calle y las carreteras, como de los circuitos. Periodistas que han trabajado en revistas y publicaciones para hacerte llegar desde rutas y consejos de mantenimiento, a curiosidades y trucos de pilotaje.\",\"sameAs\":[\"https:\\\/\\\/www.facebook.com\\\/BoxRepsol\\\/\",\"https:\\\/\\\/www.instagram.com\\\/box_repsol\\\/\",\"https:\\\/\\\/x.com\\\/https:\\\/\\\/twitter.com\\\/box_repsol\",\"https:\\\/\\\/www.youtube.com\\\/@Boxrepsol\"],\"url\":\"https:\\\/\\\/www.boxrepsol.com\\\/es\\\/author\\\/redaccion-box-repsol\\\/\"}]}<\/script>\n<!-- \/ Yoast SEO plugin. -->","yoast_head_json":{"title":"Desde su plato preferido a su canci\u00f3n favorita, \u00bfc\u00f3mo ha cambiado Marc M\u00e1rquez de 2010 a 2019? - Box Repsol","description":"El piloto del equipo Repsol Honda ha respondido a las mismas preguntas que Box Repsol le hizo a un jovenc\u00edsimo Marc M\u00e1rquez en 2010","canonical":"https:\/\/www.boxrepsol.com\/es\/motogp\/desde-su-plato-preferido-a-su-cancion-favorita-como-ha-cambiado-marc-marquez-de-2010-a-2019\/","og_locale":"es_ES","og_type":"article","og_title":"Desde su plato preferido a su canci\u00f3n favorita, \u00bfc\u00f3mo ha cambiado Marc M\u00e1rquez de 2010 a 2019? - Box Repsol","og_description":"El piloto del equipo Repsol Honda ha respondido a las mismas preguntas que Box Repsol le hizo a un jovenc\u00edsimo Marc M\u00e1rquez en 2010","og_url":"https:\/\/www.boxrepsol.com\/es\/motogp\/desde-su-plato-preferido-a-su-cancion-favorita-como-ha-cambiado-marc-marquez-de-2010-a-2019\/","og_site_name":"Box Repsol","article_publisher":"https:\/\/www.facebook.com\/BoxRepsol","article_author":"https:\/\/www.facebook.com\/BoxRepsol\/","article_published_time":"2019-10-10T02:00:00+00:00","article_modified_time":"2024-04-25T09:13:01+00:00","og_image":[{"width":1280,"height":600,"url":"https:\/\/bxrepsol.s3.eu-west-1.amazonaws.com\/static\/2022\/08\/29090521\/00_marc_marquez_repsol_honda.jpg","type":"image\/jpeg"}],"author":"Redacci\u00f3n Box Repsol","twitter_card":"summary_large_image","twitter_creator":"@https:\/\/twitter.com\/box_repsol","twitter_site":"@box_repsol","twitter_misc":{"Written by":"Redacci\u00f3n Box Repsol","Est. reading time":"1 minuto"},"schema":{"@context":"https:\/\/schema.org","@graph":[{"@type":"Article","@id":"https:\/\/www.boxrepsol.com\/es\/motogp\/desde-su-plato-preferido-a-su-cancion-favorita-como-ha-cambiado-marc-marquez-de-2010-a-2019\/#article","isPartOf":{"@id":"https:\/\/www.boxrepsol.com\/es\/motogp\/desde-su-plato-preferido-a-su-cancion-favorita-como-ha-cambiado-marc-marquez-de-2010-a-2019\/"},"author":{"name":"Redacci\u00f3n Box Repsol","@id":"https:\/\/www.boxrepsol.com\/es\/#\/schema\/person\/c5c2138f2cca251b0ad92b7086bb60b7"},"headline":"Desde su plato preferido a su canci\u00f3n favorita, \u00bfc\u00f3mo ha cambiado Marc M\u00e1rquez de 2010 a 2019?","datePublished":"2019-10-10T02:00:00+00:00","dateModified":"2024-04-25T09:13:01+00:00","mainEntityOfPage":{"@id":"https:\/\/www.boxrepsol.com\/es\/motogp\/desde-su-plato-preferido-a-su-cancion-favorita-como-ha-cambiado-marc-marquez-de-2010-a-2019\/"},"wordCount":188,"commentCount":0,"publisher":{"@id":"https:\/\/www.boxrepsol.com\/es\/#organization"},"image":{"@id":"https:\/\/www.boxrepsol.com\/es\/motogp\/desde-su-plato-preferido-a-su-cancion-favorita-como-ha-cambiado-marc-marquez-de-2010-a-2019\/#primaryimage"},"thumbnailUrl":"https:\/\/bxrepsol.s3.eu-west-1.amazonaws.com\/static\/2022\/08\/29090521\/00_marc_marquez_repsol_honda.jpg","keywords":["Marc M\u00e1rquez"],"articleSection":["MotoGP"],"inLanguage":"es","potentialAction":[{"@type":"CommentAction","name":"Comment","target":["https:\/\/www.boxrepsol.com\/es\/motogp\/desde-su-plato-preferido-a-su-cancion-favorita-como-ha-cambiado-marc-marquez-de-2010-a-2019\/#respond"]}]},{"@type":"WebPage","@id":"https:\/\/www.boxrepsol.com\/es\/motogp\/desde-su-plato-preferido-a-su-cancion-favorita-como-ha-cambiado-marc-marquez-de-2010-a-2019\/","url":"https:\/\/www.boxrepsol.com\/es\/motogp\/desde-su-plato-preferido-a-su-cancion-favorita-como-ha-cambiado-marc-marquez-de-2010-a-2019\/","name":"Desde su plato preferido a su canci\u00f3n favorita, \u00bfc\u00f3mo ha cambiado Marc M\u00e1rquez de 2010 a 2019? - Box Repsol","isPartOf":{"@id":"https:\/\/www.boxrepsol.com\/es\/#website"},"primaryImageOfPage":{"@id":"https:\/\/www.boxrepsol.com\/es\/motogp\/desde-su-plato-preferido-a-su-cancion-favorita-como-ha-cambiado-marc-marquez-de-2010-a-2019\/#primaryimage"},"image":{"@id":"https:\/\/www.boxrepsol.com\/es\/motogp\/desde-su-plato-preferido-a-su-cancion-favorita-como-ha-cambiado-marc-marquez-de-2010-a-2019\/#primaryimage"},"thumbnailUrl":"https:\/\/bxrepsol.s3.eu-west-1.amazonaws.com\/static\/2022\/08\/29090521\/00_marc_marquez_repsol_honda.jpg","datePublished":"2019-10-10T02:00:00+00:00","dateModified":"2024-04-25T09:13:01+00:00","description":"El piloto del equipo Repsol Honda ha respondido a las mismas preguntas que Box Repsol le hizo a un jovenc\u00edsimo Marc M\u00e1rquez en 2010","breadcrumb":{"@id":"https:\/\/www.boxrepsol.com\/es\/motogp\/desde-su-plato-preferido-a-su-cancion-favorita-como-ha-cambiado-marc-marquez-de-2010-a-2019\/#breadcrumb"},"inLanguage":"es","potentialAction":[{"@type":"ReadAction","target":["https:\/\/www.boxrepsol.com\/es\/motogp\/desde-su-plato-preferido-a-su-cancion-favorita-como-ha-cambiado-marc-marquez-de-2010-a-2019\/"]}]},{"@type":"ImageObject","inLanguage":"es","@id":"https:\/\/www.boxrepsol.com\/es\/motogp\/desde-su-plato-preferido-a-su-cancion-favorita-como-ha-cambiado-marc-marquez-de-2010-a-2019\/#primaryimage","url":"https:\/\/bxrepsol.s3.eu-west-1.amazonaws.com\/static\/2022\/08\/29090521\/00_marc_marquez_repsol_honda.jpg","contentUrl":"https:\/\/bxrepsol.s3.eu-west-1.amazonaws.com\/static\/2022\/08\/29090521\/00_marc_marquez_repsol_honda.jpg","width":1280,"height":600,"caption":"Marc M\u00e1rquez se\u00f1ala a su yo de 2010 en una tablet"},{"@type":"BreadcrumbList","@id":"https:\/\/www.boxrepsol.com\/es\/motogp\/desde-su-plato-preferido-a-su-cancion-favorita-como-ha-cambiado-marc-marquez-de-2010-a-2019\/#breadcrumb","itemListElement":[{"@type":"ListItem","position":1,"name":"Home","item":"https:\/\/www.boxrepsol.com\/es\/"},{"@type":"ListItem","position":2,"name":"Desde su plato preferido a su canci\u00f3n favorita, \u00bfc\u00f3mo ha cambiado Marc M\u00e1rquez de 2010 a 2019?"}]},{"@type":"WebSite","@id":"https:\/\/www.boxrepsol.com\/es\/#website","url":"https:\/\/www.boxrepsol.com\/es\/","name":"Box Repsol","description":"Box Repsol Site","publisher":{"@id":"https:\/\/www.boxrepsol.com\/es\/#organization"},"potentialAction":[{"@type":"SearchAction","target":{"@type":"EntryPoint","urlTemplate":"https:\/\/www.boxrepsol.com\/es\/?s={search_term_string}"},"query-input":{"@type":"PropertyValueSpecification","valueRequired":true,"valueName":"search_term_string"}}],"inLanguage":"es"},{"@type":"Organization","@id":"https:\/\/www.boxrepsol.com\/es\/#organization","name":"Box Repsol","url":"https:\/\/www.boxrepsol.com\/es\/","logo":{"@type":"ImageObject","inLanguage":"es","@id":"https:\/\/www.boxrepsol.com\/es\/#\/schema\/logo\/image\/","url":"https:\/\/bxrepsol.s3.eu-west-1.amazonaws.com\/static\/2025\/07\/30083337\/favicon-96x96-1.png","contentUrl":"https:\/\/bxrepsol.s3.eu-west-1.amazonaws.com\/static\/2025\/07\/30083337\/favicon-96x96-1.png","width":96,"height":96,"caption":"Box Repsol"},"image":{"@id":"https:\/\/www.boxrepsol.com\/es\/#\/schema\/logo\/image\/"},"sameAs":["https:\/\/www.facebook.com\/BoxRepsol","https:\/\/x.com\/box_repsol","http:\/\/instagram.com\/box_repsol","https:\/\/www.youtube.com\/user\/RepsolCompeticion","https:\/\/www.flickr.com\/photos\/box_repsol\/"]},{"@type":"Person","@id":"https:\/\/www.boxrepsol.com\/es\/#\/schema\/person\/c5c2138f2cca251b0ad92b7086bb60b7","name":"Redacci\u00f3n Box Repsol","image":{"@type":"ImageObject","inLanguage":"es","@id":"https:\/\/secure.gravatar.com\/avatar\/adf7b77e38b4419baf32c7e9c21dde01f4e40df611f0978e3006fc4ba0aaab7e?s=96&d=mm&r=g","url":"https:\/\/secure.gravatar.com\/avatar\/adf7b77e38b4419baf32c7e9c21dde01f4e40df611f0978e3006fc4ba0aaab7e?s=96&d=mm&r=g","contentUrl":"https:\/\/secure.gravatar.com\/avatar\/adf7b77e38b4419baf32c7e9c21dde01f4e40df611f0978e3006fc4ba0aaab7e?s=96&d=mm&r=g","caption":"Redacci\u00f3n Box Repsol"},"description":"Box Repsol lo forma un equipo de periodistas, community managers, dise\u00f1adores y fot\u00f3grafos con m\u00e1s de 20 a\u00f1os de experiencia en el mundo del motorsport. Hemos vivido el primer mundial de un espa\u00f1ol en la categor\u00eda reina de motociclismo con \u00c1lex Crivill\u00e9, estuvimos en las victorias de Pedrosa y los t\u00edtulos de M\u00e1rquez, acompa\u00f1amos en \u00c1frica a Nani Roma y Marc Coma en sus conquistas del Dakar y hemos vibrado con los t\u00edtulos de Toni Bou en Trial. Adem\u00e1s, en nuestro equipo contamos con expertos en el mundo de las dos y cuatro ruedas tanto de la calle y las carreteras, como de los circuitos. Periodistas que han trabajado en revistas y publicaciones para hacerte llegar desde rutas y consejos de mantenimiento, a curiosidades y trucos de pilotaje.","sameAs":["https:\/\/www.facebook.com\/BoxRepsol\/","https:\/\/www.instagram.com\/box_repsol\/","https:\/\/x.com\/https:\/\/twitter.com\/box_repsol","https:\/\/www.youtube.com\/@Boxrepsol"],"url":"https:\/\/www.boxrepsol.com\/es\/author\/redaccion-box-repsol\/"}]}},"_links":{"self":[{"href":"https:\/\/www.boxrepsol.com\/es\/wp-json\/wp\/v2\/posts\/94190","targetHints":{"allow":["GET"]}}],"collection":[{"href":"https:\/\/www.boxrepsol.com\/es\/wp-json\/wp\/v2\/posts"}],"about":[{"href":"https:\/\/www.boxrepsol.com\/es\/wp-json\/wp\/v2\/types\/post"}],"author":[{"embeddable":true,"href":"https:\/\/www.boxrepsol.com\/es\/wp-json\/wp\/v2\/users\/43146"}],"replies":[{"embeddable":true,"href":"https:\/\/www.boxrepsol.com\/es\/wp-json\/wp\/v2\/comments?post=94190"}],"version-history":[{"count":1,"href":"https:\/\/www.boxrepsol.com\/es\/wp-json\/wp\/v2\/posts\/94190\/revisions"}],"predecessor-version":[{"id":94191,"href":"https:\/\/www.boxrepsol.com\/es\/wp-json\/wp\/v2\/posts\/94190\/revisions\/94191"}],"wp:featuredmedia":[{"embeddable":true,"href":"https:\/\/www.boxrepsol.com\/es\/wp-json\/wp\/v2\/media\/62872"}],"wp:attachment":[{"href":"https:\/\/www.boxrepsol.com\/es\/wp-json\/wp\/v2\/media?parent=94190"}],"wp:term":[{"taxonomy":"category","embeddable":true,"href":"https:\/\/www.boxrepsol.com\/es\/wp-json\/wp\/v2\/categories?post=94190"},{"taxonomy":"post_tag","embeddable":true,"href":"https:\/\/www.boxrepsol.com\/es\/wp-json\/wp\/v2\/tags?post=94190"}],"curies":[{"name":"wp","href":"https:\/\/api.w.org\/{rel}","templated":true}]}}