{"id":94188,"date":"2019-10-10T00:00:00","date_gmt":"2019-10-10T02:00:00","guid":{"rendered":"http:\/\/pre.boxrepsol.com\/sin-categorizar\/isidre-esteve-acaba-el-rally-de-marruecos-en-una-esperanzadora-12a-posicion\/"},"modified":"2024-04-25T07:13:09","modified_gmt":"2024-04-25T09:13:09","slug":"isidre-esteve-acaba-el-rally-de-marruecos-en-una-esperanzadora-12a-posicion","status":"publish","type":"post","link":"https:\/\/www.boxrepsol.com\/es\/rally\/isidre-esteve-acaba-el-rally-de-marruecos-en-una-esperanzadora-12a-posicion\/","title":{"rendered":"Isidre Esteve acaba el Rally de Marruecos en una esperanzadora 12\u00aa posici\u00f3n"},"content":{"rendered":"<p>Isidre Esteve ha cumplido sobradamente con todos sus objetivos marcados en el Rally de Marruecos 2019, \u00faltima prueba puntuable para Copa del Mundo de Rallys Cross-Country. <strong>El piloto del Repsol Rally Team ha logrado completar un intenso test de cara al pr\u00f3ximo Dakar<\/strong>, recuperar el ritmo de competici\u00f3n despu\u00e9s de un largo periodo de inactividad y, adem\u00e1s, firmar un gran resultado: <strong>12\u00ba absoluto y segundo de su categor\u00eda T1.2.<\/strong><\/p>\n<p><em>\u201cNos sentimos muy satisfechos porque este rally nos ha servido de gran ayuda en nuestra preparaci\u00f3n, al llevar a cabo todo nuestro plan de trabajo previsto. Sab\u00edamos que el Rally de Marruecos era un mini Dakar y que era ideal para preparar la prueba de Arabia Saud\u00ed, tanto por las caracter\u00edsticas del recorrido como por las importantes novedades introducidas por la organizaci\u00f3n, liderada por David Castera\u201d,<\/em> valoraba Isidre Esteve tras cruzar la l\u00ednea de meta con su todoterreno con los mandos adaptados en el volante por Guidosimplex.<\/p>\n<p>La \u00faltima etapa marroqu\u00ed entre Aoufous y Fez, con 168 kil\u00f3metros cronometrados, ha representado un gran colof\u00f3n para Isidre Esteve: <em>\u201cHa sido una especial muy bonita, con zonas lentas entre pinos y otras m\u00e1s r\u00e1pidas en las que hemos podido disfrutar del pilotaje, sin cometer ning\u00fan error y rodando a un buen ritmo de principio a fin\u201d<\/em>.<\/p>\n<p><a href=\"https:\/\/bxrepsol.s3.eu-west-1.amazonaws.com\/static\/2022\/08\/05070306\/00_coche_repsol_rally_team.jpg\" \n   title=\"Isidre Esteve conduciendo en dunas\" \n   data-gallery-thumbnail=\"https:\/\/bxrepsol.s3.eu-west-1.amazonaws.com\/static\/2022\/08\/05070306\/00_coche_repsol_rally_team.jpg\"\n   data-gallery-title=\"\"\n   data-gallery><\/p>\n<figure>\n        <picture style=\"padding-bottom: 66.666666666667%; background-image: url(https:\/\/bxrepsol.s3.eu-west-1.amazonaws.com\/static\/2022\/08\/05070306\/00_coche_repsol_rally_team.jpg);\">\n            <img decoding=\"async\" src=\"https:\/\/bxrepsol.s3.eu-west-1.amazonaws.com\/static\/2022\/08\/05070306\/00_coche_repsol_rally_team.jpg\"><br \/>\n            <img itemprop=\"image\"\n                data-srcset=\"https:\/\/bxrepsol.s3.eu-west-1.amazonaws.com\/static\/2022\/08\/05070306\/00_coche_repsol_rally_team.jpg 480w, https:\/\/bxrepsol.s3.eu-west-1.amazonaws.com\/static\/2022\/08\/05070306\/00_coche_repsol_rally_team.jpg 600w, https:\/\/bxrepsol.s3.eu-west-1.amazonaws.com\/static\/2022\/08\/05070306\/00_coche_repsol_rally_team.jpg 900w, https:\/\/bxrepsol.s3.eu-west-1.amazonaws.com\/static\/2022\/08\/05070306\/00_coche_repsol_rally_team.jpg 1280w\"\n                data-src=\"https:\/\/bxrepsol.s3.eu-west-1.amazonaws.com\/static\/2022\/08\/05070306\/00_coche_repsol_rally_team.jpg\"\n                alt=\"Isidre Esteve conduciendo en dunas\"\n                title=\"Posterior del coche del Repsol Rally Team subiendo una duna\"\/><br \/>\n            <noscript><img decoding=\"async\" src=\"https:\/\/bxrepsol.s3.eu-west-1.amazonaws.com\/static\/2022\/08\/05070306\/00_coche_repsol_rally_team.jpg\" alt=\"Isidre Esteve conduciendo en dunas\"><\/noscript>\n        <\/picture><figcaption>Isidre Esteve conduciendo en dunas<\/figcaption><\/figure>\n<p><\/a><\/p>\n<p><strong>Su registro de 2 horas, 41 minutos y 31 segundos le ha permitido acabar el d\u00eda en 12\u00ba lugar<\/strong>, una posici\u00f3n menos de la que finalmente ha ocupado en la clasificaci\u00f3n general, con m\u00e1s de 23 horas de carrera acumuladas. Adem\u00e1s,<strong> Isidre Esteve y su copiloto Txema Villalobos han conquistado el segundo puesto de T1.2<\/strong>, categor\u00eda reservada a los todoterreno 4&#215;4 di\u00e9sel modificados.<\/p>\n<p><em>\u201cEstamos muy contentos con el resultado final, pero sobre todo porque hemos podido comprobar que somos m\u00e1s competitivos que nunca. Sab\u00edamos que el equipo hab\u00eda hecho un gran trabajo con el coche, pero faltaba probarlo en condiciones de carrera y la verdad es que el BV6 ha respondido a las mil maravillas. Ahora podemos ir m\u00e1s r\u00e1pido y, por lo visto en este rally, estamos justo por detr\u00e1s de los equipos oficiales Toyota y Mini\u201d<\/em>, reflexionaba el piloto ilerdense.<\/p>\n<p>El Repsol Rally Team ha rentabilizado al m\u00e1ximo los cerca de 2.500 kil\u00f3metros repartidos en cinco exigentes d\u00edas de competici\u00f3n para detectar los puntos a mejorar. <em>\u201cHemos tenido peque\u00f1os problemas que hemos sabido solucionar y que siempre es mejor que aparezcan ahora que no en el Dakar, donde te penalizan mucho m\u00e1s. En general, el prototipo funciona muy bien y, adem\u00e1s, hemos probado los nuevos neum\u00e1ticos BFGoodrich y ya tenemos claro qu\u00e9 modelo montaremos en Arabia Saud\u00ed\u201d,<\/em> desvelaba el de Oliana.<\/p>\n<p>En definitiva, Isidre Esteve se desped\u00eda de Marruecos con una enorme satisfacci\u00f3n: <em>\u201cVolvemos a casa con la convicci\u00f3n de haber hecho un gran trabajo y con muchas ganas de afrontar nuestro pr\u00f3ximo reto: el Dakar 2020\u201d<\/em>.<\/p>\n<p>                <!-- Imagen relacionada --><br \/>\n        <img loading=\"lazy\" decoding=\"async\" width=\"404\" height=\"336\" src=\"https:\/\/bxrepsol.s3.eu-west-1.amazonaws.com\/static\/2022\/08\/29090516\/00_isidre_esteve_rally_marruecos_repsol_rally_team_2019-e1570605267185-404x336-2.jpg\" alt=\"Isidre Esteve en el Rally de Marruecos\" \/><br \/>\n                <!-- Categor\u00eda --><br \/>\n            Rally<br \/>\n        <!-- T\u00edtulo --><br \/>\n        <a href=\"https:\/\/www.boxrepsol.com\/es\/rally\/isidre-esteve-llega-plena-forma-al-ultimo-dia-carrera\/\"><\/p>\n<h3>Isidre Esteve llega en plena forma al \u00faltimo d\u00eda de carrera<\/h3>\n<p>        <\/a><br \/>\n                    <!-- Fecha --><br \/>\n            hace 1 hora<\/p>\n","protected":false},"excerpt":{"rendered":"<p>El Repsol Rally Team ha aprobado con muy buena nota su gran test antes del Dakar 2020 de Arabia Saud\u00ed.<\/p>\n","protected":false},"author":43146,"featured_media":62866,"comment_status":"open","ping_status":"open","sticky":false,"template":"","format":"standard","meta":{"footnotes":""},"categories":[27],"tags":[183],"class_list":["post-94188","post","type-post","status-publish","format-standard","hentry","category-rally","tag-repsol-rally-team"],"yoast_head":"<!-- This site is optimized with the Yoast SEO plugin v27.3 - https:\/\/yoast.com\/product\/yoast-seo-wordpress\/ -->\n<title>Rally de Marruecos etapa 5 - Isidre Esteve acaba el Rally de Marruecos en una esperanzadora 13\u00aa posici\u00f3n<\/title>\n<meta name=\"description\" content=\"El Repsol Rally Team ha aprobado con muy buena nota su gran test antes del Dakar 2020 de Arabia Saud\u00ed.\" \/>\n<link rel=\"canonical\" href=\"https:\/\/www.boxrepsol.com\/es\/rally\/isidre-esteve-acaba-el-rally-de-marruecos-en-una-esperanzadora-12a-posicion\/\" \/>\n<meta property=\"og:locale\" content=\"es_ES\" \/>\n<meta property=\"og:type\" content=\"article\" \/>\n<meta property=\"og:title\" content=\"Rally de Marruecos etapa 5 - Isidre Esteve acaba el Rally de Marruecos en una esperanzadora 13\u00aa posici\u00f3n\" \/>\n<meta property=\"og:description\" content=\"El Repsol Rally Team ha aprobado con muy buena nota su gran test antes del Dakar 2020 de Arabia Saud\u00ed.\" \/>\n<meta property=\"og:url\" content=\"https:\/\/www.boxrepsol.com\/es\/rally\/isidre-esteve-acaba-el-rally-de-marruecos-en-una-esperanzadora-12a-posicion\/\" \/>\n<meta property=\"og:site_name\" content=\"Box Repsol\" \/>\n<meta property=\"article:publisher\" content=\"https:\/\/www.facebook.com\/BoxRepsol\" \/>\n<meta property=\"article:author\" content=\"https:\/\/www.facebook.com\/BoxRepsol\/\" \/>\n<meta property=\"article:published_time\" content=\"2019-10-10T02:00:00+00:00\" \/>\n<meta property=\"article:modified_time\" content=\"2024-04-25T09:13:09+00:00\" \/>\n<meta property=\"og:image\" content=\"https:\/\/bxrepsol.s3.eu-west-1.amazonaws.com\/static\/2022\/08\/29090517\/00_isidre_esteve_txema_villalobos_repsol_rally_team_celebracion.jpg\" \/>\n\t<meta property=\"og:image:width\" content=\"1280\" \/>\n\t<meta property=\"og:image:height\" content=\"600\" \/>\n\t<meta property=\"og:image:type\" content=\"image\/jpeg\" \/>\n<meta name=\"author\" content=\"Redacci\u00f3n Box Repsol\" \/>\n<meta name=\"twitter:card\" content=\"summary_large_image\" \/>\n<meta name=\"twitter:creator\" content=\"@https:\/\/twitter.com\/box_repsol\" \/>\n<meta name=\"twitter:site\" content=\"@box_repsol\" \/>\n<meta name=\"twitter:label1\" content=\"Written by\" \/>\n\t<meta name=\"twitter:data1\" content=\"Redacci\u00f3n Box Repsol\" \/>\n\t<meta name=\"twitter:label2\" content=\"Est. reading time\" \/>\n\t<meta name=\"twitter:data2\" content=\"3 minutos\" \/>\n<script type=\"application\/ld+json\" class=\"yoast-schema-graph\">{\"@context\":\"https:\\\/\\\/schema.org\",\"@graph\":[{\"@type\":\"Article\",\"@id\":\"https:\\\/\\\/www.boxrepsol.com\\\/es\\\/rally\\\/isidre-esteve-acaba-el-rally-de-marruecos-en-una-esperanzadora-12a-posicion\\\/#article\",\"isPartOf\":{\"@id\":\"https:\\\/\\\/www.boxrepsol.com\\\/es\\\/rally\\\/isidre-esteve-acaba-el-rally-de-marruecos-en-una-esperanzadora-12a-posicion\\\/\"},\"author\":{\"name\":\"Redacci\u00f3n Box Repsol\",\"@id\":\"https:\\\/\\\/www.boxrepsol.com\\\/es\\\/#\\\/schema\\\/person\\\/c5c2138f2cca251b0ad92b7086bb60b7\"},\"headline\":\"Isidre Esteve acaba el Rally de Marruecos en una esperanzadora 12\u00aa posici\u00f3n\",\"datePublished\":\"2019-10-10T02:00:00+00:00\",\"dateModified\":\"2024-04-25T09:13:09+00:00\",\"mainEntityOfPage\":{\"@id\":\"https:\\\/\\\/www.boxrepsol.com\\\/es\\\/rally\\\/isidre-esteve-acaba-el-rally-de-marruecos-en-una-esperanzadora-12a-posicion\\\/\"},\"wordCount\":534,\"commentCount\":0,\"publisher\":{\"@id\":\"https:\\\/\\\/www.boxrepsol.com\\\/es\\\/#organization\"},\"image\":{\"@id\":\"https:\\\/\\\/www.boxrepsol.com\\\/es\\\/rally\\\/isidre-esteve-acaba-el-rally-de-marruecos-en-una-esperanzadora-12a-posicion\\\/#primaryimage\"},\"thumbnailUrl\":\"https:\\\/\\\/bxrepsol.s3.eu-west-1.amazonaws.com\\\/static\\\/2022\\\/08\\\/29090517\\\/00_isidre_esteve_txema_villalobos_repsol_rally_team_celebracion.jpg\",\"keywords\":[\"Repsol Rally Team\"],\"articleSection\":[\"Rally\"],\"inLanguage\":\"es\",\"potentialAction\":[{\"@type\":\"CommentAction\",\"name\":\"Comment\",\"target\":[\"https:\\\/\\\/www.boxrepsol.com\\\/es\\\/rally\\\/isidre-esteve-acaba-el-rally-de-marruecos-en-una-esperanzadora-12a-posicion\\\/#respond\"]}]},{\"@type\":\"WebPage\",\"@id\":\"https:\\\/\\\/www.boxrepsol.com\\\/es\\\/rally\\\/isidre-esteve-acaba-el-rally-de-marruecos-en-una-esperanzadora-12a-posicion\\\/\",\"url\":\"https:\\\/\\\/www.boxrepsol.com\\\/es\\\/rally\\\/isidre-esteve-acaba-el-rally-de-marruecos-en-una-esperanzadora-12a-posicion\\\/\",\"name\":\"Rally de Marruecos etapa 5 - Isidre Esteve acaba el Rally de Marruecos en una esperanzadora 13\u00aa posici\u00f3n\",\"isPartOf\":{\"@id\":\"https:\\\/\\\/www.boxrepsol.com\\\/es\\\/#website\"},\"primaryImageOfPage\":{\"@id\":\"https:\\\/\\\/www.boxrepsol.com\\\/es\\\/rally\\\/isidre-esteve-acaba-el-rally-de-marruecos-en-una-esperanzadora-12a-posicion\\\/#primaryimage\"},\"image\":{\"@id\":\"https:\\\/\\\/www.boxrepsol.com\\\/es\\\/rally\\\/isidre-esteve-acaba-el-rally-de-marruecos-en-una-esperanzadora-12a-posicion\\\/#primaryimage\"},\"thumbnailUrl\":\"https:\\\/\\\/bxrepsol.s3.eu-west-1.amazonaws.com\\\/static\\\/2022\\\/08\\\/29090517\\\/00_isidre_esteve_txema_villalobos_repsol_rally_team_celebracion.jpg\",\"datePublished\":\"2019-10-10T02:00:00+00:00\",\"dateModified\":\"2024-04-25T09:13:09+00:00\",\"description\":\"El Repsol Rally Team ha aprobado con muy buena nota su gran test antes del Dakar 2020 de Arabia Saud\u00ed.\",\"breadcrumb\":{\"@id\":\"https:\\\/\\\/www.boxrepsol.com\\\/es\\\/rally\\\/isidre-esteve-acaba-el-rally-de-marruecos-en-una-esperanzadora-12a-posicion\\\/#breadcrumb\"},\"inLanguage\":\"es\",\"potentialAction\":[{\"@type\":\"ReadAction\",\"target\":[\"https:\\\/\\\/www.boxrepsol.com\\\/es\\\/rally\\\/isidre-esteve-acaba-el-rally-de-marruecos-en-una-esperanzadora-12a-posicion\\\/\"]}]},{\"@type\":\"ImageObject\",\"inLanguage\":\"es\",\"@id\":\"https:\\\/\\\/www.boxrepsol.com\\\/es\\\/rally\\\/isidre-esteve-acaba-el-rally-de-marruecos-en-una-esperanzadora-12a-posicion\\\/#primaryimage\",\"url\":\"https:\\\/\\\/bxrepsol.s3.eu-west-1.amazonaws.com\\\/static\\\/2022\\\/08\\\/29090517\\\/00_isidre_esteve_txema_villalobos_repsol_rally_team_celebracion.jpg\",\"contentUrl\":\"https:\\\/\\\/bxrepsol.s3.eu-west-1.amazonaws.com\\\/static\\\/2022\\\/08\\\/29090517\\\/00_isidre_esteve_txema_villalobos_repsol_rally_team_celebracion.jpg\",\"width\":1280,\"height\":600,\"caption\":\"El Repsol Rally Team celebra el resultado en el Rally de Marruecos\"},{\"@type\":\"BreadcrumbList\",\"@id\":\"https:\\\/\\\/www.boxrepsol.com\\\/es\\\/rally\\\/isidre-esteve-acaba-el-rally-de-marruecos-en-una-esperanzadora-12a-posicion\\\/#breadcrumb\",\"itemListElement\":[{\"@type\":\"ListItem\",\"position\":1,\"name\":\"Home\",\"item\":\"https:\\\/\\\/www.boxrepsol.com\\\/es\\\/\"},{\"@type\":\"ListItem\",\"position\":2,\"name\":\"Isidre Esteve acaba el Rally de Marruecos en una esperanzadora 12\u00aa posici\u00f3n\"}]},{\"@type\":\"WebSite\",\"@id\":\"https:\\\/\\\/www.boxrepsol.com\\\/es\\\/#website\",\"url\":\"https:\\\/\\\/www.boxrepsol.com\\\/es\\\/\",\"name\":\"Box Repsol\",\"description\":\"Box Repsol Site\",\"publisher\":{\"@id\":\"https:\\\/\\\/www.boxrepsol.com\\\/es\\\/#organization\"},\"potentialAction\":[{\"@type\":\"SearchAction\",\"target\":{\"@type\":\"EntryPoint\",\"urlTemplate\":\"https:\\\/\\\/www.boxrepsol.com\\\/es\\\/?s={search_term_string}\"},\"query-input\":{\"@type\":\"PropertyValueSpecification\",\"valueRequired\":true,\"valueName\":\"search_term_string\"}}],\"inLanguage\":\"es\"},{\"@type\":\"Organization\",\"@id\":\"https:\\\/\\\/www.boxrepsol.com\\\/es\\\/#organization\",\"name\":\"Box Repsol\",\"url\":\"https:\\\/\\\/www.boxrepsol.com\\\/es\\\/\",\"logo\":{\"@type\":\"ImageObject\",\"inLanguage\":\"es\",\"@id\":\"https:\\\/\\\/www.boxrepsol.com\\\/es\\\/#\\\/schema\\\/logo\\\/image\\\/\",\"url\":\"https:\\\/\\\/bxrepsol.s3.eu-west-1.amazonaws.com\\\/static\\\/2025\\\/07\\\/30083337\\\/favicon-96x96-1.png\",\"contentUrl\":\"https:\\\/\\\/bxrepsol.s3.eu-west-1.amazonaws.com\\\/static\\\/2025\\\/07\\\/30083337\\\/favicon-96x96-1.png\",\"width\":96,\"height\":96,\"caption\":\"Box Repsol\"},\"image\":{\"@id\":\"https:\\\/\\\/www.boxrepsol.com\\\/es\\\/#\\\/schema\\\/logo\\\/image\\\/\"},\"sameAs\":[\"https:\\\/\\\/www.facebook.com\\\/BoxRepsol\",\"https:\\\/\\\/x.com\\\/box_repsol\",\"http:\\\/\\\/instagram.com\\\/box_repsol\",\"https:\\\/\\\/www.youtube.com\\\/user\\\/RepsolCompeticion\",\"https:\\\/\\\/www.flickr.com\\\/photos\\\/box_repsol\\\/\"]},{\"@type\":\"Person\",\"@id\":\"https:\\\/\\\/www.boxrepsol.com\\\/es\\\/#\\\/schema\\\/person\\\/c5c2138f2cca251b0ad92b7086bb60b7\",\"name\":\"Redacci\u00f3n Box Repsol\",\"image\":{\"@type\":\"ImageObject\",\"inLanguage\":\"es\",\"@id\":\"https:\\\/\\\/secure.gravatar.com\\\/avatar\\\/adf7b77e38b4419baf32c7e9c21dde01f4e40df611f0978e3006fc4ba0aaab7e?s=96&d=mm&r=g\",\"url\":\"https:\\\/\\\/secure.gravatar.com\\\/avatar\\\/adf7b77e38b4419baf32c7e9c21dde01f4e40df611f0978e3006fc4ba0aaab7e?s=96&d=mm&r=g\",\"contentUrl\":\"https:\\\/\\\/secure.gravatar.com\\\/avatar\\\/adf7b77e38b4419baf32c7e9c21dde01f4e40df611f0978e3006fc4ba0aaab7e?s=96&d=mm&r=g\",\"caption\":\"Redacci\u00f3n Box Repsol\"},\"description\":\"Box Repsol lo forma un equipo de periodistas, community managers, dise\u00f1adores y fot\u00f3grafos con m\u00e1s de 20 a\u00f1os de experiencia en el mundo del motorsport. Hemos vivido el primer mundial de un espa\u00f1ol en la categor\u00eda reina de motociclismo con \u00c1lex Crivill\u00e9, estuvimos en las victorias de Pedrosa y los t\u00edtulos de M\u00e1rquez, acompa\u00f1amos en \u00c1frica a Nani Roma y Marc Coma en sus conquistas del Dakar y hemos vibrado con los t\u00edtulos de Toni Bou en Trial. Adem\u00e1s, en nuestro equipo contamos con expertos en el mundo de las dos y cuatro ruedas tanto de la calle y las carreteras, como de los circuitos. Periodistas que han trabajado en revistas y publicaciones para hacerte llegar desde rutas y consejos de mantenimiento, a curiosidades y trucos de pilotaje.\",\"sameAs\":[\"https:\\\/\\\/www.facebook.com\\\/BoxRepsol\\\/\",\"https:\\\/\\\/www.instagram.com\\\/box_repsol\\\/\",\"https:\\\/\\\/x.com\\\/https:\\\/\\\/twitter.com\\\/box_repsol\",\"https:\\\/\\\/www.youtube.com\\\/@Boxrepsol\"],\"url\":\"https:\\\/\\\/www.boxrepsol.com\\\/es\\\/author\\\/redaccion-box-repsol\\\/\"}]}<\/script>\n<!-- \/ Yoast SEO plugin. -->","yoast_head_json":{"title":"Rally de Marruecos etapa 5 - Isidre Esteve acaba el Rally de Marruecos en una esperanzadora 13\u00aa posici\u00f3n","description":"El Repsol Rally Team ha aprobado con muy buena nota su gran test antes del Dakar 2020 de Arabia Saud\u00ed.","canonical":"https:\/\/www.boxrepsol.com\/es\/rally\/isidre-esteve-acaba-el-rally-de-marruecos-en-una-esperanzadora-12a-posicion\/","og_locale":"es_ES","og_type":"article","og_title":"Rally de Marruecos etapa 5 - Isidre Esteve acaba el Rally de Marruecos en una esperanzadora 13\u00aa posici\u00f3n","og_description":"El Repsol Rally Team ha aprobado con muy buena nota su gran test antes del Dakar 2020 de Arabia Saud\u00ed.","og_url":"https:\/\/www.boxrepsol.com\/es\/rally\/isidre-esteve-acaba-el-rally-de-marruecos-en-una-esperanzadora-12a-posicion\/","og_site_name":"Box Repsol","article_publisher":"https:\/\/www.facebook.com\/BoxRepsol","article_author":"https:\/\/www.facebook.com\/BoxRepsol\/","article_published_time":"2019-10-10T02:00:00+00:00","article_modified_time":"2024-04-25T09:13:09+00:00","og_image":[{"width":1280,"height":600,"url":"https:\/\/bxrepsol.s3.eu-west-1.amazonaws.com\/static\/2022\/08\/29090517\/00_isidre_esteve_txema_villalobos_repsol_rally_team_celebracion.jpg","type":"image\/jpeg"}],"author":"Redacci\u00f3n Box Repsol","twitter_card":"summary_large_image","twitter_creator":"@https:\/\/twitter.com\/box_repsol","twitter_site":"@box_repsol","twitter_misc":{"Written by":"Redacci\u00f3n Box Repsol","Est. reading time":"3 minutos"},"schema":{"@context":"https:\/\/schema.org","@graph":[{"@type":"Article","@id":"https:\/\/www.boxrepsol.com\/es\/rally\/isidre-esteve-acaba-el-rally-de-marruecos-en-una-esperanzadora-12a-posicion\/#article","isPartOf":{"@id":"https:\/\/www.boxrepsol.com\/es\/rally\/isidre-esteve-acaba-el-rally-de-marruecos-en-una-esperanzadora-12a-posicion\/"},"author":{"name":"Redacci\u00f3n Box Repsol","@id":"https:\/\/www.boxrepsol.com\/es\/#\/schema\/person\/c5c2138f2cca251b0ad92b7086bb60b7"},"headline":"Isidre Esteve acaba el Rally de Marruecos en una esperanzadora 12\u00aa posici\u00f3n","datePublished":"2019-10-10T02:00:00+00:00","dateModified":"2024-04-25T09:13:09+00:00","mainEntityOfPage":{"@id":"https:\/\/www.boxrepsol.com\/es\/rally\/isidre-esteve-acaba-el-rally-de-marruecos-en-una-esperanzadora-12a-posicion\/"},"wordCount":534,"commentCount":0,"publisher":{"@id":"https:\/\/www.boxrepsol.com\/es\/#organization"},"image":{"@id":"https:\/\/www.boxrepsol.com\/es\/rally\/isidre-esteve-acaba-el-rally-de-marruecos-en-una-esperanzadora-12a-posicion\/#primaryimage"},"thumbnailUrl":"https:\/\/bxrepsol.s3.eu-west-1.amazonaws.com\/static\/2022\/08\/29090517\/00_isidre_esteve_txema_villalobos_repsol_rally_team_celebracion.jpg","keywords":["Repsol Rally Team"],"articleSection":["Rally"],"inLanguage":"es","potentialAction":[{"@type":"CommentAction","name":"Comment","target":["https:\/\/www.boxrepsol.com\/es\/rally\/isidre-esteve-acaba-el-rally-de-marruecos-en-una-esperanzadora-12a-posicion\/#respond"]}]},{"@type":"WebPage","@id":"https:\/\/www.boxrepsol.com\/es\/rally\/isidre-esteve-acaba-el-rally-de-marruecos-en-una-esperanzadora-12a-posicion\/","url":"https:\/\/www.boxrepsol.com\/es\/rally\/isidre-esteve-acaba-el-rally-de-marruecos-en-una-esperanzadora-12a-posicion\/","name":"Rally de Marruecos etapa 5 - Isidre Esteve acaba el Rally de Marruecos en una esperanzadora 13\u00aa posici\u00f3n","isPartOf":{"@id":"https:\/\/www.boxrepsol.com\/es\/#website"},"primaryImageOfPage":{"@id":"https:\/\/www.boxrepsol.com\/es\/rally\/isidre-esteve-acaba-el-rally-de-marruecos-en-una-esperanzadora-12a-posicion\/#primaryimage"},"image":{"@id":"https:\/\/www.boxrepsol.com\/es\/rally\/isidre-esteve-acaba-el-rally-de-marruecos-en-una-esperanzadora-12a-posicion\/#primaryimage"},"thumbnailUrl":"https:\/\/bxrepsol.s3.eu-west-1.amazonaws.com\/static\/2022\/08\/29090517\/00_isidre_esteve_txema_villalobos_repsol_rally_team_celebracion.jpg","datePublished":"2019-10-10T02:00:00+00:00","dateModified":"2024-04-25T09:13:09+00:00","description":"El Repsol Rally Team ha aprobado con muy buena nota su gran test antes del Dakar 2020 de Arabia Saud\u00ed.","breadcrumb":{"@id":"https:\/\/www.boxrepsol.com\/es\/rally\/isidre-esteve-acaba-el-rally-de-marruecos-en-una-esperanzadora-12a-posicion\/#breadcrumb"},"inLanguage":"es","potentialAction":[{"@type":"ReadAction","target":["https:\/\/www.boxrepsol.com\/es\/rally\/isidre-esteve-acaba-el-rally-de-marruecos-en-una-esperanzadora-12a-posicion\/"]}]},{"@type":"ImageObject","inLanguage":"es","@id":"https:\/\/www.boxrepsol.com\/es\/rally\/isidre-esteve-acaba-el-rally-de-marruecos-en-una-esperanzadora-12a-posicion\/#primaryimage","url":"https:\/\/bxrepsol.s3.eu-west-1.amazonaws.com\/static\/2022\/08\/29090517\/00_isidre_esteve_txema_villalobos_repsol_rally_team_celebracion.jpg","contentUrl":"https:\/\/bxrepsol.s3.eu-west-1.amazonaws.com\/static\/2022\/08\/29090517\/00_isidre_esteve_txema_villalobos_repsol_rally_team_celebracion.jpg","width":1280,"height":600,"caption":"El Repsol Rally Team celebra el resultado en el Rally de Marruecos"},{"@type":"BreadcrumbList","@id":"https:\/\/www.boxrepsol.com\/es\/rally\/isidre-esteve-acaba-el-rally-de-marruecos-en-una-esperanzadora-12a-posicion\/#breadcrumb","itemListElement":[{"@type":"ListItem","position":1,"name":"Home","item":"https:\/\/www.boxrepsol.com\/es\/"},{"@type":"ListItem","position":2,"name":"Isidre Esteve acaba el Rally de Marruecos en una esperanzadora 12\u00aa posici\u00f3n"}]},{"@type":"WebSite","@id":"https:\/\/www.boxrepsol.com\/es\/#website","url":"https:\/\/www.boxrepsol.com\/es\/","name":"Box Repsol","description":"Box Repsol Site","publisher":{"@id":"https:\/\/www.boxrepsol.com\/es\/#organization"},"potentialAction":[{"@type":"SearchAction","target":{"@type":"EntryPoint","urlTemplate":"https:\/\/www.boxrepsol.com\/es\/?s={search_term_string}"},"query-input":{"@type":"PropertyValueSpecification","valueRequired":true,"valueName":"search_term_string"}}],"inLanguage":"es"},{"@type":"Organization","@id":"https:\/\/www.boxrepsol.com\/es\/#organization","name":"Box Repsol","url":"https:\/\/www.boxrepsol.com\/es\/","logo":{"@type":"ImageObject","inLanguage":"es","@id":"https:\/\/www.boxrepsol.com\/es\/#\/schema\/logo\/image\/","url":"https:\/\/bxrepsol.s3.eu-west-1.amazonaws.com\/static\/2025\/07\/30083337\/favicon-96x96-1.png","contentUrl":"https:\/\/bxrepsol.s3.eu-west-1.amazonaws.com\/static\/2025\/07\/30083337\/favicon-96x96-1.png","width":96,"height":96,"caption":"Box Repsol"},"image":{"@id":"https:\/\/www.boxrepsol.com\/es\/#\/schema\/logo\/image\/"},"sameAs":["https:\/\/www.facebook.com\/BoxRepsol","https:\/\/x.com\/box_repsol","http:\/\/instagram.com\/box_repsol","https:\/\/www.youtube.com\/user\/RepsolCompeticion","https:\/\/www.flickr.com\/photos\/box_repsol\/"]},{"@type":"Person","@id":"https:\/\/www.boxrepsol.com\/es\/#\/schema\/person\/c5c2138f2cca251b0ad92b7086bb60b7","name":"Redacci\u00f3n Box Repsol","image":{"@type":"ImageObject","inLanguage":"es","@id":"https:\/\/secure.gravatar.com\/avatar\/adf7b77e38b4419baf32c7e9c21dde01f4e40df611f0978e3006fc4ba0aaab7e?s=96&d=mm&r=g","url":"https:\/\/secure.gravatar.com\/avatar\/adf7b77e38b4419baf32c7e9c21dde01f4e40df611f0978e3006fc4ba0aaab7e?s=96&d=mm&r=g","contentUrl":"https:\/\/secure.gravatar.com\/avatar\/adf7b77e38b4419baf32c7e9c21dde01f4e40df611f0978e3006fc4ba0aaab7e?s=96&d=mm&r=g","caption":"Redacci\u00f3n Box Repsol"},"description":"Box Repsol lo forma un equipo de periodistas, community managers, dise\u00f1adores y fot\u00f3grafos con m\u00e1s de 20 a\u00f1os de experiencia en el mundo del motorsport. Hemos vivido el primer mundial de un espa\u00f1ol en la categor\u00eda reina de motociclismo con \u00c1lex Crivill\u00e9, estuvimos en las victorias de Pedrosa y los t\u00edtulos de M\u00e1rquez, acompa\u00f1amos en \u00c1frica a Nani Roma y Marc Coma en sus conquistas del Dakar y hemos vibrado con los t\u00edtulos de Toni Bou en Trial. Adem\u00e1s, en nuestro equipo contamos con expertos en el mundo de las dos y cuatro ruedas tanto de la calle y las carreteras, como de los circuitos. Periodistas que han trabajado en revistas y publicaciones para hacerte llegar desde rutas y consejos de mantenimiento, a curiosidades y trucos de pilotaje.","sameAs":["https:\/\/www.facebook.com\/BoxRepsol\/","https:\/\/www.instagram.com\/box_repsol\/","https:\/\/x.com\/https:\/\/twitter.com\/box_repsol","https:\/\/www.youtube.com\/@Boxrepsol"],"url":"https:\/\/www.boxrepsol.com\/es\/author\/redaccion-box-repsol\/"}]}},"_links":{"self":[{"href":"https:\/\/www.boxrepsol.com\/es\/wp-json\/wp\/v2\/posts\/94188","targetHints":{"allow":["GET"]}}],"collection":[{"href":"https:\/\/www.boxrepsol.com\/es\/wp-json\/wp\/v2\/posts"}],"about":[{"href":"https:\/\/www.boxrepsol.com\/es\/wp-json\/wp\/v2\/types\/post"}],"author":[{"embeddable":true,"href":"https:\/\/www.boxrepsol.com\/es\/wp-json\/wp\/v2\/users\/43146"}],"replies":[{"embeddable":true,"href":"https:\/\/www.boxrepsol.com\/es\/wp-json\/wp\/v2\/comments?post=94188"}],"version-history":[{"count":1,"href":"https:\/\/www.boxrepsol.com\/es\/wp-json\/wp\/v2\/posts\/94188\/revisions"}],"predecessor-version":[{"id":94189,"href":"https:\/\/www.boxrepsol.com\/es\/wp-json\/wp\/v2\/posts\/94188\/revisions\/94189"}],"wp:featuredmedia":[{"embeddable":true,"href":"https:\/\/www.boxrepsol.com\/es\/wp-json\/wp\/v2\/media\/62866"}],"wp:attachment":[{"href":"https:\/\/www.boxrepsol.com\/es\/wp-json\/wp\/v2\/media?parent=94188"}],"wp:term":[{"taxonomy":"category","embeddable":true,"href":"https:\/\/www.boxrepsol.com\/es\/wp-json\/wp\/v2\/categories?post=94188"},{"taxonomy":"post_tag","embeddable":true,"href":"https:\/\/www.boxrepsol.com\/es\/wp-json\/wp\/v2\/tags?post=94188"}],"curies":[{"name":"wp","href":"https:\/\/api.w.org\/{rel}","templated":true}]}}