{"id":94183,"date":"2019-10-14T00:00:00","date_gmt":"2019-10-14T02:00:00","guid":{"rendered":"http:\/\/pre.boxrepsol.com\/sin-categorizar\/mundial-de-500-de-criville\/"},"modified":"2024-04-25T07:13:36","modified_gmt":"2024-04-25T09:13:36","slug":"mundial-de-500-de-criville","status":"publish","type":"post","link":"https:\/\/www.boxrepsol.com\/es\/de-leyenda\/mundial-de-500-de-criville\/","title":{"rendered":"Mi mejor recuerdo del Mundial de 500 de Crivill\u00e9 en 1999"},"content":{"rendered":"\n<p>Me encantan las carreras de velocidad y sigo el Campeonato del Mundo desde 1987, cuando los pilotos espa\u00f1oles ganaban carreras en 80, 125 y 250 cc, pero no pod\u00edan so\u00f1ar siquiera con terminar entre los diez primeros en 500. Pero <b>el t\u00edtulo mundial de \u00c1lex Crivill\u00e9 en la clase reina en 1999 cambi\u00f3 el motociclismo espa\u00f1ol para siempre.<\/b><\/p>\n\n\n\n<p>Me llamo Luis y casi siempre he vivido en Madrid. Cuando comenc\u00e9 a seguir las carreras de MotoGP, que entonces se llamaba 500, Alex Crivill\u00e9 era un piloto de nueva generaci\u00f3n, s\u00f3lo dos a\u00f1os mayor que yo, en el que un mont\u00f3n de adolescentes nos fijamos entonces.<\/p>\n\n\n\n<figure class=\"wp-block-image\"><img decoding=\"async\" src=\"https:\/\/bxrepsol.s3.eu-west-1.amazonaws.com\/static\/2022\/08\/29090445\/criville_equipo_ducados_derbi-2.jpg\" alt=\"\"\/><\/figure>\n\n\n\n<p><b>Crivill\u00e9 hab\u00eda ganado el <\/b><b><i>Criterium Solo Moto<\/i><\/b><b> pilotando una Honda MBX 75, la misma moto que miles de chavales us\u00e1bamos para ir al colegio<\/b>. Despu\u00e9s hab\u00eda corrido con Derbi el Campeonato de Europa de 80<b>,<\/b> no tard\u00f3 en aparecer en el Mundial como invitado de la marca espa\u00f1ola.<\/p>\n\n\n\n<figure class=\"wp-block-image\"><img decoding=\"async\" src=\"https:\/\/bxrepsol.s3.eu-west-1.amazonaws.com\/static\/2022\/08\/29090446\/alex_criville_1_gpespan%CC%83a_jerez_1988-1.jpg\" alt=\"\"\/><\/figure>\n\n\n\n<p><b>Su rebeld\u00eda al desobedecer las \u00f3rdenes de equipo en Derbi en 1988 le llev\u00f3 a ser despedido<\/b> al a\u00f1o siguiente, algo que los seguidores de Crivill\u00e9 vimos como <b>un acto de valent\u00eda, una genial falta de respeto al orden establecido<\/b>.<\/p>\n\n\n\n<figure class=\"wp-block-image\"><img decoding=\"async\" src=\"https:\/\/bxrepsol.s3.eu-west-1.amazonaws.com\/static\/2022\/08\/29090447\/alex_criville_gpalemania_1989-2.jpg\" alt=\"\"\/><\/figure>\n\n\n\n<p><b>Le vimos ganar el Mundial de 125 al primer intento en 1989, a los 19 a\u00f1os<\/b>, batiendo el r\u00e9cord de precocidad en el Campeonato del Mundo. En su etapa en 250, a pesar de que los resultados no fueron tan buenos, sus seguidores no dejamos de apoyarle.<\/p>\n\n\n\n<figure class=\"wp-block-image\"><img decoding=\"async\" src=\"https:\/\/bxrepsol.s3.eu-west-1.amazonaws.com\/static\/2022\/08\/29090448\/alex_criville_gpholanda_1992-2.jpg\" alt=\"\"\/><\/figure>\n\n\n\n<p><b>La gran noticia lleg\u00f3 al final de 1991, cuando se anunci\u00f3 que \u00c1lex iba a correr \u00a1con Honda en 500!<\/b> Aquello lo cambi\u00f3 todo. Trasnochamos para verle subir al podio en su tercera carrera, en Malasia, y poco despu\u00e9s <b>logr\u00f3 su primera victoria en Holanda. Crivill\u00e9 estaba lanzado en 500<\/b>, algo simplemente impensable para un piloto espa\u00f1ol s\u00f3lo unos a\u00f1os antes.<\/p>\n\n\n\n<figure class=\"wp-block-image\"><img decoding=\"async\" src=\"https:\/\/bxrepsol.s3.eu-west-1.amazonaws.com\/static\/2022\/08\/29090449\/Alex_criville_repsol_honda_team_1995-2.jpg\" alt=\"\"\/><\/figure>\n\n\n\n<p>En 1994 le vimos dar un nuevo paso adelante en su evoluci\u00f3n, siendo el <b>primer espa\u00f1ol que formaba parte del equipo de f\u00e1brica de un fabricante japon\u00e9s<\/b>; y Honda, nada menos.<\/p>\n\n\n\n<p><b>En 1995 fuimos testigos del nacimiento del Equipo Repsol Honda, donde Crivill\u00e9 afianz\u00f3 su posici\u00f3n<\/b> como piloto de f\u00e1brica junto a <b>Michael Doohan, el mejor piloto de la \u00e9poca<\/b>.<\/p>\n\n\n\n<figure class=\"wp-block-image\"><img decoding=\"async\" src=\"https:\/\/bxrepsol.s3.eu-west-1.amazonaws.com\/static\/2022\/08\/29090450\/gpfrancia_1998-2.jpg\" alt=\"\"\/><\/figure>\n\n\n\n<p>En los a\u00f1os siguientes, <b>Crivill\u00e9 gan\u00f3 inolvidables carreras mano a mano contra Doohan<\/b> y en 1998 llegaron incluso a tres carreras del final de temporada jug\u00e1ndose el t\u00edtulo de 500 entre ellos. Pero todav\u00eda no era el momento de Crivill\u00e9 en 500.<\/p>\n\n\n\n<p>En 1999, tras la lesi\u00f3n que apart\u00f3 a Doohan de las carreras, <b>Crivill\u00e9 gan\u00f3 de nuevo en Jerez ante el p\u00fablico espa\u00f1ol <\/b>y aparec\u00eda como uno de los posibles candidatos al t\u00edtulo.<\/p>\n\n\n\n<figure class=\"wp-block-image\"><img decoding=\"async\" src=\"https:\/\/bxrepsol.s3.eu-west-1.amazonaws.com\/static\/2022\/08\/29090451\/Alex-Criville-GPMontmel-1999-2.jpg\" alt=\"\"\/><\/figure>\n\n\n\n<p>Sin duda, para cualquier gran seguidor de Crivill\u00e9 y las carreras de 500, <b>quiz\u00e1 el recuerdo m\u00e1s potente pertenezca al Gran Premio de Catalu\u00f1a<\/b> de ese mismo a\u00f1o.<\/p>\n\n\n\n<p>Ante la ausencia de Doohan, <b>Crivill\u00e9 tom\u00f3 el mando ganando de forma consecutiva las cuatro siguientes carreras <\/b>en Jerez, Le Mans, Mugello y el Circuit de Barcelona-Catalunya.<\/p>\n\n\n\n<p><b>En Barcelona ya dominaba holgadamente la clasificaci\u00f3n<\/b> provisional y en la \u00faltima vuelta parec\u00eda que otro piloto del Equipo Repsol Honda, Tadayuki Okada, era ya inalcanzable.<\/p>\n\n\n\n<figure class=\"wp-block-image\"><img decoding=\"async\" src=\"https:\/\/bxrepsol.s3.eu-west-1.amazonaws.com\/static\/2022\/08\/29090453\/Criville_aficionados_en_pista_celebrando_victoria-2.jpg\" alt=\"\"\/><\/figure>\n\n\n\n<p>Pero <b>Crivill\u00e9 rod\u00f3 al l\u00edmite sin necesitarlo para neutralizar esa ventaja y ganar su cuarta carrera seguida<\/b>, y adem\u00e1s en casa ante el p\u00fablico catal\u00e1n. En ese preciso instante <b>todos supimos que el ansiado t\u00edtulo de 500 llegar\u00eda por a fin a manos de un piloto espa\u00f1ol<\/b>.<\/p>\n\n\n\n<p>Los meses siguientes pusieron a prueba los nervios de todos los seguidores de Crivill\u00e9 pero, cuando se asegur\u00f3 matem\u00e1ticamente el t\u00edtulo en Brasil, la misi\u00f3n qued\u00f3 cumplida. <b>\u00c1lex Crivill\u00e9 era campe\u00f3n del mundo de 500 de 1999<\/b>.<\/p>\n\n\n\n<p>Para los entusiastas espa\u00f1oles de las carreras de velocidad la vida result\u00f3, desde ese d\u00eda, un poco m\u00e1s feliz.<\/p>\n","protected":false},"excerpt":{"rendered":"<p>Para cualquier seguidor de las carreras de 500, quiz\u00e1 el recuerdo m\u00e1s potente sea del GP de Catalu\u00f1a de 1999, el m\u00edtico Mundial de 500 de Crivill\u00e9.<\/p>\n","protected":false},"author":43146,"featured_media":62829,"comment_status":"open","ping_status":"open","sticky":false,"template":"","format":"standard","meta":{"footnotes":""},"categories":[164],"tags":[165],"class_list":["post-94183","post","type-post","status-publish","format-standard","hentry","category-de-leyenda","tag-historia-del-motociclismo"],"yoast_head":"<!-- This site is optimized with the Yoast SEO plugin v27.3 - https:\/\/yoast.com\/product\/yoast-seo-wordpress\/ -->\n<title>Mi mejor recuerdo del Mundial de 500 de Crivill\u00e9 en 1999 - Box Repsol<\/title>\n<meta name=\"description\" content=\"Para cualquier seguidor de las carreras de 500, quiz\u00e1 el recuerdo m\u00e1s potente sea del GP de Catalu\u00f1a de 1999, el m\u00edtico Mundial de 500 de Crivill\u00e9.\" \/>\n<link rel=\"canonical\" href=\"https:\/\/www.boxrepsol.com\/es\/de-leyenda\/mundial-de-500-de-criville\/\" \/>\n<meta property=\"og:locale\" content=\"es_ES\" \/>\n<meta property=\"og:type\" content=\"article\" \/>\n<meta property=\"og:title\" content=\"Mi mejor recuerdo del Mundial de 500 de Crivill\u00e9 en 1999 - Box Repsol\" \/>\n<meta property=\"og:description\" content=\"Para cualquier seguidor de las carreras de 500, quiz\u00e1 el recuerdo m\u00e1s potente sea del GP de Catalu\u00f1a de 1999, el m\u00edtico Mundial de 500 de Crivill\u00e9.\" \/>\n<meta property=\"og:url\" content=\"https:\/\/www.boxrepsol.com\/es\/de-leyenda\/mundial-de-500-de-criville\/\" \/>\n<meta property=\"og:site_name\" content=\"Box Repsol\" \/>\n<meta property=\"article:publisher\" content=\"https:\/\/www.facebook.com\/BoxRepsol\" \/>\n<meta property=\"article:author\" content=\"https:\/\/www.facebook.com\/BoxRepsol\/\" \/>\n<meta property=\"article:published_time\" content=\"2019-10-14T02:00:00+00:00\" \/>\n<meta property=\"article:modified_time\" content=\"2024-04-25T09:13:36+00:00\" \/>\n<meta property=\"og:image\" content=\"https:\/\/bxrepsol.s3.eu-west-1.amazonaws.com\/static\/2022\/08\/29090456\/criville_header-1.jpg\" \/>\n\t<meta property=\"og:image:width\" content=\"1280\" \/>\n\t<meta property=\"og:image:height\" content=\"600\" \/>\n\t<meta property=\"og:image:type\" content=\"image\/jpeg\" \/>\n<meta name=\"author\" content=\"Redacci\u00f3n Box Repsol\" \/>\n<meta name=\"twitter:card\" content=\"summary_large_image\" \/>\n<meta name=\"twitter:creator\" content=\"@https:\/\/twitter.com\/box_repsol\" \/>\n<meta name=\"twitter:site\" content=\"@box_repsol\" \/>\n<meta name=\"twitter:label1\" content=\"Written by\" \/>\n\t<meta name=\"twitter:data1\" content=\"Redacci\u00f3n Box Repsol\" \/>\n\t<meta name=\"twitter:label2\" content=\"Est. reading time\" \/>\n\t<meta name=\"twitter:data2\" content=\"3 minutos\" \/>\n<script type=\"application\/ld+json\" class=\"yoast-schema-graph\">{\"@context\":\"https:\\\/\\\/schema.org\",\"@graph\":[{\"@type\":\"Article\",\"@id\":\"https:\\\/\\\/www.boxrepsol.com\\\/es\\\/de-leyenda\\\/mundial-de-500-de-criville\\\/#article\",\"isPartOf\":{\"@id\":\"https:\\\/\\\/www.boxrepsol.com\\\/es\\\/de-leyenda\\\/mundial-de-500-de-criville\\\/\"},\"author\":{\"name\":\"Redacci\u00f3n Box Repsol\",\"@id\":\"https:\\\/\\\/www.boxrepsol.com\\\/es\\\/#\\\/schema\\\/person\\\/c5c2138f2cca251b0ad92b7086bb60b7\"},\"headline\":\"Mi mejor recuerdo del Mundial de 500 de Crivill\u00e9 en 1999\",\"datePublished\":\"2019-10-14T02:00:00+00:00\",\"dateModified\":\"2024-04-25T09:13:36+00:00\",\"mainEntityOfPage\":{\"@id\":\"https:\\\/\\\/www.boxrepsol.com\\\/es\\\/de-leyenda\\\/mundial-de-500-de-criville\\\/\"},\"wordCount\":658,\"commentCount\":0,\"publisher\":{\"@id\":\"https:\\\/\\\/www.boxrepsol.com\\\/es\\\/#organization\"},\"image\":{\"@id\":\"https:\\\/\\\/www.boxrepsol.com\\\/es\\\/de-leyenda\\\/mundial-de-500-de-criville\\\/#primaryimage\"},\"thumbnailUrl\":\"https:\\\/\\\/bxrepsol.s3.eu-west-1.amazonaws.com\\\/static\\\/2022\\\/08\\\/29090456\\\/criville_header-1.jpg\",\"keywords\":[\"historia del motociclismo\"],\"articleSection\":[\"De leyenda\"],\"inLanguage\":\"es\",\"potentialAction\":[{\"@type\":\"CommentAction\",\"name\":\"Comment\",\"target\":[\"https:\\\/\\\/www.boxrepsol.com\\\/es\\\/de-leyenda\\\/mundial-de-500-de-criville\\\/#respond\"]}]},{\"@type\":\"WebPage\",\"@id\":\"https:\\\/\\\/www.boxrepsol.com\\\/es\\\/de-leyenda\\\/mundial-de-500-de-criville\\\/\",\"url\":\"https:\\\/\\\/www.boxrepsol.com\\\/es\\\/de-leyenda\\\/mundial-de-500-de-criville\\\/\",\"name\":\"Mi mejor recuerdo del Mundial de 500 de Crivill\u00e9 en 1999 - Box Repsol\",\"isPartOf\":{\"@id\":\"https:\\\/\\\/www.boxrepsol.com\\\/es\\\/#website\"},\"primaryImageOfPage\":{\"@id\":\"https:\\\/\\\/www.boxrepsol.com\\\/es\\\/de-leyenda\\\/mundial-de-500-de-criville\\\/#primaryimage\"},\"image\":{\"@id\":\"https:\\\/\\\/www.boxrepsol.com\\\/es\\\/de-leyenda\\\/mundial-de-500-de-criville\\\/#primaryimage\"},\"thumbnailUrl\":\"https:\\\/\\\/bxrepsol.s3.eu-west-1.amazonaws.com\\\/static\\\/2022\\\/08\\\/29090456\\\/criville_header-1.jpg\",\"datePublished\":\"2019-10-14T02:00:00+00:00\",\"dateModified\":\"2024-04-25T09:13:36+00:00\",\"description\":\"Para cualquier seguidor de las carreras de 500, quiz\u00e1 el recuerdo m\u00e1s potente sea del GP de Catalu\u00f1a de 1999, el m\u00edtico Mundial de 500 de Crivill\u00e9.\",\"breadcrumb\":{\"@id\":\"https:\\\/\\\/www.boxrepsol.com\\\/es\\\/de-leyenda\\\/mundial-de-500-de-criville\\\/#breadcrumb\"},\"inLanguage\":\"es\",\"potentialAction\":[{\"@type\":\"ReadAction\",\"target\":[\"https:\\\/\\\/www.boxrepsol.com\\\/es\\\/de-leyenda\\\/mundial-de-500-de-criville\\\/\"]}]},{\"@type\":\"ImageObject\",\"inLanguage\":\"es\",\"@id\":\"https:\\\/\\\/www.boxrepsol.com\\\/es\\\/de-leyenda\\\/mundial-de-500-de-criville\\\/#primaryimage\",\"url\":\"https:\\\/\\\/bxrepsol.s3.eu-west-1.amazonaws.com\\\/static\\\/2022\\\/08\\\/29090456\\\/criville_header-1.jpg\",\"contentUrl\":\"https:\\\/\\\/bxrepsol.s3.eu-west-1.amazonaws.com\\\/static\\\/2022\\\/08\\\/29090456\\\/criville_header-1.jpg\",\"width\":1280,\"height\":600,\"caption\":\"criville_celebrando_campenato_mundial_1999\"},{\"@type\":\"BreadcrumbList\",\"@id\":\"https:\\\/\\\/www.boxrepsol.com\\\/es\\\/de-leyenda\\\/mundial-de-500-de-criville\\\/#breadcrumb\",\"itemListElement\":[{\"@type\":\"ListItem\",\"position\":1,\"name\":\"Home\",\"item\":\"https:\\\/\\\/www.boxrepsol.com\\\/es\\\/\"},{\"@type\":\"ListItem\",\"position\":2,\"name\":\"Mi mejor recuerdo del Mundial de 500 de Crivill\u00e9 en 1999\"}]},{\"@type\":\"WebSite\",\"@id\":\"https:\\\/\\\/www.boxrepsol.com\\\/es\\\/#website\",\"url\":\"https:\\\/\\\/www.boxrepsol.com\\\/es\\\/\",\"name\":\"Box Repsol\",\"description\":\"Box Repsol Site\",\"publisher\":{\"@id\":\"https:\\\/\\\/www.boxrepsol.com\\\/es\\\/#organization\"},\"potentialAction\":[{\"@type\":\"SearchAction\",\"target\":{\"@type\":\"EntryPoint\",\"urlTemplate\":\"https:\\\/\\\/www.boxrepsol.com\\\/es\\\/?s={search_term_string}\"},\"query-input\":{\"@type\":\"PropertyValueSpecification\",\"valueRequired\":true,\"valueName\":\"search_term_string\"}}],\"inLanguage\":\"es\"},{\"@type\":\"Organization\",\"@id\":\"https:\\\/\\\/www.boxrepsol.com\\\/es\\\/#organization\",\"name\":\"Box Repsol\",\"url\":\"https:\\\/\\\/www.boxrepsol.com\\\/es\\\/\",\"logo\":{\"@type\":\"ImageObject\",\"inLanguage\":\"es\",\"@id\":\"https:\\\/\\\/www.boxrepsol.com\\\/es\\\/#\\\/schema\\\/logo\\\/image\\\/\",\"url\":\"https:\\\/\\\/bxrepsol.s3.eu-west-1.amazonaws.com\\\/static\\\/2025\\\/07\\\/30083337\\\/favicon-96x96-1.png\",\"contentUrl\":\"https:\\\/\\\/bxrepsol.s3.eu-west-1.amazonaws.com\\\/static\\\/2025\\\/07\\\/30083337\\\/favicon-96x96-1.png\",\"width\":96,\"height\":96,\"caption\":\"Box Repsol\"},\"image\":{\"@id\":\"https:\\\/\\\/www.boxrepsol.com\\\/es\\\/#\\\/schema\\\/logo\\\/image\\\/\"},\"sameAs\":[\"https:\\\/\\\/www.facebook.com\\\/BoxRepsol\",\"https:\\\/\\\/x.com\\\/box_repsol\",\"http:\\\/\\\/instagram.com\\\/box_repsol\",\"https:\\\/\\\/www.youtube.com\\\/user\\\/RepsolCompeticion\",\"https:\\\/\\\/www.flickr.com\\\/photos\\\/box_repsol\\\/\"]},{\"@type\":\"Person\",\"@id\":\"https:\\\/\\\/www.boxrepsol.com\\\/es\\\/#\\\/schema\\\/person\\\/c5c2138f2cca251b0ad92b7086bb60b7\",\"name\":\"Redacci\u00f3n Box Repsol\",\"image\":{\"@type\":\"ImageObject\",\"inLanguage\":\"es\",\"@id\":\"https:\\\/\\\/secure.gravatar.com\\\/avatar\\\/adf7b77e38b4419baf32c7e9c21dde01f4e40df611f0978e3006fc4ba0aaab7e?s=96&d=mm&r=g\",\"url\":\"https:\\\/\\\/secure.gravatar.com\\\/avatar\\\/adf7b77e38b4419baf32c7e9c21dde01f4e40df611f0978e3006fc4ba0aaab7e?s=96&d=mm&r=g\",\"contentUrl\":\"https:\\\/\\\/secure.gravatar.com\\\/avatar\\\/adf7b77e38b4419baf32c7e9c21dde01f4e40df611f0978e3006fc4ba0aaab7e?s=96&d=mm&r=g\",\"caption\":\"Redacci\u00f3n Box Repsol\"},\"description\":\"Box Repsol lo forma un equipo de periodistas, community managers, dise\u00f1adores y fot\u00f3grafos con m\u00e1s de 20 a\u00f1os de experiencia en el mundo del motorsport. Hemos vivido el primer mundial de un espa\u00f1ol en la categor\u00eda reina de motociclismo con \u00c1lex Crivill\u00e9, estuvimos en las victorias de Pedrosa y los t\u00edtulos de M\u00e1rquez, acompa\u00f1amos en \u00c1frica a Nani Roma y Marc Coma en sus conquistas del Dakar y hemos vibrado con los t\u00edtulos de Toni Bou en Trial. Adem\u00e1s, en nuestro equipo contamos con expertos en el mundo de las dos y cuatro ruedas tanto de la calle y las carreteras, como de los circuitos. Periodistas que han trabajado en revistas y publicaciones para hacerte llegar desde rutas y consejos de mantenimiento, a curiosidades y trucos de pilotaje.\",\"sameAs\":[\"https:\\\/\\\/www.facebook.com\\\/BoxRepsol\\\/\",\"https:\\\/\\\/www.instagram.com\\\/box_repsol\\\/\",\"https:\\\/\\\/x.com\\\/https:\\\/\\\/twitter.com\\\/box_repsol\",\"https:\\\/\\\/www.youtube.com\\\/@Boxrepsol\"],\"url\":\"https:\\\/\\\/www.boxrepsol.com\\\/es\\\/author\\\/redaccion-box-repsol\\\/\"}]}<\/script>\n<!-- \/ Yoast SEO plugin. -->","yoast_head_json":{"title":"Mi mejor recuerdo del Mundial de 500 de Crivill\u00e9 en 1999 - Box Repsol","description":"Para cualquier seguidor de las carreras de 500, quiz\u00e1 el recuerdo m\u00e1s potente sea del GP de Catalu\u00f1a de 1999, el m\u00edtico Mundial de 500 de Crivill\u00e9.","canonical":"https:\/\/www.boxrepsol.com\/es\/de-leyenda\/mundial-de-500-de-criville\/","og_locale":"es_ES","og_type":"article","og_title":"Mi mejor recuerdo del Mundial de 500 de Crivill\u00e9 en 1999 - Box Repsol","og_description":"Para cualquier seguidor de las carreras de 500, quiz\u00e1 el recuerdo m\u00e1s potente sea del GP de Catalu\u00f1a de 1999, el m\u00edtico Mundial de 500 de Crivill\u00e9.","og_url":"https:\/\/www.boxrepsol.com\/es\/de-leyenda\/mundial-de-500-de-criville\/","og_site_name":"Box Repsol","article_publisher":"https:\/\/www.facebook.com\/BoxRepsol","article_author":"https:\/\/www.facebook.com\/BoxRepsol\/","article_published_time":"2019-10-14T02:00:00+00:00","article_modified_time":"2024-04-25T09:13:36+00:00","og_image":[{"width":1280,"height":600,"url":"https:\/\/bxrepsol.s3.eu-west-1.amazonaws.com\/static\/2022\/08\/29090456\/criville_header-1.jpg","type":"image\/jpeg"}],"author":"Redacci\u00f3n Box Repsol","twitter_card":"summary_large_image","twitter_creator":"@https:\/\/twitter.com\/box_repsol","twitter_site":"@box_repsol","twitter_misc":{"Written by":"Redacci\u00f3n Box Repsol","Est. reading time":"3 minutos"},"schema":{"@context":"https:\/\/schema.org","@graph":[{"@type":"Article","@id":"https:\/\/www.boxrepsol.com\/es\/de-leyenda\/mundial-de-500-de-criville\/#article","isPartOf":{"@id":"https:\/\/www.boxrepsol.com\/es\/de-leyenda\/mundial-de-500-de-criville\/"},"author":{"name":"Redacci\u00f3n Box Repsol","@id":"https:\/\/www.boxrepsol.com\/es\/#\/schema\/person\/c5c2138f2cca251b0ad92b7086bb60b7"},"headline":"Mi mejor recuerdo del Mundial de 500 de Crivill\u00e9 en 1999","datePublished":"2019-10-14T02:00:00+00:00","dateModified":"2024-04-25T09:13:36+00:00","mainEntityOfPage":{"@id":"https:\/\/www.boxrepsol.com\/es\/de-leyenda\/mundial-de-500-de-criville\/"},"wordCount":658,"commentCount":0,"publisher":{"@id":"https:\/\/www.boxrepsol.com\/es\/#organization"},"image":{"@id":"https:\/\/www.boxrepsol.com\/es\/de-leyenda\/mundial-de-500-de-criville\/#primaryimage"},"thumbnailUrl":"https:\/\/bxrepsol.s3.eu-west-1.amazonaws.com\/static\/2022\/08\/29090456\/criville_header-1.jpg","keywords":["historia del motociclismo"],"articleSection":["De leyenda"],"inLanguage":"es","potentialAction":[{"@type":"CommentAction","name":"Comment","target":["https:\/\/www.boxrepsol.com\/es\/de-leyenda\/mundial-de-500-de-criville\/#respond"]}]},{"@type":"WebPage","@id":"https:\/\/www.boxrepsol.com\/es\/de-leyenda\/mundial-de-500-de-criville\/","url":"https:\/\/www.boxrepsol.com\/es\/de-leyenda\/mundial-de-500-de-criville\/","name":"Mi mejor recuerdo del Mundial de 500 de Crivill\u00e9 en 1999 - Box Repsol","isPartOf":{"@id":"https:\/\/www.boxrepsol.com\/es\/#website"},"primaryImageOfPage":{"@id":"https:\/\/www.boxrepsol.com\/es\/de-leyenda\/mundial-de-500-de-criville\/#primaryimage"},"image":{"@id":"https:\/\/www.boxrepsol.com\/es\/de-leyenda\/mundial-de-500-de-criville\/#primaryimage"},"thumbnailUrl":"https:\/\/bxrepsol.s3.eu-west-1.amazonaws.com\/static\/2022\/08\/29090456\/criville_header-1.jpg","datePublished":"2019-10-14T02:00:00+00:00","dateModified":"2024-04-25T09:13:36+00:00","description":"Para cualquier seguidor de las carreras de 500, quiz\u00e1 el recuerdo m\u00e1s potente sea del GP de Catalu\u00f1a de 1999, el m\u00edtico Mundial de 500 de Crivill\u00e9.","breadcrumb":{"@id":"https:\/\/www.boxrepsol.com\/es\/de-leyenda\/mundial-de-500-de-criville\/#breadcrumb"},"inLanguage":"es","potentialAction":[{"@type":"ReadAction","target":["https:\/\/www.boxrepsol.com\/es\/de-leyenda\/mundial-de-500-de-criville\/"]}]},{"@type":"ImageObject","inLanguage":"es","@id":"https:\/\/www.boxrepsol.com\/es\/de-leyenda\/mundial-de-500-de-criville\/#primaryimage","url":"https:\/\/bxrepsol.s3.eu-west-1.amazonaws.com\/static\/2022\/08\/29090456\/criville_header-1.jpg","contentUrl":"https:\/\/bxrepsol.s3.eu-west-1.amazonaws.com\/static\/2022\/08\/29090456\/criville_header-1.jpg","width":1280,"height":600,"caption":"criville_celebrando_campenato_mundial_1999"},{"@type":"BreadcrumbList","@id":"https:\/\/www.boxrepsol.com\/es\/de-leyenda\/mundial-de-500-de-criville\/#breadcrumb","itemListElement":[{"@type":"ListItem","position":1,"name":"Home","item":"https:\/\/www.boxrepsol.com\/es\/"},{"@type":"ListItem","position":2,"name":"Mi mejor recuerdo del Mundial de 500 de Crivill\u00e9 en 1999"}]},{"@type":"WebSite","@id":"https:\/\/www.boxrepsol.com\/es\/#website","url":"https:\/\/www.boxrepsol.com\/es\/","name":"Box Repsol","description":"Box Repsol Site","publisher":{"@id":"https:\/\/www.boxrepsol.com\/es\/#organization"},"potentialAction":[{"@type":"SearchAction","target":{"@type":"EntryPoint","urlTemplate":"https:\/\/www.boxrepsol.com\/es\/?s={search_term_string}"},"query-input":{"@type":"PropertyValueSpecification","valueRequired":true,"valueName":"search_term_string"}}],"inLanguage":"es"},{"@type":"Organization","@id":"https:\/\/www.boxrepsol.com\/es\/#organization","name":"Box Repsol","url":"https:\/\/www.boxrepsol.com\/es\/","logo":{"@type":"ImageObject","inLanguage":"es","@id":"https:\/\/www.boxrepsol.com\/es\/#\/schema\/logo\/image\/","url":"https:\/\/bxrepsol.s3.eu-west-1.amazonaws.com\/static\/2025\/07\/30083337\/favicon-96x96-1.png","contentUrl":"https:\/\/bxrepsol.s3.eu-west-1.amazonaws.com\/static\/2025\/07\/30083337\/favicon-96x96-1.png","width":96,"height":96,"caption":"Box Repsol"},"image":{"@id":"https:\/\/www.boxrepsol.com\/es\/#\/schema\/logo\/image\/"},"sameAs":["https:\/\/www.facebook.com\/BoxRepsol","https:\/\/x.com\/box_repsol","http:\/\/instagram.com\/box_repsol","https:\/\/www.youtube.com\/user\/RepsolCompeticion","https:\/\/www.flickr.com\/photos\/box_repsol\/"]},{"@type":"Person","@id":"https:\/\/www.boxrepsol.com\/es\/#\/schema\/person\/c5c2138f2cca251b0ad92b7086bb60b7","name":"Redacci\u00f3n Box Repsol","image":{"@type":"ImageObject","inLanguage":"es","@id":"https:\/\/secure.gravatar.com\/avatar\/adf7b77e38b4419baf32c7e9c21dde01f4e40df611f0978e3006fc4ba0aaab7e?s=96&d=mm&r=g","url":"https:\/\/secure.gravatar.com\/avatar\/adf7b77e38b4419baf32c7e9c21dde01f4e40df611f0978e3006fc4ba0aaab7e?s=96&d=mm&r=g","contentUrl":"https:\/\/secure.gravatar.com\/avatar\/adf7b77e38b4419baf32c7e9c21dde01f4e40df611f0978e3006fc4ba0aaab7e?s=96&d=mm&r=g","caption":"Redacci\u00f3n Box Repsol"},"description":"Box Repsol lo forma un equipo de periodistas, community managers, dise\u00f1adores y fot\u00f3grafos con m\u00e1s de 20 a\u00f1os de experiencia en el mundo del motorsport. Hemos vivido el primer mundial de un espa\u00f1ol en la categor\u00eda reina de motociclismo con \u00c1lex Crivill\u00e9, estuvimos en las victorias de Pedrosa y los t\u00edtulos de M\u00e1rquez, acompa\u00f1amos en \u00c1frica a Nani Roma y Marc Coma en sus conquistas del Dakar y hemos vibrado con los t\u00edtulos de Toni Bou en Trial. Adem\u00e1s, en nuestro equipo contamos con expertos en el mundo de las dos y cuatro ruedas tanto de la calle y las carreteras, como de los circuitos. Periodistas que han trabajado en revistas y publicaciones para hacerte llegar desde rutas y consejos de mantenimiento, a curiosidades y trucos de pilotaje.","sameAs":["https:\/\/www.facebook.com\/BoxRepsol\/","https:\/\/www.instagram.com\/box_repsol\/","https:\/\/x.com\/https:\/\/twitter.com\/box_repsol","https:\/\/www.youtube.com\/@Boxrepsol"],"url":"https:\/\/www.boxrepsol.com\/es\/author\/redaccion-box-repsol\/"}]}},"_links":{"self":[{"href":"https:\/\/www.boxrepsol.com\/es\/wp-json\/wp\/v2\/posts\/94183","targetHints":{"allow":["GET"]}}],"collection":[{"href":"https:\/\/www.boxrepsol.com\/es\/wp-json\/wp\/v2\/posts"}],"about":[{"href":"https:\/\/www.boxrepsol.com\/es\/wp-json\/wp\/v2\/types\/post"}],"author":[{"embeddable":true,"href":"https:\/\/www.boxrepsol.com\/es\/wp-json\/wp\/v2\/users\/43146"}],"replies":[{"embeddable":true,"href":"https:\/\/www.boxrepsol.com\/es\/wp-json\/wp\/v2\/comments?post=94183"}],"version-history":[{"count":3,"href":"https:\/\/www.boxrepsol.com\/es\/wp-json\/wp\/v2\/posts\/94183\/revisions"}],"predecessor-version":[{"id":99689,"href":"https:\/\/www.boxrepsol.com\/es\/wp-json\/wp\/v2\/posts\/94183\/revisions\/99689"}],"wp:featuredmedia":[{"embeddable":true,"href":"https:\/\/www.boxrepsol.com\/es\/wp-json\/wp\/v2\/media\/62829"}],"wp:attachment":[{"href":"https:\/\/www.boxrepsol.com\/es\/wp-json\/wp\/v2\/media?parent=94183"}],"wp:term":[{"taxonomy":"category","embeddable":true,"href":"https:\/\/www.boxrepsol.com\/es\/wp-json\/wp\/v2\/categories?post=94183"},{"taxonomy":"post_tag","embeddable":true,"href":"https:\/\/www.boxrepsol.com\/es\/wp-json\/wp\/v2\/tags?post=94183"}],"curies":[{"name":"wp","href":"https:\/\/api.w.org\/{rel}","templated":true}]}}