{"id":94181,"date":"2019-10-09T00:00:00","date_gmt":"2019-10-09T02:00:00","guid":{"rendered":"http:\/\/pre.boxrepsol.com\/sin-categorizar\/isidre-esteve-llega-plena-forma-al-ultimo-dia-carrera\/"},"modified":"2024-04-25T07:26:12","modified_gmt":"2024-04-25T09:26:12","slug":"isidre-esteve-llega-plena-forma-al-ultimo-dia-carrera","status":"publish","type":"post","link":"https:\/\/www.boxrepsol.com\/es\/rally\/isidre-esteve-llega-plena-forma-al-ultimo-dia-carrera\/","title":{"rendered":"Isidre Esteve llega en plena forma al \u00faltimo d\u00eda de carrera"},"content":{"rendered":"<p>Isidre Esteve est\u00e1 aprovechando cada kil\u00f3metro del Rally de Marruecos para avanzar en su preparaci\u00f3n para el Dakar 2020. <strong>Este martes, el piloto del Repsol Rally Team ha logrado superar sin graves problemas la cuarta etapa <\/strong>de esta dura prueba puntuable para la Copa del Mundo de Rallys Cross-Country. El ilerdense ha finalizado 20\u00ba absoluto y<strong> ya figura 14\u00ba en la general<\/strong>, con su <a href=\"https:\/\/www.boxrepsol.com\/es\/rally\/isidre-esteve-desvela-todos-los-secretos-de-su-prototipo-dakariano\/\">todoterreno con los mandos adaptados en el volante<\/a>.<\/p>\n<p>Los participantes han tenido que completar una jornada muy compleja de navegaci\u00f3n por dunas y pistas que ha puesto en jaque a varios candidatos al triunfo. Entre ellos, los vencedores del Dakar Nasser Al Attiya (Toyota) y <a href=\"https:\/\/www.boxrepsol.com\/es\/motogp\/stephane-peterhansel-marquez-mas-calculador\/\">St\u00e9phane Peterhansel <\/a>(MINI), que han perdido sus opciones. Por su parte, Isidre Esteve y Txema Villalobos han pasado el examen con un notable,<strong> al terminar los 311 kil\u00f3metros cronometrados entre los veinte primeros<\/strong>, con un tiempo de 4 horas, 54 minutos y 22 segundos.<\/p>\n<p><em>\u201cHa sido una etapa de navegaci\u00f3n extremadamente dif\u00edcil y, hacia el kil\u00f3metro 210, nos ha costado mucho encontrar la pista en un punto en el que se ha perdido mucha gente. Pese a ello, estamos contentos porque estas situaciones nos sirven de gran ayuda para preparar mejor el pr\u00f3ximo Dakar\u201d<\/em>, reflexionaba el de Oliana.<\/p>\n<p><a href=\"https:\/\/bxrepsol.s3.eu-west-1.amazonaws.com\/static\/2022\/08\/05070237\/00_isidre_exteve_txema_villalobos_rally_marruecos.jpg\" \n   title=\"Isidre Esteve y Txema Villalobos preparados para conducir\" \n   data-gallery-thumbnail=\"https:\/\/bxrepsol.s3.eu-west-1.amazonaws.com\/static\/2022\/08\/05070237\/00_isidre_exteve_txema_villalobos_rally_marruecos.jpg\"\n   data-gallery-title=\"\"\n   data-gallery><\/p>\n<figure>\n        <picture style=\"padding-bottom: 66.666666666667%; background-image: url(https:\/\/bxrepsol.s3.eu-west-1.amazonaws.com\/static\/2022\/08\/05070237\/00_isidre_exteve_txema_villalobos_rally_marruecos.jpg);\">\n            <img decoding=\"async\" src=\"https:\/\/bxrepsol.s3.eu-west-1.amazonaws.com\/static\/2022\/08\/05070237\/00_isidre_exteve_txema_villalobos_rally_marruecos.jpg\"><br \/>\n            <img itemprop=\"image\"\n                data-srcset=\"https:\/\/bxrepsol.s3.eu-west-1.amazonaws.com\/static\/2022\/08\/05070237\/00_isidre_exteve_txema_villalobos_rally_marruecos.jpg 480w, https:\/\/bxrepsol.s3.eu-west-1.amazonaws.com\/static\/2022\/08\/05070237\/00_isidre_exteve_txema_villalobos_rally_marruecos.jpg 600w, https:\/\/bxrepsol.s3.eu-west-1.amazonaws.com\/static\/2022\/08\/05070237\/00_isidre_exteve_txema_villalobos_rally_marruecos.jpg 900w\"\n                data-src=\"https:\/\/bxrepsol.s3.eu-west-1.amazonaws.com\/static\/2022\/08\/05070237\/00_isidre_exteve_txema_villalobos_rally_marruecos.jpg\"\n                alt=\"Isidre Esteve y Txema Villalobos preparados para conducir\"\n                title=\"Isidre Exteve  su copiloto Txema Villalobos en los asientos de su coche de rally\"\/><br \/>\n            <noscript><img decoding=\"async\" src=\"https:\/\/bxrepsol.s3.eu-west-1.amazonaws.com\/static\/2022\/08\/05070237\/00_isidre_exteve_txema_villalobos_rally_marruecos.jpg\" alt=\"Isidre Esteve y Txema Villalobos preparados para conducir\"><\/noscript>\n        <\/picture><figcaption>Isidre Esteve y Txema Villalobos preparados para conducir<\/figcaption><\/figure>\n<p><\/a><\/p>\n<p>A nivel mec\u00e1nico, el prototipo BV6 ha vuelto a resistir a la dureza del trazado marroqu\u00ed, a excepci\u00f3n de un peque\u00f1o contratiempo con la correa del alternador que el copiloto Txema Villalobos ha solucionado en cuesti\u00f3n de minutos. <em>\u201cEs una gran satisfacci\u00f3n comprobar que el coche ha mejorado respecto a la temporada pasada y que ahora estamos justo detr\u00e1s de los equipos oficiales\u201d<\/em>, valora con optimismo Isidre.<\/p>\n<p>Despu\u00e9s de la jornada de hoy y, sobre todo, del brillante d\u00e9cimo lugar conseguido ayer, <strong>el Repsol Rally Team se ha encaramado hasta la 14\u00aa plaza de la general y segunda de la categor\u00eda T1.2<\/strong>, reservada a los todoterreno 4&#215;4 di\u00e9sel modificados. <em>\u201cAunque nuestra clasificaci\u00f3n est\u00e1 muy bien, si estamos realmente felices es por el gran trabajo llevado a cabo hasta la fecha por todo el equipo\u201d<\/em>, reconoc\u00eda el piloto del Repsol Rally Team.<\/p>\n<p>Isidre Esteve tratar\u00e1 de rubricar su buena actuaci\u00f3n en este Rally de Marruecos ma\u00f1ana mi\u00e9rcoles durante la \u00faltima etapa de la prueba, ya de regreso a Fez, con un total de 457 kil\u00f3metros, de los que 168 ser\u00e1n cronometrados.<em> \u201cTrataremos de aprovechar al m\u00e1ximo hasta el \u00faltimo kil\u00f3metro para seguir mejorando, aunque sin correr riesgos innecesarios\u201d<\/em>, sentencia el ilerdense.<\/p>\n","protected":false},"excerpt":{"rendered":"<p>El piloto del Repsol Rally Team ha superado una de las etapas m\u00e1s exigentes de la prueba mundialista en 20\u00ba lugar y se encarama a la 14\u00aa posici\u00f3n de la general.<\/p>\n","protected":false},"author":43146,"featured_media":62807,"comment_status":"open","ping_status":"open","sticky":false,"template":"","format":"standard","meta":{"footnotes":""},"categories":[27],"tags":[183],"class_list":["post-94181","post","type-post","status-publish","format-standard","hentry","category-rally","tag-repsol-rally-team"],"yoast_head":"<!-- This site is optimized with the Yoast SEO plugin v27.3 - https:\/\/yoast.com\/product\/yoast-seo-wordpress\/ -->\n<title>Rally de Marruecos etapa 4 - Isidre Esteve llega en plena forma al \u00faltimo d\u00eda de carrera<\/title>\n<meta name=\"description\" content=\"El piloto del Repsol Rally Team ha superado una de las etapas m\u00e1s exigentes de la prueba mundialista en 20\u00ba lugar y se encarama a la 14\u00aa posici\u00f3n.\" \/>\n<link rel=\"canonical\" href=\"https:\/\/www.boxrepsol.com\/es\/rally\/isidre-esteve-llega-plena-forma-al-ultimo-dia-carrera\/\" \/>\n<meta property=\"og:locale\" content=\"es_ES\" \/>\n<meta property=\"og:type\" content=\"article\" \/>\n<meta property=\"og:title\" content=\"Rally de Marruecos etapa 4 - Isidre Esteve llega en plena forma al \u00faltimo d\u00eda de carrera\" \/>\n<meta property=\"og:description\" content=\"El piloto del Repsol Rally Team ha superado una de las etapas m\u00e1s exigentes de la prueba mundialista en 20\u00ba lugar y se encarama a la 14\u00aa posici\u00f3n.\" \/>\n<meta property=\"og:url\" content=\"https:\/\/www.boxrepsol.com\/es\/rally\/isidre-esteve-llega-plena-forma-al-ultimo-dia-carrera\/\" \/>\n<meta property=\"og:site_name\" content=\"Box Repsol\" \/>\n<meta property=\"article:publisher\" content=\"https:\/\/www.facebook.com\/BoxRepsol\" \/>\n<meta property=\"article:author\" content=\"https:\/\/www.facebook.com\/BoxRepsol\/\" \/>\n<meta property=\"article:published_time\" content=\"2019-10-09T02:00:00+00:00\" \/>\n<meta property=\"article:modified_time\" content=\"2024-04-25T09:26:12+00:00\" \/>\n<meta property=\"og:image\" content=\"https:\/\/bxrepsol.s3.eu-west-1.amazonaws.com\/static\/2022\/08\/29090442\/00_isidre_esteve_rally_marruecos_repsol_rally_team_2019.jpg\" \/>\n\t<meta property=\"og:image:width\" content=\"1280\" \/>\n\t<meta property=\"og:image:height\" content=\"600\" \/>\n\t<meta property=\"og:image:type\" content=\"image\/jpeg\" \/>\n<meta name=\"author\" content=\"Redacci\u00f3n Box Repsol\" \/>\n<meta name=\"twitter:card\" content=\"summary_large_image\" \/>\n<meta name=\"twitter:creator\" content=\"@https:\/\/twitter.com\/box_repsol\" \/>\n<meta name=\"twitter:site\" content=\"@box_repsol\" \/>\n<meta name=\"twitter:label1\" content=\"Written by\" \/>\n\t<meta name=\"twitter:data1\" content=\"Redacci\u00f3n Box Repsol\" \/>\n\t<meta name=\"twitter:label2\" content=\"Est. reading time\" \/>\n\t<meta name=\"twitter:data2\" content=\"2 minutos\" \/>\n<script type=\"application\/ld+json\" class=\"yoast-schema-graph\">{\"@context\":\"https:\\\/\\\/schema.org\",\"@graph\":[{\"@type\":\"Article\",\"@id\":\"https:\\\/\\\/www.boxrepsol.com\\\/es\\\/rally\\\/isidre-esteve-llega-plena-forma-al-ultimo-dia-carrera\\\/#article\",\"isPartOf\":{\"@id\":\"https:\\\/\\\/www.boxrepsol.com\\\/es\\\/rally\\\/isidre-esteve-llega-plena-forma-al-ultimo-dia-carrera\\\/\"},\"author\":{\"name\":\"Redacci\u00f3n Box Repsol\",\"@id\":\"https:\\\/\\\/www.boxrepsol.com\\\/es\\\/#\\\/schema\\\/person\\\/c5c2138f2cca251b0ad92b7086bb60b7\"},\"headline\":\"Isidre Esteve llega en plena forma al \u00faltimo d\u00eda de carrera\",\"datePublished\":\"2019-10-09T02:00:00+00:00\",\"dateModified\":\"2024-04-25T09:26:12+00:00\",\"mainEntityOfPage\":{\"@id\":\"https:\\\/\\\/www.boxrepsol.com\\\/es\\\/rally\\\/isidre-esteve-llega-plena-forma-al-ultimo-dia-carrera\\\/\"},\"wordCount\":444,\"commentCount\":0,\"publisher\":{\"@id\":\"https:\\\/\\\/www.boxrepsol.com\\\/es\\\/#organization\"},\"image\":{\"@id\":\"https:\\\/\\\/www.boxrepsol.com\\\/es\\\/rally\\\/isidre-esteve-llega-plena-forma-al-ultimo-dia-carrera\\\/#primaryimage\"},\"thumbnailUrl\":\"https:\\\/\\\/bxrepsol.s3.eu-west-1.amazonaws.com\\\/static\\\/2022\\\/08\\\/29090442\\\/00_isidre_esteve_rally_marruecos_repsol_rally_team_2019.jpg\",\"keywords\":[\"Repsol Rally Team\"],\"articleSection\":[\"Rally\"],\"inLanguage\":\"es\",\"potentialAction\":[{\"@type\":\"CommentAction\",\"name\":\"Comment\",\"target\":[\"https:\\\/\\\/www.boxrepsol.com\\\/es\\\/rally\\\/isidre-esteve-llega-plena-forma-al-ultimo-dia-carrera\\\/#respond\"]}]},{\"@type\":\"WebPage\",\"@id\":\"https:\\\/\\\/www.boxrepsol.com\\\/es\\\/rally\\\/isidre-esteve-llega-plena-forma-al-ultimo-dia-carrera\\\/\",\"url\":\"https:\\\/\\\/www.boxrepsol.com\\\/es\\\/rally\\\/isidre-esteve-llega-plena-forma-al-ultimo-dia-carrera\\\/\",\"name\":\"Rally de Marruecos etapa 4 - Isidre Esteve llega en plena forma al \u00faltimo d\u00eda de carrera\",\"isPartOf\":{\"@id\":\"https:\\\/\\\/www.boxrepsol.com\\\/es\\\/#website\"},\"primaryImageOfPage\":{\"@id\":\"https:\\\/\\\/www.boxrepsol.com\\\/es\\\/rally\\\/isidre-esteve-llega-plena-forma-al-ultimo-dia-carrera\\\/#primaryimage\"},\"image\":{\"@id\":\"https:\\\/\\\/www.boxrepsol.com\\\/es\\\/rally\\\/isidre-esteve-llega-plena-forma-al-ultimo-dia-carrera\\\/#primaryimage\"},\"thumbnailUrl\":\"https:\\\/\\\/bxrepsol.s3.eu-west-1.amazonaws.com\\\/static\\\/2022\\\/08\\\/29090442\\\/00_isidre_esteve_rally_marruecos_repsol_rally_team_2019.jpg\",\"datePublished\":\"2019-10-09T02:00:00+00:00\",\"dateModified\":\"2024-04-25T09:26:12+00:00\",\"description\":\"El piloto del Repsol Rally Team ha superado una de las etapas m\u00e1s exigentes de la prueba mundialista en 20\u00ba lugar y se encarama a la 14\u00aa posici\u00f3n.\",\"breadcrumb\":{\"@id\":\"https:\\\/\\\/www.boxrepsol.com\\\/es\\\/rally\\\/isidre-esteve-llega-plena-forma-al-ultimo-dia-carrera\\\/#breadcrumb\"},\"inLanguage\":\"es\",\"potentialAction\":[{\"@type\":\"ReadAction\",\"target\":[\"https:\\\/\\\/www.boxrepsol.com\\\/es\\\/rally\\\/isidre-esteve-llega-plena-forma-al-ultimo-dia-carrera\\\/\"]}]},{\"@type\":\"ImageObject\",\"inLanguage\":\"es\",\"@id\":\"https:\\\/\\\/www.boxrepsol.com\\\/es\\\/rally\\\/isidre-esteve-llega-plena-forma-al-ultimo-dia-carrera\\\/#primaryimage\",\"url\":\"https:\\\/\\\/bxrepsol.s3.eu-west-1.amazonaws.com\\\/static\\\/2022\\\/08\\\/29090442\\\/00_isidre_esteve_rally_marruecos_repsol_rally_team_2019.jpg\",\"contentUrl\":\"https:\\\/\\\/bxrepsol.s3.eu-west-1.amazonaws.com\\\/static\\\/2022\\\/08\\\/29090442\\\/00_isidre_esteve_rally_marruecos_repsol_rally_team_2019.jpg\",\"width\":1280,\"height\":600,\"caption\":\"Isidre Esteve en el Rally de Marruecos\"},{\"@type\":\"BreadcrumbList\",\"@id\":\"https:\\\/\\\/www.boxrepsol.com\\\/es\\\/rally\\\/isidre-esteve-llega-plena-forma-al-ultimo-dia-carrera\\\/#breadcrumb\",\"itemListElement\":[{\"@type\":\"ListItem\",\"position\":1,\"name\":\"Home\",\"item\":\"https:\\\/\\\/www.boxrepsol.com\\\/es\\\/\"},{\"@type\":\"ListItem\",\"position\":2,\"name\":\"Isidre Esteve llega en plena forma al \u00faltimo d\u00eda de carrera\"}]},{\"@type\":\"WebSite\",\"@id\":\"https:\\\/\\\/www.boxrepsol.com\\\/es\\\/#website\",\"url\":\"https:\\\/\\\/www.boxrepsol.com\\\/es\\\/\",\"name\":\"Box Repsol\",\"description\":\"Box Repsol Site\",\"publisher\":{\"@id\":\"https:\\\/\\\/www.boxrepsol.com\\\/es\\\/#organization\"},\"potentialAction\":[{\"@type\":\"SearchAction\",\"target\":{\"@type\":\"EntryPoint\",\"urlTemplate\":\"https:\\\/\\\/www.boxrepsol.com\\\/es\\\/?s={search_term_string}\"},\"query-input\":{\"@type\":\"PropertyValueSpecification\",\"valueRequired\":true,\"valueName\":\"search_term_string\"}}],\"inLanguage\":\"es\"},{\"@type\":\"Organization\",\"@id\":\"https:\\\/\\\/www.boxrepsol.com\\\/es\\\/#organization\",\"name\":\"Box Repsol\",\"url\":\"https:\\\/\\\/www.boxrepsol.com\\\/es\\\/\",\"logo\":{\"@type\":\"ImageObject\",\"inLanguage\":\"es\",\"@id\":\"https:\\\/\\\/www.boxrepsol.com\\\/es\\\/#\\\/schema\\\/logo\\\/image\\\/\",\"url\":\"https:\\\/\\\/bxrepsol.s3.eu-west-1.amazonaws.com\\\/static\\\/2025\\\/07\\\/30083337\\\/favicon-96x96-1.png\",\"contentUrl\":\"https:\\\/\\\/bxrepsol.s3.eu-west-1.amazonaws.com\\\/static\\\/2025\\\/07\\\/30083337\\\/favicon-96x96-1.png\",\"width\":96,\"height\":96,\"caption\":\"Box Repsol\"},\"image\":{\"@id\":\"https:\\\/\\\/www.boxrepsol.com\\\/es\\\/#\\\/schema\\\/logo\\\/image\\\/\"},\"sameAs\":[\"https:\\\/\\\/www.facebook.com\\\/BoxRepsol\",\"https:\\\/\\\/x.com\\\/box_repsol\",\"http:\\\/\\\/instagram.com\\\/box_repsol\",\"https:\\\/\\\/www.youtube.com\\\/user\\\/RepsolCompeticion\",\"https:\\\/\\\/www.flickr.com\\\/photos\\\/box_repsol\\\/\"]},{\"@type\":\"Person\",\"@id\":\"https:\\\/\\\/www.boxrepsol.com\\\/es\\\/#\\\/schema\\\/person\\\/c5c2138f2cca251b0ad92b7086bb60b7\",\"name\":\"Redacci\u00f3n Box Repsol\",\"image\":{\"@type\":\"ImageObject\",\"inLanguage\":\"es\",\"@id\":\"https:\\\/\\\/secure.gravatar.com\\\/avatar\\\/adf7b77e38b4419baf32c7e9c21dde01f4e40df611f0978e3006fc4ba0aaab7e?s=96&d=mm&r=g\",\"url\":\"https:\\\/\\\/secure.gravatar.com\\\/avatar\\\/adf7b77e38b4419baf32c7e9c21dde01f4e40df611f0978e3006fc4ba0aaab7e?s=96&d=mm&r=g\",\"contentUrl\":\"https:\\\/\\\/secure.gravatar.com\\\/avatar\\\/adf7b77e38b4419baf32c7e9c21dde01f4e40df611f0978e3006fc4ba0aaab7e?s=96&d=mm&r=g\",\"caption\":\"Redacci\u00f3n Box Repsol\"},\"description\":\"Box Repsol lo forma un equipo de periodistas, community managers, dise\u00f1adores y fot\u00f3grafos con m\u00e1s de 20 a\u00f1os de experiencia en el mundo del motorsport. Hemos vivido el primer mundial de un espa\u00f1ol en la categor\u00eda reina de motociclismo con \u00c1lex Crivill\u00e9, estuvimos en las victorias de Pedrosa y los t\u00edtulos de M\u00e1rquez, acompa\u00f1amos en \u00c1frica a Nani Roma y Marc Coma en sus conquistas del Dakar y hemos vibrado con los t\u00edtulos de Toni Bou en Trial. Adem\u00e1s, en nuestro equipo contamos con expertos en el mundo de las dos y cuatro ruedas tanto de la calle y las carreteras, como de los circuitos. Periodistas que han trabajado en revistas y publicaciones para hacerte llegar desde rutas y consejos de mantenimiento, a curiosidades y trucos de pilotaje.\",\"sameAs\":[\"https:\\\/\\\/www.facebook.com\\\/BoxRepsol\\\/\",\"https:\\\/\\\/www.instagram.com\\\/box_repsol\\\/\",\"https:\\\/\\\/x.com\\\/https:\\\/\\\/twitter.com\\\/box_repsol\",\"https:\\\/\\\/www.youtube.com\\\/@Boxrepsol\"],\"url\":\"https:\\\/\\\/www.boxrepsol.com\\\/es\\\/author\\\/redaccion-box-repsol\\\/\"}]}<\/script>\n<!-- \/ Yoast SEO plugin. -->","yoast_head_json":{"title":"Rally de Marruecos etapa 4 - Isidre Esteve llega en plena forma al \u00faltimo d\u00eda de carrera","description":"El piloto del Repsol Rally Team ha superado una de las etapas m\u00e1s exigentes de la prueba mundialista en 20\u00ba lugar y se encarama a la 14\u00aa posici\u00f3n.","canonical":"https:\/\/www.boxrepsol.com\/es\/rally\/isidre-esteve-llega-plena-forma-al-ultimo-dia-carrera\/","og_locale":"es_ES","og_type":"article","og_title":"Rally de Marruecos etapa 4 - Isidre Esteve llega en plena forma al \u00faltimo d\u00eda de carrera","og_description":"El piloto del Repsol Rally Team ha superado una de las etapas m\u00e1s exigentes de la prueba mundialista en 20\u00ba lugar y se encarama a la 14\u00aa posici\u00f3n.","og_url":"https:\/\/www.boxrepsol.com\/es\/rally\/isidre-esteve-llega-plena-forma-al-ultimo-dia-carrera\/","og_site_name":"Box Repsol","article_publisher":"https:\/\/www.facebook.com\/BoxRepsol","article_author":"https:\/\/www.facebook.com\/BoxRepsol\/","article_published_time":"2019-10-09T02:00:00+00:00","article_modified_time":"2024-04-25T09:26:12+00:00","og_image":[{"width":1280,"height":600,"url":"https:\/\/bxrepsol.s3.eu-west-1.amazonaws.com\/static\/2022\/08\/29090442\/00_isidre_esteve_rally_marruecos_repsol_rally_team_2019.jpg","type":"image\/jpeg"}],"author":"Redacci\u00f3n Box Repsol","twitter_card":"summary_large_image","twitter_creator":"@https:\/\/twitter.com\/box_repsol","twitter_site":"@box_repsol","twitter_misc":{"Written by":"Redacci\u00f3n Box Repsol","Est. reading time":"2 minutos"},"schema":{"@context":"https:\/\/schema.org","@graph":[{"@type":"Article","@id":"https:\/\/www.boxrepsol.com\/es\/rally\/isidre-esteve-llega-plena-forma-al-ultimo-dia-carrera\/#article","isPartOf":{"@id":"https:\/\/www.boxrepsol.com\/es\/rally\/isidre-esteve-llega-plena-forma-al-ultimo-dia-carrera\/"},"author":{"name":"Redacci\u00f3n Box Repsol","@id":"https:\/\/www.boxrepsol.com\/es\/#\/schema\/person\/c5c2138f2cca251b0ad92b7086bb60b7"},"headline":"Isidre Esteve llega en plena forma al \u00faltimo d\u00eda de carrera","datePublished":"2019-10-09T02:00:00+00:00","dateModified":"2024-04-25T09:26:12+00:00","mainEntityOfPage":{"@id":"https:\/\/www.boxrepsol.com\/es\/rally\/isidre-esteve-llega-plena-forma-al-ultimo-dia-carrera\/"},"wordCount":444,"commentCount":0,"publisher":{"@id":"https:\/\/www.boxrepsol.com\/es\/#organization"},"image":{"@id":"https:\/\/www.boxrepsol.com\/es\/rally\/isidre-esteve-llega-plena-forma-al-ultimo-dia-carrera\/#primaryimage"},"thumbnailUrl":"https:\/\/bxrepsol.s3.eu-west-1.amazonaws.com\/static\/2022\/08\/29090442\/00_isidre_esteve_rally_marruecos_repsol_rally_team_2019.jpg","keywords":["Repsol Rally Team"],"articleSection":["Rally"],"inLanguage":"es","potentialAction":[{"@type":"CommentAction","name":"Comment","target":["https:\/\/www.boxrepsol.com\/es\/rally\/isidre-esteve-llega-plena-forma-al-ultimo-dia-carrera\/#respond"]}]},{"@type":"WebPage","@id":"https:\/\/www.boxrepsol.com\/es\/rally\/isidre-esteve-llega-plena-forma-al-ultimo-dia-carrera\/","url":"https:\/\/www.boxrepsol.com\/es\/rally\/isidre-esteve-llega-plena-forma-al-ultimo-dia-carrera\/","name":"Rally de Marruecos etapa 4 - Isidre Esteve llega en plena forma al \u00faltimo d\u00eda de carrera","isPartOf":{"@id":"https:\/\/www.boxrepsol.com\/es\/#website"},"primaryImageOfPage":{"@id":"https:\/\/www.boxrepsol.com\/es\/rally\/isidre-esteve-llega-plena-forma-al-ultimo-dia-carrera\/#primaryimage"},"image":{"@id":"https:\/\/www.boxrepsol.com\/es\/rally\/isidre-esteve-llega-plena-forma-al-ultimo-dia-carrera\/#primaryimage"},"thumbnailUrl":"https:\/\/bxrepsol.s3.eu-west-1.amazonaws.com\/static\/2022\/08\/29090442\/00_isidre_esteve_rally_marruecos_repsol_rally_team_2019.jpg","datePublished":"2019-10-09T02:00:00+00:00","dateModified":"2024-04-25T09:26:12+00:00","description":"El piloto del Repsol Rally Team ha superado una de las etapas m\u00e1s exigentes de la prueba mundialista en 20\u00ba lugar y se encarama a la 14\u00aa posici\u00f3n.","breadcrumb":{"@id":"https:\/\/www.boxrepsol.com\/es\/rally\/isidre-esteve-llega-plena-forma-al-ultimo-dia-carrera\/#breadcrumb"},"inLanguage":"es","potentialAction":[{"@type":"ReadAction","target":["https:\/\/www.boxrepsol.com\/es\/rally\/isidre-esteve-llega-plena-forma-al-ultimo-dia-carrera\/"]}]},{"@type":"ImageObject","inLanguage":"es","@id":"https:\/\/www.boxrepsol.com\/es\/rally\/isidre-esteve-llega-plena-forma-al-ultimo-dia-carrera\/#primaryimage","url":"https:\/\/bxrepsol.s3.eu-west-1.amazonaws.com\/static\/2022\/08\/29090442\/00_isidre_esteve_rally_marruecos_repsol_rally_team_2019.jpg","contentUrl":"https:\/\/bxrepsol.s3.eu-west-1.amazonaws.com\/static\/2022\/08\/29090442\/00_isidre_esteve_rally_marruecos_repsol_rally_team_2019.jpg","width":1280,"height":600,"caption":"Isidre Esteve en el Rally de Marruecos"},{"@type":"BreadcrumbList","@id":"https:\/\/www.boxrepsol.com\/es\/rally\/isidre-esteve-llega-plena-forma-al-ultimo-dia-carrera\/#breadcrumb","itemListElement":[{"@type":"ListItem","position":1,"name":"Home","item":"https:\/\/www.boxrepsol.com\/es\/"},{"@type":"ListItem","position":2,"name":"Isidre Esteve llega en plena forma al \u00faltimo d\u00eda de carrera"}]},{"@type":"WebSite","@id":"https:\/\/www.boxrepsol.com\/es\/#website","url":"https:\/\/www.boxrepsol.com\/es\/","name":"Box Repsol","description":"Box Repsol Site","publisher":{"@id":"https:\/\/www.boxrepsol.com\/es\/#organization"},"potentialAction":[{"@type":"SearchAction","target":{"@type":"EntryPoint","urlTemplate":"https:\/\/www.boxrepsol.com\/es\/?s={search_term_string}"},"query-input":{"@type":"PropertyValueSpecification","valueRequired":true,"valueName":"search_term_string"}}],"inLanguage":"es"},{"@type":"Organization","@id":"https:\/\/www.boxrepsol.com\/es\/#organization","name":"Box Repsol","url":"https:\/\/www.boxrepsol.com\/es\/","logo":{"@type":"ImageObject","inLanguage":"es","@id":"https:\/\/www.boxrepsol.com\/es\/#\/schema\/logo\/image\/","url":"https:\/\/bxrepsol.s3.eu-west-1.amazonaws.com\/static\/2025\/07\/30083337\/favicon-96x96-1.png","contentUrl":"https:\/\/bxrepsol.s3.eu-west-1.amazonaws.com\/static\/2025\/07\/30083337\/favicon-96x96-1.png","width":96,"height":96,"caption":"Box Repsol"},"image":{"@id":"https:\/\/www.boxrepsol.com\/es\/#\/schema\/logo\/image\/"},"sameAs":["https:\/\/www.facebook.com\/BoxRepsol","https:\/\/x.com\/box_repsol","http:\/\/instagram.com\/box_repsol","https:\/\/www.youtube.com\/user\/RepsolCompeticion","https:\/\/www.flickr.com\/photos\/box_repsol\/"]},{"@type":"Person","@id":"https:\/\/www.boxrepsol.com\/es\/#\/schema\/person\/c5c2138f2cca251b0ad92b7086bb60b7","name":"Redacci\u00f3n Box Repsol","image":{"@type":"ImageObject","inLanguage":"es","@id":"https:\/\/secure.gravatar.com\/avatar\/adf7b77e38b4419baf32c7e9c21dde01f4e40df611f0978e3006fc4ba0aaab7e?s=96&d=mm&r=g","url":"https:\/\/secure.gravatar.com\/avatar\/adf7b77e38b4419baf32c7e9c21dde01f4e40df611f0978e3006fc4ba0aaab7e?s=96&d=mm&r=g","contentUrl":"https:\/\/secure.gravatar.com\/avatar\/adf7b77e38b4419baf32c7e9c21dde01f4e40df611f0978e3006fc4ba0aaab7e?s=96&d=mm&r=g","caption":"Redacci\u00f3n Box Repsol"},"description":"Box Repsol lo forma un equipo de periodistas, community managers, dise\u00f1adores y fot\u00f3grafos con m\u00e1s de 20 a\u00f1os de experiencia en el mundo del motorsport. Hemos vivido el primer mundial de un espa\u00f1ol en la categor\u00eda reina de motociclismo con \u00c1lex Crivill\u00e9, estuvimos en las victorias de Pedrosa y los t\u00edtulos de M\u00e1rquez, acompa\u00f1amos en \u00c1frica a Nani Roma y Marc Coma en sus conquistas del Dakar y hemos vibrado con los t\u00edtulos de Toni Bou en Trial. Adem\u00e1s, en nuestro equipo contamos con expertos en el mundo de las dos y cuatro ruedas tanto de la calle y las carreteras, como de los circuitos. Periodistas que han trabajado en revistas y publicaciones para hacerte llegar desde rutas y consejos de mantenimiento, a curiosidades y trucos de pilotaje.","sameAs":["https:\/\/www.facebook.com\/BoxRepsol\/","https:\/\/www.instagram.com\/box_repsol\/","https:\/\/x.com\/https:\/\/twitter.com\/box_repsol","https:\/\/www.youtube.com\/@Boxrepsol"],"url":"https:\/\/www.boxrepsol.com\/es\/author\/redaccion-box-repsol\/"}]}},"_links":{"self":[{"href":"https:\/\/www.boxrepsol.com\/es\/wp-json\/wp\/v2\/posts\/94181","targetHints":{"allow":["GET"]}}],"collection":[{"href":"https:\/\/www.boxrepsol.com\/es\/wp-json\/wp\/v2\/posts"}],"about":[{"href":"https:\/\/www.boxrepsol.com\/es\/wp-json\/wp\/v2\/types\/post"}],"author":[{"embeddable":true,"href":"https:\/\/www.boxrepsol.com\/es\/wp-json\/wp\/v2\/users\/43146"}],"replies":[{"embeddable":true,"href":"https:\/\/www.boxrepsol.com\/es\/wp-json\/wp\/v2\/comments?post=94181"}],"version-history":[{"count":1,"href":"https:\/\/www.boxrepsol.com\/es\/wp-json\/wp\/v2\/posts\/94181\/revisions"}],"predecessor-version":[{"id":94182,"href":"https:\/\/www.boxrepsol.com\/es\/wp-json\/wp\/v2\/posts\/94181\/revisions\/94182"}],"wp:featuredmedia":[{"embeddable":true,"href":"https:\/\/www.boxrepsol.com\/es\/wp-json\/wp\/v2\/media\/62807"}],"wp:attachment":[{"href":"https:\/\/www.boxrepsol.com\/es\/wp-json\/wp\/v2\/media?parent=94181"}],"wp:term":[{"taxonomy":"category","embeddable":true,"href":"https:\/\/www.boxrepsol.com\/es\/wp-json\/wp\/v2\/categories?post=94181"},{"taxonomy":"post_tag","embeddable":true,"href":"https:\/\/www.boxrepsol.com\/es\/wp-json\/wp\/v2\/tags?post=94181"}],"curies":[{"name":"wp","href":"https:\/\/api.w.org\/{rel}","templated":true}]}}