{"id":94179,"date":"2019-10-09T00:00:00","date_gmt":"2019-10-09T02:00:00","guid":{"rendered":"http:\/\/pre.boxrepsol.com\/sin-categorizar\/marc-marquez-intento-espejo-nadal-messi-siempre-mejoran\/"},"modified":"2024-04-25T07:26:04","modified_gmt":"2024-04-25T09:26:04","slug":"marc-marquez-intento-espejo-nadal-messi-siempre-mejoran","status":"publish","type":"post","link":"https:\/\/www.boxrepsol.com\/es\/motogp\/marc-marquez-intento-espejo-nadal-messi-siempre-mejoran\/","title":{"rendered":"Marc M\u00e1rquez: \u201cIntento tener mi espejo en Nadal y Messi; siempre mejoran\u201d"},"content":{"rendered":"<p><strong>Dos d\u00edas despu\u00e9s de conseguir su octavo Campeonato del Mundo de Motociclismo <\/strong>en Tailandia, Marc M\u00e1rquez ha regresado a Espa\u00f1a haciendo una parada en Madrid, donde esta ma\u00f1ana ha visitado Campus Repsol. Antes de ofrecer una multitudinaria rueda de prensa, el piloto del equipo Repsol Honda <strong>ha sido recibido por Bego\u00f1a Elices, Directora General de Comunicaci\u00f3n y de Presidencia de Repsol<\/strong>, adem\u00e1s de ser ovacionado por los empleados de la compa\u00f1\u00eda energ\u00e9tica, que se hab\u00edan acercado a felicitarle a su entrada al auditorio en el que le esperaban m\u00e1s de medio centenar de periodistas.<\/p>\n<p><strong>[Pregunta] \u00bfC\u00f3mo te sientes volviendo a casa con un nuevo t\u00edtulo en tu palmar\u00e9s?<\/p>\n<p><em>[Respuesta] <\/strong>Llegu\u00e9 ayer por la noche a Espa\u00f1a y estoy muy contento de poder estar, todav\u00eda no en mi propia casa, pero s\u00ed en mi casa deportiva, porque hemos compartido muchos a\u00f1os junto a Repsol. Me ha acompa\u00f1ado en toda mi carrera deportiva y lo valoro much\u00edsimo. Ha sido un a\u00f1o casi perfecto, porque siempre se puede mejorar. <\/p>\n<p>Un a\u00f1o de ensue\u00f1o, donde hemos conseguido el t\u00edtulo \u2013que era el principal objetivo\u2013, pero estamos muy orgullosos de la forma en la que lo hemos conseguido. Y hablo en plural, porque yo estoy aqu\u00ed, pero falta todo mi equipo, toda la gente de mi alrededor, que me ayudan d\u00eda a d\u00eda.<\/em><\/p>\n<p><strong>[P] \u00bfC\u00f3mo fue la celebraci\u00f3n del t\u00edtulo?<\/p>\n<p><em>[R]<\/strong> La fiesta fue bien, \u00a1todav\u00eda estoy recuperando la voz! Celebramos el Mundial como se merece, porque es un Campeonato del Mundo y nunca sabes cuando se va a acabar este sue\u00f1o, as\u00ed que hay que celebrarlo al m\u00e1ximo. Pasamos la noche en Bangkok y nos lo pasamos bien con todo el equipo. No dar\u00e9 detalles, pero hubo bailes, gritos, fiesta, un poco de todo. Esta vez no hubo karaoke, pero no hizo falta.<\/em><\/p>\n<p><strong>[P] \u00bfC\u00f3mo has vivido esta temporada tras la lesi\u00f3n que tuviste en el hombro?<\/strong><\/p>\n<p><em><strong>[R] <\/strong>Est\u00e1 claro que en la vida de un deportista hay momentos duros y momentos buenos, como este. Las situaciones complicadas son las que te hacen fuerte y este invierno fue uno de los m\u00e1s duros de mi carrera deportiva, porque no pod\u00eda hacer lo que m\u00e1s me gusta en este mundo, que es ir en moto. <\/p>\n<p>No pod\u00eda entrenar, porque necesitaba operarme, pero lo super\u00e9 con la ayuda de toda la gente que te empuja a salir hacia adelante y llegu\u00e9 a la primera carrera, quiz\u00e1s no al cien por cien, pero lo mejor que se pod\u00eda. Siempre crees que todo ese trabajo tiene que tener su recompensa. Una vez empiezas y ves que los resultados llegan, te da todav\u00eda m\u00e1s fuerza<\/em>.<\/p>\n<p><a title=\"Marc M\u00e1rquez Campe\u00f3n del Mundo de MotoGP 2019\" href=\"https:\/\/www.boxrepsol.com\/es\/motogp\/marc-marquez-campeon-del-mundo-de-motogp-2019\/\" target=\"_self\" rel=\"noopener\"><\/p>\n<p>\n            \u00a1Destacamos!\n    <\/p>\n<h2>\n            Marc M\u00e1rquez Campe\u00f3n del Mundo de MotoGP 2019        <\/h2>\n<p>El piloto del equipo Repsol Honda suma su octavo t\u00edtulo mundial.<\/p>\n<p>        <img decoding=\"async\" src=\"https:\/\/bxrepsol.s3.eu-west-1.amazonaws.com\/static\/2022\/08\/29090325\/meme-Marc-eightball-600x315-1.jpg\" alt=\"Meme Marc 8ball\"><br \/>\n<\/a><\/p>\n<p><strong>[P] Has dicho que ha sido un a\u00f1o casi perfecto. \u00bfPor qu\u00e9, casi?<\/p>\n<p><em>[R]<\/strong> Porque cuando tienes un exceso de confianza es cuando llegan los errores. Sucedi\u00f3 en la carrera que menos lo esper\u00e1bamos, que era la de Austin, donde me ca\u00ed cuando iba liderando con cuatro segundos de ventaja. Era una victoria aparentemente casi hecha y, por exceso de relajaci\u00f3n, me ca\u00ed. Por eso siempre tienes que estar completamente concentrado, no puedes despistarte, y tienes que aprender de los errores. Ha sido un a\u00f1o muy bueno, pero no quita que hemos trabajado m\u00e1s que nunca.<\/em><\/p>\n<p><strong>[P] Hiciste sufrir mucho a tu madre al arriesgar en la \u00faltima curva. \u00bfTe ha echado la bronca?<\/p>\n<p>[R] <\/strong><em>\u00a1S\u00ed! Ya me hab\u00eda echado bronca el viernes, porque empezamos el fin de semana con un gran susto. T\u00fa te llevas el golpe, pero la gente que est\u00e1 a tu alrededor sufre mucho m\u00e1s. Tanto la madre, el padre; toda la familia sufre. Llevan muchos a\u00f1os detr\u00e1s de m\u00ed, ellos son la base y, cuando el ni\u00f1o de cuatro a\u00f1os pide la moto y el padre o la madre no se la da, es imposible llegar hasta aqu\u00ed. Pero l\u00f3gicamente lo sufren desde hace muchos a\u00f1os.<\/em><\/p>\n<p><strong>[P] Agostini ha dicho que cree que puedes superar sus 15 t\u00edtulos. \u00bfQu\u00e9 sientes al respecto?<\/p>\n<p><em>[R]<\/strong> Me llevo muy bien con \u00e9l y he escuchado estas declaraciones. No me gusta la palabra imposible, no la dir\u00e9 nunca, pero es casi imposible. Significa ganar el doble de lo que he conseguido hasta ahora. Cada uno ha vivido su \u00e9poca y no me he obsesionado nunca con un n\u00famero ni con un nombre, sino de disfrutar de mi pasi\u00f3n, que tengo la gran suerte de que sea mi trabajo, donde trato de hacerlo lo mejor que puedo.<\/em><\/p>\n<p><strong>[P] Siempre dices que uno llega a donde llega gracias a sus rivales. \u00bfCu\u00e1nto necesitas a un Fabio Quartararo y a un Jorge Lorenzo fuertes la temporada que viene?<\/p>\n<p><em>[R]<\/strong> Cuanto m\u00e1s flojos, \u00a1mejor! Estamos en una \u00e9poca en MotoGP en la que la igualdad mec\u00e1nica, aunque los n\u00fameros finales de este campeonato no lo reflejen, es de las m\u00e1s ajustadas. Lo digo porque hay cuatro f\u00e1bricas capaces de ganar carreras y luchar por un Mundial. Esto significa que hay como m\u00ednimo ocho motos con posibilidades de ganar carreras, y es algo que antes no pasaba. Te tienes que saber reinventar, aprender de los veteranos como Valentino [Rossi], Jorge o \u2018Dovi\u2019 y tambi\u00e9n de los j\u00f3venes, como Fabio o Vi\u00f1ales.<\/em><\/p>\n<p><a title=\"\u00a1Marc M\u00e1rquez mete la #8ball!\" href=\"https:\/\/www.boxrepsol.com\/es\/motogp\/marc-marquez-mete-la-8ball\/\" target=\"_self\" rel=\"noopener\"><\/p>\n<p>\n            \u00a1Destacamos!\n    <\/p>\n<h2>\n            \u00a1Marc M\u00e1rquez mete la #8ball!        <\/h2>\n<p>El de Cervera lo ha vuelto a hacer, ha conseguido su 8\u00ba Mundial, el 6\u00ba en la Categor\u00eda Reina, superando los 5 del legendario Mick Doohan.<\/p>\n<p>        <img decoding=\"async\" src=\"https:\/\/bxrepsol.s3.eu-west-1.amazonaws.com\/static\/2022\/08\/05070219\/00_marc_marquez_vuelta_de_victoria.jpg\" alt=\"Marc M\u00e1rquez dando la vuelta de victoria en Tailandia 2019\"><br \/>\n<\/a><\/p>\n<p><strong>[P] \u00bfQu\u00e9 se puede mejorar al a\u00f1o que has hecho?<\/p>\n<p><em>[R] <\/strong>Ha sido un a\u00f1o muy bueno y ser\u00e1 dif\u00edcil mejorarlo. Pero uno de mis \u00eddolos es Rafa Nadal y cuando le ves en un partido y te preguntas qu\u00e9 puede hacer mejor, \u00e9l siempre da un nuevo paso adelante. O cuando Messi marca un gol, vuelves a pensar que no se puede hacer mejor y luego va y marca otro todav\u00eda mejor. Intento tener mi espejo en ellos; siempre mejoran. Intentar\u00e9 aprender de los errores. Los rivales te marcan el nivel y es ah\u00ed donde intentaremos seguir creciendo.<\/em><\/p>\n<p><strong>[P] \u00bfSer\u00eda un sue\u00f1o para ti que tu hermano vuelva a ser campe\u00f3n, ahora en Moto2?<\/p>\n<p><em>[R] <\/strong>Mi hermano est\u00e1 trabajando, haciendo un a\u00f1o muy bueno. Se lo est\u00e1 ganando a pulso, pero quedan cuatro carreras en las que tiene que sacar lo mejor de s\u00ed mismo, gestionar la presi\u00f3n. Por mi parte no le voy a poner m\u00e1s de la que ya tiene; sencillamente que lo disfrute, que se mantenga lo m\u00e1s concentrado posible y que lo intente. Si lo intenta y luego no sale, tendr\u00e1 la conciencia tranquila.<\/em><\/p>\n<p><strong>[P] Despu\u00e9s de la ca\u00edda del viernes, \u00bfno pensaste en bajar el ritmo? \u00bfPor qu\u00e9 quer\u00edas ganar el t\u00edtulo en Tailandia?<\/p>\n<p><em>[R] <\/strong>Ten\u00eda ganas de conseguir el t\u00edtulo en Tailandia porque era el primer match-ball. Cuando tienes cierta ventaja en el campeonato, buscas motivaciones nuevas. Me gusta vivir el presente e ir carrera a carrera. El jueves antes de empezar el Gran Premio ya dije que mi intenci\u00f3n era ganar este fin de semana, o al menos intentarlo. Luego los rivales te dicen si puedes o no, te dan la respuesta inmediatamente en la pista. <\/p>\n<p>Por eso lo intent\u00e9 hasta la \u00faltima curva, porque es m\u00e1s bonito lograr el campeonato ganando la carrera. Lo mejor es en Valencia, eso no lo cambio, pero cuando tienes la primera bola de partido, poco a poco vas asimilando que puedes ser campe\u00f3n y tienes que buscar la motivaci\u00f3n para tener esa euforia cuando cruzas la l\u00ednea de meta.<\/em><\/p>\n<p><strong>[P] \u00bfCu\u00e1l fue el punto de inflexi\u00f3n de la temporada en el que viste que pod\u00edas lograr el t\u00edtulo?<\/p>\n<p>[R] <\/strong>Ha habido dos momentos importantes. El primero fue en Jerez, despu\u00e9s del error de Austin, cuando ganamos de la misma manera como la que pretend\u00edamos ganar en Texas. Son 25 puntos, pero demuestras a tus rivales que tu confianza es la misma, que las ganas y mentalidad son las mismas. Y el otro fue en Barcelona. Ganamos la carrera y varios rivales para el t\u00edtulo pincharon. Fue una l\u00e1stima, porque no fue un error propio, pero son puntos de inflexi\u00f3n en el campeonato.<\/p>\n<p><strong>[P] \u00bfHonda hace una moto para Marc M\u00e1rquez, o Marc M\u00e1rquez es el piloto que mejor entiende la Honda?<\/p>\n<p><em>[R] <\/strong>Honda hace una moto y el piloto tiene que tener la capacidad de adaptaci\u00f3n. Lo positivo para nuestro equipo y nuestra estructura es que los tres pilotos que llevamos la misma moto, Jorge [Lorenzo], Cal [Crutchlow] y yo, tenemos los mismos comentarios y directrices de cara a la evoluci\u00f3n. Hay todo un grupo t\u00e9cnico detr\u00e1s, que son humanos, y con el resultado de su trabajo es donde te tienes que saber adaptar y sacar el m\u00e1ximo de cada situaci\u00f3n.<\/em><\/p>\n<p><strong>[P] \u00bfQu\u00e9 motivaci\u00f3n tienes para las cuatro carreras que quedan?<\/p>\n<p><em>[R]<\/strong> La primera motivaci\u00f3n que tengo en Jap\u00f3n es intentar terminar la carrera, porque despu\u00e9s de ser campe\u00f3n, todos los a\u00f1os me he ca\u00eddo en la siguiente prueba. Ya dije en Arag\u00f3n que mi intenci\u00f3n era intentar acabar en el podio todas las carreras que quedaban y sigue siendo la misma, sin olvidar que hay un campeonato de constructores que tenemos bastante encarrilado y uno por equipos, que ahora est\u00e1 liderando Ducati, pero el equipo Repsol est\u00e1 cerca, a 19 puntos, y lo intentaremos tambi\u00e9n.<\/em><\/p>\n<p>                <!-- Imagen relacionada --><br \/>\n        <img loading=\"lazy\" decoding=\"async\" width=\"404\" height=\"336\" src=\"https:\/\/bxrepsol.s3.eu-west-1.amazonaws.com\/static\/2022\/08\/29090438\/00_marc_marquez_motogp_motegi_gp_japon-e1570436657465-404x336-2.jpg\" alt=\"Marc M\u00e1rquez rodando en Motegi\" \/><br \/>\n                <!-- Categor\u00eda --><br \/>\n            MotoGP<br \/>\n        <!-- T\u00edtulo --><br \/>\n        <a href=\"https:\/\/www.boxrepsol.com\/es\/motogp\/horarios-gp-japon-motogp-2019\/\"><\/p>\n<h3>Horarios GP de Jap\u00f3n MotoGP 2019<\/h3>\n<p>        <\/a><br \/>\n                    <!-- Fecha --><br \/>\n            hace 1 hora<\/p>\n","protected":false},"excerpt":{"rendered":"<p>Marc M\u00e1rquez ha ofrecido una rueda de prensa a su regreso a Espa\u00f1a en Campus Repsol, donde los empleados de la compa\u00f1\u00eda energ\u00e9tica le han dado un caluroso recibimiento<\/p>\n","protected":false},"author":43146,"featured_media":62803,"comment_status":"open","ping_status":"open","sticky":false,"template":"","format":"standard","meta":{"footnotes":""},"categories":[4],"tags":[6],"class_list":["post-94179","post","type-post","status-publish","format-standard","hentry","category-motogp","tag-marc-marquez"],"yoast_head":"<!-- This site is optimized with the Yoast SEO plugin v27.3 - https:\/\/yoast.com\/product\/yoast-seo-wordpress\/ -->\n<title>Rueda de prensa M\u00e1rquez en sede de Repsol tras ganar el Mundial<\/title>\n<meta name=\"description\" content=\"Marc M\u00e1rquez ha ofrecido una rueda de prensa a su regreso a Espa\u00f1a en Campus Repsol, donde le han dado un caluroso recibimiento.\" \/>\n<link rel=\"canonical\" href=\"https:\/\/www.boxrepsol.com\/es\/motogp\/marc-marquez-intento-espejo-nadal-messi-siempre-mejoran\/\" \/>\n<meta property=\"og:locale\" content=\"es_ES\" \/>\n<meta property=\"og:type\" content=\"article\" \/>\n<meta property=\"og:title\" content=\"Rueda de prensa M\u00e1rquez en sede de Repsol tras ganar el Mundial\" \/>\n<meta property=\"og:description\" content=\"Marc M\u00e1rquez ha ofrecido una rueda de prensa a su regreso a Espa\u00f1a en Campus Repsol, donde le han dado un caluroso recibimiento.\" \/>\n<meta property=\"og:url\" content=\"https:\/\/www.boxrepsol.com\/es\/motogp\/marc-marquez-intento-espejo-nadal-messi-siempre-mejoran\/\" \/>\n<meta property=\"og:site_name\" content=\"Box Repsol\" \/>\n<meta property=\"article:publisher\" content=\"https:\/\/www.facebook.com\/BoxRepsol\" \/>\n<meta property=\"article:author\" content=\"https:\/\/www.facebook.com\/BoxRepsol\/\" \/>\n<meta property=\"article:published_time\" content=\"2019-10-09T02:00:00+00:00\" \/>\n<meta property=\"article:modified_time\" content=\"2024-04-25T09:26:04+00:00\" \/>\n<meta property=\"og:image\" content=\"https:\/\/bxrepsol.s3.eu-west-1.amazonaws.com\/static\/2022\/08\/29090439\/00_marc_marquez_repsol_rueda_de_prensa.jpg\" \/>\n\t<meta property=\"og:image:width\" content=\"1280\" \/>\n\t<meta property=\"og:image:height\" content=\"600\" \/>\n\t<meta property=\"og:image:type\" content=\"image\/jpeg\" \/>\n<meta name=\"author\" content=\"Redacci\u00f3n Box Repsol\" \/>\n<meta name=\"twitter:card\" content=\"summary_large_image\" \/>\n<meta name=\"twitter:creator\" content=\"@https:\/\/twitter.com\/box_repsol\" \/>\n<meta name=\"twitter:site\" content=\"@box_repsol\" \/>\n<meta name=\"twitter:label1\" content=\"Written by\" \/>\n\t<meta name=\"twitter:data1\" content=\"Redacci\u00f3n Box Repsol\" \/>\n\t<meta name=\"twitter:label2\" content=\"Est. reading time\" \/>\n\t<meta name=\"twitter:data2\" content=\"8 minutos\" \/>\n<script type=\"application\/ld+json\" class=\"yoast-schema-graph\">{\"@context\":\"https:\\\/\\\/schema.org\",\"@graph\":[{\"@type\":\"Article\",\"@id\":\"https:\\\/\\\/www.boxrepsol.com\\\/es\\\/motogp\\\/marc-marquez-intento-espejo-nadal-messi-siempre-mejoran\\\/#article\",\"isPartOf\":{\"@id\":\"https:\\\/\\\/www.boxrepsol.com\\\/es\\\/motogp\\\/marc-marquez-intento-espejo-nadal-messi-siempre-mejoran\\\/\"},\"author\":{\"name\":\"Redacci\u00f3n Box Repsol\",\"@id\":\"https:\\\/\\\/www.boxrepsol.com\\\/es\\\/#\\\/schema\\\/person\\\/c5c2138f2cca251b0ad92b7086bb60b7\"},\"headline\":\"Marc M\u00e1rquez: \u201cIntento tener mi espejo en Nadal y Messi; siempre mejoran\u201d\",\"datePublished\":\"2019-10-09T02:00:00+00:00\",\"dateModified\":\"2024-04-25T09:26:04+00:00\",\"mainEntityOfPage\":{\"@id\":\"https:\\\/\\\/www.boxrepsol.com\\\/es\\\/motogp\\\/marc-marquez-intento-espejo-nadal-messi-siempre-mejoran\\\/\"},\"wordCount\":1683,\"commentCount\":0,\"publisher\":{\"@id\":\"https:\\\/\\\/www.boxrepsol.com\\\/es\\\/#organization\"},\"image\":{\"@id\":\"https:\\\/\\\/www.boxrepsol.com\\\/es\\\/motogp\\\/marc-marquez-intento-espejo-nadal-messi-siempre-mejoran\\\/#primaryimage\"},\"thumbnailUrl\":\"https:\\\/\\\/bxrepsol.s3.eu-west-1.amazonaws.com\\\/static\\\/2022\\\/08\\\/29090439\\\/00_marc_marquez_repsol_rueda_de_prensa.jpg\",\"keywords\":[\"Marc M\u00e1rquez\"],\"articleSection\":[\"MotoGP\"],\"inLanguage\":\"es\",\"potentialAction\":[{\"@type\":\"CommentAction\",\"name\":\"Comment\",\"target\":[\"https:\\\/\\\/www.boxrepsol.com\\\/es\\\/motogp\\\/marc-marquez-intento-espejo-nadal-messi-siempre-mejoran\\\/#respond\"]}]},{\"@type\":\"WebPage\",\"@id\":\"https:\\\/\\\/www.boxrepsol.com\\\/es\\\/motogp\\\/marc-marquez-intento-espejo-nadal-messi-siempre-mejoran\\\/\",\"url\":\"https:\\\/\\\/www.boxrepsol.com\\\/es\\\/motogp\\\/marc-marquez-intento-espejo-nadal-messi-siempre-mejoran\\\/\",\"name\":\"Rueda de prensa M\u00e1rquez en sede de Repsol tras ganar el Mundial\",\"isPartOf\":{\"@id\":\"https:\\\/\\\/www.boxrepsol.com\\\/es\\\/#website\"},\"primaryImageOfPage\":{\"@id\":\"https:\\\/\\\/www.boxrepsol.com\\\/es\\\/motogp\\\/marc-marquez-intento-espejo-nadal-messi-siempre-mejoran\\\/#primaryimage\"},\"image\":{\"@id\":\"https:\\\/\\\/www.boxrepsol.com\\\/es\\\/motogp\\\/marc-marquez-intento-espejo-nadal-messi-siempre-mejoran\\\/#primaryimage\"},\"thumbnailUrl\":\"https:\\\/\\\/bxrepsol.s3.eu-west-1.amazonaws.com\\\/static\\\/2022\\\/08\\\/29090439\\\/00_marc_marquez_repsol_rueda_de_prensa.jpg\",\"datePublished\":\"2019-10-09T02:00:00+00:00\",\"dateModified\":\"2024-04-25T09:26:04+00:00\",\"description\":\"Marc M\u00e1rquez ha ofrecido una rueda de prensa a su regreso a Espa\u00f1a en Campus Repsol, donde le han dado un caluroso recibimiento.\",\"breadcrumb\":{\"@id\":\"https:\\\/\\\/www.boxrepsol.com\\\/es\\\/motogp\\\/marc-marquez-intento-espejo-nadal-messi-siempre-mejoran\\\/#breadcrumb\"},\"inLanguage\":\"es\",\"potentialAction\":[{\"@type\":\"ReadAction\",\"target\":[\"https:\\\/\\\/www.boxrepsol.com\\\/es\\\/motogp\\\/marc-marquez-intento-espejo-nadal-messi-siempre-mejoran\\\/\"]}]},{\"@type\":\"ImageObject\",\"inLanguage\":\"es\",\"@id\":\"https:\\\/\\\/www.boxrepsol.com\\\/es\\\/motogp\\\/marc-marquez-intento-espejo-nadal-messi-siempre-mejoran\\\/#primaryimage\",\"url\":\"https:\\\/\\\/bxrepsol.s3.eu-west-1.amazonaws.com\\\/static\\\/2022\\\/08\\\/29090439\\\/00_marc_marquez_repsol_rueda_de_prensa.jpg\",\"contentUrl\":\"https:\\\/\\\/bxrepsol.s3.eu-west-1.amazonaws.com\\\/static\\\/2022\\\/08\\\/29090439\\\/00_marc_marquez_repsol_rueda_de_prensa.jpg\",\"width\":1280,\"height\":600,\"caption\":\"Marc M\u00e1rquez en rueda de prensa en Repsol\"},{\"@type\":\"BreadcrumbList\",\"@id\":\"https:\\\/\\\/www.boxrepsol.com\\\/es\\\/motogp\\\/marc-marquez-intento-espejo-nadal-messi-siempre-mejoran\\\/#breadcrumb\",\"itemListElement\":[{\"@type\":\"ListItem\",\"position\":1,\"name\":\"Home\",\"item\":\"https:\\\/\\\/www.boxrepsol.com\\\/es\\\/\"},{\"@type\":\"ListItem\",\"position\":2,\"name\":\"Marc M\u00e1rquez: \u201cIntento tener mi espejo en Nadal y Messi; siempre mejoran\u201d\"}]},{\"@type\":\"WebSite\",\"@id\":\"https:\\\/\\\/www.boxrepsol.com\\\/es\\\/#website\",\"url\":\"https:\\\/\\\/www.boxrepsol.com\\\/es\\\/\",\"name\":\"Box Repsol\",\"description\":\"Box Repsol Site\",\"publisher\":{\"@id\":\"https:\\\/\\\/www.boxrepsol.com\\\/es\\\/#organization\"},\"potentialAction\":[{\"@type\":\"SearchAction\",\"target\":{\"@type\":\"EntryPoint\",\"urlTemplate\":\"https:\\\/\\\/www.boxrepsol.com\\\/es\\\/?s={search_term_string}\"},\"query-input\":{\"@type\":\"PropertyValueSpecification\",\"valueRequired\":true,\"valueName\":\"search_term_string\"}}],\"inLanguage\":\"es\"},{\"@type\":\"Organization\",\"@id\":\"https:\\\/\\\/www.boxrepsol.com\\\/es\\\/#organization\",\"name\":\"Box Repsol\",\"url\":\"https:\\\/\\\/www.boxrepsol.com\\\/es\\\/\",\"logo\":{\"@type\":\"ImageObject\",\"inLanguage\":\"es\",\"@id\":\"https:\\\/\\\/www.boxrepsol.com\\\/es\\\/#\\\/schema\\\/logo\\\/image\\\/\",\"url\":\"https:\\\/\\\/bxrepsol.s3.eu-west-1.amazonaws.com\\\/static\\\/2025\\\/07\\\/30083337\\\/favicon-96x96-1.png\",\"contentUrl\":\"https:\\\/\\\/bxrepsol.s3.eu-west-1.amazonaws.com\\\/static\\\/2025\\\/07\\\/30083337\\\/favicon-96x96-1.png\",\"width\":96,\"height\":96,\"caption\":\"Box Repsol\"},\"image\":{\"@id\":\"https:\\\/\\\/www.boxrepsol.com\\\/es\\\/#\\\/schema\\\/logo\\\/image\\\/\"},\"sameAs\":[\"https:\\\/\\\/www.facebook.com\\\/BoxRepsol\",\"https:\\\/\\\/x.com\\\/box_repsol\",\"http:\\\/\\\/instagram.com\\\/box_repsol\",\"https:\\\/\\\/www.youtube.com\\\/user\\\/RepsolCompeticion\",\"https:\\\/\\\/www.flickr.com\\\/photos\\\/box_repsol\\\/\"]},{\"@type\":\"Person\",\"@id\":\"https:\\\/\\\/www.boxrepsol.com\\\/es\\\/#\\\/schema\\\/person\\\/c5c2138f2cca251b0ad92b7086bb60b7\",\"name\":\"Redacci\u00f3n Box Repsol\",\"image\":{\"@type\":\"ImageObject\",\"inLanguage\":\"es\",\"@id\":\"https:\\\/\\\/secure.gravatar.com\\\/avatar\\\/adf7b77e38b4419baf32c7e9c21dde01f4e40df611f0978e3006fc4ba0aaab7e?s=96&d=mm&r=g\",\"url\":\"https:\\\/\\\/secure.gravatar.com\\\/avatar\\\/adf7b77e38b4419baf32c7e9c21dde01f4e40df611f0978e3006fc4ba0aaab7e?s=96&d=mm&r=g\",\"contentUrl\":\"https:\\\/\\\/secure.gravatar.com\\\/avatar\\\/adf7b77e38b4419baf32c7e9c21dde01f4e40df611f0978e3006fc4ba0aaab7e?s=96&d=mm&r=g\",\"caption\":\"Redacci\u00f3n Box Repsol\"},\"description\":\"Box Repsol lo forma un equipo de periodistas, community managers, dise\u00f1adores y fot\u00f3grafos con m\u00e1s de 20 a\u00f1os de experiencia en el mundo del motorsport. Hemos vivido el primer mundial de un espa\u00f1ol en la categor\u00eda reina de motociclismo con \u00c1lex Crivill\u00e9, estuvimos en las victorias de Pedrosa y los t\u00edtulos de M\u00e1rquez, acompa\u00f1amos en \u00c1frica a Nani Roma y Marc Coma en sus conquistas del Dakar y hemos vibrado con los t\u00edtulos de Toni Bou en Trial. Adem\u00e1s, en nuestro equipo contamos con expertos en el mundo de las dos y cuatro ruedas tanto de la calle y las carreteras, como de los circuitos. Periodistas que han trabajado en revistas y publicaciones para hacerte llegar desde rutas y consejos de mantenimiento, a curiosidades y trucos de pilotaje.\",\"sameAs\":[\"https:\\\/\\\/www.facebook.com\\\/BoxRepsol\\\/\",\"https:\\\/\\\/www.instagram.com\\\/box_repsol\\\/\",\"https:\\\/\\\/x.com\\\/https:\\\/\\\/twitter.com\\\/box_repsol\",\"https:\\\/\\\/www.youtube.com\\\/@Boxrepsol\"],\"url\":\"https:\\\/\\\/www.boxrepsol.com\\\/es\\\/author\\\/redaccion-box-repsol\\\/\"}]}<\/script>\n<!-- \/ Yoast SEO plugin. -->","yoast_head_json":{"title":"Rueda de prensa M\u00e1rquez en sede de Repsol tras ganar el Mundial","description":"Marc M\u00e1rquez ha ofrecido una rueda de prensa a su regreso a Espa\u00f1a en Campus Repsol, donde le han dado un caluroso recibimiento.","canonical":"https:\/\/www.boxrepsol.com\/es\/motogp\/marc-marquez-intento-espejo-nadal-messi-siempre-mejoran\/","og_locale":"es_ES","og_type":"article","og_title":"Rueda de prensa M\u00e1rquez en sede de Repsol tras ganar el Mundial","og_description":"Marc M\u00e1rquez ha ofrecido una rueda de prensa a su regreso a Espa\u00f1a en Campus Repsol, donde le han dado un caluroso recibimiento.","og_url":"https:\/\/www.boxrepsol.com\/es\/motogp\/marc-marquez-intento-espejo-nadal-messi-siempre-mejoran\/","og_site_name":"Box Repsol","article_publisher":"https:\/\/www.facebook.com\/BoxRepsol","article_author":"https:\/\/www.facebook.com\/BoxRepsol\/","article_published_time":"2019-10-09T02:00:00+00:00","article_modified_time":"2024-04-25T09:26:04+00:00","og_image":[{"width":1280,"height":600,"url":"https:\/\/bxrepsol.s3.eu-west-1.amazonaws.com\/static\/2022\/08\/29090439\/00_marc_marquez_repsol_rueda_de_prensa.jpg","type":"image\/jpeg"}],"author":"Redacci\u00f3n Box Repsol","twitter_card":"summary_large_image","twitter_creator":"@https:\/\/twitter.com\/box_repsol","twitter_site":"@box_repsol","twitter_misc":{"Written by":"Redacci\u00f3n Box Repsol","Est. reading time":"8 minutos"},"schema":{"@context":"https:\/\/schema.org","@graph":[{"@type":"Article","@id":"https:\/\/www.boxrepsol.com\/es\/motogp\/marc-marquez-intento-espejo-nadal-messi-siempre-mejoran\/#article","isPartOf":{"@id":"https:\/\/www.boxrepsol.com\/es\/motogp\/marc-marquez-intento-espejo-nadal-messi-siempre-mejoran\/"},"author":{"name":"Redacci\u00f3n Box Repsol","@id":"https:\/\/www.boxrepsol.com\/es\/#\/schema\/person\/c5c2138f2cca251b0ad92b7086bb60b7"},"headline":"Marc M\u00e1rquez: \u201cIntento tener mi espejo en Nadal y Messi; siempre mejoran\u201d","datePublished":"2019-10-09T02:00:00+00:00","dateModified":"2024-04-25T09:26:04+00:00","mainEntityOfPage":{"@id":"https:\/\/www.boxrepsol.com\/es\/motogp\/marc-marquez-intento-espejo-nadal-messi-siempre-mejoran\/"},"wordCount":1683,"commentCount":0,"publisher":{"@id":"https:\/\/www.boxrepsol.com\/es\/#organization"},"image":{"@id":"https:\/\/www.boxrepsol.com\/es\/motogp\/marc-marquez-intento-espejo-nadal-messi-siempre-mejoran\/#primaryimage"},"thumbnailUrl":"https:\/\/bxrepsol.s3.eu-west-1.amazonaws.com\/static\/2022\/08\/29090439\/00_marc_marquez_repsol_rueda_de_prensa.jpg","keywords":["Marc M\u00e1rquez"],"articleSection":["MotoGP"],"inLanguage":"es","potentialAction":[{"@type":"CommentAction","name":"Comment","target":["https:\/\/www.boxrepsol.com\/es\/motogp\/marc-marquez-intento-espejo-nadal-messi-siempre-mejoran\/#respond"]}]},{"@type":"WebPage","@id":"https:\/\/www.boxrepsol.com\/es\/motogp\/marc-marquez-intento-espejo-nadal-messi-siempre-mejoran\/","url":"https:\/\/www.boxrepsol.com\/es\/motogp\/marc-marquez-intento-espejo-nadal-messi-siempre-mejoran\/","name":"Rueda de prensa M\u00e1rquez en sede de Repsol tras ganar el Mundial","isPartOf":{"@id":"https:\/\/www.boxrepsol.com\/es\/#website"},"primaryImageOfPage":{"@id":"https:\/\/www.boxrepsol.com\/es\/motogp\/marc-marquez-intento-espejo-nadal-messi-siempre-mejoran\/#primaryimage"},"image":{"@id":"https:\/\/www.boxrepsol.com\/es\/motogp\/marc-marquez-intento-espejo-nadal-messi-siempre-mejoran\/#primaryimage"},"thumbnailUrl":"https:\/\/bxrepsol.s3.eu-west-1.amazonaws.com\/static\/2022\/08\/29090439\/00_marc_marquez_repsol_rueda_de_prensa.jpg","datePublished":"2019-10-09T02:00:00+00:00","dateModified":"2024-04-25T09:26:04+00:00","description":"Marc M\u00e1rquez ha ofrecido una rueda de prensa a su regreso a Espa\u00f1a en Campus Repsol, donde le han dado un caluroso recibimiento.","breadcrumb":{"@id":"https:\/\/www.boxrepsol.com\/es\/motogp\/marc-marquez-intento-espejo-nadal-messi-siempre-mejoran\/#breadcrumb"},"inLanguage":"es","potentialAction":[{"@type":"ReadAction","target":["https:\/\/www.boxrepsol.com\/es\/motogp\/marc-marquez-intento-espejo-nadal-messi-siempre-mejoran\/"]}]},{"@type":"ImageObject","inLanguage":"es","@id":"https:\/\/www.boxrepsol.com\/es\/motogp\/marc-marquez-intento-espejo-nadal-messi-siempre-mejoran\/#primaryimage","url":"https:\/\/bxrepsol.s3.eu-west-1.amazonaws.com\/static\/2022\/08\/29090439\/00_marc_marquez_repsol_rueda_de_prensa.jpg","contentUrl":"https:\/\/bxrepsol.s3.eu-west-1.amazonaws.com\/static\/2022\/08\/29090439\/00_marc_marquez_repsol_rueda_de_prensa.jpg","width":1280,"height":600,"caption":"Marc M\u00e1rquez en rueda de prensa en Repsol"},{"@type":"BreadcrumbList","@id":"https:\/\/www.boxrepsol.com\/es\/motogp\/marc-marquez-intento-espejo-nadal-messi-siempre-mejoran\/#breadcrumb","itemListElement":[{"@type":"ListItem","position":1,"name":"Home","item":"https:\/\/www.boxrepsol.com\/es\/"},{"@type":"ListItem","position":2,"name":"Marc M\u00e1rquez: \u201cIntento tener mi espejo en Nadal y Messi; siempre mejoran\u201d"}]},{"@type":"WebSite","@id":"https:\/\/www.boxrepsol.com\/es\/#website","url":"https:\/\/www.boxrepsol.com\/es\/","name":"Box Repsol","description":"Box Repsol Site","publisher":{"@id":"https:\/\/www.boxrepsol.com\/es\/#organization"},"potentialAction":[{"@type":"SearchAction","target":{"@type":"EntryPoint","urlTemplate":"https:\/\/www.boxrepsol.com\/es\/?s={search_term_string}"},"query-input":{"@type":"PropertyValueSpecification","valueRequired":true,"valueName":"search_term_string"}}],"inLanguage":"es"},{"@type":"Organization","@id":"https:\/\/www.boxrepsol.com\/es\/#organization","name":"Box Repsol","url":"https:\/\/www.boxrepsol.com\/es\/","logo":{"@type":"ImageObject","inLanguage":"es","@id":"https:\/\/www.boxrepsol.com\/es\/#\/schema\/logo\/image\/","url":"https:\/\/bxrepsol.s3.eu-west-1.amazonaws.com\/static\/2025\/07\/30083337\/favicon-96x96-1.png","contentUrl":"https:\/\/bxrepsol.s3.eu-west-1.amazonaws.com\/static\/2025\/07\/30083337\/favicon-96x96-1.png","width":96,"height":96,"caption":"Box Repsol"},"image":{"@id":"https:\/\/www.boxrepsol.com\/es\/#\/schema\/logo\/image\/"},"sameAs":["https:\/\/www.facebook.com\/BoxRepsol","https:\/\/x.com\/box_repsol","http:\/\/instagram.com\/box_repsol","https:\/\/www.youtube.com\/user\/RepsolCompeticion","https:\/\/www.flickr.com\/photos\/box_repsol\/"]},{"@type":"Person","@id":"https:\/\/www.boxrepsol.com\/es\/#\/schema\/person\/c5c2138f2cca251b0ad92b7086bb60b7","name":"Redacci\u00f3n Box Repsol","image":{"@type":"ImageObject","inLanguage":"es","@id":"https:\/\/secure.gravatar.com\/avatar\/adf7b77e38b4419baf32c7e9c21dde01f4e40df611f0978e3006fc4ba0aaab7e?s=96&d=mm&r=g","url":"https:\/\/secure.gravatar.com\/avatar\/adf7b77e38b4419baf32c7e9c21dde01f4e40df611f0978e3006fc4ba0aaab7e?s=96&d=mm&r=g","contentUrl":"https:\/\/secure.gravatar.com\/avatar\/adf7b77e38b4419baf32c7e9c21dde01f4e40df611f0978e3006fc4ba0aaab7e?s=96&d=mm&r=g","caption":"Redacci\u00f3n Box Repsol"},"description":"Box Repsol lo forma un equipo de periodistas, community managers, dise\u00f1adores y fot\u00f3grafos con m\u00e1s de 20 a\u00f1os de experiencia en el mundo del motorsport. Hemos vivido el primer mundial de un espa\u00f1ol en la categor\u00eda reina de motociclismo con \u00c1lex Crivill\u00e9, estuvimos en las victorias de Pedrosa y los t\u00edtulos de M\u00e1rquez, acompa\u00f1amos en \u00c1frica a Nani Roma y Marc Coma en sus conquistas del Dakar y hemos vibrado con los t\u00edtulos de Toni Bou en Trial. Adem\u00e1s, en nuestro equipo contamos con expertos en el mundo de las dos y cuatro ruedas tanto de la calle y las carreteras, como de los circuitos. Periodistas que han trabajado en revistas y publicaciones para hacerte llegar desde rutas y consejos de mantenimiento, a curiosidades y trucos de pilotaje.","sameAs":["https:\/\/www.facebook.com\/BoxRepsol\/","https:\/\/www.instagram.com\/box_repsol\/","https:\/\/x.com\/https:\/\/twitter.com\/box_repsol","https:\/\/www.youtube.com\/@Boxrepsol"],"url":"https:\/\/www.boxrepsol.com\/es\/author\/redaccion-box-repsol\/"}]}},"_links":{"self":[{"href":"https:\/\/www.boxrepsol.com\/es\/wp-json\/wp\/v2\/posts\/94179","targetHints":{"allow":["GET"]}}],"collection":[{"href":"https:\/\/www.boxrepsol.com\/es\/wp-json\/wp\/v2\/posts"}],"about":[{"href":"https:\/\/www.boxrepsol.com\/es\/wp-json\/wp\/v2\/types\/post"}],"author":[{"embeddable":true,"href":"https:\/\/www.boxrepsol.com\/es\/wp-json\/wp\/v2\/users\/43146"}],"replies":[{"embeddable":true,"href":"https:\/\/www.boxrepsol.com\/es\/wp-json\/wp\/v2\/comments?post=94179"}],"version-history":[{"count":1,"href":"https:\/\/www.boxrepsol.com\/es\/wp-json\/wp\/v2\/posts\/94179\/revisions"}],"predecessor-version":[{"id":94180,"href":"https:\/\/www.boxrepsol.com\/es\/wp-json\/wp\/v2\/posts\/94179\/revisions\/94180"}],"wp:featuredmedia":[{"embeddable":true,"href":"https:\/\/www.boxrepsol.com\/es\/wp-json\/wp\/v2\/media\/62803"}],"wp:attachment":[{"href":"https:\/\/www.boxrepsol.com\/es\/wp-json\/wp\/v2\/media?parent=94179"}],"wp:term":[{"taxonomy":"category","embeddable":true,"href":"https:\/\/www.boxrepsol.com\/es\/wp-json\/wp\/v2\/categories?post=94179"},{"taxonomy":"post_tag","embeddable":true,"href":"https:\/\/www.boxrepsol.com\/es\/wp-json\/wp\/v2\/tags?post=94179"}],"curies":[{"name":"wp","href":"https:\/\/api.w.org\/{rel}","templated":true}]}}