{"id":94177,"date":"2019-10-08T00:00:00","date_gmt":"2019-10-08T02:00:00","guid":{"rendered":"http:\/\/pre.boxrepsol.com\/sin-categorizar\/isidre-esteve-vive-mejor-jornada-marroqui-firma-top-10\/"},"modified":"2024-04-25T07:26:31","modified_gmt":"2024-04-25T09:26:31","slug":"isidre-esteve-vive-mejor-jornada-marroqui-firma-top-10","status":"publish","type":"post","link":"https:\/\/www.boxrepsol.com\/es\/rally\/isidre-esteve-vive-mejor-jornada-marroqui-firma-top-10\/","title":{"rendered":"Isidre Esteve vive su mejor jornada marroqu\u00ed y firma un top 10"},"content":{"rendered":"<p><strong>Isidre Esteve ha sellado este lunes su mejor actuaci\u00f3n en el Rally de Marruecos<\/strong>. A diferencia de las dos primeras etapas, el piloto del Repsol Rally Team ha podido rodar sin ning\u00fan contratiempo, lo que le ha permitido imprimir un buen ritmo y marcar el d\u00e9cimo mejor tiempo del d\u00eda, con su prototipo BV6 copilotado por Txema Villalobos.<\/p>\n<p>La especial constaba de 363 kil\u00f3metros, divididos en tres sectores que Isidre Esteve ha superado con muy buena nota. <strong>Su tiempo final de 7 horas, 12 minutos y 36 segundos le ha colocado en el top 10 <\/strong>de esta exigente prueba puntuable para la Copa del Mundo de Rallys Cross-Country que re\u00fane a los principales pilotos del Dakar. Adem\u00e1s, el de Oliana ha sido el mejor de su categor\u00eda T1.2 (todoterreno 4&#215;4 di\u00e9sel modificado)<\/p>\n<p><em>\u201cEstamos muy contentos, sobre todo porque hemos podido pasar nuestra primera etapa limpia, sin incidentes y sin pararnos en ning\u00fan momento. Hemos rodado a buen ritmo y Txema ha vuelto a estar perfecto en la navegaci\u00f3n. Este resultado es m\u00e9rito de todo el equipo que est\u00e1 trabajando muy duro cada jornada para que podamos tener el coche a punto en la salida\u201d<\/em>, afirmaba un agradecido Isidre Esteve.<\/p>\n<p><a href=\"https:\/\/bxrepsol.s3.eu-west-1.amazonaws.com\/static\/2022\/08\/05070231\/00_isidre_este_primer_plano_casco.jpg\" \n   title=\"Isidre Esteve compitiendo\" \n   data-gallery-thumbnail=\"https:\/\/bxrepsol.s3.eu-west-1.amazonaws.com\/static\/2022\/08\/05070231\/00_isidre_este_primer_plano_casco.jpg\"\n   data-gallery-title=\"\"\n   data-gallery><\/p>\n<figure>\n        <picture style=\"padding-bottom: 66.666666666667%; background-image: url(https:\/\/bxrepsol.s3.eu-west-1.amazonaws.com\/static\/2022\/08\/05070231\/00_isidre_este_primer_plano_casco.jpg);\">\n            <img decoding=\"async\" src=\"https:\/\/bxrepsol.s3.eu-west-1.amazonaws.com\/static\/2022\/08\/05070231\/00_isidre_este_primer_plano_casco.jpg\"><br \/>\n            <img itemprop=\"image\"\n                data-srcset=\"https:\/\/bxrepsol.s3.eu-west-1.amazonaws.com\/static\/2022\/08\/05070231\/00_isidre_este_primer_plano_casco.jpg 480w, https:\/\/bxrepsol.s3.eu-west-1.amazonaws.com\/static\/2022\/08\/05070231\/00_isidre_este_primer_plano_casco.jpg 600w, https:\/\/bxrepsol.s3.eu-west-1.amazonaws.com\/static\/2022\/08\/05070231\/00_isidre_este_primer_plano_casco.jpg 900w, https:\/\/bxrepsol.s3.eu-west-1.amazonaws.com\/static\/2022\/08\/05070231\/00_isidre_este_primer_plano_casco.jpg 1280w\"\n                data-src=\"https:\/\/bxrepsol.s3.eu-west-1.amazonaws.com\/static\/2022\/08\/05070231\/00_isidre_este_primer_plano_casco.jpg\"\n                alt=\"Isidre Esteve compitiendo\"\n                title=\"Primer plano de Isidre Esteve pilotando su coche del Repsol Rally Team\"\/><br \/>\n            <noscript><img decoding=\"async\" src=\"https:\/\/bxrepsol.s3.eu-west-1.amazonaws.com\/static\/2022\/08\/05070231\/00_isidre_este_primer_plano_casco.jpg\" alt=\"Isidre Esteve compitiendo\"><\/noscript>\n        <\/picture><figcaption>Isidre Esteve compitiendo<\/figcaption><\/figure>\n<p><\/a><\/p>\n<p>La principal novedad del d\u00eda era que los equipos recib\u00edan el roadbook cinco minutos antes de salir a la especial, es decir, pr\u00e1cticamente sin tiempo de revisarlo. Un anticipo de lo que suceder\u00e1 en el pr\u00f3ximo Dakar. <em>\u201cPara nosotros no ha representado ning\u00fan problema porque ya conoc\u00edamos el tipo de se\u00f1alizaci\u00f3n de las dos etapas anteriores y hemos sabido adaptar nuestro ritmo a los peligros marcados. El rally raid necesita siempre un margen de seguridad, en funci\u00f3n de tu velocidad, para poder reaccionar porque las cosas no son exactas\u201d<\/em>, reflexionaba Isidre.<\/p>\n<p>Precisamente, el ilerdense estaba muy satisfecho de haber encontrado \u201cel equilibrio perfecto entre ritmo de carrera y agresividad sin riesgo\u201d. Por ello se mostraba muy motivado ante las dos etapas restantes:<em> \u201cCon los \u00faltimos cambios introducidos, el coche nos permite ser m\u00e1s r\u00e1pidos y esto a\u00fan nos da m\u00e1s ganas de seguir avanzando en este rally que es perfecto para nuestra preparaci\u00f3n dakariana\u201d<\/em>.<\/p>\n<p>Ma\u00f1ana martes, <strong>la cuarta y pen\u00faltima etapa constar\u00e1 de 408 kil\u00f3metros cronometrados que Isidre Esteve encarar\u00e1 desde la 15\u00aa plaza de la general y la segunda de T1.2<\/strong>, tras acumular en su todoterreno con los mandos adaptados en el volante un tiempo total de 18 horas, 38 minutos y 42 segundos.<\/p>\n","protected":false},"excerpt":{"rendered":"<p>El piloto del Repsol Rally Team ha completado la tercera etapa en d\u00e9cima posici\u00f3n y primera de su categor\u00eda T1.2. El ilerdense contin\u00faa con su espectacular remontada en la general y ya figura en 15\u00ba lugar.<\/p>\n","protected":false},"author":43146,"featured_media":62795,"comment_status":"open","ping_status":"open","sticky":false,"template":"","format":"standard","meta":{"footnotes":""},"categories":[27],"tags":[183],"class_list":["post-94177","post","type-post","status-publish","format-standard","hentry","category-rally","tag-repsol-rally-team"],"yoast_head":"<!-- This site is optimized with the Yoast SEO plugin v27.3 - https:\/\/yoast.com\/product\/yoast-seo-wordpress\/ -->\n<title>Rally Marruecos etapa 3 - Isidre Esteve vive su mejor jornada marroqu\u00ed y firma un top 10<\/title>\n<meta name=\"description\" content=\"El piloto del Repsol Rally Team ha completado la tercera etapa en d\u00e9cima posici\u00f3n y primera de su categor\u00eda T1.2.\" \/>\n<link rel=\"canonical\" href=\"https:\/\/www.boxrepsol.com\/es\/rally\/isidre-esteve-vive-mejor-jornada-marroqui-firma-top-10\/\" \/>\n<meta property=\"og:locale\" content=\"es_ES\" \/>\n<meta property=\"og:type\" content=\"article\" \/>\n<meta property=\"og:title\" content=\"Rally Marruecos etapa 3 - Isidre Esteve vive su mejor jornada marroqu\u00ed y firma un top 10\" \/>\n<meta property=\"og:description\" content=\"El piloto del Repsol Rally Team ha completado la tercera etapa en d\u00e9cima posici\u00f3n y primera de su categor\u00eda T1.2.\" \/>\n<meta property=\"og:url\" content=\"https:\/\/www.boxrepsol.com\/es\/rally\/isidre-esteve-vive-mejor-jornada-marroqui-firma-top-10\/\" \/>\n<meta property=\"og:site_name\" content=\"Box Repsol\" \/>\n<meta property=\"article:publisher\" content=\"https:\/\/www.facebook.com\/BoxRepsol\" \/>\n<meta property=\"article:author\" content=\"https:\/\/www.facebook.com\/BoxRepsol\/\" \/>\n<meta property=\"article:published_time\" content=\"2019-10-08T02:00:00+00:00\" \/>\n<meta property=\"article:modified_time\" content=\"2024-04-25T09:26:31+00:00\" \/>\n<meta property=\"og:image\" content=\"https:\/\/bxrepsol.s3.eu-west-1.amazonaws.com\/static\/2022\/08\/29090435\/00_isidre_esteve_repsol_rally_Team_rally_marruecos.jpg\" \/>\n\t<meta property=\"og:image:width\" content=\"1280\" \/>\n\t<meta property=\"og:image:height\" content=\"600\" \/>\n\t<meta property=\"og:image:type\" content=\"image\/jpeg\" \/>\n<meta name=\"author\" content=\"Redacci\u00f3n Box Repsol\" \/>\n<meta name=\"twitter:card\" content=\"summary_large_image\" \/>\n<meta name=\"twitter:creator\" content=\"@https:\/\/twitter.com\/box_repsol\" \/>\n<meta name=\"twitter:site\" content=\"@box_repsol\" \/>\n<meta name=\"twitter:label1\" content=\"Written by\" \/>\n\t<meta name=\"twitter:data1\" content=\"Redacci\u00f3n Box Repsol\" \/>\n\t<meta name=\"twitter:label2\" content=\"Est. reading time\" \/>\n\t<meta name=\"twitter:data2\" content=\"2 minutos\" \/>\n<script type=\"application\/ld+json\" class=\"yoast-schema-graph\">{\"@context\":\"https:\\\/\\\/schema.org\",\"@graph\":[{\"@type\":\"Article\",\"@id\":\"https:\\\/\\\/www.boxrepsol.com\\\/es\\\/rally\\\/isidre-esteve-vive-mejor-jornada-marroqui-firma-top-10\\\/#article\",\"isPartOf\":{\"@id\":\"https:\\\/\\\/www.boxrepsol.com\\\/es\\\/rally\\\/isidre-esteve-vive-mejor-jornada-marroqui-firma-top-10\\\/\"},\"author\":{\"name\":\"Redacci\u00f3n Box Repsol\",\"@id\":\"https:\\\/\\\/www.boxrepsol.com\\\/es\\\/#\\\/schema\\\/person\\\/c5c2138f2cca251b0ad92b7086bb60b7\"},\"headline\":\"Isidre Esteve vive su mejor jornada marroqu\u00ed y firma un top 10\",\"datePublished\":\"2019-10-08T02:00:00+00:00\",\"dateModified\":\"2024-04-25T09:26:31+00:00\",\"mainEntityOfPage\":{\"@id\":\"https:\\\/\\\/www.boxrepsol.com\\\/es\\\/rally\\\/isidre-esteve-vive-mejor-jornada-marroqui-firma-top-10\\\/\"},\"wordCount\":437,\"commentCount\":0,\"publisher\":{\"@id\":\"https:\\\/\\\/www.boxrepsol.com\\\/es\\\/#organization\"},\"image\":{\"@id\":\"https:\\\/\\\/www.boxrepsol.com\\\/es\\\/rally\\\/isidre-esteve-vive-mejor-jornada-marroqui-firma-top-10\\\/#primaryimage\"},\"thumbnailUrl\":\"https:\\\/\\\/bxrepsol.s3.eu-west-1.amazonaws.com\\\/static\\\/2022\\\/08\\\/29090435\\\/00_isidre_esteve_repsol_rally_Team_rally_marruecos.jpg\",\"keywords\":[\"Repsol Rally Team\"],\"articleSection\":[\"Rally\"],\"inLanguage\":\"es\",\"potentialAction\":[{\"@type\":\"CommentAction\",\"name\":\"Comment\",\"target\":[\"https:\\\/\\\/www.boxrepsol.com\\\/es\\\/rally\\\/isidre-esteve-vive-mejor-jornada-marroqui-firma-top-10\\\/#respond\"]}]},{\"@type\":\"WebPage\",\"@id\":\"https:\\\/\\\/www.boxrepsol.com\\\/es\\\/rally\\\/isidre-esteve-vive-mejor-jornada-marroqui-firma-top-10\\\/\",\"url\":\"https:\\\/\\\/www.boxrepsol.com\\\/es\\\/rally\\\/isidre-esteve-vive-mejor-jornada-marroqui-firma-top-10\\\/\",\"name\":\"Rally Marruecos etapa 3 - Isidre Esteve vive su mejor jornada marroqu\u00ed y firma un top 10\",\"isPartOf\":{\"@id\":\"https:\\\/\\\/www.boxrepsol.com\\\/es\\\/#website\"},\"primaryImageOfPage\":{\"@id\":\"https:\\\/\\\/www.boxrepsol.com\\\/es\\\/rally\\\/isidre-esteve-vive-mejor-jornada-marroqui-firma-top-10\\\/#primaryimage\"},\"image\":{\"@id\":\"https:\\\/\\\/www.boxrepsol.com\\\/es\\\/rally\\\/isidre-esteve-vive-mejor-jornada-marroqui-firma-top-10\\\/#primaryimage\"},\"thumbnailUrl\":\"https:\\\/\\\/bxrepsol.s3.eu-west-1.amazonaws.com\\\/static\\\/2022\\\/08\\\/29090435\\\/00_isidre_esteve_repsol_rally_Team_rally_marruecos.jpg\",\"datePublished\":\"2019-10-08T02:00:00+00:00\",\"dateModified\":\"2024-04-25T09:26:31+00:00\",\"description\":\"El piloto del Repsol Rally Team ha completado la tercera etapa en d\u00e9cima posici\u00f3n y primera de su categor\u00eda T1.2.\",\"breadcrumb\":{\"@id\":\"https:\\\/\\\/www.boxrepsol.com\\\/es\\\/rally\\\/isidre-esteve-vive-mejor-jornada-marroqui-firma-top-10\\\/#breadcrumb\"},\"inLanguage\":\"es\",\"potentialAction\":[{\"@type\":\"ReadAction\",\"target\":[\"https:\\\/\\\/www.boxrepsol.com\\\/es\\\/rally\\\/isidre-esteve-vive-mejor-jornada-marroqui-firma-top-10\\\/\"]}]},{\"@type\":\"ImageObject\",\"inLanguage\":\"es\",\"@id\":\"https:\\\/\\\/www.boxrepsol.com\\\/es\\\/rally\\\/isidre-esteve-vive-mejor-jornada-marroqui-firma-top-10\\\/#primaryimage\",\"url\":\"https:\\\/\\\/bxrepsol.s3.eu-west-1.amazonaws.com\\\/static\\\/2022\\\/08\\\/29090435\\\/00_isidre_esteve_repsol_rally_Team_rally_marruecos.jpg\",\"contentUrl\":\"https:\\\/\\\/bxrepsol.s3.eu-west-1.amazonaws.com\\\/static\\\/2022\\\/08\\\/29090435\\\/00_isidre_esteve_repsol_rally_Team_rally_marruecos.jpg\",\"width\":1280,\"height\":600,\"caption\":\"Isidre Esteve en el sodicar BV6 en el Rally de Marruecos\"},{\"@type\":\"BreadcrumbList\",\"@id\":\"https:\\\/\\\/www.boxrepsol.com\\\/es\\\/rally\\\/isidre-esteve-vive-mejor-jornada-marroqui-firma-top-10\\\/#breadcrumb\",\"itemListElement\":[{\"@type\":\"ListItem\",\"position\":1,\"name\":\"Home\",\"item\":\"https:\\\/\\\/www.boxrepsol.com\\\/es\\\/\"},{\"@type\":\"ListItem\",\"position\":2,\"name\":\"Isidre Esteve vive su mejor jornada marroqu\u00ed y firma un top 10\"}]},{\"@type\":\"WebSite\",\"@id\":\"https:\\\/\\\/www.boxrepsol.com\\\/es\\\/#website\",\"url\":\"https:\\\/\\\/www.boxrepsol.com\\\/es\\\/\",\"name\":\"Box Repsol\",\"description\":\"Box Repsol Site\",\"publisher\":{\"@id\":\"https:\\\/\\\/www.boxrepsol.com\\\/es\\\/#organization\"},\"potentialAction\":[{\"@type\":\"SearchAction\",\"target\":{\"@type\":\"EntryPoint\",\"urlTemplate\":\"https:\\\/\\\/www.boxrepsol.com\\\/es\\\/?s={search_term_string}\"},\"query-input\":{\"@type\":\"PropertyValueSpecification\",\"valueRequired\":true,\"valueName\":\"search_term_string\"}}],\"inLanguage\":\"es\"},{\"@type\":\"Organization\",\"@id\":\"https:\\\/\\\/www.boxrepsol.com\\\/es\\\/#organization\",\"name\":\"Box Repsol\",\"url\":\"https:\\\/\\\/www.boxrepsol.com\\\/es\\\/\",\"logo\":{\"@type\":\"ImageObject\",\"inLanguage\":\"es\",\"@id\":\"https:\\\/\\\/www.boxrepsol.com\\\/es\\\/#\\\/schema\\\/logo\\\/image\\\/\",\"url\":\"https:\\\/\\\/bxrepsol.s3.eu-west-1.amazonaws.com\\\/static\\\/2025\\\/07\\\/30083337\\\/favicon-96x96-1.png\",\"contentUrl\":\"https:\\\/\\\/bxrepsol.s3.eu-west-1.amazonaws.com\\\/static\\\/2025\\\/07\\\/30083337\\\/favicon-96x96-1.png\",\"width\":96,\"height\":96,\"caption\":\"Box Repsol\"},\"image\":{\"@id\":\"https:\\\/\\\/www.boxrepsol.com\\\/es\\\/#\\\/schema\\\/logo\\\/image\\\/\"},\"sameAs\":[\"https:\\\/\\\/www.facebook.com\\\/BoxRepsol\",\"https:\\\/\\\/x.com\\\/box_repsol\",\"http:\\\/\\\/instagram.com\\\/box_repsol\",\"https:\\\/\\\/www.youtube.com\\\/user\\\/RepsolCompeticion\",\"https:\\\/\\\/www.flickr.com\\\/photos\\\/box_repsol\\\/\"]},{\"@type\":\"Person\",\"@id\":\"https:\\\/\\\/www.boxrepsol.com\\\/es\\\/#\\\/schema\\\/person\\\/c5c2138f2cca251b0ad92b7086bb60b7\",\"name\":\"Redacci\u00f3n Box Repsol\",\"image\":{\"@type\":\"ImageObject\",\"inLanguage\":\"es\",\"@id\":\"https:\\\/\\\/secure.gravatar.com\\\/avatar\\\/adf7b77e38b4419baf32c7e9c21dde01f4e40df611f0978e3006fc4ba0aaab7e?s=96&d=mm&r=g\",\"url\":\"https:\\\/\\\/secure.gravatar.com\\\/avatar\\\/adf7b77e38b4419baf32c7e9c21dde01f4e40df611f0978e3006fc4ba0aaab7e?s=96&d=mm&r=g\",\"contentUrl\":\"https:\\\/\\\/secure.gravatar.com\\\/avatar\\\/adf7b77e38b4419baf32c7e9c21dde01f4e40df611f0978e3006fc4ba0aaab7e?s=96&d=mm&r=g\",\"caption\":\"Redacci\u00f3n Box Repsol\"},\"description\":\"Box Repsol lo forma un equipo de periodistas, community managers, dise\u00f1adores y fot\u00f3grafos con m\u00e1s de 20 a\u00f1os de experiencia en el mundo del motorsport. Hemos vivido el primer mundial de un espa\u00f1ol en la categor\u00eda reina de motociclismo con \u00c1lex Crivill\u00e9, estuvimos en las victorias de Pedrosa y los t\u00edtulos de M\u00e1rquez, acompa\u00f1amos en \u00c1frica a Nani Roma y Marc Coma en sus conquistas del Dakar y hemos vibrado con los t\u00edtulos de Toni Bou en Trial. Adem\u00e1s, en nuestro equipo contamos con expertos en el mundo de las dos y cuatro ruedas tanto de la calle y las carreteras, como de los circuitos. Periodistas que han trabajado en revistas y publicaciones para hacerte llegar desde rutas y consejos de mantenimiento, a curiosidades y trucos de pilotaje.\",\"sameAs\":[\"https:\\\/\\\/www.facebook.com\\\/BoxRepsol\\\/\",\"https:\\\/\\\/www.instagram.com\\\/box_repsol\\\/\",\"https:\\\/\\\/x.com\\\/https:\\\/\\\/twitter.com\\\/box_repsol\",\"https:\\\/\\\/www.youtube.com\\\/@Boxrepsol\"],\"url\":\"https:\\\/\\\/www.boxrepsol.com\\\/es\\\/author\\\/redaccion-box-repsol\\\/\"}]}<\/script>\n<!-- \/ Yoast SEO plugin. -->","yoast_head_json":{"title":"Rally Marruecos etapa 3 - Isidre Esteve vive su mejor jornada marroqu\u00ed y firma un top 10","description":"El piloto del Repsol Rally Team ha completado la tercera etapa en d\u00e9cima posici\u00f3n y primera de su categor\u00eda T1.2.","canonical":"https:\/\/www.boxrepsol.com\/es\/rally\/isidre-esteve-vive-mejor-jornada-marroqui-firma-top-10\/","og_locale":"es_ES","og_type":"article","og_title":"Rally Marruecos etapa 3 - Isidre Esteve vive su mejor jornada marroqu\u00ed y firma un top 10","og_description":"El piloto del Repsol Rally Team ha completado la tercera etapa en d\u00e9cima posici\u00f3n y primera de su categor\u00eda T1.2.","og_url":"https:\/\/www.boxrepsol.com\/es\/rally\/isidre-esteve-vive-mejor-jornada-marroqui-firma-top-10\/","og_site_name":"Box Repsol","article_publisher":"https:\/\/www.facebook.com\/BoxRepsol","article_author":"https:\/\/www.facebook.com\/BoxRepsol\/","article_published_time":"2019-10-08T02:00:00+00:00","article_modified_time":"2024-04-25T09:26:31+00:00","og_image":[{"width":1280,"height":600,"url":"https:\/\/bxrepsol.s3.eu-west-1.amazonaws.com\/static\/2022\/08\/29090435\/00_isidre_esteve_repsol_rally_Team_rally_marruecos.jpg","type":"image\/jpeg"}],"author":"Redacci\u00f3n Box Repsol","twitter_card":"summary_large_image","twitter_creator":"@https:\/\/twitter.com\/box_repsol","twitter_site":"@box_repsol","twitter_misc":{"Written by":"Redacci\u00f3n Box Repsol","Est. reading time":"2 minutos"},"schema":{"@context":"https:\/\/schema.org","@graph":[{"@type":"Article","@id":"https:\/\/www.boxrepsol.com\/es\/rally\/isidre-esteve-vive-mejor-jornada-marroqui-firma-top-10\/#article","isPartOf":{"@id":"https:\/\/www.boxrepsol.com\/es\/rally\/isidre-esteve-vive-mejor-jornada-marroqui-firma-top-10\/"},"author":{"name":"Redacci\u00f3n Box Repsol","@id":"https:\/\/www.boxrepsol.com\/es\/#\/schema\/person\/c5c2138f2cca251b0ad92b7086bb60b7"},"headline":"Isidre Esteve vive su mejor jornada marroqu\u00ed y firma un top 10","datePublished":"2019-10-08T02:00:00+00:00","dateModified":"2024-04-25T09:26:31+00:00","mainEntityOfPage":{"@id":"https:\/\/www.boxrepsol.com\/es\/rally\/isidre-esteve-vive-mejor-jornada-marroqui-firma-top-10\/"},"wordCount":437,"commentCount":0,"publisher":{"@id":"https:\/\/www.boxrepsol.com\/es\/#organization"},"image":{"@id":"https:\/\/www.boxrepsol.com\/es\/rally\/isidre-esteve-vive-mejor-jornada-marroqui-firma-top-10\/#primaryimage"},"thumbnailUrl":"https:\/\/bxrepsol.s3.eu-west-1.amazonaws.com\/static\/2022\/08\/29090435\/00_isidre_esteve_repsol_rally_Team_rally_marruecos.jpg","keywords":["Repsol Rally Team"],"articleSection":["Rally"],"inLanguage":"es","potentialAction":[{"@type":"CommentAction","name":"Comment","target":["https:\/\/www.boxrepsol.com\/es\/rally\/isidre-esteve-vive-mejor-jornada-marroqui-firma-top-10\/#respond"]}]},{"@type":"WebPage","@id":"https:\/\/www.boxrepsol.com\/es\/rally\/isidre-esteve-vive-mejor-jornada-marroqui-firma-top-10\/","url":"https:\/\/www.boxrepsol.com\/es\/rally\/isidre-esteve-vive-mejor-jornada-marroqui-firma-top-10\/","name":"Rally Marruecos etapa 3 - Isidre Esteve vive su mejor jornada marroqu\u00ed y firma un top 10","isPartOf":{"@id":"https:\/\/www.boxrepsol.com\/es\/#website"},"primaryImageOfPage":{"@id":"https:\/\/www.boxrepsol.com\/es\/rally\/isidre-esteve-vive-mejor-jornada-marroqui-firma-top-10\/#primaryimage"},"image":{"@id":"https:\/\/www.boxrepsol.com\/es\/rally\/isidre-esteve-vive-mejor-jornada-marroqui-firma-top-10\/#primaryimage"},"thumbnailUrl":"https:\/\/bxrepsol.s3.eu-west-1.amazonaws.com\/static\/2022\/08\/29090435\/00_isidre_esteve_repsol_rally_Team_rally_marruecos.jpg","datePublished":"2019-10-08T02:00:00+00:00","dateModified":"2024-04-25T09:26:31+00:00","description":"El piloto del Repsol Rally Team ha completado la tercera etapa en d\u00e9cima posici\u00f3n y primera de su categor\u00eda T1.2.","breadcrumb":{"@id":"https:\/\/www.boxrepsol.com\/es\/rally\/isidre-esteve-vive-mejor-jornada-marroqui-firma-top-10\/#breadcrumb"},"inLanguage":"es","potentialAction":[{"@type":"ReadAction","target":["https:\/\/www.boxrepsol.com\/es\/rally\/isidre-esteve-vive-mejor-jornada-marroqui-firma-top-10\/"]}]},{"@type":"ImageObject","inLanguage":"es","@id":"https:\/\/www.boxrepsol.com\/es\/rally\/isidre-esteve-vive-mejor-jornada-marroqui-firma-top-10\/#primaryimage","url":"https:\/\/bxrepsol.s3.eu-west-1.amazonaws.com\/static\/2022\/08\/29090435\/00_isidre_esteve_repsol_rally_Team_rally_marruecos.jpg","contentUrl":"https:\/\/bxrepsol.s3.eu-west-1.amazonaws.com\/static\/2022\/08\/29090435\/00_isidre_esteve_repsol_rally_Team_rally_marruecos.jpg","width":1280,"height":600,"caption":"Isidre Esteve en el sodicar BV6 en el Rally de Marruecos"},{"@type":"BreadcrumbList","@id":"https:\/\/www.boxrepsol.com\/es\/rally\/isidre-esteve-vive-mejor-jornada-marroqui-firma-top-10\/#breadcrumb","itemListElement":[{"@type":"ListItem","position":1,"name":"Home","item":"https:\/\/www.boxrepsol.com\/es\/"},{"@type":"ListItem","position":2,"name":"Isidre Esteve vive su mejor jornada marroqu\u00ed y firma un top 10"}]},{"@type":"WebSite","@id":"https:\/\/www.boxrepsol.com\/es\/#website","url":"https:\/\/www.boxrepsol.com\/es\/","name":"Box Repsol","description":"Box Repsol Site","publisher":{"@id":"https:\/\/www.boxrepsol.com\/es\/#organization"},"potentialAction":[{"@type":"SearchAction","target":{"@type":"EntryPoint","urlTemplate":"https:\/\/www.boxrepsol.com\/es\/?s={search_term_string}"},"query-input":{"@type":"PropertyValueSpecification","valueRequired":true,"valueName":"search_term_string"}}],"inLanguage":"es"},{"@type":"Organization","@id":"https:\/\/www.boxrepsol.com\/es\/#organization","name":"Box Repsol","url":"https:\/\/www.boxrepsol.com\/es\/","logo":{"@type":"ImageObject","inLanguage":"es","@id":"https:\/\/www.boxrepsol.com\/es\/#\/schema\/logo\/image\/","url":"https:\/\/bxrepsol.s3.eu-west-1.amazonaws.com\/static\/2025\/07\/30083337\/favicon-96x96-1.png","contentUrl":"https:\/\/bxrepsol.s3.eu-west-1.amazonaws.com\/static\/2025\/07\/30083337\/favicon-96x96-1.png","width":96,"height":96,"caption":"Box Repsol"},"image":{"@id":"https:\/\/www.boxrepsol.com\/es\/#\/schema\/logo\/image\/"},"sameAs":["https:\/\/www.facebook.com\/BoxRepsol","https:\/\/x.com\/box_repsol","http:\/\/instagram.com\/box_repsol","https:\/\/www.youtube.com\/user\/RepsolCompeticion","https:\/\/www.flickr.com\/photos\/box_repsol\/"]},{"@type":"Person","@id":"https:\/\/www.boxrepsol.com\/es\/#\/schema\/person\/c5c2138f2cca251b0ad92b7086bb60b7","name":"Redacci\u00f3n Box Repsol","image":{"@type":"ImageObject","inLanguage":"es","@id":"https:\/\/secure.gravatar.com\/avatar\/adf7b77e38b4419baf32c7e9c21dde01f4e40df611f0978e3006fc4ba0aaab7e?s=96&d=mm&r=g","url":"https:\/\/secure.gravatar.com\/avatar\/adf7b77e38b4419baf32c7e9c21dde01f4e40df611f0978e3006fc4ba0aaab7e?s=96&d=mm&r=g","contentUrl":"https:\/\/secure.gravatar.com\/avatar\/adf7b77e38b4419baf32c7e9c21dde01f4e40df611f0978e3006fc4ba0aaab7e?s=96&d=mm&r=g","caption":"Redacci\u00f3n Box Repsol"},"description":"Box Repsol lo forma un equipo de periodistas, community managers, dise\u00f1adores y fot\u00f3grafos con m\u00e1s de 20 a\u00f1os de experiencia en el mundo del motorsport. Hemos vivido el primer mundial de un espa\u00f1ol en la categor\u00eda reina de motociclismo con \u00c1lex Crivill\u00e9, estuvimos en las victorias de Pedrosa y los t\u00edtulos de M\u00e1rquez, acompa\u00f1amos en \u00c1frica a Nani Roma y Marc Coma en sus conquistas del Dakar y hemos vibrado con los t\u00edtulos de Toni Bou en Trial. Adem\u00e1s, en nuestro equipo contamos con expertos en el mundo de las dos y cuatro ruedas tanto de la calle y las carreteras, como de los circuitos. Periodistas que han trabajado en revistas y publicaciones para hacerte llegar desde rutas y consejos de mantenimiento, a curiosidades y trucos de pilotaje.","sameAs":["https:\/\/www.facebook.com\/BoxRepsol\/","https:\/\/www.instagram.com\/box_repsol\/","https:\/\/x.com\/https:\/\/twitter.com\/box_repsol","https:\/\/www.youtube.com\/@Boxrepsol"],"url":"https:\/\/www.boxrepsol.com\/es\/author\/redaccion-box-repsol\/"}]}},"_links":{"self":[{"href":"https:\/\/www.boxrepsol.com\/es\/wp-json\/wp\/v2\/posts\/94177","targetHints":{"allow":["GET"]}}],"collection":[{"href":"https:\/\/www.boxrepsol.com\/es\/wp-json\/wp\/v2\/posts"}],"about":[{"href":"https:\/\/www.boxrepsol.com\/es\/wp-json\/wp\/v2\/types\/post"}],"author":[{"embeddable":true,"href":"https:\/\/www.boxrepsol.com\/es\/wp-json\/wp\/v2\/users\/43146"}],"replies":[{"embeddable":true,"href":"https:\/\/www.boxrepsol.com\/es\/wp-json\/wp\/v2\/comments?post=94177"}],"version-history":[{"count":1,"href":"https:\/\/www.boxrepsol.com\/es\/wp-json\/wp\/v2\/posts\/94177\/revisions"}],"predecessor-version":[{"id":94178,"href":"https:\/\/www.boxrepsol.com\/es\/wp-json\/wp\/v2\/posts\/94177\/revisions\/94178"}],"wp:featuredmedia":[{"embeddable":true,"href":"https:\/\/www.boxrepsol.com\/es\/wp-json\/wp\/v2\/media\/62795"}],"wp:attachment":[{"href":"https:\/\/www.boxrepsol.com\/es\/wp-json\/wp\/v2\/media?parent=94177"}],"wp:term":[{"taxonomy":"category","embeddable":true,"href":"https:\/\/www.boxrepsol.com\/es\/wp-json\/wp\/v2\/categories?post=94177"},{"taxonomy":"post_tag","embeddable":true,"href":"https:\/\/www.boxrepsol.com\/es\/wp-json\/wp\/v2\/tags?post=94177"}],"curies":[{"name":"wp","href":"https:\/\/api.w.org\/{rel}","templated":true}]}}