{"id":94155,"date":"2019-10-04T00:00:00","date_gmt":"2019-10-04T02:00:00","guid":{"rendered":"http:\/\/pre.boxrepsol.com\/sin-categorizar\/marquez-termina-sexto-pesar-una-fuerte-caida-matinal\/"},"modified":"2024-04-25T07:55:46","modified_gmt":"2024-04-25T09:55:46","slug":"marquez-termina-sexto-pesar-una-fuerte-caida-matinal","status":"publish","type":"post","link":"https:\/\/www.boxrepsol.com\/es\/motogp\/marquez-termina-sexto-pesar-una-fuerte-caida-matinal\/","title":{"rendered":"M\u00e1rquez termina sexto a pesar de una fuerte ca\u00edda matinal"},"content":{"rendered":"<p>En el FP1, <strong>Marc M\u00e1rquez ha terminado tercero con un tiempo de 1 minuto, 31 segundos<\/strong> y 187 mil\u00e9simas. En el tramo final de la sesi\u00f3n, el l\u00edder del campeonato ha sufrido una dura ca\u00edda en la curva 7 cuando regresaba a la pista desde boxes.<\/p>\n<p>El piloto del equipo Repsol Honda ha sido trasladado primero al centro m\u00e9dico del circuito y posteriormente al Hospital de Buriram, donde se ha sometido a otras pruebas m\u00e9dicas en las que se han descartado lesiones.<\/p>\n<p><strong>M\u00e1rquez ha liderado el FP2 hasta 4 minutos del final,<\/strong> cuando muchos pilotos han montado  neum\u00e1ticos nuevos. El piloto del equipo Repsol Honda ha seguido en pista trabajando el ritmo de carrera con neum\u00e1ticos usados y <strong>ha terminado sexto<\/strong>, con un tiempo de 1 minuto, 30 segundos y 891 mil\u00e9simas.<\/p>\n<p>Jorge Lorenzo ha ido de menos a m\u00e1s, <strong>mejorando en el FP2 su tiempo de la ma\u00f1ana en casi un segundo<\/strong>. Su registro de 1 minuto, 31 segundos y 949 mil\u00e9simas lo ha situado vig\u00e9simo.<\/p>\n<p>                <!-- Imagen relacionada --><br \/>\n        <img loading=\"lazy\" decoding=\"async\" width=\"404\" height=\"336\" src=\"https:\/\/bxrepsol.s3.eu-west-1.amazonaws.com\/static\/2022\/08\/29090305\/00_marc_marquez_buriram_motogp_2018_repsol_honda-e1569225064415-404x336-2.jpg\" alt=\"Marc M\u00e1rquez rodando en el GP de Tailandia\" \/><br \/>\n                <!-- Categor\u00eda --><br \/>\n            MotoGP<br \/>\n        <!-- T\u00edtulo --><br \/>\n        <a href=\"https:\/\/www.boxrepsol.com\/es\/motogp\/horarios-gp-tailandia-motogp-2019\/\"><\/p>\n<h3>Horarios GP de Tailandia MotoGP 2019<\/h3>\n<p>        <\/a><br \/>\n                    <!-- Fecha --><br \/>\n            hace 1 hora        <\/p>\n<h2>GP de Tailandia 2019 &#8211; Declaraciones de los pilotos<\/h2>\n<p><a href=\"https:\/\/twitter.com\/hashtag\/mm93?src=hash&#038;lang=es\">#MM93<\/a><\/p>\n<p><em><strong>Hemos empezado el d\u00eda r\u00e1pidos<\/strong>, pero en la \u00faltima salida a pista del FP1 he tenido una dura ca\u00edda. Me sent\u00eda bien cuando he llegado al centro m\u00e9dico, pero hemos seguido el protocolo del doctor y me han llevado al hospital para un chequeo. <\/p>\n<p><strong>Lo m\u00e1s importante es que estoy bien; siento un poco de dolor pero nada m\u00e1s.<\/strong> Por la tarde he podido pilotar y estoy contento con lo que hemos logrado. Solo hemos tenido que modificar nuestro plan ligeramente, pero he sido capaz de ser r\u00e1pido inmediatamente.<\/em><\/p>\n<hr\/>\n<p><a href=\"https:\/\/twitter.com\/hashtag\/jl99?src=hash&#038;lang=es\">#JL99<\/a><\/p>\n<p><em><strong>Esta ma\u00f1ana estaba bastante satisfecho con nuestro trabajo<\/strong>, porque hemos completado muchas vueltas con un buen ritmo. Por la tarde hemos modificado la puesta a punto, pero no ha funcionado tan bien como quer\u00edamos con la temperatura m\u00e1s alta. <\/p>\n<p>La posici\u00f3n final no es demasiado buena, pero<strong> nuestra distancia con los de delante no es mala<\/strong>. Nuestro objetivo para ma\u00f1ana es reducir a un segundo la distancia con el primero.<\/em><\/p>\n<p>\n            \u00a1Destacamos!\n    <\/p>\n<h2>\n            \u00a1Consigue premios con Pelouse Map!        <\/h2>\n<p>\u00a1Celebra los <strong>50 a\u00f1os de Repsol<\/strong> en el mundo del motor! y podr\u00e1s conseguir una moto del Equipo Repsol<\/p>\n<p>        <img decoding=\"async\" src=\"https:\/\/bxrepsol.s3.eu-west-1.amazonaws.com\/static\/2022\/08\/05065829\/pelouse-map-dest-noticia-1.jpg\" alt=\"\u00a1\u00danete a Pelouse Map!\"><\/p>\n","protected":false},"excerpt":{"rendered":"<p>El piloto del equipo Repsol Honda ha ca\u00eddo al final de la primera sesi\u00f3n libre y se ha visto obligado a pasar por el Hospital de Buriram, aunque posteriormente ha podido completar los segundos entrenamientos. Lorenzo ha terminado vig\u00e9simo.<\/p>\n","protected":false},"author":43146,"featured_media":62695,"comment_status":"open","ping_status":"open","sticky":false,"template":"","format":"standard","meta":{"footnotes":""},"categories":[4],"tags":[185],"class_list":["post-94155","post","type-post","status-publish","format-standard","hentry","category-motogp","tag-motogp-tailandia"],"yoast_head":"<!-- This site is optimized with the Yoast SEO plugin v27.3 - https:\/\/yoast.com\/product\/yoast-seo-wordpress\/ -->\n<title>GP Tailandia 2019 - M\u00e1rquez termina sexto a pesar de una fuerte ca\u00edda matinal<\/title>\n<meta name=\"description\" content=\"El piloto del equipo Repsol Honda ha ca\u00eddo al final de la primera sesi\u00f3n libre y se ha visto obligado a pasar por el Hospital de Buriram.\" \/>\n<link rel=\"canonical\" href=\"https:\/\/www.boxrepsol.com\/es\/motogp\/marquez-termina-sexto-pesar-una-fuerte-caida-matinal\/\" \/>\n<meta property=\"og:locale\" content=\"es_ES\" \/>\n<meta property=\"og:type\" content=\"article\" \/>\n<meta property=\"og:title\" content=\"GP Tailandia 2019 - M\u00e1rquez termina sexto a pesar de una fuerte ca\u00edda matinal\" \/>\n<meta property=\"og:description\" content=\"El piloto del equipo Repsol Honda ha ca\u00eddo al final de la primera sesi\u00f3n libre y se ha visto obligado a pasar por el Hospital de Buriram.\" \/>\n<meta property=\"og:url\" content=\"https:\/\/www.boxrepsol.com\/es\/motogp\/marquez-termina-sexto-pesar-una-fuerte-caida-matinal\/\" \/>\n<meta property=\"og:site_name\" content=\"Box Repsol\" \/>\n<meta property=\"article:publisher\" content=\"https:\/\/www.facebook.com\/BoxRepsol\" \/>\n<meta property=\"article:author\" content=\"https:\/\/www.facebook.com\/BoxRepsol\/\" \/>\n<meta property=\"article:published_time\" content=\"2019-10-04T02:00:00+00:00\" \/>\n<meta property=\"article:modified_time\" content=\"2024-04-25T09:55:46+00:00\" \/>\n<meta property=\"og:image\" content=\"https:\/\/bxrepsol.s3.eu-west-1.amazonaws.com\/static\/2022\/08\/29090306\/00_gp_tailandia_marc_marquez_motogp_repsol_honda.jpg\" \/>\n\t<meta property=\"og:image:width\" content=\"1280\" \/>\n\t<meta property=\"og:image:height\" content=\"600\" \/>\n\t<meta property=\"og:image:type\" content=\"image\/jpeg\" \/>\n<meta name=\"author\" content=\"Redacci\u00f3n Box Repsol\" \/>\n<meta name=\"twitter:card\" content=\"summary_large_image\" \/>\n<meta name=\"twitter:creator\" content=\"@https:\/\/twitter.com\/box_repsol\" \/>\n<meta name=\"twitter:site\" content=\"@box_repsol\" \/>\n<meta name=\"twitter:label1\" content=\"Written by\" \/>\n\t<meta name=\"twitter:data1\" content=\"Redacci\u00f3n Box Repsol\" \/>\n\t<meta name=\"twitter:label2\" content=\"Est. reading time\" \/>\n\t<meta name=\"twitter:data2\" content=\"2 minutos\" \/>\n<script type=\"application\/ld+json\" class=\"yoast-schema-graph\">{\"@context\":\"https:\\\/\\\/schema.org\",\"@graph\":[{\"@type\":\"Article\",\"@id\":\"https:\\\/\\\/www.boxrepsol.com\\\/es\\\/motogp\\\/marquez-termina-sexto-pesar-una-fuerte-caida-matinal\\\/#article\",\"isPartOf\":{\"@id\":\"https:\\\/\\\/www.boxrepsol.com\\\/es\\\/motogp\\\/marquez-termina-sexto-pesar-una-fuerte-caida-matinal\\\/\"},\"author\":{\"name\":\"Redacci\u00f3n Box Repsol\",\"@id\":\"https:\\\/\\\/www.boxrepsol.com\\\/es\\\/#\\\/schema\\\/person\\\/c5c2138f2cca251b0ad92b7086bb60b7\"},\"headline\":\"M\u00e1rquez termina sexto a pesar de una fuerte ca\u00edda matinal\",\"datePublished\":\"2019-10-04T02:00:00+00:00\",\"dateModified\":\"2024-04-25T09:55:46+00:00\",\"mainEntityOfPage\":{\"@id\":\"https:\\\/\\\/www.boxrepsol.com\\\/es\\\/motogp\\\/marquez-termina-sexto-pesar-una-fuerte-caida-matinal\\\/\"},\"wordCount\":399,\"commentCount\":0,\"publisher\":{\"@id\":\"https:\\\/\\\/www.boxrepsol.com\\\/es\\\/#organization\"},\"image\":{\"@id\":\"https:\\\/\\\/www.boxrepsol.com\\\/es\\\/motogp\\\/marquez-termina-sexto-pesar-una-fuerte-caida-matinal\\\/#primaryimage\"},\"thumbnailUrl\":\"https:\\\/\\\/bxrepsol.s3.eu-west-1.amazonaws.com\\\/static\\\/2022\\\/08\\\/29090306\\\/00_gp_tailandia_marc_marquez_motogp_repsol_honda.jpg\",\"keywords\":[\"MotoGP Tailandia\"],\"articleSection\":[\"MotoGP\"],\"inLanguage\":\"es\",\"potentialAction\":[{\"@type\":\"CommentAction\",\"name\":\"Comment\",\"target\":[\"https:\\\/\\\/www.boxrepsol.com\\\/es\\\/motogp\\\/marquez-termina-sexto-pesar-una-fuerte-caida-matinal\\\/#respond\"]}]},{\"@type\":\"WebPage\",\"@id\":\"https:\\\/\\\/www.boxrepsol.com\\\/es\\\/motogp\\\/marquez-termina-sexto-pesar-una-fuerte-caida-matinal\\\/\",\"url\":\"https:\\\/\\\/www.boxrepsol.com\\\/es\\\/motogp\\\/marquez-termina-sexto-pesar-una-fuerte-caida-matinal\\\/\",\"name\":\"GP Tailandia 2019 - M\u00e1rquez termina sexto a pesar de una fuerte ca\u00edda matinal\",\"isPartOf\":{\"@id\":\"https:\\\/\\\/www.boxrepsol.com\\\/es\\\/#website\"},\"primaryImageOfPage\":{\"@id\":\"https:\\\/\\\/www.boxrepsol.com\\\/es\\\/motogp\\\/marquez-termina-sexto-pesar-una-fuerte-caida-matinal\\\/#primaryimage\"},\"image\":{\"@id\":\"https:\\\/\\\/www.boxrepsol.com\\\/es\\\/motogp\\\/marquez-termina-sexto-pesar-una-fuerte-caida-matinal\\\/#primaryimage\"},\"thumbnailUrl\":\"https:\\\/\\\/bxrepsol.s3.eu-west-1.amazonaws.com\\\/static\\\/2022\\\/08\\\/29090306\\\/00_gp_tailandia_marc_marquez_motogp_repsol_honda.jpg\",\"datePublished\":\"2019-10-04T02:00:00+00:00\",\"dateModified\":\"2024-04-25T09:55:46+00:00\",\"description\":\"El piloto del equipo Repsol Honda ha ca\u00eddo al final de la primera sesi\u00f3n libre y se ha visto obligado a pasar por el Hospital de Buriram.\",\"breadcrumb\":{\"@id\":\"https:\\\/\\\/www.boxrepsol.com\\\/es\\\/motogp\\\/marquez-termina-sexto-pesar-una-fuerte-caida-matinal\\\/#breadcrumb\"},\"inLanguage\":\"es\",\"potentialAction\":[{\"@type\":\"ReadAction\",\"target\":[\"https:\\\/\\\/www.boxrepsol.com\\\/es\\\/motogp\\\/marquez-termina-sexto-pesar-una-fuerte-caida-matinal\\\/\"]}]},{\"@type\":\"ImageObject\",\"inLanguage\":\"es\",\"@id\":\"https:\\\/\\\/www.boxrepsol.com\\\/es\\\/motogp\\\/marquez-termina-sexto-pesar-una-fuerte-caida-matinal\\\/#primaryimage\",\"url\":\"https:\\\/\\\/bxrepsol.s3.eu-west-1.amazonaws.com\\\/static\\\/2022\\\/08\\\/29090306\\\/00_gp_tailandia_marc_marquez_motogp_repsol_honda.jpg\",\"contentUrl\":\"https:\\\/\\\/bxrepsol.s3.eu-west-1.amazonaws.com\\\/static\\\/2022\\\/08\\\/29090306\\\/00_gp_tailandia_marc_marquez_motogp_repsol_honda.jpg\",\"width\":1280,\"height\":600,\"caption\":\"Marc M\u00e1rquez rodando en Buriram\"},{\"@type\":\"BreadcrumbList\",\"@id\":\"https:\\\/\\\/www.boxrepsol.com\\\/es\\\/motogp\\\/marquez-termina-sexto-pesar-una-fuerte-caida-matinal\\\/#breadcrumb\",\"itemListElement\":[{\"@type\":\"ListItem\",\"position\":1,\"name\":\"Home\",\"item\":\"https:\\\/\\\/www.boxrepsol.com\\\/es\\\/\"},{\"@type\":\"ListItem\",\"position\":2,\"name\":\"M\u00e1rquez termina sexto a pesar de una fuerte ca\u00edda matinal\"}]},{\"@type\":\"WebSite\",\"@id\":\"https:\\\/\\\/www.boxrepsol.com\\\/es\\\/#website\",\"url\":\"https:\\\/\\\/www.boxrepsol.com\\\/es\\\/\",\"name\":\"Box Repsol\",\"description\":\"Box Repsol Site\",\"publisher\":{\"@id\":\"https:\\\/\\\/www.boxrepsol.com\\\/es\\\/#organization\"},\"potentialAction\":[{\"@type\":\"SearchAction\",\"target\":{\"@type\":\"EntryPoint\",\"urlTemplate\":\"https:\\\/\\\/www.boxrepsol.com\\\/es\\\/?s={search_term_string}\"},\"query-input\":{\"@type\":\"PropertyValueSpecification\",\"valueRequired\":true,\"valueName\":\"search_term_string\"}}],\"inLanguage\":\"es\"},{\"@type\":\"Organization\",\"@id\":\"https:\\\/\\\/www.boxrepsol.com\\\/es\\\/#organization\",\"name\":\"Box Repsol\",\"url\":\"https:\\\/\\\/www.boxrepsol.com\\\/es\\\/\",\"logo\":{\"@type\":\"ImageObject\",\"inLanguage\":\"es\",\"@id\":\"https:\\\/\\\/www.boxrepsol.com\\\/es\\\/#\\\/schema\\\/logo\\\/image\\\/\",\"url\":\"https:\\\/\\\/bxrepsol.s3.eu-west-1.amazonaws.com\\\/static\\\/2025\\\/07\\\/30083337\\\/favicon-96x96-1.png\",\"contentUrl\":\"https:\\\/\\\/bxrepsol.s3.eu-west-1.amazonaws.com\\\/static\\\/2025\\\/07\\\/30083337\\\/favicon-96x96-1.png\",\"width\":96,\"height\":96,\"caption\":\"Box Repsol\"},\"image\":{\"@id\":\"https:\\\/\\\/www.boxrepsol.com\\\/es\\\/#\\\/schema\\\/logo\\\/image\\\/\"},\"sameAs\":[\"https:\\\/\\\/www.facebook.com\\\/BoxRepsol\",\"https:\\\/\\\/x.com\\\/box_repsol\",\"http:\\\/\\\/instagram.com\\\/box_repsol\",\"https:\\\/\\\/www.youtube.com\\\/user\\\/RepsolCompeticion\",\"https:\\\/\\\/www.flickr.com\\\/photos\\\/box_repsol\\\/\"]},{\"@type\":\"Person\",\"@id\":\"https:\\\/\\\/www.boxrepsol.com\\\/es\\\/#\\\/schema\\\/person\\\/c5c2138f2cca251b0ad92b7086bb60b7\",\"name\":\"Redacci\u00f3n Box Repsol\",\"image\":{\"@type\":\"ImageObject\",\"inLanguage\":\"es\",\"@id\":\"https:\\\/\\\/secure.gravatar.com\\\/avatar\\\/adf7b77e38b4419baf32c7e9c21dde01f4e40df611f0978e3006fc4ba0aaab7e?s=96&d=mm&r=g\",\"url\":\"https:\\\/\\\/secure.gravatar.com\\\/avatar\\\/adf7b77e38b4419baf32c7e9c21dde01f4e40df611f0978e3006fc4ba0aaab7e?s=96&d=mm&r=g\",\"contentUrl\":\"https:\\\/\\\/secure.gravatar.com\\\/avatar\\\/adf7b77e38b4419baf32c7e9c21dde01f4e40df611f0978e3006fc4ba0aaab7e?s=96&d=mm&r=g\",\"caption\":\"Redacci\u00f3n Box Repsol\"},\"description\":\"Box Repsol lo forma un equipo de periodistas, community managers, dise\u00f1adores y fot\u00f3grafos con m\u00e1s de 20 a\u00f1os de experiencia en el mundo del motorsport. Hemos vivido el primer mundial de un espa\u00f1ol en la categor\u00eda reina de motociclismo con \u00c1lex Crivill\u00e9, estuvimos en las victorias de Pedrosa y los t\u00edtulos de M\u00e1rquez, acompa\u00f1amos en \u00c1frica a Nani Roma y Marc Coma en sus conquistas del Dakar y hemos vibrado con los t\u00edtulos de Toni Bou en Trial. Adem\u00e1s, en nuestro equipo contamos con expertos en el mundo de las dos y cuatro ruedas tanto de la calle y las carreteras, como de los circuitos. Periodistas que han trabajado en revistas y publicaciones para hacerte llegar desde rutas y consejos de mantenimiento, a curiosidades y trucos de pilotaje.\",\"sameAs\":[\"https:\\\/\\\/www.facebook.com\\\/BoxRepsol\\\/\",\"https:\\\/\\\/www.instagram.com\\\/box_repsol\\\/\",\"https:\\\/\\\/x.com\\\/https:\\\/\\\/twitter.com\\\/box_repsol\",\"https:\\\/\\\/www.youtube.com\\\/@Boxrepsol\"],\"url\":\"https:\\\/\\\/www.boxrepsol.com\\\/es\\\/author\\\/redaccion-box-repsol\\\/\"}]}<\/script>\n<!-- \/ Yoast SEO plugin. -->","yoast_head_json":{"title":"GP Tailandia 2019 - M\u00e1rquez termina sexto a pesar de una fuerte ca\u00edda matinal","description":"El piloto del equipo Repsol Honda ha ca\u00eddo al final de la primera sesi\u00f3n libre y se ha visto obligado a pasar por el Hospital de Buriram.","canonical":"https:\/\/www.boxrepsol.com\/es\/motogp\/marquez-termina-sexto-pesar-una-fuerte-caida-matinal\/","og_locale":"es_ES","og_type":"article","og_title":"GP Tailandia 2019 - M\u00e1rquez termina sexto a pesar de una fuerte ca\u00edda matinal","og_description":"El piloto del equipo Repsol Honda ha ca\u00eddo al final de la primera sesi\u00f3n libre y se ha visto obligado a pasar por el Hospital de Buriram.","og_url":"https:\/\/www.boxrepsol.com\/es\/motogp\/marquez-termina-sexto-pesar-una-fuerte-caida-matinal\/","og_site_name":"Box Repsol","article_publisher":"https:\/\/www.facebook.com\/BoxRepsol","article_author":"https:\/\/www.facebook.com\/BoxRepsol\/","article_published_time":"2019-10-04T02:00:00+00:00","article_modified_time":"2024-04-25T09:55:46+00:00","og_image":[{"width":1280,"height":600,"url":"https:\/\/bxrepsol.s3.eu-west-1.amazonaws.com\/static\/2022\/08\/29090306\/00_gp_tailandia_marc_marquez_motogp_repsol_honda.jpg","type":"image\/jpeg"}],"author":"Redacci\u00f3n Box Repsol","twitter_card":"summary_large_image","twitter_creator":"@https:\/\/twitter.com\/box_repsol","twitter_site":"@box_repsol","twitter_misc":{"Written by":"Redacci\u00f3n Box Repsol","Est. reading time":"2 minutos"},"schema":{"@context":"https:\/\/schema.org","@graph":[{"@type":"Article","@id":"https:\/\/www.boxrepsol.com\/es\/motogp\/marquez-termina-sexto-pesar-una-fuerte-caida-matinal\/#article","isPartOf":{"@id":"https:\/\/www.boxrepsol.com\/es\/motogp\/marquez-termina-sexto-pesar-una-fuerte-caida-matinal\/"},"author":{"name":"Redacci\u00f3n Box Repsol","@id":"https:\/\/www.boxrepsol.com\/es\/#\/schema\/person\/c5c2138f2cca251b0ad92b7086bb60b7"},"headline":"M\u00e1rquez termina sexto a pesar de una fuerte ca\u00edda matinal","datePublished":"2019-10-04T02:00:00+00:00","dateModified":"2024-04-25T09:55:46+00:00","mainEntityOfPage":{"@id":"https:\/\/www.boxrepsol.com\/es\/motogp\/marquez-termina-sexto-pesar-una-fuerte-caida-matinal\/"},"wordCount":399,"commentCount":0,"publisher":{"@id":"https:\/\/www.boxrepsol.com\/es\/#organization"},"image":{"@id":"https:\/\/www.boxrepsol.com\/es\/motogp\/marquez-termina-sexto-pesar-una-fuerte-caida-matinal\/#primaryimage"},"thumbnailUrl":"https:\/\/bxrepsol.s3.eu-west-1.amazonaws.com\/static\/2022\/08\/29090306\/00_gp_tailandia_marc_marquez_motogp_repsol_honda.jpg","keywords":["MotoGP Tailandia"],"articleSection":["MotoGP"],"inLanguage":"es","potentialAction":[{"@type":"CommentAction","name":"Comment","target":["https:\/\/www.boxrepsol.com\/es\/motogp\/marquez-termina-sexto-pesar-una-fuerte-caida-matinal\/#respond"]}]},{"@type":"WebPage","@id":"https:\/\/www.boxrepsol.com\/es\/motogp\/marquez-termina-sexto-pesar-una-fuerte-caida-matinal\/","url":"https:\/\/www.boxrepsol.com\/es\/motogp\/marquez-termina-sexto-pesar-una-fuerte-caida-matinal\/","name":"GP Tailandia 2019 - M\u00e1rquez termina sexto a pesar de una fuerte ca\u00edda matinal","isPartOf":{"@id":"https:\/\/www.boxrepsol.com\/es\/#website"},"primaryImageOfPage":{"@id":"https:\/\/www.boxrepsol.com\/es\/motogp\/marquez-termina-sexto-pesar-una-fuerte-caida-matinal\/#primaryimage"},"image":{"@id":"https:\/\/www.boxrepsol.com\/es\/motogp\/marquez-termina-sexto-pesar-una-fuerte-caida-matinal\/#primaryimage"},"thumbnailUrl":"https:\/\/bxrepsol.s3.eu-west-1.amazonaws.com\/static\/2022\/08\/29090306\/00_gp_tailandia_marc_marquez_motogp_repsol_honda.jpg","datePublished":"2019-10-04T02:00:00+00:00","dateModified":"2024-04-25T09:55:46+00:00","description":"El piloto del equipo Repsol Honda ha ca\u00eddo al final de la primera sesi\u00f3n libre y se ha visto obligado a pasar por el Hospital de Buriram.","breadcrumb":{"@id":"https:\/\/www.boxrepsol.com\/es\/motogp\/marquez-termina-sexto-pesar-una-fuerte-caida-matinal\/#breadcrumb"},"inLanguage":"es","potentialAction":[{"@type":"ReadAction","target":["https:\/\/www.boxrepsol.com\/es\/motogp\/marquez-termina-sexto-pesar-una-fuerte-caida-matinal\/"]}]},{"@type":"ImageObject","inLanguage":"es","@id":"https:\/\/www.boxrepsol.com\/es\/motogp\/marquez-termina-sexto-pesar-una-fuerte-caida-matinal\/#primaryimage","url":"https:\/\/bxrepsol.s3.eu-west-1.amazonaws.com\/static\/2022\/08\/29090306\/00_gp_tailandia_marc_marquez_motogp_repsol_honda.jpg","contentUrl":"https:\/\/bxrepsol.s3.eu-west-1.amazonaws.com\/static\/2022\/08\/29090306\/00_gp_tailandia_marc_marquez_motogp_repsol_honda.jpg","width":1280,"height":600,"caption":"Marc M\u00e1rquez rodando en Buriram"},{"@type":"BreadcrumbList","@id":"https:\/\/www.boxrepsol.com\/es\/motogp\/marquez-termina-sexto-pesar-una-fuerte-caida-matinal\/#breadcrumb","itemListElement":[{"@type":"ListItem","position":1,"name":"Home","item":"https:\/\/www.boxrepsol.com\/es\/"},{"@type":"ListItem","position":2,"name":"M\u00e1rquez termina sexto a pesar de una fuerte ca\u00edda matinal"}]},{"@type":"WebSite","@id":"https:\/\/www.boxrepsol.com\/es\/#website","url":"https:\/\/www.boxrepsol.com\/es\/","name":"Box Repsol","description":"Box Repsol Site","publisher":{"@id":"https:\/\/www.boxrepsol.com\/es\/#organization"},"potentialAction":[{"@type":"SearchAction","target":{"@type":"EntryPoint","urlTemplate":"https:\/\/www.boxrepsol.com\/es\/?s={search_term_string}"},"query-input":{"@type":"PropertyValueSpecification","valueRequired":true,"valueName":"search_term_string"}}],"inLanguage":"es"},{"@type":"Organization","@id":"https:\/\/www.boxrepsol.com\/es\/#organization","name":"Box Repsol","url":"https:\/\/www.boxrepsol.com\/es\/","logo":{"@type":"ImageObject","inLanguage":"es","@id":"https:\/\/www.boxrepsol.com\/es\/#\/schema\/logo\/image\/","url":"https:\/\/bxrepsol.s3.eu-west-1.amazonaws.com\/static\/2025\/07\/30083337\/favicon-96x96-1.png","contentUrl":"https:\/\/bxrepsol.s3.eu-west-1.amazonaws.com\/static\/2025\/07\/30083337\/favicon-96x96-1.png","width":96,"height":96,"caption":"Box Repsol"},"image":{"@id":"https:\/\/www.boxrepsol.com\/es\/#\/schema\/logo\/image\/"},"sameAs":["https:\/\/www.facebook.com\/BoxRepsol","https:\/\/x.com\/box_repsol","http:\/\/instagram.com\/box_repsol","https:\/\/www.youtube.com\/user\/RepsolCompeticion","https:\/\/www.flickr.com\/photos\/box_repsol\/"]},{"@type":"Person","@id":"https:\/\/www.boxrepsol.com\/es\/#\/schema\/person\/c5c2138f2cca251b0ad92b7086bb60b7","name":"Redacci\u00f3n Box Repsol","image":{"@type":"ImageObject","inLanguage":"es","@id":"https:\/\/secure.gravatar.com\/avatar\/adf7b77e38b4419baf32c7e9c21dde01f4e40df611f0978e3006fc4ba0aaab7e?s=96&d=mm&r=g","url":"https:\/\/secure.gravatar.com\/avatar\/adf7b77e38b4419baf32c7e9c21dde01f4e40df611f0978e3006fc4ba0aaab7e?s=96&d=mm&r=g","contentUrl":"https:\/\/secure.gravatar.com\/avatar\/adf7b77e38b4419baf32c7e9c21dde01f4e40df611f0978e3006fc4ba0aaab7e?s=96&d=mm&r=g","caption":"Redacci\u00f3n Box Repsol"},"description":"Box Repsol lo forma un equipo de periodistas, community managers, dise\u00f1adores y fot\u00f3grafos con m\u00e1s de 20 a\u00f1os de experiencia en el mundo del motorsport. Hemos vivido el primer mundial de un espa\u00f1ol en la categor\u00eda reina de motociclismo con \u00c1lex Crivill\u00e9, estuvimos en las victorias de Pedrosa y los t\u00edtulos de M\u00e1rquez, acompa\u00f1amos en \u00c1frica a Nani Roma y Marc Coma en sus conquistas del Dakar y hemos vibrado con los t\u00edtulos de Toni Bou en Trial. Adem\u00e1s, en nuestro equipo contamos con expertos en el mundo de las dos y cuatro ruedas tanto de la calle y las carreteras, como de los circuitos. Periodistas que han trabajado en revistas y publicaciones para hacerte llegar desde rutas y consejos de mantenimiento, a curiosidades y trucos de pilotaje.","sameAs":["https:\/\/www.facebook.com\/BoxRepsol\/","https:\/\/www.instagram.com\/box_repsol\/","https:\/\/x.com\/https:\/\/twitter.com\/box_repsol","https:\/\/www.youtube.com\/@Boxrepsol"],"url":"https:\/\/www.boxrepsol.com\/es\/author\/redaccion-box-repsol\/"}]}},"_links":{"self":[{"href":"https:\/\/www.boxrepsol.com\/es\/wp-json\/wp\/v2\/posts\/94155","targetHints":{"allow":["GET"]}}],"collection":[{"href":"https:\/\/www.boxrepsol.com\/es\/wp-json\/wp\/v2\/posts"}],"about":[{"href":"https:\/\/www.boxrepsol.com\/es\/wp-json\/wp\/v2\/types\/post"}],"author":[{"embeddable":true,"href":"https:\/\/www.boxrepsol.com\/es\/wp-json\/wp\/v2\/users\/43146"}],"replies":[{"embeddable":true,"href":"https:\/\/www.boxrepsol.com\/es\/wp-json\/wp\/v2\/comments?post=94155"}],"version-history":[{"count":2,"href":"https:\/\/www.boxrepsol.com\/es\/wp-json\/wp\/v2\/posts\/94155\/revisions"}],"predecessor-version":[{"id":105717,"href":"https:\/\/www.boxrepsol.com\/es\/wp-json\/wp\/v2\/posts\/94155\/revisions\/105717"}],"wp:featuredmedia":[{"embeddable":true,"href":"https:\/\/www.boxrepsol.com\/es\/wp-json\/wp\/v2\/media\/62695"}],"wp:attachment":[{"href":"https:\/\/www.boxrepsol.com\/es\/wp-json\/wp\/v2\/media?parent=94155"}],"wp:term":[{"taxonomy":"category","embeddable":true,"href":"https:\/\/www.boxrepsol.com\/es\/wp-json\/wp\/v2\/categories?post=94155"},{"taxonomy":"post_tag","embeddable":true,"href":"https:\/\/www.boxrepsol.com\/es\/wp-json\/wp\/v2\/tags?post=94155"}],"curies":[{"name":"wp","href":"https:\/\/api.w.org\/{rel}","templated":true}]}}