{"id":94148,"date":"2019-10-06T00:00:00","date_gmt":"2019-10-06T02:00:00","guid":{"rendered":"http:\/\/pre.boxrepsol.com\/sin-categorizar\/revive-la-temporada-2019-marc-marquez\/"},"modified":"2024-04-25T07:27:08","modified_gmt":"2024-04-25T09:27:08","slug":"revive-la-temporada-2019-marc-marquez","status":"publish","type":"post","link":"https:\/\/www.boxrepsol.com\/es\/motogp\/revive-la-temporada-2019-marc-marquez\/","title":{"rendered":"Revive la temporada 2019 de Marc M\u00e1rquez"},"content":{"rendered":"<p><strong>ArgentinaGP 2019:<\/strong> Las hormigas no solo pueden levantar varias veces su peso, algunas incluso vuelan\u2026 \u00a1Y vaya si despeg\u00f3 Marc M\u00e1rquez en el GP de Argentina! Una victoria incre\u00edble en Termas de R\u00edo Hondo, en la que el 93 lider\u00f3 todas las vueltas.<\/p>\n<p><a href=\"https:\/\/bxrepsol.s3.eu-west-1.amazonaws.com\/static\/2022\/08\/05065906\/01_01_Argentina.jpg\" \n   title=\"Marc M\u00e1rquez celebrando en el podio de Termas de R\u00edon Hondo\" \n   data-gallery-thumbnail=\"https:\/\/bxrepsol.s3.eu-west-1.amazonaws.com\/static\/2022\/08\/05065906\/01_01_Argentina.jpg\"\n   data-gallery-title=\"\"\n   data-gallery><\/p>\n<figure>\n<p>1<\/p>\n<picture style=\"padding-bottom: 66.666666666667%; background-image: url(https:\/\/bxrepsol.s3.eu-west-1.amazonaws.com\/static\/2022\/08\/05065906\/01_01_Argentina.jpg);\">\n            <img decoding=\"async\" src=\"https:\/\/bxrepsol.s3.eu-west-1.amazonaws.com\/static\/2022\/08\/05065906\/01_01_Argentina.jpg\"><br \/>\n            <img itemprop=\"image\"\n                data-srcset=\"https:\/\/bxrepsol.s3.eu-west-1.amazonaws.com\/static\/2022\/08\/05065906\/01_01_Argentina.jpg 480w, https:\/\/bxrepsol.s3.eu-west-1.amazonaws.com\/static\/2022\/08\/05065906\/01_01_Argentina.jpg 600w, https:\/\/bxrepsol.s3.eu-west-1.amazonaws.com\/static\/2022\/08\/05065906\/01_01_Argentina.jpg 900w\"\n                data-src=\"https:\/\/bxrepsol.s3.eu-west-1.amazonaws.com\/static\/2022\/08\/05065906\/01_01_Argentina.jpg\"\n                alt=\"Marc M\u00e1rquez celebrando en el podio de Termas de R\u00edon Hondo\"\n                title=\"Marc M\u00e1rquez celebrando la victoria en Argentina en 2019\"\/><br \/>\n            <noscript><img decoding=\"async\" src=\"https:\/\/bxrepsol.s3.eu-west-1.amazonaws.com\/static\/2022\/08\/05065906\/01_01_Argentina.jpg\" alt=\"Marc M\u00e1rquez celebrando en el podio de Termas de R\u00edon Hondo\"><\/noscript>\n        <\/picture><figcaption>Marc M\u00e1rquez celebrando en el podio de Termas de R\u00edon Hondo<\/figcaption><\/figure>\n<p><\/a><\/p>\n<p><strong>SpanishGP 2019:<\/strong> No hay nada como ganar en casa y m\u00e1s si se gana con tanta contundencia. De nuevo el de Cervera domin\u00f3 en el trazado de Jerez liderando todas las vueltas una vez m\u00e1s. Se comenzaba a vislumbrar una temporada espectacular para el de Repsol Honda.<\/p>\n<p><a href=\"https:\/\/bxrepsol.s3.eu-west-1.amazonaws.com\/static\/2022\/08\/05065907\/01_02_Jerez.jpg\" \n   title=\"Marc M\u00e1rquez agarrado a la valla celebra con sus fans\" \n   data-gallery-thumbnail=\"https:\/\/bxrepsol.s3.eu-west-1.amazonaws.com\/static\/2022\/08\/05065907\/01_02_Jerez.jpg\"\n   data-gallery-title=\"\"\n   data-gallery><\/p>\n<figure>\n<p>2<\/p>\n<picture style=\"padding-bottom: 66.696588868941%; background-image: url(https:\/\/bxrepsol.s3.eu-west-1.amazonaws.com\/static\/2022\/08\/05065907\/01_02_Jerez.jpg);\">\n            <img decoding=\"async\" src=\"https:\/\/bxrepsol.s3.eu-west-1.amazonaws.com\/static\/2022\/08\/05065907\/01_02_Jerez.jpg\"><br \/>\n            <img itemprop=\"image\"\n                data-srcset=\"https:\/\/bxrepsol.s3.eu-west-1.amazonaws.com\/static\/2022\/08\/05065907\/01_02_Jerez.jpg 480w, https:\/\/bxrepsol.s3.eu-west-1.amazonaws.com\/static\/2022\/08\/05065907\/01_02_Jerez.jpg 600w, https:\/\/bxrepsol.s3.eu-west-1.amazonaws.com\/static\/2022\/08\/05065907\/01_02_Jerez.jpg 900w\"\n                data-src=\"https:\/\/bxrepsol.s3.eu-west-1.amazonaws.com\/static\/2022\/08\/05065907\/01_02_Jerez.jpg\"\n                alt=\"Marc M\u00e1rquez agarrado a la valla celebra con sus fans\"\n                title=\"Marc M\u00e1rquez celebrando la victoria en el GP de Espa\u00f1a\"\/><br \/>\n            <noscript><img decoding=\"async\" src=\"https:\/\/bxrepsol.s3.eu-west-1.amazonaws.com\/static\/2022\/08\/05065907\/01_02_Jerez.jpg\" alt=\"Marc M\u00e1rquez agarrado a la valla celebra con sus fans\"><\/noscript>\n        <\/picture><figcaption>Marc M\u00e1rquez agarrado a la valla celebra con sus fans<\/figcaption><\/figure>\n<p><\/a><\/p>\n<p><strong>FrenchGP 2019:<\/strong> El GP de Francia suele suponer un reto para la Honda, y el desempe\u00f1o en este trazado da una idea del potencial de la RC213V durante la temporada. Para Marc, ganar en Le Mans no solo era importante por los puntos, \u00a1tambi\u00e9n le aseguraba que su moto estaba m\u00e1s que lista para ganar el t\u00edtulo!<\/p>\n<p><a href=\"https:\/\/bxrepsol.s3.eu-west-1.amazonaws.com\/static\/2022\/08\/05065908\/01_03_Francia.jpg\" \n   title=\"Marc M\u00e1rquez abrazado a su equipo\" \n   data-gallery-thumbnail=\"https:\/\/bxrepsol.s3.eu-west-1.amazonaws.com\/static\/2022\/08\/05065908\/01_03_Francia.jpg\"\n   data-gallery-title=\"\"\n   data-gallery><\/p>\n<figure>\n<p>3<\/p>\n<picture style=\"padding-bottom: 66.694352159468%; background-image: url(https:\/\/bxrepsol.s3.eu-west-1.amazonaws.com\/static\/2022\/08\/05065908\/01_03_Francia.jpg);\">\n            <img decoding=\"async\" src=\"https:\/\/bxrepsol.s3.eu-west-1.amazonaws.com\/static\/2022\/08\/05065908\/01_03_Francia.jpg\"><br \/>\n            <img itemprop=\"image\"\n                data-srcset=\"https:\/\/bxrepsol.s3.eu-west-1.amazonaws.com\/static\/2022\/08\/05065908\/01_03_Francia.jpg 480w, https:\/\/bxrepsol.s3.eu-west-1.amazonaws.com\/static\/2022\/08\/05065908\/01_03_Francia.jpg 600w, https:\/\/bxrepsol.s3.eu-west-1.amazonaws.com\/static\/2022\/08\/05065908\/01_03_Francia.jpg 900w\"\n                data-src=\"https:\/\/bxrepsol.s3.eu-west-1.amazonaws.com\/static\/2022\/08\/05065908\/01_03_Francia.jpg\"\n                alt=\"Marc M\u00e1rquez abrazado a su equipo\"\n                title=\"Marc M\u00e1rquez celbra la victoria en Le Mans con su equipo\"\/><br \/>\n            <noscript><img decoding=\"async\" src=\"https:\/\/bxrepsol.s3.eu-west-1.amazonaws.com\/static\/2022\/08\/05065908\/01_03_Francia.jpg\" alt=\"Marc M\u00e1rquez abrazado a su equipo\"><\/noscript>\n        <\/picture><figcaption>Marc M\u00e1rquez abrazado a su equipo<\/figcaption><\/figure>\n<p><\/a><\/p>\n<p><strong>CatalanGP 2019:<\/strong> Marc gan\u00f3 en el GP de Catalunya rodeado por la afici\u00f3n. El 93 sal\u00eda el segundo de la parrilla, pero logr\u00f3 ponerse en cabeza en la primera vuelta, marcando la vuelta r\u00e1pida en el 5\u00ba giro. Ganar una cita en casa siempre es especial y esta no fue una excepci\u00f3n.<\/p>\n<p><a href=\"https:\/\/bxrepsol.s3.eu-west-1.amazonaws.com\/static\/2022\/08\/05065909\/01_04Catalunya.jpg\" \n   title=\"Marc M\u00e1rquez en el podio con corona\" \n   data-gallery-thumbnail=\"https:\/\/bxrepsol.s3.eu-west-1.amazonaws.com\/static\/2022\/08\/05065909\/01_04Catalunya.jpg\"\n   data-gallery-title=\"\"\n   data-gallery><\/p>\n<figure>\n<p>4<\/p>\n<picture style=\"padding-bottom: 66.666666666667%; background-image: url(https:\/\/bxrepsol.s3.eu-west-1.amazonaws.com\/static\/2022\/08\/05065909\/01_04Catalunya.jpg);\">\n            <img decoding=\"async\" src=\"https:\/\/bxrepsol.s3.eu-west-1.amazonaws.com\/static\/2022\/08\/05065909\/01_04Catalunya.jpg\"><br \/>\n            <img itemprop=\"image\"\n                data-srcset=\"https:\/\/bxrepsol.s3.eu-west-1.amazonaws.com\/static\/2022\/08\/05065909\/01_04Catalunya.jpg 480w, https:\/\/bxrepsol.s3.eu-west-1.amazonaws.com\/static\/2022\/08\/05065909\/01_04Catalunya.jpg 600w, https:\/\/bxrepsol.s3.eu-west-1.amazonaws.com\/static\/2022\/08\/05065909\/01_04Catalunya.jpg 900w, https:\/\/bxrepsol.s3.eu-west-1.amazonaws.com\/static\/2022\/08\/05065909\/01_04Catalunya.jpg 1280w\"\n                data-src=\"https:\/\/bxrepsol.s3.eu-west-1.amazonaws.com\/static\/2022\/08\/05065909\/01_04Catalunya.jpg\"\n                alt=\"Marc M\u00e1rquez en el podio con corona\"\n                title=\"Marc M\u00e1rquez celebra la victoria en el GP de Catalunya\"\/><br \/>\n            <noscript><img decoding=\"async\" src=\"https:\/\/bxrepsol.s3.eu-west-1.amazonaws.com\/static\/2022\/08\/05065909\/01_04Catalunya.jpg\" alt=\"Marc M\u00e1rquez en el podio con corona\"><\/noscript>\n        <\/picture><figcaption>Marc M\u00e1rquez en el podio con corona<\/figcaption><\/figure>\n<p><\/a><\/p>\n<p><strong>GermanGP 2019:<\/strong> Sachsenring es uno de los circuitos fetiche de M\u00e1rquez, un circuito corto con muchas curvas de izquierdas parecido a una pista de karting. Este a\u00f1o el piloto Repsol Honda bat\u00eda su propio r\u00e9cord al conseguir la 10\u00aa de victoria consecutiva en el trazado alem\u00e1n. \u00a1Absolutamente legendario!<\/p>\n<p><a href=\"https:\/\/bxrepsol.s3.eu-west-1.amazonaws.com\/static\/2022\/08\/05065910\/01_05_Alemania.jpg\" \n   title=\"Marc celebra su 10\u00aa victoria en el GP de Alemania.\" \n   data-gallery-thumbnail=\"https:\/\/bxrepsol.s3.eu-west-1.amazonaws.com\/static\/2022\/08\/05065910\/01_05_Alemania.jpg\"\n   data-gallery-title=\"\"\n   data-gallery><\/p>\n<figure>\n<p>5<\/p>\n<picture style=\"padding-bottom: 66.666666666667%; background-image: url(https:\/\/bxrepsol.s3.eu-west-1.amazonaws.com\/static\/2022\/08\/05065910\/01_05_Alemania.jpg);\">\n            <img decoding=\"async\" src=\"https:\/\/bxrepsol.s3.eu-west-1.amazonaws.com\/static\/2022\/08\/05065910\/01_05_Alemania.jpg\"><br \/>\n            <img itemprop=\"image\"\n                data-srcset=\"https:\/\/bxrepsol.s3.eu-west-1.amazonaws.com\/static\/2022\/08\/05065910\/01_05_Alemania.jpg 480w, https:\/\/bxrepsol.s3.eu-west-1.amazonaws.com\/static\/2022\/08\/05065910\/01_05_Alemania.jpg 600w, https:\/\/bxrepsol.s3.eu-west-1.amazonaws.com\/static\/2022\/08\/05065910\/01_05_Alemania.jpg 900w\"\n                data-src=\"https:\/\/bxrepsol.s3.eu-west-1.amazonaws.com\/static\/2022\/08\/05065910\/01_05_Alemania.jpg\"\n                alt=\"Marc celebra su 10\u00aa victoria en el GP de Alemania.\"\n                title=\"Marc M\u00e1rquez en el Box celebrando su victoria en el GP de Alemania\"\/><br \/>\n            <noscript><img decoding=\"async\" src=\"https:\/\/bxrepsol.s3.eu-west-1.amazonaws.com\/static\/2022\/08\/05065910\/01_05_Alemania.jpg\" alt=\"Marc celebra su 10\u00aa victoria en el GP de Alemania.\"><\/noscript>\n        <\/picture><figcaption>Marc celebra su 10\u00aa victoria en el GP de Alemania.<\/figcaption><\/figure>\n<p><\/a><\/p>\n<p><strong>CzechGP 2019:<\/strong> Otra carrera completamente protagonizada por Marc, \u00a1y no es para menos! En una sesi\u00f3n clasificatoria muy disputada en el circuito holand\u00e9s, sobre asfalto mojado\u2026 \u00a1el piloto de Cervera tuvo la osad\u00eda de salir con neum\u00e1ticos de seco! Toda una muestra de habilidad y estrategia que nos dej\u00f3 con la boca abierta. Marc imparable en todas las condiciones.<\/p>\n<p><a href=\"https:\/\/bxrepsol.s3.eu-west-1.amazonaws.com\/static\/2022\/08\/05065911\/01_06_RepCheca.jpg\" \n   title=\"Marc M\u00e1rquez sacando la bander en Brno\" \n   data-gallery-thumbnail=\"https:\/\/bxrepsol.s3.eu-west-1.amazonaws.com\/static\/2022\/08\/05065911\/01_06_RepCheca.jpg\"\n   data-gallery-title=\"\"\n   data-gallery><\/p>\n<figure>\n<p>6<\/p>\n<picture style=\"padding-bottom: 66.666666666667%; background-image: url(https:\/\/bxrepsol.s3.eu-west-1.amazonaws.com\/static\/2022\/08\/05065911\/01_06_RepCheca.jpg);\">\n            <img decoding=\"async\" src=\"https:\/\/bxrepsol.s3.eu-west-1.amazonaws.com\/static\/2022\/08\/05065911\/01_06_RepCheca.jpg\"><br \/>\n            <img itemprop=\"image\"\n                data-srcset=\"https:\/\/bxrepsol.s3.eu-west-1.amazonaws.com\/static\/2022\/08\/05065911\/01_06_RepCheca.jpg 480w, https:\/\/bxrepsol.s3.eu-west-1.amazonaws.com\/static\/2022\/08\/05065911\/01_06_RepCheca.jpg 600w, https:\/\/bxrepsol.s3.eu-west-1.amazonaws.com\/static\/2022\/08\/05065911\/01_06_RepCheca.jpg 900w, https:\/\/bxrepsol.s3.eu-west-1.amazonaws.com\/static\/2022\/08\/05065911\/01_06_RepCheca.jpg 1280w\"\n                data-src=\"https:\/\/bxrepsol.s3.eu-west-1.amazonaws.com\/static\/2022\/08\/05065911\/01_06_RepCheca.jpg\"\n                alt=\"Marc M\u00e1rquez sacando la bander en Brno\"\n                title=\"Marc M\u00e1rquez en vuelta de triunfo tras ganar en Brno en 2019\"\/><br \/>\n            <noscript><img decoding=\"async\" src=\"https:\/\/bxrepsol.s3.eu-west-1.amazonaws.com\/static\/2022\/08\/05065911\/01_06_RepCheca.jpg\" alt=\"Marc M\u00e1rquez sacando la bander en Brno\"><\/noscript>\n        <\/picture><figcaption>Marc M\u00e1rquez sacando la bander en Brno<\/figcaption><\/figure>\n<p><\/a><\/p>\n<p><strong>SanMarinoGP 2019:<\/strong> Marc sabe ser paciente y todo un estratega llegado el momento, y bien que lo demostr\u00f3 en el GP de San Marino. El de Cervera se mantuvo 2\u00ba durante toda la carrera para finalmente adelantar a Fabio Quartararo en una \u00faltima vuelta emocionant\u00edsima.<\/p>\n<p><a href=\"https:\/\/bxrepsol.s3.eu-west-1.amazonaws.com\/static\/2022\/08\/05065912\/01_07_misano.jpg\" \n   title=\"Marc M\u00e1rquez celebra la ajustada victoria en San Marino 2019\" \n   data-gallery-thumbnail=\"https:\/\/bxrepsol.s3.eu-west-1.amazonaws.com\/static\/2022\/08\/05065912\/01_07_misano.jpg\"\n   data-gallery-title=\"\"\n   data-gallery><\/p>\n<figure>\n<p>7<\/p>\n<picture style=\"padding-bottom: 66.666666666667%; background-image: url(https:\/\/bxrepsol.s3.eu-west-1.amazonaws.com\/static\/2022\/08\/05065912\/01_07_misano.jpg);\">\n            <img decoding=\"async\" src=\"https:\/\/bxrepsol.s3.eu-west-1.amazonaws.com\/static\/2022\/08\/05065912\/01_07_misano.jpg\"><br \/>\n            <img itemprop=\"image\"\n                data-srcset=\"https:\/\/bxrepsol.s3.eu-west-1.amazonaws.com\/static\/2022\/08\/05065912\/01_07_misano.jpg 480w, https:\/\/bxrepsol.s3.eu-west-1.amazonaws.com\/static\/2022\/08\/05065912\/01_07_misano.jpg 600w, https:\/\/bxrepsol.s3.eu-west-1.amazonaws.com\/static\/2022\/08\/05065912\/01_07_misano.jpg 900w, https:\/\/bxrepsol.s3.eu-west-1.amazonaws.com\/static\/2022\/08\/05065912\/01_07_misano.jpg 1280w\"\n                data-src=\"https:\/\/bxrepsol.s3.eu-west-1.amazonaws.com\/static\/2022\/08\/05065912\/01_07_misano.jpg\"\n                alt=\"Marc M\u00e1rquez celebra la ajustada victoria en San Marino 2019\"\n                title=\"Marc M\u00e1rquez en el podio de San Marino tras su victoria en 2019\"\/><br \/>\n            <noscript><img decoding=\"async\" src=\"https:\/\/bxrepsol.s3.eu-west-1.amazonaws.com\/static\/2022\/08\/05065912\/01_07_misano.jpg\" alt=\"Marc M\u00e1rquez celebra la ajustada victoria en San Marino 2019\"><\/noscript>\n        <\/picture><figcaption>Marc M\u00e1rquez celebra la ajustada victoria en San Marino 2019<\/figcaption><\/figure>\n<p><\/a><\/p>\n<p><strong>AragonGP 2019:<\/strong> De vuelta a Arag\u00f3n, uno de los trazados m\u00e1s divertidos para el 93. Como no pod\u00eda ser menos Marc dej\u00f3 clara su superioridad en este Gran Premio, en el que sus fans pudieron deleitarse con una lecci\u00f3n magistral de su piloto favorito.<\/p>\n<p><a href=\"https:\/\/bxrepsol.s3.eu-west-1.amazonaws.com\/static\/2022\/08\/05065914\/01_08_aragon.jpg\" \n   title=\"Marc M\u00e1rquez de rodillas en el box\" \n   data-gallery-thumbnail=\"https:\/\/bxrepsol.s3.eu-west-1.amazonaws.com\/static\/2022\/08\/05065914\/01_08_aragon.jpg\"\n   data-gallery-title=\"\"\n   data-gallery><\/p>\n<figure>\n<p>8<\/p>\n<picture style=\"padding-bottom: 66.636197440585%; background-image: url(https:\/\/bxrepsol.s3.eu-west-1.amazonaws.com\/static\/2022\/08\/05065914\/01_08_aragon.jpg);\">\n            <img decoding=\"async\" src=\"https:\/\/bxrepsol.s3.eu-west-1.amazonaws.com\/static\/2022\/08\/05065914\/01_08_aragon.jpg\"><br \/>\n            <img itemprop=\"image\"\n                data-srcset=\"https:\/\/bxrepsol.s3.eu-west-1.amazonaws.com\/static\/2022\/08\/05065914\/01_08_aragon.jpg 480w, https:\/\/bxrepsol.s3.eu-west-1.amazonaws.com\/static\/2022\/08\/05065914\/01_08_aragon.jpg 600w, https:\/\/bxrepsol.s3.eu-west-1.amazonaws.com\/static\/2022\/08\/05065914\/01_08_aragon.jpg 900w\"\n                data-src=\"https:\/\/bxrepsol.s3.eu-west-1.amazonaws.com\/static\/2022\/08\/05065914\/01_08_aragon.jpg\"\n                alt=\"Marc M\u00e1rquez de rodillas en el box\"\n                title=\"Marc M\u00e1rquez celebra su victoria en el GP de Arag\u00f3n 2019\"\/><br \/>\n            <noscript><img decoding=\"async\" src=\"https:\/\/bxrepsol.s3.eu-west-1.amazonaws.com\/static\/2022\/08\/05065914\/01_08_aragon.jpg\" alt=\"Marc M\u00e1rquez de rodillas en el box\"><\/noscript>\n        <\/picture><figcaption>Marc M\u00e1rquez de rodillas en el box<\/figcaption><\/figure>\n<p><\/a><\/p>\n<p><strong>ThaiGP 2019:<\/strong> \u00a1Se acab\u00f3 el juego! Marc ha metido la bola #8ball, lo que se traduce en su 8\u00ba t\u00edtulo, el 6\u00ba de MotoGP. \u00a1un  \u00a1un hito al alcance de muy pocos, con tan solo 26 a\u00f1os! Al coronarse a 4 Grandes Premios para que termine la temporada, M\u00e1rquez ha demostrado un dominio absoluto en 2019.<\/p>\n<p><a href=\"https:\/\/bxrepsol.s3.eu-west-1.amazonaws.com\/static\/2022\/08\/05065915\/00_15.jpg\" \n   title=\"Galer\u00eda MM93 #8ball\" \n   data-gallery-thumbnail=\"https:\/\/bxrepsol.s3.eu-west-1.amazonaws.com\/static\/2022\/08\/05065915\/00_15.jpg\"\n   data-gallery-title=\"\"\n   data-gallery><\/p>\n<figure>\n<p>9<\/p>\n<picture style=\"padding-bottom: 66.666666666667%; background-image: url(https:\/\/bxrepsol.s3.eu-west-1.amazonaws.com\/static\/2022\/08\/05065915\/00_15.jpg);\">\n            <img decoding=\"async\" src=\"https:\/\/bxrepsol.s3.eu-west-1.amazonaws.com\/static\/2022\/08\/05065915\/00_15.jpg\"><br \/>\n            <img itemprop=\"image\"\n                data-srcset=\"https:\/\/bxrepsol.s3.eu-west-1.amazonaws.com\/static\/2022\/08\/05065915\/00_15.jpg 480w, https:\/\/bxrepsol.s3.eu-west-1.amazonaws.com\/static\/2022\/08\/05065915\/00_15.jpg 600w, https:\/\/bxrepsol.s3.eu-west-1.amazonaws.com\/static\/2022\/08\/05065915\/00_15.jpg 900w, https:\/\/bxrepsol.s3.eu-west-1.amazonaws.com\/static\/2022\/08\/05065915\/00_15.jpg 1280w\"\n                data-src=\"https:\/\/bxrepsol.s3.eu-west-1.amazonaws.com\/static\/2022\/08\/05065915\/00_15.jpg\"\n                alt=\"Galer\u00eda MM93 #8ball\"\n                title=\"Galer\u00eda MM93 #8ball\"\/><br \/>\n            <noscript><img decoding=\"async\" src=\"https:\/\/bxrepsol.s3.eu-west-1.amazonaws.com\/static\/2022\/08\/05065915\/00_15.jpg\" alt=\"Galer\u00eda MM93 #8ball\"><\/noscript>\n        <\/picture><figcaption>Galer\u00eda MM93 #8ball<\/figcaption><\/figure>\n<p><\/a><\/p>\n","protected":false},"excerpt":{"rendered":"<p>Victoria a victoria, el 93 ha marcado una de sus temporadas m\u00e1s exitosas. Repasa con nosotros las victorias de Marc M\u00e1rquez en 2019.<\/p>\n","protected":false},"author":43146,"featured_media":62608,"comment_status":"open","ping_status":"open","sticky":false,"template":"","format":"standard","meta":{"footnotes":""},"categories":[4],"tags":[6],"class_list":["post-94148","post","type-post","status-publish","format-standard","hentry","category-motogp","tag-marc-marquez"],"yoast_head":"<!-- This site is optimized with the Yoast SEO plugin v27.3 - https:\/\/yoast.com\/product\/yoast-seo-wordpress\/ -->\n<title>Galer\u00eda de im\u00e1genes #8ball - Revive la temporada 2019 de Marc M\u00e1rquez<\/title>\n<meta name=\"description\" content=\"Victoria a victoria, el 93 ha marcado una de sus temporadas m\u00e1s exitosas. Repasa con nosotros las victorias de Marc M\u00e1rquez en 2019.\" \/>\n<link rel=\"canonical\" href=\"https:\/\/www.boxrepsol.com\/es\/motogp\/revive-la-temporada-2019-marc-marquez\/\" \/>\n<meta property=\"og:locale\" content=\"es_ES\" \/>\n<meta property=\"og:type\" content=\"article\" \/>\n<meta property=\"og:title\" content=\"Galer\u00eda de im\u00e1genes #8ball - Revive la temporada 2019 de Marc M\u00e1rquez\" \/>\n<meta property=\"og:description\" content=\"Victoria a victoria, el 93 ha marcado una de sus temporadas m\u00e1s exitosas. Repasa con nosotros las victorias de Marc M\u00e1rquez en 2019.\" \/>\n<meta property=\"og:url\" content=\"https:\/\/www.boxrepsol.com\/es\/motogp\/revive-la-temporada-2019-marc-marquez\/\" \/>\n<meta property=\"og:site_name\" content=\"Box Repsol\" \/>\n<meta property=\"article:publisher\" content=\"https:\/\/www.facebook.com\/BoxRepsol\" \/>\n<meta property=\"article:author\" content=\"https:\/\/www.facebook.com\/BoxRepsol\/\" \/>\n<meta property=\"article:published_time\" content=\"2019-10-06T02:00:00+00:00\" \/>\n<meta property=\"article:modified_time\" content=\"2024-04-25T09:27:08+00:00\" \/>\n<meta property=\"og:image\" content=\"https:\/\/bxrepsol.s3.eu-west-1.amazonaws.com\/static\/2022\/08\/29090208\/00_marc_marquez_8ball_motogp_repsol_honda.jpg\" \/>\n\t<meta property=\"og:image:width\" content=\"1280\" \/>\n\t<meta property=\"og:image:height\" content=\"600\" \/>\n\t<meta property=\"og:image:type\" content=\"image\/jpeg\" \/>\n<meta name=\"author\" content=\"Redacci\u00f3n Box Repsol\" \/>\n<meta name=\"twitter:card\" content=\"summary_large_image\" \/>\n<meta name=\"twitter:creator\" content=\"@https:\/\/twitter.com\/box_repsol\" \/>\n<meta name=\"twitter:site\" content=\"@box_repsol\" \/>\n<meta name=\"twitter:label1\" content=\"Written by\" \/>\n\t<meta name=\"twitter:data1\" content=\"Redacci\u00f3n Box Repsol\" \/>\n\t<meta name=\"twitter:label2\" content=\"Est. reading time\" \/>\n\t<meta name=\"twitter:data2\" content=\"3 minutos\" \/>\n<script type=\"application\/ld+json\" class=\"yoast-schema-graph\">{\"@context\":\"https:\\\/\\\/schema.org\",\"@graph\":[{\"@type\":\"Article\",\"@id\":\"https:\\\/\\\/www.boxrepsol.com\\\/es\\\/motogp\\\/revive-la-temporada-2019-marc-marquez\\\/#article\",\"isPartOf\":{\"@id\":\"https:\\\/\\\/www.boxrepsol.com\\\/es\\\/motogp\\\/revive-la-temporada-2019-marc-marquez\\\/\"},\"author\":{\"name\":\"Redacci\u00f3n Box Repsol\",\"@id\":\"https:\\\/\\\/www.boxrepsol.com\\\/es\\\/#\\\/schema\\\/person\\\/c5c2138f2cca251b0ad92b7086bb60b7\"},\"headline\":\"Revive la temporada 2019 de Marc M\u00e1rquez\",\"datePublished\":\"2019-10-06T02:00:00+00:00\",\"dateModified\":\"2024-04-25T09:27:08+00:00\",\"mainEntityOfPage\":{\"@id\":\"https:\\\/\\\/www.boxrepsol.com\\\/es\\\/motogp\\\/revive-la-temporada-2019-marc-marquez\\\/\"},\"wordCount\":547,\"commentCount\":0,\"publisher\":{\"@id\":\"https:\\\/\\\/www.boxrepsol.com\\\/es\\\/#organization\"},\"image\":{\"@id\":\"https:\\\/\\\/www.boxrepsol.com\\\/es\\\/motogp\\\/revive-la-temporada-2019-marc-marquez\\\/#primaryimage\"},\"thumbnailUrl\":\"https:\\\/\\\/bxrepsol.s3.eu-west-1.amazonaws.com\\\/static\\\/2022\\\/08\\\/29090208\\\/00_marc_marquez_8ball_motogp_repsol_honda.jpg\",\"keywords\":[\"Marc M\u00e1rquez\"],\"articleSection\":[\"MotoGP\"],\"inLanguage\":\"es\",\"potentialAction\":[{\"@type\":\"CommentAction\",\"name\":\"Comment\",\"target\":[\"https:\\\/\\\/www.boxrepsol.com\\\/es\\\/motogp\\\/revive-la-temporada-2019-marc-marquez\\\/#respond\"]}]},{\"@type\":\"WebPage\",\"@id\":\"https:\\\/\\\/www.boxrepsol.com\\\/es\\\/motogp\\\/revive-la-temporada-2019-marc-marquez\\\/\",\"url\":\"https:\\\/\\\/www.boxrepsol.com\\\/es\\\/motogp\\\/revive-la-temporada-2019-marc-marquez\\\/\",\"name\":\"Galer\u00eda de im\u00e1genes #8ball - Revive la temporada 2019 de Marc M\u00e1rquez\",\"isPartOf\":{\"@id\":\"https:\\\/\\\/www.boxrepsol.com\\\/es\\\/#website\"},\"primaryImageOfPage\":{\"@id\":\"https:\\\/\\\/www.boxrepsol.com\\\/es\\\/motogp\\\/revive-la-temporada-2019-marc-marquez\\\/#primaryimage\"},\"image\":{\"@id\":\"https:\\\/\\\/www.boxrepsol.com\\\/es\\\/motogp\\\/revive-la-temporada-2019-marc-marquez\\\/#primaryimage\"},\"thumbnailUrl\":\"https:\\\/\\\/bxrepsol.s3.eu-west-1.amazonaws.com\\\/static\\\/2022\\\/08\\\/29090208\\\/00_marc_marquez_8ball_motogp_repsol_honda.jpg\",\"datePublished\":\"2019-10-06T02:00:00+00:00\",\"dateModified\":\"2024-04-25T09:27:08+00:00\",\"description\":\"Victoria a victoria, el 93 ha marcado una de sus temporadas m\u00e1s exitosas. Repasa con nosotros las victorias de Marc M\u00e1rquez en 2019.\",\"breadcrumb\":{\"@id\":\"https:\\\/\\\/www.boxrepsol.com\\\/es\\\/motogp\\\/revive-la-temporada-2019-marc-marquez\\\/#breadcrumb\"},\"inLanguage\":\"es\",\"potentialAction\":[{\"@type\":\"ReadAction\",\"target\":[\"https:\\\/\\\/www.boxrepsol.com\\\/es\\\/motogp\\\/revive-la-temporada-2019-marc-marquez\\\/\"]}]},{\"@type\":\"ImageObject\",\"inLanguage\":\"es\",\"@id\":\"https:\\\/\\\/www.boxrepsol.com\\\/es\\\/motogp\\\/revive-la-temporada-2019-marc-marquez\\\/#primaryimage\",\"url\":\"https:\\\/\\\/bxrepsol.s3.eu-west-1.amazonaws.com\\\/static\\\/2022\\\/08\\\/29090208\\\/00_marc_marquez_8ball_motogp_repsol_honda.jpg\",\"contentUrl\":\"https:\\\/\\\/bxrepsol.s3.eu-west-1.amazonaws.com\\\/static\\\/2022\\\/08\\\/29090208\\\/00_marc_marquez_8ball_motogp_repsol_honda.jpg\",\"width\":1280,\"height\":600,\"caption\":\"Victorias de Marc M\u00e1rquez en 2019 #8ball\"},{\"@type\":\"BreadcrumbList\",\"@id\":\"https:\\\/\\\/www.boxrepsol.com\\\/es\\\/motogp\\\/revive-la-temporada-2019-marc-marquez\\\/#breadcrumb\",\"itemListElement\":[{\"@type\":\"ListItem\",\"position\":1,\"name\":\"Home\",\"item\":\"https:\\\/\\\/www.boxrepsol.com\\\/es\\\/\"},{\"@type\":\"ListItem\",\"position\":2,\"name\":\"Revive la temporada 2019 de Marc M\u00e1rquez\"}]},{\"@type\":\"WebSite\",\"@id\":\"https:\\\/\\\/www.boxrepsol.com\\\/es\\\/#website\",\"url\":\"https:\\\/\\\/www.boxrepsol.com\\\/es\\\/\",\"name\":\"Box Repsol\",\"description\":\"Box Repsol Site\",\"publisher\":{\"@id\":\"https:\\\/\\\/www.boxrepsol.com\\\/es\\\/#organization\"},\"potentialAction\":[{\"@type\":\"SearchAction\",\"target\":{\"@type\":\"EntryPoint\",\"urlTemplate\":\"https:\\\/\\\/www.boxrepsol.com\\\/es\\\/?s={search_term_string}\"},\"query-input\":{\"@type\":\"PropertyValueSpecification\",\"valueRequired\":true,\"valueName\":\"search_term_string\"}}],\"inLanguage\":\"es\"},{\"@type\":\"Organization\",\"@id\":\"https:\\\/\\\/www.boxrepsol.com\\\/es\\\/#organization\",\"name\":\"Box Repsol\",\"url\":\"https:\\\/\\\/www.boxrepsol.com\\\/es\\\/\",\"logo\":{\"@type\":\"ImageObject\",\"inLanguage\":\"es\",\"@id\":\"https:\\\/\\\/www.boxrepsol.com\\\/es\\\/#\\\/schema\\\/logo\\\/image\\\/\",\"url\":\"https:\\\/\\\/bxrepsol.s3.eu-west-1.amazonaws.com\\\/static\\\/2025\\\/07\\\/30083337\\\/favicon-96x96-1.png\",\"contentUrl\":\"https:\\\/\\\/bxrepsol.s3.eu-west-1.amazonaws.com\\\/static\\\/2025\\\/07\\\/30083337\\\/favicon-96x96-1.png\",\"width\":96,\"height\":96,\"caption\":\"Box Repsol\"},\"image\":{\"@id\":\"https:\\\/\\\/www.boxrepsol.com\\\/es\\\/#\\\/schema\\\/logo\\\/image\\\/\"},\"sameAs\":[\"https:\\\/\\\/www.facebook.com\\\/BoxRepsol\",\"https:\\\/\\\/x.com\\\/box_repsol\",\"http:\\\/\\\/instagram.com\\\/box_repsol\",\"https:\\\/\\\/www.youtube.com\\\/user\\\/RepsolCompeticion\",\"https:\\\/\\\/www.flickr.com\\\/photos\\\/box_repsol\\\/\"]},{\"@type\":\"Person\",\"@id\":\"https:\\\/\\\/www.boxrepsol.com\\\/es\\\/#\\\/schema\\\/person\\\/c5c2138f2cca251b0ad92b7086bb60b7\",\"name\":\"Redacci\u00f3n Box Repsol\",\"image\":{\"@type\":\"ImageObject\",\"inLanguage\":\"es\",\"@id\":\"https:\\\/\\\/secure.gravatar.com\\\/avatar\\\/adf7b77e38b4419baf32c7e9c21dde01f4e40df611f0978e3006fc4ba0aaab7e?s=96&d=mm&r=g\",\"url\":\"https:\\\/\\\/secure.gravatar.com\\\/avatar\\\/adf7b77e38b4419baf32c7e9c21dde01f4e40df611f0978e3006fc4ba0aaab7e?s=96&d=mm&r=g\",\"contentUrl\":\"https:\\\/\\\/secure.gravatar.com\\\/avatar\\\/adf7b77e38b4419baf32c7e9c21dde01f4e40df611f0978e3006fc4ba0aaab7e?s=96&d=mm&r=g\",\"caption\":\"Redacci\u00f3n Box Repsol\"},\"description\":\"Box Repsol lo forma un equipo de periodistas, community managers, dise\u00f1adores y fot\u00f3grafos con m\u00e1s de 20 a\u00f1os de experiencia en el mundo del motorsport. Hemos vivido el primer mundial de un espa\u00f1ol en la categor\u00eda reina de motociclismo con \u00c1lex Crivill\u00e9, estuvimos en las victorias de Pedrosa y los t\u00edtulos de M\u00e1rquez, acompa\u00f1amos en \u00c1frica a Nani Roma y Marc Coma en sus conquistas del Dakar y hemos vibrado con los t\u00edtulos de Toni Bou en Trial. Adem\u00e1s, en nuestro equipo contamos con expertos en el mundo de las dos y cuatro ruedas tanto de la calle y las carreteras, como de los circuitos. Periodistas que han trabajado en revistas y publicaciones para hacerte llegar desde rutas y consejos de mantenimiento, a curiosidades y trucos de pilotaje.\",\"sameAs\":[\"https:\\\/\\\/www.facebook.com\\\/BoxRepsol\\\/\",\"https:\\\/\\\/www.instagram.com\\\/box_repsol\\\/\",\"https:\\\/\\\/x.com\\\/https:\\\/\\\/twitter.com\\\/box_repsol\",\"https:\\\/\\\/www.youtube.com\\\/@Boxrepsol\"],\"url\":\"https:\\\/\\\/www.boxrepsol.com\\\/es\\\/author\\\/redaccion-box-repsol\\\/\"}]}<\/script>\n<!-- \/ Yoast SEO plugin. -->","yoast_head_json":{"title":"Galer\u00eda de im\u00e1genes #8ball - Revive la temporada 2019 de Marc M\u00e1rquez","description":"Victoria a victoria, el 93 ha marcado una de sus temporadas m\u00e1s exitosas. Repasa con nosotros las victorias de Marc M\u00e1rquez en 2019.","canonical":"https:\/\/www.boxrepsol.com\/es\/motogp\/revive-la-temporada-2019-marc-marquez\/","og_locale":"es_ES","og_type":"article","og_title":"Galer\u00eda de im\u00e1genes #8ball - Revive la temporada 2019 de Marc M\u00e1rquez","og_description":"Victoria a victoria, el 93 ha marcado una de sus temporadas m\u00e1s exitosas. Repasa con nosotros las victorias de Marc M\u00e1rquez en 2019.","og_url":"https:\/\/www.boxrepsol.com\/es\/motogp\/revive-la-temporada-2019-marc-marquez\/","og_site_name":"Box Repsol","article_publisher":"https:\/\/www.facebook.com\/BoxRepsol","article_author":"https:\/\/www.facebook.com\/BoxRepsol\/","article_published_time":"2019-10-06T02:00:00+00:00","article_modified_time":"2024-04-25T09:27:08+00:00","og_image":[{"width":1280,"height":600,"url":"https:\/\/bxrepsol.s3.eu-west-1.amazonaws.com\/static\/2022\/08\/29090208\/00_marc_marquez_8ball_motogp_repsol_honda.jpg","type":"image\/jpeg"}],"author":"Redacci\u00f3n Box Repsol","twitter_card":"summary_large_image","twitter_creator":"@https:\/\/twitter.com\/box_repsol","twitter_site":"@box_repsol","twitter_misc":{"Written by":"Redacci\u00f3n Box Repsol","Est. reading time":"3 minutos"},"schema":{"@context":"https:\/\/schema.org","@graph":[{"@type":"Article","@id":"https:\/\/www.boxrepsol.com\/es\/motogp\/revive-la-temporada-2019-marc-marquez\/#article","isPartOf":{"@id":"https:\/\/www.boxrepsol.com\/es\/motogp\/revive-la-temporada-2019-marc-marquez\/"},"author":{"name":"Redacci\u00f3n Box Repsol","@id":"https:\/\/www.boxrepsol.com\/es\/#\/schema\/person\/c5c2138f2cca251b0ad92b7086bb60b7"},"headline":"Revive la temporada 2019 de Marc M\u00e1rquez","datePublished":"2019-10-06T02:00:00+00:00","dateModified":"2024-04-25T09:27:08+00:00","mainEntityOfPage":{"@id":"https:\/\/www.boxrepsol.com\/es\/motogp\/revive-la-temporada-2019-marc-marquez\/"},"wordCount":547,"commentCount":0,"publisher":{"@id":"https:\/\/www.boxrepsol.com\/es\/#organization"},"image":{"@id":"https:\/\/www.boxrepsol.com\/es\/motogp\/revive-la-temporada-2019-marc-marquez\/#primaryimage"},"thumbnailUrl":"https:\/\/bxrepsol.s3.eu-west-1.amazonaws.com\/static\/2022\/08\/29090208\/00_marc_marquez_8ball_motogp_repsol_honda.jpg","keywords":["Marc M\u00e1rquez"],"articleSection":["MotoGP"],"inLanguage":"es","potentialAction":[{"@type":"CommentAction","name":"Comment","target":["https:\/\/www.boxrepsol.com\/es\/motogp\/revive-la-temporada-2019-marc-marquez\/#respond"]}]},{"@type":"WebPage","@id":"https:\/\/www.boxrepsol.com\/es\/motogp\/revive-la-temporada-2019-marc-marquez\/","url":"https:\/\/www.boxrepsol.com\/es\/motogp\/revive-la-temporada-2019-marc-marquez\/","name":"Galer\u00eda de im\u00e1genes #8ball - Revive la temporada 2019 de Marc M\u00e1rquez","isPartOf":{"@id":"https:\/\/www.boxrepsol.com\/es\/#website"},"primaryImageOfPage":{"@id":"https:\/\/www.boxrepsol.com\/es\/motogp\/revive-la-temporada-2019-marc-marquez\/#primaryimage"},"image":{"@id":"https:\/\/www.boxrepsol.com\/es\/motogp\/revive-la-temporada-2019-marc-marquez\/#primaryimage"},"thumbnailUrl":"https:\/\/bxrepsol.s3.eu-west-1.amazonaws.com\/static\/2022\/08\/29090208\/00_marc_marquez_8ball_motogp_repsol_honda.jpg","datePublished":"2019-10-06T02:00:00+00:00","dateModified":"2024-04-25T09:27:08+00:00","description":"Victoria a victoria, el 93 ha marcado una de sus temporadas m\u00e1s exitosas. Repasa con nosotros las victorias de Marc M\u00e1rquez en 2019.","breadcrumb":{"@id":"https:\/\/www.boxrepsol.com\/es\/motogp\/revive-la-temporada-2019-marc-marquez\/#breadcrumb"},"inLanguage":"es","potentialAction":[{"@type":"ReadAction","target":["https:\/\/www.boxrepsol.com\/es\/motogp\/revive-la-temporada-2019-marc-marquez\/"]}]},{"@type":"ImageObject","inLanguage":"es","@id":"https:\/\/www.boxrepsol.com\/es\/motogp\/revive-la-temporada-2019-marc-marquez\/#primaryimage","url":"https:\/\/bxrepsol.s3.eu-west-1.amazonaws.com\/static\/2022\/08\/29090208\/00_marc_marquez_8ball_motogp_repsol_honda.jpg","contentUrl":"https:\/\/bxrepsol.s3.eu-west-1.amazonaws.com\/static\/2022\/08\/29090208\/00_marc_marquez_8ball_motogp_repsol_honda.jpg","width":1280,"height":600,"caption":"Victorias de Marc M\u00e1rquez en 2019 #8ball"},{"@type":"BreadcrumbList","@id":"https:\/\/www.boxrepsol.com\/es\/motogp\/revive-la-temporada-2019-marc-marquez\/#breadcrumb","itemListElement":[{"@type":"ListItem","position":1,"name":"Home","item":"https:\/\/www.boxrepsol.com\/es\/"},{"@type":"ListItem","position":2,"name":"Revive la temporada 2019 de Marc M\u00e1rquez"}]},{"@type":"WebSite","@id":"https:\/\/www.boxrepsol.com\/es\/#website","url":"https:\/\/www.boxrepsol.com\/es\/","name":"Box Repsol","description":"Box Repsol Site","publisher":{"@id":"https:\/\/www.boxrepsol.com\/es\/#organization"},"potentialAction":[{"@type":"SearchAction","target":{"@type":"EntryPoint","urlTemplate":"https:\/\/www.boxrepsol.com\/es\/?s={search_term_string}"},"query-input":{"@type":"PropertyValueSpecification","valueRequired":true,"valueName":"search_term_string"}}],"inLanguage":"es"},{"@type":"Organization","@id":"https:\/\/www.boxrepsol.com\/es\/#organization","name":"Box Repsol","url":"https:\/\/www.boxrepsol.com\/es\/","logo":{"@type":"ImageObject","inLanguage":"es","@id":"https:\/\/www.boxrepsol.com\/es\/#\/schema\/logo\/image\/","url":"https:\/\/bxrepsol.s3.eu-west-1.amazonaws.com\/static\/2025\/07\/30083337\/favicon-96x96-1.png","contentUrl":"https:\/\/bxrepsol.s3.eu-west-1.amazonaws.com\/static\/2025\/07\/30083337\/favicon-96x96-1.png","width":96,"height":96,"caption":"Box Repsol"},"image":{"@id":"https:\/\/www.boxrepsol.com\/es\/#\/schema\/logo\/image\/"},"sameAs":["https:\/\/www.facebook.com\/BoxRepsol","https:\/\/x.com\/box_repsol","http:\/\/instagram.com\/box_repsol","https:\/\/www.youtube.com\/user\/RepsolCompeticion","https:\/\/www.flickr.com\/photos\/box_repsol\/"]},{"@type":"Person","@id":"https:\/\/www.boxrepsol.com\/es\/#\/schema\/person\/c5c2138f2cca251b0ad92b7086bb60b7","name":"Redacci\u00f3n Box Repsol","image":{"@type":"ImageObject","inLanguage":"es","@id":"https:\/\/secure.gravatar.com\/avatar\/adf7b77e38b4419baf32c7e9c21dde01f4e40df611f0978e3006fc4ba0aaab7e?s=96&d=mm&r=g","url":"https:\/\/secure.gravatar.com\/avatar\/adf7b77e38b4419baf32c7e9c21dde01f4e40df611f0978e3006fc4ba0aaab7e?s=96&d=mm&r=g","contentUrl":"https:\/\/secure.gravatar.com\/avatar\/adf7b77e38b4419baf32c7e9c21dde01f4e40df611f0978e3006fc4ba0aaab7e?s=96&d=mm&r=g","caption":"Redacci\u00f3n Box Repsol"},"description":"Box Repsol lo forma un equipo de periodistas, community managers, dise\u00f1adores y fot\u00f3grafos con m\u00e1s de 20 a\u00f1os de experiencia en el mundo del motorsport. Hemos vivido el primer mundial de un espa\u00f1ol en la categor\u00eda reina de motociclismo con \u00c1lex Crivill\u00e9, estuvimos en las victorias de Pedrosa y los t\u00edtulos de M\u00e1rquez, acompa\u00f1amos en \u00c1frica a Nani Roma y Marc Coma en sus conquistas del Dakar y hemos vibrado con los t\u00edtulos de Toni Bou en Trial. Adem\u00e1s, en nuestro equipo contamos con expertos en el mundo de las dos y cuatro ruedas tanto de la calle y las carreteras, como de los circuitos. Periodistas que han trabajado en revistas y publicaciones para hacerte llegar desde rutas y consejos de mantenimiento, a curiosidades y trucos de pilotaje.","sameAs":["https:\/\/www.facebook.com\/BoxRepsol\/","https:\/\/www.instagram.com\/box_repsol\/","https:\/\/x.com\/https:\/\/twitter.com\/box_repsol","https:\/\/www.youtube.com\/@Boxrepsol"],"url":"https:\/\/www.boxrepsol.com\/es\/author\/redaccion-box-repsol\/"}]}},"_links":{"self":[{"href":"https:\/\/www.boxrepsol.com\/es\/wp-json\/wp\/v2\/posts\/94148","targetHints":{"allow":["GET"]}}],"collection":[{"href":"https:\/\/www.boxrepsol.com\/es\/wp-json\/wp\/v2\/posts"}],"about":[{"href":"https:\/\/www.boxrepsol.com\/es\/wp-json\/wp\/v2\/types\/post"}],"author":[{"embeddable":true,"href":"https:\/\/www.boxrepsol.com\/es\/wp-json\/wp\/v2\/users\/43146"}],"replies":[{"embeddable":true,"href":"https:\/\/www.boxrepsol.com\/es\/wp-json\/wp\/v2\/comments?post=94148"}],"version-history":[{"count":1,"href":"https:\/\/www.boxrepsol.com\/es\/wp-json\/wp\/v2\/posts\/94148\/revisions"}],"predecessor-version":[{"id":94149,"href":"https:\/\/www.boxrepsol.com\/es\/wp-json\/wp\/v2\/posts\/94148\/revisions\/94149"}],"wp:featuredmedia":[{"embeddable":true,"href":"https:\/\/www.boxrepsol.com\/es\/wp-json\/wp\/v2\/media\/62608"}],"wp:attachment":[{"href":"https:\/\/www.boxrepsol.com\/es\/wp-json\/wp\/v2\/media?parent=94148"}],"wp:term":[{"taxonomy":"category","embeddable":true,"href":"https:\/\/www.boxrepsol.com\/es\/wp-json\/wp\/v2\/categories?post=94148"},{"taxonomy":"post_tag","embeddable":true,"href":"https:\/\/www.boxrepsol.com\/es\/wp-json\/wp\/v2\/tags?post=94148"}],"curies":[{"name":"wp","href":"https:\/\/api.w.org\/{rel}","templated":true}]}}