{"id":94146,"date":"2019-10-01T00:00:00","date_gmt":"2019-10-01T02:00:00","guid":{"rendered":"http:\/\/pre.boxrepsol.com\/sin-categorizar\/isidre-esteve-reaparecera-marruecos-estrenar-nuevo-proyecto-dakariano\/"},"modified":"2024-04-25T07:56:27","modified_gmt":"2024-04-25T09:56:27","slug":"isidre-esteve-reaparecera-marruecos-estrenar-nuevo-proyecto-dakariano","status":"publish","type":"post","link":"https:\/\/www.boxrepsol.com\/es\/rally\/isidre-esteve-reaparecera-marruecos-estrenar-nuevo-proyecto-dakariano\/","title":{"rendered":"Isidre Esteve reaparecer\u00e1 en Marruecos para estrenar su nuevo proyecto dakariano"},"content":{"rendered":"<p>El Repsol Rally Team inicia su particular cuenta atr\u00e1s para el Dakar 2020. Lo har\u00e1 en el <strong>Rally de Marruecos<\/strong>, a disputar entre el <strong>4 y el 9 de octubre<\/strong>. La cita representar\u00e1 una magn\u00edfica ocasi\u00f3n para Isidre Esteve de probar las \u00faltimas novedades introducidas en su prototipo BV6 de Sodicars Racing con el que hace un a\u00f1o hizo historia al terminar en el top 10 de esta prueba puntuable para la Copa del Mundo de Rallys Cross-Country.<\/p>\n<p>Isidre Esteve y su copiloto Txema Villalobos han viajado con tiempo a Marruecos para realizar un test previo y poner su veh\u00edculo a punto antes de afrontar su primera competici\u00f3n desde que finaliz\u00f3 el pasado Dakar de Per\u00fa. <strong>Tras la primera toma de contacto, el de Oliana se muestra optimista al constatar la progresi\u00f3n experimentada <\/strong>por su todoterreno con los mandos adaptados en el volante por Guidosimplex.<\/p>\n<p>\u201c<em>El cambio m\u00e1s llamativo es que <strong>hemos ganado altura para equipararnos con rivales como Mini o Toyota <\/strong>y poder superar as\u00ed los terrenos m\u00e1s dif\u00edciles sin tocar los bajos. El prototipo tiene la misma configuraci\u00f3n de la versi\u00f3n anterior, pero la mec\u00e1nica es totalmente nueva y, aunque va muy bien, falta probarla en condiciones reales de carrera. Tambi\u00e9n nos ayudar\u00e1 a conocer mejor el nuevo neum\u00e1tico BFGoodrich All-Terrain T\/A KDR2+ que llevaremos al Dakar y saber qu\u00e9 modelo montar seg\u00fan las condiciones de cada etapa\u201d,<\/em> desvela el ilerdense que, en su nueva aventura, seguir\u00e1 contando con el apoyo de Repsol.<\/p>\n<p><a href=\"https:\/\/bxrepsol.s3.eu-west-1.amazonaws.com\/static\/2022\/08\/05065901\/sodicarbv6_repsol_rally_team_isidre_esteve.jpg\" \n   title=\"Coche del Repsol Rally team rodando\" \n   data-gallery-thumbnail=\"https:\/\/bxrepsol.s3.eu-west-1.amazonaws.com\/static\/2022\/08\/05065901\/sodicarbv6_repsol_rally_team_isidre_esteve.jpg\"\n   data-gallery-title=\"\"\n   data-gallery><\/p>\n<figure>\n        <picture style=\"padding-bottom: 66.603951081844%; background-image: url(https:\/\/bxrepsol.s3.eu-west-1.amazonaws.com\/static\/2022\/08\/05065901\/sodicarbv6_repsol_rally_team_isidre_esteve.jpg);\">\n            <img decoding=\"async\" src=\"https:\/\/bxrepsol.s3.eu-west-1.amazonaws.com\/static\/2022\/08\/05065901\/sodicarbv6_repsol_rally_team_isidre_esteve.jpg\"><br \/>\n            <img itemprop=\"image\"\n                data-srcset=\"https:\/\/bxrepsol.s3.eu-west-1.amazonaws.com\/static\/2022\/08\/05065901\/sodicarbv6_repsol_rally_team_isidre_esteve.jpg 480w, https:\/\/bxrepsol.s3.eu-west-1.amazonaws.com\/static\/2022\/08\/05065901\/sodicarbv6_repsol_rally_team_isidre_esteve.jpg 600w, https:\/\/bxrepsol.s3.eu-west-1.amazonaws.com\/static\/2022\/08\/05065901\/sodicarbv6_repsol_rally_team_isidre_esteve.jpg 900w\"\n                data-src=\"https:\/\/bxrepsol.s3.eu-west-1.amazonaws.com\/static\/2022\/08\/05065901\/sodicarbv6_repsol_rally_team_isidre_esteve.jpg\"\n                alt=\"Coche del Repsol Rally team rodando\"\n                title=\"Sodicar Bv6 de Isidre Esteve en acci\u00f3n\"\/><br \/>\n            <noscript><img decoding=\"async\" src=\"https:\/\/bxrepsol.s3.eu-west-1.amazonaws.com\/static\/2022\/08\/05065901\/sodicarbv6_repsol_rally_team_isidre_esteve.jpg\" alt=\"Coche del Repsol Rally team rodando\"><\/noscript>\n        <\/picture><figcaption>Coche del Repsol Rally team rodando<\/figcaption><\/figure>\n<p><\/a><\/p>\n<p>La organizaci\u00f3n del Rally de Marruecos ha preparado <strong>un escenario muy similar al que los dakarianos se encontrar\u00e1n en Arabia Saud\u00ed el pr\u00f3ximo mes de enero<\/strong>.<em> \u201cLa din\u00e1mica de trabajo durante todo el rally ser\u00e1 exacta a la del Dakar, en cuanto a terreno, reglamento, sistema de roadbook etc. Adem\u00e1s, entraremos en situaci\u00f3n de carrera y podremos medirnos a nuestros rivales para saber cu\u00e1l es nuestro nivel real. Por todo eso, en el equipo consideramos que era imprescindible disputar una prueba tan extraordinaria como la de Marruecos que este a\u00f1o puede considerarse como un mini Dakar\u201d<\/em>, explica Isidre Esteve.<\/p>\n<p>El piloto del Repsol Rally Team guarda un magn\u00edfico recuerdo de su \u00faltima participaci\u00f3n en la cita marroqu\u00ed, al firmar <strong>su mejor resultado mundialista desde que compite en coches: 9<\/strong>\u00ba absoluto, segundo de su categor\u00eda T1.2 (todoterreno 4&#215;4 di\u00e9sel modificado) y mejor espa\u00f1ol en coches. <em>\u201cFue muy emotivo, pero cada rally es distinto y las circunstancias seguro que var\u00edan mucho este a\u00f1o. Todo el mundo ha mejorado y la competencia ser\u00e1 mayor, por lo que me conformo con coger el ritmo de carrera, acumular kil\u00f3metros y acabar satisfecho cada etapa. El resultado final, ya se ver\u00e1\u201d,<\/em> comenta.<\/p>\n<p>La prueba marroqu\u00ed comenzar\u00e1 el viernes 4 de octubre con una pr\u00f3logo para motos y quads, aunque<strong> los coches no entrar\u00e1n en acci\u00f3n hasta el s\u00e1bado 5<\/strong>. A Isidre Esteve y a su copiloto Txema Villalobos les aguardar\u00e1n cerca de 2.500 kil\u00f3metros repartidos en cinco duras etapas, por los alrededores de Fes y Erfoud.<\/p>\n","protected":false},"excerpt":{"rendered":"<p>El piloto del Repsol Rally Team regresa a un rally en el que el a\u00f1o pasado fue el primer espa\u00f1ol en coches y logr\u00f3 su mejor resultado mundialista: noveno absoluto y segundo de T1.2.<\/p>\n","protected":false},"author":43146,"featured_media":62602,"comment_status":"open","ping_status":"open","sticky":false,"template":"","format":"standard","meta":{"footnotes":""},"categories":[27],"tags":[183],"class_list":["post-94146","post","type-post","status-publish","format-standard","hentry","category-rally","tag-repsol-rally-team"],"yoast_head":"<!-- This site is optimized with the Yoast SEO plugin v27.3 - https:\/\/yoast.com\/product\/yoast-seo-wordpress\/ -->\n<title>Isidre Esteve reaparecer\u00e1 en Marruecos para estrenar su nuevo proyecto dakariano - Box Repsol<\/title>\n<meta name=\"description\" content=\"El piloto del Repsol Rally Team regresa a un rally en el que el a\u00f1o pasado fue el primer espa\u00f1ol en coches y logr\u00f3 su mejor resultado mundialista.\" \/>\n<link rel=\"canonical\" href=\"https:\/\/www.boxrepsol.com\/es\/rally\/isidre-esteve-reaparecera-marruecos-estrenar-nuevo-proyecto-dakariano\/\" \/>\n<meta property=\"og:locale\" content=\"es_ES\" \/>\n<meta property=\"og:type\" content=\"article\" \/>\n<meta property=\"og:title\" content=\"Isidre Esteve reaparecer\u00e1 en Marruecos para estrenar su nuevo proyecto dakariano - Box Repsol\" \/>\n<meta property=\"og:description\" content=\"El piloto del Repsol Rally Team regresa a un rally en el que el a\u00f1o pasado fue el primer espa\u00f1ol en coches y logr\u00f3 su mejor resultado mundialista.\" \/>\n<meta property=\"og:url\" content=\"https:\/\/www.boxrepsol.com\/es\/rally\/isidre-esteve-reaparecera-marruecos-estrenar-nuevo-proyecto-dakariano\/\" \/>\n<meta property=\"og:site_name\" content=\"Box Repsol\" \/>\n<meta property=\"article:publisher\" content=\"https:\/\/www.facebook.com\/BoxRepsol\" \/>\n<meta property=\"article:author\" content=\"https:\/\/www.facebook.com\/BoxRepsol\/\" \/>\n<meta property=\"article:published_time\" content=\"2019-10-01T02:00:00+00:00\" \/>\n<meta property=\"article:modified_time\" content=\"2024-04-25T09:56:27+00:00\" \/>\n<meta property=\"og:image\" content=\"https:\/\/bxrepsol.s3.eu-west-1.amazonaws.com\/static\/2022\/08\/29090202\/00_isidre_esteve_txema_villalobos_rally_du_maroc_2019.jpg\" \/>\n\t<meta property=\"og:image:width\" content=\"1280\" \/>\n\t<meta property=\"og:image:height\" content=\"600\" \/>\n\t<meta property=\"og:image:type\" content=\"image\/jpeg\" \/>\n<meta name=\"author\" content=\"Redacci\u00f3n Box Repsol\" \/>\n<meta name=\"twitter:card\" content=\"summary_large_image\" \/>\n<meta name=\"twitter:creator\" content=\"@https:\/\/twitter.com\/box_repsol\" \/>\n<meta name=\"twitter:site\" content=\"@box_repsol\" \/>\n<meta name=\"twitter:label1\" content=\"Written by\" \/>\n\t<meta name=\"twitter:data1\" content=\"Redacci\u00f3n Box Repsol\" \/>\n\t<meta name=\"twitter:label2\" content=\"Est. reading time\" \/>\n\t<meta name=\"twitter:data2\" content=\"3 minutos\" \/>\n<script type=\"application\/ld+json\" class=\"yoast-schema-graph\">{\"@context\":\"https:\\\/\\\/schema.org\",\"@graph\":[{\"@type\":\"Article\",\"@id\":\"https:\\\/\\\/www.boxrepsol.com\\\/es\\\/rally\\\/isidre-esteve-reaparecera-marruecos-estrenar-nuevo-proyecto-dakariano\\\/#article\",\"isPartOf\":{\"@id\":\"https:\\\/\\\/www.boxrepsol.com\\\/es\\\/rally\\\/isidre-esteve-reaparecera-marruecos-estrenar-nuevo-proyecto-dakariano\\\/\"},\"author\":{\"name\":\"Redacci\u00f3n Box Repsol\",\"@id\":\"https:\\\/\\\/www.boxrepsol.com\\\/es\\\/#\\\/schema\\\/person\\\/c5c2138f2cca251b0ad92b7086bb60b7\"},\"headline\":\"Isidre Esteve reaparecer\u00e1 en Marruecos para estrenar su nuevo proyecto dakariano\",\"datePublished\":\"2019-10-01T02:00:00+00:00\",\"dateModified\":\"2024-04-25T09:56:27+00:00\",\"mainEntityOfPage\":{\"@id\":\"https:\\\/\\\/www.boxrepsol.com\\\/es\\\/rally\\\/isidre-esteve-reaparecera-marruecos-estrenar-nuevo-proyecto-dakariano\\\/\"},\"wordCount\":543,\"commentCount\":0,\"publisher\":{\"@id\":\"https:\\\/\\\/www.boxrepsol.com\\\/es\\\/#organization\"},\"image\":{\"@id\":\"https:\\\/\\\/www.boxrepsol.com\\\/es\\\/rally\\\/isidre-esteve-reaparecera-marruecos-estrenar-nuevo-proyecto-dakariano\\\/#primaryimage\"},\"thumbnailUrl\":\"https:\\\/\\\/bxrepsol.s3.eu-west-1.amazonaws.com\\\/static\\\/2022\\\/08\\\/29090202\\\/00_isidre_esteve_txema_villalobos_rally_du_maroc_2019.jpg\",\"keywords\":[\"Repsol Rally Team\"],\"articleSection\":[\"Rally\"],\"inLanguage\":\"es\",\"potentialAction\":[{\"@type\":\"CommentAction\",\"name\":\"Comment\",\"target\":[\"https:\\\/\\\/www.boxrepsol.com\\\/es\\\/rally\\\/isidre-esteve-reaparecera-marruecos-estrenar-nuevo-proyecto-dakariano\\\/#respond\"]}]},{\"@type\":\"WebPage\",\"@id\":\"https:\\\/\\\/www.boxrepsol.com\\\/es\\\/rally\\\/isidre-esteve-reaparecera-marruecos-estrenar-nuevo-proyecto-dakariano\\\/\",\"url\":\"https:\\\/\\\/www.boxrepsol.com\\\/es\\\/rally\\\/isidre-esteve-reaparecera-marruecos-estrenar-nuevo-proyecto-dakariano\\\/\",\"name\":\"Isidre Esteve reaparecer\u00e1 en Marruecos para estrenar su nuevo proyecto dakariano - Box Repsol\",\"isPartOf\":{\"@id\":\"https:\\\/\\\/www.boxrepsol.com\\\/es\\\/#website\"},\"primaryImageOfPage\":{\"@id\":\"https:\\\/\\\/www.boxrepsol.com\\\/es\\\/rally\\\/isidre-esteve-reaparecera-marruecos-estrenar-nuevo-proyecto-dakariano\\\/#primaryimage\"},\"image\":{\"@id\":\"https:\\\/\\\/www.boxrepsol.com\\\/es\\\/rally\\\/isidre-esteve-reaparecera-marruecos-estrenar-nuevo-proyecto-dakariano\\\/#primaryimage\"},\"thumbnailUrl\":\"https:\\\/\\\/bxrepsol.s3.eu-west-1.amazonaws.com\\\/static\\\/2022\\\/08\\\/29090202\\\/00_isidre_esteve_txema_villalobos_rally_du_maroc_2019.jpg\",\"datePublished\":\"2019-10-01T02:00:00+00:00\",\"dateModified\":\"2024-04-25T09:56:27+00:00\",\"description\":\"El piloto del Repsol Rally Team regresa a un rally en el que el a\u00f1o pasado fue el primer espa\u00f1ol en coches y logr\u00f3 su mejor resultado mundialista.\",\"breadcrumb\":{\"@id\":\"https:\\\/\\\/www.boxrepsol.com\\\/es\\\/rally\\\/isidre-esteve-reaparecera-marruecos-estrenar-nuevo-proyecto-dakariano\\\/#breadcrumb\"},\"inLanguage\":\"es\",\"potentialAction\":[{\"@type\":\"ReadAction\",\"target\":[\"https:\\\/\\\/www.boxrepsol.com\\\/es\\\/rally\\\/isidre-esteve-reaparecera-marruecos-estrenar-nuevo-proyecto-dakariano\\\/\"]}]},{\"@type\":\"ImageObject\",\"inLanguage\":\"es\",\"@id\":\"https:\\\/\\\/www.boxrepsol.com\\\/es\\\/rally\\\/isidre-esteve-reaparecera-marruecos-estrenar-nuevo-proyecto-dakariano\\\/#primaryimage\",\"url\":\"https:\\\/\\\/bxrepsol.s3.eu-west-1.amazonaws.com\\\/static\\\/2022\\\/08\\\/29090202\\\/00_isidre_esteve_txema_villalobos_rally_du_maroc_2019.jpg\",\"contentUrl\":\"https:\\\/\\\/bxrepsol.s3.eu-west-1.amazonaws.com\\\/static\\\/2022\\\/08\\\/29090202\\\/00_isidre_esteve_txema_villalobos_rally_du_maroc_2019.jpg\",\"width\":1280,\"height\":600,\"caption\":\"Isidre Esteve frente a su coche\"},{\"@type\":\"BreadcrumbList\",\"@id\":\"https:\\\/\\\/www.boxrepsol.com\\\/es\\\/rally\\\/isidre-esteve-reaparecera-marruecos-estrenar-nuevo-proyecto-dakariano\\\/#breadcrumb\",\"itemListElement\":[{\"@type\":\"ListItem\",\"position\":1,\"name\":\"Home\",\"item\":\"https:\\\/\\\/www.boxrepsol.com\\\/es\\\/\"},{\"@type\":\"ListItem\",\"position\":2,\"name\":\"Isidre Esteve reaparecer\u00e1 en Marruecos para estrenar su nuevo proyecto dakariano\"}]},{\"@type\":\"WebSite\",\"@id\":\"https:\\\/\\\/www.boxrepsol.com\\\/es\\\/#website\",\"url\":\"https:\\\/\\\/www.boxrepsol.com\\\/es\\\/\",\"name\":\"Box Repsol\",\"description\":\"Box Repsol Site\",\"publisher\":{\"@id\":\"https:\\\/\\\/www.boxrepsol.com\\\/es\\\/#organization\"},\"potentialAction\":[{\"@type\":\"SearchAction\",\"target\":{\"@type\":\"EntryPoint\",\"urlTemplate\":\"https:\\\/\\\/www.boxrepsol.com\\\/es\\\/?s={search_term_string}\"},\"query-input\":{\"@type\":\"PropertyValueSpecification\",\"valueRequired\":true,\"valueName\":\"search_term_string\"}}],\"inLanguage\":\"es\"},{\"@type\":\"Organization\",\"@id\":\"https:\\\/\\\/www.boxrepsol.com\\\/es\\\/#organization\",\"name\":\"Box Repsol\",\"url\":\"https:\\\/\\\/www.boxrepsol.com\\\/es\\\/\",\"logo\":{\"@type\":\"ImageObject\",\"inLanguage\":\"es\",\"@id\":\"https:\\\/\\\/www.boxrepsol.com\\\/es\\\/#\\\/schema\\\/logo\\\/image\\\/\",\"url\":\"https:\\\/\\\/bxrepsol.s3.eu-west-1.amazonaws.com\\\/static\\\/2025\\\/07\\\/30083337\\\/favicon-96x96-1.png\",\"contentUrl\":\"https:\\\/\\\/bxrepsol.s3.eu-west-1.amazonaws.com\\\/static\\\/2025\\\/07\\\/30083337\\\/favicon-96x96-1.png\",\"width\":96,\"height\":96,\"caption\":\"Box Repsol\"},\"image\":{\"@id\":\"https:\\\/\\\/www.boxrepsol.com\\\/es\\\/#\\\/schema\\\/logo\\\/image\\\/\"},\"sameAs\":[\"https:\\\/\\\/www.facebook.com\\\/BoxRepsol\",\"https:\\\/\\\/x.com\\\/box_repsol\",\"http:\\\/\\\/instagram.com\\\/box_repsol\",\"https:\\\/\\\/www.youtube.com\\\/user\\\/RepsolCompeticion\",\"https:\\\/\\\/www.flickr.com\\\/photos\\\/box_repsol\\\/\"]},{\"@type\":\"Person\",\"@id\":\"https:\\\/\\\/www.boxrepsol.com\\\/es\\\/#\\\/schema\\\/person\\\/c5c2138f2cca251b0ad92b7086bb60b7\",\"name\":\"Redacci\u00f3n Box Repsol\",\"image\":{\"@type\":\"ImageObject\",\"inLanguage\":\"es\",\"@id\":\"https:\\\/\\\/secure.gravatar.com\\\/avatar\\\/adf7b77e38b4419baf32c7e9c21dde01f4e40df611f0978e3006fc4ba0aaab7e?s=96&d=mm&r=g\",\"url\":\"https:\\\/\\\/secure.gravatar.com\\\/avatar\\\/adf7b77e38b4419baf32c7e9c21dde01f4e40df611f0978e3006fc4ba0aaab7e?s=96&d=mm&r=g\",\"contentUrl\":\"https:\\\/\\\/secure.gravatar.com\\\/avatar\\\/adf7b77e38b4419baf32c7e9c21dde01f4e40df611f0978e3006fc4ba0aaab7e?s=96&d=mm&r=g\",\"caption\":\"Redacci\u00f3n Box Repsol\"},\"description\":\"Box Repsol lo forma un equipo de periodistas, community managers, dise\u00f1adores y fot\u00f3grafos con m\u00e1s de 20 a\u00f1os de experiencia en el mundo del motorsport. Hemos vivido el primer mundial de un espa\u00f1ol en la categor\u00eda reina de motociclismo con \u00c1lex Crivill\u00e9, estuvimos en las victorias de Pedrosa y los t\u00edtulos de M\u00e1rquez, acompa\u00f1amos en \u00c1frica a Nani Roma y Marc Coma en sus conquistas del Dakar y hemos vibrado con los t\u00edtulos de Toni Bou en Trial. Adem\u00e1s, en nuestro equipo contamos con expertos en el mundo de las dos y cuatro ruedas tanto de la calle y las carreteras, como de los circuitos. Periodistas que han trabajado en revistas y publicaciones para hacerte llegar desde rutas y consejos de mantenimiento, a curiosidades y trucos de pilotaje.\",\"sameAs\":[\"https:\\\/\\\/www.facebook.com\\\/BoxRepsol\\\/\",\"https:\\\/\\\/www.instagram.com\\\/box_repsol\\\/\",\"https:\\\/\\\/x.com\\\/https:\\\/\\\/twitter.com\\\/box_repsol\",\"https:\\\/\\\/www.youtube.com\\\/@Boxrepsol\"],\"url\":\"https:\\\/\\\/www.boxrepsol.com\\\/es\\\/author\\\/redaccion-box-repsol\\\/\"}]}<\/script>\n<!-- \/ Yoast SEO plugin. -->","yoast_head_json":{"title":"Isidre Esteve reaparecer\u00e1 en Marruecos para estrenar su nuevo proyecto dakariano - Box Repsol","description":"El piloto del Repsol Rally Team regresa a un rally en el que el a\u00f1o pasado fue el primer espa\u00f1ol en coches y logr\u00f3 su mejor resultado mundialista.","canonical":"https:\/\/www.boxrepsol.com\/es\/rally\/isidre-esteve-reaparecera-marruecos-estrenar-nuevo-proyecto-dakariano\/","og_locale":"es_ES","og_type":"article","og_title":"Isidre Esteve reaparecer\u00e1 en Marruecos para estrenar su nuevo proyecto dakariano - Box Repsol","og_description":"El piloto del Repsol Rally Team regresa a un rally en el que el a\u00f1o pasado fue el primer espa\u00f1ol en coches y logr\u00f3 su mejor resultado mundialista.","og_url":"https:\/\/www.boxrepsol.com\/es\/rally\/isidre-esteve-reaparecera-marruecos-estrenar-nuevo-proyecto-dakariano\/","og_site_name":"Box Repsol","article_publisher":"https:\/\/www.facebook.com\/BoxRepsol","article_author":"https:\/\/www.facebook.com\/BoxRepsol\/","article_published_time":"2019-10-01T02:00:00+00:00","article_modified_time":"2024-04-25T09:56:27+00:00","og_image":[{"width":1280,"height":600,"url":"https:\/\/bxrepsol.s3.eu-west-1.amazonaws.com\/static\/2022\/08\/29090202\/00_isidre_esteve_txema_villalobos_rally_du_maroc_2019.jpg","type":"image\/jpeg"}],"author":"Redacci\u00f3n Box Repsol","twitter_card":"summary_large_image","twitter_creator":"@https:\/\/twitter.com\/box_repsol","twitter_site":"@box_repsol","twitter_misc":{"Written by":"Redacci\u00f3n Box Repsol","Est. reading time":"3 minutos"},"schema":{"@context":"https:\/\/schema.org","@graph":[{"@type":"Article","@id":"https:\/\/www.boxrepsol.com\/es\/rally\/isidre-esteve-reaparecera-marruecos-estrenar-nuevo-proyecto-dakariano\/#article","isPartOf":{"@id":"https:\/\/www.boxrepsol.com\/es\/rally\/isidre-esteve-reaparecera-marruecos-estrenar-nuevo-proyecto-dakariano\/"},"author":{"name":"Redacci\u00f3n Box Repsol","@id":"https:\/\/www.boxrepsol.com\/es\/#\/schema\/person\/c5c2138f2cca251b0ad92b7086bb60b7"},"headline":"Isidre Esteve reaparecer\u00e1 en Marruecos para estrenar su nuevo proyecto dakariano","datePublished":"2019-10-01T02:00:00+00:00","dateModified":"2024-04-25T09:56:27+00:00","mainEntityOfPage":{"@id":"https:\/\/www.boxrepsol.com\/es\/rally\/isidre-esteve-reaparecera-marruecos-estrenar-nuevo-proyecto-dakariano\/"},"wordCount":543,"commentCount":0,"publisher":{"@id":"https:\/\/www.boxrepsol.com\/es\/#organization"},"image":{"@id":"https:\/\/www.boxrepsol.com\/es\/rally\/isidre-esteve-reaparecera-marruecos-estrenar-nuevo-proyecto-dakariano\/#primaryimage"},"thumbnailUrl":"https:\/\/bxrepsol.s3.eu-west-1.amazonaws.com\/static\/2022\/08\/29090202\/00_isidre_esteve_txema_villalobos_rally_du_maroc_2019.jpg","keywords":["Repsol Rally Team"],"articleSection":["Rally"],"inLanguage":"es","potentialAction":[{"@type":"CommentAction","name":"Comment","target":["https:\/\/www.boxrepsol.com\/es\/rally\/isidre-esteve-reaparecera-marruecos-estrenar-nuevo-proyecto-dakariano\/#respond"]}]},{"@type":"WebPage","@id":"https:\/\/www.boxrepsol.com\/es\/rally\/isidre-esteve-reaparecera-marruecos-estrenar-nuevo-proyecto-dakariano\/","url":"https:\/\/www.boxrepsol.com\/es\/rally\/isidre-esteve-reaparecera-marruecos-estrenar-nuevo-proyecto-dakariano\/","name":"Isidre Esteve reaparecer\u00e1 en Marruecos para estrenar su nuevo proyecto dakariano - Box Repsol","isPartOf":{"@id":"https:\/\/www.boxrepsol.com\/es\/#website"},"primaryImageOfPage":{"@id":"https:\/\/www.boxrepsol.com\/es\/rally\/isidre-esteve-reaparecera-marruecos-estrenar-nuevo-proyecto-dakariano\/#primaryimage"},"image":{"@id":"https:\/\/www.boxrepsol.com\/es\/rally\/isidre-esteve-reaparecera-marruecos-estrenar-nuevo-proyecto-dakariano\/#primaryimage"},"thumbnailUrl":"https:\/\/bxrepsol.s3.eu-west-1.amazonaws.com\/static\/2022\/08\/29090202\/00_isidre_esteve_txema_villalobos_rally_du_maroc_2019.jpg","datePublished":"2019-10-01T02:00:00+00:00","dateModified":"2024-04-25T09:56:27+00:00","description":"El piloto del Repsol Rally Team regresa a un rally en el que el a\u00f1o pasado fue el primer espa\u00f1ol en coches y logr\u00f3 su mejor resultado mundialista.","breadcrumb":{"@id":"https:\/\/www.boxrepsol.com\/es\/rally\/isidre-esteve-reaparecera-marruecos-estrenar-nuevo-proyecto-dakariano\/#breadcrumb"},"inLanguage":"es","potentialAction":[{"@type":"ReadAction","target":["https:\/\/www.boxrepsol.com\/es\/rally\/isidre-esteve-reaparecera-marruecos-estrenar-nuevo-proyecto-dakariano\/"]}]},{"@type":"ImageObject","inLanguage":"es","@id":"https:\/\/www.boxrepsol.com\/es\/rally\/isidre-esteve-reaparecera-marruecos-estrenar-nuevo-proyecto-dakariano\/#primaryimage","url":"https:\/\/bxrepsol.s3.eu-west-1.amazonaws.com\/static\/2022\/08\/29090202\/00_isidre_esteve_txema_villalobos_rally_du_maroc_2019.jpg","contentUrl":"https:\/\/bxrepsol.s3.eu-west-1.amazonaws.com\/static\/2022\/08\/29090202\/00_isidre_esteve_txema_villalobos_rally_du_maroc_2019.jpg","width":1280,"height":600,"caption":"Isidre Esteve frente a su coche"},{"@type":"BreadcrumbList","@id":"https:\/\/www.boxrepsol.com\/es\/rally\/isidre-esteve-reaparecera-marruecos-estrenar-nuevo-proyecto-dakariano\/#breadcrumb","itemListElement":[{"@type":"ListItem","position":1,"name":"Home","item":"https:\/\/www.boxrepsol.com\/es\/"},{"@type":"ListItem","position":2,"name":"Isidre Esteve reaparecer\u00e1 en Marruecos para estrenar su nuevo proyecto dakariano"}]},{"@type":"WebSite","@id":"https:\/\/www.boxrepsol.com\/es\/#website","url":"https:\/\/www.boxrepsol.com\/es\/","name":"Box Repsol","description":"Box Repsol Site","publisher":{"@id":"https:\/\/www.boxrepsol.com\/es\/#organization"},"potentialAction":[{"@type":"SearchAction","target":{"@type":"EntryPoint","urlTemplate":"https:\/\/www.boxrepsol.com\/es\/?s={search_term_string}"},"query-input":{"@type":"PropertyValueSpecification","valueRequired":true,"valueName":"search_term_string"}}],"inLanguage":"es"},{"@type":"Organization","@id":"https:\/\/www.boxrepsol.com\/es\/#organization","name":"Box Repsol","url":"https:\/\/www.boxrepsol.com\/es\/","logo":{"@type":"ImageObject","inLanguage":"es","@id":"https:\/\/www.boxrepsol.com\/es\/#\/schema\/logo\/image\/","url":"https:\/\/bxrepsol.s3.eu-west-1.amazonaws.com\/static\/2025\/07\/30083337\/favicon-96x96-1.png","contentUrl":"https:\/\/bxrepsol.s3.eu-west-1.amazonaws.com\/static\/2025\/07\/30083337\/favicon-96x96-1.png","width":96,"height":96,"caption":"Box Repsol"},"image":{"@id":"https:\/\/www.boxrepsol.com\/es\/#\/schema\/logo\/image\/"},"sameAs":["https:\/\/www.facebook.com\/BoxRepsol","https:\/\/x.com\/box_repsol","http:\/\/instagram.com\/box_repsol","https:\/\/www.youtube.com\/user\/RepsolCompeticion","https:\/\/www.flickr.com\/photos\/box_repsol\/"]},{"@type":"Person","@id":"https:\/\/www.boxrepsol.com\/es\/#\/schema\/person\/c5c2138f2cca251b0ad92b7086bb60b7","name":"Redacci\u00f3n Box Repsol","image":{"@type":"ImageObject","inLanguage":"es","@id":"https:\/\/secure.gravatar.com\/avatar\/adf7b77e38b4419baf32c7e9c21dde01f4e40df611f0978e3006fc4ba0aaab7e?s=96&d=mm&r=g","url":"https:\/\/secure.gravatar.com\/avatar\/adf7b77e38b4419baf32c7e9c21dde01f4e40df611f0978e3006fc4ba0aaab7e?s=96&d=mm&r=g","contentUrl":"https:\/\/secure.gravatar.com\/avatar\/adf7b77e38b4419baf32c7e9c21dde01f4e40df611f0978e3006fc4ba0aaab7e?s=96&d=mm&r=g","caption":"Redacci\u00f3n Box Repsol"},"description":"Box Repsol lo forma un equipo de periodistas, community managers, dise\u00f1adores y fot\u00f3grafos con m\u00e1s de 20 a\u00f1os de experiencia en el mundo del motorsport. Hemos vivido el primer mundial de un espa\u00f1ol en la categor\u00eda reina de motociclismo con \u00c1lex Crivill\u00e9, estuvimos en las victorias de Pedrosa y los t\u00edtulos de M\u00e1rquez, acompa\u00f1amos en \u00c1frica a Nani Roma y Marc Coma en sus conquistas del Dakar y hemos vibrado con los t\u00edtulos de Toni Bou en Trial. Adem\u00e1s, en nuestro equipo contamos con expertos en el mundo de las dos y cuatro ruedas tanto de la calle y las carreteras, como de los circuitos. Periodistas que han trabajado en revistas y publicaciones para hacerte llegar desde rutas y consejos de mantenimiento, a curiosidades y trucos de pilotaje.","sameAs":["https:\/\/www.facebook.com\/BoxRepsol\/","https:\/\/www.instagram.com\/box_repsol\/","https:\/\/x.com\/https:\/\/twitter.com\/box_repsol","https:\/\/www.youtube.com\/@Boxrepsol"],"url":"https:\/\/www.boxrepsol.com\/es\/author\/redaccion-box-repsol\/"}]}},"_links":{"self":[{"href":"https:\/\/www.boxrepsol.com\/es\/wp-json\/wp\/v2\/posts\/94146","targetHints":{"allow":["GET"]}}],"collection":[{"href":"https:\/\/www.boxrepsol.com\/es\/wp-json\/wp\/v2\/posts"}],"about":[{"href":"https:\/\/www.boxrepsol.com\/es\/wp-json\/wp\/v2\/types\/post"}],"author":[{"embeddable":true,"href":"https:\/\/www.boxrepsol.com\/es\/wp-json\/wp\/v2\/users\/43146"}],"replies":[{"embeddable":true,"href":"https:\/\/www.boxrepsol.com\/es\/wp-json\/wp\/v2\/comments?post=94146"}],"version-history":[{"count":1,"href":"https:\/\/www.boxrepsol.com\/es\/wp-json\/wp\/v2\/posts\/94146\/revisions"}],"predecessor-version":[{"id":94147,"href":"https:\/\/www.boxrepsol.com\/es\/wp-json\/wp\/v2\/posts\/94146\/revisions\/94147"}],"wp:featuredmedia":[{"embeddable":true,"href":"https:\/\/www.boxrepsol.com\/es\/wp-json\/wp\/v2\/media\/62602"}],"wp:attachment":[{"href":"https:\/\/www.boxrepsol.com\/es\/wp-json\/wp\/v2\/media?parent=94146"}],"wp:term":[{"taxonomy":"category","embeddable":true,"href":"https:\/\/www.boxrepsol.com\/es\/wp-json\/wp\/v2\/categories?post=94146"},{"taxonomy":"post_tag","embeddable":true,"href":"https:\/\/www.boxrepsol.com\/es\/wp-json\/wp\/v2\/tags?post=94146"}],"curies":[{"name":"wp","href":"https:\/\/api.w.org\/{rel}","templated":true}]}}