{"id":94144,"date":"2019-10-01T00:00:00","date_gmt":"2019-10-01T02:00:00","guid":{"rendered":"http:\/\/pre.boxrepsol.com\/sin-categorizar\/marc-marquez-jorge-lorenzo-encaran-tailandia-la-recta-final-del-mundial\/"},"modified":"2024-10-16T11:28:04","modified_gmt":"2024-10-16T13:28:04","slug":"marc-marquez-jorge-lorenzo-encaran-tailandia-la-recta-final-del-mundial","status":"publish","type":"post","link":"https:\/\/www.boxrepsol.com\/es\/motogp\/marc-marquez-jorge-lorenzo-encaran-tailandia-la-recta-final-del-mundial\/","title":{"rendered":"Marc M\u00e1rquez y Jorge Lorenzo encaran en Tailandia la recta final del Mundial"},"content":{"rendered":"<p>Marc M\u00e1rquez llega al Gran Premio de Tailandia con<strong> su primera oportunidad de proclamarse Campe\u00f3n del Mundo de MotoGP 2019<\/strong>: para ello debe sumar 2 puntos m\u00e1s que Andrea Dovizioso.<\/p>\n<p>Hace un a\u00f1o, <strong>M\u00e1rquez obtuvo la victoria en Tailandia<\/strong>, adem\u00e1s de la vuelta r\u00e1pida en carrera y la \u2018pole position\u2019 tras pasar por la Q1.<\/p>\n<p>Jorge Lorenzo regresa a un circuito en el que hace un a\u00f1o no pudo participar en la carrera, tras lesionarse durante los entrenamientos.<\/p>\n<p>No te pierdas detalle de la competici\u00f3n siguiendo la clasificaci\u00f3n, horarios y calendario en boxrepsol.com<\/p>\n<p>\u00a1Destacamos!<\/p>\n<h2>\u00a1Consigue premios con Pelouse Map!<\/h2>\n<p>\u00a1Celebra los <strong>50 a\u00f1os de Repsol<\/strong> en el mundo del motor! y podr\u00e1s conseguir una moto del Equipo Repsol<\/p>\n<p><img decoding=\"async\" src=\"https:\/\/bxrepsol.s3.eu-west-1.amazonaws.com\/static\/2022\/08\/05065829\/pelouse-map-dest-noticia-1.jpg\" alt=\"\u00a1\u00danete a Pelouse Map!\" \/><\/p>\n<h2>Previa GP de Tailandia 2019 &#8211; Declaraciones de los pilotos<\/h2>\n<p>#MM93<\/p>\n<p><em><strong>Tuvimos un fin de semana fant\u00e1stico en Arag\u00f3n y fue un placer ganar delante de los aficionados<\/strong> de casa. Quiero mantener esa confianza y energ\u00eda en Tailandia, para hacer un buen Gran Premio. <\/em><\/p>\n<p><strong>A pesar de las circunstancias, nuestro enfoque no cambia<\/strong>; haremos nuestro trabajo para ser lo m\u00e1s fuertes posible el domingo. El a\u00f1o pasado tuvimos una carrera muy emocionante, as\u00ed que espero que podamos ofrecer otro gran espect\u00e1culo a los aficionados.<\/p>\n<hr \/>\n<p>#JL99<\/p>\n<p><em>Hace un a\u00f1o no tuvimos el mejor de los fines de semana en Tailandia, al sufrir una gran ca\u00edda que me impidi\u00f3 participar en la carrera. <strong>Tengo ganas de correr en ese circuito<\/strong>, donde ya vimos el a\u00f1o pasado con Marc que la Honda RC213V va fuerte. <\/em><\/p>\n<p>Despu\u00e9s de un Gran Premio dif\u00edcil en Arag\u00f3n, espero que podamos tener un buen fin de semana. <strong>Durante los entrenamientos demostramos que nuestro ritmo est\u00e1 mejorando<\/strong> y el objetivo para Tailandia es explotar ese potencial.<\/p>\n<p><strong>Suscr\u00edbete al bolet\u00edn de Box Repsol<\/strong><\/p>\n<p>Te contamos en exclusiva todas las noticias del Equipo Repsol, entrevistas, reportajes, v\u00eddeos, resultados de nuestros pilotos de <strong>MotoGP<\/strong>, <strong>Trial<\/strong>, <strong>FIM CEV Repsol<\/strong>, <strong>Rally<\/strong>, <strong>Red Bull Air Race<\/strong> y mucho m\u00e1s. <a href=\"https:\/\/www.boxrepsol.com\/es\/suscribete\/\">Suscr\u00edbete al bolet\u00edn de Box Repsol<\/a> y ent\u00e9rate de todas nuestras <strong>promociones<\/strong> y <strong>concursos<\/strong>.<\/p>\n","protected":false},"excerpt":{"rendered":"<p>Los pilotos del Repsol Honda celebran este domingo la primera de las cuatro citas en cinco semanas en Asia y Ocean\u00eda, antes del final del campeonato en Valencia.<\/p>\n","protected":false},"author":43146,"featured_media":62598,"comment_status":"open","ping_status":"open","sticky":false,"template":"","format":"standard","meta":{"footnotes":""},"categories":[4],"tags":[185],"class_list":["post-94144","post","type-post","status-publish","format-standard","hentry","category-motogp","tag-motogp-tailandia"],"yoast_head":"<!-- This site is optimized with the Yoast SEO plugin v27.3 - https:\/\/yoast.com\/product\/yoast-seo-wordpress\/ -->\n<title>Previa GP de Tailandia 2019 - Marc M\u00e1rquez y Jorge Lorenzo encaran en Tailandia la recta final del Mundial<\/title>\n<meta name=\"description\" content=\"Los pilotos del Repsol Honda celebran este domingo la primera de las cuatro citas en cinco semanas en Asia y Ocean\u00eda, antes del final del campeonato.\" \/>\n<link rel=\"canonical\" href=\"https:\/\/www.boxrepsol.com\/es\/motogp\/marc-marquez-jorge-lorenzo-encaran-tailandia-la-recta-final-del-mundial\/\" \/>\n<meta property=\"og:locale\" content=\"es_ES\" \/>\n<meta property=\"og:type\" content=\"article\" \/>\n<meta property=\"og:title\" content=\"Previa GP de Tailandia 2019 - Marc M\u00e1rquez y Jorge Lorenzo encaran en Tailandia la recta final del Mundial\" \/>\n<meta property=\"og:description\" content=\"Los pilotos del Repsol Honda celebran este domingo la primera de las cuatro citas en cinco semanas en Asia y Ocean\u00eda, antes del final del campeonato.\" \/>\n<meta property=\"og:url\" content=\"https:\/\/www.boxrepsol.com\/es\/motogp\/marc-marquez-jorge-lorenzo-encaran-tailandia-la-recta-final-del-mundial\/\" \/>\n<meta property=\"og:site_name\" content=\"Box Repsol\" \/>\n<meta property=\"article:publisher\" content=\"https:\/\/www.facebook.com\/BoxRepsol\" \/>\n<meta property=\"article:author\" content=\"https:\/\/www.facebook.com\/BoxRepsol\/\" \/>\n<meta property=\"article:published_time\" content=\"2019-10-01T02:00:00+00:00\" \/>\n<meta property=\"article:modified_time\" content=\"2024-10-16T13:28:04+00:00\" \/>\n<meta property=\"og:image\" content=\"https:\/\/bxrepsol.s3.eu-west-1.amazonaws.com\/static\/2022\/08\/29090159\/00_marc_marquez_motogp_repsol_honda4.jpg\" \/>\n\t<meta property=\"og:image:width\" content=\"1280\" \/>\n\t<meta property=\"og:image:height\" content=\"600\" \/>\n\t<meta property=\"og:image:type\" content=\"image\/jpeg\" \/>\n<meta name=\"author\" content=\"Redacci\u00f3n Box Repsol\" \/>\n<meta name=\"twitter:card\" content=\"summary_large_image\" \/>\n<meta name=\"twitter:creator\" content=\"@https:\/\/twitter.com\/box_repsol\" \/>\n<meta name=\"twitter:site\" content=\"@box_repsol\" \/>\n<meta name=\"twitter:label1\" content=\"Written by\" \/>\n\t<meta name=\"twitter:data1\" content=\"Redacci\u00f3n Box Repsol\" \/>\n\t<meta name=\"twitter:label2\" content=\"Est. reading time\" \/>\n\t<meta name=\"twitter:data2\" content=\"2 minutos\" \/>\n<script type=\"application\/ld+json\" class=\"yoast-schema-graph\">{\"@context\":\"https:\\\/\\\/schema.org\",\"@graph\":[{\"@type\":\"Article\",\"@id\":\"https:\\\/\\\/www.boxrepsol.com\\\/es\\\/motogp\\\/marc-marquez-jorge-lorenzo-encaran-tailandia-la-recta-final-del-mundial\\\/#article\",\"isPartOf\":{\"@id\":\"https:\\\/\\\/www.boxrepsol.com\\\/es\\\/motogp\\\/marc-marquez-jorge-lorenzo-encaran-tailandia-la-recta-final-del-mundial\\\/\"},\"author\":{\"name\":\"Redacci\u00f3n Box Repsol\",\"@id\":\"https:\\\/\\\/www.boxrepsol.com\\\/es\\\/#\\\/schema\\\/person\\\/c5c2138f2cca251b0ad92b7086bb60b7\"},\"headline\":\"Marc M\u00e1rquez y Jorge Lorenzo encaran en Tailandia la recta final del Mundial\",\"datePublished\":\"2019-10-01T02:00:00+00:00\",\"dateModified\":\"2024-10-16T13:28:04+00:00\",\"mainEntityOfPage\":{\"@id\":\"https:\\\/\\\/www.boxrepsol.com\\\/es\\\/motogp\\\/marc-marquez-jorge-lorenzo-encaran-tailandia-la-recta-final-del-mundial\\\/\"},\"wordCount\":379,\"commentCount\":0,\"publisher\":{\"@id\":\"https:\\\/\\\/www.boxrepsol.com\\\/es\\\/#organization\"},\"image\":{\"@id\":\"https:\\\/\\\/www.boxrepsol.com\\\/es\\\/motogp\\\/marc-marquez-jorge-lorenzo-encaran-tailandia-la-recta-final-del-mundial\\\/#primaryimage\"},\"thumbnailUrl\":\"https:\\\/\\\/bxrepsol.s3.eu-west-1.amazonaws.com\\\/static\\\/2022\\\/08\\\/29090159\\\/00_marc_marquez_motogp_repsol_honda4.jpg\",\"keywords\":[\"MotoGP Tailandia\"],\"articleSection\":[\"MotoGP\"],\"inLanguage\":\"es\",\"potentialAction\":[{\"@type\":\"CommentAction\",\"name\":\"Comment\",\"target\":[\"https:\\\/\\\/www.boxrepsol.com\\\/es\\\/motogp\\\/marc-marquez-jorge-lorenzo-encaran-tailandia-la-recta-final-del-mundial\\\/#respond\"]}]},{\"@type\":\"WebPage\",\"@id\":\"https:\\\/\\\/www.boxrepsol.com\\\/es\\\/motogp\\\/marc-marquez-jorge-lorenzo-encaran-tailandia-la-recta-final-del-mundial\\\/\",\"url\":\"https:\\\/\\\/www.boxrepsol.com\\\/es\\\/motogp\\\/marc-marquez-jorge-lorenzo-encaran-tailandia-la-recta-final-del-mundial\\\/\",\"name\":\"Previa GP de Tailandia 2019 - Marc M\u00e1rquez y Jorge Lorenzo encaran en Tailandia la recta final del Mundial\",\"isPartOf\":{\"@id\":\"https:\\\/\\\/www.boxrepsol.com\\\/es\\\/#website\"},\"primaryImageOfPage\":{\"@id\":\"https:\\\/\\\/www.boxrepsol.com\\\/es\\\/motogp\\\/marc-marquez-jorge-lorenzo-encaran-tailandia-la-recta-final-del-mundial\\\/#primaryimage\"},\"image\":{\"@id\":\"https:\\\/\\\/www.boxrepsol.com\\\/es\\\/motogp\\\/marc-marquez-jorge-lorenzo-encaran-tailandia-la-recta-final-del-mundial\\\/#primaryimage\"},\"thumbnailUrl\":\"https:\\\/\\\/bxrepsol.s3.eu-west-1.amazonaws.com\\\/static\\\/2022\\\/08\\\/29090159\\\/00_marc_marquez_motogp_repsol_honda4.jpg\",\"datePublished\":\"2019-10-01T02:00:00+00:00\",\"dateModified\":\"2024-10-16T13:28:04+00:00\",\"description\":\"Los pilotos del Repsol Honda celebran este domingo la primera de las cuatro citas en cinco semanas en Asia y Ocean\u00eda, antes del final del campeonato.\",\"breadcrumb\":{\"@id\":\"https:\\\/\\\/www.boxrepsol.com\\\/es\\\/motogp\\\/marc-marquez-jorge-lorenzo-encaran-tailandia-la-recta-final-del-mundial\\\/#breadcrumb\"},\"inLanguage\":\"es\",\"potentialAction\":[{\"@type\":\"ReadAction\",\"target\":[\"https:\\\/\\\/www.boxrepsol.com\\\/es\\\/motogp\\\/marc-marquez-jorge-lorenzo-encaran-tailandia-la-recta-final-del-mundial\\\/\"]}]},{\"@type\":\"ImageObject\",\"inLanguage\":\"es\",\"@id\":\"https:\\\/\\\/www.boxrepsol.com\\\/es\\\/motogp\\\/marc-marquez-jorge-lorenzo-encaran-tailandia-la-recta-final-del-mundial\\\/#primaryimage\",\"url\":\"https:\\\/\\\/bxrepsol.s3.eu-west-1.amazonaws.com\\\/static\\\/2022\\\/08\\\/29090159\\\/00_marc_marquez_motogp_repsol_honda4.jpg\",\"contentUrl\":\"https:\\\/\\\/bxrepsol.s3.eu-west-1.amazonaws.com\\\/static\\\/2022\\\/08\\\/29090159\\\/00_marc_marquez_motogp_repsol_honda4.jpg\",\"width\":1280,\"height\":600,\"caption\":\"Marc M\u00e1rquez en circuito con Jorge Lorenzo de fondo\"},{\"@type\":\"BreadcrumbList\",\"@id\":\"https:\\\/\\\/www.boxrepsol.com\\\/es\\\/motogp\\\/marc-marquez-jorge-lorenzo-encaran-tailandia-la-recta-final-del-mundial\\\/#breadcrumb\",\"itemListElement\":[{\"@type\":\"ListItem\",\"position\":1,\"name\":\"Home\",\"item\":\"https:\\\/\\\/www.boxrepsol.com\\\/es\\\/\"},{\"@type\":\"ListItem\",\"position\":2,\"name\":\"Marc M\u00e1rquez y Jorge Lorenzo encaran en Tailandia la recta final del Mundial\"}]},{\"@type\":\"WebSite\",\"@id\":\"https:\\\/\\\/www.boxrepsol.com\\\/es\\\/#website\",\"url\":\"https:\\\/\\\/www.boxrepsol.com\\\/es\\\/\",\"name\":\"Box Repsol\",\"description\":\"Box Repsol Site\",\"publisher\":{\"@id\":\"https:\\\/\\\/www.boxrepsol.com\\\/es\\\/#organization\"},\"potentialAction\":[{\"@type\":\"SearchAction\",\"target\":{\"@type\":\"EntryPoint\",\"urlTemplate\":\"https:\\\/\\\/www.boxrepsol.com\\\/es\\\/?s={search_term_string}\"},\"query-input\":{\"@type\":\"PropertyValueSpecification\",\"valueRequired\":true,\"valueName\":\"search_term_string\"}}],\"inLanguage\":\"es\"},{\"@type\":\"Organization\",\"@id\":\"https:\\\/\\\/www.boxrepsol.com\\\/es\\\/#organization\",\"name\":\"Box Repsol\",\"url\":\"https:\\\/\\\/www.boxrepsol.com\\\/es\\\/\",\"logo\":{\"@type\":\"ImageObject\",\"inLanguage\":\"es\",\"@id\":\"https:\\\/\\\/www.boxrepsol.com\\\/es\\\/#\\\/schema\\\/logo\\\/image\\\/\",\"url\":\"https:\\\/\\\/bxrepsol.s3.eu-west-1.amazonaws.com\\\/static\\\/2025\\\/07\\\/30083337\\\/favicon-96x96-1.png\",\"contentUrl\":\"https:\\\/\\\/bxrepsol.s3.eu-west-1.amazonaws.com\\\/static\\\/2025\\\/07\\\/30083337\\\/favicon-96x96-1.png\",\"width\":96,\"height\":96,\"caption\":\"Box Repsol\"},\"image\":{\"@id\":\"https:\\\/\\\/www.boxrepsol.com\\\/es\\\/#\\\/schema\\\/logo\\\/image\\\/\"},\"sameAs\":[\"https:\\\/\\\/www.facebook.com\\\/BoxRepsol\",\"https:\\\/\\\/x.com\\\/box_repsol\",\"http:\\\/\\\/instagram.com\\\/box_repsol\",\"https:\\\/\\\/www.youtube.com\\\/user\\\/RepsolCompeticion\",\"https:\\\/\\\/www.flickr.com\\\/photos\\\/box_repsol\\\/\"]},{\"@type\":\"Person\",\"@id\":\"https:\\\/\\\/www.boxrepsol.com\\\/es\\\/#\\\/schema\\\/person\\\/c5c2138f2cca251b0ad92b7086bb60b7\",\"name\":\"Redacci\u00f3n Box Repsol\",\"image\":{\"@type\":\"ImageObject\",\"inLanguage\":\"es\",\"@id\":\"https:\\\/\\\/secure.gravatar.com\\\/avatar\\\/adf7b77e38b4419baf32c7e9c21dde01f4e40df611f0978e3006fc4ba0aaab7e?s=96&d=mm&r=g\",\"url\":\"https:\\\/\\\/secure.gravatar.com\\\/avatar\\\/adf7b77e38b4419baf32c7e9c21dde01f4e40df611f0978e3006fc4ba0aaab7e?s=96&d=mm&r=g\",\"contentUrl\":\"https:\\\/\\\/secure.gravatar.com\\\/avatar\\\/adf7b77e38b4419baf32c7e9c21dde01f4e40df611f0978e3006fc4ba0aaab7e?s=96&d=mm&r=g\",\"caption\":\"Redacci\u00f3n Box Repsol\"},\"description\":\"Box Repsol lo forma un equipo de periodistas, community managers, dise\u00f1adores y fot\u00f3grafos con m\u00e1s de 20 a\u00f1os de experiencia en el mundo del motorsport. Hemos vivido el primer mundial de un espa\u00f1ol en la categor\u00eda reina de motociclismo con \u00c1lex Crivill\u00e9, estuvimos en las victorias de Pedrosa y los t\u00edtulos de M\u00e1rquez, acompa\u00f1amos en \u00c1frica a Nani Roma y Marc Coma en sus conquistas del Dakar y hemos vibrado con los t\u00edtulos de Toni Bou en Trial. Adem\u00e1s, en nuestro equipo contamos con expertos en el mundo de las dos y cuatro ruedas tanto de la calle y las carreteras, como de los circuitos. Periodistas que han trabajado en revistas y publicaciones para hacerte llegar desde rutas y consejos de mantenimiento, a curiosidades y trucos de pilotaje.\",\"sameAs\":[\"https:\\\/\\\/www.facebook.com\\\/BoxRepsol\\\/\",\"https:\\\/\\\/www.instagram.com\\\/box_repsol\\\/\",\"https:\\\/\\\/x.com\\\/https:\\\/\\\/twitter.com\\\/box_repsol\",\"https:\\\/\\\/www.youtube.com\\\/@Boxrepsol\"],\"url\":\"https:\\\/\\\/www.boxrepsol.com\\\/es\\\/author\\\/redaccion-box-repsol\\\/\"}]}<\/script>\n<!-- \/ Yoast SEO plugin. -->","yoast_head_json":{"title":"Previa GP de Tailandia 2019 - Marc M\u00e1rquez y Jorge Lorenzo encaran en Tailandia la recta final del Mundial","description":"Los pilotos del Repsol Honda celebran este domingo la primera de las cuatro citas en cinco semanas en Asia y Ocean\u00eda, antes del final del campeonato.","canonical":"https:\/\/www.boxrepsol.com\/es\/motogp\/marc-marquez-jorge-lorenzo-encaran-tailandia-la-recta-final-del-mundial\/","og_locale":"es_ES","og_type":"article","og_title":"Previa GP de Tailandia 2019 - Marc M\u00e1rquez y Jorge Lorenzo encaran en Tailandia la recta final del Mundial","og_description":"Los pilotos del Repsol Honda celebran este domingo la primera de las cuatro citas en cinco semanas en Asia y Ocean\u00eda, antes del final del campeonato.","og_url":"https:\/\/www.boxrepsol.com\/es\/motogp\/marc-marquez-jorge-lorenzo-encaran-tailandia-la-recta-final-del-mundial\/","og_site_name":"Box Repsol","article_publisher":"https:\/\/www.facebook.com\/BoxRepsol","article_author":"https:\/\/www.facebook.com\/BoxRepsol\/","article_published_time":"2019-10-01T02:00:00+00:00","article_modified_time":"2024-10-16T13:28:04+00:00","og_image":[{"width":1280,"height":600,"url":"https:\/\/bxrepsol.s3.eu-west-1.amazonaws.com\/static\/2022\/08\/29090159\/00_marc_marquez_motogp_repsol_honda4.jpg","type":"image\/jpeg"}],"author":"Redacci\u00f3n Box Repsol","twitter_card":"summary_large_image","twitter_creator":"@https:\/\/twitter.com\/box_repsol","twitter_site":"@box_repsol","twitter_misc":{"Written by":"Redacci\u00f3n Box Repsol","Est. reading time":"2 minutos"},"schema":{"@context":"https:\/\/schema.org","@graph":[{"@type":"Article","@id":"https:\/\/www.boxrepsol.com\/es\/motogp\/marc-marquez-jorge-lorenzo-encaran-tailandia-la-recta-final-del-mundial\/#article","isPartOf":{"@id":"https:\/\/www.boxrepsol.com\/es\/motogp\/marc-marquez-jorge-lorenzo-encaran-tailandia-la-recta-final-del-mundial\/"},"author":{"name":"Redacci\u00f3n Box Repsol","@id":"https:\/\/www.boxrepsol.com\/es\/#\/schema\/person\/c5c2138f2cca251b0ad92b7086bb60b7"},"headline":"Marc M\u00e1rquez y Jorge Lorenzo encaran en Tailandia la recta final del Mundial","datePublished":"2019-10-01T02:00:00+00:00","dateModified":"2024-10-16T13:28:04+00:00","mainEntityOfPage":{"@id":"https:\/\/www.boxrepsol.com\/es\/motogp\/marc-marquez-jorge-lorenzo-encaran-tailandia-la-recta-final-del-mundial\/"},"wordCount":379,"commentCount":0,"publisher":{"@id":"https:\/\/www.boxrepsol.com\/es\/#organization"},"image":{"@id":"https:\/\/www.boxrepsol.com\/es\/motogp\/marc-marquez-jorge-lorenzo-encaran-tailandia-la-recta-final-del-mundial\/#primaryimage"},"thumbnailUrl":"https:\/\/bxrepsol.s3.eu-west-1.amazonaws.com\/static\/2022\/08\/29090159\/00_marc_marquez_motogp_repsol_honda4.jpg","keywords":["MotoGP Tailandia"],"articleSection":["MotoGP"],"inLanguage":"es","potentialAction":[{"@type":"CommentAction","name":"Comment","target":["https:\/\/www.boxrepsol.com\/es\/motogp\/marc-marquez-jorge-lorenzo-encaran-tailandia-la-recta-final-del-mundial\/#respond"]}]},{"@type":"WebPage","@id":"https:\/\/www.boxrepsol.com\/es\/motogp\/marc-marquez-jorge-lorenzo-encaran-tailandia-la-recta-final-del-mundial\/","url":"https:\/\/www.boxrepsol.com\/es\/motogp\/marc-marquez-jorge-lorenzo-encaran-tailandia-la-recta-final-del-mundial\/","name":"Previa GP de Tailandia 2019 - Marc M\u00e1rquez y Jorge Lorenzo encaran en Tailandia la recta final del Mundial","isPartOf":{"@id":"https:\/\/www.boxrepsol.com\/es\/#website"},"primaryImageOfPage":{"@id":"https:\/\/www.boxrepsol.com\/es\/motogp\/marc-marquez-jorge-lorenzo-encaran-tailandia-la-recta-final-del-mundial\/#primaryimage"},"image":{"@id":"https:\/\/www.boxrepsol.com\/es\/motogp\/marc-marquez-jorge-lorenzo-encaran-tailandia-la-recta-final-del-mundial\/#primaryimage"},"thumbnailUrl":"https:\/\/bxrepsol.s3.eu-west-1.amazonaws.com\/static\/2022\/08\/29090159\/00_marc_marquez_motogp_repsol_honda4.jpg","datePublished":"2019-10-01T02:00:00+00:00","dateModified":"2024-10-16T13:28:04+00:00","description":"Los pilotos del Repsol Honda celebran este domingo la primera de las cuatro citas en cinco semanas en Asia y Ocean\u00eda, antes del final del campeonato.","breadcrumb":{"@id":"https:\/\/www.boxrepsol.com\/es\/motogp\/marc-marquez-jorge-lorenzo-encaran-tailandia-la-recta-final-del-mundial\/#breadcrumb"},"inLanguage":"es","potentialAction":[{"@type":"ReadAction","target":["https:\/\/www.boxrepsol.com\/es\/motogp\/marc-marquez-jorge-lorenzo-encaran-tailandia-la-recta-final-del-mundial\/"]}]},{"@type":"ImageObject","inLanguage":"es","@id":"https:\/\/www.boxrepsol.com\/es\/motogp\/marc-marquez-jorge-lorenzo-encaran-tailandia-la-recta-final-del-mundial\/#primaryimage","url":"https:\/\/bxrepsol.s3.eu-west-1.amazonaws.com\/static\/2022\/08\/29090159\/00_marc_marquez_motogp_repsol_honda4.jpg","contentUrl":"https:\/\/bxrepsol.s3.eu-west-1.amazonaws.com\/static\/2022\/08\/29090159\/00_marc_marquez_motogp_repsol_honda4.jpg","width":1280,"height":600,"caption":"Marc M\u00e1rquez en circuito con Jorge Lorenzo de fondo"},{"@type":"BreadcrumbList","@id":"https:\/\/www.boxrepsol.com\/es\/motogp\/marc-marquez-jorge-lorenzo-encaran-tailandia-la-recta-final-del-mundial\/#breadcrumb","itemListElement":[{"@type":"ListItem","position":1,"name":"Home","item":"https:\/\/www.boxrepsol.com\/es\/"},{"@type":"ListItem","position":2,"name":"Marc M\u00e1rquez y Jorge Lorenzo encaran en Tailandia la recta final del Mundial"}]},{"@type":"WebSite","@id":"https:\/\/www.boxrepsol.com\/es\/#website","url":"https:\/\/www.boxrepsol.com\/es\/","name":"Box Repsol","description":"Box Repsol Site","publisher":{"@id":"https:\/\/www.boxrepsol.com\/es\/#organization"},"potentialAction":[{"@type":"SearchAction","target":{"@type":"EntryPoint","urlTemplate":"https:\/\/www.boxrepsol.com\/es\/?s={search_term_string}"},"query-input":{"@type":"PropertyValueSpecification","valueRequired":true,"valueName":"search_term_string"}}],"inLanguage":"es"},{"@type":"Organization","@id":"https:\/\/www.boxrepsol.com\/es\/#organization","name":"Box Repsol","url":"https:\/\/www.boxrepsol.com\/es\/","logo":{"@type":"ImageObject","inLanguage":"es","@id":"https:\/\/www.boxrepsol.com\/es\/#\/schema\/logo\/image\/","url":"https:\/\/bxrepsol.s3.eu-west-1.amazonaws.com\/static\/2025\/07\/30083337\/favicon-96x96-1.png","contentUrl":"https:\/\/bxrepsol.s3.eu-west-1.amazonaws.com\/static\/2025\/07\/30083337\/favicon-96x96-1.png","width":96,"height":96,"caption":"Box Repsol"},"image":{"@id":"https:\/\/www.boxrepsol.com\/es\/#\/schema\/logo\/image\/"},"sameAs":["https:\/\/www.facebook.com\/BoxRepsol","https:\/\/x.com\/box_repsol","http:\/\/instagram.com\/box_repsol","https:\/\/www.youtube.com\/user\/RepsolCompeticion","https:\/\/www.flickr.com\/photos\/box_repsol\/"]},{"@type":"Person","@id":"https:\/\/www.boxrepsol.com\/es\/#\/schema\/person\/c5c2138f2cca251b0ad92b7086bb60b7","name":"Redacci\u00f3n Box Repsol","image":{"@type":"ImageObject","inLanguage":"es","@id":"https:\/\/secure.gravatar.com\/avatar\/adf7b77e38b4419baf32c7e9c21dde01f4e40df611f0978e3006fc4ba0aaab7e?s=96&d=mm&r=g","url":"https:\/\/secure.gravatar.com\/avatar\/adf7b77e38b4419baf32c7e9c21dde01f4e40df611f0978e3006fc4ba0aaab7e?s=96&d=mm&r=g","contentUrl":"https:\/\/secure.gravatar.com\/avatar\/adf7b77e38b4419baf32c7e9c21dde01f4e40df611f0978e3006fc4ba0aaab7e?s=96&d=mm&r=g","caption":"Redacci\u00f3n Box Repsol"},"description":"Box Repsol lo forma un equipo de periodistas, community managers, dise\u00f1adores y fot\u00f3grafos con m\u00e1s de 20 a\u00f1os de experiencia en el mundo del motorsport. Hemos vivido el primer mundial de un espa\u00f1ol en la categor\u00eda reina de motociclismo con \u00c1lex Crivill\u00e9, estuvimos en las victorias de Pedrosa y los t\u00edtulos de M\u00e1rquez, acompa\u00f1amos en \u00c1frica a Nani Roma y Marc Coma en sus conquistas del Dakar y hemos vibrado con los t\u00edtulos de Toni Bou en Trial. Adem\u00e1s, en nuestro equipo contamos con expertos en el mundo de las dos y cuatro ruedas tanto de la calle y las carreteras, como de los circuitos. Periodistas que han trabajado en revistas y publicaciones para hacerte llegar desde rutas y consejos de mantenimiento, a curiosidades y trucos de pilotaje.","sameAs":["https:\/\/www.facebook.com\/BoxRepsol\/","https:\/\/www.instagram.com\/box_repsol\/","https:\/\/x.com\/https:\/\/twitter.com\/box_repsol","https:\/\/www.youtube.com\/@Boxrepsol"],"url":"https:\/\/www.boxrepsol.com\/es\/author\/redaccion-box-repsol\/"}]}},"_links":{"self":[{"href":"https:\/\/www.boxrepsol.com\/es\/wp-json\/wp\/v2\/posts\/94144","targetHints":{"allow":["GET"]}}],"collection":[{"href":"https:\/\/www.boxrepsol.com\/es\/wp-json\/wp\/v2\/posts"}],"about":[{"href":"https:\/\/www.boxrepsol.com\/es\/wp-json\/wp\/v2\/types\/post"}],"author":[{"embeddable":true,"href":"https:\/\/www.boxrepsol.com\/es\/wp-json\/wp\/v2\/users\/43146"}],"replies":[{"embeddable":true,"href":"https:\/\/www.boxrepsol.com\/es\/wp-json\/wp\/v2\/comments?post=94144"}],"version-history":[{"count":4,"href":"https:\/\/www.boxrepsol.com\/es\/wp-json\/wp\/v2\/posts\/94144\/revisions"}],"predecessor-version":[{"id":121230,"href":"https:\/\/www.boxrepsol.com\/es\/wp-json\/wp\/v2\/posts\/94144\/revisions\/121230"}],"wp:featuredmedia":[{"embeddable":true,"href":"https:\/\/www.boxrepsol.com\/es\/wp-json\/wp\/v2\/media\/62598"}],"wp:attachment":[{"href":"https:\/\/www.boxrepsol.com\/es\/wp-json\/wp\/v2\/media?parent=94144"}],"wp:term":[{"taxonomy":"category","embeddable":true,"href":"https:\/\/www.boxrepsol.com\/es\/wp-json\/wp\/v2\/categories?post=94144"},{"taxonomy":"post_tag","embeddable":true,"href":"https:\/\/www.boxrepsol.com\/es\/wp-json\/wp\/v2\/tags?post=94144"}],"curies":[{"name":"wp","href":"https:\/\/api.w.org\/{rel}","templated":true}]}}