{"id":94142,"date":"2019-09-30T00:00:00","date_gmt":"2019-09-30T02:00:00","guid":{"rendered":"http:\/\/pre.boxrepsol.com\/sin-categorizar\/izan-guevara-se-proclama-campeon-la-european-talent-cup-jerez\/"},"modified":"2024-10-16T12:26:58","modified_gmt":"2024-10-16T14:26:58","slug":"izan-guevara-se-proclama-campeon-la-european-talent-cup-jerez","status":"publish","type":"post","link":"https:\/\/www.boxrepsol.com\/es\/motogp\/izan-guevara-se-proclama-campeon-la-european-talent-cup-jerez\/","title":{"rendered":"Izan Guevara se proclama campe\u00f3n de la European Talent Cup en Jerez"},"content":{"rendered":"<p><strong>Carlos Tatay ha ganado las dos carreras del FIM Moto3 Junior World Championship<\/strong>, partiendo desde la \u2018pole position\u2019 y escap\u00e1ndose en el tramo final de ambas pruebas.<\/p>\n<p>Con los 50 puntos sumados en Jerez, el piloto espa\u00f1ol se coloca segundo en la general a 37 de <strong>Jeremy Alcoba, que sigue l\u00edder tras terminar segundo<\/strong> (por delante de Xavier Artigas) y tercero (por detr\u00e1s de Ryusei Yamanaka) en las dos mangas.<\/p>\n<p>En Moto2, <strong>Edgar Pons ha ganado la \u00fanica carrera del d\u00eda<\/strong>. El piloto espa\u00f1ol ha firmado una gran remontada, atrapando a Hector Garz\u00f3 escapado en cabeza y cruzando la l\u00ednea de meta a m\u00e1s de dos segundos. Alessandro Zaccone ha completado el podio.<\/p>\n<p><strong>Pons aumenta su ventaja en el campeonato a 53 puntos de Garz<\/strong>\u00f3, y llega a la pr\u00f3xima cita con opciones matem\u00e1ticas de conseguir el t\u00edtulo.<\/p>\n<p><strong>Izan Guevara se ha proclamado campe\u00f3n de la European Talent Cup<\/strong> (ETC) tras ganar la primera carrera y terminar tercero en la segunda. El brasile\u00f1o Diogo Moreira ha sido el vencedor de la segunda manga.<\/p>\n<p>La pr\u00f3xima cita del FIM CEV Repsol ser\u00e1 en el Circuito de Albacete el pr\u00f3ximo 13 de octubre.<\/p>\n<p><!-- Imagen relacionada --><br \/>\n<img loading=\"lazy\" decoding=\"async\" src=\"https:\/\/bxrepsol.s3.eu-west-1.amazonaws.com\/static\/2022\/08\/05065856\/FIM-CEV-Repsol-Jerez-1.jpg\" alt=\"Pilotos FIM CEV Repsol en curva\" width=\"404\" height=\"336\" \/><br \/>\n<!-- Categor\u00eda --><\/p>\n<h4>CARLOS TATAY \u2013 GANADOR DE LA PRIMERA CARRERA DE MOTO3<\/h4>\n<p><em>Ha sido una carrera incre\u00edble. No la hab\u00eda planteado as\u00ed; sab\u00eda que la lucha ser\u00eda en un grupo reducido, pero no pensaba poder escaparme solo. Ha sido una gran sensaci\u00f3n cuando he visto en la pizarra que llevaba m\u00e1s de seis segundos de diferencia con mis perseguidores. Quiero agradecer a mi equipo todo el trabajo que ha hecho, a mi manager y a toda mi familia por su apoyo.<\/em><\/p>\n<hr \/>\n<h4>CARLOS TATAY \u2013 GANADOR DE LA SEGUNDA CARRERA DE MOTO3<\/h4>\n<p><em><br \/>\nLa verdad es que ha sido una carrera m\u00e1s dura que la primera. Los dos pilotos que me persegu\u00edan estaban muy fuertes y al final he tenido que apretar en las \u00faltimas vueltas. He marcado la diferencia en el ritmo y he podido abrir ese hueco para llegar primero a la meta. Salir des de la \u2018pole\u2019 y ganar las dos carreras en un mismo fin de semana es incre\u00edble. Quiero dar las gracias a mi familia y a mi equipo por hacer esto posible.<\/em><\/p>\n<hr \/>\n<h4>EDGAR PONS \u2013 GANADOR DE LA CARRERA DE MOTO2<\/h4>\n<p><em>Estoy muy contento; ha sido la mejor carrera de todo el a\u00f1o. Ven\u00edamos de un fin de semana muy complicado; llev\u00e1bamos mucho tiempo sin subir a la moto y eso nos ha obligado a trabajar mucho con la puesta a punto durante los entrenamientos. <\/em><\/p>\n<p>Sab\u00edamos que iba a ser una carrera dif\u00edcil, pero lo he dado todo. He intentado conservar al m\u00e1ximo los neum\u00e1ticos y cuando he logrado adelantar a Garz\u00f3, he apretado como nunca hasta el final. Quiero dar las gracias al equipo por el estupendo trabajo que ha realizado.<\/p>\n<hr \/>\n<h4>IZAN GUEVARA \u2013 GANADOR DE LA PRIMERA CARRERA DE LA EUROPEAN TALENT CUP<\/h4>\n<p><em>Ha sido una carrera muy dif\u00edcil. Desde el primer momento hemos podido tirar un poco del grupo y nos hemos escapado tres pilotos. Ha sido una carrera muy luchada con Moreira y con Sako, pero al final he podido hacerme con la victoria. No tengo palabras. Quiero dar las gracias a mi equipo, a mis patrocinadores y a mis padres.<\/em><\/p>\n<hr \/>\n<h4>IZAN GUEVARA \u2013 CAMPE\u00d3N DE LA EUROPEAN TALENT CUP<\/h4>\n<p><em>Ha sido una temporada muy luchada desde el primer momento. Esta segunda carrera ha sido muy peleada; \u00e9ramos muchos pilotos batallando por la victoria y ha habido muchos adelantamientos. Al final hemos podido terminar en el podio y celebrar aqu\u00ed en Jerez el campeonato.<\/em><\/p>\n<h4>DIOGO MOREIRA \u2013 GANADOR DE LA SEGUNDA CARRERA DE LA EUROPEAN TALENT CUP<\/h4>\n<p><em>Estoy muy feliz. Ha sido una carrera muy complicada porque hac\u00eda mucho calor. Pero he conseguido marcar un ritmo muy fuerte y ganar mi primera carrera en el campeonato. Quiero dar las gracias a mi equipo y a mi familia por todo su apoyo.<\/em><\/p>\n","protected":false},"excerpt":{"rendered":"<p>El piloto espa\u00f1ol cierra el t\u00edtulo tras lograr una victoria y un podio en la sexta ronda del FIM CEV Repsol. Tatay, Pons y Moreira han sido los otros vencedores del d\u00eda.<\/p>\n","protected":false},"author":43146,"featured_media":62594,"comment_status":"open","ping_status":"open","sticky":false,"template":"","format":"standard","meta":{"footnotes":""},"categories":[4],"tags":[130],"class_list":["post-94142","post","type-post","status-publish","format-standard","hentry","category-motogp","tag-otros-eventos-y-competiciones"],"yoast_head":"<!-- This site is optimized with the Yoast SEO plugin v27.3 - https:\/\/yoast.com\/product\/yoast-seo-wordpress\/ -->\n<title>FIM CEV Repsol Jerez 2019 - Izan Guevara se proclama campe\u00f3n de la European Talent Cup en Jerez<\/title>\n<meta name=\"description\" content=\"El piloto cierra el t\u00edtulo tras lograr una victoria y un podio en la sexta ronda del FIM CEV Repsol. Tatay, Pons y Moreira han sido los otros vencedores\" \/>\n<link rel=\"canonical\" href=\"https:\/\/www.boxrepsol.com\/es\/motogp\/izan-guevara-se-proclama-campeon-la-european-talent-cup-jerez\/\" \/>\n<meta property=\"og:locale\" content=\"es_ES\" \/>\n<meta property=\"og:type\" content=\"article\" \/>\n<meta property=\"og:title\" content=\"FIM CEV Repsol Jerez 2019 - Izan Guevara se proclama campe\u00f3n de la European Talent Cup en Jerez\" \/>\n<meta property=\"og:description\" content=\"El piloto cierra el t\u00edtulo tras lograr una victoria y un podio en la sexta ronda del FIM CEV Repsol. Tatay, Pons y Moreira han sido los otros vencedores\" \/>\n<meta property=\"og:url\" content=\"https:\/\/www.boxrepsol.com\/es\/motogp\/izan-guevara-se-proclama-campeon-la-european-talent-cup-jerez\/\" \/>\n<meta property=\"og:site_name\" content=\"Box Repsol\" \/>\n<meta property=\"article:publisher\" content=\"https:\/\/www.facebook.com\/BoxRepsol\" \/>\n<meta property=\"article:author\" content=\"https:\/\/www.facebook.com\/BoxRepsol\/\" \/>\n<meta property=\"article:published_time\" content=\"2019-09-30T02:00:00+00:00\" \/>\n<meta property=\"article:modified_time\" content=\"2024-10-16T14:26:58+00:00\" \/>\n<meta property=\"og:image\" content=\"https:\/\/bxrepsol.s3.eu-west-1.amazonaws.com\/static\/2022\/08\/29090157\/00_cev_jerez_2019.jpg\" \/>\n\t<meta property=\"og:image:width\" content=\"1280\" \/>\n\t<meta property=\"og:image:height\" content=\"600\" \/>\n\t<meta property=\"og:image:type\" content=\"image\/jpeg\" \/>\n<meta name=\"author\" content=\"Redacci\u00f3n Box Repsol\" \/>\n<meta name=\"twitter:card\" content=\"summary_large_image\" \/>\n<meta name=\"twitter:creator\" content=\"@https:\/\/twitter.com\/box_repsol\" \/>\n<meta name=\"twitter:site\" content=\"@box_repsol\" \/>\n<meta name=\"twitter:label1\" content=\"Written by\" \/>\n\t<meta name=\"twitter:data1\" content=\"Redacci\u00f3n Box Repsol\" \/>\n\t<meta name=\"twitter:label2\" content=\"Est. reading time\" \/>\n\t<meta name=\"twitter:data2\" content=\"3 minutos\" \/>\n<script type=\"application\/ld+json\" class=\"yoast-schema-graph\">{\"@context\":\"https:\\\/\\\/schema.org\",\"@graph\":[{\"@type\":\"Article\",\"@id\":\"https:\\\/\\\/www.boxrepsol.com\\\/es\\\/motogp\\\/izan-guevara-se-proclama-campeon-la-european-talent-cup-jerez\\\/#article\",\"isPartOf\":{\"@id\":\"https:\\\/\\\/www.boxrepsol.com\\\/es\\\/motogp\\\/izan-guevara-se-proclama-campeon-la-european-talent-cup-jerez\\\/\"},\"author\":{\"name\":\"Redacci\u00f3n Box Repsol\",\"@id\":\"https:\\\/\\\/www.boxrepsol.com\\\/es\\\/#\\\/schema\\\/person\\\/c5c2138f2cca251b0ad92b7086bb60b7\"},\"headline\":\"Izan Guevara se proclama campe\u00f3n de la European Talent Cup en Jerez\",\"datePublished\":\"2019-09-30T02:00:00+00:00\",\"dateModified\":\"2024-10-16T14:26:58+00:00\",\"mainEntityOfPage\":{\"@id\":\"https:\\\/\\\/www.boxrepsol.com\\\/es\\\/motogp\\\/izan-guevara-se-proclama-campeon-la-european-talent-cup-jerez\\\/\"},\"wordCount\":685,\"commentCount\":0,\"publisher\":{\"@id\":\"https:\\\/\\\/www.boxrepsol.com\\\/es\\\/#organization\"},\"image\":{\"@id\":\"https:\\\/\\\/www.boxrepsol.com\\\/es\\\/motogp\\\/izan-guevara-se-proclama-campeon-la-european-talent-cup-jerez\\\/#primaryimage\"},\"thumbnailUrl\":\"https:\\\/\\\/bxrepsol.s3.eu-west-1.amazonaws.com\\\/static\\\/2022\\\/08\\\/29090157\\\/00_cev_jerez_2019.jpg\",\"keywords\":[\"otros eventos y competiciones\"],\"articleSection\":[\"MotoGP\"],\"inLanguage\":\"es\",\"potentialAction\":[{\"@type\":\"CommentAction\",\"name\":\"Comment\",\"target\":[\"https:\\\/\\\/www.boxrepsol.com\\\/es\\\/motogp\\\/izan-guevara-se-proclama-campeon-la-european-talent-cup-jerez\\\/#respond\"]}]},{\"@type\":\"WebPage\",\"@id\":\"https:\\\/\\\/www.boxrepsol.com\\\/es\\\/motogp\\\/izan-guevara-se-proclama-campeon-la-european-talent-cup-jerez\\\/\",\"url\":\"https:\\\/\\\/www.boxrepsol.com\\\/es\\\/motogp\\\/izan-guevara-se-proclama-campeon-la-european-talent-cup-jerez\\\/\",\"name\":\"FIM CEV Repsol Jerez 2019 - Izan Guevara se proclama campe\u00f3n de la European Talent Cup en Jerez\",\"isPartOf\":{\"@id\":\"https:\\\/\\\/www.boxrepsol.com\\\/es\\\/#website\"},\"primaryImageOfPage\":{\"@id\":\"https:\\\/\\\/www.boxrepsol.com\\\/es\\\/motogp\\\/izan-guevara-se-proclama-campeon-la-european-talent-cup-jerez\\\/#primaryimage\"},\"image\":{\"@id\":\"https:\\\/\\\/www.boxrepsol.com\\\/es\\\/motogp\\\/izan-guevara-se-proclama-campeon-la-european-talent-cup-jerez\\\/#primaryimage\"},\"thumbnailUrl\":\"https:\\\/\\\/bxrepsol.s3.eu-west-1.amazonaws.com\\\/static\\\/2022\\\/08\\\/29090157\\\/00_cev_jerez_2019.jpg\",\"datePublished\":\"2019-09-30T02:00:00+00:00\",\"dateModified\":\"2024-10-16T14:26:58+00:00\",\"description\":\"El piloto cierra el t\u00edtulo tras lograr una victoria y un podio en la sexta ronda del FIM CEV Repsol. Tatay, Pons y Moreira han sido los otros vencedores\",\"breadcrumb\":{\"@id\":\"https:\\\/\\\/www.boxrepsol.com\\\/es\\\/motogp\\\/izan-guevara-se-proclama-campeon-la-european-talent-cup-jerez\\\/#breadcrumb\"},\"inLanguage\":\"es\",\"potentialAction\":[{\"@type\":\"ReadAction\",\"target\":[\"https:\\\/\\\/www.boxrepsol.com\\\/es\\\/motogp\\\/izan-guevara-se-proclama-campeon-la-european-talent-cup-jerez\\\/\"]}]},{\"@type\":\"ImageObject\",\"inLanguage\":\"es\",\"@id\":\"https:\\\/\\\/www.boxrepsol.com\\\/es\\\/motogp\\\/izan-guevara-se-proclama-campeon-la-european-talent-cup-jerez\\\/#primaryimage\",\"url\":\"https:\\\/\\\/bxrepsol.s3.eu-west-1.amazonaws.com\\\/static\\\/2022\\\/08\\\/29090157\\\/00_cev_jerez_2019.jpg\",\"contentUrl\":\"https:\\\/\\\/bxrepsol.s3.eu-west-1.amazonaws.com\\\/static\\\/2022\\\/08\\\/29090157\\\/00_cev_jerez_2019.jpg\",\"width\":1280,\"height\":600,\"caption\":\"FIM CEV Repsol en Jerez\"},{\"@type\":\"BreadcrumbList\",\"@id\":\"https:\\\/\\\/www.boxrepsol.com\\\/es\\\/motogp\\\/izan-guevara-se-proclama-campeon-la-european-talent-cup-jerez\\\/#breadcrumb\",\"itemListElement\":[{\"@type\":\"ListItem\",\"position\":1,\"name\":\"Home\",\"item\":\"https:\\\/\\\/www.boxrepsol.com\\\/es\\\/\"},{\"@type\":\"ListItem\",\"position\":2,\"name\":\"Izan Guevara se proclama campe\u00f3n de la European Talent Cup en Jerez\"}]},{\"@type\":\"WebSite\",\"@id\":\"https:\\\/\\\/www.boxrepsol.com\\\/es\\\/#website\",\"url\":\"https:\\\/\\\/www.boxrepsol.com\\\/es\\\/\",\"name\":\"Box Repsol\",\"description\":\"Box Repsol Site\",\"publisher\":{\"@id\":\"https:\\\/\\\/www.boxrepsol.com\\\/es\\\/#organization\"},\"potentialAction\":[{\"@type\":\"SearchAction\",\"target\":{\"@type\":\"EntryPoint\",\"urlTemplate\":\"https:\\\/\\\/www.boxrepsol.com\\\/es\\\/?s={search_term_string}\"},\"query-input\":{\"@type\":\"PropertyValueSpecification\",\"valueRequired\":true,\"valueName\":\"search_term_string\"}}],\"inLanguage\":\"es\"},{\"@type\":\"Organization\",\"@id\":\"https:\\\/\\\/www.boxrepsol.com\\\/es\\\/#organization\",\"name\":\"Box Repsol\",\"url\":\"https:\\\/\\\/www.boxrepsol.com\\\/es\\\/\",\"logo\":{\"@type\":\"ImageObject\",\"inLanguage\":\"es\",\"@id\":\"https:\\\/\\\/www.boxrepsol.com\\\/es\\\/#\\\/schema\\\/logo\\\/image\\\/\",\"url\":\"https:\\\/\\\/bxrepsol.s3.eu-west-1.amazonaws.com\\\/static\\\/2025\\\/07\\\/30083337\\\/favicon-96x96-1.png\",\"contentUrl\":\"https:\\\/\\\/bxrepsol.s3.eu-west-1.amazonaws.com\\\/static\\\/2025\\\/07\\\/30083337\\\/favicon-96x96-1.png\",\"width\":96,\"height\":96,\"caption\":\"Box Repsol\"},\"image\":{\"@id\":\"https:\\\/\\\/www.boxrepsol.com\\\/es\\\/#\\\/schema\\\/logo\\\/image\\\/\"},\"sameAs\":[\"https:\\\/\\\/www.facebook.com\\\/BoxRepsol\",\"https:\\\/\\\/x.com\\\/box_repsol\",\"http:\\\/\\\/instagram.com\\\/box_repsol\",\"https:\\\/\\\/www.youtube.com\\\/user\\\/RepsolCompeticion\",\"https:\\\/\\\/www.flickr.com\\\/photos\\\/box_repsol\\\/\"]},{\"@type\":\"Person\",\"@id\":\"https:\\\/\\\/www.boxrepsol.com\\\/es\\\/#\\\/schema\\\/person\\\/c5c2138f2cca251b0ad92b7086bb60b7\",\"name\":\"Redacci\u00f3n Box Repsol\",\"image\":{\"@type\":\"ImageObject\",\"inLanguage\":\"es\",\"@id\":\"https:\\\/\\\/secure.gravatar.com\\\/avatar\\\/adf7b77e38b4419baf32c7e9c21dde01f4e40df611f0978e3006fc4ba0aaab7e?s=96&d=mm&r=g\",\"url\":\"https:\\\/\\\/secure.gravatar.com\\\/avatar\\\/adf7b77e38b4419baf32c7e9c21dde01f4e40df611f0978e3006fc4ba0aaab7e?s=96&d=mm&r=g\",\"contentUrl\":\"https:\\\/\\\/secure.gravatar.com\\\/avatar\\\/adf7b77e38b4419baf32c7e9c21dde01f4e40df611f0978e3006fc4ba0aaab7e?s=96&d=mm&r=g\",\"caption\":\"Redacci\u00f3n Box Repsol\"},\"description\":\"Box Repsol lo forma un equipo de periodistas, community managers, dise\u00f1adores y fot\u00f3grafos con m\u00e1s de 20 a\u00f1os de experiencia en el mundo del motorsport. Hemos vivido el primer mundial de un espa\u00f1ol en la categor\u00eda reina de motociclismo con \u00c1lex Crivill\u00e9, estuvimos en las victorias de Pedrosa y los t\u00edtulos de M\u00e1rquez, acompa\u00f1amos en \u00c1frica a Nani Roma y Marc Coma en sus conquistas del Dakar y hemos vibrado con los t\u00edtulos de Toni Bou en Trial. Adem\u00e1s, en nuestro equipo contamos con expertos en el mundo de las dos y cuatro ruedas tanto de la calle y las carreteras, como de los circuitos. Periodistas que han trabajado en revistas y publicaciones para hacerte llegar desde rutas y consejos de mantenimiento, a curiosidades y trucos de pilotaje.\",\"sameAs\":[\"https:\\\/\\\/www.facebook.com\\\/BoxRepsol\\\/\",\"https:\\\/\\\/www.instagram.com\\\/box_repsol\\\/\",\"https:\\\/\\\/x.com\\\/https:\\\/\\\/twitter.com\\\/box_repsol\",\"https:\\\/\\\/www.youtube.com\\\/@Boxrepsol\"],\"url\":\"https:\\\/\\\/www.boxrepsol.com\\\/es\\\/author\\\/redaccion-box-repsol\\\/\"}]}<\/script>\n<!-- \/ Yoast SEO plugin. -->","yoast_head_json":{"title":"FIM CEV Repsol Jerez 2019 - Izan Guevara se proclama campe\u00f3n de la European Talent Cup en Jerez","description":"El piloto cierra el t\u00edtulo tras lograr una victoria y un podio en la sexta ronda del FIM CEV Repsol. Tatay, Pons y Moreira han sido los otros vencedores","canonical":"https:\/\/www.boxrepsol.com\/es\/motogp\/izan-guevara-se-proclama-campeon-la-european-talent-cup-jerez\/","og_locale":"es_ES","og_type":"article","og_title":"FIM CEV Repsol Jerez 2019 - Izan Guevara se proclama campe\u00f3n de la European Talent Cup en Jerez","og_description":"El piloto cierra el t\u00edtulo tras lograr una victoria y un podio en la sexta ronda del FIM CEV Repsol. Tatay, Pons y Moreira han sido los otros vencedores","og_url":"https:\/\/www.boxrepsol.com\/es\/motogp\/izan-guevara-se-proclama-campeon-la-european-talent-cup-jerez\/","og_site_name":"Box Repsol","article_publisher":"https:\/\/www.facebook.com\/BoxRepsol","article_author":"https:\/\/www.facebook.com\/BoxRepsol\/","article_published_time":"2019-09-30T02:00:00+00:00","article_modified_time":"2024-10-16T14:26:58+00:00","og_image":[{"width":1280,"height":600,"url":"https:\/\/bxrepsol.s3.eu-west-1.amazonaws.com\/static\/2022\/08\/29090157\/00_cev_jerez_2019.jpg","type":"image\/jpeg"}],"author":"Redacci\u00f3n Box Repsol","twitter_card":"summary_large_image","twitter_creator":"@https:\/\/twitter.com\/box_repsol","twitter_site":"@box_repsol","twitter_misc":{"Written by":"Redacci\u00f3n Box Repsol","Est. reading time":"3 minutos"},"schema":{"@context":"https:\/\/schema.org","@graph":[{"@type":"Article","@id":"https:\/\/www.boxrepsol.com\/es\/motogp\/izan-guevara-se-proclama-campeon-la-european-talent-cup-jerez\/#article","isPartOf":{"@id":"https:\/\/www.boxrepsol.com\/es\/motogp\/izan-guevara-se-proclama-campeon-la-european-talent-cup-jerez\/"},"author":{"name":"Redacci\u00f3n Box Repsol","@id":"https:\/\/www.boxrepsol.com\/es\/#\/schema\/person\/c5c2138f2cca251b0ad92b7086bb60b7"},"headline":"Izan Guevara se proclama campe\u00f3n de la European Talent Cup en Jerez","datePublished":"2019-09-30T02:00:00+00:00","dateModified":"2024-10-16T14:26:58+00:00","mainEntityOfPage":{"@id":"https:\/\/www.boxrepsol.com\/es\/motogp\/izan-guevara-se-proclama-campeon-la-european-talent-cup-jerez\/"},"wordCount":685,"commentCount":0,"publisher":{"@id":"https:\/\/www.boxrepsol.com\/es\/#organization"},"image":{"@id":"https:\/\/www.boxrepsol.com\/es\/motogp\/izan-guevara-se-proclama-campeon-la-european-talent-cup-jerez\/#primaryimage"},"thumbnailUrl":"https:\/\/bxrepsol.s3.eu-west-1.amazonaws.com\/static\/2022\/08\/29090157\/00_cev_jerez_2019.jpg","keywords":["otros eventos y competiciones"],"articleSection":["MotoGP"],"inLanguage":"es","potentialAction":[{"@type":"CommentAction","name":"Comment","target":["https:\/\/www.boxrepsol.com\/es\/motogp\/izan-guevara-se-proclama-campeon-la-european-talent-cup-jerez\/#respond"]}]},{"@type":"WebPage","@id":"https:\/\/www.boxrepsol.com\/es\/motogp\/izan-guevara-se-proclama-campeon-la-european-talent-cup-jerez\/","url":"https:\/\/www.boxrepsol.com\/es\/motogp\/izan-guevara-se-proclama-campeon-la-european-talent-cup-jerez\/","name":"FIM CEV Repsol Jerez 2019 - Izan Guevara se proclama campe\u00f3n de la European Talent Cup en Jerez","isPartOf":{"@id":"https:\/\/www.boxrepsol.com\/es\/#website"},"primaryImageOfPage":{"@id":"https:\/\/www.boxrepsol.com\/es\/motogp\/izan-guevara-se-proclama-campeon-la-european-talent-cup-jerez\/#primaryimage"},"image":{"@id":"https:\/\/www.boxrepsol.com\/es\/motogp\/izan-guevara-se-proclama-campeon-la-european-talent-cup-jerez\/#primaryimage"},"thumbnailUrl":"https:\/\/bxrepsol.s3.eu-west-1.amazonaws.com\/static\/2022\/08\/29090157\/00_cev_jerez_2019.jpg","datePublished":"2019-09-30T02:00:00+00:00","dateModified":"2024-10-16T14:26:58+00:00","description":"El piloto cierra el t\u00edtulo tras lograr una victoria y un podio en la sexta ronda del FIM CEV Repsol. Tatay, Pons y Moreira han sido los otros vencedores","breadcrumb":{"@id":"https:\/\/www.boxrepsol.com\/es\/motogp\/izan-guevara-se-proclama-campeon-la-european-talent-cup-jerez\/#breadcrumb"},"inLanguage":"es","potentialAction":[{"@type":"ReadAction","target":["https:\/\/www.boxrepsol.com\/es\/motogp\/izan-guevara-se-proclama-campeon-la-european-talent-cup-jerez\/"]}]},{"@type":"ImageObject","inLanguage":"es","@id":"https:\/\/www.boxrepsol.com\/es\/motogp\/izan-guevara-se-proclama-campeon-la-european-talent-cup-jerez\/#primaryimage","url":"https:\/\/bxrepsol.s3.eu-west-1.amazonaws.com\/static\/2022\/08\/29090157\/00_cev_jerez_2019.jpg","contentUrl":"https:\/\/bxrepsol.s3.eu-west-1.amazonaws.com\/static\/2022\/08\/29090157\/00_cev_jerez_2019.jpg","width":1280,"height":600,"caption":"FIM CEV Repsol en Jerez"},{"@type":"BreadcrumbList","@id":"https:\/\/www.boxrepsol.com\/es\/motogp\/izan-guevara-se-proclama-campeon-la-european-talent-cup-jerez\/#breadcrumb","itemListElement":[{"@type":"ListItem","position":1,"name":"Home","item":"https:\/\/www.boxrepsol.com\/es\/"},{"@type":"ListItem","position":2,"name":"Izan Guevara se proclama campe\u00f3n de la European Talent Cup en Jerez"}]},{"@type":"WebSite","@id":"https:\/\/www.boxrepsol.com\/es\/#website","url":"https:\/\/www.boxrepsol.com\/es\/","name":"Box Repsol","description":"Box Repsol Site","publisher":{"@id":"https:\/\/www.boxrepsol.com\/es\/#organization"},"potentialAction":[{"@type":"SearchAction","target":{"@type":"EntryPoint","urlTemplate":"https:\/\/www.boxrepsol.com\/es\/?s={search_term_string}"},"query-input":{"@type":"PropertyValueSpecification","valueRequired":true,"valueName":"search_term_string"}}],"inLanguage":"es"},{"@type":"Organization","@id":"https:\/\/www.boxrepsol.com\/es\/#organization","name":"Box Repsol","url":"https:\/\/www.boxrepsol.com\/es\/","logo":{"@type":"ImageObject","inLanguage":"es","@id":"https:\/\/www.boxrepsol.com\/es\/#\/schema\/logo\/image\/","url":"https:\/\/bxrepsol.s3.eu-west-1.amazonaws.com\/static\/2025\/07\/30083337\/favicon-96x96-1.png","contentUrl":"https:\/\/bxrepsol.s3.eu-west-1.amazonaws.com\/static\/2025\/07\/30083337\/favicon-96x96-1.png","width":96,"height":96,"caption":"Box Repsol"},"image":{"@id":"https:\/\/www.boxrepsol.com\/es\/#\/schema\/logo\/image\/"},"sameAs":["https:\/\/www.facebook.com\/BoxRepsol","https:\/\/x.com\/box_repsol","http:\/\/instagram.com\/box_repsol","https:\/\/www.youtube.com\/user\/RepsolCompeticion","https:\/\/www.flickr.com\/photos\/box_repsol\/"]},{"@type":"Person","@id":"https:\/\/www.boxrepsol.com\/es\/#\/schema\/person\/c5c2138f2cca251b0ad92b7086bb60b7","name":"Redacci\u00f3n Box Repsol","image":{"@type":"ImageObject","inLanguage":"es","@id":"https:\/\/secure.gravatar.com\/avatar\/adf7b77e38b4419baf32c7e9c21dde01f4e40df611f0978e3006fc4ba0aaab7e?s=96&d=mm&r=g","url":"https:\/\/secure.gravatar.com\/avatar\/adf7b77e38b4419baf32c7e9c21dde01f4e40df611f0978e3006fc4ba0aaab7e?s=96&d=mm&r=g","contentUrl":"https:\/\/secure.gravatar.com\/avatar\/adf7b77e38b4419baf32c7e9c21dde01f4e40df611f0978e3006fc4ba0aaab7e?s=96&d=mm&r=g","caption":"Redacci\u00f3n Box Repsol"},"description":"Box Repsol lo forma un equipo de periodistas, community managers, dise\u00f1adores y fot\u00f3grafos con m\u00e1s de 20 a\u00f1os de experiencia en el mundo del motorsport. Hemos vivido el primer mundial de un espa\u00f1ol en la categor\u00eda reina de motociclismo con \u00c1lex Crivill\u00e9, estuvimos en las victorias de Pedrosa y los t\u00edtulos de M\u00e1rquez, acompa\u00f1amos en \u00c1frica a Nani Roma y Marc Coma en sus conquistas del Dakar y hemos vibrado con los t\u00edtulos de Toni Bou en Trial. Adem\u00e1s, en nuestro equipo contamos con expertos en el mundo de las dos y cuatro ruedas tanto de la calle y las carreteras, como de los circuitos. Periodistas que han trabajado en revistas y publicaciones para hacerte llegar desde rutas y consejos de mantenimiento, a curiosidades y trucos de pilotaje.","sameAs":["https:\/\/www.facebook.com\/BoxRepsol\/","https:\/\/www.instagram.com\/box_repsol\/","https:\/\/x.com\/https:\/\/twitter.com\/box_repsol","https:\/\/www.youtube.com\/@Boxrepsol"],"url":"https:\/\/www.boxrepsol.com\/es\/author\/redaccion-box-repsol\/"}]}},"_links":{"self":[{"href":"https:\/\/www.boxrepsol.com\/es\/wp-json\/wp\/v2\/posts\/94142","targetHints":{"allow":["GET"]}}],"collection":[{"href":"https:\/\/www.boxrepsol.com\/es\/wp-json\/wp\/v2\/posts"}],"about":[{"href":"https:\/\/www.boxrepsol.com\/es\/wp-json\/wp\/v2\/types\/post"}],"author":[{"embeddable":true,"href":"https:\/\/www.boxrepsol.com\/es\/wp-json\/wp\/v2\/users\/43146"}],"replies":[{"embeddable":true,"href":"https:\/\/www.boxrepsol.com\/es\/wp-json\/wp\/v2\/comments?post=94142"}],"version-history":[{"count":2,"href":"https:\/\/www.boxrepsol.com\/es\/wp-json\/wp\/v2\/posts\/94142\/revisions"}],"predecessor-version":[{"id":121264,"href":"https:\/\/www.boxrepsol.com\/es\/wp-json\/wp\/v2\/posts\/94142\/revisions\/121264"}],"wp:featuredmedia":[{"embeddable":true,"href":"https:\/\/www.boxrepsol.com\/es\/wp-json\/wp\/v2\/media\/62594"}],"wp:attachment":[{"href":"https:\/\/www.boxrepsol.com\/es\/wp-json\/wp\/v2\/media?parent=94142"}],"wp:term":[{"taxonomy":"category","embeddable":true,"href":"https:\/\/www.boxrepsol.com\/es\/wp-json\/wp\/v2\/categories?post=94142"},{"taxonomy":"post_tag","embeddable":true,"href":"https:\/\/www.boxrepsol.com\/es\/wp-json\/wp\/v2\/tags?post=94142"}],"curies":[{"name":"wp","href":"https:\/\/api.w.org\/{rel}","templated":true}]}}