{"id":94129,"date":"2019-09-22T00:00:00","date_gmt":"2019-09-22T02:00:00","guid":{"rendered":"http:\/\/pre.boxrepsol.com\/sin-categorizar\/lopez-acaricia-podio-garcia-logra-una-meritoria-septima-posicion\/"},"modified":"2024-04-25T08:03:48","modified_gmt":"2024-04-25T10:03:48","slug":"lopez-acaricia-podio-garcia-logra-una-meritoria-septima-posicion","status":"publish","type":"post","link":"https:\/\/www.boxrepsol.com\/es\/motogp\/lopez-acaricia-podio-garcia-logra-una-meritoria-septima-posicion\/","title":{"rendered":"L\u00f3pez acaricia el podio y Garc\u00eda logra una meritoria s\u00e9ptima posici\u00f3n"},"content":{"rendered":"<p>Buena salida de <strong>Alonso L\u00f3pez<\/strong>, que se ha situado tercero y ha completado su primer paso por meta en segunda posici\u00f3n.<\/p>\n<p>Su compa\u00f1ero, <strong>Sergio Garc\u00eda<\/strong>, part\u00eda vigesimonoveno y ha recuperado seis posiciones en la primera vuelta. Ha ido remontando paulatinamente hasta alcanzar el grupo delantero durante la segunda mitad de la carrera y ha cruzado la meta en s\u00e9ptima posici\u00f3n.<\/p>\n<p>En los \u00faltimos giros, <strong>Alonso ha estado disput\u00e1ndose la segunda plaza con Foggia y Ogura<\/strong>, mientras su compa\u00f1ero Garc\u00eda hac\u00eda lo propio por la sexta con McPhee y Suzuki.<\/p>\n<p>                <!-- Imagen relacionada --><br \/>\n        <img loading=\"lazy\" decoding=\"async\" width=\"404\" height=\"336\" src=\"https:\/\/bxrepsol.s3.eu-west-1.amazonaws.com\/static\/2022\/08\/29090125\/Marquez-en-la-QP-de-Aragon-2019.jpg\" alt=\"\" \/><br \/>\n                <!-- Categor\u00eda --><br \/>\n            MotoGP<br \/>\n        <!-- T\u00edtulo --><br \/>\n        <a href=\"https:\/\/www.boxrepsol.com\/es\/motogp\/novena-pole-del-ano-marc-marquez\/\"><\/p>\n<h3>Novena \u2018pole\u2019 del a\u00f1o de Marc M\u00e1rquez<\/h3>\n<p>        <\/a><br \/>\n                    <!-- Fecha --><br \/>\n            hace 1 hora        <\/p>\n<h2>GP Arag\u00f3n 2019 &#8211; Carrera Moto3 &#8211; Declaraciones de los pilotos<\/h2>\n<p><strong>Alonso L\u00f3pez<\/strong><\/p>\n<p><em><strong>Estoy muy contento con el fin de semana que he hecho<\/strong>, porque tanto en mojado como en seco pod\u00edamos ir muy r\u00e1pido, y eso es algo muy positivo. Rodar solo en entrenamientos tambi\u00e9n me ha ayudado mucho a preparar la carrera. Al salir, me he mantenido siempre entre los tres o cuatro primeros, rodando bastante c\u00f3modo en el grupo. En la \u00faltima vuelta, he intentado adelantar a Foggia y Ogura, pero me han cerrado un poco y al final no he podido pasar. Pero <strong>me quedo con las buenas sensaciones <\/strong>que he tenido y estoy seguro de que si seguimos as\u00ed, podemos hacer un gran trabajo en las pr\u00f3ximas carreras. Gracias tambi\u00e9n al equipo y a toda la gente que me ha apoyado.<\/em><\/p>\n<hr\/>\n<p><strong>Sergio Garc\u00eda<\/strong><\/p>\n<p><em>Estoy muy contento, porque <strong>ha sido un fin de semana complicad<\/strong>o. En Misano nos cost\u00f3 mucho, est\u00e1bamos algo perdidos con la puesta a punto de la moto. Pero este fin de semana hemos trabajado m\u00e1s duro que nunca y al final lo hemos conseguido sacar adelante. A\u00fan nos falta un poco para dar un paso m\u00e1s, pero en esta carrera sal\u00eda 29\u00ba y he terminado 7\u00ba, rodando en el grupo delantero. <strong>Estoy m\u00e1s que satisfecho.<\/strong> Tengo que intentar que cuando llegue al primer grupo, lograr estar un poco m\u00e1s adelante, pero eso lo dejamos para la gira asi\u00e1tica. He disfrutado much\u00edsimo en esta carrera.<\/em><\/p>\n","protected":false},"excerpt":{"rendered":"<p>Los dos pilotos Repsol consiguen un buen resultado en la prueba aragonesa. L\u00f3pez, quinto, se queda a menos de dos d\u00e9cimas del podio y Garc\u00eda, s\u00e9ptimo, suma su mejor resultado de la temporada.<\/p>\n","protected":false},"author":43146,"featured_media":62537,"comment_status":"open","ping_status":"open","sticky":false,"template":"","format":"standard","meta":{"footnotes":""},"categories":[4],"tags":[141],"class_list":["post-94129","post","type-post","status-publish","format-standard","hentry","category-motogp","tag-motogp-aragon"],"yoast_head":"<!-- This site is optimized with the Yoast SEO plugin v27.3 - https:\/\/yoast.com\/product\/yoast-seo-wordpress\/ -->\n<title>GP de Arag\u00f3n 2019 - Carrera Moto3 - L\u00f3pez acaricia el podio y Garc\u00eda logra una meritoria s\u00e9ptima posici\u00f3n<\/title>\n<meta name=\"description\" content=\"L\u00f3pez, quinto, se queda a menos de dos d\u00e9cimas del podio y Garc\u00eda, s\u00e9ptimo, suma su mejor resultado de la temporada.\" \/>\n<link rel=\"canonical\" href=\"https:\/\/www.boxrepsol.com\/es\/motogp\/lopez-acaricia-podio-garcia-logra-una-meritoria-septima-posicion\/\" \/>\n<meta property=\"og:locale\" content=\"es_ES\" \/>\n<meta property=\"og:type\" content=\"article\" \/>\n<meta property=\"og:title\" content=\"GP de Arag\u00f3n 2019 - Carrera Moto3 - L\u00f3pez acaricia el podio y Garc\u00eda logra una meritoria s\u00e9ptima posici\u00f3n\" \/>\n<meta property=\"og:description\" content=\"L\u00f3pez, quinto, se queda a menos de dos d\u00e9cimas del podio y Garc\u00eda, s\u00e9ptimo, suma su mejor resultado de la temporada.\" \/>\n<meta property=\"og:url\" content=\"https:\/\/www.boxrepsol.com\/es\/motogp\/lopez-acaricia-podio-garcia-logra-una-meritoria-septima-posicion\/\" \/>\n<meta property=\"og:site_name\" content=\"Box Repsol\" \/>\n<meta property=\"article:publisher\" content=\"https:\/\/www.facebook.com\/BoxRepsol\" \/>\n<meta property=\"article:author\" content=\"https:\/\/www.facebook.com\/BoxRepsol\/\" \/>\n<meta property=\"article:published_time\" content=\"2019-09-22T02:00:00+00:00\" \/>\n<meta property=\"article:modified_time\" content=\"2024-04-25T10:03:48+00:00\" \/>\n<meta property=\"og:image\" content=\"https:\/\/bxrepsol.s3.eu-west-1.amazonaws.com\/static\/2022\/08\/29090127\/Pilotos-de-Moto3-en-Aragon-2019.jpg\" \/>\n\t<meta property=\"og:image:width\" content=\"1280\" \/>\n\t<meta property=\"og:image:height\" content=\"600\" \/>\n\t<meta property=\"og:image:type\" content=\"image\/jpeg\" \/>\n<meta name=\"author\" content=\"Redacci\u00f3n Box Repsol\" \/>\n<meta name=\"twitter:card\" content=\"summary_large_image\" \/>\n<meta name=\"twitter:creator\" content=\"@https:\/\/twitter.com\/box_repsol\" \/>\n<meta name=\"twitter:site\" content=\"@box_repsol\" \/>\n<meta name=\"twitter:label1\" content=\"Written by\" \/>\n\t<meta name=\"twitter:data1\" content=\"Redacci\u00f3n Box Repsol\" \/>\n\t<meta name=\"twitter:label2\" content=\"Est. reading time\" \/>\n\t<meta name=\"twitter:data2\" content=\"2 minutos\" \/>\n<script type=\"application\/ld+json\" class=\"yoast-schema-graph\">{\"@context\":\"https:\\\/\\\/schema.org\",\"@graph\":[{\"@type\":\"Article\",\"@id\":\"https:\\\/\\\/www.boxrepsol.com\\\/es\\\/motogp\\\/lopez-acaricia-podio-garcia-logra-una-meritoria-septima-posicion\\\/#article\",\"isPartOf\":{\"@id\":\"https:\\\/\\\/www.boxrepsol.com\\\/es\\\/motogp\\\/lopez-acaricia-podio-garcia-logra-una-meritoria-septima-posicion\\\/\"},\"author\":{\"name\":\"Redacci\u00f3n Box Repsol\",\"@id\":\"https:\\\/\\\/www.boxrepsol.com\\\/es\\\/#\\\/schema\\\/person\\\/c5c2138f2cca251b0ad92b7086bb60b7\"},\"headline\":\"L\u00f3pez acaricia el podio y Garc\u00eda logra una meritoria s\u00e9ptima posici\u00f3n\",\"datePublished\":\"2019-09-22T02:00:00+00:00\",\"dateModified\":\"2024-04-25T10:03:48+00:00\",\"mainEntityOfPage\":{\"@id\":\"https:\\\/\\\/www.boxrepsol.com\\\/es\\\/motogp\\\/lopez-acaricia-podio-garcia-logra-una-meritoria-septima-posicion\\\/\"},\"wordCount\":384,\"commentCount\":0,\"publisher\":{\"@id\":\"https:\\\/\\\/www.boxrepsol.com\\\/es\\\/#organization\"},\"image\":{\"@id\":\"https:\\\/\\\/www.boxrepsol.com\\\/es\\\/motogp\\\/lopez-acaricia-podio-garcia-logra-una-meritoria-septima-posicion\\\/#primaryimage\"},\"thumbnailUrl\":\"https:\\\/\\\/bxrepsol.s3.eu-west-1.amazonaws.com\\\/static\\\/2022\\\/08\\\/29090127\\\/Pilotos-de-Moto3-en-Aragon-2019.jpg\",\"keywords\":[\"MotoGP Arag\u00f3n\"],\"articleSection\":[\"MotoGP\"],\"inLanguage\":\"es\",\"potentialAction\":[{\"@type\":\"CommentAction\",\"name\":\"Comment\",\"target\":[\"https:\\\/\\\/www.boxrepsol.com\\\/es\\\/motogp\\\/lopez-acaricia-podio-garcia-logra-una-meritoria-septima-posicion\\\/#respond\"]}]},{\"@type\":\"WebPage\",\"@id\":\"https:\\\/\\\/www.boxrepsol.com\\\/es\\\/motogp\\\/lopez-acaricia-podio-garcia-logra-una-meritoria-septima-posicion\\\/\",\"url\":\"https:\\\/\\\/www.boxrepsol.com\\\/es\\\/motogp\\\/lopez-acaricia-podio-garcia-logra-una-meritoria-septima-posicion\\\/\",\"name\":\"GP de Arag\u00f3n 2019 - Carrera Moto3 - L\u00f3pez acaricia el podio y Garc\u00eda logra una meritoria s\u00e9ptima posici\u00f3n\",\"isPartOf\":{\"@id\":\"https:\\\/\\\/www.boxrepsol.com\\\/es\\\/#website\"},\"primaryImageOfPage\":{\"@id\":\"https:\\\/\\\/www.boxrepsol.com\\\/es\\\/motogp\\\/lopez-acaricia-podio-garcia-logra-una-meritoria-septima-posicion\\\/#primaryimage\"},\"image\":{\"@id\":\"https:\\\/\\\/www.boxrepsol.com\\\/es\\\/motogp\\\/lopez-acaricia-podio-garcia-logra-una-meritoria-septima-posicion\\\/#primaryimage\"},\"thumbnailUrl\":\"https:\\\/\\\/bxrepsol.s3.eu-west-1.amazonaws.com\\\/static\\\/2022\\\/08\\\/29090127\\\/Pilotos-de-Moto3-en-Aragon-2019.jpg\",\"datePublished\":\"2019-09-22T02:00:00+00:00\",\"dateModified\":\"2024-04-25T10:03:48+00:00\",\"description\":\"L\u00f3pez, quinto, se queda a menos de dos d\u00e9cimas del podio y Garc\u00eda, s\u00e9ptimo, suma su mejor resultado de la temporada.\",\"breadcrumb\":{\"@id\":\"https:\\\/\\\/www.boxrepsol.com\\\/es\\\/motogp\\\/lopez-acaricia-podio-garcia-logra-una-meritoria-septima-posicion\\\/#breadcrumb\"},\"inLanguage\":\"es\",\"potentialAction\":[{\"@type\":\"ReadAction\",\"target\":[\"https:\\\/\\\/www.boxrepsol.com\\\/es\\\/motogp\\\/lopez-acaricia-podio-garcia-logra-una-meritoria-septima-posicion\\\/\"]}]},{\"@type\":\"ImageObject\",\"inLanguage\":\"es\",\"@id\":\"https:\\\/\\\/www.boxrepsol.com\\\/es\\\/motogp\\\/lopez-acaricia-podio-garcia-logra-una-meritoria-septima-posicion\\\/#primaryimage\",\"url\":\"https:\\\/\\\/bxrepsol.s3.eu-west-1.amazonaws.com\\\/static\\\/2022\\\/08\\\/29090127\\\/Pilotos-de-Moto3-en-Aragon-2019.jpg\",\"contentUrl\":\"https:\\\/\\\/bxrepsol.s3.eu-west-1.amazonaws.com\\\/static\\\/2022\\\/08\\\/29090127\\\/Pilotos-de-Moto3-en-Aragon-2019.jpg\",\"width\":1280,\"height\":600,\"caption\":\"14 Aragon GP 19, 20, 21 y 22 de septiembre de 2019, circuito de Motorland, Alca\u00f1iz, Arag\u00f3n, Espa\u00f1a\"},{\"@type\":\"BreadcrumbList\",\"@id\":\"https:\\\/\\\/www.boxrepsol.com\\\/es\\\/motogp\\\/lopez-acaricia-podio-garcia-logra-una-meritoria-septima-posicion\\\/#breadcrumb\",\"itemListElement\":[{\"@type\":\"ListItem\",\"position\":1,\"name\":\"Home\",\"item\":\"https:\\\/\\\/www.boxrepsol.com\\\/es\\\/\"},{\"@type\":\"ListItem\",\"position\":2,\"name\":\"L\u00f3pez acaricia el podio y Garc\u00eda logra una meritoria s\u00e9ptima posici\u00f3n\"}]},{\"@type\":\"WebSite\",\"@id\":\"https:\\\/\\\/www.boxrepsol.com\\\/es\\\/#website\",\"url\":\"https:\\\/\\\/www.boxrepsol.com\\\/es\\\/\",\"name\":\"Box Repsol\",\"description\":\"Box Repsol Site\",\"publisher\":{\"@id\":\"https:\\\/\\\/www.boxrepsol.com\\\/es\\\/#organization\"},\"potentialAction\":[{\"@type\":\"SearchAction\",\"target\":{\"@type\":\"EntryPoint\",\"urlTemplate\":\"https:\\\/\\\/www.boxrepsol.com\\\/es\\\/?s={search_term_string}\"},\"query-input\":{\"@type\":\"PropertyValueSpecification\",\"valueRequired\":true,\"valueName\":\"search_term_string\"}}],\"inLanguage\":\"es\"},{\"@type\":\"Organization\",\"@id\":\"https:\\\/\\\/www.boxrepsol.com\\\/es\\\/#organization\",\"name\":\"Box Repsol\",\"url\":\"https:\\\/\\\/www.boxrepsol.com\\\/es\\\/\",\"logo\":{\"@type\":\"ImageObject\",\"inLanguage\":\"es\",\"@id\":\"https:\\\/\\\/www.boxrepsol.com\\\/es\\\/#\\\/schema\\\/logo\\\/image\\\/\",\"url\":\"https:\\\/\\\/bxrepsol.s3.eu-west-1.amazonaws.com\\\/static\\\/2025\\\/07\\\/30083337\\\/favicon-96x96-1.png\",\"contentUrl\":\"https:\\\/\\\/bxrepsol.s3.eu-west-1.amazonaws.com\\\/static\\\/2025\\\/07\\\/30083337\\\/favicon-96x96-1.png\",\"width\":96,\"height\":96,\"caption\":\"Box Repsol\"},\"image\":{\"@id\":\"https:\\\/\\\/www.boxrepsol.com\\\/es\\\/#\\\/schema\\\/logo\\\/image\\\/\"},\"sameAs\":[\"https:\\\/\\\/www.facebook.com\\\/BoxRepsol\",\"https:\\\/\\\/x.com\\\/box_repsol\",\"http:\\\/\\\/instagram.com\\\/box_repsol\",\"https:\\\/\\\/www.youtube.com\\\/user\\\/RepsolCompeticion\",\"https:\\\/\\\/www.flickr.com\\\/photos\\\/box_repsol\\\/\"]},{\"@type\":\"Person\",\"@id\":\"https:\\\/\\\/www.boxrepsol.com\\\/es\\\/#\\\/schema\\\/person\\\/c5c2138f2cca251b0ad92b7086bb60b7\",\"name\":\"Redacci\u00f3n Box Repsol\",\"image\":{\"@type\":\"ImageObject\",\"inLanguage\":\"es\",\"@id\":\"https:\\\/\\\/secure.gravatar.com\\\/avatar\\\/adf7b77e38b4419baf32c7e9c21dde01f4e40df611f0978e3006fc4ba0aaab7e?s=96&d=mm&r=g\",\"url\":\"https:\\\/\\\/secure.gravatar.com\\\/avatar\\\/adf7b77e38b4419baf32c7e9c21dde01f4e40df611f0978e3006fc4ba0aaab7e?s=96&d=mm&r=g\",\"contentUrl\":\"https:\\\/\\\/secure.gravatar.com\\\/avatar\\\/adf7b77e38b4419baf32c7e9c21dde01f4e40df611f0978e3006fc4ba0aaab7e?s=96&d=mm&r=g\",\"caption\":\"Redacci\u00f3n Box Repsol\"},\"description\":\"Box Repsol lo forma un equipo de periodistas, community managers, dise\u00f1adores y fot\u00f3grafos con m\u00e1s de 20 a\u00f1os de experiencia en el mundo del motorsport. Hemos vivido el primer mundial de un espa\u00f1ol en la categor\u00eda reina de motociclismo con \u00c1lex Crivill\u00e9, estuvimos en las victorias de Pedrosa y los t\u00edtulos de M\u00e1rquez, acompa\u00f1amos en \u00c1frica a Nani Roma y Marc Coma en sus conquistas del Dakar y hemos vibrado con los t\u00edtulos de Toni Bou en Trial. Adem\u00e1s, en nuestro equipo contamos con expertos en el mundo de las dos y cuatro ruedas tanto de la calle y las carreteras, como de los circuitos. Periodistas que han trabajado en revistas y publicaciones para hacerte llegar desde rutas y consejos de mantenimiento, a curiosidades y trucos de pilotaje.\",\"sameAs\":[\"https:\\\/\\\/www.facebook.com\\\/BoxRepsol\\\/\",\"https:\\\/\\\/www.instagram.com\\\/box_repsol\\\/\",\"https:\\\/\\\/x.com\\\/https:\\\/\\\/twitter.com\\\/box_repsol\",\"https:\\\/\\\/www.youtube.com\\\/@Boxrepsol\"],\"url\":\"https:\\\/\\\/www.boxrepsol.com\\\/es\\\/author\\\/redaccion-box-repsol\\\/\"}]}<\/script>\n<!-- \/ Yoast SEO plugin. -->","yoast_head_json":{"title":"GP de Arag\u00f3n 2019 - Carrera Moto3 - L\u00f3pez acaricia el podio y Garc\u00eda logra una meritoria s\u00e9ptima posici\u00f3n","description":"L\u00f3pez, quinto, se queda a menos de dos d\u00e9cimas del podio y Garc\u00eda, s\u00e9ptimo, suma su mejor resultado de la temporada.","canonical":"https:\/\/www.boxrepsol.com\/es\/motogp\/lopez-acaricia-podio-garcia-logra-una-meritoria-septima-posicion\/","og_locale":"es_ES","og_type":"article","og_title":"GP de Arag\u00f3n 2019 - Carrera Moto3 - L\u00f3pez acaricia el podio y Garc\u00eda logra una meritoria s\u00e9ptima posici\u00f3n","og_description":"L\u00f3pez, quinto, se queda a menos de dos d\u00e9cimas del podio y Garc\u00eda, s\u00e9ptimo, suma su mejor resultado de la temporada.","og_url":"https:\/\/www.boxrepsol.com\/es\/motogp\/lopez-acaricia-podio-garcia-logra-una-meritoria-septima-posicion\/","og_site_name":"Box Repsol","article_publisher":"https:\/\/www.facebook.com\/BoxRepsol","article_author":"https:\/\/www.facebook.com\/BoxRepsol\/","article_published_time":"2019-09-22T02:00:00+00:00","article_modified_time":"2024-04-25T10:03:48+00:00","og_image":[{"width":1280,"height":600,"url":"https:\/\/bxrepsol.s3.eu-west-1.amazonaws.com\/static\/2022\/08\/29090127\/Pilotos-de-Moto3-en-Aragon-2019.jpg","type":"image\/jpeg"}],"author":"Redacci\u00f3n Box Repsol","twitter_card":"summary_large_image","twitter_creator":"@https:\/\/twitter.com\/box_repsol","twitter_site":"@box_repsol","twitter_misc":{"Written by":"Redacci\u00f3n Box Repsol","Est. reading time":"2 minutos"},"schema":{"@context":"https:\/\/schema.org","@graph":[{"@type":"Article","@id":"https:\/\/www.boxrepsol.com\/es\/motogp\/lopez-acaricia-podio-garcia-logra-una-meritoria-septima-posicion\/#article","isPartOf":{"@id":"https:\/\/www.boxrepsol.com\/es\/motogp\/lopez-acaricia-podio-garcia-logra-una-meritoria-septima-posicion\/"},"author":{"name":"Redacci\u00f3n Box Repsol","@id":"https:\/\/www.boxrepsol.com\/es\/#\/schema\/person\/c5c2138f2cca251b0ad92b7086bb60b7"},"headline":"L\u00f3pez acaricia el podio y Garc\u00eda logra una meritoria s\u00e9ptima posici\u00f3n","datePublished":"2019-09-22T02:00:00+00:00","dateModified":"2024-04-25T10:03:48+00:00","mainEntityOfPage":{"@id":"https:\/\/www.boxrepsol.com\/es\/motogp\/lopez-acaricia-podio-garcia-logra-una-meritoria-septima-posicion\/"},"wordCount":384,"commentCount":0,"publisher":{"@id":"https:\/\/www.boxrepsol.com\/es\/#organization"},"image":{"@id":"https:\/\/www.boxrepsol.com\/es\/motogp\/lopez-acaricia-podio-garcia-logra-una-meritoria-septima-posicion\/#primaryimage"},"thumbnailUrl":"https:\/\/bxrepsol.s3.eu-west-1.amazonaws.com\/static\/2022\/08\/29090127\/Pilotos-de-Moto3-en-Aragon-2019.jpg","keywords":["MotoGP Arag\u00f3n"],"articleSection":["MotoGP"],"inLanguage":"es","potentialAction":[{"@type":"CommentAction","name":"Comment","target":["https:\/\/www.boxrepsol.com\/es\/motogp\/lopez-acaricia-podio-garcia-logra-una-meritoria-septima-posicion\/#respond"]}]},{"@type":"WebPage","@id":"https:\/\/www.boxrepsol.com\/es\/motogp\/lopez-acaricia-podio-garcia-logra-una-meritoria-septima-posicion\/","url":"https:\/\/www.boxrepsol.com\/es\/motogp\/lopez-acaricia-podio-garcia-logra-una-meritoria-septima-posicion\/","name":"GP de Arag\u00f3n 2019 - Carrera Moto3 - L\u00f3pez acaricia el podio y Garc\u00eda logra una meritoria s\u00e9ptima posici\u00f3n","isPartOf":{"@id":"https:\/\/www.boxrepsol.com\/es\/#website"},"primaryImageOfPage":{"@id":"https:\/\/www.boxrepsol.com\/es\/motogp\/lopez-acaricia-podio-garcia-logra-una-meritoria-septima-posicion\/#primaryimage"},"image":{"@id":"https:\/\/www.boxrepsol.com\/es\/motogp\/lopez-acaricia-podio-garcia-logra-una-meritoria-septima-posicion\/#primaryimage"},"thumbnailUrl":"https:\/\/bxrepsol.s3.eu-west-1.amazonaws.com\/static\/2022\/08\/29090127\/Pilotos-de-Moto3-en-Aragon-2019.jpg","datePublished":"2019-09-22T02:00:00+00:00","dateModified":"2024-04-25T10:03:48+00:00","description":"L\u00f3pez, quinto, se queda a menos de dos d\u00e9cimas del podio y Garc\u00eda, s\u00e9ptimo, suma su mejor resultado de la temporada.","breadcrumb":{"@id":"https:\/\/www.boxrepsol.com\/es\/motogp\/lopez-acaricia-podio-garcia-logra-una-meritoria-septima-posicion\/#breadcrumb"},"inLanguage":"es","potentialAction":[{"@type":"ReadAction","target":["https:\/\/www.boxrepsol.com\/es\/motogp\/lopez-acaricia-podio-garcia-logra-una-meritoria-septima-posicion\/"]}]},{"@type":"ImageObject","inLanguage":"es","@id":"https:\/\/www.boxrepsol.com\/es\/motogp\/lopez-acaricia-podio-garcia-logra-una-meritoria-septima-posicion\/#primaryimage","url":"https:\/\/bxrepsol.s3.eu-west-1.amazonaws.com\/static\/2022\/08\/29090127\/Pilotos-de-Moto3-en-Aragon-2019.jpg","contentUrl":"https:\/\/bxrepsol.s3.eu-west-1.amazonaws.com\/static\/2022\/08\/29090127\/Pilotos-de-Moto3-en-Aragon-2019.jpg","width":1280,"height":600,"caption":"14 Aragon GP 19, 20, 21 y 22 de septiembre de 2019, circuito de Motorland, Alca\u00f1iz, Arag\u00f3n, Espa\u00f1a"},{"@type":"BreadcrumbList","@id":"https:\/\/www.boxrepsol.com\/es\/motogp\/lopez-acaricia-podio-garcia-logra-una-meritoria-septima-posicion\/#breadcrumb","itemListElement":[{"@type":"ListItem","position":1,"name":"Home","item":"https:\/\/www.boxrepsol.com\/es\/"},{"@type":"ListItem","position":2,"name":"L\u00f3pez acaricia el podio y Garc\u00eda logra una meritoria s\u00e9ptima posici\u00f3n"}]},{"@type":"WebSite","@id":"https:\/\/www.boxrepsol.com\/es\/#website","url":"https:\/\/www.boxrepsol.com\/es\/","name":"Box Repsol","description":"Box Repsol Site","publisher":{"@id":"https:\/\/www.boxrepsol.com\/es\/#organization"},"potentialAction":[{"@type":"SearchAction","target":{"@type":"EntryPoint","urlTemplate":"https:\/\/www.boxrepsol.com\/es\/?s={search_term_string}"},"query-input":{"@type":"PropertyValueSpecification","valueRequired":true,"valueName":"search_term_string"}}],"inLanguage":"es"},{"@type":"Organization","@id":"https:\/\/www.boxrepsol.com\/es\/#organization","name":"Box Repsol","url":"https:\/\/www.boxrepsol.com\/es\/","logo":{"@type":"ImageObject","inLanguage":"es","@id":"https:\/\/www.boxrepsol.com\/es\/#\/schema\/logo\/image\/","url":"https:\/\/bxrepsol.s3.eu-west-1.amazonaws.com\/static\/2025\/07\/30083337\/favicon-96x96-1.png","contentUrl":"https:\/\/bxrepsol.s3.eu-west-1.amazonaws.com\/static\/2025\/07\/30083337\/favicon-96x96-1.png","width":96,"height":96,"caption":"Box Repsol"},"image":{"@id":"https:\/\/www.boxrepsol.com\/es\/#\/schema\/logo\/image\/"},"sameAs":["https:\/\/www.facebook.com\/BoxRepsol","https:\/\/x.com\/box_repsol","http:\/\/instagram.com\/box_repsol","https:\/\/www.youtube.com\/user\/RepsolCompeticion","https:\/\/www.flickr.com\/photos\/box_repsol\/"]},{"@type":"Person","@id":"https:\/\/www.boxrepsol.com\/es\/#\/schema\/person\/c5c2138f2cca251b0ad92b7086bb60b7","name":"Redacci\u00f3n Box Repsol","image":{"@type":"ImageObject","inLanguage":"es","@id":"https:\/\/secure.gravatar.com\/avatar\/adf7b77e38b4419baf32c7e9c21dde01f4e40df611f0978e3006fc4ba0aaab7e?s=96&d=mm&r=g","url":"https:\/\/secure.gravatar.com\/avatar\/adf7b77e38b4419baf32c7e9c21dde01f4e40df611f0978e3006fc4ba0aaab7e?s=96&d=mm&r=g","contentUrl":"https:\/\/secure.gravatar.com\/avatar\/adf7b77e38b4419baf32c7e9c21dde01f4e40df611f0978e3006fc4ba0aaab7e?s=96&d=mm&r=g","caption":"Redacci\u00f3n Box Repsol"},"description":"Box Repsol lo forma un equipo de periodistas, community managers, dise\u00f1adores y fot\u00f3grafos con m\u00e1s de 20 a\u00f1os de experiencia en el mundo del motorsport. Hemos vivido el primer mundial de un espa\u00f1ol en la categor\u00eda reina de motociclismo con \u00c1lex Crivill\u00e9, estuvimos en las victorias de Pedrosa y los t\u00edtulos de M\u00e1rquez, acompa\u00f1amos en \u00c1frica a Nani Roma y Marc Coma en sus conquistas del Dakar y hemos vibrado con los t\u00edtulos de Toni Bou en Trial. Adem\u00e1s, en nuestro equipo contamos con expertos en el mundo de las dos y cuatro ruedas tanto de la calle y las carreteras, como de los circuitos. Periodistas que han trabajado en revistas y publicaciones para hacerte llegar desde rutas y consejos de mantenimiento, a curiosidades y trucos de pilotaje.","sameAs":["https:\/\/www.facebook.com\/BoxRepsol\/","https:\/\/www.instagram.com\/box_repsol\/","https:\/\/x.com\/https:\/\/twitter.com\/box_repsol","https:\/\/www.youtube.com\/@Boxrepsol"],"url":"https:\/\/www.boxrepsol.com\/es\/author\/redaccion-box-repsol\/"}]}},"_links":{"self":[{"href":"https:\/\/www.boxrepsol.com\/es\/wp-json\/wp\/v2\/posts\/94129","targetHints":{"allow":["GET"]}}],"collection":[{"href":"https:\/\/www.boxrepsol.com\/es\/wp-json\/wp\/v2\/posts"}],"about":[{"href":"https:\/\/www.boxrepsol.com\/es\/wp-json\/wp\/v2\/types\/post"}],"author":[{"embeddable":true,"href":"https:\/\/www.boxrepsol.com\/es\/wp-json\/wp\/v2\/users\/43146"}],"replies":[{"embeddable":true,"href":"https:\/\/www.boxrepsol.com\/es\/wp-json\/wp\/v2\/comments?post=94129"}],"version-history":[{"count":1,"href":"https:\/\/www.boxrepsol.com\/es\/wp-json\/wp\/v2\/posts\/94129\/revisions"}],"predecessor-version":[{"id":94130,"href":"https:\/\/www.boxrepsol.com\/es\/wp-json\/wp\/v2\/posts\/94129\/revisions\/94130"}],"wp:featuredmedia":[{"embeddable":true,"href":"https:\/\/www.boxrepsol.com\/es\/wp-json\/wp\/v2\/media\/62537"}],"wp:attachment":[{"href":"https:\/\/www.boxrepsol.com\/es\/wp-json\/wp\/v2\/media?parent=94129"}],"wp:term":[{"taxonomy":"category","embeddable":true,"href":"https:\/\/www.boxrepsol.com\/es\/wp-json\/wp\/v2\/categories?post=94129"},{"taxonomy":"post_tag","embeddable":true,"href":"https:\/\/www.boxrepsol.com\/es\/wp-json\/wp\/v2\/tags?post=94129"}],"curies":[{"name":"wp","href":"https:\/\/api.w.org\/{rel}","templated":true}]}}