{"id":94121,"date":"2019-09-17T00:00:00","date_gmt":"2019-09-17T02:00:00","guid":{"rendered":"http:\/\/pre.boxrepsol.com\/sin-categorizar\/aragon-tercer-reto-casa-marc-marquez-jorge-lorenzo\/"},"modified":"2024-10-16T12:09:47","modified_gmt":"2024-10-16T14:09:47","slug":"aragon-tercer-reto-casa-marc-marquez-jorge-lorenzo","status":"publish","type":"post","link":"https:\/\/www.boxrepsol.com\/es\/motogp\/aragon-tercer-reto-casa-marc-marquez-jorge-lorenzo\/","title":{"rendered":"Arag\u00f3n, tercer reto en casa para Marc M\u00e1rquez y Jorge Lorenzo"},"content":{"rendered":"<p>Marc M\u00e1rquez llega a la decimocuarta cita de la temporada con su <strong>mayor ventaja de la temporada<\/strong> al frente de la clasificaci\u00f3n general, <strong>93 puntos<\/strong>.<\/p>\n<p>Desde la inauguraci\u00f3n del circuito en 2010, el vigente Campe\u00f3n del Mundo de MotoGP <strong>acumula cinco victorias en el trazado aragon\u00e9s<\/strong>: una en Moto2 (2011) y cuatro en MotoGP (2013, 2016, 2017 y 2018).<\/p>\n<p>Jorge Lorenzo tambi\u00e9n sabe lo que es ganar en MotorLand:<strong> logr\u00f3 dos triunfos consecutivos en 2014 y 2015<\/strong>, adem\u00e1s de cinco podios en 2011, 2012, 2013, 2016 y 2017.<\/p>\n<p>No te pierdas detalle de la competici\u00f3n siguiendo la clasificaci\u00f3n y calendario en boxrepsol.com<\/p>\n<p><!-- Imagen relacionada --><br \/>\n<img loading=\"lazy\" decoding=\"async\" src=\"https:\/\/bxrepsol.s3.eu-west-1.amazonaws.com\/static\/2022\/08\/05065806\/00_marc_marquez_curva_aragon_motogp_2018-1.jpg\" alt=\"Marc M\u00e1rquez en MotorLand arag\u00f3n\" width=\"404\" height=\"336\" \/><br \/>\n<!-- Categor\u00eda --><\/p>\n<p><!-- T\u00edtulo --><\/p>\n<h2>Horarios GP de Arag\u00f3n MotoGP 2019<\/h2>\n<p><!-- Fecha --><\/p>\n<h2>Previa GP Arag\u00f3n 2019 &#8211; Declaraciones de los pilotos<\/h2>\n<p>#MM93<\/p>\n<p><em><strong>Despu\u00e9s de una fant\u00e1stica victoria en Misano, estoy deseando correr de nuevo<\/strong>, especialmente en Arag\u00f3n, donde me siento como en casa, porque est\u00e1 muy cerca de Cervera. Es donde la mayor\u00eda de gente de mi ciudad viene a verme y los aficionados siempre ayudan a darme ese extra adicional. <\/em><\/p>\n<p><strong>Tenemos una buena ventaja en el campeonato<\/strong>, pero no cambia nuestro enfoque para el fin de semana; seguiremos empujando e intentando lograr nuestro m\u00e1ximo. A ver qu\u00e9 pasa en Arag\u00f3n.<\/p>\n<hr \/>\n<p>#JL99<\/p>\n<p><em><strong>El de Arag\u00f3n es un circuito que me gusta y donde he tenido algunos buenos resultados<\/strong> en el pasado. En Misano empezamos bien el fin de semana, as\u00ed que espero que podamos ser fuertes en Arag\u00f3n. <\/em><\/p>\n<p><strong>Nuestro objetivo es seguir reduciendo la distancia respecto a los de delante <\/strong>-mientras mejoro f\u00edsicamente- y terminar mejor de lo que lo hicimos en Silverstone y Misano. Ser\u00e1 una buena carrera delante de los aficionados de casa antes de empezar los viajes transoce\u00e1nicos.<\/p>\n","protected":false},"excerpt":{"rendered":"<p>Los pilotos del equipo Repsol Honda vuelven a competir en Espa\u00f1a por tercera ocasi\u00f3n esta temporada y apenas una semana despu\u00e9s del triunfo logrado por M\u00e1rquez en Misano.<\/p>\n","protected":false},"author":43146,"featured_media":62517,"comment_status":"open","ping_status":"open","sticky":false,"template":"","format":"standard","meta":{"footnotes":""},"categories":[4],"tags":[141],"class_list":["post-94121","post","type-post","status-publish","format-standard","hentry","category-motogp","tag-motogp-aragon"],"yoast_head":"<!-- This site is optimized with the Yoast SEO plugin v27.3 - https:\/\/yoast.com\/product\/yoast-seo-wordpress\/ -->\n<title>Previa GP Arag\u00f3n 2019 - Arag\u00f3n, tercer reto en casa para Marc M\u00e1rquez y Jorge Lorenzo<\/title>\n<meta name=\"description\" content=\"Los pilotos de Repsol Honda vuelven a competir en Espa\u00f1a por 3\u00aa vez esta temporada y apenas una semana despu\u00e9s del triunfo logrado por M\u00e1rquez en Misano.\" \/>\n<link rel=\"canonical\" href=\"https:\/\/www.boxrepsol.com\/es\/motogp\/aragon-tercer-reto-casa-marc-marquez-jorge-lorenzo\/\" \/>\n<meta property=\"og:locale\" content=\"es_ES\" \/>\n<meta property=\"og:type\" content=\"article\" \/>\n<meta property=\"og:title\" content=\"Previa GP Arag\u00f3n 2019 - Arag\u00f3n, tercer reto en casa para Marc M\u00e1rquez y Jorge Lorenzo\" \/>\n<meta property=\"og:description\" content=\"Los pilotos de Repsol Honda vuelven a competir en Espa\u00f1a por 3\u00aa vez esta temporada y apenas una semana despu\u00e9s del triunfo logrado por M\u00e1rquez en Misano.\" \/>\n<meta property=\"og:url\" content=\"https:\/\/www.boxrepsol.com\/es\/motogp\/aragon-tercer-reto-casa-marc-marquez-jorge-lorenzo\/\" \/>\n<meta property=\"og:site_name\" content=\"Box Repsol\" \/>\n<meta property=\"article:publisher\" content=\"https:\/\/www.facebook.com\/BoxRepsol\" \/>\n<meta property=\"article:author\" content=\"https:\/\/www.facebook.com\/BoxRepsol\/\" \/>\n<meta property=\"article:published_time\" content=\"2019-09-17T02:00:00+00:00\" \/>\n<meta property=\"article:modified_time\" content=\"2024-10-16T14:09:47+00:00\" \/>\n<meta property=\"og:image\" content=\"https:\/\/bxrepsol.s3.eu-west-1.amazonaws.com\/static\/2022\/08\/29090111\/00_marc_marquez_motogp_jorge_lorenzo_repsol_honda.jpg\" \/>\n\t<meta property=\"og:image:width\" content=\"1280\" \/>\n\t<meta property=\"og:image:height\" content=\"600\" \/>\n\t<meta property=\"og:image:type\" content=\"image\/jpeg\" \/>\n<meta name=\"author\" content=\"Redacci\u00f3n Box Repsol\" \/>\n<meta name=\"twitter:card\" content=\"summary_large_image\" \/>\n<meta name=\"twitter:creator\" content=\"@https:\/\/twitter.com\/box_repsol\" \/>\n<meta name=\"twitter:site\" content=\"@box_repsol\" \/>\n<meta name=\"twitter:label1\" content=\"Written by\" \/>\n\t<meta name=\"twitter:data1\" content=\"Redacci\u00f3n Box Repsol\" \/>\n\t<meta name=\"twitter:label2\" content=\"Est. reading time\" \/>\n\t<meta name=\"twitter:data2\" content=\"1 minuto\" \/>\n<script type=\"application\/ld+json\" class=\"yoast-schema-graph\">{\"@context\":\"https:\\\/\\\/schema.org\",\"@graph\":[{\"@type\":\"Article\",\"@id\":\"https:\\\/\\\/www.boxrepsol.com\\\/es\\\/motogp\\\/aragon-tercer-reto-casa-marc-marquez-jorge-lorenzo\\\/#article\",\"isPartOf\":{\"@id\":\"https:\\\/\\\/www.boxrepsol.com\\\/es\\\/motogp\\\/aragon-tercer-reto-casa-marc-marquez-jorge-lorenzo\\\/\"},\"author\":{\"name\":\"Redacci\u00f3n Box Repsol\",\"@id\":\"https:\\\/\\\/www.boxrepsol.com\\\/es\\\/#\\\/schema\\\/person\\\/c5c2138f2cca251b0ad92b7086bb60b7\"},\"headline\":\"Arag\u00f3n, tercer reto en casa para Marc M\u00e1rquez y Jorge Lorenzo\",\"datePublished\":\"2019-09-17T02:00:00+00:00\",\"dateModified\":\"2024-10-16T14:09:47+00:00\",\"mainEntityOfPage\":{\"@id\":\"https:\\\/\\\/www.boxrepsol.com\\\/es\\\/motogp\\\/aragon-tercer-reto-casa-marc-marquez-jorge-lorenzo\\\/\"},\"wordCount\":296,\"commentCount\":0,\"publisher\":{\"@id\":\"https:\\\/\\\/www.boxrepsol.com\\\/es\\\/#organization\"},\"image\":{\"@id\":\"https:\\\/\\\/www.boxrepsol.com\\\/es\\\/motogp\\\/aragon-tercer-reto-casa-marc-marquez-jorge-lorenzo\\\/#primaryimage\"},\"thumbnailUrl\":\"https:\\\/\\\/bxrepsol.s3.eu-west-1.amazonaws.com\\\/static\\\/2022\\\/08\\\/29090111\\\/00_marc_marquez_motogp_jorge_lorenzo_repsol_honda.jpg\",\"keywords\":[\"MotoGP Arag\u00f3n\"],\"articleSection\":[\"MotoGP\"],\"inLanguage\":\"es\",\"potentialAction\":[{\"@type\":\"CommentAction\",\"name\":\"Comment\",\"target\":[\"https:\\\/\\\/www.boxrepsol.com\\\/es\\\/motogp\\\/aragon-tercer-reto-casa-marc-marquez-jorge-lorenzo\\\/#respond\"]}]},{\"@type\":\"WebPage\",\"@id\":\"https:\\\/\\\/www.boxrepsol.com\\\/es\\\/motogp\\\/aragon-tercer-reto-casa-marc-marquez-jorge-lorenzo\\\/\",\"url\":\"https:\\\/\\\/www.boxrepsol.com\\\/es\\\/motogp\\\/aragon-tercer-reto-casa-marc-marquez-jorge-lorenzo\\\/\",\"name\":\"Previa GP Arag\u00f3n 2019 - Arag\u00f3n, tercer reto en casa para Marc M\u00e1rquez y Jorge Lorenzo\",\"isPartOf\":{\"@id\":\"https:\\\/\\\/www.boxrepsol.com\\\/es\\\/#website\"},\"primaryImageOfPage\":{\"@id\":\"https:\\\/\\\/www.boxrepsol.com\\\/es\\\/motogp\\\/aragon-tercer-reto-casa-marc-marquez-jorge-lorenzo\\\/#primaryimage\"},\"image\":{\"@id\":\"https:\\\/\\\/www.boxrepsol.com\\\/es\\\/motogp\\\/aragon-tercer-reto-casa-marc-marquez-jorge-lorenzo\\\/#primaryimage\"},\"thumbnailUrl\":\"https:\\\/\\\/bxrepsol.s3.eu-west-1.amazonaws.com\\\/static\\\/2022\\\/08\\\/29090111\\\/00_marc_marquez_motogp_jorge_lorenzo_repsol_honda.jpg\",\"datePublished\":\"2019-09-17T02:00:00+00:00\",\"dateModified\":\"2024-10-16T14:09:47+00:00\",\"description\":\"Los pilotos de Repsol Honda vuelven a competir en Espa\u00f1a por 3\u00aa vez esta temporada y apenas una semana despu\u00e9s del triunfo logrado por M\u00e1rquez en Misano.\",\"breadcrumb\":{\"@id\":\"https:\\\/\\\/www.boxrepsol.com\\\/es\\\/motogp\\\/aragon-tercer-reto-casa-marc-marquez-jorge-lorenzo\\\/#breadcrumb\"},\"inLanguage\":\"es\",\"potentialAction\":[{\"@type\":\"ReadAction\",\"target\":[\"https:\\\/\\\/www.boxrepsol.com\\\/es\\\/motogp\\\/aragon-tercer-reto-casa-marc-marquez-jorge-lorenzo\\\/\"]}]},{\"@type\":\"ImageObject\",\"inLanguage\":\"es\",\"@id\":\"https:\\\/\\\/www.boxrepsol.com\\\/es\\\/motogp\\\/aragon-tercer-reto-casa-marc-marquez-jorge-lorenzo\\\/#primaryimage\",\"url\":\"https:\\\/\\\/bxrepsol.s3.eu-west-1.amazonaws.com\\\/static\\\/2022\\\/08\\\/29090111\\\/00_marc_marquez_motogp_jorge_lorenzo_repsol_honda.jpg\",\"contentUrl\":\"https:\\\/\\\/bxrepsol.s3.eu-west-1.amazonaws.com\\\/static\\\/2022\\\/08\\\/29090111\\\/00_marc_marquez_motogp_jorge_lorenzo_repsol_honda.jpg\",\"width\":1280,\"height\":600,\"caption\":\"Previa GP Arag\u00f3n Marc M\u00e1rquez y Jorge Lorenzo\"},{\"@type\":\"BreadcrumbList\",\"@id\":\"https:\\\/\\\/www.boxrepsol.com\\\/es\\\/motogp\\\/aragon-tercer-reto-casa-marc-marquez-jorge-lorenzo\\\/#breadcrumb\",\"itemListElement\":[{\"@type\":\"ListItem\",\"position\":1,\"name\":\"Home\",\"item\":\"https:\\\/\\\/www.boxrepsol.com\\\/es\\\/\"},{\"@type\":\"ListItem\",\"position\":2,\"name\":\"Arag\u00f3n, tercer reto en casa para Marc M\u00e1rquez y Jorge Lorenzo\"}]},{\"@type\":\"WebSite\",\"@id\":\"https:\\\/\\\/www.boxrepsol.com\\\/es\\\/#website\",\"url\":\"https:\\\/\\\/www.boxrepsol.com\\\/es\\\/\",\"name\":\"Box Repsol\",\"description\":\"Box Repsol Site\",\"publisher\":{\"@id\":\"https:\\\/\\\/www.boxrepsol.com\\\/es\\\/#organization\"},\"potentialAction\":[{\"@type\":\"SearchAction\",\"target\":{\"@type\":\"EntryPoint\",\"urlTemplate\":\"https:\\\/\\\/www.boxrepsol.com\\\/es\\\/?s={search_term_string}\"},\"query-input\":{\"@type\":\"PropertyValueSpecification\",\"valueRequired\":true,\"valueName\":\"search_term_string\"}}],\"inLanguage\":\"es\"},{\"@type\":\"Organization\",\"@id\":\"https:\\\/\\\/www.boxrepsol.com\\\/es\\\/#organization\",\"name\":\"Box Repsol\",\"url\":\"https:\\\/\\\/www.boxrepsol.com\\\/es\\\/\",\"logo\":{\"@type\":\"ImageObject\",\"inLanguage\":\"es\",\"@id\":\"https:\\\/\\\/www.boxrepsol.com\\\/es\\\/#\\\/schema\\\/logo\\\/image\\\/\",\"url\":\"https:\\\/\\\/bxrepsol.s3.eu-west-1.amazonaws.com\\\/static\\\/2025\\\/07\\\/30083337\\\/favicon-96x96-1.png\",\"contentUrl\":\"https:\\\/\\\/bxrepsol.s3.eu-west-1.amazonaws.com\\\/static\\\/2025\\\/07\\\/30083337\\\/favicon-96x96-1.png\",\"width\":96,\"height\":96,\"caption\":\"Box Repsol\"},\"image\":{\"@id\":\"https:\\\/\\\/www.boxrepsol.com\\\/es\\\/#\\\/schema\\\/logo\\\/image\\\/\"},\"sameAs\":[\"https:\\\/\\\/www.facebook.com\\\/BoxRepsol\",\"https:\\\/\\\/x.com\\\/box_repsol\",\"http:\\\/\\\/instagram.com\\\/box_repsol\",\"https:\\\/\\\/www.youtube.com\\\/user\\\/RepsolCompeticion\",\"https:\\\/\\\/www.flickr.com\\\/photos\\\/box_repsol\\\/\"]},{\"@type\":\"Person\",\"@id\":\"https:\\\/\\\/www.boxrepsol.com\\\/es\\\/#\\\/schema\\\/person\\\/c5c2138f2cca251b0ad92b7086bb60b7\",\"name\":\"Redacci\u00f3n Box Repsol\",\"image\":{\"@type\":\"ImageObject\",\"inLanguage\":\"es\",\"@id\":\"https:\\\/\\\/secure.gravatar.com\\\/avatar\\\/adf7b77e38b4419baf32c7e9c21dde01f4e40df611f0978e3006fc4ba0aaab7e?s=96&d=mm&r=g\",\"url\":\"https:\\\/\\\/secure.gravatar.com\\\/avatar\\\/adf7b77e38b4419baf32c7e9c21dde01f4e40df611f0978e3006fc4ba0aaab7e?s=96&d=mm&r=g\",\"contentUrl\":\"https:\\\/\\\/secure.gravatar.com\\\/avatar\\\/adf7b77e38b4419baf32c7e9c21dde01f4e40df611f0978e3006fc4ba0aaab7e?s=96&d=mm&r=g\",\"caption\":\"Redacci\u00f3n Box Repsol\"},\"description\":\"Box Repsol lo forma un equipo de periodistas, community managers, dise\u00f1adores y fot\u00f3grafos con m\u00e1s de 20 a\u00f1os de experiencia en el mundo del motorsport. Hemos vivido el primer mundial de un espa\u00f1ol en la categor\u00eda reina de motociclismo con \u00c1lex Crivill\u00e9, estuvimos en las victorias de Pedrosa y los t\u00edtulos de M\u00e1rquez, acompa\u00f1amos en \u00c1frica a Nani Roma y Marc Coma en sus conquistas del Dakar y hemos vibrado con los t\u00edtulos de Toni Bou en Trial. Adem\u00e1s, en nuestro equipo contamos con expertos en el mundo de las dos y cuatro ruedas tanto de la calle y las carreteras, como de los circuitos. Periodistas que han trabajado en revistas y publicaciones para hacerte llegar desde rutas y consejos de mantenimiento, a curiosidades y trucos de pilotaje.\",\"sameAs\":[\"https:\\\/\\\/www.facebook.com\\\/BoxRepsol\\\/\",\"https:\\\/\\\/www.instagram.com\\\/box_repsol\\\/\",\"https:\\\/\\\/x.com\\\/https:\\\/\\\/twitter.com\\\/box_repsol\",\"https:\\\/\\\/www.youtube.com\\\/@Boxrepsol\"],\"url\":\"https:\\\/\\\/www.boxrepsol.com\\\/es\\\/author\\\/redaccion-box-repsol\\\/\"}]}<\/script>\n<!-- \/ Yoast SEO plugin. -->","yoast_head_json":{"title":"Previa GP Arag\u00f3n 2019 - Arag\u00f3n, tercer reto en casa para Marc M\u00e1rquez y Jorge Lorenzo","description":"Los pilotos de Repsol Honda vuelven a competir en Espa\u00f1a por 3\u00aa vez esta temporada y apenas una semana despu\u00e9s del triunfo logrado por M\u00e1rquez en Misano.","canonical":"https:\/\/www.boxrepsol.com\/es\/motogp\/aragon-tercer-reto-casa-marc-marquez-jorge-lorenzo\/","og_locale":"es_ES","og_type":"article","og_title":"Previa GP Arag\u00f3n 2019 - Arag\u00f3n, tercer reto en casa para Marc M\u00e1rquez y Jorge Lorenzo","og_description":"Los pilotos de Repsol Honda vuelven a competir en Espa\u00f1a por 3\u00aa vez esta temporada y apenas una semana despu\u00e9s del triunfo logrado por M\u00e1rquez en Misano.","og_url":"https:\/\/www.boxrepsol.com\/es\/motogp\/aragon-tercer-reto-casa-marc-marquez-jorge-lorenzo\/","og_site_name":"Box Repsol","article_publisher":"https:\/\/www.facebook.com\/BoxRepsol","article_author":"https:\/\/www.facebook.com\/BoxRepsol\/","article_published_time":"2019-09-17T02:00:00+00:00","article_modified_time":"2024-10-16T14:09:47+00:00","og_image":[{"width":1280,"height":600,"url":"https:\/\/bxrepsol.s3.eu-west-1.amazonaws.com\/static\/2022\/08\/29090111\/00_marc_marquez_motogp_jorge_lorenzo_repsol_honda.jpg","type":"image\/jpeg"}],"author":"Redacci\u00f3n Box Repsol","twitter_card":"summary_large_image","twitter_creator":"@https:\/\/twitter.com\/box_repsol","twitter_site":"@box_repsol","twitter_misc":{"Written by":"Redacci\u00f3n Box Repsol","Est. reading time":"1 minuto"},"schema":{"@context":"https:\/\/schema.org","@graph":[{"@type":"Article","@id":"https:\/\/www.boxrepsol.com\/es\/motogp\/aragon-tercer-reto-casa-marc-marquez-jorge-lorenzo\/#article","isPartOf":{"@id":"https:\/\/www.boxrepsol.com\/es\/motogp\/aragon-tercer-reto-casa-marc-marquez-jorge-lorenzo\/"},"author":{"name":"Redacci\u00f3n Box Repsol","@id":"https:\/\/www.boxrepsol.com\/es\/#\/schema\/person\/c5c2138f2cca251b0ad92b7086bb60b7"},"headline":"Arag\u00f3n, tercer reto en casa para Marc M\u00e1rquez y Jorge Lorenzo","datePublished":"2019-09-17T02:00:00+00:00","dateModified":"2024-10-16T14:09:47+00:00","mainEntityOfPage":{"@id":"https:\/\/www.boxrepsol.com\/es\/motogp\/aragon-tercer-reto-casa-marc-marquez-jorge-lorenzo\/"},"wordCount":296,"commentCount":0,"publisher":{"@id":"https:\/\/www.boxrepsol.com\/es\/#organization"},"image":{"@id":"https:\/\/www.boxrepsol.com\/es\/motogp\/aragon-tercer-reto-casa-marc-marquez-jorge-lorenzo\/#primaryimage"},"thumbnailUrl":"https:\/\/bxrepsol.s3.eu-west-1.amazonaws.com\/static\/2022\/08\/29090111\/00_marc_marquez_motogp_jorge_lorenzo_repsol_honda.jpg","keywords":["MotoGP Arag\u00f3n"],"articleSection":["MotoGP"],"inLanguage":"es","potentialAction":[{"@type":"CommentAction","name":"Comment","target":["https:\/\/www.boxrepsol.com\/es\/motogp\/aragon-tercer-reto-casa-marc-marquez-jorge-lorenzo\/#respond"]}]},{"@type":"WebPage","@id":"https:\/\/www.boxrepsol.com\/es\/motogp\/aragon-tercer-reto-casa-marc-marquez-jorge-lorenzo\/","url":"https:\/\/www.boxrepsol.com\/es\/motogp\/aragon-tercer-reto-casa-marc-marquez-jorge-lorenzo\/","name":"Previa GP Arag\u00f3n 2019 - Arag\u00f3n, tercer reto en casa para Marc M\u00e1rquez y Jorge Lorenzo","isPartOf":{"@id":"https:\/\/www.boxrepsol.com\/es\/#website"},"primaryImageOfPage":{"@id":"https:\/\/www.boxrepsol.com\/es\/motogp\/aragon-tercer-reto-casa-marc-marquez-jorge-lorenzo\/#primaryimage"},"image":{"@id":"https:\/\/www.boxrepsol.com\/es\/motogp\/aragon-tercer-reto-casa-marc-marquez-jorge-lorenzo\/#primaryimage"},"thumbnailUrl":"https:\/\/bxrepsol.s3.eu-west-1.amazonaws.com\/static\/2022\/08\/29090111\/00_marc_marquez_motogp_jorge_lorenzo_repsol_honda.jpg","datePublished":"2019-09-17T02:00:00+00:00","dateModified":"2024-10-16T14:09:47+00:00","description":"Los pilotos de Repsol Honda vuelven a competir en Espa\u00f1a por 3\u00aa vez esta temporada y apenas una semana despu\u00e9s del triunfo logrado por M\u00e1rquez en Misano.","breadcrumb":{"@id":"https:\/\/www.boxrepsol.com\/es\/motogp\/aragon-tercer-reto-casa-marc-marquez-jorge-lorenzo\/#breadcrumb"},"inLanguage":"es","potentialAction":[{"@type":"ReadAction","target":["https:\/\/www.boxrepsol.com\/es\/motogp\/aragon-tercer-reto-casa-marc-marquez-jorge-lorenzo\/"]}]},{"@type":"ImageObject","inLanguage":"es","@id":"https:\/\/www.boxrepsol.com\/es\/motogp\/aragon-tercer-reto-casa-marc-marquez-jorge-lorenzo\/#primaryimage","url":"https:\/\/bxrepsol.s3.eu-west-1.amazonaws.com\/static\/2022\/08\/29090111\/00_marc_marquez_motogp_jorge_lorenzo_repsol_honda.jpg","contentUrl":"https:\/\/bxrepsol.s3.eu-west-1.amazonaws.com\/static\/2022\/08\/29090111\/00_marc_marquez_motogp_jorge_lorenzo_repsol_honda.jpg","width":1280,"height":600,"caption":"Previa GP Arag\u00f3n Marc M\u00e1rquez y Jorge Lorenzo"},{"@type":"BreadcrumbList","@id":"https:\/\/www.boxrepsol.com\/es\/motogp\/aragon-tercer-reto-casa-marc-marquez-jorge-lorenzo\/#breadcrumb","itemListElement":[{"@type":"ListItem","position":1,"name":"Home","item":"https:\/\/www.boxrepsol.com\/es\/"},{"@type":"ListItem","position":2,"name":"Arag\u00f3n, tercer reto en casa para Marc M\u00e1rquez y Jorge Lorenzo"}]},{"@type":"WebSite","@id":"https:\/\/www.boxrepsol.com\/es\/#website","url":"https:\/\/www.boxrepsol.com\/es\/","name":"Box Repsol","description":"Box Repsol Site","publisher":{"@id":"https:\/\/www.boxrepsol.com\/es\/#organization"},"potentialAction":[{"@type":"SearchAction","target":{"@type":"EntryPoint","urlTemplate":"https:\/\/www.boxrepsol.com\/es\/?s={search_term_string}"},"query-input":{"@type":"PropertyValueSpecification","valueRequired":true,"valueName":"search_term_string"}}],"inLanguage":"es"},{"@type":"Organization","@id":"https:\/\/www.boxrepsol.com\/es\/#organization","name":"Box Repsol","url":"https:\/\/www.boxrepsol.com\/es\/","logo":{"@type":"ImageObject","inLanguage":"es","@id":"https:\/\/www.boxrepsol.com\/es\/#\/schema\/logo\/image\/","url":"https:\/\/bxrepsol.s3.eu-west-1.amazonaws.com\/static\/2025\/07\/30083337\/favicon-96x96-1.png","contentUrl":"https:\/\/bxrepsol.s3.eu-west-1.amazonaws.com\/static\/2025\/07\/30083337\/favicon-96x96-1.png","width":96,"height":96,"caption":"Box Repsol"},"image":{"@id":"https:\/\/www.boxrepsol.com\/es\/#\/schema\/logo\/image\/"},"sameAs":["https:\/\/www.facebook.com\/BoxRepsol","https:\/\/x.com\/box_repsol","http:\/\/instagram.com\/box_repsol","https:\/\/www.youtube.com\/user\/RepsolCompeticion","https:\/\/www.flickr.com\/photos\/box_repsol\/"]},{"@type":"Person","@id":"https:\/\/www.boxrepsol.com\/es\/#\/schema\/person\/c5c2138f2cca251b0ad92b7086bb60b7","name":"Redacci\u00f3n Box Repsol","image":{"@type":"ImageObject","inLanguage":"es","@id":"https:\/\/secure.gravatar.com\/avatar\/adf7b77e38b4419baf32c7e9c21dde01f4e40df611f0978e3006fc4ba0aaab7e?s=96&d=mm&r=g","url":"https:\/\/secure.gravatar.com\/avatar\/adf7b77e38b4419baf32c7e9c21dde01f4e40df611f0978e3006fc4ba0aaab7e?s=96&d=mm&r=g","contentUrl":"https:\/\/secure.gravatar.com\/avatar\/adf7b77e38b4419baf32c7e9c21dde01f4e40df611f0978e3006fc4ba0aaab7e?s=96&d=mm&r=g","caption":"Redacci\u00f3n Box Repsol"},"description":"Box Repsol lo forma un equipo de periodistas, community managers, dise\u00f1adores y fot\u00f3grafos con m\u00e1s de 20 a\u00f1os de experiencia en el mundo del motorsport. Hemos vivido el primer mundial de un espa\u00f1ol en la categor\u00eda reina de motociclismo con \u00c1lex Crivill\u00e9, estuvimos en las victorias de Pedrosa y los t\u00edtulos de M\u00e1rquez, acompa\u00f1amos en \u00c1frica a Nani Roma y Marc Coma en sus conquistas del Dakar y hemos vibrado con los t\u00edtulos de Toni Bou en Trial. Adem\u00e1s, en nuestro equipo contamos con expertos en el mundo de las dos y cuatro ruedas tanto de la calle y las carreteras, como de los circuitos. Periodistas que han trabajado en revistas y publicaciones para hacerte llegar desde rutas y consejos de mantenimiento, a curiosidades y trucos de pilotaje.","sameAs":["https:\/\/www.facebook.com\/BoxRepsol\/","https:\/\/www.instagram.com\/box_repsol\/","https:\/\/x.com\/https:\/\/twitter.com\/box_repsol","https:\/\/www.youtube.com\/@Boxrepsol"],"url":"https:\/\/www.boxrepsol.com\/es\/author\/redaccion-box-repsol\/"}]}},"_links":{"self":[{"href":"https:\/\/www.boxrepsol.com\/es\/wp-json\/wp\/v2\/posts\/94121","targetHints":{"allow":["GET"]}}],"collection":[{"href":"https:\/\/www.boxrepsol.com\/es\/wp-json\/wp\/v2\/posts"}],"about":[{"href":"https:\/\/www.boxrepsol.com\/es\/wp-json\/wp\/v2\/types\/post"}],"author":[{"embeddable":true,"href":"https:\/\/www.boxrepsol.com\/es\/wp-json\/wp\/v2\/users\/43146"}],"replies":[{"embeddable":true,"href":"https:\/\/www.boxrepsol.com\/es\/wp-json\/wp\/v2\/comments?post=94121"}],"version-history":[{"count":4,"href":"https:\/\/www.boxrepsol.com\/es\/wp-json\/wp\/v2\/posts\/94121\/revisions"}],"predecessor-version":[{"id":121246,"href":"https:\/\/www.boxrepsol.com\/es\/wp-json\/wp\/v2\/posts\/94121\/revisions\/121246"}],"wp:featuredmedia":[{"embeddable":true,"href":"https:\/\/www.boxrepsol.com\/es\/wp-json\/wp\/v2\/media\/62517"}],"wp:attachment":[{"href":"https:\/\/www.boxrepsol.com\/es\/wp-json\/wp\/v2\/media?parent=94121"}],"wp:term":[{"taxonomy":"category","embeddable":true,"href":"https:\/\/www.boxrepsol.com\/es\/wp-json\/wp\/v2\/categories?post=94121"},{"taxonomy":"post_tag","embeddable":true,"href":"https:\/\/www.boxrepsol.com\/es\/wp-json\/wp\/v2\/tags?post=94121"}],"curies":[{"name":"wp","href":"https:\/\/api.w.org\/{rel}","templated":true}]}}