{"id":94110,"date":"2019-09-12T00:00:00","date_gmt":"2019-09-12T02:00:00","guid":{"rendered":"http:\/\/pre.boxrepsol.com\/sin-categorizar\/motero-no-solo-conducir-motos\/"},"modified":"2024-04-25T08:08:25","modified_gmt":"2024-04-25T10:08:25","slug":"motero-no-solo-conducir-motos","status":"publish","type":"post","link":"https:\/\/www.boxrepsol.com\/es\/cultura-motera\/motero-no-solo-conducir-motos\/","title":{"rendered":"Ser motero no es s\u00f3lo conducir motos"},"content":{"rendered":"\n<p>Ser motero no es solo conducir motos. Amar todo lo que conforma el universo de la motocicleta es en s\u00ed mismo una actitud. Por el contrario, <strong>no tener moto es s\u00f3lo una circunstancia. Que nadie te haga creer lo contrario<\/strong>.<\/p>\n\n\n\n<p><strong>Muchos aficionados asimilan la cultura motociclista desde j\u00f3venes<\/strong> gracias a la devoci\u00f3n familiar por los veh\u00edculos de dos ruedas. <strong>Otros, sin embargo, no lo tienen tan f\u00e1cil<\/strong> <strong>para acceder a su primera moto<\/strong>. Si eres un adolescente y est\u00e1s en este segundo grupo, no desesperes. Si eres adulto pero te encantan las motos igualmente, tampoco tienes motivo para hacerlo.<\/p>\n\n\n\n<figure class=\"wp-block-image\"><img decoding=\"async\" src=\"https:\/\/bxrepsol.s3.eu-west-1.amazonaws.com\/static\/2022\/08\/29090052\/padre_e_hijo_arreglando_moto-2.jpg\" alt=\"\"\/><figcaption class=\"wp-element-caption\">padre_e_hijo_arreglando_moto<\/figcaption><\/figure>\n\n\n\n<p><strong>Sentirse motero no se limita exclusivamente a montar en moto. <\/strong>Consiste, m\u00e1s bien, en desarrollar el inter\u00e9s por la motocicleta en cualquiera de sus formas. Puede que te interese la oferta actual de magn\u00edficas m\u00e1quinas disponibles en la gama de infinidad de fabricantes, o puede que sea el lado deportivo con las apasionantes carreras de velocidad, motocross o cualquier otra disciplina lo que m\u00e1s te haya llamado la atenci\u00f3n.<\/p>\n\n\n\n<p>La historia del motociclismo, la mec\u00e1nica o la tecnolog\u00eda de vanguardia tambi\u00e9n pueden haber conquistado tu inter\u00e9s por nuestro de veh\u00edculo preferido. Tampoco conviene caer en la confusi\u00f3n. <strong>En la era de las redes sociales resulta muy f\u00e1cil parecer motero, algo distinto a sentirse un verdadero motorista<\/strong> <strong>aunque no tengas moto<\/strong>. El inter\u00e9s por la motocicleta consiste en realidad en mucho m\u00e1s.<\/p>\n\n\n\n<figure class=\"wp-block-image\"><img decoding=\"async\" src=\"https:\/\/bxrepsol.s3.eu-west-1.amazonaws.com\/static\/2022\/08\/29090053\/alex_criville_gpchecoslovaquia_1989-2.jpg\" alt=\"\"\/><figcaption class=\"wp-element-caption\">alex_criville_gpchecoslovaquia_1989<\/figcaption><\/figure>\n\n\n\n<p>La historia de las carreras o la evoluci\u00f3n t\u00e9cnica con <strong>incontables motos inolvidables modelos puede acaparar toda tu atenci\u00f3n sin llegar a salir del sal\u00f3n de tu casa<\/strong>. Aunque no tuvieran moto, como pueda ser tu caso, el motociclismo ha cautivado a millones de personas antes que a ti.<\/p>\n\n\n\n<p>Desde las primeras cr\u00f3nicas deportivas y pruebas de motocicletas en peri\u00f3dicos de principios del siglo XX a la literatura disponible con libros y publicaciones s\u00faper especializadas, pasando por documentales e inagotable informaci\u00f3n disponible en Internet, <strong>existe un inabarcable conocimiento motociclista que ha guiado la afici\u00f3n de muchos que nunca han llegado a subirse a una moto<\/strong>.<\/p>\n\n\n\n<figure class=\"wp-block-image\"><img decoding=\"async\" src=\"https:\/\/bxrepsol.s3.eu-west-1.amazonaws.com\/static\/2022\/08\/29090054\/alumnos_escuela_monlau_competicion-2.jpg\" alt=\"\"\/><figcaption class=\"wp-element-caption\">alumnos_escuela_monlau_competicion<\/figcaption><\/figure>\n\n\n\n<p>En el lado opuesto, no hay que olvidar que <strong>miles de moteros sin moto se han convertido en consumados especialistas<\/strong> cuando ha llegado la oportunidad de tener su primera m\u00e1quina. <strong>Muchos han hecho de su amor por la motocicleta el eje central de su ocupaci\u00f3n profesional<\/strong>.<\/p>\n\n\n\n<p>Si eres amante de la literatura y los viajes, <strong>existe una infinidad de t\u00edtulos que te trasladar\u00e1n a los lugares m\u00e1s inaccesibles del planeta al manillar de una moto<\/strong>.<\/p>\n\n\n\n<p>Aunque seas un motero sin moto, siempre hay algo que puedes hacer mientras llega el momento de estrenar su primera m\u00e1quina: ganar experiencia. <strong>Puedes ir obteniendo las distintas licencias. El proceso te\u00f3rico y pr\u00e1ctico te dar\u00e1 un impagable conocimiento y te convertir\u00e1 en un motorista m\u00e1s seguro<\/strong> y mejor cuando por fin salgas a la v\u00eda p\u00fablica con tu propia moto.<\/p>\n\n\n\n<p>Por \u00faltimo, no es necesario poseer una moto para ganar experiencia. <strong>Rod\u00e9ate del ambiente adecuado, observa, pregunta, deduce, asimila tanto conocimiento como puedas y practica en condiciones seguras<\/strong>. Cuanta m\u00e1s experiencia tengas, mejor preparado estar\u00e1s para dar el gran paso de tener tu primera moto. Tambi\u00e9n ser\u00e1s muy libre de no llegar a tener una moto, eso no te hace menos motero.<\/p>\n","protected":false},"excerpt":{"rendered":"<p>Ser un apasionado de las motos y no tener moto es perfectamente compatible. Y si no te lo crees, aqu\u00ed te damos un mont\u00f3n de ideas y sugerencias para vivir la moto de otra forma que no sea ir montado en ella.<\/p>\n","protected":false},"author":43146,"featured_media":62490,"comment_status":"open","ping_status":"open","sticky":false,"template":"","format":"standard","meta":{"footnotes":""},"categories":[160],"tags":[124],"class_list":["post-94110","post","type-post","status-publish","format-standard","hentry","category-cultura-motera","tag-moteros"],"yoast_head":"<!-- This site is optimized with the Yoast SEO plugin v27.3 - https:\/\/yoast.com\/product\/yoast-seo-wordpress\/ -->\n<title>Ser motero no es solo conducir motos<\/title>\n<meta name=\"description\" content=\"Ser motero no es solo conducir motos. Amar todo lo que conforma el universo de la motocicleta es en s\u00ed mismo una actitud. Por el contrario, no tener moto\" \/>\n<link rel=\"canonical\" href=\"https:\/\/www.boxrepsol.com\/es\/cultura-motera\/motero-no-solo-conducir-motos\/\" \/>\n<meta property=\"og:locale\" content=\"es_ES\" \/>\n<meta property=\"og:type\" content=\"article\" \/>\n<meta property=\"og:title\" content=\"Ser motero no es solo conducir motos\" \/>\n<meta property=\"og:description\" content=\"Ser motero no es solo conducir motos. Amar todo lo que conforma el universo de la motocicleta es en s\u00ed mismo una actitud. Por el contrario, no tener moto\" \/>\n<meta property=\"og:url\" content=\"https:\/\/www.boxrepsol.com\/es\/cultura-motera\/motero-no-solo-conducir-motos\/\" \/>\n<meta property=\"og:site_name\" content=\"Box Repsol\" \/>\n<meta property=\"article:publisher\" content=\"https:\/\/www.facebook.com\/BoxRepsol\" \/>\n<meta property=\"article:author\" content=\"https:\/\/www.facebook.com\/BoxRepsol\/\" \/>\n<meta property=\"article:published_time\" content=\"2019-09-12T02:00:00+00:00\" \/>\n<meta property=\"article:modified_time\" content=\"2024-04-25T10:08:25+00:00\" \/>\n<meta property=\"og:image\" content=\"https:\/\/bxrepsol.s3.eu-west-1.amazonaws.com\/static\/2022\/08\/29090056\/motero_sin_moto_header-1.jpg\" \/>\n\t<meta property=\"og:image:width\" content=\"1280\" \/>\n\t<meta property=\"og:image:height\" content=\"600\" \/>\n\t<meta property=\"og:image:type\" content=\"image\/jpeg\" \/>\n<meta name=\"author\" content=\"Redacci\u00f3n Box Repsol\" \/>\n<meta name=\"twitter:card\" content=\"summary_large_image\" \/>\n<meta name=\"twitter:creator\" content=\"@https:\/\/twitter.com\/box_repsol\" \/>\n<meta name=\"twitter:site\" content=\"@box_repsol\" \/>\n<meta name=\"twitter:label1\" content=\"Written by\" \/>\n\t<meta name=\"twitter:data1\" content=\"Redacci\u00f3n Box Repsol\" \/>\n\t<meta name=\"twitter:label2\" content=\"Est. reading time\" \/>\n\t<meta name=\"twitter:data2\" content=\"3 minutos\" \/>\n<script type=\"application\/ld+json\" class=\"yoast-schema-graph\">{\"@context\":\"https:\\\/\\\/schema.org\",\"@graph\":[{\"@type\":\"Article\",\"@id\":\"https:\\\/\\\/www.boxrepsol.com\\\/es\\\/cultura-motera\\\/motero-no-solo-conducir-motos\\\/#article\",\"isPartOf\":{\"@id\":\"https:\\\/\\\/www.boxrepsol.com\\\/es\\\/cultura-motera\\\/motero-no-solo-conducir-motos\\\/\"},\"author\":{\"name\":\"Redacci\u00f3n Box Repsol\",\"@id\":\"https:\\\/\\\/www.boxrepsol.com\\\/es\\\/#\\\/schema\\\/person\\\/c5c2138f2cca251b0ad92b7086bb60b7\"},\"headline\":\"Ser motero no es s\u00f3lo conducir motos\",\"datePublished\":\"2019-09-12T02:00:00+00:00\",\"dateModified\":\"2024-04-25T10:08:25+00:00\",\"mainEntityOfPage\":{\"@id\":\"https:\\\/\\\/www.boxrepsol.com\\\/es\\\/cultura-motera\\\/motero-no-solo-conducir-motos\\\/\"},\"wordCount\":599,\"commentCount\":0,\"publisher\":{\"@id\":\"https:\\\/\\\/www.boxrepsol.com\\\/es\\\/#organization\"},\"image\":{\"@id\":\"https:\\\/\\\/www.boxrepsol.com\\\/es\\\/cultura-motera\\\/motero-no-solo-conducir-motos\\\/#primaryimage\"},\"thumbnailUrl\":\"https:\\\/\\\/bxrepsol.s3.eu-west-1.amazonaws.com\\\/static\\\/2022\\\/08\\\/29090056\\\/motero_sin_moto_header-1.jpg\",\"keywords\":[\"moteros\"],\"articleSection\":[\"Cultura Motera\"],\"inLanguage\":\"es\",\"potentialAction\":[{\"@type\":\"CommentAction\",\"name\":\"Comment\",\"target\":[\"https:\\\/\\\/www.boxrepsol.com\\\/es\\\/cultura-motera\\\/motero-no-solo-conducir-motos\\\/#respond\"]}]},{\"@type\":\"WebPage\",\"@id\":\"https:\\\/\\\/www.boxrepsol.com\\\/es\\\/cultura-motera\\\/motero-no-solo-conducir-motos\\\/\",\"url\":\"https:\\\/\\\/www.boxrepsol.com\\\/es\\\/cultura-motera\\\/motero-no-solo-conducir-motos\\\/\",\"name\":\"Ser motero no es solo conducir motos\",\"isPartOf\":{\"@id\":\"https:\\\/\\\/www.boxrepsol.com\\\/es\\\/#website\"},\"primaryImageOfPage\":{\"@id\":\"https:\\\/\\\/www.boxrepsol.com\\\/es\\\/cultura-motera\\\/motero-no-solo-conducir-motos\\\/#primaryimage\"},\"image\":{\"@id\":\"https:\\\/\\\/www.boxrepsol.com\\\/es\\\/cultura-motera\\\/motero-no-solo-conducir-motos\\\/#primaryimage\"},\"thumbnailUrl\":\"https:\\\/\\\/bxrepsol.s3.eu-west-1.amazonaws.com\\\/static\\\/2022\\\/08\\\/29090056\\\/motero_sin_moto_header-1.jpg\",\"datePublished\":\"2019-09-12T02:00:00+00:00\",\"dateModified\":\"2024-04-25T10:08:25+00:00\",\"description\":\"Ser motero no es solo conducir motos. Amar todo lo que conforma el universo de la motocicleta es en s\u00ed mismo una actitud. Por el contrario, no tener moto\",\"breadcrumb\":{\"@id\":\"https:\\\/\\\/www.boxrepsol.com\\\/es\\\/cultura-motera\\\/motero-no-solo-conducir-motos\\\/#breadcrumb\"},\"inLanguage\":\"es\",\"potentialAction\":[{\"@type\":\"ReadAction\",\"target\":[\"https:\\\/\\\/www.boxrepsol.com\\\/es\\\/cultura-motera\\\/motero-no-solo-conducir-motos\\\/\"]}]},{\"@type\":\"ImageObject\",\"inLanguage\":\"es\",\"@id\":\"https:\\\/\\\/www.boxrepsol.com\\\/es\\\/cultura-motera\\\/motero-no-solo-conducir-motos\\\/#primaryimage\",\"url\":\"https:\\\/\\\/bxrepsol.s3.eu-west-1.amazonaws.com\\\/static\\\/2022\\\/08\\\/29090056\\\/motero_sin_moto_header-1.jpg\",\"contentUrl\":\"https:\\\/\\\/bxrepsol.s3.eu-west-1.amazonaws.com\\\/static\\\/2022\\\/08\\\/29090056\\\/motero_sin_moto_header-1.jpg\",\"width\":1280,\"height\":600,\"caption\":\"ni\u00f1o_motero_Viendo_motogp_en_la_televison\"},{\"@type\":\"BreadcrumbList\",\"@id\":\"https:\\\/\\\/www.boxrepsol.com\\\/es\\\/cultura-motera\\\/motero-no-solo-conducir-motos\\\/#breadcrumb\",\"itemListElement\":[{\"@type\":\"ListItem\",\"position\":1,\"name\":\"Home\",\"item\":\"https:\\\/\\\/www.boxrepsol.com\\\/es\\\/\"},{\"@type\":\"ListItem\",\"position\":2,\"name\":\"Ser motero no es s\u00f3lo conducir motos\"}]},{\"@type\":\"WebSite\",\"@id\":\"https:\\\/\\\/www.boxrepsol.com\\\/es\\\/#website\",\"url\":\"https:\\\/\\\/www.boxrepsol.com\\\/es\\\/\",\"name\":\"Box Repsol\",\"description\":\"Box Repsol Site\",\"publisher\":{\"@id\":\"https:\\\/\\\/www.boxrepsol.com\\\/es\\\/#organization\"},\"potentialAction\":[{\"@type\":\"SearchAction\",\"target\":{\"@type\":\"EntryPoint\",\"urlTemplate\":\"https:\\\/\\\/www.boxrepsol.com\\\/es\\\/?s={search_term_string}\"},\"query-input\":{\"@type\":\"PropertyValueSpecification\",\"valueRequired\":true,\"valueName\":\"search_term_string\"}}],\"inLanguage\":\"es\"},{\"@type\":\"Organization\",\"@id\":\"https:\\\/\\\/www.boxrepsol.com\\\/es\\\/#organization\",\"name\":\"Box Repsol\",\"url\":\"https:\\\/\\\/www.boxrepsol.com\\\/es\\\/\",\"logo\":{\"@type\":\"ImageObject\",\"inLanguage\":\"es\",\"@id\":\"https:\\\/\\\/www.boxrepsol.com\\\/es\\\/#\\\/schema\\\/logo\\\/image\\\/\",\"url\":\"https:\\\/\\\/bxrepsol.s3.eu-west-1.amazonaws.com\\\/static\\\/2025\\\/07\\\/30083337\\\/favicon-96x96-1.png\",\"contentUrl\":\"https:\\\/\\\/bxrepsol.s3.eu-west-1.amazonaws.com\\\/static\\\/2025\\\/07\\\/30083337\\\/favicon-96x96-1.png\",\"width\":96,\"height\":96,\"caption\":\"Box Repsol\"},\"image\":{\"@id\":\"https:\\\/\\\/www.boxrepsol.com\\\/es\\\/#\\\/schema\\\/logo\\\/image\\\/\"},\"sameAs\":[\"https:\\\/\\\/www.facebook.com\\\/BoxRepsol\",\"https:\\\/\\\/x.com\\\/box_repsol\",\"http:\\\/\\\/instagram.com\\\/box_repsol\",\"https:\\\/\\\/www.youtube.com\\\/user\\\/RepsolCompeticion\",\"https:\\\/\\\/www.flickr.com\\\/photos\\\/box_repsol\\\/\"]},{\"@type\":\"Person\",\"@id\":\"https:\\\/\\\/www.boxrepsol.com\\\/es\\\/#\\\/schema\\\/person\\\/c5c2138f2cca251b0ad92b7086bb60b7\",\"name\":\"Redacci\u00f3n Box Repsol\",\"image\":{\"@type\":\"ImageObject\",\"inLanguage\":\"es\",\"@id\":\"https:\\\/\\\/secure.gravatar.com\\\/avatar\\\/adf7b77e38b4419baf32c7e9c21dde01f4e40df611f0978e3006fc4ba0aaab7e?s=96&d=mm&r=g\",\"url\":\"https:\\\/\\\/secure.gravatar.com\\\/avatar\\\/adf7b77e38b4419baf32c7e9c21dde01f4e40df611f0978e3006fc4ba0aaab7e?s=96&d=mm&r=g\",\"contentUrl\":\"https:\\\/\\\/secure.gravatar.com\\\/avatar\\\/adf7b77e38b4419baf32c7e9c21dde01f4e40df611f0978e3006fc4ba0aaab7e?s=96&d=mm&r=g\",\"caption\":\"Redacci\u00f3n Box Repsol\"},\"description\":\"Box Repsol lo forma un equipo de periodistas, community managers, dise\u00f1adores y fot\u00f3grafos con m\u00e1s de 20 a\u00f1os de experiencia en el mundo del motorsport. Hemos vivido el primer mundial de un espa\u00f1ol en la categor\u00eda reina de motociclismo con \u00c1lex Crivill\u00e9, estuvimos en las victorias de Pedrosa y los t\u00edtulos de M\u00e1rquez, acompa\u00f1amos en \u00c1frica a Nani Roma y Marc Coma en sus conquistas del Dakar y hemos vibrado con los t\u00edtulos de Toni Bou en Trial. Adem\u00e1s, en nuestro equipo contamos con expertos en el mundo de las dos y cuatro ruedas tanto de la calle y las carreteras, como de los circuitos. Periodistas que han trabajado en revistas y publicaciones para hacerte llegar desde rutas y consejos de mantenimiento, a curiosidades y trucos de pilotaje.\",\"sameAs\":[\"https:\\\/\\\/www.facebook.com\\\/BoxRepsol\\\/\",\"https:\\\/\\\/www.instagram.com\\\/box_repsol\\\/\",\"https:\\\/\\\/x.com\\\/https:\\\/\\\/twitter.com\\\/box_repsol\",\"https:\\\/\\\/www.youtube.com\\\/@Boxrepsol\"],\"url\":\"https:\\\/\\\/www.boxrepsol.com\\\/es\\\/author\\\/redaccion-box-repsol\\\/\"}]}<\/script>\n<!-- \/ Yoast SEO plugin. -->","yoast_head_json":{"title":"Ser motero no es solo conducir motos","description":"Ser motero no es solo conducir motos. Amar todo lo que conforma el universo de la motocicleta es en s\u00ed mismo una actitud. Por el contrario, no tener moto","canonical":"https:\/\/www.boxrepsol.com\/es\/cultura-motera\/motero-no-solo-conducir-motos\/","og_locale":"es_ES","og_type":"article","og_title":"Ser motero no es solo conducir motos","og_description":"Ser motero no es solo conducir motos. Amar todo lo que conforma el universo de la motocicleta es en s\u00ed mismo una actitud. Por el contrario, no tener moto","og_url":"https:\/\/www.boxrepsol.com\/es\/cultura-motera\/motero-no-solo-conducir-motos\/","og_site_name":"Box Repsol","article_publisher":"https:\/\/www.facebook.com\/BoxRepsol","article_author":"https:\/\/www.facebook.com\/BoxRepsol\/","article_published_time":"2019-09-12T02:00:00+00:00","article_modified_time":"2024-04-25T10:08:25+00:00","og_image":[{"width":1280,"height":600,"url":"https:\/\/bxrepsol.s3.eu-west-1.amazonaws.com\/static\/2022\/08\/29090056\/motero_sin_moto_header-1.jpg","type":"image\/jpeg"}],"author":"Redacci\u00f3n Box Repsol","twitter_card":"summary_large_image","twitter_creator":"@https:\/\/twitter.com\/box_repsol","twitter_site":"@box_repsol","twitter_misc":{"Written by":"Redacci\u00f3n Box Repsol","Est. reading time":"3 minutos"},"schema":{"@context":"https:\/\/schema.org","@graph":[{"@type":"Article","@id":"https:\/\/www.boxrepsol.com\/es\/cultura-motera\/motero-no-solo-conducir-motos\/#article","isPartOf":{"@id":"https:\/\/www.boxrepsol.com\/es\/cultura-motera\/motero-no-solo-conducir-motos\/"},"author":{"name":"Redacci\u00f3n Box Repsol","@id":"https:\/\/www.boxrepsol.com\/es\/#\/schema\/person\/c5c2138f2cca251b0ad92b7086bb60b7"},"headline":"Ser motero no es s\u00f3lo conducir motos","datePublished":"2019-09-12T02:00:00+00:00","dateModified":"2024-04-25T10:08:25+00:00","mainEntityOfPage":{"@id":"https:\/\/www.boxrepsol.com\/es\/cultura-motera\/motero-no-solo-conducir-motos\/"},"wordCount":599,"commentCount":0,"publisher":{"@id":"https:\/\/www.boxrepsol.com\/es\/#organization"},"image":{"@id":"https:\/\/www.boxrepsol.com\/es\/cultura-motera\/motero-no-solo-conducir-motos\/#primaryimage"},"thumbnailUrl":"https:\/\/bxrepsol.s3.eu-west-1.amazonaws.com\/static\/2022\/08\/29090056\/motero_sin_moto_header-1.jpg","keywords":["moteros"],"articleSection":["Cultura Motera"],"inLanguage":"es","potentialAction":[{"@type":"CommentAction","name":"Comment","target":["https:\/\/www.boxrepsol.com\/es\/cultura-motera\/motero-no-solo-conducir-motos\/#respond"]}]},{"@type":"WebPage","@id":"https:\/\/www.boxrepsol.com\/es\/cultura-motera\/motero-no-solo-conducir-motos\/","url":"https:\/\/www.boxrepsol.com\/es\/cultura-motera\/motero-no-solo-conducir-motos\/","name":"Ser motero no es solo conducir motos","isPartOf":{"@id":"https:\/\/www.boxrepsol.com\/es\/#website"},"primaryImageOfPage":{"@id":"https:\/\/www.boxrepsol.com\/es\/cultura-motera\/motero-no-solo-conducir-motos\/#primaryimage"},"image":{"@id":"https:\/\/www.boxrepsol.com\/es\/cultura-motera\/motero-no-solo-conducir-motos\/#primaryimage"},"thumbnailUrl":"https:\/\/bxrepsol.s3.eu-west-1.amazonaws.com\/static\/2022\/08\/29090056\/motero_sin_moto_header-1.jpg","datePublished":"2019-09-12T02:00:00+00:00","dateModified":"2024-04-25T10:08:25+00:00","description":"Ser motero no es solo conducir motos. Amar todo lo que conforma el universo de la motocicleta es en s\u00ed mismo una actitud. Por el contrario, no tener moto","breadcrumb":{"@id":"https:\/\/www.boxrepsol.com\/es\/cultura-motera\/motero-no-solo-conducir-motos\/#breadcrumb"},"inLanguage":"es","potentialAction":[{"@type":"ReadAction","target":["https:\/\/www.boxrepsol.com\/es\/cultura-motera\/motero-no-solo-conducir-motos\/"]}]},{"@type":"ImageObject","inLanguage":"es","@id":"https:\/\/www.boxrepsol.com\/es\/cultura-motera\/motero-no-solo-conducir-motos\/#primaryimage","url":"https:\/\/bxrepsol.s3.eu-west-1.amazonaws.com\/static\/2022\/08\/29090056\/motero_sin_moto_header-1.jpg","contentUrl":"https:\/\/bxrepsol.s3.eu-west-1.amazonaws.com\/static\/2022\/08\/29090056\/motero_sin_moto_header-1.jpg","width":1280,"height":600,"caption":"ni\u00f1o_motero_Viendo_motogp_en_la_televison"},{"@type":"BreadcrumbList","@id":"https:\/\/www.boxrepsol.com\/es\/cultura-motera\/motero-no-solo-conducir-motos\/#breadcrumb","itemListElement":[{"@type":"ListItem","position":1,"name":"Home","item":"https:\/\/www.boxrepsol.com\/es\/"},{"@type":"ListItem","position":2,"name":"Ser motero no es s\u00f3lo conducir motos"}]},{"@type":"WebSite","@id":"https:\/\/www.boxrepsol.com\/es\/#website","url":"https:\/\/www.boxrepsol.com\/es\/","name":"Box Repsol","description":"Box Repsol Site","publisher":{"@id":"https:\/\/www.boxrepsol.com\/es\/#organization"},"potentialAction":[{"@type":"SearchAction","target":{"@type":"EntryPoint","urlTemplate":"https:\/\/www.boxrepsol.com\/es\/?s={search_term_string}"},"query-input":{"@type":"PropertyValueSpecification","valueRequired":true,"valueName":"search_term_string"}}],"inLanguage":"es"},{"@type":"Organization","@id":"https:\/\/www.boxrepsol.com\/es\/#organization","name":"Box Repsol","url":"https:\/\/www.boxrepsol.com\/es\/","logo":{"@type":"ImageObject","inLanguage":"es","@id":"https:\/\/www.boxrepsol.com\/es\/#\/schema\/logo\/image\/","url":"https:\/\/bxrepsol.s3.eu-west-1.amazonaws.com\/static\/2025\/07\/30083337\/favicon-96x96-1.png","contentUrl":"https:\/\/bxrepsol.s3.eu-west-1.amazonaws.com\/static\/2025\/07\/30083337\/favicon-96x96-1.png","width":96,"height":96,"caption":"Box Repsol"},"image":{"@id":"https:\/\/www.boxrepsol.com\/es\/#\/schema\/logo\/image\/"},"sameAs":["https:\/\/www.facebook.com\/BoxRepsol","https:\/\/x.com\/box_repsol","http:\/\/instagram.com\/box_repsol","https:\/\/www.youtube.com\/user\/RepsolCompeticion","https:\/\/www.flickr.com\/photos\/box_repsol\/"]},{"@type":"Person","@id":"https:\/\/www.boxrepsol.com\/es\/#\/schema\/person\/c5c2138f2cca251b0ad92b7086bb60b7","name":"Redacci\u00f3n Box Repsol","image":{"@type":"ImageObject","inLanguage":"es","@id":"https:\/\/secure.gravatar.com\/avatar\/adf7b77e38b4419baf32c7e9c21dde01f4e40df611f0978e3006fc4ba0aaab7e?s=96&d=mm&r=g","url":"https:\/\/secure.gravatar.com\/avatar\/adf7b77e38b4419baf32c7e9c21dde01f4e40df611f0978e3006fc4ba0aaab7e?s=96&d=mm&r=g","contentUrl":"https:\/\/secure.gravatar.com\/avatar\/adf7b77e38b4419baf32c7e9c21dde01f4e40df611f0978e3006fc4ba0aaab7e?s=96&d=mm&r=g","caption":"Redacci\u00f3n Box Repsol"},"description":"Box Repsol lo forma un equipo de periodistas, community managers, dise\u00f1adores y fot\u00f3grafos con m\u00e1s de 20 a\u00f1os de experiencia en el mundo del motorsport. Hemos vivido el primer mundial de un espa\u00f1ol en la categor\u00eda reina de motociclismo con \u00c1lex Crivill\u00e9, estuvimos en las victorias de Pedrosa y los t\u00edtulos de M\u00e1rquez, acompa\u00f1amos en \u00c1frica a Nani Roma y Marc Coma en sus conquistas del Dakar y hemos vibrado con los t\u00edtulos de Toni Bou en Trial. Adem\u00e1s, en nuestro equipo contamos con expertos en el mundo de las dos y cuatro ruedas tanto de la calle y las carreteras, como de los circuitos. Periodistas que han trabajado en revistas y publicaciones para hacerte llegar desde rutas y consejos de mantenimiento, a curiosidades y trucos de pilotaje.","sameAs":["https:\/\/www.facebook.com\/BoxRepsol\/","https:\/\/www.instagram.com\/box_repsol\/","https:\/\/x.com\/https:\/\/twitter.com\/box_repsol","https:\/\/www.youtube.com\/@Boxrepsol"],"url":"https:\/\/www.boxrepsol.com\/es\/author\/redaccion-box-repsol\/"}]}},"_links":{"self":[{"href":"https:\/\/www.boxrepsol.com\/es\/wp-json\/wp\/v2\/posts\/94110","targetHints":{"allow":["GET"]}}],"collection":[{"href":"https:\/\/www.boxrepsol.com\/es\/wp-json\/wp\/v2\/posts"}],"about":[{"href":"https:\/\/www.boxrepsol.com\/es\/wp-json\/wp\/v2\/types\/post"}],"author":[{"embeddable":true,"href":"https:\/\/www.boxrepsol.com\/es\/wp-json\/wp\/v2\/users\/43146"}],"replies":[{"embeddable":true,"href":"https:\/\/www.boxrepsol.com\/es\/wp-json\/wp\/v2\/comments?post=94110"}],"version-history":[{"count":2,"href":"https:\/\/www.boxrepsol.com\/es\/wp-json\/wp\/v2\/posts\/94110\/revisions"}],"predecessor-version":[{"id":99039,"href":"https:\/\/www.boxrepsol.com\/es\/wp-json\/wp\/v2\/posts\/94110\/revisions\/99039"}],"wp:featuredmedia":[{"embeddable":true,"href":"https:\/\/www.boxrepsol.com\/es\/wp-json\/wp\/v2\/media\/62490"}],"wp:attachment":[{"href":"https:\/\/www.boxrepsol.com\/es\/wp-json\/wp\/v2\/media?parent=94110"}],"wp:term":[{"taxonomy":"category","embeddable":true,"href":"https:\/\/www.boxrepsol.com\/es\/wp-json\/wp\/v2\/categories?post=94110"},{"taxonomy":"post_tag","embeddable":true,"href":"https:\/\/www.boxrepsol.com\/es\/wp-json\/wp\/v2\/tags?post=94110"}],"curies":[{"name":"wp","href":"https:\/\/api.w.org\/{rel}","templated":true}]}}