{"id":94094,"date":"2019-08-25T00:00:00","date_gmt":"2019-08-25T02:00:00","guid":{"rendered":"http:\/\/pre.boxrepsol.com\/sin-categorizar\/alonso-lopez-suma-trabajado-punto\/"},"modified":"2024-04-25T08:10:42","modified_gmt":"2024-04-25T10:10:42","slug":"alonso-lopez-suma-trabajado-punto","status":"publish","type":"post","link":"https:\/\/www.boxrepsol.com\/es\/moto3\/alonso-lopez-suma-trabajado-punto\/","title":{"rendered":"Alonso L\u00f3pez suma un trabajado punto"},"content":{"rendered":"<p><strong>Alonso L\u00f3pez<\/strong> remonta desde la vigesimoprimera posici\u00f3n de la parrilla a la decimoquinta plaza final, <a href=\"https:\/\/twitter.com\/box_repsol\/status\/1165578533193883652\">corriendo toda la carrera en el segundo grupo<\/a>.<\/p>\n<p>Su compa\u00f1ero de equipo, <strong>Sergio Garc\u00eda<\/strong>, part\u00eda d\u00e9cimo en la parrilla y ha perdido varias posiciones en las primeras vueltas, estabiliz\u00e1ndose tambi\u00e9n en el segundo pelot\u00f3n y terminando a 891 mil\u00e9simas de los puntos.<\/p>\n<p>La pr\u00f3xima cita del calendario ser\u00e1 dentro de tres semanas, del 13 al 15 de setiembre, con la celebraci\u00f3n del Gran Premio de San Marino.<\/p>\n<p>                <!-- Imagen relacionada --><br \/>\n        <img loading=\"lazy\" decoding=\"async\" width=\"404\" height=\"336\" src=\"https:\/\/bxrepsol.s3.eu-west-1.amazonaws.com\/static\/2022\/08\/29090021\/Marquez-en-el-GP-de-Gran-Bretana-2019.jpg\" alt=\"\" \/><br \/>\n                <!-- Categor\u00eda --><br \/>\n            MotoGP<br \/>\n        <!-- T\u00edtulo --><br \/>\n        <a href=\"https:\/\/www.boxrepsol.com\/es\/motogp\/pole-record-marc-marquez-silverstone\/\"><\/p>\n<h3>\u2018Pole\u2019 y r\u00e9cord de Marc M\u00e1rquez en Silverstone<\/h3>\n<p>        <\/a><br \/>\n                    <!-- Fecha --><br \/>\n            hace 1 hora        <\/p>\n<p><strong>GP de Gran Breta\u00f1a 2019 &#8211; Carrera Moto3 &#8211; Declaraciones de Alonso L\u00f3pez y Sergio Garc\u00eda<\/strong><\/p>\n<p><strong>Alonso L\u00f3pez<\/strong><\/p>\n<p><strong>Ha sido una carrera bastante complicada y me ha fastidiado no llegar al primer grupo, porque es donde podemos y debemos estar.<\/strong>  La mala clasificaci\u00f3n de ayer me ha condicionado en las primeras vueltas y me ha impedido alcanzar a los de delante cuando se ha cortado el pelot\u00f3n. Nos ha tocado rodar con varios pilotos bastante agresivos y eso no nos ha permitido marcar un buen ritmo. He tenido que pelear bastante y he podido coger un punto al final. Esperemos estar delante en las pr\u00f3ximas carreras y seguir el trabajo que estamos haciendo, porque aunque no lo parezca con el resultado final, estoy contento por c\u00f3mo ha ido el fin de semana. Vamos en el buen camino y queremos seguir as\u00ed.<\/p>\n<p><strong>Sergio Garc\u00eda<\/strong><\/p>\n<p><strong>He dado lo mejor de m\u00ed en la carrera de hoy.  <\/strong> Despu\u00e9s de la salida me he situado und\u00e9cimo o duod\u00e9cimo, pero con el paso de las vueltas me ha sido muy dif\u00edcil adelantar. Me sent\u00eda c\u00f3modo rodando en grupo, pero ten\u00eda que arriesgar mucho para adelantar a otros pilotos, ya que en la recta no lograba ponerme en paralelo a ellos. Lo importante es que seguimos sumando kil\u00f3metros y experiencia. En general, ha sido un fin de semana muy bueno a pesar del resultado final<\/p>\n<p><strong>Suscr\u00edbete al bolet\u00edn de Box Repsol<\/strong><\/p>\n<p>Te contamos en exclusiva todas las noticias del Equipo Repsol, entrevistas, reportajes, v\u00eddeos, resultados de nuestros pilotos de\u00a0<strong>MotoGP<\/strong>,\u00a0<strong>Trial<\/strong>,\u00a0<strong>FIM CEV Repsol<\/strong>,\u00a0<strong>Rally<\/strong>,\u00a0<strong>Red Bull Air Race<\/strong>\u00a0y mucho m\u00e1s.\u00a0<a href=\"https:\/\/www.boxrepsol.com\/es\/suscribete\/\">Suscr\u00edbete al bolet\u00edn de Box Repsol<\/a>\u00a0y ent\u00e9rate de todas nuestras\u00a0<strong>promociones<\/strong>\u00a0y\u00a0<strong>concursos<\/strong>.<\/p>\n","protected":false},"excerpt":{"rendered":"<p>Los pilotos Repsol de Moto3 terminan el Gran Premio de Gran Breta\u00f1a con Alonso L\u00f3pez en decimoquinta posici\u00f3n y Sergio Garc\u00eda en decimonovena.<\/p>\n","protected":false},"author":43146,"featured_media":62438,"comment_status":"open","ping_status":"open","sticky":false,"template":"","format":"standard","meta":{"footnotes":""},"categories":[31],"tags":[143],"class_list":["post-94094","post","type-post","status-publish","format-standard","hentry","category-moto3","tag-motogp-gran-bretana"],"yoast_head":"<!-- This site is optimized with the Yoast SEO plugin v27.3 - https:\/\/yoast.com\/product\/yoast-seo-wordpress\/ -->\n<title>GP de Gran Breta\u00f1a - Carrera Moto3 - Alonso L\u00f3pez suma un trabajado punto<\/title>\n<meta name=\"description\" content=\"Los pilotos Repsol de Moto3 terminan el Gran Premio de Gran Breta\u00f1a con Alonso L\u00f3pez en decimoquinta posici\u00f3n y Sergio Garc\u00eda en decimonovena.\" \/>\n<link rel=\"canonical\" href=\"https:\/\/www.boxrepsol.com\/es\/moto3\/alonso-lopez-suma-trabajado-punto\/\" \/>\n<meta property=\"og:locale\" content=\"es_ES\" \/>\n<meta property=\"og:type\" content=\"article\" \/>\n<meta property=\"og:title\" content=\"GP de Gran Breta\u00f1a - Carrera Moto3 - Alonso L\u00f3pez suma un trabajado punto\" \/>\n<meta property=\"og:description\" content=\"Los pilotos Repsol de Moto3 terminan el Gran Premio de Gran Breta\u00f1a con Alonso L\u00f3pez en decimoquinta posici\u00f3n y Sergio Garc\u00eda en decimonovena.\" \/>\n<meta property=\"og:url\" content=\"https:\/\/www.boxrepsol.com\/es\/moto3\/alonso-lopez-suma-trabajado-punto\/\" \/>\n<meta property=\"og:site_name\" content=\"Box Repsol\" \/>\n<meta property=\"article:publisher\" content=\"https:\/\/www.facebook.com\/BoxRepsol\" \/>\n<meta property=\"article:author\" content=\"https:\/\/www.facebook.com\/BoxRepsol\/\" \/>\n<meta property=\"article:published_time\" content=\"2019-08-25T02:00:00+00:00\" \/>\n<meta property=\"article:modified_time\" content=\"2024-04-25T10:10:42+00:00\" \/>\n<meta property=\"og:image\" content=\"https:\/\/bxrepsol.s3.eu-west-1.amazonaws.com\/static\/2022\/08\/29090026\/Pilotos-de-Moto3-en-Silverstone-2019.jpg\" \/>\n\t<meta property=\"og:image:width\" content=\"1280\" \/>\n\t<meta property=\"og:image:height\" content=\"600\" \/>\n\t<meta property=\"og:image:type\" content=\"image\/jpeg\" \/>\n<meta name=\"author\" content=\"Redacci\u00f3n Box Repsol\" \/>\n<meta name=\"twitter:card\" content=\"summary_large_image\" \/>\n<meta name=\"twitter:creator\" content=\"@https:\/\/twitter.com\/box_repsol\" \/>\n<meta name=\"twitter:site\" content=\"@box_repsol\" \/>\n<meta name=\"twitter:label1\" content=\"Written by\" \/>\n\t<meta name=\"twitter:data1\" content=\"Redacci\u00f3n Box Repsol\" \/>\n\t<meta name=\"twitter:label2\" content=\"Est. reading time\" \/>\n\t<meta name=\"twitter:data2\" content=\"2 minutos\" \/>\n<script type=\"application\/ld+json\" class=\"yoast-schema-graph\">{\"@context\":\"https:\\\/\\\/schema.org\",\"@graph\":[{\"@type\":\"Article\",\"@id\":\"https:\\\/\\\/www.boxrepsol.com\\\/es\\\/moto3\\\/alonso-lopez-suma-trabajado-punto\\\/#article\",\"isPartOf\":{\"@id\":\"https:\\\/\\\/www.boxrepsol.com\\\/es\\\/moto3\\\/alonso-lopez-suma-trabajado-punto\\\/\"},\"author\":{\"name\":\"Redacci\u00f3n Box Repsol\",\"@id\":\"https:\\\/\\\/www.boxrepsol.com\\\/es\\\/#\\\/schema\\\/person\\\/c5c2138f2cca251b0ad92b7086bb60b7\"},\"headline\":\"Alonso L\u00f3pez suma un trabajado punto\",\"datePublished\":\"2019-08-25T02:00:00+00:00\",\"dateModified\":\"2024-04-25T10:10:42+00:00\",\"mainEntityOfPage\":{\"@id\":\"https:\\\/\\\/www.boxrepsol.com\\\/es\\\/moto3\\\/alonso-lopez-suma-trabajado-punto\\\/\"},\"wordCount\":414,\"commentCount\":0,\"publisher\":{\"@id\":\"https:\\\/\\\/www.boxrepsol.com\\\/es\\\/#organization\"},\"image\":{\"@id\":\"https:\\\/\\\/www.boxrepsol.com\\\/es\\\/moto3\\\/alonso-lopez-suma-trabajado-punto\\\/#primaryimage\"},\"thumbnailUrl\":\"https:\\\/\\\/bxrepsol.s3.eu-west-1.amazonaws.com\\\/static\\\/2022\\\/08\\\/29090026\\\/Pilotos-de-Moto3-en-Silverstone-2019.jpg\",\"keywords\":[\"MotoGP Gran Breta\u00f1a\"],\"articleSection\":[\"Moto3\"],\"inLanguage\":\"es\",\"potentialAction\":[{\"@type\":\"CommentAction\",\"name\":\"Comment\",\"target\":[\"https:\\\/\\\/www.boxrepsol.com\\\/es\\\/moto3\\\/alonso-lopez-suma-trabajado-punto\\\/#respond\"]}]},{\"@type\":\"WebPage\",\"@id\":\"https:\\\/\\\/www.boxrepsol.com\\\/es\\\/moto3\\\/alonso-lopez-suma-trabajado-punto\\\/\",\"url\":\"https:\\\/\\\/www.boxrepsol.com\\\/es\\\/moto3\\\/alonso-lopez-suma-trabajado-punto\\\/\",\"name\":\"GP de Gran Breta\u00f1a - Carrera Moto3 - Alonso L\u00f3pez suma un trabajado punto\",\"isPartOf\":{\"@id\":\"https:\\\/\\\/www.boxrepsol.com\\\/es\\\/#website\"},\"primaryImageOfPage\":{\"@id\":\"https:\\\/\\\/www.boxrepsol.com\\\/es\\\/moto3\\\/alonso-lopez-suma-trabajado-punto\\\/#primaryimage\"},\"image\":{\"@id\":\"https:\\\/\\\/www.boxrepsol.com\\\/es\\\/moto3\\\/alonso-lopez-suma-trabajado-punto\\\/#primaryimage\"},\"thumbnailUrl\":\"https:\\\/\\\/bxrepsol.s3.eu-west-1.amazonaws.com\\\/static\\\/2022\\\/08\\\/29090026\\\/Pilotos-de-Moto3-en-Silverstone-2019.jpg\",\"datePublished\":\"2019-08-25T02:00:00+00:00\",\"dateModified\":\"2024-04-25T10:10:42+00:00\",\"description\":\"Los pilotos Repsol de Moto3 terminan el Gran Premio de Gran Breta\u00f1a con Alonso L\u00f3pez en decimoquinta posici\u00f3n y Sergio Garc\u00eda en decimonovena.\",\"breadcrumb\":{\"@id\":\"https:\\\/\\\/www.boxrepsol.com\\\/es\\\/moto3\\\/alonso-lopez-suma-trabajado-punto\\\/#breadcrumb\"},\"inLanguage\":\"es\",\"potentialAction\":[{\"@type\":\"ReadAction\",\"target\":[\"https:\\\/\\\/www.boxrepsol.com\\\/es\\\/moto3\\\/alonso-lopez-suma-trabajado-punto\\\/\"]}]},{\"@type\":\"ImageObject\",\"inLanguage\":\"es\",\"@id\":\"https:\\\/\\\/www.boxrepsol.com\\\/es\\\/moto3\\\/alonso-lopez-suma-trabajado-punto\\\/#primaryimage\",\"url\":\"https:\\\/\\\/bxrepsol.s3.eu-west-1.amazonaws.com\\\/static\\\/2022\\\/08\\\/29090026\\\/Pilotos-de-Moto3-en-Silverstone-2019.jpg\",\"contentUrl\":\"https:\\\/\\\/bxrepsol.s3.eu-west-1.amazonaws.com\\\/static\\\/2022\\\/08\\\/29090026\\\/Pilotos-de-Moto3-en-Silverstone-2019.jpg\",\"width\":1280,\"height\":600,\"caption\":\"12 GranBretana GP 22, 23, 24 y 25 de agosto de 2019, circuito de Silverstone, Inglaterra\"},{\"@type\":\"BreadcrumbList\",\"@id\":\"https:\\\/\\\/www.boxrepsol.com\\\/es\\\/moto3\\\/alonso-lopez-suma-trabajado-punto\\\/#breadcrumb\",\"itemListElement\":[{\"@type\":\"ListItem\",\"position\":1,\"name\":\"Home\",\"item\":\"https:\\\/\\\/www.boxrepsol.com\\\/es\\\/\"},{\"@type\":\"ListItem\",\"position\":2,\"name\":\"Alonso L\u00f3pez suma un trabajado punto\"}]},{\"@type\":\"WebSite\",\"@id\":\"https:\\\/\\\/www.boxrepsol.com\\\/es\\\/#website\",\"url\":\"https:\\\/\\\/www.boxrepsol.com\\\/es\\\/\",\"name\":\"Box Repsol\",\"description\":\"Box Repsol Site\",\"publisher\":{\"@id\":\"https:\\\/\\\/www.boxrepsol.com\\\/es\\\/#organization\"},\"potentialAction\":[{\"@type\":\"SearchAction\",\"target\":{\"@type\":\"EntryPoint\",\"urlTemplate\":\"https:\\\/\\\/www.boxrepsol.com\\\/es\\\/?s={search_term_string}\"},\"query-input\":{\"@type\":\"PropertyValueSpecification\",\"valueRequired\":true,\"valueName\":\"search_term_string\"}}],\"inLanguage\":\"es\"},{\"@type\":\"Organization\",\"@id\":\"https:\\\/\\\/www.boxrepsol.com\\\/es\\\/#organization\",\"name\":\"Box Repsol\",\"url\":\"https:\\\/\\\/www.boxrepsol.com\\\/es\\\/\",\"logo\":{\"@type\":\"ImageObject\",\"inLanguage\":\"es\",\"@id\":\"https:\\\/\\\/www.boxrepsol.com\\\/es\\\/#\\\/schema\\\/logo\\\/image\\\/\",\"url\":\"https:\\\/\\\/bxrepsol.s3.eu-west-1.amazonaws.com\\\/static\\\/2025\\\/07\\\/30083337\\\/favicon-96x96-1.png\",\"contentUrl\":\"https:\\\/\\\/bxrepsol.s3.eu-west-1.amazonaws.com\\\/static\\\/2025\\\/07\\\/30083337\\\/favicon-96x96-1.png\",\"width\":96,\"height\":96,\"caption\":\"Box Repsol\"},\"image\":{\"@id\":\"https:\\\/\\\/www.boxrepsol.com\\\/es\\\/#\\\/schema\\\/logo\\\/image\\\/\"},\"sameAs\":[\"https:\\\/\\\/www.facebook.com\\\/BoxRepsol\",\"https:\\\/\\\/x.com\\\/box_repsol\",\"http:\\\/\\\/instagram.com\\\/box_repsol\",\"https:\\\/\\\/www.youtube.com\\\/user\\\/RepsolCompeticion\",\"https:\\\/\\\/www.flickr.com\\\/photos\\\/box_repsol\\\/\"]},{\"@type\":\"Person\",\"@id\":\"https:\\\/\\\/www.boxrepsol.com\\\/es\\\/#\\\/schema\\\/person\\\/c5c2138f2cca251b0ad92b7086bb60b7\",\"name\":\"Redacci\u00f3n Box Repsol\",\"image\":{\"@type\":\"ImageObject\",\"inLanguage\":\"es\",\"@id\":\"https:\\\/\\\/secure.gravatar.com\\\/avatar\\\/adf7b77e38b4419baf32c7e9c21dde01f4e40df611f0978e3006fc4ba0aaab7e?s=96&d=mm&r=g\",\"url\":\"https:\\\/\\\/secure.gravatar.com\\\/avatar\\\/adf7b77e38b4419baf32c7e9c21dde01f4e40df611f0978e3006fc4ba0aaab7e?s=96&d=mm&r=g\",\"contentUrl\":\"https:\\\/\\\/secure.gravatar.com\\\/avatar\\\/adf7b77e38b4419baf32c7e9c21dde01f4e40df611f0978e3006fc4ba0aaab7e?s=96&d=mm&r=g\",\"caption\":\"Redacci\u00f3n Box Repsol\"},\"description\":\"Box Repsol lo forma un equipo de periodistas, community managers, dise\u00f1adores y fot\u00f3grafos con m\u00e1s de 20 a\u00f1os de experiencia en el mundo del motorsport. Hemos vivido el primer mundial de un espa\u00f1ol en la categor\u00eda reina de motociclismo con \u00c1lex Crivill\u00e9, estuvimos en las victorias de Pedrosa y los t\u00edtulos de M\u00e1rquez, acompa\u00f1amos en \u00c1frica a Nani Roma y Marc Coma en sus conquistas del Dakar y hemos vibrado con los t\u00edtulos de Toni Bou en Trial. Adem\u00e1s, en nuestro equipo contamos con expertos en el mundo de las dos y cuatro ruedas tanto de la calle y las carreteras, como de los circuitos. Periodistas que han trabajado en revistas y publicaciones para hacerte llegar desde rutas y consejos de mantenimiento, a curiosidades y trucos de pilotaje.\",\"sameAs\":[\"https:\\\/\\\/www.facebook.com\\\/BoxRepsol\\\/\",\"https:\\\/\\\/www.instagram.com\\\/box_repsol\\\/\",\"https:\\\/\\\/x.com\\\/https:\\\/\\\/twitter.com\\\/box_repsol\",\"https:\\\/\\\/www.youtube.com\\\/@Boxrepsol\"],\"url\":\"https:\\\/\\\/www.boxrepsol.com\\\/es\\\/author\\\/redaccion-box-repsol\\\/\"}]}<\/script>\n<!-- \/ Yoast SEO plugin. -->","yoast_head_json":{"title":"GP de Gran Breta\u00f1a - Carrera Moto3 - Alonso L\u00f3pez suma un trabajado punto","description":"Los pilotos Repsol de Moto3 terminan el Gran Premio de Gran Breta\u00f1a con Alonso L\u00f3pez en decimoquinta posici\u00f3n y Sergio Garc\u00eda en decimonovena.","canonical":"https:\/\/www.boxrepsol.com\/es\/moto3\/alonso-lopez-suma-trabajado-punto\/","og_locale":"es_ES","og_type":"article","og_title":"GP de Gran Breta\u00f1a - Carrera Moto3 - Alonso L\u00f3pez suma un trabajado punto","og_description":"Los pilotos Repsol de Moto3 terminan el Gran Premio de Gran Breta\u00f1a con Alonso L\u00f3pez en decimoquinta posici\u00f3n y Sergio Garc\u00eda en decimonovena.","og_url":"https:\/\/www.boxrepsol.com\/es\/moto3\/alonso-lopez-suma-trabajado-punto\/","og_site_name":"Box Repsol","article_publisher":"https:\/\/www.facebook.com\/BoxRepsol","article_author":"https:\/\/www.facebook.com\/BoxRepsol\/","article_published_time":"2019-08-25T02:00:00+00:00","article_modified_time":"2024-04-25T10:10:42+00:00","og_image":[{"width":1280,"height":600,"url":"https:\/\/bxrepsol.s3.eu-west-1.amazonaws.com\/static\/2022\/08\/29090026\/Pilotos-de-Moto3-en-Silverstone-2019.jpg","type":"image\/jpeg"}],"author":"Redacci\u00f3n Box Repsol","twitter_card":"summary_large_image","twitter_creator":"@https:\/\/twitter.com\/box_repsol","twitter_site":"@box_repsol","twitter_misc":{"Written by":"Redacci\u00f3n Box Repsol","Est. reading time":"2 minutos"},"schema":{"@context":"https:\/\/schema.org","@graph":[{"@type":"Article","@id":"https:\/\/www.boxrepsol.com\/es\/moto3\/alonso-lopez-suma-trabajado-punto\/#article","isPartOf":{"@id":"https:\/\/www.boxrepsol.com\/es\/moto3\/alonso-lopez-suma-trabajado-punto\/"},"author":{"name":"Redacci\u00f3n Box Repsol","@id":"https:\/\/www.boxrepsol.com\/es\/#\/schema\/person\/c5c2138f2cca251b0ad92b7086bb60b7"},"headline":"Alonso L\u00f3pez suma un trabajado punto","datePublished":"2019-08-25T02:00:00+00:00","dateModified":"2024-04-25T10:10:42+00:00","mainEntityOfPage":{"@id":"https:\/\/www.boxrepsol.com\/es\/moto3\/alonso-lopez-suma-trabajado-punto\/"},"wordCount":414,"commentCount":0,"publisher":{"@id":"https:\/\/www.boxrepsol.com\/es\/#organization"},"image":{"@id":"https:\/\/www.boxrepsol.com\/es\/moto3\/alonso-lopez-suma-trabajado-punto\/#primaryimage"},"thumbnailUrl":"https:\/\/bxrepsol.s3.eu-west-1.amazonaws.com\/static\/2022\/08\/29090026\/Pilotos-de-Moto3-en-Silverstone-2019.jpg","keywords":["MotoGP Gran Breta\u00f1a"],"articleSection":["Moto3"],"inLanguage":"es","potentialAction":[{"@type":"CommentAction","name":"Comment","target":["https:\/\/www.boxrepsol.com\/es\/moto3\/alonso-lopez-suma-trabajado-punto\/#respond"]}]},{"@type":"WebPage","@id":"https:\/\/www.boxrepsol.com\/es\/moto3\/alonso-lopez-suma-trabajado-punto\/","url":"https:\/\/www.boxrepsol.com\/es\/moto3\/alonso-lopez-suma-trabajado-punto\/","name":"GP de Gran Breta\u00f1a - Carrera Moto3 - Alonso L\u00f3pez suma un trabajado punto","isPartOf":{"@id":"https:\/\/www.boxrepsol.com\/es\/#website"},"primaryImageOfPage":{"@id":"https:\/\/www.boxrepsol.com\/es\/moto3\/alonso-lopez-suma-trabajado-punto\/#primaryimage"},"image":{"@id":"https:\/\/www.boxrepsol.com\/es\/moto3\/alonso-lopez-suma-trabajado-punto\/#primaryimage"},"thumbnailUrl":"https:\/\/bxrepsol.s3.eu-west-1.amazonaws.com\/static\/2022\/08\/29090026\/Pilotos-de-Moto3-en-Silverstone-2019.jpg","datePublished":"2019-08-25T02:00:00+00:00","dateModified":"2024-04-25T10:10:42+00:00","description":"Los pilotos Repsol de Moto3 terminan el Gran Premio de Gran Breta\u00f1a con Alonso L\u00f3pez en decimoquinta posici\u00f3n y Sergio Garc\u00eda en decimonovena.","breadcrumb":{"@id":"https:\/\/www.boxrepsol.com\/es\/moto3\/alonso-lopez-suma-trabajado-punto\/#breadcrumb"},"inLanguage":"es","potentialAction":[{"@type":"ReadAction","target":["https:\/\/www.boxrepsol.com\/es\/moto3\/alonso-lopez-suma-trabajado-punto\/"]}]},{"@type":"ImageObject","inLanguage":"es","@id":"https:\/\/www.boxrepsol.com\/es\/moto3\/alonso-lopez-suma-trabajado-punto\/#primaryimage","url":"https:\/\/bxrepsol.s3.eu-west-1.amazonaws.com\/static\/2022\/08\/29090026\/Pilotos-de-Moto3-en-Silverstone-2019.jpg","contentUrl":"https:\/\/bxrepsol.s3.eu-west-1.amazonaws.com\/static\/2022\/08\/29090026\/Pilotos-de-Moto3-en-Silverstone-2019.jpg","width":1280,"height":600,"caption":"12 GranBretana GP 22, 23, 24 y 25 de agosto de 2019, circuito de Silverstone, Inglaterra"},{"@type":"BreadcrumbList","@id":"https:\/\/www.boxrepsol.com\/es\/moto3\/alonso-lopez-suma-trabajado-punto\/#breadcrumb","itemListElement":[{"@type":"ListItem","position":1,"name":"Home","item":"https:\/\/www.boxrepsol.com\/es\/"},{"@type":"ListItem","position":2,"name":"Alonso L\u00f3pez suma un trabajado punto"}]},{"@type":"WebSite","@id":"https:\/\/www.boxrepsol.com\/es\/#website","url":"https:\/\/www.boxrepsol.com\/es\/","name":"Box Repsol","description":"Box Repsol Site","publisher":{"@id":"https:\/\/www.boxrepsol.com\/es\/#organization"},"potentialAction":[{"@type":"SearchAction","target":{"@type":"EntryPoint","urlTemplate":"https:\/\/www.boxrepsol.com\/es\/?s={search_term_string}"},"query-input":{"@type":"PropertyValueSpecification","valueRequired":true,"valueName":"search_term_string"}}],"inLanguage":"es"},{"@type":"Organization","@id":"https:\/\/www.boxrepsol.com\/es\/#organization","name":"Box Repsol","url":"https:\/\/www.boxrepsol.com\/es\/","logo":{"@type":"ImageObject","inLanguage":"es","@id":"https:\/\/www.boxrepsol.com\/es\/#\/schema\/logo\/image\/","url":"https:\/\/bxrepsol.s3.eu-west-1.amazonaws.com\/static\/2025\/07\/30083337\/favicon-96x96-1.png","contentUrl":"https:\/\/bxrepsol.s3.eu-west-1.amazonaws.com\/static\/2025\/07\/30083337\/favicon-96x96-1.png","width":96,"height":96,"caption":"Box Repsol"},"image":{"@id":"https:\/\/www.boxrepsol.com\/es\/#\/schema\/logo\/image\/"},"sameAs":["https:\/\/www.facebook.com\/BoxRepsol","https:\/\/x.com\/box_repsol","http:\/\/instagram.com\/box_repsol","https:\/\/www.youtube.com\/user\/RepsolCompeticion","https:\/\/www.flickr.com\/photos\/box_repsol\/"]},{"@type":"Person","@id":"https:\/\/www.boxrepsol.com\/es\/#\/schema\/person\/c5c2138f2cca251b0ad92b7086bb60b7","name":"Redacci\u00f3n Box Repsol","image":{"@type":"ImageObject","inLanguage":"es","@id":"https:\/\/secure.gravatar.com\/avatar\/adf7b77e38b4419baf32c7e9c21dde01f4e40df611f0978e3006fc4ba0aaab7e?s=96&d=mm&r=g","url":"https:\/\/secure.gravatar.com\/avatar\/adf7b77e38b4419baf32c7e9c21dde01f4e40df611f0978e3006fc4ba0aaab7e?s=96&d=mm&r=g","contentUrl":"https:\/\/secure.gravatar.com\/avatar\/adf7b77e38b4419baf32c7e9c21dde01f4e40df611f0978e3006fc4ba0aaab7e?s=96&d=mm&r=g","caption":"Redacci\u00f3n Box Repsol"},"description":"Box Repsol lo forma un equipo de periodistas, community managers, dise\u00f1adores y fot\u00f3grafos con m\u00e1s de 20 a\u00f1os de experiencia en el mundo del motorsport. Hemos vivido el primer mundial de un espa\u00f1ol en la categor\u00eda reina de motociclismo con \u00c1lex Crivill\u00e9, estuvimos en las victorias de Pedrosa y los t\u00edtulos de M\u00e1rquez, acompa\u00f1amos en \u00c1frica a Nani Roma y Marc Coma en sus conquistas del Dakar y hemos vibrado con los t\u00edtulos de Toni Bou en Trial. Adem\u00e1s, en nuestro equipo contamos con expertos en el mundo de las dos y cuatro ruedas tanto de la calle y las carreteras, como de los circuitos. Periodistas que han trabajado en revistas y publicaciones para hacerte llegar desde rutas y consejos de mantenimiento, a curiosidades y trucos de pilotaje.","sameAs":["https:\/\/www.facebook.com\/BoxRepsol\/","https:\/\/www.instagram.com\/box_repsol\/","https:\/\/x.com\/https:\/\/twitter.com\/box_repsol","https:\/\/www.youtube.com\/@Boxrepsol"],"url":"https:\/\/www.boxrepsol.com\/es\/author\/redaccion-box-repsol\/"}]}},"_links":{"self":[{"href":"https:\/\/www.boxrepsol.com\/es\/wp-json\/wp\/v2\/posts\/94094","targetHints":{"allow":["GET"]}}],"collection":[{"href":"https:\/\/www.boxrepsol.com\/es\/wp-json\/wp\/v2\/posts"}],"about":[{"href":"https:\/\/www.boxrepsol.com\/es\/wp-json\/wp\/v2\/types\/post"}],"author":[{"embeddable":true,"href":"https:\/\/www.boxrepsol.com\/es\/wp-json\/wp\/v2\/users\/43146"}],"replies":[{"embeddable":true,"href":"https:\/\/www.boxrepsol.com\/es\/wp-json\/wp\/v2\/comments?post=94094"}],"version-history":[{"count":1,"href":"https:\/\/www.boxrepsol.com\/es\/wp-json\/wp\/v2\/posts\/94094\/revisions"}],"predecessor-version":[{"id":94095,"href":"https:\/\/www.boxrepsol.com\/es\/wp-json\/wp\/v2\/posts\/94094\/revisions\/94095"}],"wp:featuredmedia":[{"embeddable":true,"href":"https:\/\/www.boxrepsol.com\/es\/wp-json\/wp\/v2\/media\/62438"}],"wp:attachment":[{"href":"https:\/\/www.boxrepsol.com\/es\/wp-json\/wp\/v2\/media?parent=94094"}],"wp:term":[{"taxonomy":"category","embeddable":true,"href":"https:\/\/www.boxrepsol.com\/es\/wp-json\/wp\/v2\/categories?post=94094"},{"taxonomy":"post_tag","embeddable":true,"href":"https:\/\/www.boxrepsol.com\/es\/wp-json\/wp\/v2\/tags?post=94094"}],"curies":[{"name":"wp","href":"https:\/\/api.w.org\/{rel}","templated":true}]}}