{"id":94053,"date":"2019-08-07T00:00:00","date_gmt":"2019-08-07T02:00:00","guid":{"rendered":"http:\/\/pre.boxrepsol.com\/sin-categorizar\/kilometros-recorre-cada-mundial-motogp\/"},"modified":"2024-04-25T08:17:02","modified_gmt":"2024-04-25T10:17:02","slug":"kilometros-recorre-cada-mundial-motogp","status":"publish","type":"post","link":"https:\/\/www.boxrepsol.com\/es\/motogp\/kilometros-recorre-cada-mundial-motogp\/","title":{"rendered":"\u00bfCu\u00e1ntos kil\u00f3metros recorre cada a\u00f1o el Mundial de MotoGP?"},"content":{"rendered":"<p>Mas que pararnos a pensar en los kil\u00f3metros que recorre cada a\u00f1o el Mundial de MotoGP, lo \u00fanico que nos llega es la imagen de los pilotos <strong>dando vueltas a un circuito<\/strong> durante poco m\u00e1s de 40 minutos. Pero para que eso pase, todo el <strong>Mundial<\/strong> tiene que irse moviendo de un lugar a otro por todo el planeta. \u00bfCu\u00e1ntos kil\u00f3metros recorre el <strong>Equipo Repsol Honda<\/strong> durante la temporada? \u00bfY cu\u00e1ntos kil\u00f3metros suman durante las <strong>carreras<\/strong> nuestros campeones? \u00bfY cu\u00e1l es el total anual sumando las <strong>sesiones clasificatorias <\/strong>y los entrenos? Este es un post de n\u00fameros para que te des cuenta de todas las distancias que se esconden detr\u00e1s del espect\u00e1culo de <strong>MotoGP<\/strong>.<\/p>\n<blockquote style=\"background: #FFF; border: 0; border-radius: 3px; box-shadow: 0 0 1px 0 rgba(0,0,0,0.5),0 1px 10px 0 rgba(0,0,0,0.15); margin: 1px; max-width: 540px; min-width: 326px; padding: 0; width: calc(100% - 2px);\" data-instgrm-captioned=\"\" data-instgrm-permalink=\"https:\/\/www.instagram.com\/p\/BtbC7KtHZxg\/?utm_source=ig_embed&amp;utm_campaign=loading\" data-instgrm-version=\"12\"><p>&nbsp;<\/p>\n<p>Ver esta publicaci\u00f3n en Instagram<\/p>\n<p>&nbsp;<\/p>\n<p style=\"margin: 8px 0 0 0; padding: 0 4px;\"><a style=\"color: #000; font-family: Arial,sans-serif; font-size: 14px; font-style: normal; font-weight: normal; line-height: 17px; text-decoration: none; word-wrap: break-word;\" href=\"https:\/\/www.instagram.com\/p\/BtbC7KtHZxg\/?utm_source=ig_embed&amp;utm_campaign=loading\" target=\"_blank\" rel=\"noopener\">Primer viaje del a\u00f1o direcci\u00f3n Malasia! Con ganas de que empiecen los primeros test!   First trip of the year going to Malaysia! Looking forward to starting the first Test!\u2708\ufe0f #preseason #test #2019<\/a><\/p>\n<p style=\"color: #c9c8cd; font-family: Arial,sans-serif; font-size: 14px; line-height: 17px; margin-bottom: 0; margin-top: 8px; overflow: hidden; padding: 8px 0 7px; text-align: center; text-overflow: ellipsis; white-space: nowrap;\">Una publicaci\u00f3n compartida de <a style=\"color: #c9c8cd; font-family: Arial,sans-serif; font-size: 14px; font-style: normal; font-weight: normal; line-height: 17px;\" href=\"https:\/\/www.instagram.com\/marcmarquez93\/?utm_source=ig_embed&amp;utm_campaign=loading\" target=\"_blank\" rel=\"noopener\"> Marc Ma\u0301rquez<\/a> (@marcmarquez93) el <time style=\"font-family: Arial,sans-serif; font-size: 14px; line-height: 17px;\" datetime=\"2019-02-03T14:14:02+00:00\">3 Feb, 2019 a las 6:14 PST<\/time><\/p>\n<\/blockquote>\n<p>Veamos ahora si somos capaces de aproximar el n\u00famero de kil\u00f3metros que recorren sobre su moto de competici\u00f3n. Ah\u00ed no incluiremos sus vacaciones, donde es conocido que pilotos como&nbsp;<strong>Marc M\u00e1rquez<\/strong>&nbsp;son incapaces de bajarse de la moto. En el caso del&nbsp;<strong>campe\u00f3n de Cervera<\/strong>, es habitual verle practicar \u2018<strong>dirt track<\/strong>\u2019. En las 19 carreras que conforman el Mundial, los pilotos realizan&nbsp;<strong>465 vueltas<\/strong>, un total de&nbsp;<strong>2.187,2 kil\u00f3metros<\/strong>&nbsp;con el coraz\u00f3n en un pu\u00f1o. Pero eso son los giros oficiales, los&nbsp;<strong>cronometrados<\/strong>, a los que hay que sumar la&nbsp;<strong>\u2018warm up lap\u2019&nbsp;<\/strong>(vuelta de calentamiento) y la que los pilotos hacen de m\u00e1s cuando termina la carrera, momento que aprovechan para saludar a los miles de aficionados congregados en los circuitos de todo el Mundial. Eso son 38 vueltas m\u00e1s, que suman un total de&nbsp;<strong>2.368,6 kil\u00f3metros durante los d\u00edas de carrera<\/strong>.<\/p>\n<p><img loading=\"lazy\" decoding=\"async\" src=\"https:\/\/bxrepsol.s3.eu-west-1.amazonaws.com\/static\/2022\/08\/29085859\/Jorge_lorenzo_en_la_warm_up_lap_en_Austin-2.jpg\" alt=\"Jorge_lorenzo_en_la_warm_up_lap_en_Austin\" width=\"900\" height=\"550\"><\/p>\n<p>A todo ello hay que a\u00f1adir unos&nbsp;<strong>7.000 kil\u00f3metros acumulados<\/strong>&nbsp;sobre la moto durante las sesiones clasificatorias y los d\u00edas de&nbsp;<strong>entrenamientos libres<\/strong>. Est\u00e1 claro que el Mundial no puede medirse por el n\u00famero de kil\u00f3metros que acumula. Pero s\u00ed ayuda a darse cuenta de que esto de las motos no es coser y cantar, y que detr\u00e1s de cada piloto hay un equipo, muchas horas de preparaci\u00f3n, mucho esfuerzo y muchos d\u00edas lejos de casa. Y muchas&nbsp;<strong>aventuras por vivir<\/strong>.<\/p>\n<p><img loading=\"lazy\" decoding=\"async\" src=\"https:\/\/bxrepsol.s3.eu-west-1.amazonaws.com\/static\/2022\/08\/29085900\/Marc_Marquez_en_jornada_de_test_en_Jerez-2.jpg\" alt=\"Marc_Marquez_en_jornada_de_test_en_Jerez\" width=\"900\" height=\"550\"><\/p>\n<p>&nbsp;<\/p>\n","protected":false},"excerpt":{"rendered":"<p>Si eres de esos moteros que indagan hasta saber el m\u00e1s m\u00ednimo detalle de un Gran Premio, este post seguro que nutre tu curiosidad.<\/p>\n","protected":false},"author":43146,"featured_media":62291,"comment_status":"open","ping_status":"open","sticky":false,"template":"","format":"standard","meta":{"footnotes":""},"categories":[4],"tags":[170],"class_list":["post-94053","post","type-post","status-publish","format-standard","hentry","category-motogp","tag-curiosidades-moteras"],"yoast_head":"<!-- This site is optimized with the Yoast SEO plugin v27.3 - https:\/\/yoast.com\/product\/yoast-seo-wordpress\/ -->\n<title>\u00bfCu\u00e1ntos kil\u00f3metros recorre cada a\u00f1o un piloto de MotoGP? - Box Repsol<\/title>\n<meta name=\"description\" content=\"Mas que pararnos a pensar en los kil\u00f3metros que recorre cada a\u00f1o el Mundial de MotoGP, lo \u00fanico que nos llega es la imagen de los pilotos dando vueltas\" \/>\n<link rel=\"canonical\" href=\"https:\/\/www.boxrepsol.com\/es\/motogp\/kilometros-recorre-cada-mundial-motogp\/\" \/>\n<meta property=\"og:locale\" content=\"es_ES\" \/>\n<meta property=\"og:type\" content=\"article\" \/>\n<meta property=\"og:title\" content=\"\u00bfCu\u00e1ntos kil\u00f3metros recorre cada a\u00f1o un piloto de MotoGP? - Box Repsol\" \/>\n<meta property=\"og:description\" content=\"Mas que pararnos a pensar en los kil\u00f3metros que recorre cada a\u00f1o el Mundial de MotoGP, lo \u00fanico que nos llega es la imagen de los pilotos dando vueltas\" \/>\n<meta property=\"og:url\" content=\"https:\/\/www.boxrepsol.com\/es\/motogp\/kilometros-recorre-cada-mundial-motogp\/\" \/>\n<meta property=\"og:site_name\" content=\"Box Repsol\" \/>\n<meta property=\"article:publisher\" content=\"https:\/\/www.facebook.com\/BoxRepsol\" \/>\n<meta property=\"article:author\" content=\"https:\/\/www.facebook.com\/BoxRepsol\/\" \/>\n<meta property=\"article:published_time\" content=\"2019-08-07T02:00:00+00:00\" \/>\n<meta property=\"article:modified_time\" content=\"2024-04-25T10:17:02+00:00\" \/>\n<meta property=\"og:image\" content=\"https:\/\/bxrepsol.s3.eu-west-1.amazonaws.com\/static\/2022\/08\/29085902\/kilometros_mundial_header-1.jpg\" \/>\n\t<meta property=\"og:image:width\" content=\"1280\" \/>\n\t<meta property=\"og:image:height\" content=\"600\" \/>\n\t<meta property=\"og:image:type\" content=\"image\/jpeg\" \/>\n<meta name=\"author\" content=\"Redacci\u00f3n Box Repsol\" \/>\n<meta name=\"twitter:card\" content=\"summary_large_image\" \/>\n<meta name=\"twitter:creator\" content=\"@https:\/\/twitter.com\/box_repsol\" \/>\n<meta name=\"twitter:site\" content=\"@box_repsol\" \/>\n<meta name=\"twitter:label1\" content=\"Written by\" \/>\n\t<meta name=\"twitter:data1\" content=\"Redacci\u00f3n Box Repsol\" \/>\n\t<meta name=\"twitter:label2\" content=\"Est. reading time\" \/>\n\t<meta name=\"twitter:data2\" content=\"2 minutos\" \/>\n<script type=\"application\/ld+json\" class=\"yoast-schema-graph\">{\"@context\":\"https:\\\/\\\/schema.org\",\"@graph\":[{\"@type\":\"Article\",\"@id\":\"https:\\\/\\\/www.boxrepsol.com\\\/es\\\/motogp\\\/kilometros-recorre-cada-mundial-motogp\\\/#article\",\"isPartOf\":{\"@id\":\"https:\\\/\\\/www.boxrepsol.com\\\/es\\\/motogp\\\/kilometros-recorre-cada-mundial-motogp\\\/\"},\"author\":{\"name\":\"Redacci\u00f3n Box Repsol\",\"@id\":\"https:\\\/\\\/www.boxrepsol.com\\\/es\\\/#\\\/schema\\\/person\\\/c5c2138f2cca251b0ad92b7086bb60b7\"},\"headline\":\"\u00bfCu\u00e1ntos kil\u00f3metros recorre cada a\u00f1o el Mundial de MotoGP?\",\"datePublished\":\"2019-08-07T02:00:00+00:00\",\"dateModified\":\"2024-04-25T10:17:02+00:00\",\"mainEntityOfPage\":{\"@id\":\"https:\\\/\\\/www.boxrepsol.com\\\/es\\\/motogp\\\/kilometros-recorre-cada-mundial-motogp\\\/\"},\"wordCount\":444,\"commentCount\":0,\"publisher\":{\"@id\":\"https:\\\/\\\/www.boxrepsol.com\\\/es\\\/#organization\"},\"image\":{\"@id\":\"https:\\\/\\\/www.boxrepsol.com\\\/es\\\/motogp\\\/kilometros-recorre-cada-mundial-motogp\\\/#primaryimage\"},\"thumbnailUrl\":\"https:\\\/\\\/bxrepsol.s3.eu-west-1.amazonaws.com\\\/static\\\/2022\\\/08\\\/29085902\\\/kilometros_mundial_header-1.jpg\",\"keywords\":[\"curiosidades moteras\"],\"articleSection\":[\"MotoGP\"],\"inLanguage\":\"es\",\"potentialAction\":[{\"@type\":\"CommentAction\",\"name\":\"Comment\",\"target\":[\"https:\\\/\\\/www.boxrepsol.com\\\/es\\\/motogp\\\/kilometros-recorre-cada-mundial-motogp\\\/#respond\"]}]},{\"@type\":\"WebPage\",\"@id\":\"https:\\\/\\\/www.boxrepsol.com\\\/es\\\/motogp\\\/kilometros-recorre-cada-mundial-motogp\\\/\",\"url\":\"https:\\\/\\\/www.boxrepsol.com\\\/es\\\/motogp\\\/kilometros-recorre-cada-mundial-motogp\\\/\",\"name\":\"\u00bfCu\u00e1ntos kil\u00f3metros recorre cada a\u00f1o un piloto de MotoGP? - Box Repsol\",\"isPartOf\":{\"@id\":\"https:\\\/\\\/www.boxrepsol.com\\\/es\\\/#website\"},\"primaryImageOfPage\":{\"@id\":\"https:\\\/\\\/www.boxrepsol.com\\\/es\\\/motogp\\\/kilometros-recorre-cada-mundial-motogp\\\/#primaryimage\"},\"image\":{\"@id\":\"https:\\\/\\\/www.boxrepsol.com\\\/es\\\/motogp\\\/kilometros-recorre-cada-mundial-motogp\\\/#primaryimage\"},\"thumbnailUrl\":\"https:\\\/\\\/bxrepsol.s3.eu-west-1.amazonaws.com\\\/static\\\/2022\\\/08\\\/29085902\\\/kilometros_mundial_header-1.jpg\",\"datePublished\":\"2019-08-07T02:00:00+00:00\",\"dateModified\":\"2024-04-25T10:17:02+00:00\",\"description\":\"Mas que pararnos a pensar en los kil\u00f3metros que recorre cada a\u00f1o el Mundial de MotoGP, lo \u00fanico que nos llega es la imagen de los pilotos dando vueltas\",\"breadcrumb\":{\"@id\":\"https:\\\/\\\/www.boxrepsol.com\\\/es\\\/motogp\\\/kilometros-recorre-cada-mundial-motogp\\\/#breadcrumb\"},\"inLanguage\":\"es\",\"potentialAction\":[{\"@type\":\"ReadAction\",\"target\":[\"https:\\\/\\\/www.boxrepsol.com\\\/es\\\/motogp\\\/kilometros-recorre-cada-mundial-motogp\\\/\"]}]},{\"@type\":\"ImageObject\",\"inLanguage\":\"es\",\"@id\":\"https:\\\/\\\/www.boxrepsol.com\\\/es\\\/motogp\\\/kilometros-recorre-cada-mundial-motogp\\\/#primaryimage\",\"url\":\"https:\\\/\\\/bxrepsol.s3.eu-west-1.amazonaws.com\\\/static\\\/2022\\\/08\\\/29085902\\\/kilometros_mundial_header-1.jpg\",\"contentUrl\":\"https:\\\/\\\/bxrepsol.s3.eu-west-1.amazonaws.com\\\/static\\\/2022\\\/08\\\/29085902\\\/kilometros_mundial_header-1.jpg\",\"width\":1280,\"height\":600,\"caption\":\"jorge_lorezo_pilotanto_rc213v_y_avion_despegando\"},{\"@type\":\"BreadcrumbList\",\"@id\":\"https:\\\/\\\/www.boxrepsol.com\\\/es\\\/motogp\\\/kilometros-recorre-cada-mundial-motogp\\\/#breadcrumb\",\"itemListElement\":[{\"@type\":\"ListItem\",\"position\":1,\"name\":\"Home\",\"item\":\"https:\\\/\\\/www.boxrepsol.com\\\/es\\\/\"},{\"@type\":\"ListItem\",\"position\":2,\"name\":\"\u00bfCu\u00e1ntos kil\u00f3metros recorre cada a\u00f1o el Mundial de MotoGP?\"}]},{\"@type\":\"WebSite\",\"@id\":\"https:\\\/\\\/www.boxrepsol.com\\\/es\\\/#website\",\"url\":\"https:\\\/\\\/www.boxrepsol.com\\\/es\\\/\",\"name\":\"Box Repsol\",\"description\":\"Box Repsol Site\",\"publisher\":{\"@id\":\"https:\\\/\\\/www.boxrepsol.com\\\/es\\\/#organization\"},\"potentialAction\":[{\"@type\":\"SearchAction\",\"target\":{\"@type\":\"EntryPoint\",\"urlTemplate\":\"https:\\\/\\\/www.boxrepsol.com\\\/es\\\/?s={search_term_string}\"},\"query-input\":{\"@type\":\"PropertyValueSpecification\",\"valueRequired\":true,\"valueName\":\"search_term_string\"}}],\"inLanguage\":\"es\"},{\"@type\":\"Organization\",\"@id\":\"https:\\\/\\\/www.boxrepsol.com\\\/es\\\/#organization\",\"name\":\"Box Repsol\",\"url\":\"https:\\\/\\\/www.boxrepsol.com\\\/es\\\/\",\"logo\":{\"@type\":\"ImageObject\",\"inLanguage\":\"es\",\"@id\":\"https:\\\/\\\/www.boxrepsol.com\\\/es\\\/#\\\/schema\\\/logo\\\/image\\\/\",\"url\":\"https:\\\/\\\/bxrepsol.s3.eu-west-1.amazonaws.com\\\/static\\\/2025\\\/07\\\/30083337\\\/favicon-96x96-1.png\",\"contentUrl\":\"https:\\\/\\\/bxrepsol.s3.eu-west-1.amazonaws.com\\\/static\\\/2025\\\/07\\\/30083337\\\/favicon-96x96-1.png\",\"width\":96,\"height\":96,\"caption\":\"Box Repsol\"},\"image\":{\"@id\":\"https:\\\/\\\/www.boxrepsol.com\\\/es\\\/#\\\/schema\\\/logo\\\/image\\\/\"},\"sameAs\":[\"https:\\\/\\\/www.facebook.com\\\/BoxRepsol\",\"https:\\\/\\\/x.com\\\/box_repsol\",\"http:\\\/\\\/instagram.com\\\/box_repsol\",\"https:\\\/\\\/www.youtube.com\\\/user\\\/RepsolCompeticion\",\"https:\\\/\\\/www.flickr.com\\\/photos\\\/box_repsol\\\/\"]},{\"@type\":\"Person\",\"@id\":\"https:\\\/\\\/www.boxrepsol.com\\\/es\\\/#\\\/schema\\\/person\\\/c5c2138f2cca251b0ad92b7086bb60b7\",\"name\":\"Redacci\u00f3n Box Repsol\",\"image\":{\"@type\":\"ImageObject\",\"inLanguage\":\"es\",\"@id\":\"https:\\\/\\\/secure.gravatar.com\\\/avatar\\\/adf7b77e38b4419baf32c7e9c21dde01f4e40df611f0978e3006fc4ba0aaab7e?s=96&d=mm&r=g\",\"url\":\"https:\\\/\\\/secure.gravatar.com\\\/avatar\\\/adf7b77e38b4419baf32c7e9c21dde01f4e40df611f0978e3006fc4ba0aaab7e?s=96&d=mm&r=g\",\"contentUrl\":\"https:\\\/\\\/secure.gravatar.com\\\/avatar\\\/adf7b77e38b4419baf32c7e9c21dde01f4e40df611f0978e3006fc4ba0aaab7e?s=96&d=mm&r=g\",\"caption\":\"Redacci\u00f3n Box Repsol\"},\"description\":\"Box Repsol lo forma un equipo de periodistas, community managers, dise\u00f1adores y fot\u00f3grafos con m\u00e1s de 20 a\u00f1os de experiencia en el mundo del motorsport. Hemos vivido el primer mundial de un espa\u00f1ol en la categor\u00eda reina de motociclismo con \u00c1lex Crivill\u00e9, estuvimos en las victorias de Pedrosa y los t\u00edtulos de M\u00e1rquez, acompa\u00f1amos en \u00c1frica a Nani Roma y Marc Coma en sus conquistas del Dakar y hemos vibrado con los t\u00edtulos de Toni Bou en Trial. Adem\u00e1s, en nuestro equipo contamos con expertos en el mundo de las dos y cuatro ruedas tanto de la calle y las carreteras, como de los circuitos. Periodistas que han trabajado en revistas y publicaciones para hacerte llegar desde rutas y consejos de mantenimiento, a curiosidades y trucos de pilotaje.\",\"sameAs\":[\"https:\\\/\\\/www.facebook.com\\\/BoxRepsol\\\/\",\"https:\\\/\\\/www.instagram.com\\\/box_repsol\\\/\",\"https:\\\/\\\/x.com\\\/https:\\\/\\\/twitter.com\\\/box_repsol\",\"https:\\\/\\\/www.youtube.com\\\/@Boxrepsol\"],\"url\":\"https:\\\/\\\/www.boxrepsol.com\\\/es\\\/author\\\/redaccion-box-repsol\\\/\"}]}<\/script>\n<!-- \/ Yoast SEO plugin. -->","yoast_head_json":{"title":"\u00bfCu\u00e1ntos kil\u00f3metros recorre cada a\u00f1o un piloto de MotoGP? - Box Repsol","description":"Mas que pararnos a pensar en los kil\u00f3metros que recorre cada a\u00f1o el Mundial de MotoGP, lo \u00fanico que nos llega es la imagen de los pilotos dando vueltas","canonical":"https:\/\/www.boxrepsol.com\/es\/motogp\/kilometros-recorre-cada-mundial-motogp\/","og_locale":"es_ES","og_type":"article","og_title":"\u00bfCu\u00e1ntos kil\u00f3metros recorre cada a\u00f1o un piloto de MotoGP? - Box Repsol","og_description":"Mas que pararnos a pensar en los kil\u00f3metros que recorre cada a\u00f1o el Mundial de MotoGP, lo \u00fanico que nos llega es la imagen de los pilotos dando vueltas","og_url":"https:\/\/www.boxrepsol.com\/es\/motogp\/kilometros-recorre-cada-mundial-motogp\/","og_site_name":"Box Repsol","article_publisher":"https:\/\/www.facebook.com\/BoxRepsol","article_author":"https:\/\/www.facebook.com\/BoxRepsol\/","article_published_time":"2019-08-07T02:00:00+00:00","article_modified_time":"2024-04-25T10:17:02+00:00","og_image":[{"width":1280,"height":600,"url":"https:\/\/bxrepsol.s3.eu-west-1.amazonaws.com\/static\/2022\/08\/29085902\/kilometros_mundial_header-1.jpg","type":"image\/jpeg"}],"author":"Redacci\u00f3n Box Repsol","twitter_card":"summary_large_image","twitter_creator":"@https:\/\/twitter.com\/box_repsol","twitter_site":"@box_repsol","twitter_misc":{"Written by":"Redacci\u00f3n Box Repsol","Est. reading time":"2 minutos"},"schema":{"@context":"https:\/\/schema.org","@graph":[{"@type":"Article","@id":"https:\/\/www.boxrepsol.com\/es\/motogp\/kilometros-recorre-cada-mundial-motogp\/#article","isPartOf":{"@id":"https:\/\/www.boxrepsol.com\/es\/motogp\/kilometros-recorre-cada-mundial-motogp\/"},"author":{"name":"Redacci\u00f3n Box Repsol","@id":"https:\/\/www.boxrepsol.com\/es\/#\/schema\/person\/c5c2138f2cca251b0ad92b7086bb60b7"},"headline":"\u00bfCu\u00e1ntos kil\u00f3metros recorre cada a\u00f1o el Mundial de MotoGP?","datePublished":"2019-08-07T02:00:00+00:00","dateModified":"2024-04-25T10:17:02+00:00","mainEntityOfPage":{"@id":"https:\/\/www.boxrepsol.com\/es\/motogp\/kilometros-recorre-cada-mundial-motogp\/"},"wordCount":444,"commentCount":0,"publisher":{"@id":"https:\/\/www.boxrepsol.com\/es\/#organization"},"image":{"@id":"https:\/\/www.boxrepsol.com\/es\/motogp\/kilometros-recorre-cada-mundial-motogp\/#primaryimage"},"thumbnailUrl":"https:\/\/bxrepsol.s3.eu-west-1.amazonaws.com\/static\/2022\/08\/29085902\/kilometros_mundial_header-1.jpg","keywords":["curiosidades moteras"],"articleSection":["MotoGP"],"inLanguage":"es","potentialAction":[{"@type":"CommentAction","name":"Comment","target":["https:\/\/www.boxrepsol.com\/es\/motogp\/kilometros-recorre-cada-mundial-motogp\/#respond"]}]},{"@type":"WebPage","@id":"https:\/\/www.boxrepsol.com\/es\/motogp\/kilometros-recorre-cada-mundial-motogp\/","url":"https:\/\/www.boxrepsol.com\/es\/motogp\/kilometros-recorre-cada-mundial-motogp\/","name":"\u00bfCu\u00e1ntos kil\u00f3metros recorre cada a\u00f1o un piloto de MotoGP? - Box Repsol","isPartOf":{"@id":"https:\/\/www.boxrepsol.com\/es\/#website"},"primaryImageOfPage":{"@id":"https:\/\/www.boxrepsol.com\/es\/motogp\/kilometros-recorre-cada-mundial-motogp\/#primaryimage"},"image":{"@id":"https:\/\/www.boxrepsol.com\/es\/motogp\/kilometros-recorre-cada-mundial-motogp\/#primaryimage"},"thumbnailUrl":"https:\/\/bxrepsol.s3.eu-west-1.amazonaws.com\/static\/2022\/08\/29085902\/kilometros_mundial_header-1.jpg","datePublished":"2019-08-07T02:00:00+00:00","dateModified":"2024-04-25T10:17:02+00:00","description":"Mas que pararnos a pensar en los kil\u00f3metros que recorre cada a\u00f1o el Mundial de MotoGP, lo \u00fanico que nos llega es la imagen de los pilotos dando vueltas","breadcrumb":{"@id":"https:\/\/www.boxrepsol.com\/es\/motogp\/kilometros-recorre-cada-mundial-motogp\/#breadcrumb"},"inLanguage":"es","potentialAction":[{"@type":"ReadAction","target":["https:\/\/www.boxrepsol.com\/es\/motogp\/kilometros-recorre-cada-mundial-motogp\/"]}]},{"@type":"ImageObject","inLanguage":"es","@id":"https:\/\/www.boxrepsol.com\/es\/motogp\/kilometros-recorre-cada-mundial-motogp\/#primaryimage","url":"https:\/\/bxrepsol.s3.eu-west-1.amazonaws.com\/static\/2022\/08\/29085902\/kilometros_mundial_header-1.jpg","contentUrl":"https:\/\/bxrepsol.s3.eu-west-1.amazonaws.com\/static\/2022\/08\/29085902\/kilometros_mundial_header-1.jpg","width":1280,"height":600,"caption":"jorge_lorezo_pilotanto_rc213v_y_avion_despegando"},{"@type":"BreadcrumbList","@id":"https:\/\/www.boxrepsol.com\/es\/motogp\/kilometros-recorre-cada-mundial-motogp\/#breadcrumb","itemListElement":[{"@type":"ListItem","position":1,"name":"Home","item":"https:\/\/www.boxrepsol.com\/es\/"},{"@type":"ListItem","position":2,"name":"\u00bfCu\u00e1ntos kil\u00f3metros recorre cada a\u00f1o el Mundial de MotoGP?"}]},{"@type":"WebSite","@id":"https:\/\/www.boxrepsol.com\/es\/#website","url":"https:\/\/www.boxrepsol.com\/es\/","name":"Box Repsol","description":"Box Repsol Site","publisher":{"@id":"https:\/\/www.boxrepsol.com\/es\/#organization"},"potentialAction":[{"@type":"SearchAction","target":{"@type":"EntryPoint","urlTemplate":"https:\/\/www.boxrepsol.com\/es\/?s={search_term_string}"},"query-input":{"@type":"PropertyValueSpecification","valueRequired":true,"valueName":"search_term_string"}}],"inLanguage":"es"},{"@type":"Organization","@id":"https:\/\/www.boxrepsol.com\/es\/#organization","name":"Box Repsol","url":"https:\/\/www.boxrepsol.com\/es\/","logo":{"@type":"ImageObject","inLanguage":"es","@id":"https:\/\/www.boxrepsol.com\/es\/#\/schema\/logo\/image\/","url":"https:\/\/bxrepsol.s3.eu-west-1.amazonaws.com\/static\/2025\/07\/30083337\/favicon-96x96-1.png","contentUrl":"https:\/\/bxrepsol.s3.eu-west-1.amazonaws.com\/static\/2025\/07\/30083337\/favicon-96x96-1.png","width":96,"height":96,"caption":"Box Repsol"},"image":{"@id":"https:\/\/www.boxrepsol.com\/es\/#\/schema\/logo\/image\/"},"sameAs":["https:\/\/www.facebook.com\/BoxRepsol","https:\/\/x.com\/box_repsol","http:\/\/instagram.com\/box_repsol","https:\/\/www.youtube.com\/user\/RepsolCompeticion","https:\/\/www.flickr.com\/photos\/box_repsol\/"]},{"@type":"Person","@id":"https:\/\/www.boxrepsol.com\/es\/#\/schema\/person\/c5c2138f2cca251b0ad92b7086bb60b7","name":"Redacci\u00f3n Box Repsol","image":{"@type":"ImageObject","inLanguage":"es","@id":"https:\/\/secure.gravatar.com\/avatar\/adf7b77e38b4419baf32c7e9c21dde01f4e40df611f0978e3006fc4ba0aaab7e?s=96&d=mm&r=g","url":"https:\/\/secure.gravatar.com\/avatar\/adf7b77e38b4419baf32c7e9c21dde01f4e40df611f0978e3006fc4ba0aaab7e?s=96&d=mm&r=g","contentUrl":"https:\/\/secure.gravatar.com\/avatar\/adf7b77e38b4419baf32c7e9c21dde01f4e40df611f0978e3006fc4ba0aaab7e?s=96&d=mm&r=g","caption":"Redacci\u00f3n Box Repsol"},"description":"Box Repsol lo forma un equipo de periodistas, community managers, dise\u00f1adores y fot\u00f3grafos con m\u00e1s de 20 a\u00f1os de experiencia en el mundo del motorsport. Hemos vivido el primer mundial de un espa\u00f1ol en la categor\u00eda reina de motociclismo con \u00c1lex Crivill\u00e9, estuvimos en las victorias de Pedrosa y los t\u00edtulos de M\u00e1rquez, acompa\u00f1amos en \u00c1frica a Nani Roma y Marc Coma en sus conquistas del Dakar y hemos vibrado con los t\u00edtulos de Toni Bou en Trial. Adem\u00e1s, en nuestro equipo contamos con expertos en el mundo de las dos y cuatro ruedas tanto de la calle y las carreteras, como de los circuitos. Periodistas que han trabajado en revistas y publicaciones para hacerte llegar desde rutas y consejos de mantenimiento, a curiosidades y trucos de pilotaje.","sameAs":["https:\/\/www.facebook.com\/BoxRepsol\/","https:\/\/www.instagram.com\/box_repsol\/","https:\/\/x.com\/https:\/\/twitter.com\/box_repsol","https:\/\/www.youtube.com\/@Boxrepsol"],"url":"https:\/\/www.boxrepsol.com\/es\/author\/redaccion-box-repsol\/"}]}},"_links":{"self":[{"href":"https:\/\/www.boxrepsol.com\/es\/wp-json\/wp\/v2\/posts\/94053","targetHints":{"allow":["GET"]}}],"collection":[{"href":"https:\/\/www.boxrepsol.com\/es\/wp-json\/wp\/v2\/posts"}],"about":[{"href":"https:\/\/www.boxrepsol.com\/es\/wp-json\/wp\/v2\/types\/post"}],"author":[{"embeddable":true,"href":"https:\/\/www.boxrepsol.com\/es\/wp-json\/wp\/v2\/users\/43146"}],"replies":[{"embeddable":true,"href":"https:\/\/www.boxrepsol.com\/es\/wp-json\/wp\/v2\/comments?post=94053"}],"version-history":[{"count":2,"href":"https:\/\/www.boxrepsol.com\/es\/wp-json\/wp\/v2\/posts\/94053\/revisions"}],"predecessor-version":[{"id":110523,"href":"https:\/\/www.boxrepsol.com\/es\/wp-json\/wp\/v2\/posts\/94053\/revisions\/110523"}],"wp:featuredmedia":[{"embeddable":true,"href":"https:\/\/www.boxrepsol.com\/es\/wp-json\/wp\/v2\/media\/62291"}],"wp:attachment":[{"href":"https:\/\/www.boxrepsol.com\/es\/wp-json\/wp\/v2\/media?parent=94053"}],"wp:term":[{"taxonomy":"category","embeddable":true,"href":"https:\/\/www.boxrepsol.com\/es\/wp-json\/wp\/v2\/categories?post=94053"},{"taxonomy":"post_tag","embeddable":true,"href":"https:\/\/www.boxrepsol.com\/es\/wp-json\/wp\/v2\/tags?post=94053"}],"curies":[{"name":"wp","href":"https:\/\/api.w.org\/{rel}","templated":true}]}}