{"id":94032,"date":"2019-07-15T00:00:00","date_gmt":"2019-07-15T02:00:00","guid":{"rendered":"http:\/\/pre.boxrepsol.com\/sin-categorizar\/pleno-victorias-espanolas-fim-cev-repsol\/"},"modified":"2024-04-25T08:25:54","modified_gmt":"2024-04-25T10:25:54","slug":"pleno-victorias-espanolas-fim-cev-repsol","status":"publish","type":"post","link":"https:\/\/www.boxrepsol.com\/es\/sin-categorizar\/pleno-victorias-espanolas-fim-cev-repsol\/","title":{"rendered":"Pleno de victorias espa\u00f1olas en el FIM CEV Repsol"},"content":{"rendered":"<p><strong>Xavier Artigas ha estrenado su palmar\u00e9s de victorias en la categor\u00eda de FIM Moto3\u2122 Junior World Championship<\/strong>, tras imponerse a Jeremy Alcoba y a su compa\u00f1ero de equipo, Davide Pizzoli, en un final muy ajustado, en el que los primeros cuatro clasificados han cruzado la l\u00ednea de meta separados por solo 93 mil\u00e9simas.<\/p>\n<p>La primera carrera de Moto2 se ha visto condicionada por las condiciones mixtas de la pista, debido a la lluvia ca\u00edda anoche y esta ma\u00f1ana. Un incidente en la primera vuelta ha obligado a parar la carrera. La segunda se ha reanudado a 10 vueltas, con<strong> victoria para el espa\u00f1ol H\u00e9ctor Garz\u00f3<\/strong>, seguido del malasio Daniel Kasmayudin y Miquel Pons, estrenando ambos su palmar\u00e9s de podios en el campeonato.<\/p>\n<p>Por la tarde, ya en condiciones de seco, el l\u00edder del campeonato,<strong> Edgar Pons, ha conseguido sumar la cuarta victoria de la temporada<\/strong>. H\u00e9ctor Garz\u00f3, segundo, y Niki Tuuli, tercero, han ocupado las plazas restantes del podio.<\/p>\n<p><strong>Victoria de Izan Guevara en la primera carrera de la European Talent Cup<\/strong>, tras recibir una penalizaci\u00f3n (long lap), que le ha obligado a protagonizar una remontada hasta la primera posici\u00f3n final. Segundo puesto para David Alonso y tercero para Alex Mill\u00e1n.<\/p>\n<p>En la segunda manga, <strong>Izan Guevara ha vuelto a demostrar por qu\u00e9 es el dominador de la categor\u00eda, alz\u00e1ndose con un nuevo triunfo<\/strong> -quinto de la temporada- por 13 mil\u00e9simas sobre Jos\u00e9 Antonio Rueda. El tercer pelda\u00f1o del podio ha sido para David Alonso.<\/p>\n<p>Una vez concluida la quinta prueba del calendario, <a href=\"https:\/\/www.boxrepsol.com\/es\/calendario-fim-cev-repsol-2019\/\">el FIM CEV Repsol se reanudar\u00e1 el pr\u00f3ximo 29 de septiembre<\/a> en el Circuito de Jerez-\u00c1ngel Nieto.<\/p>\n<p><a href=\"https:\/\/bxrepsol.s3.eu-west-1.amazonaws.com\/static\/2022\/08\/05065358\/00_pilotos_fim_cev_repsol_aragon.jpg\" \n   title=\"Grupo de pilotos en carrera en MotorLand\" \n   data-gallery-thumbnail=\"https:\/\/bxrepsol.s3.eu-west-1.amazonaws.com\/static\/2022\/08\/05065358\/00_pilotos_fim_cev_repsol_aragon.jpg\"\n   data-gallery-title=\"\"\n   data-gallery><\/p>\n<figure>\n        <picture style=\"padding-bottom: 66.72%; background-image: url(https:\/\/bxrepsol.s3.eu-west-1.amazonaws.com\/static\/2022\/08\/05065358\/00_pilotos_fim_cev_repsol_aragon.jpg);\">\n            <img decoding=\"async\" src=\"https:\/\/bxrepsol.s3.eu-west-1.amazonaws.com\/static\/2022\/08\/05065358\/00_pilotos_fim_cev_repsol_aragon.jpg\"><br \/>\n            <img itemprop=\"image\"\n                data-srcset=\"https:\/\/bxrepsol.s3.eu-west-1.amazonaws.com\/static\/2022\/08\/05065358\/00_pilotos_fim_cev_repsol_aragon.jpg 480w, https:\/\/bxrepsol.s3.eu-west-1.amazonaws.com\/static\/2022\/08\/05065358\/00_pilotos_fim_cev_repsol_aragon.jpg 600w, https:\/\/bxrepsol.s3.eu-west-1.amazonaws.com\/static\/2022\/08\/05065358\/00_pilotos_fim_cev_repsol_aragon.jpg 900w\"\n                data-src=\"https:\/\/bxrepsol.s3.eu-west-1.amazonaws.com\/static\/2022\/08\/05065358\/00_pilotos_fim_cev_repsol_aragon.jpg\"\n                alt=\"Grupo de pilotos en carrera en MotorLand\"\n                title=\"Grupo de pilotos en carrera en MotorLand\"\/><br \/>\n            <noscript><img decoding=\"async\" src=\"https:\/\/bxrepsol.s3.eu-west-1.amazonaws.com\/static\/2022\/08\/05065358\/00_pilotos_fim_cev_repsol_aragon.jpg\" alt=\"Grupo de pilotos en carrera en MotorLand\"><\/noscript>\n        <\/picture><figcaption>Grupo de pilotos en carrera en MotorLand<\/figcaption><\/figure>\n<p><\/a><\/p>\n<h3>Xavier Artigas \u2013 Ganador de la carrera de MOTO3<\/h3>\n<p><em><strong>Ha sido una carrera incre\u00edble y he podido conseguir mi primera victoria<\/strong>. Hemos hablado con el equipo sobre la estrategia para la carrera y al final ha salido tal y como quer\u00edamos. Quiero dar las gracias a mis patrocinadores, a mi familia y al equipo Leopard Impala Junior Team que ha trabajado muy bien durante todo el fin de semana.<\/em><\/p>\n<hr\/>\n<h3>H\u00e9cto Garz\u00f3 \u2013 Ganador de la primera carrera de MOTO2<\/h3>\n<p><em><strong>Ha sido una carrera muy dif\u00edcil de gestionar sobre mojado<\/strong>, ya que nunca sabes lo que puede pasar. Mi equipo ha preparado una moto perfecta para esta carrera, he luchado hasta el final y he conseguido pasar a Kasmayudin. Estoy muy contento por este resultado.<\/em><\/p>\n<hr\/>\n<h3>Edgar Pons \u2013 Ganador de la segunda carrera de MOTO2<\/h3>\n<p><em>Esta ma\u00f1ana [en la primera carrera] no ha ido muy bien.<strong> Esta tarde sab\u00edamos que ten\u00edamos m\u00e1s ritmo que los dem\u00e1s en seco<\/strong>, pero con la lluvia ca\u00edda, la pista se ha ensuciado, as\u00ed que he salido y me lo he tomado con calma. H\u00e9ctor Garz\u00f3 y yo nos hemos escapado y he podido dejarle atr\u00e1s arriesgando un poco. Estoy muy contento y le doy las gracias a mi equipo. Debemos seguir trabajando as\u00ed.<\/em><\/p>\n<hr\/>\n<h3>Izan Guevara \u2013 Ganador de la primera carrera de la EUROPEAN TALENT CUP<\/h3>\n<p><em><strong>Ha sido una carrera complicada, he tirado desde el principio pero no he podido escaparme <\/strong>y hemos librado una batalla en grupo. A falta de 4 vueltas para el final, he tenido que cumplir una sanci\u00f3n de \u2018long lap\u2019 y he apretado al m\u00e1ximo para intentar alcanzar de nuevo  a mis rivales. Al final he podido conseguir la victoria.<\/em><\/p>\n<hr\/>\n<h3>Izan Guevara \u2013 Ganador de la segunda carrera de la EUROPEAN TALENT CUP<\/h3>\n<p><em><strong>Ha sido una carrera dif\u00edcil ya que he estado toda la carrera batallando<\/strong> con Jos\u00e9 Antonio Rueda. El final de la prueba ha sido muy divertido, con muchos adelantamientos, y he podido ganar saliendo al rebufo de la \u00faltima curva. Quiero dar los gracias a mi equipo, a mis padres y a mis patrocinadores.<\/em><\/p>\n","protected":false},"excerpt":{"rendered":"<p>Xavier Artigas en Moto3, H\u00e9ctor Garz\u00f3 y Edgar Pons en Moto2 e Izan Guevara -por partida doble- en la European Talent Cup, monopolizan los triunfos en el trazado mundialista de MotorLand Arag\u00f3n.<\/p>\n","protected":false},"author":43146,"featured_media":62184,"comment_status":"open","ping_status":"open","sticky":false,"template":"","format":"standard","meta":{"footnotes":""},"categories":[1],"tags":[130],"class_list":["post-94032","post","type-post","status-publish","format-standard","hentry","category-sin-categorizar","tag-otros-eventos-y-competiciones"],"yoast_head":"<!-- This site is optimized with the Yoast SEO plugin v27.3 - https:\/\/yoast.com\/product\/yoast-seo-wordpress\/ -->\n<title>FIM CEV Repsol Arag\u00f3n 2019 - Pleno de victorias espa\u00f1olas en el FIM CEV Repsol<\/title>\n<meta name=\"description\" content=\"Xavier Artigas en Moto3, H\u00e9ctor Garz\u00f3 y Edgar Pons en Moto2 e Izan Guevara -por partida doble- en la European Talent Cup, monopolizan los triunfos.\" \/>\n<link rel=\"canonical\" href=\"https:\/\/www.boxrepsol.com\/es\/sin-categorizar\/pleno-victorias-espanolas-fim-cev-repsol\/\" \/>\n<meta property=\"og:locale\" content=\"es_ES\" \/>\n<meta property=\"og:type\" content=\"article\" \/>\n<meta property=\"og:title\" content=\"FIM CEV Repsol Arag\u00f3n 2019 - Pleno de victorias espa\u00f1olas en el FIM CEV Repsol\" \/>\n<meta property=\"og:description\" content=\"Xavier Artigas en Moto3, H\u00e9ctor Garz\u00f3 y Edgar Pons en Moto2 e Izan Guevara -por partida doble- en la European Talent Cup, monopolizan los triunfos.\" \/>\n<meta property=\"og:url\" content=\"https:\/\/www.boxrepsol.com\/es\/sin-categorizar\/pleno-victorias-espanolas-fim-cev-repsol\/\" \/>\n<meta property=\"og:site_name\" content=\"Box Repsol\" \/>\n<meta property=\"article:publisher\" content=\"https:\/\/www.facebook.com\/BoxRepsol\" \/>\n<meta property=\"article:author\" content=\"https:\/\/www.facebook.com\/BoxRepsol\/\" \/>\n<meta property=\"article:published_time\" content=\"2019-07-15T02:00:00+00:00\" \/>\n<meta property=\"article:modified_time\" content=\"2024-04-25T10:25:54+00:00\" \/>\n<meta property=\"og:image\" content=\"https:\/\/bxrepsol.s3.eu-west-1.amazonaws.com\/static\/2022\/08\/29085726\/00_podio_fim_cev_repsol_aragon_motorland.jpg\" \/>\n\t<meta property=\"og:image:width\" content=\"1280\" \/>\n\t<meta property=\"og:image:height\" content=\"600\" \/>\n\t<meta property=\"og:image:type\" content=\"image\/jpeg\" \/>\n<meta name=\"author\" content=\"Redacci\u00f3n Box Repsol\" \/>\n<meta name=\"twitter:card\" content=\"summary_large_image\" \/>\n<meta name=\"twitter:creator\" content=\"@https:\/\/twitter.com\/box_repsol\" \/>\n<meta name=\"twitter:site\" content=\"@box_repsol\" \/>\n<meta name=\"twitter:label1\" content=\"Written by\" \/>\n\t<meta name=\"twitter:data1\" content=\"Redacci\u00f3n Box Repsol\" \/>\n\t<meta name=\"twitter:label2\" content=\"Est. reading time\" \/>\n\t<meta name=\"twitter:data2\" content=\"3 minutos\" \/>\n<script type=\"application\/ld+json\" class=\"yoast-schema-graph\">{\"@context\":\"https:\\\/\\\/schema.org\",\"@graph\":[{\"@type\":\"Article\",\"@id\":\"https:\\\/\\\/www.boxrepsol.com\\\/es\\\/sin-categorizar\\\/pleno-victorias-espanolas-fim-cev-repsol\\\/#article\",\"isPartOf\":{\"@id\":\"https:\\\/\\\/www.boxrepsol.com\\\/es\\\/sin-categorizar\\\/pleno-victorias-espanolas-fim-cev-repsol\\\/\"},\"author\":{\"name\":\"Redacci\u00f3n Box Repsol\",\"@id\":\"https:\\\/\\\/www.boxrepsol.com\\\/es\\\/#\\\/schema\\\/person\\\/c5c2138f2cca251b0ad92b7086bb60b7\"},\"headline\":\"Pleno de victorias espa\u00f1olas en el FIM CEV Repsol\",\"datePublished\":\"2019-07-15T02:00:00+00:00\",\"dateModified\":\"2024-04-25T10:25:54+00:00\",\"mainEntityOfPage\":{\"@id\":\"https:\\\/\\\/www.boxrepsol.com\\\/es\\\/sin-categorizar\\\/pleno-victorias-espanolas-fim-cev-repsol\\\/\"},\"wordCount\":660,\"commentCount\":0,\"publisher\":{\"@id\":\"https:\\\/\\\/www.boxrepsol.com\\\/es\\\/#organization\"},\"image\":{\"@id\":\"https:\\\/\\\/www.boxrepsol.com\\\/es\\\/sin-categorizar\\\/pleno-victorias-espanolas-fim-cev-repsol\\\/#primaryimage\"},\"thumbnailUrl\":\"https:\\\/\\\/bxrepsol.s3.eu-west-1.amazonaws.com\\\/static\\\/2022\\\/08\\\/29085726\\\/00_podio_fim_cev_repsol_aragon_motorland.jpg\",\"keywords\":[\"otros eventos y competiciones\"],\"articleSection\":[\"Sin categorizar\"],\"inLanguage\":\"es\",\"potentialAction\":[{\"@type\":\"CommentAction\",\"name\":\"Comment\",\"target\":[\"https:\\\/\\\/www.boxrepsol.com\\\/es\\\/sin-categorizar\\\/pleno-victorias-espanolas-fim-cev-repsol\\\/#respond\"]}]},{\"@type\":\"WebPage\",\"@id\":\"https:\\\/\\\/www.boxrepsol.com\\\/es\\\/sin-categorizar\\\/pleno-victorias-espanolas-fim-cev-repsol\\\/\",\"url\":\"https:\\\/\\\/www.boxrepsol.com\\\/es\\\/sin-categorizar\\\/pleno-victorias-espanolas-fim-cev-repsol\\\/\",\"name\":\"FIM CEV Repsol Arag\u00f3n 2019 - Pleno de victorias espa\u00f1olas en el FIM CEV Repsol\",\"isPartOf\":{\"@id\":\"https:\\\/\\\/www.boxrepsol.com\\\/es\\\/#website\"},\"primaryImageOfPage\":{\"@id\":\"https:\\\/\\\/www.boxrepsol.com\\\/es\\\/sin-categorizar\\\/pleno-victorias-espanolas-fim-cev-repsol\\\/#primaryimage\"},\"image\":{\"@id\":\"https:\\\/\\\/www.boxrepsol.com\\\/es\\\/sin-categorizar\\\/pleno-victorias-espanolas-fim-cev-repsol\\\/#primaryimage\"},\"thumbnailUrl\":\"https:\\\/\\\/bxrepsol.s3.eu-west-1.amazonaws.com\\\/static\\\/2022\\\/08\\\/29085726\\\/00_podio_fim_cev_repsol_aragon_motorland.jpg\",\"datePublished\":\"2019-07-15T02:00:00+00:00\",\"dateModified\":\"2024-04-25T10:25:54+00:00\",\"description\":\"Xavier Artigas en Moto3, H\u00e9ctor Garz\u00f3 y Edgar Pons en Moto2 e Izan Guevara -por partida doble- en la European Talent Cup, monopolizan los triunfos.\",\"breadcrumb\":{\"@id\":\"https:\\\/\\\/www.boxrepsol.com\\\/es\\\/sin-categorizar\\\/pleno-victorias-espanolas-fim-cev-repsol\\\/#breadcrumb\"},\"inLanguage\":\"es\",\"potentialAction\":[{\"@type\":\"ReadAction\",\"target\":[\"https:\\\/\\\/www.boxrepsol.com\\\/es\\\/sin-categorizar\\\/pleno-victorias-espanolas-fim-cev-repsol\\\/\"]}]},{\"@type\":\"ImageObject\",\"inLanguage\":\"es\",\"@id\":\"https:\\\/\\\/www.boxrepsol.com\\\/es\\\/sin-categorizar\\\/pleno-victorias-espanolas-fim-cev-repsol\\\/#primaryimage\",\"url\":\"https:\\\/\\\/bxrepsol.s3.eu-west-1.amazonaws.com\\\/static\\\/2022\\\/08\\\/29085726\\\/00_podio_fim_cev_repsol_aragon_motorland.jpg\",\"contentUrl\":\"https:\\\/\\\/bxrepsol.s3.eu-west-1.amazonaws.com\\\/static\\\/2022\\\/08\\\/29085726\\\/00_podio_fim_cev_repsol_aragon_motorland.jpg\",\"width\":1280,\"height\":600,\"caption\":\"Podio del FIM CEV Repsol en MotorLand Arag\u00f3n\"},{\"@type\":\"BreadcrumbList\",\"@id\":\"https:\\\/\\\/www.boxrepsol.com\\\/es\\\/sin-categorizar\\\/pleno-victorias-espanolas-fim-cev-repsol\\\/#breadcrumb\",\"itemListElement\":[{\"@type\":\"ListItem\",\"position\":1,\"name\":\"Home\",\"item\":\"https:\\\/\\\/www.boxrepsol.com\\\/es\\\/\"},{\"@type\":\"ListItem\",\"position\":2,\"name\":\"Pleno de victorias espa\u00f1olas en el FIM CEV Repsol\"}]},{\"@type\":\"WebSite\",\"@id\":\"https:\\\/\\\/www.boxrepsol.com\\\/es\\\/#website\",\"url\":\"https:\\\/\\\/www.boxrepsol.com\\\/es\\\/\",\"name\":\"Box Repsol\",\"description\":\"Box Repsol Site\",\"publisher\":{\"@id\":\"https:\\\/\\\/www.boxrepsol.com\\\/es\\\/#organization\"},\"potentialAction\":[{\"@type\":\"SearchAction\",\"target\":{\"@type\":\"EntryPoint\",\"urlTemplate\":\"https:\\\/\\\/www.boxrepsol.com\\\/es\\\/?s={search_term_string}\"},\"query-input\":{\"@type\":\"PropertyValueSpecification\",\"valueRequired\":true,\"valueName\":\"search_term_string\"}}],\"inLanguage\":\"es\"},{\"@type\":\"Organization\",\"@id\":\"https:\\\/\\\/www.boxrepsol.com\\\/es\\\/#organization\",\"name\":\"Box Repsol\",\"url\":\"https:\\\/\\\/www.boxrepsol.com\\\/es\\\/\",\"logo\":{\"@type\":\"ImageObject\",\"inLanguage\":\"es\",\"@id\":\"https:\\\/\\\/www.boxrepsol.com\\\/es\\\/#\\\/schema\\\/logo\\\/image\\\/\",\"url\":\"https:\\\/\\\/bxrepsol.s3.eu-west-1.amazonaws.com\\\/static\\\/2025\\\/07\\\/30083337\\\/favicon-96x96-1.png\",\"contentUrl\":\"https:\\\/\\\/bxrepsol.s3.eu-west-1.amazonaws.com\\\/static\\\/2025\\\/07\\\/30083337\\\/favicon-96x96-1.png\",\"width\":96,\"height\":96,\"caption\":\"Box Repsol\"},\"image\":{\"@id\":\"https:\\\/\\\/www.boxrepsol.com\\\/es\\\/#\\\/schema\\\/logo\\\/image\\\/\"},\"sameAs\":[\"https:\\\/\\\/www.facebook.com\\\/BoxRepsol\",\"https:\\\/\\\/x.com\\\/box_repsol\",\"http:\\\/\\\/instagram.com\\\/box_repsol\",\"https:\\\/\\\/www.youtube.com\\\/user\\\/RepsolCompeticion\",\"https:\\\/\\\/www.flickr.com\\\/photos\\\/box_repsol\\\/\"]},{\"@type\":\"Person\",\"@id\":\"https:\\\/\\\/www.boxrepsol.com\\\/es\\\/#\\\/schema\\\/person\\\/c5c2138f2cca251b0ad92b7086bb60b7\",\"name\":\"Redacci\u00f3n Box Repsol\",\"image\":{\"@type\":\"ImageObject\",\"inLanguage\":\"es\",\"@id\":\"https:\\\/\\\/secure.gravatar.com\\\/avatar\\\/adf7b77e38b4419baf32c7e9c21dde01f4e40df611f0978e3006fc4ba0aaab7e?s=96&d=mm&r=g\",\"url\":\"https:\\\/\\\/secure.gravatar.com\\\/avatar\\\/adf7b77e38b4419baf32c7e9c21dde01f4e40df611f0978e3006fc4ba0aaab7e?s=96&d=mm&r=g\",\"contentUrl\":\"https:\\\/\\\/secure.gravatar.com\\\/avatar\\\/adf7b77e38b4419baf32c7e9c21dde01f4e40df611f0978e3006fc4ba0aaab7e?s=96&d=mm&r=g\",\"caption\":\"Redacci\u00f3n Box Repsol\"},\"description\":\"Box Repsol lo forma un equipo de periodistas, community managers, dise\u00f1adores y fot\u00f3grafos con m\u00e1s de 20 a\u00f1os de experiencia en el mundo del motorsport. Hemos vivido el primer mundial de un espa\u00f1ol en la categor\u00eda reina de motociclismo con \u00c1lex Crivill\u00e9, estuvimos en las victorias de Pedrosa y los t\u00edtulos de M\u00e1rquez, acompa\u00f1amos en \u00c1frica a Nani Roma y Marc Coma en sus conquistas del Dakar y hemos vibrado con los t\u00edtulos de Toni Bou en Trial. Adem\u00e1s, en nuestro equipo contamos con expertos en el mundo de las dos y cuatro ruedas tanto de la calle y las carreteras, como de los circuitos. Periodistas que han trabajado en revistas y publicaciones para hacerte llegar desde rutas y consejos de mantenimiento, a curiosidades y trucos de pilotaje.\",\"sameAs\":[\"https:\\\/\\\/www.facebook.com\\\/BoxRepsol\\\/\",\"https:\\\/\\\/www.instagram.com\\\/box_repsol\\\/\",\"https:\\\/\\\/x.com\\\/https:\\\/\\\/twitter.com\\\/box_repsol\",\"https:\\\/\\\/www.youtube.com\\\/@Boxrepsol\"],\"url\":\"https:\\\/\\\/www.boxrepsol.com\\\/es\\\/author\\\/redaccion-box-repsol\\\/\"}]}<\/script>\n<!-- \/ Yoast SEO plugin. -->","yoast_head_json":{"title":"FIM CEV Repsol Arag\u00f3n 2019 - Pleno de victorias espa\u00f1olas en el FIM CEV Repsol","description":"Xavier Artigas en Moto3, H\u00e9ctor Garz\u00f3 y Edgar Pons en Moto2 e Izan Guevara -por partida doble- en la European Talent Cup, monopolizan los triunfos.","canonical":"https:\/\/www.boxrepsol.com\/es\/sin-categorizar\/pleno-victorias-espanolas-fim-cev-repsol\/","og_locale":"es_ES","og_type":"article","og_title":"FIM CEV Repsol Arag\u00f3n 2019 - Pleno de victorias espa\u00f1olas en el FIM CEV Repsol","og_description":"Xavier Artigas en Moto3, H\u00e9ctor Garz\u00f3 y Edgar Pons en Moto2 e Izan Guevara -por partida doble- en la European Talent Cup, monopolizan los triunfos.","og_url":"https:\/\/www.boxrepsol.com\/es\/sin-categorizar\/pleno-victorias-espanolas-fim-cev-repsol\/","og_site_name":"Box Repsol","article_publisher":"https:\/\/www.facebook.com\/BoxRepsol","article_author":"https:\/\/www.facebook.com\/BoxRepsol\/","article_published_time":"2019-07-15T02:00:00+00:00","article_modified_time":"2024-04-25T10:25:54+00:00","og_image":[{"width":1280,"height":600,"url":"https:\/\/bxrepsol.s3.eu-west-1.amazonaws.com\/static\/2022\/08\/29085726\/00_podio_fim_cev_repsol_aragon_motorland.jpg","type":"image\/jpeg"}],"author":"Redacci\u00f3n Box Repsol","twitter_card":"summary_large_image","twitter_creator":"@https:\/\/twitter.com\/box_repsol","twitter_site":"@box_repsol","twitter_misc":{"Written by":"Redacci\u00f3n Box Repsol","Est. reading time":"3 minutos"},"schema":{"@context":"https:\/\/schema.org","@graph":[{"@type":"Article","@id":"https:\/\/www.boxrepsol.com\/es\/sin-categorizar\/pleno-victorias-espanolas-fim-cev-repsol\/#article","isPartOf":{"@id":"https:\/\/www.boxrepsol.com\/es\/sin-categorizar\/pleno-victorias-espanolas-fim-cev-repsol\/"},"author":{"name":"Redacci\u00f3n Box Repsol","@id":"https:\/\/www.boxrepsol.com\/es\/#\/schema\/person\/c5c2138f2cca251b0ad92b7086bb60b7"},"headline":"Pleno de victorias espa\u00f1olas en el FIM CEV Repsol","datePublished":"2019-07-15T02:00:00+00:00","dateModified":"2024-04-25T10:25:54+00:00","mainEntityOfPage":{"@id":"https:\/\/www.boxrepsol.com\/es\/sin-categorizar\/pleno-victorias-espanolas-fim-cev-repsol\/"},"wordCount":660,"commentCount":0,"publisher":{"@id":"https:\/\/www.boxrepsol.com\/es\/#organization"},"image":{"@id":"https:\/\/www.boxrepsol.com\/es\/sin-categorizar\/pleno-victorias-espanolas-fim-cev-repsol\/#primaryimage"},"thumbnailUrl":"https:\/\/bxrepsol.s3.eu-west-1.amazonaws.com\/static\/2022\/08\/29085726\/00_podio_fim_cev_repsol_aragon_motorland.jpg","keywords":["otros eventos y competiciones"],"articleSection":["Sin categorizar"],"inLanguage":"es","potentialAction":[{"@type":"CommentAction","name":"Comment","target":["https:\/\/www.boxrepsol.com\/es\/sin-categorizar\/pleno-victorias-espanolas-fim-cev-repsol\/#respond"]}]},{"@type":"WebPage","@id":"https:\/\/www.boxrepsol.com\/es\/sin-categorizar\/pleno-victorias-espanolas-fim-cev-repsol\/","url":"https:\/\/www.boxrepsol.com\/es\/sin-categorizar\/pleno-victorias-espanolas-fim-cev-repsol\/","name":"FIM CEV Repsol Arag\u00f3n 2019 - Pleno de victorias espa\u00f1olas en el FIM CEV Repsol","isPartOf":{"@id":"https:\/\/www.boxrepsol.com\/es\/#website"},"primaryImageOfPage":{"@id":"https:\/\/www.boxrepsol.com\/es\/sin-categorizar\/pleno-victorias-espanolas-fim-cev-repsol\/#primaryimage"},"image":{"@id":"https:\/\/www.boxrepsol.com\/es\/sin-categorizar\/pleno-victorias-espanolas-fim-cev-repsol\/#primaryimage"},"thumbnailUrl":"https:\/\/bxrepsol.s3.eu-west-1.amazonaws.com\/static\/2022\/08\/29085726\/00_podio_fim_cev_repsol_aragon_motorland.jpg","datePublished":"2019-07-15T02:00:00+00:00","dateModified":"2024-04-25T10:25:54+00:00","description":"Xavier Artigas en Moto3, H\u00e9ctor Garz\u00f3 y Edgar Pons en Moto2 e Izan Guevara -por partida doble- en la European Talent Cup, monopolizan los triunfos.","breadcrumb":{"@id":"https:\/\/www.boxrepsol.com\/es\/sin-categorizar\/pleno-victorias-espanolas-fim-cev-repsol\/#breadcrumb"},"inLanguage":"es","potentialAction":[{"@type":"ReadAction","target":["https:\/\/www.boxrepsol.com\/es\/sin-categorizar\/pleno-victorias-espanolas-fim-cev-repsol\/"]}]},{"@type":"ImageObject","inLanguage":"es","@id":"https:\/\/www.boxrepsol.com\/es\/sin-categorizar\/pleno-victorias-espanolas-fim-cev-repsol\/#primaryimage","url":"https:\/\/bxrepsol.s3.eu-west-1.amazonaws.com\/static\/2022\/08\/29085726\/00_podio_fim_cev_repsol_aragon_motorland.jpg","contentUrl":"https:\/\/bxrepsol.s3.eu-west-1.amazonaws.com\/static\/2022\/08\/29085726\/00_podio_fim_cev_repsol_aragon_motorland.jpg","width":1280,"height":600,"caption":"Podio del FIM CEV Repsol en MotorLand Arag\u00f3n"},{"@type":"BreadcrumbList","@id":"https:\/\/www.boxrepsol.com\/es\/sin-categorizar\/pleno-victorias-espanolas-fim-cev-repsol\/#breadcrumb","itemListElement":[{"@type":"ListItem","position":1,"name":"Home","item":"https:\/\/www.boxrepsol.com\/es\/"},{"@type":"ListItem","position":2,"name":"Pleno de victorias espa\u00f1olas en el FIM CEV Repsol"}]},{"@type":"WebSite","@id":"https:\/\/www.boxrepsol.com\/es\/#website","url":"https:\/\/www.boxrepsol.com\/es\/","name":"Box Repsol","description":"Box Repsol Site","publisher":{"@id":"https:\/\/www.boxrepsol.com\/es\/#organization"},"potentialAction":[{"@type":"SearchAction","target":{"@type":"EntryPoint","urlTemplate":"https:\/\/www.boxrepsol.com\/es\/?s={search_term_string}"},"query-input":{"@type":"PropertyValueSpecification","valueRequired":true,"valueName":"search_term_string"}}],"inLanguage":"es"},{"@type":"Organization","@id":"https:\/\/www.boxrepsol.com\/es\/#organization","name":"Box Repsol","url":"https:\/\/www.boxrepsol.com\/es\/","logo":{"@type":"ImageObject","inLanguage":"es","@id":"https:\/\/www.boxrepsol.com\/es\/#\/schema\/logo\/image\/","url":"https:\/\/bxrepsol.s3.eu-west-1.amazonaws.com\/static\/2025\/07\/30083337\/favicon-96x96-1.png","contentUrl":"https:\/\/bxrepsol.s3.eu-west-1.amazonaws.com\/static\/2025\/07\/30083337\/favicon-96x96-1.png","width":96,"height":96,"caption":"Box Repsol"},"image":{"@id":"https:\/\/www.boxrepsol.com\/es\/#\/schema\/logo\/image\/"},"sameAs":["https:\/\/www.facebook.com\/BoxRepsol","https:\/\/x.com\/box_repsol","http:\/\/instagram.com\/box_repsol","https:\/\/www.youtube.com\/user\/RepsolCompeticion","https:\/\/www.flickr.com\/photos\/box_repsol\/"]},{"@type":"Person","@id":"https:\/\/www.boxrepsol.com\/es\/#\/schema\/person\/c5c2138f2cca251b0ad92b7086bb60b7","name":"Redacci\u00f3n Box Repsol","image":{"@type":"ImageObject","inLanguage":"es","@id":"https:\/\/secure.gravatar.com\/avatar\/adf7b77e38b4419baf32c7e9c21dde01f4e40df611f0978e3006fc4ba0aaab7e?s=96&d=mm&r=g","url":"https:\/\/secure.gravatar.com\/avatar\/adf7b77e38b4419baf32c7e9c21dde01f4e40df611f0978e3006fc4ba0aaab7e?s=96&d=mm&r=g","contentUrl":"https:\/\/secure.gravatar.com\/avatar\/adf7b77e38b4419baf32c7e9c21dde01f4e40df611f0978e3006fc4ba0aaab7e?s=96&d=mm&r=g","caption":"Redacci\u00f3n Box Repsol"},"description":"Box Repsol lo forma un equipo de periodistas, community managers, dise\u00f1adores y fot\u00f3grafos con m\u00e1s de 20 a\u00f1os de experiencia en el mundo del motorsport. Hemos vivido el primer mundial de un espa\u00f1ol en la categor\u00eda reina de motociclismo con \u00c1lex Crivill\u00e9, estuvimos en las victorias de Pedrosa y los t\u00edtulos de M\u00e1rquez, acompa\u00f1amos en \u00c1frica a Nani Roma y Marc Coma en sus conquistas del Dakar y hemos vibrado con los t\u00edtulos de Toni Bou en Trial. Adem\u00e1s, en nuestro equipo contamos con expertos en el mundo de las dos y cuatro ruedas tanto de la calle y las carreteras, como de los circuitos. Periodistas que han trabajado en revistas y publicaciones para hacerte llegar desde rutas y consejos de mantenimiento, a curiosidades y trucos de pilotaje.","sameAs":["https:\/\/www.facebook.com\/BoxRepsol\/","https:\/\/www.instagram.com\/box_repsol\/","https:\/\/x.com\/https:\/\/twitter.com\/box_repsol","https:\/\/www.youtube.com\/@Boxrepsol"],"url":"https:\/\/www.boxrepsol.com\/es\/author\/redaccion-box-repsol\/"}]}},"_links":{"self":[{"href":"https:\/\/www.boxrepsol.com\/es\/wp-json\/wp\/v2\/posts\/94032","targetHints":{"allow":["GET"]}}],"collection":[{"href":"https:\/\/www.boxrepsol.com\/es\/wp-json\/wp\/v2\/posts"}],"about":[{"href":"https:\/\/www.boxrepsol.com\/es\/wp-json\/wp\/v2\/types\/post"}],"author":[{"embeddable":true,"href":"https:\/\/www.boxrepsol.com\/es\/wp-json\/wp\/v2\/users\/43146"}],"replies":[{"embeddable":true,"href":"https:\/\/www.boxrepsol.com\/es\/wp-json\/wp\/v2\/comments?post=94032"}],"version-history":[{"count":1,"href":"https:\/\/www.boxrepsol.com\/es\/wp-json\/wp\/v2\/posts\/94032\/revisions"}],"predecessor-version":[{"id":94033,"href":"https:\/\/www.boxrepsol.com\/es\/wp-json\/wp\/v2\/posts\/94032\/revisions\/94033"}],"wp:featuredmedia":[{"embeddable":true,"href":"https:\/\/www.boxrepsol.com\/es\/wp-json\/wp\/v2\/media\/62184"}],"wp:attachment":[{"href":"https:\/\/www.boxrepsol.com\/es\/wp-json\/wp\/v2\/media?parent=94032"}],"wp:term":[{"taxonomy":"category","embeddable":true,"href":"https:\/\/www.boxrepsol.com\/es\/wp-json\/wp\/v2\/categories?post=94032"},{"taxonomy":"post_tag","embeddable":true,"href":"https:\/\/www.boxrepsol.com\/es\/wp-json\/wp\/v2\/tags?post=94032"}],"curies":[{"name":"wp","href":"https:\/\/api.w.org\/{rel}","templated":true}]}}