{"id":94009,"date":"2019-07-02T00:00:00","date_gmt":"2019-07-02T02:00:00","guid":{"rendered":"http:\/\/pre.boxrepsol.com\/sin-categorizar\/marc-marquez-regresa-sachsenring-junto-stefan-bradl\/"},"modified":"2024-10-16T11:20:14","modified_gmt":"2024-10-16T13:20:14","slug":"marc-marquez-regresa-sachsenring-junto-stefan-bradl","status":"publish","type":"post","link":"https:\/\/www.boxrepsol.com\/es\/motogp\/marc-marquez-regresa-sachsenring-junto-stefan-bradl\/","title":{"rendered":"Marc M\u00e1rquez regresa a Sachsenring junto a Stefan Bradl"},"content":{"rendered":"<p><strong>Marc M\u00e1rquez ha ganado en sus \u00faltimas nueve visitas al trazado germano<\/strong>: una en 125 c. c., dos en Moto2 y seis en MotoGP, siendo el piloto de la categor\u00eda reina con m\u00e1s triunfos en Alemania.<\/p>\n<p>Puede superar a Giacomo Agostini como piloto con m\u00e1s a\u00f1os seguidos invicto en un mismo circuito (venci\u00f3 en Imatra, Finlandia, desde 1965 a 1973).<\/p>\n<p>Tras la lesi\u00f3n de Jorge Lorenzo en las v\u00e9rtebras, el otro lado del box del equipo Repsol Honda estar\u00e1 ocupado por el piloto alem\u00e1n Stefan Bradl.<\/p>\n<p>No te pierdas detalle de la competici\u00f3n siguiendo la clasificaci\u00f3n, horarios y calendario en boxrepsol.com<\/p>\n<p><!-- Imagen relacionada --><br \/>\n<img loading=\"lazy\" decoding=\"async\" src=\"https:\/\/bxrepsol.s3.eu-west-1.amazonaws.com\/static\/2022\/08\/29085638\/Marquez-en-el-circuito-de-Assen-2019-e1561916487229-404x336-2.jpg\" alt=\"\" width=\"404\" height=\"336\" \/><br \/>\n<!-- Categor\u00eda --><br \/>\nMotoGP<br \/>\n<!-- T\u00edtulo --><\/p>\n<h3>Marc M\u00e1rquez, segundo y m\u00e1s l\u00edder<\/h3>\n<p><!-- Fecha --><br \/>\nhace 1 hora<\/p>\n<h2>Previa GP de Alemania 2019 &#8211; Declaraciones de los pilotos<\/h2>\n<p>#MM93<\/p>\n<p><em><strong>Es la primera vez de la temporada que tenemos dos carreras seguidas y estoy entusiasmado.<\/strong> Tuvimos un buen fin de semana en Assen y estoy motivado por llegar a uno de mis circuitos favoritos. Evidentemente, los resultados pasados no significan mucho una vez empezamos los entrenamientos del viernes, as\u00ed que tendremos que seguir trabajando duro con el equipo Repsol Honda para seguir al frente. <\/em><\/p>\n<p><strong>Todo el mundo dice que soy el favorito porque he ganado en los \u00faltimos a\u00f1os<\/strong>, pero este deporte es imprevisible; dec\u00edan lo mismo de Austin y tuve una ca\u00edda. As\u00ed que empezaremos pensando \u00fanicamente en el fin de semana, como en cada Gran Premio.<\/p>\n<hr \/>\n<p><a href=\"https:\/\/twitter.com\/stefanbradl?lang=es\" target=\"_blank\" rel=\"noopener\">@stefanbradl<\/a><\/p>\n<p><em><strong>Estoy muy emocionado de unirme al equipo Repsol Honda en Alemania<\/strong>. Es una carrera especial para m\u00ed, ya que es mi Gran Premio \u2018de casa\u2019, aunque evidentemente lo siento mucho por Jorge Lorenzo y deseo que se recupere lo antes posible y que regrese en plena forma. <\/em><\/p>\n<p><strong>Estoy encantado de poder ayudar al equipo y HRC<\/strong>, veremos qu\u00e9 nos depara el fin de semana. Hemos estado trabajando bien con Honda y estoy muy agradecido por esta oportunidad.<\/p>\n","protected":false},"excerpt":{"rendered":"<p>El l\u00edder del Mundial acumula 9 victorias consecutivas en el Gran Premio de Alemania. Tras la lesi\u00f3n de su compa\u00f1ero de equipo, Jorge Lorenzo, le acompa\u00f1ar\u00e1 en el box Stefan Bradl.<\/p>\n","protected":false},"author":43146,"featured_media":62109,"comment_status":"open","ping_status":"open","sticky":false,"template":"","format":"standard","meta":{"footnotes":""},"categories":[4],"tags":[152],"class_list":["post-94009","post","type-post","status-publish","format-standard","hentry","category-motogp","tag-motogp-alemania"],"yoast_head":"<!-- This site is optimized with the Yoast SEO plugin v27.3 - https:\/\/yoast.com\/product\/yoast-seo-wordpress\/ -->\n<title>GP Alemania 2019 - Marc M\u00e1rquez regresa a Sachsenring junto a Stefan Bradl<\/title>\n<meta name=\"description\" content=\"El l\u00edder del Mundial acumula 9 victorias consecutivas en el Gran Premio de Alemania. le acompa\u00f1ar\u00e1 en el box Stefan Bradl.\" \/>\n<link rel=\"canonical\" href=\"https:\/\/www.boxrepsol.com\/es\/motogp\/marc-marquez-regresa-sachsenring-junto-stefan-bradl\/\" \/>\n<meta property=\"og:locale\" content=\"es_ES\" \/>\n<meta property=\"og:type\" content=\"article\" \/>\n<meta property=\"og:title\" content=\"GP Alemania 2019 - Marc M\u00e1rquez regresa a Sachsenring junto a Stefan Bradl\" \/>\n<meta property=\"og:description\" content=\"El l\u00edder del Mundial acumula 9 victorias consecutivas en el Gran Premio de Alemania. le acompa\u00f1ar\u00e1 en el box Stefan Bradl.\" \/>\n<meta property=\"og:url\" content=\"https:\/\/www.boxrepsol.com\/es\/motogp\/marc-marquez-regresa-sachsenring-junto-stefan-bradl\/\" \/>\n<meta property=\"og:site_name\" content=\"Box Repsol\" \/>\n<meta property=\"article:publisher\" content=\"https:\/\/www.facebook.com\/BoxRepsol\" \/>\n<meta property=\"article:author\" content=\"https:\/\/www.facebook.com\/BoxRepsol\/\" \/>\n<meta property=\"article:published_time\" content=\"2019-07-02T02:00:00+00:00\" \/>\n<meta property=\"article:modified_time\" content=\"2024-10-16T13:20:14+00:00\" \/>\n<meta property=\"og:image\" content=\"https:\/\/bxrepsol.s3.eu-west-1.amazonaws.com\/static\/2022\/08\/29085639\/00_marc_marquez_motogp_repsol_honda_team_rc213v_93.jpg\" \/>\n\t<meta property=\"og:image:width\" content=\"1280\" \/>\n\t<meta property=\"og:image:height\" content=\"600\" \/>\n\t<meta property=\"og:image:type\" content=\"image\/jpeg\" \/>\n<meta name=\"author\" content=\"Redacci\u00f3n Box Repsol\" \/>\n<meta name=\"twitter:card\" content=\"summary_large_image\" \/>\n<meta name=\"twitter:creator\" content=\"@https:\/\/twitter.com\/box_repsol\" \/>\n<meta name=\"twitter:site\" content=\"@box_repsol\" \/>\n<meta name=\"twitter:label1\" content=\"Written by\" \/>\n\t<meta name=\"twitter:data1\" content=\"Redacci\u00f3n Box Repsol\" \/>\n\t<meta name=\"twitter:label2\" content=\"Est. reading time\" \/>\n\t<meta name=\"twitter:data2\" content=\"2 minutos\" \/>\n<script type=\"application\/ld+json\" class=\"yoast-schema-graph\">{\"@context\":\"https:\\\/\\\/schema.org\",\"@graph\":[{\"@type\":\"Article\",\"@id\":\"https:\\\/\\\/www.boxrepsol.com\\\/es\\\/motogp\\\/marc-marquez-regresa-sachsenring-junto-stefan-bradl\\\/#article\",\"isPartOf\":{\"@id\":\"https:\\\/\\\/www.boxrepsol.com\\\/es\\\/motogp\\\/marc-marquez-regresa-sachsenring-junto-stefan-bradl\\\/\"},\"author\":{\"name\":\"Redacci\u00f3n Box Repsol\",\"@id\":\"https:\\\/\\\/www.boxrepsol.com\\\/es\\\/#\\\/schema\\\/person\\\/c5c2138f2cca251b0ad92b7086bb60b7\"},\"headline\":\"Marc M\u00e1rquez regresa a Sachsenring junto a Stefan Bradl\",\"datePublished\":\"2019-07-02T02:00:00+00:00\",\"dateModified\":\"2024-10-16T13:20:14+00:00\",\"mainEntityOfPage\":{\"@id\":\"https:\\\/\\\/www.boxrepsol.com\\\/es\\\/motogp\\\/marc-marquez-regresa-sachsenring-junto-stefan-bradl\\\/\"},\"wordCount\":330,\"commentCount\":0,\"publisher\":{\"@id\":\"https:\\\/\\\/www.boxrepsol.com\\\/es\\\/#organization\"},\"image\":{\"@id\":\"https:\\\/\\\/www.boxrepsol.com\\\/es\\\/motogp\\\/marc-marquez-regresa-sachsenring-junto-stefan-bradl\\\/#primaryimage\"},\"thumbnailUrl\":\"https:\\\/\\\/bxrepsol.s3.eu-west-1.amazonaws.com\\\/static\\\/2022\\\/08\\\/29085639\\\/00_marc_marquez_motogp_repsol_honda_team_rc213v_93.jpg\",\"keywords\":[\"MotoGP Alemania\"],\"articleSection\":[\"MotoGP\"],\"inLanguage\":\"es\",\"potentialAction\":[{\"@type\":\"CommentAction\",\"name\":\"Comment\",\"target\":[\"https:\\\/\\\/www.boxrepsol.com\\\/es\\\/motogp\\\/marc-marquez-regresa-sachsenring-junto-stefan-bradl\\\/#respond\"]}]},{\"@type\":\"WebPage\",\"@id\":\"https:\\\/\\\/www.boxrepsol.com\\\/es\\\/motogp\\\/marc-marquez-regresa-sachsenring-junto-stefan-bradl\\\/\",\"url\":\"https:\\\/\\\/www.boxrepsol.com\\\/es\\\/motogp\\\/marc-marquez-regresa-sachsenring-junto-stefan-bradl\\\/\",\"name\":\"GP Alemania 2019 - Marc M\u00e1rquez regresa a Sachsenring junto a Stefan Bradl\",\"isPartOf\":{\"@id\":\"https:\\\/\\\/www.boxrepsol.com\\\/es\\\/#website\"},\"primaryImageOfPage\":{\"@id\":\"https:\\\/\\\/www.boxrepsol.com\\\/es\\\/motogp\\\/marc-marquez-regresa-sachsenring-junto-stefan-bradl\\\/#primaryimage\"},\"image\":{\"@id\":\"https:\\\/\\\/www.boxrepsol.com\\\/es\\\/motogp\\\/marc-marquez-regresa-sachsenring-junto-stefan-bradl\\\/#primaryimage\"},\"thumbnailUrl\":\"https:\\\/\\\/bxrepsol.s3.eu-west-1.amazonaws.com\\\/static\\\/2022\\\/08\\\/29085639\\\/00_marc_marquez_motogp_repsol_honda_team_rc213v_93.jpg\",\"datePublished\":\"2019-07-02T02:00:00+00:00\",\"dateModified\":\"2024-10-16T13:20:14+00:00\",\"description\":\"El l\u00edder del Mundial acumula 9 victorias consecutivas en el Gran Premio de Alemania. le acompa\u00f1ar\u00e1 en el box Stefan Bradl.\",\"breadcrumb\":{\"@id\":\"https:\\\/\\\/www.boxrepsol.com\\\/es\\\/motogp\\\/marc-marquez-regresa-sachsenring-junto-stefan-bradl\\\/#breadcrumb\"},\"inLanguage\":\"es\",\"potentialAction\":[{\"@type\":\"ReadAction\",\"target\":[\"https:\\\/\\\/www.boxrepsol.com\\\/es\\\/motogp\\\/marc-marquez-regresa-sachsenring-junto-stefan-bradl\\\/\"]}]},{\"@type\":\"ImageObject\",\"inLanguage\":\"es\",\"@id\":\"https:\\\/\\\/www.boxrepsol.com\\\/es\\\/motogp\\\/marc-marquez-regresa-sachsenring-junto-stefan-bradl\\\/#primaryimage\",\"url\":\"https:\\\/\\\/bxrepsol.s3.eu-west-1.amazonaws.com\\\/static\\\/2022\\\/08\\\/29085639\\\/00_marc_marquez_motogp_repsol_honda_team_rc213v_93.jpg\",\"contentUrl\":\"https:\\\/\\\/bxrepsol.s3.eu-west-1.amazonaws.com\\\/static\\\/2022\\\/08\\\/29085639\\\/00_marc_marquez_motogp_repsol_honda_team_rc213v_93.jpg\",\"width\":1280,\"height\":600,\"caption\":\"Marc M\u00e1rquez tumbando la Honda\"},{\"@type\":\"BreadcrumbList\",\"@id\":\"https:\\\/\\\/www.boxrepsol.com\\\/es\\\/motogp\\\/marc-marquez-regresa-sachsenring-junto-stefan-bradl\\\/#breadcrumb\",\"itemListElement\":[{\"@type\":\"ListItem\",\"position\":1,\"name\":\"Home\",\"item\":\"https:\\\/\\\/www.boxrepsol.com\\\/es\\\/\"},{\"@type\":\"ListItem\",\"position\":2,\"name\":\"Marc M\u00e1rquez regresa a Sachsenring junto a Stefan Bradl\"}]},{\"@type\":\"WebSite\",\"@id\":\"https:\\\/\\\/www.boxrepsol.com\\\/es\\\/#website\",\"url\":\"https:\\\/\\\/www.boxrepsol.com\\\/es\\\/\",\"name\":\"Box Repsol\",\"description\":\"Box Repsol Site\",\"publisher\":{\"@id\":\"https:\\\/\\\/www.boxrepsol.com\\\/es\\\/#organization\"},\"potentialAction\":[{\"@type\":\"SearchAction\",\"target\":{\"@type\":\"EntryPoint\",\"urlTemplate\":\"https:\\\/\\\/www.boxrepsol.com\\\/es\\\/?s={search_term_string}\"},\"query-input\":{\"@type\":\"PropertyValueSpecification\",\"valueRequired\":true,\"valueName\":\"search_term_string\"}}],\"inLanguage\":\"es\"},{\"@type\":\"Organization\",\"@id\":\"https:\\\/\\\/www.boxrepsol.com\\\/es\\\/#organization\",\"name\":\"Box Repsol\",\"url\":\"https:\\\/\\\/www.boxrepsol.com\\\/es\\\/\",\"logo\":{\"@type\":\"ImageObject\",\"inLanguage\":\"es\",\"@id\":\"https:\\\/\\\/www.boxrepsol.com\\\/es\\\/#\\\/schema\\\/logo\\\/image\\\/\",\"url\":\"https:\\\/\\\/bxrepsol.s3.eu-west-1.amazonaws.com\\\/static\\\/2025\\\/07\\\/30083337\\\/favicon-96x96-1.png\",\"contentUrl\":\"https:\\\/\\\/bxrepsol.s3.eu-west-1.amazonaws.com\\\/static\\\/2025\\\/07\\\/30083337\\\/favicon-96x96-1.png\",\"width\":96,\"height\":96,\"caption\":\"Box Repsol\"},\"image\":{\"@id\":\"https:\\\/\\\/www.boxrepsol.com\\\/es\\\/#\\\/schema\\\/logo\\\/image\\\/\"},\"sameAs\":[\"https:\\\/\\\/www.facebook.com\\\/BoxRepsol\",\"https:\\\/\\\/x.com\\\/box_repsol\",\"http:\\\/\\\/instagram.com\\\/box_repsol\",\"https:\\\/\\\/www.youtube.com\\\/user\\\/RepsolCompeticion\",\"https:\\\/\\\/www.flickr.com\\\/photos\\\/box_repsol\\\/\"]},{\"@type\":\"Person\",\"@id\":\"https:\\\/\\\/www.boxrepsol.com\\\/es\\\/#\\\/schema\\\/person\\\/c5c2138f2cca251b0ad92b7086bb60b7\",\"name\":\"Redacci\u00f3n Box Repsol\",\"image\":{\"@type\":\"ImageObject\",\"inLanguage\":\"es\",\"@id\":\"https:\\\/\\\/secure.gravatar.com\\\/avatar\\\/adf7b77e38b4419baf32c7e9c21dde01f4e40df611f0978e3006fc4ba0aaab7e?s=96&d=mm&r=g\",\"url\":\"https:\\\/\\\/secure.gravatar.com\\\/avatar\\\/adf7b77e38b4419baf32c7e9c21dde01f4e40df611f0978e3006fc4ba0aaab7e?s=96&d=mm&r=g\",\"contentUrl\":\"https:\\\/\\\/secure.gravatar.com\\\/avatar\\\/adf7b77e38b4419baf32c7e9c21dde01f4e40df611f0978e3006fc4ba0aaab7e?s=96&d=mm&r=g\",\"caption\":\"Redacci\u00f3n Box Repsol\"},\"description\":\"Box Repsol lo forma un equipo de periodistas, community managers, dise\u00f1adores y fot\u00f3grafos con m\u00e1s de 20 a\u00f1os de experiencia en el mundo del motorsport. Hemos vivido el primer mundial de un espa\u00f1ol en la categor\u00eda reina de motociclismo con \u00c1lex Crivill\u00e9, estuvimos en las victorias de Pedrosa y los t\u00edtulos de M\u00e1rquez, acompa\u00f1amos en \u00c1frica a Nani Roma y Marc Coma en sus conquistas del Dakar y hemos vibrado con los t\u00edtulos de Toni Bou en Trial. Adem\u00e1s, en nuestro equipo contamos con expertos en el mundo de las dos y cuatro ruedas tanto de la calle y las carreteras, como de los circuitos. Periodistas que han trabajado en revistas y publicaciones para hacerte llegar desde rutas y consejos de mantenimiento, a curiosidades y trucos de pilotaje.\",\"sameAs\":[\"https:\\\/\\\/www.facebook.com\\\/BoxRepsol\\\/\",\"https:\\\/\\\/www.instagram.com\\\/box_repsol\\\/\",\"https:\\\/\\\/x.com\\\/https:\\\/\\\/twitter.com\\\/box_repsol\",\"https:\\\/\\\/www.youtube.com\\\/@Boxrepsol\"],\"url\":\"https:\\\/\\\/www.boxrepsol.com\\\/es\\\/author\\\/redaccion-box-repsol\\\/\"}]}<\/script>\n<!-- \/ Yoast SEO plugin. -->","yoast_head_json":{"title":"GP Alemania 2019 - Marc M\u00e1rquez regresa a Sachsenring junto a Stefan Bradl","description":"El l\u00edder del Mundial acumula 9 victorias consecutivas en el Gran Premio de Alemania. le acompa\u00f1ar\u00e1 en el box Stefan Bradl.","canonical":"https:\/\/www.boxrepsol.com\/es\/motogp\/marc-marquez-regresa-sachsenring-junto-stefan-bradl\/","og_locale":"es_ES","og_type":"article","og_title":"GP Alemania 2019 - Marc M\u00e1rquez regresa a Sachsenring junto a Stefan Bradl","og_description":"El l\u00edder del Mundial acumula 9 victorias consecutivas en el Gran Premio de Alemania. le acompa\u00f1ar\u00e1 en el box Stefan Bradl.","og_url":"https:\/\/www.boxrepsol.com\/es\/motogp\/marc-marquez-regresa-sachsenring-junto-stefan-bradl\/","og_site_name":"Box Repsol","article_publisher":"https:\/\/www.facebook.com\/BoxRepsol","article_author":"https:\/\/www.facebook.com\/BoxRepsol\/","article_published_time":"2019-07-02T02:00:00+00:00","article_modified_time":"2024-10-16T13:20:14+00:00","og_image":[{"width":1280,"height":600,"url":"https:\/\/bxrepsol.s3.eu-west-1.amazonaws.com\/static\/2022\/08\/29085639\/00_marc_marquez_motogp_repsol_honda_team_rc213v_93.jpg","type":"image\/jpeg"}],"author":"Redacci\u00f3n Box Repsol","twitter_card":"summary_large_image","twitter_creator":"@https:\/\/twitter.com\/box_repsol","twitter_site":"@box_repsol","twitter_misc":{"Written by":"Redacci\u00f3n Box Repsol","Est. reading time":"2 minutos"},"schema":{"@context":"https:\/\/schema.org","@graph":[{"@type":"Article","@id":"https:\/\/www.boxrepsol.com\/es\/motogp\/marc-marquez-regresa-sachsenring-junto-stefan-bradl\/#article","isPartOf":{"@id":"https:\/\/www.boxrepsol.com\/es\/motogp\/marc-marquez-regresa-sachsenring-junto-stefan-bradl\/"},"author":{"name":"Redacci\u00f3n Box Repsol","@id":"https:\/\/www.boxrepsol.com\/es\/#\/schema\/person\/c5c2138f2cca251b0ad92b7086bb60b7"},"headline":"Marc M\u00e1rquez regresa a Sachsenring junto a Stefan Bradl","datePublished":"2019-07-02T02:00:00+00:00","dateModified":"2024-10-16T13:20:14+00:00","mainEntityOfPage":{"@id":"https:\/\/www.boxrepsol.com\/es\/motogp\/marc-marquez-regresa-sachsenring-junto-stefan-bradl\/"},"wordCount":330,"commentCount":0,"publisher":{"@id":"https:\/\/www.boxrepsol.com\/es\/#organization"},"image":{"@id":"https:\/\/www.boxrepsol.com\/es\/motogp\/marc-marquez-regresa-sachsenring-junto-stefan-bradl\/#primaryimage"},"thumbnailUrl":"https:\/\/bxrepsol.s3.eu-west-1.amazonaws.com\/static\/2022\/08\/29085639\/00_marc_marquez_motogp_repsol_honda_team_rc213v_93.jpg","keywords":["MotoGP Alemania"],"articleSection":["MotoGP"],"inLanguage":"es","potentialAction":[{"@type":"CommentAction","name":"Comment","target":["https:\/\/www.boxrepsol.com\/es\/motogp\/marc-marquez-regresa-sachsenring-junto-stefan-bradl\/#respond"]}]},{"@type":"WebPage","@id":"https:\/\/www.boxrepsol.com\/es\/motogp\/marc-marquez-regresa-sachsenring-junto-stefan-bradl\/","url":"https:\/\/www.boxrepsol.com\/es\/motogp\/marc-marquez-regresa-sachsenring-junto-stefan-bradl\/","name":"GP Alemania 2019 - Marc M\u00e1rquez regresa a Sachsenring junto a Stefan Bradl","isPartOf":{"@id":"https:\/\/www.boxrepsol.com\/es\/#website"},"primaryImageOfPage":{"@id":"https:\/\/www.boxrepsol.com\/es\/motogp\/marc-marquez-regresa-sachsenring-junto-stefan-bradl\/#primaryimage"},"image":{"@id":"https:\/\/www.boxrepsol.com\/es\/motogp\/marc-marquez-regresa-sachsenring-junto-stefan-bradl\/#primaryimage"},"thumbnailUrl":"https:\/\/bxrepsol.s3.eu-west-1.amazonaws.com\/static\/2022\/08\/29085639\/00_marc_marquez_motogp_repsol_honda_team_rc213v_93.jpg","datePublished":"2019-07-02T02:00:00+00:00","dateModified":"2024-10-16T13:20:14+00:00","description":"El l\u00edder del Mundial acumula 9 victorias consecutivas en el Gran Premio de Alemania. le acompa\u00f1ar\u00e1 en el box Stefan Bradl.","breadcrumb":{"@id":"https:\/\/www.boxrepsol.com\/es\/motogp\/marc-marquez-regresa-sachsenring-junto-stefan-bradl\/#breadcrumb"},"inLanguage":"es","potentialAction":[{"@type":"ReadAction","target":["https:\/\/www.boxrepsol.com\/es\/motogp\/marc-marquez-regresa-sachsenring-junto-stefan-bradl\/"]}]},{"@type":"ImageObject","inLanguage":"es","@id":"https:\/\/www.boxrepsol.com\/es\/motogp\/marc-marquez-regresa-sachsenring-junto-stefan-bradl\/#primaryimage","url":"https:\/\/bxrepsol.s3.eu-west-1.amazonaws.com\/static\/2022\/08\/29085639\/00_marc_marquez_motogp_repsol_honda_team_rc213v_93.jpg","contentUrl":"https:\/\/bxrepsol.s3.eu-west-1.amazonaws.com\/static\/2022\/08\/29085639\/00_marc_marquez_motogp_repsol_honda_team_rc213v_93.jpg","width":1280,"height":600,"caption":"Marc M\u00e1rquez tumbando la Honda"},{"@type":"BreadcrumbList","@id":"https:\/\/www.boxrepsol.com\/es\/motogp\/marc-marquez-regresa-sachsenring-junto-stefan-bradl\/#breadcrumb","itemListElement":[{"@type":"ListItem","position":1,"name":"Home","item":"https:\/\/www.boxrepsol.com\/es\/"},{"@type":"ListItem","position":2,"name":"Marc M\u00e1rquez regresa a Sachsenring junto a Stefan Bradl"}]},{"@type":"WebSite","@id":"https:\/\/www.boxrepsol.com\/es\/#website","url":"https:\/\/www.boxrepsol.com\/es\/","name":"Box Repsol","description":"Box Repsol Site","publisher":{"@id":"https:\/\/www.boxrepsol.com\/es\/#organization"},"potentialAction":[{"@type":"SearchAction","target":{"@type":"EntryPoint","urlTemplate":"https:\/\/www.boxrepsol.com\/es\/?s={search_term_string}"},"query-input":{"@type":"PropertyValueSpecification","valueRequired":true,"valueName":"search_term_string"}}],"inLanguage":"es"},{"@type":"Organization","@id":"https:\/\/www.boxrepsol.com\/es\/#organization","name":"Box Repsol","url":"https:\/\/www.boxrepsol.com\/es\/","logo":{"@type":"ImageObject","inLanguage":"es","@id":"https:\/\/www.boxrepsol.com\/es\/#\/schema\/logo\/image\/","url":"https:\/\/bxrepsol.s3.eu-west-1.amazonaws.com\/static\/2025\/07\/30083337\/favicon-96x96-1.png","contentUrl":"https:\/\/bxrepsol.s3.eu-west-1.amazonaws.com\/static\/2025\/07\/30083337\/favicon-96x96-1.png","width":96,"height":96,"caption":"Box Repsol"},"image":{"@id":"https:\/\/www.boxrepsol.com\/es\/#\/schema\/logo\/image\/"},"sameAs":["https:\/\/www.facebook.com\/BoxRepsol","https:\/\/x.com\/box_repsol","http:\/\/instagram.com\/box_repsol","https:\/\/www.youtube.com\/user\/RepsolCompeticion","https:\/\/www.flickr.com\/photos\/box_repsol\/"]},{"@type":"Person","@id":"https:\/\/www.boxrepsol.com\/es\/#\/schema\/person\/c5c2138f2cca251b0ad92b7086bb60b7","name":"Redacci\u00f3n Box Repsol","image":{"@type":"ImageObject","inLanguage":"es","@id":"https:\/\/secure.gravatar.com\/avatar\/adf7b77e38b4419baf32c7e9c21dde01f4e40df611f0978e3006fc4ba0aaab7e?s=96&d=mm&r=g","url":"https:\/\/secure.gravatar.com\/avatar\/adf7b77e38b4419baf32c7e9c21dde01f4e40df611f0978e3006fc4ba0aaab7e?s=96&d=mm&r=g","contentUrl":"https:\/\/secure.gravatar.com\/avatar\/adf7b77e38b4419baf32c7e9c21dde01f4e40df611f0978e3006fc4ba0aaab7e?s=96&d=mm&r=g","caption":"Redacci\u00f3n Box Repsol"},"description":"Box Repsol lo forma un equipo de periodistas, community managers, dise\u00f1adores y fot\u00f3grafos con m\u00e1s de 20 a\u00f1os de experiencia en el mundo del motorsport. Hemos vivido el primer mundial de un espa\u00f1ol en la categor\u00eda reina de motociclismo con \u00c1lex Crivill\u00e9, estuvimos en las victorias de Pedrosa y los t\u00edtulos de M\u00e1rquez, acompa\u00f1amos en \u00c1frica a Nani Roma y Marc Coma en sus conquistas del Dakar y hemos vibrado con los t\u00edtulos de Toni Bou en Trial. Adem\u00e1s, en nuestro equipo contamos con expertos en el mundo de las dos y cuatro ruedas tanto de la calle y las carreteras, como de los circuitos. Periodistas que han trabajado en revistas y publicaciones para hacerte llegar desde rutas y consejos de mantenimiento, a curiosidades y trucos de pilotaje.","sameAs":["https:\/\/www.facebook.com\/BoxRepsol\/","https:\/\/www.instagram.com\/box_repsol\/","https:\/\/x.com\/https:\/\/twitter.com\/box_repsol","https:\/\/www.youtube.com\/@Boxrepsol"],"url":"https:\/\/www.boxrepsol.com\/es\/author\/redaccion-box-repsol\/"}]}},"_links":{"self":[{"href":"https:\/\/www.boxrepsol.com\/es\/wp-json\/wp\/v2\/posts\/94009","targetHints":{"allow":["GET"]}}],"collection":[{"href":"https:\/\/www.boxrepsol.com\/es\/wp-json\/wp\/v2\/posts"}],"about":[{"href":"https:\/\/www.boxrepsol.com\/es\/wp-json\/wp\/v2\/types\/post"}],"author":[{"embeddable":true,"href":"https:\/\/www.boxrepsol.com\/es\/wp-json\/wp\/v2\/users\/43146"}],"replies":[{"embeddable":true,"href":"https:\/\/www.boxrepsol.com\/es\/wp-json\/wp\/v2\/comments?post=94009"}],"version-history":[{"count":4,"href":"https:\/\/www.boxrepsol.com\/es\/wp-json\/wp\/v2\/posts\/94009\/revisions"}],"predecessor-version":[{"id":121211,"href":"https:\/\/www.boxrepsol.com\/es\/wp-json\/wp\/v2\/posts\/94009\/revisions\/121211"}],"wp:featuredmedia":[{"embeddable":true,"href":"https:\/\/www.boxrepsol.com\/es\/wp-json\/wp\/v2\/media\/62109"}],"wp:attachment":[{"href":"https:\/\/www.boxrepsol.com\/es\/wp-json\/wp\/v2\/media?parent=94009"}],"wp:term":[{"taxonomy":"category","embeddable":true,"href":"https:\/\/www.boxrepsol.com\/es\/wp-json\/wp\/v2\/categories?post=94009"},{"taxonomy":"post_tag","embeddable":true,"href":"https:\/\/www.boxrepsol.com\/es\/wp-json\/wp\/v2\/tags?post=94009"}],"curies":[{"name":"wp","href":"https:\/\/api.w.org\/{rel}","templated":true}]}}