{"id":93994,"date":"2019-06-28T00:00:00","date_gmt":"2019-06-28T02:00:00","guid":{"rendered":"http:\/\/pre.boxrepsol.com\/sin-categorizar\/marquez-septimo-lorenzo-se-perdera-resto-del-gran-premio\/"},"modified":"2024-04-25T08:33:26","modified_gmt":"2024-04-25T10:33:26","slug":"marquez-septimo-lorenzo-se-perdera-resto-del-gran-premio","status":"publish","type":"post","link":"https:\/\/www.boxrepsol.com\/es\/motogp\/marquez-septimo-lorenzo-se-perdera-resto-del-gran-premio\/","title":{"rendered":"M\u00e1rquez es s\u00e9ptimo y Lorenzo se perder\u00e1 el resto del Gran Premio"},"content":{"rendered":"<p>El <strong>l\u00edder del Mundial de MotoGP termina s\u00e9ptimo<\/strong>, en una primera jornada en la que su compa\u00f1ero ha tenido una ca\u00edda y se ha lesionado.<\/p>\n<p><strong>Marc M\u00e1rquez<\/strong>, que ha liderado el inicio de las dos sesiones libres de hoy, ha sido sexto en el FP1 y s\u00e9ptimo en el FP2.<\/p>\n<p><strong>Jorge Lorenzo<\/strong> ha tenido una ca\u00edda durante el FP1. Tras realizarle una resonancia magn\u00e9tica, se ha confirmado que tiene una fractura estable de la v\u00e9rtebra T6 y una fractura trabecular de la v\u00e9rtebra T8.<\/p>\n<p>Debido a la lesi\u00f3n, el piloto del equipo Repsol Honda se perder\u00e1 el resto del Gran Premio.<\/p>\n<p>                <!-- Imagen relacionada --><br \/>\n        <img loading=\"lazy\" decoding=\"async\" width=\"404\" height=\"336\" src=\"https:\/\/bxrepsol.s3.eu-west-1.amazonaws.com\/static\/2022\/08\/29085608\/00_motogp_lorenzo_marquez_honda_repsol-e1561458821611-404x336-2.jpg\" alt=\"M\u00e1rquez y Lorenzo pilotando la RC213V\" \/><br \/>\n                <!-- Categor\u00eda --><br \/>\n            MotoGP<br \/>\n        <!-- T\u00edtulo --><br \/>\n        <a href=\"https:\/\/www.boxrepsol.com\/es\/motogp\/equipo-repsol-honda-viaja-la-catedral-del-motociclismo\/\"><\/p>\n<h3>El equipo Repsol Honda viaja a \u201cla Catedral\u201d del motociclismo<\/h3>\n<p>        <\/a><br \/>\n                    <!-- Fecha --><br \/>\n            hace 1 hora        <\/p>\n<p><strong>GP de Holanda 2019 &#8211; FP2 &#8211; Declaraciones de Marc M\u00e1rquez y Jorge Lorenzo<\/strong><\/p>\n<p><a href=\"https:\/\/twitter.com\/hashtag\/mm93?src=hash\">#MM93<\/a><\/p>\n<p><strong>Trabajando para la carrera.<\/strong> Por terminar s\u00e9ptimo un viernes no debe cundir el p\u00e1nico; estamos trabajando para la carrera y analizando todo. Distintos neum\u00e1ticos y todas estas cosas, pensando en el domingo. Hay cuatro o cinco pilotos con un ritmo similar en estos momentos, pero estamos ah\u00ed, que es lo importante. Seguimos trabajando. Tambi\u00e9n ha sido un d\u00eda muy especial estar junto a algunas leyendas de Honda para celebrar el 60 aniversario de Honda Racing. Lo siento mucho por Jorge [Lorenzo], espero que se recupere pronto.<\/p>\n<p><a href=\"https:\/\/twitter.com\/hashtag\/JL99?src=hash\">#JL99<\/a><\/p>\n<p><strong>Ca\u00edda y lesi\u00f3n. <\/strong>Debido a la ca\u00edda, me he fracturado las v\u00e9rtebras T6 y T8. La lesi\u00f3n no me permitir\u00e1 correr ni aqu\u00ed ni en Sachsenring. Ma\u00f1ana volar\u00e9 a Lugano y har\u00e9 todos los tratamientos posibles para estar preparado para ir a Brno.<\/p>\n<p><strong>Suscr\u00edbete al bolet\u00edn de Box Repsol<\/strong><\/p>\n<p>Te contamos en exclusiva todas las noticias del Equipo Repsol, entrevistas, reportajes, v\u00eddeos, resultados de nuestros pilotos de\u00a0<strong>MotoGP<\/strong>,\u00a0<strong>Trial<\/strong>,\u00a0<strong>FIM CEV Repsol<\/strong>,\u00a0<strong>Rally<\/strong>,\u00a0<strong>Red Bull Air Race<\/strong>\u00a0y mucho m\u00e1s.\u00a0<a href=\"https:\/\/www.boxrepsol.com\/es\/suscribete\/\">Suscr\u00edbete al bolet\u00edn de Box Repsol<\/a>\u00a0y ent\u00e9rate de todas nuestras\u00a0<strong>promociones<\/strong>\u00a0y\u00a0<strong>concursos<\/strong>.<\/p>\n","protected":false},"excerpt":{"rendered":"<p>El l\u00edder del Mundial de MotoGP termina s\u00e9ptimo, en una primera jornada en la que su compa\u00f1ero ha tenido una ca\u00edda y se ha lesionado.<\/p>\n","protected":false},"author":43146,"featured_media":62052,"comment_status":"open","ping_status":"open","sticky":false,"template":"","format":"standard","meta":{"footnotes":""},"categories":[4],"tags":[153],"class_list":["post-93994","post","type-post","status-publish","format-standard","hentry","category-motogp","tag-motogp-holanda"],"yoast_head":"<!-- This site is optimized with the Yoast SEO plugin v27.3 - https:\/\/yoast.com\/product\/yoast-seo-wordpress\/ -->\n<title>GP de Holanda 2019 D\u00eda 1 - M\u00e1rquez es s\u00e9ptimo y Lorenzo se perder\u00e1 el resto del Gran Premio<\/title>\n<meta name=\"description\" content=\"El l\u00edder del Mundial de MotoGP termina s\u00e9ptimo, en una primera jornada en la que su compa\u00f1ero ha tenido una ca\u00edda y se ha lesionado.\" \/>\n<link rel=\"canonical\" href=\"https:\/\/www.boxrepsol.com\/es\/motogp\/marquez-septimo-lorenzo-se-perdera-resto-del-gran-premio\/\" \/>\n<meta property=\"og:locale\" content=\"es_ES\" \/>\n<meta property=\"og:type\" content=\"article\" \/>\n<meta property=\"og:title\" content=\"GP de Holanda 2019 D\u00eda 1 - M\u00e1rquez es s\u00e9ptimo y Lorenzo se perder\u00e1 el resto del Gran Premio\" \/>\n<meta property=\"og:description\" content=\"El l\u00edder del Mundial de MotoGP termina s\u00e9ptimo, en una primera jornada en la que su compa\u00f1ero ha tenido una ca\u00edda y se ha lesionado.\" \/>\n<meta property=\"og:url\" content=\"https:\/\/www.boxrepsol.com\/es\/motogp\/marquez-septimo-lorenzo-se-perdera-resto-del-gran-premio\/\" \/>\n<meta property=\"og:site_name\" content=\"Box Repsol\" \/>\n<meta property=\"article:publisher\" content=\"https:\/\/www.facebook.com\/BoxRepsol\" \/>\n<meta property=\"article:author\" content=\"https:\/\/www.facebook.com\/BoxRepsol\/\" \/>\n<meta property=\"article:published_time\" content=\"2019-06-28T02:00:00+00:00\" \/>\n<meta property=\"article:modified_time\" content=\"2024-04-25T10:33:26+00:00\" \/>\n<meta property=\"og:image\" content=\"https:\/\/bxrepsol.s3.eu-west-1.amazonaws.com\/static\/2022\/08\/29085609\/Marquez-y-Lorenzo-en-Assen-2019.jpg\" \/>\n\t<meta property=\"og:image:width\" content=\"1280\" \/>\n\t<meta property=\"og:image:height\" content=\"600\" \/>\n\t<meta property=\"og:image:type\" content=\"image\/jpeg\" \/>\n<meta name=\"author\" content=\"Redacci\u00f3n Box Repsol\" \/>\n<meta name=\"twitter:card\" content=\"summary_large_image\" \/>\n<meta name=\"twitter:creator\" content=\"@https:\/\/twitter.com\/box_repsol\" \/>\n<meta name=\"twitter:site\" content=\"@box_repsol\" \/>\n<meta name=\"twitter:label1\" content=\"Written by\" \/>\n\t<meta name=\"twitter:data1\" content=\"Redacci\u00f3n Box Repsol\" \/>\n\t<meta name=\"twitter:label2\" content=\"Est. reading time\" \/>\n\t<meta name=\"twitter:data2\" content=\"2 minutos\" \/>\n<script type=\"application\/ld+json\" class=\"yoast-schema-graph\">{\"@context\":\"https:\\\/\\\/schema.org\",\"@graph\":[{\"@type\":\"Article\",\"@id\":\"https:\\\/\\\/www.boxrepsol.com\\\/es\\\/motogp\\\/marquez-septimo-lorenzo-se-perdera-resto-del-gran-premio\\\/#article\",\"isPartOf\":{\"@id\":\"https:\\\/\\\/www.boxrepsol.com\\\/es\\\/motogp\\\/marquez-septimo-lorenzo-se-perdera-resto-del-gran-premio\\\/\"},\"author\":{\"name\":\"Redacci\u00f3n Box Repsol\",\"@id\":\"https:\\\/\\\/www.boxrepsol.com\\\/es\\\/#\\\/schema\\\/person\\\/c5c2138f2cca251b0ad92b7086bb60b7\"},\"headline\":\"M\u00e1rquez es s\u00e9ptimo y Lorenzo se perder\u00e1 el resto del Gran Premio\",\"datePublished\":\"2019-06-28T02:00:00+00:00\",\"dateModified\":\"2024-04-25T10:33:26+00:00\",\"mainEntityOfPage\":{\"@id\":\"https:\\\/\\\/www.boxrepsol.com\\\/es\\\/motogp\\\/marquez-septimo-lorenzo-se-perdera-resto-del-gran-premio\\\/\"},\"wordCount\":352,\"commentCount\":0,\"publisher\":{\"@id\":\"https:\\\/\\\/www.boxrepsol.com\\\/es\\\/#organization\"},\"image\":{\"@id\":\"https:\\\/\\\/www.boxrepsol.com\\\/es\\\/motogp\\\/marquez-septimo-lorenzo-se-perdera-resto-del-gran-premio\\\/#primaryimage\"},\"thumbnailUrl\":\"https:\\\/\\\/bxrepsol.s3.eu-west-1.amazonaws.com\\\/static\\\/2022\\\/08\\\/29085609\\\/Marquez-y-Lorenzo-en-Assen-2019.jpg\",\"keywords\":[\"MotoGP Holanda\"],\"articleSection\":[\"MotoGP\"],\"inLanguage\":\"es\",\"potentialAction\":[{\"@type\":\"CommentAction\",\"name\":\"Comment\",\"target\":[\"https:\\\/\\\/www.boxrepsol.com\\\/es\\\/motogp\\\/marquez-septimo-lorenzo-se-perdera-resto-del-gran-premio\\\/#respond\"]}]},{\"@type\":\"WebPage\",\"@id\":\"https:\\\/\\\/www.boxrepsol.com\\\/es\\\/motogp\\\/marquez-septimo-lorenzo-se-perdera-resto-del-gran-premio\\\/\",\"url\":\"https:\\\/\\\/www.boxrepsol.com\\\/es\\\/motogp\\\/marquez-septimo-lorenzo-se-perdera-resto-del-gran-premio\\\/\",\"name\":\"GP de Holanda 2019 D\u00eda 1 - M\u00e1rquez es s\u00e9ptimo y Lorenzo se perder\u00e1 el resto del Gran Premio\",\"isPartOf\":{\"@id\":\"https:\\\/\\\/www.boxrepsol.com\\\/es\\\/#website\"},\"primaryImageOfPage\":{\"@id\":\"https:\\\/\\\/www.boxrepsol.com\\\/es\\\/motogp\\\/marquez-septimo-lorenzo-se-perdera-resto-del-gran-premio\\\/#primaryimage\"},\"image\":{\"@id\":\"https:\\\/\\\/www.boxrepsol.com\\\/es\\\/motogp\\\/marquez-septimo-lorenzo-se-perdera-resto-del-gran-premio\\\/#primaryimage\"},\"thumbnailUrl\":\"https:\\\/\\\/bxrepsol.s3.eu-west-1.amazonaws.com\\\/static\\\/2022\\\/08\\\/29085609\\\/Marquez-y-Lorenzo-en-Assen-2019.jpg\",\"datePublished\":\"2019-06-28T02:00:00+00:00\",\"dateModified\":\"2024-04-25T10:33:26+00:00\",\"description\":\"El l\u00edder del Mundial de MotoGP termina s\u00e9ptimo, en una primera jornada en la que su compa\u00f1ero ha tenido una ca\u00edda y se ha lesionado.\",\"breadcrumb\":{\"@id\":\"https:\\\/\\\/www.boxrepsol.com\\\/es\\\/motogp\\\/marquez-septimo-lorenzo-se-perdera-resto-del-gran-premio\\\/#breadcrumb\"},\"inLanguage\":\"es\",\"potentialAction\":[{\"@type\":\"ReadAction\",\"target\":[\"https:\\\/\\\/www.boxrepsol.com\\\/es\\\/motogp\\\/marquez-septimo-lorenzo-se-perdera-resto-del-gran-premio\\\/\"]}]},{\"@type\":\"ImageObject\",\"inLanguage\":\"es\",\"@id\":\"https:\\\/\\\/www.boxrepsol.com\\\/es\\\/motogp\\\/marquez-septimo-lorenzo-se-perdera-resto-del-gran-premio\\\/#primaryimage\",\"url\":\"https:\\\/\\\/bxrepsol.s3.eu-west-1.amazonaws.com\\\/static\\\/2022\\\/08\\\/29085609\\\/Marquez-y-Lorenzo-en-Assen-2019.jpg\",\"contentUrl\":\"https:\\\/\\\/bxrepsol.s3.eu-west-1.amazonaws.com\\\/static\\\/2022\\\/08\\\/29085609\\\/Marquez-y-Lorenzo-en-Assen-2019.jpg\",\"width\":1280,\"height\":600,\"caption\":\"08 GP Holanda 27, 28, 29 y 30 de junio de 2019. Circuito de Assen, HOLANDA\"},{\"@type\":\"BreadcrumbList\",\"@id\":\"https:\\\/\\\/www.boxrepsol.com\\\/es\\\/motogp\\\/marquez-septimo-lorenzo-se-perdera-resto-del-gran-premio\\\/#breadcrumb\",\"itemListElement\":[{\"@type\":\"ListItem\",\"position\":1,\"name\":\"Home\",\"item\":\"https:\\\/\\\/www.boxrepsol.com\\\/es\\\/\"},{\"@type\":\"ListItem\",\"position\":2,\"name\":\"M\u00e1rquez es s\u00e9ptimo y Lorenzo se perder\u00e1 el resto del Gran Premio\"}]},{\"@type\":\"WebSite\",\"@id\":\"https:\\\/\\\/www.boxrepsol.com\\\/es\\\/#website\",\"url\":\"https:\\\/\\\/www.boxrepsol.com\\\/es\\\/\",\"name\":\"Box Repsol\",\"description\":\"Box Repsol Site\",\"publisher\":{\"@id\":\"https:\\\/\\\/www.boxrepsol.com\\\/es\\\/#organization\"},\"potentialAction\":[{\"@type\":\"SearchAction\",\"target\":{\"@type\":\"EntryPoint\",\"urlTemplate\":\"https:\\\/\\\/www.boxrepsol.com\\\/es\\\/?s={search_term_string}\"},\"query-input\":{\"@type\":\"PropertyValueSpecification\",\"valueRequired\":true,\"valueName\":\"search_term_string\"}}],\"inLanguage\":\"es\"},{\"@type\":\"Organization\",\"@id\":\"https:\\\/\\\/www.boxrepsol.com\\\/es\\\/#organization\",\"name\":\"Box Repsol\",\"url\":\"https:\\\/\\\/www.boxrepsol.com\\\/es\\\/\",\"logo\":{\"@type\":\"ImageObject\",\"inLanguage\":\"es\",\"@id\":\"https:\\\/\\\/www.boxrepsol.com\\\/es\\\/#\\\/schema\\\/logo\\\/image\\\/\",\"url\":\"https:\\\/\\\/bxrepsol.s3.eu-west-1.amazonaws.com\\\/static\\\/2025\\\/07\\\/30083337\\\/favicon-96x96-1.png\",\"contentUrl\":\"https:\\\/\\\/bxrepsol.s3.eu-west-1.amazonaws.com\\\/static\\\/2025\\\/07\\\/30083337\\\/favicon-96x96-1.png\",\"width\":96,\"height\":96,\"caption\":\"Box Repsol\"},\"image\":{\"@id\":\"https:\\\/\\\/www.boxrepsol.com\\\/es\\\/#\\\/schema\\\/logo\\\/image\\\/\"},\"sameAs\":[\"https:\\\/\\\/www.facebook.com\\\/BoxRepsol\",\"https:\\\/\\\/x.com\\\/box_repsol\",\"http:\\\/\\\/instagram.com\\\/box_repsol\",\"https:\\\/\\\/www.youtube.com\\\/user\\\/RepsolCompeticion\",\"https:\\\/\\\/www.flickr.com\\\/photos\\\/box_repsol\\\/\"]},{\"@type\":\"Person\",\"@id\":\"https:\\\/\\\/www.boxrepsol.com\\\/es\\\/#\\\/schema\\\/person\\\/c5c2138f2cca251b0ad92b7086bb60b7\",\"name\":\"Redacci\u00f3n Box Repsol\",\"image\":{\"@type\":\"ImageObject\",\"inLanguage\":\"es\",\"@id\":\"https:\\\/\\\/secure.gravatar.com\\\/avatar\\\/adf7b77e38b4419baf32c7e9c21dde01f4e40df611f0978e3006fc4ba0aaab7e?s=96&d=mm&r=g\",\"url\":\"https:\\\/\\\/secure.gravatar.com\\\/avatar\\\/adf7b77e38b4419baf32c7e9c21dde01f4e40df611f0978e3006fc4ba0aaab7e?s=96&d=mm&r=g\",\"contentUrl\":\"https:\\\/\\\/secure.gravatar.com\\\/avatar\\\/adf7b77e38b4419baf32c7e9c21dde01f4e40df611f0978e3006fc4ba0aaab7e?s=96&d=mm&r=g\",\"caption\":\"Redacci\u00f3n Box Repsol\"},\"description\":\"Box Repsol lo forma un equipo de periodistas, community managers, dise\u00f1adores y fot\u00f3grafos con m\u00e1s de 20 a\u00f1os de experiencia en el mundo del motorsport. Hemos vivido el primer mundial de un espa\u00f1ol en la categor\u00eda reina de motociclismo con \u00c1lex Crivill\u00e9, estuvimos en las victorias de Pedrosa y los t\u00edtulos de M\u00e1rquez, acompa\u00f1amos en \u00c1frica a Nani Roma y Marc Coma en sus conquistas del Dakar y hemos vibrado con los t\u00edtulos de Toni Bou en Trial. Adem\u00e1s, en nuestro equipo contamos con expertos en el mundo de las dos y cuatro ruedas tanto de la calle y las carreteras, como de los circuitos. Periodistas que han trabajado en revistas y publicaciones para hacerte llegar desde rutas y consejos de mantenimiento, a curiosidades y trucos de pilotaje.\",\"sameAs\":[\"https:\\\/\\\/www.facebook.com\\\/BoxRepsol\\\/\",\"https:\\\/\\\/www.instagram.com\\\/box_repsol\\\/\",\"https:\\\/\\\/x.com\\\/https:\\\/\\\/twitter.com\\\/box_repsol\",\"https:\\\/\\\/www.youtube.com\\\/@Boxrepsol\"],\"url\":\"https:\\\/\\\/www.boxrepsol.com\\\/es\\\/author\\\/redaccion-box-repsol\\\/\"}]}<\/script>\n<!-- \/ Yoast SEO plugin. -->","yoast_head_json":{"title":"GP de Holanda 2019 D\u00eda 1 - M\u00e1rquez es s\u00e9ptimo y Lorenzo se perder\u00e1 el resto del Gran Premio","description":"El l\u00edder del Mundial de MotoGP termina s\u00e9ptimo, en una primera jornada en la que su compa\u00f1ero ha tenido una ca\u00edda y se ha lesionado.","canonical":"https:\/\/www.boxrepsol.com\/es\/motogp\/marquez-septimo-lorenzo-se-perdera-resto-del-gran-premio\/","og_locale":"es_ES","og_type":"article","og_title":"GP de Holanda 2019 D\u00eda 1 - M\u00e1rquez es s\u00e9ptimo y Lorenzo se perder\u00e1 el resto del Gran Premio","og_description":"El l\u00edder del Mundial de MotoGP termina s\u00e9ptimo, en una primera jornada en la que su compa\u00f1ero ha tenido una ca\u00edda y se ha lesionado.","og_url":"https:\/\/www.boxrepsol.com\/es\/motogp\/marquez-septimo-lorenzo-se-perdera-resto-del-gran-premio\/","og_site_name":"Box Repsol","article_publisher":"https:\/\/www.facebook.com\/BoxRepsol","article_author":"https:\/\/www.facebook.com\/BoxRepsol\/","article_published_time":"2019-06-28T02:00:00+00:00","article_modified_time":"2024-04-25T10:33:26+00:00","og_image":[{"width":1280,"height":600,"url":"https:\/\/bxrepsol.s3.eu-west-1.amazonaws.com\/static\/2022\/08\/29085609\/Marquez-y-Lorenzo-en-Assen-2019.jpg","type":"image\/jpeg"}],"author":"Redacci\u00f3n Box Repsol","twitter_card":"summary_large_image","twitter_creator":"@https:\/\/twitter.com\/box_repsol","twitter_site":"@box_repsol","twitter_misc":{"Written by":"Redacci\u00f3n Box Repsol","Est. reading time":"2 minutos"},"schema":{"@context":"https:\/\/schema.org","@graph":[{"@type":"Article","@id":"https:\/\/www.boxrepsol.com\/es\/motogp\/marquez-septimo-lorenzo-se-perdera-resto-del-gran-premio\/#article","isPartOf":{"@id":"https:\/\/www.boxrepsol.com\/es\/motogp\/marquez-septimo-lorenzo-se-perdera-resto-del-gran-premio\/"},"author":{"name":"Redacci\u00f3n Box Repsol","@id":"https:\/\/www.boxrepsol.com\/es\/#\/schema\/person\/c5c2138f2cca251b0ad92b7086bb60b7"},"headline":"M\u00e1rquez es s\u00e9ptimo y Lorenzo se perder\u00e1 el resto del Gran Premio","datePublished":"2019-06-28T02:00:00+00:00","dateModified":"2024-04-25T10:33:26+00:00","mainEntityOfPage":{"@id":"https:\/\/www.boxrepsol.com\/es\/motogp\/marquez-septimo-lorenzo-se-perdera-resto-del-gran-premio\/"},"wordCount":352,"commentCount":0,"publisher":{"@id":"https:\/\/www.boxrepsol.com\/es\/#organization"},"image":{"@id":"https:\/\/www.boxrepsol.com\/es\/motogp\/marquez-septimo-lorenzo-se-perdera-resto-del-gran-premio\/#primaryimage"},"thumbnailUrl":"https:\/\/bxrepsol.s3.eu-west-1.amazonaws.com\/static\/2022\/08\/29085609\/Marquez-y-Lorenzo-en-Assen-2019.jpg","keywords":["MotoGP Holanda"],"articleSection":["MotoGP"],"inLanguage":"es","potentialAction":[{"@type":"CommentAction","name":"Comment","target":["https:\/\/www.boxrepsol.com\/es\/motogp\/marquez-septimo-lorenzo-se-perdera-resto-del-gran-premio\/#respond"]}]},{"@type":"WebPage","@id":"https:\/\/www.boxrepsol.com\/es\/motogp\/marquez-septimo-lorenzo-se-perdera-resto-del-gran-premio\/","url":"https:\/\/www.boxrepsol.com\/es\/motogp\/marquez-septimo-lorenzo-se-perdera-resto-del-gran-premio\/","name":"GP de Holanda 2019 D\u00eda 1 - M\u00e1rquez es s\u00e9ptimo y Lorenzo se perder\u00e1 el resto del Gran Premio","isPartOf":{"@id":"https:\/\/www.boxrepsol.com\/es\/#website"},"primaryImageOfPage":{"@id":"https:\/\/www.boxrepsol.com\/es\/motogp\/marquez-septimo-lorenzo-se-perdera-resto-del-gran-premio\/#primaryimage"},"image":{"@id":"https:\/\/www.boxrepsol.com\/es\/motogp\/marquez-septimo-lorenzo-se-perdera-resto-del-gran-premio\/#primaryimage"},"thumbnailUrl":"https:\/\/bxrepsol.s3.eu-west-1.amazonaws.com\/static\/2022\/08\/29085609\/Marquez-y-Lorenzo-en-Assen-2019.jpg","datePublished":"2019-06-28T02:00:00+00:00","dateModified":"2024-04-25T10:33:26+00:00","description":"El l\u00edder del Mundial de MotoGP termina s\u00e9ptimo, en una primera jornada en la que su compa\u00f1ero ha tenido una ca\u00edda y se ha lesionado.","breadcrumb":{"@id":"https:\/\/www.boxrepsol.com\/es\/motogp\/marquez-septimo-lorenzo-se-perdera-resto-del-gran-premio\/#breadcrumb"},"inLanguage":"es","potentialAction":[{"@type":"ReadAction","target":["https:\/\/www.boxrepsol.com\/es\/motogp\/marquez-septimo-lorenzo-se-perdera-resto-del-gran-premio\/"]}]},{"@type":"ImageObject","inLanguage":"es","@id":"https:\/\/www.boxrepsol.com\/es\/motogp\/marquez-septimo-lorenzo-se-perdera-resto-del-gran-premio\/#primaryimage","url":"https:\/\/bxrepsol.s3.eu-west-1.amazonaws.com\/static\/2022\/08\/29085609\/Marquez-y-Lorenzo-en-Assen-2019.jpg","contentUrl":"https:\/\/bxrepsol.s3.eu-west-1.amazonaws.com\/static\/2022\/08\/29085609\/Marquez-y-Lorenzo-en-Assen-2019.jpg","width":1280,"height":600,"caption":"08 GP Holanda 27, 28, 29 y 30 de junio de 2019. Circuito de Assen, HOLANDA"},{"@type":"BreadcrumbList","@id":"https:\/\/www.boxrepsol.com\/es\/motogp\/marquez-septimo-lorenzo-se-perdera-resto-del-gran-premio\/#breadcrumb","itemListElement":[{"@type":"ListItem","position":1,"name":"Home","item":"https:\/\/www.boxrepsol.com\/es\/"},{"@type":"ListItem","position":2,"name":"M\u00e1rquez es s\u00e9ptimo y Lorenzo se perder\u00e1 el resto del Gran Premio"}]},{"@type":"WebSite","@id":"https:\/\/www.boxrepsol.com\/es\/#website","url":"https:\/\/www.boxrepsol.com\/es\/","name":"Box Repsol","description":"Box Repsol Site","publisher":{"@id":"https:\/\/www.boxrepsol.com\/es\/#organization"},"potentialAction":[{"@type":"SearchAction","target":{"@type":"EntryPoint","urlTemplate":"https:\/\/www.boxrepsol.com\/es\/?s={search_term_string}"},"query-input":{"@type":"PropertyValueSpecification","valueRequired":true,"valueName":"search_term_string"}}],"inLanguage":"es"},{"@type":"Organization","@id":"https:\/\/www.boxrepsol.com\/es\/#organization","name":"Box Repsol","url":"https:\/\/www.boxrepsol.com\/es\/","logo":{"@type":"ImageObject","inLanguage":"es","@id":"https:\/\/www.boxrepsol.com\/es\/#\/schema\/logo\/image\/","url":"https:\/\/bxrepsol.s3.eu-west-1.amazonaws.com\/static\/2025\/07\/30083337\/favicon-96x96-1.png","contentUrl":"https:\/\/bxrepsol.s3.eu-west-1.amazonaws.com\/static\/2025\/07\/30083337\/favicon-96x96-1.png","width":96,"height":96,"caption":"Box Repsol"},"image":{"@id":"https:\/\/www.boxrepsol.com\/es\/#\/schema\/logo\/image\/"},"sameAs":["https:\/\/www.facebook.com\/BoxRepsol","https:\/\/x.com\/box_repsol","http:\/\/instagram.com\/box_repsol","https:\/\/www.youtube.com\/user\/RepsolCompeticion","https:\/\/www.flickr.com\/photos\/box_repsol\/"]},{"@type":"Person","@id":"https:\/\/www.boxrepsol.com\/es\/#\/schema\/person\/c5c2138f2cca251b0ad92b7086bb60b7","name":"Redacci\u00f3n Box Repsol","image":{"@type":"ImageObject","inLanguage":"es","@id":"https:\/\/secure.gravatar.com\/avatar\/adf7b77e38b4419baf32c7e9c21dde01f4e40df611f0978e3006fc4ba0aaab7e?s=96&d=mm&r=g","url":"https:\/\/secure.gravatar.com\/avatar\/adf7b77e38b4419baf32c7e9c21dde01f4e40df611f0978e3006fc4ba0aaab7e?s=96&d=mm&r=g","contentUrl":"https:\/\/secure.gravatar.com\/avatar\/adf7b77e38b4419baf32c7e9c21dde01f4e40df611f0978e3006fc4ba0aaab7e?s=96&d=mm&r=g","caption":"Redacci\u00f3n Box Repsol"},"description":"Box Repsol lo forma un equipo de periodistas, community managers, dise\u00f1adores y fot\u00f3grafos con m\u00e1s de 20 a\u00f1os de experiencia en el mundo del motorsport. Hemos vivido el primer mundial de un espa\u00f1ol en la categor\u00eda reina de motociclismo con \u00c1lex Crivill\u00e9, estuvimos en las victorias de Pedrosa y los t\u00edtulos de M\u00e1rquez, acompa\u00f1amos en \u00c1frica a Nani Roma y Marc Coma en sus conquistas del Dakar y hemos vibrado con los t\u00edtulos de Toni Bou en Trial. Adem\u00e1s, en nuestro equipo contamos con expertos en el mundo de las dos y cuatro ruedas tanto de la calle y las carreteras, como de los circuitos. Periodistas que han trabajado en revistas y publicaciones para hacerte llegar desde rutas y consejos de mantenimiento, a curiosidades y trucos de pilotaje.","sameAs":["https:\/\/www.facebook.com\/BoxRepsol\/","https:\/\/www.instagram.com\/box_repsol\/","https:\/\/x.com\/https:\/\/twitter.com\/box_repsol","https:\/\/www.youtube.com\/@Boxrepsol"],"url":"https:\/\/www.boxrepsol.com\/es\/author\/redaccion-box-repsol\/"}]}},"_links":{"self":[{"href":"https:\/\/www.boxrepsol.com\/es\/wp-json\/wp\/v2\/posts\/93994","targetHints":{"allow":["GET"]}}],"collection":[{"href":"https:\/\/www.boxrepsol.com\/es\/wp-json\/wp\/v2\/posts"}],"about":[{"href":"https:\/\/www.boxrepsol.com\/es\/wp-json\/wp\/v2\/types\/post"}],"author":[{"embeddable":true,"href":"https:\/\/www.boxrepsol.com\/es\/wp-json\/wp\/v2\/users\/43146"}],"replies":[{"embeddable":true,"href":"https:\/\/www.boxrepsol.com\/es\/wp-json\/wp\/v2\/comments?post=93994"}],"version-history":[{"count":1,"href":"https:\/\/www.boxrepsol.com\/es\/wp-json\/wp\/v2\/posts\/93994\/revisions"}],"predecessor-version":[{"id":93995,"href":"https:\/\/www.boxrepsol.com\/es\/wp-json\/wp\/v2\/posts\/93994\/revisions\/93995"}],"wp:featuredmedia":[{"embeddable":true,"href":"https:\/\/www.boxrepsol.com\/es\/wp-json\/wp\/v2\/media\/62052"}],"wp:attachment":[{"href":"https:\/\/www.boxrepsol.com\/es\/wp-json\/wp\/v2\/media?parent=93994"}],"wp:term":[{"taxonomy":"category","embeddable":true,"href":"https:\/\/www.boxrepsol.com\/es\/wp-json\/wp\/v2\/categories?post=93994"},{"taxonomy":"post_tag","embeddable":true,"href":"https:\/\/www.boxrepsol.com\/es\/wp-json\/wp\/v2\/tags?post=93994"}],"curies":[{"name":"wp","href":"https:\/\/api.w.org\/{rel}","templated":true}]}}