{"id":93986,"date":"2021-06-29T00:00:00","date_gmt":"2021-06-29T02:00:00","guid":{"rendered":"http:\/\/pre.boxrepsol.com\/sin-categorizar\/prepara-moto-verano\/"},"modified":"2024-11-15T10:33:06","modified_gmt":"2024-11-15T12:33:06","slug":"prepara-moto-verano","status":"publish","type":"post","link":"https:\/\/www.boxrepsol.com\/es\/tecnologia\/prepara-moto-verano\/","title":{"rendered":"\u00bfC\u00f3mo preparar tu moto para el verano?"},"content":{"rendered":"\n<p>El verano es la temporada perfecta para disfrutar de la carretera en tu moto, pero antes de lanzarte a la aventura, es crucial <strong>asegurarte de que tu motocicleta est\u00e9 en \u00f3ptimas condiciones.<\/strong> Preparar tu moto para el verano no solo garantiza un rendimiento seguro y eficiente, sino que tambi\u00e9n mejora tu experiencia de conducci\u00f3n. En este post, te ofrecemos una gu\u00eda completa con consejos de mantenimiento, seguridad y accesorios esenciales para que puedas disfrutar al m\u00e1ximo de tus viajes veraniegos. <strong>\u00a1Prep\u00e1rate para rodar con confianza y estilo bajo el sol!<\/strong><\/p>\n\n\n\n<div id=\"ez-toc-container\" class=\"ez-toc-v2_0_82_2 counter-hierarchy ez-toc-counter ez-toc-grey ez-toc-container-direction\">\n<div class=\"ez-toc-title-container\">\n<p class=\"ez-toc-title\" style=\"cursor:inherit\">\u00cdndice<\/p>\n<span class=\"ez-toc-title-toggle\"><a href=\"#\" class=\"ez-toc-pull-right ez-toc-btn ez-toc-btn-xs ez-toc-btn-default ez-toc-toggle\" aria-label=\"Toggle Table of Content\"><span class=\"ez-toc-js-icon-con\"><span class=\"\"><span class=\"eztoc-hide\" style=\"display:none;\">Toggle<\/span><span class=\"ez-toc-icon-toggle-span\"><svg style=\"fill: #999;color:#999\" xmlns=\"http:\/\/www.w3.org\/2000\/svg\" class=\"list-377408\" width=\"20px\" height=\"20px\" viewBox=\"0 0 24 24\" fill=\"none\"><path d=\"M6 6H4v2h2V6zm14 0H8v2h12V6zM4 11h2v2H4v-2zm16 0H8v2h12v-2zM4 16h2v2H4v-2zm16 0H8v2h12v-2z\" fill=\"currentColor\"><\/path><\/svg><svg style=\"fill: #999;color:#999\" class=\"arrow-unsorted-368013\" xmlns=\"http:\/\/www.w3.org\/2000\/svg\" width=\"10px\" height=\"10px\" viewBox=\"0 0 24 24\" version=\"1.2\" baseProfile=\"tiny\"><path d=\"M18.2 9.3l-6.2-6.3-6.2 6.3c-.2.2-.3.4-.3.7s.1.5.3.7c.2.2.4.3.7.3h11c.3 0 .5-.1.7-.3.2-.2.3-.5.3-.7s-.1-.5-.3-.7zM5.8 14.7l6.2 6.3 6.2-6.3c.2-.2.3-.5.3-.7s-.1-.5-.3-.7c-.2-.2-.4-.3-.7-.3h-11c-.3 0-.5.1-.7.3-.2.2-.3.5-.3.7s.1.5.3.7z\"\/><\/svg><\/span><\/span><\/span><\/a><\/span><\/div>\n<nav><ul class='ez-toc-list ez-toc-list-level-1 ' ><li class='ez-toc-page-1 ez-toc-heading-level-2'><a class=\"ez-toc-link ez-toc-heading-1\" href=\"https:\/\/www.boxrepsol.com\/es\/tecnologia\/prepara-moto-verano\/#Mantenimiento_de_tu_moto_en_verano\" >Mantenimiento de tu moto en verano<\/a><ul class='ez-toc-list-level-3' ><li class='ez-toc-heading-level-3'><a class=\"ez-toc-link ez-toc-heading-2\" href=\"https:\/\/www.boxrepsol.com\/es\/tecnologia\/prepara-moto-verano\/#Estado_de_la_bateria_de_tu_moto\" >Estado de la bater\u00eda de tu moto<\/a><\/li><li class='ez-toc-page-1 ez-toc-heading-level-3'><a class=\"ez-toc-link ez-toc-heading-3\" href=\"https:\/\/www.boxrepsol.com\/es\/tecnologia\/prepara-moto-verano\/#Estado_general_de_la_moto\" >Estado general de la moto<\/a><\/li><\/ul><\/li><li class='ez-toc-page-1 ez-toc-heading-level-2'><a class=\"ez-toc-link ez-toc-heading-4\" href=\"https:\/\/www.boxrepsol.com\/es\/tecnologia\/prepara-moto-verano\/#Accesorios_de_moto_para_verano\" >Accesorios de moto para verano<\/a><\/li><\/ul><\/nav><\/div>\n<h2 class=\"wp-block-heading\"><span class=\"ez-toc-section\" id=\"Mantenimiento_de_tu_moto_en_verano\"><\/span>Mantenimiento de tu moto en verano <span class=\"ez-toc-section-end\"><\/span><\/h2>\n\n\n\n<p>Lo primero y m\u00e1s importante, es que tu moto haya tenido los <a href=\"https:\/\/www.boxrepsol.com\/es\/tecnologia\/como-cuidar-moto-invierno\/\">cuidados previos en invierno<\/a> para pasar con \u00e9xito los meses de fr\u00edo y lluvia. Esto es, <strong>haberla dejado bien limpia y engrasada, desconectado la bater\u00eda<\/strong> (y conectarla si es posible a un mantenedor), inflado y elevado las ruedas, <a href=\"https:\/\/www.boxrepsol.com\/es\/tecnologia\/como-cambiar-aceite-moto\/\">cambiado el aceite<\/a> y filtros y, por supuesto, tenerla tapada adecuadamente. Si hiciste todo eso antes de dejarla aparcada no vas a tener que preocuparte de mucho m\u00e1s ahora, pero, aun as\u00ed, hay varias cosas que requerir\u00e1n atenci\u00f3n.<\/p>\n\n\n\n<p>Quita la funda, si la ten\u00edas metida en una, y limpia la superficie de la moto si se ha acumulado polvo, comprueba visualmente que est\u00e9 todo en su lugar y procede a comprobar los dem\u00e1s elementos.<\/p>\n\n\n\n<h3 class=\"wp-block-heading\"><span class=\"ez-toc-section\" id=\"Estado_de_la_bateria_de_tu_moto\"><\/span>Estado de la bater\u00eda de tu moto <span class=\"ez-toc-section-end\"><\/span><\/h3>\n\n\n\n<p>Lo primero es asegurarte del <strong>estado de carga de la bater\u00eda. <\/strong>Las usadas en motocicletas no suelen tener una vida muy larga, perdiendo gran parte de su capacidad en tan solo un par de a\u00f1os. Por lo que,<strong> aunque la cargues o la tengas bien mantenida, es recomendable hacerle un chequeo<\/strong>.<\/p>\n\n\n\n<p>Ponla a cargar, a ser posible con un cargador inteligente. Cuando acabe, d\u00e9jala reposar una hora y mide el voltaje,<strong> deber\u00eda darte un m\u00ednimo de 12,8v<\/strong>. Si te est\u00e1 dando menos voltaje es probable que tu <a href=\"https:\/\/www.boxrepsol.com\/es\/vive-tu-moto\/que-hacer-si-no-arranca-moto\/\">moto no arranque<\/a>, ya que al dar al contacto se encienden las luces y otros componentes del motor, y al accionar el arranque la ca\u00edda de tensi\u00f3n puede provocar una velocidad de giro insuficiente.<\/p>\n\n\n\n<p>En caso de duda o de que est\u00e9 muy al l\u00edmite en el rendimiento, <strong>es recomendable que la cambies<\/strong>. A nadie le gusta tener que llamar a la gr\u00faa o tener que empujar la moto por desfallecimiento de la bater\u00eda.<\/p>\n\n\n<div class=\"wp-block-image\">\n<figure class=\"aligncenter\"><img decoding=\"async\" src=\"https:\/\/bxrepsol.s3.eu-west-1.amazonaws.com\/static\/2022\/08\/05061044\/00_motorista_cbr300.jpg\" alt=\"Motorista con CBR300\"\/><\/figure>\n<\/div>\n\n\n<p><\/p>\n\n\n\n<h3 class=\"wp-block-heading\"><span class=\"ez-toc-section\" id=\"Estado_general_de_la_moto\"><\/span>Estado general de la moto <span class=\"ez-toc-section-end\"><\/span><\/h3>\n\n\n\n<p>Una vez terminado este paso, y con la bater\u00eda ya conectada, comprobaremos el estado de la moto. <strong>Si la guardamos limpia y engrasada todo deber\u00eda estar en buenas condiciones<\/strong>. Si no, es probable que nos toque lidiar con suciedad incrustada, \u00f3xidos y piezas m\u00f3viles agarradas. No te preocupes, con un poco de paciencia y los <a href=\"https:\/\/www.repsol.com\/es\/productos-y-servicios\/lubricantes\/moto\/cuidado-de-la-moto\/index.cshtml\">productos adecuados de la gama Repsol<\/a>, es posible que puedas restaurar todo para una correcta funci\u00f3n.<\/p>\n\n\n\n<p>Examina las pastillas de los frenos y el estado de los discos o la tensi\u00f3n de los tambores. Aprovecha para <strong>comprobar el estado de los neum\u00e1ticos, as\u00ed como su presi\u00f3n<\/strong>. Es imprescindible tambi\u00e9n, si la moto lleva cadena, que compruebes en este momento su tensi\u00f3n y lubricaci\u00f3n.<\/p>\n\n\n\n<p>Baja la moto del caballete si es que la ten\u00edas subida a uno. Ya en el suelo <strong>comprueba los movimientos del manillar y suspensiones<\/strong>, as\u00ed como de las manetas de freno, embrague y pedales. La moto deber\u00eda moverse libremente y los retenes de las suspensiones no deber\u00edan mostrar fugas.<\/p>\n\n\n\n<p>Una vez hecho esto, comprueba el <a href=\"https:\/\/www.boxrepsol.com\/es\/tecnologia\/lubricante-deberia-usar-moto\/\">nivel de aceite<\/a>, <a href=\"https:\/\/www.repsol.com\/es\/productos-y-servicios\/lubricantes\/moto\/liquido-de-frenos\/index.cshtml\">l\u00edquido de frenos<\/a> y refrigerante. Estos tres elementos son cruciales. Si no los has cambiado anteriormente, recuerda que <strong>se recomienda la sustituci\u00f3n de los dos \u00faltimos a los dos a\u00f1os como mucho<\/strong>. Aseg\u00farate tambi\u00e9n de que hay gasolina en el dep\u00f3sito y de que la llave de paso de esta est\u00e9 abierta.<\/p>\n\n\n\n<figure class=\"wp-block-image\"><img decoding=\"async\" src=\"https:\/\/bxrepsol.s3.eu-west-1.amazonaws.com\/static\/2022\/08\/05065204\/motorista_levantando_gravilla_y_agua.jpg\" alt=\"Motorista levantando gravilla y agua\"\/><\/figure>\n\n\n\n<p>Es el momento de dar el contacto. Las luces deber\u00edan encenderse, as\u00ed como los distintos pilotos del panel. Arranca el motor. Tal vez le cueste un poco m\u00e1s de lo habitual, simplemente <strong>no abuses del gas o la acabar\u00e1s ahogando<\/strong>.<\/p>\n\n\n\n<p><strong>Con el motor ya en marcha, comprueba que el alternador cargue correctamente<\/strong>. Midiendo el voltaje que llega a la bater\u00eda, deber\u00edas tener un m\u00ednimo de 13,5v. Aprovecha tambi\u00e9n para ir comprobando el correcto funcionamiento del resto de componentes el\u00e9ctricos, como luces y bocina.<\/p>\n\n\n\n<p>Por \u00faltimo, \u00a1no olvides comprobar que llevas toda la documentaci\u00f3n en regla!<br><\/p>\n\n\n\n<h2 class=\"wp-block-heading\"><span class=\"ez-toc-section\" id=\"Accesorios_de_moto_para_verano\"><\/span>Accesorios de moto para verano <span class=\"ez-toc-section-end\"><\/span><\/h2>\n\n\n\n<p>Equipar tu moto con los accesorios adecuados puede hacer una gran diferencia en tu comodidad y protecci\u00f3n durante los trayectos veraniegos. A continuaci\u00f3n, te presentamos una lista de los accesorios esenciales que debes llevar contigo para aprovechar al m\u00e1ximo tus aventuras sobre dos ruedas este verano.<\/p>\n\n\n\n<ul class=\"wp-block-list\">\n<li>Casco ventilado <\/li>\n\n\n\n<li><a href=\"https:\/\/www.boxrepsol.com\/es\/cultura-motera\/los-mejores-guantes-de-verano-para-moto\/\">Guantes de moto para verano<\/a> <\/li>\n\n\n\n<li>Ropa de verano para moto<\/li>\n\n\n\n<li>Chaleco reflectante <\/li>\n\n\n\n<li>Kit de herramientas<\/li>\n\n\n\n<li>Botas de verano <\/li>\n\n\n\n<li>Bolsas o alforjas<\/li>\n<\/ul>\n\n\n\n<p>Tener estos accesorios a mano te permitir\u00e1 disfrutar del verano en tu moto de manera segura, c\u00f3moda y placentera. <strong>\u00a1Prep\u00e1rate y disfruta de la carretera!<\/strong><\/p>\n","protected":false},"excerpt":{"rendered":"<p>Llega el verano y el calor, y algunos moteros tienen que \u201cdespertar\u201d a sus monturas del letargo del invierno. Tambi\u00e9n puede ser que tengas esa otra moto ah\u00ed guardada para esos d\u00edas especiales en los que sacar al sol sus cromados.<\/p>\n","protected":false},"author":43146,"featured_media":62024,"comment_status":"open","ping_status":"open","sticky":false,"template":"","format":"standard","meta":{"footnotes":""},"categories":[3],"tags":[162],"class_list":["post-93986","post","type-post","status-publish","format-standard","hentry","category-tecnologia","tag-cuidados-y-mantenimiento-de-la-moto"],"yoast_head":"<!-- This site is optimized with the Yoast SEO plugin v27.3 - https:\/\/yoast.com\/product\/yoast-seo-wordpress\/ -->\n<title>\u00bfC\u00f3mo hacer el mantenimiento de tu moto para verano? - Box Repsol<\/title>\n<meta name=\"description\" content=\"Prep\u00e1rate para el verano: gu\u00eda completa para poner a punto tu moto. Consejos sobre mantenimiento y seguridad para disfrutar al m\u00e1ximo.\" \/>\n<link rel=\"canonical\" href=\"https:\/\/www.boxrepsol.com\/es\/tecnologia\/prepara-moto-verano\/\" \/>\n<meta property=\"og:locale\" content=\"es_ES\" \/>\n<meta property=\"og:type\" content=\"article\" \/>\n<meta property=\"og:title\" content=\"\u00bfC\u00f3mo hacer el mantenimiento de tu moto para verano? - Box Repsol\" \/>\n<meta property=\"og:description\" content=\"Prep\u00e1rate para el verano: gu\u00eda completa para poner a punto tu moto. Consejos sobre mantenimiento y seguridad para disfrutar al m\u00e1ximo.\" \/>\n<meta property=\"og:url\" content=\"https:\/\/www.boxrepsol.com\/es\/tecnologia\/prepara-moto-verano\/\" \/>\n<meta property=\"og:site_name\" content=\"Box Repsol\" \/>\n<meta property=\"article:publisher\" content=\"https:\/\/www.facebook.com\/BoxRepsol\" \/>\n<meta property=\"article:author\" content=\"https:\/\/www.facebook.com\/BoxRepsol\/\" \/>\n<meta property=\"article:published_time\" content=\"2021-06-29T02:00:00+00:00\" \/>\n<meta property=\"article:modified_time\" content=\"2024-11-15T12:33:06+00:00\" \/>\n<meta property=\"og:image\" content=\"https:\/\/bxrepsol.s3.eu-west-1.amazonaws.com\/static\/2022\/08\/29085551\/00_motorista_moto_roja.jpg\" \/>\n\t<meta property=\"og:image:width\" content=\"1280\" \/>\n\t<meta property=\"og:image:height\" content=\"600\" \/>\n\t<meta property=\"og:image:type\" content=\"image\/jpeg\" \/>\n<meta name=\"author\" content=\"Redacci\u00f3n Box Repsol\" \/>\n<meta name=\"twitter:card\" content=\"summary_large_image\" \/>\n<meta name=\"twitter:creator\" content=\"@https:\/\/twitter.com\/box_repsol\" \/>\n<meta name=\"twitter:site\" content=\"@box_repsol\" \/>\n<meta name=\"twitter:label1\" content=\"Written by\" \/>\n\t<meta name=\"twitter:data1\" content=\"Redacci\u00f3n Box Repsol\" \/>\n\t<meta name=\"twitter:label2\" content=\"Est. reading time\" \/>\n\t<meta name=\"twitter:data2\" content=\"4 minutos\" \/>\n<script type=\"application\/ld+json\" class=\"yoast-schema-graph\">{\"@context\":\"https:\\\/\\\/schema.org\",\"@graph\":[{\"@type\":\"Article\",\"@id\":\"https:\\\/\\\/www.boxrepsol.com\\\/es\\\/tecnologia\\\/prepara-moto-verano\\\/#article\",\"isPartOf\":{\"@id\":\"https:\\\/\\\/www.boxrepsol.com\\\/es\\\/tecnologia\\\/prepara-moto-verano\\\/\"},\"author\":{\"name\":\"Redacci\u00f3n Box Repsol\",\"@id\":\"https:\\\/\\\/www.boxrepsol.com\\\/es\\\/#\\\/schema\\\/person\\\/c5c2138f2cca251b0ad92b7086bb60b7\"},\"headline\":\"\u00bfC\u00f3mo preparar tu moto para el verano?\",\"datePublished\":\"2021-06-29T02:00:00+00:00\",\"dateModified\":\"2024-11-15T12:33:06+00:00\",\"mainEntityOfPage\":{\"@id\":\"https:\\\/\\\/www.boxrepsol.com\\\/es\\\/tecnologia\\\/prepara-moto-verano\\\/\"},\"wordCount\":880,\"commentCount\":0,\"publisher\":{\"@id\":\"https:\\\/\\\/www.boxrepsol.com\\\/es\\\/#organization\"},\"image\":{\"@id\":\"https:\\\/\\\/www.boxrepsol.com\\\/es\\\/tecnologia\\\/prepara-moto-verano\\\/#primaryimage\"},\"thumbnailUrl\":\"https:\\\/\\\/bxrepsol.s3.eu-west-1.amazonaws.com\\\/static\\\/2022\\\/08\\\/29085551\\\/00_motorista_moto_roja.jpg\",\"keywords\":[\"cuidados y mantenimiento de la moto\"],\"articleSection\":[\"Tecnologia\"],\"inLanguage\":\"es\",\"potentialAction\":[{\"@type\":\"CommentAction\",\"name\":\"Comment\",\"target\":[\"https:\\\/\\\/www.boxrepsol.com\\\/es\\\/tecnologia\\\/prepara-moto-verano\\\/#respond\"]}]},{\"@type\":\"WebPage\",\"@id\":\"https:\\\/\\\/www.boxrepsol.com\\\/es\\\/tecnologia\\\/prepara-moto-verano\\\/\",\"url\":\"https:\\\/\\\/www.boxrepsol.com\\\/es\\\/tecnologia\\\/prepara-moto-verano\\\/\",\"name\":\"\u00bfC\u00f3mo hacer el mantenimiento de tu moto para verano? - Box Repsol\",\"isPartOf\":{\"@id\":\"https:\\\/\\\/www.boxrepsol.com\\\/es\\\/#website\"},\"primaryImageOfPage\":{\"@id\":\"https:\\\/\\\/www.boxrepsol.com\\\/es\\\/tecnologia\\\/prepara-moto-verano\\\/#primaryimage\"},\"image\":{\"@id\":\"https:\\\/\\\/www.boxrepsol.com\\\/es\\\/tecnologia\\\/prepara-moto-verano\\\/#primaryimage\"},\"thumbnailUrl\":\"https:\\\/\\\/bxrepsol.s3.eu-west-1.amazonaws.com\\\/static\\\/2022\\\/08\\\/29085551\\\/00_motorista_moto_roja.jpg\",\"datePublished\":\"2021-06-29T02:00:00+00:00\",\"dateModified\":\"2024-11-15T12:33:06+00:00\",\"description\":\"Prep\u00e1rate para el verano: gu\u00eda completa para poner a punto tu moto. Consejos sobre mantenimiento y seguridad para disfrutar al m\u00e1ximo.\",\"breadcrumb\":{\"@id\":\"https:\\\/\\\/www.boxrepsol.com\\\/es\\\/tecnologia\\\/prepara-moto-verano\\\/#breadcrumb\"},\"inLanguage\":\"es\",\"potentialAction\":[{\"@type\":\"ReadAction\",\"target\":[\"https:\\\/\\\/www.boxrepsol.com\\\/es\\\/tecnologia\\\/prepara-moto-verano\\\/\"]}]},{\"@type\":\"ImageObject\",\"inLanguage\":\"es\",\"@id\":\"https:\\\/\\\/www.boxrepsol.com\\\/es\\\/tecnologia\\\/prepara-moto-verano\\\/#primaryimage\",\"url\":\"https:\\\/\\\/bxrepsol.s3.eu-west-1.amazonaws.com\\\/static\\\/2022\\\/08\\\/29085551\\\/00_motorista_moto_roja.jpg\",\"contentUrl\":\"https:\\\/\\\/bxrepsol.s3.eu-west-1.amazonaws.com\\\/static\\\/2022\\\/08\\\/29085551\\\/00_motorista_moto_roja.jpg\",\"width\":1280,\"height\":600,\"caption\":\"Moto Roja\"},{\"@type\":\"BreadcrumbList\",\"@id\":\"https:\\\/\\\/www.boxrepsol.com\\\/es\\\/tecnologia\\\/prepara-moto-verano\\\/#breadcrumb\",\"itemListElement\":[{\"@type\":\"ListItem\",\"position\":1,\"name\":\"Home\",\"item\":\"https:\\\/\\\/www.boxrepsol.com\\\/es\\\/\"},{\"@type\":\"ListItem\",\"position\":2,\"name\":\"\u00bfC\u00f3mo preparar tu moto para el verano?\"}]},{\"@type\":\"WebSite\",\"@id\":\"https:\\\/\\\/www.boxrepsol.com\\\/es\\\/#website\",\"url\":\"https:\\\/\\\/www.boxrepsol.com\\\/es\\\/\",\"name\":\"Box Repsol\",\"description\":\"Box Repsol Site\",\"publisher\":{\"@id\":\"https:\\\/\\\/www.boxrepsol.com\\\/es\\\/#organization\"},\"potentialAction\":[{\"@type\":\"SearchAction\",\"target\":{\"@type\":\"EntryPoint\",\"urlTemplate\":\"https:\\\/\\\/www.boxrepsol.com\\\/es\\\/?s={search_term_string}\"},\"query-input\":{\"@type\":\"PropertyValueSpecification\",\"valueRequired\":true,\"valueName\":\"search_term_string\"}}],\"inLanguage\":\"es\"},{\"@type\":\"Organization\",\"@id\":\"https:\\\/\\\/www.boxrepsol.com\\\/es\\\/#organization\",\"name\":\"Box Repsol\",\"url\":\"https:\\\/\\\/www.boxrepsol.com\\\/es\\\/\",\"logo\":{\"@type\":\"ImageObject\",\"inLanguage\":\"es\",\"@id\":\"https:\\\/\\\/www.boxrepsol.com\\\/es\\\/#\\\/schema\\\/logo\\\/image\\\/\",\"url\":\"https:\\\/\\\/bxrepsol.s3.eu-west-1.amazonaws.com\\\/static\\\/2025\\\/07\\\/30083337\\\/favicon-96x96-1.png\",\"contentUrl\":\"https:\\\/\\\/bxrepsol.s3.eu-west-1.amazonaws.com\\\/static\\\/2025\\\/07\\\/30083337\\\/favicon-96x96-1.png\",\"width\":96,\"height\":96,\"caption\":\"Box Repsol\"},\"image\":{\"@id\":\"https:\\\/\\\/www.boxrepsol.com\\\/es\\\/#\\\/schema\\\/logo\\\/image\\\/\"},\"sameAs\":[\"https:\\\/\\\/www.facebook.com\\\/BoxRepsol\",\"https:\\\/\\\/x.com\\\/box_repsol\",\"http:\\\/\\\/instagram.com\\\/box_repsol\",\"https:\\\/\\\/www.youtube.com\\\/user\\\/RepsolCompeticion\",\"https:\\\/\\\/www.flickr.com\\\/photos\\\/box_repsol\\\/\"]},{\"@type\":\"Person\",\"@id\":\"https:\\\/\\\/www.boxrepsol.com\\\/es\\\/#\\\/schema\\\/person\\\/c5c2138f2cca251b0ad92b7086bb60b7\",\"name\":\"Redacci\u00f3n Box Repsol\",\"image\":{\"@type\":\"ImageObject\",\"inLanguage\":\"es\",\"@id\":\"https:\\\/\\\/secure.gravatar.com\\\/avatar\\\/adf7b77e38b4419baf32c7e9c21dde01f4e40df611f0978e3006fc4ba0aaab7e?s=96&d=mm&r=g\",\"url\":\"https:\\\/\\\/secure.gravatar.com\\\/avatar\\\/adf7b77e38b4419baf32c7e9c21dde01f4e40df611f0978e3006fc4ba0aaab7e?s=96&d=mm&r=g\",\"contentUrl\":\"https:\\\/\\\/secure.gravatar.com\\\/avatar\\\/adf7b77e38b4419baf32c7e9c21dde01f4e40df611f0978e3006fc4ba0aaab7e?s=96&d=mm&r=g\",\"caption\":\"Redacci\u00f3n Box Repsol\"},\"description\":\"Box Repsol lo forma un equipo de periodistas, community managers, dise\u00f1adores y fot\u00f3grafos con m\u00e1s de 20 a\u00f1os de experiencia en el mundo del motorsport. Hemos vivido el primer mundial de un espa\u00f1ol en la categor\u00eda reina de motociclismo con \u00c1lex Crivill\u00e9, estuvimos en las victorias de Pedrosa y los t\u00edtulos de M\u00e1rquez, acompa\u00f1amos en \u00c1frica a Nani Roma y Marc Coma en sus conquistas del Dakar y hemos vibrado con los t\u00edtulos de Toni Bou en Trial. Adem\u00e1s, en nuestro equipo contamos con expertos en el mundo de las dos y cuatro ruedas tanto de la calle y las carreteras, como de los circuitos. Periodistas que han trabajado en revistas y publicaciones para hacerte llegar desde rutas y consejos de mantenimiento, a curiosidades y trucos de pilotaje.\",\"sameAs\":[\"https:\\\/\\\/www.facebook.com\\\/BoxRepsol\\\/\",\"https:\\\/\\\/www.instagram.com\\\/box_repsol\\\/\",\"https:\\\/\\\/x.com\\\/https:\\\/\\\/twitter.com\\\/box_repsol\",\"https:\\\/\\\/www.youtube.com\\\/@Boxrepsol\"],\"url\":\"https:\\\/\\\/www.boxrepsol.com\\\/es\\\/author\\\/redaccion-box-repsol\\\/\"}]}<\/script>\n<!-- \/ Yoast SEO plugin. -->","yoast_head_json":{"title":"\u00bfC\u00f3mo hacer el mantenimiento de tu moto para verano? - Box Repsol","description":"Prep\u00e1rate para el verano: gu\u00eda completa para poner a punto tu moto. Consejos sobre mantenimiento y seguridad para disfrutar al m\u00e1ximo.","canonical":"https:\/\/www.boxrepsol.com\/es\/tecnologia\/prepara-moto-verano\/","og_locale":"es_ES","og_type":"article","og_title":"\u00bfC\u00f3mo hacer el mantenimiento de tu moto para verano? - Box Repsol","og_description":"Prep\u00e1rate para el verano: gu\u00eda completa para poner a punto tu moto. Consejos sobre mantenimiento y seguridad para disfrutar al m\u00e1ximo.","og_url":"https:\/\/www.boxrepsol.com\/es\/tecnologia\/prepara-moto-verano\/","og_site_name":"Box Repsol","article_publisher":"https:\/\/www.facebook.com\/BoxRepsol","article_author":"https:\/\/www.facebook.com\/BoxRepsol\/","article_published_time":"2021-06-29T02:00:00+00:00","article_modified_time":"2024-11-15T12:33:06+00:00","og_image":[{"width":1280,"height":600,"url":"https:\/\/bxrepsol.s3.eu-west-1.amazonaws.com\/static\/2022\/08\/29085551\/00_motorista_moto_roja.jpg","type":"image\/jpeg"}],"author":"Redacci\u00f3n Box Repsol","twitter_card":"summary_large_image","twitter_creator":"@https:\/\/twitter.com\/box_repsol","twitter_site":"@box_repsol","twitter_misc":{"Written by":"Redacci\u00f3n Box Repsol","Est. reading time":"4 minutos"},"schema":{"@context":"https:\/\/schema.org","@graph":[{"@type":"Article","@id":"https:\/\/www.boxrepsol.com\/es\/tecnologia\/prepara-moto-verano\/#article","isPartOf":{"@id":"https:\/\/www.boxrepsol.com\/es\/tecnologia\/prepara-moto-verano\/"},"author":{"name":"Redacci\u00f3n Box Repsol","@id":"https:\/\/www.boxrepsol.com\/es\/#\/schema\/person\/c5c2138f2cca251b0ad92b7086bb60b7"},"headline":"\u00bfC\u00f3mo preparar tu moto para el verano?","datePublished":"2021-06-29T02:00:00+00:00","dateModified":"2024-11-15T12:33:06+00:00","mainEntityOfPage":{"@id":"https:\/\/www.boxrepsol.com\/es\/tecnologia\/prepara-moto-verano\/"},"wordCount":880,"commentCount":0,"publisher":{"@id":"https:\/\/www.boxrepsol.com\/es\/#organization"},"image":{"@id":"https:\/\/www.boxrepsol.com\/es\/tecnologia\/prepara-moto-verano\/#primaryimage"},"thumbnailUrl":"https:\/\/bxrepsol.s3.eu-west-1.amazonaws.com\/static\/2022\/08\/29085551\/00_motorista_moto_roja.jpg","keywords":["cuidados y mantenimiento de la moto"],"articleSection":["Tecnologia"],"inLanguage":"es","potentialAction":[{"@type":"CommentAction","name":"Comment","target":["https:\/\/www.boxrepsol.com\/es\/tecnologia\/prepara-moto-verano\/#respond"]}]},{"@type":"WebPage","@id":"https:\/\/www.boxrepsol.com\/es\/tecnologia\/prepara-moto-verano\/","url":"https:\/\/www.boxrepsol.com\/es\/tecnologia\/prepara-moto-verano\/","name":"\u00bfC\u00f3mo hacer el mantenimiento de tu moto para verano? - Box Repsol","isPartOf":{"@id":"https:\/\/www.boxrepsol.com\/es\/#website"},"primaryImageOfPage":{"@id":"https:\/\/www.boxrepsol.com\/es\/tecnologia\/prepara-moto-verano\/#primaryimage"},"image":{"@id":"https:\/\/www.boxrepsol.com\/es\/tecnologia\/prepara-moto-verano\/#primaryimage"},"thumbnailUrl":"https:\/\/bxrepsol.s3.eu-west-1.amazonaws.com\/static\/2022\/08\/29085551\/00_motorista_moto_roja.jpg","datePublished":"2021-06-29T02:00:00+00:00","dateModified":"2024-11-15T12:33:06+00:00","description":"Prep\u00e1rate para el verano: gu\u00eda completa para poner a punto tu moto. Consejos sobre mantenimiento y seguridad para disfrutar al m\u00e1ximo.","breadcrumb":{"@id":"https:\/\/www.boxrepsol.com\/es\/tecnologia\/prepara-moto-verano\/#breadcrumb"},"inLanguage":"es","potentialAction":[{"@type":"ReadAction","target":["https:\/\/www.boxrepsol.com\/es\/tecnologia\/prepara-moto-verano\/"]}]},{"@type":"ImageObject","inLanguage":"es","@id":"https:\/\/www.boxrepsol.com\/es\/tecnologia\/prepara-moto-verano\/#primaryimage","url":"https:\/\/bxrepsol.s3.eu-west-1.amazonaws.com\/static\/2022\/08\/29085551\/00_motorista_moto_roja.jpg","contentUrl":"https:\/\/bxrepsol.s3.eu-west-1.amazonaws.com\/static\/2022\/08\/29085551\/00_motorista_moto_roja.jpg","width":1280,"height":600,"caption":"Moto Roja"},{"@type":"BreadcrumbList","@id":"https:\/\/www.boxrepsol.com\/es\/tecnologia\/prepara-moto-verano\/#breadcrumb","itemListElement":[{"@type":"ListItem","position":1,"name":"Home","item":"https:\/\/www.boxrepsol.com\/es\/"},{"@type":"ListItem","position":2,"name":"\u00bfC\u00f3mo preparar tu moto para el verano?"}]},{"@type":"WebSite","@id":"https:\/\/www.boxrepsol.com\/es\/#website","url":"https:\/\/www.boxrepsol.com\/es\/","name":"Box Repsol","description":"Box Repsol Site","publisher":{"@id":"https:\/\/www.boxrepsol.com\/es\/#organization"},"potentialAction":[{"@type":"SearchAction","target":{"@type":"EntryPoint","urlTemplate":"https:\/\/www.boxrepsol.com\/es\/?s={search_term_string}"},"query-input":{"@type":"PropertyValueSpecification","valueRequired":true,"valueName":"search_term_string"}}],"inLanguage":"es"},{"@type":"Organization","@id":"https:\/\/www.boxrepsol.com\/es\/#organization","name":"Box Repsol","url":"https:\/\/www.boxrepsol.com\/es\/","logo":{"@type":"ImageObject","inLanguage":"es","@id":"https:\/\/www.boxrepsol.com\/es\/#\/schema\/logo\/image\/","url":"https:\/\/bxrepsol.s3.eu-west-1.amazonaws.com\/static\/2025\/07\/30083337\/favicon-96x96-1.png","contentUrl":"https:\/\/bxrepsol.s3.eu-west-1.amazonaws.com\/static\/2025\/07\/30083337\/favicon-96x96-1.png","width":96,"height":96,"caption":"Box Repsol"},"image":{"@id":"https:\/\/www.boxrepsol.com\/es\/#\/schema\/logo\/image\/"},"sameAs":["https:\/\/www.facebook.com\/BoxRepsol","https:\/\/x.com\/box_repsol","http:\/\/instagram.com\/box_repsol","https:\/\/www.youtube.com\/user\/RepsolCompeticion","https:\/\/www.flickr.com\/photos\/box_repsol\/"]},{"@type":"Person","@id":"https:\/\/www.boxrepsol.com\/es\/#\/schema\/person\/c5c2138f2cca251b0ad92b7086bb60b7","name":"Redacci\u00f3n Box Repsol","image":{"@type":"ImageObject","inLanguage":"es","@id":"https:\/\/secure.gravatar.com\/avatar\/adf7b77e38b4419baf32c7e9c21dde01f4e40df611f0978e3006fc4ba0aaab7e?s=96&d=mm&r=g","url":"https:\/\/secure.gravatar.com\/avatar\/adf7b77e38b4419baf32c7e9c21dde01f4e40df611f0978e3006fc4ba0aaab7e?s=96&d=mm&r=g","contentUrl":"https:\/\/secure.gravatar.com\/avatar\/adf7b77e38b4419baf32c7e9c21dde01f4e40df611f0978e3006fc4ba0aaab7e?s=96&d=mm&r=g","caption":"Redacci\u00f3n Box Repsol"},"description":"Box Repsol lo forma un equipo de periodistas, community managers, dise\u00f1adores y fot\u00f3grafos con m\u00e1s de 20 a\u00f1os de experiencia en el mundo del motorsport. Hemos vivido el primer mundial de un espa\u00f1ol en la categor\u00eda reina de motociclismo con \u00c1lex Crivill\u00e9, estuvimos en las victorias de Pedrosa y los t\u00edtulos de M\u00e1rquez, acompa\u00f1amos en \u00c1frica a Nani Roma y Marc Coma en sus conquistas del Dakar y hemos vibrado con los t\u00edtulos de Toni Bou en Trial. Adem\u00e1s, en nuestro equipo contamos con expertos en el mundo de las dos y cuatro ruedas tanto de la calle y las carreteras, como de los circuitos. Periodistas que han trabajado en revistas y publicaciones para hacerte llegar desde rutas y consejos de mantenimiento, a curiosidades y trucos de pilotaje.","sameAs":["https:\/\/www.facebook.com\/BoxRepsol\/","https:\/\/www.instagram.com\/box_repsol\/","https:\/\/x.com\/https:\/\/twitter.com\/box_repsol","https:\/\/www.youtube.com\/@Boxrepsol"],"url":"https:\/\/www.boxrepsol.com\/es\/author\/redaccion-box-repsol\/"}]}},"_links":{"self":[{"href":"https:\/\/www.boxrepsol.com\/es\/wp-json\/wp\/v2\/posts\/93986","targetHints":{"allow":["GET"]}}],"collection":[{"href":"https:\/\/www.boxrepsol.com\/es\/wp-json\/wp\/v2\/posts"}],"about":[{"href":"https:\/\/www.boxrepsol.com\/es\/wp-json\/wp\/v2\/types\/post"}],"author":[{"embeddable":true,"href":"https:\/\/www.boxrepsol.com\/es\/wp-json\/wp\/v2\/users\/43146"}],"replies":[{"embeddable":true,"href":"https:\/\/www.boxrepsol.com\/es\/wp-json\/wp\/v2\/comments?post=93986"}],"version-history":[{"count":4,"href":"https:\/\/www.boxrepsol.com\/es\/wp-json\/wp\/v2\/posts\/93986\/revisions"}],"predecessor-version":[{"id":117312,"href":"https:\/\/www.boxrepsol.com\/es\/wp-json\/wp\/v2\/posts\/93986\/revisions\/117312"}],"wp:featuredmedia":[{"embeddable":true,"href":"https:\/\/www.boxrepsol.com\/es\/wp-json\/wp\/v2\/media\/62024"}],"wp:attachment":[{"href":"https:\/\/www.boxrepsol.com\/es\/wp-json\/wp\/v2\/media?parent=93986"}],"wp:term":[{"taxonomy":"category","embeddable":true,"href":"https:\/\/www.boxrepsol.com\/es\/wp-json\/wp\/v2\/categories?post=93986"},{"taxonomy":"post_tag","embeddable":true,"href":"https:\/\/www.boxrepsol.com\/es\/wp-json\/wp\/v2\/tags?post=93986"}],"curies":[{"name":"wp","href":"https:\/\/api.w.org\/{rel}","templated":true}]}}