{"id":93981,"date":"2020-10-01T00:00:00","date_gmt":"2020-10-01T02:00:00","guid":{"rendered":"http:\/\/pre.boxrepsol.com\/sin-categorizar\/1989-debut-repsol-mundial-rallys\/"},"modified":"2024-04-19T07:30:02","modified_gmt":"2024-04-19T09:30:02","slug":"1989-debut-repsol-mundial-rallys","status":"publish","type":"post","link":"https:\/\/www.boxrepsol.com\/es\/de-leyenda\/1989-debut-repsol-mundial-rallys\/","title":{"rendered":"1989, el debut de Repsol en el Mundial de Rallys"},"content":{"rendered":"\n<p>La primera participaci\u00f3n de Repsol en una prueba de Rally fue concretamente en el <strong>Rally Costa Brava de 1969<\/strong>. 3 coches lucieron la R, dos Lancia Fulvia HF 1300 y un Lancia Zagato GT. En aquella \u00e9poca no exist\u00eda a\u00fan el Mundial de Rallys (WRC en sus siglas en ingl\u00e9s: World Rally Champioship), que surgir\u00eda como tan en 1973, a\u00f1o en el que la escuder\u00eda Repsol se retiraba de la competici\u00f3n.<\/p>\n\n\n\n<p>No fue hasta 1989 que Repsol y el mundo del Rally volver\u00edan a encontrarse. Aquel a\u00f1o, Toyota ofreci\u00f3 un asiento en su equipo del Mundial a un piloto espa\u00f1ol que se hab\u00eda hecho notar la temporada anterior. Todav\u00eda era poco conocido, pero<strong> Carlos Sainz hab\u00eda logrado impresionar a Ove Andersson, director del Toyota Team Europe en el rally de los 1000 lagos<\/strong> con un Ford Sierra RS Cosworth. En palabras del propio Ove:<\/p>\n\n\n\n<p><em>\u201cConoc\u00eda su nombre de antes, pero fue entonces cuando me fij\u00e9 realmente en \u00e9l. La personalidad de Carlos jug\u00f3 un papel importante. La primera vez que nos encontramos y hablamos, \u00a1yo no sab\u00eda cu\u00e1l iba a ser su futuro! Yo ten\u00eda una buena impresi\u00f3n de \u00e9l y quer\u00eda tenerlo en mi equipo, no porque quisiera un piloto especialista en asfalto. S\u00f3lo ten\u00eda un presentimiento que ni siquiera ahora puedo explicar. Cuando habl\u00e9 con \u00e9l qued\u00e9 impresionado y me dije: aqu\u00ed hay un joven que realmente tiene determinaci\u00f3n por llegar a ser alguien.\u201d<\/em><\/p>\n\n\n\n<figure class=\"wp-block-image\"><img decoding=\"async\" src=\"https:\/\/bxrepsol.s3.eu-west-1.amazonaws.com\/static\/2022\/08\/05065140\/1.-WRC-Toyota_Ove-Andersson-copy-toyota.jpg\" alt=\"\"\/><\/figure>\n\n\n\n<p class=\"has-text-align-left\"><em>Imagen de Toyota<\/em><\/p>\n\n\n\n<p>El acuerdo entre el Toyota Team Europe y Repsol se forj\u00f3 en parte gracias al piloto madrile\u00f1o, y es que Repsol ya hab\u00eda patrocinado a Carlos anteriormente. El retorno a las pruebas de rally ten\u00eda un gran atractivo para la marca, y mucho m\u00e1s al tratarse de una competici\u00f3n a nivel Mundial. Eso s\u00ed, el trayecto no se promet\u00eda f\u00e1cil, ya que en aquel momento Lancia dominaba la competici\u00f3n con sus Delta Integrale.<\/p>\n\n\n\n<p>Adem\u00e1s de Carlos Sainz y su inseparable copiloto, Luis Moya, el equipo contaba con el Campe\u00f3n del Mundo, Juha Kankkunen y el magn\u00edfico piloto Bjorn Waldegaard. <strong>Ten\u00edan a su disposici\u00f3n un modelo de coche novedoso, el Celica GT-Four<\/strong>, primer modelo de tracci\u00f3n a las cuatro ruedas en la marca japonesa. Repsol apoyaba por lo tanto a un equipo promesa con un gran potencial para obtener podios y victorias.<\/p>\n\n\n\n<h2 class=\"wp-block-heading\">Primera prueba del a\u00f1o<\/h2>\n\n\n\n<p>El primer Rally del a\u00f1o 1989 en el que particip\u00f3 el equipo, fue el de Montecarlo.<strong> Los Toyota hicieron un buen papel y Carlos demostr\u00f3 estar a la altura de las circunstancias<\/strong>, pero a pesar de su buen pilotaje, un terreno cambiante y unos neum\u00e1ticos inadecuados acabaron por forzar su retirada tras una salida de pista. Un problema con el motor hizo que Bjorn tambi\u00e9n tuviese que retirarse antes de terminar. Solo Kankkunen consegu\u00eda acabar la carrera, eso s\u00ed, logrando una meritoria quinta posici\u00f3n que promet\u00eda una trayectoria ascendente del Toyota Celica.<\/p>\n\n\n\n<figure class=\"wp-block-image\"><img decoding=\"async\" src=\"https:\/\/bxrepsol.s3.eu-west-1.amazonaws.com\/static\/2022\/08\/05065141\/00_sainz_montecarlo_repsol_rally.jpg\" alt=\"\"\/><\/figure>\n\n\n\n<p><\/p>\n\n\n\n<p><\/p>\n\n\n\n<h2 class=\"wp-block-heading\">Rally de Portugal<\/h2>\n\n\n\n<p>El Rally de Portugal tuvo <strong>un arranque especialmente bueno para Sainz, quien lograba dominar las etapas iniciales sobre asfalto<\/strong>, llegando a liderar la prueba. Pero tras un pinchazo, y tratando de recuperar terreno perdido sufr\u00eda un accidente en el tramo 16 que le obligaba a decir adi\u00f3s a la prueba. Sus compa\u00f1eros no corrieron una suerte mucho mejor, con Kankkunen rompiendo motor y Bjorn sufriendo problemas en la transmisi\u00f3n en la que ser\u00eda su \u00faltima prueba del a\u00f1o. Desafortunadamente Toyota abandonaba el Rally de Portugal con 0 puntos y una gran determinaci\u00f3n por mejorar la fiabilidad del Celica.<\/p>\n\n\n\n<p><\/p>\n\n\n\n<p><\/p>\n\n\n\n<h2 class=\"wp-block-heading\">Tour de Corse<\/h2>\n\n\n\n<p>Para el tour de Corse, en C\u00f3rcega, Toyota tra\u00eda importantes mejoras en la suspensi\u00f3n del Celica as\u00ed como importantes actualizaciones en la mec\u00e1nica, fruto de los test. <strong>Estos cambios se hicieron notar fomentando que los pilotos estuviesen siempre en la parte alta de la clasificaci\u00f3n tramo tras tramo<\/strong>, llegando a coronar algunas etapas. Lamentablemente, la buena actuaci\u00f3n de Sainz no se tradujo en puntos, al sufrir su veh\u00edculo una extra\u00f1a aver\u00eda en el motor. Por su parte Kankkunen consigui\u00f3 el primer podio para el equipo, logrando acabar el Rally en tercera posici\u00f3n.<\/p>\n\n\n\n<p><\/p>\n\n\n\n<p><\/p>\n\n\n\n<h2 class=\"wp-block-heading\">Rally Acr\u00f3polis<\/h2>\n\n\n\n<p>Toyota incorporaba a Kenneth Eriksson como piloto, quien ya hab\u00eda estado rodando en este terreno griego con anterioridad. Tras la primera etapa,<strong> los resultados eran prometedores, con los tres pilotos entre los cinco primeros puestos<\/strong>. La primera complicaci\u00f3n lleg\u00f3 cuando Eriksson sufr\u00eda un inesperado fuego en su coche que le imped\u00eda seguir adelante. Tras la segunda etapa, Sainz estaba cuarto y Kankkunen s\u00e9ptimo, pero la dureza del rally pasaba una cara factura a los Veh\u00edculos. Durante la cuarta etapa, los chasis agrietados acababan por decir basta despu\u00e9s de haber hecho un gran esfuerzo por mantenerse en los puestos de cabeza. Pese a refuerzos y soldaduras, Toyota ten\u00eda que retirarse una vez m\u00e1s, no sin haber aprendido una cosa o dos.<\/p>\n\n\n\n<p><\/p>\n\n\n\n<p><\/p>\n\n\n\n<h2 class=\"wp-block-heading\">Rally 1000 Lagos<\/h2>\n\n\n\n<p>Este Rally finland\u00e9s es d\u00f3nde Carlos hab\u00eda demostrado ser r\u00e1pido la temporada anterior y llamar la atenci\u00f3n de Ove Andersson. Esta cita marc\u00f3 un punto y aparte en el que finalmente las cosas comenzaban a ir bien. <strong>Desde un principio, Sainz impuso un ritmo alto, logrando colocarse en primera posici\u00f3n<\/strong> a pesar de algunos problemas con la transmisi\u00f3n de su coche. Kankkunen, que tambi\u00e9n roadaba a buen ritmo sufri\u00f3 un incendio en su veh\u00edculo que le oblig\u00f3 a retirarse, mientras que Eriksson sub\u00eda algunas posiciones que le colocaban en un cuarto puesto en la general. <strong>Carlos sigui\u00f3 volando hasta la l\u00ednea de meta, logrando un segundo podio para el equipo, al obtener el tercer puesto en la prueba<\/strong>.<\/p>\n\n\n\n<p><\/p>\n\n\n\n<p><\/p>\n\n\n\n<h2 class=\"wp-block-heading\">Rally de Australia<\/h2>\n\n\n\n<p>Esta prueba demostr\u00f3 ser todo un \u00e9xito para el equipo, a pesar de que Sainz no participase en ella. El resultado fue soberbio y ayud\u00f3 a consolidar ese paso adelante que ya se hab\u00eda visto en Finlandia. El coche respondi\u00f3 tal y como se esperaba en las r\u00e1pidas pistas de tierra y gravilla.<strong> Juha Kankkunen se hizo con la muy esperada victoria<\/strong> en estas circunstancias, mientras que Eriksson complet\u00f3 el podio otorgando un doblete al equipo que serv\u00eda como advertencia de que el Repsol Toyota era finalmente un rival a tener en cuenta.<\/p>\n\n\n\n<figure class=\"wp-block-image\"><img decoding=\"async\" src=\"https:\/\/bxrepsol.s3.eu-west-1.amazonaws.com\/static\/2022\/08\/05065142\/00_1989-Australia-Kankkunen-copy-toyota_1.jpg\" alt=\"\"\/><\/figure>\n\n\n\n<p><\/p>\n\n\n\n<p><\/p>\n\n\n\n<h2 class=\"wp-block-heading\">Rally de San Remo<\/h2>\n\n\n\n<p>En la pen\u00faltima prueba disputada por el equipo, Sainz y Kankkunen saltaban a la palestra para defender nuestros colores. <strong>Se trataba de un Rally mixto, con tramos de asfalto y grava que estuvo extremadamente disputado<\/strong>, con los vencedores en cada tramo cambiando constantemente. Carlos se mantuvo en el top 5 durante todas las jornadas y al acabar, <strong>su tercer puesto estaba a tan solo 25 segundos del primer clasificado \u00a125 segundos en casi 7 horas de recorrido total!<\/strong> Kankunnen lograba acabar quinto, obteniendo as\u00ed valiosos puntos para el equipo.<\/p>\n\n\n\n<p><\/p>\n\n\n\n<p><\/p>\n\n\n\n<h2 class=\"wp-block-heading\">Rally RAC Inglaterra<\/h2>\n\n\n\n<p>La \u00faltima prueba del a\u00f1o se saldaba con uno de los recorridos m\u00e1s exigentes del calendario. 55 tramos en 5 etapas, con un total de 603Km cronometrados. <strong>El equipo contaba con sus tres pilotos, dispuestos a darlo todo y poner un buen punto final al a\u00f1o<\/strong>. Como no pod\u00eda ser de otra forma en Inlgaterra, la lluvia y la niebla gobernaron los primeros tramos, pero la primera jornada acababa con buen tiempo y con Kankkunen liderando, seguido por Eriksson y con Sainz en cuarta posici\u00f3n.<\/p>\n\n\n\n<p>En la segunda etapa, la niebla volv\u00eda a hacer acto de presencia y las complicadas pistas galesas daban cuenta de algunos participantes. Al finalizar el d\u00eda, Kankkunen segu\u00eda primero, mientras que <strong>Sainz hab\u00eda escalado a segunda posici\u00f3n a tan solo 19 segundos de su compa\u00f1ero, Eriksson le segu\u00eda en tercer puesto a 29 segundos de la cabeza de carrera<\/strong>. En la tercera jornada, Sainz se hac\u00eda con el liderato, posici\u00f3n mantuvo en el cuarto d\u00eda, a pesar de que la lucha por las primeras posiciones se volv\u00eda m\u00e1s y m\u00e1s encarnizada.<\/p>\n\n\n\n<p>Finalmente, el \u00faltimo d\u00eda, a pesar de ir rodando en cabeza, Sainz ten\u00eda una aver\u00eda, cuando el diferencial central de su Toyota sufr\u00eda una rotura y le privaba de la primera posici\u00f3n.<strong> El piloto Repsol termin\u00f3 segundo, mientras que Kankkunen lo hac\u00eda en tercera completando el podio y Eriksson cuarto<\/strong>.<\/p>\n\n\n\n<p>A pesar de un comienzo de temporada algo m\u00e1s duro, los Toyota lograron ser m\u00e1s regulares en la segunda parte, embols\u00e1ndose algunos podios. Juha Kankkunen termin\u00f3 tercero en la clasificaci\u00f3n general con 60 puntos. Kenneth Eriksson obtuvo una sexta posici\u00f3n con 47 y Sainz se hac\u00eda con la octava con 39 puntos. <strong>Toyota logr\u00f3 el subcampeonato de constructores con 101 puntos<\/strong>. El primer paso para la conseguir el Mundial estaba dado, y no tardar\u00eda en llegar.<\/p>\n\n\n\n<p><\/p>\n","protected":false},"excerpt":{"rendered":"<p>En 1989 Repsol, Toyota y un joven piloto llamado Carlos Sainz un\u00edan fuerzas por primera vez en el Mundial de Rallys.<\/p>\n","protected":false},"author":43146,"featured_media":62003,"comment_status":"open","ping_status":"open","sticky":false,"template":"","format":"standard","meta":{"footnotes":""},"categories":[164],"tags":[158],"class_list":["post-93981","post","type-post","status-publish","format-standard","hentry","category-de-leyenda","tag-repsol"],"yoast_head":"<!-- This site is optimized with the Yoast SEO plugin v27.3 - https:\/\/yoast.com\/product\/yoast-seo-wordpress\/ -->\n<title>1989, el debut de Repsol en el Mundial de Rallys - Box Repsol<\/title>\n<meta name=\"description\" content=\"En 1989 Repsol, Toyota y un joven piloto llamado Carlos Sainz un\u00edan fuerzas por primera vez en el Mundial de Rallys.\" \/>\n<link rel=\"canonical\" href=\"https:\/\/www.boxrepsol.com\/es\/de-leyenda\/1989-debut-repsol-mundial-rallys\/\" \/>\n<meta property=\"og:locale\" content=\"es_ES\" \/>\n<meta property=\"og:type\" content=\"article\" \/>\n<meta property=\"og:title\" content=\"1989, el debut de Repsol en el Mundial de Rallys - Box Repsol\" \/>\n<meta property=\"og:description\" content=\"En 1989 Repsol, Toyota y un joven piloto llamado Carlos Sainz un\u00edan fuerzas por primera vez en el Mundial de Rallys.\" \/>\n<meta property=\"og:url\" content=\"https:\/\/www.boxrepsol.com\/es\/de-leyenda\/1989-debut-repsol-mundial-rallys\/\" \/>\n<meta property=\"og:site_name\" content=\"Box Repsol\" \/>\n<meta property=\"article:publisher\" content=\"https:\/\/www.facebook.com\/BoxRepsol\" \/>\n<meta property=\"article:author\" content=\"https:\/\/www.facebook.com\/BoxRepsol\/\" \/>\n<meta property=\"article:published_time\" content=\"2020-10-01T02:00:00+00:00\" \/>\n<meta property=\"article:modified_time\" content=\"2024-04-19T09:30:02+00:00\" \/>\n<meta property=\"og:image\" content=\"https:\/\/bxrepsol.s3.eu-west-1.amazonaws.com\/static\/2022\/08\/29085533\/1989-Montecarlo-Sainz-scaled.jpg\" \/>\n\t<meta property=\"og:image:width\" content=\"2560\" \/>\n\t<meta property=\"og:image:height\" content=\"1920\" \/>\n\t<meta property=\"og:image:type\" content=\"image\/jpeg\" \/>\n<meta name=\"author\" content=\"Redacci\u00f3n Box Repsol\" \/>\n<meta name=\"twitter:card\" content=\"summary_large_image\" \/>\n<meta name=\"twitter:creator\" content=\"@https:\/\/twitter.com\/box_repsol\" \/>\n<meta name=\"twitter:site\" content=\"@box_repsol\" \/>\n<meta name=\"twitter:label1\" content=\"Written by\" \/>\n\t<meta name=\"twitter:data1\" content=\"Redacci\u00f3n Box Repsol\" \/>\n\t<meta name=\"twitter:label2\" content=\"Est. reading time\" \/>\n\t<meta name=\"twitter:data2\" content=\"8 minutos\" \/>\n<script type=\"application\/ld+json\" class=\"yoast-schema-graph\">{\"@context\":\"https:\\\/\\\/schema.org\",\"@graph\":[{\"@type\":\"Article\",\"@id\":\"https:\\\/\\\/www.boxrepsol.com\\\/es\\\/de-leyenda\\\/1989-debut-repsol-mundial-rallys\\\/#article\",\"isPartOf\":{\"@id\":\"https:\\\/\\\/www.boxrepsol.com\\\/es\\\/de-leyenda\\\/1989-debut-repsol-mundial-rallys\\\/\"},\"author\":{\"name\":\"Redacci\u00f3n Box Repsol\",\"@id\":\"https:\\\/\\\/www.boxrepsol.com\\\/es\\\/#\\\/schema\\\/person\\\/c5c2138f2cca251b0ad92b7086bb60b7\"},\"headline\":\"1989, el debut de Repsol en el Mundial de Rallys\",\"datePublished\":\"2020-10-01T02:00:00+00:00\",\"dateModified\":\"2024-04-19T09:30:02+00:00\",\"mainEntityOfPage\":{\"@id\":\"https:\\\/\\\/www.boxrepsol.com\\\/es\\\/de-leyenda\\\/1989-debut-repsol-mundial-rallys\\\/\"},\"wordCount\":1513,\"commentCount\":0,\"publisher\":{\"@id\":\"https:\\\/\\\/www.boxrepsol.com\\\/es\\\/#organization\"},\"image\":{\"@id\":\"https:\\\/\\\/www.boxrepsol.com\\\/es\\\/de-leyenda\\\/1989-debut-repsol-mundial-rallys\\\/#primaryimage\"},\"thumbnailUrl\":\"https:\\\/\\\/bxrepsol.s3.eu-west-1.amazonaws.com\\\/static\\\/2022\\\/08\\\/29085533\\\/1989-Montecarlo-Sainz-scaled.jpg\",\"keywords\":[\"Repsol\"],\"articleSection\":[\"De leyenda\"],\"inLanguage\":\"es\",\"potentialAction\":[{\"@type\":\"CommentAction\",\"name\":\"Comment\",\"target\":[\"https:\\\/\\\/www.boxrepsol.com\\\/es\\\/de-leyenda\\\/1989-debut-repsol-mundial-rallys\\\/#respond\"]}]},{\"@type\":\"WebPage\",\"@id\":\"https:\\\/\\\/www.boxrepsol.com\\\/es\\\/de-leyenda\\\/1989-debut-repsol-mundial-rallys\\\/\",\"url\":\"https:\\\/\\\/www.boxrepsol.com\\\/es\\\/de-leyenda\\\/1989-debut-repsol-mundial-rallys\\\/\",\"name\":\"1989, el debut de Repsol en el Mundial de Rallys - Box Repsol\",\"isPartOf\":{\"@id\":\"https:\\\/\\\/www.boxrepsol.com\\\/es\\\/#website\"},\"primaryImageOfPage\":{\"@id\":\"https:\\\/\\\/www.boxrepsol.com\\\/es\\\/de-leyenda\\\/1989-debut-repsol-mundial-rallys\\\/#primaryimage\"},\"image\":{\"@id\":\"https:\\\/\\\/www.boxrepsol.com\\\/es\\\/de-leyenda\\\/1989-debut-repsol-mundial-rallys\\\/#primaryimage\"},\"thumbnailUrl\":\"https:\\\/\\\/bxrepsol.s3.eu-west-1.amazonaws.com\\\/static\\\/2022\\\/08\\\/29085533\\\/1989-Montecarlo-Sainz-scaled.jpg\",\"datePublished\":\"2020-10-01T02:00:00+00:00\",\"dateModified\":\"2024-04-19T09:30:02+00:00\",\"description\":\"En 1989 Repsol, Toyota y un joven piloto llamado Carlos Sainz un\u00edan fuerzas por primera vez en el Mundial de Rallys.\",\"breadcrumb\":{\"@id\":\"https:\\\/\\\/www.boxrepsol.com\\\/es\\\/de-leyenda\\\/1989-debut-repsol-mundial-rallys\\\/#breadcrumb\"},\"inLanguage\":\"es\",\"potentialAction\":[{\"@type\":\"ReadAction\",\"target\":[\"https:\\\/\\\/www.boxrepsol.com\\\/es\\\/de-leyenda\\\/1989-debut-repsol-mundial-rallys\\\/\"]}]},{\"@type\":\"ImageObject\",\"inLanguage\":\"es\",\"@id\":\"https:\\\/\\\/www.boxrepsol.com\\\/es\\\/de-leyenda\\\/1989-debut-repsol-mundial-rallys\\\/#primaryimage\",\"url\":\"https:\\\/\\\/bxrepsol.s3.eu-west-1.amazonaws.com\\\/static\\\/2022\\\/08\\\/29085533\\\/1989-Montecarlo-Sainz-scaled.jpg\",\"contentUrl\":\"https:\\\/\\\/bxrepsol.s3.eu-west-1.amazonaws.com\\\/static\\\/2022\\\/08\\\/29085533\\\/1989-Montecarlo-Sainz-scaled.jpg\",\"width\":2560,\"height\":1920,\"caption\":\"Carlos Sainz en el Rally de Montecarlo\"},{\"@type\":\"BreadcrumbList\",\"@id\":\"https:\\\/\\\/www.boxrepsol.com\\\/es\\\/de-leyenda\\\/1989-debut-repsol-mundial-rallys\\\/#breadcrumb\",\"itemListElement\":[{\"@type\":\"ListItem\",\"position\":1,\"name\":\"Home\",\"item\":\"https:\\\/\\\/www.boxrepsol.com\\\/es\\\/\"},{\"@type\":\"ListItem\",\"position\":2,\"name\":\"1989, el debut de Repsol en el Mundial de Rallys\"}]},{\"@type\":\"WebSite\",\"@id\":\"https:\\\/\\\/www.boxrepsol.com\\\/es\\\/#website\",\"url\":\"https:\\\/\\\/www.boxrepsol.com\\\/es\\\/\",\"name\":\"Box Repsol\",\"description\":\"Box Repsol Site\",\"publisher\":{\"@id\":\"https:\\\/\\\/www.boxrepsol.com\\\/es\\\/#organization\"},\"potentialAction\":[{\"@type\":\"SearchAction\",\"target\":{\"@type\":\"EntryPoint\",\"urlTemplate\":\"https:\\\/\\\/www.boxrepsol.com\\\/es\\\/?s={search_term_string}\"},\"query-input\":{\"@type\":\"PropertyValueSpecification\",\"valueRequired\":true,\"valueName\":\"search_term_string\"}}],\"inLanguage\":\"es\"},{\"@type\":\"Organization\",\"@id\":\"https:\\\/\\\/www.boxrepsol.com\\\/es\\\/#organization\",\"name\":\"Box Repsol\",\"url\":\"https:\\\/\\\/www.boxrepsol.com\\\/es\\\/\",\"logo\":{\"@type\":\"ImageObject\",\"inLanguage\":\"es\",\"@id\":\"https:\\\/\\\/www.boxrepsol.com\\\/es\\\/#\\\/schema\\\/logo\\\/image\\\/\",\"url\":\"https:\\\/\\\/bxrepsol.s3.eu-west-1.amazonaws.com\\\/static\\\/2025\\\/07\\\/30083337\\\/favicon-96x96-1.png\",\"contentUrl\":\"https:\\\/\\\/bxrepsol.s3.eu-west-1.amazonaws.com\\\/static\\\/2025\\\/07\\\/30083337\\\/favicon-96x96-1.png\",\"width\":96,\"height\":96,\"caption\":\"Box Repsol\"},\"image\":{\"@id\":\"https:\\\/\\\/www.boxrepsol.com\\\/es\\\/#\\\/schema\\\/logo\\\/image\\\/\"},\"sameAs\":[\"https:\\\/\\\/www.facebook.com\\\/BoxRepsol\",\"https:\\\/\\\/x.com\\\/box_repsol\",\"http:\\\/\\\/instagram.com\\\/box_repsol\",\"https:\\\/\\\/www.youtube.com\\\/user\\\/RepsolCompeticion\",\"https:\\\/\\\/www.flickr.com\\\/photos\\\/box_repsol\\\/\"]},{\"@type\":\"Person\",\"@id\":\"https:\\\/\\\/www.boxrepsol.com\\\/es\\\/#\\\/schema\\\/person\\\/c5c2138f2cca251b0ad92b7086bb60b7\",\"name\":\"Redacci\u00f3n Box Repsol\",\"image\":{\"@type\":\"ImageObject\",\"inLanguage\":\"es\",\"@id\":\"https:\\\/\\\/secure.gravatar.com\\\/avatar\\\/adf7b77e38b4419baf32c7e9c21dde01f4e40df611f0978e3006fc4ba0aaab7e?s=96&d=mm&r=g\",\"url\":\"https:\\\/\\\/secure.gravatar.com\\\/avatar\\\/adf7b77e38b4419baf32c7e9c21dde01f4e40df611f0978e3006fc4ba0aaab7e?s=96&d=mm&r=g\",\"contentUrl\":\"https:\\\/\\\/secure.gravatar.com\\\/avatar\\\/adf7b77e38b4419baf32c7e9c21dde01f4e40df611f0978e3006fc4ba0aaab7e?s=96&d=mm&r=g\",\"caption\":\"Redacci\u00f3n Box Repsol\"},\"description\":\"Box Repsol lo forma un equipo de periodistas, community managers, dise\u00f1adores y fot\u00f3grafos con m\u00e1s de 20 a\u00f1os de experiencia en el mundo del motorsport. Hemos vivido el primer mundial de un espa\u00f1ol en la categor\u00eda reina de motociclismo con \u00c1lex Crivill\u00e9, estuvimos en las victorias de Pedrosa y los t\u00edtulos de M\u00e1rquez, acompa\u00f1amos en \u00c1frica a Nani Roma y Marc Coma en sus conquistas del Dakar y hemos vibrado con los t\u00edtulos de Toni Bou en Trial. Adem\u00e1s, en nuestro equipo contamos con expertos en el mundo de las dos y cuatro ruedas tanto de la calle y las carreteras, como de los circuitos. Periodistas que han trabajado en revistas y publicaciones para hacerte llegar desde rutas y consejos de mantenimiento, a curiosidades y trucos de pilotaje.\",\"sameAs\":[\"https:\\\/\\\/www.facebook.com\\\/BoxRepsol\\\/\",\"https:\\\/\\\/www.instagram.com\\\/box_repsol\\\/\",\"https:\\\/\\\/x.com\\\/https:\\\/\\\/twitter.com\\\/box_repsol\",\"https:\\\/\\\/www.youtube.com\\\/@Boxrepsol\"],\"url\":\"https:\\\/\\\/www.boxrepsol.com\\\/es\\\/author\\\/redaccion-box-repsol\\\/\"}]}<\/script>\n<!-- \/ Yoast SEO plugin. -->","yoast_head_json":{"title":"1989, el debut de Repsol en el Mundial de Rallys - Box Repsol","description":"En 1989 Repsol, Toyota y un joven piloto llamado Carlos Sainz un\u00edan fuerzas por primera vez en el Mundial de Rallys.","canonical":"https:\/\/www.boxrepsol.com\/es\/de-leyenda\/1989-debut-repsol-mundial-rallys\/","og_locale":"es_ES","og_type":"article","og_title":"1989, el debut de Repsol en el Mundial de Rallys - Box Repsol","og_description":"En 1989 Repsol, Toyota y un joven piloto llamado Carlos Sainz un\u00edan fuerzas por primera vez en el Mundial de Rallys.","og_url":"https:\/\/www.boxrepsol.com\/es\/de-leyenda\/1989-debut-repsol-mundial-rallys\/","og_site_name":"Box Repsol","article_publisher":"https:\/\/www.facebook.com\/BoxRepsol","article_author":"https:\/\/www.facebook.com\/BoxRepsol\/","article_published_time":"2020-10-01T02:00:00+00:00","article_modified_time":"2024-04-19T09:30:02+00:00","og_image":[{"width":2560,"height":1920,"url":"https:\/\/bxrepsol.s3.eu-west-1.amazonaws.com\/static\/2022\/08\/29085533\/1989-Montecarlo-Sainz-scaled.jpg","type":"image\/jpeg"}],"author":"Redacci\u00f3n Box Repsol","twitter_card":"summary_large_image","twitter_creator":"@https:\/\/twitter.com\/box_repsol","twitter_site":"@box_repsol","twitter_misc":{"Written by":"Redacci\u00f3n Box Repsol","Est. reading time":"8 minutos"},"schema":{"@context":"https:\/\/schema.org","@graph":[{"@type":"Article","@id":"https:\/\/www.boxrepsol.com\/es\/de-leyenda\/1989-debut-repsol-mundial-rallys\/#article","isPartOf":{"@id":"https:\/\/www.boxrepsol.com\/es\/de-leyenda\/1989-debut-repsol-mundial-rallys\/"},"author":{"name":"Redacci\u00f3n Box Repsol","@id":"https:\/\/www.boxrepsol.com\/es\/#\/schema\/person\/c5c2138f2cca251b0ad92b7086bb60b7"},"headline":"1989, el debut de Repsol en el Mundial de Rallys","datePublished":"2020-10-01T02:00:00+00:00","dateModified":"2024-04-19T09:30:02+00:00","mainEntityOfPage":{"@id":"https:\/\/www.boxrepsol.com\/es\/de-leyenda\/1989-debut-repsol-mundial-rallys\/"},"wordCount":1513,"commentCount":0,"publisher":{"@id":"https:\/\/www.boxrepsol.com\/es\/#organization"},"image":{"@id":"https:\/\/www.boxrepsol.com\/es\/de-leyenda\/1989-debut-repsol-mundial-rallys\/#primaryimage"},"thumbnailUrl":"https:\/\/bxrepsol.s3.eu-west-1.amazonaws.com\/static\/2022\/08\/29085533\/1989-Montecarlo-Sainz-scaled.jpg","keywords":["Repsol"],"articleSection":["De leyenda"],"inLanguage":"es","potentialAction":[{"@type":"CommentAction","name":"Comment","target":["https:\/\/www.boxrepsol.com\/es\/de-leyenda\/1989-debut-repsol-mundial-rallys\/#respond"]}]},{"@type":"WebPage","@id":"https:\/\/www.boxrepsol.com\/es\/de-leyenda\/1989-debut-repsol-mundial-rallys\/","url":"https:\/\/www.boxrepsol.com\/es\/de-leyenda\/1989-debut-repsol-mundial-rallys\/","name":"1989, el debut de Repsol en el Mundial de Rallys - Box Repsol","isPartOf":{"@id":"https:\/\/www.boxrepsol.com\/es\/#website"},"primaryImageOfPage":{"@id":"https:\/\/www.boxrepsol.com\/es\/de-leyenda\/1989-debut-repsol-mundial-rallys\/#primaryimage"},"image":{"@id":"https:\/\/www.boxrepsol.com\/es\/de-leyenda\/1989-debut-repsol-mundial-rallys\/#primaryimage"},"thumbnailUrl":"https:\/\/bxrepsol.s3.eu-west-1.amazonaws.com\/static\/2022\/08\/29085533\/1989-Montecarlo-Sainz-scaled.jpg","datePublished":"2020-10-01T02:00:00+00:00","dateModified":"2024-04-19T09:30:02+00:00","description":"En 1989 Repsol, Toyota y un joven piloto llamado Carlos Sainz un\u00edan fuerzas por primera vez en el Mundial de Rallys.","breadcrumb":{"@id":"https:\/\/www.boxrepsol.com\/es\/de-leyenda\/1989-debut-repsol-mundial-rallys\/#breadcrumb"},"inLanguage":"es","potentialAction":[{"@type":"ReadAction","target":["https:\/\/www.boxrepsol.com\/es\/de-leyenda\/1989-debut-repsol-mundial-rallys\/"]}]},{"@type":"ImageObject","inLanguage":"es","@id":"https:\/\/www.boxrepsol.com\/es\/de-leyenda\/1989-debut-repsol-mundial-rallys\/#primaryimage","url":"https:\/\/bxrepsol.s3.eu-west-1.amazonaws.com\/static\/2022\/08\/29085533\/1989-Montecarlo-Sainz-scaled.jpg","contentUrl":"https:\/\/bxrepsol.s3.eu-west-1.amazonaws.com\/static\/2022\/08\/29085533\/1989-Montecarlo-Sainz-scaled.jpg","width":2560,"height":1920,"caption":"Carlos Sainz en el Rally de Montecarlo"},{"@type":"BreadcrumbList","@id":"https:\/\/www.boxrepsol.com\/es\/de-leyenda\/1989-debut-repsol-mundial-rallys\/#breadcrumb","itemListElement":[{"@type":"ListItem","position":1,"name":"Home","item":"https:\/\/www.boxrepsol.com\/es\/"},{"@type":"ListItem","position":2,"name":"1989, el debut de Repsol en el Mundial de Rallys"}]},{"@type":"WebSite","@id":"https:\/\/www.boxrepsol.com\/es\/#website","url":"https:\/\/www.boxrepsol.com\/es\/","name":"Box Repsol","description":"Box Repsol Site","publisher":{"@id":"https:\/\/www.boxrepsol.com\/es\/#organization"},"potentialAction":[{"@type":"SearchAction","target":{"@type":"EntryPoint","urlTemplate":"https:\/\/www.boxrepsol.com\/es\/?s={search_term_string}"},"query-input":{"@type":"PropertyValueSpecification","valueRequired":true,"valueName":"search_term_string"}}],"inLanguage":"es"},{"@type":"Organization","@id":"https:\/\/www.boxrepsol.com\/es\/#organization","name":"Box Repsol","url":"https:\/\/www.boxrepsol.com\/es\/","logo":{"@type":"ImageObject","inLanguage":"es","@id":"https:\/\/www.boxrepsol.com\/es\/#\/schema\/logo\/image\/","url":"https:\/\/bxrepsol.s3.eu-west-1.amazonaws.com\/static\/2025\/07\/30083337\/favicon-96x96-1.png","contentUrl":"https:\/\/bxrepsol.s3.eu-west-1.amazonaws.com\/static\/2025\/07\/30083337\/favicon-96x96-1.png","width":96,"height":96,"caption":"Box Repsol"},"image":{"@id":"https:\/\/www.boxrepsol.com\/es\/#\/schema\/logo\/image\/"},"sameAs":["https:\/\/www.facebook.com\/BoxRepsol","https:\/\/x.com\/box_repsol","http:\/\/instagram.com\/box_repsol","https:\/\/www.youtube.com\/user\/RepsolCompeticion","https:\/\/www.flickr.com\/photos\/box_repsol\/"]},{"@type":"Person","@id":"https:\/\/www.boxrepsol.com\/es\/#\/schema\/person\/c5c2138f2cca251b0ad92b7086bb60b7","name":"Redacci\u00f3n Box Repsol","image":{"@type":"ImageObject","inLanguage":"es","@id":"https:\/\/secure.gravatar.com\/avatar\/adf7b77e38b4419baf32c7e9c21dde01f4e40df611f0978e3006fc4ba0aaab7e?s=96&d=mm&r=g","url":"https:\/\/secure.gravatar.com\/avatar\/adf7b77e38b4419baf32c7e9c21dde01f4e40df611f0978e3006fc4ba0aaab7e?s=96&d=mm&r=g","contentUrl":"https:\/\/secure.gravatar.com\/avatar\/adf7b77e38b4419baf32c7e9c21dde01f4e40df611f0978e3006fc4ba0aaab7e?s=96&d=mm&r=g","caption":"Redacci\u00f3n Box Repsol"},"description":"Box Repsol lo forma un equipo de periodistas, community managers, dise\u00f1adores y fot\u00f3grafos con m\u00e1s de 20 a\u00f1os de experiencia en el mundo del motorsport. Hemos vivido el primer mundial de un espa\u00f1ol en la categor\u00eda reina de motociclismo con \u00c1lex Crivill\u00e9, estuvimos en las victorias de Pedrosa y los t\u00edtulos de M\u00e1rquez, acompa\u00f1amos en \u00c1frica a Nani Roma y Marc Coma en sus conquistas del Dakar y hemos vibrado con los t\u00edtulos de Toni Bou en Trial. Adem\u00e1s, en nuestro equipo contamos con expertos en el mundo de las dos y cuatro ruedas tanto de la calle y las carreteras, como de los circuitos. Periodistas que han trabajado en revistas y publicaciones para hacerte llegar desde rutas y consejos de mantenimiento, a curiosidades y trucos de pilotaje.","sameAs":["https:\/\/www.facebook.com\/BoxRepsol\/","https:\/\/www.instagram.com\/box_repsol\/","https:\/\/x.com\/https:\/\/twitter.com\/box_repsol","https:\/\/www.youtube.com\/@Boxrepsol"],"url":"https:\/\/www.boxrepsol.com\/es\/author\/redaccion-box-repsol\/"}]}},"_links":{"self":[{"href":"https:\/\/www.boxrepsol.com\/es\/wp-json\/wp\/v2\/posts\/93981","targetHints":{"allow":["GET"]}}],"collection":[{"href":"https:\/\/www.boxrepsol.com\/es\/wp-json\/wp\/v2\/posts"}],"about":[{"href":"https:\/\/www.boxrepsol.com\/es\/wp-json\/wp\/v2\/types\/post"}],"author":[{"embeddable":true,"href":"https:\/\/www.boxrepsol.com\/es\/wp-json\/wp\/v2\/users\/43146"}],"replies":[{"embeddable":true,"href":"https:\/\/www.boxrepsol.com\/es\/wp-json\/wp\/v2\/comments?post=93981"}],"version-history":[{"count":7,"href":"https:\/\/www.boxrepsol.com\/es\/wp-json\/wp\/v2\/posts\/93981\/revisions"}],"predecessor-version":[{"id":114334,"href":"https:\/\/www.boxrepsol.com\/es\/wp-json\/wp\/v2\/posts\/93981\/revisions\/114334"}],"wp:featuredmedia":[{"embeddable":true,"href":"https:\/\/www.boxrepsol.com\/es\/wp-json\/wp\/v2\/media\/62003"}],"wp:attachment":[{"href":"https:\/\/www.boxrepsol.com\/es\/wp-json\/wp\/v2\/media?parent=93981"}],"wp:term":[{"taxonomy":"category","embeddable":true,"href":"https:\/\/www.boxrepsol.com\/es\/wp-json\/wp\/v2\/categories?post=93981"},{"taxonomy":"post_tag","embeddable":true,"href":"https:\/\/www.boxrepsol.com\/es\/wp-json\/wp\/v2\/tags?post=93981"}],"curies":[{"name":"wp","href":"https:\/\/api.w.org\/{rel}","templated":true}]}}