{"id":93976,"date":"2020-06-09T00:00:00","date_gmt":"2020-06-09T02:00:00","guid":{"rendered":"http:\/\/pre.boxrepsol.com\/sin-categorizar\/las-series-peliculas-favoritas-marc-marquez\/"},"modified":"2024-04-19T10:02:51","modified_gmt":"2024-04-19T12:02:51","slug":"las-series-peliculas-favoritas-marc-marquez","status":"publish","type":"post","link":"https:\/\/www.boxrepsol.com\/es\/motogp\/las-series-peliculas-favoritas-marc-marquez\/","title":{"rendered":"Las series y pel\u00edculas favoritas de Marc M\u00e1rquez"},"content":{"rendered":"<p>\u00a1Hola amigos!<\/p>\n<p>Aunque la agenda de un piloto es muy apretada y no tengo mucho tiempo, a m\u00ed tambi\u00e9n me gusta ver series, c\u00f3mo a todo el mundo. Soy de verlas del tir\u00f3n, para no perder el hilo, porque si no igual me lio con otras cosas y las dejo a medias. <strong>Este invierno termin\u00e9 de ver Narcos, que la ten\u00eda pendiente<\/strong>, mi temporada favorita es la primera especialmente los cap\u00edtulos en los que Pablo Escobar est\u00e1 en la c\u00e1rcel. Tambi\u00e9n estoy viendo la casa de papel, aunque con un poco de retraso, as\u00ed que por favor \u00a1nada de spoilers en los comentarios!<\/p>\n<p><strong>Mucha gente me ha recomendado que vea Juego de Tronos<\/strong>, pero en una serie con tantos personajes, no creo que pueda acordarme de todos los nombres. En pista soy capaz de concentrarme muy bien, pero para seguir una trama tan complicada, seguramente tendr\u00eda muchos problemas. <\/p>\n<p>En cuanto a las pel\u00edculas, no soy de ir al cine, \u00a1menuda locura! si fuese tendr\u00eda que entrar con la pel\u00edcula empezada y salir antes de que acabase. Lo mejor para mi es verlas en casa. Me gustan las pel\u00edculas de acci\u00f3n como el Francotirador, y<strong> sobre todo la saga de A todo gas, \u00a1las he visto todas! <\/strong>Es un poco \u201cflipada\u201d, pero me vi la primera cuando era ni\u00f1o y desde entonces me han gustado. Las pel\u00edculas que menos me gustan son las de terror, \u00a1luego tengo pesadillas! S\u00ed, ya s\u00e9 que dir\u00e9is que ya soy mayor, pero igualmente, \u00a1no me gustan nada! <\/p>\n<p>Una de las pel\u00edculas que he visto recientemente y que me gustar\u00eda recomendaros es Un monstruo viene a verme, a m\u00ed personalmente me toc\u00f3 la fibra y creo que a muchos de vosotros tambi\u00e9n os gustar\u00e1.<\/p>\n<p><a href=\"https:\/\/bxrepsol.s3.eu-west-1.amazonaws.com\/static\/2022\/08\/05065131\/51820037_2343586662318437_4015218247602274304_n.jpg\" \n   title=\"Marc M\u00e1rquez en avi\u00f3n saludando\" \n   data-gallery-thumbnail=\"https:\/\/bxrepsol.s3.eu-west-1.amazonaws.com\/static\/2022\/08\/05065131\/51820037_2343586662318437_4015218247602274304_n.jpg\"\n   data-gallery-title=\"\"\n   data-gallery><\/p>\n<figure>\n        <picture style=\"padding-bottom: 80.416666666667%; background-image: url(https:\/\/bxrepsol.s3.eu-west-1.amazonaws.com\/static\/2022\/08\/05065131\/51820037_2343586662318437_4015218247602274304_n.jpg);\">\n            <img decoding=\"async\" src=\"https:\/\/bxrepsol.s3.eu-west-1.amazonaws.com\/static\/2022\/08\/05065131\/51820037_2343586662318437_4015218247602274304_n.jpg\"><br \/>\n            <img itemprop=\"image\"\n                data-srcset=\"https:\/\/bxrepsol.s3.eu-west-1.amazonaws.com\/static\/2022\/08\/05065131\/51820037_2343586662318437_4015218247602274304_n.jpg 480w, https:\/\/bxrepsol.s3.eu-west-1.amazonaws.com\/static\/2022\/08\/05065131\/51820037_2343586662318437_4015218247602274304_n.jpg 600w\"\n                data-src=\"https:\/\/bxrepsol.s3.eu-west-1.amazonaws.com\/static\/2022\/08\/05065131\/51820037_2343586662318437_4015218247602274304_n.jpg\"\n                alt=\"Marc M\u00e1rquez en avi\u00f3n saludando\"\n                title=\"Marc M\u00e1rquez haciendo saludo en V\"\/><br \/>\n            <noscript><img decoding=\"async\" src=\"https:\/\/bxrepsol.s3.eu-west-1.amazonaws.com\/static\/2022\/08\/05065131\/51820037_2343586662318437_4015218247602274304_n.jpg\" alt=\"Marc M\u00e1rquez en avi\u00f3n saludando\"><\/noscript>\n        <\/picture><figcaption>Marc M\u00e1rquez en avi\u00f3n saludando<\/figcaption><\/figure>\n<p><\/a><\/p>\n<p>Si os digo la verdad, cuando hay un d\u00eda lluvioso y me tengo que quedar en casa, soy m\u00e1s de jugar a la Playstation con mi hermano \u00c1lex que de ponerme a ver series. Pero <strong>reconozco que tiene su encanto acurrucarse en el sof\u00e1 y ver alg\u00fan cl\u00e1sico de navidad<\/strong> cuando hace fr\u00edo fuera, como por ejemplo Solo en casa. <\/p>\n<p>Normalmente<strong> el mejor momento que tengo para ver series y pel\u00edculas es en el mes de octubre<\/strong>, que lo pasamos de viaje en viaje y de avi\u00f3n en avi\u00f3n. Cuando viajamos fuera de Europa tenemos mucho tiempo muerto entre las carreras de la gira asi\u00e1tica y podemos aprovechar para ver cosas en nuestros port\u00e1tiles y tablets. En invierno, entre temporadas tambi\u00e9n es un buen momento para disfrutar de las series, ya que anochece m\u00e1s temprano y pasamos m\u00e1s tiempo en casa.<\/p>\n<p><strong>Si hiciesen una pel\u00edcula sobre mi vida, creo que el actor que haga de Marc M\u00e1rquez tiene que ser tambi\u00e9n un buen piloto<\/strong>. Uno de mis actores favoritos es Will Smith, pero claro, a lo mejor no pegar\u00eda mucho, tenemos un estilo diferente. Otro que me encantar\u00eda que hubiese hecho de mi habr\u00eda sido Paul Walker, que era un actor que me gustaba mucho. <\/p>\n<p>Igual, lo mejor es que me ech\u00e9is una mano \u00bfQu\u00e9 actor ser\u00eda un buen Marc M\u00e1rquez en la gran pantalla? \u00bfir\u00edais a ver una pel\u00edcula sobre m\u00ed? <\/p>\n<p>\u00a1Un abrazo a todos, nos vemos en los circuitos!<\/p>\n","protected":false},"excerpt":{"rendered":"<p>El 93 vuelve a escribir en el blog de Equipo Repsol. Esta vez nos cuenta acerca de sus h\u00e1bitos a la hora de ver series y pel\u00edculas. \u00bfCoinciden tus gustos con los de Marc?<\/p>\n","protected":false},"author":43146,"featured_media":61986,"comment_status":"open","ping_status":"open","sticky":false,"template":"","format":"standard","meta":{"footnotes":""},"categories":[4],"tags":[6],"class_list":["post-93976","post","type-post","status-publish","format-standard","hentry","category-motogp","tag-marc-marquez"],"yoast_head":"<!-- This site is optimized with the Yoast SEO plugin v27.3 - https:\/\/yoast.com\/product\/yoast-seo-wordpress\/ -->\n<title>Las series y pel\u00edculas favoritas de Marc M\u00e1rquez - Box Repsol<\/title>\n<meta name=\"description\" content=\"El 93 vuelve a escribirnos en el blog de Equipo Repsol. Esta vez nos cuenta acerca de sus h\u00e1bitos a la hora de ver series y pel\u00edculas.\" \/>\n<link rel=\"canonical\" href=\"https:\/\/www.boxrepsol.com\/es\/motogp\/las-series-peliculas-favoritas-marc-marquez\/\" \/>\n<meta property=\"og:locale\" content=\"es_ES\" \/>\n<meta property=\"og:type\" content=\"article\" \/>\n<meta property=\"og:title\" content=\"Las series y pel\u00edculas favoritas de Marc M\u00e1rquez - Box Repsol\" \/>\n<meta property=\"og:description\" content=\"El 93 vuelve a escribirnos en el blog de Equipo Repsol. Esta vez nos cuenta acerca de sus h\u00e1bitos a la hora de ver series y pel\u00edculas.\" \/>\n<meta property=\"og:url\" content=\"https:\/\/www.boxrepsol.com\/es\/motogp\/las-series-peliculas-favoritas-marc-marquez\/\" \/>\n<meta property=\"og:site_name\" content=\"Box Repsol\" \/>\n<meta property=\"article:publisher\" content=\"https:\/\/www.facebook.com\/BoxRepsol\" \/>\n<meta property=\"article:author\" content=\"https:\/\/www.facebook.com\/BoxRepsol\/\" \/>\n<meta property=\"article:published_time\" content=\"2020-06-09T02:00:00+00:00\" \/>\n<meta property=\"article:modified_time\" content=\"2024-04-19T12:02:51+00:00\" \/>\n<meta property=\"og:image\" content=\"https:\/\/bxrepsol.s3.eu-west-1.amazonaws.com\/static\/2022\/08\/29085520\/00_marc_marquez_casual_busto_pared.jpg\" \/>\n\t<meta property=\"og:image:width\" content=\"1280\" \/>\n\t<meta property=\"og:image:height\" content=\"600\" \/>\n\t<meta property=\"og:image:type\" content=\"image\/jpeg\" \/>\n<meta name=\"author\" content=\"Redacci\u00f3n Box Repsol\" \/>\n<meta name=\"twitter:card\" content=\"summary_large_image\" \/>\n<meta name=\"twitter:creator\" content=\"@https:\/\/twitter.com\/box_repsol\" \/>\n<meta name=\"twitter:site\" content=\"@box_repsol\" \/>\n<meta name=\"twitter:label1\" content=\"Written by\" \/>\n\t<meta name=\"twitter:data1\" content=\"Redacci\u00f3n Box Repsol\" \/>\n\t<meta name=\"twitter:label2\" content=\"Est. reading time\" \/>\n\t<meta name=\"twitter:data2\" content=\"3 minutos\" \/>\n<script type=\"application\/ld+json\" class=\"yoast-schema-graph\">{\"@context\":\"https:\\\/\\\/schema.org\",\"@graph\":[{\"@type\":\"Article\",\"@id\":\"https:\\\/\\\/www.boxrepsol.com\\\/es\\\/motogp\\\/las-series-peliculas-favoritas-marc-marquez\\\/#article\",\"isPartOf\":{\"@id\":\"https:\\\/\\\/www.boxrepsol.com\\\/es\\\/motogp\\\/las-series-peliculas-favoritas-marc-marquez\\\/\"},\"author\":{\"name\":\"Redacci\u00f3n Box Repsol\",\"@id\":\"https:\\\/\\\/www.boxrepsol.com\\\/es\\\/#\\\/schema\\\/person\\\/c5c2138f2cca251b0ad92b7086bb60b7\"},\"headline\":\"Las series y pel\u00edculas favoritas de Marc M\u00e1rquez\",\"datePublished\":\"2020-06-09T02:00:00+00:00\",\"dateModified\":\"2024-04-19T12:02:51+00:00\",\"mainEntityOfPage\":{\"@id\":\"https:\\\/\\\/www.boxrepsol.com\\\/es\\\/motogp\\\/las-series-peliculas-favoritas-marc-marquez\\\/\"},\"wordCount\":589,\"commentCount\":1,\"publisher\":{\"@id\":\"https:\\\/\\\/www.boxrepsol.com\\\/es\\\/#organization\"},\"image\":{\"@id\":\"https:\\\/\\\/www.boxrepsol.com\\\/es\\\/motogp\\\/las-series-peliculas-favoritas-marc-marquez\\\/#primaryimage\"},\"thumbnailUrl\":\"https:\\\/\\\/bxrepsol.s3.eu-west-1.amazonaws.com\\\/static\\\/2022\\\/08\\\/29085520\\\/00_marc_marquez_casual_busto_pared.jpg\",\"keywords\":[\"Marc M\u00e1rquez\"],\"articleSection\":[\"MotoGP\"],\"inLanguage\":\"es\",\"potentialAction\":[{\"@type\":\"CommentAction\",\"name\":\"Comment\",\"target\":[\"https:\\\/\\\/www.boxrepsol.com\\\/es\\\/motogp\\\/las-series-peliculas-favoritas-marc-marquez\\\/#respond\"]}]},{\"@type\":\"WebPage\",\"@id\":\"https:\\\/\\\/www.boxrepsol.com\\\/es\\\/motogp\\\/las-series-peliculas-favoritas-marc-marquez\\\/\",\"url\":\"https:\\\/\\\/www.boxrepsol.com\\\/es\\\/motogp\\\/las-series-peliculas-favoritas-marc-marquez\\\/\",\"name\":\"Las series y pel\u00edculas favoritas de Marc M\u00e1rquez - Box Repsol\",\"isPartOf\":{\"@id\":\"https:\\\/\\\/www.boxrepsol.com\\\/es\\\/#website\"},\"primaryImageOfPage\":{\"@id\":\"https:\\\/\\\/www.boxrepsol.com\\\/es\\\/motogp\\\/las-series-peliculas-favoritas-marc-marquez\\\/#primaryimage\"},\"image\":{\"@id\":\"https:\\\/\\\/www.boxrepsol.com\\\/es\\\/motogp\\\/las-series-peliculas-favoritas-marc-marquez\\\/#primaryimage\"},\"thumbnailUrl\":\"https:\\\/\\\/bxrepsol.s3.eu-west-1.amazonaws.com\\\/static\\\/2022\\\/08\\\/29085520\\\/00_marc_marquez_casual_busto_pared.jpg\",\"datePublished\":\"2020-06-09T02:00:00+00:00\",\"dateModified\":\"2024-04-19T12:02:51+00:00\",\"description\":\"El 93 vuelve a escribirnos en el blog de Equipo Repsol. Esta vez nos cuenta acerca de sus h\u00e1bitos a la hora de ver series y pel\u00edculas.\",\"breadcrumb\":{\"@id\":\"https:\\\/\\\/www.boxrepsol.com\\\/es\\\/motogp\\\/las-series-peliculas-favoritas-marc-marquez\\\/#breadcrumb\"},\"inLanguage\":\"es\",\"potentialAction\":[{\"@type\":\"ReadAction\",\"target\":[\"https:\\\/\\\/www.boxrepsol.com\\\/es\\\/motogp\\\/las-series-peliculas-favoritas-marc-marquez\\\/\"]}]},{\"@type\":\"ImageObject\",\"inLanguage\":\"es\",\"@id\":\"https:\\\/\\\/www.boxrepsol.com\\\/es\\\/motogp\\\/las-series-peliculas-favoritas-marc-marquez\\\/#primaryimage\",\"url\":\"https:\\\/\\\/bxrepsol.s3.eu-west-1.amazonaws.com\\\/static\\\/2022\\\/08\\\/29085520\\\/00_marc_marquez_casual_busto_pared.jpg\",\"contentUrl\":\"https:\\\/\\\/bxrepsol.s3.eu-west-1.amazonaws.com\\\/static\\\/2022\\\/08\\\/29085520\\\/00_marc_marquez_casual_busto_pared.jpg\",\"width\":1280,\"height\":600,\"caption\":\"Marc M\u00e1rquez casual frente a pared\"},{\"@type\":\"BreadcrumbList\",\"@id\":\"https:\\\/\\\/www.boxrepsol.com\\\/es\\\/motogp\\\/las-series-peliculas-favoritas-marc-marquez\\\/#breadcrumb\",\"itemListElement\":[{\"@type\":\"ListItem\",\"position\":1,\"name\":\"Home\",\"item\":\"https:\\\/\\\/www.boxrepsol.com\\\/es\\\/\"},{\"@type\":\"ListItem\",\"position\":2,\"name\":\"Las series y pel\u00edculas favoritas de Marc M\u00e1rquez\"}]},{\"@type\":\"WebSite\",\"@id\":\"https:\\\/\\\/www.boxrepsol.com\\\/es\\\/#website\",\"url\":\"https:\\\/\\\/www.boxrepsol.com\\\/es\\\/\",\"name\":\"Box Repsol\",\"description\":\"Box Repsol Site\",\"publisher\":{\"@id\":\"https:\\\/\\\/www.boxrepsol.com\\\/es\\\/#organization\"},\"potentialAction\":[{\"@type\":\"SearchAction\",\"target\":{\"@type\":\"EntryPoint\",\"urlTemplate\":\"https:\\\/\\\/www.boxrepsol.com\\\/es\\\/?s={search_term_string}\"},\"query-input\":{\"@type\":\"PropertyValueSpecification\",\"valueRequired\":true,\"valueName\":\"search_term_string\"}}],\"inLanguage\":\"es\"},{\"@type\":\"Organization\",\"@id\":\"https:\\\/\\\/www.boxrepsol.com\\\/es\\\/#organization\",\"name\":\"Box Repsol\",\"url\":\"https:\\\/\\\/www.boxrepsol.com\\\/es\\\/\",\"logo\":{\"@type\":\"ImageObject\",\"inLanguage\":\"es\",\"@id\":\"https:\\\/\\\/www.boxrepsol.com\\\/es\\\/#\\\/schema\\\/logo\\\/image\\\/\",\"url\":\"https:\\\/\\\/bxrepsol.s3.eu-west-1.amazonaws.com\\\/static\\\/2025\\\/07\\\/30083337\\\/favicon-96x96-1.png\",\"contentUrl\":\"https:\\\/\\\/bxrepsol.s3.eu-west-1.amazonaws.com\\\/static\\\/2025\\\/07\\\/30083337\\\/favicon-96x96-1.png\",\"width\":96,\"height\":96,\"caption\":\"Box Repsol\"},\"image\":{\"@id\":\"https:\\\/\\\/www.boxrepsol.com\\\/es\\\/#\\\/schema\\\/logo\\\/image\\\/\"},\"sameAs\":[\"https:\\\/\\\/www.facebook.com\\\/BoxRepsol\",\"https:\\\/\\\/x.com\\\/box_repsol\",\"http:\\\/\\\/instagram.com\\\/box_repsol\",\"https:\\\/\\\/www.youtube.com\\\/user\\\/RepsolCompeticion\",\"https:\\\/\\\/www.flickr.com\\\/photos\\\/box_repsol\\\/\"]},{\"@type\":\"Person\",\"@id\":\"https:\\\/\\\/www.boxrepsol.com\\\/es\\\/#\\\/schema\\\/person\\\/c5c2138f2cca251b0ad92b7086bb60b7\",\"name\":\"Redacci\u00f3n Box Repsol\",\"image\":{\"@type\":\"ImageObject\",\"inLanguage\":\"es\",\"@id\":\"https:\\\/\\\/secure.gravatar.com\\\/avatar\\\/adf7b77e38b4419baf32c7e9c21dde01f4e40df611f0978e3006fc4ba0aaab7e?s=96&d=mm&r=g\",\"url\":\"https:\\\/\\\/secure.gravatar.com\\\/avatar\\\/adf7b77e38b4419baf32c7e9c21dde01f4e40df611f0978e3006fc4ba0aaab7e?s=96&d=mm&r=g\",\"contentUrl\":\"https:\\\/\\\/secure.gravatar.com\\\/avatar\\\/adf7b77e38b4419baf32c7e9c21dde01f4e40df611f0978e3006fc4ba0aaab7e?s=96&d=mm&r=g\",\"caption\":\"Redacci\u00f3n Box Repsol\"},\"description\":\"Box Repsol lo forma un equipo de periodistas, community managers, dise\u00f1adores y fot\u00f3grafos con m\u00e1s de 20 a\u00f1os de experiencia en el mundo del motorsport. Hemos vivido el primer mundial de un espa\u00f1ol en la categor\u00eda reina de motociclismo con \u00c1lex Crivill\u00e9, estuvimos en las victorias de Pedrosa y los t\u00edtulos de M\u00e1rquez, acompa\u00f1amos en \u00c1frica a Nani Roma y Marc Coma en sus conquistas del Dakar y hemos vibrado con los t\u00edtulos de Toni Bou en Trial. Adem\u00e1s, en nuestro equipo contamos con expertos en el mundo de las dos y cuatro ruedas tanto de la calle y las carreteras, como de los circuitos. Periodistas que han trabajado en revistas y publicaciones para hacerte llegar desde rutas y consejos de mantenimiento, a curiosidades y trucos de pilotaje.\",\"sameAs\":[\"https:\\\/\\\/www.facebook.com\\\/BoxRepsol\\\/\",\"https:\\\/\\\/www.instagram.com\\\/box_repsol\\\/\",\"https:\\\/\\\/x.com\\\/https:\\\/\\\/twitter.com\\\/box_repsol\",\"https:\\\/\\\/www.youtube.com\\\/@Boxrepsol\"],\"url\":\"https:\\\/\\\/www.boxrepsol.com\\\/es\\\/author\\\/redaccion-box-repsol\\\/\"}]}<\/script>\n<!-- \/ Yoast SEO plugin. -->","yoast_head_json":{"title":"Las series y pel\u00edculas favoritas de Marc M\u00e1rquez - Box Repsol","description":"El 93 vuelve a escribirnos en el blog de Equipo Repsol. Esta vez nos cuenta acerca de sus h\u00e1bitos a la hora de ver series y pel\u00edculas.","canonical":"https:\/\/www.boxrepsol.com\/es\/motogp\/las-series-peliculas-favoritas-marc-marquez\/","og_locale":"es_ES","og_type":"article","og_title":"Las series y pel\u00edculas favoritas de Marc M\u00e1rquez - Box Repsol","og_description":"El 93 vuelve a escribirnos en el blog de Equipo Repsol. Esta vez nos cuenta acerca de sus h\u00e1bitos a la hora de ver series y pel\u00edculas.","og_url":"https:\/\/www.boxrepsol.com\/es\/motogp\/las-series-peliculas-favoritas-marc-marquez\/","og_site_name":"Box Repsol","article_publisher":"https:\/\/www.facebook.com\/BoxRepsol","article_author":"https:\/\/www.facebook.com\/BoxRepsol\/","article_published_time":"2020-06-09T02:00:00+00:00","article_modified_time":"2024-04-19T12:02:51+00:00","og_image":[{"width":1280,"height":600,"url":"https:\/\/bxrepsol.s3.eu-west-1.amazonaws.com\/static\/2022\/08\/29085520\/00_marc_marquez_casual_busto_pared.jpg","type":"image\/jpeg"}],"author":"Redacci\u00f3n Box Repsol","twitter_card":"summary_large_image","twitter_creator":"@https:\/\/twitter.com\/box_repsol","twitter_site":"@box_repsol","twitter_misc":{"Written by":"Redacci\u00f3n Box Repsol","Est. reading time":"3 minutos"},"schema":{"@context":"https:\/\/schema.org","@graph":[{"@type":"Article","@id":"https:\/\/www.boxrepsol.com\/es\/motogp\/las-series-peliculas-favoritas-marc-marquez\/#article","isPartOf":{"@id":"https:\/\/www.boxrepsol.com\/es\/motogp\/las-series-peliculas-favoritas-marc-marquez\/"},"author":{"name":"Redacci\u00f3n Box Repsol","@id":"https:\/\/www.boxrepsol.com\/es\/#\/schema\/person\/c5c2138f2cca251b0ad92b7086bb60b7"},"headline":"Las series y pel\u00edculas favoritas de Marc M\u00e1rquez","datePublished":"2020-06-09T02:00:00+00:00","dateModified":"2024-04-19T12:02:51+00:00","mainEntityOfPage":{"@id":"https:\/\/www.boxrepsol.com\/es\/motogp\/las-series-peliculas-favoritas-marc-marquez\/"},"wordCount":589,"commentCount":1,"publisher":{"@id":"https:\/\/www.boxrepsol.com\/es\/#organization"},"image":{"@id":"https:\/\/www.boxrepsol.com\/es\/motogp\/las-series-peliculas-favoritas-marc-marquez\/#primaryimage"},"thumbnailUrl":"https:\/\/bxrepsol.s3.eu-west-1.amazonaws.com\/static\/2022\/08\/29085520\/00_marc_marquez_casual_busto_pared.jpg","keywords":["Marc M\u00e1rquez"],"articleSection":["MotoGP"],"inLanguage":"es","potentialAction":[{"@type":"CommentAction","name":"Comment","target":["https:\/\/www.boxrepsol.com\/es\/motogp\/las-series-peliculas-favoritas-marc-marquez\/#respond"]}]},{"@type":"WebPage","@id":"https:\/\/www.boxrepsol.com\/es\/motogp\/las-series-peliculas-favoritas-marc-marquez\/","url":"https:\/\/www.boxrepsol.com\/es\/motogp\/las-series-peliculas-favoritas-marc-marquez\/","name":"Las series y pel\u00edculas favoritas de Marc M\u00e1rquez - Box Repsol","isPartOf":{"@id":"https:\/\/www.boxrepsol.com\/es\/#website"},"primaryImageOfPage":{"@id":"https:\/\/www.boxrepsol.com\/es\/motogp\/las-series-peliculas-favoritas-marc-marquez\/#primaryimage"},"image":{"@id":"https:\/\/www.boxrepsol.com\/es\/motogp\/las-series-peliculas-favoritas-marc-marquez\/#primaryimage"},"thumbnailUrl":"https:\/\/bxrepsol.s3.eu-west-1.amazonaws.com\/static\/2022\/08\/29085520\/00_marc_marquez_casual_busto_pared.jpg","datePublished":"2020-06-09T02:00:00+00:00","dateModified":"2024-04-19T12:02:51+00:00","description":"El 93 vuelve a escribirnos en el blog de Equipo Repsol. Esta vez nos cuenta acerca de sus h\u00e1bitos a la hora de ver series y pel\u00edculas.","breadcrumb":{"@id":"https:\/\/www.boxrepsol.com\/es\/motogp\/las-series-peliculas-favoritas-marc-marquez\/#breadcrumb"},"inLanguage":"es","potentialAction":[{"@type":"ReadAction","target":["https:\/\/www.boxrepsol.com\/es\/motogp\/las-series-peliculas-favoritas-marc-marquez\/"]}]},{"@type":"ImageObject","inLanguage":"es","@id":"https:\/\/www.boxrepsol.com\/es\/motogp\/las-series-peliculas-favoritas-marc-marquez\/#primaryimage","url":"https:\/\/bxrepsol.s3.eu-west-1.amazonaws.com\/static\/2022\/08\/29085520\/00_marc_marquez_casual_busto_pared.jpg","contentUrl":"https:\/\/bxrepsol.s3.eu-west-1.amazonaws.com\/static\/2022\/08\/29085520\/00_marc_marquez_casual_busto_pared.jpg","width":1280,"height":600,"caption":"Marc M\u00e1rquez casual frente a pared"},{"@type":"BreadcrumbList","@id":"https:\/\/www.boxrepsol.com\/es\/motogp\/las-series-peliculas-favoritas-marc-marquez\/#breadcrumb","itemListElement":[{"@type":"ListItem","position":1,"name":"Home","item":"https:\/\/www.boxrepsol.com\/es\/"},{"@type":"ListItem","position":2,"name":"Las series y pel\u00edculas favoritas de Marc M\u00e1rquez"}]},{"@type":"WebSite","@id":"https:\/\/www.boxrepsol.com\/es\/#website","url":"https:\/\/www.boxrepsol.com\/es\/","name":"Box Repsol","description":"Box Repsol Site","publisher":{"@id":"https:\/\/www.boxrepsol.com\/es\/#organization"},"potentialAction":[{"@type":"SearchAction","target":{"@type":"EntryPoint","urlTemplate":"https:\/\/www.boxrepsol.com\/es\/?s={search_term_string}"},"query-input":{"@type":"PropertyValueSpecification","valueRequired":true,"valueName":"search_term_string"}}],"inLanguage":"es"},{"@type":"Organization","@id":"https:\/\/www.boxrepsol.com\/es\/#organization","name":"Box Repsol","url":"https:\/\/www.boxrepsol.com\/es\/","logo":{"@type":"ImageObject","inLanguage":"es","@id":"https:\/\/www.boxrepsol.com\/es\/#\/schema\/logo\/image\/","url":"https:\/\/bxrepsol.s3.eu-west-1.amazonaws.com\/static\/2025\/07\/30083337\/favicon-96x96-1.png","contentUrl":"https:\/\/bxrepsol.s3.eu-west-1.amazonaws.com\/static\/2025\/07\/30083337\/favicon-96x96-1.png","width":96,"height":96,"caption":"Box Repsol"},"image":{"@id":"https:\/\/www.boxrepsol.com\/es\/#\/schema\/logo\/image\/"},"sameAs":["https:\/\/www.facebook.com\/BoxRepsol","https:\/\/x.com\/box_repsol","http:\/\/instagram.com\/box_repsol","https:\/\/www.youtube.com\/user\/RepsolCompeticion","https:\/\/www.flickr.com\/photos\/box_repsol\/"]},{"@type":"Person","@id":"https:\/\/www.boxrepsol.com\/es\/#\/schema\/person\/c5c2138f2cca251b0ad92b7086bb60b7","name":"Redacci\u00f3n Box Repsol","image":{"@type":"ImageObject","inLanguage":"es","@id":"https:\/\/secure.gravatar.com\/avatar\/adf7b77e38b4419baf32c7e9c21dde01f4e40df611f0978e3006fc4ba0aaab7e?s=96&d=mm&r=g","url":"https:\/\/secure.gravatar.com\/avatar\/adf7b77e38b4419baf32c7e9c21dde01f4e40df611f0978e3006fc4ba0aaab7e?s=96&d=mm&r=g","contentUrl":"https:\/\/secure.gravatar.com\/avatar\/adf7b77e38b4419baf32c7e9c21dde01f4e40df611f0978e3006fc4ba0aaab7e?s=96&d=mm&r=g","caption":"Redacci\u00f3n Box Repsol"},"description":"Box Repsol lo forma un equipo de periodistas, community managers, dise\u00f1adores y fot\u00f3grafos con m\u00e1s de 20 a\u00f1os de experiencia en el mundo del motorsport. Hemos vivido el primer mundial de un espa\u00f1ol en la categor\u00eda reina de motociclismo con \u00c1lex Crivill\u00e9, estuvimos en las victorias de Pedrosa y los t\u00edtulos de M\u00e1rquez, acompa\u00f1amos en \u00c1frica a Nani Roma y Marc Coma en sus conquistas del Dakar y hemos vibrado con los t\u00edtulos de Toni Bou en Trial. Adem\u00e1s, en nuestro equipo contamos con expertos en el mundo de las dos y cuatro ruedas tanto de la calle y las carreteras, como de los circuitos. Periodistas que han trabajado en revistas y publicaciones para hacerte llegar desde rutas y consejos de mantenimiento, a curiosidades y trucos de pilotaje.","sameAs":["https:\/\/www.facebook.com\/BoxRepsol\/","https:\/\/www.instagram.com\/box_repsol\/","https:\/\/x.com\/https:\/\/twitter.com\/box_repsol","https:\/\/www.youtube.com\/@Boxrepsol"],"url":"https:\/\/www.boxrepsol.com\/es\/author\/redaccion-box-repsol\/"}]}},"_links":{"self":[{"href":"https:\/\/www.boxrepsol.com\/es\/wp-json\/wp\/v2\/posts\/93976","targetHints":{"allow":["GET"]}}],"collection":[{"href":"https:\/\/www.boxrepsol.com\/es\/wp-json\/wp\/v2\/posts"}],"about":[{"href":"https:\/\/www.boxrepsol.com\/es\/wp-json\/wp\/v2\/types\/post"}],"author":[{"embeddable":true,"href":"https:\/\/www.boxrepsol.com\/es\/wp-json\/wp\/v2\/users\/43146"}],"replies":[{"embeddable":true,"href":"https:\/\/www.boxrepsol.com\/es\/wp-json\/wp\/v2\/comments?post=93976"}],"version-history":[{"count":1,"href":"https:\/\/www.boxrepsol.com\/es\/wp-json\/wp\/v2\/posts\/93976\/revisions"}],"predecessor-version":[{"id":93977,"href":"https:\/\/www.boxrepsol.com\/es\/wp-json\/wp\/v2\/posts\/93976\/revisions\/93977"}],"wp:featuredmedia":[{"embeddable":true,"href":"https:\/\/www.boxrepsol.com\/es\/wp-json\/wp\/v2\/media\/61986"}],"wp:attachment":[{"href":"https:\/\/www.boxrepsol.com\/es\/wp-json\/wp\/v2\/media?parent=93976"}],"wp:term":[{"taxonomy":"category","embeddable":true,"href":"https:\/\/www.boxrepsol.com\/es\/wp-json\/wp\/v2\/categories?post=93976"},{"taxonomy":"post_tag","embeddable":true,"href":"https:\/\/www.boxrepsol.com\/es\/wp-json\/wp\/v2\/tags?post=93976"}],"curies":[{"name":"wp","href":"https:\/\/api.w.org\/{rel}","templated":true}]}}