{"id":93974,"date":"2019-06-18T00:00:00","date_gmt":"2019-06-18T02:00:00","guid":{"rendered":"http:\/\/pre.boxrepsol.com\/sin-categorizar\/los-pilotos-del-equipo-repsol-honda-trabajan-duro-test-catalunya\/"},"modified":"2024-04-25T08:34:56","modified_gmt":"2024-04-25T10:34:56","slug":"los-pilotos-del-equipo-repsol-honda-trabajan-duro-test-catalunya","status":"publish","type":"post","link":"https:\/\/www.boxrepsol.com\/es\/motogp\/los-pilotos-del-equipo-repsol-honda-trabajan-duro-test-catalunya\/","title":{"rendered":"Los pilotos del equipo Repsol Honda trabajan duro en el test de Catalunya"},"content":{"rendered":"<p>Tras <a href=\"https:\/\/www.boxrepsol.com\/es\/motogp\/cuarta-victoria-la-temporada-marc-marquez\/\">la cuarta victoria de la temporada<\/a> de MotoGP obtenida ayer, Marc M\u00e1rquez ha vuelto al trabajo hoy lunes. El piloto del equipo Repsol Honda ha podido comparar diversos componentes, <strong>completando un extenso programa de pruebas en las 80 vueltas que ha realizado hoy<\/strong>. A pesar de una ca\u00edda durante la tarde de la que ha salido ileso, M\u00e1rquez <strong>ha marcado un registro de 1 minuto, 39 segundos y 257 mil\u00e9simas<\/strong>, tercero de la tabla de tiempos de hoy.<\/p>\n<p>El test de Jorge Lorenzo se ha visto interrumpido por una ca\u00edda en la curva nueve al poco de empezar. El piloto del equipo Repsol Honda ha sido examinado en el centro m\u00e9dico, donde <strong>se ha descartado cualquier lesi\u00f3n, y ha podido volver a pista<\/strong>. A pesar de seguir dolorido por la ca\u00edda, finalmente ha completado un total de 65 giros, con un mejor tiempo de 1 minuto, 40 segundos y 357 mil\u00e9simas.<\/p>\n<p>Tras descansar este fin de semana, el equipo volver\u00e1 a la acci\u00f3n con dos carreras seguidas, el Gran premio de Holanda \u2013el 30 de junio\u2013 y el Gran Premio de Alemania \u2013el 7 de julio\u2013.<\/p>\n<p>                <!-- Imagen relacionada --><br \/>\n        <img loading=\"lazy\" decoding=\"async\" width=\"404\" height=\"336\" src=\"https:\/\/bxrepsol.s3.eu-west-1.amazonaws.com\/static\/2022\/08\/05065128\/00_marc_marquez_assen_motogp-1.jpg\" alt=\"Marc M\u00e1rquez parado en piste frente a grader\u00edo\" \/><br \/>\n                <!-- Categor\u00eda --><br \/>\n            MotoGP<br \/>\n        <!-- T\u00edtulo --><br \/>\n        <a href=\"https:\/\/www.boxrepsol.com\/es\/motogp\/horarios-gp-holanda-motogp-2019\/\"><\/p>\n<h3>Horarios GP de Holanda MotoGP 2019<\/h3>\n<p>        <\/a><br \/>\n                    <!-- Fecha --><br \/>\n            hace 1 hora        <\/p>\n<h2>Test Catalunya 2019 &#8211; Declaraciones de los pilotos<\/h2>\n<p><a href=\"https:\/\/twitter.com\/hashtag\/mm93?src=hash&#038;lang=es\">#MM93<\/a><\/p>\n<p><em><strong>Ha sido un test muy positivo y hemos podido obtener mucha informaci\u00f3n<\/strong> despu\u00e9s de probar unas cuantas cosas para el futuro. No s\u00f3lo nos hemos concentrado en este a\u00f1o, sino que tambi\u00e9n hemos pensado en la temporada que viene y en qu\u00e9 direcci\u00f3n debemos seguir. <\/p>\n<p><strong>Hemos trabajado tanto en 2020 como en la segunda mitad de este Mundial<\/strong>. Hemos probado un nuevo chasis y una nueva aerodin\u00e1mica buscando algunas cosas de cara al futuro. Como siempre, ha habido cosas positivas y otras negativas. Por la tarde hemos dado otro paso adelante y veremos c\u00f3mo podemos utilizarlo en Assen.<\/em><\/p>\n<hr\/>\n<p><a href=\"https:\/\/twitter.com\/hashtag\/jl99?src=hash&#038;lang=es\">#JL99<\/a><\/p>\n<p><em>El golpe ha afectado mucho a mi velocidad y resistencia durante el test; ha sido una gran ca\u00edda en la curva nueve y he rodado mucho en la grava. He tenido suerte de no romperme nada, aunque me han dolido los codos, dedos y espalda durante todo el d\u00eda, pero ten\u00edamos que seguir trabajando. <\/p>\n<p><strong>Nos hemos seguido concentrando en la ergonom\u00eda y en algunos peque\u00f1os detalles del chasis,<\/strong> algunas cosas para las pr\u00f3ximas carreras y otras para el a\u00f1o que viene. Quiero agradecer de nuevo a Honda por haber organizado el viaje a Jap\u00f3n y por el r\u00e1pido desarrollo<\/em><\/p>\n","protected":false},"excerpt":{"rendered":"<p>Marc M\u00e1rquez y Jorge Lorenzo han completado 145 vueltas al Circuit de Barcelona \u2013 Catalunya, obteniendo informaci\u00f3n valiosa sobre la Honda RC213V.<\/p>\n","protected":false},"author":43146,"featured_media":61982,"comment_status":"open","ping_status":"open","sticky":false,"template":"","format":"standard","meta":{"footnotes":""},"categories":[4],"tags":[184],"class_list":["post-93974","post","type-post","status-publish","format-standard","hentry","category-motogp","tag-entrenamientos"],"yoast_head":"<!-- This site is optimized with the Yoast SEO plugin v27.3 - https:\/\/yoast.com\/product\/yoast-seo-wordpress\/ -->\n<title>Test Catalunya 2019 - Los pilotos del equipo Repsol Honda trabajan duro en el test de Catalunya<\/title>\n<meta name=\"description\" content=\"Marc M\u00e1rquez y Jorge Lorenzo han completado 145 vueltas al Circuit de Barcelona \u2013 Catalunya, obteniendo informaci\u00f3n valiosa sobre la Honda RC213V.\" \/>\n<link rel=\"canonical\" href=\"https:\/\/www.boxrepsol.com\/es\/motogp\/los-pilotos-del-equipo-repsol-honda-trabajan-duro-test-catalunya\/\" \/>\n<meta property=\"og:locale\" content=\"es_ES\" \/>\n<meta property=\"og:type\" content=\"article\" \/>\n<meta property=\"og:title\" content=\"Test Catalunya 2019 - Los pilotos del equipo Repsol Honda trabajan duro en el test de Catalunya\" \/>\n<meta property=\"og:description\" content=\"Marc M\u00e1rquez y Jorge Lorenzo han completado 145 vueltas al Circuit de Barcelona \u2013 Catalunya, obteniendo informaci\u00f3n valiosa sobre la Honda RC213V.\" \/>\n<meta property=\"og:url\" content=\"https:\/\/www.boxrepsol.com\/es\/motogp\/los-pilotos-del-equipo-repsol-honda-trabajan-duro-test-catalunya\/\" \/>\n<meta property=\"og:site_name\" content=\"Box Repsol\" \/>\n<meta property=\"article:publisher\" content=\"https:\/\/www.facebook.com\/BoxRepsol\" \/>\n<meta property=\"article:author\" content=\"https:\/\/www.facebook.com\/BoxRepsol\/\" \/>\n<meta property=\"article:published_time\" content=\"2019-06-18T02:00:00+00:00\" \/>\n<meta property=\"article:modified_time\" content=\"2024-04-25T10:34:56+00:00\" \/>\n<meta property=\"og:image\" content=\"https:\/\/bxrepsol.s3.eu-west-1.amazonaws.com\/static\/2022\/08\/29085518\/00_jorge_lorenzo_marc_marquez_motogp.jpg\" \/>\n\t<meta property=\"og:image:width\" content=\"1280\" \/>\n\t<meta property=\"og:image:height\" content=\"600\" \/>\n\t<meta property=\"og:image:type\" content=\"image\/jpeg\" \/>\n<meta name=\"author\" content=\"Redacci\u00f3n Box Repsol\" \/>\n<meta name=\"twitter:card\" content=\"summary_large_image\" \/>\n<meta name=\"twitter:creator\" content=\"@https:\/\/twitter.com\/box_repsol\" \/>\n<meta name=\"twitter:site\" content=\"@box_repsol\" \/>\n<meta name=\"twitter:label1\" content=\"Written by\" \/>\n\t<meta name=\"twitter:data1\" content=\"Redacci\u00f3n Box Repsol\" \/>\n\t<meta name=\"twitter:label2\" content=\"Est. reading time\" \/>\n\t<meta name=\"twitter:data2\" content=\"2 minutos\" \/>\n<script type=\"application\/ld+json\" class=\"yoast-schema-graph\">{\"@context\":\"https:\\\/\\\/schema.org\",\"@graph\":[{\"@type\":\"Article\",\"@id\":\"https:\\\/\\\/www.boxrepsol.com\\\/es\\\/motogp\\\/los-pilotos-del-equipo-repsol-honda-trabajan-duro-test-catalunya\\\/#article\",\"isPartOf\":{\"@id\":\"https:\\\/\\\/www.boxrepsol.com\\\/es\\\/motogp\\\/los-pilotos-del-equipo-repsol-honda-trabajan-duro-test-catalunya\\\/\"},\"author\":{\"name\":\"Redacci\u00f3n Box Repsol\",\"@id\":\"https:\\\/\\\/www.boxrepsol.com\\\/es\\\/#\\\/schema\\\/person\\\/c5c2138f2cca251b0ad92b7086bb60b7\"},\"headline\":\"Los pilotos del equipo Repsol Honda trabajan duro en el test de Catalunya\",\"datePublished\":\"2019-06-18T02:00:00+00:00\",\"dateModified\":\"2024-04-25T10:34:56+00:00\",\"mainEntityOfPage\":{\"@id\":\"https:\\\/\\\/www.boxrepsol.com\\\/es\\\/motogp\\\/los-pilotos-del-equipo-repsol-honda-trabajan-duro-test-catalunya\\\/\"},\"wordCount\":430,\"commentCount\":0,\"publisher\":{\"@id\":\"https:\\\/\\\/www.boxrepsol.com\\\/es\\\/#organization\"},\"image\":{\"@id\":\"https:\\\/\\\/www.boxrepsol.com\\\/es\\\/motogp\\\/los-pilotos-del-equipo-repsol-honda-trabajan-duro-test-catalunya\\\/#primaryimage\"},\"thumbnailUrl\":\"https:\\\/\\\/bxrepsol.s3.eu-west-1.amazonaws.com\\\/static\\\/2022\\\/08\\\/29085518\\\/00_jorge_lorenzo_marc_marquez_motogp.jpg\",\"keywords\":[\"entrenamientos\"],\"articleSection\":[\"MotoGP\"],\"inLanguage\":\"es\",\"potentialAction\":[{\"@type\":\"CommentAction\",\"name\":\"Comment\",\"target\":[\"https:\\\/\\\/www.boxrepsol.com\\\/es\\\/motogp\\\/los-pilotos-del-equipo-repsol-honda-trabajan-duro-test-catalunya\\\/#respond\"]}]},{\"@type\":\"WebPage\",\"@id\":\"https:\\\/\\\/www.boxrepsol.com\\\/es\\\/motogp\\\/los-pilotos-del-equipo-repsol-honda-trabajan-duro-test-catalunya\\\/\",\"url\":\"https:\\\/\\\/www.boxrepsol.com\\\/es\\\/motogp\\\/los-pilotos-del-equipo-repsol-honda-trabajan-duro-test-catalunya\\\/\",\"name\":\"Test Catalunya 2019 - Los pilotos del equipo Repsol Honda trabajan duro en el test de Catalunya\",\"isPartOf\":{\"@id\":\"https:\\\/\\\/www.boxrepsol.com\\\/es\\\/#website\"},\"primaryImageOfPage\":{\"@id\":\"https:\\\/\\\/www.boxrepsol.com\\\/es\\\/motogp\\\/los-pilotos-del-equipo-repsol-honda-trabajan-duro-test-catalunya\\\/#primaryimage\"},\"image\":{\"@id\":\"https:\\\/\\\/www.boxrepsol.com\\\/es\\\/motogp\\\/los-pilotos-del-equipo-repsol-honda-trabajan-duro-test-catalunya\\\/#primaryimage\"},\"thumbnailUrl\":\"https:\\\/\\\/bxrepsol.s3.eu-west-1.amazonaws.com\\\/static\\\/2022\\\/08\\\/29085518\\\/00_jorge_lorenzo_marc_marquez_motogp.jpg\",\"datePublished\":\"2019-06-18T02:00:00+00:00\",\"dateModified\":\"2024-04-25T10:34:56+00:00\",\"description\":\"Marc M\u00e1rquez y Jorge Lorenzo han completado 145 vueltas al Circuit de Barcelona \u2013 Catalunya, obteniendo informaci\u00f3n valiosa sobre la Honda RC213V.\",\"breadcrumb\":{\"@id\":\"https:\\\/\\\/www.boxrepsol.com\\\/es\\\/motogp\\\/los-pilotos-del-equipo-repsol-honda-trabajan-duro-test-catalunya\\\/#breadcrumb\"},\"inLanguage\":\"es\",\"potentialAction\":[{\"@type\":\"ReadAction\",\"target\":[\"https:\\\/\\\/www.boxrepsol.com\\\/es\\\/motogp\\\/los-pilotos-del-equipo-repsol-honda-trabajan-duro-test-catalunya\\\/\"]}]},{\"@type\":\"ImageObject\",\"inLanguage\":\"es\",\"@id\":\"https:\\\/\\\/www.boxrepsol.com\\\/es\\\/motogp\\\/los-pilotos-del-equipo-repsol-honda-trabajan-duro-test-catalunya\\\/#primaryimage\",\"url\":\"https:\\\/\\\/bxrepsol.s3.eu-west-1.amazonaws.com\\\/static\\\/2022\\\/08\\\/29085518\\\/00_jorge_lorenzo_marc_marquez_motogp.jpg\",\"contentUrl\":\"https:\\\/\\\/bxrepsol.s3.eu-west-1.amazonaws.com\\\/static\\\/2022\\\/08\\\/29085518\\\/00_jorge_lorenzo_marc_marquez_motogp.jpg\",\"width\":1280,\"height\":600,\"caption\":\"Lorenzo y M\u00e1rquez en la Honda Rc213V\"},{\"@type\":\"BreadcrumbList\",\"@id\":\"https:\\\/\\\/www.boxrepsol.com\\\/es\\\/motogp\\\/los-pilotos-del-equipo-repsol-honda-trabajan-duro-test-catalunya\\\/#breadcrumb\",\"itemListElement\":[{\"@type\":\"ListItem\",\"position\":1,\"name\":\"Home\",\"item\":\"https:\\\/\\\/www.boxrepsol.com\\\/es\\\/\"},{\"@type\":\"ListItem\",\"position\":2,\"name\":\"Los pilotos del equipo Repsol Honda trabajan duro en el test de Catalunya\"}]},{\"@type\":\"WebSite\",\"@id\":\"https:\\\/\\\/www.boxrepsol.com\\\/es\\\/#website\",\"url\":\"https:\\\/\\\/www.boxrepsol.com\\\/es\\\/\",\"name\":\"Box Repsol\",\"description\":\"Box Repsol Site\",\"publisher\":{\"@id\":\"https:\\\/\\\/www.boxrepsol.com\\\/es\\\/#organization\"},\"potentialAction\":[{\"@type\":\"SearchAction\",\"target\":{\"@type\":\"EntryPoint\",\"urlTemplate\":\"https:\\\/\\\/www.boxrepsol.com\\\/es\\\/?s={search_term_string}\"},\"query-input\":{\"@type\":\"PropertyValueSpecification\",\"valueRequired\":true,\"valueName\":\"search_term_string\"}}],\"inLanguage\":\"es\"},{\"@type\":\"Organization\",\"@id\":\"https:\\\/\\\/www.boxrepsol.com\\\/es\\\/#organization\",\"name\":\"Box Repsol\",\"url\":\"https:\\\/\\\/www.boxrepsol.com\\\/es\\\/\",\"logo\":{\"@type\":\"ImageObject\",\"inLanguage\":\"es\",\"@id\":\"https:\\\/\\\/www.boxrepsol.com\\\/es\\\/#\\\/schema\\\/logo\\\/image\\\/\",\"url\":\"https:\\\/\\\/bxrepsol.s3.eu-west-1.amazonaws.com\\\/static\\\/2025\\\/07\\\/30083337\\\/favicon-96x96-1.png\",\"contentUrl\":\"https:\\\/\\\/bxrepsol.s3.eu-west-1.amazonaws.com\\\/static\\\/2025\\\/07\\\/30083337\\\/favicon-96x96-1.png\",\"width\":96,\"height\":96,\"caption\":\"Box Repsol\"},\"image\":{\"@id\":\"https:\\\/\\\/www.boxrepsol.com\\\/es\\\/#\\\/schema\\\/logo\\\/image\\\/\"},\"sameAs\":[\"https:\\\/\\\/www.facebook.com\\\/BoxRepsol\",\"https:\\\/\\\/x.com\\\/box_repsol\",\"http:\\\/\\\/instagram.com\\\/box_repsol\",\"https:\\\/\\\/www.youtube.com\\\/user\\\/RepsolCompeticion\",\"https:\\\/\\\/www.flickr.com\\\/photos\\\/box_repsol\\\/\"]},{\"@type\":\"Person\",\"@id\":\"https:\\\/\\\/www.boxrepsol.com\\\/es\\\/#\\\/schema\\\/person\\\/c5c2138f2cca251b0ad92b7086bb60b7\",\"name\":\"Redacci\u00f3n Box Repsol\",\"image\":{\"@type\":\"ImageObject\",\"inLanguage\":\"es\",\"@id\":\"https:\\\/\\\/secure.gravatar.com\\\/avatar\\\/adf7b77e38b4419baf32c7e9c21dde01f4e40df611f0978e3006fc4ba0aaab7e?s=96&d=mm&r=g\",\"url\":\"https:\\\/\\\/secure.gravatar.com\\\/avatar\\\/adf7b77e38b4419baf32c7e9c21dde01f4e40df611f0978e3006fc4ba0aaab7e?s=96&d=mm&r=g\",\"contentUrl\":\"https:\\\/\\\/secure.gravatar.com\\\/avatar\\\/adf7b77e38b4419baf32c7e9c21dde01f4e40df611f0978e3006fc4ba0aaab7e?s=96&d=mm&r=g\",\"caption\":\"Redacci\u00f3n Box Repsol\"},\"description\":\"Box Repsol lo forma un equipo de periodistas, community managers, dise\u00f1adores y fot\u00f3grafos con m\u00e1s de 20 a\u00f1os de experiencia en el mundo del motorsport. Hemos vivido el primer mundial de un espa\u00f1ol en la categor\u00eda reina de motociclismo con \u00c1lex Crivill\u00e9, estuvimos en las victorias de Pedrosa y los t\u00edtulos de M\u00e1rquez, acompa\u00f1amos en \u00c1frica a Nani Roma y Marc Coma en sus conquistas del Dakar y hemos vibrado con los t\u00edtulos de Toni Bou en Trial. Adem\u00e1s, en nuestro equipo contamos con expertos en el mundo de las dos y cuatro ruedas tanto de la calle y las carreteras, como de los circuitos. Periodistas que han trabajado en revistas y publicaciones para hacerte llegar desde rutas y consejos de mantenimiento, a curiosidades y trucos de pilotaje.\",\"sameAs\":[\"https:\\\/\\\/www.facebook.com\\\/BoxRepsol\\\/\",\"https:\\\/\\\/www.instagram.com\\\/box_repsol\\\/\",\"https:\\\/\\\/x.com\\\/https:\\\/\\\/twitter.com\\\/box_repsol\",\"https:\\\/\\\/www.youtube.com\\\/@Boxrepsol\"],\"url\":\"https:\\\/\\\/www.boxrepsol.com\\\/es\\\/author\\\/redaccion-box-repsol\\\/\"}]}<\/script>\n<!-- \/ Yoast SEO plugin. -->","yoast_head_json":{"title":"Test Catalunya 2019 - Los pilotos del equipo Repsol Honda trabajan duro en el test de Catalunya","description":"Marc M\u00e1rquez y Jorge Lorenzo han completado 145 vueltas al Circuit de Barcelona \u2013 Catalunya, obteniendo informaci\u00f3n valiosa sobre la Honda RC213V.","canonical":"https:\/\/www.boxrepsol.com\/es\/motogp\/los-pilotos-del-equipo-repsol-honda-trabajan-duro-test-catalunya\/","og_locale":"es_ES","og_type":"article","og_title":"Test Catalunya 2019 - Los pilotos del equipo Repsol Honda trabajan duro en el test de Catalunya","og_description":"Marc M\u00e1rquez y Jorge Lorenzo han completado 145 vueltas al Circuit de Barcelona \u2013 Catalunya, obteniendo informaci\u00f3n valiosa sobre la Honda RC213V.","og_url":"https:\/\/www.boxrepsol.com\/es\/motogp\/los-pilotos-del-equipo-repsol-honda-trabajan-duro-test-catalunya\/","og_site_name":"Box Repsol","article_publisher":"https:\/\/www.facebook.com\/BoxRepsol","article_author":"https:\/\/www.facebook.com\/BoxRepsol\/","article_published_time":"2019-06-18T02:00:00+00:00","article_modified_time":"2024-04-25T10:34:56+00:00","og_image":[{"width":1280,"height":600,"url":"https:\/\/bxrepsol.s3.eu-west-1.amazonaws.com\/static\/2022\/08\/29085518\/00_jorge_lorenzo_marc_marquez_motogp.jpg","type":"image\/jpeg"}],"author":"Redacci\u00f3n Box Repsol","twitter_card":"summary_large_image","twitter_creator":"@https:\/\/twitter.com\/box_repsol","twitter_site":"@box_repsol","twitter_misc":{"Written by":"Redacci\u00f3n Box Repsol","Est. reading time":"2 minutos"},"schema":{"@context":"https:\/\/schema.org","@graph":[{"@type":"Article","@id":"https:\/\/www.boxrepsol.com\/es\/motogp\/los-pilotos-del-equipo-repsol-honda-trabajan-duro-test-catalunya\/#article","isPartOf":{"@id":"https:\/\/www.boxrepsol.com\/es\/motogp\/los-pilotos-del-equipo-repsol-honda-trabajan-duro-test-catalunya\/"},"author":{"name":"Redacci\u00f3n Box Repsol","@id":"https:\/\/www.boxrepsol.com\/es\/#\/schema\/person\/c5c2138f2cca251b0ad92b7086bb60b7"},"headline":"Los pilotos del equipo Repsol Honda trabajan duro en el test de Catalunya","datePublished":"2019-06-18T02:00:00+00:00","dateModified":"2024-04-25T10:34:56+00:00","mainEntityOfPage":{"@id":"https:\/\/www.boxrepsol.com\/es\/motogp\/los-pilotos-del-equipo-repsol-honda-trabajan-duro-test-catalunya\/"},"wordCount":430,"commentCount":0,"publisher":{"@id":"https:\/\/www.boxrepsol.com\/es\/#organization"},"image":{"@id":"https:\/\/www.boxrepsol.com\/es\/motogp\/los-pilotos-del-equipo-repsol-honda-trabajan-duro-test-catalunya\/#primaryimage"},"thumbnailUrl":"https:\/\/bxrepsol.s3.eu-west-1.amazonaws.com\/static\/2022\/08\/29085518\/00_jorge_lorenzo_marc_marquez_motogp.jpg","keywords":["entrenamientos"],"articleSection":["MotoGP"],"inLanguage":"es","potentialAction":[{"@type":"CommentAction","name":"Comment","target":["https:\/\/www.boxrepsol.com\/es\/motogp\/los-pilotos-del-equipo-repsol-honda-trabajan-duro-test-catalunya\/#respond"]}]},{"@type":"WebPage","@id":"https:\/\/www.boxrepsol.com\/es\/motogp\/los-pilotos-del-equipo-repsol-honda-trabajan-duro-test-catalunya\/","url":"https:\/\/www.boxrepsol.com\/es\/motogp\/los-pilotos-del-equipo-repsol-honda-trabajan-duro-test-catalunya\/","name":"Test Catalunya 2019 - Los pilotos del equipo Repsol Honda trabajan duro en el test de Catalunya","isPartOf":{"@id":"https:\/\/www.boxrepsol.com\/es\/#website"},"primaryImageOfPage":{"@id":"https:\/\/www.boxrepsol.com\/es\/motogp\/los-pilotos-del-equipo-repsol-honda-trabajan-duro-test-catalunya\/#primaryimage"},"image":{"@id":"https:\/\/www.boxrepsol.com\/es\/motogp\/los-pilotos-del-equipo-repsol-honda-trabajan-duro-test-catalunya\/#primaryimage"},"thumbnailUrl":"https:\/\/bxrepsol.s3.eu-west-1.amazonaws.com\/static\/2022\/08\/29085518\/00_jorge_lorenzo_marc_marquez_motogp.jpg","datePublished":"2019-06-18T02:00:00+00:00","dateModified":"2024-04-25T10:34:56+00:00","description":"Marc M\u00e1rquez y Jorge Lorenzo han completado 145 vueltas al Circuit de Barcelona \u2013 Catalunya, obteniendo informaci\u00f3n valiosa sobre la Honda RC213V.","breadcrumb":{"@id":"https:\/\/www.boxrepsol.com\/es\/motogp\/los-pilotos-del-equipo-repsol-honda-trabajan-duro-test-catalunya\/#breadcrumb"},"inLanguage":"es","potentialAction":[{"@type":"ReadAction","target":["https:\/\/www.boxrepsol.com\/es\/motogp\/los-pilotos-del-equipo-repsol-honda-trabajan-duro-test-catalunya\/"]}]},{"@type":"ImageObject","inLanguage":"es","@id":"https:\/\/www.boxrepsol.com\/es\/motogp\/los-pilotos-del-equipo-repsol-honda-trabajan-duro-test-catalunya\/#primaryimage","url":"https:\/\/bxrepsol.s3.eu-west-1.amazonaws.com\/static\/2022\/08\/29085518\/00_jorge_lorenzo_marc_marquez_motogp.jpg","contentUrl":"https:\/\/bxrepsol.s3.eu-west-1.amazonaws.com\/static\/2022\/08\/29085518\/00_jorge_lorenzo_marc_marquez_motogp.jpg","width":1280,"height":600,"caption":"Lorenzo y M\u00e1rquez en la Honda Rc213V"},{"@type":"BreadcrumbList","@id":"https:\/\/www.boxrepsol.com\/es\/motogp\/los-pilotos-del-equipo-repsol-honda-trabajan-duro-test-catalunya\/#breadcrumb","itemListElement":[{"@type":"ListItem","position":1,"name":"Home","item":"https:\/\/www.boxrepsol.com\/es\/"},{"@type":"ListItem","position":2,"name":"Los pilotos del equipo Repsol Honda trabajan duro en el test de Catalunya"}]},{"@type":"WebSite","@id":"https:\/\/www.boxrepsol.com\/es\/#website","url":"https:\/\/www.boxrepsol.com\/es\/","name":"Box Repsol","description":"Box Repsol Site","publisher":{"@id":"https:\/\/www.boxrepsol.com\/es\/#organization"},"potentialAction":[{"@type":"SearchAction","target":{"@type":"EntryPoint","urlTemplate":"https:\/\/www.boxrepsol.com\/es\/?s={search_term_string}"},"query-input":{"@type":"PropertyValueSpecification","valueRequired":true,"valueName":"search_term_string"}}],"inLanguage":"es"},{"@type":"Organization","@id":"https:\/\/www.boxrepsol.com\/es\/#organization","name":"Box Repsol","url":"https:\/\/www.boxrepsol.com\/es\/","logo":{"@type":"ImageObject","inLanguage":"es","@id":"https:\/\/www.boxrepsol.com\/es\/#\/schema\/logo\/image\/","url":"https:\/\/bxrepsol.s3.eu-west-1.amazonaws.com\/static\/2025\/07\/30083337\/favicon-96x96-1.png","contentUrl":"https:\/\/bxrepsol.s3.eu-west-1.amazonaws.com\/static\/2025\/07\/30083337\/favicon-96x96-1.png","width":96,"height":96,"caption":"Box Repsol"},"image":{"@id":"https:\/\/www.boxrepsol.com\/es\/#\/schema\/logo\/image\/"},"sameAs":["https:\/\/www.facebook.com\/BoxRepsol","https:\/\/x.com\/box_repsol","http:\/\/instagram.com\/box_repsol","https:\/\/www.youtube.com\/user\/RepsolCompeticion","https:\/\/www.flickr.com\/photos\/box_repsol\/"]},{"@type":"Person","@id":"https:\/\/www.boxrepsol.com\/es\/#\/schema\/person\/c5c2138f2cca251b0ad92b7086bb60b7","name":"Redacci\u00f3n Box Repsol","image":{"@type":"ImageObject","inLanguage":"es","@id":"https:\/\/secure.gravatar.com\/avatar\/adf7b77e38b4419baf32c7e9c21dde01f4e40df611f0978e3006fc4ba0aaab7e?s=96&d=mm&r=g","url":"https:\/\/secure.gravatar.com\/avatar\/adf7b77e38b4419baf32c7e9c21dde01f4e40df611f0978e3006fc4ba0aaab7e?s=96&d=mm&r=g","contentUrl":"https:\/\/secure.gravatar.com\/avatar\/adf7b77e38b4419baf32c7e9c21dde01f4e40df611f0978e3006fc4ba0aaab7e?s=96&d=mm&r=g","caption":"Redacci\u00f3n Box Repsol"},"description":"Box Repsol lo forma un equipo de periodistas, community managers, dise\u00f1adores y fot\u00f3grafos con m\u00e1s de 20 a\u00f1os de experiencia en el mundo del motorsport. Hemos vivido el primer mundial de un espa\u00f1ol en la categor\u00eda reina de motociclismo con \u00c1lex Crivill\u00e9, estuvimos en las victorias de Pedrosa y los t\u00edtulos de M\u00e1rquez, acompa\u00f1amos en \u00c1frica a Nani Roma y Marc Coma en sus conquistas del Dakar y hemos vibrado con los t\u00edtulos de Toni Bou en Trial. Adem\u00e1s, en nuestro equipo contamos con expertos en el mundo de las dos y cuatro ruedas tanto de la calle y las carreteras, como de los circuitos. Periodistas que han trabajado en revistas y publicaciones para hacerte llegar desde rutas y consejos de mantenimiento, a curiosidades y trucos de pilotaje.","sameAs":["https:\/\/www.facebook.com\/BoxRepsol\/","https:\/\/www.instagram.com\/box_repsol\/","https:\/\/x.com\/https:\/\/twitter.com\/box_repsol","https:\/\/www.youtube.com\/@Boxrepsol"],"url":"https:\/\/www.boxrepsol.com\/es\/author\/redaccion-box-repsol\/"}]}},"_links":{"self":[{"href":"https:\/\/www.boxrepsol.com\/es\/wp-json\/wp\/v2\/posts\/93974","targetHints":{"allow":["GET"]}}],"collection":[{"href":"https:\/\/www.boxrepsol.com\/es\/wp-json\/wp\/v2\/posts"}],"about":[{"href":"https:\/\/www.boxrepsol.com\/es\/wp-json\/wp\/v2\/types\/post"}],"author":[{"embeddable":true,"href":"https:\/\/www.boxrepsol.com\/es\/wp-json\/wp\/v2\/users\/43146"}],"replies":[{"embeddable":true,"href":"https:\/\/www.boxrepsol.com\/es\/wp-json\/wp\/v2\/comments?post=93974"}],"version-history":[{"count":2,"href":"https:\/\/www.boxrepsol.com\/es\/wp-json\/wp\/v2\/posts\/93974\/revisions"}],"predecessor-version":[{"id":115269,"href":"https:\/\/www.boxrepsol.com\/es\/wp-json\/wp\/v2\/posts\/93974\/revisions\/115269"}],"wp:featuredmedia":[{"embeddable":true,"href":"https:\/\/www.boxrepsol.com\/es\/wp-json\/wp\/v2\/media\/61982"}],"wp:attachment":[{"href":"https:\/\/www.boxrepsol.com\/es\/wp-json\/wp\/v2\/media?parent=93974"}],"wp:term":[{"taxonomy":"category","embeddable":true,"href":"https:\/\/www.boxrepsol.com\/es\/wp-json\/wp\/v2\/categories?post=93974"},{"taxonomy":"post_tag","embeddable":true,"href":"https:\/\/www.boxrepsol.com\/es\/wp-json\/wp\/v2\/tags?post=93974"}],"curies":[{"name":"wp","href":"https:\/\/api.w.org\/{rel}","templated":true}]}}