{"id":93956,"date":"2019-06-10T00:00:00","date_gmt":"2019-06-10T02:00:00","guid":{"rendered":"http:\/\/pre.boxrepsol.com\/sin-categorizar\/edgar-pons-carlos-tatay-jeremy-alcoba-e-izan-guevara-triunfan-barcelona\/"},"modified":"2024-04-25T08:53:34","modified_gmt":"2024-04-25T10:53:34","slug":"edgar-pons-carlos-tatay-jeremy-alcoba-e-izan-guevara-triunfan-barcelona","status":"publish","type":"post","link":"https:\/\/www.boxrepsol.com\/es\/sin-categorizar\/edgar-pons-carlos-tatay-jeremy-alcoba-e-izan-guevara-triunfan-barcelona\/","title":{"rendered":"Edgar Pons, Carlos Tatay, Jeremy Alcoba e Izan Guevara triunfan en Barcelona"},"content":{"rendered":"<p>La primera carrera de Moto3 ha sido interrumpida en la vuelta 3 por bandera roja debido a una ca\u00edda. La carrera se ha retomado a 10 vueltas, con<strong> victoria para el espa\u00f1ol Carlos Tatay<\/strong>, seguido del belga Barry Baltus con el tambi\u00e9n espa\u00f1ol Jeremy Alcoba tercero, tras ser sancionado con 1.6 segundos.<\/p>\n<p><strong>En la segunda manga la victoria ha sido para Jeremy Alcoba<\/strong>, secundado en el podio por Barry Baltus y Xavier Artigas. Los tres pilotos han entrado separados por tan solo 170 mil\u00e9simas en una carrera ajustad\u00edsima. Gracias a este triunfo, Alcoba se coloca l\u00edder de la general.<\/p>\n<p><strong>Edgar Pons ha dominado con mano de hierro<\/strong> esta ronda del campeonato, tras imponerse en la primera carrera con una ventaja de m\u00e1s de 3 segundos al espa\u00f1ol H\u00e9ctor Garz\u00f3, segundo clasificado, y al italiano Yari Montella, que ha completado el tercer pelda\u00f1o de la clasificaci\u00f3n.<\/p>\n<p><strong>En la segunda manga, Pons se ha impuesto a\u00fan con m\u00e1s claridad<\/strong>, tras ganar con m\u00e1s de 9 segundos de distancia sobre Niki Tuuli y Tommaso Marcon. Con este resultado, Edgar Pons refuerza su liderato al frente de la clasificaci\u00f3n general.<\/p>\n<p><strong>Duelo espectacular en la carrera de la European Talent Cup<\/strong> -que no se ha decidido hasta pr\u00e1cticamente la \u00faltima curva de la \u00faltima vuelta- entre Izan Guevara y Ferm\u00edn Aldeguer, decidi\u00e9ndose a favor del primero. Por detr\u00e1s, el japon\u00e9s Daijiro Sako ha completado el top3.<\/p>\n<p>La pr\u00f3xima cita del FIM CEV Repsol ser\u00e1 en el circuito <a href=\"https:\/\/www.boxrepsol.com\/es\/calendario-fim-cev-repsol-2019\/\">MotorLand Arag\u00f3n el pr\u00f3ximo 14 de julio<\/a>.<\/p>\n<p><a href=\"https:\/\/bxrepsol.s3.eu-west-1.amazonaws.com\/static\/2022\/08\/05064710\/00_pit_lane_fom_cev_repsol_celebracion.jpg\" \n   title=\"Celebraci\u00f3n en el pit lane\" \n   data-gallery-thumbnail=\"https:\/\/bxrepsol.s3.eu-west-1.amazonaws.com\/static\/2022\/08\/05064710\/00_pit_lane_fom_cev_repsol_celebracion.jpg\"\n   data-gallery-title=\"\"\n   data-gallery><\/p>\n<figure>\n        <picture style=\"padding-bottom: 66.72%; background-image: url(https:\/\/bxrepsol.s3.eu-west-1.amazonaws.com\/static\/2022\/08\/05064710\/00_pit_lane_fom_cev_repsol_celebracion.jpg);\">\n            <img decoding=\"async\" src=\"https:\/\/bxrepsol.s3.eu-west-1.amazonaws.com\/static\/2022\/08\/05064710\/00_pit_lane_fom_cev_repsol_celebracion.jpg\"><br \/>\n            <img itemprop=\"image\"\n                data-srcset=\"https:\/\/bxrepsol.s3.eu-west-1.amazonaws.com\/static\/2022\/08\/05064710\/00_pit_lane_fom_cev_repsol_celebracion.jpg 480w, https:\/\/bxrepsol.s3.eu-west-1.amazonaws.com\/static\/2022\/08\/05064710\/00_pit_lane_fom_cev_repsol_celebracion.jpg 600w, https:\/\/bxrepsol.s3.eu-west-1.amazonaws.com\/static\/2022\/08\/05064710\/00_pit_lane_fom_cev_repsol_celebracion.jpg 900w\"\n                data-src=\"https:\/\/bxrepsol.s3.eu-west-1.amazonaws.com\/static\/2022\/08\/05064710\/00_pit_lane_fom_cev_repsol_celebracion.jpg\"\n                alt=\"Celebraci\u00f3n en el pit lane\"\n                title=\"Celebraci\u00f3n en el pit lane\"\/><br \/>\n            <noscript><img decoding=\"async\" src=\"https:\/\/bxrepsol.s3.eu-west-1.amazonaws.com\/static\/2022\/08\/05064710\/00_pit_lane_fom_cev_repsol_celebracion.jpg\" alt=\"Celebraci\u00f3n en el pit lane\"><\/noscript>\n        <\/picture><figcaption>Celebraci\u00f3n en el pit lane<\/figcaption><\/figure>\n<p><\/a><\/p>\n<h3>Carlos Tatay \u2013 Ganador de la primera carrera de Moto3<\/h3>\n<p><em>Ha sido una carrera dif\u00edcil debido a la bandera roja, por ello, tras la reanudaci\u00f3n he intentado dar mi m\u00e1ximo en pocas vueltas y me ha salido bien. Solo tengo palabras de agradecimiento al equipo por dejarme un moto al 100%, a todos los que han venido a verme y me apoyan porque hacen que crezca como persona y piloto.<\/em><\/p>\n<hr\/>\n<h3>Jeremy Alcoba \u2013 Ganador de la segunda carrera de Moto3<\/h3>\n<p><em>Ha sido una carrera m\u00e1s dif\u00edcil que la primera, porque ten\u00eda un poco m\u00e1s de movimiento en la moto. He ido siguiendo la pizarra y al ver que \u00e9ramos tres pilotos al final he intentado cambiar de ritmo y me ha salido bien. Estoy muy contento; necesitaba esta victoria. Creo que tanto para mi como para el equipo ser\u00e1 muy importante. Ahora quiero volver a ganar.<\/em><\/p>\n<hr\/>\n<h3>Edgar Pons \u2013 Ganador de la primera carrera de Moto2<\/h3>\n<p><em>Estoy muy contento con la carrera. Al principio he rodado con cuidado porque tras haber aceite en pista no sab\u00eda en qu\u00e9 curvas deslizaba y, cuando he visto que la trazada estaba limpia, tras un par de vueltas, he decidido apretar y he podido hacer unos muy buenos tiempos. Esto ha hecho que me distanciara de los pilotos que llevaba detr\u00e1s y al comprobar que ten\u00eda una buena distancia he decidido aflojar pensando en la siguiente carrera de hoy.<\/em><\/p>\n<hr\/>\n<h3>Edgar Pons \u2013 Ganador de la segunda carrera de Moto2<\/h3>\n<p><em>Estoy muy contento, han sido a\u00f1os un poco duros para m\u00ed y estos resultados te motivan. Dar las gracias a mi equipo porque hemos estado trabajando muy duro desde que vine aqu\u00ed en mi estilo de pilotaje y sobre la moto. Esta segunda carrera ha sido m\u00e1s dura que la primera porque hac\u00eda m\u00e1s calor.<\/em><\/p>\n<hr\/>\n<h3>Izan Guevara \u2013 Ganador de la carrera de la European Talent Cup<\/h3>\n<p><em>Ha sido una carrera muy dif\u00edcil, sobre todo por la lucha entre Ferm\u00edn [Aldeguer] y yo. Cuando los neum\u00e1ticos han empezado a desgastarse he tenido que bajar un poco el ritmo y me ha alcanzado Ferm\u00edn, con el que he tenido una batalla incre\u00edble hasta la \u00faltima vuelta. Quiero dedicar esta carrera a Andreas P\u00e9rez, que nos dej\u00f3 hace un a\u00f1o.<\/em><\/p>\n","protected":false},"excerpt":{"rendered":"<p>Jeremy Alcoba en el FIM Moto3\u2122 Junior World Championship, Edgar Pons en Moto2 e Izan Guevara en la European Talent Cup, l\u00edderes en sus respectivas categor\u00edas tras la cuarta prueba del FIM CEV Repsol.<\/p>\n","protected":false},"author":43146,"featured_media":61920,"comment_status":"open","ping_status":"open","sticky":false,"template":"","format":"standard","meta":{"footnotes":""},"categories":[1],"tags":[130],"class_list":["post-93956","post","type-post","status-publish","format-standard","hentry","category-sin-categorizar","tag-otros-eventos-y-competiciones"],"yoast_head":"<!-- This site is optimized with the Yoast SEO plugin v27.3 - https:\/\/yoast.com\/product\/yoast-seo-wordpress\/ -->\n<title>FIM CEV Repsol Barcelona 2019 - Edgar Pons, Carlos Tatay, Jeremy Alcoba e Izan Guevara triunfan<\/title>\n<meta name=\"description\" content=\"Jeremy Alcoba en el FIM Moto3\u2122 Junior World Championship, Edgar Pons en Moto2 e Izan Guevara en la European Talent Cup.\" \/>\n<link rel=\"canonical\" href=\"https:\/\/www.boxrepsol.com\/es\/sin-categorizar\/edgar-pons-carlos-tatay-jeremy-alcoba-e-izan-guevara-triunfan-barcelona\/\" \/>\n<meta property=\"og:locale\" content=\"es_ES\" \/>\n<meta property=\"og:type\" content=\"article\" \/>\n<meta property=\"og:title\" content=\"FIM CEV Repsol Barcelona 2019 - Edgar Pons, Carlos Tatay, Jeremy Alcoba e Izan Guevara triunfan\" \/>\n<meta property=\"og:description\" content=\"Jeremy Alcoba en el FIM Moto3\u2122 Junior World Championship, Edgar Pons en Moto2 e Izan Guevara en la European Talent Cup.\" \/>\n<meta property=\"og:url\" content=\"https:\/\/www.boxrepsol.com\/es\/sin-categorizar\/edgar-pons-carlos-tatay-jeremy-alcoba-e-izan-guevara-triunfan-barcelona\/\" \/>\n<meta property=\"og:site_name\" content=\"Box Repsol\" \/>\n<meta property=\"article:publisher\" content=\"https:\/\/www.facebook.com\/BoxRepsol\" \/>\n<meta property=\"article:author\" content=\"https:\/\/www.facebook.com\/BoxRepsol\/\" \/>\n<meta property=\"article:published_time\" content=\"2019-06-10T02:00:00+00:00\" \/>\n<meta property=\"article:modified_time\" content=\"2024-04-25T10:53:34+00:00\" \/>\n<meta property=\"og:image\" content=\"https:\/\/bxrepsol.s3.eu-west-1.amazonaws.com\/static\/2022\/08\/29085442\/00_izan_guevara_podio_barcelona_fim_cev_repsol.jpg\" \/>\n\t<meta property=\"og:image:width\" content=\"1280\" \/>\n\t<meta property=\"og:image:height\" content=\"600\" \/>\n\t<meta property=\"og:image:type\" content=\"image\/jpeg\" \/>\n<meta name=\"author\" content=\"Redacci\u00f3n Box Repsol\" \/>\n<meta name=\"twitter:card\" content=\"summary_large_image\" \/>\n<meta name=\"twitter:creator\" content=\"@https:\/\/twitter.com\/box_repsol\" \/>\n<meta name=\"twitter:site\" content=\"@box_repsol\" \/>\n<meta name=\"twitter:label1\" content=\"Written by\" \/>\n\t<meta name=\"twitter:data1\" content=\"Redacci\u00f3n Box Repsol\" \/>\n\t<meta name=\"twitter:label2\" content=\"Est. reading time\" \/>\n\t<meta name=\"twitter:data2\" content=\"3 minutos\" \/>\n<script type=\"application\/ld+json\" class=\"yoast-schema-graph\">{\"@context\":\"https:\\\/\\\/schema.org\",\"@graph\":[{\"@type\":\"Article\",\"@id\":\"https:\\\/\\\/www.boxrepsol.com\\\/es\\\/sin-categorizar\\\/edgar-pons-carlos-tatay-jeremy-alcoba-e-izan-guevara-triunfan-barcelona\\\/#article\",\"isPartOf\":{\"@id\":\"https:\\\/\\\/www.boxrepsol.com\\\/es\\\/sin-categorizar\\\/edgar-pons-carlos-tatay-jeremy-alcoba-e-izan-guevara-triunfan-barcelona\\\/\"},\"author\":{\"name\":\"Redacci\u00f3n Box Repsol\",\"@id\":\"https:\\\/\\\/www.boxrepsol.com\\\/es\\\/#\\\/schema\\\/person\\\/c5c2138f2cca251b0ad92b7086bb60b7\"},\"headline\":\"Edgar Pons, Carlos Tatay, Jeremy Alcoba e Izan Guevara triunfan en Barcelona\",\"datePublished\":\"2019-06-10T02:00:00+00:00\",\"dateModified\":\"2024-04-25T10:53:34+00:00\",\"mainEntityOfPage\":{\"@id\":\"https:\\\/\\\/www.boxrepsol.com\\\/es\\\/sin-categorizar\\\/edgar-pons-carlos-tatay-jeremy-alcoba-e-izan-guevara-triunfan-barcelona\\\/\"},\"wordCount\":672,\"commentCount\":0,\"publisher\":{\"@id\":\"https:\\\/\\\/www.boxrepsol.com\\\/es\\\/#organization\"},\"image\":{\"@id\":\"https:\\\/\\\/www.boxrepsol.com\\\/es\\\/sin-categorizar\\\/edgar-pons-carlos-tatay-jeremy-alcoba-e-izan-guevara-triunfan-barcelona\\\/#primaryimage\"},\"thumbnailUrl\":\"https:\\\/\\\/bxrepsol.s3.eu-west-1.amazonaws.com\\\/static\\\/2022\\\/08\\\/29085442\\\/00_izan_guevara_podio_barcelona_fim_cev_repsol.jpg\",\"keywords\":[\"otros eventos y competiciones\"],\"articleSection\":[\"Sin categorizar\"],\"inLanguage\":\"es\",\"potentialAction\":[{\"@type\":\"CommentAction\",\"name\":\"Comment\",\"target\":[\"https:\\\/\\\/www.boxrepsol.com\\\/es\\\/sin-categorizar\\\/edgar-pons-carlos-tatay-jeremy-alcoba-e-izan-guevara-triunfan-barcelona\\\/#respond\"]}]},{\"@type\":\"WebPage\",\"@id\":\"https:\\\/\\\/www.boxrepsol.com\\\/es\\\/sin-categorizar\\\/edgar-pons-carlos-tatay-jeremy-alcoba-e-izan-guevara-triunfan-barcelona\\\/\",\"url\":\"https:\\\/\\\/www.boxrepsol.com\\\/es\\\/sin-categorizar\\\/edgar-pons-carlos-tatay-jeremy-alcoba-e-izan-guevara-triunfan-barcelona\\\/\",\"name\":\"FIM CEV Repsol Barcelona 2019 - Edgar Pons, Carlos Tatay, Jeremy Alcoba e Izan Guevara triunfan\",\"isPartOf\":{\"@id\":\"https:\\\/\\\/www.boxrepsol.com\\\/es\\\/#website\"},\"primaryImageOfPage\":{\"@id\":\"https:\\\/\\\/www.boxrepsol.com\\\/es\\\/sin-categorizar\\\/edgar-pons-carlos-tatay-jeremy-alcoba-e-izan-guevara-triunfan-barcelona\\\/#primaryimage\"},\"image\":{\"@id\":\"https:\\\/\\\/www.boxrepsol.com\\\/es\\\/sin-categorizar\\\/edgar-pons-carlos-tatay-jeremy-alcoba-e-izan-guevara-triunfan-barcelona\\\/#primaryimage\"},\"thumbnailUrl\":\"https:\\\/\\\/bxrepsol.s3.eu-west-1.amazonaws.com\\\/static\\\/2022\\\/08\\\/29085442\\\/00_izan_guevara_podio_barcelona_fim_cev_repsol.jpg\",\"datePublished\":\"2019-06-10T02:00:00+00:00\",\"dateModified\":\"2024-04-25T10:53:34+00:00\",\"description\":\"Jeremy Alcoba en el FIM Moto3\u2122 Junior World Championship, Edgar Pons en Moto2 e Izan Guevara en la European Talent Cup.\",\"breadcrumb\":{\"@id\":\"https:\\\/\\\/www.boxrepsol.com\\\/es\\\/sin-categorizar\\\/edgar-pons-carlos-tatay-jeremy-alcoba-e-izan-guevara-triunfan-barcelona\\\/#breadcrumb\"},\"inLanguage\":\"es\",\"potentialAction\":[{\"@type\":\"ReadAction\",\"target\":[\"https:\\\/\\\/www.boxrepsol.com\\\/es\\\/sin-categorizar\\\/edgar-pons-carlos-tatay-jeremy-alcoba-e-izan-guevara-triunfan-barcelona\\\/\"]}]},{\"@type\":\"ImageObject\",\"inLanguage\":\"es\",\"@id\":\"https:\\\/\\\/www.boxrepsol.com\\\/es\\\/sin-categorizar\\\/edgar-pons-carlos-tatay-jeremy-alcoba-e-izan-guevara-triunfan-barcelona\\\/#primaryimage\",\"url\":\"https:\\\/\\\/bxrepsol.s3.eu-west-1.amazonaws.com\\\/static\\\/2022\\\/08\\\/29085442\\\/00_izan_guevara_podio_barcelona_fim_cev_repsol.jpg\",\"contentUrl\":\"https:\\\/\\\/bxrepsol.s3.eu-west-1.amazonaws.com\\\/static\\\/2022\\\/08\\\/29085442\\\/00_izan_guevara_podio_barcelona_fim_cev_repsol.jpg\",\"width\":1280,\"height\":600,\"caption\":\"Podio FIM CEV Repsol, cheque combustible\"},{\"@type\":\"BreadcrumbList\",\"@id\":\"https:\\\/\\\/www.boxrepsol.com\\\/es\\\/sin-categorizar\\\/edgar-pons-carlos-tatay-jeremy-alcoba-e-izan-guevara-triunfan-barcelona\\\/#breadcrumb\",\"itemListElement\":[{\"@type\":\"ListItem\",\"position\":1,\"name\":\"Home\",\"item\":\"https:\\\/\\\/www.boxrepsol.com\\\/es\\\/\"},{\"@type\":\"ListItem\",\"position\":2,\"name\":\"Edgar Pons, Carlos Tatay, Jeremy Alcoba e Izan Guevara triunfan en Barcelona\"}]},{\"@type\":\"WebSite\",\"@id\":\"https:\\\/\\\/www.boxrepsol.com\\\/es\\\/#website\",\"url\":\"https:\\\/\\\/www.boxrepsol.com\\\/es\\\/\",\"name\":\"Box Repsol\",\"description\":\"Box Repsol Site\",\"publisher\":{\"@id\":\"https:\\\/\\\/www.boxrepsol.com\\\/es\\\/#organization\"},\"potentialAction\":[{\"@type\":\"SearchAction\",\"target\":{\"@type\":\"EntryPoint\",\"urlTemplate\":\"https:\\\/\\\/www.boxrepsol.com\\\/es\\\/?s={search_term_string}\"},\"query-input\":{\"@type\":\"PropertyValueSpecification\",\"valueRequired\":true,\"valueName\":\"search_term_string\"}}],\"inLanguage\":\"es\"},{\"@type\":\"Organization\",\"@id\":\"https:\\\/\\\/www.boxrepsol.com\\\/es\\\/#organization\",\"name\":\"Box Repsol\",\"url\":\"https:\\\/\\\/www.boxrepsol.com\\\/es\\\/\",\"logo\":{\"@type\":\"ImageObject\",\"inLanguage\":\"es\",\"@id\":\"https:\\\/\\\/www.boxrepsol.com\\\/es\\\/#\\\/schema\\\/logo\\\/image\\\/\",\"url\":\"https:\\\/\\\/bxrepsol.s3.eu-west-1.amazonaws.com\\\/static\\\/2025\\\/07\\\/30083337\\\/favicon-96x96-1.png\",\"contentUrl\":\"https:\\\/\\\/bxrepsol.s3.eu-west-1.amazonaws.com\\\/static\\\/2025\\\/07\\\/30083337\\\/favicon-96x96-1.png\",\"width\":96,\"height\":96,\"caption\":\"Box Repsol\"},\"image\":{\"@id\":\"https:\\\/\\\/www.boxrepsol.com\\\/es\\\/#\\\/schema\\\/logo\\\/image\\\/\"},\"sameAs\":[\"https:\\\/\\\/www.facebook.com\\\/BoxRepsol\",\"https:\\\/\\\/x.com\\\/box_repsol\",\"http:\\\/\\\/instagram.com\\\/box_repsol\",\"https:\\\/\\\/www.youtube.com\\\/user\\\/RepsolCompeticion\",\"https:\\\/\\\/www.flickr.com\\\/photos\\\/box_repsol\\\/\"]},{\"@type\":\"Person\",\"@id\":\"https:\\\/\\\/www.boxrepsol.com\\\/es\\\/#\\\/schema\\\/person\\\/c5c2138f2cca251b0ad92b7086bb60b7\",\"name\":\"Redacci\u00f3n Box Repsol\",\"image\":{\"@type\":\"ImageObject\",\"inLanguage\":\"es\",\"@id\":\"https:\\\/\\\/secure.gravatar.com\\\/avatar\\\/adf7b77e38b4419baf32c7e9c21dde01f4e40df611f0978e3006fc4ba0aaab7e?s=96&d=mm&r=g\",\"url\":\"https:\\\/\\\/secure.gravatar.com\\\/avatar\\\/adf7b77e38b4419baf32c7e9c21dde01f4e40df611f0978e3006fc4ba0aaab7e?s=96&d=mm&r=g\",\"contentUrl\":\"https:\\\/\\\/secure.gravatar.com\\\/avatar\\\/adf7b77e38b4419baf32c7e9c21dde01f4e40df611f0978e3006fc4ba0aaab7e?s=96&d=mm&r=g\",\"caption\":\"Redacci\u00f3n Box Repsol\"},\"description\":\"Box Repsol lo forma un equipo de periodistas, community managers, dise\u00f1adores y fot\u00f3grafos con m\u00e1s de 20 a\u00f1os de experiencia en el mundo del motorsport. Hemos vivido el primer mundial de un espa\u00f1ol en la categor\u00eda reina de motociclismo con \u00c1lex Crivill\u00e9, estuvimos en las victorias de Pedrosa y los t\u00edtulos de M\u00e1rquez, acompa\u00f1amos en \u00c1frica a Nani Roma y Marc Coma en sus conquistas del Dakar y hemos vibrado con los t\u00edtulos de Toni Bou en Trial. Adem\u00e1s, en nuestro equipo contamos con expertos en el mundo de las dos y cuatro ruedas tanto de la calle y las carreteras, como de los circuitos. Periodistas que han trabajado en revistas y publicaciones para hacerte llegar desde rutas y consejos de mantenimiento, a curiosidades y trucos de pilotaje.\",\"sameAs\":[\"https:\\\/\\\/www.facebook.com\\\/BoxRepsol\\\/\",\"https:\\\/\\\/www.instagram.com\\\/box_repsol\\\/\",\"https:\\\/\\\/x.com\\\/https:\\\/\\\/twitter.com\\\/box_repsol\",\"https:\\\/\\\/www.youtube.com\\\/@Boxrepsol\"],\"url\":\"https:\\\/\\\/www.boxrepsol.com\\\/es\\\/author\\\/redaccion-box-repsol\\\/\"}]}<\/script>\n<!-- \/ Yoast SEO plugin. -->","yoast_head_json":{"title":"FIM CEV Repsol Barcelona 2019 - Edgar Pons, Carlos Tatay, Jeremy Alcoba e Izan Guevara triunfan","description":"Jeremy Alcoba en el FIM Moto3\u2122 Junior World Championship, Edgar Pons en Moto2 e Izan Guevara en la European Talent Cup.","canonical":"https:\/\/www.boxrepsol.com\/es\/sin-categorizar\/edgar-pons-carlos-tatay-jeremy-alcoba-e-izan-guevara-triunfan-barcelona\/","og_locale":"es_ES","og_type":"article","og_title":"FIM CEV Repsol Barcelona 2019 - Edgar Pons, Carlos Tatay, Jeremy Alcoba e Izan Guevara triunfan","og_description":"Jeremy Alcoba en el FIM Moto3\u2122 Junior World Championship, Edgar Pons en Moto2 e Izan Guevara en la European Talent Cup.","og_url":"https:\/\/www.boxrepsol.com\/es\/sin-categorizar\/edgar-pons-carlos-tatay-jeremy-alcoba-e-izan-guevara-triunfan-barcelona\/","og_site_name":"Box Repsol","article_publisher":"https:\/\/www.facebook.com\/BoxRepsol","article_author":"https:\/\/www.facebook.com\/BoxRepsol\/","article_published_time":"2019-06-10T02:00:00+00:00","article_modified_time":"2024-04-25T10:53:34+00:00","og_image":[{"width":1280,"height":600,"url":"https:\/\/bxrepsol.s3.eu-west-1.amazonaws.com\/static\/2022\/08\/29085442\/00_izan_guevara_podio_barcelona_fim_cev_repsol.jpg","type":"image\/jpeg"}],"author":"Redacci\u00f3n Box Repsol","twitter_card":"summary_large_image","twitter_creator":"@https:\/\/twitter.com\/box_repsol","twitter_site":"@box_repsol","twitter_misc":{"Written by":"Redacci\u00f3n Box Repsol","Est. reading time":"3 minutos"},"schema":{"@context":"https:\/\/schema.org","@graph":[{"@type":"Article","@id":"https:\/\/www.boxrepsol.com\/es\/sin-categorizar\/edgar-pons-carlos-tatay-jeremy-alcoba-e-izan-guevara-triunfan-barcelona\/#article","isPartOf":{"@id":"https:\/\/www.boxrepsol.com\/es\/sin-categorizar\/edgar-pons-carlos-tatay-jeremy-alcoba-e-izan-guevara-triunfan-barcelona\/"},"author":{"name":"Redacci\u00f3n Box Repsol","@id":"https:\/\/www.boxrepsol.com\/es\/#\/schema\/person\/c5c2138f2cca251b0ad92b7086bb60b7"},"headline":"Edgar Pons, Carlos Tatay, Jeremy Alcoba e Izan Guevara triunfan en Barcelona","datePublished":"2019-06-10T02:00:00+00:00","dateModified":"2024-04-25T10:53:34+00:00","mainEntityOfPage":{"@id":"https:\/\/www.boxrepsol.com\/es\/sin-categorizar\/edgar-pons-carlos-tatay-jeremy-alcoba-e-izan-guevara-triunfan-barcelona\/"},"wordCount":672,"commentCount":0,"publisher":{"@id":"https:\/\/www.boxrepsol.com\/es\/#organization"},"image":{"@id":"https:\/\/www.boxrepsol.com\/es\/sin-categorizar\/edgar-pons-carlos-tatay-jeremy-alcoba-e-izan-guevara-triunfan-barcelona\/#primaryimage"},"thumbnailUrl":"https:\/\/bxrepsol.s3.eu-west-1.amazonaws.com\/static\/2022\/08\/29085442\/00_izan_guevara_podio_barcelona_fim_cev_repsol.jpg","keywords":["otros eventos y competiciones"],"articleSection":["Sin categorizar"],"inLanguage":"es","potentialAction":[{"@type":"CommentAction","name":"Comment","target":["https:\/\/www.boxrepsol.com\/es\/sin-categorizar\/edgar-pons-carlos-tatay-jeremy-alcoba-e-izan-guevara-triunfan-barcelona\/#respond"]}]},{"@type":"WebPage","@id":"https:\/\/www.boxrepsol.com\/es\/sin-categorizar\/edgar-pons-carlos-tatay-jeremy-alcoba-e-izan-guevara-triunfan-barcelona\/","url":"https:\/\/www.boxrepsol.com\/es\/sin-categorizar\/edgar-pons-carlos-tatay-jeremy-alcoba-e-izan-guevara-triunfan-barcelona\/","name":"FIM CEV Repsol Barcelona 2019 - Edgar Pons, Carlos Tatay, Jeremy Alcoba e Izan Guevara triunfan","isPartOf":{"@id":"https:\/\/www.boxrepsol.com\/es\/#website"},"primaryImageOfPage":{"@id":"https:\/\/www.boxrepsol.com\/es\/sin-categorizar\/edgar-pons-carlos-tatay-jeremy-alcoba-e-izan-guevara-triunfan-barcelona\/#primaryimage"},"image":{"@id":"https:\/\/www.boxrepsol.com\/es\/sin-categorizar\/edgar-pons-carlos-tatay-jeremy-alcoba-e-izan-guevara-triunfan-barcelona\/#primaryimage"},"thumbnailUrl":"https:\/\/bxrepsol.s3.eu-west-1.amazonaws.com\/static\/2022\/08\/29085442\/00_izan_guevara_podio_barcelona_fim_cev_repsol.jpg","datePublished":"2019-06-10T02:00:00+00:00","dateModified":"2024-04-25T10:53:34+00:00","description":"Jeremy Alcoba en el FIM Moto3\u2122 Junior World Championship, Edgar Pons en Moto2 e Izan Guevara en la European Talent Cup.","breadcrumb":{"@id":"https:\/\/www.boxrepsol.com\/es\/sin-categorizar\/edgar-pons-carlos-tatay-jeremy-alcoba-e-izan-guevara-triunfan-barcelona\/#breadcrumb"},"inLanguage":"es","potentialAction":[{"@type":"ReadAction","target":["https:\/\/www.boxrepsol.com\/es\/sin-categorizar\/edgar-pons-carlos-tatay-jeremy-alcoba-e-izan-guevara-triunfan-barcelona\/"]}]},{"@type":"ImageObject","inLanguage":"es","@id":"https:\/\/www.boxrepsol.com\/es\/sin-categorizar\/edgar-pons-carlos-tatay-jeremy-alcoba-e-izan-guevara-triunfan-barcelona\/#primaryimage","url":"https:\/\/bxrepsol.s3.eu-west-1.amazonaws.com\/static\/2022\/08\/29085442\/00_izan_guevara_podio_barcelona_fim_cev_repsol.jpg","contentUrl":"https:\/\/bxrepsol.s3.eu-west-1.amazonaws.com\/static\/2022\/08\/29085442\/00_izan_guevara_podio_barcelona_fim_cev_repsol.jpg","width":1280,"height":600,"caption":"Podio FIM CEV Repsol, cheque combustible"},{"@type":"BreadcrumbList","@id":"https:\/\/www.boxrepsol.com\/es\/sin-categorizar\/edgar-pons-carlos-tatay-jeremy-alcoba-e-izan-guevara-triunfan-barcelona\/#breadcrumb","itemListElement":[{"@type":"ListItem","position":1,"name":"Home","item":"https:\/\/www.boxrepsol.com\/es\/"},{"@type":"ListItem","position":2,"name":"Edgar Pons, Carlos Tatay, Jeremy Alcoba e Izan Guevara triunfan en Barcelona"}]},{"@type":"WebSite","@id":"https:\/\/www.boxrepsol.com\/es\/#website","url":"https:\/\/www.boxrepsol.com\/es\/","name":"Box Repsol","description":"Box Repsol Site","publisher":{"@id":"https:\/\/www.boxrepsol.com\/es\/#organization"},"potentialAction":[{"@type":"SearchAction","target":{"@type":"EntryPoint","urlTemplate":"https:\/\/www.boxrepsol.com\/es\/?s={search_term_string}"},"query-input":{"@type":"PropertyValueSpecification","valueRequired":true,"valueName":"search_term_string"}}],"inLanguage":"es"},{"@type":"Organization","@id":"https:\/\/www.boxrepsol.com\/es\/#organization","name":"Box Repsol","url":"https:\/\/www.boxrepsol.com\/es\/","logo":{"@type":"ImageObject","inLanguage":"es","@id":"https:\/\/www.boxrepsol.com\/es\/#\/schema\/logo\/image\/","url":"https:\/\/bxrepsol.s3.eu-west-1.amazonaws.com\/static\/2025\/07\/30083337\/favicon-96x96-1.png","contentUrl":"https:\/\/bxrepsol.s3.eu-west-1.amazonaws.com\/static\/2025\/07\/30083337\/favicon-96x96-1.png","width":96,"height":96,"caption":"Box Repsol"},"image":{"@id":"https:\/\/www.boxrepsol.com\/es\/#\/schema\/logo\/image\/"},"sameAs":["https:\/\/www.facebook.com\/BoxRepsol","https:\/\/x.com\/box_repsol","http:\/\/instagram.com\/box_repsol","https:\/\/www.youtube.com\/user\/RepsolCompeticion","https:\/\/www.flickr.com\/photos\/box_repsol\/"]},{"@type":"Person","@id":"https:\/\/www.boxrepsol.com\/es\/#\/schema\/person\/c5c2138f2cca251b0ad92b7086bb60b7","name":"Redacci\u00f3n Box Repsol","image":{"@type":"ImageObject","inLanguage":"es","@id":"https:\/\/secure.gravatar.com\/avatar\/adf7b77e38b4419baf32c7e9c21dde01f4e40df611f0978e3006fc4ba0aaab7e?s=96&d=mm&r=g","url":"https:\/\/secure.gravatar.com\/avatar\/adf7b77e38b4419baf32c7e9c21dde01f4e40df611f0978e3006fc4ba0aaab7e?s=96&d=mm&r=g","contentUrl":"https:\/\/secure.gravatar.com\/avatar\/adf7b77e38b4419baf32c7e9c21dde01f4e40df611f0978e3006fc4ba0aaab7e?s=96&d=mm&r=g","caption":"Redacci\u00f3n Box Repsol"},"description":"Box Repsol lo forma un equipo de periodistas, community managers, dise\u00f1adores y fot\u00f3grafos con m\u00e1s de 20 a\u00f1os de experiencia en el mundo del motorsport. Hemos vivido el primer mundial de un espa\u00f1ol en la categor\u00eda reina de motociclismo con \u00c1lex Crivill\u00e9, estuvimos en las victorias de Pedrosa y los t\u00edtulos de M\u00e1rquez, acompa\u00f1amos en \u00c1frica a Nani Roma y Marc Coma en sus conquistas del Dakar y hemos vibrado con los t\u00edtulos de Toni Bou en Trial. Adem\u00e1s, en nuestro equipo contamos con expertos en el mundo de las dos y cuatro ruedas tanto de la calle y las carreteras, como de los circuitos. Periodistas que han trabajado en revistas y publicaciones para hacerte llegar desde rutas y consejos de mantenimiento, a curiosidades y trucos de pilotaje.","sameAs":["https:\/\/www.facebook.com\/BoxRepsol\/","https:\/\/www.instagram.com\/box_repsol\/","https:\/\/x.com\/https:\/\/twitter.com\/box_repsol","https:\/\/www.youtube.com\/@Boxrepsol"],"url":"https:\/\/www.boxrepsol.com\/es\/author\/redaccion-box-repsol\/"}]}},"_links":{"self":[{"href":"https:\/\/www.boxrepsol.com\/es\/wp-json\/wp\/v2\/posts\/93956","targetHints":{"allow":["GET"]}}],"collection":[{"href":"https:\/\/www.boxrepsol.com\/es\/wp-json\/wp\/v2\/posts"}],"about":[{"href":"https:\/\/www.boxrepsol.com\/es\/wp-json\/wp\/v2\/types\/post"}],"author":[{"embeddable":true,"href":"https:\/\/www.boxrepsol.com\/es\/wp-json\/wp\/v2\/users\/43146"}],"replies":[{"embeddable":true,"href":"https:\/\/www.boxrepsol.com\/es\/wp-json\/wp\/v2\/comments?post=93956"}],"version-history":[{"count":1,"href":"https:\/\/www.boxrepsol.com\/es\/wp-json\/wp\/v2\/posts\/93956\/revisions"}],"predecessor-version":[{"id":93957,"href":"https:\/\/www.boxrepsol.com\/es\/wp-json\/wp\/v2\/posts\/93956\/revisions\/93957"}],"wp:featuredmedia":[{"embeddable":true,"href":"https:\/\/www.boxrepsol.com\/es\/wp-json\/wp\/v2\/media\/61920"}],"wp:attachment":[{"href":"https:\/\/www.boxrepsol.com\/es\/wp-json\/wp\/v2\/media?parent=93956"}],"wp:term":[{"taxonomy":"category","embeddable":true,"href":"https:\/\/www.boxrepsol.com\/es\/wp-json\/wp\/v2\/categories?post=93956"},{"taxonomy":"post_tag","embeddable":true,"href":"https:\/\/www.boxrepsol.com\/es\/wp-json\/wp\/v2\/tags?post=93956"}],"curies":[{"name":"wp","href":"https:\/\/api.w.org\/{rel}","templated":true}]}}