{"id":93949,"date":"2019-06-06T00:00:00","date_gmt":"2019-06-06T02:00:00","guid":{"rendered":"http:\/\/pre.boxrepsol.com\/sin-categorizar\/repsol-lleva-50-anos-competicion-al-paseo-gracia-barcelona\/"},"modified":"2024-04-25T08:54:08","modified_gmt":"2024-04-25T10:54:08","slug":"repsol-lleva-50-anos-competicion-al-paseo-gracia-barcelona","status":"publish","type":"post","link":"https:\/\/www.boxrepsol.com\/es\/de-leyenda\/repsol-lleva-50-anos-competicion-al-paseo-gracia-barcelona\/","title":{"rendered":"Repsol lleva sus 50 a\u00f1os en competici\u00f3n al Paseo de Gracia de Barcelona"},"content":{"rendered":"\n<p>Repsol conmemora su 50 aniversario en las competiciones del motor con una exposici\u00f3n in\u00e9dita en una de las calles m\u00e1s emblem\u00e1ticas de Barcelona. <strong>Entre el 6 y el 16 de junio se exhibir\u00e1n, en casi una veintena de escaparates de establecimientos del Paseo de Gracia, 21 coches y motos<\/strong> con los que han competido desde \u00c1ngel Nieto a Marc M\u00e1rquez, pasando por Pedro Mart\u00ednez de la Rosa o \u2018Nani\u2019 Roma.<\/p>\n\n\n\n<p>La exposici\u00f3n, organizada por Repsol de la mano de la Asociaci\u00f3n de Comerciantes de Paseo de Gracia, <strong>se ha inaugurado hoy en el Hotel Casa Fuster<\/strong>, donde, por ejemplo, ya se puede contemplar la MotoGP de Marc M\u00e1rquez. Al evento han asistido algunos de los pilotos que han contribuido a escribir los cap\u00edtulos m\u00e1s exitosos de estos 50 a\u00f1os de Repsol en competici\u00f3n.<\/p>\n\n\n\n<p>Entre otros, han estado presentes Alex Crivill\u00e9, que en 1999 se convirti\u00f3 en el primer espa\u00f1ol en ganar el Mundial de 500 c. c., siendo uno de los pilotos que han competido bajo <strong>la alianza t\u00e9cnica entre Repsol y Honda en la m\u00e1xima categor\u00eda del motociclismo<\/strong>, y que este a\u00f1o tambi\u00e9n celebra su 25 Aniversario.<\/p>\n\n\n\n<p>Junto al piloto de Seva, tambi\u00e9n ha estado Pedro Mart\u00ednez de la Rosa, que dio el salto a la Formula 1 bajo el patrocinio de Repsol; \u00b4Nani\u00b4 Roma, primer piloto espa\u00f1ol en ganar el Dakar en 2004 y Marc Coma, vencedor del Dakar con Repsol tanto en \u00c1frica como en Sudam\u00e9rica.<\/p>\n\n\n\n<figure class=\"wp-block-image\"><img decoding=\"async\" src=\"https:\/\/bxrepsol.s3.eu-west-1.amazonaws.com\/static\/2022\/08\/29085429\/00_alex_criville_exposicion_50_anos_repsol.jpg\" alt=\"\"\/><\/figure>\n\n\n\n<p>Otro de los rostros familiares ha sido el de Emilio Alzamora, que adem\u00e1s de ser Campe\u00f3n del Mundo de 125 c. c. en 1999,<strong> ejemplifica el apoyo de Repsol a la base dirigiendo la escuela Repsol Monlau Technical School<\/strong> en la que se forman no solo pilotos, sino tambi\u00e9n los mec\u00e1nicos e ingenieros del futuro. La foto de familia la han completado Salvador Canyellas, Salvador Servi\u00e1, Juan Porcar, Carlos Card\u00fas, Luis P\u00e9rez Sala, Lucas Cruz, Jaime Alguersuari y Jaime Alguersuari Jr.<\/p>\n\n\n\n<p>La responsable de Patrocinio de Repsol, B\u00e1rbara Bertrand, ha destacado que<em> \u201cno hemos querido ser un simple patrocinador, sino que hoy en d\u00eda somos un actor fundamental en el desarrollo de los equipos en los que estamos presentes. Es sobre todo una relaci\u00f3n basada en el desarrollo de nuestros productos de competici\u00f3n gracias a nuestro centro de investigaci\u00f3n Repsol Tech Lab, y las competiciones son el mejor banco de pruebas para testar y desarrollar los productos. Estamos convencidos de que Repsol no ser\u00eda lo que hoy es sin el mundo del motorsport y nos gusta pensar que el mundo del motorsport no ser\u00eda lo que es hoy sin Repsol\u201d<\/em>.<\/p>\n\n\n\n<p>El presidente de la Asociaci\u00f3n del Paseo de Gracia, Luis Sans, se ha mostrado entusiasmado de poder acoger una exposici\u00f3n de una forma tan singular <em>\u201cagradecemos a Repsol que haya pensado en el Paseo de Gracia para mostrar un exposici\u00f3n tan incre\u00edble como esta, con motos y coches que han hecho historia en la competici\u00f3n. Adem\u00e1s, muchos de los pilotos que han llevado estos veh\u00edculos est\u00e1n muy ligados con la historia del motociclismo<\/em>\u201d.<\/p>\n\n\n\n<figure class=\"wp-block-image\"><img decoding=\"async\" src=\"https:\/\/bxrepsol.s3.eu-west-1.amazonaws.com\/static\/2022\/08\/29085430\/00_exposicion_repsol_50_anos_barbara_bertrand.jpg\" alt=\"\"\/><\/figure>\n\n\n\n<p>Los <strong>ciudadanos y visitantes de Barcelona podr\u00e1n ver de cerca hasta el 16 de junio algunas de las m\u00e1quinas m\u00e1s ic\u00f3nicas del motor<\/strong>, en un marco incomparable como Paseo de Gracia. Desde la Derbi con la que \u00c1ngel Nieto logr\u00f3 el t\u00edtulo de 1971, al Arrows A20 que utiliz\u00f3 Pedro Mart\u00ednez de la Rosa en 1999, pasando por la Honda NSR con la que Sito Pons hizo historia en 1989 logrando su segundo Mundial de 250 c. c..<\/p>\n\n\n\n<p><strong>Los coches y motos se expondr\u00e1n mayoritariamente en los escaparates de tiendas<\/strong>, hoteles y restaurantes de Paseo de Gracia. Participan en la exposici\u00f3n las tiendas de moda Benetton, Santa Eul\u00e0lia, Muji, North Face, Replay, la perfumer\u00eda Regia, las joyer\u00edas Rabat y Unode50, y la tienda de muebles Eichholtz, adem\u00e1s de los restaurantes Nubar, y los hoteles Majestic, Casa Fuster, Alexandra, Royal, Gallery, Alma y The One.<\/p>\n\n\n\n<p>En el marco de la exposici\u00f3n, que se celebra en la antesala del <strong>Gran Premio de Catalunya de MotoGP<\/strong>, los seguidores del deporte sobre ruedas podr\u00e1n participar en un sorteo para conseguir una entrada doble para asistir al Gran Premio, que tendr\u00e1 lugar los d\u00edas 14, 15 y 16 de junio. Para ello, tendr\u00e1n que sacarse una foto en alguno de los comercios en los que est\u00e1n expuestos los veh\u00edculos de Repsol y subirla a Twitter o Instagram con el hashtag: #Repsol50Aniversario.<\/p>\n\n\n\n<p>Con esta exposici\u00f3n la compa\u00f1\u00eda ha querido celebrar en la calle y con los ciudadanos<strong> cinco d\u00e9cadas de \u00e9xitos<\/strong> que comenzaban en 1969 y que a d\u00eda de hoy siguen escribiendo pilotos como Marc M\u00e1rquez, Jorge Lorenzo y Toni Bou, entre otros.<\/p>\n","protected":false},"excerpt":{"rendered":"<p>Veh\u00edculos con historia toman el centro de Barcelona para acercar a la calle los 50 a\u00f1os de Repsol en la competici\u00f3n con una veintena de motos y coches de estas cinco d\u00e9cadas.<\/p>\n","protected":false},"author":43146,"featured_media":61903,"comment_status":"open","ping_status":"open","sticky":false,"template":"","format":"standard","meta":{"footnotes":""},"categories":[164],"tags":[158],"class_list":["post-93949","post","type-post","status-publish","format-standard","hentry","category-de-leyenda","tag-repsol"],"yoast_head":"<!-- This site is optimized with the Yoast SEO plugin v27.3 - https:\/\/yoast.com\/product\/yoast-seo-wordpress\/ -->\n<title>Repsol lleva sus 50 a\u00f1os en competici\u00f3n al Paseo de Gracia de Barcelona - Box Repsol<\/title>\n<meta name=\"description\" content=\"Veh\u00edculos con historia toman el centro de Barcelona para acercar a la calle los 50 a\u00f1os de Repsol en la competici\u00f3n con una veintena de motos y coches\" \/>\n<link rel=\"canonical\" href=\"https:\/\/www.boxrepsol.com\/es\/de-leyenda\/repsol-lleva-50-anos-competicion-al-paseo-gracia-barcelona\/\" \/>\n<meta property=\"og:locale\" content=\"es_ES\" \/>\n<meta property=\"og:type\" content=\"article\" \/>\n<meta property=\"og:title\" content=\"Repsol lleva sus 50 a\u00f1os en competici\u00f3n al Paseo de Gracia de Barcelona - Box Repsol\" \/>\n<meta property=\"og:description\" content=\"Veh\u00edculos con historia toman el centro de Barcelona para acercar a la calle los 50 a\u00f1os de Repsol en la competici\u00f3n con una veintena de motos y coches\" \/>\n<meta property=\"og:url\" content=\"https:\/\/www.boxrepsol.com\/es\/de-leyenda\/repsol-lleva-50-anos-competicion-al-paseo-gracia-barcelona\/\" \/>\n<meta property=\"og:site_name\" content=\"Box Repsol\" \/>\n<meta property=\"article:publisher\" content=\"https:\/\/www.facebook.com\/BoxRepsol\" \/>\n<meta property=\"article:author\" content=\"https:\/\/www.facebook.com\/BoxRepsol\/\" \/>\n<meta property=\"article:published_time\" content=\"2019-06-06T02:00:00+00:00\" \/>\n<meta property=\"article:modified_time\" content=\"2024-04-25T10:54:08+00:00\" \/>\n<meta property=\"og:image\" content=\"https:\/\/bxrepsol.s3.eu-west-1.amazonaws.com\/static\/2022\/08\/29085432\/00_repsol_50_anos.jpg\" \/>\n\t<meta property=\"og:image:width\" content=\"1280\" \/>\n\t<meta property=\"og:image:height\" content=\"600\" \/>\n\t<meta property=\"og:image:type\" content=\"image\/jpeg\" \/>\n<meta name=\"author\" content=\"Redacci\u00f3n Box Repsol\" \/>\n<meta name=\"twitter:card\" content=\"summary_large_image\" \/>\n<meta name=\"twitter:creator\" content=\"@https:\/\/twitter.com\/box_repsol\" \/>\n<meta name=\"twitter:site\" content=\"@box_repsol\" \/>\n<meta name=\"twitter:label1\" content=\"Written by\" \/>\n\t<meta name=\"twitter:data1\" content=\"Redacci\u00f3n Box Repsol\" \/>\n\t<meta name=\"twitter:label2\" content=\"Est. reading time\" \/>\n\t<meta name=\"twitter:data2\" content=\"4 minutos\" \/>\n<script type=\"application\/ld+json\" class=\"yoast-schema-graph\">{\"@context\":\"https:\\\/\\\/schema.org\",\"@graph\":[{\"@type\":\"Article\",\"@id\":\"https:\\\/\\\/www.boxrepsol.com\\\/es\\\/de-leyenda\\\/repsol-lleva-50-anos-competicion-al-paseo-gracia-barcelona\\\/#article\",\"isPartOf\":{\"@id\":\"https:\\\/\\\/www.boxrepsol.com\\\/es\\\/de-leyenda\\\/repsol-lleva-50-anos-competicion-al-paseo-gracia-barcelona\\\/\"},\"author\":{\"name\":\"Redacci\u00f3n Box Repsol\",\"@id\":\"https:\\\/\\\/www.boxrepsol.com\\\/es\\\/#\\\/schema\\\/person\\\/c5c2138f2cca251b0ad92b7086bb60b7\"},\"headline\":\"Repsol lleva sus 50 a\u00f1os en competici\u00f3n al Paseo de Gracia de Barcelona\",\"datePublished\":\"2019-06-06T02:00:00+00:00\",\"dateModified\":\"2024-04-25T10:54:08+00:00\",\"mainEntityOfPage\":{\"@id\":\"https:\\\/\\\/www.boxrepsol.com\\\/es\\\/de-leyenda\\\/repsol-lleva-50-anos-competicion-al-paseo-gracia-barcelona\\\/\"},\"wordCount\":832,\"commentCount\":0,\"publisher\":{\"@id\":\"https:\\\/\\\/www.boxrepsol.com\\\/es\\\/#organization\"},\"image\":{\"@id\":\"https:\\\/\\\/www.boxrepsol.com\\\/es\\\/de-leyenda\\\/repsol-lleva-50-anos-competicion-al-paseo-gracia-barcelona\\\/#primaryimage\"},\"thumbnailUrl\":\"https:\\\/\\\/bxrepsol.s3.eu-west-1.amazonaws.com\\\/static\\\/2022\\\/08\\\/29085432\\\/00_repsol_50_anos.jpg\",\"keywords\":[\"Repsol\"],\"articleSection\":[\"De leyenda\"],\"inLanguage\":\"es\",\"potentialAction\":[{\"@type\":\"CommentAction\",\"name\":\"Comment\",\"target\":[\"https:\\\/\\\/www.boxrepsol.com\\\/es\\\/de-leyenda\\\/repsol-lleva-50-anos-competicion-al-paseo-gracia-barcelona\\\/#respond\"]}]},{\"@type\":\"WebPage\",\"@id\":\"https:\\\/\\\/www.boxrepsol.com\\\/es\\\/de-leyenda\\\/repsol-lleva-50-anos-competicion-al-paseo-gracia-barcelona\\\/\",\"url\":\"https:\\\/\\\/www.boxrepsol.com\\\/es\\\/de-leyenda\\\/repsol-lleva-50-anos-competicion-al-paseo-gracia-barcelona\\\/\",\"name\":\"Repsol lleva sus 50 a\u00f1os en competici\u00f3n al Paseo de Gracia de Barcelona - Box Repsol\",\"isPartOf\":{\"@id\":\"https:\\\/\\\/www.boxrepsol.com\\\/es\\\/#website\"},\"primaryImageOfPage\":{\"@id\":\"https:\\\/\\\/www.boxrepsol.com\\\/es\\\/de-leyenda\\\/repsol-lleva-50-anos-competicion-al-paseo-gracia-barcelona\\\/#primaryimage\"},\"image\":{\"@id\":\"https:\\\/\\\/www.boxrepsol.com\\\/es\\\/de-leyenda\\\/repsol-lleva-50-anos-competicion-al-paseo-gracia-barcelona\\\/#primaryimage\"},\"thumbnailUrl\":\"https:\\\/\\\/bxrepsol.s3.eu-west-1.amazonaws.com\\\/static\\\/2022\\\/08\\\/29085432\\\/00_repsol_50_anos.jpg\",\"datePublished\":\"2019-06-06T02:00:00+00:00\",\"dateModified\":\"2024-04-25T10:54:08+00:00\",\"description\":\"Veh\u00edculos con historia toman el centro de Barcelona para acercar a la calle los 50 a\u00f1os de Repsol en la competici\u00f3n con una veintena de motos y coches\",\"breadcrumb\":{\"@id\":\"https:\\\/\\\/www.boxrepsol.com\\\/es\\\/de-leyenda\\\/repsol-lleva-50-anos-competicion-al-paseo-gracia-barcelona\\\/#breadcrumb\"},\"inLanguage\":\"es\",\"potentialAction\":[{\"@type\":\"ReadAction\",\"target\":[\"https:\\\/\\\/www.boxrepsol.com\\\/es\\\/de-leyenda\\\/repsol-lleva-50-anos-competicion-al-paseo-gracia-barcelona\\\/\"]}]},{\"@type\":\"ImageObject\",\"inLanguage\":\"es\",\"@id\":\"https:\\\/\\\/www.boxrepsol.com\\\/es\\\/de-leyenda\\\/repsol-lleva-50-anos-competicion-al-paseo-gracia-barcelona\\\/#primaryimage\",\"url\":\"https:\\\/\\\/bxrepsol.s3.eu-west-1.amazonaws.com\\\/static\\\/2022\\\/08\\\/29085432\\\/00_repsol_50_anos.jpg\",\"contentUrl\":\"https:\\\/\\\/bxrepsol.s3.eu-west-1.amazonaws.com\\\/static\\\/2022\\\/08\\\/29085432\\\/00_repsol_50_anos.jpg\",\"width\":1280,\"height\":600,\"caption\":\"Exposici\u00f3n Repsol 50 a\u00f1os\"},{\"@type\":\"BreadcrumbList\",\"@id\":\"https:\\\/\\\/www.boxrepsol.com\\\/es\\\/de-leyenda\\\/repsol-lleva-50-anos-competicion-al-paseo-gracia-barcelona\\\/#breadcrumb\",\"itemListElement\":[{\"@type\":\"ListItem\",\"position\":1,\"name\":\"Home\",\"item\":\"https:\\\/\\\/www.boxrepsol.com\\\/es\\\/\"},{\"@type\":\"ListItem\",\"position\":2,\"name\":\"Repsol lleva sus 50 a\u00f1os en competici\u00f3n al Paseo de Gracia de Barcelona\"}]},{\"@type\":\"WebSite\",\"@id\":\"https:\\\/\\\/www.boxrepsol.com\\\/es\\\/#website\",\"url\":\"https:\\\/\\\/www.boxrepsol.com\\\/es\\\/\",\"name\":\"Box Repsol\",\"description\":\"Box Repsol Site\",\"publisher\":{\"@id\":\"https:\\\/\\\/www.boxrepsol.com\\\/es\\\/#organization\"},\"potentialAction\":[{\"@type\":\"SearchAction\",\"target\":{\"@type\":\"EntryPoint\",\"urlTemplate\":\"https:\\\/\\\/www.boxrepsol.com\\\/es\\\/?s={search_term_string}\"},\"query-input\":{\"@type\":\"PropertyValueSpecification\",\"valueRequired\":true,\"valueName\":\"search_term_string\"}}],\"inLanguage\":\"es\"},{\"@type\":\"Organization\",\"@id\":\"https:\\\/\\\/www.boxrepsol.com\\\/es\\\/#organization\",\"name\":\"Box Repsol\",\"url\":\"https:\\\/\\\/www.boxrepsol.com\\\/es\\\/\",\"logo\":{\"@type\":\"ImageObject\",\"inLanguage\":\"es\",\"@id\":\"https:\\\/\\\/www.boxrepsol.com\\\/es\\\/#\\\/schema\\\/logo\\\/image\\\/\",\"url\":\"https:\\\/\\\/bxrepsol.s3.eu-west-1.amazonaws.com\\\/static\\\/2025\\\/07\\\/30083337\\\/favicon-96x96-1.png\",\"contentUrl\":\"https:\\\/\\\/bxrepsol.s3.eu-west-1.amazonaws.com\\\/static\\\/2025\\\/07\\\/30083337\\\/favicon-96x96-1.png\",\"width\":96,\"height\":96,\"caption\":\"Box Repsol\"},\"image\":{\"@id\":\"https:\\\/\\\/www.boxrepsol.com\\\/es\\\/#\\\/schema\\\/logo\\\/image\\\/\"},\"sameAs\":[\"https:\\\/\\\/www.facebook.com\\\/BoxRepsol\",\"https:\\\/\\\/x.com\\\/box_repsol\",\"http:\\\/\\\/instagram.com\\\/box_repsol\",\"https:\\\/\\\/www.youtube.com\\\/user\\\/RepsolCompeticion\",\"https:\\\/\\\/www.flickr.com\\\/photos\\\/box_repsol\\\/\"]},{\"@type\":\"Person\",\"@id\":\"https:\\\/\\\/www.boxrepsol.com\\\/es\\\/#\\\/schema\\\/person\\\/c5c2138f2cca251b0ad92b7086bb60b7\",\"name\":\"Redacci\u00f3n Box Repsol\",\"image\":{\"@type\":\"ImageObject\",\"inLanguage\":\"es\",\"@id\":\"https:\\\/\\\/secure.gravatar.com\\\/avatar\\\/adf7b77e38b4419baf32c7e9c21dde01f4e40df611f0978e3006fc4ba0aaab7e?s=96&d=mm&r=g\",\"url\":\"https:\\\/\\\/secure.gravatar.com\\\/avatar\\\/adf7b77e38b4419baf32c7e9c21dde01f4e40df611f0978e3006fc4ba0aaab7e?s=96&d=mm&r=g\",\"contentUrl\":\"https:\\\/\\\/secure.gravatar.com\\\/avatar\\\/adf7b77e38b4419baf32c7e9c21dde01f4e40df611f0978e3006fc4ba0aaab7e?s=96&d=mm&r=g\",\"caption\":\"Redacci\u00f3n Box Repsol\"},\"description\":\"Box Repsol lo forma un equipo de periodistas, community managers, dise\u00f1adores y fot\u00f3grafos con m\u00e1s de 20 a\u00f1os de experiencia en el mundo del motorsport. Hemos vivido el primer mundial de un espa\u00f1ol en la categor\u00eda reina de motociclismo con \u00c1lex Crivill\u00e9, estuvimos en las victorias de Pedrosa y los t\u00edtulos de M\u00e1rquez, acompa\u00f1amos en \u00c1frica a Nani Roma y Marc Coma en sus conquistas del Dakar y hemos vibrado con los t\u00edtulos de Toni Bou en Trial. Adem\u00e1s, en nuestro equipo contamos con expertos en el mundo de las dos y cuatro ruedas tanto de la calle y las carreteras, como de los circuitos. Periodistas que han trabajado en revistas y publicaciones para hacerte llegar desde rutas y consejos de mantenimiento, a curiosidades y trucos de pilotaje.\",\"sameAs\":[\"https:\\\/\\\/www.facebook.com\\\/BoxRepsol\\\/\",\"https:\\\/\\\/www.instagram.com\\\/box_repsol\\\/\",\"https:\\\/\\\/x.com\\\/https:\\\/\\\/twitter.com\\\/box_repsol\",\"https:\\\/\\\/www.youtube.com\\\/@Boxrepsol\"],\"url\":\"https:\\\/\\\/www.boxrepsol.com\\\/es\\\/author\\\/redaccion-box-repsol\\\/\"}]}<\/script>\n<!-- \/ Yoast SEO plugin. -->","yoast_head_json":{"title":"Repsol lleva sus 50 a\u00f1os en competici\u00f3n al Paseo de Gracia de Barcelona - Box Repsol","description":"Veh\u00edculos con historia toman el centro de Barcelona para acercar a la calle los 50 a\u00f1os de Repsol en la competici\u00f3n con una veintena de motos y coches","canonical":"https:\/\/www.boxrepsol.com\/es\/de-leyenda\/repsol-lleva-50-anos-competicion-al-paseo-gracia-barcelona\/","og_locale":"es_ES","og_type":"article","og_title":"Repsol lleva sus 50 a\u00f1os en competici\u00f3n al Paseo de Gracia de Barcelona - Box Repsol","og_description":"Veh\u00edculos con historia toman el centro de Barcelona para acercar a la calle los 50 a\u00f1os de Repsol en la competici\u00f3n con una veintena de motos y coches","og_url":"https:\/\/www.boxrepsol.com\/es\/de-leyenda\/repsol-lleva-50-anos-competicion-al-paseo-gracia-barcelona\/","og_site_name":"Box Repsol","article_publisher":"https:\/\/www.facebook.com\/BoxRepsol","article_author":"https:\/\/www.facebook.com\/BoxRepsol\/","article_published_time":"2019-06-06T02:00:00+00:00","article_modified_time":"2024-04-25T10:54:08+00:00","og_image":[{"width":1280,"height":600,"url":"https:\/\/bxrepsol.s3.eu-west-1.amazonaws.com\/static\/2022\/08\/29085432\/00_repsol_50_anos.jpg","type":"image\/jpeg"}],"author":"Redacci\u00f3n Box Repsol","twitter_card":"summary_large_image","twitter_creator":"@https:\/\/twitter.com\/box_repsol","twitter_site":"@box_repsol","twitter_misc":{"Written by":"Redacci\u00f3n Box Repsol","Est. reading time":"4 minutos"},"schema":{"@context":"https:\/\/schema.org","@graph":[{"@type":"Article","@id":"https:\/\/www.boxrepsol.com\/es\/de-leyenda\/repsol-lleva-50-anos-competicion-al-paseo-gracia-barcelona\/#article","isPartOf":{"@id":"https:\/\/www.boxrepsol.com\/es\/de-leyenda\/repsol-lleva-50-anos-competicion-al-paseo-gracia-barcelona\/"},"author":{"name":"Redacci\u00f3n Box Repsol","@id":"https:\/\/www.boxrepsol.com\/es\/#\/schema\/person\/c5c2138f2cca251b0ad92b7086bb60b7"},"headline":"Repsol lleva sus 50 a\u00f1os en competici\u00f3n al Paseo de Gracia de Barcelona","datePublished":"2019-06-06T02:00:00+00:00","dateModified":"2024-04-25T10:54:08+00:00","mainEntityOfPage":{"@id":"https:\/\/www.boxrepsol.com\/es\/de-leyenda\/repsol-lleva-50-anos-competicion-al-paseo-gracia-barcelona\/"},"wordCount":832,"commentCount":0,"publisher":{"@id":"https:\/\/www.boxrepsol.com\/es\/#organization"},"image":{"@id":"https:\/\/www.boxrepsol.com\/es\/de-leyenda\/repsol-lleva-50-anos-competicion-al-paseo-gracia-barcelona\/#primaryimage"},"thumbnailUrl":"https:\/\/bxrepsol.s3.eu-west-1.amazonaws.com\/static\/2022\/08\/29085432\/00_repsol_50_anos.jpg","keywords":["Repsol"],"articleSection":["De leyenda"],"inLanguage":"es","potentialAction":[{"@type":"CommentAction","name":"Comment","target":["https:\/\/www.boxrepsol.com\/es\/de-leyenda\/repsol-lleva-50-anos-competicion-al-paseo-gracia-barcelona\/#respond"]}]},{"@type":"WebPage","@id":"https:\/\/www.boxrepsol.com\/es\/de-leyenda\/repsol-lleva-50-anos-competicion-al-paseo-gracia-barcelona\/","url":"https:\/\/www.boxrepsol.com\/es\/de-leyenda\/repsol-lleva-50-anos-competicion-al-paseo-gracia-barcelona\/","name":"Repsol lleva sus 50 a\u00f1os en competici\u00f3n al Paseo de Gracia de Barcelona - Box Repsol","isPartOf":{"@id":"https:\/\/www.boxrepsol.com\/es\/#website"},"primaryImageOfPage":{"@id":"https:\/\/www.boxrepsol.com\/es\/de-leyenda\/repsol-lleva-50-anos-competicion-al-paseo-gracia-barcelona\/#primaryimage"},"image":{"@id":"https:\/\/www.boxrepsol.com\/es\/de-leyenda\/repsol-lleva-50-anos-competicion-al-paseo-gracia-barcelona\/#primaryimage"},"thumbnailUrl":"https:\/\/bxrepsol.s3.eu-west-1.amazonaws.com\/static\/2022\/08\/29085432\/00_repsol_50_anos.jpg","datePublished":"2019-06-06T02:00:00+00:00","dateModified":"2024-04-25T10:54:08+00:00","description":"Veh\u00edculos con historia toman el centro de Barcelona para acercar a la calle los 50 a\u00f1os de Repsol en la competici\u00f3n con una veintena de motos y coches","breadcrumb":{"@id":"https:\/\/www.boxrepsol.com\/es\/de-leyenda\/repsol-lleva-50-anos-competicion-al-paseo-gracia-barcelona\/#breadcrumb"},"inLanguage":"es","potentialAction":[{"@type":"ReadAction","target":["https:\/\/www.boxrepsol.com\/es\/de-leyenda\/repsol-lleva-50-anos-competicion-al-paseo-gracia-barcelona\/"]}]},{"@type":"ImageObject","inLanguage":"es","@id":"https:\/\/www.boxrepsol.com\/es\/de-leyenda\/repsol-lleva-50-anos-competicion-al-paseo-gracia-barcelona\/#primaryimage","url":"https:\/\/bxrepsol.s3.eu-west-1.amazonaws.com\/static\/2022\/08\/29085432\/00_repsol_50_anos.jpg","contentUrl":"https:\/\/bxrepsol.s3.eu-west-1.amazonaws.com\/static\/2022\/08\/29085432\/00_repsol_50_anos.jpg","width":1280,"height":600,"caption":"Exposici\u00f3n Repsol 50 a\u00f1os"},{"@type":"BreadcrumbList","@id":"https:\/\/www.boxrepsol.com\/es\/de-leyenda\/repsol-lleva-50-anos-competicion-al-paseo-gracia-barcelona\/#breadcrumb","itemListElement":[{"@type":"ListItem","position":1,"name":"Home","item":"https:\/\/www.boxrepsol.com\/es\/"},{"@type":"ListItem","position":2,"name":"Repsol lleva sus 50 a\u00f1os en competici\u00f3n al Paseo de Gracia de Barcelona"}]},{"@type":"WebSite","@id":"https:\/\/www.boxrepsol.com\/es\/#website","url":"https:\/\/www.boxrepsol.com\/es\/","name":"Box Repsol","description":"Box Repsol Site","publisher":{"@id":"https:\/\/www.boxrepsol.com\/es\/#organization"},"potentialAction":[{"@type":"SearchAction","target":{"@type":"EntryPoint","urlTemplate":"https:\/\/www.boxrepsol.com\/es\/?s={search_term_string}"},"query-input":{"@type":"PropertyValueSpecification","valueRequired":true,"valueName":"search_term_string"}}],"inLanguage":"es"},{"@type":"Organization","@id":"https:\/\/www.boxrepsol.com\/es\/#organization","name":"Box Repsol","url":"https:\/\/www.boxrepsol.com\/es\/","logo":{"@type":"ImageObject","inLanguage":"es","@id":"https:\/\/www.boxrepsol.com\/es\/#\/schema\/logo\/image\/","url":"https:\/\/bxrepsol.s3.eu-west-1.amazonaws.com\/static\/2025\/07\/30083337\/favicon-96x96-1.png","contentUrl":"https:\/\/bxrepsol.s3.eu-west-1.amazonaws.com\/static\/2025\/07\/30083337\/favicon-96x96-1.png","width":96,"height":96,"caption":"Box Repsol"},"image":{"@id":"https:\/\/www.boxrepsol.com\/es\/#\/schema\/logo\/image\/"},"sameAs":["https:\/\/www.facebook.com\/BoxRepsol","https:\/\/x.com\/box_repsol","http:\/\/instagram.com\/box_repsol","https:\/\/www.youtube.com\/user\/RepsolCompeticion","https:\/\/www.flickr.com\/photos\/box_repsol\/"]},{"@type":"Person","@id":"https:\/\/www.boxrepsol.com\/es\/#\/schema\/person\/c5c2138f2cca251b0ad92b7086bb60b7","name":"Redacci\u00f3n Box Repsol","image":{"@type":"ImageObject","inLanguage":"es","@id":"https:\/\/secure.gravatar.com\/avatar\/adf7b77e38b4419baf32c7e9c21dde01f4e40df611f0978e3006fc4ba0aaab7e?s=96&d=mm&r=g","url":"https:\/\/secure.gravatar.com\/avatar\/adf7b77e38b4419baf32c7e9c21dde01f4e40df611f0978e3006fc4ba0aaab7e?s=96&d=mm&r=g","contentUrl":"https:\/\/secure.gravatar.com\/avatar\/adf7b77e38b4419baf32c7e9c21dde01f4e40df611f0978e3006fc4ba0aaab7e?s=96&d=mm&r=g","caption":"Redacci\u00f3n Box Repsol"},"description":"Box Repsol lo forma un equipo de periodistas, community managers, dise\u00f1adores y fot\u00f3grafos con m\u00e1s de 20 a\u00f1os de experiencia en el mundo del motorsport. Hemos vivido el primer mundial de un espa\u00f1ol en la categor\u00eda reina de motociclismo con \u00c1lex Crivill\u00e9, estuvimos en las victorias de Pedrosa y los t\u00edtulos de M\u00e1rquez, acompa\u00f1amos en \u00c1frica a Nani Roma y Marc Coma en sus conquistas del Dakar y hemos vibrado con los t\u00edtulos de Toni Bou en Trial. Adem\u00e1s, en nuestro equipo contamos con expertos en el mundo de las dos y cuatro ruedas tanto de la calle y las carreteras, como de los circuitos. Periodistas que han trabajado en revistas y publicaciones para hacerte llegar desde rutas y consejos de mantenimiento, a curiosidades y trucos de pilotaje.","sameAs":["https:\/\/www.facebook.com\/BoxRepsol\/","https:\/\/www.instagram.com\/box_repsol\/","https:\/\/x.com\/https:\/\/twitter.com\/box_repsol","https:\/\/www.youtube.com\/@Boxrepsol"],"url":"https:\/\/www.boxrepsol.com\/es\/author\/redaccion-box-repsol\/"}]}},"_links":{"self":[{"href":"https:\/\/www.boxrepsol.com\/es\/wp-json\/wp\/v2\/posts\/93949","targetHints":{"allow":["GET"]}}],"collection":[{"href":"https:\/\/www.boxrepsol.com\/es\/wp-json\/wp\/v2\/posts"}],"about":[{"href":"https:\/\/www.boxrepsol.com\/es\/wp-json\/wp\/v2\/types\/post"}],"author":[{"embeddable":true,"href":"https:\/\/www.boxrepsol.com\/es\/wp-json\/wp\/v2\/users\/43146"}],"replies":[{"embeddable":true,"href":"https:\/\/www.boxrepsol.com\/es\/wp-json\/wp\/v2\/comments?post=93949"}],"version-history":[{"count":3,"href":"https:\/\/www.boxrepsol.com\/es\/wp-json\/wp\/v2\/posts\/93949\/revisions"}],"predecessor-version":[{"id":99685,"href":"https:\/\/www.boxrepsol.com\/es\/wp-json\/wp\/v2\/posts\/93949\/revisions\/99685"}],"wp:featuredmedia":[{"embeddable":true,"href":"https:\/\/www.boxrepsol.com\/es\/wp-json\/wp\/v2\/media\/61903"}],"wp:attachment":[{"href":"https:\/\/www.boxrepsol.com\/es\/wp-json\/wp\/v2\/media?parent=93949"}],"wp:term":[{"taxonomy":"category","embeddable":true,"href":"https:\/\/www.boxrepsol.com\/es\/wp-json\/wp\/v2\/categories?post=93949"},{"taxonomy":"post_tag","embeddable":true,"href":"https:\/\/www.boxrepsol.com\/es\/wp-json\/wp\/v2\/tags?post=93949"}],"curies":[{"name":"wp","href":"https:\/\/api.w.org\/{rel}","templated":true}]}}