{"id":93940,"date":"2019-06-01T00:00:00","date_gmt":"2019-06-01T02:00:00","guid":{"rendered":"http:\/\/pre.boxrepsol.com\/sin-categorizar\/marquez-pulveriza-record-mugello\/"},"modified":"2024-04-25T08:55:17","modified_gmt":"2024-04-25T10:55:17","slug":"marquez-pulveriza-record-mugello","status":"publish","type":"post","link":"https:\/\/www.boxrepsol.com\/es\/motogp\/marquez-pulveriza-record-mugello\/","title":{"rendered":"M\u00e1rquez pulveriza el r\u00e9cord de Mugello"},"content":{"rendered":"<p>Cuarta pole position de la temporada en seis carreras para <strong>Marc M\u00e1rquez<\/strong>.<\/p>\n<p>El vigente Campe\u00f3n del Mundo ha sido tercero tanto en el FP3 como en el FP4 y, en su \u00faltima vuelta de la Q2, ha batido el r\u00e9cord del circuito.<\/p>\n<p><strong>Jorge Lorenzo<\/strong>, que ha sido duod\u00e9cimo en la tercera sesi\u00f3n libre y decimoctavo en la cuarta, se ha clasificado en s\u00e9ptima posici\u00f3n en la Q1 y saldr\u00e1 desde la sexta fila.<\/p>\n<p>                <!-- Imagen relacionada --><br \/>\n        <img loading=\"lazy\" decoding=\"async\" width=\"402\" height=\"336\" src=\"https:\/\/bxrepsol.s3.eu-west-1.amazonaws.com\/static\/2022\/08\/29085415\/Marquez-en-Mugello-2019-e1559326945471-402x336-2.jpg\" alt=\"Marc M\u00e1rquez en Mugello\" \/><br \/>\n                <!-- Categor\u00eda --><br \/>\n            MotoGP<br \/>\n        <!-- T\u00edtulo --><br \/>\n        <a href=\"https:\/\/www.boxrepsol.com\/es\/motogp\/primeras-pruebas-mugello-marc-marquez-jorge-lorenzo\/\"><\/p>\n<h3>Primeras pruebas en Mugello de Marc M\u00e1rquez y Jorge Lorenzo<\/h3>\n<p>        <\/a><br \/>\n                    <!-- Fecha --><br \/>\n            hace 1 d\u00eda        <\/p>\n<p><strong>GP de Italia 2019 &#8211; Q2 &#8211; Declaraciones de Marc M\u00e1rquez y Jorge Lorenzo<\/strong><\/p>\n<p><a href=\"https:\/\/twitter.com\/hashtag\/mm93?src=hash\">#MM93<\/a><\/p>\n<p><strong>Q2 complicada.<\/strong> Ha sido una sesi\u00f3n cronometrada dif\u00edcil, porque era distinto a otras carreras y costaba encontrar un espacio. Con el primer neum\u00e1tico, estaba preparado para buscar un buen crono desde el principio, pero \u2018Dovi\u2019 ha frenado y por eso le he adelantado y he perdido un poco de tiempo.<\/p>\n<p><strong>Estrategia clave.<\/strong> Con el segundo, hemos seguido nuestra estrategia; he encontrado un buen hueco con rebufo y he calculado el espacio con Dovi perfectamente. La pole position es importante, pero sobre todo lo es empezar en primera fila. Hay muchos candidatos para la carrera de ma\u00f1ana.<\/p>\n<p><a href=\"https:\/\/twitter.com\/hashtag\/JL99?src=hash\">#JL99<\/a><\/p>\n<p><strong>Buscando una soluci\u00f3n. <\/strong>Hemos intentado mejorar la moto, pero todav\u00eda nos falta esa pieza o paso y me est\u00e1 costando m\u00e1s de lo normal. Honda y yo estamos trabajando duro juntos para encontrar una soluci\u00f3n que me permita sentirme m\u00e1s c\u00f3modo sobre la moto, pero las reglas limitan lo que podemos hacer. Ma\u00f1ana veremos qu\u00e9 pasa en esta pista f\u00edsica.<\/p>\n<p><strong>Suscr\u00edbete al bolet\u00edn de Box Repsol<\/strong><\/p>\n<p>Te contamos en exclusiva todas las noticias del Equipo Repsol, entrevistas, reportajes, v\u00eddeos, resultados de nuestros pilotos de\u00a0<strong>MotoGP<\/strong>,\u00a0<strong>Trial<\/strong>,\u00a0<strong>FIM CEV Repsol<\/strong>,\u00a0<strong>Rally<\/strong>,\u00a0<strong>Red Bull Air Race<\/strong>\u00a0y mucho m\u00e1s.\u00a0<a href=\"https:\/\/www.boxrepsol.com\/es\/suscribete\/\">Suscr\u00edbete al bolet\u00edn de Box Repsol<\/a>\u00a0y ent\u00e9rate de todas nuestras\u00a0<strong>promociones<\/strong>\u00a0y\u00a0<strong>concursos<\/strong>.<\/p>\n","protected":false},"excerpt":{"rendered":"<p>El piloto del equipo Repsol Honda se hace con la \u2018pole position\u2019, logrando en su \u00faltima vuelta el mejor crono nunca hecho en el trazado italiano. Jorge Lorenzo saldr\u00e1 decimos\u00e9ptimo.<\/p>\n","protected":false},"author":43146,"featured_media":61874,"comment_status":"open","ping_status":"open","sticky":false,"template":"","format":"standard","meta":{"footnotes":""},"categories":[4],"tags":[127],"class_list":["post-93940","post","type-post","status-publish","format-standard","hentry","category-motogp","tag-motogp-italia"],"yoast_head":"<!-- This site is optimized with the Yoast SEO plugin v27.3 - https:\/\/yoast.com\/product\/yoast-seo-wordpress\/ -->\n<title>GP de Italia 2019 - QP - M\u00e1rquez pulveriza el r\u00e9cord de Mugello<\/title>\n<meta name=\"description\" content=\"El piloto del equipo Repsol Honda se hace con la \u2018pole position\u2019, logrando en su \u00faltima vuelta el mejor crono nunca hecho en el trazado italiano. .\" \/>\n<link rel=\"canonical\" href=\"https:\/\/www.boxrepsol.com\/es\/motogp\/marquez-pulveriza-record-mugello\/\" \/>\n<meta property=\"og:locale\" content=\"es_ES\" \/>\n<meta property=\"og:type\" content=\"article\" \/>\n<meta property=\"og:title\" content=\"GP de Italia 2019 - QP - M\u00e1rquez pulveriza el r\u00e9cord de Mugello\" \/>\n<meta property=\"og:description\" content=\"El piloto del equipo Repsol Honda se hace con la \u2018pole position\u2019, logrando en su \u00faltima vuelta el mejor crono nunca hecho en el trazado italiano. .\" \/>\n<meta property=\"og:url\" content=\"https:\/\/www.boxrepsol.com\/es\/motogp\/marquez-pulveriza-record-mugello\/\" \/>\n<meta property=\"og:site_name\" content=\"Box Repsol\" \/>\n<meta property=\"article:publisher\" content=\"https:\/\/www.facebook.com\/BoxRepsol\" \/>\n<meta property=\"article:author\" content=\"https:\/\/www.facebook.com\/BoxRepsol\/\" \/>\n<meta property=\"article:published_time\" content=\"2019-06-01T02:00:00+00:00\" \/>\n<meta property=\"article:modified_time\" content=\"2024-04-25T10:55:17+00:00\" \/>\n<meta property=\"og:image\" content=\"https:\/\/bxrepsol.s3.eu-west-1.amazonaws.com\/static\/2022\/08\/29085416\/Marquez-en-Mugello-20191.jpg\" \/>\n\t<meta property=\"og:image:width\" content=\"1280\" \/>\n\t<meta property=\"og:image:height\" content=\"600\" \/>\n\t<meta property=\"og:image:type\" content=\"image\/jpeg\" \/>\n<meta name=\"author\" content=\"Redacci\u00f3n Box Repsol\" \/>\n<meta name=\"twitter:card\" content=\"summary_large_image\" \/>\n<meta name=\"twitter:creator\" content=\"@https:\/\/twitter.com\/box_repsol\" \/>\n<meta name=\"twitter:site\" content=\"@box_repsol\" \/>\n<meta name=\"twitter:label1\" content=\"Written by\" \/>\n\t<meta name=\"twitter:data1\" content=\"Redacci\u00f3n Box Repsol\" \/>\n\t<meta name=\"twitter:label2\" content=\"Est. reading time\" \/>\n\t<meta name=\"twitter:data2\" content=\"2 minutos\" \/>\n<script type=\"application\/ld+json\" class=\"yoast-schema-graph\">{\"@context\":\"https:\\\/\\\/schema.org\",\"@graph\":[{\"@type\":\"Article\",\"@id\":\"https:\\\/\\\/www.boxrepsol.com\\\/es\\\/motogp\\\/marquez-pulveriza-record-mugello\\\/#article\",\"isPartOf\":{\"@id\":\"https:\\\/\\\/www.boxrepsol.com\\\/es\\\/motogp\\\/marquez-pulveriza-record-mugello\\\/\"},\"author\":{\"name\":\"Redacci\u00f3n Box Repsol\",\"@id\":\"https:\\\/\\\/www.boxrepsol.com\\\/es\\\/#\\\/schema\\\/person\\\/c5c2138f2cca251b0ad92b7086bb60b7\"},\"headline\":\"M\u00e1rquez pulveriza el r\u00e9cord de Mugello\",\"datePublished\":\"2019-06-01T02:00:00+00:00\",\"dateModified\":\"2024-04-25T10:55:17+00:00\",\"mainEntityOfPage\":{\"@id\":\"https:\\\/\\\/www.boxrepsol.com\\\/es\\\/motogp\\\/marquez-pulveriza-record-mugello\\\/\"},\"wordCount\":345,\"commentCount\":0,\"publisher\":{\"@id\":\"https:\\\/\\\/www.boxrepsol.com\\\/es\\\/#organization\"},\"image\":{\"@id\":\"https:\\\/\\\/www.boxrepsol.com\\\/es\\\/motogp\\\/marquez-pulveriza-record-mugello\\\/#primaryimage\"},\"thumbnailUrl\":\"https:\\\/\\\/bxrepsol.s3.eu-west-1.amazonaws.com\\\/static\\\/2022\\\/08\\\/29085416\\\/Marquez-en-Mugello-20191.jpg\",\"keywords\":[\"MotoGP Italia\"],\"articleSection\":[\"MotoGP\"],\"inLanguage\":\"es\",\"potentialAction\":[{\"@type\":\"CommentAction\",\"name\":\"Comment\",\"target\":[\"https:\\\/\\\/www.boxrepsol.com\\\/es\\\/motogp\\\/marquez-pulveriza-record-mugello\\\/#respond\"]}]},{\"@type\":\"WebPage\",\"@id\":\"https:\\\/\\\/www.boxrepsol.com\\\/es\\\/motogp\\\/marquez-pulveriza-record-mugello\\\/\",\"url\":\"https:\\\/\\\/www.boxrepsol.com\\\/es\\\/motogp\\\/marquez-pulveriza-record-mugello\\\/\",\"name\":\"GP de Italia 2019 - QP - M\u00e1rquez pulveriza el r\u00e9cord de Mugello\",\"isPartOf\":{\"@id\":\"https:\\\/\\\/www.boxrepsol.com\\\/es\\\/#website\"},\"primaryImageOfPage\":{\"@id\":\"https:\\\/\\\/www.boxrepsol.com\\\/es\\\/motogp\\\/marquez-pulveriza-record-mugello\\\/#primaryimage\"},\"image\":{\"@id\":\"https:\\\/\\\/www.boxrepsol.com\\\/es\\\/motogp\\\/marquez-pulveriza-record-mugello\\\/#primaryimage\"},\"thumbnailUrl\":\"https:\\\/\\\/bxrepsol.s3.eu-west-1.amazonaws.com\\\/static\\\/2022\\\/08\\\/29085416\\\/Marquez-en-Mugello-20191.jpg\",\"datePublished\":\"2019-06-01T02:00:00+00:00\",\"dateModified\":\"2024-04-25T10:55:17+00:00\",\"description\":\"El piloto del equipo Repsol Honda se hace con la \u2018pole position\u2019, logrando en su \u00faltima vuelta el mejor crono nunca hecho en el trazado italiano. .\",\"breadcrumb\":{\"@id\":\"https:\\\/\\\/www.boxrepsol.com\\\/es\\\/motogp\\\/marquez-pulveriza-record-mugello\\\/#breadcrumb\"},\"inLanguage\":\"es\",\"potentialAction\":[{\"@type\":\"ReadAction\",\"target\":[\"https:\\\/\\\/www.boxrepsol.com\\\/es\\\/motogp\\\/marquez-pulveriza-record-mugello\\\/\"]}]},{\"@type\":\"ImageObject\",\"inLanguage\":\"es\",\"@id\":\"https:\\\/\\\/www.boxrepsol.com\\\/es\\\/motogp\\\/marquez-pulveriza-record-mugello\\\/#primaryimage\",\"url\":\"https:\\\/\\\/bxrepsol.s3.eu-west-1.amazonaws.com\\\/static\\\/2022\\\/08\\\/29085416\\\/Marquez-en-Mugello-20191.jpg\",\"contentUrl\":\"https:\\\/\\\/bxrepsol.s3.eu-west-1.amazonaws.com\\\/static\\\/2022\\\/08\\\/29085416\\\/Marquez-en-Mugello-20191.jpg\",\"width\":1280,\"height\":600,\"caption\":\"Marc M\u00e1rquez, Jorge Lorenzo, MotoGP, 2019, Mugello, GP de ItaliaMotogp, MGP, Mgp, MotoGP\"},{\"@type\":\"BreadcrumbList\",\"@id\":\"https:\\\/\\\/www.boxrepsol.com\\\/es\\\/motogp\\\/marquez-pulveriza-record-mugello\\\/#breadcrumb\",\"itemListElement\":[{\"@type\":\"ListItem\",\"position\":1,\"name\":\"Home\",\"item\":\"https:\\\/\\\/www.boxrepsol.com\\\/es\\\/\"},{\"@type\":\"ListItem\",\"position\":2,\"name\":\"M\u00e1rquez pulveriza el r\u00e9cord de Mugello\"}]},{\"@type\":\"WebSite\",\"@id\":\"https:\\\/\\\/www.boxrepsol.com\\\/es\\\/#website\",\"url\":\"https:\\\/\\\/www.boxrepsol.com\\\/es\\\/\",\"name\":\"Box Repsol\",\"description\":\"Box Repsol Site\",\"publisher\":{\"@id\":\"https:\\\/\\\/www.boxrepsol.com\\\/es\\\/#organization\"},\"potentialAction\":[{\"@type\":\"SearchAction\",\"target\":{\"@type\":\"EntryPoint\",\"urlTemplate\":\"https:\\\/\\\/www.boxrepsol.com\\\/es\\\/?s={search_term_string}\"},\"query-input\":{\"@type\":\"PropertyValueSpecification\",\"valueRequired\":true,\"valueName\":\"search_term_string\"}}],\"inLanguage\":\"es\"},{\"@type\":\"Organization\",\"@id\":\"https:\\\/\\\/www.boxrepsol.com\\\/es\\\/#organization\",\"name\":\"Box Repsol\",\"url\":\"https:\\\/\\\/www.boxrepsol.com\\\/es\\\/\",\"logo\":{\"@type\":\"ImageObject\",\"inLanguage\":\"es\",\"@id\":\"https:\\\/\\\/www.boxrepsol.com\\\/es\\\/#\\\/schema\\\/logo\\\/image\\\/\",\"url\":\"https:\\\/\\\/bxrepsol.s3.eu-west-1.amazonaws.com\\\/static\\\/2025\\\/07\\\/30083337\\\/favicon-96x96-1.png\",\"contentUrl\":\"https:\\\/\\\/bxrepsol.s3.eu-west-1.amazonaws.com\\\/static\\\/2025\\\/07\\\/30083337\\\/favicon-96x96-1.png\",\"width\":96,\"height\":96,\"caption\":\"Box Repsol\"},\"image\":{\"@id\":\"https:\\\/\\\/www.boxrepsol.com\\\/es\\\/#\\\/schema\\\/logo\\\/image\\\/\"},\"sameAs\":[\"https:\\\/\\\/www.facebook.com\\\/BoxRepsol\",\"https:\\\/\\\/x.com\\\/box_repsol\",\"http:\\\/\\\/instagram.com\\\/box_repsol\",\"https:\\\/\\\/www.youtube.com\\\/user\\\/RepsolCompeticion\",\"https:\\\/\\\/www.flickr.com\\\/photos\\\/box_repsol\\\/\"]},{\"@type\":\"Person\",\"@id\":\"https:\\\/\\\/www.boxrepsol.com\\\/es\\\/#\\\/schema\\\/person\\\/c5c2138f2cca251b0ad92b7086bb60b7\",\"name\":\"Redacci\u00f3n Box Repsol\",\"image\":{\"@type\":\"ImageObject\",\"inLanguage\":\"es\",\"@id\":\"https:\\\/\\\/secure.gravatar.com\\\/avatar\\\/adf7b77e38b4419baf32c7e9c21dde01f4e40df611f0978e3006fc4ba0aaab7e?s=96&d=mm&r=g\",\"url\":\"https:\\\/\\\/secure.gravatar.com\\\/avatar\\\/adf7b77e38b4419baf32c7e9c21dde01f4e40df611f0978e3006fc4ba0aaab7e?s=96&d=mm&r=g\",\"contentUrl\":\"https:\\\/\\\/secure.gravatar.com\\\/avatar\\\/adf7b77e38b4419baf32c7e9c21dde01f4e40df611f0978e3006fc4ba0aaab7e?s=96&d=mm&r=g\",\"caption\":\"Redacci\u00f3n Box Repsol\"},\"description\":\"Box Repsol lo forma un equipo de periodistas, community managers, dise\u00f1adores y fot\u00f3grafos con m\u00e1s de 20 a\u00f1os de experiencia en el mundo del motorsport. Hemos vivido el primer mundial de un espa\u00f1ol en la categor\u00eda reina de motociclismo con \u00c1lex Crivill\u00e9, estuvimos en las victorias de Pedrosa y los t\u00edtulos de M\u00e1rquez, acompa\u00f1amos en \u00c1frica a Nani Roma y Marc Coma en sus conquistas del Dakar y hemos vibrado con los t\u00edtulos de Toni Bou en Trial. Adem\u00e1s, en nuestro equipo contamos con expertos en el mundo de las dos y cuatro ruedas tanto de la calle y las carreteras, como de los circuitos. Periodistas que han trabajado en revistas y publicaciones para hacerte llegar desde rutas y consejos de mantenimiento, a curiosidades y trucos de pilotaje.\",\"sameAs\":[\"https:\\\/\\\/www.facebook.com\\\/BoxRepsol\\\/\",\"https:\\\/\\\/www.instagram.com\\\/box_repsol\\\/\",\"https:\\\/\\\/x.com\\\/https:\\\/\\\/twitter.com\\\/box_repsol\",\"https:\\\/\\\/www.youtube.com\\\/@Boxrepsol\"],\"url\":\"https:\\\/\\\/www.boxrepsol.com\\\/es\\\/author\\\/redaccion-box-repsol\\\/\"}]}<\/script>\n<!-- \/ Yoast SEO plugin. -->","yoast_head_json":{"title":"GP de Italia 2019 - QP - M\u00e1rquez pulveriza el r\u00e9cord de Mugello","description":"El piloto del equipo Repsol Honda se hace con la \u2018pole position\u2019, logrando en su \u00faltima vuelta el mejor crono nunca hecho en el trazado italiano. .","canonical":"https:\/\/www.boxrepsol.com\/es\/motogp\/marquez-pulveriza-record-mugello\/","og_locale":"es_ES","og_type":"article","og_title":"GP de Italia 2019 - QP - M\u00e1rquez pulveriza el r\u00e9cord de Mugello","og_description":"El piloto del equipo Repsol Honda se hace con la \u2018pole position\u2019, logrando en su \u00faltima vuelta el mejor crono nunca hecho en el trazado italiano. .","og_url":"https:\/\/www.boxrepsol.com\/es\/motogp\/marquez-pulveriza-record-mugello\/","og_site_name":"Box Repsol","article_publisher":"https:\/\/www.facebook.com\/BoxRepsol","article_author":"https:\/\/www.facebook.com\/BoxRepsol\/","article_published_time":"2019-06-01T02:00:00+00:00","article_modified_time":"2024-04-25T10:55:17+00:00","og_image":[{"width":1280,"height":600,"url":"https:\/\/bxrepsol.s3.eu-west-1.amazonaws.com\/static\/2022\/08\/29085416\/Marquez-en-Mugello-20191.jpg","type":"image\/jpeg"}],"author":"Redacci\u00f3n Box Repsol","twitter_card":"summary_large_image","twitter_creator":"@https:\/\/twitter.com\/box_repsol","twitter_site":"@box_repsol","twitter_misc":{"Written by":"Redacci\u00f3n Box Repsol","Est. reading time":"2 minutos"},"schema":{"@context":"https:\/\/schema.org","@graph":[{"@type":"Article","@id":"https:\/\/www.boxrepsol.com\/es\/motogp\/marquez-pulveriza-record-mugello\/#article","isPartOf":{"@id":"https:\/\/www.boxrepsol.com\/es\/motogp\/marquez-pulveriza-record-mugello\/"},"author":{"name":"Redacci\u00f3n Box Repsol","@id":"https:\/\/www.boxrepsol.com\/es\/#\/schema\/person\/c5c2138f2cca251b0ad92b7086bb60b7"},"headline":"M\u00e1rquez pulveriza el r\u00e9cord de Mugello","datePublished":"2019-06-01T02:00:00+00:00","dateModified":"2024-04-25T10:55:17+00:00","mainEntityOfPage":{"@id":"https:\/\/www.boxrepsol.com\/es\/motogp\/marquez-pulveriza-record-mugello\/"},"wordCount":345,"commentCount":0,"publisher":{"@id":"https:\/\/www.boxrepsol.com\/es\/#organization"},"image":{"@id":"https:\/\/www.boxrepsol.com\/es\/motogp\/marquez-pulveriza-record-mugello\/#primaryimage"},"thumbnailUrl":"https:\/\/bxrepsol.s3.eu-west-1.amazonaws.com\/static\/2022\/08\/29085416\/Marquez-en-Mugello-20191.jpg","keywords":["MotoGP Italia"],"articleSection":["MotoGP"],"inLanguage":"es","potentialAction":[{"@type":"CommentAction","name":"Comment","target":["https:\/\/www.boxrepsol.com\/es\/motogp\/marquez-pulveriza-record-mugello\/#respond"]}]},{"@type":"WebPage","@id":"https:\/\/www.boxrepsol.com\/es\/motogp\/marquez-pulveriza-record-mugello\/","url":"https:\/\/www.boxrepsol.com\/es\/motogp\/marquez-pulveriza-record-mugello\/","name":"GP de Italia 2019 - QP - M\u00e1rquez pulveriza el r\u00e9cord de Mugello","isPartOf":{"@id":"https:\/\/www.boxrepsol.com\/es\/#website"},"primaryImageOfPage":{"@id":"https:\/\/www.boxrepsol.com\/es\/motogp\/marquez-pulveriza-record-mugello\/#primaryimage"},"image":{"@id":"https:\/\/www.boxrepsol.com\/es\/motogp\/marquez-pulveriza-record-mugello\/#primaryimage"},"thumbnailUrl":"https:\/\/bxrepsol.s3.eu-west-1.amazonaws.com\/static\/2022\/08\/29085416\/Marquez-en-Mugello-20191.jpg","datePublished":"2019-06-01T02:00:00+00:00","dateModified":"2024-04-25T10:55:17+00:00","description":"El piloto del equipo Repsol Honda se hace con la \u2018pole position\u2019, logrando en su \u00faltima vuelta el mejor crono nunca hecho en el trazado italiano. .","breadcrumb":{"@id":"https:\/\/www.boxrepsol.com\/es\/motogp\/marquez-pulveriza-record-mugello\/#breadcrumb"},"inLanguage":"es","potentialAction":[{"@type":"ReadAction","target":["https:\/\/www.boxrepsol.com\/es\/motogp\/marquez-pulveriza-record-mugello\/"]}]},{"@type":"ImageObject","inLanguage":"es","@id":"https:\/\/www.boxrepsol.com\/es\/motogp\/marquez-pulveriza-record-mugello\/#primaryimage","url":"https:\/\/bxrepsol.s3.eu-west-1.amazonaws.com\/static\/2022\/08\/29085416\/Marquez-en-Mugello-20191.jpg","contentUrl":"https:\/\/bxrepsol.s3.eu-west-1.amazonaws.com\/static\/2022\/08\/29085416\/Marquez-en-Mugello-20191.jpg","width":1280,"height":600,"caption":"Marc M\u00e1rquez, Jorge Lorenzo, MotoGP, 2019, Mugello, GP de ItaliaMotogp, MGP, Mgp, MotoGP"},{"@type":"BreadcrumbList","@id":"https:\/\/www.boxrepsol.com\/es\/motogp\/marquez-pulveriza-record-mugello\/#breadcrumb","itemListElement":[{"@type":"ListItem","position":1,"name":"Home","item":"https:\/\/www.boxrepsol.com\/es\/"},{"@type":"ListItem","position":2,"name":"M\u00e1rquez pulveriza el r\u00e9cord de Mugello"}]},{"@type":"WebSite","@id":"https:\/\/www.boxrepsol.com\/es\/#website","url":"https:\/\/www.boxrepsol.com\/es\/","name":"Box Repsol","description":"Box Repsol Site","publisher":{"@id":"https:\/\/www.boxrepsol.com\/es\/#organization"},"potentialAction":[{"@type":"SearchAction","target":{"@type":"EntryPoint","urlTemplate":"https:\/\/www.boxrepsol.com\/es\/?s={search_term_string}"},"query-input":{"@type":"PropertyValueSpecification","valueRequired":true,"valueName":"search_term_string"}}],"inLanguage":"es"},{"@type":"Organization","@id":"https:\/\/www.boxrepsol.com\/es\/#organization","name":"Box Repsol","url":"https:\/\/www.boxrepsol.com\/es\/","logo":{"@type":"ImageObject","inLanguage":"es","@id":"https:\/\/www.boxrepsol.com\/es\/#\/schema\/logo\/image\/","url":"https:\/\/bxrepsol.s3.eu-west-1.amazonaws.com\/static\/2025\/07\/30083337\/favicon-96x96-1.png","contentUrl":"https:\/\/bxrepsol.s3.eu-west-1.amazonaws.com\/static\/2025\/07\/30083337\/favicon-96x96-1.png","width":96,"height":96,"caption":"Box Repsol"},"image":{"@id":"https:\/\/www.boxrepsol.com\/es\/#\/schema\/logo\/image\/"},"sameAs":["https:\/\/www.facebook.com\/BoxRepsol","https:\/\/x.com\/box_repsol","http:\/\/instagram.com\/box_repsol","https:\/\/www.youtube.com\/user\/RepsolCompeticion","https:\/\/www.flickr.com\/photos\/box_repsol\/"]},{"@type":"Person","@id":"https:\/\/www.boxrepsol.com\/es\/#\/schema\/person\/c5c2138f2cca251b0ad92b7086bb60b7","name":"Redacci\u00f3n Box Repsol","image":{"@type":"ImageObject","inLanguage":"es","@id":"https:\/\/secure.gravatar.com\/avatar\/adf7b77e38b4419baf32c7e9c21dde01f4e40df611f0978e3006fc4ba0aaab7e?s=96&d=mm&r=g","url":"https:\/\/secure.gravatar.com\/avatar\/adf7b77e38b4419baf32c7e9c21dde01f4e40df611f0978e3006fc4ba0aaab7e?s=96&d=mm&r=g","contentUrl":"https:\/\/secure.gravatar.com\/avatar\/adf7b77e38b4419baf32c7e9c21dde01f4e40df611f0978e3006fc4ba0aaab7e?s=96&d=mm&r=g","caption":"Redacci\u00f3n Box Repsol"},"description":"Box Repsol lo forma un equipo de periodistas, community managers, dise\u00f1adores y fot\u00f3grafos con m\u00e1s de 20 a\u00f1os de experiencia en el mundo del motorsport. Hemos vivido el primer mundial de un espa\u00f1ol en la categor\u00eda reina de motociclismo con \u00c1lex Crivill\u00e9, estuvimos en las victorias de Pedrosa y los t\u00edtulos de M\u00e1rquez, acompa\u00f1amos en \u00c1frica a Nani Roma y Marc Coma en sus conquistas del Dakar y hemos vibrado con los t\u00edtulos de Toni Bou en Trial. Adem\u00e1s, en nuestro equipo contamos con expertos en el mundo de las dos y cuatro ruedas tanto de la calle y las carreteras, como de los circuitos. Periodistas que han trabajado en revistas y publicaciones para hacerte llegar desde rutas y consejos de mantenimiento, a curiosidades y trucos de pilotaje.","sameAs":["https:\/\/www.facebook.com\/BoxRepsol\/","https:\/\/www.instagram.com\/box_repsol\/","https:\/\/x.com\/https:\/\/twitter.com\/box_repsol","https:\/\/www.youtube.com\/@Boxrepsol"],"url":"https:\/\/www.boxrepsol.com\/es\/author\/redaccion-box-repsol\/"}]}},"_links":{"self":[{"href":"https:\/\/www.boxrepsol.com\/es\/wp-json\/wp\/v2\/posts\/93940","targetHints":{"allow":["GET"]}}],"collection":[{"href":"https:\/\/www.boxrepsol.com\/es\/wp-json\/wp\/v2\/posts"}],"about":[{"href":"https:\/\/www.boxrepsol.com\/es\/wp-json\/wp\/v2\/types\/post"}],"author":[{"embeddable":true,"href":"https:\/\/www.boxrepsol.com\/es\/wp-json\/wp\/v2\/users\/43146"}],"replies":[{"embeddable":true,"href":"https:\/\/www.boxrepsol.com\/es\/wp-json\/wp\/v2\/comments?post=93940"}],"version-history":[{"count":1,"href":"https:\/\/www.boxrepsol.com\/es\/wp-json\/wp\/v2\/posts\/93940\/revisions"}],"predecessor-version":[{"id":93941,"href":"https:\/\/www.boxrepsol.com\/es\/wp-json\/wp\/v2\/posts\/93940\/revisions\/93941"}],"wp:featuredmedia":[{"embeddable":true,"href":"https:\/\/www.boxrepsol.com\/es\/wp-json\/wp\/v2\/media\/61874"}],"wp:attachment":[{"href":"https:\/\/www.boxrepsol.com\/es\/wp-json\/wp\/v2\/media?parent=93940"}],"wp:term":[{"taxonomy":"category","embeddable":true,"href":"https:\/\/www.boxrepsol.com\/es\/wp-json\/wp\/v2\/categories?post=93940"},{"taxonomy":"post_tag","embeddable":true,"href":"https:\/\/www.boxrepsol.com\/es\/wp-json\/wp\/v2\/tags?post=93940"}],"curies":[{"name":"wp","href":"https:\/\/api.w.org\/{rel}","templated":true}]}}