{"id":93938,"date":"2019-05-31T00:00:00","date_gmt":"2019-05-31T02:00:00","guid":{"rendered":"http:\/\/pre.boxrepsol.com\/sin-categorizar\/primeras-pruebas-mugello-marc-marquez-jorge-lorenzo\/"},"modified":"2024-04-25T08:55:39","modified_gmt":"2024-04-25T10:55:39","slug":"primeras-pruebas-mugello-marc-marquez-jorge-lorenzo","status":"publish","type":"post","link":"https:\/\/www.boxrepsol.com\/es\/motogp\/primeras-pruebas-mugello-marc-marquez-jorge-lorenzo\/","title":{"rendered":"Primeras pruebas en Mugello de Marc M\u00e1rquez y Jorge Lorenzo"},"content":{"rendered":"<p><strong>Marc M\u00e1rquez<\/strong> ha sido el m\u00e1s r\u00e1pido del FP1, sesi\u00f3n en la que Jorge Lorenzo ha terminado decimoctavo, a nueve d\u00e9cimas de su compa\u00f1ero de equipo.<\/p>\n<p>En el segundo entrenamiento libre, Marc M\u00e1rquez ha mejorado medio segundo su tiempo de la ma\u00f1ana y ha terminado en la sexta plaza.<\/p>\n<p><strong>Jorge Lorenzo<\/strong> tambi\u00e9n ha rebajado cuatro d\u00e9cimas su tiempo y ha cerrado vig\u00e9simo la primera jornada.<\/p>\n<p>                <!-- Imagen relacionada --><br \/>\n        <img loading=\"lazy\" decoding=\"async\" width=\"404\" height=\"336\" src=\"https:\/\/bxrepsol.s3.eu-west-1.amazonaws.com\/static\/2022\/08\/29085413\/MM_insta_logo-3.jpg\" alt=\"Marc M\u00e1rquez nos ense\u00f1a su instagram\" \/><br \/>\n                <!-- Categor\u00eda --><br \/>\n            MotoGP<br \/>\n        <!-- T\u00edtulo --><br \/>\n        <a href=\"https:\/\/www.boxrepsol.com\/es\/motogp\/marc-marquez-nos-ensena-instagram\/\"><\/p>\n<h3>Marc M\u00e1rquez nos ense\u00f1a su Instagram.<\/h3>\n<p>        <\/a><br \/>\n                    <!-- Fecha --><br \/>\n            hace 21 horas        <\/p>\n<p><strong>GP de Italia 2019 &#8211; FP2 &#8211; Declaraciones de Marc M\u00e1rquez y Jorge Lorenzo<\/strong><\/p>\n<p><a href=\"https:\/\/twitter.com\/hashtag\/mm93?src=hash\">#MM93<\/a><\/p>\n<p><strong>Trabajo de neum\u00e1ticos.<\/strong> Hoy hemos trabajado \u00fanicamente con los neum\u00e1ticos para la carrera. Todav\u00eda arrastro un poco el resfriado de ayer y la moto tampoco estaba al cien por cien, pero espero que descansar bien esta noche nos ayude a estar al m\u00e1ximo ma\u00f1ana. De todos modos, no estamos lejos y solo tenemos que seguir tirando ma\u00f1ana. Es viernes y no hemos utilizado un neum\u00e1tico nuevo al final, as\u00ed que nos sentimos bien.<\/p>\n<p><a href=\"https:\/\/twitter.com\/hashtag\/JL99?src=hash\">#JL99<\/a><\/p>\n<p><strong>Mejorar vuelta a vuelta. <\/strong>Evidentemente no podemos estar contentos terminando vig\u00e9simos, no es una buena posici\u00f3n. Pero al final del FP2 todo el mundo ha montado un neum\u00e1tico blando y yo he seguido trabajando con el duro, porque creo que lo podremos aprovechar m\u00e1s ma\u00f1ana por la ma\u00f1ana. Mi ritmo no est\u00e1 tan lejos de todo el mundo, pero tenemos que mejorar nuestro tiempo a una vuelta. Creo que con un neum\u00e1tico nuevo, podr\u00edamos haber terminado entre los diez primeros. Veremos ma\u00f1ana.<\/p>\n<p><strong>Suscr\u00edbete al bolet\u00edn de Box Repsol<\/strong><\/p>\n<p>Te contamos en exclusiva todas las noticias del Equipo Repsol, entrevistas, reportajes, v\u00eddeos, resultados de nuestros pilotos de\u00a0<strong>MotoGP<\/strong>,\u00a0<strong>Trial<\/strong>,\u00a0<strong>FIM CEV Repsol<\/strong>,\u00a0<strong>Rally<\/strong>,\u00a0<strong>Red Bull Air Race<\/strong>\u00a0y mucho m\u00e1s.\u00a0<a href=\"https:\/\/www.boxrepsol.com\/es\/suscribete\/\">Suscr\u00edbete al bolet\u00edn de Box Repsol<\/a>\u00a0y ent\u00e9rate de todas nuestras\u00a0<strong>promociones<\/strong>\u00a0y\u00a0<strong>concursos<\/strong>.<\/p>\n","protected":false},"excerpt":{"rendered":"<p>Los pilotos del equipo Repsol Honda han completado la primera jornada del Gran Premio de Italia en sexta y vig\u00e9sima posici\u00f3n, respectivamente.<\/p>\n","protected":false},"author":43146,"featured_media":43059,"comment_status":"open","ping_status":"open","sticky":false,"template":"","format":"standard","meta":{"footnotes":""},"categories":[4],"tags":[127],"class_list":["post-93938","post","type-post","status-publish","format-standard","hentry","category-motogp","tag-motogp-italia"],"yoast_head":"<!-- This site is optimized with the Yoast SEO plugin v27.3 - https:\/\/yoast.com\/product\/yoast-seo-wordpress\/ -->\n<title>GP de Mugello - FP2 - Primeras pruebas en Mugello de Marc M\u00e1rquez y Jorge Lorenzo<\/title>\n<meta name=\"description\" content=\"Los pilotos del equipo Repsol Honda han completado la primera jornada del Gran Premio de Italia en sexta y vig\u00e9sima posici\u00f3n, respectivamente.\" \/>\n<link rel=\"canonical\" href=\"https:\/\/www.boxrepsol.com\/es\/motogp\/primeras-pruebas-mugello-marc-marquez-jorge-lorenzo\/\" \/>\n<meta property=\"og:locale\" content=\"es_ES\" \/>\n<meta property=\"og:type\" content=\"article\" \/>\n<meta property=\"og:title\" content=\"GP de Mugello - FP2 - Primeras pruebas en Mugello de Marc M\u00e1rquez y Jorge Lorenzo\" \/>\n<meta property=\"og:description\" content=\"Los pilotos del equipo Repsol Honda han completado la primera jornada del Gran Premio de Italia en sexta y vig\u00e9sima posici\u00f3n, respectivamente.\" \/>\n<meta property=\"og:url\" content=\"https:\/\/www.boxrepsol.com\/es\/motogp\/primeras-pruebas-mugello-marc-marquez-jorge-lorenzo\/\" \/>\n<meta property=\"og:site_name\" content=\"Box Repsol\" \/>\n<meta property=\"article:publisher\" content=\"https:\/\/www.facebook.com\/BoxRepsol\" \/>\n<meta property=\"article:author\" content=\"https:\/\/www.facebook.com\/BoxRepsol\/\" \/>\n<meta property=\"article:published_time\" content=\"2019-05-31T02:00:00+00:00\" \/>\n<meta property=\"article:modified_time\" content=\"2024-04-25T10:55:39+00:00\" \/>\n<meta property=\"og:image\" content=\"https:\/\/bxrepsol.s3.eu-west-1.amazonaws.com\/static\/2022\/08\/09131146\/Marquez-en-Mugello-2019.jpg\" \/>\n\t<meta property=\"og:image:width\" content=\"1280\" \/>\n\t<meta property=\"og:image:height\" content=\"600\" \/>\n\t<meta property=\"og:image:type\" content=\"image\/jpeg\" \/>\n<meta name=\"author\" content=\"Redacci\u00f3n Box Repsol\" \/>\n<meta name=\"twitter:card\" content=\"summary_large_image\" \/>\n<meta name=\"twitter:creator\" content=\"@https:\/\/twitter.com\/box_repsol\" \/>\n<meta name=\"twitter:site\" content=\"@box_repsol\" \/>\n<meta name=\"twitter:label1\" content=\"Written by\" \/>\n\t<meta name=\"twitter:data1\" content=\"Redacci\u00f3n Box Repsol\" \/>\n\t<meta name=\"twitter:label2\" content=\"Est. reading time\" \/>\n\t<meta name=\"twitter:data2\" content=\"2 minutos\" \/>\n<script type=\"application\/ld+json\" class=\"yoast-schema-graph\">{\"@context\":\"https:\\\/\\\/schema.org\",\"@graph\":[{\"@type\":\"Article\",\"@id\":\"https:\\\/\\\/www.boxrepsol.com\\\/es\\\/motogp\\\/primeras-pruebas-mugello-marc-marquez-jorge-lorenzo\\\/#article\",\"isPartOf\":{\"@id\":\"https:\\\/\\\/www.boxrepsol.com\\\/es\\\/motogp\\\/primeras-pruebas-mugello-marc-marquez-jorge-lorenzo\\\/\"},\"author\":{\"name\":\"Redacci\u00f3n Box Repsol\",\"@id\":\"https:\\\/\\\/www.boxrepsol.com\\\/es\\\/#\\\/schema\\\/person\\\/c5c2138f2cca251b0ad92b7086bb60b7\"},\"headline\":\"Primeras pruebas en Mugello de Marc M\u00e1rquez y Jorge Lorenzo\",\"datePublished\":\"2019-05-31T02:00:00+00:00\",\"dateModified\":\"2024-04-25T10:55:39+00:00\",\"mainEntityOfPage\":{\"@id\":\"https:\\\/\\\/www.boxrepsol.com\\\/es\\\/motogp\\\/primeras-pruebas-mugello-marc-marquez-jorge-lorenzo\\\/\"},\"wordCount\":343,\"commentCount\":0,\"publisher\":{\"@id\":\"https:\\\/\\\/www.boxrepsol.com\\\/es\\\/#organization\"},\"image\":{\"@id\":\"https:\\\/\\\/www.boxrepsol.com\\\/es\\\/motogp\\\/primeras-pruebas-mugello-marc-marquez-jorge-lorenzo\\\/#primaryimage\"},\"thumbnailUrl\":\"https:\\\/\\\/bxrepsol.s3.eu-west-1.amazonaws.com\\\/static\\\/2022\\\/08\\\/09131146\\\/Marquez-en-Mugello-2019.jpg\",\"keywords\":[\"MotoGP Italia\"],\"articleSection\":[\"MotoGP\"],\"inLanguage\":\"es\",\"potentialAction\":[{\"@type\":\"CommentAction\",\"name\":\"Comment\",\"target\":[\"https:\\\/\\\/www.boxrepsol.com\\\/es\\\/motogp\\\/primeras-pruebas-mugello-marc-marquez-jorge-lorenzo\\\/#respond\"]}]},{\"@type\":\"WebPage\",\"@id\":\"https:\\\/\\\/www.boxrepsol.com\\\/es\\\/motogp\\\/primeras-pruebas-mugello-marc-marquez-jorge-lorenzo\\\/\",\"url\":\"https:\\\/\\\/www.boxrepsol.com\\\/es\\\/motogp\\\/primeras-pruebas-mugello-marc-marquez-jorge-lorenzo\\\/\",\"name\":\"GP de Mugello - FP2 - Primeras pruebas en Mugello de Marc M\u00e1rquez y Jorge Lorenzo\",\"isPartOf\":{\"@id\":\"https:\\\/\\\/www.boxrepsol.com\\\/es\\\/#website\"},\"primaryImageOfPage\":{\"@id\":\"https:\\\/\\\/www.boxrepsol.com\\\/es\\\/motogp\\\/primeras-pruebas-mugello-marc-marquez-jorge-lorenzo\\\/#primaryimage\"},\"image\":{\"@id\":\"https:\\\/\\\/www.boxrepsol.com\\\/es\\\/motogp\\\/primeras-pruebas-mugello-marc-marquez-jorge-lorenzo\\\/#primaryimage\"},\"thumbnailUrl\":\"https:\\\/\\\/bxrepsol.s3.eu-west-1.amazonaws.com\\\/static\\\/2022\\\/08\\\/09131146\\\/Marquez-en-Mugello-2019.jpg\",\"datePublished\":\"2019-05-31T02:00:00+00:00\",\"dateModified\":\"2024-04-25T10:55:39+00:00\",\"description\":\"Los pilotos del equipo Repsol Honda han completado la primera jornada del Gran Premio de Italia en sexta y vig\u00e9sima posici\u00f3n, respectivamente.\",\"breadcrumb\":{\"@id\":\"https:\\\/\\\/www.boxrepsol.com\\\/es\\\/motogp\\\/primeras-pruebas-mugello-marc-marquez-jorge-lorenzo\\\/#breadcrumb\"},\"inLanguage\":\"es\",\"potentialAction\":[{\"@type\":\"ReadAction\",\"target\":[\"https:\\\/\\\/www.boxrepsol.com\\\/es\\\/motogp\\\/primeras-pruebas-mugello-marc-marquez-jorge-lorenzo\\\/\"]}]},{\"@type\":\"ImageObject\",\"inLanguage\":\"es\",\"@id\":\"https:\\\/\\\/www.boxrepsol.com\\\/es\\\/motogp\\\/primeras-pruebas-mugello-marc-marquez-jorge-lorenzo\\\/#primaryimage\",\"url\":\"https:\\\/\\\/bxrepsol.s3.eu-west-1.amazonaws.com\\\/static\\\/2022\\\/08\\\/09131146\\\/Marquez-en-Mugello-2019.jpg\",\"contentUrl\":\"https:\\\/\\\/bxrepsol.s3.eu-west-1.amazonaws.com\\\/static\\\/2022\\\/08\\\/09131146\\\/Marquez-en-Mugello-2019.jpg\",\"width\":1280,\"height\":600,\"caption\":\"Marc M\u00e1rquez, Jorge Lorenzo, MotoGP, 2019, Mugello, GP de Italia\"},{\"@type\":\"BreadcrumbList\",\"@id\":\"https:\\\/\\\/www.boxrepsol.com\\\/es\\\/motogp\\\/primeras-pruebas-mugello-marc-marquez-jorge-lorenzo\\\/#breadcrumb\",\"itemListElement\":[{\"@type\":\"ListItem\",\"position\":1,\"name\":\"Home\",\"item\":\"https:\\\/\\\/www.boxrepsol.com\\\/es\\\/\"},{\"@type\":\"ListItem\",\"position\":2,\"name\":\"Primeras pruebas en Mugello de Marc M\u00e1rquez y Jorge Lorenzo\"}]},{\"@type\":\"WebSite\",\"@id\":\"https:\\\/\\\/www.boxrepsol.com\\\/es\\\/#website\",\"url\":\"https:\\\/\\\/www.boxrepsol.com\\\/es\\\/\",\"name\":\"Box Repsol\",\"description\":\"Box Repsol Site\",\"publisher\":{\"@id\":\"https:\\\/\\\/www.boxrepsol.com\\\/es\\\/#organization\"},\"potentialAction\":[{\"@type\":\"SearchAction\",\"target\":{\"@type\":\"EntryPoint\",\"urlTemplate\":\"https:\\\/\\\/www.boxrepsol.com\\\/es\\\/?s={search_term_string}\"},\"query-input\":{\"@type\":\"PropertyValueSpecification\",\"valueRequired\":true,\"valueName\":\"search_term_string\"}}],\"inLanguage\":\"es\"},{\"@type\":\"Organization\",\"@id\":\"https:\\\/\\\/www.boxrepsol.com\\\/es\\\/#organization\",\"name\":\"Box Repsol\",\"url\":\"https:\\\/\\\/www.boxrepsol.com\\\/es\\\/\",\"logo\":{\"@type\":\"ImageObject\",\"inLanguage\":\"es\",\"@id\":\"https:\\\/\\\/www.boxrepsol.com\\\/es\\\/#\\\/schema\\\/logo\\\/image\\\/\",\"url\":\"https:\\\/\\\/bxrepsol.s3.eu-west-1.amazonaws.com\\\/static\\\/2025\\\/07\\\/30083337\\\/favicon-96x96-1.png\",\"contentUrl\":\"https:\\\/\\\/bxrepsol.s3.eu-west-1.amazonaws.com\\\/static\\\/2025\\\/07\\\/30083337\\\/favicon-96x96-1.png\",\"width\":96,\"height\":96,\"caption\":\"Box Repsol\"},\"image\":{\"@id\":\"https:\\\/\\\/www.boxrepsol.com\\\/es\\\/#\\\/schema\\\/logo\\\/image\\\/\"},\"sameAs\":[\"https:\\\/\\\/www.facebook.com\\\/BoxRepsol\",\"https:\\\/\\\/x.com\\\/box_repsol\",\"http:\\\/\\\/instagram.com\\\/box_repsol\",\"https:\\\/\\\/www.youtube.com\\\/user\\\/RepsolCompeticion\",\"https:\\\/\\\/www.flickr.com\\\/photos\\\/box_repsol\\\/\"]},{\"@type\":\"Person\",\"@id\":\"https:\\\/\\\/www.boxrepsol.com\\\/es\\\/#\\\/schema\\\/person\\\/c5c2138f2cca251b0ad92b7086bb60b7\",\"name\":\"Redacci\u00f3n Box Repsol\",\"image\":{\"@type\":\"ImageObject\",\"inLanguage\":\"es\",\"@id\":\"https:\\\/\\\/secure.gravatar.com\\\/avatar\\\/adf7b77e38b4419baf32c7e9c21dde01f4e40df611f0978e3006fc4ba0aaab7e?s=96&d=mm&r=g\",\"url\":\"https:\\\/\\\/secure.gravatar.com\\\/avatar\\\/adf7b77e38b4419baf32c7e9c21dde01f4e40df611f0978e3006fc4ba0aaab7e?s=96&d=mm&r=g\",\"contentUrl\":\"https:\\\/\\\/secure.gravatar.com\\\/avatar\\\/adf7b77e38b4419baf32c7e9c21dde01f4e40df611f0978e3006fc4ba0aaab7e?s=96&d=mm&r=g\",\"caption\":\"Redacci\u00f3n Box Repsol\"},\"description\":\"Box Repsol lo forma un equipo de periodistas, community managers, dise\u00f1adores y fot\u00f3grafos con m\u00e1s de 20 a\u00f1os de experiencia en el mundo del motorsport. Hemos vivido el primer mundial de un espa\u00f1ol en la categor\u00eda reina de motociclismo con \u00c1lex Crivill\u00e9, estuvimos en las victorias de Pedrosa y los t\u00edtulos de M\u00e1rquez, acompa\u00f1amos en \u00c1frica a Nani Roma y Marc Coma en sus conquistas del Dakar y hemos vibrado con los t\u00edtulos de Toni Bou en Trial. Adem\u00e1s, en nuestro equipo contamos con expertos en el mundo de las dos y cuatro ruedas tanto de la calle y las carreteras, como de los circuitos. Periodistas que han trabajado en revistas y publicaciones para hacerte llegar desde rutas y consejos de mantenimiento, a curiosidades y trucos de pilotaje.\",\"sameAs\":[\"https:\\\/\\\/www.facebook.com\\\/BoxRepsol\\\/\",\"https:\\\/\\\/www.instagram.com\\\/box_repsol\\\/\",\"https:\\\/\\\/x.com\\\/https:\\\/\\\/twitter.com\\\/box_repsol\",\"https:\\\/\\\/www.youtube.com\\\/@Boxrepsol\"],\"url\":\"https:\\\/\\\/www.boxrepsol.com\\\/es\\\/author\\\/redaccion-box-repsol\\\/\"}]}<\/script>\n<!-- \/ Yoast SEO plugin. -->","yoast_head_json":{"title":"GP de Mugello - FP2 - Primeras pruebas en Mugello de Marc M\u00e1rquez y Jorge Lorenzo","description":"Los pilotos del equipo Repsol Honda han completado la primera jornada del Gran Premio de Italia en sexta y vig\u00e9sima posici\u00f3n, respectivamente.","canonical":"https:\/\/www.boxrepsol.com\/es\/motogp\/primeras-pruebas-mugello-marc-marquez-jorge-lorenzo\/","og_locale":"es_ES","og_type":"article","og_title":"GP de Mugello - FP2 - Primeras pruebas en Mugello de Marc M\u00e1rquez y Jorge Lorenzo","og_description":"Los pilotos del equipo Repsol Honda han completado la primera jornada del Gran Premio de Italia en sexta y vig\u00e9sima posici\u00f3n, respectivamente.","og_url":"https:\/\/www.boxrepsol.com\/es\/motogp\/primeras-pruebas-mugello-marc-marquez-jorge-lorenzo\/","og_site_name":"Box Repsol","article_publisher":"https:\/\/www.facebook.com\/BoxRepsol","article_author":"https:\/\/www.facebook.com\/BoxRepsol\/","article_published_time":"2019-05-31T02:00:00+00:00","article_modified_time":"2024-04-25T10:55:39+00:00","og_image":[{"width":1280,"height":600,"url":"https:\/\/bxrepsol.s3.eu-west-1.amazonaws.com\/static\/2022\/08\/09131146\/Marquez-en-Mugello-2019.jpg","type":"image\/jpeg"}],"author":"Redacci\u00f3n Box Repsol","twitter_card":"summary_large_image","twitter_creator":"@https:\/\/twitter.com\/box_repsol","twitter_site":"@box_repsol","twitter_misc":{"Written by":"Redacci\u00f3n Box Repsol","Est. reading time":"2 minutos"},"schema":{"@context":"https:\/\/schema.org","@graph":[{"@type":"Article","@id":"https:\/\/www.boxrepsol.com\/es\/motogp\/primeras-pruebas-mugello-marc-marquez-jorge-lorenzo\/#article","isPartOf":{"@id":"https:\/\/www.boxrepsol.com\/es\/motogp\/primeras-pruebas-mugello-marc-marquez-jorge-lorenzo\/"},"author":{"name":"Redacci\u00f3n Box Repsol","@id":"https:\/\/www.boxrepsol.com\/es\/#\/schema\/person\/c5c2138f2cca251b0ad92b7086bb60b7"},"headline":"Primeras pruebas en Mugello de Marc M\u00e1rquez y Jorge Lorenzo","datePublished":"2019-05-31T02:00:00+00:00","dateModified":"2024-04-25T10:55:39+00:00","mainEntityOfPage":{"@id":"https:\/\/www.boxrepsol.com\/es\/motogp\/primeras-pruebas-mugello-marc-marquez-jorge-lorenzo\/"},"wordCount":343,"commentCount":0,"publisher":{"@id":"https:\/\/www.boxrepsol.com\/es\/#organization"},"image":{"@id":"https:\/\/www.boxrepsol.com\/es\/motogp\/primeras-pruebas-mugello-marc-marquez-jorge-lorenzo\/#primaryimage"},"thumbnailUrl":"https:\/\/bxrepsol.s3.eu-west-1.amazonaws.com\/static\/2022\/08\/09131146\/Marquez-en-Mugello-2019.jpg","keywords":["MotoGP Italia"],"articleSection":["MotoGP"],"inLanguage":"es","potentialAction":[{"@type":"CommentAction","name":"Comment","target":["https:\/\/www.boxrepsol.com\/es\/motogp\/primeras-pruebas-mugello-marc-marquez-jorge-lorenzo\/#respond"]}]},{"@type":"WebPage","@id":"https:\/\/www.boxrepsol.com\/es\/motogp\/primeras-pruebas-mugello-marc-marquez-jorge-lorenzo\/","url":"https:\/\/www.boxrepsol.com\/es\/motogp\/primeras-pruebas-mugello-marc-marquez-jorge-lorenzo\/","name":"GP de Mugello - FP2 - Primeras pruebas en Mugello de Marc M\u00e1rquez y Jorge Lorenzo","isPartOf":{"@id":"https:\/\/www.boxrepsol.com\/es\/#website"},"primaryImageOfPage":{"@id":"https:\/\/www.boxrepsol.com\/es\/motogp\/primeras-pruebas-mugello-marc-marquez-jorge-lorenzo\/#primaryimage"},"image":{"@id":"https:\/\/www.boxrepsol.com\/es\/motogp\/primeras-pruebas-mugello-marc-marquez-jorge-lorenzo\/#primaryimage"},"thumbnailUrl":"https:\/\/bxrepsol.s3.eu-west-1.amazonaws.com\/static\/2022\/08\/09131146\/Marquez-en-Mugello-2019.jpg","datePublished":"2019-05-31T02:00:00+00:00","dateModified":"2024-04-25T10:55:39+00:00","description":"Los pilotos del equipo Repsol Honda han completado la primera jornada del Gran Premio de Italia en sexta y vig\u00e9sima posici\u00f3n, respectivamente.","breadcrumb":{"@id":"https:\/\/www.boxrepsol.com\/es\/motogp\/primeras-pruebas-mugello-marc-marquez-jorge-lorenzo\/#breadcrumb"},"inLanguage":"es","potentialAction":[{"@type":"ReadAction","target":["https:\/\/www.boxrepsol.com\/es\/motogp\/primeras-pruebas-mugello-marc-marquez-jorge-lorenzo\/"]}]},{"@type":"ImageObject","inLanguage":"es","@id":"https:\/\/www.boxrepsol.com\/es\/motogp\/primeras-pruebas-mugello-marc-marquez-jorge-lorenzo\/#primaryimage","url":"https:\/\/bxrepsol.s3.eu-west-1.amazonaws.com\/static\/2022\/08\/09131146\/Marquez-en-Mugello-2019.jpg","contentUrl":"https:\/\/bxrepsol.s3.eu-west-1.amazonaws.com\/static\/2022\/08\/09131146\/Marquez-en-Mugello-2019.jpg","width":1280,"height":600,"caption":"Marc M\u00e1rquez, Jorge Lorenzo, MotoGP, 2019, Mugello, GP de Italia"},{"@type":"BreadcrumbList","@id":"https:\/\/www.boxrepsol.com\/es\/motogp\/primeras-pruebas-mugello-marc-marquez-jorge-lorenzo\/#breadcrumb","itemListElement":[{"@type":"ListItem","position":1,"name":"Home","item":"https:\/\/www.boxrepsol.com\/es\/"},{"@type":"ListItem","position":2,"name":"Primeras pruebas en Mugello de Marc M\u00e1rquez y Jorge Lorenzo"}]},{"@type":"WebSite","@id":"https:\/\/www.boxrepsol.com\/es\/#website","url":"https:\/\/www.boxrepsol.com\/es\/","name":"Box Repsol","description":"Box Repsol Site","publisher":{"@id":"https:\/\/www.boxrepsol.com\/es\/#organization"},"potentialAction":[{"@type":"SearchAction","target":{"@type":"EntryPoint","urlTemplate":"https:\/\/www.boxrepsol.com\/es\/?s={search_term_string}"},"query-input":{"@type":"PropertyValueSpecification","valueRequired":true,"valueName":"search_term_string"}}],"inLanguage":"es"},{"@type":"Organization","@id":"https:\/\/www.boxrepsol.com\/es\/#organization","name":"Box Repsol","url":"https:\/\/www.boxrepsol.com\/es\/","logo":{"@type":"ImageObject","inLanguage":"es","@id":"https:\/\/www.boxrepsol.com\/es\/#\/schema\/logo\/image\/","url":"https:\/\/bxrepsol.s3.eu-west-1.amazonaws.com\/static\/2025\/07\/30083337\/favicon-96x96-1.png","contentUrl":"https:\/\/bxrepsol.s3.eu-west-1.amazonaws.com\/static\/2025\/07\/30083337\/favicon-96x96-1.png","width":96,"height":96,"caption":"Box Repsol"},"image":{"@id":"https:\/\/www.boxrepsol.com\/es\/#\/schema\/logo\/image\/"},"sameAs":["https:\/\/www.facebook.com\/BoxRepsol","https:\/\/x.com\/box_repsol","http:\/\/instagram.com\/box_repsol","https:\/\/www.youtube.com\/user\/RepsolCompeticion","https:\/\/www.flickr.com\/photos\/box_repsol\/"]},{"@type":"Person","@id":"https:\/\/www.boxrepsol.com\/es\/#\/schema\/person\/c5c2138f2cca251b0ad92b7086bb60b7","name":"Redacci\u00f3n Box Repsol","image":{"@type":"ImageObject","inLanguage":"es","@id":"https:\/\/secure.gravatar.com\/avatar\/adf7b77e38b4419baf32c7e9c21dde01f4e40df611f0978e3006fc4ba0aaab7e?s=96&d=mm&r=g","url":"https:\/\/secure.gravatar.com\/avatar\/adf7b77e38b4419baf32c7e9c21dde01f4e40df611f0978e3006fc4ba0aaab7e?s=96&d=mm&r=g","contentUrl":"https:\/\/secure.gravatar.com\/avatar\/adf7b77e38b4419baf32c7e9c21dde01f4e40df611f0978e3006fc4ba0aaab7e?s=96&d=mm&r=g","caption":"Redacci\u00f3n Box Repsol"},"description":"Box Repsol lo forma un equipo de periodistas, community managers, dise\u00f1adores y fot\u00f3grafos con m\u00e1s de 20 a\u00f1os de experiencia en el mundo del motorsport. Hemos vivido el primer mundial de un espa\u00f1ol en la categor\u00eda reina de motociclismo con \u00c1lex Crivill\u00e9, estuvimos en las victorias de Pedrosa y los t\u00edtulos de M\u00e1rquez, acompa\u00f1amos en \u00c1frica a Nani Roma y Marc Coma en sus conquistas del Dakar y hemos vibrado con los t\u00edtulos de Toni Bou en Trial. Adem\u00e1s, en nuestro equipo contamos con expertos en el mundo de las dos y cuatro ruedas tanto de la calle y las carreteras, como de los circuitos. Periodistas que han trabajado en revistas y publicaciones para hacerte llegar desde rutas y consejos de mantenimiento, a curiosidades y trucos de pilotaje.","sameAs":["https:\/\/www.facebook.com\/BoxRepsol\/","https:\/\/www.instagram.com\/box_repsol\/","https:\/\/x.com\/https:\/\/twitter.com\/box_repsol","https:\/\/www.youtube.com\/@Boxrepsol"],"url":"https:\/\/www.boxrepsol.com\/es\/author\/redaccion-box-repsol\/"}]}},"_links":{"self":[{"href":"https:\/\/www.boxrepsol.com\/es\/wp-json\/wp\/v2\/posts\/93938","targetHints":{"allow":["GET"]}}],"collection":[{"href":"https:\/\/www.boxrepsol.com\/es\/wp-json\/wp\/v2\/posts"}],"about":[{"href":"https:\/\/www.boxrepsol.com\/es\/wp-json\/wp\/v2\/types\/post"}],"author":[{"embeddable":true,"href":"https:\/\/www.boxrepsol.com\/es\/wp-json\/wp\/v2\/users\/43146"}],"replies":[{"embeddable":true,"href":"https:\/\/www.boxrepsol.com\/es\/wp-json\/wp\/v2\/comments?post=93938"}],"version-history":[{"count":1,"href":"https:\/\/www.boxrepsol.com\/es\/wp-json\/wp\/v2\/posts\/93938\/revisions"}],"predecessor-version":[{"id":93939,"href":"https:\/\/www.boxrepsol.com\/es\/wp-json\/wp\/v2\/posts\/93938\/revisions\/93939"}],"wp:featuredmedia":[{"embeddable":true,"href":"https:\/\/www.boxrepsol.com\/es\/wp-json\/wp\/v2\/media\/43059"}],"wp:attachment":[{"href":"https:\/\/www.boxrepsol.com\/es\/wp-json\/wp\/v2\/media?parent=93938"}],"wp:term":[{"taxonomy":"category","embeddable":true,"href":"https:\/\/www.boxrepsol.com\/es\/wp-json\/wp\/v2\/categories?post=93938"},{"taxonomy":"post_tag","embeddable":true,"href":"https:\/\/www.boxrepsol.com\/es\/wp-json\/wp\/v2\/tags?post=93938"}],"curies":[{"name":"wp","href":"https:\/\/api.w.org\/{rel}","templated":true}]}}