{"id":93923,"date":"2019-05-27T00:00:00","date_gmt":"2019-05-27T02:00:00","guid":{"rendered":"http:\/\/pre.boxrepsol.com\/sin-categorizar\/victoria-de-toni-bou-en-el-inicio-del-mundial-de-trialgp\/"},"modified":"2024-10-09T11:46:41","modified_gmt":"2024-10-09T13:46:41","slug":"victoria-de-toni-bou-en-el-inicio-del-mundial-de-trialgp","status":"publish","type":"post","link":"https:\/\/www.boxrepsol.com\/es\/trial\/victoria-de-toni-bou-en-el-inicio-del-mundial-de-trialgp\/","title":{"rendered":"Victoria de Toni Bou en el inicio del Mundial de TrialGP"},"content":{"rendered":"<p><strong>Holgada victoria del vigente Campe\u00f3n del Mundo<\/strong>, Toni Bou, en una dif\u00edcil primera cita del Mundial de Trial GP, donde ha terminado con casi la mitad de puntos que el segundo clasificado.<\/p>\n<p>Su compa\u00f1ero de equipo,<strong> Takahisa Fujinami<\/strong>, ha optado durante buena parte de la prueba a las plazas de honor y <strong>ha concluido en una meritoria sexta posici\u00f3n<\/strong>.<\/p>\n<p>La pr\u00f3xima prueba del Campeonato del Mundo de TrialGP se celebrar\u00e1 en el circuito de Motegi, en Jap\u00f3n, y contar\u00e1 con dos carreras los d\u00edas 8 y 9 de junio.<\/p>\n<figure><picture style=\"padding-bottom: 66.7%; background-image: url('https:\/\/bxrepsol.s3.eu-west-1.amazonaws.com\/static\/2022\/08\/05064601\/00_toni_bou_takahisa_fujinami_trialgp_repsol_honda_montesa.jpg');\"> <img decoding=\"async\" src=\"https:\/\/bxrepsol.s3.eu-west-1.amazonaws.com\/static\/2022\/08\/05064601\/00_toni_bou_takahisa_fujinami_trialgp_repsol_honda_montesa.jpg\" \/><\/picture>\n<picture style=\"padding-bottom: 66.7%; background-image: url('https:\/\/bxrepsol.s3.eu-west-1.amazonaws.com\/static\/2022\/08\/05064601\/00_toni_bou_takahisa_fujinami_trialgp_repsol_honda_montesa.jpg');\"><img title=\"Toni Bou y Takahisa fujinami oteando un sector de trazado outdoor\" alt=\"pilotos Repsol Honda de trial\" data-srcset=\"https:\/\/bxrepsol.s3.eu-west-1.amazonaws.com\/static\/2022\/08\/05064601\/00_toni_bou_takahisa_fujinami_trialgp_repsol_honda_montesa.jpg 480w, https:\/\/bxrepsol.s3.eu-west-1.amazonaws.com\/static\/2022\/08\/05064601\/00_toni_bou_takahisa_fujinami_trialgp_repsol_honda_montesa.jpg 600w, https:\/\/bxrepsol.s3.eu-west-1.amazonaws.com\/static\/2022\/08\/05064601\/00_toni_bou_takahisa_fujinami_trialgp_repsol_honda_montesa.jpg 900w\" data-src=\"https:\/\/bxrepsol.s3.eu-west-1.amazonaws.com\/static\/2022\/08\/05064601\/00_toni_bou_takahisa_fujinami_trialgp_repsol_honda_montesa.jpg\" \/><\/picture>\n<noscript><img decoding=\"async\" src=\"https:\/\/bxrepsol.s3.eu-west-1.amazonaws.com\/static\/2022\/08\/05064601\/00_toni_bou_takahisa_fujinami_trialgp_repsol_honda_montesa.jpg\" alt=\"pilotos Repsol Honda de trial\"><\/noscript><figcaption>pilotos Repsol Honda de trial<\/figcaption><\/figure>\n<h2>Trial GP Italia 2019 &#8211; Declaraciones de los pilotos<\/h2>\n<h3>Toni Bou<\/h3>\n<p><em><strong>Estoy muy contento con el pilotaje de hoy.<\/strong> Es verdad que en la primera vuelta he cometido dos errores graves, al tirar dos flechas, pero en la segunda, he realizado un pilotaje muy bueno. <\/em><\/p>\n<p>Solamente he marcado cuatro puntos en una carrera muy complicada, donde el terreno patinaba much\u00edsimo. <strong>Quiero dar las gracias al equipo, porque hemos trabajado muy duro todo el invierno <\/strong>para poder llegar fuertes aqu\u00ed.<\/p>\n<hr \/>\n<h3>Takahisa Fujinami<\/h3>\n<p><em>La primera vuelta de esta carrera en Italia ha ido bastante mal, pero en la segunda, he podido remontar un poquito y, hasta la zona 10, estaba en cuarta posici\u00f3n. En las \u00faltimas zonas he cometido varios errores que me han hecho bajar hasta la sexta posici\u00f3n final.<\/em><\/p>\n<p><strong> Estoy muy contento con la moto. Esta temporada tambi\u00e9n he trabajado mucho f\u00edsicamente, as\u00ed que me encuentro bien. <\/strong>Ahora, a luchar por la pr\u00f3xima carrera en Jap\u00f3n.<\/p>\n","protected":false},"excerpt":{"rendered":"<p>El piloto del equipo Repsol Honda se ha anotado el triunfo en la cita inaugural del Campeonato del Mundo de trial al aire libre celebrada hoy en Italia. Takahisa Fujinami, ha sido sexto.<\/p>\n","protected":false},"author":43146,"featured_media":61803,"comment_status":"open","ping_status":"open","sticky":false,"template":"","format":"standard","meta":{"footnotes":""},"categories":[23],"tags":[130],"class_list":["post-93923","post","type-post","status-publish","format-standard","hentry","category-trial","tag-otros-eventos-y-competiciones"],"yoast_head":"<!-- This site is optimized with the Yoast SEO plugin v27.3 - https:\/\/yoast.com\/product\/yoast-seo-wordpress\/ -->\n<title>Victoria de Toni Bou en el inicio del Mundial de TrialGP - Box Repsol<\/title>\n<meta name=\"description\" content=\"El piloto del equipo Repsol Honda se ha anotado el triunfo en la cita inaugural del Campeonato del Mundo de trial al aire libre celebrada hoy en Italia.\" \/>\n<link rel=\"canonical\" href=\"https:\/\/www.boxrepsol.com\/es\/trial\/victoria-de-toni-bou-en-el-inicio-del-mundial-de-trialgp\/\" \/>\n<meta property=\"og:locale\" content=\"es_ES\" \/>\n<meta property=\"og:type\" content=\"article\" \/>\n<meta property=\"og:title\" content=\"Victoria de Toni Bou en el inicio del Mundial de TrialGP - Box Repsol\" \/>\n<meta property=\"og:description\" content=\"El piloto del equipo Repsol Honda se ha anotado el triunfo en la cita inaugural del Campeonato del Mundo de trial al aire libre celebrada hoy en Italia.\" \/>\n<meta property=\"og:url\" content=\"https:\/\/www.boxrepsol.com\/es\/trial\/victoria-de-toni-bou-en-el-inicio-del-mundial-de-trialgp\/\" \/>\n<meta property=\"og:site_name\" content=\"Box Repsol\" \/>\n<meta property=\"article:publisher\" content=\"https:\/\/www.facebook.com\/BoxRepsol\" \/>\n<meta property=\"article:author\" content=\"https:\/\/www.facebook.com\/BoxRepsol\/\" \/>\n<meta property=\"article:published_time\" content=\"2019-05-27T02:00:00+00:00\" \/>\n<meta property=\"article:modified_time\" content=\"2024-10-09T13:46:41+00:00\" \/>\n<meta property=\"og:image\" content=\"https:\/\/bxrepsol.s3.eu-west-1.amazonaws.com\/static\/2022\/08\/29085332\/00_podio_toni_bou_italia_2019_trialgp.jpg\" \/>\n\t<meta property=\"og:image:width\" content=\"1280\" \/>\n\t<meta property=\"og:image:height\" content=\"600\" \/>\n\t<meta property=\"og:image:type\" content=\"image\/jpeg\" \/>\n<meta name=\"author\" content=\"Redacci\u00f3n Box Repsol\" \/>\n<meta name=\"twitter:card\" content=\"summary_large_image\" \/>\n<meta name=\"twitter:creator\" content=\"@https:\/\/twitter.com\/box_repsol\" \/>\n<meta name=\"twitter:site\" content=\"@box_repsol\" \/>\n<meta name=\"twitter:label1\" content=\"Written by\" \/>\n\t<meta name=\"twitter:data1\" content=\"Redacci\u00f3n Box Repsol\" \/>\n\t<meta name=\"twitter:label2\" content=\"Est. reading time\" \/>\n\t<meta name=\"twitter:data2\" content=\"1 minuto\" \/>\n<script type=\"application\/ld+json\" class=\"yoast-schema-graph\">{\"@context\":\"https:\\\/\\\/schema.org\",\"@graph\":[{\"@type\":\"Article\",\"@id\":\"https:\\\/\\\/www.boxrepsol.com\\\/es\\\/trial\\\/victoria-de-toni-bou-en-el-inicio-del-mundial-de-trialgp\\\/#article\",\"isPartOf\":{\"@id\":\"https:\\\/\\\/www.boxrepsol.com\\\/es\\\/trial\\\/victoria-de-toni-bou-en-el-inicio-del-mundial-de-trialgp\\\/\"},\"author\":{\"name\":\"Redacci\u00f3n Box Repsol\",\"@id\":\"https:\\\/\\\/www.boxrepsol.com\\\/es\\\/#\\\/schema\\\/person\\\/c5c2138f2cca251b0ad92b7086bb60b7\"},\"headline\":\"Victoria de Toni Bou en el inicio del Mundial de TrialGP\",\"datePublished\":\"2019-05-27T02:00:00+00:00\",\"dateModified\":\"2024-10-09T13:46:41+00:00\",\"mainEntityOfPage\":{\"@id\":\"https:\\\/\\\/www.boxrepsol.com\\\/es\\\/trial\\\/victoria-de-toni-bou-en-el-inicio-del-mundial-de-trialgp\\\/\"},\"wordCount\":271,\"commentCount\":0,\"publisher\":{\"@id\":\"https:\\\/\\\/www.boxrepsol.com\\\/es\\\/#organization\"},\"image\":{\"@id\":\"https:\\\/\\\/www.boxrepsol.com\\\/es\\\/trial\\\/victoria-de-toni-bou-en-el-inicio-del-mundial-de-trialgp\\\/#primaryimage\"},\"thumbnailUrl\":\"https:\\\/\\\/bxrepsol.s3.eu-west-1.amazonaws.com\\\/static\\\/2022\\\/08\\\/29085332\\\/00_podio_toni_bou_italia_2019_trialgp.jpg\",\"keywords\":[\"otros eventos y competiciones\"],\"articleSection\":[\"Trial\"],\"inLanguage\":\"es\",\"potentialAction\":[{\"@type\":\"CommentAction\",\"name\":\"Comment\",\"target\":[\"https:\\\/\\\/www.boxrepsol.com\\\/es\\\/trial\\\/victoria-de-toni-bou-en-el-inicio-del-mundial-de-trialgp\\\/#respond\"]}]},{\"@type\":\"WebPage\",\"@id\":\"https:\\\/\\\/www.boxrepsol.com\\\/es\\\/trial\\\/victoria-de-toni-bou-en-el-inicio-del-mundial-de-trialgp\\\/\",\"url\":\"https:\\\/\\\/www.boxrepsol.com\\\/es\\\/trial\\\/victoria-de-toni-bou-en-el-inicio-del-mundial-de-trialgp\\\/\",\"name\":\"Victoria de Toni Bou en el inicio del Mundial de TrialGP - Box Repsol\",\"isPartOf\":{\"@id\":\"https:\\\/\\\/www.boxrepsol.com\\\/es\\\/#website\"},\"primaryImageOfPage\":{\"@id\":\"https:\\\/\\\/www.boxrepsol.com\\\/es\\\/trial\\\/victoria-de-toni-bou-en-el-inicio-del-mundial-de-trialgp\\\/#primaryimage\"},\"image\":{\"@id\":\"https:\\\/\\\/www.boxrepsol.com\\\/es\\\/trial\\\/victoria-de-toni-bou-en-el-inicio-del-mundial-de-trialgp\\\/#primaryimage\"},\"thumbnailUrl\":\"https:\\\/\\\/bxrepsol.s3.eu-west-1.amazonaws.com\\\/static\\\/2022\\\/08\\\/29085332\\\/00_podio_toni_bou_italia_2019_trialgp.jpg\",\"datePublished\":\"2019-05-27T02:00:00+00:00\",\"dateModified\":\"2024-10-09T13:46:41+00:00\",\"description\":\"El piloto del equipo Repsol Honda se ha anotado el triunfo en la cita inaugural del Campeonato del Mundo de trial al aire libre celebrada hoy en Italia.\",\"breadcrumb\":{\"@id\":\"https:\\\/\\\/www.boxrepsol.com\\\/es\\\/trial\\\/victoria-de-toni-bou-en-el-inicio-del-mundial-de-trialgp\\\/#breadcrumb\"},\"inLanguage\":\"es\",\"potentialAction\":[{\"@type\":\"ReadAction\",\"target\":[\"https:\\\/\\\/www.boxrepsol.com\\\/es\\\/trial\\\/victoria-de-toni-bou-en-el-inicio-del-mundial-de-trialgp\\\/\"]}]},{\"@type\":\"ImageObject\",\"inLanguage\":\"es\",\"@id\":\"https:\\\/\\\/www.boxrepsol.com\\\/es\\\/trial\\\/victoria-de-toni-bou-en-el-inicio-del-mundial-de-trialgp\\\/#primaryimage\",\"url\":\"https:\\\/\\\/bxrepsol.s3.eu-west-1.amazonaws.com\\\/static\\\/2022\\\/08\\\/29085332\\\/00_podio_toni_bou_italia_2019_trialgp.jpg\",\"contentUrl\":\"https:\\\/\\\/bxrepsol.s3.eu-west-1.amazonaws.com\\\/static\\\/2022\\\/08\\\/29085332\\\/00_podio_toni_bou_italia_2019_trialgp.jpg\",\"width\":1280,\"height\":600,\"caption\":\"Tonib Bou en el TrialGP de Italia 2019\"},{\"@type\":\"BreadcrumbList\",\"@id\":\"https:\\\/\\\/www.boxrepsol.com\\\/es\\\/trial\\\/victoria-de-toni-bou-en-el-inicio-del-mundial-de-trialgp\\\/#breadcrumb\",\"itemListElement\":[{\"@type\":\"ListItem\",\"position\":1,\"name\":\"Home\",\"item\":\"https:\\\/\\\/www.boxrepsol.com\\\/es\\\/\"},{\"@type\":\"ListItem\",\"position\":2,\"name\":\"Victoria de Toni Bou en el inicio del Mundial de TrialGP\"}]},{\"@type\":\"WebSite\",\"@id\":\"https:\\\/\\\/www.boxrepsol.com\\\/es\\\/#website\",\"url\":\"https:\\\/\\\/www.boxrepsol.com\\\/es\\\/\",\"name\":\"Box Repsol\",\"description\":\"Box Repsol Site\",\"publisher\":{\"@id\":\"https:\\\/\\\/www.boxrepsol.com\\\/es\\\/#organization\"},\"potentialAction\":[{\"@type\":\"SearchAction\",\"target\":{\"@type\":\"EntryPoint\",\"urlTemplate\":\"https:\\\/\\\/www.boxrepsol.com\\\/es\\\/?s={search_term_string}\"},\"query-input\":{\"@type\":\"PropertyValueSpecification\",\"valueRequired\":true,\"valueName\":\"search_term_string\"}}],\"inLanguage\":\"es\"},{\"@type\":\"Organization\",\"@id\":\"https:\\\/\\\/www.boxrepsol.com\\\/es\\\/#organization\",\"name\":\"Box Repsol\",\"url\":\"https:\\\/\\\/www.boxrepsol.com\\\/es\\\/\",\"logo\":{\"@type\":\"ImageObject\",\"inLanguage\":\"es\",\"@id\":\"https:\\\/\\\/www.boxrepsol.com\\\/es\\\/#\\\/schema\\\/logo\\\/image\\\/\",\"url\":\"https:\\\/\\\/bxrepsol.s3.eu-west-1.amazonaws.com\\\/static\\\/2025\\\/07\\\/30083337\\\/favicon-96x96-1.png\",\"contentUrl\":\"https:\\\/\\\/bxrepsol.s3.eu-west-1.amazonaws.com\\\/static\\\/2025\\\/07\\\/30083337\\\/favicon-96x96-1.png\",\"width\":96,\"height\":96,\"caption\":\"Box Repsol\"},\"image\":{\"@id\":\"https:\\\/\\\/www.boxrepsol.com\\\/es\\\/#\\\/schema\\\/logo\\\/image\\\/\"},\"sameAs\":[\"https:\\\/\\\/www.facebook.com\\\/BoxRepsol\",\"https:\\\/\\\/x.com\\\/box_repsol\",\"http:\\\/\\\/instagram.com\\\/box_repsol\",\"https:\\\/\\\/www.youtube.com\\\/user\\\/RepsolCompeticion\",\"https:\\\/\\\/www.flickr.com\\\/photos\\\/box_repsol\\\/\"]},{\"@type\":\"Person\",\"@id\":\"https:\\\/\\\/www.boxrepsol.com\\\/es\\\/#\\\/schema\\\/person\\\/c5c2138f2cca251b0ad92b7086bb60b7\",\"name\":\"Redacci\u00f3n Box Repsol\",\"image\":{\"@type\":\"ImageObject\",\"inLanguage\":\"es\",\"@id\":\"https:\\\/\\\/secure.gravatar.com\\\/avatar\\\/adf7b77e38b4419baf32c7e9c21dde01f4e40df611f0978e3006fc4ba0aaab7e?s=96&d=mm&r=g\",\"url\":\"https:\\\/\\\/secure.gravatar.com\\\/avatar\\\/adf7b77e38b4419baf32c7e9c21dde01f4e40df611f0978e3006fc4ba0aaab7e?s=96&d=mm&r=g\",\"contentUrl\":\"https:\\\/\\\/secure.gravatar.com\\\/avatar\\\/adf7b77e38b4419baf32c7e9c21dde01f4e40df611f0978e3006fc4ba0aaab7e?s=96&d=mm&r=g\",\"caption\":\"Redacci\u00f3n Box Repsol\"},\"description\":\"Box Repsol lo forma un equipo de periodistas, community managers, dise\u00f1adores y fot\u00f3grafos con m\u00e1s de 20 a\u00f1os de experiencia en el mundo del motorsport. Hemos vivido el primer mundial de un espa\u00f1ol en la categor\u00eda reina de motociclismo con \u00c1lex Crivill\u00e9, estuvimos en las victorias de Pedrosa y los t\u00edtulos de M\u00e1rquez, acompa\u00f1amos en \u00c1frica a Nani Roma y Marc Coma en sus conquistas del Dakar y hemos vibrado con los t\u00edtulos de Toni Bou en Trial. Adem\u00e1s, en nuestro equipo contamos con expertos en el mundo de las dos y cuatro ruedas tanto de la calle y las carreteras, como de los circuitos. Periodistas que han trabajado en revistas y publicaciones para hacerte llegar desde rutas y consejos de mantenimiento, a curiosidades y trucos de pilotaje.\",\"sameAs\":[\"https:\\\/\\\/www.facebook.com\\\/BoxRepsol\\\/\",\"https:\\\/\\\/www.instagram.com\\\/box_repsol\\\/\",\"https:\\\/\\\/x.com\\\/https:\\\/\\\/twitter.com\\\/box_repsol\",\"https:\\\/\\\/www.youtube.com\\\/@Boxrepsol\"],\"url\":\"https:\\\/\\\/www.boxrepsol.com\\\/es\\\/author\\\/redaccion-box-repsol\\\/\"}]}<\/script>\n<!-- \/ Yoast SEO plugin. -->","yoast_head_json":{"title":"Victoria de Toni Bou en el inicio del Mundial de TrialGP - Box Repsol","description":"El piloto del equipo Repsol Honda se ha anotado el triunfo en la cita inaugural del Campeonato del Mundo de trial al aire libre celebrada hoy en Italia.","canonical":"https:\/\/www.boxrepsol.com\/es\/trial\/victoria-de-toni-bou-en-el-inicio-del-mundial-de-trialgp\/","og_locale":"es_ES","og_type":"article","og_title":"Victoria de Toni Bou en el inicio del Mundial de TrialGP - Box Repsol","og_description":"El piloto del equipo Repsol Honda se ha anotado el triunfo en la cita inaugural del Campeonato del Mundo de trial al aire libre celebrada hoy en Italia.","og_url":"https:\/\/www.boxrepsol.com\/es\/trial\/victoria-de-toni-bou-en-el-inicio-del-mundial-de-trialgp\/","og_site_name":"Box Repsol","article_publisher":"https:\/\/www.facebook.com\/BoxRepsol","article_author":"https:\/\/www.facebook.com\/BoxRepsol\/","article_published_time":"2019-05-27T02:00:00+00:00","article_modified_time":"2024-10-09T13:46:41+00:00","og_image":[{"width":1280,"height":600,"url":"https:\/\/bxrepsol.s3.eu-west-1.amazonaws.com\/static\/2022\/08\/29085332\/00_podio_toni_bou_italia_2019_trialgp.jpg","type":"image\/jpeg"}],"author":"Redacci\u00f3n Box Repsol","twitter_card":"summary_large_image","twitter_creator":"@https:\/\/twitter.com\/box_repsol","twitter_site":"@box_repsol","twitter_misc":{"Written by":"Redacci\u00f3n Box Repsol","Est. reading time":"1 minuto"},"schema":{"@context":"https:\/\/schema.org","@graph":[{"@type":"Article","@id":"https:\/\/www.boxrepsol.com\/es\/trial\/victoria-de-toni-bou-en-el-inicio-del-mundial-de-trialgp\/#article","isPartOf":{"@id":"https:\/\/www.boxrepsol.com\/es\/trial\/victoria-de-toni-bou-en-el-inicio-del-mundial-de-trialgp\/"},"author":{"name":"Redacci\u00f3n Box Repsol","@id":"https:\/\/www.boxrepsol.com\/es\/#\/schema\/person\/c5c2138f2cca251b0ad92b7086bb60b7"},"headline":"Victoria de Toni Bou en el inicio del Mundial de TrialGP","datePublished":"2019-05-27T02:00:00+00:00","dateModified":"2024-10-09T13:46:41+00:00","mainEntityOfPage":{"@id":"https:\/\/www.boxrepsol.com\/es\/trial\/victoria-de-toni-bou-en-el-inicio-del-mundial-de-trialgp\/"},"wordCount":271,"commentCount":0,"publisher":{"@id":"https:\/\/www.boxrepsol.com\/es\/#organization"},"image":{"@id":"https:\/\/www.boxrepsol.com\/es\/trial\/victoria-de-toni-bou-en-el-inicio-del-mundial-de-trialgp\/#primaryimage"},"thumbnailUrl":"https:\/\/bxrepsol.s3.eu-west-1.amazonaws.com\/static\/2022\/08\/29085332\/00_podio_toni_bou_italia_2019_trialgp.jpg","keywords":["otros eventos y competiciones"],"articleSection":["Trial"],"inLanguage":"es","potentialAction":[{"@type":"CommentAction","name":"Comment","target":["https:\/\/www.boxrepsol.com\/es\/trial\/victoria-de-toni-bou-en-el-inicio-del-mundial-de-trialgp\/#respond"]}]},{"@type":"WebPage","@id":"https:\/\/www.boxrepsol.com\/es\/trial\/victoria-de-toni-bou-en-el-inicio-del-mundial-de-trialgp\/","url":"https:\/\/www.boxrepsol.com\/es\/trial\/victoria-de-toni-bou-en-el-inicio-del-mundial-de-trialgp\/","name":"Victoria de Toni Bou en el inicio del Mundial de TrialGP - Box Repsol","isPartOf":{"@id":"https:\/\/www.boxrepsol.com\/es\/#website"},"primaryImageOfPage":{"@id":"https:\/\/www.boxrepsol.com\/es\/trial\/victoria-de-toni-bou-en-el-inicio-del-mundial-de-trialgp\/#primaryimage"},"image":{"@id":"https:\/\/www.boxrepsol.com\/es\/trial\/victoria-de-toni-bou-en-el-inicio-del-mundial-de-trialgp\/#primaryimage"},"thumbnailUrl":"https:\/\/bxrepsol.s3.eu-west-1.amazonaws.com\/static\/2022\/08\/29085332\/00_podio_toni_bou_italia_2019_trialgp.jpg","datePublished":"2019-05-27T02:00:00+00:00","dateModified":"2024-10-09T13:46:41+00:00","description":"El piloto del equipo Repsol Honda se ha anotado el triunfo en la cita inaugural del Campeonato del Mundo de trial al aire libre celebrada hoy en Italia.","breadcrumb":{"@id":"https:\/\/www.boxrepsol.com\/es\/trial\/victoria-de-toni-bou-en-el-inicio-del-mundial-de-trialgp\/#breadcrumb"},"inLanguage":"es","potentialAction":[{"@type":"ReadAction","target":["https:\/\/www.boxrepsol.com\/es\/trial\/victoria-de-toni-bou-en-el-inicio-del-mundial-de-trialgp\/"]}]},{"@type":"ImageObject","inLanguage":"es","@id":"https:\/\/www.boxrepsol.com\/es\/trial\/victoria-de-toni-bou-en-el-inicio-del-mundial-de-trialgp\/#primaryimage","url":"https:\/\/bxrepsol.s3.eu-west-1.amazonaws.com\/static\/2022\/08\/29085332\/00_podio_toni_bou_italia_2019_trialgp.jpg","contentUrl":"https:\/\/bxrepsol.s3.eu-west-1.amazonaws.com\/static\/2022\/08\/29085332\/00_podio_toni_bou_italia_2019_trialgp.jpg","width":1280,"height":600,"caption":"Tonib Bou en el TrialGP de Italia 2019"},{"@type":"BreadcrumbList","@id":"https:\/\/www.boxrepsol.com\/es\/trial\/victoria-de-toni-bou-en-el-inicio-del-mundial-de-trialgp\/#breadcrumb","itemListElement":[{"@type":"ListItem","position":1,"name":"Home","item":"https:\/\/www.boxrepsol.com\/es\/"},{"@type":"ListItem","position":2,"name":"Victoria de Toni Bou en el inicio del Mundial de TrialGP"}]},{"@type":"WebSite","@id":"https:\/\/www.boxrepsol.com\/es\/#website","url":"https:\/\/www.boxrepsol.com\/es\/","name":"Box Repsol","description":"Box Repsol Site","publisher":{"@id":"https:\/\/www.boxrepsol.com\/es\/#organization"},"potentialAction":[{"@type":"SearchAction","target":{"@type":"EntryPoint","urlTemplate":"https:\/\/www.boxrepsol.com\/es\/?s={search_term_string}"},"query-input":{"@type":"PropertyValueSpecification","valueRequired":true,"valueName":"search_term_string"}}],"inLanguage":"es"},{"@type":"Organization","@id":"https:\/\/www.boxrepsol.com\/es\/#organization","name":"Box Repsol","url":"https:\/\/www.boxrepsol.com\/es\/","logo":{"@type":"ImageObject","inLanguage":"es","@id":"https:\/\/www.boxrepsol.com\/es\/#\/schema\/logo\/image\/","url":"https:\/\/bxrepsol.s3.eu-west-1.amazonaws.com\/static\/2025\/07\/30083337\/favicon-96x96-1.png","contentUrl":"https:\/\/bxrepsol.s3.eu-west-1.amazonaws.com\/static\/2025\/07\/30083337\/favicon-96x96-1.png","width":96,"height":96,"caption":"Box Repsol"},"image":{"@id":"https:\/\/www.boxrepsol.com\/es\/#\/schema\/logo\/image\/"},"sameAs":["https:\/\/www.facebook.com\/BoxRepsol","https:\/\/x.com\/box_repsol","http:\/\/instagram.com\/box_repsol","https:\/\/www.youtube.com\/user\/RepsolCompeticion","https:\/\/www.flickr.com\/photos\/box_repsol\/"]},{"@type":"Person","@id":"https:\/\/www.boxrepsol.com\/es\/#\/schema\/person\/c5c2138f2cca251b0ad92b7086bb60b7","name":"Redacci\u00f3n Box Repsol","image":{"@type":"ImageObject","inLanguage":"es","@id":"https:\/\/secure.gravatar.com\/avatar\/adf7b77e38b4419baf32c7e9c21dde01f4e40df611f0978e3006fc4ba0aaab7e?s=96&d=mm&r=g","url":"https:\/\/secure.gravatar.com\/avatar\/adf7b77e38b4419baf32c7e9c21dde01f4e40df611f0978e3006fc4ba0aaab7e?s=96&d=mm&r=g","contentUrl":"https:\/\/secure.gravatar.com\/avatar\/adf7b77e38b4419baf32c7e9c21dde01f4e40df611f0978e3006fc4ba0aaab7e?s=96&d=mm&r=g","caption":"Redacci\u00f3n Box Repsol"},"description":"Box Repsol lo forma un equipo de periodistas, community managers, dise\u00f1adores y fot\u00f3grafos con m\u00e1s de 20 a\u00f1os de experiencia en el mundo del motorsport. Hemos vivido el primer mundial de un espa\u00f1ol en la categor\u00eda reina de motociclismo con \u00c1lex Crivill\u00e9, estuvimos en las victorias de Pedrosa y los t\u00edtulos de M\u00e1rquez, acompa\u00f1amos en \u00c1frica a Nani Roma y Marc Coma en sus conquistas del Dakar y hemos vibrado con los t\u00edtulos de Toni Bou en Trial. Adem\u00e1s, en nuestro equipo contamos con expertos en el mundo de las dos y cuatro ruedas tanto de la calle y las carreteras, como de los circuitos. Periodistas que han trabajado en revistas y publicaciones para hacerte llegar desde rutas y consejos de mantenimiento, a curiosidades y trucos de pilotaje.","sameAs":["https:\/\/www.facebook.com\/BoxRepsol\/","https:\/\/www.instagram.com\/box_repsol\/","https:\/\/x.com\/https:\/\/twitter.com\/box_repsol","https:\/\/www.youtube.com\/@Boxrepsol"],"url":"https:\/\/www.boxrepsol.com\/es\/author\/redaccion-box-repsol\/"}]}},"_links":{"self":[{"href":"https:\/\/www.boxrepsol.com\/es\/wp-json\/wp\/v2\/posts\/93923","targetHints":{"allow":["GET"]}}],"collection":[{"href":"https:\/\/www.boxrepsol.com\/es\/wp-json\/wp\/v2\/posts"}],"about":[{"href":"https:\/\/www.boxrepsol.com\/es\/wp-json\/wp\/v2\/types\/post"}],"author":[{"embeddable":true,"href":"https:\/\/www.boxrepsol.com\/es\/wp-json\/wp\/v2\/users\/43146"}],"replies":[{"embeddable":true,"href":"https:\/\/www.boxrepsol.com\/es\/wp-json\/wp\/v2\/comments?post=93923"}],"version-history":[{"count":2,"href":"https:\/\/www.boxrepsol.com\/es\/wp-json\/wp\/v2\/posts\/93923\/revisions"}],"predecessor-version":[{"id":121024,"href":"https:\/\/www.boxrepsol.com\/es\/wp-json\/wp\/v2\/posts\/93923\/revisions\/121024"}],"wp:featuredmedia":[{"embeddable":true,"href":"https:\/\/www.boxrepsol.com\/es\/wp-json\/wp\/v2\/media\/61803"}],"wp:attachment":[{"href":"https:\/\/www.boxrepsol.com\/es\/wp-json\/wp\/v2\/media?parent=93923"}],"wp:term":[{"taxonomy":"category","embeddable":true,"href":"https:\/\/www.boxrepsol.com\/es\/wp-json\/wp\/v2\/categories?post=93923"},{"taxonomy":"post_tag","embeddable":true,"href":"https:\/\/www.boxrepsol.com\/es\/wp-json\/wp\/v2\/tags?post=93923"}],"curies":[{"name":"wp","href":"https:\/\/api.w.org\/{rel}","templated":true}]}}