{"id":93907,"date":"2019-05-18T00:00:00","date_gmt":"2019-05-18T02:00:00","guid":{"rendered":"http:\/\/pre.boxrepsol.com\/sin-categorizar\/trabajada-pole-marc-marquez-condiciones-complicadas\/"},"modified":"2024-04-25T09:04:55","modified_gmt":"2024-04-25T11:04:55","slug":"trabajada-pole-marc-marquez-condiciones-complicadas","status":"publish","type":"post","link":"https:\/\/www.boxrepsol.com\/es\/motogp\/trabajada-pole-marc-marquez-condiciones-complicadas\/","title":{"rendered":"Trabajada \u2018pole\u2019 de Marc M\u00e1rquez en condiciones complicadas"},"content":{"rendered":"<p>El vigente Campe\u00f3n del Mundo de MotoGP ha sido <strong>segundo en el FP3<\/strong> \u2013celebrado en mojado\u2013 y<strong> el m\u00e1s r\u00e1pido del FP4<\/strong>, en el que ha tenido una ca\u00edda en su primera vuelta, al salir con neum\u00e1ticos lisos y estar la pista un poco h\u00fameda.<\/p>\n<p><strong>M\u00e1rquez ha logrado el mejor tiempo de la Q2<\/strong> en su primera vuelta lanzada, justo antes de tener una ca\u00edda en la curva 6. Aun as\u00ed, ha vuelto a subir a su moto y, sin pasar por boxes, ha completado otros seis giros.<br \/>\n<strong><br \/>\nCon la de hoy, iguala a Valentino Rossi con 55 \u2018pole positions\u2019 en la categor\u00eda reina, a tres de Mick Doohan, que logr\u00f3 58.<\/strong><br \/>\n<strong><br \/>\nJorge Lorenzo<\/strong> ha concluido en s\u00e9ptima posici\u00f3n el FP3, en decimotercera el FP4 y <strong>ha sido octavo en la Q2, su mejor clasificaci\u00f3n de la temporada<\/strong>.<\/p>\n<p>                <!-- Imagen relacionada --><br \/>\n        <img loading=\"lazy\" decoding=\"async\" width=\"404\" height=\"336\" src=\"https:\/\/bxrepsol.s3.eu-west-1.amazonaws.com\/static\/2022\/08\/29085259\/00_marc_marquez_motogp_le_mans_2019-e1558103111280-404x336-2.jpg\" alt=\"Marc M\u00e1rquez tomando una curva en sector revirado\" \/><br \/>\n                <!-- Categor\u00eda --><br \/>\n            MotoGP<br \/>\n        <!-- T\u00edtulo --><br \/>\n        <a href=\"https:\/\/www.boxrepsol.com\/es\/motogp\/marc-marquez-segundo-jorge-lorenzo-cuarto-la-primera-jornada\/\"><\/p>\n<h3>Marc M\u00e1rquez es segundo y Jorge Lorenzo, cuarto, en la primera jornada<\/h3>\n<p>        <\/a><br \/>\n                    <!-- Fecha --><br \/>\n            hace 18 horas        <\/p>\n<h2>GP Francia 2019 Clasificatoria &#8211; Declaraciones de los pilotos<\/h2>\n<p><a href=\"https:\/\/twitter.com\/hashtag\/mm93?src=hash&#038;lang=es\">#MM93<\/a><\/p>\n<p><em>\u00a1Hoy ha sido uno de esos d\u00edas! Con las condiciones que hab\u00eda, no sab\u00edas si salir con neum\u00e1ticos lisos o de agua, porque la lluvia era muy fina y era realmente dif\u00edcil. En la sesi\u00f3n cronometrada sab\u00edamos que ten\u00edamos que tirar en la primera vuelta, cuando hab\u00eda menos agua en la pista. En cuanto ha habido m\u00e1s, ha sido m\u00e1s dif\u00edcil. <\/p>\n<p><strong>Estoy contento con esta \u2018pole\u2019, porque era un d\u00eda en el que f\u00e1cilmente pod\u00edas clasificarte detr\u00e1s si no ibas con cuidado<\/strong>. Ahora veremos qu\u00e9 tiempo hace ma\u00f1ana.<\/em><\/p>\n<hr\/>\n<p><a href=\"https:\/\/twitter.com\/hashtag\/jl99?src=hash&#038;lang=es\">#JL99<\/a><\/p>\n<p><em>Las condiciones era muy complicadas, especialmente en el entrenamiento cronometrado. Hab\u00eda un sector totalmente mojado y sin agarre, y los otros pr\u00e1cticamente secos, as\u00ed que era complicado mantenerse sobre la moto. Creo que nos podr\u00edamos haber clasificado en primera o segunda fila, porque he escogido el neum\u00e1tico blando primero y luego he montado el medio. <\/p>\n<p>Si lo hubiera utilizado en la primera salida, creo que podr\u00edamos haber conseguido m\u00e1s. De todos modos, <strong>hemos logrado nuestra mejor clasificaci\u00f3n de la temporada y eso es positivo<\/strong>.<\/em><\/p>\n","protected":false},"excerpt":{"rendered":"<p>El piloto del equipo Repsol Honda suma su tercera \u2018pole position\u2019 de la temporada en una sesi\u00f3n con la pista cada vez m\u00e1s mojada. Jorge Lorenzo saldr\u00e1 octavo.<\/p>\n","protected":false},"author":43146,"featured_media":61753,"comment_status":"open","ping_status":"open","sticky":false,"template":"","format":"standard","meta":{"footnotes":""},"categories":[4],"tags":[121],"class_list":["post-93907","post","type-post","status-publish","format-standard","hentry","category-motogp","tag-motogp-francia"],"yoast_head":"<!-- This site is optimized with the Yoast SEO plugin v27.3 - https:\/\/yoast.com\/product\/yoast-seo-wordpress\/ -->\n<title>GP Francia 2019 Clasificatoria - Trabajada \u2018pole\u2019 de Marc M\u00e1rquez en condiciones complicadas<\/title>\n<meta name=\"description\" content=\"El piloto del equipo Repsol Honda suma su tercera \u2018pole position\u2019 de la temporada en una sesi\u00f3n con la pista cada vez m\u00e1s mojada. Lorenzo saldr\u00e1 octavo.\" \/>\n<link rel=\"canonical\" href=\"https:\/\/www.boxrepsol.com\/es\/motogp\/trabajada-pole-marc-marquez-condiciones-complicadas\/\" \/>\n<meta property=\"og:locale\" content=\"es_ES\" \/>\n<meta property=\"og:type\" content=\"article\" \/>\n<meta property=\"og:title\" content=\"GP Francia 2019 Clasificatoria - Trabajada \u2018pole\u2019 de Marc M\u00e1rquez en condiciones complicadas\" \/>\n<meta property=\"og:description\" content=\"El piloto del equipo Repsol Honda suma su tercera \u2018pole position\u2019 de la temporada en una sesi\u00f3n con la pista cada vez m\u00e1s mojada. Lorenzo saldr\u00e1 octavo.\" \/>\n<meta property=\"og:url\" content=\"https:\/\/www.boxrepsol.com\/es\/motogp\/trabajada-pole-marc-marquez-condiciones-complicadas\/\" \/>\n<meta property=\"og:site_name\" content=\"Box Repsol\" \/>\n<meta property=\"article:publisher\" content=\"https:\/\/www.facebook.com\/BoxRepsol\" \/>\n<meta property=\"article:author\" content=\"https:\/\/www.facebook.com\/BoxRepsol\/\" \/>\n<meta property=\"article:published_time\" content=\"2019-05-18T02:00:00+00:00\" \/>\n<meta property=\"article:modified_time\" content=\"2024-04-25T11:04:55+00:00\" \/>\n<meta property=\"og:image\" content=\"https:\/\/bxrepsol.s3.eu-west-1.amazonaws.com\/static\/2022\/08\/29085301\/00_motogp_marc_marquez_rozadura_mono_le_mans_lluvia_pole-1.jpg\" \/>\n\t<meta property=\"og:image:width\" content=\"1280\" \/>\n\t<meta property=\"og:image:height\" content=\"600\" \/>\n\t<meta property=\"og:image:type\" content=\"image\/jpeg\" \/>\n<meta name=\"author\" content=\"Redacci\u00f3n Box Repsol\" \/>\n<meta name=\"twitter:card\" content=\"summary_large_image\" \/>\n<meta name=\"twitter:creator\" content=\"@https:\/\/twitter.com\/box_repsol\" \/>\n<meta name=\"twitter:site\" content=\"@box_repsol\" \/>\n<meta name=\"twitter:label1\" content=\"Written by\" \/>\n\t<meta name=\"twitter:data1\" content=\"Redacci\u00f3n Box Repsol\" \/>\n\t<meta name=\"twitter:label2\" content=\"Est. reading time\" \/>\n\t<meta name=\"twitter:data2\" content=\"2 minutos\" \/>\n<script type=\"application\/ld+json\" class=\"yoast-schema-graph\">{\"@context\":\"https:\\\/\\\/schema.org\",\"@graph\":[{\"@type\":\"Article\",\"@id\":\"https:\\\/\\\/www.boxrepsol.com\\\/es\\\/motogp\\\/trabajada-pole-marc-marquez-condiciones-complicadas\\\/#article\",\"isPartOf\":{\"@id\":\"https:\\\/\\\/www.boxrepsol.com\\\/es\\\/motogp\\\/trabajada-pole-marc-marquez-condiciones-complicadas\\\/\"},\"author\":{\"name\":\"Redacci\u00f3n Box Repsol\",\"@id\":\"https:\\\/\\\/www.boxrepsol.com\\\/es\\\/#\\\/schema\\\/person\\\/c5c2138f2cca251b0ad92b7086bb60b7\"},\"headline\":\"Trabajada \u2018pole\u2019 de Marc M\u00e1rquez en condiciones complicadas\",\"datePublished\":\"2019-05-18T02:00:00+00:00\",\"dateModified\":\"2024-04-25T11:04:55+00:00\",\"mainEntityOfPage\":{\"@id\":\"https:\\\/\\\/www.boxrepsol.com\\\/es\\\/motogp\\\/trabajada-pole-marc-marquez-condiciones-complicadas\\\/\"},\"wordCount\":378,\"commentCount\":0,\"publisher\":{\"@id\":\"https:\\\/\\\/www.boxrepsol.com\\\/es\\\/#organization\"},\"image\":{\"@id\":\"https:\\\/\\\/www.boxrepsol.com\\\/es\\\/motogp\\\/trabajada-pole-marc-marquez-condiciones-complicadas\\\/#primaryimage\"},\"thumbnailUrl\":\"https:\\\/\\\/bxrepsol.s3.eu-west-1.amazonaws.com\\\/static\\\/2022\\\/08\\\/29085301\\\/00_motogp_marc_marquez_rozadura_mono_le_mans_lluvia_pole-1.jpg\",\"keywords\":[\"MotoGP Francia\"],\"articleSection\":[\"MotoGP\"],\"inLanguage\":\"es\",\"potentialAction\":[{\"@type\":\"CommentAction\",\"name\":\"Comment\",\"target\":[\"https:\\\/\\\/www.boxrepsol.com\\\/es\\\/motogp\\\/trabajada-pole-marc-marquez-condiciones-complicadas\\\/#respond\"]}]},{\"@type\":\"WebPage\",\"@id\":\"https:\\\/\\\/www.boxrepsol.com\\\/es\\\/motogp\\\/trabajada-pole-marc-marquez-condiciones-complicadas\\\/\",\"url\":\"https:\\\/\\\/www.boxrepsol.com\\\/es\\\/motogp\\\/trabajada-pole-marc-marquez-condiciones-complicadas\\\/\",\"name\":\"GP Francia 2019 Clasificatoria - Trabajada \u2018pole\u2019 de Marc M\u00e1rquez en condiciones complicadas\",\"isPartOf\":{\"@id\":\"https:\\\/\\\/www.boxrepsol.com\\\/es\\\/#website\"},\"primaryImageOfPage\":{\"@id\":\"https:\\\/\\\/www.boxrepsol.com\\\/es\\\/motogp\\\/trabajada-pole-marc-marquez-condiciones-complicadas\\\/#primaryimage\"},\"image\":{\"@id\":\"https:\\\/\\\/www.boxrepsol.com\\\/es\\\/motogp\\\/trabajada-pole-marc-marquez-condiciones-complicadas\\\/#primaryimage\"},\"thumbnailUrl\":\"https:\\\/\\\/bxrepsol.s3.eu-west-1.amazonaws.com\\\/static\\\/2022\\\/08\\\/29085301\\\/00_motogp_marc_marquez_rozadura_mono_le_mans_lluvia_pole-1.jpg\",\"datePublished\":\"2019-05-18T02:00:00+00:00\",\"dateModified\":\"2024-04-25T11:04:55+00:00\",\"description\":\"El piloto del equipo Repsol Honda suma su tercera \u2018pole position\u2019 de la temporada en una sesi\u00f3n con la pista cada vez m\u00e1s mojada. Lorenzo saldr\u00e1 octavo.\",\"breadcrumb\":{\"@id\":\"https:\\\/\\\/www.boxrepsol.com\\\/es\\\/motogp\\\/trabajada-pole-marc-marquez-condiciones-complicadas\\\/#breadcrumb\"},\"inLanguage\":\"es\",\"potentialAction\":[{\"@type\":\"ReadAction\",\"target\":[\"https:\\\/\\\/www.boxrepsol.com\\\/es\\\/motogp\\\/trabajada-pole-marc-marquez-condiciones-complicadas\\\/\"]}]},{\"@type\":\"ImageObject\",\"inLanguage\":\"es\",\"@id\":\"https:\\\/\\\/www.boxrepsol.com\\\/es\\\/motogp\\\/trabajada-pole-marc-marquez-condiciones-complicadas\\\/#primaryimage\",\"url\":\"https:\\\/\\\/bxrepsol.s3.eu-west-1.amazonaws.com\\\/static\\\/2022\\\/08\\\/29085301\\\/00_motogp_marc_marquez_rozadura_mono_le_mans_lluvia_pole-1.jpg\",\"contentUrl\":\"https:\\\/\\\/bxrepsol.s3.eu-west-1.amazonaws.com\\\/static\\\/2022\\\/08\\\/29085301\\\/00_motogp_marc_marquez_rozadura_mono_le_mans_lluvia_pole-1.jpg\",\"width\":1280,\"height\":600,\"caption\":\"Marc M\u00e1rquez se\u00f1alando rozadura de asfalto en mono\"},{\"@type\":\"BreadcrumbList\",\"@id\":\"https:\\\/\\\/www.boxrepsol.com\\\/es\\\/motogp\\\/trabajada-pole-marc-marquez-condiciones-complicadas\\\/#breadcrumb\",\"itemListElement\":[{\"@type\":\"ListItem\",\"position\":1,\"name\":\"Home\",\"item\":\"https:\\\/\\\/www.boxrepsol.com\\\/es\\\/\"},{\"@type\":\"ListItem\",\"position\":2,\"name\":\"Trabajada \u2018pole\u2019 de Marc M\u00e1rquez en condiciones complicadas\"}]},{\"@type\":\"WebSite\",\"@id\":\"https:\\\/\\\/www.boxrepsol.com\\\/es\\\/#website\",\"url\":\"https:\\\/\\\/www.boxrepsol.com\\\/es\\\/\",\"name\":\"Box Repsol\",\"description\":\"Box Repsol Site\",\"publisher\":{\"@id\":\"https:\\\/\\\/www.boxrepsol.com\\\/es\\\/#organization\"},\"potentialAction\":[{\"@type\":\"SearchAction\",\"target\":{\"@type\":\"EntryPoint\",\"urlTemplate\":\"https:\\\/\\\/www.boxrepsol.com\\\/es\\\/?s={search_term_string}\"},\"query-input\":{\"@type\":\"PropertyValueSpecification\",\"valueRequired\":true,\"valueName\":\"search_term_string\"}}],\"inLanguage\":\"es\"},{\"@type\":\"Organization\",\"@id\":\"https:\\\/\\\/www.boxrepsol.com\\\/es\\\/#organization\",\"name\":\"Box Repsol\",\"url\":\"https:\\\/\\\/www.boxrepsol.com\\\/es\\\/\",\"logo\":{\"@type\":\"ImageObject\",\"inLanguage\":\"es\",\"@id\":\"https:\\\/\\\/www.boxrepsol.com\\\/es\\\/#\\\/schema\\\/logo\\\/image\\\/\",\"url\":\"https:\\\/\\\/bxrepsol.s3.eu-west-1.amazonaws.com\\\/static\\\/2025\\\/07\\\/30083337\\\/favicon-96x96-1.png\",\"contentUrl\":\"https:\\\/\\\/bxrepsol.s3.eu-west-1.amazonaws.com\\\/static\\\/2025\\\/07\\\/30083337\\\/favicon-96x96-1.png\",\"width\":96,\"height\":96,\"caption\":\"Box Repsol\"},\"image\":{\"@id\":\"https:\\\/\\\/www.boxrepsol.com\\\/es\\\/#\\\/schema\\\/logo\\\/image\\\/\"},\"sameAs\":[\"https:\\\/\\\/www.facebook.com\\\/BoxRepsol\",\"https:\\\/\\\/x.com\\\/box_repsol\",\"http:\\\/\\\/instagram.com\\\/box_repsol\",\"https:\\\/\\\/www.youtube.com\\\/user\\\/RepsolCompeticion\",\"https:\\\/\\\/www.flickr.com\\\/photos\\\/box_repsol\\\/\"]},{\"@type\":\"Person\",\"@id\":\"https:\\\/\\\/www.boxrepsol.com\\\/es\\\/#\\\/schema\\\/person\\\/c5c2138f2cca251b0ad92b7086bb60b7\",\"name\":\"Redacci\u00f3n Box Repsol\",\"image\":{\"@type\":\"ImageObject\",\"inLanguage\":\"es\",\"@id\":\"https:\\\/\\\/secure.gravatar.com\\\/avatar\\\/adf7b77e38b4419baf32c7e9c21dde01f4e40df611f0978e3006fc4ba0aaab7e?s=96&d=mm&r=g\",\"url\":\"https:\\\/\\\/secure.gravatar.com\\\/avatar\\\/adf7b77e38b4419baf32c7e9c21dde01f4e40df611f0978e3006fc4ba0aaab7e?s=96&d=mm&r=g\",\"contentUrl\":\"https:\\\/\\\/secure.gravatar.com\\\/avatar\\\/adf7b77e38b4419baf32c7e9c21dde01f4e40df611f0978e3006fc4ba0aaab7e?s=96&d=mm&r=g\",\"caption\":\"Redacci\u00f3n Box Repsol\"},\"description\":\"Box Repsol lo forma un equipo de periodistas, community managers, dise\u00f1adores y fot\u00f3grafos con m\u00e1s de 20 a\u00f1os de experiencia en el mundo del motorsport. Hemos vivido el primer mundial de un espa\u00f1ol en la categor\u00eda reina de motociclismo con \u00c1lex Crivill\u00e9, estuvimos en las victorias de Pedrosa y los t\u00edtulos de M\u00e1rquez, acompa\u00f1amos en \u00c1frica a Nani Roma y Marc Coma en sus conquistas del Dakar y hemos vibrado con los t\u00edtulos de Toni Bou en Trial. Adem\u00e1s, en nuestro equipo contamos con expertos en el mundo de las dos y cuatro ruedas tanto de la calle y las carreteras, como de los circuitos. Periodistas que han trabajado en revistas y publicaciones para hacerte llegar desde rutas y consejos de mantenimiento, a curiosidades y trucos de pilotaje.\",\"sameAs\":[\"https:\\\/\\\/www.facebook.com\\\/BoxRepsol\\\/\",\"https:\\\/\\\/www.instagram.com\\\/box_repsol\\\/\",\"https:\\\/\\\/x.com\\\/https:\\\/\\\/twitter.com\\\/box_repsol\",\"https:\\\/\\\/www.youtube.com\\\/@Boxrepsol\"],\"url\":\"https:\\\/\\\/www.boxrepsol.com\\\/es\\\/author\\\/redaccion-box-repsol\\\/\"}]}<\/script>\n<!-- \/ Yoast SEO plugin. -->","yoast_head_json":{"title":"GP Francia 2019 Clasificatoria - Trabajada \u2018pole\u2019 de Marc M\u00e1rquez en condiciones complicadas","description":"El piloto del equipo Repsol Honda suma su tercera \u2018pole position\u2019 de la temporada en una sesi\u00f3n con la pista cada vez m\u00e1s mojada. Lorenzo saldr\u00e1 octavo.","canonical":"https:\/\/www.boxrepsol.com\/es\/motogp\/trabajada-pole-marc-marquez-condiciones-complicadas\/","og_locale":"es_ES","og_type":"article","og_title":"GP Francia 2019 Clasificatoria - Trabajada \u2018pole\u2019 de Marc M\u00e1rquez en condiciones complicadas","og_description":"El piloto del equipo Repsol Honda suma su tercera \u2018pole position\u2019 de la temporada en una sesi\u00f3n con la pista cada vez m\u00e1s mojada. Lorenzo saldr\u00e1 octavo.","og_url":"https:\/\/www.boxrepsol.com\/es\/motogp\/trabajada-pole-marc-marquez-condiciones-complicadas\/","og_site_name":"Box Repsol","article_publisher":"https:\/\/www.facebook.com\/BoxRepsol","article_author":"https:\/\/www.facebook.com\/BoxRepsol\/","article_published_time":"2019-05-18T02:00:00+00:00","article_modified_time":"2024-04-25T11:04:55+00:00","og_image":[{"width":1280,"height":600,"url":"https:\/\/bxrepsol.s3.eu-west-1.amazonaws.com\/static\/2022\/08\/29085301\/00_motogp_marc_marquez_rozadura_mono_le_mans_lluvia_pole-1.jpg","type":"image\/jpeg"}],"author":"Redacci\u00f3n Box Repsol","twitter_card":"summary_large_image","twitter_creator":"@https:\/\/twitter.com\/box_repsol","twitter_site":"@box_repsol","twitter_misc":{"Written by":"Redacci\u00f3n Box Repsol","Est. reading time":"2 minutos"},"schema":{"@context":"https:\/\/schema.org","@graph":[{"@type":"Article","@id":"https:\/\/www.boxrepsol.com\/es\/motogp\/trabajada-pole-marc-marquez-condiciones-complicadas\/#article","isPartOf":{"@id":"https:\/\/www.boxrepsol.com\/es\/motogp\/trabajada-pole-marc-marquez-condiciones-complicadas\/"},"author":{"name":"Redacci\u00f3n Box Repsol","@id":"https:\/\/www.boxrepsol.com\/es\/#\/schema\/person\/c5c2138f2cca251b0ad92b7086bb60b7"},"headline":"Trabajada \u2018pole\u2019 de Marc M\u00e1rquez en condiciones complicadas","datePublished":"2019-05-18T02:00:00+00:00","dateModified":"2024-04-25T11:04:55+00:00","mainEntityOfPage":{"@id":"https:\/\/www.boxrepsol.com\/es\/motogp\/trabajada-pole-marc-marquez-condiciones-complicadas\/"},"wordCount":378,"commentCount":0,"publisher":{"@id":"https:\/\/www.boxrepsol.com\/es\/#organization"},"image":{"@id":"https:\/\/www.boxrepsol.com\/es\/motogp\/trabajada-pole-marc-marquez-condiciones-complicadas\/#primaryimage"},"thumbnailUrl":"https:\/\/bxrepsol.s3.eu-west-1.amazonaws.com\/static\/2022\/08\/29085301\/00_motogp_marc_marquez_rozadura_mono_le_mans_lluvia_pole-1.jpg","keywords":["MotoGP Francia"],"articleSection":["MotoGP"],"inLanguage":"es","potentialAction":[{"@type":"CommentAction","name":"Comment","target":["https:\/\/www.boxrepsol.com\/es\/motogp\/trabajada-pole-marc-marquez-condiciones-complicadas\/#respond"]}]},{"@type":"WebPage","@id":"https:\/\/www.boxrepsol.com\/es\/motogp\/trabajada-pole-marc-marquez-condiciones-complicadas\/","url":"https:\/\/www.boxrepsol.com\/es\/motogp\/trabajada-pole-marc-marquez-condiciones-complicadas\/","name":"GP Francia 2019 Clasificatoria - Trabajada \u2018pole\u2019 de Marc M\u00e1rquez en condiciones complicadas","isPartOf":{"@id":"https:\/\/www.boxrepsol.com\/es\/#website"},"primaryImageOfPage":{"@id":"https:\/\/www.boxrepsol.com\/es\/motogp\/trabajada-pole-marc-marquez-condiciones-complicadas\/#primaryimage"},"image":{"@id":"https:\/\/www.boxrepsol.com\/es\/motogp\/trabajada-pole-marc-marquez-condiciones-complicadas\/#primaryimage"},"thumbnailUrl":"https:\/\/bxrepsol.s3.eu-west-1.amazonaws.com\/static\/2022\/08\/29085301\/00_motogp_marc_marquez_rozadura_mono_le_mans_lluvia_pole-1.jpg","datePublished":"2019-05-18T02:00:00+00:00","dateModified":"2024-04-25T11:04:55+00:00","description":"El piloto del equipo Repsol Honda suma su tercera \u2018pole position\u2019 de la temporada en una sesi\u00f3n con la pista cada vez m\u00e1s mojada. Lorenzo saldr\u00e1 octavo.","breadcrumb":{"@id":"https:\/\/www.boxrepsol.com\/es\/motogp\/trabajada-pole-marc-marquez-condiciones-complicadas\/#breadcrumb"},"inLanguage":"es","potentialAction":[{"@type":"ReadAction","target":["https:\/\/www.boxrepsol.com\/es\/motogp\/trabajada-pole-marc-marquez-condiciones-complicadas\/"]}]},{"@type":"ImageObject","inLanguage":"es","@id":"https:\/\/www.boxrepsol.com\/es\/motogp\/trabajada-pole-marc-marquez-condiciones-complicadas\/#primaryimage","url":"https:\/\/bxrepsol.s3.eu-west-1.amazonaws.com\/static\/2022\/08\/29085301\/00_motogp_marc_marquez_rozadura_mono_le_mans_lluvia_pole-1.jpg","contentUrl":"https:\/\/bxrepsol.s3.eu-west-1.amazonaws.com\/static\/2022\/08\/29085301\/00_motogp_marc_marquez_rozadura_mono_le_mans_lluvia_pole-1.jpg","width":1280,"height":600,"caption":"Marc M\u00e1rquez se\u00f1alando rozadura de asfalto en mono"},{"@type":"BreadcrumbList","@id":"https:\/\/www.boxrepsol.com\/es\/motogp\/trabajada-pole-marc-marquez-condiciones-complicadas\/#breadcrumb","itemListElement":[{"@type":"ListItem","position":1,"name":"Home","item":"https:\/\/www.boxrepsol.com\/es\/"},{"@type":"ListItem","position":2,"name":"Trabajada \u2018pole\u2019 de Marc M\u00e1rquez en condiciones complicadas"}]},{"@type":"WebSite","@id":"https:\/\/www.boxrepsol.com\/es\/#website","url":"https:\/\/www.boxrepsol.com\/es\/","name":"Box Repsol","description":"Box Repsol Site","publisher":{"@id":"https:\/\/www.boxrepsol.com\/es\/#organization"},"potentialAction":[{"@type":"SearchAction","target":{"@type":"EntryPoint","urlTemplate":"https:\/\/www.boxrepsol.com\/es\/?s={search_term_string}"},"query-input":{"@type":"PropertyValueSpecification","valueRequired":true,"valueName":"search_term_string"}}],"inLanguage":"es"},{"@type":"Organization","@id":"https:\/\/www.boxrepsol.com\/es\/#organization","name":"Box Repsol","url":"https:\/\/www.boxrepsol.com\/es\/","logo":{"@type":"ImageObject","inLanguage":"es","@id":"https:\/\/www.boxrepsol.com\/es\/#\/schema\/logo\/image\/","url":"https:\/\/bxrepsol.s3.eu-west-1.amazonaws.com\/static\/2025\/07\/30083337\/favicon-96x96-1.png","contentUrl":"https:\/\/bxrepsol.s3.eu-west-1.amazonaws.com\/static\/2025\/07\/30083337\/favicon-96x96-1.png","width":96,"height":96,"caption":"Box Repsol"},"image":{"@id":"https:\/\/www.boxrepsol.com\/es\/#\/schema\/logo\/image\/"},"sameAs":["https:\/\/www.facebook.com\/BoxRepsol","https:\/\/x.com\/box_repsol","http:\/\/instagram.com\/box_repsol","https:\/\/www.youtube.com\/user\/RepsolCompeticion","https:\/\/www.flickr.com\/photos\/box_repsol\/"]},{"@type":"Person","@id":"https:\/\/www.boxrepsol.com\/es\/#\/schema\/person\/c5c2138f2cca251b0ad92b7086bb60b7","name":"Redacci\u00f3n Box Repsol","image":{"@type":"ImageObject","inLanguage":"es","@id":"https:\/\/secure.gravatar.com\/avatar\/adf7b77e38b4419baf32c7e9c21dde01f4e40df611f0978e3006fc4ba0aaab7e?s=96&d=mm&r=g","url":"https:\/\/secure.gravatar.com\/avatar\/adf7b77e38b4419baf32c7e9c21dde01f4e40df611f0978e3006fc4ba0aaab7e?s=96&d=mm&r=g","contentUrl":"https:\/\/secure.gravatar.com\/avatar\/adf7b77e38b4419baf32c7e9c21dde01f4e40df611f0978e3006fc4ba0aaab7e?s=96&d=mm&r=g","caption":"Redacci\u00f3n Box Repsol"},"description":"Box Repsol lo forma un equipo de periodistas, community managers, dise\u00f1adores y fot\u00f3grafos con m\u00e1s de 20 a\u00f1os de experiencia en el mundo del motorsport. Hemos vivido el primer mundial de un espa\u00f1ol en la categor\u00eda reina de motociclismo con \u00c1lex Crivill\u00e9, estuvimos en las victorias de Pedrosa y los t\u00edtulos de M\u00e1rquez, acompa\u00f1amos en \u00c1frica a Nani Roma y Marc Coma en sus conquistas del Dakar y hemos vibrado con los t\u00edtulos de Toni Bou en Trial. Adem\u00e1s, en nuestro equipo contamos con expertos en el mundo de las dos y cuatro ruedas tanto de la calle y las carreteras, como de los circuitos. Periodistas que han trabajado en revistas y publicaciones para hacerte llegar desde rutas y consejos de mantenimiento, a curiosidades y trucos de pilotaje.","sameAs":["https:\/\/www.facebook.com\/BoxRepsol\/","https:\/\/www.instagram.com\/box_repsol\/","https:\/\/x.com\/https:\/\/twitter.com\/box_repsol","https:\/\/www.youtube.com\/@Boxrepsol"],"url":"https:\/\/www.boxrepsol.com\/es\/author\/redaccion-box-repsol\/"}]}},"_links":{"self":[{"href":"https:\/\/www.boxrepsol.com\/es\/wp-json\/wp\/v2\/posts\/93907","targetHints":{"allow":["GET"]}}],"collection":[{"href":"https:\/\/www.boxrepsol.com\/es\/wp-json\/wp\/v2\/posts"}],"about":[{"href":"https:\/\/www.boxrepsol.com\/es\/wp-json\/wp\/v2\/types\/post"}],"author":[{"embeddable":true,"href":"https:\/\/www.boxrepsol.com\/es\/wp-json\/wp\/v2\/users\/43146"}],"replies":[{"embeddable":true,"href":"https:\/\/www.boxrepsol.com\/es\/wp-json\/wp\/v2\/comments?post=93907"}],"version-history":[{"count":1,"href":"https:\/\/www.boxrepsol.com\/es\/wp-json\/wp\/v2\/posts\/93907\/revisions"}],"predecessor-version":[{"id":93908,"href":"https:\/\/www.boxrepsol.com\/es\/wp-json\/wp\/v2\/posts\/93907\/revisions\/93908"}],"wp:featuredmedia":[{"embeddable":true,"href":"https:\/\/www.boxrepsol.com\/es\/wp-json\/wp\/v2\/media\/61753"}],"wp:attachment":[{"href":"https:\/\/www.boxrepsol.com\/es\/wp-json\/wp\/v2\/media?parent=93907"}],"wp:term":[{"taxonomy":"category","embeddable":true,"href":"https:\/\/www.boxrepsol.com\/es\/wp-json\/wp\/v2\/categories?post=93907"},{"taxonomy":"post_tag","embeddable":true,"href":"https:\/\/www.boxrepsol.com\/es\/wp-json\/wp\/v2\/tags?post=93907"}],"curies":[{"name":"wp","href":"https:\/\/api.w.org\/{rel}","templated":true}]}}