{"id":93900,"date":"2019-05-15T00:00:00","date_gmt":"2019-05-15T02:00:00","guid":{"rendered":"http:\/\/pre.boxrepsol.com\/sin-categorizar\/marquez-me-parece-mas-fuerte-varios-pilotos-pueden-dar-la-sorpresa\/"},"modified":"2024-04-25T09:06:25","modified_gmt":"2024-04-25T11:06:25","slug":"marquez-me-parece-mas-fuerte-varios-pilotos-pueden-dar-la-sorpresa","status":"publish","type":"post","link":"https:\/\/www.boxrepsol.com\/es\/motogp\/marquez-me-parece-mas-fuerte-varios-pilotos-pueden-dar-la-sorpresa\/","title":{"rendered":"Gilles Bigot: \u00abM\u00e1rquez me parece el m\u00e1s fuerte, pero varios pilotos pueden dar la sorpresa\u00bb"},"content":{"rendered":"<p>Para este franc\u00e9s de 62 a\u00f1os, la igualdad que hay actualmente en MotoGP est\u00e1 ofreciendo un gran espect\u00e1culo al que contribuyen no solo los pilotos m\u00e1s consolidados, sino nuevos y j\u00f3venes talentos. Bigot es actualmente jefe de mec\u00e1nicos en Moto2, pero uno de los principales hitos de su carrera lleg\u00f3 al convertirse en el hombre de confianza de \u00c1lex Crivill\u00e9 en el equipo Repsol Honda, cuando se alzaron con el t\u00edtulo de 500 c. c. en 1999.<\/p>\n<p><strong>[Pregunta] Tu relaci\u00f3n con el equipo Repsol Honda est\u00e1 muy ligada al t\u00edtulo de \u00c1lex Crivill\u00e9 en 1999. \u00bfC\u00f3mo recuerdas aquella temporada?<\/p>\n<p><em>[Respuesta]<\/strong> Fue un sue\u00f1o hecho realidad; el desenlace de mucho trabajo y un camino repleto de obst\u00e1culos para \u00c1lex [Crivill\u00e9], porque ten\u00eda como compa\u00f1ero de equipo al mejor piloto de la d\u00e9cada los \u201890. Al principio de la temporada, creo que encontramos una muy buena base en la puesta a punto, ya que desde 1995, una de mis peticiones a HRC para ayudar a \u00c1lex era desarrollar un control electr\u00f3nico de las v\u00e1lvulas de escape, para controlar mejor la potencia en las aceleraciones, y funcion\u00f3 muy bien. Muchos elementos se reunieron para ser muy competitivos y hacer una buena temporada.<\/em><\/p>\n<p><strong>[P] Llegaste a Honda con \u00c1lex. \u00bfC\u00f3mo fue llegar a un equipo japon\u00e9s, con un joven piloto espa\u00f1ol y un compa\u00f1ero como Doohan?<\/p>\n<p><em>[R]<\/strong> Al principio fue m\u00e1s bien dif\u00edcil, porque \u00c1lex era el tercer piloto, era mi primer a\u00f1o como jefe de mec\u00e1nicos, y mi primer a\u00f1o en 500 c. c.. En los primeros entrenamientos de pretemporada en Australia, el primer d\u00eda me dijeron que \u00edbamos a utilizar las dos motos de Doohan de 1993, algunos recambios, y que estar\u00edamos detr\u00e1s del box de Mick Doohan y Shinichi Itoh. Ya entend\u00ed que deber\u00edamos ganarnos la confianza de HRC. En las tres primeras carreras, la diferencia con el primero fue bastante grande y hubo tensi\u00f3n. Pero en Jerez, \u00c1lex redujo mucho la ventaja y en la siguiente, en Salzburgring \u2013Austria\u2013, nos quitamos un peso de encima gracias al podio que consigui\u00f3 despu\u00e9s de pelearse con Kevin Schwantz. <\/em><\/p>\n<p><em>A partir de ah\u00ed gan\u00f3 confianza y en el equipo todo fue bien; hab\u00eda muy bien ambiente entre todos. Siempre recordar\u00e9 una imagen tras una ca\u00edda de \u00c1lex en los entrenamientos de Laguna Seca. Hab\u00eda destrozado la moto y, cuando lleg\u00f3 al box, los mec\u00e1nicos de Mick y Shinichi nos ayudaron a reconstruirla. En menos de una hora la moto estuvo lista.<\/em><\/p>\n<p><strong>[P] \u00bfC\u00f3mo ha cambiado el trabajo de un jefe de mec\u00e1nicos en este tiempo?<\/p>\n<p><em>[R]<\/strong> Antes hab\u00eda muchas cosas que pod\u00eda decidir un jefe de mec\u00e1nicos; desde la puesta a punto, el ajuste de la caja de cambios, la geometr\u00eda del chasis, la carburaci\u00f3n, etc. Ten\u00edamos 4 o 5 neum\u00e1ticos delanteros distintos, y 5 o 6 traseros, y hab\u00eda que escoger bien. Hab\u00eda menos t\u00e9cnicos e ingenieros. Con la potencia actual, la electr\u00f3nica necesaria para controlarla ha tomado un papel m\u00e1s importante. Hoy en d\u00eda es m\u00e1s sencillo en cuanto a la elecci\u00f3n del neum\u00e1tico, pero se requiere mucha m\u00e1s reflexi\u00f3n a la hora de analizar a qu\u00e9 temperatura funciona mejor cada compuesto. Todo se analiza hasta el m\u00ednimo detalle y hay varios ingenieros que trabajan con la electr\u00f3nica. Los datos han tomado el poder.<\/em><\/p>\n<p><em>Una peque\u00f1a an\u00e9cdota de mi primera temporada es que \u00c1lex pidi\u00f3 a HRC participar en el Superprestigio, en Albacete, y HRC contest\u00f3 que s\u00ed. Cuando pregunt\u00e9 qu\u00e9 material dispondr\u00edamos, la respuesta fue: \u2018una moto y algunos recambios, el coordinador \u2013Roger Van der Borght\u2013 un mec\u00e1nico y t\u00fa\u2019. Sin ordenador, ni datos, pusimos a punto la moto gracias a las indicaciones de \u00c1lex y gan\u00f3 las dos mangas.<\/em><\/p>\n<p><a href=\"https:\/\/bxrepsol.s3.eu-west-1.amazonaws.com\/static\/2022\/08\/05064453\/00_giles_bigot_alex_criville_repsol_honda_2.jpg\" \n   title=\"\u00c1lex Crivill\u00e9 con Giles Bigot\" \n   data-gallery-thumbnail=\"https:\/\/bxrepsol.s3.eu-west-1.amazonaws.com\/static\/2022\/08\/05064453\/00_giles_bigot_alex_criville_repsol_honda_2.jpg\"\n   data-gallery-title=\"\"\n   data-gallery><\/p>\n<figure>\n        <picture style=\"padding-bottom: 66.666666666667%; background-image: url(https:\/\/bxrepsol.s3.eu-west-1.amazonaws.com\/static\/2022\/08\/05064453\/00_giles_bigot_alex_criville_repsol_honda_2.jpg);\">\n            <img decoding=\"async\" src=\"https:\/\/bxrepsol.s3.eu-west-1.amazonaws.com\/static\/2022\/08\/05064453\/00_giles_bigot_alex_criville_repsol_honda_2.jpg\"><br \/>\n            <img itemprop=\"image\"\n                data-srcset=\"https:\/\/bxrepsol.s3.eu-west-1.amazonaws.com\/static\/2022\/08\/05064453\/00_giles_bigot_alex_criville_repsol_honda_2.jpg 480w, https:\/\/bxrepsol.s3.eu-west-1.amazonaws.com\/static\/2022\/08\/05064453\/00_giles_bigot_alex_criville_repsol_honda_2.jpg 600w, https:\/\/bxrepsol.s3.eu-west-1.amazonaws.com\/static\/2022\/08\/05064453\/00_giles_bigot_alex_criville_repsol_honda_2.jpg 900w\"\n                data-src=\"https:\/\/bxrepsol.s3.eu-west-1.amazonaws.com\/static\/2022\/08\/05064453\/00_giles_bigot_alex_criville_repsol_honda_2.jpg\"\n                alt=\"\u00c1lex Crivill\u00e9 con Giles Bigot\"\n                title=\"\u00c1lex Crivill\u00e9 con Giles Bigot\"\/><br \/>\n            <noscript><img decoding=\"async\" src=\"https:\/\/bxrepsol.s3.eu-west-1.amazonaws.com\/static\/2022\/08\/05064453\/00_giles_bigot_alex_criville_repsol_honda_2.jpg\" alt=\"\u00c1lex Crivill\u00e9 con Giles Bigot\"><\/noscript>\n        <\/picture><figcaption>\u00c1lex Crivill\u00e9 con Giles Bigot<\/figcaption><\/figure>\n<p><\/a><\/p>\n<p><strong>[P] Despu\u00e9s de cuatro carreras, hemos visto dos victorias de M\u00e1rquez, una de Dovizioso y una de Rins, con tres motos distintas. \u00bfEl Mundial est\u00e1 m\u00e1s igualado que nunca?<\/p>\n<p><em>[R]<\/strong> S\u00ed, est\u00e1 muy interesante, porque es muy homog\u00e9neo. Es un inicio de temporada fant\u00e1stico y ver tres marcas distintas capaces de ganar es muy bueno para el motociclismo. Aunque nuestro coraz\u00f3n apoye a un piloto en concreto, no hay nada mejor que saber que, desde la salida, varios pilotos y marcas aspiran a la victoria. Esto hace que las carreras sean m\u00e1s bonitas.<\/em><\/p>\n<p><strong>[P] Con tanta igualdad, \u00bfcu\u00e1l es la clave para marcar la diferencia?<\/p>\n<p><em>[R]<\/strong> Todos llevan los mismos neum\u00e1ticos, la misma centralita electr\u00f3nica, hay un l\u00edmite en los entrenamientos de pretemporada e incluso en los Grandes Premios, porque el FP2 se ha convertido en una sesi\u00f3n cronometrada para acceder directamente a la Q2. Todo ello deja poco tiempo para poner a punto la moto y requiere el m\u00e1ximo de concentraci\u00f3n y de condiciones f\u00edsicas. Deben estar muy determinados para llegar al l\u00edmite y ah\u00ed un 1% marca la diferencia.<\/em><\/p>\n<p><strong>[P] \u00bfC\u00f3mo ves esta temporada?<\/p>\n<p><em>[R]<\/strong> Imaginaba que Marc estar\u00eda a un gran nivel desde la primera carrera y que ver\u00edamos Dovizioso con \u00e9l. Tambi\u00e9n pensaba que \u00c1lex Rins podr\u00eda ganar un Gran Premio este a\u00f1o, pero ya lo ha logrado y est\u00e1 segundo del campeonato, lo que es admirable. Valentino [Rossi] siempre est\u00e1 ah\u00ed, pero la otra novedad es Fabio Quartararo. Le falta acabar de conseguir un buen resultado, pero tiene velocidad y un estilo que se adapta bien a su moto. \u00bfQu\u00e9 va a pasar a partir de ahora? De momento M\u00e1rquez me parece el m\u00e1s fuerte, pero detr\u00e1s hay varios pilotos que pueden dar la sorpresa y los m\u00e1s j\u00f3venes tienen los dientes largos, as\u00ed que est\u00e1 siendo muy interesante.<\/em><\/p>\n<p><strong>[P] \u00bfQu\u00e9 podemos esperar de Jorge Lorenzo?<\/p>\n<p><em>[R]<\/strong> Tiene mucho valor al haber cambiado dos veces de marca en tres temporadas. La Yamaha parece ser la m\u00e1s d\u00f3cil de pilotar, as\u00ed que march\u00e1ndose hizo una apuesta muy arriesgada. Despu\u00e9s se fue de una Ducati que ya consegu\u00eda gestionar, para pilotar una Honda. Es otro acto de valent\u00eda, porque el tiempo pasa muy r\u00e1pido y hay que mantener la motivaci\u00f3n cuando los resultados no son los esperados. La reducci\u00f3n de entrenamientos y el nuevo formato de las sesiones del s\u00e1bado tampoco le han ayudado, aunque creo que Jorge encontrar\u00e1 las soluciones para ir m\u00e1s r\u00e1pido. La duda es si ser\u00e1 suficiente para pelear delante.<\/em><\/p>\n<p><strong>[P] \u00bfQu\u00e9 crees que pasar\u00e1 este domingo en el Gran Premio de Francia?<\/p>\n<p><em>[R]<\/strong> Para el Gran Premio de Francia esperemos en primer lugar que haga sol. Sabemos que Marc M\u00e1rquez dar\u00e1 su m\u00e1ximo, as\u00ed que no ser\u00e1 \u00e9l quien centre las miradas, sino m\u00e1s bien Fabio Quartararo. \u00bfQu\u00e9 har\u00e1? Si se confirma, podr\u00eda ser un revulsivo para muchos pilotos. Luego est\u00e1 \u00c1lex Rins, que en Le Mans gan\u00f3 en Moto2 y logr\u00f3 tres podios en Moto3, as\u00ed que podr\u00eda sumar otro hito en MotoGP.<\/em><\/p>\n","protected":false},"excerpt":{"rendered":"<p>Gilles Bigot es uno de los rostros familiares del paddock y esta temporada se cumplen 20 a\u00f1os del t\u00edtulo de 500 c. c. que logr\u00f3 en 1999 junto a \u00c1lex Crivill\u00e9.<\/p>\n","protected":false},"author":43146,"featured_media":61686,"comment_status":"open","ping_status":"open","sticky":false,"template":"","format":"standard","meta":{"footnotes":""},"categories":[4],"tags":[178],"class_list":["post-93900","post","type-post","status-publish","format-standard","hentry","category-motogp","tag-pilotos-de-motociclismo"],"yoast_head":"<!-- This site is optimized with the Yoast SEO plugin v27.3 - https:\/\/yoast.com\/product\/yoast-seo-wordpress\/ -->\n<title>Gilles Bigot: &quot;M\u00e1rquez me parece el m\u00e1s fuerte, pero varios pilotos pueden dar la sorpresa&quot; - Box Repsol<\/title>\n<meta name=\"description\" content=\"Gilles Bigot es uno de los rostros familiares del paddock y esta temporada se cumplen 20 a\u00f1os del t\u00edtulo de 500 c. c. que logr\u00f3 en 1999 junto a Crivill\u00e9.\" \/>\n<link rel=\"canonical\" href=\"https:\/\/www.boxrepsol.com\/es\/motogp\/marquez-me-parece-mas-fuerte-varios-pilotos-pueden-dar-la-sorpresa\/\" \/>\n<meta property=\"og:locale\" content=\"es_ES\" \/>\n<meta property=\"og:type\" content=\"article\" \/>\n<meta property=\"og:title\" content=\"Gilles Bigot: &quot;M\u00e1rquez me parece el m\u00e1s fuerte, pero varios pilotos pueden dar la sorpresa&quot; - Box Repsol\" \/>\n<meta property=\"og:description\" content=\"Gilles Bigot es uno de los rostros familiares del paddock y esta temporada se cumplen 20 a\u00f1os del t\u00edtulo de 500 c. c. que logr\u00f3 en 1999 junto a Crivill\u00e9.\" \/>\n<meta property=\"og:url\" content=\"https:\/\/www.boxrepsol.com\/es\/motogp\/marquez-me-parece-mas-fuerte-varios-pilotos-pueden-dar-la-sorpresa\/\" \/>\n<meta property=\"og:site_name\" content=\"Box Repsol\" \/>\n<meta property=\"article:publisher\" content=\"https:\/\/www.facebook.com\/BoxRepsol\" \/>\n<meta property=\"article:author\" content=\"https:\/\/www.facebook.com\/BoxRepsol\/\" \/>\n<meta property=\"article:published_time\" content=\"2019-05-15T02:00:00+00:00\" \/>\n<meta property=\"article:modified_time\" content=\"2024-04-25T11:06:25+00:00\" \/>\n<meta property=\"og:image\" content=\"https:\/\/bxrepsol.s3.eu-west-1.amazonaws.com\/static\/2022\/08\/29085227\/00_giles_bigot_alex_criville_repsol_honda.jpg\" \/>\n\t<meta property=\"og:image:width\" content=\"1280\" \/>\n\t<meta property=\"og:image:height\" content=\"600\" \/>\n\t<meta property=\"og:image:type\" content=\"image\/jpeg\" \/>\n<meta name=\"author\" content=\"Redacci\u00f3n Box Repsol\" \/>\n<meta name=\"twitter:card\" content=\"summary_large_image\" \/>\n<meta name=\"twitter:creator\" content=\"@https:\/\/twitter.com\/box_repsol\" \/>\n<meta name=\"twitter:site\" content=\"@box_repsol\" \/>\n<meta name=\"twitter:label1\" content=\"Written by\" \/>\n\t<meta name=\"twitter:data1\" content=\"Redacci\u00f3n Box Repsol\" \/>\n\t<meta name=\"twitter:label2\" content=\"Est. reading time\" \/>\n\t<meta name=\"twitter:data2\" content=\"6 minutos\" \/>\n<script type=\"application\/ld+json\" class=\"yoast-schema-graph\">{\"@context\":\"https:\\\/\\\/schema.org\",\"@graph\":[{\"@type\":\"Article\",\"@id\":\"https:\\\/\\\/www.boxrepsol.com\\\/es\\\/motogp\\\/marquez-me-parece-mas-fuerte-varios-pilotos-pueden-dar-la-sorpresa\\\/#article\",\"isPartOf\":{\"@id\":\"https:\\\/\\\/www.boxrepsol.com\\\/es\\\/motogp\\\/marquez-me-parece-mas-fuerte-varios-pilotos-pueden-dar-la-sorpresa\\\/\"},\"author\":{\"name\":\"Redacci\u00f3n Box Repsol\",\"@id\":\"https:\\\/\\\/www.boxrepsol.com\\\/es\\\/#\\\/schema\\\/person\\\/c5c2138f2cca251b0ad92b7086bb60b7\"},\"headline\":\"Gilles Bigot: \u00abM\u00e1rquez me parece el m\u00e1s fuerte, pero varios pilotos pueden dar la sorpresa\u00bb\",\"datePublished\":\"2019-05-15T02:00:00+00:00\",\"dateModified\":\"2024-04-25T11:06:25+00:00\",\"mainEntityOfPage\":{\"@id\":\"https:\\\/\\\/www.boxrepsol.com\\\/es\\\/motogp\\\/marquez-me-parece-mas-fuerte-varios-pilotos-pueden-dar-la-sorpresa\\\/\"},\"wordCount\":1227,\"commentCount\":0,\"publisher\":{\"@id\":\"https:\\\/\\\/www.boxrepsol.com\\\/es\\\/#organization\"},\"image\":{\"@id\":\"https:\\\/\\\/www.boxrepsol.com\\\/es\\\/motogp\\\/marquez-me-parece-mas-fuerte-varios-pilotos-pueden-dar-la-sorpresa\\\/#primaryimage\"},\"thumbnailUrl\":\"https:\\\/\\\/bxrepsol.s3.eu-west-1.amazonaws.com\\\/static\\\/2022\\\/08\\\/29085227\\\/00_giles_bigot_alex_criville_repsol_honda.jpg\",\"keywords\":[\"pilotos de motociclismo\"],\"articleSection\":[\"MotoGP\"],\"inLanguage\":\"es\",\"potentialAction\":[{\"@type\":\"CommentAction\",\"name\":\"Comment\",\"target\":[\"https:\\\/\\\/www.boxrepsol.com\\\/es\\\/motogp\\\/marquez-me-parece-mas-fuerte-varios-pilotos-pueden-dar-la-sorpresa\\\/#respond\"]}]},{\"@type\":\"WebPage\",\"@id\":\"https:\\\/\\\/www.boxrepsol.com\\\/es\\\/motogp\\\/marquez-me-parece-mas-fuerte-varios-pilotos-pueden-dar-la-sorpresa\\\/\",\"url\":\"https:\\\/\\\/www.boxrepsol.com\\\/es\\\/motogp\\\/marquez-me-parece-mas-fuerte-varios-pilotos-pueden-dar-la-sorpresa\\\/\",\"name\":\"Gilles Bigot: \\\"M\u00e1rquez me parece el m\u00e1s fuerte, pero varios pilotos pueden dar la sorpresa\\\" - Box Repsol\",\"isPartOf\":{\"@id\":\"https:\\\/\\\/www.boxrepsol.com\\\/es\\\/#website\"},\"primaryImageOfPage\":{\"@id\":\"https:\\\/\\\/www.boxrepsol.com\\\/es\\\/motogp\\\/marquez-me-parece-mas-fuerte-varios-pilotos-pueden-dar-la-sorpresa\\\/#primaryimage\"},\"image\":{\"@id\":\"https:\\\/\\\/www.boxrepsol.com\\\/es\\\/motogp\\\/marquez-me-parece-mas-fuerte-varios-pilotos-pueden-dar-la-sorpresa\\\/#primaryimage\"},\"thumbnailUrl\":\"https:\\\/\\\/bxrepsol.s3.eu-west-1.amazonaws.com\\\/static\\\/2022\\\/08\\\/29085227\\\/00_giles_bigot_alex_criville_repsol_honda.jpg\",\"datePublished\":\"2019-05-15T02:00:00+00:00\",\"dateModified\":\"2024-04-25T11:06:25+00:00\",\"description\":\"Gilles Bigot es uno de los rostros familiares del paddock y esta temporada se cumplen 20 a\u00f1os del t\u00edtulo de 500 c. c. que logr\u00f3 en 1999 junto a Crivill\u00e9.\",\"breadcrumb\":{\"@id\":\"https:\\\/\\\/www.boxrepsol.com\\\/es\\\/motogp\\\/marquez-me-parece-mas-fuerte-varios-pilotos-pueden-dar-la-sorpresa\\\/#breadcrumb\"},\"inLanguage\":\"es\",\"potentialAction\":[{\"@type\":\"ReadAction\",\"target\":[\"https:\\\/\\\/www.boxrepsol.com\\\/es\\\/motogp\\\/marquez-me-parece-mas-fuerte-varios-pilotos-pueden-dar-la-sorpresa\\\/\"]}]},{\"@type\":\"ImageObject\",\"inLanguage\":\"es\",\"@id\":\"https:\\\/\\\/www.boxrepsol.com\\\/es\\\/motogp\\\/marquez-me-parece-mas-fuerte-varios-pilotos-pueden-dar-la-sorpresa\\\/#primaryimage\",\"url\":\"https:\\\/\\\/bxrepsol.s3.eu-west-1.amazonaws.com\\\/static\\\/2022\\\/08\\\/29085227\\\/00_giles_bigot_alex_criville_repsol_honda.jpg\",\"contentUrl\":\"https:\\\/\\\/bxrepsol.s3.eu-west-1.amazonaws.com\\\/static\\\/2022\\\/08\\\/29085227\\\/00_giles_bigot_alex_criville_repsol_honda.jpg\",\"width\":1280,\"height\":600,\"caption\":\"\u00c1lex Crivill\u00e9 con Giles Bigot\"},{\"@type\":\"BreadcrumbList\",\"@id\":\"https:\\\/\\\/www.boxrepsol.com\\\/es\\\/motogp\\\/marquez-me-parece-mas-fuerte-varios-pilotos-pueden-dar-la-sorpresa\\\/#breadcrumb\",\"itemListElement\":[{\"@type\":\"ListItem\",\"position\":1,\"name\":\"Home\",\"item\":\"https:\\\/\\\/www.boxrepsol.com\\\/es\\\/\"},{\"@type\":\"ListItem\",\"position\":2,\"name\":\"Gilles Bigot: \u00abM\u00e1rquez me parece el m\u00e1s fuerte, pero varios pilotos pueden dar la sorpresa\u00bb\"}]},{\"@type\":\"WebSite\",\"@id\":\"https:\\\/\\\/www.boxrepsol.com\\\/es\\\/#website\",\"url\":\"https:\\\/\\\/www.boxrepsol.com\\\/es\\\/\",\"name\":\"Box Repsol\",\"description\":\"Box Repsol Site\",\"publisher\":{\"@id\":\"https:\\\/\\\/www.boxrepsol.com\\\/es\\\/#organization\"},\"potentialAction\":[{\"@type\":\"SearchAction\",\"target\":{\"@type\":\"EntryPoint\",\"urlTemplate\":\"https:\\\/\\\/www.boxrepsol.com\\\/es\\\/?s={search_term_string}\"},\"query-input\":{\"@type\":\"PropertyValueSpecification\",\"valueRequired\":true,\"valueName\":\"search_term_string\"}}],\"inLanguage\":\"es\"},{\"@type\":\"Organization\",\"@id\":\"https:\\\/\\\/www.boxrepsol.com\\\/es\\\/#organization\",\"name\":\"Box Repsol\",\"url\":\"https:\\\/\\\/www.boxrepsol.com\\\/es\\\/\",\"logo\":{\"@type\":\"ImageObject\",\"inLanguage\":\"es\",\"@id\":\"https:\\\/\\\/www.boxrepsol.com\\\/es\\\/#\\\/schema\\\/logo\\\/image\\\/\",\"url\":\"https:\\\/\\\/bxrepsol.s3.eu-west-1.amazonaws.com\\\/static\\\/2025\\\/07\\\/30083337\\\/favicon-96x96-1.png\",\"contentUrl\":\"https:\\\/\\\/bxrepsol.s3.eu-west-1.amazonaws.com\\\/static\\\/2025\\\/07\\\/30083337\\\/favicon-96x96-1.png\",\"width\":96,\"height\":96,\"caption\":\"Box Repsol\"},\"image\":{\"@id\":\"https:\\\/\\\/www.boxrepsol.com\\\/es\\\/#\\\/schema\\\/logo\\\/image\\\/\"},\"sameAs\":[\"https:\\\/\\\/www.facebook.com\\\/BoxRepsol\",\"https:\\\/\\\/x.com\\\/box_repsol\",\"http:\\\/\\\/instagram.com\\\/box_repsol\",\"https:\\\/\\\/www.youtube.com\\\/user\\\/RepsolCompeticion\",\"https:\\\/\\\/www.flickr.com\\\/photos\\\/box_repsol\\\/\"]},{\"@type\":\"Person\",\"@id\":\"https:\\\/\\\/www.boxrepsol.com\\\/es\\\/#\\\/schema\\\/person\\\/c5c2138f2cca251b0ad92b7086bb60b7\",\"name\":\"Redacci\u00f3n Box Repsol\",\"image\":{\"@type\":\"ImageObject\",\"inLanguage\":\"es\",\"@id\":\"https:\\\/\\\/secure.gravatar.com\\\/avatar\\\/adf7b77e38b4419baf32c7e9c21dde01f4e40df611f0978e3006fc4ba0aaab7e?s=96&d=mm&r=g\",\"url\":\"https:\\\/\\\/secure.gravatar.com\\\/avatar\\\/adf7b77e38b4419baf32c7e9c21dde01f4e40df611f0978e3006fc4ba0aaab7e?s=96&d=mm&r=g\",\"contentUrl\":\"https:\\\/\\\/secure.gravatar.com\\\/avatar\\\/adf7b77e38b4419baf32c7e9c21dde01f4e40df611f0978e3006fc4ba0aaab7e?s=96&d=mm&r=g\",\"caption\":\"Redacci\u00f3n Box Repsol\"},\"description\":\"Box Repsol lo forma un equipo de periodistas, community managers, dise\u00f1adores y fot\u00f3grafos con m\u00e1s de 20 a\u00f1os de experiencia en el mundo del motorsport. Hemos vivido el primer mundial de un espa\u00f1ol en la categor\u00eda reina de motociclismo con \u00c1lex Crivill\u00e9, estuvimos en las victorias de Pedrosa y los t\u00edtulos de M\u00e1rquez, acompa\u00f1amos en \u00c1frica a Nani Roma y Marc Coma en sus conquistas del Dakar y hemos vibrado con los t\u00edtulos de Toni Bou en Trial. Adem\u00e1s, en nuestro equipo contamos con expertos en el mundo de las dos y cuatro ruedas tanto de la calle y las carreteras, como de los circuitos. Periodistas que han trabajado en revistas y publicaciones para hacerte llegar desde rutas y consejos de mantenimiento, a curiosidades y trucos de pilotaje.\",\"sameAs\":[\"https:\\\/\\\/www.facebook.com\\\/BoxRepsol\\\/\",\"https:\\\/\\\/www.instagram.com\\\/box_repsol\\\/\",\"https:\\\/\\\/x.com\\\/https:\\\/\\\/twitter.com\\\/box_repsol\",\"https:\\\/\\\/www.youtube.com\\\/@Boxrepsol\"],\"url\":\"https:\\\/\\\/www.boxrepsol.com\\\/es\\\/author\\\/redaccion-box-repsol\\\/\"}]}<\/script>\n<!-- \/ Yoast SEO plugin. -->","yoast_head_json":{"title":"Gilles Bigot: \"M\u00e1rquez me parece el m\u00e1s fuerte, pero varios pilotos pueden dar la sorpresa\" - Box Repsol","description":"Gilles Bigot es uno de los rostros familiares del paddock y esta temporada se cumplen 20 a\u00f1os del t\u00edtulo de 500 c. c. que logr\u00f3 en 1999 junto a Crivill\u00e9.","canonical":"https:\/\/www.boxrepsol.com\/es\/motogp\/marquez-me-parece-mas-fuerte-varios-pilotos-pueden-dar-la-sorpresa\/","og_locale":"es_ES","og_type":"article","og_title":"Gilles Bigot: \"M\u00e1rquez me parece el m\u00e1s fuerte, pero varios pilotos pueden dar la sorpresa\" - Box Repsol","og_description":"Gilles Bigot es uno de los rostros familiares del paddock y esta temporada se cumplen 20 a\u00f1os del t\u00edtulo de 500 c. c. que logr\u00f3 en 1999 junto a Crivill\u00e9.","og_url":"https:\/\/www.boxrepsol.com\/es\/motogp\/marquez-me-parece-mas-fuerte-varios-pilotos-pueden-dar-la-sorpresa\/","og_site_name":"Box Repsol","article_publisher":"https:\/\/www.facebook.com\/BoxRepsol","article_author":"https:\/\/www.facebook.com\/BoxRepsol\/","article_published_time":"2019-05-15T02:00:00+00:00","article_modified_time":"2024-04-25T11:06:25+00:00","og_image":[{"width":1280,"height":600,"url":"https:\/\/bxrepsol.s3.eu-west-1.amazonaws.com\/static\/2022\/08\/29085227\/00_giles_bigot_alex_criville_repsol_honda.jpg","type":"image\/jpeg"}],"author":"Redacci\u00f3n Box Repsol","twitter_card":"summary_large_image","twitter_creator":"@https:\/\/twitter.com\/box_repsol","twitter_site":"@box_repsol","twitter_misc":{"Written by":"Redacci\u00f3n Box Repsol","Est. reading time":"6 minutos"},"schema":{"@context":"https:\/\/schema.org","@graph":[{"@type":"Article","@id":"https:\/\/www.boxrepsol.com\/es\/motogp\/marquez-me-parece-mas-fuerte-varios-pilotos-pueden-dar-la-sorpresa\/#article","isPartOf":{"@id":"https:\/\/www.boxrepsol.com\/es\/motogp\/marquez-me-parece-mas-fuerte-varios-pilotos-pueden-dar-la-sorpresa\/"},"author":{"name":"Redacci\u00f3n Box Repsol","@id":"https:\/\/www.boxrepsol.com\/es\/#\/schema\/person\/c5c2138f2cca251b0ad92b7086bb60b7"},"headline":"Gilles Bigot: \u00abM\u00e1rquez me parece el m\u00e1s fuerte, pero varios pilotos pueden dar la sorpresa\u00bb","datePublished":"2019-05-15T02:00:00+00:00","dateModified":"2024-04-25T11:06:25+00:00","mainEntityOfPage":{"@id":"https:\/\/www.boxrepsol.com\/es\/motogp\/marquez-me-parece-mas-fuerte-varios-pilotos-pueden-dar-la-sorpresa\/"},"wordCount":1227,"commentCount":0,"publisher":{"@id":"https:\/\/www.boxrepsol.com\/es\/#organization"},"image":{"@id":"https:\/\/www.boxrepsol.com\/es\/motogp\/marquez-me-parece-mas-fuerte-varios-pilotos-pueden-dar-la-sorpresa\/#primaryimage"},"thumbnailUrl":"https:\/\/bxrepsol.s3.eu-west-1.amazonaws.com\/static\/2022\/08\/29085227\/00_giles_bigot_alex_criville_repsol_honda.jpg","keywords":["pilotos de motociclismo"],"articleSection":["MotoGP"],"inLanguage":"es","potentialAction":[{"@type":"CommentAction","name":"Comment","target":["https:\/\/www.boxrepsol.com\/es\/motogp\/marquez-me-parece-mas-fuerte-varios-pilotos-pueden-dar-la-sorpresa\/#respond"]}]},{"@type":"WebPage","@id":"https:\/\/www.boxrepsol.com\/es\/motogp\/marquez-me-parece-mas-fuerte-varios-pilotos-pueden-dar-la-sorpresa\/","url":"https:\/\/www.boxrepsol.com\/es\/motogp\/marquez-me-parece-mas-fuerte-varios-pilotos-pueden-dar-la-sorpresa\/","name":"Gilles Bigot: \"M\u00e1rquez me parece el m\u00e1s fuerte, pero varios pilotos pueden dar la sorpresa\" - Box Repsol","isPartOf":{"@id":"https:\/\/www.boxrepsol.com\/es\/#website"},"primaryImageOfPage":{"@id":"https:\/\/www.boxrepsol.com\/es\/motogp\/marquez-me-parece-mas-fuerte-varios-pilotos-pueden-dar-la-sorpresa\/#primaryimage"},"image":{"@id":"https:\/\/www.boxrepsol.com\/es\/motogp\/marquez-me-parece-mas-fuerte-varios-pilotos-pueden-dar-la-sorpresa\/#primaryimage"},"thumbnailUrl":"https:\/\/bxrepsol.s3.eu-west-1.amazonaws.com\/static\/2022\/08\/29085227\/00_giles_bigot_alex_criville_repsol_honda.jpg","datePublished":"2019-05-15T02:00:00+00:00","dateModified":"2024-04-25T11:06:25+00:00","description":"Gilles Bigot es uno de los rostros familiares del paddock y esta temporada se cumplen 20 a\u00f1os del t\u00edtulo de 500 c. c. que logr\u00f3 en 1999 junto a Crivill\u00e9.","breadcrumb":{"@id":"https:\/\/www.boxrepsol.com\/es\/motogp\/marquez-me-parece-mas-fuerte-varios-pilotos-pueden-dar-la-sorpresa\/#breadcrumb"},"inLanguage":"es","potentialAction":[{"@type":"ReadAction","target":["https:\/\/www.boxrepsol.com\/es\/motogp\/marquez-me-parece-mas-fuerte-varios-pilotos-pueden-dar-la-sorpresa\/"]}]},{"@type":"ImageObject","inLanguage":"es","@id":"https:\/\/www.boxrepsol.com\/es\/motogp\/marquez-me-parece-mas-fuerte-varios-pilotos-pueden-dar-la-sorpresa\/#primaryimage","url":"https:\/\/bxrepsol.s3.eu-west-1.amazonaws.com\/static\/2022\/08\/29085227\/00_giles_bigot_alex_criville_repsol_honda.jpg","contentUrl":"https:\/\/bxrepsol.s3.eu-west-1.amazonaws.com\/static\/2022\/08\/29085227\/00_giles_bigot_alex_criville_repsol_honda.jpg","width":1280,"height":600,"caption":"\u00c1lex Crivill\u00e9 con Giles Bigot"},{"@type":"BreadcrumbList","@id":"https:\/\/www.boxrepsol.com\/es\/motogp\/marquez-me-parece-mas-fuerte-varios-pilotos-pueden-dar-la-sorpresa\/#breadcrumb","itemListElement":[{"@type":"ListItem","position":1,"name":"Home","item":"https:\/\/www.boxrepsol.com\/es\/"},{"@type":"ListItem","position":2,"name":"Gilles Bigot: \u00abM\u00e1rquez me parece el m\u00e1s fuerte, pero varios pilotos pueden dar la sorpresa\u00bb"}]},{"@type":"WebSite","@id":"https:\/\/www.boxrepsol.com\/es\/#website","url":"https:\/\/www.boxrepsol.com\/es\/","name":"Box Repsol","description":"Box Repsol Site","publisher":{"@id":"https:\/\/www.boxrepsol.com\/es\/#organization"},"potentialAction":[{"@type":"SearchAction","target":{"@type":"EntryPoint","urlTemplate":"https:\/\/www.boxrepsol.com\/es\/?s={search_term_string}"},"query-input":{"@type":"PropertyValueSpecification","valueRequired":true,"valueName":"search_term_string"}}],"inLanguage":"es"},{"@type":"Organization","@id":"https:\/\/www.boxrepsol.com\/es\/#organization","name":"Box Repsol","url":"https:\/\/www.boxrepsol.com\/es\/","logo":{"@type":"ImageObject","inLanguage":"es","@id":"https:\/\/www.boxrepsol.com\/es\/#\/schema\/logo\/image\/","url":"https:\/\/bxrepsol.s3.eu-west-1.amazonaws.com\/static\/2025\/07\/30083337\/favicon-96x96-1.png","contentUrl":"https:\/\/bxrepsol.s3.eu-west-1.amazonaws.com\/static\/2025\/07\/30083337\/favicon-96x96-1.png","width":96,"height":96,"caption":"Box Repsol"},"image":{"@id":"https:\/\/www.boxrepsol.com\/es\/#\/schema\/logo\/image\/"},"sameAs":["https:\/\/www.facebook.com\/BoxRepsol","https:\/\/x.com\/box_repsol","http:\/\/instagram.com\/box_repsol","https:\/\/www.youtube.com\/user\/RepsolCompeticion","https:\/\/www.flickr.com\/photos\/box_repsol\/"]},{"@type":"Person","@id":"https:\/\/www.boxrepsol.com\/es\/#\/schema\/person\/c5c2138f2cca251b0ad92b7086bb60b7","name":"Redacci\u00f3n Box Repsol","image":{"@type":"ImageObject","inLanguage":"es","@id":"https:\/\/secure.gravatar.com\/avatar\/adf7b77e38b4419baf32c7e9c21dde01f4e40df611f0978e3006fc4ba0aaab7e?s=96&d=mm&r=g","url":"https:\/\/secure.gravatar.com\/avatar\/adf7b77e38b4419baf32c7e9c21dde01f4e40df611f0978e3006fc4ba0aaab7e?s=96&d=mm&r=g","contentUrl":"https:\/\/secure.gravatar.com\/avatar\/adf7b77e38b4419baf32c7e9c21dde01f4e40df611f0978e3006fc4ba0aaab7e?s=96&d=mm&r=g","caption":"Redacci\u00f3n Box Repsol"},"description":"Box Repsol lo forma un equipo de periodistas, community managers, dise\u00f1adores y fot\u00f3grafos con m\u00e1s de 20 a\u00f1os de experiencia en el mundo del motorsport. Hemos vivido el primer mundial de un espa\u00f1ol en la categor\u00eda reina de motociclismo con \u00c1lex Crivill\u00e9, estuvimos en las victorias de Pedrosa y los t\u00edtulos de M\u00e1rquez, acompa\u00f1amos en \u00c1frica a Nani Roma y Marc Coma en sus conquistas del Dakar y hemos vibrado con los t\u00edtulos de Toni Bou en Trial. Adem\u00e1s, en nuestro equipo contamos con expertos en el mundo de las dos y cuatro ruedas tanto de la calle y las carreteras, como de los circuitos. Periodistas que han trabajado en revistas y publicaciones para hacerte llegar desde rutas y consejos de mantenimiento, a curiosidades y trucos de pilotaje.","sameAs":["https:\/\/www.facebook.com\/BoxRepsol\/","https:\/\/www.instagram.com\/box_repsol\/","https:\/\/x.com\/https:\/\/twitter.com\/box_repsol","https:\/\/www.youtube.com\/@Boxrepsol"],"url":"https:\/\/www.boxrepsol.com\/es\/author\/redaccion-box-repsol\/"}]}},"_links":{"self":[{"href":"https:\/\/www.boxrepsol.com\/es\/wp-json\/wp\/v2\/posts\/93900","targetHints":{"allow":["GET"]}}],"collection":[{"href":"https:\/\/www.boxrepsol.com\/es\/wp-json\/wp\/v2\/posts"}],"about":[{"href":"https:\/\/www.boxrepsol.com\/es\/wp-json\/wp\/v2\/types\/post"}],"author":[{"embeddable":true,"href":"https:\/\/www.boxrepsol.com\/es\/wp-json\/wp\/v2\/users\/43146"}],"replies":[{"embeddable":true,"href":"https:\/\/www.boxrepsol.com\/es\/wp-json\/wp\/v2\/comments?post=93900"}],"version-history":[{"count":1,"href":"https:\/\/www.boxrepsol.com\/es\/wp-json\/wp\/v2\/posts\/93900\/revisions"}],"predecessor-version":[{"id":93901,"href":"https:\/\/www.boxrepsol.com\/es\/wp-json\/wp\/v2\/posts\/93900\/revisions\/93901"}],"wp:featuredmedia":[{"embeddable":true,"href":"https:\/\/www.boxrepsol.com\/es\/wp-json\/wp\/v2\/media\/61686"}],"wp:attachment":[{"href":"https:\/\/www.boxrepsol.com\/es\/wp-json\/wp\/v2\/media?parent=93900"}],"wp:term":[{"taxonomy":"category","embeddable":true,"href":"https:\/\/www.boxrepsol.com\/es\/wp-json\/wp\/v2\/categories?post=93900"},{"taxonomy":"post_tag","embeddable":true,"href":"https:\/\/www.boxrepsol.com\/es\/wp-json\/wp\/v2\/tags?post=93900"}],"curies":[{"name":"wp","href":"https:\/\/api.w.org\/{rel}","templated":true}]}}