{"id":93896,"date":"2019-05-14T00:00:00","date_gmt":"2019-05-14T02:00:00","guid":{"rendered":"http:\/\/pre.boxrepsol.com\/sin-categorizar\/marc-marquez-llega-lider-al-gran-premio-francia\/"},"modified":"2024-10-03T06:58:01","modified_gmt":"2024-10-03T08:58:01","slug":"marc-marquez-llega-lider-al-gran-premio-francia","status":"publish","type":"post","link":"https:\/\/www.boxrepsol.com\/es\/motogp\/marc-marquez-llega-lider-al-gran-premio-francia\/","title":{"rendered":"Marc M\u00e1rquez llega l\u00edder al Gran Premio de Francia"},"content":{"rendered":"<p>Despu\u00e9s de cuatro carreras, <strong>Marc M\u00e1rquez lidera el Mundial de MotoGP con 70 puntos de 100 posibles<\/strong>, gracias a las victorias en Argentina y Jerez, y la segunda posici\u00f3n de Catar.<\/p>\n<p>Hace un a\u00f1o, el vigente Campe\u00f3n del Mundo de MotoGP <strong>se hizo con el triunfo en Francia<\/strong>, el tercero de su carrera en territorio galo, sumado a los logrados en 2014 \u2013en MotoGP\u2013 y en 2012 \u2013en Moto2\u2013.<\/p>\n<p><strong>Jorge Lorenzo ha subido en seis ocasiones al escal\u00f3n m\u00e1s alto<\/strong> del podio de Le Mans, cinco veces en la categor\u00eda reina y otra en 250 c. c.<\/p>\n<p>Este fin de semana, el circuito de Le Mans ser\u00e1 tambi\u00e9n escenario del FIM CEV Repsol, que el s\u00e1bado por la tarde celebrar\u00e1 una carrera del FIM Moto3\u2122 Junior World Championship.<\/p>\n<p>No te pierdas detalle de la competici\u00f3n siguiendo la clasificaci\u00f3n, horarios y calendario en <a href=\"https:\/\/www.boxrepsol.com\/\">boxrepsol.com<\/a><\/p>\n<p><!-- Imagen relacionada --><br \/>\n<img loading=\"lazy\" decoding=\"async\" src=\"https:\/\/bxrepsol.s3.eu-west-1.amazonaws.com\/static\/2022\/08\/05064424\/00_le_mans_marc_marquez_motogp-1.jpg\" alt=\"GP de Francia Marc M\u00e1rquez\" width=\"404\" height=\"336\" \/><br \/>\n<!-- Categor\u00eda --><br \/>\nMotoGP<br \/>\n<!-- T\u00edtulo --><\/p>\n<h3>Horarios GP de Francia MotoGP 2019<\/h3>\n<p><!-- Fecha --><br \/>\nhace 2 d\u00edas<\/p>\n<h2>Previa GP de Francia 2019 &#8211; Declaraciones de los pilotos<\/h2>\n<p><a href=\"https:\/\/twitter.com\/hashtag\/mm93?src=hash&amp;lang=es\">#MM93<\/a><\/p>\n<p><em><strong>Estuvimos muy fuertes durante el Gran Premio de Espa\u00f1a e hicimos un entrenamiento muy productivo el lunes<\/strong>, pero esto es MotoGP y siempre tenemos que seguir trabajando. El Gran Premio de Francia puede ser complicado, especialmente por la meteorolog\u00eda, as\u00ed que tenemos que estar preparados para cualquier condici\u00f3n. El a\u00f1o pasado consegu\u00ed ganar, pero siempre hay mucha competitividad.<\/em><\/p>\n<hr \/>\n<p><a href=\"https:\/\/twitter.com\/hashtag\/jl99?src=hash&amp;lang=es\">#JL99<\/a><\/p>\n<p><em><strong>Despu\u00e9s de un duro fin de semana, estoy contento de volver a subir a la Honda sin demasiado tiempo entre carreras<\/strong>. En temporadas anteriores he ido bien en Francia, pero deberemos ver c\u00f3mo va este fin de semana. El entrenamiento que hicimos el lunes despu\u00e9s de la carrera fue productivo y tambi\u00e9n importante; me permiti\u00f3 estar m\u00e1s tiempo sobre la moto, lo que deber\u00eda ayudarnos a entender m\u00e1s cosas y mejorar.<\/em><\/p>\n<p><strong>Suscr\u00edbete al bolet\u00edn de Box Repsol<\/strong><\/p>\n<p>Te contamos en exclusiva todas las noticias del Equipo Repsol, entrevistas, reportajes, v\u00eddeos, resultados de nuestros pilotos de <strong>MotoGP<\/strong>, <strong>Trial<\/strong>, <strong>FIM CEV Repsol<\/strong>, <strong>Rally<\/strong>, <strong>Red Bull Air Race<\/strong> y mucho m\u00e1s. <a href=\"https:\/\/www.boxrepsol.com\/es\/suscribete\/\">Suscr\u00edbete al bolet\u00edn de Box Repsol<\/a> y ent\u00e9rate de todas nuestras <strong>promociones<\/strong> y <strong>concursos<\/strong>.<\/p>\n","protected":false},"excerpt":{"rendered":"<p>Segunda cita europea del Mundial de MotoGP 2019, que tendr\u00e1 lugar en Le Mans, tras las buenas sensaciones de M\u00e1rquez y Lorenzo en el test realizado en Jerez.<\/p>\n","protected":false},"author":43146,"featured_media":61672,"comment_status":"open","ping_status":"open","sticky":false,"template":"","format":"standard","meta":{"footnotes":""},"categories":[4],"tags":[121],"class_list":["post-93896","post","type-post","status-publish","format-standard","hentry","category-motogp","tag-motogp-francia"],"yoast_head":"<!-- This site is optimized with the Yoast SEO plugin v27.3 - https:\/\/yoast.com\/product\/yoast-seo-wordpress\/ -->\n<title>Previa GP Francia 2019 - Marc M\u00e1rquez llega l\u00edder al Gran Premio de Francia<\/title>\n<meta name=\"description\" content=\"Segunda cita europea del Mundial de MotoGP 2019, que tendr\u00e1 lugar en Le Mans, tras las buenas sensaciones de M\u00e1rquez y Lorenzo en el test de Jerez.\" \/>\n<link rel=\"canonical\" href=\"https:\/\/www.boxrepsol.com\/es\/motogp\/marc-marquez-llega-lider-al-gran-premio-francia\/\" \/>\n<meta property=\"og:locale\" content=\"es_ES\" \/>\n<meta property=\"og:type\" content=\"article\" \/>\n<meta property=\"og:title\" content=\"Previa GP Francia 2019 - Marc M\u00e1rquez llega l\u00edder al Gran Premio de Francia\" \/>\n<meta property=\"og:description\" content=\"Segunda cita europea del Mundial de MotoGP 2019, que tendr\u00e1 lugar en Le Mans, tras las buenas sensaciones de M\u00e1rquez y Lorenzo en el test de Jerez.\" \/>\n<meta property=\"og:url\" content=\"https:\/\/www.boxrepsol.com\/es\/motogp\/marc-marquez-llega-lider-al-gran-premio-francia\/\" \/>\n<meta property=\"og:site_name\" content=\"Box Repsol\" \/>\n<meta property=\"article:publisher\" content=\"https:\/\/www.facebook.com\/BoxRepsol\" \/>\n<meta property=\"article:author\" content=\"https:\/\/www.facebook.com\/BoxRepsol\/\" \/>\n<meta property=\"article:published_time\" content=\"2019-05-14T02:00:00+00:00\" \/>\n<meta property=\"article:modified_time\" content=\"2024-10-03T08:58:01+00:00\" \/>\n<meta property=\"og:image\" content=\"https:\/\/bxrepsol.s3.eu-west-1.amazonaws.com\/static\/2022\/08\/29085200\/00_motogp_marc_marquez_jorge_lorenzo_repsol_honda_salida.jpg\" \/>\n\t<meta property=\"og:image:width\" content=\"1280\" \/>\n\t<meta property=\"og:image:height\" content=\"600\" \/>\n\t<meta property=\"og:image:type\" content=\"image\/jpeg\" \/>\n<meta name=\"author\" content=\"Redacci\u00f3n Box Repsol\" \/>\n<meta name=\"twitter:card\" content=\"summary_large_image\" \/>\n<meta name=\"twitter:creator\" content=\"@https:\/\/twitter.com\/box_repsol\" \/>\n<meta name=\"twitter:site\" content=\"@box_repsol\" \/>\n<meta name=\"twitter:label1\" content=\"Written by\" \/>\n\t<meta name=\"twitter:data1\" content=\"Redacci\u00f3n Box Repsol\" \/>\n\t<meta name=\"twitter:label2\" content=\"Est. reading time\" \/>\n\t<meta name=\"twitter:data2\" content=\"2 minutos\" \/>\n<script type=\"application\/ld+json\" class=\"yoast-schema-graph\">{\"@context\":\"https:\\\/\\\/schema.org\",\"@graph\":[{\"@type\":\"Article\",\"@id\":\"https:\\\/\\\/www.boxrepsol.com\\\/es\\\/motogp\\\/marc-marquez-llega-lider-al-gran-premio-francia\\\/#article\",\"isPartOf\":{\"@id\":\"https:\\\/\\\/www.boxrepsol.com\\\/es\\\/motogp\\\/marc-marquez-llega-lider-al-gran-premio-francia\\\/\"},\"author\":{\"name\":\"Redacci\u00f3n Box Repsol\",\"@id\":\"https:\\\/\\\/www.boxrepsol.com\\\/es\\\/#\\\/schema\\\/person\\\/c5c2138f2cca251b0ad92b7086bb60b7\"},\"headline\":\"Marc M\u00e1rquez llega l\u00edder al Gran Premio de Francia\",\"datePublished\":\"2019-05-14T02:00:00+00:00\",\"dateModified\":\"2024-10-03T08:58:01+00:00\",\"mainEntityOfPage\":{\"@id\":\"https:\\\/\\\/www.boxrepsol.com\\\/es\\\/motogp\\\/marc-marquez-llega-lider-al-gran-premio-francia\\\/\"},\"wordCount\":380,\"commentCount\":0,\"publisher\":{\"@id\":\"https:\\\/\\\/www.boxrepsol.com\\\/es\\\/#organization\"},\"image\":{\"@id\":\"https:\\\/\\\/www.boxrepsol.com\\\/es\\\/motogp\\\/marc-marquez-llega-lider-al-gran-premio-francia\\\/#primaryimage\"},\"thumbnailUrl\":\"https:\\\/\\\/bxrepsol.s3.eu-west-1.amazonaws.com\\\/static\\\/2022\\\/08\\\/29085200\\\/00_motogp_marc_marquez_jorge_lorenzo_repsol_honda_salida.jpg\",\"keywords\":[\"MotoGP Francia\"],\"articleSection\":[\"MotoGP\"],\"inLanguage\":\"es\",\"potentialAction\":[{\"@type\":\"CommentAction\",\"name\":\"Comment\",\"target\":[\"https:\\\/\\\/www.boxrepsol.com\\\/es\\\/motogp\\\/marc-marquez-llega-lider-al-gran-premio-francia\\\/#respond\"]}]},{\"@type\":\"WebPage\",\"@id\":\"https:\\\/\\\/www.boxrepsol.com\\\/es\\\/motogp\\\/marc-marquez-llega-lider-al-gran-premio-francia\\\/\",\"url\":\"https:\\\/\\\/www.boxrepsol.com\\\/es\\\/motogp\\\/marc-marquez-llega-lider-al-gran-premio-francia\\\/\",\"name\":\"Previa GP Francia 2019 - Marc M\u00e1rquez llega l\u00edder al Gran Premio de Francia\",\"isPartOf\":{\"@id\":\"https:\\\/\\\/www.boxrepsol.com\\\/es\\\/#website\"},\"primaryImageOfPage\":{\"@id\":\"https:\\\/\\\/www.boxrepsol.com\\\/es\\\/motogp\\\/marc-marquez-llega-lider-al-gran-premio-francia\\\/#primaryimage\"},\"image\":{\"@id\":\"https:\\\/\\\/www.boxrepsol.com\\\/es\\\/motogp\\\/marc-marquez-llega-lider-al-gran-premio-francia\\\/#primaryimage\"},\"thumbnailUrl\":\"https:\\\/\\\/bxrepsol.s3.eu-west-1.amazonaws.com\\\/static\\\/2022\\\/08\\\/29085200\\\/00_motogp_marc_marquez_jorge_lorenzo_repsol_honda_salida.jpg\",\"datePublished\":\"2019-05-14T02:00:00+00:00\",\"dateModified\":\"2024-10-03T08:58:01+00:00\",\"description\":\"Segunda cita europea del Mundial de MotoGP 2019, que tendr\u00e1 lugar en Le Mans, tras las buenas sensaciones de M\u00e1rquez y Lorenzo en el test de Jerez.\",\"breadcrumb\":{\"@id\":\"https:\\\/\\\/www.boxrepsol.com\\\/es\\\/motogp\\\/marc-marquez-llega-lider-al-gran-premio-francia\\\/#breadcrumb\"},\"inLanguage\":\"es\",\"potentialAction\":[{\"@type\":\"ReadAction\",\"target\":[\"https:\\\/\\\/www.boxrepsol.com\\\/es\\\/motogp\\\/marc-marquez-llega-lider-al-gran-premio-francia\\\/\"]}]},{\"@type\":\"ImageObject\",\"inLanguage\":\"es\",\"@id\":\"https:\\\/\\\/www.boxrepsol.com\\\/es\\\/motogp\\\/marc-marquez-llega-lider-al-gran-premio-francia\\\/#primaryimage\",\"url\":\"https:\\\/\\\/bxrepsol.s3.eu-west-1.amazonaws.com\\\/static\\\/2022\\\/08\\\/29085200\\\/00_motogp_marc_marquez_jorge_lorenzo_repsol_honda_salida.jpg\",\"contentUrl\":\"https:\\\/\\\/bxrepsol.s3.eu-west-1.amazonaws.com\\\/static\\\/2022\\\/08\\\/29085200\\\/00_motogp_marc_marquez_jorge_lorenzo_repsol_honda_salida.jpg\",\"width\":1280,\"height\":600,\"caption\":\"Jorge Lorenzo y Marc M\u00e1rquez en pista\"},{\"@type\":\"BreadcrumbList\",\"@id\":\"https:\\\/\\\/www.boxrepsol.com\\\/es\\\/motogp\\\/marc-marquez-llega-lider-al-gran-premio-francia\\\/#breadcrumb\",\"itemListElement\":[{\"@type\":\"ListItem\",\"position\":1,\"name\":\"Home\",\"item\":\"https:\\\/\\\/www.boxrepsol.com\\\/es\\\/\"},{\"@type\":\"ListItem\",\"position\":2,\"name\":\"Marc M\u00e1rquez llega l\u00edder al Gran Premio de Francia\"}]},{\"@type\":\"WebSite\",\"@id\":\"https:\\\/\\\/www.boxrepsol.com\\\/es\\\/#website\",\"url\":\"https:\\\/\\\/www.boxrepsol.com\\\/es\\\/\",\"name\":\"Box Repsol\",\"description\":\"Box Repsol Site\",\"publisher\":{\"@id\":\"https:\\\/\\\/www.boxrepsol.com\\\/es\\\/#organization\"},\"potentialAction\":[{\"@type\":\"SearchAction\",\"target\":{\"@type\":\"EntryPoint\",\"urlTemplate\":\"https:\\\/\\\/www.boxrepsol.com\\\/es\\\/?s={search_term_string}\"},\"query-input\":{\"@type\":\"PropertyValueSpecification\",\"valueRequired\":true,\"valueName\":\"search_term_string\"}}],\"inLanguage\":\"es\"},{\"@type\":\"Organization\",\"@id\":\"https:\\\/\\\/www.boxrepsol.com\\\/es\\\/#organization\",\"name\":\"Box Repsol\",\"url\":\"https:\\\/\\\/www.boxrepsol.com\\\/es\\\/\",\"logo\":{\"@type\":\"ImageObject\",\"inLanguage\":\"es\",\"@id\":\"https:\\\/\\\/www.boxrepsol.com\\\/es\\\/#\\\/schema\\\/logo\\\/image\\\/\",\"url\":\"https:\\\/\\\/bxrepsol.s3.eu-west-1.amazonaws.com\\\/static\\\/2025\\\/07\\\/30083337\\\/favicon-96x96-1.png\",\"contentUrl\":\"https:\\\/\\\/bxrepsol.s3.eu-west-1.amazonaws.com\\\/static\\\/2025\\\/07\\\/30083337\\\/favicon-96x96-1.png\",\"width\":96,\"height\":96,\"caption\":\"Box Repsol\"},\"image\":{\"@id\":\"https:\\\/\\\/www.boxrepsol.com\\\/es\\\/#\\\/schema\\\/logo\\\/image\\\/\"},\"sameAs\":[\"https:\\\/\\\/www.facebook.com\\\/BoxRepsol\",\"https:\\\/\\\/x.com\\\/box_repsol\",\"http:\\\/\\\/instagram.com\\\/box_repsol\",\"https:\\\/\\\/www.youtube.com\\\/user\\\/RepsolCompeticion\",\"https:\\\/\\\/www.flickr.com\\\/photos\\\/box_repsol\\\/\"]},{\"@type\":\"Person\",\"@id\":\"https:\\\/\\\/www.boxrepsol.com\\\/es\\\/#\\\/schema\\\/person\\\/c5c2138f2cca251b0ad92b7086bb60b7\",\"name\":\"Redacci\u00f3n Box Repsol\",\"image\":{\"@type\":\"ImageObject\",\"inLanguage\":\"es\",\"@id\":\"https:\\\/\\\/secure.gravatar.com\\\/avatar\\\/adf7b77e38b4419baf32c7e9c21dde01f4e40df611f0978e3006fc4ba0aaab7e?s=96&d=mm&r=g\",\"url\":\"https:\\\/\\\/secure.gravatar.com\\\/avatar\\\/adf7b77e38b4419baf32c7e9c21dde01f4e40df611f0978e3006fc4ba0aaab7e?s=96&d=mm&r=g\",\"contentUrl\":\"https:\\\/\\\/secure.gravatar.com\\\/avatar\\\/adf7b77e38b4419baf32c7e9c21dde01f4e40df611f0978e3006fc4ba0aaab7e?s=96&d=mm&r=g\",\"caption\":\"Redacci\u00f3n Box Repsol\"},\"description\":\"Box Repsol lo forma un equipo de periodistas, community managers, dise\u00f1adores y fot\u00f3grafos con m\u00e1s de 20 a\u00f1os de experiencia en el mundo del motorsport. Hemos vivido el primer mundial de un espa\u00f1ol en la categor\u00eda reina de motociclismo con \u00c1lex Crivill\u00e9, estuvimos en las victorias de Pedrosa y los t\u00edtulos de M\u00e1rquez, acompa\u00f1amos en \u00c1frica a Nani Roma y Marc Coma en sus conquistas del Dakar y hemos vibrado con los t\u00edtulos de Toni Bou en Trial. Adem\u00e1s, en nuestro equipo contamos con expertos en el mundo de las dos y cuatro ruedas tanto de la calle y las carreteras, como de los circuitos. Periodistas que han trabajado en revistas y publicaciones para hacerte llegar desde rutas y consejos de mantenimiento, a curiosidades y trucos de pilotaje.\",\"sameAs\":[\"https:\\\/\\\/www.facebook.com\\\/BoxRepsol\\\/\",\"https:\\\/\\\/www.instagram.com\\\/box_repsol\\\/\",\"https:\\\/\\\/x.com\\\/https:\\\/\\\/twitter.com\\\/box_repsol\",\"https:\\\/\\\/www.youtube.com\\\/@Boxrepsol\"],\"url\":\"https:\\\/\\\/www.boxrepsol.com\\\/es\\\/author\\\/redaccion-box-repsol\\\/\"}]}<\/script>\n<!-- \/ Yoast SEO plugin. -->","yoast_head_json":{"title":"Previa GP Francia 2019 - Marc M\u00e1rquez llega l\u00edder al Gran Premio de Francia","description":"Segunda cita europea del Mundial de MotoGP 2019, que tendr\u00e1 lugar en Le Mans, tras las buenas sensaciones de M\u00e1rquez y Lorenzo en el test de Jerez.","canonical":"https:\/\/www.boxrepsol.com\/es\/motogp\/marc-marquez-llega-lider-al-gran-premio-francia\/","og_locale":"es_ES","og_type":"article","og_title":"Previa GP Francia 2019 - Marc M\u00e1rquez llega l\u00edder al Gran Premio de Francia","og_description":"Segunda cita europea del Mundial de MotoGP 2019, que tendr\u00e1 lugar en Le Mans, tras las buenas sensaciones de M\u00e1rquez y Lorenzo en el test de Jerez.","og_url":"https:\/\/www.boxrepsol.com\/es\/motogp\/marc-marquez-llega-lider-al-gran-premio-francia\/","og_site_name":"Box Repsol","article_publisher":"https:\/\/www.facebook.com\/BoxRepsol","article_author":"https:\/\/www.facebook.com\/BoxRepsol\/","article_published_time":"2019-05-14T02:00:00+00:00","article_modified_time":"2024-10-03T08:58:01+00:00","og_image":[{"width":1280,"height":600,"url":"https:\/\/bxrepsol.s3.eu-west-1.amazonaws.com\/static\/2022\/08\/29085200\/00_motogp_marc_marquez_jorge_lorenzo_repsol_honda_salida.jpg","type":"image\/jpeg"}],"author":"Redacci\u00f3n Box Repsol","twitter_card":"summary_large_image","twitter_creator":"@https:\/\/twitter.com\/box_repsol","twitter_site":"@box_repsol","twitter_misc":{"Written by":"Redacci\u00f3n Box Repsol","Est. reading time":"2 minutos"},"schema":{"@context":"https:\/\/schema.org","@graph":[{"@type":"Article","@id":"https:\/\/www.boxrepsol.com\/es\/motogp\/marc-marquez-llega-lider-al-gran-premio-francia\/#article","isPartOf":{"@id":"https:\/\/www.boxrepsol.com\/es\/motogp\/marc-marquez-llega-lider-al-gran-premio-francia\/"},"author":{"name":"Redacci\u00f3n Box Repsol","@id":"https:\/\/www.boxrepsol.com\/es\/#\/schema\/person\/c5c2138f2cca251b0ad92b7086bb60b7"},"headline":"Marc M\u00e1rquez llega l\u00edder al Gran Premio de Francia","datePublished":"2019-05-14T02:00:00+00:00","dateModified":"2024-10-03T08:58:01+00:00","mainEntityOfPage":{"@id":"https:\/\/www.boxrepsol.com\/es\/motogp\/marc-marquez-llega-lider-al-gran-premio-francia\/"},"wordCount":380,"commentCount":0,"publisher":{"@id":"https:\/\/www.boxrepsol.com\/es\/#organization"},"image":{"@id":"https:\/\/www.boxrepsol.com\/es\/motogp\/marc-marquez-llega-lider-al-gran-premio-francia\/#primaryimage"},"thumbnailUrl":"https:\/\/bxrepsol.s3.eu-west-1.amazonaws.com\/static\/2022\/08\/29085200\/00_motogp_marc_marquez_jorge_lorenzo_repsol_honda_salida.jpg","keywords":["MotoGP Francia"],"articleSection":["MotoGP"],"inLanguage":"es","potentialAction":[{"@type":"CommentAction","name":"Comment","target":["https:\/\/www.boxrepsol.com\/es\/motogp\/marc-marquez-llega-lider-al-gran-premio-francia\/#respond"]}]},{"@type":"WebPage","@id":"https:\/\/www.boxrepsol.com\/es\/motogp\/marc-marquez-llega-lider-al-gran-premio-francia\/","url":"https:\/\/www.boxrepsol.com\/es\/motogp\/marc-marquez-llega-lider-al-gran-premio-francia\/","name":"Previa GP Francia 2019 - Marc M\u00e1rquez llega l\u00edder al Gran Premio de Francia","isPartOf":{"@id":"https:\/\/www.boxrepsol.com\/es\/#website"},"primaryImageOfPage":{"@id":"https:\/\/www.boxrepsol.com\/es\/motogp\/marc-marquez-llega-lider-al-gran-premio-francia\/#primaryimage"},"image":{"@id":"https:\/\/www.boxrepsol.com\/es\/motogp\/marc-marquez-llega-lider-al-gran-premio-francia\/#primaryimage"},"thumbnailUrl":"https:\/\/bxrepsol.s3.eu-west-1.amazonaws.com\/static\/2022\/08\/29085200\/00_motogp_marc_marquez_jorge_lorenzo_repsol_honda_salida.jpg","datePublished":"2019-05-14T02:00:00+00:00","dateModified":"2024-10-03T08:58:01+00:00","description":"Segunda cita europea del Mundial de MotoGP 2019, que tendr\u00e1 lugar en Le Mans, tras las buenas sensaciones de M\u00e1rquez y Lorenzo en el test de Jerez.","breadcrumb":{"@id":"https:\/\/www.boxrepsol.com\/es\/motogp\/marc-marquez-llega-lider-al-gran-premio-francia\/#breadcrumb"},"inLanguage":"es","potentialAction":[{"@type":"ReadAction","target":["https:\/\/www.boxrepsol.com\/es\/motogp\/marc-marquez-llega-lider-al-gran-premio-francia\/"]}]},{"@type":"ImageObject","inLanguage":"es","@id":"https:\/\/www.boxrepsol.com\/es\/motogp\/marc-marquez-llega-lider-al-gran-premio-francia\/#primaryimage","url":"https:\/\/bxrepsol.s3.eu-west-1.amazonaws.com\/static\/2022\/08\/29085200\/00_motogp_marc_marquez_jorge_lorenzo_repsol_honda_salida.jpg","contentUrl":"https:\/\/bxrepsol.s3.eu-west-1.amazonaws.com\/static\/2022\/08\/29085200\/00_motogp_marc_marquez_jorge_lorenzo_repsol_honda_salida.jpg","width":1280,"height":600,"caption":"Jorge Lorenzo y Marc M\u00e1rquez en pista"},{"@type":"BreadcrumbList","@id":"https:\/\/www.boxrepsol.com\/es\/motogp\/marc-marquez-llega-lider-al-gran-premio-francia\/#breadcrumb","itemListElement":[{"@type":"ListItem","position":1,"name":"Home","item":"https:\/\/www.boxrepsol.com\/es\/"},{"@type":"ListItem","position":2,"name":"Marc M\u00e1rquez llega l\u00edder al Gran Premio de Francia"}]},{"@type":"WebSite","@id":"https:\/\/www.boxrepsol.com\/es\/#website","url":"https:\/\/www.boxrepsol.com\/es\/","name":"Box Repsol","description":"Box Repsol Site","publisher":{"@id":"https:\/\/www.boxrepsol.com\/es\/#organization"},"potentialAction":[{"@type":"SearchAction","target":{"@type":"EntryPoint","urlTemplate":"https:\/\/www.boxrepsol.com\/es\/?s={search_term_string}"},"query-input":{"@type":"PropertyValueSpecification","valueRequired":true,"valueName":"search_term_string"}}],"inLanguage":"es"},{"@type":"Organization","@id":"https:\/\/www.boxrepsol.com\/es\/#organization","name":"Box Repsol","url":"https:\/\/www.boxrepsol.com\/es\/","logo":{"@type":"ImageObject","inLanguage":"es","@id":"https:\/\/www.boxrepsol.com\/es\/#\/schema\/logo\/image\/","url":"https:\/\/bxrepsol.s3.eu-west-1.amazonaws.com\/static\/2025\/07\/30083337\/favicon-96x96-1.png","contentUrl":"https:\/\/bxrepsol.s3.eu-west-1.amazonaws.com\/static\/2025\/07\/30083337\/favicon-96x96-1.png","width":96,"height":96,"caption":"Box Repsol"},"image":{"@id":"https:\/\/www.boxrepsol.com\/es\/#\/schema\/logo\/image\/"},"sameAs":["https:\/\/www.facebook.com\/BoxRepsol","https:\/\/x.com\/box_repsol","http:\/\/instagram.com\/box_repsol","https:\/\/www.youtube.com\/user\/RepsolCompeticion","https:\/\/www.flickr.com\/photos\/box_repsol\/"]},{"@type":"Person","@id":"https:\/\/www.boxrepsol.com\/es\/#\/schema\/person\/c5c2138f2cca251b0ad92b7086bb60b7","name":"Redacci\u00f3n Box Repsol","image":{"@type":"ImageObject","inLanguage":"es","@id":"https:\/\/secure.gravatar.com\/avatar\/adf7b77e38b4419baf32c7e9c21dde01f4e40df611f0978e3006fc4ba0aaab7e?s=96&d=mm&r=g","url":"https:\/\/secure.gravatar.com\/avatar\/adf7b77e38b4419baf32c7e9c21dde01f4e40df611f0978e3006fc4ba0aaab7e?s=96&d=mm&r=g","contentUrl":"https:\/\/secure.gravatar.com\/avatar\/adf7b77e38b4419baf32c7e9c21dde01f4e40df611f0978e3006fc4ba0aaab7e?s=96&d=mm&r=g","caption":"Redacci\u00f3n Box Repsol"},"description":"Box Repsol lo forma un equipo de periodistas, community managers, dise\u00f1adores y fot\u00f3grafos con m\u00e1s de 20 a\u00f1os de experiencia en el mundo del motorsport. Hemos vivido el primer mundial de un espa\u00f1ol en la categor\u00eda reina de motociclismo con \u00c1lex Crivill\u00e9, estuvimos en las victorias de Pedrosa y los t\u00edtulos de M\u00e1rquez, acompa\u00f1amos en \u00c1frica a Nani Roma y Marc Coma en sus conquistas del Dakar y hemos vibrado con los t\u00edtulos de Toni Bou en Trial. Adem\u00e1s, en nuestro equipo contamos con expertos en el mundo de las dos y cuatro ruedas tanto de la calle y las carreteras, como de los circuitos. Periodistas que han trabajado en revistas y publicaciones para hacerte llegar desde rutas y consejos de mantenimiento, a curiosidades y trucos de pilotaje.","sameAs":["https:\/\/www.facebook.com\/BoxRepsol\/","https:\/\/www.instagram.com\/box_repsol\/","https:\/\/x.com\/https:\/\/twitter.com\/box_repsol","https:\/\/www.youtube.com\/@Boxrepsol"],"url":"https:\/\/www.boxrepsol.com\/es\/author\/redaccion-box-repsol\/"}]}},"_links":{"self":[{"href":"https:\/\/www.boxrepsol.com\/es\/wp-json\/wp\/v2\/posts\/93896","targetHints":{"allow":["GET"]}}],"collection":[{"href":"https:\/\/www.boxrepsol.com\/es\/wp-json\/wp\/v2\/posts"}],"about":[{"href":"https:\/\/www.boxrepsol.com\/es\/wp-json\/wp\/v2\/types\/post"}],"author":[{"embeddable":true,"href":"https:\/\/www.boxrepsol.com\/es\/wp-json\/wp\/v2\/users\/43146"}],"replies":[{"embeddable":true,"href":"https:\/\/www.boxrepsol.com\/es\/wp-json\/wp\/v2\/comments?post=93896"}],"version-history":[{"count":3,"href":"https:\/\/www.boxrepsol.com\/es\/wp-json\/wp\/v2\/posts\/93896\/revisions"}],"predecessor-version":[{"id":120317,"href":"https:\/\/www.boxrepsol.com\/es\/wp-json\/wp\/v2\/posts\/93896\/revisions\/120317"}],"wp:featuredmedia":[{"embeddable":true,"href":"https:\/\/www.boxrepsol.com\/es\/wp-json\/wp\/v2\/media\/61672"}],"wp:attachment":[{"href":"https:\/\/www.boxrepsol.com\/es\/wp-json\/wp\/v2\/media?parent=93896"}],"wp:term":[{"taxonomy":"category","embeddable":true,"href":"https:\/\/www.boxrepsol.com\/es\/wp-json\/wp\/v2\/categories?post=93896"},{"taxonomy":"post_tag","embeddable":true,"href":"https:\/\/www.boxrepsol.com\/es\/wp-json\/wp\/v2\/tags?post=93896"}],"curies":[{"name":"wp","href":"https:\/\/api.w.org\/{rel}","templated":true}]}}