{"id":93871,"date":"2019-04-29T00:00:00","date_gmt":"2019-04-29T02:00:00","guid":{"rendered":"http:\/\/pre.boxrepsol.com\/sin-categorizar\/kunii-yamanaka-pons-guevara-vencen-fim-cev-repsol\/"},"modified":"2024-04-25T09:21:24","modified_gmt":"2024-04-25T11:21:24","slug":"kunii-yamanaka-pons-guevara-vencen-fim-cev-repsol","status":"publish","type":"post","link":"https:\/\/www.boxrepsol.com\/es\/sin-categorizar\/kunii-yamanaka-pons-guevara-vencen-fim-cev-repsol\/","title":{"rendered":"Kunii, Yamanaka, Pons y Guevara vencen en el FIM CEV Repsol"},"content":{"rendered":"<p>En el Mundial Junior de Moto3, <strong>Yuki Kunii se ha impuesto en la carrera inaugural <\/strong>de la jornada. Por detr\u00e1s, un grupo de hasta 6 pilotos ha peleado por las dos plazas de podio restantes, que finalmente han sido para Jeremy Alcoba y Davide Pizzoli.<\/p>\n<p><strong>La segunda carrera de la jornada se ha decidido con un adelantamiento de Ryusei Yamanaka a Yuki Kunii, en la \u00faltima curva de la \u00faltima vuelta<\/strong>. Un numeroso grupo de pilotos ha luchado por la tercera posici\u00f3n, que se ha adjudicado el espa\u00f1ol Daniel Holgado.<\/p>\n<p>La carrera de Moto2 se ha visto interrumpida por bandera roja en la segunda vuelta, tras detectarse <strong>restos de aceite en pista que han provocado varias ca\u00eddas<\/strong>. La prueba se ha reanudado reducida a 12 vueltas.<\/p>\n<p><a href=\"https:\/\/bxrepsol.s3.eu-west-1.amazonaws.com\/static\/2022\/08\/05064310\/00_carrera_fim_cev_repsol.jpg\" \n   title=\"Carrera del FIM CEV Repsol en Valencia\" \n   data-gallery-thumbnail=\"https:\/\/bxrepsol.s3.eu-west-1.amazonaws.com\/static\/2022\/08\/05064310\/00_carrera_fim_cev_repsol.jpg\"\n   data-gallery-title=\"\"\n   data-gallery><\/p>\n<figure>\n        <picture style=\"padding-bottom: 66.64%; background-image: url(https:\/\/bxrepsol.s3.eu-west-1.amazonaws.com\/static\/2022\/08\/05064310\/00_carrera_fim_cev_repsol.jpg);\">\n            <img decoding=\"async\" src=\"https:\/\/bxrepsol.s3.eu-west-1.amazonaws.com\/static\/2022\/08\/05064310\/00_carrera_fim_cev_repsol.jpg\"><br \/>\n            <img itemprop=\"image\"\n                data-srcset=\"https:\/\/bxrepsol.s3.eu-west-1.amazonaws.com\/static\/2022\/08\/05064310\/00_carrera_fim_cev_repsol.jpg 480w, https:\/\/bxrepsol.s3.eu-west-1.amazonaws.com\/static\/2022\/08\/05064310\/00_carrera_fim_cev_repsol.jpg 600w, https:\/\/bxrepsol.s3.eu-west-1.amazonaws.com\/static\/2022\/08\/05064310\/00_carrera_fim_cev_repsol.jpg 900w\"\n                data-src=\"https:\/\/bxrepsol.s3.eu-west-1.amazonaws.com\/static\/2022\/08\/05064310\/00_carrera_fim_cev_repsol.jpg\"\n                alt=\"Carrera del FIM CEV Repsol en Valencia\"\n                title=\"Carrera del FIM CEV Repsol en Valencia\"\/><br \/>\n            <noscript><img decoding=\"async\" src=\"https:\/\/bxrepsol.s3.eu-west-1.amazonaws.com\/static\/2022\/08\/05064310\/00_carrera_fim_cev_repsol.jpg\" alt=\"Carrera del FIM CEV Repsol en Valencia\"><\/noscript>\n        <\/picture><figcaption>Carrera del FIM CEV Repsol en Valencia<\/figcaption><\/figure>\n<p><\/a><\/p>\n<p>En la segunda salida, Edgar Pons y H\u00e9ctor Garz\u00f3 se han escapado desde el inicio, pero a falta de dos vueltas<strong> Pons se ha escapado de su perseguidor y ha cruzado la l\u00ednea de meta en solitario<\/strong>. El italiano Tommaso Marcon ha completado el podio.<\/p>\n<p><strong>Doblete de victorias para Izan Guevara<\/strong> en un fin de semana redondo para \u00e9l. En la primera carrera, el espa\u00f1ol Ferm\u00edn Aldeguer y el alem\u00e1n Dirk Geiger han acompa\u00f1ado a Guevara en el podio. En la segunda, el tambi\u00e9n espa\u00f1ol David Mu\u00f1oz ha ocupado la segunda plaza y el alem\u00e1n Dirk Geiger ha repetido en el tercer pelda\u00f1o del podio.<\/p>\n<p>Con estos resultados, lideran sus respectivas categor\u00edas Yuki Kunii, en Moto3, Edgar Pons, en Moto2 e Izan Guevara, en la European Talent Cup.<\/p>\n<p>La pr\u00f3xima prueba se disputar\u00e1 <a href=\"https:\/\/www.boxrepsol.com\/es\/calendario-fim-cev-repsol-2019\/\">el s\u00e1bado 18 de mayo en el trazado franc\u00e9s de Le Mans<\/a>, donde \u00fanicamente participar\u00e1n los pilotos de la categor\u00eda de Moto3.<\/p>\n<p><a href=\"https:\/\/bxrepsol.s3.eu-west-1.amazonaws.com\/static\/2022\/08\/05064311\/00_pilotos_fim_cev_repsol_tumbando_en_curva.jpg\" \n   title=\"Pilotos del CEV tumbando en curva\" \n   data-gallery-thumbnail=\"https:\/\/bxrepsol.s3.eu-west-1.amazonaws.com\/static\/2022\/08\/05064311\/00_pilotos_fim_cev_repsol_tumbando_en_curva.jpg\"\n   data-gallery-title=\"\"\n   data-gallery><\/p>\n<figure>\n        <picture style=\"padding-bottom: 66.68%; background-image: url(https:\/\/bxrepsol.s3.eu-west-1.amazonaws.com\/static\/2022\/08\/05064311\/00_pilotos_fim_cev_repsol_tumbando_en_curva.jpg);\">\n            <img decoding=\"async\" src=\"https:\/\/bxrepsol.s3.eu-west-1.amazonaws.com\/static\/2022\/08\/05064311\/00_pilotos_fim_cev_repsol_tumbando_en_curva.jpg\"><br \/>\n            <img itemprop=\"image\"\n                data-srcset=\"https:\/\/bxrepsol.s3.eu-west-1.amazonaws.com\/static\/2022\/08\/05064311\/00_pilotos_fim_cev_repsol_tumbando_en_curva.jpg 480w, https:\/\/bxrepsol.s3.eu-west-1.amazonaws.com\/static\/2022\/08\/05064311\/00_pilotos_fim_cev_repsol_tumbando_en_curva.jpg 600w, https:\/\/bxrepsol.s3.eu-west-1.amazonaws.com\/static\/2022\/08\/05064311\/00_pilotos_fim_cev_repsol_tumbando_en_curva.jpg 900w, https:\/\/bxrepsol.s3.eu-west-1.amazonaws.com\/static\/2022\/08\/05064311\/00_pilotos_fim_cev_repsol_tumbando_en_curva.jpg 1280w\"\n                data-src=\"https:\/\/bxrepsol.s3.eu-west-1.amazonaws.com\/static\/2022\/08\/05064311\/00_pilotos_fim_cev_repsol_tumbando_en_curva.jpg\"\n                alt=\"Pilotos del CEV tumbando en curva\"\n                title=\"Pilotos del CEV tumbando en curva\"\/><br \/>\n            <noscript><img decoding=\"async\" src=\"https:\/\/bxrepsol.s3.eu-west-1.amazonaws.com\/static\/2022\/08\/05064311\/00_pilotos_fim_cev_repsol_tumbando_en_curva.jpg\" alt=\"Pilotos del CEV tumbando en curva\"><\/noscript>\n        <\/picture><figcaption>Pilotos del CEV tumbando en curva<\/figcaption><\/figure>\n<p><\/a><\/p>\n<h3>YUKI KUNII \u2013 GANADOR DE LA PRIMERA CARRERA DE MOTO3<\/h3>\n<p><em>Estoy muy contento, quiero dar las gracias a mi equipo porque ha hecho un gran trabajo durante todo el fin de semana y tambi\u00e9n a mi familia por su apoyo. Al inicio de carrera me ha costado un poco alcanzar a \u00d6nc\u00fc pero lo he conseguido. Hacia la mitad de la prueba, al ver que mi ventaja era de 8 segundos respecto al grupo, he sido constante hasta el final y he podido ganar.<\/em><\/p>\n<hr\/>\n<h3>RYUSEI YAMANAKA \u2013 GANADOR DE LA SEGUNDA CARRERA MOTO3<\/h3>\n<p><em>\u00a1Ha sido incre\u00edble! \u00a1No s\u00e9 qu\u00e9 decir! He tenido problemas durante casi todo el fin de semana, incluso en la primera carrera, as\u00ed que estoy muy contento de haber ganado esta segunda. Quiero dar las gracias a mi equipo.<\/em><\/p>\n<hr\/>\n<h3>EDGAR PONS \u2013 GANADOR DE LA CARRERA DE MOTO2<\/h3>\n<p><em>Estoy contento porque ha sido ha sido un fin de semana muy bueno. Tambi\u00e9n lo fue en Estoril pero aqu\u00ed hemos podido rodar en seco. Al principio de la carrera he podido apretar bien pero el neum\u00e1tico se ha desgastado muy r\u00e1pido, sobre todo en el flanco izquierdo y he tenido algunos sustos importantes. He decidido aflojar el ritmo, controlar a H\u00e9ctor [Garz\u00f3] y sorprenderle en las \u00faltimas vueltas. Estoy muy contento por la primera victoria del campeonato.<\/em><\/p>\n<hr\/>\n<h3>IZAN GUEVARA \u2013 GANADOR DE LA PRIMERA CARRERA DE LA EUROPEAN TALENT CUP<\/h3>\n<p><em>Ha sido una carrera dif\u00edcil en la que hemos podido ganar y redondear un fin de semana incre\u00edble. Lo \u00fanico que puedo hacer es dar las gracias a mi equipo por su trabajo, a mis sponsors y a mis padres. No tengo palabras.<\/em><\/p>\n<hr\/>\n<h3>IZAN GUEVARA \u2013 GANADOR DE LA SEGUNDA CARRERA DE LA EUROPEAN TALENT CUP<\/h3>\n<p><em>Ha sido un fin de semana espectacular: dos victorias en dos carreras. Quiero dar las gracias a mi equipo, a mis patrocinadores y a toda la gente que me apoya. \u00a1Ha sido impresionante!<\/em><\/p>\n","protected":false},"excerpt":{"rendered":"<p>El Circuit Ricardo Tormo ha albergado una jornada de carreras en las que las victorias han sido para dos japoneses en Moto3, Yuki Kunii y Ryusei Yamanaka, para Edgar Pons, en Moto2, y para Izan Guevara, en las dos mangas de la ETC.<\/p>\n","protected":false},"author":43146,"featured_media":61543,"comment_status":"open","ping_status":"open","sticky":false,"template":"","format":"standard","meta":{"footnotes":""},"categories":[1],"tags":[130],"class_list":["post-93871","post","type-post","status-publish","format-standard","hentry","category-sin-categorizar","tag-otros-eventos-y-competiciones"],"yoast_head":"<!-- This site is optimized with the Yoast SEO plugin v27.3 - https:\/\/yoast.com\/product\/yoast-seo-wordpress\/ -->\n<title>Kunii, Yamanaka, Pons y Guevara vencen en el FIM CEV Repsol - Box Repsol<\/title>\n<meta name=\"description\" content=\"El Circuit Ricardo Tormo ha albergado una jornada de carreras en las que las victorias han sido para dos japoneses en Moto3, Yuki Kunii y Ryusei Yamanaka.\" \/>\n<link rel=\"canonical\" href=\"https:\/\/www.boxrepsol.com\/es\/sin-categorizar\/kunii-yamanaka-pons-guevara-vencen-fim-cev-repsol\/\" \/>\n<meta property=\"og:locale\" content=\"es_ES\" \/>\n<meta property=\"og:type\" content=\"article\" \/>\n<meta property=\"og:title\" content=\"Kunii, Yamanaka, Pons y Guevara vencen en el FIM CEV Repsol - Box Repsol\" \/>\n<meta property=\"og:description\" content=\"El Circuit Ricardo Tormo ha albergado una jornada de carreras en las que las victorias han sido para dos japoneses en Moto3, Yuki Kunii y Ryusei Yamanaka.\" \/>\n<meta property=\"og:url\" content=\"https:\/\/www.boxrepsol.com\/es\/sin-categorizar\/kunii-yamanaka-pons-guevara-vencen-fim-cev-repsol\/\" \/>\n<meta property=\"og:site_name\" content=\"Box Repsol\" \/>\n<meta property=\"article:publisher\" content=\"https:\/\/www.facebook.com\/BoxRepsol\" \/>\n<meta property=\"article:author\" content=\"https:\/\/www.facebook.com\/BoxRepsol\/\" \/>\n<meta property=\"article:published_time\" content=\"2019-04-29T02:00:00+00:00\" \/>\n<meta property=\"article:modified_time\" content=\"2024-04-25T11:21:24+00:00\" \/>\n<meta property=\"og:image\" content=\"https:\/\/bxrepsol.s3.eu-west-1.amazonaws.com\/static\/2022\/08\/29085042\/00_fim_cev_repsol_podio_valencia_moto3.jpg\" \/>\n\t<meta property=\"og:image:width\" content=\"1280\" \/>\n\t<meta property=\"og:image:height\" content=\"600\" \/>\n\t<meta property=\"og:image:type\" content=\"image\/jpeg\" \/>\n<meta name=\"author\" content=\"Redacci\u00f3n Box Repsol\" \/>\n<meta name=\"twitter:card\" content=\"summary_large_image\" \/>\n<meta name=\"twitter:creator\" content=\"@https:\/\/twitter.com\/box_repsol\" \/>\n<meta name=\"twitter:site\" content=\"@box_repsol\" \/>\n<meta name=\"twitter:label1\" content=\"Written by\" \/>\n\t<meta name=\"twitter:data1\" content=\"Redacci\u00f3n Box Repsol\" \/>\n\t<meta name=\"twitter:label2\" content=\"Est. reading time\" \/>\n\t<meta name=\"twitter:data2\" content=\"3 minutos\" \/>\n<script type=\"application\/ld+json\" class=\"yoast-schema-graph\">{\"@context\":\"https:\\\/\\\/schema.org\",\"@graph\":[{\"@type\":\"Article\",\"@id\":\"https:\\\/\\\/www.boxrepsol.com\\\/es\\\/sin-categorizar\\\/kunii-yamanaka-pons-guevara-vencen-fim-cev-repsol\\\/#article\",\"isPartOf\":{\"@id\":\"https:\\\/\\\/www.boxrepsol.com\\\/es\\\/sin-categorizar\\\/kunii-yamanaka-pons-guevara-vencen-fim-cev-repsol\\\/\"},\"author\":{\"name\":\"Redacci\u00f3n Box Repsol\",\"@id\":\"https:\\\/\\\/www.boxrepsol.com\\\/es\\\/#\\\/schema\\\/person\\\/c5c2138f2cca251b0ad92b7086bb60b7\"},\"headline\":\"Kunii, Yamanaka, Pons y Guevara vencen en el FIM CEV Repsol\",\"datePublished\":\"2019-04-29T02:00:00+00:00\",\"dateModified\":\"2024-04-25T11:21:24+00:00\",\"mainEntityOfPage\":{\"@id\":\"https:\\\/\\\/www.boxrepsol.com\\\/es\\\/sin-categorizar\\\/kunii-yamanaka-pons-guevara-vencen-fim-cev-repsol\\\/\"},\"wordCount\":646,\"commentCount\":0,\"publisher\":{\"@id\":\"https:\\\/\\\/www.boxrepsol.com\\\/es\\\/#organization\"},\"image\":{\"@id\":\"https:\\\/\\\/www.boxrepsol.com\\\/es\\\/sin-categorizar\\\/kunii-yamanaka-pons-guevara-vencen-fim-cev-repsol\\\/#primaryimage\"},\"thumbnailUrl\":\"https:\\\/\\\/bxrepsol.s3.eu-west-1.amazonaws.com\\\/static\\\/2022\\\/08\\\/29085042\\\/00_fim_cev_repsol_podio_valencia_moto3.jpg\",\"keywords\":[\"otros eventos y competiciones\"],\"articleSection\":[\"Sin categorizar\"],\"inLanguage\":\"es\",\"potentialAction\":[{\"@type\":\"CommentAction\",\"name\":\"Comment\",\"target\":[\"https:\\\/\\\/www.boxrepsol.com\\\/es\\\/sin-categorizar\\\/kunii-yamanaka-pons-guevara-vencen-fim-cev-repsol\\\/#respond\"]}]},{\"@type\":\"WebPage\",\"@id\":\"https:\\\/\\\/www.boxrepsol.com\\\/es\\\/sin-categorizar\\\/kunii-yamanaka-pons-guevara-vencen-fim-cev-repsol\\\/\",\"url\":\"https:\\\/\\\/www.boxrepsol.com\\\/es\\\/sin-categorizar\\\/kunii-yamanaka-pons-guevara-vencen-fim-cev-repsol\\\/\",\"name\":\"Kunii, Yamanaka, Pons y Guevara vencen en el FIM CEV Repsol - Box Repsol\",\"isPartOf\":{\"@id\":\"https:\\\/\\\/www.boxrepsol.com\\\/es\\\/#website\"},\"primaryImageOfPage\":{\"@id\":\"https:\\\/\\\/www.boxrepsol.com\\\/es\\\/sin-categorizar\\\/kunii-yamanaka-pons-guevara-vencen-fim-cev-repsol\\\/#primaryimage\"},\"image\":{\"@id\":\"https:\\\/\\\/www.boxrepsol.com\\\/es\\\/sin-categorizar\\\/kunii-yamanaka-pons-guevara-vencen-fim-cev-repsol\\\/#primaryimage\"},\"thumbnailUrl\":\"https:\\\/\\\/bxrepsol.s3.eu-west-1.amazonaws.com\\\/static\\\/2022\\\/08\\\/29085042\\\/00_fim_cev_repsol_podio_valencia_moto3.jpg\",\"datePublished\":\"2019-04-29T02:00:00+00:00\",\"dateModified\":\"2024-04-25T11:21:24+00:00\",\"description\":\"El Circuit Ricardo Tormo ha albergado una jornada de carreras en las que las victorias han sido para dos japoneses en Moto3, Yuki Kunii y Ryusei Yamanaka.\",\"breadcrumb\":{\"@id\":\"https:\\\/\\\/www.boxrepsol.com\\\/es\\\/sin-categorizar\\\/kunii-yamanaka-pons-guevara-vencen-fim-cev-repsol\\\/#breadcrumb\"},\"inLanguage\":\"es\",\"potentialAction\":[{\"@type\":\"ReadAction\",\"target\":[\"https:\\\/\\\/www.boxrepsol.com\\\/es\\\/sin-categorizar\\\/kunii-yamanaka-pons-guevara-vencen-fim-cev-repsol\\\/\"]}]},{\"@type\":\"ImageObject\",\"inLanguage\":\"es\",\"@id\":\"https:\\\/\\\/www.boxrepsol.com\\\/es\\\/sin-categorizar\\\/kunii-yamanaka-pons-guevara-vencen-fim-cev-repsol\\\/#primaryimage\",\"url\":\"https:\\\/\\\/bxrepsol.s3.eu-west-1.amazonaws.com\\\/static\\\/2022\\\/08\\\/29085042\\\/00_fim_cev_repsol_podio_valencia_moto3.jpg\",\"contentUrl\":\"https:\\\/\\\/bxrepsol.s3.eu-west-1.amazonaws.com\\\/static\\\/2022\\\/08\\\/29085042\\\/00_fim_cev_repsol_podio_valencia_moto3.jpg\",\"width\":1280,\"height\":600,\"caption\":\"Podio en el FIM CEV Repsol con dos pilotos de Monlau\"},{\"@type\":\"BreadcrumbList\",\"@id\":\"https:\\\/\\\/www.boxrepsol.com\\\/es\\\/sin-categorizar\\\/kunii-yamanaka-pons-guevara-vencen-fim-cev-repsol\\\/#breadcrumb\",\"itemListElement\":[{\"@type\":\"ListItem\",\"position\":1,\"name\":\"Home\",\"item\":\"https:\\\/\\\/www.boxrepsol.com\\\/es\\\/\"},{\"@type\":\"ListItem\",\"position\":2,\"name\":\"Kunii, Yamanaka, Pons y Guevara vencen en el FIM CEV Repsol\"}]},{\"@type\":\"WebSite\",\"@id\":\"https:\\\/\\\/www.boxrepsol.com\\\/es\\\/#website\",\"url\":\"https:\\\/\\\/www.boxrepsol.com\\\/es\\\/\",\"name\":\"Box Repsol\",\"description\":\"Box Repsol Site\",\"publisher\":{\"@id\":\"https:\\\/\\\/www.boxrepsol.com\\\/es\\\/#organization\"},\"potentialAction\":[{\"@type\":\"SearchAction\",\"target\":{\"@type\":\"EntryPoint\",\"urlTemplate\":\"https:\\\/\\\/www.boxrepsol.com\\\/es\\\/?s={search_term_string}\"},\"query-input\":{\"@type\":\"PropertyValueSpecification\",\"valueRequired\":true,\"valueName\":\"search_term_string\"}}],\"inLanguage\":\"es\"},{\"@type\":\"Organization\",\"@id\":\"https:\\\/\\\/www.boxrepsol.com\\\/es\\\/#organization\",\"name\":\"Box Repsol\",\"url\":\"https:\\\/\\\/www.boxrepsol.com\\\/es\\\/\",\"logo\":{\"@type\":\"ImageObject\",\"inLanguage\":\"es\",\"@id\":\"https:\\\/\\\/www.boxrepsol.com\\\/es\\\/#\\\/schema\\\/logo\\\/image\\\/\",\"url\":\"https:\\\/\\\/bxrepsol.s3.eu-west-1.amazonaws.com\\\/static\\\/2025\\\/07\\\/30083337\\\/favicon-96x96-1.png\",\"contentUrl\":\"https:\\\/\\\/bxrepsol.s3.eu-west-1.amazonaws.com\\\/static\\\/2025\\\/07\\\/30083337\\\/favicon-96x96-1.png\",\"width\":96,\"height\":96,\"caption\":\"Box Repsol\"},\"image\":{\"@id\":\"https:\\\/\\\/www.boxrepsol.com\\\/es\\\/#\\\/schema\\\/logo\\\/image\\\/\"},\"sameAs\":[\"https:\\\/\\\/www.facebook.com\\\/BoxRepsol\",\"https:\\\/\\\/x.com\\\/box_repsol\",\"http:\\\/\\\/instagram.com\\\/box_repsol\",\"https:\\\/\\\/www.youtube.com\\\/user\\\/RepsolCompeticion\",\"https:\\\/\\\/www.flickr.com\\\/photos\\\/box_repsol\\\/\"]},{\"@type\":\"Person\",\"@id\":\"https:\\\/\\\/www.boxrepsol.com\\\/es\\\/#\\\/schema\\\/person\\\/c5c2138f2cca251b0ad92b7086bb60b7\",\"name\":\"Redacci\u00f3n Box Repsol\",\"image\":{\"@type\":\"ImageObject\",\"inLanguage\":\"es\",\"@id\":\"https:\\\/\\\/secure.gravatar.com\\\/avatar\\\/adf7b77e38b4419baf32c7e9c21dde01f4e40df611f0978e3006fc4ba0aaab7e?s=96&d=mm&r=g\",\"url\":\"https:\\\/\\\/secure.gravatar.com\\\/avatar\\\/adf7b77e38b4419baf32c7e9c21dde01f4e40df611f0978e3006fc4ba0aaab7e?s=96&d=mm&r=g\",\"contentUrl\":\"https:\\\/\\\/secure.gravatar.com\\\/avatar\\\/adf7b77e38b4419baf32c7e9c21dde01f4e40df611f0978e3006fc4ba0aaab7e?s=96&d=mm&r=g\",\"caption\":\"Redacci\u00f3n Box Repsol\"},\"description\":\"Box Repsol lo forma un equipo de periodistas, community managers, dise\u00f1adores y fot\u00f3grafos con m\u00e1s de 20 a\u00f1os de experiencia en el mundo del motorsport. Hemos vivido el primer mundial de un espa\u00f1ol en la categor\u00eda reina de motociclismo con \u00c1lex Crivill\u00e9, estuvimos en las victorias de Pedrosa y los t\u00edtulos de M\u00e1rquez, acompa\u00f1amos en \u00c1frica a Nani Roma y Marc Coma en sus conquistas del Dakar y hemos vibrado con los t\u00edtulos de Toni Bou en Trial. Adem\u00e1s, en nuestro equipo contamos con expertos en el mundo de las dos y cuatro ruedas tanto de la calle y las carreteras, como de los circuitos. Periodistas que han trabajado en revistas y publicaciones para hacerte llegar desde rutas y consejos de mantenimiento, a curiosidades y trucos de pilotaje.\",\"sameAs\":[\"https:\\\/\\\/www.facebook.com\\\/BoxRepsol\\\/\",\"https:\\\/\\\/www.instagram.com\\\/box_repsol\\\/\",\"https:\\\/\\\/x.com\\\/https:\\\/\\\/twitter.com\\\/box_repsol\",\"https:\\\/\\\/www.youtube.com\\\/@Boxrepsol\"],\"url\":\"https:\\\/\\\/www.boxrepsol.com\\\/es\\\/author\\\/redaccion-box-repsol\\\/\"}]}<\/script>\n<!-- \/ Yoast SEO plugin. -->","yoast_head_json":{"title":"Kunii, Yamanaka, Pons y Guevara vencen en el FIM CEV Repsol - Box Repsol","description":"El Circuit Ricardo Tormo ha albergado una jornada de carreras en las que las victorias han sido para dos japoneses en Moto3, Yuki Kunii y Ryusei Yamanaka.","canonical":"https:\/\/www.boxrepsol.com\/es\/sin-categorizar\/kunii-yamanaka-pons-guevara-vencen-fim-cev-repsol\/","og_locale":"es_ES","og_type":"article","og_title":"Kunii, Yamanaka, Pons y Guevara vencen en el FIM CEV Repsol - Box Repsol","og_description":"El Circuit Ricardo Tormo ha albergado una jornada de carreras en las que las victorias han sido para dos japoneses en Moto3, Yuki Kunii y Ryusei Yamanaka.","og_url":"https:\/\/www.boxrepsol.com\/es\/sin-categorizar\/kunii-yamanaka-pons-guevara-vencen-fim-cev-repsol\/","og_site_name":"Box Repsol","article_publisher":"https:\/\/www.facebook.com\/BoxRepsol","article_author":"https:\/\/www.facebook.com\/BoxRepsol\/","article_published_time":"2019-04-29T02:00:00+00:00","article_modified_time":"2024-04-25T11:21:24+00:00","og_image":[{"width":1280,"height":600,"url":"https:\/\/bxrepsol.s3.eu-west-1.amazonaws.com\/static\/2022\/08\/29085042\/00_fim_cev_repsol_podio_valencia_moto3.jpg","type":"image\/jpeg"}],"author":"Redacci\u00f3n Box Repsol","twitter_card":"summary_large_image","twitter_creator":"@https:\/\/twitter.com\/box_repsol","twitter_site":"@box_repsol","twitter_misc":{"Written by":"Redacci\u00f3n Box Repsol","Est. reading time":"3 minutos"},"schema":{"@context":"https:\/\/schema.org","@graph":[{"@type":"Article","@id":"https:\/\/www.boxrepsol.com\/es\/sin-categorizar\/kunii-yamanaka-pons-guevara-vencen-fim-cev-repsol\/#article","isPartOf":{"@id":"https:\/\/www.boxrepsol.com\/es\/sin-categorizar\/kunii-yamanaka-pons-guevara-vencen-fim-cev-repsol\/"},"author":{"name":"Redacci\u00f3n Box Repsol","@id":"https:\/\/www.boxrepsol.com\/es\/#\/schema\/person\/c5c2138f2cca251b0ad92b7086bb60b7"},"headline":"Kunii, Yamanaka, Pons y Guevara vencen en el FIM CEV Repsol","datePublished":"2019-04-29T02:00:00+00:00","dateModified":"2024-04-25T11:21:24+00:00","mainEntityOfPage":{"@id":"https:\/\/www.boxrepsol.com\/es\/sin-categorizar\/kunii-yamanaka-pons-guevara-vencen-fim-cev-repsol\/"},"wordCount":646,"commentCount":0,"publisher":{"@id":"https:\/\/www.boxrepsol.com\/es\/#organization"},"image":{"@id":"https:\/\/www.boxrepsol.com\/es\/sin-categorizar\/kunii-yamanaka-pons-guevara-vencen-fim-cev-repsol\/#primaryimage"},"thumbnailUrl":"https:\/\/bxrepsol.s3.eu-west-1.amazonaws.com\/static\/2022\/08\/29085042\/00_fim_cev_repsol_podio_valencia_moto3.jpg","keywords":["otros eventos y competiciones"],"articleSection":["Sin categorizar"],"inLanguage":"es","potentialAction":[{"@type":"CommentAction","name":"Comment","target":["https:\/\/www.boxrepsol.com\/es\/sin-categorizar\/kunii-yamanaka-pons-guevara-vencen-fim-cev-repsol\/#respond"]}]},{"@type":"WebPage","@id":"https:\/\/www.boxrepsol.com\/es\/sin-categorizar\/kunii-yamanaka-pons-guevara-vencen-fim-cev-repsol\/","url":"https:\/\/www.boxrepsol.com\/es\/sin-categorizar\/kunii-yamanaka-pons-guevara-vencen-fim-cev-repsol\/","name":"Kunii, Yamanaka, Pons y Guevara vencen en el FIM CEV Repsol - Box Repsol","isPartOf":{"@id":"https:\/\/www.boxrepsol.com\/es\/#website"},"primaryImageOfPage":{"@id":"https:\/\/www.boxrepsol.com\/es\/sin-categorizar\/kunii-yamanaka-pons-guevara-vencen-fim-cev-repsol\/#primaryimage"},"image":{"@id":"https:\/\/www.boxrepsol.com\/es\/sin-categorizar\/kunii-yamanaka-pons-guevara-vencen-fim-cev-repsol\/#primaryimage"},"thumbnailUrl":"https:\/\/bxrepsol.s3.eu-west-1.amazonaws.com\/static\/2022\/08\/29085042\/00_fim_cev_repsol_podio_valencia_moto3.jpg","datePublished":"2019-04-29T02:00:00+00:00","dateModified":"2024-04-25T11:21:24+00:00","description":"El Circuit Ricardo Tormo ha albergado una jornada de carreras en las que las victorias han sido para dos japoneses en Moto3, Yuki Kunii y Ryusei Yamanaka.","breadcrumb":{"@id":"https:\/\/www.boxrepsol.com\/es\/sin-categorizar\/kunii-yamanaka-pons-guevara-vencen-fim-cev-repsol\/#breadcrumb"},"inLanguage":"es","potentialAction":[{"@type":"ReadAction","target":["https:\/\/www.boxrepsol.com\/es\/sin-categorizar\/kunii-yamanaka-pons-guevara-vencen-fim-cev-repsol\/"]}]},{"@type":"ImageObject","inLanguage":"es","@id":"https:\/\/www.boxrepsol.com\/es\/sin-categorizar\/kunii-yamanaka-pons-guevara-vencen-fim-cev-repsol\/#primaryimage","url":"https:\/\/bxrepsol.s3.eu-west-1.amazonaws.com\/static\/2022\/08\/29085042\/00_fim_cev_repsol_podio_valencia_moto3.jpg","contentUrl":"https:\/\/bxrepsol.s3.eu-west-1.amazonaws.com\/static\/2022\/08\/29085042\/00_fim_cev_repsol_podio_valencia_moto3.jpg","width":1280,"height":600,"caption":"Podio en el FIM CEV Repsol con dos pilotos de Monlau"},{"@type":"BreadcrumbList","@id":"https:\/\/www.boxrepsol.com\/es\/sin-categorizar\/kunii-yamanaka-pons-guevara-vencen-fim-cev-repsol\/#breadcrumb","itemListElement":[{"@type":"ListItem","position":1,"name":"Home","item":"https:\/\/www.boxrepsol.com\/es\/"},{"@type":"ListItem","position":2,"name":"Kunii, Yamanaka, Pons y Guevara vencen en el FIM CEV Repsol"}]},{"@type":"WebSite","@id":"https:\/\/www.boxrepsol.com\/es\/#website","url":"https:\/\/www.boxrepsol.com\/es\/","name":"Box Repsol","description":"Box Repsol Site","publisher":{"@id":"https:\/\/www.boxrepsol.com\/es\/#organization"},"potentialAction":[{"@type":"SearchAction","target":{"@type":"EntryPoint","urlTemplate":"https:\/\/www.boxrepsol.com\/es\/?s={search_term_string}"},"query-input":{"@type":"PropertyValueSpecification","valueRequired":true,"valueName":"search_term_string"}}],"inLanguage":"es"},{"@type":"Organization","@id":"https:\/\/www.boxrepsol.com\/es\/#organization","name":"Box Repsol","url":"https:\/\/www.boxrepsol.com\/es\/","logo":{"@type":"ImageObject","inLanguage":"es","@id":"https:\/\/www.boxrepsol.com\/es\/#\/schema\/logo\/image\/","url":"https:\/\/bxrepsol.s3.eu-west-1.amazonaws.com\/static\/2025\/07\/30083337\/favicon-96x96-1.png","contentUrl":"https:\/\/bxrepsol.s3.eu-west-1.amazonaws.com\/static\/2025\/07\/30083337\/favicon-96x96-1.png","width":96,"height":96,"caption":"Box Repsol"},"image":{"@id":"https:\/\/www.boxrepsol.com\/es\/#\/schema\/logo\/image\/"},"sameAs":["https:\/\/www.facebook.com\/BoxRepsol","https:\/\/x.com\/box_repsol","http:\/\/instagram.com\/box_repsol","https:\/\/www.youtube.com\/user\/RepsolCompeticion","https:\/\/www.flickr.com\/photos\/box_repsol\/"]},{"@type":"Person","@id":"https:\/\/www.boxrepsol.com\/es\/#\/schema\/person\/c5c2138f2cca251b0ad92b7086bb60b7","name":"Redacci\u00f3n Box Repsol","image":{"@type":"ImageObject","inLanguage":"es","@id":"https:\/\/secure.gravatar.com\/avatar\/adf7b77e38b4419baf32c7e9c21dde01f4e40df611f0978e3006fc4ba0aaab7e?s=96&d=mm&r=g","url":"https:\/\/secure.gravatar.com\/avatar\/adf7b77e38b4419baf32c7e9c21dde01f4e40df611f0978e3006fc4ba0aaab7e?s=96&d=mm&r=g","contentUrl":"https:\/\/secure.gravatar.com\/avatar\/adf7b77e38b4419baf32c7e9c21dde01f4e40df611f0978e3006fc4ba0aaab7e?s=96&d=mm&r=g","caption":"Redacci\u00f3n Box Repsol"},"description":"Box Repsol lo forma un equipo de periodistas, community managers, dise\u00f1adores y fot\u00f3grafos con m\u00e1s de 20 a\u00f1os de experiencia en el mundo del motorsport. Hemos vivido el primer mundial de un espa\u00f1ol en la categor\u00eda reina de motociclismo con \u00c1lex Crivill\u00e9, estuvimos en las victorias de Pedrosa y los t\u00edtulos de M\u00e1rquez, acompa\u00f1amos en \u00c1frica a Nani Roma y Marc Coma en sus conquistas del Dakar y hemos vibrado con los t\u00edtulos de Toni Bou en Trial. Adem\u00e1s, en nuestro equipo contamos con expertos en el mundo de las dos y cuatro ruedas tanto de la calle y las carreteras, como de los circuitos. Periodistas que han trabajado en revistas y publicaciones para hacerte llegar desde rutas y consejos de mantenimiento, a curiosidades y trucos de pilotaje.","sameAs":["https:\/\/www.facebook.com\/BoxRepsol\/","https:\/\/www.instagram.com\/box_repsol\/","https:\/\/x.com\/https:\/\/twitter.com\/box_repsol","https:\/\/www.youtube.com\/@Boxrepsol"],"url":"https:\/\/www.boxrepsol.com\/es\/author\/redaccion-box-repsol\/"}]}},"_links":{"self":[{"href":"https:\/\/www.boxrepsol.com\/es\/wp-json\/wp\/v2\/posts\/93871","targetHints":{"allow":["GET"]}}],"collection":[{"href":"https:\/\/www.boxrepsol.com\/es\/wp-json\/wp\/v2\/posts"}],"about":[{"href":"https:\/\/www.boxrepsol.com\/es\/wp-json\/wp\/v2\/types\/post"}],"author":[{"embeddable":true,"href":"https:\/\/www.boxrepsol.com\/es\/wp-json\/wp\/v2\/users\/43146"}],"replies":[{"embeddable":true,"href":"https:\/\/www.boxrepsol.com\/es\/wp-json\/wp\/v2\/comments?post=93871"}],"version-history":[{"count":1,"href":"https:\/\/www.boxrepsol.com\/es\/wp-json\/wp\/v2\/posts\/93871\/revisions"}],"predecessor-version":[{"id":93872,"href":"https:\/\/www.boxrepsol.com\/es\/wp-json\/wp\/v2\/posts\/93871\/revisions\/93872"}],"wp:featuredmedia":[{"embeddable":true,"href":"https:\/\/www.boxrepsol.com\/es\/wp-json\/wp\/v2\/media\/61543"}],"wp:attachment":[{"href":"https:\/\/www.boxrepsol.com\/es\/wp-json\/wp\/v2\/media?parent=93871"}],"wp:term":[{"taxonomy":"category","embeddable":true,"href":"https:\/\/www.boxrepsol.com\/es\/wp-json\/wp\/v2\/categories?post=93871"},{"taxonomy":"post_tag","embeddable":true,"href":"https:\/\/www.boxrepsol.com\/es\/wp-json\/wp\/v2\/tags?post=93871"}],"curies":[{"name":"wp","href":"https:\/\/api.w.org\/{rel}","templated":true}]}}