{"id":93852,"date":"2019-04-12T00:00:00","date_gmt":"2019-04-12T02:00:00","guid":{"rendered":"http:\/\/pre.boxrepsol.com\/sin-categorizar\/marc-marquez-jorge-lorenzo-progresan-primer-dia-las-americas\/"},"modified":"2024-10-03T07:30:49","modified_gmt":"2024-10-03T09:30:49","slug":"marc-marquez-jorge-lorenzo-progresan-primer-dia-las-americas","status":"publish","type":"post","link":"https:\/\/www.boxrepsol.com\/es\/motogp\/marc-marquez-jorge-lorenzo-progresan-primer-dia-las-americas\/","title":{"rendered":"Marc M\u00e1rquez y Jorge Lorenzo progresan durante el primer d\u00eda en Las Am\u00e9ricas"},"content":{"rendered":"<p>S\u00f3lido inicio de Marc M\u00e1rquez en el Gran Premio de Las Am\u00e9ricas, que<strong> ha sido el m\u00e1s r\u00e1pido del primer entrenamiento libre y buena parte del segundo <\/strong>\u2013hasta que todos los pilotos han montado neum\u00e1ticos blandos ante la previsi\u00f3n de lluvia para ma\u00f1ana\u2013.<\/p>\n<p><strong>Jorge Lorenzo ha mejorado dos segundos sus registros entre la primera y la segunda sesi\u00f3n<\/strong> y ha concluido a 1 segundo y 3 d\u00e9cimas del m\u00e1s r\u00e1pido, en decimosexta plaza.<\/p>\n<p>En un emotivo acto, se ha retirado el dorsal n\u00famero 69 con el que Nicky Hayden \u2013fallecido hace dos a\u00f1os\u2013 se proclam\u00f3 Campe\u00f3n del Mundo de MotoGP con el equipo Repsol Honda en 2006.<\/p>\n<p>Si quieres estar al tanto de todas las siguientes citas de MotoGP puedes ver la clasificaci\u00f3n y el calendario en nuestra web.<\/p>\n<p><!-- Imagen relacionada --><br \/>\n<img loading=\"lazy\" decoding=\"async\" src=\"https:\/\/bxrepsol.s3.eu-west-1.amazonaws.com\/static\/2022\/08\/05064214\/00_COTA_circuit_of_the_americas_motogp-1.jpg\" alt=\"vista desde el aire de circuito de competici\u00f3n\" width=\"404\" height=\"336\" \/><br \/>\n<!-- Categor\u00eda --><br \/>\nMotoGP<br \/>\n<!-- T\u00edtulo --><\/p>\n<h3>Horarios GP de Las Am\u00e9ricas de MotoGP 2019<\/h3>\n<p><!-- Fecha --><br \/>\nhace 1 hora<\/p>\n<h2>FP 1 y 2 GP de las Am\u00e9ricas 2019 &#8211; Declaraciones de los pilotos<\/h2>\n<p><a href=\"https:\/\/twitter.com\/hashtag\/mm93?src=hash&amp;lang=es\">#MM93<\/a><\/p>\n<p><em>Hoy no ha sido un d\u00eda f\u00e1cil; el circuito ha cambiado mucho desde el a\u00f1o pasado \u2013est\u00e1 bacheado\u2013 y hemos tenido que adaptarnos. Tambi\u00e9n hab\u00eda algunas \u00e1reas en las que quer\u00edamos trabajar y hemos hecho unas pruebas para mejorar nuestro ritmo. Las sensaciones est\u00e1n ah\u00ed, as\u00ed que estamos contentos e incluso hemos montado el neum\u00e1tico blando trasero para hacer una buena vuelta. <\/em><\/p>\n<p>En general, ha sido un d\u00eda productivo y hemos hecho lo que ten\u00edamos previsto. Adem\u00e1s, este fin de semana tenemos a Nicky Hayden en la memoria y hemos recordado a un gran campe\u00f3n.<\/p>\n<hr \/>\n<p><a href=\"https:\/\/twitter.com\/hashtag\/jl99?src=hash&amp;lang=es\">#JL99<\/a><\/p>\n<p><em>Ha sido un d\u00eda complicado. Primero, porque la pista est\u00e1 muy bacheada, aunque es igual para todos y tenemos que mejorar un poco para gestionarlo. Personalmente, este circuito siempre ha sido muy dif\u00edcil para m\u00ed, pero no nos rendiremos. Estamos probando muchas cosas para mejorar la moto y seguir perfeccionando la ergonom\u00eda, para sentirme m\u00e1s c\u00f3modo en los cambios de direcci\u00f3n. <\/em><\/p>\n<p>La ceremonia por Nicky Hayden ha sido muy especial; todos le echamos mucho de menos.<\/p>\n","protected":false},"excerpt":{"rendered":"<p>El vigente Campe\u00f3n del Mundo ha liderado la primera sesi\u00f3n y ha completado la jornada con el segundo mejor tiempo, a 44 mil\u00e9simas del m\u00e1s r\u00e1pido. Jorge Lorenzo ha terminado decimosexto.<\/p>\n","protected":false},"author":43146,"featured_media":61458,"comment_status":"open","ping_status":"open","sticky":false,"template":"","format":"standard","meta":{"footnotes":""},"categories":[4],"tags":[155],"class_list":["post-93852","post","type-post","status-publish","format-standard","hentry","category-motogp","tag-motogp-americas"],"yoast_head":"<!-- This site is optimized with the Yoast SEO plugin v27.3 - https:\/\/yoast.com\/product\/yoast-seo-wordpress\/ -->\n<title>FP 1 y 2 GP de las Am\u00e9ricas 2019 - Marc M\u00e1rquez y Jorge Lorenzo progresan durante el primer d\u00eda en Las Am\u00e9ricas<\/title>\n<meta name=\"description\" content=\"El vigente Campe\u00f3n del Mundo ha liderado la primera sesi\u00f3n y ha completado la jornada con el segundo mejor tiempo, a 44 mil\u00e9simas del m\u00e1s r\u00e1pido.\" \/>\n<link rel=\"canonical\" href=\"https:\/\/www.boxrepsol.com\/es\/motogp\/marc-marquez-jorge-lorenzo-progresan-primer-dia-las-americas\/\" \/>\n<meta property=\"og:locale\" content=\"es_ES\" \/>\n<meta property=\"og:type\" content=\"article\" \/>\n<meta property=\"og:title\" content=\"FP 1 y 2 GP de las Am\u00e9ricas 2019 - Marc M\u00e1rquez y Jorge Lorenzo progresan durante el primer d\u00eda en Las Am\u00e9ricas\" \/>\n<meta property=\"og:description\" content=\"El vigente Campe\u00f3n del Mundo ha liderado la primera sesi\u00f3n y ha completado la jornada con el segundo mejor tiempo, a 44 mil\u00e9simas del m\u00e1s r\u00e1pido.\" \/>\n<meta property=\"og:url\" content=\"https:\/\/www.boxrepsol.com\/es\/motogp\/marc-marquez-jorge-lorenzo-progresan-primer-dia-las-americas\/\" \/>\n<meta property=\"og:site_name\" content=\"Box Repsol\" \/>\n<meta property=\"article:publisher\" content=\"https:\/\/www.facebook.com\/BoxRepsol\" \/>\n<meta property=\"article:author\" content=\"https:\/\/www.facebook.com\/BoxRepsol\/\" \/>\n<meta property=\"article:published_time\" content=\"2019-04-12T02:00:00+00:00\" \/>\n<meta property=\"article:modified_time\" content=\"2024-10-03T09:30:49+00:00\" \/>\n<meta property=\"og:image\" content=\"https:\/\/bxrepsol.s3.eu-west-1.amazonaws.com\/static\/2022\/08\/29084948\/00_marc_marquez_americas_cota_repsol_honda_motogp.jpg\" \/>\n\t<meta property=\"og:image:width\" content=\"1280\" \/>\n\t<meta property=\"og:image:height\" content=\"600\" \/>\n\t<meta property=\"og:image:type\" content=\"image\/jpeg\" \/>\n<meta name=\"author\" content=\"Redacci\u00f3n Box Repsol\" \/>\n<meta name=\"twitter:card\" content=\"summary_large_image\" \/>\n<meta name=\"twitter:creator\" content=\"@https:\/\/twitter.com\/box_repsol\" \/>\n<meta name=\"twitter:site\" content=\"@box_repsol\" \/>\n<meta name=\"twitter:label1\" content=\"Written by\" \/>\n\t<meta name=\"twitter:data1\" content=\"Redacci\u00f3n Box Repsol\" \/>\n\t<meta name=\"twitter:label2\" content=\"Est. reading time\" \/>\n\t<meta name=\"twitter:data2\" content=\"2 minutos\" \/>\n<script type=\"application\/ld+json\" class=\"yoast-schema-graph\">{\"@context\":\"https:\\\/\\\/schema.org\",\"@graph\":[{\"@type\":\"Article\",\"@id\":\"https:\\\/\\\/www.boxrepsol.com\\\/es\\\/motogp\\\/marc-marquez-jorge-lorenzo-progresan-primer-dia-las-americas\\\/#article\",\"isPartOf\":{\"@id\":\"https:\\\/\\\/www.boxrepsol.com\\\/es\\\/motogp\\\/marc-marquez-jorge-lorenzo-progresan-primer-dia-las-americas\\\/\"},\"author\":{\"name\":\"Redacci\u00f3n Box Repsol\",\"@id\":\"https:\\\/\\\/www.boxrepsol.com\\\/es\\\/#\\\/schema\\\/person\\\/c5c2138f2cca251b0ad92b7086bb60b7\"},\"headline\":\"Marc M\u00e1rquez y Jorge Lorenzo progresan durante el primer d\u00eda en Las Am\u00e9ricas\",\"datePublished\":\"2019-04-12T02:00:00+00:00\",\"dateModified\":\"2024-10-03T09:30:49+00:00\",\"mainEntityOfPage\":{\"@id\":\"https:\\\/\\\/www.boxrepsol.com\\\/es\\\/motogp\\\/marc-marquez-jorge-lorenzo-progresan-primer-dia-las-americas\\\/\"},\"wordCount\":371,\"commentCount\":0,\"publisher\":{\"@id\":\"https:\\\/\\\/www.boxrepsol.com\\\/es\\\/#organization\"},\"image\":{\"@id\":\"https:\\\/\\\/www.boxrepsol.com\\\/es\\\/motogp\\\/marc-marquez-jorge-lorenzo-progresan-primer-dia-las-americas\\\/#primaryimage\"},\"thumbnailUrl\":\"https:\\\/\\\/bxrepsol.s3.eu-west-1.amazonaws.com\\\/static\\\/2022\\\/08\\\/29084948\\\/00_marc_marquez_americas_cota_repsol_honda_motogp.jpg\",\"keywords\":[\"MotoGP Americas\"],\"articleSection\":[\"MotoGP\"],\"inLanguage\":\"es\",\"potentialAction\":[{\"@type\":\"CommentAction\",\"name\":\"Comment\",\"target\":[\"https:\\\/\\\/www.boxrepsol.com\\\/es\\\/motogp\\\/marc-marquez-jorge-lorenzo-progresan-primer-dia-las-americas\\\/#respond\"]}]},{\"@type\":\"WebPage\",\"@id\":\"https:\\\/\\\/www.boxrepsol.com\\\/es\\\/motogp\\\/marc-marquez-jorge-lorenzo-progresan-primer-dia-las-americas\\\/\",\"url\":\"https:\\\/\\\/www.boxrepsol.com\\\/es\\\/motogp\\\/marc-marquez-jorge-lorenzo-progresan-primer-dia-las-americas\\\/\",\"name\":\"FP 1 y 2 GP de las Am\u00e9ricas 2019 - Marc M\u00e1rquez y Jorge Lorenzo progresan durante el primer d\u00eda en Las Am\u00e9ricas\",\"isPartOf\":{\"@id\":\"https:\\\/\\\/www.boxrepsol.com\\\/es\\\/#website\"},\"primaryImageOfPage\":{\"@id\":\"https:\\\/\\\/www.boxrepsol.com\\\/es\\\/motogp\\\/marc-marquez-jorge-lorenzo-progresan-primer-dia-las-americas\\\/#primaryimage\"},\"image\":{\"@id\":\"https:\\\/\\\/www.boxrepsol.com\\\/es\\\/motogp\\\/marc-marquez-jorge-lorenzo-progresan-primer-dia-las-americas\\\/#primaryimage\"},\"thumbnailUrl\":\"https:\\\/\\\/bxrepsol.s3.eu-west-1.amazonaws.com\\\/static\\\/2022\\\/08\\\/29084948\\\/00_marc_marquez_americas_cota_repsol_honda_motogp.jpg\",\"datePublished\":\"2019-04-12T02:00:00+00:00\",\"dateModified\":\"2024-10-03T09:30:49+00:00\",\"description\":\"El vigente Campe\u00f3n del Mundo ha liderado la primera sesi\u00f3n y ha completado la jornada con el segundo mejor tiempo, a 44 mil\u00e9simas del m\u00e1s r\u00e1pido.\",\"breadcrumb\":{\"@id\":\"https:\\\/\\\/www.boxrepsol.com\\\/es\\\/motogp\\\/marc-marquez-jorge-lorenzo-progresan-primer-dia-las-americas\\\/#breadcrumb\"},\"inLanguage\":\"es\",\"potentialAction\":[{\"@type\":\"ReadAction\",\"target\":[\"https:\\\/\\\/www.boxrepsol.com\\\/es\\\/motogp\\\/marc-marquez-jorge-lorenzo-progresan-primer-dia-las-americas\\\/\"]}]},{\"@type\":\"ImageObject\",\"inLanguage\":\"es\",\"@id\":\"https:\\\/\\\/www.boxrepsol.com\\\/es\\\/motogp\\\/marc-marquez-jorge-lorenzo-progresan-primer-dia-las-americas\\\/#primaryimage\",\"url\":\"https:\\\/\\\/bxrepsol.s3.eu-west-1.amazonaws.com\\\/static\\\/2022\\\/08\\\/29084948\\\/00_marc_marquez_americas_cota_repsol_honda_motogp.jpg\",\"contentUrl\":\"https:\\\/\\\/bxrepsol.s3.eu-west-1.amazonaws.com\\\/static\\\/2022\\\/08\\\/29084948\\\/00_marc_marquez_americas_cota_repsol_honda_motogp.jpg\",\"width\":1280,\"height\":600,\"caption\":\"Marc M\u00e1rquez en sector de curvas enlazadas en COTA\"},{\"@type\":\"BreadcrumbList\",\"@id\":\"https:\\\/\\\/www.boxrepsol.com\\\/es\\\/motogp\\\/marc-marquez-jorge-lorenzo-progresan-primer-dia-las-americas\\\/#breadcrumb\",\"itemListElement\":[{\"@type\":\"ListItem\",\"position\":1,\"name\":\"Home\",\"item\":\"https:\\\/\\\/www.boxrepsol.com\\\/es\\\/\"},{\"@type\":\"ListItem\",\"position\":2,\"name\":\"Marc M\u00e1rquez y Jorge Lorenzo progresan durante el primer d\u00eda en Las Am\u00e9ricas\"}]},{\"@type\":\"WebSite\",\"@id\":\"https:\\\/\\\/www.boxrepsol.com\\\/es\\\/#website\",\"url\":\"https:\\\/\\\/www.boxrepsol.com\\\/es\\\/\",\"name\":\"Box Repsol\",\"description\":\"Box Repsol Site\",\"publisher\":{\"@id\":\"https:\\\/\\\/www.boxrepsol.com\\\/es\\\/#organization\"},\"potentialAction\":[{\"@type\":\"SearchAction\",\"target\":{\"@type\":\"EntryPoint\",\"urlTemplate\":\"https:\\\/\\\/www.boxrepsol.com\\\/es\\\/?s={search_term_string}\"},\"query-input\":{\"@type\":\"PropertyValueSpecification\",\"valueRequired\":true,\"valueName\":\"search_term_string\"}}],\"inLanguage\":\"es\"},{\"@type\":\"Organization\",\"@id\":\"https:\\\/\\\/www.boxrepsol.com\\\/es\\\/#organization\",\"name\":\"Box Repsol\",\"url\":\"https:\\\/\\\/www.boxrepsol.com\\\/es\\\/\",\"logo\":{\"@type\":\"ImageObject\",\"inLanguage\":\"es\",\"@id\":\"https:\\\/\\\/www.boxrepsol.com\\\/es\\\/#\\\/schema\\\/logo\\\/image\\\/\",\"url\":\"https:\\\/\\\/bxrepsol.s3.eu-west-1.amazonaws.com\\\/static\\\/2025\\\/07\\\/30083337\\\/favicon-96x96-1.png\",\"contentUrl\":\"https:\\\/\\\/bxrepsol.s3.eu-west-1.amazonaws.com\\\/static\\\/2025\\\/07\\\/30083337\\\/favicon-96x96-1.png\",\"width\":96,\"height\":96,\"caption\":\"Box Repsol\"},\"image\":{\"@id\":\"https:\\\/\\\/www.boxrepsol.com\\\/es\\\/#\\\/schema\\\/logo\\\/image\\\/\"},\"sameAs\":[\"https:\\\/\\\/www.facebook.com\\\/BoxRepsol\",\"https:\\\/\\\/x.com\\\/box_repsol\",\"http:\\\/\\\/instagram.com\\\/box_repsol\",\"https:\\\/\\\/www.youtube.com\\\/user\\\/RepsolCompeticion\",\"https:\\\/\\\/www.flickr.com\\\/photos\\\/box_repsol\\\/\"]},{\"@type\":\"Person\",\"@id\":\"https:\\\/\\\/www.boxrepsol.com\\\/es\\\/#\\\/schema\\\/person\\\/c5c2138f2cca251b0ad92b7086bb60b7\",\"name\":\"Redacci\u00f3n Box Repsol\",\"image\":{\"@type\":\"ImageObject\",\"inLanguage\":\"es\",\"@id\":\"https:\\\/\\\/secure.gravatar.com\\\/avatar\\\/adf7b77e38b4419baf32c7e9c21dde01f4e40df611f0978e3006fc4ba0aaab7e?s=96&d=mm&r=g\",\"url\":\"https:\\\/\\\/secure.gravatar.com\\\/avatar\\\/adf7b77e38b4419baf32c7e9c21dde01f4e40df611f0978e3006fc4ba0aaab7e?s=96&d=mm&r=g\",\"contentUrl\":\"https:\\\/\\\/secure.gravatar.com\\\/avatar\\\/adf7b77e38b4419baf32c7e9c21dde01f4e40df611f0978e3006fc4ba0aaab7e?s=96&d=mm&r=g\",\"caption\":\"Redacci\u00f3n Box Repsol\"},\"description\":\"Box Repsol lo forma un equipo de periodistas, community managers, dise\u00f1adores y fot\u00f3grafos con m\u00e1s de 20 a\u00f1os de experiencia en el mundo del motorsport. Hemos vivido el primer mundial de un espa\u00f1ol en la categor\u00eda reina de motociclismo con \u00c1lex Crivill\u00e9, estuvimos en las victorias de Pedrosa y los t\u00edtulos de M\u00e1rquez, acompa\u00f1amos en \u00c1frica a Nani Roma y Marc Coma en sus conquistas del Dakar y hemos vibrado con los t\u00edtulos de Toni Bou en Trial. Adem\u00e1s, en nuestro equipo contamos con expertos en el mundo de las dos y cuatro ruedas tanto de la calle y las carreteras, como de los circuitos. Periodistas que han trabajado en revistas y publicaciones para hacerte llegar desde rutas y consejos de mantenimiento, a curiosidades y trucos de pilotaje.\",\"sameAs\":[\"https:\\\/\\\/www.facebook.com\\\/BoxRepsol\\\/\",\"https:\\\/\\\/www.instagram.com\\\/box_repsol\\\/\",\"https:\\\/\\\/x.com\\\/https:\\\/\\\/twitter.com\\\/box_repsol\",\"https:\\\/\\\/www.youtube.com\\\/@Boxrepsol\"],\"url\":\"https:\\\/\\\/www.boxrepsol.com\\\/es\\\/author\\\/redaccion-box-repsol\\\/\"}]}<\/script>\n<!-- \/ Yoast SEO plugin. -->","yoast_head_json":{"title":"FP 1 y 2 GP de las Am\u00e9ricas 2019 - Marc M\u00e1rquez y Jorge Lorenzo progresan durante el primer d\u00eda en Las Am\u00e9ricas","description":"El vigente Campe\u00f3n del Mundo ha liderado la primera sesi\u00f3n y ha completado la jornada con el segundo mejor tiempo, a 44 mil\u00e9simas del m\u00e1s r\u00e1pido.","canonical":"https:\/\/www.boxrepsol.com\/es\/motogp\/marc-marquez-jorge-lorenzo-progresan-primer-dia-las-americas\/","og_locale":"es_ES","og_type":"article","og_title":"FP 1 y 2 GP de las Am\u00e9ricas 2019 - Marc M\u00e1rquez y Jorge Lorenzo progresan durante el primer d\u00eda en Las Am\u00e9ricas","og_description":"El vigente Campe\u00f3n del Mundo ha liderado la primera sesi\u00f3n y ha completado la jornada con el segundo mejor tiempo, a 44 mil\u00e9simas del m\u00e1s r\u00e1pido.","og_url":"https:\/\/www.boxrepsol.com\/es\/motogp\/marc-marquez-jorge-lorenzo-progresan-primer-dia-las-americas\/","og_site_name":"Box Repsol","article_publisher":"https:\/\/www.facebook.com\/BoxRepsol","article_author":"https:\/\/www.facebook.com\/BoxRepsol\/","article_published_time":"2019-04-12T02:00:00+00:00","article_modified_time":"2024-10-03T09:30:49+00:00","og_image":[{"width":1280,"height":600,"url":"https:\/\/bxrepsol.s3.eu-west-1.amazonaws.com\/static\/2022\/08\/29084948\/00_marc_marquez_americas_cota_repsol_honda_motogp.jpg","type":"image\/jpeg"}],"author":"Redacci\u00f3n Box Repsol","twitter_card":"summary_large_image","twitter_creator":"@https:\/\/twitter.com\/box_repsol","twitter_site":"@box_repsol","twitter_misc":{"Written by":"Redacci\u00f3n Box Repsol","Est. reading time":"2 minutos"},"schema":{"@context":"https:\/\/schema.org","@graph":[{"@type":"Article","@id":"https:\/\/www.boxrepsol.com\/es\/motogp\/marc-marquez-jorge-lorenzo-progresan-primer-dia-las-americas\/#article","isPartOf":{"@id":"https:\/\/www.boxrepsol.com\/es\/motogp\/marc-marquez-jorge-lorenzo-progresan-primer-dia-las-americas\/"},"author":{"name":"Redacci\u00f3n Box Repsol","@id":"https:\/\/www.boxrepsol.com\/es\/#\/schema\/person\/c5c2138f2cca251b0ad92b7086bb60b7"},"headline":"Marc M\u00e1rquez y Jorge Lorenzo progresan durante el primer d\u00eda en Las Am\u00e9ricas","datePublished":"2019-04-12T02:00:00+00:00","dateModified":"2024-10-03T09:30:49+00:00","mainEntityOfPage":{"@id":"https:\/\/www.boxrepsol.com\/es\/motogp\/marc-marquez-jorge-lorenzo-progresan-primer-dia-las-americas\/"},"wordCount":371,"commentCount":0,"publisher":{"@id":"https:\/\/www.boxrepsol.com\/es\/#organization"},"image":{"@id":"https:\/\/www.boxrepsol.com\/es\/motogp\/marc-marquez-jorge-lorenzo-progresan-primer-dia-las-americas\/#primaryimage"},"thumbnailUrl":"https:\/\/bxrepsol.s3.eu-west-1.amazonaws.com\/static\/2022\/08\/29084948\/00_marc_marquez_americas_cota_repsol_honda_motogp.jpg","keywords":["MotoGP Americas"],"articleSection":["MotoGP"],"inLanguage":"es","potentialAction":[{"@type":"CommentAction","name":"Comment","target":["https:\/\/www.boxrepsol.com\/es\/motogp\/marc-marquez-jorge-lorenzo-progresan-primer-dia-las-americas\/#respond"]}]},{"@type":"WebPage","@id":"https:\/\/www.boxrepsol.com\/es\/motogp\/marc-marquez-jorge-lorenzo-progresan-primer-dia-las-americas\/","url":"https:\/\/www.boxrepsol.com\/es\/motogp\/marc-marquez-jorge-lorenzo-progresan-primer-dia-las-americas\/","name":"FP 1 y 2 GP de las Am\u00e9ricas 2019 - Marc M\u00e1rquez y Jorge Lorenzo progresan durante el primer d\u00eda en Las Am\u00e9ricas","isPartOf":{"@id":"https:\/\/www.boxrepsol.com\/es\/#website"},"primaryImageOfPage":{"@id":"https:\/\/www.boxrepsol.com\/es\/motogp\/marc-marquez-jorge-lorenzo-progresan-primer-dia-las-americas\/#primaryimage"},"image":{"@id":"https:\/\/www.boxrepsol.com\/es\/motogp\/marc-marquez-jorge-lorenzo-progresan-primer-dia-las-americas\/#primaryimage"},"thumbnailUrl":"https:\/\/bxrepsol.s3.eu-west-1.amazonaws.com\/static\/2022\/08\/29084948\/00_marc_marquez_americas_cota_repsol_honda_motogp.jpg","datePublished":"2019-04-12T02:00:00+00:00","dateModified":"2024-10-03T09:30:49+00:00","description":"El vigente Campe\u00f3n del Mundo ha liderado la primera sesi\u00f3n y ha completado la jornada con el segundo mejor tiempo, a 44 mil\u00e9simas del m\u00e1s r\u00e1pido.","breadcrumb":{"@id":"https:\/\/www.boxrepsol.com\/es\/motogp\/marc-marquez-jorge-lorenzo-progresan-primer-dia-las-americas\/#breadcrumb"},"inLanguage":"es","potentialAction":[{"@type":"ReadAction","target":["https:\/\/www.boxrepsol.com\/es\/motogp\/marc-marquez-jorge-lorenzo-progresan-primer-dia-las-americas\/"]}]},{"@type":"ImageObject","inLanguage":"es","@id":"https:\/\/www.boxrepsol.com\/es\/motogp\/marc-marquez-jorge-lorenzo-progresan-primer-dia-las-americas\/#primaryimage","url":"https:\/\/bxrepsol.s3.eu-west-1.amazonaws.com\/static\/2022\/08\/29084948\/00_marc_marquez_americas_cota_repsol_honda_motogp.jpg","contentUrl":"https:\/\/bxrepsol.s3.eu-west-1.amazonaws.com\/static\/2022\/08\/29084948\/00_marc_marquez_americas_cota_repsol_honda_motogp.jpg","width":1280,"height":600,"caption":"Marc M\u00e1rquez en sector de curvas enlazadas en COTA"},{"@type":"BreadcrumbList","@id":"https:\/\/www.boxrepsol.com\/es\/motogp\/marc-marquez-jorge-lorenzo-progresan-primer-dia-las-americas\/#breadcrumb","itemListElement":[{"@type":"ListItem","position":1,"name":"Home","item":"https:\/\/www.boxrepsol.com\/es\/"},{"@type":"ListItem","position":2,"name":"Marc M\u00e1rquez y Jorge Lorenzo progresan durante el primer d\u00eda en Las Am\u00e9ricas"}]},{"@type":"WebSite","@id":"https:\/\/www.boxrepsol.com\/es\/#website","url":"https:\/\/www.boxrepsol.com\/es\/","name":"Box Repsol","description":"Box Repsol Site","publisher":{"@id":"https:\/\/www.boxrepsol.com\/es\/#organization"},"potentialAction":[{"@type":"SearchAction","target":{"@type":"EntryPoint","urlTemplate":"https:\/\/www.boxrepsol.com\/es\/?s={search_term_string}"},"query-input":{"@type":"PropertyValueSpecification","valueRequired":true,"valueName":"search_term_string"}}],"inLanguage":"es"},{"@type":"Organization","@id":"https:\/\/www.boxrepsol.com\/es\/#organization","name":"Box Repsol","url":"https:\/\/www.boxrepsol.com\/es\/","logo":{"@type":"ImageObject","inLanguage":"es","@id":"https:\/\/www.boxrepsol.com\/es\/#\/schema\/logo\/image\/","url":"https:\/\/bxrepsol.s3.eu-west-1.amazonaws.com\/static\/2025\/07\/30083337\/favicon-96x96-1.png","contentUrl":"https:\/\/bxrepsol.s3.eu-west-1.amazonaws.com\/static\/2025\/07\/30083337\/favicon-96x96-1.png","width":96,"height":96,"caption":"Box Repsol"},"image":{"@id":"https:\/\/www.boxrepsol.com\/es\/#\/schema\/logo\/image\/"},"sameAs":["https:\/\/www.facebook.com\/BoxRepsol","https:\/\/x.com\/box_repsol","http:\/\/instagram.com\/box_repsol","https:\/\/www.youtube.com\/user\/RepsolCompeticion","https:\/\/www.flickr.com\/photos\/box_repsol\/"]},{"@type":"Person","@id":"https:\/\/www.boxrepsol.com\/es\/#\/schema\/person\/c5c2138f2cca251b0ad92b7086bb60b7","name":"Redacci\u00f3n Box Repsol","image":{"@type":"ImageObject","inLanguage":"es","@id":"https:\/\/secure.gravatar.com\/avatar\/adf7b77e38b4419baf32c7e9c21dde01f4e40df611f0978e3006fc4ba0aaab7e?s=96&d=mm&r=g","url":"https:\/\/secure.gravatar.com\/avatar\/adf7b77e38b4419baf32c7e9c21dde01f4e40df611f0978e3006fc4ba0aaab7e?s=96&d=mm&r=g","contentUrl":"https:\/\/secure.gravatar.com\/avatar\/adf7b77e38b4419baf32c7e9c21dde01f4e40df611f0978e3006fc4ba0aaab7e?s=96&d=mm&r=g","caption":"Redacci\u00f3n Box Repsol"},"description":"Box Repsol lo forma un equipo de periodistas, community managers, dise\u00f1adores y fot\u00f3grafos con m\u00e1s de 20 a\u00f1os de experiencia en el mundo del motorsport. Hemos vivido el primer mundial de un espa\u00f1ol en la categor\u00eda reina de motociclismo con \u00c1lex Crivill\u00e9, estuvimos en las victorias de Pedrosa y los t\u00edtulos de M\u00e1rquez, acompa\u00f1amos en \u00c1frica a Nani Roma y Marc Coma en sus conquistas del Dakar y hemos vibrado con los t\u00edtulos de Toni Bou en Trial. Adem\u00e1s, en nuestro equipo contamos con expertos en el mundo de las dos y cuatro ruedas tanto de la calle y las carreteras, como de los circuitos. Periodistas que han trabajado en revistas y publicaciones para hacerte llegar desde rutas y consejos de mantenimiento, a curiosidades y trucos de pilotaje.","sameAs":["https:\/\/www.facebook.com\/BoxRepsol\/","https:\/\/www.instagram.com\/box_repsol\/","https:\/\/x.com\/https:\/\/twitter.com\/box_repsol","https:\/\/www.youtube.com\/@Boxrepsol"],"url":"https:\/\/www.boxrepsol.com\/es\/author\/redaccion-box-repsol\/"}]}},"_links":{"self":[{"href":"https:\/\/www.boxrepsol.com\/es\/wp-json\/wp\/v2\/posts\/93852","targetHints":{"allow":["GET"]}}],"collection":[{"href":"https:\/\/www.boxrepsol.com\/es\/wp-json\/wp\/v2\/posts"}],"about":[{"href":"https:\/\/www.boxrepsol.com\/es\/wp-json\/wp\/v2\/types\/post"}],"author":[{"embeddable":true,"href":"https:\/\/www.boxrepsol.com\/es\/wp-json\/wp\/v2\/users\/43146"}],"replies":[{"embeddable":true,"href":"https:\/\/www.boxrepsol.com\/es\/wp-json\/wp\/v2\/comments?post=93852"}],"version-history":[{"count":3,"href":"https:\/\/www.boxrepsol.com\/es\/wp-json\/wp\/v2\/posts\/93852\/revisions"}],"predecessor-version":[{"id":120342,"href":"https:\/\/www.boxrepsol.com\/es\/wp-json\/wp\/v2\/posts\/93852\/revisions\/120342"}],"wp:featuredmedia":[{"embeddable":true,"href":"https:\/\/www.boxrepsol.com\/es\/wp-json\/wp\/v2\/media\/61458"}],"wp:attachment":[{"href":"https:\/\/www.boxrepsol.com\/es\/wp-json\/wp\/v2\/media?parent=93852"}],"wp:term":[{"taxonomy":"category","embeddable":true,"href":"https:\/\/www.boxrepsol.com\/es\/wp-json\/wp\/v2\/categories?post=93852"},{"taxonomy":"post_tag","embeddable":true,"href":"https:\/\/www.boxrepsol.com\/es\/wp-json\/wp\/v2\/tags?post=93852"}],"curies":[{"name":"wp","href":"https:\/\/api.w.org\/{rel}","templated":true}]}}