{"id":93831,"date":"2019-03-31T00:00:00","date_gmt":"2019-03-31T02:00:00","guid":{"rendered":"http:\/\/pre.boxrepsol.com\/sin-categorizar\/alonso-lopez-sergio-garcia-sin-recompensa-argentina\/"},"modified":"2024-04-25T09:31:03","modified_gmt":"2024-04-25T11:31:03","slug":"alonso-lopez-sergio-garcia-sin-recompensa-argentina","status":"publish","type":"post","link":"https:\/\/www.boxrepsol.com\/es\/motogp\/alonso-lopez-sergio-garcia-sin-recompensa-argentina\/","title":{"rendered":"Alonso L\u00f3pez y Sergio Garc\u00eda, sin recompensa en Argentina"},"content":{"rendered":"<p>A falta de 10 vueltas para el final, <strong>Alonso L\u00f3pez ha sufrido una ca\u00edda en la curva 13 cuando rodaba octavo<\/strong>, tras ser embestido por otro piloto.<\/p>\n<p>Alonso L\u00f3pez hab\u00eda iniciado la carrera desde el puesto diecisiete de la parrilla de salida y se encontraba en el numeroso grupo de cabeza cuando se ha ido al suelo.<\/p>\n<p>En dos semanas, tanto \u00e9l como Sergio Garc\u00eda tendr\u00e1n una <a href=\"https:\/\/twitter.com\/box_repsol\/status\/1112382953009627136\">nueva oportunidad para volver a la acci\u00f3n<\/a> en el <strong>Gran Premio de Las Am\u00e9ricas, del 12 al 14 de abril.<\/strong><\/p>\n<p>Consulta aqu\u00ed el calendario para encontrar m\u00e1s informaci\u00f3n sobre los GPs de esta temporada.<\/p>\n<p>                <!-- Imagen relacionada --><br \/>\n        <img loading=\"lazy\" decoding=\"async\" width=\"404\" height=\"336\" src=\"https:\/\/bxrepsol.s3.eu-west-1.amazonaws.com\/static\/2022\/08\/05064142\/03-marc-marquez-93-repsol-honda-motogp-1.jpg\" alt=\"Marc M\u00e1rquez pilotando en Argentina\" \/><br \/>\n                <!-- Categor\u00eda --><br \/>\n            MotoGP<br \/>\n        <!-- T\u00edtulo --><br \/>\n        <a href=\"https:\/\/www.boxrepsol.com\/es\/motogp\/tercera-pole-de-marquez-en-argentina\/\"><\/p>\n<h3>Tercera \u2018pole\u2019 de M\u00e1rquez en Argentina<\/h3>\n<p>        <\/a><br \/>\n                    <!-- Fecha --><br \/>\n            hace 1 hora        <\/p>\n<h3>GP de Argentina 2019 &#8211; Carrera Moto3 &#8211; Declaraciones de Alonso L\u00f3pez y Emilio Alzamora<\/h3>\n<h4>Alonso L\u00f3pez<\/h4>\n<p><strong>Ganando posiciones.\u00a0<\/strong><em>Hoy he tenido un muy buen ritmo; en el warm up me he sentido bastante bien rodando solo y adelantando a varios pilotos. En la carrera, he ido ganando posiciones poco a poco hasta llegar al octavo puesto y justo cuando iba a intentar pasar al s\u00e9ptimo, un fallo de otro piloto ha cortado toda mi progresi\u00f3n. Me he ido al suelo sin poder hacer nada. <\/em><\/p>\n<p><strong>Pensando en Austin<\/strong><em><strong>.\u00a0<\/strong>Ha sido mala suerte y habr\u00e1 que ver si en Austin todo sigue yendo igual de bien y podemos estar delante.<\/em><\/p>\n<hr \/>\n<h4>Emilio Alzamora<\/h4>\n<p><strong>GP desafortunado.\u00a0<\/strong><em>La suerte no ha acompa\u00f1ado al equipo en Argentina. A pesar del buen trabajo realizado este fin de semana por Sergio Garc\u00eda en su estreno en el Mundial, ha sido una l\u00e1stima que no haya podido tomar la salida tras su ca\u00edda en el warm up. Afortunadamente, tras pasar un control m\u00e9dico en el circuito, se ha determinado que no tiene lesiones graves. No obstante, se sent\u00eda un poco aturdido y por precauci\u00f3n se ha decidido realizar un TAC en el Hospital de Santiago del Estero. Desde el equipo estaremos muy atentos de su evoluci\u00f3n y trabajaremos para que Sergio [Garc\u00eda] llegue en las mejores condiciones posibles a la carrera de Estados Unidos.<\/em><\/p>\n<p><strong>Progresi\u00f3n.\u00a0<\/strong><em>Respecto a Alonso, su progresi\u00f3n se ha visto claramente en carrera. Ha remontado muchas posiciones y dentro de un grupo tan compacto, estaba en disposici\u00f3n de luchar por el podio; ha sido una pena que lo hayan dejado fuera de carrera al ser arrollado por otro piloto.<\/em><\/p>\n<p><strong>Suscr\u00edbete al bolet\u00edn de Box Repsol<\/strong><\/p>\n<p>Te contamos en exclusiva todas las noticias del Equipo Repsol, entrevistas, reportajes, v\u00eddeos, resultados de nuestros pilotos de\u00a0<strong>MotoGP<\/strong>,\u00a0<strong>Trial<\/strong>,\u00a0<strong>FIM CEV Repsol<\/strong>,\u00a0<strong>Rally<\/strong>,\u00a0<strong>Red Bull Air Race<\/strong>\u00a0y mucho m\u00e1s.\u00a0<a href=\"https:\/\/www.boxrepsol.com\/es\/suscribete\/\">Suscr\u00edbete al bolet\u00edn de Box Repsol<\/a>\u00a0y ent\u00e9rate de todas nuestras\u00a0<strong>promociones<\/strong>\u00a0y\u00a0<strong>concursos<\/strong>.<\/p>\n","protected":false},"excerpt":{"rendered":"<p>Alonso L\u00f3pez no ha podido terminar la carrera de Moto3 al ser derribado por otro piloto. Sergio Garc\u00eda ha sido declarado no apto para la prueba, tras sufrir una ligera conmoci\u00f3n cerebral en una ca\u00edda durante el \u2018warm up\u2019.<\/p>\n","protected":false},"author":43146,"featured_media":61399,"comment_status":"open","ping_status":"open","sticky":false,"template":"","format":"standard","meta":{"footnotes":""},"categories":[4],"tags":[14],"class_list":["post-93831","post","type-post","status-publish","format-standard","hentry","category-motogp","tag-moto3"],"yoast_head":"<!-- This site is optimized with the Yoast SEO plugin v27.3 - https:\/\/yoast.com\/product\/yoast-seo-wordpress\/ -->\n<title>GP de Argentina 2019 - Carrera Moto3 - Alonso L\u00f3pez y Sergio Garc\u00eda, sin recompensa en Argentina<\/title>\n<meta name=\"description\" content=\"Alonso L\u00f3pez no ha podido terminar la carrera de Moto3 al ser derribado por otro piloto. Sergio Garc\u00eda no ha disputado la carrera en el GP de Argentina\u2019.\" \/>\n<link rel=\"canonical\" href=\"https:\/\/www.boxrepsol.com\/es\/motogp\/alonso-lopez-sergio-garcia-sin-recompensa-argentina\/\" \/>\n<meta property=\"og:locale\" content=\"es_ES\" \/>\n<meta property=\"og:type\" content=\"article\" \/>\n<meta property=\"og:title\" content=\"GP de Argentina 2019 - Carrera Moto3 - Alonso L\u00f3pez y Sergio Garc\u00eda, sin recompensa en Argentina\" \/>\n<meta property=\"og:description\" content=\"Alonso L\u00f3pez no ha podido terminar la carrera de Moto3 al ser derribado por otro piloto. Sergio Garc\u00eda no ha disputado la carrera en el GP de Argentina\u2019.\" \/>\n<meta property=\"og:url\" content=\"https:\/\/www.boxrepsol.com\/es\/motogp\/alonso-lopez-sergio-garcia-sin-recompensa-argentina\/\" \/>\n<meta property=\"og:site_name\" content=\"Box Repsol\" \/>\n<meta property=\"article:publisher\" content=\"https:\/\/www.facebook.com\/BoxRepsol\" \/>\n<meta property=\"article:author\" content=\"https:\/\/www.facebook.com\/BoxRepsol\/\" \/>\n<meta property=\"article:published_time\" content=\"2019-03-31T02:00:00+00:00\" \/>\n<meta property=\"article:modified_time\" content=\"2024-04-25T11:31:03+00:00\" \/>\n<meta property=\"og:image\" content=\"https:\/\/bxrepsol.s3.eu-west-1.amazonaws.com\/static\/2022\/08\/29084917\/Pilotos-de-Moto3-en-el-GP-de-Argentina-2019-e1554060696446-1.jpg\" \/>\n\t<meta property=\"og:image:width\" content=\"723\" \/>\n\t<meta property=\"og:image:height\" content=\"601\" \/>\n\t<meta property=\"og:image:type\" content=\"image\/jpeg\" \/>\n<meta name=\"author\" content=\"Redacci\u00f3n Box Repsol\" \/>\n<meta name=\"twitter:card\" content=\"summary_large_image\" \/>\n<meta name=\"twitter:creator\" content=\"@https:\/\/twitter.com\/box_repsol\" \/>\n<meta name=\"twitter:site\" content=\"@box_repsol\" \/>\n<meta name=\"twitter:label1\" content=\"Written by\" \/>\n\t<meta name=\"twitter:data1\" content=\"Redacci\u00f3n Box Repsol\" \/>\n\t<meta name=\"twitter:label2\" content=\"Est. reading time\" \/>\n\t<meta name=\"twitter:data2\" content=\"2 minutos\" \/>\n<script type=\"application\/ld+json\" class=\"yoast-schema-graph\">{\"@context\":\"https:\\\/\\\/schema.org\",\"@graph\":[{\"@type\":\"Article\",\"@id\":\"https:\\\/\\\/www.boxrepsol.com\\\/es\\\/motogp\\\/alonso-lopez-sergio-garcia-sin-recompensa-argentina\\\/#article\",\"isPartOf\":{\"@id\":\"https:\\\/\\\/www.boxrepsol.com\\\/es\\\/motogp\\\/alonso-lopez-sergio-garcia-sin-recompensa-argentina\\\/\"},\"author\":{\"name\":\"Redacci\u00f3n Box Repsol\",\"@id\":\"https:\\\/\\\/www.boxrepsol.com\\\/es\\\/#\\\/schema\\\/person\\\/c5c2138f2cca251b0ad92b7086bb60b7\"},\"headline\":\"Alonso L\u00f3pez y Sergio Garc\u00eda, sin recompensa en Argentina\",\"datePublished\":\"2019-03-31T02:00:00+00:00\",\"dateModified\":\"2024-04-25T11:31:03+00:00\",\"mainEntityOfPage\":{\"@id\":\"https:\\\/\\\/www.boxrepsol.com\\\/es\\\/motogp\\\/alonso-lopez-sergio-garcia-sin-recompensa-argentina\\\/\"},\"wordCount\":475,\"commentCount\":0,\"publisher\":{\"@id\":\"https:\\\/\\\/www.boxrepsol.com\\\/es\\\/#organization\"},\"image\":{\"@id\":\"https:\\\/\\\/www.boxrepsol.com\\\/es\\\/motogp\\\/alonso-lopez-sergio-garcia-sin-recompensa-argentina\\\/#primaryimage\"},\"thumbnailUrl\":\"https:\\\/\\\/bxrepsol.s3.eu-west-1.amazonaws.com\\\/static\\\/2022\\\/08\\\/29084917\\\/Pilotos-de-Moto3-en-el-GP-de-Argentina-2019-e1554060696446-1.jpg\",\"keywords\":[\"Moto3\"],\"articleSection\":[\"MotoGP\"],\"inLanguage\":\"es\",\"potentialAction\":[{\"@type\":\"CommentAction\",\"name\":\"Comment\",\"target\":[\"https:\\\/\\\/www.boxrepsol.com\\\/es\\\/motogp\\\/alonso-lopez-sergio-garcia-sin-recompensa-argentina\\\/#respond\"]}]},{\"@type\":\"WebPage\",\"@id\":\"https:\\\/\\\/www.boxrepsol.com\\\/es\\\/motogp\\\/alonso-lopez-sergio-garcia-sin-recompensa-argentina\\\/\",\"url\":\"https:\\\/\\\/www.boxrepsol.com\\\/es\\\/motogp\\\/alonso-lopez-sergio-garcia-sin-recompensa-argentina\\\/\",\"name\":\"GP de Argentina 2019 - Carrera Moto3 - Alonso L\u00f3pez y Sergio Garc\u00eda, sin recompensa en Argentina\",\"isPartOf\":{\"@id\":\"https:\\\/\\\/www.boxrepsol.com\\\/es\\\/#website\"},\"primaryImageOfPage\":{\"@id\":\"https:\\\/\\\/www.boxrepsol.com\\\/es\\\/motogp\\\/alonso-lopez-sergio-garcia-sin-recompensa-argentina\\\/#primaryimage\"},\"image\":{\"@id\":\"https:\\\/\\\/www.boxrepsol.com\\\/es\\\/motogp\\\/alonso-lopez-sergio-garcia-sin-recompensa-argentina\\\/#primaryimage\"},\"thumbnailUrl\":\"https:\\\/\\\/bxrepsol.s3.eu-west-1.amazonaws.com\\\/static\\\/2022\\\/08\\\/29084917\\\/Pilotos-de-Moto3-en-el-GP-de-Argentina-2019-e1554060696446-1.jpg\",\"datePublished\":\"2019-03-31T02:00:00+00:00\",\"dateModified\":\"2024-04-25T11:31:03+00:00\",\"description\":\"Alonso L\u00f3pez no ha podido terminar la carrera de Moto3 al ser derribado por otro piloto. Sergio Garc\u00eda no ha disputado la carrera en el GP de Argentina\u2019.\",\"breadcrumb\":{\"@id\":\"https:\\\/\\\/www.boxrepsol.com\\\/es\\\/motogp\\\/alonso-lopez-sergio-garcia-sin-recompensa-argentina\\\/#breadcrumb\"},\"inLanguage\":\"es\",\"potentialAction\":[{\"@type\":\"ReadAction\",\"target\":[\"https:\\\/\\\/www.boxrepsol.com\\\/es\\\/motogp\\\/alonso-lopez-sergio-garcia-sin-recompensa-argentina\\\/\"]}]},{\"@type\":\"ImageObject\",\"inLanguage\":\"es\",\"@id\":\"https:\\\/\\\/www.boxrepsol.com\\\/es\\\/motogp\\\/alonso-lopez-sergio-garcia-sin-recompensa-argentina\\\/#primaryimage\",\"url\":\"https:\\\/\\\/bxrepsol.s3.eu-west-1.amazonaws.com\\\/static\\\/2022\\\/08\\\/29084917\\\/Pilotos-de-Moto3-en-el-GP-de-Argentina-2019-e1554060696446-1.jpg\",\"contentUrl\":\"https:\\\/\\\/bxrepsol.s3.eu-west-1.amazonaws.com\\\/static\\\/2022\\\/08\\\/29084917\\\/Pilotos-de-Moto3-en-el-GP-de-Argentina-2019-e1554060696446-1.jpg\",\"width\":723,\"height\":601,\"caption\":\"Alonso L\u00f3pez, Sergio Garc\u00eda, Moto3, 2019, Motociclismo,HRC, Equipo Repsol, GP de Argentina, Termas de R\u00edo Hondo\"},{\"@type\":\"BreadcrumbList\",\"@id\":\"https:\\\/\\\/www.boxrepsol.com\\\/es\\\/motogp\\\/alonso-lopez-sergio-garcia-sin-recompensa-argentina\\\/#breadcrumb\",\"itemListElement\":[{\"@type\":\"ListItem\",\"position\":1,\"name\":\"Home\",\"item\":\"https:\\\/\\\/www.boxrepsol.com\\\/es\\\/\"},{\"@type\":\"ListItem\",\"position\":2,\"name\":\"Alonso L\u00f3pez y Sergio Garc\u00eda, sin recompensa en Argentina\"}]},{\"@type\":\"WebSite\",\"@id\":\"https:\\\/\\\/www.boxrepsol.com\\\/es\\\/#website\",\"url\":\"https:\\\/\\\/www.boxrepsol.com\\\/es\\\/\",\"name\":\"Box Repsol\",\"description\":\"Box Repsol Site\",\"publisher\":{\"@id\":\"https:\\\/\\\/www.boxrepsol.com\\\/es\\\/#organization\"},\"potentialAction\":[{\"@type\":\"SearchAction\",\"target\":{\"@type\":\"EntryPoint\",\"urlTemplate\":\"https:\\\/\\\/www.boxrepsol.com\\\/es\\\/?s={search_term_string}\"},\"query-input\":{\"@type\":\"PropertyValueSpecification\",\"valueRequired\":true,\"valueName\":\"search_term_string\"}}],\"inLanguage\":\"es\"},{\"@type\":\"Organization\",\"@id\":\"https:\\\/\\\/www.boxrepsol.com\\\/es\\\/#organization\",\"name\":\"Box Repsol\",\"url\":\"https:\\\/\\\/www.boxrepsol.com\\\/es\\\/\",\"logo\":{\"@type\":\"ImageObject\",\"inLanguage\":\"es\",\"@id\":\"https:\\\/\\\/www.boxrepsol.com\\\/es\\\/#\\\/schema\\\/logo\\\/image\\\/\",\"url\":\"https:\\\/\\\/bxrepsol.s3.eu-west-1.amazonaws.com\\\/static\\\/2025\\\/07\\\/30083337\\\/favicon-96x96-1.png\",\"contentUrl\":\"https:\\\/\\\/bxrepsol.s3.eu-west-1.amazonaws.com\\\/static\\\/2025\\\/07\\\/30083337\\\/favicon-96x96-1.png\",\"width\":96,\"height\":96,\"caption\":\"Box Repsol\"},\"image\":{\"@id\":\"https:\\\/\\\/www.boxrepsol.com\\\/es\\\/#\\\/schema\\\/logo\\\/image\\\/\"},\"sameAs\":[\"https:\\\/\\\/www.facebook.com\\\/BoxRepsol\",\"https:\\\/\\\/x.com\\\/box_repsol\",\"http:\\\/\\\/instagram.com\\\/box_repsol\",\"https:\\\/\\\/www.youtube.com\\\/user\\\/RepsolCompeticion\",\"https:\\\/\\\/www.flickr.com\\\/photos\\\/box_repsol\\\/\"]},{\"@type\":\"Person\",\"@id\":\"https:\\\/\\\/www.boxrepsol.com\\\/es\\\/#\\\/schema\\\/person\\\/c5c2138f2cca251b0ad92b7086bb60b7\",\"name\":\"Redacci\u00f3n Box Repsol\",\"image\":{\"@type\":\"ImageObject\",\"inLanguage\":\"es\",\"@id\":\"https:\\\/\\\/secure.gravatar.com\\\/avatar\\\/adf7b77e38b4419baf32c7e9c21dde01f4e40df611f0978e3006fc4ba0aaab7e?s=96&d=mm&r=g\",\"url\":\"https:\\\/\\\/secure.gravatar.com\\\/avatar\\\/adf7b77e38b4419baf32c7e9c21dde01f4e40df611f0978e3006fc4ba0aaab7e?s=96&d=mm&r=g\",\"contentUrl\":\"https:\\\/\\\/secure.gravatar.com\\\/avatar\\\/adf7b77e38b4419baf32c7e9c21dde01f4e40df611f0978e3006fc4ba0aaab7e?s=96&d=mm&r=g\",\"caption\":\"Redacci\u00f3n Box Repsol\"},\"description\":\"Box Repsol lo forma un equipo de periodistas, community managers, dise\u00f1adores y fot\u00f3grafos con m\u00e1s de 20 a\u00f1os de experiencia en el mundo del motorsport. Hemos vivido el primer mundial de un espa\u00f1ol en la categor\u00eda reina de motociclismo con \u00c1lex Crivill\u00e9, estuvimos en las victorias de Pedrosa y los t\u00edtulos de M\u00e1rquez, acompa\u00f1amos en \u00c1frica a Nani Roma y Marc Coma en sus conquistas del Dakar y hemos vibrado con los t\u00edtulos de Toni Bou en Trial. Adem\u00e1s, en nuestro equipo contamos con expertos en el mundo de las dos y cuatro ruedas tanto de la calle y las carreteras, como de los circuitos. Periodistas que han trabajado en revistas y publicaciones para hacerte llegar desde rutas y consejos de mantenimiento, a curiosidades y trucos de pilotaje.\",\"sameAs\":[\"https:\\\/\\\/www.facebook.com\\\/BoxRepsol\\\/\",\"https:\\\/\\\/www.instagram.com\\\/box_repsol\\\/\",\"https:\\\/\\\/x.com\\\/https:\\\/\\\/twitter.com\\\/box_repsol\",\"https:\\\/\\\/www.youtube.com\\\/@Boxrepsol\"],\"url\":\"https:\\\/\\\/www.boxrepsol.com\\\/es\\\/author\\\/redaccion-box-repsol\\\/\"}]}<\/script>\n<!-- \/ Yoast SEO plugin. -->","yoast_head_json":{"title":"GP de Argentina 2019 - Carrera Moto3 - Alonso L\u00f3pez y Sergio Garc\u00eda, sin recompensa en Argentina","description":"Alonso L\u00f3pez no ha podido terminar la carrera de Moto3 al ser derribado por otro piloto. Sergio Garc\u00eda no ha disputado la carrera en el GP de Argentina\u2019.","canonical":"https:\/\/www.boxrepsol.com\/es\/motogp\/alonso-lopez-sergio-garcia-sin-recompensa-argentina\/","og_locale":"es_ES","og_type":"article","og_title":"GP de Argentina 2019 - Carrera Moto3 - Alonso L\u00f3pez y Sergio Garc\u00eda, sin recompensa en Argentina","og_description":"Alonso L\u00f3pez no ha podido terminar la carrera de Moto3 al ser derribado por otro piloto. Sergio Garc\u00eda no ha disputado la carrera en el GP de Argentina\u2019.","og_url":"https:\/\/www.boxrepsol.com\/es\/motogp\/alonso-lopez-sergio-garcia-sin-recompensa-argentina\/","og_site_name":"Box Repsol","article_publisher":"https:\/\/www.facebook.com\/BoxRepsol","article_author":"https:\/\/www.facebook.com\/BoxRepsol\/","article_published_time":"2019-03-31T02:00:00+00:00","article_modified_time":"2024-04-25T11:31:03+00:00","og_image":[{"width":723,"height":601,"url":"https:\/\/bxrepsol.s3.eu-west-1.amazonaws.com\/static\/2022\/08\/29084917\/Pilotos-de-Moto3-en-el-GP-de-Argentina-2019-e1554060696446-1.jpg","type":"image\/jpeg"}],"author":"Redacci\u00f3n Box Repsol","twitter_card":"summary_large_image","twitter_creator":"@https:\/\/twitter.com\/box_repsol","twitter_site":"@box_repsol","twitter_misc":{"Written by":"Redacci\u00f3n Box Repsol","Est. reading time":"2 minutos"},"schema":{"@context":"https:\/\/schema.org","@graph":[{"@type":"Article","@id":"https:\/\/www.boxrepsol.com\/es\/motogp\/alonso-lopez-sergio-garcia-sin-recompensa-argentina\/#article","isPartOf":{"@id":"https:\/\/www.boxrepsol.com\/es\/motogp\/alonso-lopez-sergio-garcia-sin-recompensa-argentina\/"},"author":{"name":"Redacci\u00f3n Box Repsol","@id":"https:\/\/www.boxrepsol.com\/es\/#\/schema\/person\/c5c2138f2cca251b0ad92b7086bb60b7"},"headline":"Alonso L\u00f3pez y Sergio Garc\u00eda, sin recompensa en Argentina","datePublished":"2019-03-31T02:00:00+00:00","dateModified":"2024-04-25T11:31:03+00:00","mainEntityOfPage":{"@id":"https:\/\/www.boxrepsol.com\/es\/motogp\/alonso-lopez-sergio-garcia-sin-recompensa-argentina\/"},"wordCount":475,"commentCount":0,"publisher":{"@id":"https:\/\/www.boxrepsol.com\/es\/#organization"},"image":{"@id":"https:\/\/www.boxrepsol.com\/es\/motogp\/alonso-lopez-sergio-garcia-sin-recompensa-argentina\/#primaryimage"},"thumbnailUrl":"https:\/\/bxrepsol.s3.eu-west-1.amazonaws.com\/static\/2022\/08\/29084917\/Pilotos-de-Moto3-en-el-GP-de-Argentina-2019-e1554060696446-1.jpg","keywords":["Moto3"],"articleSection":["MotoGP"],"inLanguage":"es","potentialAction":[{"@type":"CommentAction","name":"Comment","target":["https:\/\/www.boxrepsol.com\/es\/motogp\/alonso-lopez-sergio-garcia-sin-recompensa-argentina\/#respond"]}]},{"@type":"WebPage","@id":"https:\/\/www.boxrepsol.com\/es\/motogp\/alonso-lopez-sergio-garcia-sin-recompensa-argentina\/","url":"https:\/\/www.boxrepsol.com\/es\/motogp\/alonso-lopez-sergio-garcia-sin-recompensa-argentina\/","name":"GP de Argentina 2019 - Carrera Moto3 - Alonso L\u00f3pez y Sergio Garc\u00eda, sin recompensa en Argentina","isPartOf":{"@id":"https:\/\/www.boxrepsol.com\/es\/#website"},"primaryImageOfPage":{"@id":"https:\/\/www.boxrepsol.com\/es\/motogp\/alonso-lopez-sergio-garcia-sin-recompensa-argentina\/#primaryimage"},"image":{"@id":"https:\/\/www.boxrepsol.com\/es\/motogp\/alonso-lopez-sergio-garcia-sin-recompensa-argentina\/#primaryimage"},"thumbnailUrl":"https:\/\/bxrepsol.s3.eu-west-1.amazonaws.com\/static\/2022\/08\/29084917\/Pilotos-de-Moto3-en-el-GP-de-Argentina-2019-e1554060696446-1.jpg","datePublished":"2019-03-31T02:00:00+00:00","dateModified":"2024-04-25T11:31:03+00:00","description":"Alonso L\u00f3pez no ha podido terminar la carrera de Moto3 al ser derribado por otro piloto. Sergio Garc\u00eda no ha disputado la carrera en el GP de Argentina\u2019.","breadcrumb":{"@id":"https:\/\/www.boxrepsol.com\/es\/motogp\/alonso-lopez-sergio-garcia-sin-recompensa-argentina\/#breadcrumb"},"inLanguage":"es","potentialAction":[{"@type":"ReadAction","target":["https:\/\/www.boxrepsol.com\/es\/motogp\/alonso-lopez-sergio-garcia-sin-recompensa-argentina\/"]}]},{"@type":"ImageObject","inLanguage":"es","@id":"https:\/\/www.boxrepsol.com\/es\/motogp\/alonso-lopez-sergio-garcia-sin-recompensa-argentina\/#primaryimage","url":"https:\/\/bxrepsol.s3.eu-west-1.amazonaws.com\/static\/2022\/08\/29084917\/Pilotos-de-Moto3-en-el-GP-de-Argentina-2019-e1554060696446-1.jpg","contentUrl":"https:\/\/bxrepsol.s3.eu-west-1.amazonaws.com\/static\/2022\/08\/29084917\/Pilotos-de-Moto3-en-el-GP-de-Argentina-2019-e1554060696446-1.jpg","width":723,"height":601,"caption":"Alonso L\u00f3pez, Sergio Garc\u00eda, Moto3, 2019, Motociclismo,HRC, Equipo Repsol, GP de Argentina, Termas de R\u00edo Hondo"},{"@type":"BreadcrumbList","@id":"https:\/\/www.boxrepsol.com\/es\/motogp\/alonso-lopez-sergio-garcia-sin-recompensa-argentina\/#breadcrumb","itemListElement":[{"@type":"ListItem","position":1,"name":"Home","item":"https:\/\/www.boxrepsol.com\/es\/"},{"@type":"ListItem","position":2,"name":"Alonso L\u00f3pez y Sergio Garc\u00eda, sin recompensa en Argentina"}]},{"@type":"WebSite","@id":"https:\/\/www.boxrepsol.com\/es\/#website","url":"https:\/\/www.boxrepsol.com\/es\/","name":"Box Repsol","description":"Box Repsol Site","publisher":{"@id":"https:\/\/www.boxrepsol.com\/es\/#organization"},"potentialAction":[{"@type":"SearchAction","target":{"@type":"EntryPoint","urlTemplate":"https:\/\/www.boxrepsol.com\/es\/?s={search_term_string}"},"query-input":{"@type":"PropertyValueSpecification","valueRequired":true,"valueName":"search_term_string"}}],"inLanguage":"es"},{"@type":"Organization","@id":"https:\/\/www.boxrepsol.com\/es\/#organization","name":"Box Repsol","url":"https:\/\/www.boxrepsol.com\/es\/","logo":{"@type":"ImageObject","inLanguage":"es","@id":"https:\/\/www.boxrepsol.com\/es\/#\/schema\/logo\/image\/","url":"https:\/\/bxrepsol.s3.eu-west-1.amazonaws.com\/static\/2025\/07\/30083337\/favicon-96x96-1.png","contentUrl":"https:\/\/bxrepsol.s3.eu-west-1.amazonaws.com\/static\/2025\/07\/30083337\/favicon-96x96-1.png","width":96,"height":96,"caption":"Box Repsol"},"image":{"@id":"https:\/\/www.boxrepsol.com\/es\/#\/schema\/logo\/image\/"},"sameAs":["https:\/\/www.facebook.com\/BoxRepsol","https:\/\/x.com\/box_repsol","http:\/\/instagram.com\/box_repsol","https:\/\/www.youtube.com\/user\/RepsolCompeticion","https:\/\/www.flickr.com\/photos\/box_repsol\/"]},{"@type":"Person","@id":"https:\/\/www.boxrepsol.com\/es\/#\/schema\/person\/c5c2138f2cca251b0ad92b7086bb60b7","name":"Redacci\u00f3n Box Repsol","image":{"@type":"ImageObject","inLanguage":"es","@id":"https:\/\/secure.gravatar.com\/avatar\/adf7b77e38b4419baf32c7e9c21dde01f4e40df611f0978e3006fc4ba0aaab7e?s=96&d=mm&r=g","url":"https:\/\/secure.gravatar.com\/avatar\/adf7b77e38b4419baf32c7e9c21dde01f4e40df611f0978e3006fc4ba0aaab7e?s=96&d=mm&r=g","contentUrl":"https:\/\/secure.gravatar.com\/avatar\/adf7b77e38b4419baf32c7e9c21dde01f4e40df611f0978e3006fc4ba0aaab7e?s=96&d=mm&r=g","caption":"Redacci\u00f3n Box Repsol"},"description":"Box Repsol lo forma un equipo de periodistas, community managers, dise\u00f1adores y fot\u00f3grafos con m\u00e1s de 20 a\u00f1os de experiencia en el mundo del motorsport. Hemos vivido el primer mundial de un espa\u00f1ol en la categor\u00eda reina de motociclismo con \u00c1lex Crivill\u00e9, estuvimos en las victorias de Pedrosa y los t\u00edtulos de M\u00e1rquez, acompa\u00f1amos en \u00c1frica a Nani Roma y Marc Coma en sus conquistas del Dakar y hemos vibrado con los t\u00edtulos de Toni Bou en Trial. Adem\u00e1s, en nuestro equipo contamos con expertos en el mundo de las dos y cuatro ruedas tanto de la calle y las carreteras, como de los circuitos. Periodistas que han trabajado en revistas y publicaciones para hacerte llegar desde rutas y consejos de mantenimiento, a curiosidades y trucos de pilotaje.","sameAs":["https:\/\/www.facebook.com\/BoxRepsol\/","https:\/\/www.instagram.com\/box_repsol\/","https:\/\/x.com\/https:\/\/twitter.com\/box_repsol","https:\/\/www.youtube.com\/@Boxrepsol"],"url":"https:\/\/www.boxrepsol.com\/es\/author\/redaccion-box-repsol\/"}]}},"_links":{"self":[{"href":"https:\/\/www.boxrepsol.com\/es\/wp-json\/wp\/v2\/posts\/93831","targetHints":{"allow":["GET"]}}],"collection":[{"href":"https:\/\/www.boxrepsol.com\/es\/wp-json\/wp\/v2\/posts"}],"about":[{"href":"https:\/\/www.boxrepsol.com\/es\/wp-json\/wp\/v2\/types\/post"}],"author":[{"embeddable":true,"href":"https:\/\/www.boxrepsol.com\/es\/wp-json\/wp\/v2\/users\/43146"}],"replies":[{"embeddable":true,"href":"https:\/\/www.boxrepsol.com\/es\/wp-json\/wp\/v2\/comments?post=93831"}],"version-history":[{"count":2,"href":"https:\/\/www.boxrepsol.com\/es\/wp-json\/wp\/v2\/posts\/93831\/revisions"}],"predecessor-version":[{"id":115255,"href":"https:\/\/www.boxrepsol.com\/es\/wp-json\/wp\/v2\/posts\/93831\/revisions\/115255"}],"wp:featuredmedia":[{"embeddable":true,"href":"https:\/\/www.boxrepsol.com\/es\/wp-json\/wp\/v2\/media\/61399"}],"wp:attachment":[{"href":"https:\/\/www.boxrepsol.com\/es\/wp-json\/wp\/v2\/media?parent=93831"}],"wp:term":[{"taxonomy":"category","embeddable":true,"href":"https:\/\/www.boxrepsol.com\/es\/wp-json\/wp\/v2\/categories?post=93831"},{"taxonomy":"post_tag","embeddable":true,"href":"https:\/\/www.boxrepsol.com\/es\/wp-json\/wp\/v2\/tags?post=93831"}],"curies":[{"name":"wp","href":"https:\/\/api.w.org\/{rel}","templated":true}]}}