{"id":93821,"date":"2019-03-27T00:00:00","date_gmt":"2019-03-27T02:00:00","guid":{"rendered":"http:\/\/pre.boxrepsol.com\/sin-categorizar\/santi-hernandez-aprendo-mas-marc\/"},"modified":"2023-02-24T10:32:38","modified_gmt":"2023-02-24T12:32:38","slug":"santi-hernandez-aprendo-mas-marc","status":"publish","type":"post","link":"https:\/\/www.boxrepsol.com\/es\/motogp\/santi-hernandez-aprendo-mas-marc\/","title":{"rendered":"Santi Hern\u00e1ndez: \u201cAprendo m\u00e1s yo de Marc, que \u00e9l de m\u00ed\u201d"},"content":{"rendered":"<p>Cuando <a href=\"https:\/\/www.boxrepsol.com\/es\/equipo-repsol\/marc-marquez\/\">Marc M\u00e1rquez<\/a> se baja de su MotoGP y se sienta en su rinc\u00f3n del box del equipo Repsol Honda, la primera persona con la que habla es Santi Hern\u00e1ndez. Su ingeniero de pista desde su paso por Moto2, ya celebr\u00f3 un t\u00edtulo en la categor\u00eda reina con el primer y \u00fanico espa\u00f1ol que logr\u00f3 este hito en los 500 c. c.: \u00c1lex Crivill\u00e9, con el que trabaj\u00f3 como t\u00e9cnico de suspensiones. Tras el espectacular inicio de la temporada vivido en Catar, <strong>Santi Hern\u00e1ndez repasa en esta entrevista como vivi\u00f3 la primera cita de\u00a02019<\/strong> y c\u00f3mo ha evolucionado el certamen durante todos estos a\u00f1os.<\/p>\n<h3>[Pregunta] Muchos te conocen por ser el ingeniero de pista de Marc M\u00e1rquez, pero los m\u00e1s veteranos te recuerdan tambi\u00e9n trabajando junto a \u00c1lex Crivill\u00e9 como t\u00e9cnico de suspensiones. \u00bfC\u00f3mo rememoras esa \u00e9poca? \u00bfC\u00f3mo era para un joven veintea\u00f1ero trabajar entonces en el equipo Repsol Honda?<\/h3>\n<p><em><strong>[Respuesta]<\/strong> La recuerdo con una gran ilusi\u00f3n. De peque\u00f1o, las motos estaban muy presentes en casa y tener la oportunidad de trabajar en un equipo como el Repsol Honda y adem\u00e1s hacerlo con un piloto que para m\u00ed siempre hab\u00eda sido un referente y un \u00eddolo, la primera sensaci\u00f3n y el primer recuerdo que tengo es de muchos nervios, como un fan que vive su sue\u00f1o. Lo recuerdo de esa manera.<\/em><\/p>\n<h3>[P] El equipo celebra 25 a\u00f1os y uno de los hitos fue el primer Mundial de 500 c. c. de un espa\u00f1ol. \u00bfC\u00f3mo fue trabajar junto a Crivill\u00e9 en 1999?<\/h3>\n<p><em><strong>[R]\u00a0<\/strong>He tenido muchos momentos buenos, pero uno que recuerdo como algo muy muy positivo ha sido el poder trabajar con \u00c1lex Crivill\u00e9, un gran piloto en aquella \u00e9poca y sobre todo una gran persona. Me quedo mucho en c\u00f3mo te trataba, c\u00f3mo trabajaba, especialmente c\u00f3mo te hac\u00eda sentir part\u00edcipe del grupo. Poder formar parte de aquel equipo que abri\u00f3 un poco el camino al resto de pilotos que han ido subiendo a MotoGP me hace sentir muy orgulloso.<\/em><\/p>\n<h3>[P]\u00bfEchas algo de menos de aquella \u00e9poca? \u00bfHa cambiado mucho la forma de trabajar en el Mundial, y especialmente en el box del equipo Repsol Honda?<\/h3>\n<p><em><strong>[R]<\/strong> S\u00ed que ha cambiado. Todo ha ido evolucionando. Antes hab\u00eda rivalidad, pero no hab\u00eda tantos intereses. Entre mec\u00e1nicos, equipos y pilotos hab\u00eda una uni\u00f3n m\u00e1s de amistad, no tan de rivalidad. Hoy en d\u00eda, se ha profesionalizado tanto, que el ambiente que se respira no es el mismo. Antes hab\u00eda una comuni\u00f3n entre todo el mundo m\u00e1s amable, en cambio hoy en d\u00eda todo el mundo est\u00e1 pensando s\u00f3lo en el objetivo, en ganar.<\/em><\/p>\n<p><a href=\"https:\/\/bxrepsol.s3.eu-west-1.amazonaws.com\/static\/2022\/08\/05064115\/00_criville_santi_hernandez_1999_repsol_honda.jpg\" \n   title=\"\u00c1lex Crivill\u00e9 preparando la estrategia\" \n   data-gallery-thumbnail=\"https:\/\/bxrepsol.s3.eu-west-1.amazonaws.com\/static\/2022\/08\/05064115\/00_criville_santi_hernandez_1999_repsol_honda.jpg\"\n   data-gallery-title=\"\"\n   data-gallery><\/p>\n<figure>\n        <picture style=\"padding-bottom: 66.666666666667%; background-image: url(https:\/\/bxrepsol.s3.eu-west-1.amazonaws.com\/static\/2022\/08\/05064115\/00_criville_santi_hernandez_1999_repsol_honda.jpg);\">\n            <img decoding=\"async\" src=\"https:\/\/bxrepsol.s3.eu-west-1.amazonaws.com\/static\/2022\/08\/05064115\/00_criville_santi_hernandez_1999_repsol_honda.jpg\"><br \/>\n            <img itemprop=\"image\"\n                data-srcset=\"https:\/\/bxrepsol.s3.eu-west-1.amazonaws.com\/static\/2022\/08\/05064115\/00_criville_santi_hernandez_1999_repsol_honda.jpg 480w, https:\/\/bxrepsol.s3.eu-west-1.amazonaws.com\/static\/2022\/08\/05064115\/00_criville_santi_hernandez_1999_repsol_honda.jpg 600w, https:\/\/bxrepsol.s3.eu-west-1.amazonaws.com\/static\/2022\/08\/05064115\/00_criville_santi_hernandez_1999_repsol_honda.jpg 900w, https:\/\/bxrepsol.s3.eu-west-1.amazonaws.com\/static\/2022\/08\/05064115\/00_criville_santi_hernandez_1999_repsol_honda.jpg 1280w\"\n                data-src=\"https:\/\/bxrepsol.s3.eu-west-1.amazonaws.com\/static\/2022\/08\/05064115\/00_criville_santi_hernandez_1999_repsol_honda.jpg\"\n                alt=\"\u00c1lex Crivill\u00e9 preparando la estrategia\"\n                title=\"\u00c1lex Crivill\u00e9 con Santi Hern\u00e1ndez en el box\"\/><br \/>\n            <noscript><img decoding=\"async\" src=\"https:\/\/bxrepsol.s3.eu-west-1.amazonaws.com\/static\/2022\/08\/05064115\/00_criville_santi_hernandez_1999_repsol_honda.jpg\" alt=\"\u00c1lex Crivill\u00e9 preparando la estrategia\"><\/noscript>\n        <\/picture><figcaption>\u00c1lex Crivill\u00e9 preparando la estrategia<\/figcaption><\/figure>\n<p><\/a><\/p>\n<h3>[P] \u00bfQu\u00e9 crees que ha cambiado m\u00e1s, el campeonato en s\u00ed o la tecnolog\u00eda y las motos?<\/h3>\n<p><em><strong>[R]\u00a0<\/strong>Creo que tanto el campeonato como la tecnolog\u00eda en las motos, en positivo, han cambiado mucho. El campeonato ha creado un producto que, ahora mismo, es envidiable. Ha crecido y se ha profesionalizado de tal manera que para el que le gustan las motos es incre\u00edble. Y a nivel t\u00e9cnico ha cambiado much\u00edsimo, hace 22 a\u00f1os hab\u00eda muchas cosas que eran impensables que se pudieran controlar. Sobre todo a nivel de seguridad, tanto el campeonato como la tecnolog\u00eda han ayudado mucho a que sea mejor.<\/em><\/p>\n<h3>[P]\u00a0En 2011 empezaste a trabajar con Marc M\u00e1rquez en Moto2, \u00bfen qu\u00e9 dir\u00edas que es donde m\u00e1s ha cambiado? \u00bfD\u00f3nde podr\u00eda mejorar?<\/h3>\n<p><em><strong>[R]\u00a0<\/strong>Marc me sorprendi\u00f3 desde el primer d\u00eda que estuve con \u00e9l, por un comentario que nos hizo de c\u00f3mo iba la moto y c\u00f3mo se expres\u00f3. Pero siempre digo lo mismo: Marc cada d\u00eda me sorprende. No soy yo qui\u00e9n le tiene que decir qu\u00e9 tiene que mejorar. Es un piloto que est\u00e1 en un constante aprendizaje y es capaz de aprender de sus errores. A veces, aprendo m\u00e1s yo de \u00e9l que \u00e9l de m\u00ed, y eso es bonito tambi\u00e9n.<\/em><\/p>\n<h3>[P] \u00bfCu\u00e1ntas veces habl\u00e1is por semana cuando no hay carrera?<\/h3>\n<p><em><strong>[R]<\/strong> Normalmente hablamos una vez por semana, pero en el grupo de\u00a0Whatsapp\u00a0del equipo casi cada d\u00eda hay alg\u00fan mensaje. La comunicaci\u00f3n que tenemos dir\u00eda que es buena y simp\u00e1tica. Es bueno tambi\u00e9n hablar de otras cosas que no sean las motos.<\/em><\/p>\n<p><a href=\"https:\/\/bxrepsol.s3.eu-west-1.amazonaws.com\/static\/2022\/08\/05064116\/00_santi_hernandez_celebrando_6to_titulo_de_marc_marquez.jpg\" \n   title=\"Marc y Santi celebrando tras carrera\" \n   data-gallery-thumbnail=\"https:\/\/bxrepsol.s3.eu-west-1.amazonaws.com\/static\/2022\/08\/05064116\/00_santi_hernandez_celebrando_6to_titulo_de_marc_marquez.jpg\"\n   data-gallery-title=\"\"\n   data-gallery><\/p>\n<figure>\n        <picture style=\"padding-bottom: 66.634522661524%; background-image: url(https:\/\/bxrepsol.s3.eu-west-1.amazonaws.com\/static\/2022\/08\/05064116\/00_santi_hernandez_celebrando_6to_titulo_de_marc_marquez.jpg);\">\n            <img decoding=\"async\" src=\"https:\/\/bxrepsol.s3.eu-west-1.amazonaws.com\/static\/2022\/08\/05064116\/00_santi_hernandez_celebrando_6to_titulo_de_marc_marquez.jpg\"><br \/>\n            <img itemprop=\"image\"\n                data-srcset=\"https:\/\/bxrepsol.s3.eu-west-1.amazonaws.com\/static\/2022\/08\/05064116\/00_santi_hernandez_celebrando_6to_titulo_de_marc_marquez.jpg 480w, https:\/\/bxrepsol.s3.eu-west-1.amazonaws.com\/static\/2022\/08\/05064116\/00_santi_hernandez_celebrando_6to_titulo_de_marc_marquez.jpg 600w, https:\/\/bxrepsol.s3.eu-west-1.amazonaws.com\/static\/2022\/08\/05064116\/00_santi_hernandez_celebrando_6to_titulo_de_marc_marquez.jpg 900w\"\n                data-src=\"https:\/\/bxrepsol.s3.eu-west-1.amazonaws.com\/static\/2022\/08\/05064116\/00_santi_hernandez_celebrando_6to_titulo_de_marc_marquez.jpg\"\n                alt=\"Marc y Santi celebrando tras carrera\"\n                title=\"Marc M\u00e1rquez con Santi Hern\u00e1ndez celebrando el 6\u00ba t\u00edtulo de su carrera\"\/><br \/>\n            <noscript><img decoding=\"async\" src=\"https:\/\/bxrepsol.s3.eu-west-1.amazonaws.com\/static\/2022\/08\/05064116\/00_santi_hernandez_celebrando_6to_titulo_de_marc_marquez.jpg\" alt=\"Marc y Santi celebrando tras carrera\"><\/noscript>\n        <\/picture><figcaption>Marc y Santi celebrando tras carrera<\/figcaption><\/figure>\n<p><\/a><\/p>\n<h3>\u00bfCu\u00e1nto hace que no ves la salida de una carrera? \u00bfSuperstici\u00f3n o nervios?<\/h3>\n<p><em><strong>[R]<\/strong> Superstici\u00f3n. Desde el a\u00f1o 1999, cuando empec\u00e9 a trabajar con \u00c1lex Crivill\u00e9, no s\u00e9 por qu\u00e9 me perd\u00ed la salida y gan\u00f3 la carrera. As\u00ed que desde entonces no veo ninguna salida.<\/em><\/p>\n<h3>[P] Despu\u00e9s de la carrera de Catar, Marc M\u00e1rquez dijo que el segundo lugar se lo hab\u00eda dado el motor de Honda. \u00bfEn qu\u00e9 aspectos ha mejorado la nueva moto?<\/h3>\n<p><em><strong>[R]<\/strong> Como bien dijo Marc, el nuevo motor nos ha podido ayudar a tener una velocidad punta mejor y una mejor aceleraci\u00f3n, que eran los puntos donde hemos estado sufriendo m\u00e1s estos \u00faltimos a\u00f1os. Se ha visto que estamos m\u00e1s cerca de las Ducati y hemos superado a otras marcas, y eso es importante. Es muy interesante, porque cuando puedes ganar tiempo en una recta, no tienes que sacrificar tanto en otros puntos m\u00e1s arriesgados. <\/em><\/p>\n<p><em>Es tiempo gratis, ya que todo el mundo sabe abrir gas, pero no tienes el riesgo de ir a recuperar el tiempo en la frenada. Este es uno de los grandes aspectos que ha mejorado Honda. Hay que felicitar a los ingenieros por el esfuerzo que han hecho, porque no podemos olvidar que hay mucha gente que trabaja en la sombra y que a veces ni duermen para que nosotros podamos tener ese resultado.<\/em><\/p>\n<h3>[P] Despu\u00e9s del invierno que ha pasado Marc y las dificultades que tuvo en Sepang, \u00bfesperabas que pudiera terminar segundo a 23 mil\u00e9simas del primero?<\/h3>\n<p><em><strong>[R]<\/strong> Marc ya tuvo un momento complicado en el accidente de 2011, cuando estuvo mucho tiempo parado y no sab\u00edamos si iba a recuperarse de la lesi\u00f3n y nos sorprendi\u00f3 a todos ganando en esa primera carrera de 2012, tambi\u00e9n en Catar. S\u00ed que es verdad que he sido muy prudente cuando me han preguntado a qu\u00e9 nivel estar\u00eda Marc en la primera carrera pero, dentro de m\u00ed, no dudaba que incluso pudiera luchar por la victoria. <\/em><\/p>\n<p><em>Marc nos demuestra cada d\u00eda que es un luchador y que ante las adversidades se crece. Interiormente, no ten\u00eda ninguna duda, sab\u00eda que Marc pod\u00eda hacer una gran carrera como la que hizo.<\/em><\/p>\n<blockquote><p>\n\t<a href=\"http:\/\/twitter.com\/share?text=La+comunicaci%C3%B3n+que+tenemos+dir%C3%ADa+que+es+buena+y+simp%C3%A1tica.+Es+bueno+tambi%C3%A9n+hablar+de+otras+cosas+que+no+sean+las+motos&#038;url=https%3A%2F%2Fwww.boxrepsol.com%2Fes%2F%3Fp%3D33754\" target=\"_blank\" rel=\"noopener\"><\/p>\n<p>La comunicaci\u00f3n que tenemos dir\u00eda que es buena y simp\u00e1tica. Es bueno tambi\u00e9n hablar de otras cosas que no sean las motos<\/p>\n<p>\t<\/a>\n<\/p><\/blockquote>\n<h3>[P] La diferencia entre los 5 primeros clasificados en Catar fue de 0,6 segundos. \u00bfCrees que este a\u00f1o el Mundial estar\u00e1 m\u00e1s caro que nunca?<\/h3>\n<p><em><strong>[R]<\/strong> S\u00ed. Cada a\u00f1o el Mundial es m\u00e1s dif\u00edcil. Tanto las marcas, como los pilotos e incluso el campeonato hacen que todo est\u00e9 m\u00e1s apretado. Cada vez hay pilotos con m\u00e1s experiencia, j\u00f3venes que han llegado y que van aprendiendo, tambi\u00e9n hay que tener en cuenta a los pilotos de siempre\u2026 Est\u00e1 claro que, aunque a veces se piense que es f\u00e1cil, ganar el Mundial es algo muy dif\u00edcil, porque est\u00e1 muy re\u00f1ido. Lo importante es ser constante y saber jugar tus cartas cuando tienes que jugarlas, sin precipitarte.<\/em><\/p>\n<h3>[P] El a\u00f1o pasado en muchas carreras se bati\u00f3 el r\u00e9cord de pilotos terminando con menos diferencia entre ellos. \u00bfC\u00f3mo explicas tanta igualdad?<\/h3>\n<p><em><strong>[R]<\/strong> Lo marca el campeonato. Hay que tener en cuenta que los neum\u00e1ticos son los mismos, la mayor\u00eda de equipos llevamos las mismas suspensiones, los frenos, la electr\u00f3nica\u2026 Es decir, el campeonato ha logrado que, a trav\u00e9s del reglamento, la diferencia entre las marcas no sea tan grande y eso tambi\u00e9n favorece que veamos cada vez a un grupo de pilotos m\u00e1s grande.<\/em><\/p>\n<h3>[P] La pr\u00f3xima carrera es en Argentina, donde Marc siempre ha ido r\u00e1pido. \u00bfCu\u00e1l es la clave para ser veloz en un circuito como el de Termas de R\u00edo Hondo?<\/h3>\n<p><em><strong>[R]<\/strong> Es un circuito que siempre se nos ha dado bien aunque, a veces, los resultados no nos hayan acompa\u00f1ado. Como en todos los circuitos, hay que seguir trabajando e intentar no cometer errores. Tanto Marc, con su pilotaje, como nosotros \u2013el equipo\u2013, tenemos que dar el m\u00e1ximo y despu\u00e9s del\u00a0warm-up\u00a0ya valoraremos hasta d\u00f3nde podemos llegar. <\/em><\/p>\n<p><em>Hay carreras que, aunque a priori sean favorables, no est\u00e1s para ganar y hay que saber aceptarlo y no cometer errores. Como te he dicho antes, en este Mundial hay que ser constantes y sacar el m\u00e1ximo partido en todas las carreras.<\/em><\/p>\n","protected":false},"excerpt":{"rendered":"<p>Santi Hern\u00e1ndez es el ingeniero de pista y hombre de confianza de Marc M\u00e1rquez en el equipo Repsol Honda, aunque su experiencia se remonta a la \u00e9poca en la que coincidi\u00f3 con \u00c1lex Crivill\u00e9<\/p>\n","protected":false},"author":1,"featured_media":61341,"comment_status":"open","ping_status":"open","sticky":false,"template":"","format":"standard","meta":{"footnotes":""},"categories":[4],"tags":[50],"class_list":["post-93821","post","type-post","status-publish","format-standard","hentry","category-motogp","tag-equipo-repsol-honda"],"yoast_head":"<!-- This site is optimized with the Yoast SEO plugin v27.3 - https:\/\/yoast.com\/product\/yoast-seo-wordpress\/ -->\n<title>Entrevista Santi Hern\u00e1ndez 2019 - \u201cAprendo m\u00e1s yo de Marc, que \u00e9l de m\u00ed\u201d<\/title>\n<meta name=\"description\" content=\"Santi Hern\u00e1ndez es el ingeniero de pista y hombre de confianza de Marc M\u00e1rquez en el equipo Repsol Honda.\" \/>\n<link rel=\"canonical\" href=\"https:\/\/www.boxrepsol.com\/es\/motogp\/santi-hernandez-aprendo-mas-marc\/\" \/>\n<meta property=\"og:locale\" content=\"es_ES\" \/>\n<meta property=\"og:type\" content=\"article\" \/>\n<meta property=\"og:title\" content=\"Entrevista Santi Hern\u00e1ndez 2019 - \u201cAprendo m\u00e1s yo de Marc, que \u00e9l de m\u00ed\u201d\" \/>\n<meta property=\"og:description\" content=\"Santi Hern\u00e1ndez es el ingeniero de pista y hombre de confianza de Marc M\u00e1rquez en el equipo Repsol Honda.\" \/>\n<meta property=\"og:url\" content=\"https:\/\/www.boxrepsol.com\/es\/motogp\/santi-hernandez-aprendo-mas-marc\/\" \/>\n<meta property=\"og:site_name\" content=\"Box Repsol\" \/>\n<meta property=\"article:publisher\" content=\"https:\/\/www.facebook.com\/BoxRepsol\" \/>\n<meta property=\"article:published_time\" content=\"2019-03-27T02:00:00+00:00\" \/>\n<meta property=\"article:modified_time\" content=\"2023-02-24T12:32:38+00:00\" \/>\n<meta property=\"og:image\" content=\"https:\/\/bxrepsol.s3.eu-west-1.amazonaws.com\/static\/2022\/08\/29084841\/00_marc_marquez_santi_hernandez_repsol_honda.jpg\" \/>\n\t<meta property=\"og:image:width\" content=\"1280\" \/>\n\t<meta property=\"og:image:height\" content=\"600\" \/>\n\t<meta property=\"og:image:type\" content=\"image\/jpeg\" \/>\n<meta name=\"author\" content=\"bx_ayesa\" \/>\n<meta name=\"twitter:card\" content=\"summary_large_image\" \/>\n<meta name=\"twitter:creator\" content=\"@box_repsol\" \/>\n<meta name=\"twitter:site\" content=\"@box_repsol\" \/>\n<meta name=\"twitter:label1\" content=\"Written by\" \/>\n\t<meta name=\"twitter:data1\" content=\"bx_ayesa\" \/>\n\t<meta name=\"twitter:label2\" content=\"Est. reading time\" \/>\n\t<meta name=\"twitter:data2\" content=\"8 minutos\" \/>\n<script type=\"application\/ld+json\" class=\"yoast-schema-graph\">{\"@context\":\"https:\\\/\\\/schema.org\",\"@graph\":[{\"@type\":\"Article\",\"@id\":\"https:\\\/\\\/www.boxrepsol.com\\\/es\\\/motogp\\\/santi-hernandez-aprendo-mas-marc\\\/#article\",\"isPartOf\":{\"@id\":\"https:\\\/\\\/www.boxrepsol.com\\\/es\\\/motogp\\\/santi-hernandez-aprendo-mas-marc\\\/\"},\"author\":{\"name\":\"bx_ayesa\",\"@id\":\"https:\\\/\\\/www.boxrepsol.com\\\/es\\\/#\\\/schema\\\/person\\\/d9d0f442a4332c7d099d31ffda4747a0\"},\"headline\":\"Santi Hern\u00e1ndez: \u201cAprendo m\u00e1s yo de Marc, que \u00e9l de m\u00ed\u201d\",\"datePublished\":\"2019-03-27T02:00:00+00:00\",\"dateModified\":\"2023-02-24T12:32:38+00:00\",\"mainEntityOfPage\":{\"@id\":\"https:\\\/\\\/www.boxrepsol.com\\\/es\\\/motogp\\\/santi-hernandez-aprendo-mas-marc\\\/\"},\"wordCount\":1546,\"commentCount\":0,\"publisher\":{\"@id\":\"https:\\\/\\\/www.boxrepsol.com\\\/es\\\/#organization\"},\"image\":{\"@id\":\"https:\\\/\\\/www.boxrepsol.com\\\/es\\\/motogp\\\/santi-hernandez-aprendo-mas-marc\\\/#primaryimage\"},\"thumbnailUrl\":\"https:\\\/\\\/bxrepsol.s3.eu-west-1.amazonaws.com\\\/static\\\/2022\\\/08\\\/29084841\\\/00_marc_marquez_santi_hernandez_repsol_honda.jpg\",\"keywords\":[\"Equipo Repsol Honda\"],\"articleSection\":[\"MotoGP\"],\"inLanguage\":\"es\",\"potentialAction\":[{\"@type\":\"CommentAction\",\"name\":\"Comment\",\"target\":[\"https:\\\/\\\/www.boxrepsol.com\\\/es\\\/motogp\\\/santi-hernandez-aprendo-mas-marc\\\/#respond\"]}]},{\"@type\":\"WebPage\",\"@id\":\"https:\\\/\\\/www.boxrepsol.com\\\/es\\\/motogp\\\/santi-hernandez-aprendo-mas-marc\\\/\",\"url\":\"https:\\\/\\\/www.boxrepsol.com\\\/es\\\/motogp\\\/santi-hernandez-aprendo-mas-marc\\\/\",\"name\":\"Entrevista Santi Hern\u00e1ndez 2019 - \u201cAprendo m\u00e1s yo de Marc, que \u00e9l de m\u00ed\u201d\",\"isPartOf\":{\"@id\":\"https:\\\/\\\/www.boxrepsol.com\\\/es\\\/#website\"},\"primaryImageOfPage\":{\"@id\":\"https:\\\/\\\/www.boxrepsol.com\\\/es\\\/motogp\\\/santi-hernandez-aprendo-mas-marc\\\/#primaryimage\"},\"image\":{\"@id\":\"https:\\\/\\\/www.boxrepsol.com\\\/es\\\/motogp\\\/santi-hernandez-aprendo-mas-marc\\\/#primaryimage\"},\"thumbnailUrl\":\"https:\\\/\\\/bxrepsol.s3.eu-west-1.amazonaws.com\\\/static\\\/2022\\\/08\\\/29084841\\\/00_marc_marquez_santi_hernandez_repsol_honda.jpg\",\"datePublished\":\"2019-03-27T02:00:00+00:00\",\"dateModified\":\"2023-02-24T12:32:38+00:00\",\"description\":\"Santi Hern\u00e1ndez es el ingeniero de pista y hombre de confianza de Marc M\u00e1rquez en el equipo Repsol Honda.\",\"breadcrumb\":{\"@id\":\"https:\\\/\\\/www.boxrepsol.com\\\/es\\\/motogp\\\/santi-hernandez-aprendo-mas-marc\\\/#breadcrumb\"},\"inLanguage\":\"es\",\"potentialAction\":[{\"@type\":\"ReadAction\",\"target\":[\"https:\\\/\\\/www.boxrepsol.com\\\/es\\\/motogp\\\/santi-hernandez-aprendo-mas-marc\\\/\"]}]},{\"@type\":\"ImageObject\",\"inLanguage\":\"es\",\"@id\":\"https:\\\/\\\/www.boxrepsol.com\\\/es\\\/motogp\\\/santi-hernandez-aprendo-mas-marc\\\/#primaryimage\",\"url\":\"https:\\\/\\\/bxrepsol.s3.eu-west-1.amazonaws.com\\\/static\\\/2022\\\/08\\\/29084841\\\/00_marc_marquez_santi_hernandez_repsol_honda.jpg\",\"contentUrl\":\"https:\\\/\\\/bxrepsol.s3.eu-west-1.amazonaws.com\\\/static\\\/2022\\\/08\\\/29084841\\\/00_marc_marquez_santi_hernandez_repsol_honda.jpg\",\"width\":1280,\"height\":600,\"caption\":\"Santi Hern\u00e1ndez y Marc m\u00e1rquez charlando en el box\"},{\"@type\":\"BreadcrumbList\",\"@id\":\"https:\\\/\\\/www.boxrepsol.com\\\/es\\\/motogp\\\/santi-hernandez-aprendo-mas-marc\\\/#breadcrumb\",\"itemListElement\":[{\"@type\":\"ListItem\",\"position\":1,\"name\":\"Home\",\"item\":\"https:\\\/\\\/www.boxrepsol.com\\\/es\\\/\"},{\"@type\":\"ListItem\",\"position\":2,\"name\":\"Santi Hern\u00e1ndez: \u201cAprendo m\u00e1s yo de Marc, que \u00e9l de m\u00ed\u201d\"}]},{\"@type\":\"WebSite\",\"@id\":\"https:\\\/\\\/www.boxrepsol.com\\\/es\\\/#website\",\"url\":\"https:\\\/\\\/www.boxrepsol.com\\\/es\\\/\",\"name\":\"Box Repsol\",\"description\":\"Box Repsol Site\",\"publisher\":{\"@id\":\"https:\\\/\\\/www.boxrepsol.com\\\/es\\\/#organization\"},\"potentialAction\":[{\"@type\":\"SearchAction\",\"target\":{\"@type\":\"EntryPoint\",\"urlTemplate\":\"https:\\\/\\\/www.boxrepsol.com\\\/es\\\/?s={search_term_string}\"},\"query-input\":{\"@type\":\"PropertyValueSpecification\",\"valueRequired\":true,\"valueName\":\"search_term_string\"}}],\"inLanguage\":\"es\"},{\"@type\":\"Organization\",\"@id\":\"https:\\\/\\\/www.boxrepsol.com\\\/es\\\/#organization\",\"name\":\"Box Repsol\",\"url\":\"https:\\\/\\\/www.boxrepsol.com\\\/es\\\/\",\"logo\":{\"@type\":\"ImageObject\",\"inLanguage\":\"es\",\"@id\":\"https:\\\/\\\/www.boxrepsol.com\\\/es\\\/#\\\/schema\\\/logo\\\/image\\\/\",\"url\":\"https:\\\/\\\/bxrepsol.s3.eu-west-1.amazonaws.com\\\/static\\\/2025\\\/07\\\/30083337\\\/favicon-96x96-1.png\",\"contentUrl\":\"https:\\\/\\\/bxrepsol.s3.eu-west-1.amazonaws.com\\\/static\\\/2025\\\/07\\\/30083337\\\/favicon-96x96-1.png\",\"width\":96,\"height\":96,\"caption\":\"Box Repsol\"},\"image\":{\"@id\":\"https:\\\/\\\/www.boxrepsol.com\\\/es\\\/#\\\/schema\\\/logo\\\/image\\\/\"},\"sameAs\":[\"https:\\\/\\\/www.facebook.com\\\/BoxRepsol\",\"https:\\\/\\\/x.com\\\/box_repsol\",\"http:\\\/\\\/instagram.com\\\/box_repsol\",\"https:\\\/\\\/www.youtube.com\\\/user\\\/RepsolCompeticion\",\"https:\\\/\\\/www.flickr.com\\\/photos\\\/box_repsol\\\/\"]},{\"@type\":\"Person\",\"@id\":\"https:\\\/\\\/www.boxrepsol.com\\\/es\\\/#\\\/schema\\\/person\\\/d9d0f442a4332c7d099d31ffda4747a0\",\"name\":\"bx_ayesa\",\"image\":{\"@type\":\"ImageObject\",\"inLanguage\":\"es\",\"@id\":\"https:\\\/\\\/secure.gravatar.com\\\/avatar\\\/059e1b9d3585083708845ba70e8dd968f143ff35f5e0e10cf2d1e7afe2c6a878?s=96&d=mm&r=g\",\"url\":\"https:\\\/\\\/secure.gravatar.com\\\/avatar\\\/059e1b9d3585083708845ba70e8dd968f143ff35f5e0e10cf2d1e7afe2c6a878?s=96&d=mm&r=g\",\"contentUrl\":\"https:\\\/\\\/secure.gravatar.com\\\/avatar\\\/059e1b9d3585083708845ba70e8dd968f143ff35f5e0e10cf2d1e7afe2c6a878?s=96&d=mm&r=g\",\"caption\":\"bx_ayesa\"},\"sameAs\":[\"http:\\\/\\\/54.155.157.200\"],\"url\":\"https:\\\/\\\/www.boxrepsol.com\\\/es\\\/author\\\/bx_ayesa\\\/\"}]}<\/script>\n<!-- \/ Yoast SEO plugin. -->","yoast_head_json":{"title":"Entrevista Santi Hern\u00e1ndez 2019 - \u201cAprendo m\u00e1s yo de Marc, que \u00e9l de m\u00ed\u201d","description":"Santi Hern\u00e1ndez es el ingeniero de pista y hombre de confianza de Marc M\u00e1rquez en el equipo Repsol Honda.","canonical":"https:\/\/www.boxrepsol.com\/es\/motogp\/santi-hernandez-aprendo-mas-marc\/","og_locale":"es_ES","og_type":"article","og_title":"Entrevista Santi Hern\u00e1ndez 2019 - \u201cAprendo m\u00e1s yo de Marc, que \u00e9l de m\u00ed\u201d","og_description":"Santi Hern\u00e1ndez es el ingeniero de pista y hombre de confianza de Marc M\u00e1rquez en el equipo Repsol Honda.","og_url":"https:\/\/www.boxrepsol.com\/es\/motogp\/santi-hernandez-aprendo-mas-marc\/","og_site_name":"Box Repsol","article_publisher":"https:\/\/www.facebook.com\/BoxRepsol","article_published_time":"2019-03-27T02:00:00+00:00","article_modified_time":"2023-02-24T12:32:38+00:00","og_image":[{"width":1280,"height":600,"url":"https:\/\/bxrepsol.s3.eu-west-1.amazonaws.com\/static\/2022\/08\/29084841\/00_marc_marquez_santi_hernandez_repsol_honda.jpg","type":"image\/jpeg"}],"author":"bx_ayesa","twitter_card":"summary_large_image","twitter_creator":"@box_repsol","twitter_site":"@box_repsol","twitter_misc":{"Written by":"bx_ayesa","Est. reading time":"8 minutos"},"schema":{"@context":"https:\/\/schema.org","@graph":[{"@type":"Article","@id":"https:\/\/www.boxrepsol.com\/es\/motogp\/santi-hernandez-aprendo-mas-marc\/#article","isPartOf":{"@id":"https:\/\/www.boxrepsol.com\/es\/motogp\/santi-hernandez-aprendo-mas-marc\/"},"author":{"name":"bx_ayesa","@id":"https:\/\/www.boxrepsol.com\/es\/#\/schema\/person\/d9d0f442a4332c7d099d31ffda4747a0"},"headline":"Santi Hern\u00e1ndez: \u201cAprendo m\u00e1s yo de Marc, que \u00e9l de m\u00ed\u201d","datePublished":"2019-03-27T02:00:00+00:00","dateModified":"2023-02-24T12:32:38+00:00","mainEntityOfPage":{"@id":"https:\/\/www.boxrepsol.com\/es\/motogp\/santi-hernandez-aprendo-mas-marc\/"},"wordCount":1546,"commentCount":0,"publisher":{"@id":"https:\/\/www.boxrepsol.com\/es\/#organization"},"image":{"@id":"https:\/\/www.boxrepsol.com\/es\/motogp\/santi-hernandez-aprendo-mas-marc\/#primaryimage"},"thumbnailUrl":"https:\/\/bxrepsol.s3.eu-west-1.amazonaws.com\/static\/2022\/08\/29084841\/00_marc_marquez_santi_hernandez_repsol_honda.jpg","keywords":["Equipo Repsol Honda"],"articleSection":["MotoGP"],"inLanguage":"es","potentialAction":[{"@type":"CommentAction","name":"Comment","target":["https:\/\/www.boxrepsol.com\/es\/motogp\/santi-hernandez-aprendo-mas-marc\/#respond"]}]},{"@type":"WebPage","@id":"https:\/\/www.boxrepsol.com\/es\/motogp\/santi-hernandez-aprendo-mas-marc\/","url":"https:\/\/www.boxrepsol.com\/es\/motogp\/santi-hernandez-aprendo-mas-marc\/","name":"Entrevista Santi Hern\u00e1ndez 2019 - \u201cAprendo m\u00e1s yo de Marc, que \u00e9l de m\u00ed\u201d","isPartOf":{"@id":"https:\/\/www.boxrepsol.com\/es\/#website"},"primaryImageOfPage":{"@id":"https:\/\/www.boxrepsol.com\/es\/motogp\/santi-hernandez-aprendo-mas-marc\/#primaryimage"},"image":{"@id":"https:\/\/www.boxrepsol.com\/es\/motogp\/santi-hernandez-aprendo-mas-marc\/#primaryimage"},"thumbnailUrl":"https:\/\/bxrepsol.s3.eu-west-1.amazonaws.com\/static\/2022\/08\/29084841\/00_marc_marquez_santi_hernandez_repsol_honda.jpg","datePublished":"2019-03-27T02:00:00+00:00","dateModified":"2023-02-24T12:32:38+00:00","description":"Santi Hern\u00e1ndez es el ingeniero de pista y hombre de confianza de Marc M\u00e1rquez en el equipo Repsol Honda.","breadcrumb":{"@id":"https:\/\/www.boxrepsol.com\/es\/motogp\/santi-hernandez-aprendo-mas-marc\/#breadcrumb"},"inLanguage":"es","potentialAction":[{"@type":"ReadAction","target":["https:\/\/www.boxrepsol.com\/es\/motogp\/santi-hernandez-aprendo-mas-marc\/"]}]},{"@type":"ImageObject","inLanguage":"es","@id":"https:\/\/www.boxrepsol.com\/es\/motogp\/santi-hernandez-aprendo-mas-marc\/#primaryimage","url":"https:\/\/bxrepsol.s3.eu-west-1.amazonaws.com\/static\/2022\/08\/29084841\/00_marc_marquez_santi_hernandez_repsol_honda.jpg","contentUrl":"https:\/\/bxrepsol.s3.eu-west-1.amazonaws.com\/static\/2022\/08\/29084841\/00_marc_marquez_santi_hernandez_repsol_honda.jpg","width":1280,"height":600,"caption":"Santi Hern\u00e1ndez y Marc m\u00e1rquez charlando en el box"},{"@type":"BreadcrumbList","@id":"https:\/\/www.boxrepsol.com\/es\/motogp\/santi-hernandez-aprendo-mas-marc\/#breadcrumb","itemListElement":[{"@type":"ListItem","position":1,"name":"Home","item":"https:\/\/www.boxrepsol.com\/es\/"},{"@type":"ListItem","position":2,"name":"Santi Hern\u00e1ndez: \u201cAprendo m\u00e1s yo de Marc, que \u00e9l de m\u00ed\u201d"}]},{"@type":"WebSite","@id":"https:\/\/www.boxrepsol.com\/es\/#website","url":"https:\/\/www.boxrepsol.com\/es\/","name":"Box Repsol","description":"Box Repsol Site","publisher":{"@id":"https:\/\/www.boxrepsol.com\/es\/#organization"},"potentialAction":[{"@type":"SearchAction","target":{"@type":"EntryPoint","urlTemplate":"https:\/\/www.boxrepsol.com\/es\/?s={search_term_string}"},"query-input":{"@type":"PropertyValueSpecification","valueRequired":true,"valueName":"search_term_string"}}],"inLanguage":"es"},{"@type":"Organization","@id":"https:\/\/www.boxrepsol.com\/es\/#organization","name":"Box Repsol","url":"https:\/\/www.boxrepsol.com\/es\/","logo":{"@type":"ImageObject","inLanguage":"es","@id":"https:\/\/www.boxrepsol.com\/es\/#\/schema\/logo\/image\/","url":"https:\/\/bxrepsol.s3.eu-west-1.amazonaws.com\/static\/2025\/07\/30083337\/favicon-96x96-1.png","contentUrl":"https:\/\/bxrepsol.s3.eu-west-1.amazonaws.com\/static\/2025\/07\/30083337\/favicon-96x96-1.png","width":96,"height":96,"caption":"Box Repsol"},"image":{"@id":"https:\/\/www.boxrepsol.com\/es\/#\/schema\/logo\/image\/"},"sameAs":["https:\/\/www.facebook.com\/BoxRepsol","https:\/\/x.com\/box_repsol","http:\/\/instagram.com\/box_repsol","https:\/\/www.youtube.com\/user\/RepsolCompeticion","https:\/\/www.flickr.com\/photos\/box_repsol\/"]},{"@type":"Person","@id":"https:\/\/www.boxrepsol.com\/es\/#\/schema\/person\/d9d0f442a4332c7d099d31ffda4747a0","name":"bx_ayesa","image":{"@type":"ImageObject","inLanguage":"es","@id":"https:\/\/secure.gravatar.com\/avatar\/059e1b9d3585083708845ba70e8dd968f143ff35f5e0e10cf2d1e7afe2c6a878?s=96&d=mm&r=g","url":"https:\/\/secure.gravatar.com\/avatar\/059e1b9d3585083708845ba70e8dd968f143ff35f5e0e10cf2d1e7afe2c6a878?s=96&d=mm&r=g","contentUrl":"https:\/\/secure.gravatar.com\/avatar\/059e1b9d3585083708845ba70e8dd968f143ff35f5e0e10cf2d1e7afe2c6a878?s=96&d=mm&r=g","caption":"bx_ayesa"},"sameAs":["http:\/\/54.155.157.200"],"url":"https:\/\/www.boxrepsol.com\/es\/author\/bx_ayesa\/"}]}},"_links":{"self":[{"href":"https:\/\/www.boxrepsol.com\/es\/wp-json\/wp\/v2\/posts\/93821","targetHints":{"allow":["GET"]}}],"collection":[{"href":"https:\/\/www.boxrepsol.com\/es\/wp-json\/wp\/v2\/posts"}],"about":[{"href":"https:\/\/www.boxrepsol.com\/es\/wp-json\/wp\/v2\/types\/post"}],"author":[{"embeddable":true,"href":"https:\/\/www.boxrepsol.com\/es\/wp-json\/wp\/v2\/users\/1"}],"replies":[{"embeddable":true,"href":"https:\/\/www.boxrepsol.com\/es\/wp-json\/wp\/v2\/comments?post=93821"}],"version-history":[{"count":2,"href":"https:\/\/www.boxrepsol.com\/es\/wp-json\/wp\/v2\/posts\/93821\/revisions"}],"predecessor-version":[{"id":115435,"href":"https:\/\/www.boxrepsol.com\/es\/wp-json\/wp\/v2\/posts\/93821\/revisions\/115435"}],"wp:featuredmedia":[{"embeddable":true,"href":"https:\/\/www.boxrepsol.com\/es\/wp-json\/wp\/v2\/media\/61341"}],"wp:attachment":[{"href":"https:\/\/www.boxrepsol.com\/es\/wp-json\/wp\/v2\/media?parent=93821"}],"wp:term":[{"taxonomy":"category","embeddable":true,"href":"https:\/\/www.boxrepsol.com\/es\/wp-json\/wp\/v2\/categories?post=93821"},{"taxonomy":"post_tag","embeddable":true,"href":"https:\/\/www.boxrepsol.com\/es\/wp-json\/wp\/v2\/tags?post=93821"}],"curies":[{"name":"wp","href":"https:\/\/api.w.org\/{rel}","templated":true}]}}