{"id":93813,"date":"2019-03-20T00:00:00","date_gmt":"2019-03-20T02:00:00","guid":{"rendered":"http:\/\/pre.boxrepsol.com\/sin-categorizar\/zamora-inaugura-repsol-racing-tour-50-aniversario\/"},"modified":"2024-04-25T09:36:51","modified_gmt":"2024-04-25T11:36:51","slug":"zamora-inaugura-repsol-racing-tour-50-aniversario","status":"publish","type":"post","link":"https:\/\/www.boxrepsol.com\/es\/motogp\/zamora-inaugura-repsol-racing-tour-50-aniversario\/","title":{"rendered":"Zamora inaugura el Repsol Racing Tour del 50 aniversario"},"content":{"rendered":"<p>Con motivo del 50 aniversario de la compa\u00f1\u00eda en el mundo de las competiciones de motor, este a\u00f1o el Repsol Racing Tour incorpora contenidos, acciones y eventos que conmemoran este hito. <strong>La ruta 2019 se ha inaugurado en Zamora<\/strong>, <strong>ciudad de la que es hijo predilecto<\/strong> <strong>\u00c1ngel Nieto<\/strong>, uno de pilotos hist\u00f3ricos de la compa\u00f1\u00eda, fallecido en 2017. El evento ha contado con la presencia los hijos del piloto, Gelete y Pablo Nieto, adem\u00e1s de las principales instituciones p\u00fablicas locales, que han podido visitar la exposici\u00f3n antes de su apertura al p\u00fablico general.<\/p>\n<p>En 2014 ech\u00f3 a rodar el Repsol Racing Tour y, desde entonces, <strong>m\u00e1s de medio mill\u00f3n de personas han visitado este espacio interactivo<\/strong> que muestra a la gente la presencia de Repsol en el mundo del deporte del motor. Precisamente, este a\u00f1o se cumple el 50 aniversario de la compa\u00f1\u00eda en las competiciones de dos y cuatro ruedas m\u00e1s reconocidas tanto a nivel nacional como internacional y la muestra permite hacer un repaso de los hitos que van desde \u00c1ngel Nieto hasta Marc M\u00e1rquez, pasando por carreras como el <a href=\"https:\/\/www.boxrepsol.com\/es\/rally\/\">Dakar<\/a> o el <a href=\"https:\/\/www.boxrepsol.com\/es\/trial\/\">Mundial de Trial<\/a>.<\/p>\n<p>La exposici\u00f3n cuenta con algunas joyas de estos 50 a\u00f1os de historia, como son la moto con la que \u00c1ngel Nieto compiti\u00f3 en 1971 o un mono que utiliz\u00f3 esa temporada, que contrastan con la tecnolog\u00eda actual de la <a href=\"https:\/\/www.boxrepsol.com\/es\/motogp\/evolucion-del-motor-honda-rc212v-la-rc213v\/\">Honda RC213V<\/a> de Marc M\u00e1rquez y todo su equipamiento: casco, mono, botas y guantes. Un recorrido de fotograf\u00edas hist\u00f3ricas atestigua estas cinco d\u00e9cadas en las principales competiciones de motor y se complementa con objetos tan particulares como un\u00a0<em>roadbook<\/em>\u00a0del Dakar o la equipaci\u00f3n con la que habitualmente compite Toni Bou en el Mundial de Trial.<\/p>\n<p><a href=\"https:\/\/bxrepsol.s3.eu-west-1.amazonaws.com\/static\/2022\/08\/05064052\/00_gelete_nieto_repsol_racing_tour.jpg\" \n   title=\"Pablo y Gelete Nieto con derbi roja\" \n   data-gallery-thumbnail=\"https:\/\/bxrepsol.s3.eu-west-1.amazonaws.com\/static\/2022\/08\/05064052\/00_gelete_nieto_repsol_racing_tour.jpg\"\n   data-gallery-title=\"\"\n   data-gallery><\/p>\n<figure>\n        <picture style=\"padding-bottom: 66.666666666667%; background-image: url(https:\/\/bxrepsol.s3.eu-west-1.amazonaws.com\/static\/2022\/08\/05064052\/00_gelete_nieto_repsol_racing_tour.jpg);\">\n            <img decoding=\"async\" src=\"https:\/\/bxrepsol.s3.eu-west-1.amazonaws.com\/static\/2022\/08\/05064052\/00_gelete_nieto_repsol_racing_tour.jpg\"><br \/>\n            <img itemprop=\"image\"\n                data-srcset=\"https:\/\/bxrepsol.s3.eu-west-1.amazonaws.com\/static\/2022\/08\/05064052\/00_gelete_nieto_repsol_racing_tour.jpg 480w, https:\/\/bxrepsol.s3.eu-west-1.amazonaws.com\/static\/2022\/08\/05064052\/00_gelete_nieto_repsol_racing_tour.jpg 600w, https:\/\/bxrepsol.s3.eu-west-1.amazonaws.com\/static\/2022\/08\/05064052\/00_gelete_nieto_repsol_racing_tour.jpg 900w, https:\/\/bxrepsol.s3.eu-west-1.amazonaws.com\/static\/2022\/08\/05064052\/00_gelete_nieto_repsol_racing_tour.jpg 1280w\"\n                data-src=\"https:\/\/bxrepsol.s3.eu-west-1.amazonaws.com\/static\/2022\/08\/05064052\/00_gelete_nieto_repsol_racing_tour.jpg\"\n                alt=\"Pablo y Gelete Nieto con derbi roja\"\n                title=\"Gelete y Pablo Nieto posando con la moto de su padre \u00c1ngel\"\/><br \/>\n            <noscript><img decoding=\"async\" src=\"https:\/\/bxrepsol.s3.eu-west-1.amazonaws.com\/static\/2022\/08\/05064052\/00_gelete_nieto_repsol_racing_tour.jpg\" alt=\"Pablo y Gelete Nieto con derbi roja\"><\/noscript>\n        <\/picture><figcaption>Pablo y Gelete Nieto con derbi roja<\/figcaption><\/figure>\n<p><\/a><\/p>\n<p>Durante el a\u00f1o, la exposici\u00f3n visitar\u00e1 diferentes ciudades de toda la geograf\u00eda espa\u00f1ola para trasladar a la sociedad los valores que Repsol potencia a trav\u00e9s de su patrocinio del deporte del motor: superaci\u00f3n, nobleza, valent\u00eda, entusiasmo y voluntad, y que promueve en su apoyo al deporte base con proyectos como el FIM CEV Repsol y la escuela de ingenieros y pilotos <a href=\"http:\/\/www.monlau-competicion.com\/?lang=es\">Monlau Repsol Technical Schoo<\/a>l, entre otros.<\/p>\n<p><strong>El Mundial de Motociclismo supone para Repsol el mejor banco de pruebas<\/strong> para poder desarrollar los carburantes y lubricantes que luego pone a disposici\u00f3n de los clientes en sus estaciones de servicio y el Repsol Racing Tour muestra c\u00f3mo ha evolucionado en los \u00faltimos 50 a\u00f1os. <strong>La exposici\u00f3n podr\u00e1 visitarse de forma gratuita en Zamora hasta el 24 de marzo<\/strong> y a continuaci\u00f3n iniciar\u00e1 su recorrido\u00a0en la ciudad de Jaca, posteriormente se trasladar\u00e1 a Barcelona (Esp\u00edritu de Montju\u00efc) y Albacete, para continuar su ruta por otras ciudades de la geograf\u00eda espa\u00f1ola.<\/p>\n","protected":false},"excerpt":{"rendered":"<p>La exposici\u00f3n itinerante de la compa\u00f1\u00eda energ\u00e9tica  abre sus puertas en la localidad natal de \u00c1ngel Nieto, haciendo un repaso a la historia de Repsol en las competiciones de motor.<\/p>\n","protected":false},"author":43146,"featured_media":61295,"comment_status":"open","ping_status":"open","sticky":false,"template":"","format":"standard","meta":{"footnotes":""},"categories":[4],"tags":[158],"class_list":["post-93813","post","type-post","status-publish","format-standard","hentry","category-motogp","tag-repsol"],"yoast_head":"<!-- This site is optimized with the Yoast SEO plugin v27.3 - https:\/\/yoast.com\/product\/yoast-seo-wordpress\/ -->\n<title>Zamora inaugura el Repsol Racing Tour 50 aniversario<\/title>\n<meta name=\"description\" content=\"La exposici\u00f3n itinerante de la compa\u00f1\u00eda energ\u00e9tica abre sus puertas en la localidad natal de \u00c1ngel Nieto, haciendo un repaso a la historia de Repsol.\" \/>\n<link rel=\"canonical\" href=\"https:\/\/www.boxrepsol.com\/es\/motogp\/zamora-inaugura-repsol-racing-tour-50-aniversario\/\" \/>\n<meta property=\"og:locale\" content=\"es_ES\" \/>\n<meta property=\"og:type\" content=\"article\" \/>\n<meta property=\"og:title\" content=\"Zamora inaugura el Repsol Racing Tour 50 aniversario\" \/>\n<meta property=\"og:description\" content=\"La exposici\u00f3n itinerante de la compa\u00f1\u00eda energ\u00e9tica abre sus puertas en la localidad natal de \u00c1ngel Nieto, haciendo un repaso a la historia de Repsol.\" \/>\n<meta property=\"og:url\" content=\"https:\/\/www.boxrepsol.com\/es\/motogp\/zamora-inaugura-repsol-racing-tour-50-aniversario\/\" \/>\n<meta property=\"og:site_name\" content=\"Box Repsol\" \/>\n<meta property=\"article:publisher\" content=\"https:\/\/www.facebook.com\/BoxRepsol\" \/>\n<meta property=\"article:author\" content=\"https:\/\/www.facebook.com\/BoxRepsol\/\" \/>\n<meta property=\"article:published_time\" content=\"2019-03-20T02:00:00+00:00\" \/>\n<meta property=\"article:modified_time\" content=\"2024-04-25T11:36:51+00:00\" \/>\n<meta property=\"og:image\" content=\"https:\/\/bxrepsol.s3.eu-west-1.amazonaws.com\/static\/2022\/08\/29084816\/00_repsol_racing_tour_50_aniversario_repsol_honda.jpg\" \/>\n\t<meta property=\"og:image:width\" content=\"1280\" \/>\n\t<meta property=\"og:image:height\" content=\"600\" \/>\n\t<meta property=\"og:image:type\" content=\"image\/jpeg\" \/>\n<meta name=\"author\" content=\"Redacci\u00f3n Box Repsol\" \/>\n<meta name=\"twitter:card\" content=\"summary_large_image\" \/>\n<meta name=\"twitter:creator\" content=\"@https:\/\/twitter.com\/box_repsol\" \/>\n<meta name=\"twitter:site\" content=\"@box_repsol\" \/>\n<meta name=\"twitter:label1\" content=\"Written by\" \/>\n\t<meta name=\"twitter:data1\" content=\"Redacci\u00f3n Box Repsol\" \/>\n\t<meta name=\"twitter:label2\" content=\"Est. reading time\" \/>\n\t<meta name=\"twitter:data2\" content=\"2 minutos\" \/>\n<script type=\"application\/ld+json\" class=\"yoast-schema-graph\">{\"@context\":\"https:\\\/\\\/schema.org\",\"@graph\":[{\"@type\":\"Article\",\"@id\":\"https:\\\/\\\/www.boxrepsol.com\\\/es\\\/motogp\\\/zamora-inaugura-repsol-racing-tour-50-aniversario\\\/#article\",\"isPartOf\":{\"@id\":\"https:\\\/\\\/www.boxrepsol.com\\\/es\\\/motogp\\\/zamora-inaugura-repsol-racing-tour-50-aniversario\\\/\"},\"author\":{\"name\":\"Redacci\u00f3n Box Repsol\",\"@id\":\"https:\\\/\\\/www.boxrepsol.com\\\/es\\\/#\\\/schema\\\/person\\\/c5c2138f2cca251b0ad92b7086bb60b7\"},\"headline\":\"Zamora inaugura el Repsol Racing Tour del 50 aniversario\",\"datePublished\":\"2019-03-20T02:00:00+00:00\",\"dateModified\":\"2024-04-25T11:36:51+00:00\",\"mainEntityOfPage\":{\"@id\":\"https:\\\/\\\/www.boxrepsol.com\\\/es\\\/motogp\\\/zamora-inaugura-repsol-racing-tour-50-aniversario\\\/\"},\"wordCount\":487,\"commentCount\":0,\"publisher\":{\"@id\":\"https:\\\/\\\/www.boxrepsol.com\\\/es\\\/#organization\"},\"image\":{\"@id\":\"https:\\\/\\\/www.boxrepsol.com\\\/es\\\/motogp\\\/zamora-inaugura-repsol-racing-tour-50-aniversario\\\/#primaryimage\"},\"thumbnailUrl\":\"https:\\\/\\\/bxrepsol.s3.eu-west-1.amazonaws.com\\\/static\\\/2022\\\/08\\\/29084816\\\/00_repsol_racing_tour_50_aniversario_repsol_honda.jpg\",\"keywords\":[\"Repsol\"],\"articleSection\":[\"MotoGP\"],\"inLanguage\":\"es\",\"potentialAction\":[{\"@type\":\"CommentAction\",\"name\":\"Comment\",\"target\":[\"https:\\\/\\\/www.boxrepsol.com\\\/es\\\/motogp\\\/zamora-inaugura-repsol-racing-tour-50-aniversario\\\/#respond\"]}]},{\"@type\":\"WebPage\",\"@id\":\"https:\\\/\\\/www.boxrepsol.com\\\/es\\\/motogp\\\/zamora-inaugura-repsol-racing-tour-50-aniversario\\\/\",\"url\":\"https:\\\/\\\/www.boxrepsol.com\\\/es\\\/motogp\\\/zamora-inaugura-repsol-racing-tour-50-aniversario\\\/\",\"name\":\"Zamora inaugura el Repsol Racing Tour 50 aniversario\",\"isPartOf\":{\"@id\":\"https:\\\/\\\/www.boxrepsol.com\\\/es\\\/#website\"},\"primaryImageOfPage\":{\"@id\":\"https:\\\/\\\/www.boxrepsol.com\\\/es\\\/motogp\\\/zamora-inaugura-repsol-racing-tour-50-aniversario\\\/#primaryimage\"},\"image\":{\"@id\":\"https:\\\/\\\/www.boxrepsol.com\\\/es\\\/motogp\\\/zamora-inaugura-repsol-racing-tour-50-aniversario\\\/#primaryimage\"},\"thumbnailUrl\":\"https:\\\/\\\/bxrepsol.s3.eu-west-1.amazonaws.com\\\/static\\\/2022\\\/08\\\/29084816\\\/00_repsol_racing_tour_50_aniversario_repsol_honda.jpg\",\"datePublished\":\"2019-03-20T02:00:00+00:00\",\"dateModified\":\"2024-04-25T11:36:51+00:00\",\"description\":\"La exposici\u00f3n itinerante de la compa\u00f1\u00eda energ\u00e9tica abre sus puertas en la localidad natal de \u00c1ngel Nieto, haciendo un repaso a la historia de Repsol.\",\"breadcrumb\":{\"@id\":\"https:\\\/\\\/www.boxrepsol.com\\\/es\\\/motogp\\\/zamora-inaugura-repsol-racing-tour-50-aniversario\\\/#breadcrumb\"},\"inLanguage\":\"es\",\"potentialAction\":[{\"@type\":\"ReadAction\",\"target\":[\"https:\\\/\\\/www.boxrepsol.com\\\/es\\\/motogp\\\/zamora-inaugura-repsol-racing-tour-50-aniversario\\\/\"]}]},{\"@type\":\"ImageObject\",\"inLanguage\":\"es\",\"@id\":\"https:\\\/\\\/www.boxrepsol.com\\\/es\\\/motogp\\\/zamora-inaugura-repsol-racing-tour-50-aniversario\\\/#primaryimage\",\"url\":\"https:\\\/\\\/bxrepsol.s3.eu-west-1.amazonaws.com\\\/static\\\/2022\\\/08\\\/29084816\\\/00_repsol_racing_tour_50_aniversario_repsol_honda.jpg\",\"contentUrl\":\"https:\\\/\\\/bxrepsol.s3.eu-west-1.amazonaws.com\\\/static\\\/2022\\\/08\\\/29084816\\\/00_repsol_racing_tour_50_aniversario_repsol_honda.jpg\",\"width\":1280,\"height\":600,\"caption\":\"Gelete y Pablo Nieto en exposici\u00f3n Repsol\"},{\"@type\":\"BreadcrumbList\",\"@id\":\"https:\\\/\\\/www.boxrepsol.com\\\/es\\\/motogp\\\/zamora-inaugura-repsol-racing-tour-50-aniversario\\\/#breadcrumb\",\"itemListElement\":[{\"@type\":\"ListItem\",\"position\":1,\"name\":\"Home\",\"item\":\"https:\\\/\\\/www.boxrepsol.com\\\/es\\\/\"},{\"@type\":\"ListItem\",\"position\":2,\"name\":\"Zamora inaugura el Repsol Racing Tour del 50 aniversario\"}]},{\"@type\":\"WebSite\",\"@id\":\"https:\\\/\\\/www.boxrepsol.com\\\/es\\\/#website\",\"url\":\"https:\\\/\\\/www.boxrepsol.com\\\/es\\\/\",\"name\":\"Box Repsol\",\"description\":\"Box Repsol Site\",\"publisher\":{\"@id\":\"https:\\\/\\\/www.boxrepsol.com\\\/es\\\/#organization\"},\"potentialAction\":[{\"@type\":\"SearchAction\",\"target\":{\"@type\":\"EntryPoint\",\"urlTemplate\":\"https:\\\/\\\/www.boxrepsol.com\\\/es\\\/?s={search_term_string}\"},\"query-input\":{\"@type\":\"PropertyValueSpecification\",\"valueRequired\":true,\"valueName\":\"search_term_string\"}}],\"inLanguage\":\"es\"},{\"@type\":\"Organization\",\"@id\":\"https:\\\/\\\/www.boxrepsol.com\\\/es\\\/#organization\",\"name\":\"Box Repsol\",\"url\":\"https:\\\/\\\/www.boxrepsol.com\\\/es\\\/\",\"logo\":{\"@type\":\"ImageObject\",\"inLanguage\":\"es\",\"@id\":\"https:\\\/\\\/www.boxrepsol.com\\\/es\\\/#\\\/schema\\\/logo\\\/image\\\/\",\"url\":\"https:\\\/\\\/bxrepsol.s3.eu-west-1.amazonaws.com\\\/static\\\/2025\\\/07\\\/30083337\\\/favicon-96x96-1.png\",\"contentUrl\":\"https:\\\/\\\/bxrepsol.s3.eu-west-1.amazonaws.com\\\/static\\\/2025\\\/07\\\/30083337\\\/favicon-96x96-1.png\",\"width\":96,\"height\":96,\"caption\":\"Box Repsol\"},\"image\":{\"@id\":\"https:\\\/\\\/www.boxrepsol.com\\\/es\\\/#\\\/schema\\\/logo\\\/image\\\/\"},\"sameAs\":[\"https:\\\/\\\/www.facebook.com\\\/BoxRepsol\",\"https:\\\/\\\/x.com\\\/box_repsol\",\"http:\\\/\\\/instagram.com\\\/box_repsol\",\"https:\\\/\\\/www.youtube.com\\\/user\\\/RepsolCompeticion\",\"https:\\\/\\\/www.flickr.com\\\/photos\\\/box_repsol\\\/\"]},{\"@type\":\"Person\",\"@id\":\"https:\\\/\\\/www.boxrepsol.com\\\/es\\\/#\\\/schema\\\/person\\\/c5c2138f2cca251b0ad92b7086bb60b7\",\"name\":\"Redacci\u00f3n Box Repsol\",\"image\":{\"@type\":\"ImageObject\",\"inLanguage\":\"es\",\"@id\":\"https:\\\/\\\/secure.gravatar.com\\\/avatar\\\/adf7b77e38b4419baf32c7e9c21dde01f4e40df611f0978e3006fc4ba0aaab7e?s=96&d=mm&r=g\",\"url\":\"https:\\\/\\\/secure.gravatar.com\\\/avatar\\\/adf7b77e38b4419baf32c7e9c21dde01f4e40df611f0978e3006fc4ba0aaab7e?s=96&d=mm&r=g\",\"contentUrl\":\"https:\\\/\\\/secure.gravatar.com\\\/avatar\\\/adf7b77e38b4419baf32c7e9c21dde01f4e40df611f0978e3006fc4ba0aaab7e?s=96&d=mm&r=g\",\"caption\":\"Redacci\u00f3n Box Repsol\"},\"description\":\"Box Repsol lo forma un equipo de periodistas, community managers, dise\u00f1adores y fot\u00f3grafos con m\u00e1s de 20 a\u00f1os de experiencia en el mundo del motorsport. Hemos vivido el primer mundial de un espa\u00f1ol en la categor\u00eda reina de motociclismo con \u00c1lex Crivill\u00e9, estuvimos en las victorias de Pedrosa y los t\u00edtulos de M\u00e1rquez, acompa\u00f1amos en \u00c1frica a Nani Roma y Marc Coma en sus conquistas del Dakar y hemos vibrado con los t\u00edtulos de Toni Bou en Trial. Adem\u00e1s, en nuestro equipo contamos con expertos en el mundo de las dos y cuatro ruedas tanto de la calle y las carreteras, como de los circuitos. Periodistas que han trabajado en revistas y publicaciones para hacerte llegar desde rutas y consejos de mantenimiento, a curiosidades y trucos de pilotaje.\",\"sameAs\":[\"https:\\\/\\\/www.facebook.com\\\/BoxRepsol\\\/\",\"https:\\\/\\\/www.instagram.com\\\/box_repsol\\\/\",\"https:\\\/\\\/x.com\\\/https:\\\/\\\/twitter.com\\\/box_repsol\",\"https:\\\/\\\/www.youtube.com\\\/@Boxrepsol\"],\"url\":\"https:\\\/\\\/www.boxrepsol.com\\\/es\\\/author\\\/redaccion-box-repsol\\\/\"}]}<\/script>\n<!-- \/ Yoast SEO plugin. -->","yoast_head_json":{"title":"Zamora inaugura el Repsol Racing Tour 50 aniversario","description":"La exposici\u00f3n itinerante de la compa\u00f1\u00eda energ\u00e9tica abre sus puertas en la localidad natal de \u00c1ngel Nieto, haciendo un repaso a la historia de Repsol.","canonical":"https:\/\/www.boxrepsol.com\/es\/motogp\/zamora-inaugura-repsol-racing-tour-50-aniversario\/","og_locale":"es_ES","og_type":"article","og_title":"Zamora inaugura el Repsol Racing Tour 50 aniversario","og_description":"La exposici\u00f3n itinerante de la compa\u00f1\u00eda energ\u00e9tica abre sus puertas en la localidad natal de \u00c1ngel Nieto, haciendo un repaso a la historia de Repsol.","og_url":"https:\/\/www.boxrepsol.com\/es\/motogp\/zamora-inaugura-repsol-racing-tour-50-aniversario\/","og_site_name":"Box Repsol","article_publisher":"https:\/\/www.facebook.com\/BoxRepsol","article_author":"https:\/\/www.facebook.com\/BoxRepsol\/","article_published_time":"2019-03-20T02:00:00+00:00","article_modified_time":"2024-04-25T11:36:51+00:00","og_image":[{"width":1280,"height":600,"url":"https:\/\/bxrepsol.s3.eu-west-1.amazonaws.com\/static\/2022\/08\/29084816\/00_repsol_racing_tour_50_aniversario_repsol_honda.jpg","type":"image\/jpeg"}],"author":"Redacci\u00f3n Box Repsol","twitter_card":"summary_large_image","twitter_creator":"@https:\/\/twitter.com\/box_repsol","twitter_site":"@box_repsol","twitter_misc":{"Written by":"Redacci\u00f3n Box Repsol","Est. reading time":"2 minutos"},"schema":{"@context":"https:\/\/schema.org","@graph":[{"@type":"Article","@id":"https:\/\/www.boxrepsol.com\/es\/motogp\/zamora-inaugura-repsol-racing-tour-50-aniversario\/#article","isPartOf":{"@id":"https:\/\/www.boxrepsol.com\/es\/motogp\/zamora-inaugura-repsol-racing-tour-50-aniversario\/"},"author":{"name":"Redacci\u00f3n Box Repsol","@id":"https:\/\/www.boxrepsol.com\/es\/#\/schema\/person\/c5c2138f2cca251b0ad92b7086bb60b7"},"headline":"Zamora inaugura el Repsol Racing Tour del 50 aniversario","datePublished":"2019-03-20T02:00:00+00:00","dateModified":"2024-04-25T11:36:51+00:00","mainEntityOfPage":{"@id":"https:\/\/www.boxrepsol.com\/es\/motogp\/zamora-inaugura-repsol-racing-tour-50-aniversario\/"},"wordCount":487,"commentCount":0,"publisher":{"@id":"https:\/\/www.boxrepsol.com\/es\/#organization"},"image":{"@id":"https:\/\/www.boxrepsol.com\/es\/motogp\/zamora-inaugura-repsol-racing-tour-50-aniversario\/#primaryimage"},"thumbnailUrl":"https:\/\/bxrepsol.s3.eu-west-1.amazonaws.com\/static\/2022\/08\/29084816\/00_repsol_racing_tour_50_aniversario_repsol_honda.jpg","keywords":["Repsol"],"articleSection":["MotoGP"],"inLanguage":"es","potentialAction":[{"@type":"CommentAction","name":"Comment","target":["https:\/\/www.boxrepsol.com\/es\/motogp\/zamora-inaugura-repsol-racing-tour-50-aniversario\/#respond"]}]},{"@type":"WebPage","@id":"https:\/\/www.boxrepsol.com\/es\/motogp\/zamora-inaugura-repsol-racing-tour-50-aniversario\/","url":"https:\/\/www.boxrepsol.com\/es\/motogp\/zamora-inaugura-repsol-racing-tour-50-aniversario\/","name":"Zamora inaugura el Repsol Racing Tour 50 aniversario","isPartOf":{"@id":"https:\/\/www.boxrepsol.com\/es\/#website"},"primaryImageOfPage":{"@id":"https:\/\/www.boxrepsol.com\/es\/motogp\/zamora-inaugura-repsol-racing-tour-50-aniversario\/#primaryimage"},"image":{"@id":"https:\/\/www.boxrepsol.com\/es\/motogp\/zamora-inaugura-repsol-racing-tour-50-aniversario\/#primaryimage"},"thumbnailUrl":"https:\/\/bxrepsol.s3.eu-west-1.amazonaws.com\/static\/2022\/08\/29084816\/00_repsol_racing_tour_50_aniversario_repsol_honda.jpg","datePublished":"2019-03-20T02:00:00+00:00","dateModified":"2024-04-25T11:36:51+00:00","description":"La exposici\u00f3n itinerante de la compa\u00f1\u00eda energ\u00e9tica abre sus puertas en la localidad natal de \u00c1ngel Nieto, haciendo un repaso a la historia de Repsol.","breadcrumb":{"@id":"https:\/\/www.boxrepsol.com\/es\/motogp\/zamora-inaugura-repsol-racing-tour-50-aniversario\/#breadcrumb"},"inLanguage":"es","potentialAction":[{"@type":"ReadAction","target":["https:\/\/www.boxrepsol.com\/es\/motogp\/zamora-inaugura-repsol-racing-tour-50-aniversario\/"]}]},{"@type":"ImageObject","inLanguage":"es","@id":"https:\/\/www.boxrepsol.com\/es\/motogp\/zamora-inaugura-repsol-racing-tour-50-aniversario\/#primaryimage","url":"https:\/\/bxrepsol.s3.eu-west-1.amazonaws.com\/static\/2022\/08\/29084816\/00_repsol_racing_tour_50_aniversario_repsol_honda.jpg","contentUrl":"https:\/\/bxrepsol.s3.eu-west-1.amazonaws.com\/static\/2022\/08\/29084816\/00_repsol_racing_tour_50_aniversario_repsol_honda.jpg","width":1280,"height":600,"caption":"Gelete y Pablo Nieto en exposici\u00f3n Repsol"},{"@type":"BreadcrumbList","@id":"https:\/\/www.boxrepsol.com\/es\/motogp\/zamora-inaugura-repsol-racing-tour-50-aniversario\/#breadcrumb","itemListElement":[{"@type":"ListItem","position":1,"name":"Home","item":"https:\/\/www.boxrepsol.com\/es\/"},{"@type":"ListItem","position":2,"name":"Zamora inaugura el Repsol Racing Tour del 50 aniversario"}]},{"@type":"WebSite","@id":"https:\/\/www.boxrepsol.com\/es\/#website","url":"https:\/\/www.boxrepsol.com\/es\/","name":"Box Repsol","description":"Box Repsol Site","publisher":{"@id":"https:\/\/www.boxrepsol.com\/es\/#organization"},"potentialAction":[{"@type":"SearchAction","target":{"@type":"EntryPoint","urlTemplate":"https:\/\/www.boxrepsol.com\/es\/?s={search_term_string}"},"query-input":{"@type":"PropertyValueSpecification","valueRequired":true,"valueName":"search_term_string"}}],"inLanguage":"es"},{"@type":"Organization","@id":"https:\/\/www.boxrepsol.com\/es\/#organization","name":"Box Repsol","url":"https:\/\/www.boxrepsol.com\/es\/","logo":{"@type":"ImageObject","inLanguage":"es","@id":"https:\/\/www.boxrepsol.com\/es\/#\/schema\/logo\/image\/","url":"https:\/\/bxrepsol.s3.eu-west-1.amazonaws.com\/static\/2025\/07\/30083337\/favicon-96x96-1.png","contentUrl":"https:\/\/bxrepsol.s3.eu-west-1.amazonaws.com\/static\/2025\/07\/30083337\/favicon-96x96-1.png","width":96,"height":96,"caption":"Box Repsol"},"image":{"@id":"https:\/\/www.boxrepsol.com\/es\/#\/schema\/logo\/image\/"},"sameAs":["https:\/\/www.facebook.com\/BoxRepsol","https:\/\/x.com\/box_repsol","http:\/\/instagram.com\/box_repsol","https:\/\/www.youtube.com\/user\/RepsolCompeticion","https:\/\/www.flickr.com\/photos\/box_repsol\/"]},{"@type":"Person","@id":"https:\/\/www.boxrepsol.com\/es\/#\/schema\/person\/c5c2138f2cca251b0ad92b7086bb60b7","name":"Redacci\u00f3n Box Repsol","image":{"@type":"ImageObject","inLanguage":"es","@id":"https:\/\/secure.gravatar.com\/avatar\/adf7b77e38b4419baf32c7e9c21dde01f4e40df611f0978e3006fc4ba0aaab7e?s=96&d=mm&r=g","url":"https:\/\/secure.gravatar.com\/avatar\/adf7b77e38b4419baf32c7e9c21dde01f4e40df611f0978e3006fc4ba0aaab7e?s=96&d=mm&r=g","contentUrl":"https:\/\/secure.gravatar.com\/avatar\/adf7b77e38b4419baf32c7e9c21dde01f4e40df611f0978e3006fc4ba0aaab7e?s=96&d=mm&r=g","caption":"Redacci\u00f3n Box Repsol"},"description":"Box Repsol lo forma un equipo de periodistas, community managers, dise\u00f1adores y fot\u00f3grafos con m\u00e1s de 20 a\u00f1os de experiencia en el mundo del motorsport. Hemos vivido el primer mundial de un espa\u00f1ol en la categor\u00eda reina de motociclismo con \u00c1lex Crivill\u00e9, estuvimos en las victorias de Pedrosa y los t\u00edtulos de M\u00e1rquez, acompa\u00f1amos en \u00c1frica a Nani Roma y Marc Coma en sus conquistas del Dakar y hemos vibrado con los t\u00edtulos de Toni Bou en Trial. Adem\u00e1s, en nuestro equipo contamos con expertos en el mundo de las dos y cuatro ruedas tanto de la calle y las carreteras, como de los circuitos. Periodistas que han trabajado en revistas y publicaciones para hacerte llegar desde rutas y consejos de mantenimiento, a curiosidades y trucos de pilotaje.","sameAs":["https:\/\/www.facebook.com\/BoxRepsol\/","https:\/\/www.instagram.com\/box_repsol\/","https:\/\/x.com\/https:\/\/twitter.com\/box_repsol","https:\/\/www.youtube.com\/@Boxrepsol"],"url":"https:\/\/www.boxrepsol.com\/es\/author\/redaccion-box-repsol\/"}]}},"_links":{"self":[{"href":"https:\/\/www.boxrepsol.com\/es\/wp-json\/wp\/v2\/posts\/93813","targetHints":{"allow":["GET"]}}],"collection":[{"href":"https:\/\/www.boxrepsol.com\/es\/wp-json\/wp\/v2\/posts"}],"about":[{"href":"https:\/\/www.boxrepsol.com\/es\/wp-json\/wp\/v2\/types\/post"}],"author":[{"embeddable":true,"href":"https:\/\/www.boxrepsol.com\/es\/wp-json\/wp\/v2\/users\/43146"}],"replies":[{"embeddable":true,"href":"https:\/\/www.boxrepsol.com\/es\/wp-json\/wp\/v2\/comments?post=93813"}],"version-history":[{"count":3,"href":"https:\/\/www.boxrepsol.com\/es\/wp-json\/wp\/v2\/posts\/93813\/revisions"}],"predecessor-version":[{"id":113406,"href":"https:\/\/www.boxrepsol.com\/es\/wp-json\/wp\/v2\/posts\/93813\/revisions\/113406"}],"wp:featuredmedia":[{"embeddable":true,"href":"https:\/\/www.boxrepsol.com\/es\/wp-json\/wp\/v2\/media\/61295"}],"wp:attachment":[{"href":"https:\/\/www.boxrepsol.com\/es\/wp-json\/wp\/v2\/media?parent=93813"}],"wp:term":[{"taxonomy":"category","embeddable":true,"href":"https:\/\/www.boxrepsol.com\/es\/wp-json\/wp\/v2\/categories?post=93813"},{"taxonomy":"post_tag","embeddable":true,"href":"https:\/\/www.boxrepsol.com\/es\/wp-json\/wp\/v2\/tags?post=93813"}],"curies":[{"name":"wp","href":"https:\/\/api.w.org\/{rel}","templated":true}]}}