{"id":93795,"date":"2019-03-29T00:00:00","date_gmt":"2019-03-29T02:00:00","guid":{"rendered":"http:\/\/pre.boxrepsol.com\/sin-categorizar\/horarios-gp-argentina-motogp-2019\/"},"modified":"2024-10-16T11:15:40","modified_gmt":"2024-10-16T13:15:40","slug":"horarios-gp-argentina-motogp-2019","status":"publish","type":"post","link":"https:\/\/www.boxrepsol.com\/es\/motogp\/horarios-gp-argentina-motogp-2019\/","title":{"rendered":"Horarios GP de Argentina de MotoGP 2019"},"content":{"rendered":"<p>El Mundial comienza su ruta por el continente americano en el GP de Argentina que tendr\u00e1 lugar en el circuito de Termas de R\u00edo Hondo.<\/p>\n<p><strong>Marc M\u00e1rquez<\/strong>\u00a0acumula dos victorias en este trazado y es el hombre que m\u00e1s veces ha salido desde la primera posici\u00f3n con <strong>4 poles logradas<\/strong>.<\/p>\n<p><strong>Jorge Lorenzo<\/strong> tiene en el segundo GP de la temporada, la oportunidad de seguir avanzando en su trabajo con la Honda para alcanzar los resultados deseados.<\/p>\n<p>Si quieres estar al tanto de todas las siguientes citas de MotoGP puedes ver la clasificaci\u00f3n y el calendario en nuestra web.<\/p>\n<h3><strong>Horario GP de Argentina<\/strong><\/h3>\n<h4><strong>Viernes 29 de marzo<\/strong><\/h4>\n<ul>\n<li>13:00 &#8211; 13:40 FP1 Moto3<\/li>\n<li>13:55 &#8211; 14:35 FP1 Moto2<\/li>\n<li>14:50 &#8211; 15:35 FP1 MotoGP<\/li>\n<li>17:15 &#8211; 17:55 FP2 Moto3<\/li>\n<li>18:10 &#8211; 18:50 FP2 Moto2<\/li>\n<li>19:05 &#8211; 19:50 FP2 MotoGP<\/li>\n<\/ul>\n<h4><strong>S\u00e1bado 30 de marzo<\/strong><\/h4>\n<ul>\n<li>13:00 &#8211; 13:40 FP3 Moto3<\/li>\n<li>13:55 &#8211; 14:45 FP3 Moto2<\/li>\n<li>14:50 &#8211; 15:35 FP3 MotoGP<\/li>\n<li>16:35 &#8211; 16:50 Q1 Moto3<\/li>\n<li>17:00 &#8211; 17:15 Q2 Moto3<\/li>\n<li>17:30 &#8211; 17:45 Q1 Moto2<\/li>\n<li>17:55 &#8211; 18:10 Q2 Moto2<\/li>\n<li>18:25 &#8211; 18:55 FP4 MotoGP<\/li>\n<li>19:05 &#8211; 19:20 Q1 MotoGP<\/li>\n<li>19:30 &#8211; 19:45 Q2 MotoGP<\/li>\n<\/ul>\n<h4><strong>Domingo 31 de marzo<\/strong><\/h4>\n<ul>\n<li>14:40 &#8211; 15:00 Warm Up Moto3<\/li>\n<li>15:10 &#8211; 15:30 Warm Up Moto2<\/li>\n<li>15:40 &#8211; 16:00 Warm Up MotoGP<\/li>\n<li>17:00 Carrera Moto3<\/li>\n<li>18:20 Carrera Moto2<\/li>\n<li>20:00 Carrera MotoGP<\/li>\n<\/ul>\n<p><strong>Suscr\u00edbete al bolet\u00edn de Box Repsol<\/strong><\/p>\n<p>Te contamos en exclusiva todas las noticias del Equipo Repsol, entrevistas, reportajes, v\u00eddeos, resultados de nuestros pilotos de <strong>MotoGP<\/strong>, <strong>Trial<\/strong>, <strong>FIM CEV Repsol<\/strong>, <strong>Rally<\/strong>, <strong>Red Bull Air Race<\/strong> y mucho m\u00e1s. <a href=\"https:\/\/www.boxrepsol.com\/es\/suscribete\/\">Suscr\u00edbete al bolet\u00edn de Box Repsol<\/a> y ent\u00e9rate de todas nuestras <strong>promociones<\/strong> y <strong>concursos<\/strong>.<\/p>\n","protected":false},"excerpt":{"rendered":"<p>Horarios MotoGP, Moto2 y Moto3. Sigue toda la emoci\u00f3n del GP de Argetina en nuestras redes sociales y a trav\u00e9s de nuestra APP de Box Repsol.<\/p>\n","protected":false},"author":43146,"featured_media":61190,"comment_status":"open","ping_status":"open","sticky":false,"template":"","format":"standard","meta":{"footnotes":""},"categories":[4],"tags":[156],"class_list":["post-93795","post","type-post","status-publish","format-standard","hentry","category-motogp","tag-motogp-argentina"],"yoast_head":"<!-- This site is optimized with the Yoast SEO plugin v27.3 - https:\/\/yoast.com\/product\/yoast-seo-wordpress\/ -->\n<title>Horarios GP de Argentina de MotoGP 2019 - Box Repsol<\/title>\n<meta name=\"description\" content=\"Horarios MotoGP, Moto2 y Moto3. Sigue toda la emoci\u00f3n del GP de Argentina en nuestras redes sociales y a trav\u00e9s de nuestra APP de Box Repsol.\" \/>\n<link rel=\"canonical\" href=\"https:\/\/www.boxrepsol.com\/es\/motogp\/horarios-gp-argentina-motogp-2019\/\" \/>\n<meta property=\"og:locale\" content=\"es_ES\" \/>\n<meta property=\"og:type\" content=\"article\" \/>\n<meta property=\"og:title\" content=\"Horarios GP de Argentina de MotoGP 2019 - Box Repsol\" \/>\n<meta property=\"og:description\" content=\"Horarios MotoGP, Moto2 y Moto3. Sigue toda la emoci\u00f3n del GP de Argentina en nuestras redes sociales y a trav\u00e9s de nuestra APP de Box Repsol.\" \/>\n<meta property=\"og:url\" content=\"https:\/\/www.boxrepsol.com\/es\/motogp\/horarios-gp-argentina-motogp-2019\/\" \/>\n<meta property=\"og:site_name\" content=\"Box Repsol\" \/>\n<meta property=\"article:publisher\" content=\"https:\/\/www.facebook.com\/BoxRepsol\" \/>\n<meta property=\"article:author\" content=\"https:\/\/www.facebook.com\/BoxRepsol\/\" \/>\n<meta property=\"article:published_time\" content=\"2019-03-29T02:00:00+00:00\" \/>\n<meta property=\"article:modified_time\" content=\"2024-10-16T13:15:40+00:00\" \/>\n<meta property=\"og:image\" content=\"https:\/\/bxrepsol.s3.eu-west-1.amazonaws.com\/static\/2022\/08\/29084714\/00_pizarra_motogp_marc_marquez_argentina_termas_de_rio_hondo_repsol_honda.jpg\" \/>\n\t<meta property=\"og:image:width\" content=\"1280\" \/>\n\t<meta property=\"og:image:height\" content=\"600\" \/>\n\t<meta property=\"og:image:type\" content=\"image\/jpeg\" \/>\n<meta name=\"author\" content=\"Redacci\u00f3n Box Repsol\" \/>\n<meta name=\"twitter:card\" content=\"summary_large_image\" \/>\n<meta name=\"twitter:creator\" content=\"@https:\/\/twitter.com\/box_repsol\" \/>\n<meta name=\"twitter:site\" content=\"@box_repsol\" \/>\n<meta name=\"twitter:label1\" content=\"Written by\" \/>\n\t<meta name=\"twitter:data1\" content=\"Redacci\u00f3n Box Repsol\" \/>\n\t<meta name=\"twitter:label2\" content=\"Est. reading time\" \/>\n\t<meta name=\"twitter:data2\" content=\"1 minuto\" \/>\n<script type=\"application\/ld+json\" class=\"yoast-schema-graph\">{\"@context\":\"https:\\\/\\\/schema.org\",\"@graph\":[{\"@type\":\"Article\",\"@id\":\"https:\\\/\\\/www.boxrepsol.com\\\/es\\\/motogp\\\/horarios-gp-argentina-motogp-2019\\\/#article\",\"isPartOf\":{\"@id\":\"https:\\\/\\\/www.boxrepsol.com\\\/es\\\/motogp\\\/horarios-gp-argentina-motogp-2019\\\/\"},\"author\":{\"name\":\"Redacci\u00f3n Box Repsol\",\"@id\":\"https:\\\/\\\/www.boxrepsol.com\\\/es\\\/#\\\/schema\\\/person\\\/c5c2138f2cca251b0ad92b7086bb60b7\"},\"headline\":\"Horarios GP de Argentina de MotoGP 2019\",\"datePublished\":\"2019-03-29T02:00:00+00:00\",\"dateModified\":\"2024-10-16T13:15:40+00:00\",\"mainEntityOfPage\":{\"@id\":\"https:\\\/\\\/www.boxrepsol.com\\\/es\\\/motogp\\\/horarios-gp-argentina-motogp-2019\\\/\"},\"wordCount\":246,\"commentCount\":0,\"publisher\":{\"@id\":\"https:\\\/\\\/www.boxrepsol.com\\\/es\\\/#organization\"},\"image\":{\"@id\":\"https:\\\/\\\/www.boxrepsol.com\\\/es\\\/motogp\\\/horarios-gp-argentina-motogp-2019\\\/#primaryimage\"},\"thumbnailUrl\":\"https:\\\/\\\/bxrepsol.s3.eu-west-1.amazonaws.com\\\/static\\\/2022\\\/08\\\/29084714\\\/00_pizarra_motogp_marc_marquez_argentina_termas_de_rio_hondo_repsol_honda.jpg\",\"keywords\":[\"MotoGP Argentina\"],\"articleSection\":[\"MotoGP\"],\"inLanguage\":\"es\",\"potentialAction\":[{\"@type\":\"CommentAction\",\"name\":\"Comment\",\"target\":[\"https:\\\/\\\/www.boxrepsol.com\\\/es\\\/motogp\\\/horarios-gp-argentina-motogp-2019\\\/#respond\"]}]},{\"@type\":\"WebPage\",\"@id\":\"https:\\\/\\\/www.boxrepsol.com\\\/es\\\/motogp\\\/horarios-gp-argentina-motogp-2019\\\/\",\"url\":\"https:\\\/\\\/www.boxrepsol.com\\\/es\\\/motogp\\\/horarios-gp-argentina-motogp-2019\\\/\",\"name\":\"Horarios GP de Argentina de MotoGP 2019 - Box Repsol\",\"isPartOf\":{\"@id\":\"https:\\\/\\\/www.boxrepsol.com\\\/es\\\/#website\"},\"primaryImageOfPage\":{\"@id\":\"https:\\\/\\\/www.boxrepsol.com\\\/es\\\/motogp\\\/horarios-gp-argentina-motogp-2019\\\/#primaryimage\"},\"image\":{\"@id\":\"https:\\\/\\\/www.boxrepsol.com\\\/es\\\/motogp\\\/horarios-gp-argentina-motogp-2019\\\/#primaryimage\"},\"thumbnailUrl\":\"https:\\\/\\\/bxrepsol.s3.eu-west-1.amazonaws.com\\\/static\\\/2022\\\/08\\\/29084714\\\/00_pizarra_motogp_marc_marquez_argentina_termas_de_rio_hondo_repsol_honda.jpg\",\"datePublished\":\"2019-03-29T02:00:00+00:00\",\"dateModified\":\"2024-10-16T13:15:40+00:00\",\"description\":\"Horarios MotoGP, Moto2 y Moto3. Sigue toda la emoci\u00f3n del GP de Argentina en nuestras redes sociales y a trav\u00e9s de nuestra APP de Box Repsol.\",\"breadcrumb\":{\"@id\":\"https:\\\/\\\/www.boxrepsol.com\\\/es\\\/motogp\\\/horarios-gp-argentina-motogp-2019\\\/#breadcrumb\"},\"inLanguage\":\"es\",\"potentialAction\":[{\"@type\":\"ReadAction\",\"target\":[\"https:\\\/\\\/www.boxrepsol.com\\\/es\\\/motogp\\\/horarios-gp-argentina-motogp-2019\\\/\"]}]},{\"@type\":\"ImageObject\",\"inLanguage\":\"es\",\"@id\":\"https:\\\/\\\/www.boxrepsol.com\\\/es\\\/motogp\\\/horarios-gp-argentina-motogp-2019\\\/#primaryimage\",\"url\":\"https:\\\/\\\/bxrepsol.s3.eu-west-1.amazonaws.com\\\/static\\\/2022\\\/08\\\/29084714\\\/00_pizarra_motogp_marc_marquez_argentina_termas_de_rio_hondo_repsol_honda.jpg\",\"contentUrl\":\"https:\\\/\\\/bxrepsol.s3.eu-west-1.amazonaws.com\\\/static\\\/2022\\\/08\\\/29084714\\\/00_pizarra_motogp_marc_marquez_argentina_termas_de_rio_hondo_repsol_honda.jpg\",\"width\":1280,\"height\":600,\"caption\":\"Pizarra de MotoGP en circuito\"},{\"@type\":\"BreadcrumbList\",\"@id\":\"https:\\\/\\\/www.boxrepsol.com\\\/es\\\/motogp\\\/horarios-gp-argentina-motogp-2019\\\/#breadcrumb\",\"itemListElement\":[{\"@type\":\"ListItem\",\"position\":1,\"name\":\"Home\",\"item\":\"https:\\\/\\\/www.boxrepsol.com\\\/es\\\/\"},{\"@type\":\"ListItem\",\"position\":2,\"name\":\"Horarios GP de Argentina de MotoGP 2019\"}]},{\"@type\":\"WebSite\",\"@id\":\"https:\\\/\\\/www.boxrepsol.com\\\/es\\\/#website\",\"url\":\"https:\\\/\\\/www.boxrepsol.com\\\/es\\\/\",\"name\":\"Box Repsol\",\"description\":\"Box Repsol Site\",\"publisher\":{\"@id\":\"https:\\\/\\\/www.boxrepsol.com\\\/es\\\/#organization\"},\"potentialAction\":[{\"@type\":\"SearchAction\",\"target\":{\"@type\":\"EntryPoint\",\"urlTemplate\":\"https:\\\/\\\/www.boxrepsol.com\\\/es\\\/?s={search_term_string}\"},\"query-input\":{\"@type\":\"PropertyValueSpecification\",\"valueRequired\":true,\"valueName\":\"search_term_string\"}}],\"inLanguage\":\"es\"},{\"@type\":\"Organization\",\"@id\":\"https:\\\/\\\/www.boxrepsol.com\\\/es\\\/#organization\",\"name\":\"Box Repsol\",\"url\":\"https:\\\/\\\/www.boxrepsol.com\\\/es\\\/\",\"logo\":{\"@type\":\"ImageObject\",\"inLanguage\":\"es\",\"@id\":\"https:\\\/\\\/www.boxrepsol.com\\\/es\\\/#\\\/schema\\\/logo\\\/image\\\/\",\"url\":\"https:\\\/\\\/bxrepsol.s3.eu-west-1.amazonaws.com\\\/static\\\/2025\\\/07\\\/30083337\\\/favicon-96x96-1.png\",\"contentUrl\":\"https:\\\/\\\/bxrepsol.s3.eu-west-1.amazonaws.com\\\/static\\\/2025\\\/07\\\/30083337\\\/favicon-96x96-1.png\",\"width\":96,\"height\":96,\"caption\":\"Box Repsol\"},\"image\":{\"@id\":\"https:\\\/\\\/www.boxrepsol.com\\\/es\\\/#\\\/schema\\\/logo\\\/image\\\/\"},\"sameAs\":[\"https:\\\/\\\/www.facebook.com\\\/BoxRepsol\",\"https:\\\/\\\/x.com\\\/box_repsol\",\"http:\\\/\\\/instagram.com\\\/box_repsol\",\"https:\\\/\\\/www.youtube.com\\\/user\\\/RepsolCompeticion\",\"https:\\\/\\\/www.flickr.com\\\/photos\\\/box_repsol\\\/\"]},{\"@type\":\"Person\",\"@id\":\"https:\\\/\\\/www.boxrepsol.com\\\/es\\\/#\\\/schema\\\/person\\\/c5c2138f2cca251b0ad92b7086bb60b7\",\"name\":\"Redacci\u00f3n Box Repsol\",\"image\":{\"@type\":\"ImageObject\",\"inLanguage\":\"es\",\"@id\":\"https:\\\/\\\/secure.gravatar.com\\\/avatar\\\/adf7b77e38b4419baf32c7e9c21dde01f4e40df611f0978e3006fc4ba0aaab7e?s=96&d=mm&r=g\",\"url\":\"https:\\\/\\\/secure.gravatar.com\\\/avatar\\\/adf7b77e38b4419baf32c7e9c21dde01f4e40df611f0978e3006fc4ba0aaab7e?s=96&d=mm&r=g\",\"contentUrl\":\"https:\\\/\\\/secure.gravatar.com\\\/avatar\\\/adf7b77e38b4419baf32c7e9c21dde01f4e40df611f0978e3006fc4ba0aaab7e?s=96&d=mm&r=g\",\"caption\":\"Redacci\u00f3n Box Repsol\"},\"description\":\"Box Repsol lo forma un equipo de periodistas, community managers, dise\u00f1adores y fot\u00f3grafos con m\u00e1s de 20 a\u00f1os de experiencia en el mundo del motorsport. Hemos vivido el primer mundial de un espa\u00f1ol en la categor\u00eda reina de motociclismo con \u00c1lex Crivill\u00e9, estuvimos en las victorias de Pedrosa y los t\u00edtulos de M\u00e1rquez, acompa\u00f1amos en \u00c1frica a Nani Roma y Marc Coma en sus conquistas del Dakar y hemos vibrado con los t\u00edtulos de Toni Bou en Trial. Adem\u00e1s, en nuestro equipo contamos con expertos en el mundo de las dos y cuatro ruedas tanto de la calle y las carreteras, como de los circuitos. Periodistas que han trabajado en revistas y publicaciones para hacerte llegar desde rutas y consejos de mantenimiento, a curiosidades y trucos de pilotaje.\",\"sameAs\":[\"https:\\\/\\\/www.facebook.com\\\/BoxRepsol\\\/\",\"https:\\\/\\\/www.instagram.com\\\/box_repsol\\\/\",\"https:\\\/\\\/x.com\\\/https:\\\/\\\/twitter.com\\\/box_repsol\",\"https:\\\/\\\/www.youtube.com\\\/@Boxrepsol\"],\"url\":\"https:\\\/\\\/www.boxrepsol.com\\\/es\\\/author\\\/redaccion-box-repsol\\\/\"}]}<\/script>\n<!-- \/ Yoast SEO plugin. -->","yoast_head_json":{"title":"Horarios GP de Argentina de MotoGP 2019 - Box Repsol","description":"Horarios MotoGP, Moto2 y Moto3. Sigue toda la emoci\u00f3n del GP de Argentina en nuestras redes sociales y a trav\u00e9s de nuestra APP de Box Repsol.","canonical":"https:\/\/www.boxrepsol.com\/es\/motogp\/horarios-gp-argentina-motogp-2019\/","og_locale":"es_ES","og_type":"article","og_title":"Horarios GP de Argentina de MotoGP 2019 - Box Repsol","og_description":"Horarios MotoGP, Moto2 y Moto3. Sigue toda la emoci\u00f3n del GP de Argentina en nuestras redes sociales y a trav\u00e9s de nuestra APP de Box Repsol.","og_url":"https:\/\/www.boxrepsol.com\/es\/motogp\/horarios-gp-argentina-motogp-2019\/","og_site_name":"Box Repsol","article_publisher":"https:\/\/www.facebook.com\/BoxRepsol","article_author":"https:\/\/www.facebook.com\/BoxRepsol\/","article_published_time":"2019-03-29T02:00:00+00:00","article_modified_time":"2024-10-16T13:15:40+00:00","og_image":[{"width":1280,"height":600,"url":"https:\/\/bxrepsol.s3.eu-west-1.amazonaws.com\/static\/2022\/08\/29084714\/00_pizarra_motogp_marc_marquez_argentina_termas_de_rio_hondo_repsol_honda.jpg","type":"image\/jpeg"}],"author":"Redacci\u00f3n Box Repsol","twitter_card":"summary_large_image","twitter_creator":"@https:\/\/twitter.com\/box_repsol","twitter_site":"@box_repsol","twitter_misc":{"Written by":"Redacci\u00f3n Box Repsol","Est. reading time":"1 minuto"},"schema":{"@context":"https:\/\/schema.org","@graph":[{"@type":"Article","@id":"https:\/\/www.boxrepsol.com\/es\/motogp\/horarios-gp-argentina-motogp-2019\/#article","isPartOf":{"@id":"https:\/\/www.boxrepsol.com\/es\/motogp\/horarios-gp-argentina-motogp-2019\/"},"author":{"name":"Redacci\u00f3n Box Repsol","@id":"https:\/\/www.boxrepsol.com\/es\/#\/schema\/person\/c5c2138f2cca251b0ad92b7086bb60b7"},"headline":"Horarios GP de Argentina de MotoGP 2019","datePublished":"2019-03-29T02:00:00+00:00","dateModified":"2024-10-16T13:15:40+00:00","mainEntityOfPage":{"@id":"https:\/\/www.boxrepsol.com\/es\/motogp\/horarios-gp-argentina-motogp-2019\/"},"wordCount":246,"commentCount":0,"publisher":{"@id":"https:\/\/www.boxrepsol.com\/es\/#organization"},"image":{"@id":"https:\/\/www.boxrepsol.com\/es\/motogp\/horarios-gp-argentina-motogp-2019\/#primaryimage"},"thumbnailUrl":"https:\/\/bxrepsol.s3.eu-west-1.amazonaws.com\/static\/2022\/08\/29084714\/00_pizarra_motogp_marc_marquez_argentina_termas_de_rio_hondo_repsol_honda.jpg","keywords":["MotoGP Argentina"],"articleSection":["MotoGP"],"inLanguage":"es","potentialAction":[{"@type":"CommentAction","name":"Comment","target":["https:\/\/www.boxrepsol.com\/es\/motogp\/horarios-gp-argentina-motogp-2019\/#respond"]}]},{"@type":"WebPage","@id":"https:\/\/www.boxrepsol.com\/es\/motogp\/horarios-gp-argentina-motogp-2019\/","url":"https:\/\/www.boxrepsol.com\/es\/motogp\/horarios-gp-argentina-motogp-2019\/","name":"Horarios GP de Argentina de MotoGP 2019 - Box Repsol","isPartOf":{"@id":"https:\/\/www.boxrepsol.com\/es\/#website"},"primaryImageOfPage":{"@id":"https:\/\/www.boxrepsol.com\/es\/motogp\/horarios-gp-argentina-motogp-2019\/#primaryimage"},"image":{"@id":"https:\/\/www.boxrepsol.com\/es\/motogp\/horarios-gp-argentina-motogp-2019\/#primaryimage"},"thumbnailUrl":"https:\/\/bxrepsol.s3.eu-west-1.amazonaws.com\/static\/2022\/08\/29084714\/00_pizarra_motogp_marc_marquez_argentina_termas_de_rio_hondo_repsol_honda.jpg","datePublished":"2019-03-29T02:00:00+00:00","dateModified":"2024-10-16T13:15:40+00:00","description":"Horarios MotoGP, Moto2 y Moto3. Sigue toda la emoci\u00f3n del GP de Argentina en nuestras redes sociales y a trav\u00e9s de nuestra APP de Box Repsol.","breadcrumb":{"@id":"https:\/\/www.boxrepsol.com\/es\/motogp\/horarios-gp-argentina-motogp-2019\/#breadcrumb"},"inLanguage":"es","potentialAction":[{"@type":"ReadAction","target":["https:\/\/www.boxrepsol.com\/es\/motogp\/horarios-gp-argentina-motogp-2019\/"]}]},{"@type":"ImageObject","inLanguage":"es","@id":"https:\/\/www.boxrepsol.com\/es\/motogp\/horarios-gp-argentina-motogp-2019\/#primaryimage","url":"https:\/\/bxrepsol.s3.eu-west-1.amazonaws.com\/static\/2022\/08\/29084714\/00_pizarra_motogp_marc_marquez_argentina_termas_de_rio_hondo_repsol_honda.jpg","contentUrl":"https:\/\/bxrepsol.s3.eu-west-1.amazonaws.com\/static\/2022\/08\/29084714\/00_pizarra_motogp_marc_marquez_argentina_termas_de_rio_hondo_repsol_honda.jpg","width":1280,"height":600,"caption":"Pizarra de MotoGP en circuito"},{"@type":"BreadcrumbList","@id":"https:\/\/www.boxrepsol.com\/es\/motogp\/horarios-gp-argentina-motogp-2019\/#breadcrumb","itemListElement":[{"@type":"ListItem","position":1,"name":"Home","item":"https:\/\/www.boxrepsol.com\/es\/"},{"@type":"ListItem","position":2,"name":"Horarios GP de Argentina de MotoGP 2019"}]},{"@type":"WebSite","@id":"https:\/\/www.boxrepsol.com\/es\/#website","url":"https:\/\/www.boxrepsol.com\/es\/","name":"Box Repsol","description":"Box Repsol Site","publisher":{"@id":"https:\/\/www.boxrepsol.com\/es\/#organization"},"potentialAction":[{"@type":"SearchAction","target":{"@type":"EntryPoint","urlTemplate":"https:\/\/www.boxrepsol.com\/es\/?s={search_term_string}"},"query-input":{"@type":"PropertyValueSpecification","valueRequired":true,"valueName":"search_term_string"}}],"inLanguage":"es"},{"@type":"Organization","@id":"https:\/\/www.boxrepsol.com\/es\/#organization","name":"Box Repsol","url":"https:\/\/www.boxrepsol.com\/es\/","logo":{"@type":"ImageObject","inLanguage":"es","@id":"https:\/\/www.boxrepsol.com\/es\/#\/schema\/logo\/image\/","url":"https:\/\/bxrepsol.s3.eu-west-1.amazonaws.com\/static\/2025\/07\/30083337\/favicon-96x96-1.png","contentUrl":"https:\/\/bxrepsol.s3.eu-west-1.amazonaws.com\/static\/2025\/07\/30083337\/favicon-96x96-1.png","width":96,"height":96,"caption":"Box Repsol"},"image":{"@id":"https:\/\/www.boxrepsol.com\/es\/#\/schema\/logo\/image\/"},"sameAs":["https:\/\/www.facebook.com\/BoxRepsol","https:\/\/x.com\/box_repsol","http:\/\/instagram.com\/box_repsol","https:\/\/www.youtube.com\/user\/RepsolCompeticion","https:\/\/www.flickr.com\/photos\/box_repsol\/"]},{"@type":"Person","@id":"https:\/\/www.boxrepsol.com\/es\/#\/schema\/person\/c5c2138f2cca251b0ad92b7086bb60b7","name":"Redacci\u00f3n Box Repsol","image":{"@type":"ImageObject","inLanguage":"es","@id":"https:\/\/secure.gravatar.com\/avatar\/adf7b77e38b4419baf32c7e9c21dde01f4e40df611f0978e3006fc4ba0aaab7e?s=96&d=mm&r=g","url":"https:\/\/secure.gravatar.com\/avatar\/adf7b77e38b4419baf32c7e9c21dde01f4e40df611f0978e3006fc4ba0aaab7e?s=96&d=mm&r=g","contentUrl":"https:\/\/secure.gravatar.com\/avatar\/adf7b77e38b4419baf32c7e9c21dde01f4e40df611f0978e3006fc4ba0aaab7e?s=96&d=mm&r=g","caption":"Redacci\u00f3n Box Repsol"},"description":"Box Repsol lo forma un equipo de periodistas, community managers, dise\u00f1adores y fot\u00f3grafos con m\u00e1s de 20 a\u00f1os de experiencia en el mundo del motorsport. Hemos vivido el primer mundial de un espa\u00f1ol en la categor\u00eda reina de motociclismo con \u00c1lex Crivill\u00e9, estuvimos en las victorias de Pedrosa y los t\u00edtulos de M\u00e1rquez, acompa\u00f1amos en \u00c1frica a Nani Roma y Marc Coma en sus conquistas del Dakar y hemos vibrado con los t\u00edtulos de Toni Bou en Trial. Adem\u00e1s, en nuestro equipo contamos con expertos en el mundo de las dos y cuatro ruedas tanto de la calle y las carreteras, como de los circuitos. Periodistas que han trabajado en revistas y publicaciones para hacerte llegar desde rutas y consejos de mantenimiento, a curiosidades y trucos de pilotaje.","sameAs":["https:\/\/www.facebook.com\/BoxRepsol\/","https:\/\/www.instagram.com\/box_repsol\/","https:\/\/x.com\/https:\/\/twitter.com\/box_repsol","https:\/\/www.youtube.com\/@Boxrepsol"],"url":"https:\/\/www.boxrepsol.com\/es\/author\/redaccion-box-repsol\/"}]}},"_links":{"self":[{"href":"https:\/\/www.boxrepsol.com\/es\/wp-json\/wp\/v2\/posts\/93795","targetHints":{"allow":["GET"]}}],"collection":[{"href":"https:\/\/www.boxrepsol.com\/es\/wp-json\/wp\/v2\/posts"}],"about":[{"href":"https:\/\/www.boxrepsol.com\/es\/wp-json\/wp\/v2\/types\/post"}],"author":[{"embeddable":true,"href":"https:\/\/www.boxrepsol.com\/es\/wp-json\/wp\/v2\/users\/43146"}],"replies":[{"embeddable":true,"href":"https:\/\/www.boxrepsol.com\/es\/wp-json\/wp\/v2\/comments?post=93795"}],"version-history":[{"count":2,"href":"https:\/\/www.boxrepsol.com\/es\/wp-json\/wp\/v2\/posts\/93795\/revisions"}],"predecessor-version":[{"id":121200,"href":"https:\/\/www.boxrepsol.com\/es\/wp-json\/wp\/v2\/posts\/93795\/revisions\/121200"}],"wp:featuredmedia":[{"embeddable":true,"href":"https:\/\/www.boxrepsol.com\/es\/wp-json\/wp\/v2\/media\/61190"}],"wp:attachment":[{"href":"https:\/\/www.boxrepsol.com\/es\/wp-json\/wp\/v2\/media?parent=93795"}],"wp:term":[{"taxonomy":"category","embeddable":true,"href":"https:\/\/www.boxrepsol.com\/es\/wp-json\/wp\/v2\/categories?post=93795"},{"taxonomy":"post_tag","embeddable":true,"href":"https:\/\/www.boxrepsol.com\/es\/wp-json\/wp\/v2\/tags?post=93795"}],"curies":[{"name":"wp","href":"https:\/\/api.w.org\/{rel}","templated":true}]}}