{"id":93787,"date":"2019-03-09T00:00:00","date_gmt":"2019-03-09T02:00:00","guid":{"rendered":"http:\/\/pre.boxrepsol.com\/sin-categorizar\/primera-fila-marc-marquez-arranque-del-mundial-2019\/"},"modified":"2024-04-25T09:44:37","modified_gmt":"2024-04-25T11:44:37","slug":"primera-fila-marc-marquez-arranque-del-mundial-2019","status":"publish","type":"post","link":"https:\/\/www.boxrepsol.com\/es\/motogp\/primera-fila-marc-marquez-arranque-del-mundial-2019\/","title":{"rendered":"Primera fila de Marc M\u00e1rquez en el arranque del Mundial 2019"},"content":{"rendered":"<p>El segundo d\u00eda en Catar ha empezado con <strong>m\u00e1s viento y temperaturas m\u00e1s bajas<\/strong>, que han propiciado numerosas ca\u00eddas, entre ellas dos de Jorge Lorenzo y otras dos de Marc M\u00e1rquez.<\/p>\n<p>Al inicio de la tercera sesi\u00f3n libre, el balear ha salido despedido por los aires en la salida de la curva 6 de su primera vuelta lanzada. Un giro m\u00e1s tarde, Marc M\u00e1rquez se ha ido largo saliendo de la curva 14 y al superar el piano ha perdido la adherencia de los dos neum\u00e1ticos. <strong>En el FP4<\/strong> y a pesar de sufrir otra ca\u00edda mediada la sesi\u00f3n \u2013entrando en la curva 6\u2013, <strong>el vigente Campe\u00f3n del Mundo ha sido el m\u00e1s r\u00e1pido<\/strong>.<\/p>\n<p>En la Q1, Lorenzo se ha situado segundo en su primer intento, pero al montar el segundo neum\u00e1tico, ha tenido una ca\u00edda al perder la adherencia de la rueda delantera en la entrada de la curva 2.<\/p>\n<p><strong>Marc M\u00e1rquez ha ido mejorando sus registros progresivamente en la Q2<\/strong> y en su \u00faltimo paso por meta ha logrado un hueco en la primera fila, <a href=\"https:\/\/www.boxrepsol.com\/es\/motogp\/funcionan-las-clasificatorias-motogp\/\">clasific\u00e1ndose tercero<\/a>.<\/p>\n<p>                <!-- Imagen relacionada --><br \/>\n        <img loading=\"lazy\" decoding=\"async\" width=\"404\" height=\"336\" src=\"https:\/\/bxrepsol.s3.eu-west-1.amazonaws.com\/static\/2022\/08\/29084701\/00_marc_marquez_motogp_losail_dia1_2019-3.jpg\" alt=\"Marc M\u00e1rquez corriendo en Losail\" \/><br \/>\n                <!-- Categor\u00eda --><br \/>\n            MotoGP<br \/>\n        <!-- T\u00edtulo --><br \/>\n        <a href=\"https:\/\/www.boxrepsol.com\/es\/motogp\/marc-marquez-bate-record-del-circuito-la-primera-jornada-losail\/\"><\/p>\n<h3>Marc M\u00e1rquez bate el r\u00e9cord del circuito la primera jornada en Losail<\/h3>\n<p>        <\/a><br \/>\n                    <!-- Fecha --><br \/>\n            hace 1 hora        <\/p>\n<h2>GP de Catar 2019 clasificatorias &#8211; Declaraciones de Marc M\u00e1rquez y Jorge Lorenzo<\/h2>\n<p><a href=\"https:\/\/twitter.com\/hashtag\/MM93?src=hash\">#MM93<\/a><\/p>\n<p><em>Es uno de los circuitos en los que habitualmente sufrimos, as\u00ed que hemos tenido que trabajar en la estrategia para lograr una primera fila. Ese era el objetivo y estoy contento de haberlo cumplido. Especialmente hoy, que hac\u00eda mucho fr\u00edo y viento. Si ma\u00f1ana hace el mismo tiempo, tendremos que sobrevivir. <\/em><\/p>\n<p><em><strong>Ayer me sent\u00ed muy fuerte, pero hoy ha sido m\u00e1s dif\u00edcil<\/strong> y era muy f\u00e1cil caerse; hemos tenido que limitar los riesgos. Ma\u00f1ana veremos qu\u00e9 pasa, la temperatura puede cambiar mucho.<\/em><\/p>\n<p><a href=\"https:\/\/twitter.com\/hashtag\/JL99?src=hash\">#JL99<\/a><\/p>\n<p><em>Me duele un poco la espalda y necesito descansar y ver c\u00f3mo me encuentro ma\u00f1ana. Hoy no ha sido un gran d\u00eda, he tenido muy mala suerte en la primera ca\u00edda. Ha habido una combinaci\u00f3n de factores que me ha hecho sufrir una ca\u00edda muy fea y me ha dejado muy dolorido.<\/em><\/p>\n<p><em>En el entrenamiento cronometrado, me he ca\u00eddo porque hac\u00eda demasiado fr\u00edo; no ha sido un buen d\u00eda para nosotros. <strong>Ser\u00e1 una carrera de supervivencia<\/strong>, especialmente para m\u00ed con la experiencia que tengo con esta moto y el dolor.<\/em><\/p>\n","protected":false},"excerpt":{"rendered":"<p>El vigente Campe\u00f3n del Mundo saldr\u00e1 tercero en el Gran Premio de Catar, y Jorge Lorenzo debutar\u00e1 con el equipo Repsol Honda desde la quinta fila, en decimoquinta posici\u00f3n.<\/p>\n","protected":false},"author":43146,"featured_media":61171,"comment_status":"open","ping_status":"open","sticky":false,"template":"","format":"standard","meta":{"footnotes":""},"categories":[4],"tags":[157],"class_list":["post-93787","post","type-post","status-publish","format-standard","hentry","category-motogp","tag-motogp-catar"],"yoast_head":"<!-- This site is optimized with the Yoast SEO plugin v27.3 - https:\/\/yoast.com\/product\/yoast-seo-wordpress\/ -->\n<title>GP Catar 2019 Clasificatoria - Primera fila de Marc M\u00e1rquez en el arranque del Mundial 2019<\/title>\n<meta name=\"description\" content=\"El vigente Campe\u00f3n del Mundo saldr\u00e1 tercero en el Gran Premio de Catar, y Jorge Lorenzo debutar\u00e1 con el equipo Repsol Honda desde la quinta fila.\" \/>\n<link rel=\"canonical\" href=\"https:\/\/www.boxrepsol.com\/es\/motogp\/primera-fila-marc-marquez-arranque-del-mundial-2019\/\" \/>\n<meta property=\"og:locale\" content=\"es_ES\" \/>\n<meta property=\"og:type\" content=\"article\" \/>\n<meta property=\"og:title\" content=\"GP Catar 2019 Clasificatoria - Primera fila de Marc M\u00e1rquez en el arranque del Mundial 2019\" \/>\n<meta property=\"og:description\" content=\"El vigente Campe\u00f3n del Mundo saldr\u00e1 tercero en el Gran Premio de Catar, y Jorge Lorenzo debutar\u00e1 con el equipo Repsol Honda desde la quinta fila.\" \/>\n<meta property=\"og:url\" content=\"https:\/\/www.boxrepsol.com\/es\/motogp\/primera-fila-marc-marquez-arranque-del-mundial-2019\/\" \/>\n<meta property=\"og:site_name\" content=\"Box Repsol\" \/>\n<meta property=\"article:publisher\" content=\"https:\/\/www.facebook.com\/BoxRepsol\" \/>\n<meta property=\"article:author\" content=\"https:\/\/www.facebook.com\/BoxRepsol\/\" \/>\n<meta property=\"article:published_time\" content=\"2019-03-09T02:00:00+00:00\" \/>\n<meta property=\"article:modified_time\" content=\"2024-04-25T11:44:37+00:00\" \/>\n<meta property=\"og:image\" content=\"https:\/\/bxrepsol.s3.eu-west-1.amazonaws.com\/static\/2022\/08\/29084703\/00_marc_marquez_motogp_saludando_repsol_honda_93.jpg\" \/>\n\t<meta property=\"og:image:width\" content=\"1280\" \/>\n\t<meta property=\"og:image:height\" content=\"600\" \/>\n\t<meta property=\"og:image:type\" content=\"image\/jpeg\" \/>\n<meta name=\"author\" content=\"Redacci\u00f3n Box Repsol\" \/>\n<meta name=\"twitter:card\" content=\"summary_large_image\" \/>\n<meta name=\"twitter:creator\" content=\"@https:\/\/twitter.com\/box_repsol\" \/>\n<meta name=\"twitter:site\" content=\"@box_repsol\" \/>\n<meta name=\"twitter:label1\" content=\"Written by\" \/>\n\t<meta name=\"twitter:data1\" content=\"Redacci\u00f3n Box Repsol\" \/>\n\t<meta name=\"twitter:label2\" content=\"Est. reading time\" \/>\n\t<meta name=\"twitter:data2\" content=\"2 minutos\" \/>\n<script type=\"application\/ld+json\" class=\"yoast-schema-graph\">{\"@context\":\"https:\\\/\\\/schema.org\",\"@graph\":[{\"@type\":\"Article\",\"@id\":\"https:\\\/\\\/www.boxrepsol.com\\\/es\\\/motogp\\\/primera-fila-marc-marquez-arranque-del-mundial-2019\\\/#article\",\"isPartOf\":{\"@id\":\"https:\\\/\\\/www.boxrepsol.com\\\/es\\\/motogp\\\/primera-fila-marc-marquez-arranque-del-mundial-2019\\\/\"},\"author\":{\"name\":\"Redacci\u00f3n Box Repsol\",\"@id\":\"https:\\\/\\\/www.boxrepsol.com\\\/es\\\/#\\\/schema\\\/person\\\/c5c2138f2cca251b0ad92b7086bb60b7\"},\"headline\":\"Primera fila de Marc M\u00e1rquez en el arranque del Mundial 2019\",\"datePublished\":\"2019-03-09T02:00:00+00:00\",\"dateModified\":\"2024-04-25T11:44:37+00:00\",\"mainEntityOfPage\":{\"@id\":\"https:\\\/\\\/www.boxrepsol.com\\\/es\\\/motogp\\\/primera-fila-marc-marquez-arranque-del-mundial-2019\\\/\"},\"wordCount\":425,\"commentCount\":0,\"publisher\":{\"@id\":\"https:\\\/\\\/www.boxrepsol.com\\\/es\\\/#organization\"},\"image\":{\"@id\":\"https:\\\/\\\/www.boxrepsol.com\\\/es\\\/motogp\\\/primera-fila-marc-marquez-arranque-del-mundial-2019\\\/#primaryimage\"},\"thumbnailUrl\":\"https:\\\/\\\/bxrepsol.s3.eu-west-1.amazonaws.com\\\/static\\\/2022\\\/08\\\/29084703\\\/00_marc_marquez_motogp_saludando_repsol_honda_93.jpg\",\"keywords\":[\"MotoGP Catar\"],\"articleSection\":[\"MotoGP\"],\"inLanguage\":\"es\",\"potentialAction\":[{\"@type\":\"CommentAction\",\"name\":\"Comment\",\"target\":[\"https:\\\/\\\/www.boxrepsol.com\\\/es\\\/motogp\\\/primera-fila-marc-marquez-arranque-del-mundial-2019\\\/#respond\"]}]},{\"@type\":\"WebPage\",\"@id\":\"https:\\\/\\\/www.boxrepsol.com\\\/es\\\/motogp\\\/primera-fila-marc-marquez-arranque-del-mundial-2019\\\/\",\"url\":\"https:\\\/\\\/www.boxrepsol.com\\\/es\\\/motogp\\\/primera-fila-marc-marquez-arranque-del-mundial-2019\\\/\",\"name\":\"GP Catar 2019 Clasificatoria - Primera fila de Marc M\u00e1rquez en el arranque del Mundial 2019\",\"isPartOf\":{\"@id\":\"https:\\\/\\\/www.boxrepsol.com\\\/es\\\/#website\"},\"primaryImageOfPage\":{\"@id\":\"https:\\\/\\\/www.boxrepsol.com\\\/es\\\/motogp\\\/primera-fila-marc-marquez-arranque-del-mundial-2019\\\/#primaryimage\"},\"image\":{\"@id\":\"https:\\\/\\\/www.boxrepsol.com\\\/es\\\/motogp\\\/primera-fila-marc-marquez-arranque-del-mundial-2019\\\/#primaryimage\"},\"thumbnailUrl\":\"https:\\\/\\\/bxrepsol.s3.eu-west-1.amazonaws.com\\\/static\\\/2022\\\/08\\\/29084703\\\/00_marc_marquez_motogp_saludando_repsol_honda_93.jpg\",\"datePublished\":\"2019-03-09T02:00:00+00:00\",\"dateModified\":\"2024-04-25T11:44:37+00:00\",\"description\":\"El vigente Campe\u00f3n del Mundo saldr\u00e1 tercero en el Gran Premio de Catar, y Jorge Lorenzo debutar\u00e1 con el equipo Repsol Honda desde la quinta fila.\",\"breadcrumb\":{\"@id\":\"https:\\\/\\\/www.boxrepsol.com\\\/es\\\/motogp\\\/primera-fila-marc-marquez-arranque-del-mundial-2019\\\/#breadcrumb\"},\"inLanguage\":\"es\",\"potentialAction\":[{\"@type\":\"ReadAction\",\"target\":[\"https:\\\/\\\/www.boxrepsol.com\\\/es\\\/motogp\\\/primera-fila-marc-marquez-arranque-del-mundial-2019\\\/\"]}]},{\"@type\":\"ImageObject\",\"inLanguage\":\"es\",\"@id\":\"https:\\\/\\\/www.boxrepsol.com\\\/es\\\/motogp\\\/primera-fila-marc-marquez-arranque-del-mundial-2019\\\/#primaryimage\",\"url\":\"https:\\\/\\\/bxrepsol.s3.eu-west-1.amazonaws.com\\\/static\\\/2022\\\/08\\\/29084703\\\/00_marc_marquez_motogp_saludando_repsol_honda_93.jpg\",\"contentUrl\":\"https:\\\/\\\/bxrepsol.s3.eu-west-1.amazonaws.com\\\/static\\\/2022\\\/08\\\/29084703\\\/00_marc_marquez_motogp_saludando_repsol_honda_93.jpg\",\"width\":1280,\"height\":600,\"caption\":\"Marc M\u00e1rquez saludando\"},{\"@type\":\"BreadcrumbList\",\"@id\":\"https:\\\/\\\/www.boxrepsol.com\\\/es\\\/motogp\\\/primera-fila-marc-marquez-arranque-del-mundial-2019\\\/#breadcrumb\",\"itemListElement\":[{\"@type\":\"ListItem\",\"position\":1,\"name\":\"Home\",\"item\":\"https:\\\/\\\/www.boxrepsol.com\\\/es\\\/\"},{\"@type\":\"ListItem\",\"position\":2,\"name\":\"Primera fila de Marc M\u00e1rquez en el arranque del Mundial 2019\"}]},{\"@type\":\"WebSite\",\"@id\":\"https:\\\/\\\/www.boxrepsol.com\\\/es\\\/#website\",\"url\":\"https:\\\/\\\/www.boxrepsol.com\\\/es\\\/\",\"name\":\"Box Repsol\",\"description\":\"Box Repsol Site\",\"publisher\":{\"@id\":\"https:\\\/\\\/www.boxrepsol.com\\\/es\\\/#organization\"},\"potentialAction\":[{\"@type\":\"SearchAction\",\"target\":{\"@type\":\"EntryPoint\",\"urlTemplate\":\"https:\\\/\\\/www.boxrepsol.com\\\/es\\\/?s={search_term_string}\"},\"query-input\":{\"@type\":\"PropertyValueSpecification\",\"valueRequired\":true,\"valueName\":\"search_term_string\"}}],\"inLanguage\":\"es\"},{\"@type\":\"Organization\",\"@id\":\"https:\\\/\\\/www.boxrepsol.com\\\/es\\\/#organization\",\"name\":\"Box Repsol\",\"url\":\"https:\\\/\\\/www.boxrepsol.com\\\/es\\\/\",\"logo\":{\"@type\":\"ImageObject\",\"inLanguage\":\"es\",\"@id\":\"https:\\\/\\\/www.boxrepsol.com\\\/es\\\/#\\\/schema\\\/logo\\\/image\\\/\",\"url\":\"https:\\\/\\\/bxrepsol.s3.eu-west-1.amazonaws.com\\\/static\\\/2025\\\/07\\\/30083337\\\/favicon-96x96-1.png\",\"contentUrl\":\"https:\\\/\\\/bxrepsol.s3.eu-west-1.amazonaws.com\\\/static\\\/2025\\\/07\\\/30083337\\\/favicon-96x96-1.png\",\"width\":96,\"height\":96,\"caption\":\"Box Repsol\"},\"image\":{\"@id\":\"https:\\\/\\\/www.boxrepsol.com\\\/es\\\/#\\\/schema\\\/logo\\\/image\\\/\"},\"sameAs\":[\"https:\\\/\\\/www.facebook.com\\\/BoxRepsol\",\"https:\\\/\\\/x.com\\\/box_repsol\",\"http:\\\/\\\/instagram.com\\\/box_repsol\",\"https:\\\/\\\/www.youtube.com\\\/user\\\/RepsolCompeticion\",\"https:\\\/\\\/www.flickr.com\\\/photos\\\/box_repsol\\\/\"]},{\"@type\":\"Person\",\"@id\":\"https:\\\/\\\/www.boxrepsol.com\\\/es\\\/#\\\/schema\\\/person\\\/c5c2138f2cca251b0ad92b7086bb60b7\",\"name\":\"Redacci\u00f3n Box Repsol\",\"image\":{\"@type\":\"ImageObject\",\"inLanguage\":\"es\",\"@id\":\"https:\\\/\\\/secure.gravatar.com\\\/avatar\\\/adf7b77e38b4419baf32c7e9c21dde01f4e40df611f0978e3006fc4ba0aaab7e?s=96&d=mm&r=g\",\"url\":\"https:\\\/\\\/secure.gravatar.com\\\/avatar\\\/adf7b77e38b4419baf32c7e9c21dde01f4e40df611f0978e3006fc4ba0aaab7e?s=96&d=mm&r=g\",\"contentUrl\":\"https:\\\/\\\/secure.gravatar.com\\\/avatar\\\/adf7b77e38b4419baf32c7e9c21dde01f4e40df611f0978e3006fc4ba0aaab7e?s=96&d=mm&r=g\",\"caption\":\"Redacci\u00f3n Box Repsol\"},\"description\":\"Box Repsol lo forma un equipo de periodistas, community managers, dise\u00f1adores y fot\u00f3grafos con m\u00e1s de 20 a\u00f1os de experiencia en el mundo del motorsport. Hemos vivido el primer mundial de un espa\u00f1ol en la categor\u00eda reina de motociclismo con \u00c1lex Crivill\u00e9, estuvimos en las victorias de Pedrosa y los t\u00edtulos de M\u00e1rquez, acompa\u00f1amos en \u00c1frica a Nani Roma y Marc Coma en sus conquistas del Dakar y hemos vibrado con los t\u00edtulos de Toni Bou en Trial. Adem\u00e1s, en nuestro equipo contamos con expertos en el mundo de las dos y cuatro ruedas tanto de la calle y las carreteras, como de los circuitos. Periodistas que han trabajado en revistas y publicaciones para hacerte llegar desde rutas y consejos de mantenimiento, a curiosidades y trucos de pilotaje.\",\"sameAs\":[\"https:\\\/\\\/www.facebook.com\\\/BoxRepsol\\\/\",\"https:\\\/\\\/www.instagram.com\\\/box_repsol\\\/\",\"https:\\\/\\\/x.com\\\/https:\\\/\\\/twitter.com\\\/box_repsol\",\"https:\\\/\\\/www.youtube.com\\\/@Boxrepsol\"],\"url\":\"https:\\\/\\\/www.boxrepsol.com\\\/es\\\/author\\\/redaccion-box-repsol\\\/\"}]}<\/script>\n<!-- \/ Yoast SEO plugin. -->","yoast_head_json":{"title":"GP Catar 2019 Clasificatoria - Primera fila de Marc M\u00e1rquez en el arranque del Mundial 2019","description":"El vigente Campe\u00f3n del Mundo saldr\u00e1 tercero en el Gran Premio de Catar, y Jorge Lorenzo debutar\u00e1 con el equipo Repsol Honda desde la quinta fila.","canonical":"https:\/\/www.boxrepsol.com\/es\/motogp\/primera-fila-marc-marquez-arranque-del-mundial-2019\/","og_locale":"es_ES","og_type":"article","og_title":"GP Catar 2019 Clasificatoria - Primera fila de Marc M\u00e1rquez en el arranque del Mundial 2019","og_description":"El vigente Campe\u00f3n del Mundo saldr\u00e1 tercero en el Gran Premio de Catar, y Jorge Lorenzo debutar\u00e1 con el equipo Repsol Honda desde la quinta fila.","og_url":"https:\/\/www.boxrepsol.com\/es\/motogp\/primera-fila-marc-marquez-arranque-del-mundial-2019\/","og_site_name":"Box Repsol","article_publisher":"https:\/\/www.facebook.com\/BoxRepsol","article_author":"https:\/\/www.facebook.com\/BoxRepsol\/","article_published_time":"2019-03-09T02:00:00+00:00","article_modified_time":"2024-04-25T11:44:37+00:00","og_image":[{"width":1280,"height":600,"url":"https:\/\/bxrepsol.s3.eu-west-1.amazonaws.com\/static\/2022\/08\/29084703\/00_marc_marquez_motogp_saludando_repsol_honda_93.jpg","type":"image\/jpeg"}],"author":"Redacci\u00f3n Box Repsol","twitter_card":"summary_large_image","twitter_creator":"@https:\/\/twitter.com\/box_repsol","twitter_site":"@box_repsol","twitter_misc":{"Written by":"Redacci\u00f3n Box Repsol","Est. reading time":"2 minutos"},"schema":{"@context":"https:\/\/schema.org","@graph":[{"@type":"Article","@id":"https:\/\/www.boxrepsol.com\/es\/motogp\/primera-fila-marc-marquez-arranque-del-mundial-2019\/#article","isPartOf":{"@id":"https:\/\/www.boxrepsol.com\/es\/motogp\/primera-fila-marc-marquez-arranque-del-mundial-2019\/"},"author":{"name":"Redacci\u00f3n Box Repsol","@id":"https:\/\/www.boxrepsol.com\/es\/#\/schema\/person\/c5c2138f2cca251b0ad92b7086bb60b7"},"headline":"Primera fila de Marc M\u00e1rquez en el arranque del Mundial 2019","datePublished":"2019-03-09T02:00:00+00:00","dateModified":"2024-04-25T11:44:37+00:00","mainEntityOfPage":{"@id":"https:\/\/www.boxrepsol.com\/es\/motogp\/primera-fila-marc-marquez-arranque-del-mundial-2019\/"},"wordCount":425,"commentCount":0,"publisher":{"@id":"https:\/\/www.boxrepsol.com\/es\/#organization"},"image":{"@id":"https:\/\/www.boxrepsol.com\/es\/motogp\/primera-fila-marc-marquez-arranque-del-mundial-2019\/#primaryimage"},"thumbnailUrl":"https:\/\/bxrepsol.s3.eu-west-1.amazonaws.com\/static\/2022\/08\/29084703\/00_marc_marquez_motogp_saludando_repsol_honda_93.jpg","keywords":["MotoGP Catar"],"articleSection":["MotoGP"],"inLanguage":"es","potentialAction":[{"@type":"CommentAction","name":"Comment","target":["https:\/\/www.boxrepsol.com\/es\/motogp\/primera-fila-marc-marquez-arranque-del-mundial-2019\/#respond"]}]},{"@type":"WebPage","@id":"https:\/\/www.boxrepsol.com\/es\/motogp\/primera-fila-marc-marquez-arranque-del-mundial-2019\/","url":"https:\/\/www.boxrepsol.com\/es\/motogp\/primera-fila-marc-marquez-arranque-del-mundial-2019\/","name":"GP Catar 2019 Clasificatoria - Primera fila de Marc M\u00e1rquez en el arranque del Mundial 2019","isPartOf":{"@id":"https:\/\/www.boxrepsol.com\/es\/#website"},"primaryImageOfPage":{"@id":"https:\/\/www.boxrepsol.com\/es\/motogp\/primera-fila-marc-marquez-arranque-del-mundial-2019\/#primaryimage"},"image":{"@id":"https:\/\/www.boxrepsol.com\/es\/motogp\/primera-fila-marc-marquez-arranque-del-mundial-2019\/#primaryimage"},"thumbnailUrl":"https:\/\/bxrepsol.s3.eu-west-1.amazonaws.com\/static\/2022\/08\/29084703\/00_marc_marquez_motogp_saludando_repsol_honda_93.jpg","datePublished":"2019-03-09T02:00:00+00:00","dateModified":"2024-04-25T11:44:37+00:00","description":"El vigente Campe\u00f3n del Mundo saldr\u00e1 tercero en el Gran Premio de Catar, y Jorge Lorenzo debutar\u00e1 con el equipo Repsol Honda desde la quinta fila.","breadcrumb":{"@id":"https:\/\/www.boxrepsol.com\/es\/motogp\/primera-fila-marc-marquez-arranque-del-mundial-2019\/#breadcrumb"},"inLanguage":"es","potentialAction":[{"@type":"ReadAction","target":["https:\/\/www.boxrepsol.com\/es\/motogp\/primera-fila-marc-marquez-arranque-del-mundial-2019\/"]}]},{"@type":"ImageObject","inLanguage":"es","@id":"https:\/\/www.boxrepsol.com\/es\/motogp\/primera-fila-marc-marquez-arranque-del-mundial-2019\/#primaryimage","url":"https:\/\/bxrepsol.s3.eu-west-1.amazonaws.com\/static\/2022\/08\/29084703\/00_marc_marquez_motogp_saludando_repsol_honda_93.jpg","contentUrl":"https:\/\/bxrepsol.s3.eu-west-1.amazonaws.com\/static\/2022\/08\/29084703\/00_marc_marquez_motogp_saludando_repsol_honda_93.jpg","width":1280,"height":600,"caption":"Marc M\u00e1rquez saludando"},{"@type":"BreadcrumbList","@id":"https:\/\/www.boxrepsol.com\/es\/motogp\/primera-fila-marc-marquez-arranque-del-mundial-2019\/#breadcrumb","itemListElement":[{"@type":"ListItem","position":1,"name":"Home","item":"https:\/\/www.boxrepsol.com\/es\/"},{"@type":"ListItem","position":2,"name":"Primera fila de Marc M\u00e1rquez en el arranque del Mundial 2019"}]},{"@type":"WebSite","@id":"https:\/\/www.boxrepsol.com\/es\/#website","url":"https:\/\/www.boxrepsol.com\/es\/","name":"Box Repsol","description":"Box Repsol Site","publisher":{"@id":"https:\/\/www.boxrepsol.com\/es\/#organization"},"potentialAction":[{"@type":"SearchAction","target":{"@type":"EntryPoint","urlTemplate":"https:\/\/www.boxrepsol.com\/es\/?s={search_term_string}"},"query-input":{"@type":"PropertyValueSpecification","valueRequired":true,"valueName":"search_term_string"}}],"inLanguage":"es"},{"@type":"Organization","@id":"https:\/\/www.boxrepsol.com\/es\/#organization","name":"Box Repsol","url":"https:\/\/www.boxrepsol.com\/es\/","logo":{"@type":"ImageObject","inLanguage":"es","@id":"https:\/\/www.boxrepsol.com\/es\/#\/schema\/logo\/image\/","url":"https:\/\/bxrepsol.s3.eu-west-1.amazonaws.com\/static\/2025\/07\/30083337\/favicon-96x96-1.png","contentUrl":"https:\/\/bxrepsol.s3.eu-west-1.amazonaws.com\/static\/2025\/07\/30083337\/favicon-96x96-1.png","width":96,"height":96,"caption":"Box Repsol"},"image":{"@id":"https:\/\/www.boxrepsol.com\/es\/#\/schema\/logo\/image\/"},"sameAs":["https:\/\/www.facebook.com\/BoxRepsol","https:\/\/x.com\/box_repsol","http:\/\/instagram.com\/box_repsol","https:\/\/www.youtube.com\/user\/RepsolCompeticion","https:\/\/www.flickr.com\/photos\/box_repsol\/"]},{"@type":"Person","@id":"https:\/\/www.boxrepsol.com\/es\/#\/schema\/person\/c5c2138f2cca251b0ad92b7086bb60b7","name":"Redacci\u00f3n Box Repsol","image":{"@type":"ImageObject","inLanguage":"es","@id":"https:\/\/secure.gravatar.com\/avatar\/adf7b77e38b4419baf32c7e9c21dde01f4e40df611f0978e3006fc4ba0aaab7e?s=96&d=mm&r=g","url":"https:\/\/secure.gravatar.com\/avatar\/adf7b77e38b4419baf32c7e9c21dde01f4e40df611f0978e3006fc4ba0aaab7e?s=96&d=mm&r=g","contentUrl":"https:\/\/secure.gravatar.com\/avatar\/adf7b77e38b4419baf32c7e9c21dde01f4e40df611f0978e3006fc4ba0aaab7e?s=96&d=mm&r=g","caption":"Redacci\u00f3n Box Repsol"},"description":"Box Repsol lo forma un equipo de periodistas, community managers, dise\u00f1adores y fot\u00f3grafos con m\u00e1s de 20 a\u00f1os de experiencia en el mundo del motorsport. Hemos vivido el primer mundial de un espa\u00f1ol en la categor\u00eda reina de motociclismo con \u00c1lex Crivill\u00e9, estuvimos en las victorias de Pedrosa y los t\u00edtulos de M\u00e1rquez, acompa\u00f1amos en \u00c1frica a Nani Roma y Marc Coma en sus conquistas del Dakar y hemos vibrado con los t\u00edtulos de Toni Bou en Trial. Adem\u00e1s, en nuestro equipo contamos con expertos en el mundo de las dos y cuatro ruedas tanto de la calle y las carreteras, como de los circuitos. Periodistas que han trabajado en revistas y publicaciones para hacerte llegar desde rutas y consejos de mantenimiento, a curiosidades y trucos de pilotaje.","sameAs":["https:\/\/www.facebook.com\/BoxRepsol\/","https:\/\/www.instagram.com\/box_repsol\/","https:\/\/x.com\/https:\/\/twitter.com\/box_repsol","https:\/\/www.youtube.com\/@Boxrepsol"],"url":"https:\/\/www.boxrepsol.com\/es\/author\/redaccion-box-repsol\/"}]}},"_links":{"self":[{"href":"https:\/\/www.boxrepsol.com\/es\/wp-json\/wp\/v2\/posts\/93787","targetHints":{"allow":["GET"]}}],"collection":[{"href":"https:\/\/www.boxrepsol.com\/es\/wp-json\/wp\/v2\/posts"}],"about":[{"href":"https:\/\/www.boxrepsol.com\/es\/wp-json\/wp\/v2\/types\/post"}],"author":[{"embeddable":true,"href":"https:\/\/www.boxrepsol.com\/es\/wp-json\/wp\/v2\/users\/43146"}],"replies":[{"embeddable":true,"href":"https:\/\/www.boxrepsol.com\/es\/wp-json\/wp\/v2\/comments?post=93787"}],"version-history":[{"count":1,"href":"https:\/\/www.boxrepsol.com\/es\/wp-json\/wp\/v2\/posts\/93787\/revisions"}],"predecessor-version":[{"id":93788,"href":"https:\/\/www.boxrepsol.com\/es\/wp-json\/wp\/v2\/posts\/93787\/revisions\/93788"}],"wp:featuredmedia":[{"embeddable":true,"href":"https:\/\/www.boxrepsol.com\/es\/wp-json\/wp\/v2\/media\/61171"}],"wp:attachment":[{"href":"https:\/\/www.boxrepsol.com\/es\/wp-json\/wp\/v2\/media?parent=93787"}],"wp:term":[{"taxonomy":"category","embeddable":true,"href":"https:\/\/www.boxrepsol.com\/es\/wp-json\/wp\/v2\/categories?post=93787"},{"taxonomy":"post_tag","embeddable":true,"href":"https:\/\/www.boxrepsol.com\/es\/wp-json\/wp\/v2\/tags?post=93787"}],"curies":[{"name":"wp","href":"https:\/\/api.w.org\/{rel}","templated":true}]}}