{"id":93785,"date":"2019-03-08T00:00:00","date_gmt":"2019-03-08T02:00:00","guid":{"rendered":"http:\/\/pre.boxrepsol.com\/sin-categorizar\/marc-marquez-bate-record-del-circuito-la-primera-jornada-losail\/"},"modified":"2024-10-03T07:22:12","modified_gmt":"2024-10-03T09:22:12","slug":"marc-marquez-bate-record-del-circuito-la-primera-jornada-losail","status":"publish","type":"post","link":"https:\/\/www.boxrepsol.com\/es\/motogp\/marc-marquez-bate-record-del-circuito-la-primera-jornada-losail\/","title":{"rendered":"Marc M\u00e1rquez bate el r\u00e9cord del circuito la primera jornada en Losail"},"content":{"rendered":"<p>El vigente Campe\u00f3n del Mundo, tercero en el FP1, ha mejorado su crono casi dos segundos en el FP2 y ha sido <strong>el m\u00e1s r\u00e1pido de la jornada<\/strong>.<\/p>\n<p>M\u00e1rquez ha rodado en 1 minuto, 53 segundos y 380 mil\u00e9simas, <strong>la vuelta m\u00e1s r\u00e1pida jam\u00e1s dada en el Circuito Internacional de Losail<\/strong> \u2013tres d\u00e9cimas por debajo del anterior r\u00e9cord de la pista\u2013.<\/p>\n<p>Jorge Lorenzo <strong>ha rozado el mejor tiempo en la primera sesi\u00f3n libre<\/strong> del Gran Premio y ha terminado segundo a 79 mil\u00e9simas de Valentino Rossi.<\/p>\n<p>En el FP2, el balear del equipo Repsol Honda ha bajado siete d\u00e9cimas su registro, terminando und\u00e9cimo en la tabla de tiempos.<\/p>\n<p><!-- Imagen relacionada --><\/p>\n<p><!-- Categor\u00eda --><br \/>\nMotoGP<br \/>\n<!-- T\u00edtulo --><\/p>\n<h3>Horarios GP de Catar de MotoGP 2019<\/h3>\n<p><!-- Fecha --><br \/>\nhace 1 hora<\/p>\n<h2>GP de Catar 2019 FP1 &#8211; Declaraciones de Marc M\u00e1rquez y Jorge Lorenzo<\/h2>\n<p><a href=\"https:\/\/twitter.com\/hashtag\/MM93?src=hash\">#MM93<\/a><\/p>\n<p><em>Ha sido un d\u00eda muy positivo. Me he centrado mucho en clasificarme directamente para la Q2 y s\u00ed, la vuelta ha sido buena, pero lo\u00a0principal es nuestro ritmo. Todav\u00eda tenemos que trabajar un poco en ello, pero estamos encontrando el camino y estoy contento de c\u00f3mo ha ido el d\u00eda. Normalmente sufrimos mucho en este circuito, pero m\u00e1s o menos estamos ah\u00ed. Son entrenamientos libres, lo m\u00e1s importante del fin de semana es el domingo.<\/em><\/p>\n<p><a href=\"https:\/\/twitter.com\/hashtag\/JL99?src=hash\">#JL99<\/a><\/p>\n<p><em>Estoy muy contento, con mucha confianza y rodando c\u00f3modo con la moto. Tenemos mucho potencial y, trabajando bien, creo que podemos llegar. Es una buena se\u00f1al que en la primera sesi\u00f3n hayamos sido r\u00e1pidos, pero todav\u00eda tenemos que entender un poco m\u00e1s la moto en condiciones m\u00e1s fr\u00edas. Tengo la sensaci\u00f3n de que podemos ser muy competitivos con la puesta a punto adecuada.<\/em><\/p>\n","protected":false},"excerpt":{"rendered":"<p>El piloto del equipo Repsol Honda es el m\u00e1s r\u00e1pido en los primeros entrenamientos del a\u00f1o, con Jorge Lorenzo en und\u00e9cima posici\u00f3n.<\/p>\n","protected":false},"author":43146,"featured_media":61165,"comment_status":"open","ping_status":"open","sticky":false,"template":"","format":"standard","meta":{"footnotes":""},"categories":[4],"tags":[157],"class_list":["post-93785","post","type-post","status-publish","format-standard","hentry","category-motogp","tag-motogp-catar"],"yoast_head":"<!-- This site is optimized with the Yoast SEO plugin v27.3 - https:\/\/yoast.com\/product\/yoast-seo-wordpress\/ -->\n<title>GP Catar 2019 D\u00eda 1 - Marc M\u00e1rquez bate el r\u00e9cord del circuito la primera jornada en Losail<\/title>\n<meta name=\"description\" content=\"El piloto del equipo Repsol Honda es el m\u00e1s r\u00e1pido en los primeros entrenamientos del a\u00f1o, con Jorge Lorenzo en und\u00e9cima posici\u00f3n.\" \/>\n<link rel=\"canonical\" href=\"https:\/\/www.boxrepsol.com\/es\/motogp\/marc-marquez-bate-record-del-circuito-la-primera-jornada-losail\/\" \/>\n<meta property=\"og:locale\" content=\"es_ES\" \/>\n<meta property=\"og:type\" content=\"article\" \/>\n<meta property=\"og:title\" content=\"GP Catar 2019 D\u00eda 1 - Marc M\u00e1rquez bate el r\u00e9cord del circuito la primera jornada en Losail\" \/>\n<meta property=\"og:description\" content=\"El piloto del equipo Repsol Honda es el m\u00e1s r\u00e1pido en los primeros entrenamientos del a\u00f1o, con Jorge Lorenzo en und\u00e9cima posici\u00f3n.\" \/>\n<meta property=\"og:url\" content=\"https:\/\/www.boxrepsol.com\/es\/motogp\/marc-marquez-bate-record-del-circuito-la-primera-jornada-losail\/\" \/>\n<meta property=\"og:site_name\" content=\"Box Repsol\" \/>\n<meta property=\"article:publisher\" content=\"https:\/\/www.facebook.com\/BoxRepsol\" \/>\n<meta property=\"article:author\" content=\"https:\/\/www.facebook.com\/BoxRepsol\/\" \/>\n<meta property=\"article:published_time\" content=\"2019-03-08T02:00:00+00:00\" \/>\n<meta property=\"article:modified_time\" content=\"2024-10-03T09:22:12+00:00\" \/>\n<meta property=\"og:image\" content=\"https:\/\/bxrepsol.s3.eu-west-1.amazonaws.com\/static\/2022\/08\/29084657\/00_marc_marquez_motogp_losail_dia1_2019-2.jpg\" \/>\n\t<meta property=\"og:image:width\" content=\"1280\" \/>\n\t<meta property=\"og:image:height\" content=\"600\" \/>\n\t<meta property=\"og:image:type\" content=\"image\/jpeg\" \/>\n<meta name=\"author\" content=\"Redacci\u00f3n Box Repsol\" \/>\n<meta name=\"twitter:card\" content=\"summary_large_image\" \/>\n<meta name=\"twitter:creator\" content=\"@https:\/\/twitter.com\/box_repsol\" \/>\n<meta name=\"twitter:site\" content=\"@box_repsol\" \/>\n<meta name=\"twitter:label1\" content=\"Written by\" \/>\n\t<meta name=\"twitter:data1\" content=\"Redacci\u00f3n Box Repsol\" \/>\n\t<meta name=\"twitter:label2\" content=\"Est. reading time\" \/>\n\t<meta name=\"twitter:data2\" content=\"1 minuto\" \/>\n<script type=\"application\/ld+json\" class=\"yoast-schema-graph\">{\"@context\":\"https:\\\/\\\/schema.org\",\"@graph\":[{\"@type\":\"Article\",\"@id\":\"https:\\\/\\\/www.boxrepsol.com\\\/es\\\/motogp\\\/marc-marquez-bate-record-del-circuito-la-primera-jornada-losail\\\/#article\",\"isPartOf\":{\"@id\":\"https:\\\/\\\/www.boxrepsol.com\\\/es\\\/motogp\\\/marc-marquez-bate-record-del-circuito-la-primera-jornada-losail\\\/\"},\"author\":{\"name\":\"Redacci\u00f3n Box Repsol\",\"@id\":\"https:\\\/\\\/www.boxrepsol.com\\\/es\\\/#\\\/schema\\\/person\\\/c5c2138f2cca251b0ad92b7086bb60b7\"},\"headline\":\"Marc M\u00e1rquez bate el r\u00e9cord del circuito la primera jornada en Losail\",\"datePublished\":\"2019-03-08T02:00:00+00:00\",\"dateModified\":\"2024-10-03T09:22:12+00:00\",\"mainEntityOfPage\":{\"@id\":\"https:\\\/\\\/www.boxrepsol.com\\\/es\\\/motogp\\\/marc-marquez-bate-record-del-circuito-la-primera-jornada-losail\\\/\"},\"wordCount\":310,\"commentCount\":0,\"publisher\":{\"@id\":\"https:\\\/\\\/www.boxrepsol.com\\\/es\\\/#organization\"},\"image\":{\"@id\":\"https:\\\/\\\/www.boxrepsol.com\\\/es\\\/motogp\\\/marc-marquez-bate-record-del-circuito-la-primera-jornada-losail\\\/#primaryimage\"},\"thumbnailUrl\":\"https:\\\/\\\/bxrepsol.s3.eu-west-1.amazonaws.com\\\/static\\\/2022\\\/08\\\/29084657\\\/00_marc_marquez_motogp_losail_dia1_2019-2.jpg\",\"keywords\":[\"MotoGP Catar\"],\"articleSection\":[\"MotoGP\"],\"inLanguage\":\"es\",\"potentialAction\":[{\"@type\":\"CommentAction\",\"name\":\"Comment\",\"target\":[\"https:\\\/\\\/www.boxrepsol.com\\\/es\\\/motogp\\\/marc-marquez-bate-record-del-circuito-la-primera-jornada-losail\\\/#respond\"]}]},{\"@type\":\"WebPage\",\"@id\":\"https:\\\/\\\/www.boxrepsol.com\\\/es\\\/motogp\\\/marc-marquez-bate-record-del-circuito-la-primera-jornada-losail\\\/\",\"url\":\"https:\\\/\\\/www.boxrepsol.com\\\/es\\\/motogp\\\/marc-marquez-bate-record-del-circuito-la-primera-jornada-losail\\\/\",\"name\":\"GP Catar 2019 D\u00eda 1 - Marc M\u00e1rquez bate el r\u00e9cord del circuito la primera jornada en Losail\",\"isPartOf\":{\"@id\":\"https:\\\/\\\/www.boxrepsol.com\\\/es\\\/#website\"},\"primaryImageOfPage\":{\"@id\":\"https:\\\/\\\/www.boxrepsol.com\\\/es\\\/motogp\\\/marc-marquez-bate-record-del-circuito-la-primera-jornada-losail\\\/#primaryimage\"},\"image\":{\"@id\":\"https:\\\/\\\/www.boxrepsol.com\\\/es\\\/motogp\\\/marc-marquez-bate-record-del-circuito-la-primera-jornada-losail\\\/#primaryimage\"},\"thumbnailUrl\":\"https:\\\/\\\/bxrepsol.s3.eu-west-1.amazonaws.com\\\/static\\\/2022\\\/08\\\/29084657\\\/00_marc_marquez_motogp_losail_dia1_2019-2.jpg\",\"datePublished\":\"2019-03-08T02:00:00+00:00\",\"dateModified\":\"2024-10-03T09:22:12+00:00\",\"description\":\"El piloto del equipo Repsol Honda es el m\u00e1s r\u00e1pido en los primeros entrenamientos del a\u00f1o, con Jorge Lorenzo en und\u00e9cima posici\u00f3n.\",\"breadcrumb\":{\"@id\":\"https:\\\/\\\/www.boxrepsol.com\\\/es\\\/motogp\\\/marc-marquez-bate-record-del-circuito-la-primera-jornada-losail\\\/#breadcrumb\"},\"inLanguage\":\"es\",\"potentialAction\":[{\"@type\":\"ReadAction\",\"target\":[\"https:\\\/\\\/www.boxrepsol.com\\\/es\\\/motogp\\\/marc-marquez-bate-record-del-circuito-la-primera-jornada-losail\\\/\"]}]},{\"@type\":\"ImageObject\",\"inLanguage\":\"es\",\"@id\":\"https:\\\/\\\/www.boxrepsol.com\\\/es\\\/motogp\\\/marc-marquez-bate-record-del-circuito-la-primera-jornada-losail\\\/#primaryimage\",\"url\":\"https:\\\/\\\/bxrepsol.s3.eu-west-1.amazonaws.com\\\/static\\\/2022\\\/08\\\/29084657\\\/00_marc_marquez_motogp_losail_dia1_2019-2.jpg\",\"contentUrl\":\"https:\\\/\\\/bxrepsol.s3.eu-west-1.amazonaws.com\\\/static\\\/2022\\\/08\\\/29084657\\\/00_marc_marquez_motogp_losail_dia1_2019-2.jpg\",\"width\":1280,\"height\":600,\"caption\":\"Marc M\u00e1rquez corriendo en Losail\"},{\"@type\":\"BreadcrumbList\",\"@id\":\"https:\\\/\\\/www.boxrepsol.com\\\/es\\\/motogp\\\/marc-marquez-bate-record-del-circuito-la-primera-jornada-losail\\\/#breadcrumb\",\"itemListElement\":[{\"@type\":\"ListItem\",\"position\":1,\"name\":\"Home\",\"item\":\"https:\\\/\\\/www.boxrepsol.com\\\/es\\\/\"},{\"@type\":\"ListItem\",\"position\":2,\"name\":\"Marc M\u00e1rquez bate el r\u00e9cord del circuito la primera jornada en Losail\"}]},{\"@type\":\"WebSite\",\"@id\":\"https:\\\/\\\/www.boxrepsol.com\\\/es\\\/#website\",\"url\":\"https:\\\/\\\/www.boxrepsol.com\\\/es\\\/\",\"name\":\"Box Repsol\",\"description\":\"Box Repsol Site\",\"publisher\":{\"@id\":\"https:\\\/\\\/www.boxrepsol.com\\\/es\\\/#organization\"},\"potentialAction\":[{\"@type\":\"SearchAction\",\"target\":{\"@type\":\"EntryPoint\",\"urlTemplate\":\"https:\\\/\\\/www.boxrepsol.com\\\/es\\\/?s={search_term_string}\"},\"query-input\":{\"@type\":\"PropertyValueSpecification\",\"valueRequired\":true,\"valueName\":\"search_term_string\"}}],\"inLanguage\":\"es\"},{\"@type\":\"Organization\",\"@id\":\"https:\\\/\\\/www.boxrepsol.com\\\/es\\\/#organization\",\"name\":\"Box Repsol\",\"url\":\"https:\\\/\\\/www.boxrepsol.com\\\/es\\\/\",\"logo\":{\"@type\":\"ImageObject\",\"inLanguage\":\"es\",\"@id\":\"https:\\\/\\\/www.boxrepsol.com\\\/es\\\/#\\\/schema\\\/logo\\\/image\\\/\",\"url\":\"https:\\\/\\\/bxrepsol.s3.eu-west-1.amazonaws.com\\\/static\\\/2025\\\/07\\\/30083337\\\/favicon-96x96-1.png\",\"contentUrl\":\"https:\\\/\\\/bxrepsol.s3.eu-west-1.amazonaws.com\\\/static\\\/2025\\\/07\\\/30083337\\\/favicon-96x96-1.png\",\"width\":96,\"height\":96,\"caption\":\"Box Repsol\"},\"image\":{\"@id\":\"https:\\\/\\\/www.boxrepsol.com\\\/es\\\/#\\\/schema\\\/logo\\\/image\\\/\"},\"sameAs\":[\"https:\\\/\\\/www.facebook.com\\\/BoxRepsol\",\"https:\\\/\\\/x.com\\\/box_repsol\",\"http:\\\/\\\/instagram.com\\\/box_repsol\",\"https:\\\/\\\/www.youtube.com\\\/user\\\/RepsolCompeticion\",\"https:\\\/\\\/www.flickr.com\\\/photos\\\/box_repsol\\\/\"]},{\"@type\":\"Person\",\"@id\":\"https:\\\/\\\/www.boxrepsol.com\\\/es\\\/#\\\/schema\\\/person\\\/c5c2138f2cca251b0ad92b7086bb60b7\",\"name\":\"Redacci\u00f3n Box Repsol\",\"image\":{\"@type\":\"ImageObject\",\"inLanguage\":\"es\",\"@id\":\"https:\\\/\\\/secure.gravatar.com\\\/avatar\\\/adf7b77e38b4419baf32c7e9c21dde01f4e40df611f0978e3006fc4ba0aaab7e?s=96&d=mm&r=g\",\"url\":\"https:\\\/\\\/secure.gravatar.com\\\/avatar\\\/adf7b77e38b4419baf32c7e9c21dde01f4e40df611f0978e3006fc4ba0aaab7e?s=96&d=mm&r=g\",\"contentUrl\":\"https:\\\/\\\/secure.gravatar.com\\\/avatar\\\/adf7b77e38b4419baf32c7e9c21dde01f4e40df611f0978e3006fc4ba0aaab7e?s=96&d=mm&r=g\",\"caption\":\"Redacci\u00f3n Box Repsol\"},\"description\":\"Box Repsol lo forma un equipo de periodistas, community managers, dise\u00f1adores y fot\u00f3grafos con m\u00e1s de 20 a\u00f1os de experiencia en el mundo del motorsport. Hemos vivido el primer mundial de un espa\u00f1ol en la categor\u00eda reina de motociclismo con \u00c1lex Crivill\u00e9, estuvimos en las victorias de Pedrosa y los t\u00edtulos de M\u00e1rquez, acompa\u00f1amos en \u00c1frica a Nani Roma y Marc Coma en sus conquistas del Dakar y hemos vibrado con los t\u00edtulos de Toni Bou en Trial. Adem\u00e1s, en nuestro equipo contamos con expertos en el mundo de las dos y cuatro ruedas tanto de la calle y las carreteras, como de los circuitos. Periodistas que han trabajado en revistas y publicaciones para hacerte llegar desde rutas y consejos de mantenimiento, a curiosidades y trucos de pilotaje.\",\"sameAs\":[\"https:\\\/\\\/www.facebook.com\\\/BoxRepsol\\\/\",\"https:\\\/\\\/www.instagram.com\\\/box_repsol\\\/\",\"https:\\\/\\\/x.com\\\/https:\\\/\\\/twitter.com\\\/box_repsol\",\"https:\\\/\\\/www.youtube.com\\\/@Boxrepsol\"],\"url\":\"https:\\\/\\\/www.boxrepsol.com\\\/es\\\/author\\\/redaccion-box-repsol\\\/\"}]}<\/script>\n<!-- \/ Yoast SEO plugin. -->","yoast_head_json":{"title":"GP Catar 2019 D\u00eda 1 - Marc M\u00e1rquez bate el r\u00e9cord del circuito la primera jornada en Losail","description":"El piloto del equipo Repsol Honda es el m\u00e1s r\u00e1pido en los primeros entrenamientos del a\u00f1o, con Jorge Lorenzo en und\u00e9cima posici\u00f3n.","canonical":"https:\/\/www.boxrepsol.com\/es\/motogp\/marc-marquez-bate-record-del-circuito-la-primera-jornada-losail\/","og_locale":"es_ES","og_type":"article","og_title":"GP Catar 2019 D\u00eda 1 - Marc M\u00e1rquez bate el r\u00e9cord del circuito la primera jornada en Losail","og_description":"El piloto del equipo Repsol Honda es el m\u00e1s r\u00e1pido en los primeros entrenamientos del a\u00f1o, con Jorge Lorenzo en und\u00e9cima posici\u00f3n.","og_url":"https:\/\/www.boxrepsol.com\/es\/motogp\/marc-marquez-bate-record-del-circuito-la-primera-jornada-losail\/","og_site_name":"Box Repsol","article_publisher":"https:\/\/www.facebook.com\/BoxRepsol","article_author":"https:\/\/www.facebook.com\/BoxRepsol\/","article_published_time":"2019-03-08T02:00:00+00:00","article_modified_time":"2024-10-03T09:22:12+00:00","og_image":[{"width":1280,"height":600,"url":"https:\/\/bxrepsol.s3.eu-west-1.amazonaws.com\/static\/2022\/08\/29084657\/00_marc_marquez_motogp_losail_dia1_2019-2.jpg","type":"image\/jpeg"}],"author":"Redacci\u00f3n Box Repsol","twitter_card":"summary_large_image","twitter_creator":"@https:\/\/twitter.com\/box_repsol","twitter_site":"@box_repsol","twitter_misc":{"Written by":"Redacci\u00f3n Box Repsol","Est. reading time":"1 minuto"},"schema":{"@context":"https:\/\/schema.org","@graph":[{"@type":"Article","@id":"https:\/\/www.boxrepsol.com\/es\/motogp\/marc-marquez-bate-record-del-circuito-la-primera-jornada-losail\/#article","isPartOf":{"@id":"https:\/\/www.boxrepsol.com\/es\/motogp\/marc-marquez-bate-record-del-circuito-la-primera-jornada-losail\/"},"author":{"name":"Redacci\u00f3n Box Repsol","@id":"https:\/\/www.boxrepsol.com\/es\/#\/schema\/person\/c5c2138f2cca251b0ad92b7086bb60b7"},"headline":"Marc M\u00e1rquez bate el r\u00e9cord del circuito la primera jornada en Losail","datePublished":"2019-03-08T02:00:00+00:00","dateModified":"2024-10-03T09:22:12+00:00","mainEntityOfPage":{"@id":"https:\/\/www.boxrepsol.com\/es\/motogp\/marc-marquez-bate-record-del-circuito-la-primera-jornada-losail\/"},"wordCount":310,"commentCount":0,"publisher":{"@id":"https:\/\/www.boxrepsol.com\/es\/#organization"},"image":{"@id":"https:\/\/www.boxrepsol.com\/es\/motogp\/marc-marquez-bate-record-del-circuito-la-primera-jornada-losail\/#primaryimage"},"thumbnailUrl":"https:\/\/bxrepsol.s3.eu-west-1.amazonaws.com\/static\/2022\/08\/29084657\/00_marc_marquez_motogp_losail_dia1_2019-2.jpg","keywords":["MotoGP Catar"],"articleSection":["MotoGP"],"inLanguage":"es","potentialAction":[{"@type":"CommentAction","name":"Comment","target":["https:\/\/www.boxrepsol.com\/es\/motogp\/marc-marquez-bate-record-del-circuito-la-primera-jornada-losail\/#respond"]}]},{"@type":"WebPage","@id":"https:\/\/www.boxrepsol.com\/es\/motogp\/marc-marquez-bate-record-del-circuito-la-primera-jornada-losail\/","url":"https:\/\/www.boxrepsol.com\/es\/motogp\/marc-marquez-bate-record-del-circuito-la-primera-jornada-losail\/","name":"GP Catar 2019 D\u00eda 1 - Marc M\u00e1rquez bate el r\u00e9cord del circuito la primera jornada en Losail","isPartOf":{"@id":"https:\/\/www.boxrepsol.com\/es\/#website"},"primaryImageOfPage":{"@id":"https:\/\/www.boxrepsol.com\/es\/motogp\/marc-marquez-bate-record-del-circuito-la-primera-jornada-losail\/#primaryimage"},"image":{"@id":"https:\/\/www.boxrepsol.com\/es\/motogp\/marc-marquez-bate-record-del-circuito-la-primera-jornada-losail\/#primaryimage"},"thumbnailUrl":"https:\/\/bxrepsol.s3.eu-west-1.amazonaws.com\/static\/2022\/08\/29084657\/00_marc_marquez_motogp_losail_dia1_2019-2.jpg","datePublished":"2019-03-08T02:00:00+00:00","dateModified":"2024-10-03T09:22:12+00:00","description":"El piloto del equipo Repsol Honda es el m\u00e1s r\u00e1pido en los primeros entrenamientos del a\u00f1o, con Jorge Lorenzo en und\u00e9cima posici\u00f3n.","breadcrumb":{"@id":"https:\/\/www.boxrepsol.com\/es\/motogp\/marc-marquez-bate-record-del-circuito-la-primera-jornada-losail\/#breadcrumb"},"inLanguage":"es","potentialAction":[{"@type":"ReadAction","target":["https:\/\/www.boxrepsol.com\/es\/motogp\/marc-marquez-bate-record-del-circuito-la-primera-jornada-losail\/"]}]},{"@type":"ImageObject","inLanguage":"es","@id":"https:\/\/www.boxrepsol.com\/es\/motogp\/marc-marquez-bate-record-del-circuito-la-primera-jornada-losail\/#primaryimage","url":"https:\/\/bxrepsol.s3.eu-west-1.amazonaws.com\/static\/2022\/08\/29084657\/00_marc_marquez_motogp_losail_dia1_2019-2.jpg","contentUrl":"https:\/\/bxrepsol.s3.eu-west-1.amazonaws.com\/static\/2022\/08\/29084657\/00_marc_marquez_motogp_losail_dia1_2019-2.jpg","width":1280,"height":600,"caption":"Marc M\u00e1rquez corriendo en Losail"},{"@type":"BreadcrumbList","@id":"https:\/\/www.boxrepsol.com\/es\/motogp\/marc-marquez-bate-record-del-circuito-la-primera-jornada-losail\/#breadcrumb","itemListElement":[{"@type":"ListItem","position":1,"name":"Home","item":"https:\/\/www.boxrepsol.com\/es\/"},{"@type":"ListItem","position":2,"name":"Marc M\u00e1rquez bate el r\u00e9cord del circuito la primera jornada en Losail"}]},{"@type":"WebSite","@id":"https:\/\/www.boxrepsol.com\/es\/#website","url":"https:\/\/www.boxrepsol.com\/es\/","name":"Box Repsol","description":"Box Repsol Site","publisher":{"@id":"https:\/\/www.boxrepsol.com\/es\/#organization"},"potentialAction":[{"@type":"SearchAction","target":{"@type":"EntryPoint","urlTemplate":"https:\/\/www.boxrepsol.com\/es\/?s={search_term_string}"},"query-input":{"@type":"PropertyValueSpecification","valueRequired":true,"valueName":"search_term_string"}}],"inLanguage":"es"},{"@type":"Organization","@id":"https:\/\/www.boxrepsol.com\/es\/#organization","name":"Box Repsol","url":"https:\/\/www.boxrepsol.com\/es\/","logo":{"@type":"ImageObject","inLanguage":"es","@id":"https:\/\/www.boxrepsol.com\/es\/#\/schema\/logo\/image\/","url":"https:\/\/bxrepsol.s3.eu-west-1.amazonaws.com\/static\/2025\/07\/30083337\/favicon-96x96-1.png","contentUrl":"https:\/\/bxrepsol.s3.eu-west-1.amazonaws.com\/static\/2025\/07\/30083337\/favicon-96x96-1.png","width":96,"height":96,"caption":"Box Repsol"},"image":{"@id":"https:\/\/www.boxrepsol.com\/es\/#\/schema\/logo\/image\/"},"sameAs":["https:\/\/www.facebook.com\/BoxRepsol","https:\/\/x.com\/box_repsol","http:\/\/instagram.com\/box_repsol","https:\/\/www.youtube.com\/user\/RepsolCompeticion","https:\/\/www.flickr.com\/photos\/box_repsol\/"]},{"@type":"Person","@id":"https:\/\/www.boxrepsol.com\/es\/#\/schema\/person\/c5c2138f2cca251b0ad92b7086bb60b7","name":"Redacci\u00f3n Box Repsol","image":{"@type":"ImageObject","inLanguage":"es","@id":"https:\/\/secure.gravatar.com\/avatar\/adf7b77e38b4419baf32c7e9c21dde01f4e40df611f0978e3006fc4ba0aaab7e?s=96&d=mm&r=g","url":"https:\/\/secure.gravatar.com\/avatar\/adf7b77e38b4419baf32c7e9c21dde01f4e40df611f0978e3006fc4ba0aaab7e?s=96&d=mm&r=g","contentUrl":"https:\/\/secure.gravatar.com\/avatar\/adf7b77e38b4419baf32c7e9c21dde01f4e40df611f0978e3006fc4ba0aaab7e?s=96&d=mm&r=g","caption":"Redacci\u00f3n Box Repsol"},"description":"Box Repsol lo forma un equipo de periodistas, community managers, dise\u00f1adores y fot\u00f3grafos con m\u00e1s de 20 a\u00f1os de experiencia en el mundo del motorsport. Hemos vivido el primer mundial de un espa\u00f1ol en la categor\u00eda reina de motociclismo con \u00c1lex Crivill\u00e9, estuvimos en las victorias de Pedrosa y los t\u00edtulos de M\u00e1rquez, acompa\u00f1amos en \u00c1frica a Nani Roma y Marc Coma en sus conquistas del Dakar y hemos vibrado con los t\u00edtulos de Toni Bou en Trial. Adem\u00e1s, en nuestro equipo contamos con expertos en el mundo de las dos y cuatro ruedas tanto de la calle y las carreteras, como de los circuitos. Periodistas que han trabajado en revistas y publicaciones para hacerte llegar desde rutas y consejos de mantenimiento, a curiosidades y trucos de pilotaje.","sameAs":["https:\/\/www.facebook.com\/BoxRepsol\/","https:\/\/www.instagram.com\/box_repsol\/","https:\/\/x.com\/https:\/\/twitter.com\/box_repsol","https:\/\/www.youtube.com\/@Boxrepsol"],"url":"https:\/\/www.boxrepsol.com\/es\/author\/redaccion-box-repsol\/"}]}},"_links":{"self":[{"href":"https:\/\/www.boxrepsol.com\/es\/wp-json\/wp\/v2\/posts\/93785","targetHints":{"allow":["GET"]}}],"collection":[{"href":"https:\/\/www.boxrepsol.com\/es\/wp-json\/wp\/v2\/posts"}],"about":[{"href":"https:\/\/www.boxrepsol.com\/es\/wp-json\/wp\/v2\/types\/post"}],"author":[{"embeddable":true,"href":"https:\/\/www.boxrepsol.com\/es\/wp-json\/wp\/v2\/users\/43146"}],"replies":[{"embeddable":true,"href":"https:\/\/www.boxrepsol.com\/es\/wp-json\/wp\/v2\/comments?post=93785"}],"version-history":[{"count":3,"href":"https:\/\/www.boxrepsol.com\/es\/wp-json\/wp\/v2\/posts\/93785\/revisions"}],"predecessor-version":[{"id":120334,"href":"https:\/\/www.boxrepsol.com\/es\/wp-json\/wp\/v2\/posts\/93785\/revisions\/120334"}],"wp:featuredmedia":[{"embeddable":true,"href":"https:\/\/www.boxrepsol.com\/es\/wp-json\/wp\/v2\/media\/61165"}],"wp:attachment":[{"href":"https:\/\/www.boxrepsol.com\/es\/wp-json\/wp\/v2\/media?parent=93785"}],"wp:term":[{"taxonomy":"category","embeddable":true,"href":"https:\/\/www.boxrepsol.com\/es\/wp-json\/wp\/v2\/categories?post=93785"},{"taxonomy":"post_tag","embeddable":true,"href":"https:\/\/www.boxrepsol.com\/es\/wp-json\/wp\/v2\/tags?post=93785"}],"curies":[{"name":"wp","href":"https:\/\/api.w.org\/{rel}","templated":true}]}}