{"id":93767,"date":"2019-02-26T00:00:00","date_gmt":"2019-02-26T02:00:00","guid":{"rendered":"http:\/\/pre.boxrepsol.com\/sin-categorizar\/equipo-repsol-honda-concluye-satisfecho-la-pretemporada\/"},"modified":"2024-04-25T09:46:41","modified_gmt":"2024-04-25T11:46:41","slug":"equipo-repsol-honda-concluye-satisfecho-la-pretemporada","status":"publish","type":"post","link":"https:\/\/www.boxrepsol.com\/es\/motogp\/equipo-repsol-honda-concluye-satisfecho-la-pretemporada\/","title":{"rendered":"El equipo Repsol Honda concluye satisfecho la pretemporada"},"content":{"rendered":"<p>Un fuerte viento ha dado la bienvenida al equipo Repsol Honda en el Circuito Internacional de Losail para completar el \u00faltimo d\u00eda de entrenamientos de la pretemporada. Con estas circunstancias,<strong> Marc M\u00e1rquez y Jorge Lorenzo han retrasado ligeramente su salida a pista<\/strong>, aunque ambos han podido recuperar el tiempo perdido durante el resto del d\u00eda. <a href=\"https:\/\/www.boxrepsol.com\/es\/motogp\/presion-temperatura-fuerzas-superficie-los-secretos-del-neumatico\/\">La bajada de las temperaturas<\/a> a medida que ha avanzado la noche ha provocado numerosas ca\u00eddas al final del entrenamiento.<\/p>\n<p>En cuanto el viento ha disminuido, los pilotos r\u00e1pidamente han bajado sus registros.<strong> Marc M\u00e1rquez ha encadenado una sucesi\u00f3n de vueltas r\u00e1pidas<\/strong>, marcando un mejor crono de 1 minuto, 54 segundos y 613 mil\u00e9simas. Una ca\u00edda en la curva 6 cuando quedaban dos horas para concluir el d\u00eda no ha hecho disminuir su confianza y r\u00e1pidamente ha regresado a pista, completando un simulacro de carrera. Al final, el vigente Campe\u00f3n del Mundo ha completado un total de 144 vueltas y <strong>ha terminado tercero en la tabla de tiempos<\/strong> \u2013cuarto de la clasificaci\u00f3n combinada de los tres d\u00edas\u2013.<\/p>\n<p><strong>Jorge Lorenzo se ha mantenido concentrado en mejorar progresivamente sus sensaciones<\/strong> y su ritmo con la Honda RC213V, bajando nuevamente sus tiempos del d\u00eda anterior. A pesar de una ca\u00edda en la curva 2, el piloto balear ha mostrado una clara progresi\u00f3n, concluyendo el test con un tiempo de 1 minuto, 54 segundos y 653 mil\u00e9simas, <strong>quinto de la tabla de tiempos<\/strong> \u2013sexto de la clasificaci\u00f3n combinada\u2013, tras sumar un total de 115 vueltas en los tres d\u00edas.<\/p>\n<p>Los integrantes del equipo Repsol Honda regresar\u00e1n ahora a sus lugares de residencia, antes de volver a Catar la pr\u00f3xima semana para iniciar los entrenamientos del primer Gran Premio del a\u00f1o, el pr\u00f3ximo viernes 8 de marzo.<\/p>\n<p><a href=\"https:\/\/bxrepsol.s3.eu-west-1.amazonaws.com\/static\/2022\/08\/05063847\/00_jorge_lorenzo_motogp_repsol_honda_losail_test_catar_2019.jpg\" \n   title=\"Jorge Lorenzo corre de noche sobre la Honda\" \n   data-gallery-thumbnail=\"https:\/\/bxrepsol.s3.eu-west-1.amazonaws.com\/static\/2022\/08\/05063847\/00_jorge_lorenzo_motogp_repsol_honda_losail_test_catar_2019.jpg\"\n   data-gallery-title=\"\"\n   data-gallery><\/p>\n<figure>\n        <picture style=\"padding-bottom: 66.666666666667%; background-image: url(https:\/\/bxrepsol.s3.eu-west-1.amazonaws.com\/static\/2022\/08\/05063847\/00_jorge_lorenzo_motogp_repsol_honda_losail_test_catar_2019.jpg);\">\n            <img decoding=\"async\" src=\"https:\/\/bxrepsol.s3.eu-west-1.amazonaws.com\/static\/2022\/08\/05063847\/00_jorge_lorenzo_motogp_repsol_honda_losail_test_catar_2019.jpg\"><br \/>\n            <img itemprop=\"image\"\n                data-srcset=\"https:\/\/bxrepsol.s3.eu-west-1.amazonaws.com\/static\/2022\/08\/05063847\/00_jorge_lorenzo_motogp_repsol_honda_losail_test_catar_2019.jpg 480w, https:\/\/bxrepsol.s3.eu-west-1.amazonaws.com\/static\/2022\/08\/05063847\/00_jorge_lorenzo_motogp_repsol_honda_losail_test_catar_2019.jpg 600w, https:\/\/bxrepsol.s3.eu-west-1.amazonaws.com\/static\/2022\/08\/05063847\/00_jorge_lorenzo_motogp_repsol_honda_losail_test_catar_2019.jpg 900w, https:\/\/bxrepsol.s3.eu-west-1.amazonaws.com\/static\/2022\/08\/05063847\/00_jorge_lorenzo_motogp_repsol_honda_losail_test_catar_2019.jpg 1280w\"\n                data-src=\"https:\/\/bxrepsol.s3.eu-west-1.amazonaws.com\/static\/2022\/08\/05063847\/00_jorge_lorenzo_motogp_repsol_honda_losail_test_catar_2019.jpg\"\n                alt=\"Jorge Lorenzo corre de noche sobre la Honda\"\n                title=\"Jorge Lorenzo en Catar  durante test de pretemporada\"\/><br \/>\n            <noscript><img decoding=\"async\" src=\"https:\/\/bxrepsol.s3.eu-west-1.amazonaws.com\/static\/2022\/08\/05063847\/00_jorge_lorenzo_motogp_repsol_honda_losail_test_catar_2019.jpg\" alt=\"Jorge Lorenzo corre de noche sobre la Honda\"><\/noscript>\n        <\/picture><figcaption>Jorge Lorenzo corre de noche sobre la Honda<\/figcaption><\/figure>\n<p><\/a><\/p>\n<h2>Test Catar 2019 d\u00eda 3 &#8211; Declaraciones de Marc M\u00e1rquez y Jorge Lorenzo<\/h2>\n<p><a href=\"https:\/\/twitter.com\/hashtag\/MM93?src=hash&amp;lang=es\">#MM93<\/a><\/p>\n<p><em>Hoy me siento preparado para empezar la temporada. Como ayer, hemos dado muchas vueltas, hemos trabajado bien y hemos completado algunos pasos m\u00e1s. Todav\u00eda no estamos al cien por cien, pero tenemos buenas sensaciones. <\/em><\/p>\n<p><em>En el circuito de Losail normalmente nos cuesta, pero en este test estamos ah\u00ed, con todos los dem\u00e1s. Hoy ha sido un poco dif\u00edcil con el viento y la temperatura de la pista de esta noche, pero aun as\u00ed hemos hecho lo que ten\u00edamos planeado.<\/em><\/p>\n<p><a href=\"https:\/\/twitter.com\/hashtag\/JL99?src=hash\">#JL99<\/a><\/p>\n<p><em>Al inicio no ten\u00edamos bien ajustada la puesta a punto. Cuando hemos empezado a trabajar en la configuraci\u00f3n, hemos podido mejorar la moto y nuestra velocidad. He pilotado mejor, hemos ajustado algunas cosas y hemos dado un gran paso para ser finalmente competitivos. <\/em><\/p>\n<p><em>Estamos muy satisfechos; el potencial est\u00e1 ah\u00ed y s\u00f3lo es mi tercer d\u00eda como piloto oficial Honda, porque antes no estaba completamente en forma. Cuando est\u00e9 del todo recuperado y pilotando mejor, podremos ser todav\u00eda m\u00e1s fuertes.<\/em><\/p>\n<p>                <!-- Imagen relacionada --><br \/>\n        <img loading=\"lazy\" decoding=\"async\" width=\"404\" height=\"336\" src=\"https:\/\/bxrepsol.s3.eu-west-1.amazonaws.com\/static\/2022\/08\/29084611\/00_jorge_lorenzo_repsol_honda_motogp_2019_test_catar_99-e1551082618874-404x336-2.jpg\" alt=\"Jorge Lorenzo tomando una curva en la honda\" \/><br \/>\n                <!-- Categor\u00eda --><br \/>\n            MotoGP<br \/>\n        <!-- T\u00edtulo --><br \/>\n        <a href=\"https:\/\/www.boxrepsol.com\/es\/motogp\/productivo-penultimo-dia-test-del-equipo-repsol-honda\/\"><\/p>\n<h3>Productivo pen\u00faltimo d\u00eda de test del equipo Repsol Honda<\/h3>\n<p>        <\/a><br \/>\n                    <!-- Fecha --><br \/>\n            hace 1 hora<\/p>\n","protected":false},"excerpt":{"rendered":"<p>M\u00e1rquez y Lorenzo se van de Catar contentos con los progresos realizados de cara a la primera carrera del a\u00f1o, terminando cuarto y sexto, respectivamente.<\/p>\n","protected":false},"author":43146,"featured_media":61081,"comment_status":"open","ping_status":"open","sticky":false,"template":"","format":"standard","meta":{"footnotes":""},"categories":[4],"tags":[15],"class_list":["post-93767","post","type-post","status-publish","format-standard","hentry","category-motogp","tag-pretemporada"],"yoast_head":"<!-- This site is optimized with the Yoast SEO plugin v27.3 - https:\/\/yoast.com\/product\/yoast-seo-wordpress\/ -->\n<title>Test Catar 2019 - El equipo Repsol Honda concluye satisfecho la pretemporada<\/title>\n<meta name=\"description\" content=\"M\u00e1rquez y Lorenzo se van de Catar contentos con los progresos realizados de cara a la primera carrera del a\u00f1o, terminando cuarto y sexto, respectivamente.\" \/>\n<link rel=\"canonical\" href=\"https:\/\/www.boxrepsol.com\/es\/motogp\/equipo-repsol-honda-concluye-satisfecho-la-pretemporada\/\" \/>\n<meta property=\"og:locale\" content=\"es_ES\" \/>\n<meta property=\"og:type\" content=\"article\" \/>\n<meta property=\"og:title\" content=\"Test Catar 2019 - El equipo Repsol Honda concluye satisfecho la pretemporada\" \/>\n<meta property=\"og:description\" content=\"M\u00e1rquez y Lorenzo se van de Catar contentos con los progresos realizados de cara a la primera carrera del a\u00f1o, terminando cuarto y sexto, respectivamente.\" \/>\n<meta property=\"og:url\" content=\"https:\/\/www.boxrepsol.com\/es\/motogp\/equipo-repsol-honda-concluye-satisfecho-la-pretemporada\/\" \/>\n<meta property=\"og:site_name\" content=\"Box Repsol\" \/>\n<meta property=\"article:publisher\" content=\"https:\/\/www.facebook.com\/BoxRepsol\" \/>\n<meta property=\"article:author\" content=\"https:\/\/www.facebook.com\/BoxRepsol\/\" \/>\n<meta property=\"article:published_time\" content=\"2019-02-26T02:00:00+00:00\" \/>\n<meta property=\"article:modified_time\" content=\"2024-04-25T11:46:41+00:00\" \/>\n<meta property=\"og:image\" content=\"https:\/\/bxrepsol.s3.eu-west-1.amazonaws.com\/static\/2022\/08\/29084612\/00_marc_marquez_motogp_repsol_honda_test_catar_2019_losail.jpg\" \/>\n\t<meta property=\"og:image:width\" content=\"1280\" \/>\n\t<meta property=\"og:image:height\" content=\"600\" \/>\n\t<meta property=\"og:image:type\" content=\"image\/jpeg\" \/>\n<meta name=\"author\" content=\"Redacci\u00f3n Box Repsol\" \/>\n<meta name=\"twitter:card\" content=\"summary_large_image\" \/>\n<meta name=\"twitter:creator\" content=\"@https:\/\/twitter.com\/box_repsol\" \/>\n<meta name=\"twitter:site\" content=\"@box_repsol\" \/>\n<meta name=\"twitter:label1\" content=\"Written by\" \/>\n\t<meta name=\"twitter:data1\" content=\"Redacci\u00f3n Box Repsol\" \/>\n\t<meta name=\"twitter:label2\" content=\"Est. reading time\" \/>\n\t<meta name=\"twitter:data2\" content=\"3 minutos\" \/>\n<script type=\"application\/ld+json\" class=\"yoast-schema-graph\">{\"@context\":\"https:\\\/\\\/schema.org\",\"@graph\":[{\"@type\":\"Article\",\"@id\":\"https:\\\/\\\/www.boxrepsol.com\\\/es\\\/motogp\\\/equipo-repsol-honda-concluye-satisfecho-la-pretemporada\\\/#article\",\"isPartOf\":{\"@id\":\"https:\\\/\\\/www.boxrepsol.com\\\/es\\\/motogp\\\/equipo-repsol-honda-concluye-satisfecho-la-pretemporada\\\/\"},\"author\":{\"name\":\"Redacci\u00f3n Box Repsol\",\"@id\":\"https:\\\/\\\/www.boxrepsol.com\\\/es\\\/#\\\/schema\\\/person\\\/c5c2138f2cca251b0ad92b7086bb60b7\"},\"headline\":\"El equipo Repsol Honda concluye satisfecho la pretemporada\",\"datePublished\":\"2019-02-26T02:00:00+00:00\",\"dateModified\":\"2024-04-25T11:46:41+00:00\",\"mainEntityOfPage\":{\"@id\":\"https:\\\/\\\/www.boxrepsol.com\\\/es\\\/motogp\\\/equipo-repsol-honda-concluye-satisfecho-la-pretemporada\\\/\"},\"wordCount\":517,\"commentCount\":0,\"publisher\":{\"@id\":\"https:\\\/\\\/www.boxrepsol.com\\\/es\\\/#organization\"},\"image\":{\"@id\":\"https:\\\/\\\/www.boxrepsol.com\\\/es\\\/motogp\\\/equipo-repsol-honda-concluye-satisfecho-la-pretemporada\\\/#primaryimage\"},\"thumbnailUrl\":\"https:\\\/\\\/bxrepsol.s3.eu-west-1.amazonaws.com\\\/static\\\/2022\\\/08\\\/29084612\\\/00_marc_marquez_motogp_repsol_honda_test_catar_2019_losail.jpg\",\"keywords\":[\"pretemporada\"],\"articleSection\":[\"MotoGP\"],\"inLanguage\":\"es\",\"potentialAction\":[{\"@type\":\"CommentAction\",\"name\":\"Comment\",\"target\":[\"https:\\\/\\\/www.boxrepsol.com\\\/es\\\/motogp\\\/equipo-repsol-honda-concluye-satisfecho-la-pretemporada\\\/#respond\"]}]},{\"@type\":\"WebPage\",\"@id\":\"https:\\\/\\\/www.boxrepsol.com\\\/es\\\/motogp\\\/equipo-repsol-honda-concluye-satisfecho-la-pretemporada\\\/\",\"url\":\"https:\\\/\\\/www.boxrepsol.com\\\/es\\\/motogp\\\/equipo-repsol-honda-concluye-satisfecho-la-pretemporada\\\/\",\"name\":\"Test Catar 2019 - El equipo Repsol Honda concluye satisfecho la pretemporada\",\"isPartOf\":{\"@id\":\"https:\\\/\\\/www.boxrepsol.com\\\/es\\\/#website\"},\"primaryImageOfPage\":{\"@id\":\"https:\\\/\\\/www.boxrepsol.com\\\/es\\\/motogp\\\/equipo-repsol-honda-concluye-satisfecho-la-pretemporada\\\/#primaryimage\"},\"image\":{\"@id\":\"https:\\\/\\\/www.boxrepsol.com\\\/es\\\/motogp\\\/equipo-repsol-honda-concluye-satisfecho-la-pretemporada\\\/#primaryimage\"},\"thumbnailUrl\":\"https:\\\/\\\/bxrepsol.s3.eu-west-1.amazonaws.com\\\/static\\\/2022\\\/08\\\/29084612\\\/00_marc_marquez_motogp_repsol_honda_test_catar_2019_losail.jpg\",\"datePublished\":\"2019-02-26T02:00:00+00:00\",\"dateModified\":\"2024-04-25T11:46:41+00:00\",\"description\":\"M\u00e1rquez y Lorenzo se van de Catar contentos con los progresos realizados de cara a la primera carrera del a\u00f1o, terminando cuarto y sexto, respectivamente.\",\"breadcrumb\":{\"@id\":\"https:\\\/\\\/www.boxrepsol.com\\\/es\\\/motogp\\\/equipo-repsol-honda-concluye-satisfecho-la-pretemporada\\\/#breadcrumb\"},\"inLanguage\":\"es\",\"potentialAction\":[{\"@type\":\"ReadAction\",\"target\":[\"https:\\\/\\\/www.boxrepsol.com\\\/es\\\/motogp\\\/equipo-repsol-honda-concluye-satisfecho-la-pretemporada\\\/\"]}]},{\"@type\":\"ImageObject\",\"inLanguage\":\"es\",\"@id\":\"https:\\\/\\\/www.boxrepsol.com\\\/es\\\/motogp\\\/equipo-repsol-honda-concluye-satisfecho-la-pretemporada\\\/#primaryimage\",\"url\":\"https:\\\/\\\/bxrepsol.s3.eu-west-1.amazonaws.com\\\/static\\\/2022\\\/08\\\/29084612\\\/00_marc_marquez_motogp_repsol_honda_test_catar_2019_losail.jpg\",\"contentUrl\":\"https:\\\/\\\/bxrepsol.s3.eu-west-1.amazonaws.com\\\/static\\\/2022\\\/08\\\/29084612\\\/00_marc_marquez_motogp_repsol_honda_test_catar_2019_losail.jpg\",\"width\":1280,\"height\":600,\"caption\":\"Marc M\u00e1rquez pilotando la Honda en catar de noche\"},{\"@type\":\"BreadcrumbList\",\"@id\":\"https:\\\/\\\/www.boxrepsol.com\\\/es\\\/motogp\\\/equipo-repsol-honda-concluye-satisfecho-la-pretemporada\\\/#breadcrumb\",\"itemListElement\":[{\"@type\":\"ListItem\",\"position\":1,\"name\":\"Home\",\"item\":\"https:\\\/\\\/www.boxrepsol.com\\\/es\\\/\"},{\"@type\":\"ListItem\",\"position\":2,\"name\":\"El equipo Repsol Honda concluye satisfecho la pretemporada\"}]},{\"@type\":\"WebSite\",\"@id\":\"https:\\\/\\\/www.boxrepsol.com\\\/es\\\/#website\",\"url\":\"https:\\\/\\\/www.boxrepsol.com\\\/es\\\/\",\"name\":\"Box Repsol\",\"description\":\"Box Repsol Site\",\"publisher\":{\"@id\":\"https:\\\/\\\/www.boxrepsol.com\\\/es\\\/#organization\"},\"potentialAction\":[{\"@type\":\"SearchAction\",\"target\":{\"@type\":\"EntryPoint\",\"urlTemplate\":\"https:\\\/\\\/www.boxrepsol.com\\\/es\\\/?s={search_term_string}\"},\"query-input\":{\"@type\":\"PropertyValueSpecification\",\"valueRequired\":true,\"valueName\":\"search_term_string\"}}],\"inLanguage\":\"es\"},{\"@type\":\"Organization\",\"@id\":\"https:\\\/\\\/www.boxrepsol.com\\\/es\\\/#organization\",\"name\":\"Box Repsol\",\"url\":\"https:\\\/\\\/www.boxrepsol.com\\\/es\\\/\",\"logo\":{\"@type\":\"ImageObject\",\"inLanguage\":\"es\",\"@id\":\"https:\\\/\\\/www.boxrepsol.com\\\/es\\\/#\\\/schema\\\/logo\\\/image\\\/\",\"url\":\"https:\\\/\\\/bxrepsol.s3.eu-west-1.amazonaws.com\\\/static\\\/2025\\\/07\\\/30083337\\\/favicon-96x96-1.png\",\"contentUrl\":\"https:\\\/\\\/bxrepsol.s3.eu-west-1.amazonaws.com\\\/static\\\/2025\\\/07\\\/30083337\\\/favicon-96x96-1.png\",\"width\":96,\"height\":96,\"caption\":\"Box Repsol\"},\"image\":{\"@id\":\"https:\\\/\\\/www.boxrepsol.com\\\/es\\\/#\\\/schema\\\/logo\\\/image\\\/\"},\"sameAs\":[\"https:\\\/\\\/www.facebook.com\\\/BoxRepsol\",\"https:\\\/\\\/x.com\\\/box_repsol\",\"http:\\\/\\\/instagram.com\\\/box_repsol\",\"https:\\\/\\\/www.youtube.com\\\/user\\\/RepsolCompeticion\",\"https:\\\/\\\/www.flickr.com\\\/photos\\\/box_repsol\\\/\"]},{\"@type\":\"Person\",\"@id\":\"https:\\\/\\\/www.boxrepsol.com\\\/es\\\/#\\\/schema\\\/person\\\/c5c2138f2cca251b0ad92b7086bb60b7\",\"name\":\"Redacci\u00f3n Box Repsol\",\"image\":{\"@type\":\"ImageObject\",\"inLanguage\":\"es\",\"@id\":\"https:\\\/\\\/secure.gravatar.com\\\/avatar\\\/adf7b77e38b4419baf32c7e9c21dde01f4e40df611f0978e3006fc4ba0aaab7e?s=96&d=mm&r=g\",\"url\":\"https:\\\/\\\/secure.gravatar.com\\\/avatar\\\/adf7b77e38b4419baf32c7e9c21dde01f4e40df611f0978e3006fc4ba0aaab7e?s=96&d=mm&r=g\",\"contentUrl\":\"https:\\\/\\\/secure.gravatar.com\\\/avatar\\\/adf7b77e38b4419baf32c7e9c21dde01f4e40df611f0978e3006fc4ba0aaab7e?s=96&d=mm&r=g\",\"caption\":\"Redacci\u00f3n Box Repsol\"},\"description\":\"Box Repsol lo forma un equipo de periodistas, community managers, dise\u00f1adores y fot\u00f3grafos con m\u00e1s de 20 a\u00f1os de experiencia en el mundo del motorsport. Hemos vivido el primer mundial de un espa\u00f1ol en la categor\u00eda reina de motociclismo con \u00c1lex Crivill\u00e9, estuvimos en las victorias de Pedrosa y los t\u00edtulos de M\u00e1rquez, acompa\u00f1amos en \u00c1frica a Nani Roma y Marc Coma en sus conquistas del Dakar y hemos vibrado con los t\u00edtulos de Toni Bou en Trial. Adem\u00e1s, en nuestro equipo contamos con expertos en el mundo de las dos y cuatro ruedas tanto de la calle y las carreteras, como de los circuitos. Periodistas que han trabajado en revistas y publicaciones para hacerte llegar desde rutas y consejos de mantenimiento, a curiosidades y trucos de pilotaje.\",\"sameAs\":[\"https:\\\/\\\/www.facebook.com\\\/BoxRepsol\\\/\",\"https:\\\/\\\/www.instagram.com\\\/box_repsol\\\/\",\"https:\\\/\\\/x.com\\\/https:\\\/\\\/twitter.com\\\/box_repsol\",\"https:\\\/\\\/www.youtube.com\\\/@Boxrepsol\"],\"url\":\"https:\\\/\\\/www.boxrepsol.com\\\/es\\\/author\\\/redaccion-box-repsol\\\/\"}]}<\/script>\n<!-- \/ Yoast SEO plugin. -->","yoast_head_json":{"title":"Test Catar 2019 - El equipo Repsol Honda concluye satisfecho la pretemporada","description":"M\u00e1rquez y Lorenzo se van de Catar contentos con los progresos realizados de cara a la primera carrera del a\u00f1o, terminando cuarto y sexto, respectivamente.","canonical":"https:\/\/www.boxrepsol.com\/es\/motogp\/equipo-repsol-honda-concluye-satisfecho-la-pretemporada\/","og_locale":"es_ES","og_type":"article","og_title":"Test Catar 2019 - El equipo Repsol Honda concluye satisfecho la pretemporada","og_description":"M\u00e1rquez y Lorenzo se van de Catar contentos con los progresos realizados de cara a la primera carrera del a\u00f1o, terminando cuarto y sexto, respectivamente.","og_url":"https:\/\/www.boxrepsol.com\/es\/motogp\/equipo-repsol-honda-concluye-satisfecho-la-pretemporada\/","og_site_name":"Box Repsol","article_publisher":"https:\/\/www.facebook.com\/BoxRepsol","article_author":"https:\/\/www.facebook.com\/BoxRepsol\/","article_published_time":"2019-02-26T02:00:00+00:00","article_modified_time":"2024-04-25T11:46:41+00:00","og_image":[{"width":1280,"height":600,"url":"https:\/\/bxrepsol.s3.eu-west-1.amazonaws.com\/static\/2022\/08\/29084612\/00_marc_marquez_motogp_repsol_honda_test_catar_2019_losail.jpg","type":"image\/jpeg"}],"author":"Redacci\u00f3n Box Repsol","twitter_card":"summary_large_image","twitter_creator":"@https:\/\/twitter.com\/box_repsol","twitter_site":"@box_repsol","twitter_misc":{"Written by":"Redacci\u00f3n Box Repsol","Est. reading time":"3 minutos"},"schema":{"@context":"https:\/\/schema.org","@graph":[{"@type":"Article","@id":"https:\/\/www.boxrepsol.com\/es\/motogp\/equipo-repsol-honda-concluye-satisfecho-la-pretemporada\/#article","isPartOf":{"@id":"https:\/\/www.boxrepsol.com\/es\/motogp\/equipo-repsol-honda-concluye-satisfecho-la-pretemporada\/"},"author":{"name":"Redacci\u00f3n Box Repsol","@id":"https:\/\/www.boxrepsol.com\/es\/#\/schema\/person\/c5c2138f2cca251b0ad92b7086bb60b7"},"headline":"El equipo Repsol Honda concluye satisfecho la pretemporada","datePublished":"2019-02-26T02:00:00+00:00","dateModified":"2024-04-25T11:46:41+00:00","mainEntityOfPage":{"@id":"https:\/\/www.boxrepsol.com\/es\/motogp\/equipo-repsol-honda-concluye-satisfecho-la-pretemporada\/"},"wordCount":517,"commentCount":0,"publisher":{"@id":"https:\/\/www.boxrepsol.com\/es\/#organization"},"image":{"@id":"https:\/\/www.boxrepsol.com\/es\/motogp\/equipo-repsol-honda-concluye-satisfecho-la-pretemporada\/#primaryimage"},"thumbnailUrl":"https:\/\/bxrepsol.s3.eu-west-1.amazonaws.com\/static\/2022\/08\/29084612\/00_marc_marquez_motogp_repsol_honda_test_catar_2019_losail.jpg","keywords":["pretemporada"],"articleSection":["MotoGP"],"inLanguage":"es","potentialAction":[{"@type":"CommentAction","name":"Comment","target":["https:\/\/www.boxrepsol.com\/es\/motogp\/equipo-repsol-honda-concluye-satisfecho-la-pretemporada\/#respond"]}]},{"@type":"WebPage","@id":"https:\/\/www.boxrepsol.com\/es\/motogp\/equipo-repsol-honda-concluye-satisfecho-la-pretemporada\/","url":"https:\/\/www.boxrepsol.com\/es\/motogp\/equipo-repsol-honda-concluye-satisfecho-la-pretemporada\/","name":"Test Catar 2019 - El equipo Repsol Honda concluye satisfecho la pretemporada","isPartOf":{"@id":"https:\/\/www.boxrepsol.com\/es\/#website"},"primaryImageOfPage":{"@id":"https:\/\/www.boxrepsol.com\/es\/motogp\/equipo-repsol-honda-concluye-satisfecho-la-pretemporada\/#primaryimage"},"image":{"@id":"https:\/\/www.boxrepsol.com\/es\/motogp\/equipo-repsol-honda-concluye-satisfecho-la-pretemporada\/#primaryimage"},"thumbnailUrl":"https:\/\/bxrepsol.s3.eu-west-1.amazonaws.com\/static\/2022\/08\/29084612\/00_marc_marquez_motogp_repsol_honda_test_catar_2019_losail.jpg","datePublished":"2019-02-26T02:00:00+00:00","dateModified":"2024-04-25T11:46:41+00:00","description":"M\u00e1rquez y Lorenzo se van de Catar contentos con los progresos realizados de cara a la primera carrera del a\u00f1o, terminando cuarto y sexto, respectivamente.","breadcrumb":{"@id":"https:\/\/www.boxrepsol.com\/es\/motogp\/equipo-repsol-honda-concluye-satisfecho-la-pretemporada\/#breadcrumb"},"inLanguage":"es","potentialAction":[{"@type":"ReadAction","target":["https:\/\/www.boxrepsol.com\/es\/motogp\/equipo-repsol-honda-concluye-satisfecho-la-pretemporada\/"]}]},{"@type":"ImageObject","inLanguage":"es","@id":"https:\/\/www.boxrepsol.com\/es\/motogp\/equipo-repsol-honda-concluye-satisfecho-la-pretemporada\/#primaryimage","url":"https:\/\/bxrepsol.s3.eu-west-1.amazonaws.com\/static\/2022\/08\/29084612\/00_marc_marquez_motogp_repsol_honda_test_catar_2019_losail.jpg","contentUrl":"https:\/\/bxrepsol.s3.eu-west-1.amazonaws.com\/static\/2022\/08\/29084612\/00_marc_marquez_motogp_repsol_honda_test_catar_2019_losail.jpg","width":1280,"height":600,"caption":"Marc M\u00e1rquez pilotando la Honda en catar de noche"},{"@type":"BreadcrumbList","@id":"https:\/\/www.boxrepsol.com\/es\/motogp\/equipo-repsol-honda-concluye-satisfecho-la-pretemporada\/#breadcrumb","itemListElement":[{"@type":"ListItem","position":1,"name":"Home","item":"https:\/\/www.boxrepsol.com\/es\/"},{"@type":"ListItem","position":2,"name":"El equipo Repsol Honda concluye satisfecho la pretemporada"}]},{"@type":"WebSite","@id":"https:\/\/www.boxrepsol.com\/es\/#website","url":"https:\/\/www.boxrepsol.com\/es\/","name":"Box Repsol","description":"Box Repsol Site","publisher":{"@id":"https:\/\/www.boxrepsol.com\/es\/#organization"},"potentialAction":[{"@type":"SearchAction","target":{"@type":"EntryPoint","urlTemplate":"https:\/\/www.boxrepsol.com\/es\/?s={search_term_string}"},"query-input":{"@type":"PropertyValueSpecification","valueRequired":true,"valueName":"search_term_string"}}],"inLanguage":"es"},{"@type":"Organization","@id":"https:\/\/www.boxrepsol.com\/es\/#organization","name":"Box Repsol","url":"https:\/\/www.boxrepsol.com\/es\/","logo":{"@type":"ImageObject","inLanguage":"es","@id":"https:\/\/www.boxrepsol.com\/es\/#\/schema\/logo\/image\/","url":"https:\/\/bxrepsol.s3.eu-west-1.amazonaws.com\/static\/2025\/07\/30083337\/favicon-96x96-1.png","contentUrl":"https:\/\/bxrepsol.s3.eu-west-1.amazonaws.com\/static\/2025\/07\/30083337\/favicon-96x96-1.png","width":96,"height":96,"caption":"Box Repsol"},"image":{"@id":"https:\/\/www.boxrepsol.com\/es\/#\/schema\/logo\/image\/"},"sameAs":["https:\/\/www.facebook.com\/BoxRepsol","https:\/\/x.com\/box_repsol","http:\/\/instagram.com\/box_repsol","https:\/\/www.youtube.com\/user\/RepsolCompeticion","https:\/\/www.flickr.com\/photos\/box_repsol\/"]},{"@type":"Person","@id":"https:\/\/www.boxrepsol.com\/es\/#\/schema\/person\/c5c2138f2cca251b0ad92b7086bb60b7","name":"Redacci\u00f3n Box Repsol","image":{"@type":"ImageObject","inLanguage":"es","@id":"https:\/\/secure.gravatar.com\/avatar\/adf7b77e38b4419baf32c7e9c21dde01f4e40df611f0978e3006fc4ba0aaab7e?s=96&d=mm&r=g","url":"https:\/\/secure.gravatar.com\/avatar\/adf7b77e38b4419baf32c7e9c21dde01f4e40df611f0978e3006fc4ba0aaab7e?s=96&d=mm&r=g","contentUrl":"https:\/\/secure.gravatar.com\/avatar\/adf7b77e38b4419baf32c7e9c21dde01f4e40df611f0978e3006fc4ba0aaab7e?s=96&d=mm&r=g","caption":"Redacci\u00f3n Box Repsol"},"description":"Box Repsol lo forma un equipo de periodistas, community managers, dise\u00f1adores y fot\u00f3grafos con m\u00e1s de 20 a\u00f1os de experiencia en el mundo del motorsport. Hemos vivido el primer mundial de un espa\u00f1ol en la categor\u00eda reina de motociclismo con \u00c1lex Crivill\u00e9, estuvimos en las victorias de Pedrosa y los t\u00edtulos de M\u00e1rquez, acompa\u00f1amos en \u00c1frica a Nani Roma y Marc Coma en sus conquistas del Dakar y hemos vibrado con los t\u00edtulos de Toni Bou en Trial. Adem\u00e1s, en nuestro equipo contamos con expertos en el mundo de las dos y cuatro ruedas tanto de la calle y las carreteras, como de los circuitos. Periodistas que han trabajado en revistas y publicaciones para hacerte llegar desde rutas y consejos de mantenimiento, a curiosidades y trucos de pilotaje.","sameAs":["https:\/\/www.facebook.com\/BoxRepsol\/","https:\/\/www.instagram.com\/box_repsol\/","https:\/\/x.com\/https:\/\/twitter.com\/box_repsol","https:\/\/www.youtube.com\/@Boxrepsol"],"url":"https:\/\/www.boxrepsol.com\/es\/author\/redaccion-box-repsol\/"}]}},"_links":{"self":[{"href":"https:\/\/www.boxrepsol.com\/es\/wp-json\/wp\/v2\/posts\/93767","targetHints":{"allow":["GET"]}}],"collection":[{"href":"https:\/\/www.boxrepsol.com\/es\/wp-json\/wp\/v2\/posts"}],"about":[{"href":"https:\/\/www.boxrepsol.com\/es\/wp-json\/wp\/v2\/types\/post"}],"author":[{"embeddable":true,"href":"https:\/\/www.boxrepsol.com\/es\/wp-json\/wp\/v2\/users\/43146"}],"replies":[{"embeddable":true,"href":"https:\/\/www.boxrepsol.com\/es\/wp-json\/wp\/v2\/comments?post=93767"}],"version-history":[{"count":2,"href":"https:\/\/www.boxrepsol.com\/es\/wp-json\/wp\/v2\/posts\/93767\/revisions"}],"predecessor-version":[{"id":115252,"href":"https:\/\/www.boxrepsol.com\/es\/wp-json\/wp\/v2\/posts\/93767\/revisions\/115252"}],"wp:featuredmedia":[{"embeddable":true,"href":"https:\/\/www.boxrepsol.com\/es\/wp-json\/wp\/v2\/media\/61081"}],"wp:attachment":[{"href":"https:\/\/www.boxrepsol.com\/es\/wp-json\/wp\/v2\/media?parent=93767"}],"wp:term":[{"taxonomy":"category","embeddable":true,"href":"https:\/\/www.boxrepsol.com\/es\/wp-json\/wp\/v2\/categories?post=93767"},{"taxonomy":"post_tag","embeddable":true,"href":"https:\/\/www.boxrepsol.com\/es\/wp-json\/wp\/v2\/tags?post=93767"}],"curies":[{"name":"wp","href":"https:\/\/api.w.org\/{rel}","templated":true}]}}