{"id":93760,"date":"2019-02-24T00:00:00","date_gmt":"2019-02-24T02:00:00","guid":{"rendered":"http:\/\/pre.boxrepsol.com\/sin-categorizar\/equipo-repsol-honda-continua-programa-entrenamientos-catar\/"},"modified":"2024-05-22T07:23:11","modified_gmt":"2024-05-22T09:23:11","slug":"equipo-repsol-honda-continua-programa-entrenamientos-catar","status":"publish","type":"post","link":"https:\/\/www.boxrepsol.com\/es\/motogp\/equipo-repsol-honda-continua-programa-entrenamientos-catar\/","title":{"rendered":"El equipo Repsol Honda contin\u00faa con su programa de entrenamientos en Catar"},"content":{"rendered":"<p>El inicio de la sesi\u00f3n ha sido tranquilo, puesto que los pilotos y equipos han esperado a que cayera la noche para empezar a rodar. <strong>Las condiciones han ido mejorando progresivamente<\/strong> a lo largo de la tarde y la temperatura se ha estabilizado alrededor de los 23\u00baC.<\/p>\n<p><strong>Marc M\u00e1rquez ha sido de los primeros pilotos en salir a pista<\/strong> en cuanto se ha puesto el sol y se han encendido los focos del trazado catar\u00ed. En su primera tanda, el vigente Campe\u00f3n del Mundo ha detenido el cron\u00f3metro en 1 minuto, 57 segundos y 487 mil\u00e9simas, llegando a mejorar hasta terminar el d\u00eda con un registro de 1 minuto, 56 segundos y 167 mil\u00e9simas, en d\u00e9cima posici\u00f3n.<\/p>\n<p>El test de hoy supuesto <strong>el debut de Jorge Lorenzo con los colores del equipo Repsol Honda<\/strong>. Como su compa\u00f1ero, el piloto balear ha esperado a que anocheciese para empezar a rodar y familiarizarse de nuevo con la Honda RC213V. Para Lorenzo, el primer d\u00eda ha servido para evaluar el estado de su mu\u00f1eca tras la lesi\u00f3n de escafoides y entender los cambios realizados en la moto de 2019. Ha concluido el d\u00eda con un crono de 1 minuto, 57 segundos y 90 mil\u00e9simas, vigesimoprimero de la tabla de tiempos.<\/p>\n<p>Marc M\u00e1rquez y Jorge Lorenzo continuar\u00e1n las pruebas el <a href=\"https:\/\/www.boxrepsol.com\/es\/motogp\/productivo-penultimo-dia-test-del-equipo-repsol-honda\/\">domingo 24<\/a>, y\u00a0 lunes 25, para seguir con el trabajo de desarrollo.<\/p>\n<p><a href=\"https:\/\/bxrepsol.s3.eu-west-1.amazonaws.com\/static\/2022\/08\/05063837\/00_marc_marquez_box_repsol_motogp_test_catar.jpg\" \n   title=\"Marc m\u00e1rquez en el box con t\u00e9cnicos\" \n   data-gallery-thumbnail=\"https:\/\/bxrepsol.s3.eu-west-1.amazonaws.com\/static\/2022\/08\/05063837\/00_marc_marquez_box_repsol_motogp_test_catar.jpg\"\n   data-gallery-title=\"\"\n   data-gallery><\/p>\n<figure>\n        <picture style=\"padding-bottom: 66.666666666667%; background-image: url(https:\/\/bxrepsol.s3.eu-west-1.amazonaws.com\/static\/2022\/08\/05063837\/00_marc_marquez_box_repsol_motogp_test_catar.jpg);\">\n            <img decoding=\"async\" src=\"https:\/\/bxrepsol.s3.eu-west-1.amazonaws.com\/static\/2022\/08\/05063837\/00_marc_marquez_box_repsol_motogp_test_catar.jpg\"><br \/>\n            <img itemprop=\"image\"\n                data-srcset=\"https:\/\/bxrepsol.s3.eu-west-1.amazonaws.com\/static\/2022\/08\/05063837\/00_marc_marquez_box_repsol_motogp_test_catar.jpg 480w, https:\/\/bxrepsol.s3.eu-west-1.amazonaws.com\/static\/2022\/08\/05063837\/00_marc_marquez_box_repsol_motogp_test_catar.jpg 600w, https:\/\/bxrepsol.s3.eu-west-1.amazonaws.com\/static\/2022\/08\/05063837\/00_marc_marquez_box_repsol_motogp_test_catar.jpg 900w, https:\/\/bxrepsol.s3.eu-west-1.amazonaws.com\/static\/2022\/08\/05063837\/00_marc_marquez_box_repsol_motogp_test_catar.jpg 1280w\"\n                data-src=\"https:\/\/bxrepsol.s3.eu-west-1.amazonaws.com\/static\/2022\/08\/05063837\/00_marc_marquez_box_repsol_motogp_test_catar.jpg\"\n                alt=\"Marc m\u00e1rquez en el box con t\u00e9cnicos\"\n                title=\"Marc M\u00e1rquez con su equipo preparando la estrategia de test en Losail\"\/><br \/>\n            <noscript><img decoding=\"async\" src=\"https:\/\/bxrepsol.s3.eu-west-1.amazonaws.com\/static\/2022\/08\/05063837\/00_marc_marquez_box_repsol_motogp_test_catar.jpg\" alt=\"Marc m\u00e1rquez en el box con t\u00e9cnicos\"><\/noscript>\n        <\/picture><figcaption>Marc m\u00e1rquez en el box con t\u00e9cnicos<\/figcaption><\/figure>\n<p><\/a><\/p>\n<h2>Test Catar 2019 d\u00eda 1 &#8211; Declaraciones de Marc M\u00e1rquez y Jorge Lorenzo<\/h2>\n<p><a href=\"https:\/\/twitter.com\/hashtag\/mm93?src=hash&amp;lang=es\">#MM93<\/a><\/p>\n<p><em>Sinceramente, hoy estoy contento con mi estado f\u00edsico en comparaci\u00f3n con el test de Malasia; hemos mejorado mucho. He recuperado la fuerza y ahora puedo pilotar m\u00e1s como a m\u00ed me gusta. Adem\u00e1s, todav\u00eda nos quedan dos semanas hasta la primera carrera y nos tenemos que concentrar en eso. Durante la noche, la pista ha mejorado, pero necesitamos seguir probando para intentar estar m\u00e1s cerca de los dem\u00e1s pilotos. Ahora iremos a analizar todo, porque aqu\u00ed durante los entrenamientos no hay mucho tiempo<\/em><\/p>\n<p><em><a href=\"https:\/\/twitter.com\/hashtag\/JL99?src=hash&amp;lang=es\">#JL99<\/a><\/em><\/p>\n<p><em>La mu\u00f1eca est\u00e1 bien; evidentemente me cuesta un poco en las frenadas, pero consigo entender la moto. El tiempo disponible es el gran l\u00edmite, porque solo tenemos unas tres horas cada d\u00eda, ya que despu\u00e9s de las nueve de la noche la temperatura cae mucho y es dif\u00edcil aprender en esas condiciones. No hemos probado demasiados cambios hoy y nos hemos centrado principalmente en la ergonom\u00eda sobre la moto. Ma\u00f1ana estaremos m\u00e1s cerca, todav\u00eda es el primer d\u00eda<\/em><\/p>\n","protected":false},"excerpt":{"rendered":"<p>Unas semanas despu\u00e9s del test de Sepang en Malasia, los pilotos de MotoGP han llegado a Catar para el \u00faltimo entrenamiento de la pretemporada 2019.<\/p>\n","protected":false},"author":43146,"featured_media":61060,"comment_status":"open","ping_status":"open","sticky":false,"template":"","format":"standard","meta":{"footnotes":""},"categories":[4],"tags":[184],"class_list":["post-93760","post","type-post","status-publish","format-standard","hentry","category-motogp","tag-entrenamientos"],"yoast_head":"<!-- This site is optimized with the Yoast SEO plugin v27.3 - https:\/\/yoast.com\/product\/yoast-seo-wordpress\/ -->\n<title>El equipo Repsol Honda contin\u00faa con su programa de entrenamientos en Catar - Box Repsol<\/title>\n<meta name=\"description\" content=\"Unas semanas despu\u00e9s del test de Sepang en Malasia, los pilotos de MotoGP han llegado a Catar para el \u00faltimo entrenamiento de la pretemporada 2019.\" \/>\n<link rel=\"canonical\" href=\"https:\/\/www.boxrepsol.com\/es\/motogp\/equipo-repsol-honda-continua-programa-entrenamientos-catar\/\" \/>\n<meta property=\"og:locale\" content=\"es_ES\" \/>\n<meta property=\"og:type\" content=\"article\" \/>\n<meta property=\"og:title\" content=\"El equipo Repsol Honda contin\u00faa con su programa de entrenamientos en Catar - Box Repsol\" \/>\n<meta property=\"og:description\" content=\"Unas semanas despu\u00e9s del test de Sepang en Malasia, los pilotos de MotoGP han llegado a Catar para el \u00faltimo entrenamiento de la pretemporada 2019.\" \/>\n<meta property=\"og:url\" content=\"https:\/\/www.boxrepsol.com\/es\/motogp\/equipo-repsol-honda-continua-programa-entrenamientos-catar\/\" \/>\n<meta property=\"og:site_name\" content=\"Box Repsol\" \/>\n<meta property=\"article:publisher\" content=\"https:\/\/www.facebook.com\/BoxRepsol\" \/>\n<meta property=\"article:author\" content=\"https:\/\/www.facebook.com\/BoxRepsol\/\" \/>\n<meta property=\"article:published_time\" content=\"2019-02-24T02:00:00+00:00\" \/>\n<meta property=\"article:modified_time\" content=\"2024-05-22T09:23:11+00:00\" \/>\n<meta property=\"og:image\" content=\"https:\/\/bxrepsol.s3.eu-west-1.amazonaws.com\/static\/2022\/08\/29084559\/00_jorge_lorenzo_motogp_honda_rc213v_repsol_honda_99_test_qatar.jpg\" \/>\n\t<meta property=\"og:image:width\" content=\"1280\" \/>\n\t<meta property=\"og:image:height\" content=\"600\" \/>\n\t<meta property=\"og:image:type\" content=\"image\/jpeg\" \/>\n<meta name=\"author\" content=\"Redacci\u00f3n Box Repsol\" \/>\n<meta name=\"twitter:card\" content=\"summary_large_image\" \/>\n<meta name=\"twitter:creator\" content=\"@https:\/\/twitter.com\/box_repsol\" \/>\n<meta name=\"twitter:site\" content=\"@box_repsol\" \/>\n<meta name=\"twitter:label1\" content=\"Written by\" \/>\n\t<meta name=\"twitter:data1\" content=\"Redacci\u00f3n Box Repsol\" \/>\n\t<meta name=\"twitter:label2\" content=\"Est. reading time\" \/>\n\t<meta name=\"twitter:data2\" content=\"2 minutos\" \/>\n<script type=\"application\/ld+json\" class=\"yoast-schema-graph\">{\"@context\":\"https:\\\/\\\/schema.org\",\"@graph\":[{\"@type\":\"Article\",\"@id\":\"https:\\\/\\\/www.boxrepsol.com\\\/es\\\/motogp\\\/equipo-repsol-honda-continua-programa-entrenamientos-catar\\\/#article\",\"isPartOf\":{\"@id\":\"https:\\\/\\\/www.boxrepsol.com\\\/es\\\/motogp\\\/equipo-repsol-honda-continua-programa-entrenamientos-catar\\\/\"},\"author\":{\"name\":\"Redacci\u00f3n Box Repsol\",\"@id\":\"https:\\\/\\\/www.boxrepsol.com\\\/es\\\/#\\\/schema\\\/person\\\/c5c2138f2cca251b0ad92b7086bb60b7\"},\"headline\":\"El equipo Repsol Honda contin\u00faa con su programa de entrenamientos en Catar\",\"datePublished\":\"2019-02-24T02:00:00+00:00\",\"dateModified\":\"2024-05-22T09:23:11+00:00\",\"mainEntityOfPage\":{\"@id\":\"https:\\\/\\\/www.boxrepsol.com\\\/es\\\/motogp\\\/equipo-repsol-honda-continua-programa-entrenamientos-catar\\\/\"},\"wordCount\":449,\"commentCount\":0,\"publisher\":{\"@id\":\"https:\\\/\\\/www.boxrepsol.com\\\/es\\\/#organization\"},\"image\":{\"@id\":\"https:\\\/\\\/www.boxrepsol.com\\\/es\\\/motogp\\\/equipo-repsol-honda-continua-programa-entrenamientos-catar\\\/#primaryimage\"},\"thumbnailUrl\":\"https:\\\/\\\/bxrepsol.s3.eu-west-1.amazonaws.com\\\/static\\\/2022\\\/08\\\/29084559\\\/00_jorge_lorenzo_motogp_honda_rc213v_repsol_honda_99_test_qatar.jpg\",\"keywords\":[\"entrenamientos\"],\"articleSection\":[\"MotoGP\"],\"inLanguage\":\"es\",\"potentialAction\":[{\"@type\":\"CommentAction\",\"name\":\"Comment\",\"target\":[\"https:\\\/\\\/www.boxrepsol.com\\\/es\\\/motogp\\\/equipo-repsol-honda-continua-programa-entrenamientos-catar\\\/#respond\"]}]},{\"@type\":\"WebPage\",\"@id\":\"https:\\\/\\\/www.boxrepsol.com\\\/es\\\/motogp\\\/equipo-repsol-honda-continua-programa-entrenamientos-catar\\\/\",\"url\":\"https:\\\/\\\/www.boxrepsol.com\\\/es\\\/motogp\\\/equipo-repsol-honda-continua-programa-entrenamientos-catar\\\/\",\"name\":\"El equipo Repsol Honda contin\u00faa con su programa de entrenamientos en Catar - Box Repsol\",\"isPartOf\":{\"@id\":\"https:\\\/\\\/www.boxrepsol.com\\\/es\\\/#website\"},\"primaryImageOfPage\":{\"@id\":\"https:\\\/\\\/www.boxrepsol.com\\\/es\\\/motogp\\\/equipo-repsol-honda-continua-programa-entrenamientos-catar\\\/#primaryimage\"},\"image\":{\"@id\":\"https:\\\/\\\/www.boxrepsol.com\\\/es\\\/motogp\\\/equipo-repsol-honda-continua-programa-entrenamientos-catar\\\/#primaryimage\"},\"thumbnailUrl\":\"https:\\\/\\\/bxrepsol.s3.eu-west-1.amazonaws.com\\\/static\\\/2022\\\/08\\\/29084559\\\/00_jorge_lorenzo_motogp_honda_rc213v_repsol_honda_99_test_qatar.jpg\",\"datePublished\":\"2019-02-24T02:00:00+00:00\",\"dateModified\":\"2024-05-22T09:23:11+00:00\",\"description\":\"Unas semanas despu\u00e9s del test de Sepang en Malasia, los pilotos de MotoGP han llegado a Catar para el \u00faltimo entrenamiento de la pretemporada 2019.\",\"breadcrumb\":{\"@id\":\"https:\\\/\\\/www.boxrepsol.com\\\/es\\\/motogp\\\/equipo-repsol-honda-continua-programa-entrenamientos-catar\\\/#breadcrumb\"},\"inLanguage\":\"es\",\"potentialAction\":[{\"@type\":\"ReadAction\",\"target\":[\"https:\\\/\\\/www.boxrepsol.com\\\/es\\\/motogp\\\/equipo-repsol-honda-continua-programa-entrenamientos-catar\\\/\"]}]},{\"@type\":\"ImageObject\",\"inLanguage\":\"es\",\"@id\":\"https:\\\/\\\/www.boxrepsol.com\\\/es\\\/motogp\\\/equipo-repsol-honda-continua-programa-entrenamientos-catar\\\/#primaryimage\",\"url\":\"https:\\\/\\\/bxrepsol.s3.eu-west-1.amazonaws.com\\\/static\\\/2022\\\/08\\\/29084559\\\/00_jorge_lorenzo_motogp_honda_rc213v_repsol_honda_99_test_qatar.jpg\",\"contentUrl\":\"https:\\\/\\\/bxrepsol.s3.eu-west-1.amazonaws.com\\\/static\\\/2022\\\/08\\\/29084559\\\/00_jorge_lorenzo_motogp_honda_rc213v_repsol_honda_99_test_qatar.jpg\",\"width\":1280,\"height\":600,\"caption\":\"Jorge Lorenzo con su honda 99\"},{\"@type\":\"BreadcrumbList\",\"@id\":\"https:\\\/\\\/www.boxrepsol.com\\\/es\\\/motogp\\\/equipo-repsol-honda-continua-programa-entrenamientos-catar\\\/#breadcrumb\",\"itemListElement\":[{\"@type\":\"ListItem\",\"position\":1,\"name\":\"Home\",\"item\":\"https:\\\/\\\/www.boxrepsol.com\\\/es\\\/\"},{\"@type\":\"ListItem\",\"position\":2,\"name\":\"El equipo Repsol Honda contin\u00faa con su programa de entrenamientos en Catar\"}]},{\"@type\":\"WebSite\",\"@id\":\"https:\\\/\\\/www.boxrepsol.com\\\/es\\\/#website\",\"url\":\"https:\\\/\\\/www.boxrepsol.com\\\/es\\\/\",\"name\":\"Box Repsol\",\"description\":\"Box Repsol Site\",\"publisher\":{\"@id\":\"https:\\\/\\\/www.boxrepsol.com\\\/es\\\/#organization\"},\"potentialAction\":[{\"@type\":\"SearchAction\",\"target\":{\"@type\":\"EntryPoint\",\"urlTemplate\":\"https:\\\/\\\/www.boxrepsol.com\\\/es\\\/?s={search_term_string}\"},\"query-input\":{\"@type\":\"PropertyValueSpecification\",\"valueRequired\":true,\"valueName\":\"search_term_string\"}}],\"inLanguage\":\"es\"},{\"@type\":\"Organization\",\"@id\":\"https:\\\/\\\/www.boxrepsol.com\\\/es\\\/#organization\",\"name\":\"Box Repsol\",\"url\":\"https:\\\/\\\/www.boxrepsol.com\\\/es\\\/\",\"logo\":{\"@type\":\"ImageObject\",\"inLanguage\":\"es\",\"@id\":\"https:\\\/\\\/www.boxrepsol.com\\\/es\\\/#\\\/schema\\\/logo\\\/image\\\/\",\"url\":\"https:\\\/\\\/bxrepsol.s3.eu-west-1.amazonaws.com\\\/static\\\/2025\\\/07\\\/30083337\\\/favicon-96x96-1.png\",\"contentUrl\":\"https:\\\/\\\/bxrepsol.s3.eu-west-1.amazonaws.com\\\/static\\\/2025\\\/07\\\/30083337\\\/favicon-96x96-1.png\",\"width\":96,\"height\":96,\"caption\":\"Box Repsol\"},\"image\":{\"@id\":\"https:\\\/\\\/www.boxrepsol.com\\\/es\\\/#\\\/schema\\\/logo\\\/image\\\/\"},\"sameAs\":[\"https:\\\/\\\/www.facebook.com\\\/BoxRepsol\",\"https:\\\/\\\/x.com\\\/box_repsol\",\"http:\\\/\\\/instagram.com\\\/box_repsol\",\"https:\\\/\\\/www.youtube.com\\\/user\\\/RepsolCompeticion\",\"https:\\\/\\\/www.flickr.com\\\/photos\\\/box_repsol\\\/\"]},{\"@type\":\"Person\",\"@id\":\"https:\\\/\\\/www.boxrepsol.com\\\/es\\\/#\\\/schema\\\/person\\\/c5c2138f2cca251b0ad92b7086bb60b7\",\"name\":\"Redacci\u00f3n Box Repsol\",\"image\":{\"@type\":\"ImageObject\",\"inLanguage\":\"es\",\"@id\":\"https:\\\/\\\/secure.gravatar.com\\\/avatar\\\/adf7b77e38b4419baf32c7e9c21dde01f4e40df611f0978e3006fc4ba0aaab7e?s=96&d=mm&r=g\",\"url\":\"https:\\\/\\\/secure.gravatar.com\\\/avatar\\\/adf7b77e38b4419baf32c7e9c21dde01f4e40df611f0978e3006fc4ba0aaab7e?s=96&d=mm&r=g\",\"contentUrl\":\"https:\\\/\\\/secure.gravatar.com\\\/avatar\\\/adf7b77e38b4419baf32c7e9c21dde01f4e40df611f0978e3006fc4ba0aaab7e?s=96&d=mm&r=g\",\"caption\":\"Redacci\u00f3n Box Repsol\"},\"description\":\"Box Repsol lo forma un equipo de periodistas, community managers, dise\u00f1adores y fot\u00f3grafos con m\u00e1s de 20 a\u00f1os de experiencia en el mundo del motorsport. Hemos vivido el primer mundial de un espa\u00f1ol en la categor\u00eda reina de motociclismo con \u00c1lex Crivill\u00e9, estuvimos en las victorias de Pedrosa y los t\u00edtulos de M\u00e1rquez, acompa\u00f1amos en \u00c1frica a Nani Roma y Marc Coma en sus conquistas del Dakar y hemos vibrado con los t\u00edtulos de Toni Bou en Trial. Adem\u00e1s, en nuestro equipo contamos con expertos en el mundo de las dos y cuatro ruedas tanto de la calle y las carreteras, como de los circuitos. Periodistas que han trabajado en revistas y publicaciones para hacerte llegar desde rutas y consejos de mantenimiento, a curiosidades y trucos de pilotaje.\",\"sameAs\":[\"https:\\\/\\\/www.facebook.com\\\/BoxRepsol\\\/\",\"https:\\\/\\\/www.instagram.com\\\/box_repsol\\\/\",\"https:\\\/\\\/x.com\\\/https:\\\/\\\/twitter.com\\\/box_repsol\",\"https:\\\/\\\/www.youtube.com\\\/@Boxrepsol\"],\"url\":\"https:\\\/\\\/www.boxrepsol.com\\\/es\\\/author\\\/redaccion-box-repsol\\\/\"}]}<\/script>\n<!-- \/ Yoast SEO plugin. -->","yoast_head_json":{"title":"El equipo Repsol Honda contin\u00faa con su programa de entrenamientos en Catar - Box Repsol","description":"Unas semanas despu\u00e9s del test de Sepang en Malasia, los pilotos de MotoGP han llegado a Catar para el \u00faltimo entrenamiento de la pretemporada 2019.","canonical":"https:\/\/www.boxrepsol.com\/es\/motogp\/equipo-repsol-honda-continua-programa-entrenamientos-catar\/","og_locale":"es_ES","og_type":"article","og_title":"El equipo Repsol Honda contin\u00faa con su programa de entrenamientos en Catar - Box Repsol","og_description":"Unas semanas despu\u00e9s del test de Sepang en Malasia, los pilotos de MotoGP han llegado a Catar para el \u00faltimo entrenamiento de la pretemporada 2019.","og_url":"https:\/\/www.boxrepsol.com\/es\/motogp\/equipo-repsol-honda-continua-programa-entrenamientos-catar\/","og_site_name":"Box Repsol","article_publisher":"https:\/\/www.facebook.com\/BoxRepsol","article_author":"https:\/\/www.facebook.com\/BoxRepsol\/","article_published_time":"2019-02-24T02:00:00+00:00","article_modified_time":"2024-05-22T09:23:11+00:00","og_image":[{"width":1280,"height":600,"url":"https:\/\/bxrepsol.s3.eu-west-1.amazonaws.com\/static\/2022\/08\/29084559\/00_jorge_lorenzo_motogp_honda_rc213v_repsol_honda_99_test_qatar.jpg","type":"image\/jpeg"}],"author":"Redacci\u00f3n Box Repsol","twitter_card":"summary_large_image","twitter_creator":"@https:\/\/twitter.com\/box_repsol","twitter_site":"@box_repsol","twitter_misc":{"Written by":"Redacci\u00f3n Box Repsol","Est. reading time":"2 minutos"},"schema":{"@context":"https:\/\/schema.org","@graph":[{"@type":"Article","@id":"https:\/\/www.boxrepsol.com\/es\/motogp\/equipo-repsol-honda-continua-programa-entrenamientos-catar\/#article","isPartOf":{"@id":"https:\/\/www.boxrepsol.com\/es\/motogp\/equipo-repsol-honda-continua-programa-entrenamientos-catar\/"},"author":{"name":"Redacci\u00f3n Box Repsol","@id":"https:\/\/www.boxrepsol.com\/es\/#\/schema\/person\/c5c2138f2cca251b0ad92b7086bb60b7"},"headline":"El equipo Repsol Honda contin\u00faa con su programa de entrenamientos en Catar","datePublished":"2019-02-24T02:00:00+00:00","dateModified":"2024-05-22T09:23:11+00:00","mainEntityOfPage":{"@id":"https:\/\/www.boxrepsol.com\/es\/motogp\/equipo-repsol-honda-continua-programa-entrenamientos-catar\/"},"wordCount":449,"commentCount":0,"publisher":{"@id":"https:\/\/www.boxrepsol.com\/es\/#organization"},"image":{"@id":"https:\/\/www.boxrepsol.com\/es\/motogp\/equipo-repsol-honda-continua-programa-entrenamientos-catar\/#primaryimage"},"thumbnailUrl":"https:\/\/bxrepsol.s3.eu-west-1.amazonaws.com\/static\/2022\/08\/29084559\/00_jorge_lorenzo_motogp_honda_rc213v_repsol_honda_99_test_qatar.jpg","keywords":["entrenamientos"],"articleSection":["MotoGP"],"inLanguage":"es","potentialAction":[{"@type":"CommentAction","name":"Comment","target":["https:\/\/www.boxrepsol.com\/es\/motogp\/equipo-repsol-honda-continua-programa-entrenamientos-catar\/#respond"]}]},{"@type":"WebPage","@id":"https:\/\/www.boxrepsol.com\/es\/motogp\/equipo-repsol-honda-continua-programa-entrenamientos-catar\/","url":"https:\/\/www.boxrepsol.com\/es\/motogp\/equipo-repsol-honda-continua-programa-entrenamientos-catar\/","name":"El equipo Repsol Honda contin\u00faa con su programa de entrenamientos en Catar - Box Repsol","isPartOf":{"@id":"https:\/\/www.boxrepsol.com\/es\/#website"},"primaryImageOfPage":{"@id":"https:\/\/www.boxrepsol.com\/es\/motogp\/equipo-repsol-honda-continua-programa-entrenamientos-catar\/#primaryimage"},"image":{"@id":"https:\/\/www.boxrepsol.com\/es\/motogp\/equipo-repsol-honda-continua-programa-entrenamientos-catar\/#primaryimage"},"thumbnailUrl":"https:\/\/bxrepsol.s3.eu-west-1.amazonaws.com\/static\/2022\/08\/29084559\/00_jorge_lorenzo_motogp_honda_rc213v_repsol_honda_99_test_qatar.jpg","datePublished":"2019-02-24T02:00:00+00:00","dateModified":"2024-05-22T09:23:11+00:00","description":"Unas semanas despu\u00e9s del test de Sepang en Malasia, los pilotos de MotoGP han llegado a Catar para el \u00faltimo entrenamiento de la pretemporada 2019.","breadcrumb":{"@id":"https:\/\/www.boxrepsol.com\/es\/motogp\/equipo-repsol-honda-continua-programa-entrenamientos-catar\/#breadcrumb"},"inLanguage":"es","potentialAction":[{"@type":"ReadAction","target":["https:\/\/www.boxrepsol.com\/es\/motogp\/equipo-repsol-honda-continua-programa-entrenamientos-catar\/"]}]},{"@type":"ImageObject","inLanguage":"es","@id":"https:\/\/www.boxrepsol.com\/es\/motogp\/equipo-repsol-honda-continua-programa-entrenamientos-catar\/#primaryimage","url":"https:\/\/bxrepsol.s3.eu-west-1.amazonaws.com\/static\/2022\/08\/29084559\/00_jorge_lorenzo_motogp_honda_rc213v_repsol_honda_99_test_qatar.jpg","contentUrl":"https:\/\/bxrepsol.s3.eu-west-1.amazonaws.com\/static\/2022\/08\/29084559\/00_jorge_lorenzo_motogp_honda_rc213v_repsol_honda_99_test_qatar.jpg","width":1280,"height":600,"caption":"Jorge Lorenzo con su honda 99"},{"@type":"BreadcrumbList","@id":"https:\/\/www.boxrepsol.com\/es\/motogp\/equipo-repsol-honda-continua-programa-entrenamientos-catar\/#breadcrumb","itemListElement":[{"@type":"ListItem","position":1,"name":"Home","item":"https:\/\/www.boxrepsol.com\/es\/"},{"@type":"ListItem","position":2,"name":"El equipo Repsol Honda contin\u00faa con su programa de entrenamientos en Catar"}]},{"@type":"WebSite","@id":"https:\/\/www.boxrepsol.com\/es\/#website","url":"https:\/\/www.boxrepsol.com\/es\/","name":"Box Repsol","description":"Box Repsol Site","publisher":{"@id":"https:\/\/www.boxrepsol.com\/es\/#organization"},"potentialAction":[{"@type":"SearchAction","target":{"@type":"EntryPoint","urlTemplate":"https:\/\/www.boxrepsol.com\/es\/?s={search_term_string}"},"query-input":{"@type":"PropertyValueSpecification","valueRequired":true,"valueName":"search_term_string"}}],"inLanguage":"es"},{"@type":"Organization","@id":"https:\/\/www.boxrepsol.com\/es\/#organization","name":"Box Repsol","url":"https:\/\/www.boxrepsol.com\/es\/","logo":{"@type":"ImageObject","inLanguage":"es","@id":"https:\/\/www.boxrepsol.com\/es\/#\/schema\/logo\/image\/","url":"https:\/\/bxrepsol.s3.eu-west-1.amazonaws.com\/static\/2025\/07\/30083337\/favicon-96x96-1.png","contentUrl":"https:\/\/bxrepsol.s3.eu-west-1.amazonaws.com\/static\/2025\/07\/30083337\/favicon-96x96-1.png","width":96,"height":96,"caption":"Box Repsol"},"image":{"@id":"https:\/\/www.boxrepsol.com\/es\/#\/schema\/logo\/image\/"},"sameAs":["https:\/\/www.facebook.com\/BoxRepsol","https:\/\/x.com\/box_repsol","http:\/\/instagram.com\/box_repsol","https:\/\/www.youtube.com\/user\/RepsolCompeticion","https:\/\/www.flickr.com\/photos\/box_repsol\/"]},{"@type":"Person","@id":"https:\/\/www.boxrepsol.com\/es\/#\/schema\/person\/c5c2138f2cca251b0ad92b7086bb60b7","name":"Redacci\u00f3n Box Repsol","image":{"@type":"ImageObject","inLanguage":"es","@id":"https:\/\/secure.gravatar.com\/avatar\/adf7b77e38b4419baf32c7e9c21dde01f4e40df611f0978e3006fc4ba0aaab7e?s=96&d=mm&r=g","url":"https:\/\/secure.gravatar.com\/avatar\/adf7b77e38b4419baf32c7e9c21dde01f4e40df611f0978e3006fc4ba0aaab7e?s=96&d=mm&r=g","contentUrl":"https:\/\/secure.gravatar.com\/avatar\/adf7b77e38b4419baf32c7e9c21dde01f4e40df611f0978e3006fc4ba0aaab7e?s=96&d=mm&r=g","caption":"Redacci\u00f3n Box Repsol"},"description":"Box Repsol lo forma un equipo de periodistas, community managers, dise\u00f1adores y fot\u00f3grafos con m\u00e1s de 20 a\u00f1os de experiencia en el mundo del motorsport. Hemos vivido el primer mundial de un espa\u00f1ol en la categor\u00eda reina de motociclismo con \u00c1lex Crivill\u00e9, estuvimos en las victorias de Pedrosa y los t\u00edtulos de M\u00e1rquez, acompa\u00f1amos en \u00c1frica a Nani Roma y Marc Coma en sus conquistas del Dakar y hemos vibrado con los t\u00edtulos de Toni Bou en Trial. Adem\u00e1s, en nuestro equipo contamos con expertos en el mundo de las dos y cuatro ruedas tanto de la calle y las carreteras, como de los circuitos. Periodistas que han trabajado en revistas y publicaciones para hacerte llegar desde rutas y consejos de mantenimiento, a curiosidades y trucos de pilotaje.","sameAs":["https:\/\/www.facebook.com\/BoxRepsol\/","https:\/\/www.instagram.com\/box_repsol\/","https:\/\/x.com\/https:\/\/twitter.com\/box_repsol","https:\/\/www.youtube.com\/@Boxrepsol"],"url":"https:\/\/www.boxrepsol.com\/es\/author\/redaccion-box-repsol\/"}]}},"_links":{"self":[{"href":"https:\/\/www.boxrepsol.com\/es\/wp-json\/wp\/v2\/posts\/93760","targetHints":{"allow":["GET"]}}],"collection":[{"href":"https:\/\/www.boxrepsol.com\/es\/wp-json\/wp\/v2\/posts"}],"about":[{"href":"https:\/\/www.boxrepsol.com\/es\/wp-json\/wp\/v2\/types\/post"}],"author":[{"embeddable":true,"href":"https:\/\/www.boxrepsol.com\/es\/wp-json\/wp\/v2\/users\/43146"}],"replies":[{"embeddable":true,"href":"https:\/\/www.boxrepsol.com\/es\/wp-json\/wp\/v2\/comments?post=93760"}],"version-history":[{"count":1,"href":"https:\/\/www.boxrepsol.com\/es\/wp-json\/wp\/v2\/posts\/93760\/revisions"}],"predecessor-version":[{"id":93761,"href":"https:\/\/www.boxrepsol.com\/es\/wp-json\/wp\/v2\/posts\/93760\/revisions\/93761"}],"wp:featuredmedia":[{"embeddable":true,"href":"https:\/\/www.boxrepsol.com\/es\/wp-json\/wp\/v2\/media\/61060"}],"wp:attachment":[{"href":"https:\/\/www.boxrepsol.com\/es\/wp-json\/wp\/v2\/media?parent=93760"}],"wp:term":[{"taxonomy":"category","embeddable":true,"href":"https:\/\/www.boxrepsol.com\/es\/wp-json\/wp\/v2\/categories?post=93760"},{"taxonomy":"post_tag","embeddable":true,"href":"https:\/\/www.boxrepsol.com\/es\/wp-json\/wp\/v2\/tags?post=93760"}],"curies":[{"name":"wp","href":"https:\/\/api.w.org\/{rel}","templated":true}]}}