{"id":93758,"date":"2019-02-25T00:00:00","date_gmt":"2019-02-25T02:00:00","guid":{"rendered":"http:\/\/pre.boxrepsol.com\/sin-categorizar\/productivo-penultimo-dia-test-del-equipo-repsol-honda\/"},"modified":"2024-04-25T09:46:49","modified_gmt":"2024-04-25T11:46:49","slug":"productivo-penultimo-dia-test-del-equipo-repsol-honda","status":"publish","type":"post","link":"https:\/\/www.boxrepsol.com\/es\/motogp\/productivo-penultimo-dia-test-del-equipo-repsol-honda\/","title":{"rendered":"Productivo pen\u00faltimo d\u00eda de test del equipo Repsol Honda"},"content":{"rendered":"<p>Con la informaci\u00f3n obtenida ayer, los pilotos del <a href=\"https:\/\/www.boxrepsol.com\/es\/equipo-repsol\/\">equipo Repsol Honda<\/a> han sido de los primeros en salir a la pista del Circuito Internacional de Losail, que hoy presentaba un asfalto mucho m\u00e1s limpio, permitiendo iniciar un trabajo productivo algo m\u00e1s temprano que ayer.<\/p>\n<p>En apenas unos giros, el vigente Campe\u00f3n del Mundo de MotoGP ha logrado bajar sus registros de ayer en casi medio segundo. Al final del d\u00eda, <strong>Marc M\u00e1rquez<\/strong> ha completado 57 vueltas y <strong>ha logrado un mejor tiempo de 1 minuto, 55 segundos y 4 mil\u00e9simas<\/strong>, que le ha situado en la quinta posici\u00f3n de la tabla de tiempos. La jornada no s\u00f3lo ha servido para probar la Honda RC213V, sino tambi\u00e9n para evaluar el estado de su hombro, puesto que hoy ha completado el mayor n\u00famero de vueltas desde que se oper\u00f3 en el mes de diciembre.<\/p>\n<p>En el otro lado del box del equipo Repsol Honda, Jorge Lorenzo ha seguido con los ajustes de la ergonom\u00eda de su moto para adaptarla a su cuerpo y estilo de pilotaje. Ha sido un d\u00eda productivo para el balear, que ha realizado un total de 44 vueltas y ha terminado en decimoctava posici\u00f3n, <strong>mejorando su registro de ayer en 1 segundo y 348 mil\u00e9simas<\/strong> y cerrando el d\u00eda con un crono de 1 minuto, 55 segundos y 742 mil\u00e9simas.<\/p>\n<p>Ma\u00f1ana lunes, \u00faltimo d\u00eda de la pretemporada, antes de que Marc M\u00e1rquez y Jorge Lorenzo regresen en dos semanas a este mismo circuito para la primera carrera del Mundial 2019.<\/p>\n<p><a href=\"https:\/\/bxrepsol.s3.eu-west-1.amazonaws.com\/static\/2022\/08\/05063832\/00_marc_marquez_motogp_test_catar2019_honda_repsol.jpg\" \n   title=\"Marc M\u00e1rquez tumbando en Losail\" \n   data-gallery-thumbnail=\"https:\/\/bxrepsol.s3.eu-west-1.amazonaws.com\/static\/2022\/08\/05063832\/00_marc_marquez_motogp_test_catar2019_honda_repsol.jpg\"\n   data-gallery-title=\"\"\n   data-gallery><\/p>\n<figure>\n        <picture style=\"padding-bottom: 65.909090909091%; background-image: url(https:\/\/bxrepsol.s3.eu-west-1.amazonaws.com\/static\/2022\/08\/05063832\/00_marc_marquez_motogp_test_catar2019_honda_repsol.jpg);\">\n            <img decoding=\"async\" src=\"https:\/\/bxrepsol.s3.eu-west-1.amazonaws.com\/static\/2022\/08\/05063832\/00_marc_marquez_motogp_test_catar2019_honda_repsol.jpg\"><br \/>\n            <img itemprop=\"image\"\n                data-srcset=\"https:\/\/bxrepsol.s3.eu-west-1.amazonaws.com\/static\/2022\/08\/05063832\/00_marc_marquez_motogp_test_catar2019_honda_repsol.jpg 480w, https:\/\/bxrepsol.s3.eu-west-1.amazonaws.com\/static\/2022\/08\/05063832\/00_marc_marquez_motogp_test_catar2019_honda_repsol.jpg 600w, https:\/\/bxrepsol.s3.eu-west-1.amazonaws.com\/static\/2022\/08\/05063832\/00_marc_marquez_motogp_test_catar2019_honda_repsol.jpg 900w\"\n                data-src=\"https:\/\/bxrepsol.s3.eu-west-1.amazonaws.com\/static\/2022\/08\/05063832\/00_marc_marquez_motogp_test_catar2019_honda_repsol.jpg\"\n                alt=\"Marc M\u00e1rquez tumbando en Losail\"\n                title=\"Marc M\u00e1rquez toma una curva pronunciada en los test de Catar 2019\"\/><br \/>\n            <noscript><img decoding=\"async\" src=\"https:\/\/bxrepsol.s3.eu-west-1.amazonaws.com\/static\/2022\/08\/05063832\/00_marc_marquez_motogp_test_catar2019_honda_repsol.jpg\" alt=\"Marc M\u00e1rquez tumbando en Losail\"><\/noscript>\n        <\/picture><figcaption>Marc M\u00e1rquez tumbando en Losail<\/figcaption><\/figure>\n<p><\/a><\/p>\n<h2>Test Catar 2019 d\u00eda 2 &#8211; Declaraciones de Marc M\u00e1rquez y Jorge Lorenzo<\/h2>\n<p><a href=\"https:\/\/twitter.com\/hashtag\/mm93?src=hash&amp;lang=es\">#MM93<\/a><\/p>\n<p><em>Hoy estoy muy contento, porque ha sido mi primer d\u00eda de test \u201cnormal\u201d. He hecho muchas vueltas y he tenido un poco de dolor en el hombro, pero era gestionable. Tambi\u00e9n hemos dado un gran paso adelante en la puesta a punto de la moto. En general, estoy contento tanto con mi estado como con la moto. Nos estamos acercando en un circuito que, en general, no es de los mejores para nosotros, y todav\u00eda queda un d\u00eda de pruebas.<\/p>\n<p><a href=\"https:\/\/twitter.com\/hashtag\/JL99?src=hash&amp;lang=es\">#JL99<\/a><\/em><\/p>\n<p><em>Hoy ha ido mejor que ayer. Hemos modificado la moto para mejorar mis sensaciones y confianza en todo el circuito. Hemos bajado mis tiempos m\u00e1s de un segundo y aunque la posici\u00f3n no es mucho mejor, estamos m\u00e1s cerca de los primeros, que es lo m\u00e1s importante. Ma\u00f1ana intentaremos dar otro paso adelante m\u00e1s, especialmente en la entrada de las curvas, que es donde creo que hay m\u00e1s por hacer.<\/em><\/p>\n<p><em>\u00a0<\/em><\/p>\n","protected":false},"excerpt":{"rendered":"<p>El segundo d\u00eda de entrenamientos en Catar, pen\u00faltima jornada de pruebas de la pretemporada 2019, ha permitido a Marc M\u00e1rquez y Jorge Lorenzo mejorar la puesta a punto de sus respectivas Honda RC213V.<\/p>\n","protected":false},"author":43146,"featured_media":61054,"comment_status":"open","ping_status":"open","sticky":false,"template":"","format":"standard","meta":{"footnotes":""},"categories":[4],"tags":[184],"class_list":["post-93758","post","type-post","status-publish","format-standard","hentry","category-motogp","tag-entrenamientos"],"yoast_head":"<!-- This site is optimized with the Yoast SEO plugin v27.3 - https:\/\/yoast.com\/product\/yoast-seo-wordpress\/ -->\n<title>Test Catar 2019 - Productivo pen\u00faltimo d\u00eda de test del equipo Repsol Honda<\/title>\n<meta name=\"description\" content=\"El segundo d\u00eda de entrenamientos en Catar, pen\u00faltima jornada de pruebas de la pretemporada 2019, ha permitido mejorar la puesta a punto.\" \/>\n<link rel=\"canonical\" href=\"https:\/\/www.boxrepsol.com\/es\/motogp\/productivo-penultimo-dia-test-del-equipo-repsol-honda\/\" \/>\n<meta property=\"og:locale\" content=\"es_ES\" \/>\n<meta property=\"og:type\" content=\"article\" \/>\n<meta property=\"og:title\" content=\"Test Catar 2019 - Productivo pen\u00faltimo d\u00eda de test del equipo Repsol Honda\" \/>\n<meta property=\"og:description\" content=\"El segundo d\u00eda de entrenamientos en Catar, pen\u00faltima jornada de pruebas de la pretemporada 2019, ha permitido mejorar la puesta a punto.\" \/>\n<meta property=\"og:url\" content=\"https:\/\/www.boxrepsol.com\/es\/motogp\/productivo-penultimo-dia-test-del-equipo-repsol-honda\/\" \/>\n<meta property=\"og:site_name\" content=\"Box Repsol\" \/>\n<meta property=\"article:publisher\" content=\"https:\/\/www.facebook.com\/BoxRepsol\" \/>\n<meta property=\"article:author\" content=\"https:\/\/www.facebook.com\/BoxRepsol\/\" \/>\n<meta property=\"article:published_time\" content=\"2019-02-25T02:00:00+00:00\" \/>\n<meta property=\"article:modified_time\" content=\"2024-04-25T11:46:49+00:00\" \/>\n<meta property=\"og:image\" content=\"https:\/\/bxrepsol.s3.eu-west-1.amazonaws.com\/static\/2022\/08\/29084555\/00_jorge_lorenzo_repsol_honda_motogp_2019_test_catar_99.jpg\" \/>\n\t<meta property=\"og:image:width\" content=\"1280\" \/>\n\t<meta property=\"og:image:height\" content=\"600\" \/>\n\t<meta property=\"og:image:type\" content=\"image\/jpeg\" \/>\n<meta name=\"author\" content=\"Redacci\u00f3n Box Repsol\" \/>\n<meta name=\"twitter:card\" content=\"summary_large_image\" \/>\n<meta name=\"twitter:creator\" content=\"@https:\/\/twitter.com\/box_repsol\" \/>\n<meta name=\"twitter:site\" content=\"@box_repsol\" \/>\n<meta name=\"twitter:label1\" content=\"Written by\" \/>\n\t<meta name=\"twitter:data1\" content=\"Redacci\u00f3n Box Repsol\" \/>\n\t<meta name=\"twitter:label2\" content=\"Est. reading time\" \/>\n\t<meta name=\"twitter:data2\" content=\"2 minutos\" \/>\n<script type=\"application\/ld+json\" class=\"yoast-schema-graph\">{\"@context\":\"https:\\\/\\\/schema.org\",\"@graph\":[{\"@type\":\"Article\",\"@id\":\"https:\\\/\\\/www.boxrepsol.com\\\/es\\\/motogp\\\/productivo-penultimo-dia-test-del-equipo-repsol-honda\\\/#article\",\"isPartOf\":{\"@id\":\"https:\\\/\\\/www.boxrepsol.com\\\/es\\\/motogp\\\/productivo-penultimo-dia-test-del-equipo-repsol-honda\\\/\"},\"author\":{\"name\":\"Redacci\u00f3n Box Repsol\",\"@id\":\"https:\\\/\\\/www.boxrepsol.com\\\/es\\\/#\\\/schema\\\/person\\\/c5c2138f2cca251b0ad92b7086bb60b7\"},\"headline\":\"Productivo pen\u00faltimo d\u00eda de test del equipo Repsol Honda\",\"datePublished\":\"2019-02-25T02:00:00+00:00\",\"dateModified\":\"2024-04-25T11:46:49+00:00\",\"mainEntityOfPage\":{\"@id\":\"https:\\\/\\\/www.boxrepsol.com\\\/es\\\/motogp\\\/productivo-penultimo-dia-test-del-equipo-repsol-honda\\\/\"},\"wordCount\":455,\"commentCount\":0,\"publisher\":{\"@id\":\"https:\\\/\\\/www.boxrepsol.com\\\/es\\\/#organization\"},\"image\":{\"@id\":\"https:\\\/\\\/www.boxrepsol.com\\\/es\\\/motogp\\\/productivo-penultimo-dia-test-del-equipo-repsol-honda\\\/#primaryimage\"},\"thumbnailUrl\":\"https:\\\/\\\/bxrepsol.s3.eu-west-1.amazonaws.com\\\/static\\\/2022\\\/08\\\/29084555\\\/00_jorge_lorenzo_repsol_honda_motogp_2019_test_catar_99.jpg\",\"keywords\":[\"entrenamientos\"],\"articleSection\":[\"MotoGP\"],\"inLanguage\":\"es\",\"potentialAction\":[{\"@type\":\"CommentAction\",\"name\":\"Comment\",\"target\":[\"https:\\\/\\\/www.boxrepsol.com\\\/es\\\/motogp\\\/productivo-penultimo-dia-test-del-equipo-repsol-honda\\\/#respond\"]}]},{\"@type\":\"WebPage\",\"@id\":\"https:\\\/\\\/www.boxrepsol.com\\\/es\\\/motogp\\\/productivo-penultimo-dia-test-del-equipo-repsol-honda\\\/\",\"url\":\"https:\\\/\\\/www.boxrepsol.com\\\/es\\\/motogp\\\/productivo-penultimo-dia-test-del-equipo-repsol-honda\\\/\",\"name\":\"Test Catar 2019 - Productivo pen\u00faltimo d\u00eda de test del equipo Repsol Honda\",\"isPartOf\":{\"@id\":\"https:\\\/\\\/www.boxrepsol.com\\\/es\\\/#website\"},\"primaryImageOfPage\":{\"@id\":\"https:\\\/\\\/www.boxrepsol.com\\\/es\\\/motogp\\\/productivo-penultimo-dia-test-del-equipo-repsol-honda\\\/#primaryimage\"},\"image\":{\"@id\":\"https:\\\/\\\/www.boxrepsol.com\\\/es\\\/motogp\\\/productivo-penultimo-dia-test-del-equipo-repsol-honda\\\/#primaryimage\"},\"thumbnailUrl\":\"https:\\\/\\\/bxrepsol.s3.eu-west-1.amazonaws.com\\\/static\\\/2022\\\/08\\\/29084555\\\/00_jorge_lorenzo_repsol_honda_motogp_2019_test_catar_99.jpg\",\"datePublished\":\"2019-02-25T02:00:00+00:00\",\"dateModified\":\"2024-04-25T11:46:49+00:00\",\"description\":\"El segundo d\u00eda de entrenamientos en Catar, pen\u00faltima jornada de pruebas de la pretemporada 2019, ha permitido mejorar la puesta a punto.\",\"breadcrumb\":{\"@id\":\"https:\\\/\\\/www.boxrepsol.com\\\/es\\\/motogp\\\/productivo-penultimo-dia-test-del-equipo-repsol-honda\\\/#breadcrumb\"},\"inLanguage\":\"es\",\"potentialAction\":[{\"@type\":\"ReadAction\",\"target\":[\"https:\\\/\\\/www.boxrepsol.com\\\/es\\\/motogp\\\/productivo-penultimo-dia-test-del-equipo-repsol-honda\\\/\"]}]},{\"@type\":\"ImageObject\",\"inLanguage\":\"es\",\"@id\":\"https:\\\/\\\/www.boxrepsol.com\\\/es\\\/motogp\\\/productivo-penultimo-dia-test-del-equipo-repsol-honda\\\/#primaryimage\",\"url\":\"https:\\\/\\\/bxrepsol.s3.eu-west-1.amazonaws.com\\\/static\\\/2022\\\/08\\\/29084555\\\/00_jorge_lorenzo_repsol_honda_motogp_2019_test_catar_99.jpg\",\"contentUrl\":\"https:\\\/\\\/bxrepsol.s3.eu-west-1.amazonaws.com\\\/static\\\/2022\\\/08\\\/29084555\\\/00_jorge_lorenzo_repsol_honda_motogp_2019_test_catar_99.jpg\",\"width\":1280,\"height\":600,\"caption\":\"Jorge Lorenzo tomando una curva en la honda\"},{\"@type\":\"BreadcrumbList\",\"@id\":\"https:\\\/\\\/www.boxrepsol.com\\\/es\\\/motogp\\\/productivo-penultimo-dia-test-del-equipo-repsol-honda\\\/#breadcrumb\",\"itemListElement\":[{\"@type\":\"ListItem\",\"position\":1,\"name\":\"Home\",\"item\":\"https:\\\/\\\/www.boxrepsol.com\\\/es\\\/\"},{\"@type\":\"ListItem\",\"position\":2,\"name\":\"Productivo pen\u00faltimo d\u00eda de test del equipo Repsol Honda\"}]},{\"@type\":\"WebSite\",\"@id\":\"https:\\\/\\\/www.boxrepsol.com\\\/es\\\/#website\",\"url\":\"https:\\\/\\\/www.boxrepsol.com\\\/es\\\/\",\"name\":\"Box Repsol\",\"description\":\"Box Repsol Site\",\"publisher\":{\"@id\":\"https:\\\/\\\/www.boxrepsol.com\\\/es\\\/#organization\"},\"potentialAction\":[{\"@type\":\"SearchAction\",\"target\":{\"@type\":\"EntryPoint\",\"urlTemplate\":\"https:\\\/\\\/www.boxrepsol.com\\\/es\\\/?s={search_term_string}\"},\"query-input\":{\"@type\":\"PropertyValueSpecification\",\"valueRequired\":true,\"valueName\":\"search_term_string\"}}],\"inLanguage\":\"es\"},{\"@type\":\"Organization\",\"@id\":\"https:\\\/\\\/www.boxrepsol.com\\\/es\\\/#organization\",\"name\":\"Box Repsol\",\"url\":\"https:\\\/\\\/www.boxrepsol.com\\\/es\\\/\",\"logo\":{\"@type\":\"ImageObject\",\"inLanguage\":\"es\",\"@id\":\"https:\\\/\\\/www.boxrepsol.com\\\/es\\\/#\\\/schema\\\/logo\\\/image\\\/\",\"url\":\"https:\\\/\\\/bxrepsol.s3.eu-west-1.amazonaws.com\\\/static\\\/2025\\\/07\\\/30083337\\\/favicon-96x96-1.png\",\"contentUrl\":\"https:\\\/\\\/bxrepsol.s3.eu-west-1.amazonaws.com\\\/static\\\/2025\\\/07\\\/30083337\\\/favicon-96x96-1.png\",\"width\":96,\"height\":96,\"caption\":\"Box Repsol\"},\"image\":{\"@id\":\"https:\\\/\\\/www.boxrepsol.com\\\/es\\\/#\\\/schema\\\/logo\\\/image\\\/\"},\"sameAs\":[\"https:\\\/\\\/www.facebook.com\\\/BoxRepsol\",\"https:\\\/\\\/x.com\\\/box_repsol\",\"http:\\\/\\\/instagram.com\\\/box_repsol\",\"https:\\\/\\\/www.youtube.com\\\/user\\\/RepsolCompeticion\",\"https:\\\/\\\/www.flickr.com\\\/photos\\\/box_repsol\\\/\"]},{\"@type\":\"Person\",\"@id\":\"https:\\\/\\\/www.boxrepsol.com\\\/es\\\/#\\\/schema\\\/person\\\/c5c2138f2cca251b0ad92b7086bb60b7\",\"name\":\"Redacci\u00f3n Box Repsol\",\"image\":{\"@type\":\"ImageObject\",\"inLanguage\":\"es\",\"@id\":\"https:\\\/\\\/secure.gravatar.com\\\/avatar\\\/adf7b77e38b4419baf32c7e9c21dde01f4e40df611f0978e3006fc4ba0aaab7e?s=96&d=mm&r=g\",\"url\":\"https:\\\/\\\/secure.gravatar.com\\\/avatar\\\/adf7b77e38b4419baf32c7e9c21dde01f4e40df611f0978e3006fc4ba0aaab7e?s=96&d=mm&r=g\",\"contentUrl\":\"https:\\\/\\\/secure.gravatar.com\\\/avatar\\\/adf7b77e38b4419baf32c7e9c21dde01f4e40df611f0978e3006fc4ba0aaab7e?s=96&d=mm&r=g\",\"caption\":\"Redacci\u00f3n Box Repsol\"},\"description\":\"Box Repsol lo forma un equipo de periodistas, community managers, dise\u00f1adores y fot\u00f3grafos con m\u00e1s de 20 a\u00f1os de experiencia en el mundo del motorsport. Hemos vivido el primer mundial de un espa\u00f1ol en la categor\u00eda reina de motociclismo con \u00c1lex Crivill\u00e9, estuvimos en las victorias de Pedrosa y los t\u00edtulos de M\u00e1rquez, acompa\u00f1amos en \u00c1frica a Nani Roma y Marc Coma en sus conquistas del Dakar y hemos vibrado con los t\u00edtulos de Toni Bou en Trial. Adem\u00e1s, en nuestro equipo contamos con expertos en el mundo de las dos y cuatro ruedas tanto de la calle y las carreteras, como de los circuitos. Periodistas que han trabajado en revistas y publicaciones para hacerte llegar desde rutas y consejos de mantenimiento, a curiosidades y trucos de pilotaje.\",\"sameAs\":[\"https:\\\/\\\/www.facebook.com\\\/BoxRepsol\\\/\",\"https:\\\/\\\/www.instagram.com\\\/box_repsol\\\/\",\"https:\\\/\\\/x.com\\\/https:\\\/\\\/twitter.com\\\/box_repsol\",\"https:\\\/\\\/www.youtube.com\\\/@Boxrepsol\"],\"url\":\"https:\\\/\\\/www.boxrepsol.com\\\/es\\\/author\\\/redaccion-box-repsol\\\/\"}]}<\/script>\n<!-- \/ Yoast SEO plugin. -->","yoast_head_json":{"title":"Test Catar 2019 - Productivo pen\u00faltimo d\u00eda de test del equipo Repsol Honda","description":"El segundo d\u00eda de entrenamientos en Catar, pen\u00faltima jornada de pruebas de la pretemporada 2019, ha permitido mejorar la puesta a punto.","canonical":"https:\/\/www.boxrepsol.com\/es\/motogp\/productivo-penultimo-dia-test-del-equipo-repsol-honda\/","og_locale":"es_ES","og_type":"article","og_title":"Test Catar 2019 - Productivo pen\u00faltimo d\u00eda de test del equipo Repsol Honda","og_description":"El segundo d\u00eda de entrenamientos en Catar, pen\u00faltima jornada de pruebas de la pretemporada 2019, ha permitido mejorar la puesta a punto.","og_url":"https:\/\/www.boxrepsol.com\/es\/motogp\/productivo-penultimo-dia-test-del-equipo-repsol-honda\/","og_site_name":"Box Repsol","article_publisher":"https:\/\/www.facebook.com\/BoxRepsol","article_author":"https:\/\/www.facebook.com\/BoxRepsol\/","article_published_time":"2019-02-25T02:00:00+00:00","article_modified_time":"2024-04-25T11:46:49+00:00","og_image":[{"width":1280,"height":600,"url":"https:\/\/bxrepsol.s3.eu-west-1.amazonaws.com\/static\/2022\/08\/29084555\/00_jorge_lorenzo_repsol_honda_motogp_2019_test_catar_99.jpg","type":"image\/jpeg"}],"author":"Redacci\u00f3n Box Repsol","twitter_card":"summary_large_image","twitter_creator":"@https:\/\/twitter.com\/box_repsol","twitter_site":"@box_repsol","twitter_misc":{"Written by":"Redacci\u00f3n Box Repsol","Est. reading time":"2 minutos"},"schema":{"@context":"https:\/\/schema.org","@graph":[{"@type":"Article","@id":"https:\/\/www.boxrepsol.com\/es\/motogp\/productivo-penultimo-dia-test-del-equipo-repsol-honda\/#article","isPartOf":{"@id":"https:\/\/www.boxrepsol.com\/es\/motogp\/productivo-penultimo-dia-test-del-equipo-repsol-honda\/"},"author":{"name":"Redacci\u00f3n Box Repsol","@id":"https:\/\/www.boxrepsol.com\/es\/#\/schema\/person\/c5c2138f2cca251b0ad92b7086bb60b7"},"headline":"Productivo pen\u00faltimo d\u00eda de test del equipo Repsol Honda","datePublished":"2019-02-25T02:00:00+00:00","dateModified":"2024-04-25T11:46:49+00:00","mainEntityOfPage":{"@id":"https:\/\/www.boxrepsol.com\/es\/motogp\/productivo-penultimo-dia-test-del-equipo-repsol-honda\/"},"wordCount":455,"commentCount":0,"publisher":{"@id":"https:\/\/www.boxrepsol.com\/es\/#organization"},"image":{"@id":"https:\/\/www.boxrepsol.com\/es\/motogp\/productivo-penultimo-dia-test-del-equipo-repsol-honda\/#primaryimage"},"thumbnailUrl":"https:\/\/bxrepsol.s3.eu-west-1.amazonaws.com\/static\/2022\/08\/29084555\/00_jorge_lorenzo_repsol_honda_motogp_2019_test_catar_99.jpg","keywords":["entrenamientos"],"articleSection":["MotoGP"],"inLanguage":"es","potentialAction":[{"@type":"CommentAction","name":"Comment","target":["https:\/\/www.boxrepsol.com\/es\/motogp\/productivo-penultimo-dia-test-del-equipo-repsol-honda\/#respond"]}]},{"@type":"WebPage","@id":"https:\/\/www.boxrepsol.com\/es\/motogp\/productivo-penultimo-dia-test-del-equipo-repsol-honda\/","url":"https:\/\/www.boxrepsol.com\/es\/motogp\/productivo-penultimo-dia-test-del-equipo-repsol-honda\/","name":"Test Catar 2019 - Productivo pen\u00faltimo d\u00eda de test del equipo Repsol Honda","isPartOf":{"@id":"https:\/\/www.boxrepsol.com\/es\/#website"},"primaryImageOfPage":{"@id":"https:\/\/www.boxrepsol.com\/es\/motogp\/productivo-penultimo-dia-test-del-equipo-repsol-honda\/#primaryimage"},"image":{"@id":"https:\/\/www.boxrepsol.com\/es\/motogp\/productivo-penultimo-dia-test-del-equipo-repsol-honda\/#primaryimage"},"thumbnailUrl":"https:\/\/bxrepsol.s3.eu-west-1.amazonaws.com\/static\/2022\/08\/29084555\/00_jorge_lorenzo_repsol_honda_motogp_2019_test_catar_99.jpg","datePublished":"2019-02-25T02:00:00+00:00","dateModified":"2024-04-25T11:46:49+00:00","description":"El segundo d\u00eda de entrenamientos en Catar, pen\u00faltima jornada de pruebas de la pretemporada 2019, ha permitido mejorar la puesta a punto.","breadcrumb":{"@id":"https:\/\/www.boxrepsol.com\/es\/motogp\/productivo-penultimo-dia-test-del-equipo-repsol-honda\/#breadcrumb"},"inLanguage":"es","potentialAction":[{"@type":"ReadAction","target":["https:\/\/www.boxrepsol.com\/es\/motogp\/productivo-penultimo-dia-test-del-equipo-repsol-honda\/"]}]},{"@type":"ImageObject","inLanguage":"es","@id":"https:\/\/www.boxrepsol.com\/es\/motogp\/productivo-penultimo-dia-test-del-equipo-repsol-honda\/#primaryimage","url":"https:\/\/bxrepsol.s3.eu-west-1.amazonaws.com\/static\/2022\/08\/29084555\/00_jorge_lorenzo_repsol_honda_motogp_2019_test_catar_99.jpg","contentUrl":"https:\/\/bxrepsol.s3.eu-west-1.amazonaws.com\/static\/2022\/08\/29084555\/00_jorge_lorenzo_repsol_honda_motogp_2019_test_catar_99.jpg","width":1280,"height":600,"caption":"Jorge Lorenzo tomando una curva en la honda"},{"@type":"BreadcrumbList","@id":"https:\/\/www.boxrepsol.com\/es\/motogp\/productivo-penultimo-dia-test-del-equipo-repsol-honda\/#breadcrumb","itemListElement":[{"@type":"ListItem","position":1,"name":"Home","item":"https:\/\/www.boxrepsol.com\/es\/"},{"@type":"ListItem","position":2,"name":"Productivo pen\u00faltimo d\u00eda de test del equipo Repsol Honda"}]},{"@type":"WebSite","@id":"https:\/\/www.boxrepsol.com\/es\/#website","url":"https:\/\/www.boxrepsol.com\/es\/","name":"Box Repsol","description":"Box Repsol Site","publisher":{"@id":"https:\/\/www.boxrepsol.com\/es\/#organization"},"potentialAction":[{"@type":"SearchAction","target":{"@type":"EntryPoint","urlTemplate":"https:\/\/www.boxrepsol.com\/es\/?s={search_term_string}"},"query-input":{"@type":"PropertyValueSpecification","valueRequired":true,"valueName":"search_term_string"}}],"inLanguage":"es"},{"@type":"Organization","@id":"https:\/\/www.boxrepsol.com\/es\/#organization","name":"Box Repsol","url":"https:\/\/www.boxrepsol.com\/es\/","logo":{"@type":"ImageObject","inLanguage":"es","@id":"https:\/\/www.boxrepsol.com\/es\/#\/schema\/logo\/image\/","url":"https:\/\/bxrepsol.s3.eu-west-1.amazonaws.com\/static\/2025\/07\/30083337\/favicon-96x96-1.png","contentUrl":"https:\/\/bxrepsol.s3.eu-west-1.amazonaws.com\/static\/2025\/07\/30083337\/favicon-96x96-1.png","width":96,"height":96,"caption":"Box Repsol"},"image":{"@id":"https:\/\/www.boxrepsol.com\/es\/#\/schema\/logo\/image\/"},"sameAs":["https:\/\/www.facebook.com\/BoxRepsol","https:\/\/x.com\/box_repsol","http:\/\/instagram.com\/box_repsol","https:\/\/www.youtube.com\/user\/RepsolCompeticion","https:\/\/www.flickr.com\/photos\/box_repsol\/"]},{"@type":"Person","@id":"https:\/\/www.boxrepsol.com\/es\/#\/schema\/person\/c5c2138f2cca251b0ad92b7086bb60b7","name":"Redacci\u00f3n Box Repsol","image":{"@type":"ImageObject","inLanguage":"es","@id":"https:\/\/secure.gravatar.com\/avatar\/adf7b77e38b4419baf32c7e9c21dde01f4e40df611f0978e3006fc4ba0aaab7e?s=96&d=mm&r=g","url":"https:\/\/secure.gravatar.com\/avatar\/adf7b77e38b4419baf32c7e9c21dde01f4e40df611f0978e3006fc4ba0aaab7e?s=96&d=mm&r=g","contentUrl":"https:\/\/secure.gravatar.com\/avatar\/adf7b77e38b4419baf32c7e9c21dde01f4e40df611f0978e3006fc4ba0aaab7e?s=96&d=mm&r=g","caption":"Redacci\u00f3n Box Repsol"},"description":"Box Repsol lo forma un equipo de periodistas, community managers, dise\u00f1adores y fot\u00f3grafos con m\u00e1s de 20 a\u00f1os de experiencia en el mundo del motorsport. Hemos vivido el primer mundial de un espa\u00f1ol en la categor\u00eda reina de motociclismo con \u00c1lex Crivill\u00e9, estuvimos en las victorias de Pedrosa y los t\u00edtulos de M\u00e1rquez, acompa\u00f1amos en \u00c1frica a Nani Roma y Marc Coma en sus conquistas del Dakar y hemos vibrado con los t\u00edtulos de Toni Bou en Trial. Adem\u00e1s, en nuestro equipo contamos con expertos en el mundo de las dos y cuatro ruedas tanto de la calle y las carreteras, como de los circuitos. Periodistas que han trabajado en revistas y publicaciones para hacerte llegar desde rutas y consejos de mantenimiento, a curiosidades y trucos de pilotaje.","sameAs":["https:\/\/www.facebook.com\/BoxRepsol\/","https:\/\/www.instagram.com\/box_repsol\/","https:\/\/x.com\/https:\/\/twitter.com\/box_repsol","https:\/\/www.youtube.com\/@Boxrepsol"],"url":"https:\/\/www.boxrepsol.com\/es\/author\/redaccion-box-repsol\/"}]}},"_links":{"self":[{"href":"https:\/\/www.boxrepsol.com\/es\/wp-json\/wp\/v2\/posts\/93758","targetHints":{"allow":["GET"]}}],"collection":[{"href":"https:\/\/www.boxrepsol.com\/es\/wp-json\/wp\/v2\/posts"}],"about":[{"href":"https:\/\/www.boxrepsol.com\/es\/wp-json\/wp\/v2\/types\/post"}],"author":[{"embeddable":true,"href":"https:\/\/www.boxrepsol.com\/es\/wp-json\/wp\/v2\/users\/43146"}],"replies":[{"embeddable":true,"href":"https:\/\/www.boxrepsol.com\/es\/wp-json\/wp\/v2\/comments?post=93758"}],"version-history":[{"count":2,"href":"https:\/\/www.boxrepsol.com\/es\/wp-json\/wp\/v2\/posts\/93758\/revisions"}],"predecessor-version":[{"id":115250,"href":"https:\/\/www.boxrepsol.com\/es\/wp-json\/wp\/v2\/posts\/93758\/revisions\/115250"}],"wp:featuredmedia":[{"embeddable":true,"href":"https:\/\/www.boxrepsol.com\/es\/wp-json\/wp\/v2\/media\/61054"}],"wp:attachment":[{"href":"https:\/\/www.boxrepsol.com\/es\/wp-json\/wp\/v2\/media?parent=93758"}],"wp:term":[{"taxonomy":"category","embeddable":true,"href":"https:\/\/www.boxrepsol.com\/es\/wp-json\/wp\/v2\/categories?post=93758"},{"taxonomy":"post_tag","embeddable":true,"href":"https:\/\/www.boxrepsol.com\/es\/wp-json\/wp\/v2\/tags?post=93758"}],"curies":[{"name":"wp","href":"https:\/\/api.w.org\/{rel}","templated":true}]}}