{"id":93754,"date":"2020-01-09T00:00:00","date_gmt":"2020-01-09T02:00:00","guid":{"rendered":"http:\/\/pre.boxrepsol.com\/sin-categorizar\/distintivo-ambiental-motos\/"},"modified":"2024-04-22T10:00:55","modified_gmt":"2024-04-22T12:00:55","slug":"distintivo-ambiental-motos","status":"publish","type":"post","link":"https:\/\/www.boxrepsol.com\/es\/tecnologia\/distintivo-ambiental-motos\/","title":{"rendered":"Etiqueta medioambiental para moto: tipos y d\u00f3nde colocarla"},"content":{"rendered":"\n<p>\u00bfCre\u00edas que te ibas a librar de poner la etiqueta medioambiental en tu moto?<\/p>\n\n\n\n<p>Pues va a ser que no. Porque, aunque no es legalmente obligatorio, si quieres <strong>acceder a las zonas de bajas emisiones<\/strong> que los distintos municipios han establecido no te va a quedar otra que ponerla en una zona visible de tu motocicleta.&nbsp;<\/p>\n\n\n\n<p>As\u00ed que presta mucha atenci\u00f3n a este art\u00edculo en el que te explicamos todo lo que debes saber sobre las pegatinas medioambientales de la DGT para tu moto.&nbsp;<\/p>\n\n\n\n<div id=\"ez-toc-container\" class=\"ez-toc-v2_0_82_2 counter-hierarchy ez-toc-counter ez-toc-grey ez-toc-container-direction\">\n<div class=\"ez-toc-title-container\">\n<p class=\"ez-toc-title\" style=\"cursor:inherit\">\u00cdndice<\/p>\n<span class=\"ez-toc-title-toggle\"><a href=\"#\" class=\"ez-toc-pull-right ez-toc-btn ez-toc-btn-xs ez-toc-btn-default ez-toc-toggle\" aria-label=\"Toggle Table of Content\"><span class=\"ez-toc-js-icon-con\"><span class=\"\"><span class=\"eztoc-hide\" style=\"display:none;\">Toggle<\/span><span class=\"ez-toc-icon-toggle-span\"><svg style=\"fill: #999;color:#999\" xmlns=\"http:\/\/www.w3.org\/2000\/svg\" class=\"list-377408\" width=\"20px\" height=\"20px\" viewBox=\"0 0 24 24\" fill=\"none\"><path d=\"M6 6H4v2h2V6zm14 0H8v2h12V6zM4 11h2v2H4v-2zm16 0H8v2h12v-2zM4 16h2v2H4v-2zm16 0H8v2h12v-2z\" fill=\"currentColor\"><\/path><\/svg><svg style=\"fill: #999;color:#999\" class=\"arrow-unsorted-368013\" xmlns=\"http:\/\/www.w3.org\/2000\/svg\" width=\"10px\" height=\"10px\" viewBox=\"0 0 24 24\" version=\"1.2\" baseProfile=\"tiny\"><path d=\"M18.2 9.3l-6.2-6.3-6.2 6.3c-.2.2-.3.4-.3.7s.1.5.3.7c.2.2.4.3.7.3h11c.3 0 .5-.1.7-.3.2-.2.3-.5.3-.7s-.1-.5-.3-.7zM5.8 14.7l6.2 6.3 6.2-6.3c.2-.2.3-.5.3-.7s-.1-.5-.3-.7c-.2-.2-.4-.3-.7-.3h-11c-.3 0-.5.1-.7.3-.2.2-.3.5-.3.7s.1.5.3.7z\"\/><\/svg><\/span><\/span><\/span><\/a><\/span><\/div>\n<nav><ul class='ez-toc-list ez-toc-list-level-1 ' ><li class='ez-toc-page-1 ez-toc-heading-level-2'><a class=\"ez-toc-link ez-toc-heading-1\" href=\"https:\/\/www.boxrepsol.com\/es\/tecnologia\/distintivo-ambiental-motos\/#%C2%BFPara_que_sirven_las_etiquetas_medioambientales_para_motos\" >\u00bfPara qu\u00e9 sirven las etiquetas medioambientales para motos?<\/a><\/li><li class='ez-toc-page-1 ez-toc-heading-level-2'><a class=\"ez-toc-link ez-toc-heading-2\" href=\"https:\/\/www.boxrepsol.com\/es\/tecnologia\/distintivo-ambiental-motos\/#Tipos_de_distintivos_medioambientales_para_motos\" >Tipos de distintivos medioambientales para motos<\/a><ul class='ez-toc-list-level-3' ><li class='ez-toc-heading-level-3'><a class=\"ez-toc-link ez-toc-heading-3\" href=\"https:\/\/www.boxrepsol.com\/es\/tecnologia\/distintivo-ambiental-motos\/#Etiqueta_Emisiones_0\" >Etiqueta Emisiones 0<\/a><\/li><li class='ez-toc-page-1 ez-toc-heading-level-3'><a class=\"ez-toc-link ez-toc-heading-4\" href=\"https:\/\/www.boxrepsol.com\/es\/tecnologia\/distintivo-ambiental-motos\/#Etiqueta_ECO\" >Etiqueta ECO<\/a><\/li><li class='ez-toc-page-1 ez-toc-heading-level-3'><a class=\"ez-toc-link ez-toc-heading-5\" href=\"https:\/\/www.boxrepsol.com\/es\/tecnologia\/distintivo-ambiental-motos\/#Etiqueta_C\" >Etiqueta C<\/a><\/li><li class='ez-toc-page-1 ez-toc-heading-level-3'><a class=\"ez-toc-link ez-toc-heading-6\" href=\"https:\/\/www.boxrepsol.com\/es\/tecnologia\/distintivo-ambiental-motos\/#Etiqueta_B\" >Etiqueta B<\/a><\/li><\/ul><\/li><li class='ez-toc-page-1 ez-toc-heading-level-2'><a class=\"ez-toc-link ez-toc-heading-7\" href=\"https:\/\/www.boxrepsol.com\/es\/tecnologia\/distintivo-ambiental-motos\/#Donde_solicitar_el_distintivo_ambiental_de_la_DGT\" >D\u00f3nde solicitar el distintivo ambiental de la DGT<\/a><\/li><li class='ez-toc-page-1 ez-toc-heading-level-2'><a class=\"ez-toc-link ez-toc-heading-8\" href=\"https:\/\/www.boxrepsol.com\/es\/tecnologia\/distintivo-ambiental-motos\/#%C2%BFEs_obligatorio_llevar_la_pegatina_ambiental_en_la_moto\" >\u00bfEs obligatorio llevar la pegatina ambiental en la moto?<\/a><ul class='ez-toc-list-level-3' ><li class='ez-toc-heading-level-3'><a class=\"ez-toc-link ez-toc-heading-9\" href=\"https:\/\/www.boxrepsol.com\/es\/tecnologia\/distintivo-ambiental-motos\/#%C2%BFDonde_colocar_la_etiqueta_medioambiental_en_la_moto\" >\u00bfD\u00f3nde colocar la etiqueta medioambiental en la moto?<\/a><\/li><\/ul><\/li><\/ul><\/nav><\/div>\n<h2 class=\"wp-block-heading\"><span class=\"ez-toc-section\" id=\"%C2%BFPara_que_sirven_las_etiquetas_medioambientales_para_motos\"><\/span>\u00bfPara qu\u00e9 sirven las etiquetas medioambientales para motos?<span class=\"ez-toc-section-end\"><\/span><\/h2>\n\n\n\n<p>La forma m\u00e1s operativa que ha encontrado la DGT para <strong>saber qu\u00e9 veh\u00edculos son los menos contaminantes <\/strong>es mediante unos distintivos en forma de pegatinas que deben fijarse de forma visible en cada veh\u00edculo.&nbsp;<\/p>\n\n\n\n<p>De esa manera, es f\u00e1cil <strong>discriminar positivamente a los autom\u00f3viles m\u00e1s sostenibles y menos contaminantes<\/strong>.&nbsp;<\/p>\n\n\n\n<p>Adem\u00e1s, gracias a la etiqueta medioambiental, los municipios disponen de una herramienta fundamental para <strong>limitar la circulaci\u00f3n de los veh\u00edculos que m\u00e1s contaminan<\/strong>. Un escenario que ya se ha implantado en grandes ciudades como Madrid o Barcelona, pero que tarde o temprano llegar\u00e1 al resto de localidades.&nbsp;<\/p>\n\n\n\n<p>De hecho, hay una norma europea que ya establece que las <strong>ciudades con m\u00e1s de 50.000 habitantes tienen que delimitar zonas de bajas emisiones.<\/strong> Algo que solo se puede conseguir restringiendo la circulaci\u00f3n de los coches m\u00e1s contaminantes.&nbsp;<\/p>\n\n\n\n<p>El problema es que una moto suele ser m\u00e1s eficiente que un coche, si atendemos a los <a href=\"https:\/\/www.boxrepsol.com\/es\/tecnologia\/ser-eficiente-consumo-carburante\/\">consumos de combustible<\/a> y a las emisiones de CO2. Y, sin embargo, la norma mete tambi\u00e9n a las motocicletas en el mismo saco que los coches.&nbsp;<\/p>\n\n\n\n<p>Respecto al caso concreto de las pegatinas medioambientales para motos, seg\u00fan asegura la DGT, el objetivo es rejuvenecer el parque, ya que las motocicletas que circulan por nuestro pa\u00eds son bastante antiguas.<\/p>\n\n\n\n<figure class=\"wp-block-image size-full\"><img loading=\"lazy\" decoding=\"async\" width=\"1000\" height=\"1000\" src=\"https:\/\/bxrepsol.s3.eu-west-1.amazonaws.com\/static\/2023\/12\/04091842\/Foto-7.jpg\" alt=\"Zonas Bajas Emisiones \" class=\"wp-image-109251\" srcset=\"https:\/\/bxrepsol.s3.eu-west-1.amazonaws.com\/static\/2023\/12\/04091842\/Foto-7.jpg 1000w, https:\/\/bxrepsol.s3.eu-west-1.amazonaws.com\/static\/2023\/12\/04091842\/Foto-7-300x300.jpg 300w, https:\/\/bxrepsol.s3.eu-west-1.amazonaws.com\/static\/2023\/12\/04091842\/Foto-7-150x150.jpg 150w, https:\/\/bxrepsol.s3.eu-west-1.amazonaws.com\/static\/2023\/12\/04091842\/Foto-7-768x768.jpg 768w\" sizes=\"auto, (max-width: 1000px) 100vw, 1000px\" \/><\/figure>\n\n\n\n<h2 class=\"wp-block-heading\"><span class=\"ez-toc-section\" id=\"Tipos_de_distintivos_medioambientales_para_motos\"><\/span>Tipos de distintivos medioambientales para motos<span class=\"ez-toc-section-end\"><\/span><\/h2>\n\n\n\n<p>La DGT ha establecido un conjunto de etiquetas medioambientales para motos, comunes a las que ya existen para los coches.<\/p>\n\n\n\n<p>La gama de distintivos<strong> abarca una escala de emisiones contaminantes, <\/strong>para distinguir a las motos que m\u00e1s contaminan y a las que menos.&nbsp;<\/p>\n\n\n\n<p>A continuaci\u00f3n, te mostramos las etiquetas medioambientales de moto que establece la norma.&nbsp;<\/p>\n\n\n\n<h3 class=\"wp-block-heading\"><span class=\"ez-toc-section\" id=\"Etiqueta_Emisiones_0\"><\/span><strong>Etiqueta Emisiones 0<\/strong><span class=\"ez-toc-section-end\"><\/span><\/h3>\n\n\n\n<p>Se trata de un distintivo de color azul que<strong> indica que la moto que la porta no genera emisiones contaminantes<\/strong>.&nbsp;<\/p>\n\n\n\n<p>Para poder colocar la etiqueta de Emisiones 0, tu moto debe figurar en el Registro de Veh\u00edculos de la DGT en alguna de las siguientes categor\u00edas:&nbsp;<\/p>\n\n\n\n<ul class=\"wp-block-list\">\n<li><a href=\"https:\/\/www.boxrepsol.com\/es\/tecnologia\/ventajas-desventajas-las-motos-electricas\/\">Moto el\u00e9ctrica<\/a> de bater\u00eda.&nbsp;<\/li>\n\n\n\n<li>Moto el\u00e9ctrica de autonom\u00eda extendida.&nbsp;<\/li>\n\n\n\n<li>Moto el\u00e9ctrica h\u00edbrida enchufable con una autonom\u00eda superior a 40 kil\u00f3metros.&nbsp;<\/li>\n\n\n\n<li>Moto con <a href=\"https:\/\/www.boxrepsol.com\/es\/tecnologia\/motor-hidrogeno-siguiente-paso-hacia-la-transicion-energetica\/\">motor de hidr\u00f3geno<\/a>.<\/li>\n<\/ul>\n\n\n\n<p>Es obvio que las categor\u00edas est\u00e1n pensadas para los coches y, por extensi\u00f3n, tambi\u00e9n se usan para las motos sin ning\u00fan tipo de diferencias.&nbsp;<\/p>\n\n\n\n<p>As\u00ed que si tu moto tiene asignado este distintivo est\u00e1s de enhorabuena porque no tendr\u00e1s ninguna restricci\u00f3n y podr\u00e1s circular por cualquier parte.<\/p>\n\n\n\n<h3 class=\"wp-block-heading\"><span class=\"ez-toc-section\" id=\"Etiqueta_ECO\"><\/span><strong>Etiqueta ECO<\/strong><span class=\"ez-toc-section-end\"><\/span><\/h3>\n\n\n\n<p>Aqu\u00ed la norma otorga una <strong>pegatina azul y verde<\/strong> a los veh\u00edculos \u2014incluido motos\u2014 que entren en estos criterios:&nbsp;<\/p>\n\n\n\n<ul class=\"wp-block-list\">\n<li><a href=\"https:\/\/www.boxrepsol.com\/es\/cultura-motera\/motos-hibridas-todo-lo-que-necesitas-saber\/\">Motos h\u00edbridas<\/a> enchufables con una autonom\u00eda por debajo de los 40 kil\u00f3metros.&nbsp;<\/li>\n\n\n\n<li>Motos h\u00edbridas auto recargables.<\/li>\n\n\n\n<li>Motos Mild Hybrid.<\/li>\n\n\n\n<li>Motos con motor de gas natural o de gas licuado de petr\u00f3leo (conviene aclarar que no existen en el mercado motos de este tipo).<\/li>\n<\/ul>\n\n\n\n<h3 class=\"wp-block-heading\"><span class=\"ez-toc-section\" id=\"Etiqueta_C\"><\/span><strong>Etiqueta C<\/strong><span class=\"ez-toc-section-end\"><\/span><\/h3>\n\n\n\n<p>La etiqueta C de color verde la puedenusar<strong> motocicletas con motor de gasolina matriculadas a partir de enero de 2007<\/strong>.&nbsp;<\/p>\n\n\n\n<p>Esto quiere decir que la etiqueta C la pueden llevar aquellas motos que cumplan con las normas de emisiones Euro4 y Euro3.&nbsp;<\/p>\n\n\n\n<h3 class=\"wp-block-heading\"><span class=\"ez-toc-section\" id=\"Etiqueta_B\"><\/span><strong>Etiqueta B<\/strong><span class=\"ez-toc-section-end\"><\/span><\/h3>\n\n\n\n<p>Este distintivo de color amarillo est\u00e1 <strong>reservado a las motos que se matricularon a partir de enero de 2003<\/strong>.&nbsp;<\/p>\n\n\n\n<p>Llevan, por tanto, esta etiqueta las motos que cumplen con la norma de emisiones Euro2.&nbsp;&nbsp;&nbsp;<\/p>\n\n\n\n<p>Como te habr\u00e1s percatado, hay muchas motos circulando por Espa\u00f1a (las fabricadas antes de 2003, lo cual supone un 45% del parque total) que no tienen distintivo medioambiental. Y eso tiene una implicaci\u00f3n importante: no podr\u00e1n circular por zonas restringidas en ninguna circunstancia.&nbsp;<\/p>\n\n\n\n<p>Teniendo esto en cuenta, tal vez haya llegado el momento de <a href=\"https:\/\/www.boxrepsol.com\/es\/vive-tu-moto\/10-consejos-elegir-moto-nueva\/\">elegir una moto nueva<\/a>, \u00bfverdad?<\/p>\n\n\n\n<figure class=\"wp-block-image size-large\"><img loading=\"lazy\" decoding=\"async\" width=\"1024\" height=\"576\" src=\"https:\/\/bxrepsol.s3.eu-west-1.amazonaws.com\/static\/2023\/12\/21073421\/Pegatina-DGT-1024x576.jpg\" alt=\"Tipos de pegatinas DGT\" class=\"wp-image-109552\" srcset=\"https:\/\/bxrepsol.s3.eu-west-1.amazonaws.com\/static\/2023\/12\/21073421\/Pegatina-DGT-1024x576.jpg 1024w, https:\/\/bxrepsol.s3.eu-west-1.amazonaws.com\/static\/2023\/12\/21073421\/Pegatina-DGT-300x169.jpg 300w, https:\/\/bxrepsol.s3.eu-west-1.amazonaws.com\/static\/2023\/12\/21073421\/Pegatina-DGT-768x432.jpg 768w, https:\/\/bxrepsol.s3.eu-west-1.amazonaws.com\/static\/2023\/12\/21073421\/Pegatina-DGT.jpg 1200w\" sizes=\"auto, (max-width: 1024px) 100vw, 1024px\" \/><\/figure>\n\n\n\n<h2 class=\"wp-block-heading\"><span class=\"ez-toc-section\" id=\"Donde_solicitar_el_distintivo_ambiental_de_la_DGT\"><\/span><strong>D\u00f3nde solicitar el distintivo ambiental de la DGT <\/strong><span class=\"ez-toc-section-end\"><\/span><\/h2>\n\n\n\n<p><strong>La DGT no proporciona este tipo de distintivos de manera gratuita<\/strong>, as\u00ed que no tendr\u00e1s m\u00e1s remedio que comprarla en un establecimiento autorizado para colocarla en tu moto.&nbsp;<\/p>\n\n\n\n<p>Si quieres hacerte con una, deber\u00e1s adquirirla en alguno de estos lugares:&nbsp;<\/p>\n\n\n\n<ul class=\"wp-block-list\">\n<li><strong>Oficinas de Correos<\/strong>: puedes solicitar el distintivo a trav\u00e9s de su web. En la solicitud es necesario adjuntar la imagen del permiso de circulaci\u00f3n de tu moto, as\u00ed como tu DNI. El coste de la transacci\u00f3n es de 5 euros.&nbsp;<\/li>\n\n\n\n<li><strong>Talleres CETRAA<\/strong>: a trav\u00e9s de la Confederaci\u00f3n Espa\u00f1ola de Talleres es posible tambi\u00e9n adquirir esta pegatina. Los tr\u00e1mites son similares a los que hay que hacer en Correos y el precio tambi\u00e9n es de 5 euros.&nbsp;<\/li>\n\n\n\n<li><strong>Colegios de Gestores Administrativos<\/strong>: en las oficinas de los colegios profesionales tambi\u00e9n puedes hacer esa gesti\u00f3n.&nbsp;<\/li>\n\n\n\n<li><strong>Red de talleres de Norauto, Eurom\u00e1ster, FirstStop y Sadeco<\/strong>: tambi\u00e9n se puede pedir a trav\u00e9s de sus webs con un coste de 5 euros.&nbsp;<\/li>\n\n\n\n<li><strong>GANVAM<\/strong>: la Asociaci\u00f3n Nacional de Vendedores de Veh\u00edculos a Motor, Reparaci\u00f3n y Recambios tambi\u00e9n vende los distintivos medioambientales de moto en su p\u00e1gina web. Aunque en este caso los precios var\u00edan en funci\u00f3n de la cantidad adquirida.&nbsp;<\/li>\n\n\n\n<li><strong>Asociaci\u00f3n Madrile\u00f1a de Autom\u00f3viles<\/strong>: venden las pegatinas a un precio de 5 euros m\u00e1s IVA.&nbsp;<\/li>\n\n\n\n<li><strong>CEA<\/strong>: el Comisariado Europeo del Autom\u00f3vil tramita el distintivo a un precio de 7,80 euros (para los socios del club) y a 8,40 euros (para los no socios).&nbsp;<\/li>\n\n\n\n<li><strong>IDEAUTO<\/strong>: venden las etiquetas en su propia web a un precio de 6,5 euros (aunque el IVA y el env\u00edo se pagan aparte).&nbsp;<\/li>\n\n\n\n<li><strong>Pegatinas DGT<\/strong>: distribuidor autorizado por la Direcci\u00f3n General de Tr\u00e1fico para gestionar la adquisici\u00f3n de estos distintivos medioambientales para motos. El env\u00edo se hace previo pago de 6,5 euros.&nbsp;<\/li>\n<\/ul>\n\n\n\n<h2 class=\"wp-block-heading\"><span class=\"ez-toc-section\" id=\"%C2%BFEs_obligatorio_llevar_la_pegatina_ambiental_en_la_moto\"><\/span>\u00bfEs obligatorio llevar la pegatina ambiental en la moto?<span class=\"ez-toc-section-end\"><\/span><\/h2>\n\n\n\n<p>Lo primero que debes saber es que <strong>Tr\u00e1fico no obliga a llevar esta pegatina expuesta en ninguna parte de la moto<\/strong>, as\u00ed que la Guardia Civil de Tr\u00e1fico no podr\u00e1 multarte en caso de que no la pongas en tu motocicleta.&nbsp;<\/p>\n\n\n\n<p>Sin embargo, los ayuntamientos s\u00ed que tienen potestad para limitar el acceso a determinadas zonas de bajas emisiones de su municipio. Por lo tanto, si entras en una de esas \u00e1reas careciendo de la correspondiente etiqueta, puedes ser multado por las autoridades municipales.&nbsp;<\/p>\n\n\n\n<p>Entonces queda claro que <strong>mostrarla en tu moto es algo opcional<\/strong>, no obligatorio. Sin embargo, lo m\u00e1s c\u00f3modo es llevarla puesta, ya que cada ayuntamiento tiene sus propias normas al respecto, con lo que podr\u00edas ser multado al no poder demostrar que ten\u00edas derecho a acceder a una zona de bajas emisiones.&nbsp;<\/p>\n\n\n\n<figure class=\"wp-block-image size-full\"><img loading=\"lazy\" decoding=\"async\" width=\"900\" height=\"550\" src=\"https:\/\/bxrepsol.s3.eu-west-1.amazonaws.com\/static\/2022\/08\/29091715\/etiqueta-ambiental-moto-honda-electric-2.jpg\" alt=\"Distintivo ambiental ECO para moto \" class=\"wp-image-64034\" srcset=\"https:\/\/bxrepsol.s3.eu-west-1.amazonaws.com\/static\/2022\/08\/29091715\/etiqueta-ambiental-moto-honda-electric-2.jpg 900w, https:\/\/bxrepsol.s3.eu-west-1.amazonaws.com\/static\/2022\/08\/29091715\/etiqueta-ambiental-moto-honda-electric-2-300x183.jpg 300w, https:\/\/bxrepsol.s3.eu-west-1.amazonaws.com\/static\/2022\/08\/29091715\/etiqueta-ambiental-moto-honda-electric-2-768x469.jpg 768w\" sizes=\"auto, (max-width: 900px) 100vw, 900px\" \/><\/figure>\n\n\n\n<h3 class=\"wp-block-heading\"><span class=\"ez-toc-section\" id=\"%C2%BFDonde_colocar_la_etiqueta_medioambiental_en_la_moto\"><\/span><strong>\u00bfD\u00f3nde colocar la etiqueta medioambiental en la moto?<\/strong><span class=\"ez-toc-section-end\"><\/span><\/h3>\n\n\n\n<p>Al contrario de lo que sucede con los coches \u2014la norma se\u00f1ala que el distintivo medioambiental se coloca en el parabrisas\u2014, <strong>en las motos no queda tan claro d\u00f3nde debe pegarse la etiqueta <\/strong>para que sea suficientemente visible.&nbsp;<\/p>\n\n\n\n<p>Vamos a ver aqu\u00ed en qu\u00e9 partes de tu moto puedes colocar la pegatina:&nbsp;<\/p>\n\n\n\n<ul class=\"wp-block-list\">\n<li><strong>En el guardabarros delantero<\/strong>: aunque es una zona que se ve bastante, el problema es que suele ensuciarse mucho. Eso quiere decir que el barro podr\u00eda tapar la pegatina, con lo que estar\u00eda dejando de ser visible.&nbsp;<\/li>\n\n\n\n<li><strong>En la pantalla frontal<\/strong>: el peque\u00f1o parabrisas de tu moto tambi\u00e9n es un buen sitio para situar la pegatina. Puedes pegarlo en un lateral de la pantalla, pero recuerda que es posible que eso reduzca levemente tu visi\u00f3n de la carretera.&nbsp;<\/li>\n\n\n\n<li><strong>En la parte baja del asiento<\/strong>: las <em>scooters<\/em>, al disponer de asientos grandes, suelen usar esa zona para colocar ah\u00ed el distintivo medioambiental.&nbsp;<\/li>\n\n\n\n<li><strong>En una zona visible del chasis<\/strong>: este lugar tambi\u00e9n es bueno para pegar la pegatina. Sin embargo, es posible que rompa la est\u00e9tica de tu moto. Sobre todo, si has <a href=\"https:\/\/www.boxrepsol.com\/es\/cultura-motera\/poner-quitar-vinilos-moto\/\">vinilado tu moto<\/a> para que luzca m\u00e1s bonita.&nbsp;<\/li>\n<\/ul>\n","protected":false},"excerpt":{"rendered":"<p>Si vas en moto por las ciudades de Madrid o Barcelona, este post te interesa mucho. Estas son las etiquetas medioambientales que hay que tener en cuenta.<\/p>\n","protected":false},"author":43146,"featured_media":61035,"comment_status":"open","ping_status":"open","sticky":false,"template":"","format":"standard","meta":{"footnotes":""},"categories":[3],"tags":[123],"class_list":["post-93754","post","type-post","status-publish","format-standard","hentry","category-tecnologia","tag-consejos-moteros"],"yoast_head":"<!-- This site is optimized with the Yoast SEO plugin v27.3 - https:\/\/yoast.com\/product\/yoast-seo-wordpress\/ -->\n<title>Pegatina DGT de moto: tipo, c\u00f3mo solicitarla y d\u00f3nde colocarla - Box Repsol<\/title>\n<meta name=\"description\" content=\"\u00bfTienes dudas sobre la pegatina medioambiental de la DGT para motos? Descubre todo lo que necesitas saber: c\u00f3mo solicitarla y d\u00f3nde colocarla en tu moto.\" \/>\n<link rel=\"canonical\" href=\"https:\/\/www.boxrepsol.com\/es\/tecnologia\/distintivo-ambiental-motos\/\" \/>\n<meta property=\"og:locale\" content=\"es_ES\" \/>\n<meta property=\"og:type\" content=\"article\" \/>\n<meta property=\"og:title\" content=\"Pegatina DGT de moto: tipo, c\u00f3mo solicitarla y d\u00f3nde colocarla - Box Repsol\" \/>\n<meta property=\"og:description\" content=\"\u00bfTienes dudas sobre la pegatina medioambiental de la DGT para motos? Descubre todo lo que necesitas saber: c\u00f3mo solicitarla y d\u00f3nde colocarla en tu moto.\" \/>\n<meta property=\"og:url\" content=\"https:\/\/www.boxrepsol.com\/es\/tecnologia\/distintivo-ambiental-motos\/\" \/>\n<meta property=\"og:site_name\" content=\"Box Repsol\" \/>\n<meta property=\"article:publisher\" content=\"https:\/\/www.facebook.com\/BoxRepsol\" \/>\n<meta property=\"article:author\" content=\"https:\/\/www.facebook.com\/BoxRepsol\/\" \/>\n<meta property=\"article:published_time\" content=\"2020-01-09T02:00:00+00:00\" \/>\n<meta property=\"article:modified_time\" content=\"2024-04-22T12:00:55+00:00\" \/>\n<meta property=\"og:image\" content=\"https:\/\/bxrepsol.s3.eu-west-1.amazonaws.com\/static\/2022\/08\/29084545\/moto-honda-con-la-pegatina-medioambiental-en-el-deposito-2.jpg\" \/>\n\t<meta property=\"og:image:width\" content=\"1280\" \/>\n\t<meta property=\"og:image:height\" content=\"600\" \/>\n\t<meta property=\"og:image:type\" content=\"image\/jpeg\" \/>\n<meta name=\"author\" content=\"Redacci\u00f3n Box Repsol\" \/>\n<meta name=\"twitter:card\" content=\"summary_large_image\" \/>\n<meta name=\"twitter:creator\" content=\"@https:\/\/twitter.com\/box_repsol\" \/>\n<meta name=\"twitter:site\" content=\"@box_repsol\" \/>\n<meta name=\"twitter:label1\" content=\"Written by\" \/>\n\t<meta name=\"twitter:data1\" content=\"Redacci\u00f3n Box Repsol\" \/>\n\t<meta name=\"twitter:label2\" content=\"Est. reading time\" \/>\n\t<meta name=\"twitter:data2\" content=\"7 minutos\" \/>\n<script type=\"application\/ld+json\" class=\"yoast-schema-graph\">{\"@context\":\"https:\\\/\\\/schema.org\",\"@graph\":[{\"@type\":\"Article\",\"@id\":\"https:\\\/\\\/www.boxrepsol.com\\\/es\\\/tecnologia\\\/distintivo-ambiental-motos\\\/#article\",\"isPartOf\":{\"@id\":\"https:\\\/\\\/www.boxrepsol.com\\\/es\\\/tecnologia\\\/distintivo-ambiental-motos\\\/\"},\"author\":{\"name\":\"Redacci\u00f3n Box Repsol\",\"@id\":\"https:\\\/\\\/www.boxrepsol.com\\\/es\\\/#\\\/schema\\\/person\\\/c5c2138f2cca251b0ad92b7086bb60b7\"},\"headline\":\"Etiqueta medioambiental para moto: tipos y d\u00f3nde colocarla\",\"datePublished\":\"2020-01-09T02:00:00+00:00\",\"dateModified\":\"2024-04-22T12:00:55+00:00\",\"mainEntityOfPage\":{\"@id\":\"https:\\\/\\\/www.boxrepsol.com\\\/es\\\/tecnologia\\\/distintivo-ambiental-motos\\\/\"},\"wordCount\":1467,\"commentCount\":0,\"publisher\":{\"@id\":\"https:\\\/\\\/www.boxrepsol.com\\\/es\\\/#organization\"},\"image\":{\"@id\":\"https:\\\/\\\/www.boxrepsol.com\\\/es\\\/tecnologia\\\/distintivo-ambiental-motos\\\/#primaryimage\"},\"thumbnailUrl\":\"https:\\\/\\\/bxrepsol.s3.eu-west-1.amazonaws.com\\\/static\\\/2022\\\/08\\\/29084545\\\/moto-honda-con-la-pegatina-medioambiental-en-el-deposito-2.jpg\",\"keywords\":[\"consejos moteros\"],\"articleSection\":[\"Tecnologia\"],\"inLanguage\":\"es\",\"potentialAction\":[{\"@type\":\"CommentAction\",\"name\":\"Comment\",\"target\":[\"https:\\\/\\\/www.boxrepsol.com\\\/es\\\/tecnologia\\\/distintivo-ambiental-motos\\\/#respond\"]}]},{\"@type\":\"WebPage\",\"@id\":\"https:\\\/\\\/www.boxrepsol.com\\\/es\\\/tecnologia\\\/distintivo-ambiental-motos\\\/\",\"url\":\"https:\\\/\\\/www.boxrepsol.com\\\/es\\\/tecnologia\\\/distintivo-ambiental-motos\\\/\",\"name\":\"Pegatina DGT de moto: tipo, c\u00f3mo solicitarla y d\u00f3nde colocarla - Box Repsol\",\"isPartOf\":{\"@id\":\"https:\\\/\\\/www.boxrepsol.com\\\/es\\\/#website\"},\"primaryImageOfPage\":{\"@id\":\"https:\\\/\\\/www.boxrepsol.com\\\/es\\\/tecnologia\\\/distintivo-ambiental-motos\\\/#primaryimage\"},\"image\":{\"@id\":\"https:\\\/\\\/www.boxrepsol.com\\\/es\\\/tecnologia\\\/distintivo-ambiental-motos\\\/#primaryimage\"},\"thumbnailUrl\":\"https:\\\/\\\/bxrepsol.s3.eu-west-1.amazonaws.com\\\/static\\\/2022\\\/08\\\/29084545\\\/moto-honda-con-la-pegatina-medioambiental-en-el-deposito-2.jpg\",\"datePublished\":\"2020-01-09T02:00:00+00:00\",\"dateModified\":\"2024-04-22T12:00:55+00:00\",\"description\":\"\u00bfTienes dudas sobre la pegatina medioambiental de la DGT para motos? Descubre todo lo que necesitas saber: c\u00f3mo solicitarla y d\u00f3nde colocarla en tu moto.\",\"breadcrumb\":{\"@id\":\"https:\\\/\\\/www.boxrepsol.com\\\/es\\\/tecnologia\\\/distintivo-ambiental-motos\\\/#breadcrumb\"},\"inLanguage\":\"es\",\"potentialAction\":[{\"@type\":\"ReadAction\",\"target\":[\"https:\\\/\\\/www.boxrepsol.com\\\/es\\\/tecnologia\\\/distintivo-ambiental-motos\\\/\"]}]},{\"@type\":\"ImageObject\",\"inLanguage\":\"es\",\"@id\":\"https:\\\/\\\/www.boxrepsol.com\\\/es\\\/tecnologia\\\/distintivo-ambiental-motos\\\/#primaryimage\",\"url\":\"https:\\\/\\\/bxrepsol.s3.eu-west-1.amazonaws.com\\\/static\\\/2022\\\/08\\\/29084545\\\/moto-honda-con-la-pegatina-medioambiental-en-el-deposito-2.jpg\",\"contentUrl\":\"https:\\\/\\\/bxrepsol.s3.eu-west-1.amazonaws.com\\\/static\\\/2022\\\/08\\\/29084545\\\/moto-honda-con-la-pegatina-medioambiental-en-el-deposito-2.jpg\",\"width\":1280,\"height\":600,\"caption\":\"Pegatina medioambiental de la dgt para motos y veh\u00edculos\"},{\"@type\":\"BreadcrumbList\",\"@id\":\"https:\\\/\\\/www.boxrepsol.com\\\/es\\\/tecnologia\\\/distintivo-ambiental-motos\\\/#breadcrumb\",\"itemListElement\":[{\"@type\":\"ListItem\",\"position\":1,\"name\":\"Home\",\"item\":\"https:\\\/\\\/www.boxrepsol.com\\\/es\\\/\"},{\"@type\":\"ListItem\",\"position\":2,\"name\":\"Etiqueta medioambiental para moto: tipos y d\u00f3nde colocarla\"}]},{\"@type\":\"WebSite\",\"@id\":\"https:\\\/\\\/www.boxrepsol.com\\\/es\\\/#website\",\"url\":\"https:\\\/\\\/www.boxrepsol.com\\\/es\\\/\",\"name\":\"Box Repsol\",\"description\":\"Box Repsol Site\",\"publisher\":{\"@id\":\"https:\\\/\\\/www.boxrepsol.com\\\/es\\\/#organization\"},\"potentialAction\":[{\"@type\":\"SearchAction\",\"target\":{\"@type\":\"EntryPoint\",\"urlTemplate\":\"https:\\\/\\\/www.boxrepsol.com\\\/es\\\/?s={search_term_string}\"},\"query-input\":{\"@type\":\"PropertyValueSpecification\",\"valueRequired\":true,\"valueName\":\"search_term_string\"}}],\"inLanguage\":\"es\"},{\"@type\":\"Organization\",\"@id\":\"https:\\\/\\\/www.boxrepsol.com\\\/es\\\/#organization\",\"name\":\"Box Repsol\",\"url\":\"https:\\\/\\\/www.boxrepsol.com\\\/es\\\/\",\"logo\":{\"@type\":\"ImageObject\",\"inLanguage\":\"es\",\"@id\":\"https:\\\/\\\/www.boxrepsol.com\\\/es\\\/#\\\/schema\\\/logo\\\/image\\\/\",\"url\":\"https:\\\/\\\/bxrepsol.s3.eu-west-1.amazonaws.com\\\/static\\\/2025\\\/07\\\/30083337\\\/favicon-96x96-1.png\",\"contentUrl\":\"https:\\\/\\\/bxrepsol.s3.eu-west-1.amazonaws.com\\\/static\\\/2025\\\/07\\\/30083337\\\/favicon-96x96-1.png\",\"width\":96,\"height\":96,\"caption\":\"Box Repsol\"},\"image\":{\"@id\":\"https:\\\/\\\/www.boxrepsol.com\\\/es\\\/#\\\/schema\\\/logo\\\/image\\\/\"},\"sameAs\":[\"https:\\\/\\\/www.facebook.com\\\/BoxRepsol\",\"https:\\\/\\\/x.com\\\/box_repsol\",\"http:\\\/\\\/instagram.com\\\/box_repsol\",\"https:\\\/\\\/www.youtube.com\\\/user\\\/RepsolCompeticion\",\"https:\\\/\\\/www.flickr.com\\\/photos\\\/box_repsol\\\/\"]},{\"@type\":\"Person\",\"@id\":\"https:\\\/\\\/www.boxrepsol.com\\\/es\\\/#\\\/schema\\\/person\\\/c5c2138f2cca251b0ad92b7086bb60b7\",\"name\":\"Redacci\u00f3n Box Repsol\",\"image\":{\"@type\":\"ImageObject\",\"inLanguage\":\"es\",\"@id\":\"https:\\\/\\\/secure.gravatar.com\\\/avatar\\\/adf7b77e38b4419baf32c7e9c21dde01f4e40df611f0978e3006fc4ba0aaab7e?s=96&d=mm&r=g\",\"url\":\"https:\\\/\\\/secure.gravatar.com\\\/avatar\\\/adf7b77e38b4419baf32c7e9c21dde01f4e40df611f0978e3006fc4ba0aaab7e?s=96&d=mm&r=g\",\"contentUrl\":\"https:\\\/\\\/secure.gravatar.com\\\/avatar\\\/adf7b77e38b4419baf32c7e9c21dde01f4e40df611f0978e3006fc4ba0aaab7e?s=96&d=mm&r=g\",\"caption\":\"Redacci\u00f3n Box Repsol\"},\"description\":\"Box Repsol lo forma un equipo de periodistas, community managers, dise\u00f1adores y fot\u00f3grafos con m\u00e1s de 20 a\u00f1os de experiencia en el mundo del motorsport. Hemos vivido el primer mundial de un espa\u00f1ol en la categor\u00eda reina de motociclismo con \u00c1lex Crivill\u00e9, estuvimos en las victorias de Pedrosa y los t\u00edtulos de M\u00e1rquez, acompa\u00f1amos en \u00c1frica a Nani Roma y Marc Coma en sus conquistas del Dakar y hemos vibrado con los t\u00edtulos de Toni Bou en Trial. Adem\u00e1s, en nuestro equipo contamos con expertos en el mundo de las dos y cuatro ruedas tanto de la calle y las carreteras, como de los circuitos. Periodistas que han trabajado en revistas y publicaciones para hacerte llegar desde rutas y consejos de mantenimiento, a curiosidades y trucos de pilotaje.\",\"sameAs\":[\"https:\\\/\\\/www.facebook.com\\\/BoxRepsol\\\/\",\"https:\\\/\\\/www.instagram.com\\\/box_repsol\\\/\",\"https:\\\/\\\/x.com\\\/https:\\\/\\\/twitter.com\\\/box_repsol\",\"https:\\\/\\\/www.youtube.com\\\/@Boxrepsol\"],\"url\":\"https:\\\/\\\/www.boxrepsol.com\\\/es\\\/author\\\/redaccion-box-repsol\\\/\"}]}<\/script>\n<!-- \/ Yoast SEO plugin. -->","yoast_head_json":{"title":"Pegatina DGT de moto: tipo, c\u00f3mo solicitarla y d\u00f3nde colocarla - Box Repsol","description":"\u00bfTienes dudas sobre la pegatina medioambiental de la DGT para motos? Descubre todo lo que necesitas saber: c\u00f3mo solicitarla y d\u00f3nde colocarla en tu moto.","canonical":"https:\/\/www.boxrepsol.com\/es\/tecnologia\/distintivo-ambiental-motos\/","og_locale":"es_ES","og_type":"article","og_title":"Pegatina DGT de moto: tipo, c\u00f3mo solicitarla y d\u00f3nde colocarla - Box Repsol","og_description":"\u00bfTienes dudas sobre la pegatina medioambiental de la DGT para motos? Descubre todo lo que necesitas saber: c\u00f3mo solicitarla y d\u00f3nde colocarla en tu moto.","og_url":"https:\/\/www.boxrepsol.com\/es\/tecnologia\/distintivo-ambiental-motos\/","og_site_name":"Box Repsol","article_publisher":"https:\/\/www.facebook.com\/BoxRepsol","article_author":"https:\/\/www.facebook.com\/BoxRepsol\/","article_published_time":"2020-01-09T02:00:00+00:00","article_modified_time":"2024-04-22T12:00:55+00:00","og_image":[{"width":1280,"height":600,"url":"https:\/\/bxrepsol.s3.eu-west-1.amazonaws.com\/static\/2022\/08\/29084545\/moto-honda-con-la-pegatina-medioambiental-en-el-deposito-2.jpg","type":"image\/jpeg"}],"author":"Redacci\u00f3n Box Repsol","twitter_card":"summary_large_image","twitter_creator":"@https:\/\/twitter.com\/box_repsol","twitter_site":"@box_repsol","twitter_misc":{"Written by":"Redacci\u00f3n Box Repsol","Est. reading time":"7 minutos"},"schema":{"@context":"https:\/\/schema.org","@graph":[{"@type":"Article","@id":"https:\/\/www.boxrepsol.com\/es\/tecnologia\/distintivo-ambiental-motos\/#article","isPartOf":{"@id":"https:\/\/www.boxrepsol.com\/es\/tecnologia\/distintivo-ambiental-motos\/"},"author":{"name":"Redacci\u00f3n Box Repsol","@id":"https:\/\/www.boxrepsol.com\/es\/#\/schema\/person\/c5c2138f2cca251b0ad92b7086bb60b7"},"headline":"Etiqueta medioambiental para moto: tipos y d\u00f3nde colocarla","datePublished":"2020-01-09T02:00:00+00:00","dateModified":"2024-04-22T12:00:55+00:00","mainEntityOfPage":{"@id":"https:\/\/www.boxrepsol.com\/es\/tecnologia\/distintivo-ambiental-motos\/"},"wordCount":1467,"commentCount":0,"publisher":{"@id":"https:\/\/www.boxrepsol.com\/es\/#organization"},"image":{"@id":"https:\/\/www.boxrepsol.com\/es\/tecnologia\/distintivo-ambiental-motos\/#primaryimage"},"thumbnailUrl":"https:\/\/bxrepsol.s3.eu-west-1.amazonaws.com\/static\/2022\/08\/29084545\/moto-honda-con-la-pegatina-medioambiental-en-el-deposito-2.jpg","keywords":["consejos moteros"],"articleSection":["Tecnologia"],"inLanguage":"es","potentialAction":[{"@type":"CommentAction","name":"Comment","target":["https:\/\/www.boxrepsol.com\/es\/tecnologia\/distintivo-ambiental-motos\/#respond"]}]},{"@type":"WebPage","@id":"https:\/\/www.boxrepsol.com\/es\/tecnologia\/distintivo-ambiental-motos\/","url":"https:\/\/www.boxrepsol.com\/es\/tecnologia\/distintivo-ambiental-motos\/","name":"Pegatina DGT de moto: tipo, c\u00f3mo solicitarla y d\u00f3nde colocarla - Box Repsol","isPartOf":{"@id":"https:\/\/www.boxrepsol.com\/es\/#website"},"primaryImageOfPage":{"@id":"https:\/\/www.boxrepsol.com\/es\/tecnologia\/distintivo-ambiental-motos\/#primaryimage"},"image":{"@id":"https:\/\/www.boxrepsol.com\/es\/tecnologia\/distintivo-ambiental-motos\/#primaryimage"},"thumbnailUrl":"https:\/\/bxrepsol.s3.eu-west-1.amazonaws.com\/static\/2022\/08\/29084545\/moto-honda-con-la-pegatina-medioambiental-en-el-deposito-2.jpg","datePublished":"2020-01-09T02:00:00+00:00","dateModified":"2024-04-22T12:00:55+00:00","description":"\u00bfTienes dudas sobre la pegatina medioambiental de la DGT para motos? Descubre todo lo que necesitas saber: c\u00f3mo solicitarla y d\u00f3nde colocarla en tu moto.","breadcrumb":{"@id":"https:\/\/www.boxrepsol.com\/es\/tecnologia\/distintivo-ambiental-motos\/#breadcrumb"},"inLanguage":"es","potentialAction":[{"@type":"ReadAction","target":["https:\/\/www.boxrepsol.com\/es\/tecnologia\/distintivo-ambiental-motos\/"]}]},{"@type":"ImageObject","inLanguage":"es","@id":"https:\/\/www.boxrepsol.com\/es\/tecnologia\/distintivo-ambiental-motos\/#primaryimage","url":"https:\/\/bxrepsol.s3.eu-west-1.amazonaws.com\/static\/2022\/08\/29084545\/moto-honda-con-la-pegatina-medioambiental-en-el-deposito-2.jpg","contentUrl":"https:\/\/bxrepsol.s3.eu-west-1.amazonaws.com\/static\/2022\/08\/29084545\/moto-honda-con-la-pegatina-medioambiental-en-el-deposito-2.jpg","width":1280,"height":600,"caption":"Pegatina medioambiental de la dgt para motos y veh\u00edculos"},{"@type":"BreadcrumbList","@id":"https:\/\/www.boxrepsol.com\/es\/tecnologia\/distintivo-ambiental-motos\/#breadcrumb","itemListElement":[{"@type":"ListItem","position":1,"name":"Home","item":"https:\/\/www.boxrepsol.com\/es\/"},{"@type":"ListItem","position":2,"name":"Etiqueta medioambiental para moto: tipos y d\u00f3nde colocarla"}]},{"@type":"WebSite","@id":"https:\/\/www.boxrepsol.com\/es\/#website","url":"https:\/\/www.boxrepsol.com\/es\/","name":"Box Repsol","description":"Box Repsol Site","publisher":{"@id":"https:\/\/www.boxrepsol.com\/es\/#organization"},"potentialAction":[{"@type":"SearchAction","target":{"@type":"EntryPoint","urlTemplate":"https:\/\/www.boxrepsol.com\/es\/?s={search_term_string}"},"query-input":{"@type":"PropertyValueSpecification","valueRequired":true,"valueName":"search_term_string"}}],"inLanguage":"es"},{"@type":"Organization","@id":"https:\/\/www.boxrepsol.com\/es\/#organization","name":"Box Repsol","url":"https:\/\/www.boxrepsol.com\/es\/","logo":{"@type":"ImageObject","inLanguage":"es","@id":"https:\/\/www.boxrepsol.com\/es\/#\/schema\/logo\/image\/","url":"https:\/\/bxrepsol.s3.eu-west-1.amazonaws.com\/static\/2025\/07\/30083337\/favicon-96x96-1.png","contentUrl":"https:\/\/bxrepsol.s3.eu-west-1.amazonaws.com\/static\/2025\/07\/30083337\/favicon-96x96-1.png","width":96,"height":96,"caption":"Box Repsol"},"image":{"@id":"https:\/\/www.boxrepsol.com\/es\/#\/schema\/logo\/image\/"},"sameAs":["https:\/\/www.facebook.com\/BoxRepsol","https:\/\/x.com\/box_repsol","http:\/\/instagram.com\/box_repsol","https:\/\/www.youtube.com\/user\/RepsolCompeticion","https:\/\/www.flickr.com\/photos\/box_repsol\/"]},{"@type":"Person","@id":"https:\/\/www.boxrepsol.com\/es\/#\/schema\/person\/c5c2138f2cca251b0ad92b7086bb60b7","name":"Redacci\u00f3n Box Repsol","image":{"@type":"ImageObject","inLanguage":"es","@id":"https:\/\/secure.gravatar.com\/avatar\/adf7b77e38b4419baf32c7e9c21dde01f4e40df611f0978e3006fc4ba0aaab7e?s=96&d=mm&r=g","url":"https:\/\/secure.gravatar.com\/avatar\/adf7b77e38b4419baf32c7e9c21dde01f4e40df611f0978e3006fc4ba0aaab7e?s=96&d=mm&r=g","contentUrl":"https:\/\/secure.gravatar.com\/avatar\/adf7b77e38b4419baf32c7e9c21dde01f4e40df611f0978e3006fc4ba0aaab7e?s=96&d=mm&r=g","caption":"Redacci\u00f3n Box Repsol"},"description":"Box Repsol lo forma un equipo de periodistas, community managers, dise\u00f1adores y fot\u00f3grafos con m\u00e1s de 20 a\u00f1os de experiencia en el mundo del motorsport. Hemos vivido el primer mundial de un espa\u00f1ol en la categor\u00eda reina de motociclismo con \u00c1lex Crivill\u00e9, estuvimos en las victorias de Pedrosa y los t\u00edtulos de M\u00e1rquez, acompa\u00f1amos en \u00c1frica a Nani Roma y Marc Coma en sus conquistas del Dakar y hemos vibrado con los t\u00edtulos de Toni Bou en Trial. Adem\u00e1s, en nuestro equipo contamos con expertos en el mundo de las dos y cuatro ruedas tanto de la calle y las carreteras, como de los circuitos. Periodistas que han trabajado en revistas y publicaciones para hacerte llegar desde rutas y consejos de mantenimiento, a curiosidades y trucos de pilotaje.","sameAs":["https:\/\/www.facebook.com\/BoxRepsol\/","https:\/\/www.instagram.com\/box_repsol\/","https:\/\/x.com\/https:\/\/twitter.com\/box_repsol","https:\/\/www.youtube.com\/@Boxrepsol"],"url":"https:\/\/www.boxrepsol.com\/es\/author\/redaccion-box-repsol\/"}]}},"_links":{"self":[{"href":"https:\/\/www.boxrepsol.com\/es\/wp-json\/wp\/v2\/posts\/93754","targetHints":{"allow":["GET"]}}],"collection":[{"href":"https:\/\/www.boxrepsol.com\/es\/wp-json\/wp\/v2\/posts"}],"about":[{"href":"https:\/\/www.boxrepsol.com\/es\/wp-json\/wp\/v2\/types\/post"}],"author":[{"embeddable":true,"href":"https:\/\/www.boxrepsol.com\/es\/wp-json\/wp\/v2\/users\/43146"}],"replies":[{"embeddable":true,"href":"https:\/\/www.boxrepsol.com\/es\/wp-json\/wp\/v2\/comments?post=93754"}],"version-history":[{"count":8,"href":"https:\/\/www.boxrepsol.com\/es\/wp-json\/wp\/v2\/posts\/93754\/revisions"}],"predecessor-version":[{"id":109558,"href":"https:\/\/www.boxrepsol.com\/es\/wp-json\/wp\/v2\/posts\/93754\/revisions\/109558"}],"wp:featuredmedia":[{"embeddable":true,"href":"https:\/\/www.boxrepsol.com\/es\/wp-json\/wp\/v2\/media\/61035"}],"wp:attachment":[{"href":"https:\/\/www.boxrepsol.com\/es\/wp-json\/wp\/v2\/media?parent=93754"}],"wp:term":[{"taxonomy":"category","embeddable":true,"href":"https:\/\/www.boxrepsol.com\/es\/wp-json\/wp\/v2\/categories?post=93754"},{"taxonomy":"post_tag","embeddable":true,"href":"https:\/\/www.boxrepsol.com\/es\/wp-json\/wp\/v2\/tags?post=93754"}],"curies":[{"name":"wp","href":"https:\/\/api.w.org\/{rel}","templated":true}]}}