{"id":93750,"date":"2019-02-18T00:00:00","date_gmt":"2019-02-18T02:00:00","guid":{"rendered":"http:\/\/pre.boxrepsol.com\/sin-categorizar\/moto3-alonso-loprez-sergio-garcia-2019\/"},"modified":"2024-05-22T07:23:52","modified_gmt":"2024-05-22T09:23:52","slug":"moto3-alonso-loprez-sergio-garcia-2019","status":"publish","type":"post","link":"https:\/\/www.boxrepsol.com\/es\/motogp\/moto3-alonso-loprez-sergio-garcia-2019\/","title":{"rendered":"Puesta de largo de Alonso L\u00f3pez y Sergio Garc\u00eda para el Mundial de Moto3"},"content":{"rendered":"<blockquote><p>\n\t<a href=\"http:\/\/twitter.com\/share?text=Alonso+L%C3%B3pez%3A+%22Ser+la+punta+de+lanza+del+equipo+de+Moto3+es+una+presi%C3%B3n+que+llevo+con+mucha+ilusi%C3%B3n%2C+y+que+espero+que+se+pueda+transformar+en+un+gran+a%C3%B1o%22&#038;url=https%3A%2F%2Fwww.boxrepsol.com%2Fes%2F%3Fp%3D32520\" target=\"_blank\" rel=\"noopener\"><\/p>\n<p>Alonso L\u00f3pez: \u00abSer la punta de lanza del equipo de Moto3 es una presi\u00f3n que llevo con mucha ilusi\u00f3n, y que espero que se pueda transformar en un gran a\u00f1o\u00bb<\/p>\n<p>\t<\/a>\n<\/p><\/blockquote>\n<p>El inicio del Mundial 2019 est\u00e1 cada vez m\u00e1s pr\u00f3ximo \u2013el 10 de marzo en Catar\u2013 y hoy se ha presentado en Madrid el proyecto deportivo de Monlau Repsol Technical School para la categor\u00eda de Moto3. Alonso L\u00f3pez y Sergio Garc\u00eda, que ya hab\u00edan sido compa\u00f1eros en el FIM CEV Repsol, vuelven a compartir box, esta vez en el Campeonato del Mundo y contando nuevamente con el apoyo de Repsol y la escuela Monlau.<\/p>\n<p>El joven veterano del equipo ser\u00e1 Alonso L\u00f3pez, que en su primera temporada mundialista pudo familiarizarse con la mayor\u00eda de trazados \u2013desconocidos para \u00e9l\u2013 e incluso roz\u00f3 el podio en Jerez, donde fue cuarto. Sergio Garc\u00eda da el salto al Campeonato del Mundo despu\u00e9s de ser Subcampe\u00f3n del Mundial Junior en el FIM CEV Repsol, con cuatro victorias la temporada pasada.<\/p>\n<p>Alonso L\u00f3pez y Sergio Garc\u00eda son el ejemplo para los j\u00f3venes valores que se forman en la estructura de la escuela y que tambi\u00e9n han estado presentes en el acto celebrado hoy en Madrid: nueve pilotos que competir\u00e1n en el Mundial Junior, en la European Talent Cup del FIM CEV Repsol y en el Campeonato de Espa\u00f1a de Velocidad RFME. Estos talentos tendr\u00e1n la oportunidad de formarse gracias a la alianza de Repsol y Monlau, dos empresas que llevan en su ADN los genes de la competici\u00f3n, el trabajo en equipo y la innovaci\u00f3n, y cuya uni\u00f3n permite la formaci\u00f3n de los futuros pilotos, mec\u00e1nicos e ingenieros.<\/p>\n<p>&nbsp;<\/p>\n<hr \/>\n<h3>Sergio Garc\u00eda<\/h3>\n<p><em>\u00abAfronto este a\u00f1o con mucha ilusi\u00f3n y en un equipo que ya conozco, algo muy bueno porque ya estoy familiarizado con toda la gente. Es un a\u00f1o para disfrutar, para aprender mucho y dar el m\u00e1ximo en cada carrera. El objetivo principal es aprender, conocer a fondo todos los circuitos y poder adquirir una buena base de cara a la temporada que viene. Estoy deseando comenzar mi primer a\u00f1o en el Mundial.\u00bb<\/em><\/p>\n<hr \/>\n<h3>Alonso L\u00f3pez<\/h3>\n<p><em>\u00abSer la punta de lanza del equipo de Moto3 es una presi\u00f3n que llevo con mucha ilusi\u00f3n, y que espero que se pueda transformar en un gran a\u00f1o. La temporada pasada sum\u00e9 mucha experiencia que seguro me servir\u00e1 en 2019. Pude aprender todos los circuitos y ahora iremos con una base de puesta a punto de la moto, nuestra propia telemetr\u00eda, que son cosas que ayudan mucho, porque no es lo mismo comparar con otro piloto que tener datos propios; lo entiendes todo mucho mejor.<\/em><\/p>\n","protected":false},"excerpt":{"rendered":"<p>L\u00f3pez, que inicia su segundo a\u00f1o en el Campeonato del Mundo, y Garc\u00eda, que debuta esta temporada, representar\u00e1n a la escuela Monlau Repsol Technical School.<\/p>\n","protected":false},"author":43146,"featured_media":61018,"comment_status":"open","ping_status":"open","sticky":false,"template":"","format":"standard","meta":{"footnotes":""},"categories":[4],"tags":[14],"class_list":["post-93750","post","type-post","status-publish","format-standard","hentry","category-motogp","tag-moto3"],"yoast_head":"<!-- This site is optimized with the Yoast SEO plugin v27.3 - https:\/\/yoast.com\/product\/yoast-seo-wordpress\/ -->\n<title>Puesta de largo de Alonso L\u00f3pez y Sergio Garc\u00eda para el Mundial de Moto3 - Box Repsol<\/title>\n<meta name=\"description\" content=\"Puesta de largo de los pilotos que lucir\u00e1n los colores de Repsol y Monlau en el Campeonato del Mundo de Moto3.\" \/>\n<link rel=\"canonical\" href=\"https:\/\/www.boxrepsol.com\/es\/motogp\/moto3-alonso-loprez-sergio-garcia-2019\/\" \/>\n<meta property=\"og:locale\" content=\"es_ES\" \/>\n<meta property=\"og:type\" content=\"article\" \/>\n<meta property=\"og:title\" content=\"Puesta de largo de Alonso L\u00f3pez y Sergio Garc\u00eda para el Mundial de Moto3 - Box Repsol\" \/>\n<meta property=\"og:description\" content=\"Puesta de largo de los pilotos que lucir\u00e1n los colores de Repsol y Monlau en el Campeonato del Mundo de Moto3.\" \/>\n<meta property=\"og:url\" content=\"https:\/\/www.boxrepsol.com\/es\/motogp\/moto3-alonso-loprez-sergio-garcia-2019\/\" \/>\n<meta property=\"og:site_name\" content=\"Box Repsol\" \/>\n<meta property=\"article:publisher\" content=\"https:\/\/www.facebook.com\/BoxRepsol\" \/>\n<meta property=\"article:author\" content=\"https:\/\/www.facebook.com\/BoxRepsol\/\" \/>\n<meta property=\"article:published_time\" content=\"2019-02-18T02:00:00+00:00\" \/>\n<meta property=\"article:modified_time\" content=\"2024-05-22T09:23:52+00:00\" \/>\n<meta property=\"og:image\" content=\"https:\/\/bxrepsol.s3.eu-west-1.amazonaws.com\/static\/2022\/08\/29084534\/Repsol_Estrella_Galicia.jpg\" \/>\n\t<meta property=\"og:image:width\" content=\"1037\" \/>\n\t<meta property=\"og:image:height\" content=\"691\" \/>\n\t<meta property=\"og:image:type\" content=\"image\/jpeg\" \/>\n<meta name=\"author\" content=\"Redacci\u00f3n Box Repsol\" \/>\n<meta name=\"twitter:card\" content=\"summary_large_image\" \/>\n<meta name=\"twitter:creator\" content=\"@https:\/\/twitter.com\/box_repsol\" \/>\n<meta name=\"twitter:site\" content=\"@box_repsol\" \/>\n<meta name=\"twitter:label1\" content=\"Written by\" \/>\n\t<meta name=\"twitter:data1\" content=\"Redacci\u00f3n Box Repsol\" \/>\n\t<meta name=\"twitter:label2\" content=\"Est. reading time\" \/>\n\t<meta name=\"twitter:data2\" content=\"2 minutos\" \/>\n<script type=\"application\/ld+json\" class=\"yoast-schema-graph\">{\"@context\":\"https:\\\/\\\/schema.org\",\"@graph\":[{\"@type\":\"Article\",\"@id\":\"https:\\\/\\\/www.boxrepsol.com\\\/es\\\/motogp\\\/moto3-alonso-loprez-sergio-garcia-2019\\\/#article\",\"isPartOf\":{\"@id\":\"https:\\\/\\\/www.boxrepsol.com\\\/es\\\/motogp\\\/moto3-alonso-loprez-sergio-garcia-2019\\\/\"},\"author\":{\"name\":\"Redacci\u00f3n Box Repsol\",\"@id\":\"https:\\\/\\\/www.boxrepsol.com\\\/es\\\/#\\\/schema\\\/person\\\/c5c2138f2cca251b0ad92b7086bb60b7\"},\"headline\":\"Puesta de largo de Alonso L\u00f3pez y Sergio Garc\u00eda para el Mundial de Moto3\",\"datePublished\":\"2019-02-18T02:00:00+00:00\",\"dateModified\":\"2024-05-22T09:23:52+00:00\",\"mainEntityOfPage\":{\"@id\":\"https:\\\/\\\/www.boxrepsol.com\\\/es\\\/motogp\\\/moto3-alonso-loprez-sergio-garcia-2019\\\/\"},\"wordCount\":486,\"commentCount\":0,\"publisher\":{\"@id\":\"https:\\\/\\\/www.boxrepsol.com\\\/es\\\/#organization\"},\"image\":{\"@id\":\"https:\\\/\\\/www.boxrepsol.com\\\/es\\\/motogp\\\/moto3-alonso-loprez-sergio-garcia-2019\\\/#primaryimage\"},\"thumbnailUrl\":\"https:\\\/\\\/bxrepsol.s3.eu-west-1.amazonaws.com\\\/static\\\/2022\\\/08\\\/29084534\\\/Repsol_Estrella_Galicia.jpg\",\"keywords\":[\"Moto3\"],\"articleSection\":[\"MotoGP\"],\"inLanguage\":\"es\",\"potentialAction\":[{\"@type\":\"CommentAction\",\"name\":\"Comment\",\"target\":[\"https:\\\/\\\/www.boxrepsol.com\\\/es\\\/motogp\\\/moto3-alonso-loprez-sergio-garcia-2019\\\/#respond\"]}]},{\"@type\":\"WebPage\",\"@id\":\"https:\\\/\\\/www.boxrepsol.com\\\/es\\\/motogp\\\/moto3-alonso-loprez-sergio-garcia-2019\\\/\",\"url\":\"https:\\\/\\\/www.boxrepsol.com\\\/es\\\/motogp\\\/moto3-alonso-loprez-sergio-garcia-2019\\\/\",\"name\":\"Puesta de largo de Alonso L\u00f3pez y Sergio Garc\u00eda para el Mundial de Moto3 - Box Repsol\",\"isPartOf\":{\"@id\":\"https:\\\/\\\/www.boxrepsol.com\\\/es\\\/#website\"},\"primaryImageOfPage\":{\"@id\":\"https:\\\/\\\/www.boxrepsol.com\\\/es\\\/motogp\\\/moto3-alonso-loprez-sergio-garcia-2019\\\/#primaryimage\"},\"image\":{\"@id\":\"https:\\\/\\\/www.boxrepsol.com\\\/es\\\/motogp\\\/moto3-alonso-loprez-sergio-garcia-2019\\\/#primaryimage\"},\"thumbnailUrl\":\"https:\\\/\\\/bxrepsol.s3.eu-west-1.amazonaws.com\\\/static\\\/2022\\\/08\\\/29084534\\\/Repsol_Estrella_Galicia.jpg\",\"datePublished\":\"2019-02-18T02:00:00+00:00\",\"dateModified\":\"2024-05-22T09:23:52+00:00\",\"description\":\"Puesta de largo de los pilotos que lucir\u00e1n los colores de Repsol y Monlau en el Campeonato del Mundo de Moto3.\",\"breadcrumb\":{\"@id\":\"https:\\\/\\\/www.boxrepsol.com\\\/es\\\/motogp\\\/moto3-alonso-loprez-sergio-garcia-2019\\\/#breadcrumb\"},\"inLanguage\":\"es\",\"potentialAction\":[{\"@type\":\"ReadAction\",\"target\":[\"https:\\\/\\\/www.boxrepsol.com\\\/es\\\/motogp\\\/moto3-alonso-loprez-sergio-garcia-2019\\\/\"]}]},{\"@type\":\"ImageObject\",\"inLanguage\":\"es\",\"@id\":\"https:\\\/\\\/www.boxrepsol.com\\\/es\\\/motogp\\\/moto3-alonso-loprez-sergio-garcia-2019\\\/#primaryimage\",\"url\":\"https:\\\/\\\/bxrepsol.s3.eu-west-1.amazonaws.com\\\/static\\\/2022\\\/08\\\/29084534\\\/Repsol_Estrella_Galicia.jpg\",\"contentUrl\":\"https:\\\/\\\/bxrepsol.s3.eu-west-1.amazonaws.com\\\/static\\\/2022\\\/08\\\/29084534\\\/Repsol_Estrella_Galicia.jpg\",\"width\":1037,\"height\":691},{\"@type\":\"BreadcrumbList\",\"@id\":\"https:\\\/\\\/www.boxrepsol.com\\\/es\\\/motogp\\\/moto3-alonso-loprez-sergio-garcia-2019\\\/#breadcrumb\",\"itemListElement\":[{\"@type\":\"ListItem\",\"position\":1,\"name\":\"Home\",\"item\":\"https:\\\/\\\/www.boxrepsol.com\\\/es\\\/\"},{\"@type\":\"ListItem\",\"position\":2,\"name\":\"Puesta de largo de Alonso L\u00f3pez y Sergio Garc\u00eda para el Mundial de Moto3\"}]},{\"@type\":\"WebSite\",\"@id\":\"https:\\\/\\\/www.boxrepsol.com\\\/es\\\/#website\",\"url\":\"https:\\\/\\\/www.boxrepsol.com\\\/es\\\/\",\"name\":\"Box Repsol\",\"description\":\"Box Repsol Site\",\"publisher\":{\"@id\":\"https:\\\/\\\/www.boxrepsol.com\\\/es\\\/#organization\"},\"potentialAction\":[{\"@type\":\"SearchAction\",\"target\":{\"@type\":\"EntryPoint\",\"urlTemplate\":\"https:\\\/\\\/www.boxrepsol.com\\\/es\\\/?s={search_term_string}\"},\"query-input\":{\"@type\":\"PropertyValueSpecification\",\"valueRequired\":true,\"valueName\":\"search_term_string\"}}],\"inLanguage\":\"es\"},{\"@type\":\"Organization\",\"@id\":\"https:\\\/\\\/www.boxrepsol.com\\\/es\\\/#organization\",\"name\":\"Box Repsol\",\"url\":\"https:\\\/\\\/www.boxrepsol.com\\\/es\\\/\",\"logo\":{\"@type\":\"ImageObject\",\"inLanguage\":\"es\",\"@id\":\"https:\\\/\\\/www.boxrepsol.com\\\/es\\\/#\\\/schema\\\/logo\\\/image\\\/\",\"url\":\"https:\\\/\\\/bxrepsol.s3.eu-west-1.amazonaws.com\\\/static\\\/2025\\\/07\\\/30083337\\\/favicon-96x96-1.png\",\"contentUrl\":\"https:\\\/\\\/bxrepsol.s3.eu-west-1.amazonaws.com\\\/static\\\/2025\\\/07\\\/30083337\\\/favicon-96x96-1.png\",\"width\":96,\"height\":96,\"caption\":\"Box Repsol\"},\"image\":{\"@id\":\"https:\\\/\\\/www.boxrepsol.com\\\/es\\\/#\\\/schema\\\/logo\\\/image\\\/\"},\"sameAs\":[\"https:\\\/\\\/www.facebook.com\\\/BoxRepsol\",\"https:\\\/\\\/x.com\\\/box_repsol\",\"http:\\\/\\\/instagram.com\\\/box_repsol\",\"https:\\\/\\\/www.youtube.com\\\/user\\\/RepsolCompeticion\",\"https:\\\/\\\/www.flickr.com\\\/photos\\\/box_repsol\\\/\"]},{\"@type\":\"Person\",\"@id\":\"https:\\\/\\\/www.boxrepsol.com\\\/es\\\/#\\\/schema\\\/person\\\/c5c2138f2cca251b0ad92b7086bb60b7\",\"name\":\"Redacci\u00f3n Box Repsol\",\"image\":{\"@type\":\"ImageObject\",\"inLanguage\":\"es\",\"@id\":\"https:\\\/\\\/secure.gravatar.com\\\/avatar\\\/adf7b77e38b4419baf32c7e9c21dde01f4e40df611f0978e3006fc4ba0aaab7e?s=96&d=mm&r=g\",\"url\":\"https:\\\/\\\/secure.gravatar.com\\\/avatar\\\/adf7b77e38b4419baf32c7e9c21dde01f4e40df611f0978e3006fc4ba0aaab7e?s=96&d=mm&r=g\",\"contentUrl\":\"https:\\\/\\\/secure.gravatar.com\\\/avatar\\\/adf7b77e38b4419baf32c7e9c21dde01f4e40df611f0978e3006fc4ba0aaab7e?s=96&d=mm&r=g\",\"caption\":\"Redacci\u00f3n Box Repsol\"},\"description\":\"Box Repsol lo forma un equipo de periodistas, community managers, dise\u00f1adores y fot\u00f3grafos con m\u00e1s de 20 a\u00f1os de experiencia en el mundo del motorsport. Hemos vivido el primer mundial de un espa\u00f1ol en la categor\u00eda reina de motociclismo con \u00c1lex Crivill\u00e9, estuvimos en las victorias de Pedrosa y los t\u00edtulos de M\u00e1rquez, acompa\u00f1amos en \u00c1frica a Nani Roma y Marc Coma en sus conquistas del Dakar y hemos vibrado con los t\u00edtulos de Toni Bou en Trial. Adem\u00e1s, en nuestro equipo contamos con expertos en el mundo de las dos y cuatro ruedas tanto de la calle y las carreteras, como de los circuitos. Periodistas que han trabajado en revistas y publicaciones para hacerte llegar desde rutas y consejos de mantenimiento, a curiosidades y trucos de pilotaje.\",\"sameAs\":[\"https:\\\/\\\/www.facebook.com\\\/BoxRepsol\\\/\",\"https:\\\/\\\/www.instagram.com\\\/box_repsol\\\/\",\"https:\\\/\\\/x.com\\\/https:\\\/\\\/twitter.com\\\/box_repsol\",\"https:\\\/\\\/www.youtube.com\\\/@Boxrepsol\"],\"url\":\"https:\\\/\\\/www.boxrepsol.com\\\/es\\\/author\\\/redaccion-box-repsol\\\/\"}]}<\/script>\n<!-- \/ Yoast SEO plugin. -->","yoast_head_json":{"title":"Puesta de largo de Alonso L\u00f3pez y Sergio Garc\u00eda para el Mundial de Moto3 - Box Repsol","description":"Puesta de largo de los pilotos que lucir\u00e1n los colores de Repsol y Monlau en el Campeonato del Mundo de Moto3.","canonical":"https:\/\/www.boxrepsol.com\/es\/motogp\/moto3-alonso-loprez-sergio-garcia-2019\/","og_locale":"es_ES","og_type":"article","og_title":"Puesta de largo de Alonso L\u00f3pez y Sergio Garc\u00eda para el Mundial de Moto3 - Box Repsol","og_description":"Puesta de largo de los pilotos que lucir\u00e1n los colores de Repsol y Monlau en el Campeonato del Mundo de Moto3.","og_url":"https:\/\/www.boxrepsol.com\/es\/motogp\/moto3-alonso-loprez-sergio-garcia-2019\/","og_site_name":"Box Repsol","article_publisher":"https:\/\/www.facebook.com\/BoxRepsol","article_author":"https:\/\/www.facebook.com\/BoxRepsol\/","article_published_time":"2019-02-18T02:00:00+00:00","article_modified_time":"2024-05-22T09:23:52+00:00","og_image":[{"width":1037,"height":691,"url":"https:\/\/bxrepsol.s3.eu-west-1.amazonaws.com\/static\/2022\/08\/29084534\/Repsol_Estrella_Galicia.jpg","type":"image\/jpeg"}],"author":"Redacci\u00f3n Box Repsol","twitter_card":"summary_large_image","twitter_creator":"@https:\/\/twitter.com\/box_repsol","twitter_site":"@box_repsol","twitter_misc":{"Written by":"Redacci\u00f3n Box Repsol","Est. reading time":"2 minutos"},"schema":{"@context":"https:\/\/schema.org","@graph":[{"@type":"Article","@id":"https:\/\/www.boxrepsol.com\/es\/motogp\/moto3-alonso-loprez-sergio-garcia-2019\/#article","isPartOf":{"@id":"https:\/\/www.boxrepsol.com\/es\/motogp\/moto3-alonso-loprez-sergio-garcia-2019\/"},"author":{"name":"Redacci\u00f3n Box Repsol","@id":"https:\/\/www.boxrepsol.com\/es\/#\/schema\/person\/c5c2138f2cca251b0ad92b7086bb60b7"},"headline":"Puesta de largo de Alonso L\u00f3pez y Sergio Garc\u00eda para el Mundial de Moto3","datePublished":"2019-02-18T02:00:00+00:00","dateModified":"2024-05-22T09:23:52+00:00","mainEntityOfPage":{"@id":"https:\/\/www.boxrepsol.com\/es\/motogp\/moto3-alonso-loprez-sergio-garcia-2019\/"},"wordCount":486,"commentCount":0,"publisher":{"@id":"https:\/\/www.boxrepsol.com\/es\/#organization"},"image":{"@id":"https:\/\/www.boxrepsol.com\/es\/motogp\/moto3-alonso-loprez-sergio-garcia-2019\/#primaryimage"},"thumbnailUrl":"https:\/\/bxrepsol.s3.eu-west-1.amazonaws.com\/static\/2022\/08\/29084534\/Repsol_Estrella_Galicia.jpg","keywords":["Moto3"],"articleSection":["MotoGP"],"inLanguage":"es","potentialAction":[{"@type":"CommentAction","name":"Comment","target":["https:\/\/www.boxrepsol.com\/es\/motogp\/moto3-alonso-loprez-sergio-garcia-2019\/#respond"]}]},{"@type":"WebPage","@id":"https:\/\/www.boxrepsol.com\/es\/motogp\/moto3-alonso-loprez-sergio-garcia-2019\/","url":"https:\/\/www.boxrepsol.com\/es\/motogp\/moto3-alonso-loprez-sergio-garcia-2019\/","name":"Puesta de largo de Alonso L\u00f3pez y Sergio Garc\u00eda para el Mundial de Moto3 - Box Repsol","isPartOf":{"@id":"https:\/\/www.boxrepsol.com\/es\/#website"},"primaryImageOfPage":{"@id":"https:\/\/www.boxrepsol.com\/es\/motogp\/moto3-alonso-loprez-sergio-garcia-2019\/#primaryimage"},"image":{"@id":"https:\/\/www.boxrepsol.com\/es\/motogp\/moto3-alonso-loprez-sergio-garcia-2019\/#primaryimage"},"thumbnailUrl":"https:\/\/bxrepsol.s3.eu-west-1.amazonaws.com\/static\/2022\/08\/29084534\/Repsol_Estrella_Galicia.jpg","datePublished":"2019-02-18T02:00:00+00:00","dateModified":"2024-05-22T09:23:52+00:00","description":"Puesta de largo de los pilotos que lucir\u00e1n los colores de Repsol y Monlau en el Campeonato del Mundo de Moto3.","breadcrumb":{"@id":"https:\/\/www.boxrepsol.com\/es\/motogp\/moto3-alonso-loprez-sergio-garcia-2019\/#breadcrumb"},"inLanguage":"es","potentialAction":[{"@type":"ReadAction","target":["https:\/\/www.boxrepsol.com\/es\/motogp\/moto3-alonso-loprez-sergio-garcia-2019\/"]}]},{"@type":"ImageObject","inLanguage":"es","@id":"https:\/\/www.boxrepsol.com\/es\/motogp\/moto3-alonso-loprez-sergio-garcia-2019\/#primaryimage","url":"https:\/\/bxrepsol.s3.eu-west-1.amazonaws.com\/static\/2022\/08\/29084534\/Repsol_Estrella_Galicia.jpg","contentUrl":"https:\/\/bxrepsol.s3.eu-west-1.amazonaws.com\/static\/2022\/08\/29084534\/Repsol_Estrella_Galicia.jpg","width":1037,"height":691},{"@type":"BreadcrumbList","@id":"https:\/\/www.boxrepsol.com\/es\/motogp\/moto3-alonso-loprez-sergio-garcia-2019\/#breadcrumb","itemListElement":[{"@type":"ListItem","position":1,"name":"Home","item":"https:\/\/www.boxrepsol.com\/es\/"},{"@type":"ListItem","position":2,"name":"Puesta de largo de Alonso L\u00f3pez y Sergio Garc\u00eda para el Mundial de Moto3"}]},{"@type":"WebSite","@id":"https:\/\/www.boxrepsol.com\/es\/#website","url":"https:\/\/www.boxrepsol.com\/es\/","name":"Box Repsol","description":"Box Repsol Site","publisher":{"@id":"https:\/\/www.boxrepsol.com\/es\/#organization"},"potentialAction":[{"@type":"SearchAction","target":{"@type":"EntryPoint","urlTemplate":"https:\/\/www.boxrepsol.com\/es\/?s={search_term_string}"},"query-input":{"@type":"PropertyValueSpecification","valueRequired":true,"valueName":"search_term_string"}}],"inLanguage":"es"},{"@type":"Organization","@id":"https:\/\/www.boxrepsol.com\/es\/#organization","name":"Box Repsol","url":"https:\/\/www.boxrepsol.com\/es\/","logo":{"@type":"ImageObject","inLanguage":"es","@id":"https:\/\/www.boxrepsol.com\/es\/#\/schema\/logo\/image\/","url":"https:\/\/bxrepsol.s3.eu-west-1.amazonaws.com\/static\/2025\/07\/30083337\/favicon-96x96-1.png","contentUrl":"https:\/\/bxrepsol.s3.eu-west-1.amazonaws.com\/static\/2025\/07\/30083337\/favicon-96x96-1.png","width":96,"height":96,"caption":"Box Repsol"},"image":{"@id":"https:\/\/www.boxrepsol.com\/es\/#\/schema\/logo\/image\/"},"sameAs":["https:\/\/www.facebook.com\/BoxRepsol","https:\/\/x.com\/box_repsol","http:\/\/instagram.com\/box_repsol","https:\/\/www.youtube.com\/user\/RepsolCompeticion","https:\/\/www.flickr.com\/photos\/box_repsol\/"]},{"@type":"Person","@id":"https:\/\/www.boxrepsol.com\/es\/#\/schema\/person\/c5c2138f2cca251b0ad92b7086bb60b7","name":"Redacci\u00f3n Box Repsol","image":{"@type":"ImageObject","inLanguage":"es","@id":"https:\/\/secure.gravatar.com\/avatar\/adf7b77e38b4419baf32c7e9c21dde01f4e40df611f0978e3006fc4ba0aaab7e?s=96&d=mm&r=g","url":"https:\/\/secure.gravatar.com\/avatar\/adf7b77e38b4419baf32c7e9c21dde01f4e40df611f0978e3006fc4ba0aaab7e?s=96&d=mm&r=g","contentUrl":"https:\/\/secure.gravatar.com\/avatar\/adf7b77e38b4419baf32c7e9c21dde01f4e40df611f0978e3006fc4ba0aaab7e?s=96&d=mm&r=g","caption":"Redacci\u00f3n Box Repsol"},"description":"Box Repsol lo forma un equipo de periodistas, community managers, dise\u00f1adores y fot\u00f3grafos con m\u00e1s de 20 a\u00f1os de experiencia en el mundo del motorsport. Hemos vivido el primer mundial de un espa\u00f1ol en la categor\u00eda reina de motociclismo con \u00c1lex Crivill\u00e9, estuvimos en las victorias de Pedrosa y los t\u00edtulos de M\u00e1rquez, acompa\u00f1amos en \u00c1frica a Nani Roma y Marc Coma en sus conquistas del Dakar y hemos vibrado con los t\u00edtulos de Toni Bou en Trial. Adem\u00e1s, en nuestro equipo contamos con expertos en el mundo de las dos y cuatro ruedas tanto de la calle y las carreteras, como de los circuitos. Periodistas que han trabajado en revistas y publicaciones para hacerte llegar desde rutas y consejos de mantenimiento, a curiosidades y trucos de pilotaje.","sameAs":["https:\/\/www.facebook.com\/BoxRepsol\/","https:\/\/www.instagram.com\/box_repsol\/","https:\/\/x.com\/https:\/\/twitter.com\/box_repsol","https:\/\/www.youtube.com\/@Boxrepsol"],"url":"https:\/\/www.boxrepsol.com\/es\/author\/redaccion-box-repsol\/"}]}},"_links":{"self":[{"href":"https:\/\/www.boxrepsol.com\/es\/wp-json\/wp\/v2\/posts\/93750","targetHints":{"allow":["GET"]}}],"collection":[{"href":"https:\/\/www.boxrepsol.com\/es\/wp-json\/wp\/v2\/posts"}],"about":[{"href":"https:\/\/www.boxrepsol.com\/es\/wp-json\/wp\/v2\/types\/post"}],"author":[{"embeddable":true,"href":"https:\/\/www.boxrepsol.com\/es\/wp-json\/wp\/v2\/users\/43146"}],"replies":[{"embeddable":true,"href":"https:\/\/www.boxrepsol.com\/es\/wp-json\/wp\/v2\/comments?post=93750"}],"version-history":[{"count":1,"href":"https:\/\/www.boxrepsol.com\/es\/wp-json\/wp\/v2\/posts\/93750\/revisions"}],"predecessor-version":[{"id":116564,"href":"https:\/\/www.boxrepsol.com\/es\/wp-json\/wp\/v2\/posts\/93750\/revisions\/116564"}],"wp:featuredmedia":[{"embeddable":true,"href":"https:\/\/www.boxrepsol.com\/es\/wp-json\/wp\/v2\/media\/61018"}],"wp:attachment":[{"href":"https:\/\/www.boxrepsol.com\/es\/wp-json\/wp\/v2\/media?parent=93750"}],"wp:term":[{"taxonomy":"category","embeddable":true,"href":"https:\/\/www.boxrepsol.com\/es\/wp-json\/wp\/v2\/categories?post=93750"},{"taxonomy":"post_tag","embeddable":true,"href":"https:\/\/www.boxrepsol.com\/es\/wp-json\/wp\/v2\/tags?post=93750"}],"curies":[{"name":"wp","href":"https:\/\/api.w.org\/{rel}","templated":true}]}}