{"id":93746,"date":"2019-02-13T00:00:00","date_gmt":"2019-02-13T02:00:00","guid":{"rendered":"http:\/\/pre.boxrepsol.com\/sin-categorizar\/album-fotos-oficiales-de-marc-marquez-y-jorge-lorenzo\/"},"modified":"2024-05-22T07:24:15","modified_gmt":"2024-05-22T09:24:15","slug":"album-fotos-oficiales-de-marc-marquez-y-jorge-lorenzo","status":"publish","type":"post","link":"https:\/\/www.boxrepsol.com\/es\/motogp\/album-fotos-oficiales-de-marc-marquez-y-jorge-lorenzo\/","title":{"rendered":"Disfruta con las fotos oficiales de Marc M\u00e1rquez y Jorge Lorenzo"},"content":{"rendered":"<p>Los pilotos del equipo Repsol Honda, Marc M\u00e1rquez y Jorge Lorenzo, se han enfundado sus monos de competici\u00f3n con motivo de la sesi\u00f3n de fotos oficial para la pr\u00f3xima temporada. Pilotos y monturas se han puesto delante de los <em>flashes<\/em> en uno de los eventos tradicionales previos al inicio del Campeonato del Mundo, que tendr\u00e1 lugar el 10 de marzo en el Circuito de Losail (Catar).<\/p>\n<p>La semana pasada en Malasia, Marc M\u00e1rquez regres\u00f3 a los circuitos al manillar de su Honda de 2019 y, el pr\u00f3ximo viernes 23 en Catar, afrontar\u00e1 el segundo entrenamiento oficial junto a su nuevo compa\u00f1ero en el equipo Repsol Honda, Jorge Lorenzo. Ser\u00e1 la primera vez que veamos al balear luciendo sus nuevos colores en pista, aunque en estas instant\u00e1neas ya se puede ver a ambos pilotos luciendo la indumentaria oficial del equipo.<\/p>\n<p>El inicio del Mundial 2019 est\u00e1 cada vez m\u00e1s cerca y, antes de que llegue esa fecha, se van desvelando im\u00e1genes de la nueva pareja del equipo Repsol Honda para 2019.<\/p>\n<p style=\"text-align: center;\"><a href=\"http:\/\/box.repsol.info\/2SLStYX\">GALER\u00cdA COMPLETA AQU\u00cd<\/a><\/p>\n","protected":false},"excerpt":{"rendered":"<p>Los pilotos del Equipo Repsol Honda, que volver\u00e1n a los circuitos la semana que viene en los test oficiales de Catar, posan junto a sus motos pensando ya en la temporada 2019.<\/p>\n","protected":false},"author":43146,"featured_media":61006,"comment_status":"open","ping_status":"open","sticky":false,"template":"","format":"standard","meta":{"footnotes":""},"categories":[4],"tags":[50],"class_list":["post-93746","post","type-post","status-publish","format-standard","hentry","category-motogp","tag-equipo-repsol-honda"],"yoast_head":"<!-- This site is optimized with the Yoast SEO plugin v27.3 - https:\/\/yoast.com\/product\/yoast-seo-wordpress\/ -->\n<title>Disfruta con las fotos oficiales de Marc M\u00e1rquez y Jorge Lorenzo - Box Repsol<\/title>\n<meta name=\"description\" content=\"Los pilotos volver\u00e1n a pista la semana que viene en los test oficiales de Catar. Disfruta mientras con las fotos oficiales de Marc M\u00e1rquez y Jorge Lorenzo\" \/>\n<link rel=\"canonical\" href=\"https:\/\/www.boxrepsol.com\/es\/motogp\/album-fotos-oficiales-de-marc-marquez-y-jorge-lorenzo\/\" \/>\n<meta property=\"og:locale\" content=\"es_ES\" \/>\n<meta property=\"og:type\" content=\"article\" \/>\n<meta property=\"og:title\" content=\"Disfruta con las fotos oficiales de Marc M\u00e1rquez y Jorge Lorenzo - Box Repsol\" \/>\n<meta property=\"og:description\" content=\"Los pilotos volver\u00e1n a pista la semana que viene en los test oficiales de Catar. Disfruta mientras con las fotos oficiales de Marc M\u00e1rquez y Jorge Lorenzo\" \/>\n<meta property=\"og:url\" content=\"https:\/\/www.boxrepsol.com\/es\/motogp\/album-fotos-oficiales-de-marc-marquez-y-jorge-lorenzo\/\" \/>\n<meta property=\"og:site_name\" content=\"Box Repsol\" \/>\n<meta property=\"article:publisher\" content=\"https:\/\/www.facebook.com\/BoxRepsol\" \/>\n<meta property=\"article:author\" content=\"https:\/\/www.facebook.com\/BoxRepsol\/\" \/>\n<meta property=\"article:published_time\" content=\"2019-02-13T02:00:00+00:00\" \/>\n<meta property=\"article:modified_time\" content=\"2024-05-22T09:24:15+00:00\" \/>\n<meta property=\"og:image\" content=\"https:\/\/bxrepsol.s3.eu-west-1.amazonaws.com\/static\/2022\/08\/29084527\/marc-marquez-y-jorge-lorenzo-en-sus-honda-rc213v.jpg\" \/>\n\t<meta property=\"og:image:width\" content=\"1280\" \/>\n\t<meta property=\"og:image:height\" content=\"600\" \/>\n\t<meta property=\"og:image:type\" content=\"image\/jpeg\" \/>\n<meta name=\"author\" content=\"Redacci\u00f3n Box Repsol\" \/>\n<meta name=\"twitter:card\" content=\"summary_large_image\" \/>\n<meta name=\"twitter:creator\" content=\"@https:\/\/twitter.com\/box_repsol\" \/>\n<meta name=\"twitter:site\" content=\"@box_repsol\" \/>\n<meta name=\"twitter:label1\" content=\"Written by\" \/>\n\t<meta name=\"twitter:data1\" content=\"Redacci\u00f3n Box Repsol\" \/>\n\t<meta name=\"twitter:label2\" content=\"Est. reading time\" \/>\n\t<meta name=\"twitter:data2\" content=\"1 minuto\" \/>\n<script type=\"application\/ld+json\" class=\"yoast-schema-graph\">{\"@context\":\"https:\\\/\\\/schema.org\",\"@graph\":[{\"@type\":\"Article\",\"@id\":\"https:\\\/\\\/www.boxrepsol.com\\\/es\\\/motogp\\\/album-fotos-oficiales-de-marc-marquez-y-jorge-lorenzo\\\/#article\",\"isPartOf\":{\"@id\":\"https:\\\/\\\/www.boxrepsol.com\\\/es\\\/motogp\\\/album-fotos-oficiales-de-marc-marquez-y-jorge-lorenzo\\\/\"},\"author\":{\"name\":\"Redacci\u00f3n Box Repsol\",\"@id\":\"https:\\\/\\\/www.boxrepsol.com\\\/es\\\/#\\\/schema\\\/person\\\/c5c2138f2cca251b0ad92b7086bb60b7\"},\"headline\":\"Disfruta con las fotos oficiales de Marc M\u00e1rquez y Jorge Lorenzo\",\"datePublished\":\"2019-02-13T02:00:00+00:00\",\"dateModified\":\"2024-05-22T09:24:15+00:00\",\"mainEntityOfPage\":{\"@id\":\"https:\\\/\\\/www.boxrepsol.com\\\/es\\\/motogp\\\/album-fotos-oficiales-de-marc-marquez-y-jorge-lorenzo\\\/\"},\"wordCount\":191,\"commentCount\":0,\"publisher\":{\"@id\":\"https:\\\/\\\/www.boxrepsol.com\\\/es\\\/#organization\"},\"image\":{\"@id\":\"https:\\\/\\\/www.boxrepsol.com\\\/es\\\/motogp\\\/album-fotos-oficiales-de-marc-marquez-y-jorge-lorenzo\\\/#primaryimage\"},\"thumbnailUrl\":\"https:\\\/\\\/bxrepsol.s3.eu-west-1.amazonaws.com\\\/static\\\/2022\\\/08\\\/29084527\\\/marc-marquez-y-jorge-lorenzo-en-sus-honda-rc213v.jpg\",\"keywords\":[\"Equipo Repsol Honda\"],\"articleSection\":[\"MotoGP\"],\"inLanguage\":\"es\",\"potentialAction\":[{\"@type\":\"CommentAction\",\"name\":\"Comment\",\"target\":[\"https:\\\/\\\/www.boxrepsol.com\\\/es\\\/motogp\\\/album-fotos-oficiales-de-marc-marquez-y-jorge-lorenzo\\\/#respond\"]}]},{\"@type\":\"WebPage\",\"@id\":\"https:\\\/\\\/www.boxrepsol.com\\\/es\\\/motogp\\\/album-fotos-oficiales-de-marc-marquez-y-jorge-lorenzo\\\/\",\"url\":\"https:\\\/\\\/www.boxrepsol.com\\\/es\\\/motogp\\\/album-fotos-oficiales-de-marc-marquez-y-jorge-lorenzo\\\/\",\"name\":\"Disfruta con las fotos oficiales de Marc M\u00e1rquez y Jorge Lorenzo - Box Repsol\",\"isPartOf\":{\"@id\":\"https:\\\/\\\/www.boxrepsol.com\\\/es\\\/#website\"},\"primaryImageOfPage\":{\"@id\":\"https:\\\/\\\/www.boxrepsol.com\\\/es\\\/motogp\\\/album-fotos-oficiales-de-marc-marquez-y-jorge-lorenzo\\\/#primaryimage\"},\"image\":{\"@id\":\"https:\\\/\\\/www.boxrepsol.com\\\/es\\\/motogp\\\/album-fotos-oficiales-de-marc-marquez-y-jorge-lorenzo\\\/#primaryimage\"},\"thumbnailUrl\":\"https:\\\/\\\/bxrepsol.s3.eu-west-1.amazonaws.com\\\/static\\\/2022\\\/08\\\/29084527\\\/marc-marquez-y-jorge-lorenzo-en-sus-honda-rc213v.jpg\",\"datePublished\":\"2019-02-13T02:00:00+00:00\",\"dateModified\":\"2024-05-22T09:24:15+00:00\",\"description\":\"Los pilotos volver\u00e1n a pista la semana que viene en los test oficiales de Catar. Disfruta mientras con las fotos oficiales de Marc M\u00e1rquez y Jorge Lorenzo\",\"breadcrumb\":{\"@id\":\"https:\\\/\\\/www.boxrepsol.com\\\/es\\\/motogp\\\/album-fotos-oficiales-de-marc-marquez-y-jorge-lorenzo\\\/#breadcrumb\"},\"inLanguage\":\"es\",\"potentialAction\":[{\"@type\":\"ReadAction\",\"target\":[\"https:\\\/\\\/www.boxrepsol.com\\\/es\\\/motogp\\\/album-fotos-oficiales-de-marc-marquez-y-jorge-lorenzo\\\/\"]}]},{\"@type\":\"ImageObject\",\"inLanguage\":\"es\",\"@id\":\"https:\\\/\\\/www.boxrepsol.com\\\/es\\\/motogp\\\/album-fotos-oficiales-de-marc-marquez-y-jorge-lorenzo\\\/#primaryimage\",\"url\":\"https:\\\/\\\/bxrepsol.s3.eu-west-1.amazonaws.com\\\/static\\\/2022\\\/08\\\/29084527\\\/marc-marquez-y-jorge-lorenzo-en-sus-honda-rc213v.jpg\",\"contentUrl\":\"https:\\\/\\\/bxrepsol.s3.eu-west-1.amazonaws.com\\\/static\\\/2022\\\/08\\\/29084527\\\/marc-marquez-y-jorge-lorenzo-en-sus-honda-rc213v.jpg\",\"width\":1280,\"height\":600,\"caption\":\"Galer\u00eda de fotos oficiales de Marc M\u00e1rquez y Jorge Lorenzo\"},{\"@type\":\"BreadcrumbList\",\"@id\":\"https:\\\/\\\/www.boxrepsol.com\\\/es\\\/motogp\\\/album-fotos-oficiales-de-marc-marquez-y-jorge-lorenzo\\\/#breadcrumb\",\"itemListElement\":[{\"@type\":\"ListItem\",\"position\":1,\"name\":\"Home\",\"item\":\"https:\\\/\\\/www.boxrepsol.com\\\/es\\\/\"},{\"@type\":\"ListItem\",\"position\":2,\"name\":\"Disfruta con las fotos oficiales de Marc M\u00e1rquez y Jorge Lorenzo\"}]},{\"@type\":\"WebSite\",\"@id\":\"https:\\\/\\\/www.boxrepsol.com\\\/es\\\/#website\",\"url\":\"https:\\\/\\\/www.boxrepsol.com\\\/es\\\/\",\"name\":\"Box Repsol\",\"description\":\"Box Repsol Site\",\"publisher\":{\"@id\":\"https:\\\/\\\/www.boxrepsol.com\\\/es\\\/#organization\"},\"potentialAction\":[{\"@type\":\"SearchAction\",\"target\":{\"@type\":\"EntryPoint\",\"urlTemplate\":\"https:\\\/\\\/www.boxrepsol.com\\\/es\\\/?s={search_term_string}\"},\"query-input\":{\"@type\":\"PropertyValueSpecification\",\"valueRequired\":true,\"valueName\":\"search_term_string\"}}],\"inLanguage\":\"es\"},{\"@type\":\"Organization\",\"@id\":\"https:\\\/\\\/www.boxrepsol.com\\\/es\\\/#organization\",\"name\":\"Box Repsol\",\"url\":\"https:\\\/\\\/www.boxrepsol.com\\\/es\\\/\",\"logo\":{\"@type\":\"ImageObject\",\"inLanguage\":\"es\",\"@id\":\"https:\\\/\\\/www.boxrepsol.com\\\/es\\\/#\\\/schema\\\/logo\\\/image\\\/\",\"url\":\"https:\\\/\\\/bxrepsol.s3.eu-west-1.amazonaws.com\\\/static\\\/2025\\\/07\\\/30083337\\\/favicon-96x96-1.png\",\"contentUrl\":\"https:\\\/\\\/bxrepsol.s3.eu-west-1.amazonaws.com\\\/static\\\/2025\\\/07\\\/30083337\\\/favicon-96x96-1.png\",\"width\":96,\"height\":96,\"caption\":\"Box Repsol\"},\"image\":{\"@id\":\"https:\\\/\\\/www.boxrepsol.com\\\/es\\\/#\\\/schema\\\/logo\\\/image\\\/\"},\"sameAs\":[\"https:\\\/\\\/www.facebook.com\\\/BoxRepsol\",\"https:\\\/\\\/x.com\\\/box_repsol\",\"http:\\\/\\\/instagram.com\\\/box_repsol\",\"https:\\\/\\\/www.youtube.com\\\/user\\\/RepsolCompeticion\",\"https:\\\/\\\/www.flickr.com\\\/photos\\\/box_repsol\\\/\"]},{\"@type\":\"Person\",\"@id\":\"https:\\\/\\\/www.boxrepsol.com\\\/es\\\/#\\\/schema\\\/person\\\/c5c2138f2cca251b0ad92b7086bb60b7\",\"name\":\"Redacci\u00f3n Box Repsol\",\"image\":{\"@type\":\"ImageObject\",\"inLanguage\":\"es\",\"@id\":\"https:\\\/\\\/secure.gravatar.com\\\/avatar\\\/adf7b77e38b4419baf32c7e9c21dde01f4e40df611f0978e3006fc4ba0aaab7e?s=96&d=mm&r=g\",\"url\":\"https:\\\/\\\/secure.gravatar.com\\\/avatar\\\/adf7b77e38b4419baf32c7e9c21dde01f4e40df611f0978e3006fc4ba0aaab7e?s=96&d=mm&r=g\",\"contentUrl\":\"https:\\\/\\\/secure.gravatar.com\\\/avatar\\\/adf7b77e38b4419baf32c7e9c21dde01f4e40df611f0978e3006fc4ba0aaab7e?s=96&d=mm&r=g\",\"caption\":\"Redacci\u00f3n Box Repsol\"},\"description\":\"Box Repsol lo forma un equipo de periodistas, community managers, dise\u00f1adores y fot\u00f3grafos con m\u00e1s de 20 a\u00f1os de experiencia en el mundo del motorsport. Hemos vivido el primer mundial de un espa\u00f1ol en la categor\u00eda reina de motociclismo con \u00c1lex Crivill\u00e9, estuvimos en las victorias de Pedrosa y los t\u00edtulos de M\u00e1rquez, acompa\u00f1amos en \u00c1frica a Nani Roma y Marc Coma en sus conquistas del Dakar y hemos vibrado con los t\u00edtulos de Toni Bou en Trial. Adem\u00e1s, en nuestro equipo contamos con expertos en el mundo de las dos y cuatro ruedas tanto de la calle y las carreteras, como de los circuitos. Periodistas que han trabajado en revistas y publicaciones para hacerte llegar desde rutas y consejos de mantenimiento, a curiosidades y trucos de pilotaje.\",\"sameAs\":[\"https:\\\/\\\/www.facebook.com\\\/BoxRepsol\\\/\",\"https:\\\/\\\/www.instagram.com\\\/box_repsol\\\/\",\"https:\\\/\\\/x.com\\\/https:\\\/\\\/twitter.com\\\/box_repsol\",\"https:\\\/\\\/www.youtube.com\\\/@Boxrepsol\"],\"url\":\"https:\\\/\\\/www.boxrepsol.com\\\/es\\\/author\\\/redaccion-box-repsol\\\/\"}]}<\/script>\n<!-- \/ Yoast SEO plugin. -->","yoast_head_json":{"title":"Disfruta con las fotos oficiales de Marc M\u00e1rquez y Jorge Lorenzo - Box Repsol","description":"Los pilotos volver\u00e1n a pista la semana que viene en los test oficiales de Catar. Disfruta mientras con las fotos oficiales de Marc M\u00e1rquez y Jorge Lorenzo","canonical":"https:\/\/www.boxrepsol.com\/es\/motogp\/album-fotos-oficiales-de-marc-marquez-y-jorge-lorenzo\/","og_locale":"es_ES","og_type":"article","og_title":"Disfruta con las fotos oficiales de Marc M\u00e1rquez y Jorge Lorenzo - Box Repsol","og_description":"Los pilotos volver\u00e1n a pista la semana que viene en los test oficiales de Catar. Disfruta mientras con las fotos oficiales de Marc M\u00e1rquez y Jorge Lorenzo","og_url":"https:\/\/www.boxrepsol.com\/es\/motogp\/album-fotos-oficiales-de-marc-marquez-y-jorge-lorenzo\/","og_site_name":"Box Repsol","article_publisher":"https:\/\/www.facebook.com\/BoxRepsol","article_author":"https:\/\/www.facebook.com\/BoxRepsol\/","article_published_time":"2019-02-13T02:00:00+00:00","article_modified_time":"2024-05-22T09:24:15+00:00","og_image":[{"width":1280,"height":600,"url":"https:\/\/bxrepsol.s3.eu-west-1.amazonaws.com\/static\/2022\/08\/29084527\/marc-marquez-y-jorge-lorenzo-en-sus-honda-rc213v.jpg","type":"image\/jpeg"}],"author":"Redacci\u00f3n Box Repsol","twitter_card":"summary_large_image","twitter_creator":"@https:\/\/twitter.com\/box_repsol","twitter_site":"@box_repsol","twitter_misc":{"Written by":"Redacci\u00f3n Box Repsol","Est. reading time":"1 minuto"},"schema":{"@context":"https:\/\/schema.org","@graph":[{"@type":"Article","@id":"https:\/\/www.boxrepsol.com\/es\/motogp\/album-fotos-oficiales-de-marc-marquez-y-jorge-lorenzo\/#article","isPartOf":{"@id":"https:\/\/www.boxrepsol.com\/es\/motogp\/album-fotos-oficiales-de-marc-marquez-y-jorge-lorenzo\/"},"author":{"name":"Redacci\u00f3n Box Repsol","@id":"https:\/\/www.boxrepsol.com\/es\/#\/schema\/person\/c5c2138f2cca251b0ad92b7086bb60b7"},"headline":"Disfruta con las fotos oficiales de Marc M\u00e1rquez y Jorge Lorenzo","datePublished":"2019-02-13T02:00:00+00:00","dateModified":"2024-05-22T09:24:15+00:00","mainEntityOfPage":{"@id":"https:\/\/www.boxrepsol.com\/es\/motogp\/album-fotos-oficiales-de-marc-marquez-y-jorge-lorenzo\/"},"wordCount":191,"commentCount":0,"publisher":{"@id":"https:\/\/www.boxrepsol.com\/es\/#organization"},"image":{"@id":"https:\/\/www.boxrepsol.com\/es\/motogp\/album-fotos-oficiales-de-marc-marquez-y-jorge-lorenzo\/#primaryimage"},"thumbnailUrl":"https:\/\/bxrepsol.s3.eu-west-1.amazonaws.com\/static\/2022\/08\/29084527\/marc-marquez-y-jorge-lorenzo-en-sus-honda-rc213v.jpg","keywords":["Equipo Repsol Honda"],"articleSection":["MotoGP"],"inLanguage":"es","potentialAction":[{"@type":"CommentAction","name":"Comment","target":["https:\/\/www.boxrepsol.com\/es\/motogp\/album-fotos-oficiales-de-marc-marquez-y-jorge-lorenzo\/#respond"]}]},{"@type":"WebPage","@id":"https:\/\/www.boxrepsol.com\/es\/motogp\/album-fotos-oficiales-de-marc-marquez-y-jorge-lorenzo\/","url":"https:\/\/www.boxrepsol.com\/es\/motogp\/album-fotos-oficiales-de-marc-marquez-y-jorge-lorenzo\/","name":"Disfruta con las fotos oficiales de Marc M\u00e1rquez y Jorge Lorenzo - Box Repsol","isPartOf":{"@id":"https:\/\/www.boxrepsol.com\/es\/#website"},"primaryImageOfPage":{"@id":"https:\/\/www.boxrepsol.com\/es\/motogp\/album-fotos-oficiales-de-marc-marquez-y-jorge-lorenzo\/#primaryimage"},"image":{"@id":"https:\/\/www.boxrepsol.com\/es\/motogp\/album-fotos-oficiales-de-marc-marquez-y-jorge-lorenzo\/#primaryimage"},"thumbnailUrl":"https:\/\/bxrepsol.s3.eu-west-1.amazonaws.com\/static\/2022\/08\/29084527\/marc-marquez-y-jorge-lorenzo-en-sus-honda-rc213v.jpg","datePublished":"2019-02-13T02:00:00+00:00","dateModified":"2024-05-22T09:24:15+00:00","description":"Los pilotos volver\u00e1n a pista la semana que viene en los test oficiales de Catar. Disfruta mientras con las fotos oficiales de Marc M\u00e1rquez y Jorge Lorenzo","breadcrumb":{"@id":"https:\/\/www.boxrepsol.com\/es\/motogp\/album-fotos-oficiales-de-marc-marquez-y-jorge-lorenzo\/#breadcrumb"},"inLanguage":"es","potentialAction":[{"@type":"ReadAction","target":["https:\/\/www.boxrepsol.com\/es\/motogp\/album-fotos-oficiales-de-marc-marquez-y-jorge-lorenzo\/"]}]},{"@type":"ImageObject","inLanguage":"es","@id":"https:\/\/www.boxrepsol.com\/es\/motogp\/album-fotos-oficiales-de-marc-marquez-y-jorge-lorenzo\/#primaryimage","url":"https:\/\/bxrepsol.s3.eu-west-1.amazonaws.com\/static\/2022\/08\/29084527\/marc-marquez-y-jorge-lorenzo-en-sus-honda-rc213v.jpg","contentUrl":"https:\/\/bxrepsol.s3.eu-west-1.amazonaws.com\/static\/2022\/08\/29084527\/marc-marquez-y-jorge-lorenzo-en-sus-honda-rc213v.jpg","width":1280,"height":600,"caption":"Galer\u00eda de fotos oficiales de Marc M\u00e1rquez y Jorge Lorenzo"},{"@type":"BreadcrumbList","@id":"https:\/\/www.boxrepsol.com\/es\/motogp\/album-fotos-oficiales-de-marc-marquez-y-jorge-lorenzo\/#breadcrumb","itemListElement":[{"@type":"ListItem","position":1,"name":"Home","item":"https:\/\/www.boxrepsol.com\/es\/"},{"@type":"ListItem","position":2,"name":"Disfruta con las fotos oficiales de Marc M\u00e1rquez y Jorge Lorenzo"}]},{"@type":"WebSite","@id":"https:\/\/www.boxrepsol.com\/es\/#website","url":"https:\/\/www.boxrepsol.com\/es\/","name":"Box Repsol","description":"Box Repsol Site","publisher":{"@id":"https:\/\/www.boxrepsol.com\/es\/#organization"},"potentialAction":[{"@type":"SearchAction","target":{"@type":"EntryPoint","urlTemplate":"https:\/\/www.boxrepsol.com\/es\/?s={search_term_string}"},"query-input":{"@type":"PropertyValueSpecification","valueRequired":true,"valueName":"search_term_string"}}],"inLanguage":"es"},{"@type":"Organization","@id":"https:\/\/www.boxrepsol.com\/es\/#organization","name":"Box Repsol","url":"https:\/\/www.boxrepsol.com\/es\/","logo":{"@type":"ImageObject","inLanguage":"es","@id":"https:\/\/www.boxrepsol.com\/es\/#\/schema\/logo\/image\/","url":"https:\/\/bxrepsol.s3.eu-west-1.amazonaws.com\/static\/2025\/07\/30083337\/favicon-96x96-1.png","contentUrl":"https:\/\/bxrepsol.s3.eu-west-1.amazonaws.com\/static\/2025\/07\/30083337\/favicon-96x96-1.png","width":96,"height":96,"caption":"Box Repsol"},"image":{"@id":"https:\/\/www.boxrepsol.com\/es\/#\/schema\/logo\/image\/"},"sameAs":["https:\/\/www.facebook.com\/BoxRepsol","https:\/\/x.com\/box_repsol","http:\/\/instagram.com\/box_repsol","https:\/\/www.youtube.com\/user\/RepsolCompeticion","https:\/\/www.flickr.com\/photos\/box_repsol\/"]},{"@type":"Person","@id":"https:\/\/www.boxrepsol.com\/es\/#\/schema\/person\/c5c2138f2cca251b0ad92b7086bb60b7","name":"Redacci\u00f3n Box Repsol","image":{"@type":"ImageObject","inLanguage":"es","@id":"https:\/\/secure.gravatar.com\/avatar\/adf7b77e38b4419baf32c7e9c21dde01f4e40df611f0978e3006fc4ba0aaab7e?s=96&d=mm&r=g","url":"https:\/\/secure.gravatar.com\/avatar\/adf7b77e38b4419baf32c7e9c21dde01f4e40df611f0978e3006fc4ba0aaab7e?s=96&d=mm&r=g","contentUrl":"https:\/\/secure.gravatar.com\/avatar\/adf7b77e38b4419baf32c7e9c21dde01f4e40df611f0978e3006fc4ba0aaab7e?s=96&d=mm&r=g","caption":"Redacci\u00f3n Box Repsol"},"description":"Box Repsol lo forma un equipo de periodistas, community managers, dise\u00f1adores y fot\u00f3grafos con m\u00e1s de 20 a\u00f1os de experiencia en el mundo del motorsport. Hemos vivido el primer mundial de un espa\u00f1ol en la categor\u00eda reina de motociclismo con \u00c1lex Crivill\u00e9, estuvimos en las victorias de Pedrosa y los t\u00edtulos de M\u00e1rquez, acompa\u00f1amos en \u00c1frica a Nani Roma y Marc Coma en sus conquistas del Dakar y hemos vibrado con los t\u00edtulos de Toni Bou en Trial. Adem\u00e1s, en nuestro equipo contamos con expertos en el mundo de las dos y cuatro ruedas tanto de la calle y las carreteras, como de los circuitos. Periodistas que han trabajado en revistas y publicaciones para hacerte llegar desde rutas y consejos de mantenimiento, a curiosidades y trucos de pilotaje.","sameAs":["https:\/\/www.facebook.com\/BoxRepsol\/","https:\/\/www.instagram.com\/box_repsol\/","https:\/\/x.com\/https:\/\/twitter.com\/box_repsol","https:\/\/www.youtube.com\/@Boxrepsol"],"url":"https:\/\/www.boxrepsol.com\/es\/author\/redaccion-box-repsol\/"}]}},"_links":{"self":[{"href":"https:\/\/www.boxrepsol.com\/es\/wp-json\/wp\/v2\/posts\/93746","targetHints":{"allow":["GET"]}}],"collection":[{"href":"https:\/\/www.boxrepsol.com\/es\/wp-json\/wp\/v2\/posts"}],"about":[{"href":"https:\/\/www.boxrepsol.com\/es\/wp-json\/wp\/v2\/types\/post"}],"author":[{"embeddable":true,"href":"https:\/\/www.boxrepsol.com\/es\/wp-json\/wp\/v2\/users\/43146"}],"replies":[{"embeddable":true,"href":"https:\/\/www.boxrepsol.com\/es\/wp-json\/wp\/v2\/comments?post=93746"}],"version-history":[{"count":1,"href":"https:\/\/www.boxrepsol.com\/es\/wp-json\/wp\/v2\/posts\/93746\/revisions"}],"predecessor-version":[{"id":116565,"href":"https:\/\/www.boxrepsol.com\/es\/wp-json\/wp\/v2\/posts\/93746\/revisions\/116565"}],"wp:featuredmedia":[{"embeddable":true,"href":"https:\/\/www.boxrepsol.com\/es\/wp-json\/wp\/v2\/media\/61006"}],"wp:attachment":[{"href":"https:\/\/www.boxrepsol.com\/es\/wp-json\/wp\/v2\/media?parent=93746"}],"wp:term":[{"taxonomy":"category","embeddable":true,"href":"https:\/\/www.boxrepsol.com\/es\/wp-json\/wp\/v2\/categories?post=93746"},{"taxonomy":"post_tag","embeddable":true,"href":"https:\/\/www.boxrepsol.com\/es\/wp-json\/wp\/v2\/tags?post=93746"}],"curies":[{"name":"wp","href":"https:\/\/api.w.org\/{rel}","templated":true}]}}